{"id":48241,"date":"2024-01-08T18:26:44","date_gmt":"2024-01-08T21:26:44","guid":{"rendered":"https:\/\/jornalfatosenoticias.com.br\/?p=48241"},"modified":"2024-01-08T18:26:45","modified_gmt":"2024-01-08T21:26:45","slug":"moraes-transforma-ato-sobre-8-1-em-campanha-aberta-por-maior-regulacao-das-redes","status":"publish","type":"post","link":"https:\/\/jornalfatosenoticias.com.br\/index.php\/2024\/01\/08\/moraes-transforma-ato-sobre-8-1-em-campanha-aberta-por-maior-regulacao-das-redes\/","title":{"rendered":"Moraes transforma ato sobre 8\/1 em campanha aberta por maior regula\u00e7\u00e3o das redes"},"content":{"rendered":"\n<p><em><span class=\"has-inline-color has-black-color\">Ministro Alexandre de Moraes discursa em evento Democracia Inabalada e defende regula\u00e7\u00e3o da liberdade nas redes<\/span><\/em><\/p>\n\n\n\n<p><span class=\"has-inline-color has-black-color\">Por <strong><a href=\"https:\/\/www.gazetadopovo.com.br\/autor\/renan-ramalho\/\">Renan Ramalho<\/a><\/strong>, <strong><a href=\"https:\/\/www.gazetadopovo.com.br\/autor\/tatiana-azevedo\/\">Tatiana Azevedo<\/a> <\/strong>e <strong><a href=\"https:\/\/www.gazetadopovo.com.br\/autor\/camila-abrao\/\">Camila Abr\u00e3o<\/a><\/strong><\/span><\/p>\n\n\n\n<div class=\"wp-block-image\"><figure class=\"aligncenter size-large is-resized\"><img loading=\"lazy\" decoding=\"async\" src=\"https:\/\/jornalfatosenoticias.com.br\/wp-content\/uploads\/2023\/09\/vetorvix1024_1.jpg\" alt=\"\" class=\"wp-image-44868\" width=\"419\" height=\"111\" srcset=\"https:\/\/jornalfatosenoticias.com.br\/wp-content\/uploads\/2023\/09\/vetorvix1024_1.jpg 1024w, https:\/\/jornalfatosenoticias.com.br\/wp-content\/uploads\/2023\/09\/vetorvix1024_1-300x80.jpg 300w, https:\/\/jornalfatosenoticias.com.br\/wp-content\/uploads\/2023\/09\/vetorvix1024_1-768x205.jpg 768w\" sizes=\"auto, (max-width: 419px) 100vw, 419px\" \/><\/figure><\/div>\n\n\n\n<p>O ministro Alexandre de Moraes usou a maior parte de seu discurso de condena\u00e7\u00e3o aos ataques \u00e0s sedes dos Poderes, em 8 de janeiro do ano passado, para defender enfaticamente maior regula\u00e7\u00e3o das redes sociais. Ele discursou ao lado de Luiz In\u00e1cio Lula da Silva e de diversas &#8216;autoridades&#8217; no evento Democracia Inabalada, organizado pelo governo, pelo Supremo Tribunal Federal e pelo Congresso na tarde desta segunda-feira (8). J\u00e1 Lula defendeu os participantes das manifesta\u00e7\u00f5es do ano passado recebam puni\u00e7\u00e3o exemplar.<br>Desde que assumiu a presid\u00eancia do Tribunal Superior Eleitoral (TSE) em 2022, Moraes \u00e9 um dos maiores defensores de regras mais r\u00edgidas para obrigar as plataformas a remover, por iniciativa pr\u00f3pria, conte\u00fados que considera \u201catentat\u00f3rios\u201d \u00e0s institui\u00e7\u00f5es e ao Judici\u00e1rio, que se multiplicaram nos \u00faltimos anos.<br>No ano passado, o principal projeto de lei sobre o assunto n\u00e3o avan\u00e7ou na C\u00e2mara pelo temor de parte da sociedade e das empresas de tecnologia de amplia\u00e7\u00e3o da censura \u2014 j\u00e1 praticada pelo STF e pelo TSE na suspens\u00e3o de perfis de parlamentares e cidad\u00e3os, na maioria cr\u00edticos dos tribunais e em boa parte apoiadores do ex-presidente Jair Bolsonaro.<br>Com o discurso nesta segunda-feira (8) no Congresso, em mem\u00f3ria das invas\u00f5es e de \u201cdefesa da democracia\u201d, Moraes confirma o esfor\u00e7o renovado pela aprova\u00e7\u00e3o da proposta, tamb\u00e9m de interesse do governo. Conselheiros de Luiz In\u00e1cio Lula da Silva avaliam que as redes sociais se tornaram um territ\u00f3rio dominado pela direita dentro do debate pol\u00edtico.<\/p>\n\n\n\n<div class=\"wp-block-image\"><figure class=\"aligncenter size-large is-resized\"><img loading=\"lazy\" decoding=\"async\" src=\"https:\/\/jornalfatosenoticias.com.br\/wp-content\/uploads\/2023\/08\/ITH.jpeg\" alt=\"\" class=\"wp-image-44638\" width=\"342\" height=\"277\" srcset=\"https:\/\/jornalfatosenoticias.com.br\/wp-content\/uploads\/2023\/08\/ITH.jpeg 800w, https:\/\/jornalfatosenoticias.com.br\/wp-content\/uploads\/2023\/08\/ITH-300x244.jpeg 300w, https:\/\/jornalfatosenoticias.com.br\/wp-content\/uploads\/2023\/08\/ITH-768x624.jpeg 768w\" sizes=\"auto, (max-width: 342px) 100vw, 342px\" \/><\/figure><\/div>\n\n\n\n<p>O pretexto do Executivo e do Judici\u00e1rio em favor da regulamenta\u00e7\u00e3o \u00e9 conter o \u201cdiscurso de \u00f3dio\u201d, a \u201cdesinforma\u00e7\u00e3o\u201d, as \u201cnot\u00edcias fraudulentas\u201d ou \u201c<em>fake news<\/em>\u201d, termos vagos que, na pr\u00e1tica, tendem a abarcar manifesta\u00e7\u00f5es de indigna\u00e7\u00e3o e cr\u00edtica dura a Lula, \u00e0 esquerda em geral e ao STF em particular. Tudo isso, segundo v\u00e1rios ministros do STF e do governo, contribuiu para os atos de 8 de Janeiro e representariam amea\u00e7as \u00e0 democracia.<br>Em sua fala, Moraes disse que n\u00e3o haver\u00e1 impunidade dos respons\u00e1veis pelos ataques e, logo em seguida, passou a defender a regula\u00e7\u00e3o mais r\u00edgidas das plataformas \u2014 que, para ele, permitiram a dissemina\u00e7\u00e3o livre de conte\u00fados que ele considera antidemocr\u00e1ticos.<\/p>\n\n\n\n<div class=\"wp-block-image\"><figure class=\"aligncenter size-large is-resized\"><img loading=\"lazy\" decoding=\"async\" src=\"https:\/\/jornalfatosenoticias.com.br\/wp-content\/uploads\/2022\/02\/Precisao-Contabilidade-1024x724.jpg\" alt=\"\" class=\"wp-image-28088\" width=\"332\" height=\"235\"\/><\/figure><\/div>\n\n\n\n<blockquote class=\"wp-block-quote is-layout-flow wp-block-quote-is-layout-flow\"><p><span class=\"has-inline-color has-luminous-vivid-orange-color\">Hoje tamb\u00e9m \u00e9 o momento de olharmos para o futuro e de reafirmarmos a urgente necessidade de neutralizar um dos grandes perigos modernos \u00e0 Democracia: a instrumentaliza\u00e7\u00e3o das redes sociais pelo novo populismo digital extremistas\u201d, afirmou.<\/span><\/p><\/blockquote>\n\n\n\n<div class=\"wp-block-image\"><figure class=\"aligncenter size-large is-resized\"><img loading=\"lazy\" decoding=\"async\" src=\"https:\/\/jornalfatosenoticias.com.br\/wp-content\/uploads\/2020\/02\/logo-Rapuzel-1024x571.jpg\" alt=\"\" class=\"wp-image-42808\" width=\"382\" height=\"213\" srcset=\"https:\/\/jornalfatosenoticias.com.br\/wp-content\/uploads\/2020\/02\/logo-Rapuzel-1024x571.jpg 1024w, https:\/\/jornalfatosenoticias.com.br\/wp-content\/uploads\/2020\/02\/logo-Rapuzel-300x167.jpg 300w, https:\/\/jornalfatosenoticias.com.br\/wp-content\/uploads\/2020\/02\/logo-Rapuzel-768x428.jpg 768w, https:\/\/jornalfatosenoticias.com.br\/wp-content\/uploads\/2020\/02\/logo-Rapuzel-1536x856.jpg 1536w, https:\/\/jornalfatosenoticias.com.br\/wp-content\/uploads\/2020\/02\/logo-Rapuzel.jpg 1600w\" sizes=\"auto, (max-width: 382px) 100vw, 382px\" \/><\/figure><\/div>\n\n\n\n<p>\u201cH\u00e1 necessidade da edi\u00e7\u00e3o de uma moderna regulamenta\u00e7\u00e3o, como vem sendo discutido no mundo democr\u00e1tico e j\u00e1 realizada, por exemplo, na Uni\u00e3o Europeia e no Canad\u00e1. As recentes inova\u00e7\u00f5es em tecnologia da informa\u00e7\u00e3o e acesso universal \u00e0s redes sociais, com o agigantamento das plataformas (big techs), amplificado em especial com o uso de Intelig\u00eancia Artificial (IA), potencializaram a desinforma\u00e7\u00e3o premeditada e fraudulenta com a amplifica\u00e7\u00e3o dos discursos de \u00f3dio e antidemocr\u00e1ticos\u201d, completou em seguida.<\/p>\n\n\n\n<div class=\"wp-block-image\"><figure class=\"aligncenter size-large\"><img decoding=\"async\" src=\"https:\/\/jornalfatosenoticias.com.br\/wp-content\/uploads\/2020\/02\/barao-das-carnes-300x164-1.jpg\" alt=\"\" class=\"wp-image-34339\"\/><\/figure><\/div>\n\n\n\n<p><strong><span class=\"has-inline-color has-vivid-red-color\">Lula chama Bolsonaro de \u201cex-presidente golpista\u201d<br><\/span><\/strong>Luiz In\u00e1cio Lula da Silva (PT) iniciou seu discurso no evento em alus\u00e3o ao 8\/1 afirmando que \u00e9 preciso respeitar opini\u00f5es divergentes para que os brasileiros possam viver em paz. Mas, na mesma fala, chamou os atos de vandalismo do 8 de janeiro de 2023 de tentativa de golpe frustrada que teria sido tramada por apoiadores do ex-presidente Jair Bolsonaro (PL). Al\u00e9m disso, o petista se referiu a Bolsonaro como \u201cex-presidente golpista\u201d e chegou a acusar o principal advers\u00e1rio nas elei\u00e7\u00f5es de 2022 de fazer alus\u00e3o \u00e0 viol\u00eancia durante a campanha presidencial.<\/p>\n\n\n\n<div class=\"wp-block-image\"><figure class=\"aligncenter size-large\"><img decoding=\"async\" src=\"https:\/\/jornalfatosenoticias.com.br\/wp-content\/uploads\/2020\/02\/logo_esteio.jpg\" alt=\"\" class=\"wp-image-1214\"\/><\/figure><\/div>\n\n\n\n<blockquote class=\"wp-block-quote is-layout-flow wp-block-quote-is-layout-flow\"><p><span class=\"has-inline-color has-luminous-vivid-orange-color\">Se a tentativa de golpe tivesse sido bem-sucedida, [\u2026] advers\u00e1rios pol\u00edticos e as autoridades constitu\u00eddas poderiam se fuzilados ou enforcados em pra\u00e7a p\u00fablica, a julgar por aquilo que o ex-presidente golpista pregou em campanha e seus seguidores tramaram nas redes sociais\u201d, disse Lula em seu discurso.<\/span><\/p><\/blockquote>\n\n\n\n<div class=\"wp-block-image\"><figure class=\"aligncenter size-large is-resized\"><img loading=\"lazy\" decoding=\"async\" src=\"https:\/\/jornalfatosenoticias.com.br\/wp-content\/uploads\/2020\/02\/LOGO-BLU-COMERCIAL-PRETO-1024x600.jpg\" alt=\"\" class=\"wp-image-44089\" width=\"346\" height=\"202\"\/><\/figure><\/div>\n\n\n\n<p>Ato \u00e9 marcado por defesa do \u201cm\u00e1ximo rigor da lei contra manifestantes\u201d<br>Lula defendeu que todos aqueles que planejaram, financiarem e executaram os atos de 8 de janeiro de 2023 sejam \u201cexemplarmente punidos\u201d. \u201cN\u00e3o h\u00e1 perd\u00e3o para quem atenta contra a democracia, contra seu pa\u00eds e contra seu pr\u00f3prio povo. O perd\u00e3o soaria como impunidade ou salvo-conduto para novos atos terroristas no nosso pa\u00eds. Salvamos a democracia\u201d, afirmou o petista. Lula elogiou tamb\u00e9m a atua\u00e7\u00e3o das pol\u00edcias legislativas da C\u00e2mara e do Senado, as quais, segundo ele, \u201cse recusaram a admitir o golpe e arriscaram as suas vidas no cumprimento de seu dever\u201d.<\/p>\n\n\n\n<div class=\"wp-block-image\"><figure class=\"aligncenter size-large is-resized\"><img loading=\"lazy\" decoding=\"async\" src=\"https:\/\/jornalfatosenoticias.com.br\/wp-content\/uploads\/2023\/08\/BKR-1024x1021.jpg\" alt=\"\" class=\"wp-image-44494\" width=\"316\" height=\"315\" srcset=\"https:\/\/jornalfatosenoticias.com.br\/wp-content\/uploads\/2023\/08\/BKR-1024x1021.jpg 1024w, https:\/\/jornalfatosenoticias.com.br\/wp-content\/uploads\/2023\/08\/BKR-300x300.jpg 300w, https:\/\/jornalfatosenoticias.com.br\/wp-content\/uploads\/2023\/08\/BKR-150x150.jpg 150w, https:\/\/jornalfatosenoticias.com.br\/wp-content\/uploads\/2023\/08\/BKR-768x766.jpg 768w, https:\/\/jornalfatosenoticias.com.br\/wp-content\/uploads\/2023\/08\/BKR.jpg 1080w\" sizes=\"auto, (max-width: 316px) 100vw, 316px\" \/><\/figure><\/div>\n\n\n\n<p><span class=\"has-inline-color has-vivid-red-color\"><strong>Governo planejou capitalizar politicamente anivers\u00e1rio de um ano de 8\/1<br><\/strong><\/span>Ap\u00f3s meses de prepara\u00e7\u00e3o, o governo federal promoveu, na tarde desta segunda-feira (8), o ato chamado \u201cDemocracia Inabalada\u201d. A cerim\u00f4nia, organizada em conjunto com o Supremo Tribunal Federal (STF) e a presid\u00eancia do Congresso Nacional, ocorreu no Sal\u00e3o Negro do Congresso.<br>O evento em mem\u00f3ria do \u201canivers\u00e1rio\u201d dos atos de vandalismo aos pr\u00e9dios do Tr\u00eas Poderes em Bras\u00edlia contou com grande esfor\u00e7o de marketing, com direito a v\u00eddeos institucionais, v\u00eddeo com artistas, entrevistas de membros da alta c\u00fapula do governo a jornais brasileiros e internacionais e uma extensa agenda de prepara\u00e7\u00e3o que marcou os dias que antecederam o ato.<\/p>\n\n\n\n<div class=\"wp-block-image\"><figure class=\"aligncenter size-large\"><img loading=\"lazy\" decoding=\"async\" width=\"300\" height=\"250\" src=\"https:\/\/jornalfatosenoticias.com.br\/wp-content\/uploads\/2020\/02\/Banner-2.png\" alt=\"\" class=\"wp-image-43787\"\/><\/figure><\/div>\n\n\n\n<p>Com vistas a promover a imagem especialmente do governo federal e do STF como os grandes protagonistas da \u201cdefesa da democracia\u201d \u2014 sob a alega\u00e7\u00e3o de que no dia 8 de janeiro de 2023 teria havido uma tentativa de golpe combatida principalmente por essas institui\u00e7\u00f5es; argumento que \u00e9 rebatido por juristas \u2014 Lula chegou a pedir que todos os ministros do governo pausassem as f\u00e9rias para comparecer ao evento.<\/p>\n\n\n\n<div class=\"wp-block-image\"><figure class=\"aligncenter size-large is-resized\"><img loading=\"lazy\" decoding=\"async\" src=\"https:\/\/jornalfatosenoticias.com.br\/wp-content\/uploads\/2023\/03\/nova-logo-Marquetti.jpg\" alt=\"\" class=\"wp-image-40207\" width=\"341\" height=\"229\" srcset=\"https:\/\/jornalfatosenoticias.com.br\/wp-content\/uploads\/2023\/03\/nova-logo-Marquetti.jpg 643w, https:\/\/jornalfatosenoticias.com.br\/wp-content\/uploads\/2023\/03\/nova-logo-Marquetti-300x202.jpg 300w\" sizes=\"auto, (max-width: 341px) 100vw, 341px\" \/><\/figure><\/div>\n\n\n\n<p>O ato, que teve in\u00edcio pouco depois das 15h e se estendeu at\u00e9 por volta das 16h, contou com a presen\u00e7a de autoridades e uma s\u00e9rie de aliados de Lula (PT). Al\u00e9m do presidente, entre as autoridades presentes estiveram o vice-presidente da Rep\u00fablica, Geraldo Alckmin (PSB); os presidentes do STF, Lu\u00eds Roberto Barroso, do Senado, Rodrigo Pacheco, e do Tribunal Superior Eleitoral (TSE), Alexandre de Moraes; o procurador-geral da Rep\u00fablica, Paulo Gonet, e alguns governadores \u2014 a maioria apoiadores de Lula. Todos os congressistas foram convidados, mas a maior parte dos parlamentares de oposi\u00e7\u00e3o ao governo Lula negaram o convite. J\u00e1 entre os governistas, a presen\u00e7a foi maci\u00e7a.<\/p>\n\n\n\n<div class=\"wp-block-image\"><figure class=\"aligncenter size-large is-resized\"><img loading=\"lazy\" decoding=\"async\" src=\"https:\/\/jornalfatosenoticias.com.br\/wp-content\/uploads\/2020\/02\/CONTROL-CS.jpg\" alt=\"\" class=\"wp-image-44991\" width=\"306\" height=\"367\" srcset=\"https:\/\/jornalfatosenoticias.com.br\/wp-content\/uploads\/2020\/02\/CONTROL-CS.jpg 834w, https:\/\/jornalfatosenoticias.com.br\/wp-content\/uploads\/2020\/02\/CONTROL-CS-250x300.jpg 250w, https:\/\/jornalfatosenoticias.com.br\/wp-content\/uploads\/2020\/02\/CONTROL-CS-768x921.jpg 768w\" sizes=\"auto, (max-width: 306px) 100vw, 306px\" \/><\/figure><\/div>\n\n\n\n<p>Tamb\u00e9m compareceram ao evento a ex-ministra do STF Rosa Weber, que presidia a Corte na \u00e9poca dos protestos em Bras\u00edlia, os ex-ministros Ricardo Lewandowski, que \u00e9 cotado para assumir vaga no os ministros do governo, e Carlos Ayres Britto; ministros e secret\u00e1rios executivos do governo Lula e presidentes de estatais.<br>Representantes das organiza\u00e7\u00f5es da sociedade civil aliados de Lula tamb\u00e9m marcaram presen\u00e7a. Uma dessas representantes \u00e9 Aline Sousa. Integrante do Movimento Catadores do Distrito Federal, foi ela quem entregou a faixa presidencial a Lula durante sua posse em 2023.<\/p>\n\n\n\n<div class=\"wp-block-image\"><figure class=\"aligncenter size-large is-resized\"><img loading=\"lazy\" decoding=\"async\" src=\"https:\/\/jornalfatosenoticias.com.br\/wp-content\/uploads\/2023\/03\/nova-logo-Marquetti.jpg\" alt=\"\" class=\"wp-image-40207\" width=\"327\" height=\"219\" srcset=\"https:\/\/jornalfatosenoticias.com.br\/wp-content\/uploads\/2023\/03\/nova-logo-Marquetti.jpg 643w, https:\/\/jornalfatosenoticias.com.br\/wp-content\/uploads\/2023\/03\/nova-logo-Marquetti-300x202.jpg 300w\" sizes=\"auto, (max-width: 327px) 100vw, 327px\" \/><\/figure><\/div>\n\n\n\n<p><strong><span class=\"has-inline-color has-vivid-red-color\">Presidente da C\u00e2mara e governadores de oposi\u00e7\u00e3o faltam a ato do governo<br><\/span><\/strong>O presidente da C\u00e2mara dos Deputados, Arthur Lira (PP-AL), n\u00e3o compareceu ao ato organizado pelo governo e pelo STF alegando motivos pessoais. Em uma mensagem enviada a jornalistas no come\u00e7o da manh\u00e3, Lira afirmou que n\u00e3o pode comparecer ao ato por quest\u00f5es de sa\u00fade na fam\u00edlia em Alagoas, sua base pol\u00edtica.<br>A aus\u00eancia acontece em um momento de tens\u00e3o elevada entre o Executivo e o Legislativo. O presidente Lula usou medidas provis\u00f3rias no in\u00edcio do ano para anular decis\u00f5es do Congresso de dezembro sobre a desonera\u00e7\u00e3o da folha de pagamentos de 17 setores e sobre o estabelecimento de um calend\u00e1rio para o pagamento de emendas parlamentares.<\/p>\n\n\n\n<div class=\"wp-block-image\"><figure class=\"aligncenter size-large is-resized\"><img loading=\"lazy\" decoding=\"async\" src=\"https:\/\/jornalfatosenoticias.com.br\/wp-content\/uploads\/2023\/03\/logo-Panper_portal.jpg\" alt=\"\" class=\"wp-image-40208\" width=\"300\" height=\"208\" srcset=\"https:\/\/jornalfatosenoticias.com.br\/wp-content\/uploads\/2023\/03\/logo-Panper_portal.jpg 400w, https:\/\/jornalfatosenoticias.com.br\/wp-content\/uploads\/2023\/03\/logo-Panper_portal-300x208.jpg 300w\" sizes=\"auto, (max-width: 300px) 100vw, 300px\" \/><\/figure><\/div>\n\n\n\n<p>Tamb\u00e9m n\u00e3o compareceram os governadores de S\u00e3o Paulo, Tarc\u00edsio de Freitas (Republicanos), do Paran\u00e1, Carlos Massa Ratinho J\u00fanior (PSD), Eduardo Riedel (PSDB), do Mato Grosso do Sul; Ronaldo Caiado (Uni\u00e3o) de Goi\u00e1s; Mauro Mendes (Uni\u00e3o), do Mato Grosso; Gladson Cameli (PP), do Acre, Ibaneis Rocha (MDB), do Distrito Federal e Romeu Zema (Novo), de Minas Gerais.<\/p>\n\n\n\n<div class=\"wp-block-image\"><figure class=\"aligncenter size-large is-resized\"><img loading=\"lazy\" decoding=\"async\" src=\"https:\/\/jornalfatosenoticias.com.br\/wp-content\/uploads\/2023\/12\/pegoretti-logo-pdf-1024x389.jpg\" alt=\"\" class=\"wp-image-47536\" width=\"395\" height=\"150\" srcset=\"https:\/\/jornalfatosenoticias.com.br\/wp-content\/uploads\/2023\/12\/pegoretti-logo-pdf-1024x389.jpg 1024w, https:\/\/jornalfatosenoticias.com.br\/wp-content\/uploads\/2023\/12\/pegoretti-logo-pdf-300x114.jpg 300w, https:\/\/jornalfatosenoticias.com.br\/wp-content\/uploads\/2023\/12\/pegoretti-logo-pdf-768x291.jpg 768w, https:\/\/jornalfatosenoticias.com.br\/wp-content\/uploads\/2023\/12\/pegoretti-logo-pdf.jpg 1120w\" sizes=\"auto, (max-width: 395px) 100vw, 395px\" \/><\/figure><\/div>\n\n\n\n<p>Zema chegou a afirmar que iria ao evento, mas depois cancelou sua presen\u00e7a ap\u00f3s receber press\u00e3o de lideran\u00e7as de seu partido. O l\u00edder do governo no senado, Randolfe Rodrigues, lamentou a aus\u00eancia de autoridades no ato Democracia Inabal\u00e1vel. \u201cFaltar num evento como esse \u00e9 insistir no atentado de 8\/1&#8243;, disse. Sobre a aus\u00eancia do presidente da C\u00e2mara, Arthur Lira, Randolfe disse que n\u00e3o se insere nesse contexto, e que \u201cas manifesta\u00e7\u00f5es de Arthur Lira foram claras em defesa da democracia, o deputado reconheceu o resultado das elei\u00e7\u00f5es, e repudiou o 8\/1\u201d.<\/p>\n\n\n\n<div class=\"wp-block-image\"><figure class=\"aligncenter size-large\"><img loading=\"lazy\" decoding=\"async\" width=\"300\" height=\"250\" src=\"https:\/\/jornalfatosenoticias.com.br\/wp-content\/uploads\/2022\/02\/FERRARI_MAQUINAS-E-FERRAMENTAS2.jpg\" alt=\"\" class=\"wp-image-27860\"\/><\/figure><\/div>\n\n\n\n<p><strong><em>Fonte: <a href=\"https:\/\/www.gazetadopovo.com.br\/republica\/moraes-transforma-ato-sobre-8-1-em-campanha-aberta-por-maior-regulacao-das-redes\/\">Gazeta do Povo<\/a><\/em><\/strong><\/p>\n","protected":false},"excerpt":{"rendered":"<p>Ministro Alexandre de Moraes discursa em evento Democracia Inabalada e defende regula\u00e7\u00e3o da liberdade nas redes Por Renan Ramalho, Tatiana Azevedo e Camila Abr\u00e3o O ministro Alexandre de Moraes usou a maior parte de seu discurso de condena\u00e7\u00e3o aos ataques \u00e0s sedes dos Poderes, em 8 de janeiro do ano passado, para defender enfaticamente maior [&hellip;]<\/p>\n","protected":false},"author":2,"featured_media":48242,"comment_status":"open","ping_status":"open","sticky":false,"template":"","format":"standard","meta":{"footnotes":""},"categories":[10],"tags":[18055,10224,16935,7580,294],"class_list":["post-48241","post","type-post","status-publish","format-standard","has-post-thumbnail","hentry","category-politica","tag-8-de-janeiro","tag-congresso-nacional","tag-liberdade-de-expressao","tag-lula","tag-stf"],"yoast_head":"<!-- This site is optimized with the Yoast SEO plugin v26.5 - https:\/\/yoast.com\/wordpress\/plugins\/seo\/ -->\n<title>Moraes transforma ato sobre 8\/1 em campanha aberta por maior regula\u00e7\u00e3o das redes - Jornal Fatos e Not\u00edcias<\/title>\n<meta name=\"robots\" content=\"index, follow, max-snippet:-1, max-image-preview:large, max-video-preview:-1\" \/>\n<link rel=\"canonical\" href=\"https:\/\/jornalfatosenoticias.com.br\/index.php\/2024\/01\/08\/moraes-transforma-ato-sobre-8-1-em-campanha-aberta-por-maior-regulacao-das-redes\/\" \/>\n<meta property=\"og:locale\" content=\"pt_BR\" \/>\n<meta property=\"og:type\" content=\"article\" \/>\n<meta property=\"og:title\" content=\"Moraes transforma ato sobre 8\/1 em campanha aberta por maior regula\u00e7\u00e3o das redes - Jornal Fatos e Not\u00edcias\" \/>\n<meta property=\"og:description\" content=\"Ministro Alexandre de Moraes discursa em evento Democracia Inabalada e defende regula\u00e7\u00e3o da liberdade nas redes Por Renan Ramalho, Tatiana Azevedo e Camila Abr\u00e3o O ministro Alexandre de Moraes usou a maior parte de seu discurso de condena\u00e7\u00e3o aos ataques \u00e0s sedes dos Poderes, em 8 de janeiro do ano passado, para defender enfaticamente maior [&hellip;]\" \/>\n<meta property=\"og:url\" content=\"https:\/\/jornalfatosenoticias.com.br\/index.php\/2024\/01\/08\/moraes-transforma-ato-sobre-8-1-em-campanha-aberta-por-maior-regulacao-das-redes\/\" \/>\n<meta property=\"og:site_name\" content=\"Jornal Fatos e Not\u00edcias\" \/>\n<meta property=\"article:published_time\" content=\"2024-01-08T21:26:44+00:00\" \/>\n<meta property=\"article:modified_time\" content=\"2024-01-08T21:26:45+00:00\" \/>\n<meta property=\"og:image\" content=\"https:\/\/jornalfatosenoticias.com.br\/wp-content\/uploads\/2024\/01\/xandao.jpg\" \/>\n\t<meta property=\"og:image:width\" content=\"960\" \/>\n\t<meta property=\"og:image:height\" content=\"540\" \/>\n\t<meta property=\"og:image:type\" content=\"image\/jpeg\" \/>\n<meta name=\"author\" content=\"Luzimara Fernandes\" \/>\n<meta name=\"twitter:card\" content=\"summary_large_image\" \/>\n<meta name=\"twitter:label1\" content=\"Escrito por\" \/>\n\t<meta name=\"twitter:data1\" content=\"Luzimara Fernandes\" \/>\n\t<meta name=\"twitter:label2\" content=\"Est. tempo de leitura\" \/>\n\t<meta name=\"twitter:data2\" content=\"7 minutos\" \/>\n<script type=\"application\/ld+json\" class=\"yoast-schema-graph\">{\"@context\":\"https:\/\/schema.org\",\"@graph\":[{\"@type\":\"Article\",\"@id\":\"https:\/\/jornalfatosenoticias.com.br\/index.php\/2024\/01\/08\/moraes-transforma-ato-sobre-8-1-em-campanha-aberta-por-maior-regulacao-das-redes\/#article\",\"isPartOf\":{\"@id\":\"https:\/\/jornalfatosenoticias.com.br\/index.php\/2024\/01\/08\/moraes-transforma-ato-sobre-8-1-em-campanha-aberta-por-maior-regulacao-das-redes\/\"},\"author\":{\"name\":\"Luzimara Fernandes\",\"@id\":\"https:\/\/jornalfatosenoticias.com.br\/#\/schema\/person\/d63837fa13ac8666eb9e74e0985d6f81\"},\"headline\":\"Moraes transforma ato sobre 8\/1 em campanha aberta por maior regula\u00e7\u00e3o das redes\",\"datePublished\":\"2024-01-08T21:26:44+00:00\",\"dateModified\":\"2024-01-08T21:26:45+00:00\",\"mainEntityOfPage\":{\"@id\":\"https:\/\/jornalfatosenoticias.com.br\/index.php\/2024\/01\/08\/moraes-transforma-ato-sobre-8-1-em-campanha-aberta-por-maior-regulacao-das-redes\/\"},\"wordCount\":1508,\"commentCount\":0,\"publisher\":{\"@id\":\"https:\/\/jornalfatosenoticias.com.br\/#organization\"},\"image\":{\"@id\":\"https:\/\/jornalfatosenoticias.com.br\/index.php\/2024\/01\/08\/moraes-transforma-ato-sobre-8-1-em-campanha-aberta-por-maior-regulacao-das-redes\/#primaryimage\"},\"thumbnailUrl\":\"https:\/\/jornalfatosenoticias.com.br\/wp-content\/uploads\/2024\/01\/xandao.jpg\",\"keywords\":[\"8 de janeiro\",\"Congresso Nacional\",\"liberdade de express\u00e3o\",\"Lula\",\"STF\"],\"articleSection\":[\"Pol\u00edtica\"],\"inLanguage\":\"pt-BR\",\"potentialAction\":[{\"@type\":\"CommentAction\",\"name\":\"Comment\",\"target\":[\"https:\/\/jornalfatosenoticias.com.br\/index.php\/2024\/01\/08\/moraes-transforma-ato-sobre-8-1-em-campanha-aberta-por-maior-regulacao-das-redes\/#respond\"]}]},{\"@type\":\"WebPage\",\"@id\":\"https:\/\/jornalfatosenoticias.com.br\/index.php\/2024\/01\/08\/moraes-transforma-ato-sobre-8-1-em-campanha-aberta-por-maior-regulacao-das-redes\/\",\"url\":\"https:\/\/jornalfatosenoticias.com.br\/index.php\/2024\/01\/08\/moraes-transforma-ato-sobre-8-1-em-campanha-aberta-por-maior-regulacao-das-redes\/\",\"name\":\"Moraes transforma ato sobre 8\/1 em campanha aberta por maior regula\u00e7\u00e3o das redes - Jornal Fatos e Not\u00edcias\",\"isPartOf\":{\"@id\":\"https:\/\/jornalfatosenoticias.com.br\/#website\"},\"primaryImageOfPage\":{\"@id\":\"https:\/\/jornalfatosenoticias.com.br\/index.php\/2024\/01\/08\/moraes-transforma-ato-sobre-8-1-em-campanha-aberta-por-maior-regulacao-das-redes\/#primaryimage\"},\"image\":{\"@id\":\"https:\/\/jornalfatosenoticias.com.br\/index.php\/2024\/01\/08\/moraes-transforma-ato-sobre-8-1-em-campanha-aberta-por-maior-regulacao-das-redes\/#primaryimage\"},\"thumbnailUrl\":\"https:\/\/jornalfatosenoticias.com.br\/wp-content\/uploads\/2024\/01\/xandao.jpg\",\"datePublished\":\"2024-01-08T21:26:44+00:00\",\"dateModified\":\"2024-01-08T21:26:45+00:00\",\"breadcrumb\":{\"@id\":\"https:\/\/jornalfatosenoticias.com.br\/index.php\/2024\/01\/08\/moraes-transforma-ato-sobre-8-1-em-campanha-aberta-por-maior-regulacao-das-redes\/#breadcrumb\"},\"inLanguage\":\"pt-BR\",\"potentialAction\":[{\"@type\":\"ReadAction\",\"target\":[\"https:\/\/jornalfatosenoticias.com.br\/index.php\/2024\/01\/08\/moraes-transforma-ato-sobre-8-1-em-campanha-aberta-por-maior-regulacao-das-redes\/\"]}]},{\"@type\":\"ImageObject\",\"inLanguage\":\"pt-BR\",\"@id\":\"https:\/\/jornalfatosenoticias.com.br\/index.php\/2024\/01\/08\/moraes-transforma-ato-sobre-8-1-em-campanha-aberta-por-maior-regulacao-das-redes\/#primaryimage\",\"url\":\"https:\/\/jornalfatosenoticias.com.br\/wp-content\/uploads\/2024\/01\/xandao.jpg\",\"contentUrl\":\"https:\/\/jornalfatosenoticias.com.br\/wp-content\/uploads\/2024\/01\/xandao.jpg\",\"width\":960,\"height\":540},{\"@type\":\"BreadcrumbList\",\"@id\":\"https:\/\/jornalfatosenoticias.com.br\/index.php\/2024\/01\/08\/moraes-transforma-ato-sobre-8-1-em-campanha-aberta-por-maior-regulacao-das-redes\/#breadcrumb\",\"itemListElement\":[{\"@type\":\"ListItem\",\"position\":1,\"name\":\"In\u00edcio\",\"item\":\"https:\/\/jornalfatosenoticias.com.br\/\"},{\"@type\":\"ListItem\",\"position\":2,\"name\":\"Moraes transforma ato sobre 8\/1 em campanha aberta por maior regula\u00e7\u00e3o das redes\"}]},{\"@type\":\"WebSite\",\"@id\":\"https:\/\/jornalfatosenoticias.com.br\/#website\",\"url\":\"https:\/\/jornalfatosenoticias.com.br\/\",\"name\":\"Jornal Fatos e Not\u00edcias\",\"description\":\"Not\u00edcias em geral\",\"publisher\":{\"@id\":\"https:\/\/jornalfatosenoticias.com.br\/#organization\"},\"potentialAction\":[{\"@type\":\"SearchAction\",\"target\":{\"@type\":\"EntryPoint\",\"urlTemplate\":\"https:\/\/jornalfatosenoticias.com.br\/?s={search_term_string}\"},\"query-input\":{\"@type\":\"PropertyValueSpecification\",\"valueRequired\":true,\"valueName\":\"search_term_string\"}}],\"inLanguage\":\"pt-BR\"},{\"@type\":\"Organization\",\"@id\":\"https:\/\/jornalfatosenoticias.com.br\/#organization\",\"name\":\"Jornal Fatos e Not\u00edcias\",\"url\":\"https:\/\/jornalfatosenoticias.com.br\/\",\"logo\":{\"@type\":\"ImageObject\",\"inLanguage\":\"pt-BR\",\"@id\":\"https:\/\/jornalfatosenoticias.com.br\/#\/schema\/logo\/image\/\",\"url\":\"https:\/\/jornalfatosenoticias.com.br\/wp-content\/uploads\/2020\/02\/logo120.png\",\"contentUrl\":\"https:\/\/jornalfatosenoticias.com.br\/wp-content\/uploads\/2020\/02\/logo120.png\",\"width\":1227,\"height\":120,\"caption\":\"Jornal Fatos e Not\u00edcias\"},\"image\":{\"@id\":\"https:\/\/jornalfatosenoticias.com.br\/#\/schema\/logo\/image\/\"}},{\"@type\":\"Person\",\"@id\":\"https:\/\/jornalfatosenoticias.com.br\/#\/schema\/person\/d63837fa13ac8666eb9e74e0985d6f81\",\"name\":\"Luzimara Fernandes\",\"image\":{\"@type\":\"ImageObject\",\"inLanguage\":\"pt-BR\",\"@id\":\"https:\/\/jornalfatosenoticias.com.br\/#\/schema\/person\/image\/\",\"url\":\"https:\/\/jornalfatosenoticias.com.br\/wp-content\/uploads\/2025\/05\/EU_portal.jpg\",\"contentUrl\":\"https:\/\/jornalfatosenoticias.com.br\/wp-content\/uploads\/2025\/05\/EU_portal.jpg\",\"caption\":\"Luzimara Fernandes\"},\"description\":\"Jornalista MTB 2358-ES\",\"sameAs\":[\"https:\/\/jornalfatosenoticias.com.br\"],\"url\":\"https:\/\/jornalfatosenoticias.com.br\/index.php\/author\/luzimara\/\"}]}<\/script>\n<!-- \/ Yoast SEO plugin. -->","yoast_head_json":{"title":"Moraes transforma ato sobre 8\/1 em campanha aberta por maior regula\u00e7\u00e3o das redes - Jornal Fatos e Not\u00edcias","robots":{"index":"index","follow":"follow","max-snippet":"max-snippet:-1","max-image-preview":"max-image-preview:large","max-video-preview":"max-video-preview:-1"},"canonical":"https:\/\/jornalfatosenoticias.com.br\/index.php\/2024\/01\/08\/moraes-transforma-ato-sobre-8-1-em-campanha-aberta-por-maior-regulacao-das-redes\/","og_locale":"pt_BR","og_type":"article","og_title":"Moraes transforma ato sobre 8\/1 em campanha aberta por maior regula\u00e7\u00e3o das redes - Jornal Fatos e Not\u00edcias","og_description":"Ministro Alexandre de Moraes discursa em evento Democracia Inabalada e defende regula\u00e7\u00e3o da liberdade nas redes Por Renan Ramalho, Tatiana Azevedo e Camila Abr\u00e3o O ministro Alexandre de Moraes usou a maior parte de seu discurso de condena\u00e7\u00e3o aos ataques \u00e0s sedes dos Poderes, em 8 de janeiro do ano passado, para defender enfaticamente maior [&hellip;]","og_url":"https:\/\/jornalfatosenoticias.com.br\/index.php\/2024\/01\/08\/moraes-transforma-ato-sobre-8-1-em-campanha-aberta-por-maior-regulacao-das-redes\/","og_site_name":"Jornal Fatos e Not\u00edcias","article_published_time":"2024-01-08T21:26:44+00:00","article_modified_time":"2024-01-08T21:26:45+00:00","og_image":[{"width":960,"height":540,"url":"https:\/\/jornalfatosenoticias.com.br\/wp-content\/uploads\/2024\/01\/xandao.jpg","type":"image\/jpeg"}],"author":"Luzimara Fernandes","twitter_card":"summary_large_image","twitter_misc":{"Escrito por":"Luzimara Fernandes","Est. tempo de leitura":"7 minutos"},"schema":{"@context":"https:\/\/schema.org","@graph":[{"@type":"Article","@id":"https:\/\/jornalfatosenoticias.com.br\/index.php\/2024\/01\/08\/moraes-transforma-ato-sobre-8-1-em-campanha-aberta-por-maior-regulacao-das-redes\/#article","isPartOf":{"@id":"https:\/\/jornalfatosenoticias.com.br\/index.php\/2024\/01\/08\/moraes-transforma-ato-sobre-8-1-em-campanha-aberta-por-maior-regulacao-das-redes\/"},"author":{"name":"Luzimara Fernandes","@id":"https:\/\/jornalfatosenoticias.com.br\/#\/schema\/person\/d63837fa13ac8666eb9e74e0985d6f81"},"headline":"Moraes transforma ato sobre 8\/1 em campanha aberta por maior regula\u00e7\u00e3o das redes","datePublished":"2024-01-08T21:26:44+00:00","dateModified":"2024-01-08T21:26:45+00:00","mainEntityOfPage":{"@id":"https:\/\/jornalfatosenoticias.com.br\/index.php\/2024\/01\/08\/moraes-transforma-ato-sobre-8-1-em-campanha-aberta-por-maior-regulacao-das-redes\/"},"wordCount":1508,"commentCount":0,"publisher":{"@id":"https:\/\/jornalfatosenoticias.com.br\/#organization"},"image":{"@id":"https:\/\/jornalfatosenoticias.com.br\/index.php\/2024\/01\/08\/moraes-transforma-ato-sobre-8-1-em-campanha-aberta-por-maior-regulacao-das-redes\/#primaryimage"},"thumbnailUrl":"https:\/\/jornalfatosenoticias.com.br\/wp-content\/uploads\/2024\/01\/xandao.jpg","keywords":["8 de janeiro","Congresso Nacional","liberdade de express\u00e3o","Lula","STF"],"articleSection":["Pol\u00edtica"],"inLanguage":"pt-BR","potentialAction":[{"@type":"CommentAction","name":"Comment","target":["https:\/\/jornalfatosenoticias.com.br\/index.php\/2024\/01\/08\/moraes-transforma-ato-sobre-8-1-em-campanha-aberta-por-maior-regulacao-das-redes\/#respond"]}]},{"@type":"WebPage","@id":"https:\/\/jornalfatosenoticias.com.br\/index.php\/2024\/01\/08\/moraes-transforma-ato-sobre-8-1-em-campanha-aberta-por-maior-regulacao-das-redes\/","url":"https:\/\/jornalfatosenoticias.com.br\/index.php\/2024\/01\/08\/moraes-transforma-ato-sobre-8-1-em-campanha-aberta-por-maior-regulacao-das-redes\/","name":"Moraes transforma ato sobre 8\/1 em campanha aberta por maior regula\u00e7\u00e3o das redes - Jornal Fatos e Not\u00edcias","isPartOf":{"@id":"https:\/\/jornalfatosenoticias.com.br\/#website"},"primaryImageOfPage":{"@id":"https:\/\/jornalfatosenoticias.com.br\/index.php\/2024\/01\/08\/moraes-transforma-ato-sobre-8-1-em-campanha-aberta-por-maior-regulacao-das-redes\/#primaryimage"},"image":{"@id":"https:\/\/jornalfatosenoticias.com.br\/index.php\/2024\/01\/08\/moraes-transforma-ato-sobre-8-1-em-campanha-aberta-por-maior-regulacao-das-redes\/#primaryimage"},"thumbnailUrl":"https:\/\/jornalfatosenoticias.com.br\/wp-content\/uploads\/2024\/01\/xandao.jpg","datePublished":"2024-01-08T21:26:44+00:00","dateModified":"2024-01-08T21:26:45+00:00","breadcrumb":{"@id":"https:\/\/jornalfatosenoticias.com.br\/index.php\/2024\/01\/08\/moraes-transforma-ato-sobre-8-1-em-campanha-aberta-por-maior-regulacao-das-redes\/#breadcrumb"},"inLanguage":"pt-BR","potentialAction":[{"@type":"ReadAction","target":["https:\/\/jornalfatosenoticias.com.br\/index.php\/2024\/01\/08\/moraes-transforma-ato-sobre-8-1-em-campanha-aberta-por-maior-regulacao-das-redes\/"]}]},{"@type":"ImageObject","inLanguage":"pt-BR","@id":"https:\/\/jornalfatosenoticias.com.br\/index.php\/2024\/01\/08\/moraes-transforma-ato-sobre-8-1-em-campanha-aberta-por-maior-regulacao-das-redes\/#primaryimage","url":"https:\/\/jornalfatosenoticias.com.br\/wp-content\/uploads\/2024\/01\/xandao.jpg","contentUrl":"https:\/\/jornalfatosenoticias.com.br\/wp-content\/uploads\/2024\/01\/xandao.jpg","width":960,"height":540},{"@type":"BreadcrumbList","@id":"https:\/\/jornalfatosenoticias.com.br\/index.php\/2024\/01\/08\/moraes-transforma-ato-sobre-8-1-em-campanha-aberta-por-maior-regulacao-das-redes\/#breadcrumb","itemListElement":[{"@type":"ListItem","position":1,"name":"In\u00edcio","item":"https:\/\/jornalfatosenoticias.com.br\/"},{"@type":"ListItem","position":2,"name":"Moraes transforma ato sobre 8\/1 em campanha aberta por maior regula\u00e7\u00e3o das redes"}]},{"@type":"WebSite","@id":"https:\/\/jornalfatosenoticias.com.br\/#website","url":"https:\/\/jornalfatosenoticias.com.br\/","name":"Jornal Fatos e Not\u00edcias","description":"Not\u00edcias em geral","publisher":{"@id":"https:\/\/jornalfatosenoticias.com.br\/#organization"},"potentialAction":[{"@type":"SearchAction","target":{"@type":"EntryPoint","urlTemplate":"https:\/\/jornalfatosenoticias.com.br\/?s={search_term_string}"},"query-input":{"@type":"PropertyValueSpecification","valueRequired":true,"valueName":"search_term_string"}}],"inLanguage":"pt-BR"},{"@type":"Organization","@id":"https:\/\/jornalfatosenoticias.com.br\/#organization","name":"Jornal Fatos e Not\u00edcias","url":"https:\/\/jornalfatosenoticias.com.br\/","logo":{"@type":"ImageObject","inLanguage":"pt-BR","@id":"https:\/\/jornalfatosenoticias.com.br\/#\/schema\/logo\/image\/","url":"https:\/\/jornalfatosenoticias.com.br\/wp-content\/uploads\/2020\/02\/logo120.png","contentUrl":"https:\/\/jornalfatosenoticias.com.br\/wp-content\/uploads\/2020\/02\/logo120.png","width":1227,"height":120,"caption":"Jornal Fatos e Not\u00edcias"},"image":{"@id":"https:\/\/jornalfatosenoticias.com.br\/#\/schema\/logo\/image\/"}},{"@type":"Person","@id":"https:\/\/jornalfatosenoticias.com.br\/#\/schema\/person\/d63837fa13ac8666eb9e74e0985d6f81","name":"Luzimara Fernandes","image":{"@type":"ImageObject","inLanguage":"pt-BR","@id":"https:\/\/jornalfatosenoticias.com.br\/#\/schema\/person\/image\/","url":"https:\/\/jornalfatosenoticias.com.br\/wp-content\/uploads\/2025\/05\/EU_portal.jpg","contentUrl":"https:\/\/jornalfatosenoticias.com.br\/wp-content\/uploads\/2025\/05\/EU_portal.jpg","caption":"Luzimara Fernandes"},"description":"Jornalista MTB 2358-ES","sameAs":["https:\/\/jornalfatosenoticias.com.br"],"url":"https:\/\/jornalfatosenoticias.com.br\/index.php\/author\/luzimara\/"}]}},"cc_featured_image_caption":{"caption_text":"(Foto: Ag\u00eancia Brasil)","source_text":"","source_url":""},"jetpack_featured_media_url":"https:\/\/jornalfatosenoticias.com.br\/wp-content\/uploads\/2024\/01\/xandao.jpg","_links":{"self":[{"href":"https:\/\/jornalfatosenoticias.com.br\/index.php\/wp-json\/wp\/v2\/posts\/48241","targetHints":{"allow":["GET"]}}],"collection":[{"href":"https:\/\/jornalfatosenoticias.com.br\/index.php\/wp-json\/wp\/v2\/posts"}],"about":[{"href":"https:\/\/jornalfatosenoticias.com.br\/index.php\/wp-json\/wp\/v2\/types\/post"}],"author":[{"embeddable":true,"href":"https:\/\/jornalfatosenoticias.com.br\/index.php\/wp-json\/wp\/v2\/users\/2"}],"replies":[{"embeddable":true,"href":"https:\/\/jornalfatosenoticias.com.br\/index.php\/wp-json\/wp\/v2\/comments?post=48241"}],"version-history":[{"count":0,"href":"https:\/\/jornalfatosenoticias.com.br\/index.php\/wp-json\/wp\/v2\/posts\/48241\/revisions"}],"wp:featuredmedia":[{"embeddable":true,"href":"https:\/\/jornalfatosenoticias.com.br\/index.php\/wp-json\/wp\/v2\/media\/48242"}],"wp:attachment":[{"href":"https:\/\/jornalfatosenoticias.com.br\/index.php\/wp-json\/wp\/v2\/media?parent=48241"}],"wp:term":[{"taxonomy":"category","embeddable":true,"href":"https:\/\/jornalfatosenoticias.com.br\/index.php\/wp-json\/wp\/v2\/categories?post=48241"},{"taxonomy":"post_tag","embeddable":true,"href":"https:\/\/jornalfatosenoticias.com.br\/index.php\/wp-json\/wp\/v2\/tags?post=48241"}],"curies":[{"name":"wp","href":"https:\/\/api.w.org\/{rel}","templated":true}]}}