{"id":4828,"date":"2020-05-22T15:32:52","date_gmt":"2020-05-22T18:32:52","guid":{"rendered":"https:\/\/jornalfatosenoticias.com.br\/?p=4828"},"modified":"2020-05-22T15:32:57","modified_gmt":"2020-05-22T18:32:57","slug":"dia-do-abraco-conheca-a-origem-um-pouco-triste-da-data","status":"publish","type":"post","link":"https:\/\/jornalfatosenoticias.com.br\/index.php\/2020\/05\/22\/dia-do-abraco-conheca-a-origem-um-pouco-triste-da-data\/","title":{"rendered":"Dia do Abra\u00e7o: conhe\u00e7a a origem (um pouco triste) da data"},"content":{"rendered":"\n<h6 class=\"wp-block-heading\"><em>Entenda na coluna &#8220;Quer Que Eu Desenhe?&#8221; como o movimento &#8220;Free Hugs&#8221; surgiu e o bem que um abra\u00e7o pode fazer \u00e0 sua sa\u00fade f\u00edsica e mental<\/em><\/h6>\n\n\n\n<p>Um abra\u00e7o apertado \u00e9 ideal para matar a saudade, demonstrar gratid\u00e3o ou at\u00e9 mesmo fazer as pazes com um amigo querido. Mas o Dia do Abra\u00e7o, comemorado em 22 de maio, surgiu a partir de um epis\u00f3dio n\u00e3o t\u00e3o carinhoso.<\/p>\n\n\n\n<figure class=\"wp-block-image size-large\"><img loading=\"lazy\" decoding=\"async\" width=\"1000\" height=\"571\" src=\"https:\/\/jornalfatosenoticias.com.br\/wp-content\/uploads\/2020\/05\/dia_do_abraco-01.jpg\" alt=\"\" class=\"wp-image-4829\" srcset=\"https:\/\/jornalfatosenoticias.com.br\/wp-content\/uploads\/2020\/05\/dia_do_abraco-01.jpg 1000w, https:\/\/jornalfatosenoticias.com.br\/wp-content\/uploads\/2020\/05\/dia_do_abraco-01-300x171.jpg 300w, https:\/\/jornalfatosenoticias.com.br\/wp-content\/uploads\/2020\/05\/dia_do_abraco-01-768x439.jpg 768w\" sizes=\"auto, (max-width: 1000px) 100vw, 1000px\" \/><figcaption><em>Dia do Abra\u00e7o (Ilustra\u00e7\u00e3o: Bernardo Fran\u00e7a)<\/em><\/figcaption><\/figure>\n\n\n\n<p>Em 2004, o australiano Juan Mann, que vivia em Londres, viu sua vida virar de cabe\u00e7a para baixo e precisou voltar para Sydney, sua cidade natal. Mas, ao chegar no aeroporto, ningu\u00e9m estava l\u00e1 para receb\u00ea-lo. \u201cTudo o que eu tinha era mala cheia de roupas e um mundo de problemas\u201d, disse Mann.<\/p>\n\n\n\n<figure class=\"wp-block-image size-large\"><img loading=\"lazy\" decoding=\"async\" width=\"1000\" height=\"571\" src=\"https:\/\/jornalfatosenoticias.com.br\/wp-content\/uploads\/2020\/05\/dia_do_abraco-02.jpg\" alt=\"\" class=\"wp-image-4830\" srcset=\"https:\/\/jornalfatosenoticias.com.br\/wp-content\/uploads\/2020\/05\/dia_do_abraco-02.jpg 1000w, https:\/\/jornalfatosenoticias.com.br\/wp-content\/uploads\/2020\/05\/dia_do_abraco-02-300x171.jpg 300w, https:\/\/jornalfatosenoticias.com.br\/wp-content\/uploads\/2020\/05\/dia_do_abraco-02-768x439.jpg 768w\" sizes=\"auto, (max-width: 1000px) 100vw, 1000px\" \/><figcaption><em>Dia do Abra\u00e7o (Ilustra\u00e7\u00e3o: Bernardo Fran\u00e7a)<\/em><\/figcaption><\/figure>\n\n\n\n<p>O epis\u00f3dio fez com que ele decidisse iniciar, no dia 22 de maio, uma a\u00e7\u00e3o de abra\u00e7os gr\u00e1tis (a famosa free hugs). Ele escreveu as palavras em um papel\u00e3o e foi at\u00e9 o ponto mais movimentado da cidade. Ap\u00f3s alguns olhares desentendidos, pessoas come\u00e7aram a aceitar a oferta.<\/p>\n\n\n\n<figure class=\"wp-block-image size-large\"><img loading=\"lazy\" decoding=\"async\" width=\"1000\" height=\"571\" src=\"https:\/\/jornalfatosenoticias.com.br\/wp-content\/uploads\/2020\/05\/dia_do_abraco-03.jpg\" alt=\"\" class=\"wp-image-4831\" srcset=\"https:\/\/jornalfatosenoticias.com.br\/wp-content\/uploads\/2020\/05\/dia_do_abraco-03.jpg 1000w, https:\/\/jornalfatosenoticias.com.br\/wp-content\/uploads\/2020\/05\/dia_do_abraco-03-300x171.jpg 300w, https:\/\/jornalfatosenoticias.com.br\/wp-content\/uploads\/2020\/05\/dia_do_abraco-03-768x439.jpg 768w\" sizes=\"auto, (max-width: 1000px) 100vw, 1000px\" \/><figcaption><em>Dia do Abra\u00e7o (Ilustra\u00e7\u00e3o: Bernardo Fran\u00e7a)<\/em><\/figcaption><\/figure>\n\n\n\n<p>A a\u00e7\u00e3o chegou a ser banida pelas autoridades locais, o que n\u00e3o impediu Mann de ganhar fama. Certo dia, um dos interessados no abra\u00e7o foi o l\u00edder da banda Sick Puppies, que o chamou para gravar um videoclipe. O v\u00eddeo viralizou e a iniciativa se popularizou pelo mundo todo. Que bom!<\/p>\n\n\n\n<figure class=\"wp-block-image size-large\"><img loading=\"lazy\" decoding=\"async\" width=\"1000\" height=\"571\" src=\"https:\/\/jornalfatosenoticias.com.br\/wp-content\/uploads\/2020\/05\/dia_do_abraco-04.jpg\" alt=\"\" class=\"wp-image-4832\" srcset=\"https:\/\/jornalfatosenoticias.com.br\/wp-content\/uploads\/2020\/05\/dia_do_abraco-04.jpg 1000w, https:\/\/jornalfatosenoticias.com.br\/wp-content\/uploads\/2020\/05\/dia_do_abraco-04-300x171.jpg 300w, https:\/\/jornalfatosenoticias.com.br\/wp-content\/uploads\/2020\/05\/dia_do_abraco-04-768x439.jpg 768w\" sizes=\"auto, (max-width: 1000px) 100vw, 1000px\" \/><figcaption><em>Dia do Abra\u00e7o (Ilustra\u00e7\u00e3o: Bernardo Fran\u00e7a)<\/em><\/figcaption><\/figure>\n\n\n\n<p>Um abra\u00e7o pode ajudar (e muito) a sa\u00fade. Essa demonstra\u00e7\u00e3o de afeto libera um horm\u00f4nio chamado ocitocina, que alivia o estresse. Al\u00e9m do bem-estar emocional, o abra\u00e7o pode reduzir dores f\u00edsicas, pois atua em uma \u00e1rea no c\u00e9rebro que libera subst\u00e2ncias analg\u00e9sicas.<\/p>\n\n\n\n<figure class=\"wp-block-image size-large\"><img loading=\"lazy\" decoding=\"async\" width=\"1000\" height=\"571\" src=\"https:\/\/jornalfatosenoticias.com.br\/wp-content\/uploads\/2020\/05\/dia_do_abraco-05.jpg\" alt=\"\" class=\"wp-image-4833\" srcset=\"https:\/\/jornalfatosenoticias.com.br\/wp-content\/uploads\/2020\/05\/dia_do_abraco-05.jpg 1000w, https:\/\/jornalfatosenoticias.com.br\/wp-content\/uploads\/2020\/05\/dia_do_abraco-05-300x171.jpg 300w, https:\/\/jornalfatosenoticias.com.br\/wp-content\/uploads\/2020\/05\/dia_do_abraco-05-768x439.jpg 768w\" sizes=\"auto, (max-width: 1000px) 100vw, 1000px\" \/><figcaption><em>Dia do Abra\u00e7o (Ilustra\u00e7\u00e3o: Bernardo Fran\u00e7a)<\/em><\/figcaption><\/figure>\n\n\n\n<p>Estudos mostram que crian\u00e7as pouco abra\u00e7adas tendem a achar o afago desconfort\u00e1vel. J\u00e1 quem foi muito abra\u00e7ado quando pequeno costuma gostar desse tipo de carinho. Cada um \u00e9 cada um. Mas ganhar (ou dar) um abra\u00e7o de boa vontade n\u00e3o faz mal a ningu\u00e9m \u2014 exceto em tempos de pandemia, claro.<\/p>\n\n\n\n<figure class=\"wp-block-image size-large\"><img loading=\"lazy\" decoding=\"async\" width=\"1000\" height=\"571\" src=\"https:\/\/jornalfatosenoticias.com.br\/wp-content\/uploads\/2020\/05\/dia_do_abraco-06.jpg\" alt=\"\" class=\"wp-image-4834\" srcset=\"https:\/\/jornalfatosenoticias.com.br\/wp-content\/uploads\/2020\/05\/dia_do_abraco-06.jpg 1000w, https:\/\/jornalfatosenoticias.com.br\/wp-content\/uploads\/2020\/05\/dia_do_abraco-06-300x171.jpg 300w, https:\/\/jornalfatosenoticias.com.br\/wp-content\/uploads\/2020\/05\/dia_do_abraco-06-768x439.jpg 768w\" sizes=\"auto, (max-width: 1000px) 100vw, 1000px\" \/><figcaption><em>Dia do Abra\u00e7o (Ilustra\u00e7\u00e3o: Bernardo Fran\u00e7a)<\/em><\/figcaption><\/figure>\n\n\n\n<p><strong><em>Fonte: <a href=\"https:\/\/revistagalileu.globo.com\/Sociedade\/Comportamento\/noticia\/2020\/05\/dia-do-abraco-conheca-origem-um-pouco-triste-da-data.html\">Revista Galileu<\/a><\/em><\/strong><\/p>\n","protected":false},"excerpt":{"rendered":"<p>Entenda na coluna &#8220;Quer Que Eu Desenhe?&#8221; como o movimento &#8220;Free Hugs&#8221; surgiu e o bem que um abra\u00e7o pode fazer \u00e0 sua sa\u00fade f\u00edsica e mental Um abra\u00e7o apertado \u00e9 ideal para matar a saudade, demonstrar gratid\u00e3o ou at\u00e9 mesmo fazer as pazes com um amigo querido. Mas o Dia do Abra\u00e7o, comemorado em [&hellip;]<\/p>\n","protected":false},"author":2,"featured_media":4835,"comment_status":"open","ping_status":"open","sticky":false,"template":"","format":"standard","meta":{"footnotes":""},"categories":[2522],"tags":[385,1326,2867,2868],"class_list":["post-4828","post","type-post","status-publish","format-standard","has-post-thumbnail","hentry","category-comportamento","tag-bem-estar","tag-carinho","tag-dia-do-abraco","tag-faz-bem"],"yoast_head":"<!-- This site is optimized with the Yoast SEO plugin v26.5 - https:\/\/yoast.com\/wordpress\/plugins\/seo\/ -->\n<title>Dia do Abra\u00e7o: conhe\u00e7a a origem (um pouco triste) da data - Jornal Fatos e Not\u00edcias<\/title>\n<meta name=\"robots\" content=\"index, follow, max-snippet:-1, max-image-preview:large, max-video-preview:-1\" \/>\n<link rel=\"canonical\" href=\"https:\/\/jornalfatosenoticias.com.br\/index.php\/2020\/05\/22\/dia-do-abraco-conheca-a-origem-um-pouco-triste-da-data\/\" \/>\n<meta property=\"og:locale\" content=\"pt_BR\" \/>\n<meta property=\"og:type\" content=\"article\" \/>\n<meta property=\"og:title\" content=\"Dia do Abra\u00e7o: conhe\u00e7a a origem (um pouco triste) da data - Jornal Fatos e Not\u00edcias\" \/>\n<meta property=\"og:description\" content=\"Entenda na coluna &#8220;Quer Que Eu Desenhe?&#8221; como o movimento &#8220;Free Hugs&#8221; surgiu e o bem que um abra\u00e7o pode fazer \u00e0 sua sa\u00fade f\u00edsica e mental Um abra\u00e7o apertado \u00e9 ideal para matar a saudade, demonstrar gratid\u00e3o ou at\u00e9 mesmo fazer as pazes com um amigo querido. Mas o Dia do Abra\u00e7o, comemorado em [&hellip;]\" \/>\n<meta property=\"og:url\" content=\"https:\/\/jornalfatosenoticias.com.br\/index.php\/2020\/05\/22\/dia-do-abraco-conheca-a-origem-um-pouco-triste-da-data\/\" \/>\n<meta property=\"og:site_name\" content=\"Jornal Fatos e Not\u00edcias\" \/>\n<meta property=\"article:published_time\" content=\"2020-05-22T18:32:52+00:00\" \/>\n<meta property=\"article:modified_time\" content=\"2020-05-22T18:32:57+00:00\" \/>\n<meta property=\"og:image\" content=\"https:\/\/jornalfatosenoticias.com.br\/wp-content\/uploads\/2020\/05\/dia_do_abraco_capa.jpg\" \/>\n\t<meta property=\"og:image:width\" content=\"1000\" \/>\n\t<meta property=\"og:image:height\" content=\"571\" \/>\n\t<meta property=\"og:image:type\" content=\"image\/jpeg\" \/>\n<meta name=\"author\" content=\"Luzimara Fernandes\" \/>\n<meta name=\"twitter:card\" content=\"summary_large_image\" \/>\n<meta name=\"twitter:label1\" content=\"Escrito por\" \/>\n\t<meta name=\"twitter:data1\" content=\"Luzimara Fernandes\" \/>\n\t<meta name=\"twitter:label2\" content=\"Est. tempo de leitura\" \/>\n\t<meta name=\"twitter:data2\" content=\"2 minutos\" \/>\n<script type=\"application\/ld+json\" class=\"yoast-schema-graph\">{\"@context\":\"https:\/\/schema.org\",\"@graph\":[{\"@type\":\"Article\",\"@id\":\"https:\/\/jornalfatosenoticias.com.br\/index.php\/2020\/05\/22\/dia-do-abraco-conheca-a-origem-um-pouco-triste-da-data\/#article\",\"isPartOf\":{\"@id\":\"https:\/\/jornalfatosenoticias.com.br\/index.php\/2020\/05\/22\/dia-do-abraco-conheca-a-origem-um-pouco-triste-da-data\/\"},\"author\":{\"name\":\"Luzimara Fernandes\",\"@id\":\"https:\/\/jornalfatosenoticias.com.br\/#\/schema\/person\/d63837fa13ac8666eb9e74e0985d6f81\"},\"headline\":\"Dia do Abra\u00e7o: conhe\u00e7a a origem (um pouco triste) da data\",\"datePublished\":\"2020-05-22T18:32:52+00:00\",\"dateModified\":\"2020-05-22T18:32:57+00:00\",\"mainEntityOfPage\":{\"@id\":\"https:\/\/jornalfatosenoticias.com.br\/index.php\/2020\/05\/22\/dia-do-abraco-conheca-a-origem-um-pouco-triste-da-data\/\"},\"wordCount\":416,\"commentCount\":0,\"publisher\":{\"@id\":\"https:\/\/jornalfatosenoticias.com.br\/#organization\"},\"image\":{\"@id\":\"https:\/\/jornalfatosenoticias.com.br\/index.php\/2020\/05\/22\/dia-do-abraco-conheca-a-origem-um-pouco-triste-da-data\/#primaryimage\"},\"thumbnailUrl\":\"https:\/\/jornalfatosenoticias.com.br\/wp-content\/uploads\/2020\/05\/dia_do_abraco_capa.jpg\",\"keywords\":[\"bem-estar\",\"carinho\",\"Dia do Abra\u00e7o\",\"faz bem\"],\"articleSection\":[\"Comportamento &amp; Equil\u00edbrio\"],\"inLanguage\":\"pt-BR\",\"potentialAction\":[{\"@type\":\"CommentAction\",\"name\":\"Comment\",\"target\":[\"https:\/\/jornalfatosenoticias.com.br\/index.php\/2020\/05\/22\/dia-do-abraco-conheca-a-origem-um-pouco-triste-da-data\/#respond\"]}]},{\"@type\":\"WebPage\",\"@id\":\"https:\/\/jornalfatosenoticias.com.br\/index.php\/2020\/05\/22\/dia-do-abraco-conheca-a-origem-um-pouco-triste-da-data\/\",\"url\":\"https:\/\/jornalfatosenoticias.com.br\/index.php\/2020\/05\/22\/dia-do-abraco-conheca-a-origem-um-pouco-triste-da-data\/\",\"name\":\"Dia do Abra\u00e7o: conhe\u00e7a a origem (um pouco triste) da data - Jornal Fatos e Not\u00edcias\",\"isPartOf\":{\"@id\":\"https:\/\/jornalfatosenoticias.com.br\/#website\"},\"primaryImageOfPage\":{\"@id\":\"https:\/\/jornalfatosenoticias.com.br\/index.php\/2020\/05\/22\/dia-do-abraco-conheca-a-origem-um-pouco-triste-da-data\/#primaryimage\"},\"image\":{\"@id\":\"https:\/\/jornalfatosenoticias.com.br\/index.php\/2020\/05\/22\/dia-do-abraco-conheca-a-origem-um-pouco-triste-da-data\/#primaryimage\"},\"thumbnailUrl\":\"https:\/\/jornalfatosenoticias.com.br\/wp-content\/uploads\/2020\/05\/dia_do_abraco_capa.jpg\",\"datePublished\":\"2020-05-22T18:32:52+00:00\",\"dateModified\":\"2020-05-22T18:32:57+00:00\",\"breadcrumb\":{\"@id\":\"https:\/\/jornalfatosenoticias.com.br\/index.php\/2020\/05\/22\/dia-do-abraco-conheca-a-origem-um-pouco-triste-da-data\/#breadcrumb\"},\"inLanguage\":\"pt-BR\",\"potentialAction\":[{\"@type\":\"ReadAction\",\"target\":[\"https:\/\/jornalfatosenoticias.com.br\/index.php\/2020\/05\/22\/dia-do-abraco-conheca-a-origem-um-pouco-triste-da-data\/\"]}]},{\"@type\":\"ImageObject\",\"inLanguage\":\"pt-BR\",\"@id\":\"https:\/\/jornalfatosenoticias.com.br\/index.php\/2020\/05\/22\/dia-do-abraco-conheca-a-origem-um-pouco-triste-da-data\/#primaryimage\",\"url\":\"https:\/\/jornalfatosenoticias.com.br\/wp-content\/uploads\/2020\/05\/dia_do_abraco_capa.jpg\",\"contentUrl\":\"https:\/\/jornalfatosenoticias.com.br\/wp-content\/uploads\/2020\/05\/dia_do_abraco_capa.jpg\",\"width\":1000,\"height\":571},{\"@type\":\"BreadcrumbList\",\"@id\":\"https:\/\/jornalfatosenoticias.com.br\/index.php\/2020\/05\/22\/dia-do-abraco-conheca-a-origem-um-pouco-triste-da-data\/#breadcrumb\",\"itemListElement\":[{\"@type\":\"ListItem\",\"position\":1,\"name\":\"In\u00edcio\",\"item\":\"https:\/\/jornalfatosenoticias.com.br\/\"},{\"@type\":\"ListItem\",\"position\":2,\"name\":\"Dia do Abra\u00e7o: conhe\u00e7a a origem (um pouco triste) da data\"}]},{\"@type\":\"WebSite\",\"@id\":\"https:\/\/jornalfatosenoticias.com.br\/#website\",\"url\":\"https:\/\/jornalfatosenoticias.com.br\/\",\"name\":\"Jornal Fatos e Not\u00edcias\",\"description\":\"Not\u00edcias em geral\",\"publisher\":{\"@id\":\"https:\/\/jornalfatosenoticias.com.br\/#organization\"},\"potentialAction\":[{\"@type\":\"SearchAction\",\"target\":{\"@type\":\"EntryPoint\",\"urlTemplate\":\"https:\/\/jornalfatosenoticias.com.br\/?s={search_term_string}\"},\"query-input\":{\"@type\":\"PropertyValueSpecification\",\"valueRequired\":true,\"valueName\":\"search_term_string\"}}],\"inLanguage\":\"pt-BR\"},{\"@type\":\"Organization\",\"@id\":\"https:\/\/jornalfatosenoticias.com.br\/#organization\",\"name\":\"Jornal Fatos e Not\u00edcias\",\"url\":\"https:\/\/jornalfatosenoticias.com.br\/\",\"logo\":{\"@type\":\"ImageObject\",\"inLanguage\":\"pt-BR\",\"@id\":\"https:\/\/jornalfatosenoticias.com.br\/#\/schema\/logo\/image\/\",\"url\":\"https:\/\/jornalfatosenoticias.com.br\/wp-content\/uploads\/2020\/02\/logo120.png\",\"contentUrl\":\"https:\/\/jornalfatosenoticias.com.br\/wp-content\/uploads\/2020\/02\/logo120.png\",\"width\":1227,\"height\":120,\"caption\":\"Jornal Fatos e Not\u00edcias\"},\"image\":{\"@id\":\"https:\/\/jornalfatosenoticias.com.br\/#\/schema\/logo\/image\/\"}},{\"@type\":\"Person\",\"@id\":\"https:\/\/jornalfatosenoticias.com.br\/#\/schema\/person\/d63837fa13ac8666eb9e74e0985d6f81\",\"name\":\"Luzimara Fernandes\",\"image\":{\"@type\":\"ImageObject\",\"inLanguage\":\"pt-BR\",\"@id\":\"https:\/\/jornalfatosenoticias.com.br\/#\/schema\/person\/image\/\",\"url\":\"https:\/\/jornalfatosenoticias.com.br\/wp-content\/uploads\/2025\/05\/EU_portal.jpg\",\"contentUrl\":\"https:\/\/jornalfatosenoticias.com.br\/wp-content\/uploads\/2025\/05\/EU_portal.jpg\",\"caption\":\"Luzimara Fernandes\"},\"description\":\"Jornalista MTB 2358-ES\",\"sameAs\":[\"https:\/\/jornalfatosenoticias.com.br\"],\"url\":\"https:\/\/jornalfatosenoticias.com.br\/index.php\/author\/luzimara\/\"}]}<\/script>\n<!-- \/ Yoast SEO plugin. -->","yoast_head_json":{"title":"Dia do Abra\u00e7o: conhe\u00e7a a origem (um pouco triste) da data - Jornal Fatos e Not\u00edcias","robots":{"index":"index","follow":"follow","max-snippet":"max-snippet:-1","max-image-preview":"max-image-preview:large","max-video-preview":"max-video-preview:-1"},"canonical":"https:\/\/jornalfatosenoticias.com.br\/index.php\/2020\/05\/22\/dia-do-abraco-conheca-a-origem-um-pouco-triste-da-data\/","og_locale":"pt_BR","og_type":"article","og_title":"Dia do Abra\u00e7o: conhe\u00e7a a origem (um pouco triste) da data - Jornal Fatos e Not\u00edcias","og_description":"Entenda na coluna &#8220;Quer Que Eu Desenhe?&#8221; como o movimento &#8220;Free Hugs&#8221; surgiu e o bem que um abra\u00e7o pode fazer \u00e0 sua sa\u00fade f\u00edsica e mental Um abra\u00e7o apertado \u00e9 ideal para matar a saudade, demonstrar gratid\u00e3o ou at\u00e9 mesmo fazer as pazes com um amigo querido. Mas o Dia do Abra\u00e7o, comemorado em [&hellip;]","og_url":"https:\/\/jornalfatosenoticias.com.br\/index.php\/2020\/05\/22\/dia-do-abraco-conheca-a-origem-um-pouco-triste-da-data\/","og_site_name":"Jornal Fatos e Not\u00edcias","article_published_time":"2020-05-22T18:32:52+00:00","article_modified_time":"2020-05-22T18:32:57+00:00","og_image":[{"width":1000,"height":571,"url":"https:\/\/jornalfatosenoticias.com.br\/wp-content\/uploads\/2020\/05\/dia_do_abraco_capa.jpg","type":"image\/jpeg"}],"author":"Luzimara Fernandes","twitter_card":"summary_large_image","twitter_misc":{"Escrito por":"Luzimara Fernandes","Est. tempo de leitura":"2 minutos"},"schema":{"@context":"https:\/\/schema.org","@graph":[{"@type":"Article","@id":"https:\/\/jornalfatosenoticias.com.br\/index.php\/2020\/05\/22\/dia-do-abraco-conheca-a-origem-um-pouco-triste-da-data\/#article","isPartOf":{"@id":"https:\/\/jornalfatosenoticias.com.br\/index.php\/2020\/05\/22\/dia-do-abraco-conheca-a-origem-um-pouco-triste-da-data\/"},"author":{"name":"Luzimara Fernandes","@id":"https:\/\/jornalfatosenoticias.com.br\/#\/schema\/person\/d63837fa13ac8666eb9e74e0985d6f81"},"headline":"Dia do Abra\u00e7o: conhe\u00e7a a origem (um pouco triste) da data","datePublished":"2020-05-22T18:32:52+00:00","dateModified":"2020-05-22T18:32:57+00:00","mainEntityOfPage":{"@id":"https:\/\/jornalfatosenoticias.com.br\/index.php\/2020\/05\/22\/dia-do-abraco-conheca-a-origem-um-pouco-triste-da-data\/"},"wordCount":416,"commentCount":0,"publisher":{"@id":"https:\/\/jornalfatosenoticias.com.br\/#organization"},"image":{"@id":"https:\/\/jornalfatosenoticias.com.br\/index.php\/2020\/05\/22\/dia-do-abraco-conheca-a-origem-um-pouco-triste-da-data\/#primaryimage"},"thumbnailUrl":"https:\/\/jornalfatosenoticias.com.br\/wp-content\/uploads\/2020\/05\/dia_do_abraco_capa.jpg","keywords":["bem-estar","carinho","Dia do Abra\u00e7o","faz bem"],"articleSection":["Comportamento &amp; Equil\u00edbrio"],"inLanguage":"pt-BR","potentialAction":[{"@type":"CommentAction","name":"Comment","target":["https:\/\/jornalfatosenoticias.com.br\/index.php\/2020\/05\/22\/dia-do-abraco-conheca-a-origem-um-pouco-triste-da-data\/#respond"]}]},{"@type":"WebPage","@id":"https:\/\/jornalfatosenoticias.com.br\/index.php\/2020\/05\/22\/dia-do-abraco-conheca-a-origem-um-pouco-triste-da-data\/","url":"https:\/\/jornalfatosenoticias.com.br\/index.php\/2020\/05\/22\/dia-do-abraco-conheca-a-origem-um-pouco-triste-da-data\/","name":"Dia do Abra\u00e7o: conhe\u00e7a a origem (um pouco triste) da data - Jornal Fatos e Not\u00edcias","isPartOf":{"@id":"https:\/\/jornalfatosenoticias.com.br\/#website"},"primaryImageOfPage":{"@id":"https:\/\/jornalfatosenoticias.com.br\/index.php\/2020\/05\/22\/dia-do-abraco-conheca-a-origem-um-pouco-triste-da-data\/#primaryimage"},"image":{"@id":"https:\/\/jornalfatosenoticias.com.br\/index.php\/2020\/05\/22\/dia-do-abraco-conheca-a-origem-um-pouco-triste-da-data\/#primaryimage"},"thumbnailUrl":"https:\/\/jornalfatosenoticias.com.br\/wp-content\/uploads\/2020\/05\/dia_do_abraco_capa.jpg","datePublished":"2020-05-22T18:32:52+00:00","dateModified":"2020-05-22T18:32:57+00:00","breadcrumb":{"@id":"https:\/\/jornalfatosenoticias.com.br\/index.php\/2020\/05\/22\/dia-do-abraco-conheca-a-origem-um-pouco-triste-da-data\/#breadcrumb"},"inLanguage":"pt-BR","potentialAction":[{"@type":"ReadAction","target":["https:\/\/jornalfatosenoticias.com.br\/index.php\/2020\/05\/22\/dia-do-abraco-conheca-a-origem-um-pouco-triste-da-data\/"]}]},{"@type":"ImageObject","inLanguage":"pt-BR","@id":"https:\/\/jornalfatosenoticias.com.br\/index.php\/2020\/05\/22\/dia-do-abraco-conheca-a-origem-um-pouco-triste-da-data\/#primaryimage","url":"https:\/\/jornalfatosenoticias.com.br\/wp-content\/uploads\/2020\/05\/dia_do_abraco_capa.jpg","contentUrl":"https:\/\/jornalfatosenoticias.com.br\/wp-content\/uploads\/2020\/05\/dia_do_abraco_capa.jpg","width":1000,"height":571},{"@type":"BreadcrumbList","@id":"https:\/\/jornalfatosenoticias.com.br\/index.php\/2020\/05\/22\/dia-do-abraco-conheca-a-origem-um-pouco-triste-da-data\/#breadcrumb","itemListElement":[{"@type":"ListItem","position":1,"name":"In\u00edcio","item":"https:\/\/jornalfatosenoticias.com.br\/"},{"@type":"ListItem","position":2,"name":"Dia do Abra\u00e7o: conhe\u00e7a a origem (um pouco triste) da data"}]},{"@type":"WebSite","@id":"https:\/\/jornalfatosenoticias.com.br\/#website","url":"https:\/\/jornalfatosenoticias.com.br\/","name":"Jornal Fatos e Not\u00edcias","description":"Not\u00edcias em geral","publisher":{"@id":"https:\/\/jornalfatosenoticias.com.br\/#organization"},"potentialAction":[{"@type":"SearchAction","target":{"@type":"EntryPoint","urlTemplate":"https:\/\/jornalfatosenoticias.com.br\/?s={search_term_string}"},"query-input":{"@type":"PropertyValueSpecification","valueRequired":true,"valueName":"search_term_string"}}],"inLanguage":"pt-BR"},{"@type":"Organization","@id":"https:\/\/jornalfatosenoticias.com.br\/#organization","name":"Jornal Fatos e Not\u00edcias","url":"https:\/\/jornalfatosenoticias.com.br\/","logo":{"@type":"ImageObject","inLanguage":"pt-BR","@id":"https:\/\/jornalfatosenoticias.com.br\/#\/schema\/logo\/image\/","url":"https:\/\/jornalfatosenoticias.com.br\/wp-content\/uploads\/2020\/02\/logo120.png","contentUrl":"https:\/\/jornalfatosenoticias.com.br\/wp-content\/uploads\/2020\/02\/logo120.png","width":1227,"height":120,"caption":"Jornal Fatos e Not\u00edcias"},"image":{"@id":"https:\/\/jornalfatosenoticias.com.br\/#\/schema\/logo\/image\/"}},{"@type":"Person","@id":"https:\/\/jornalfatosenoticias.com.br\/#\/schema\/person\/d63837fa13ac8666eb9e74e0985d6f81","name":"Luzimara Fernandes","image":{"@type":"ImageObject","inLanguage":"pt-BR","@id":"https:\/\/jornalfatosenoticias.com.br\/#\/schema\/person\/image\/","url":"https:\/\/jornalfatosenoticias.com.br\/wp-content\/uploads\/2025\/05\/EU_portal.jpg","contentUrl":"https:\/\/jornalfatosenoticias.com.br\/wp-content\/uploads\/2025\/05\/EU_portal.jpg","caption":"Luzimara Fernandes"},"description":"Jornalista MTB 2358-ES","sameAs":["https:\/\/jornalfatosenoticias.com.br"],"url":"https:\/\/jornalfatosenoticias.com.br\/index.php\/author\/luzimara\/"}]}},"cc_featured_image_caption":{"caption_text":"Dia do Abra\u00e7o (Ilustra\u00e7\u00e3o: Bernardo Fran\u00e7a)","source_text":"","source_url":""},"jetpack_featured_media_url":"https:\/\/jornalfatosenoticias.com.br\/wp-content\/uploads\/2020\/05\/dia_do_abraco_capa.jpg","_links":{"self":[{"href":"https:\/\/jornalfatosenoticias.com.br\/index.php\/wp-json\/wp\/v2\/posts\/4828","targetHints":{"allow":["GET"]}}],"collection":[{"href":"https:\/\/jornalfatosenoticias.com.br\/index.php\/wp-json\/wp\/v2\/posts"}],"about":[{"href":"https:\/\/jornalfatosenoticias.com.br\/index.php\/wp-json\/wp\/v2\/types\/post"}],"author":[{"embeddable":true,"href":"https:\/\/jornalfatosenoticias.com.br\/index.php\/wp-json\/wp\/v2\/users\/2"}],"replies":[{"embeddable":true,"href":"https:\/\/jornalfatosenoticias.com.br\/index.php\/wp-json\/wp\/v2\/comments?post=4828"}],"version-history":[{"count":0,"href":"https:\/\/jornalfatosenoticias.com.br\/index.php\/wp-json\/wp\/v2\/posts\/4828\/revisions"}],"wp:featuredmedia":[{"embeddable":true,"href":"https:\/\/jornalfatosenoticias.com.br\/index.php\/wp-json\/wp\/v2\/media\/4835"}],"wp:attachment":[{"href":"https:\/\/jornalfatosenoticias.com.br\/index.php\/wp-json\/wp\/v2\/media?parent=4828"}],"wp:term":[{"taxonomy":"category","embeddable":true,"href":"https:\/\/jornalfatosenoticias.com.br\/index.php\/wp-json\/wp\/v2\/categories?post=4828"},{"taxonomy":"post_tag","embeddable":true,"href":"https:\/\/jornalfatosenoticias.com.br\/index.php\/wp-json\/wp\/v2\/tags?post=4828"}],"curies":[{"name":"wp","href":"https:\/\/api.w.org\/{rel}","templated":true}]}}