{"id":48291,"date":"2024-01-09T17:09:26","date_gmt":"2024-01-09T20:09:26","guid":{"rendered":"https:\/\/jornalfatosenoticias.com.br\/?p=48291"},"modified":"2024-01-09T17:09:27","modified_gmt":"2024-01-09T20:09:27","slug":"cuba-anuncia-aumento-de-mais-de-500-no-preco-do-combustivel","status":"publish","type":"post","link":"https:\/\/jornalfatosenoticias.com.br\/index.php\/2024\/01\/09\/cuba-anuncia-aumento-de-mais-de-500-no-preco-do-combustivel\/","title":{"rendered":"Cuba anuncia aumento de mais de 500% no pre\u00e7o do combust\u00edvel"},"content":{"rendered":"\n<p><em><span class=\"has-inline-color has-black-color\">O ditador cubano, Miguel D\u00edaz-Canel, enfrenta uma crise generalizada na ilha<\/span><\/em><\/p>\n\n\n\n<p><span class=\"has-inline-color has-black-color\">Por <strong><a href=\"https:\/\/www.gazetadopovo.com.br\/autor\/isabella-de-paula\/\">Isabella de Paula<\/a><\/strong><\/span><\/p>\n\n\n\n<div class=\"wp-block-image\"><figure class=\"aligncenter size-large\"><img loading=\"lazy\" decoding=\"async\" width=\"729\" height=\"90\" src=\"https:\/\/jornalfatosenoticias.com.br\/wp-content\/uploads\/2020\/02\/Logo_Mizu.png\" alt=\"\" class=\"wp-image-1441\" srcset=\"https:\/\/jornalfatosenoticias.com.br\/wp-content\/uploads\/2020\/02\/Logo_Mizu.png 729w, https:\/\/jornalfatosenoticias.com.br\/wp-content\/uploads\/2020\/02\/Logo_Mizu-300x37.png 300w\" sizes=\"auto, (max-width: 729px) 100vw, 729px\" \/><\/figure><\/div>\n\n\n\n<p>A ditadura de Cuba anunciou nesta segunda-feira (8) um aumento de 528% nos pre\u00e7os da gasolina e do diesel comuns a partir de 1\u00ba de fevereiro, passando dos atuais 25 pesos cubanos para 132 pesos (R$ 5,36 no c\u00e2mbio oficial), como parte do grande plano de ajuste macroecon\u00f4mico anunciado em dezembro.<br>O aumento foi confirmado pelo ministro de Finan\u00e7as e Pre\u00e7os, Vladimir Reguero, durante uma entrevista \u00e0 rede de televis\u00e3o estatal na qual ele tamb\u00e9m garantiu que o programa tem como objetivo &#8220;reanimar&#8221; a economia cubana, que est\u00e1 atolada em uma crise profunda.<br>Da mesma forma, o pre\u00e7o da gasolina especial (94 octanas) subir\u00e1 de 30 pesos por litro para 156 pesos (R$ 6,33), enquanto o do diesel especial passar\u00e1 dos atuais 27,5 pesos para 150 (R$ 6,09). Os aumentos seriam de 520 e 546%, respectivamente. O regime cubano disse que cerca de 28 postos de combust\u00edveis no pa\u00eds come\u00e7ar\u00e3o a aceitar de turistas pagamento em d\u00f3lar.<\/p>\n\n\n\n<div class=\"wp-block-image\"><figure class=\"aligncenter size-large is-resized\"><img loading=\"lazy\" decoding=\"async\" src=\"https:\/\/jornalfatosenoticias.com.br\/wp-content\/uploads\/2022\/02\/Precisao-Contabilidade-1024x724.jpg\" alt=\"\" class=\"wp-image-28088\" width=\"325\" height=\"230\"\/><\/figure><\/div>\n\n\n\n<blockquote class=\"wp-block-quote is-layout-flow wp-block-quote-is-layout-flow\"><p><span class=\"has-inline-color has-luminous-vivid-orange-color\">Agora, se ao mesmo tempo tivermos uma cadeia de postos que vendem em moeda nacional a 30 pesos, ningu\u00e9m ir\u00e1 \u00e0queles que vendem em moeda estrangeira. Temos de alinhar os pre\u00e7os com a taxa de c\u00e2mbio oficial que temos hoje no pa\u00eds, (de) 120 pesos para um (d\u00f3lar) (\u2026) Portanto, os pre\u00e7os em moeda nacional v\u00e3o subir&#8221;, afirmou o ministro.<\/span><\/p><\/blockquote>\n\n\n\n<div class=\"wp-block-image\"><figure class=\"aligncenter size-large\"><img loading=\"lazy\" decoding=\"async\" width=\"300\" height=\"250\" src=\"https:\/\/jornalfatosenoticias.com.br\/wp-content\/uploads\/2022\/02\/FERRARI_MAQUINAS-E-FERRAMENTAS2.jpg\" alt=\"\" class=\"wp-image-27860\"\/><\/figure><\/div>\n\n\n\n<p>Reguero disse ainda que a cobran\u00e7a de gasolina e diesel em d\u00f3lares teria como objetivo obter moeda para o &#8220;fornecimento&#8221; de combust\u00edvel na ilha, que \u00e9 altamente dependente de importa\u00e7\u00f5es de pa\u00edses aliados, como R\u00fassia, Venezuela e M\u00e9xico.<\/p>\n\n\n\n<div class=\"wp-block-image\"><figure class=\"aligncenter size-large is-resized\"><img loading=\"lazy\" decoding=\"async\" src=\"https:\/\/jornalfatosenoticias.com.br\/wp-content\/uploads\/2023\/12\/pegoretti-logo-pdf-1024x389.jpg\" alt=\"\" class=\"wp-image-47536\" width=\"419\" height=\"159\" srcset=\"https:\/\/jornalfatosenoticias.com.br\/wp-content\/uploads\/2023\/12\/pegoretti-logo-pdf-1024x389.jpg 1024w, https:\/\/jornalfatosenoticias.com.br\/wp-content\/uploads\/2023\/12\/pegoretti-logo-pdf-300x114.jpg 300w, https:\/\/jornalfatosenoticias.com.br\/wp-content\/uploads\/2023\/12\/pegoretti-logo-pdf-768x291.jpg 768w, https:\/\/jornalfatosenoticias.com.br\/wp-content\/uploads\/2023\/12\/pegoretti-logo-pdf.jpg 1120w\" sizes=\"auto, (max-width: 419px) 100vw, 419px\" \/><\/figure><\/div>\n\n\n\n<p><strong><span class=\"has-inline-color has-vivid-red-color\">CONTA DE LUZ MAIS CARA<br><\/span><\/strong>Como o governo tamb\u00e9m havia anunciado em meados de dezembro, a tarifa de eletricidade vai aumentar neste ano, apenas para os consumidores dom\u00e9sticos, que s\u00e3o os que mais consomem. O ministro de Energia e Minas afirmou que haver\u00e1 um aumento de 25% para cada quilowatt (kW) extra que exceder a propor\u00e7\u00e3o de 500 quilowatts por hora (kWh). Esse aumento, conforme ele esclareceu, afetaria apenas entre 2% e 5% dos consumidores, de acordo com os c\u00e1lculos do governo.<\/p>\n\n\n\n<div class=\"wp-block-image\"><figure class=\"aligncenter size-large is-resized\"><img loading=\"lazy\" decoding=\"async\" src=\"https:\/\/jornalfatosenoticias.com.br\/wp-content\/uploads\/2022\/10\/RC_800x750_page-0001.jpg\" alt=\"\" class=\"wp-image-35338\" width=\"310\" height=\"291\" srcset=\"https:\/\/jornalfatosenoticias.com.br\/wp-content\/uploads\/2022\/10\/RC_800x750_page-0001.jpg 400w, https:\/\/jornalfatosenoticias.com.br\/wp-content\/uploads\/2022\/10\/RC_800x750_page-0001-300x281.jpg 300w\" sizes=\"auto, (max-width: 310px) 100vw, 310px\" \/><\/figure><\/div>\n\n\n\n<p>Em Cuba, as resid\u00eancias s\u00e3o respons\u00e1veis por cerca de 60% dos gastos com energia el\u00e9trica. Em 2024, Cuba implementar\u00e1 um de seus maiores planos de ajuste macroecon\u00f4mico em d\u00e9cadas, com aumentos em servi\u00e7os como energia, \u00e1gua e g\u00e1s e o fim do subs\u00eddio universal aos alimentos. O governo enfatizou a urg\u00eancia dessas medidas e ressaltou que n\u00e3o afetar\u00e3o os setores mais vulner\u00e1veis.<\/p>\n\n\n\n<div class=\"wp-block-image\"><figure class=\"aligncenter size-large\"><img loading=\"lazy\" decoding=\"async\" width=\"300\" height=\"250\" src=\"https:\/\/jornalfatosenoticias.com.br\/wp-content\/uploads\/2020\/02\/Banner-2.png\" alt=\"\" class=\"wp-image-43787\"\/><\/figure><\/div>\n\n\n\n<p>A ilha, governada por Miguel D\u00edaz-Canel, encerrou 2023 com uma contra\u00e7\u00e3o do Produto Interno Bruto (PIB) de at\u00e9 2%, segundo o governo, e um d\u00e9ficit fiscal equivalente a 19% do PIB. A infla\u00e7\u00e3o oficial ultrapassar\u00e1 30%, de acordo com c\u00e1lculos oficiais.\u00a0<\/p>\n\n\n\n<div class=\"wp-block-image\"><figure class=\"aligncenter size-large is-resized\"><img loading=\"lazy\" decoding=\"async\" src=\"https:\/\/jornalfatosenoticias.com.br\/wp-content\/uploads\/2023\/08\/ITH.jpeg\" alt=\"\" class=\"wp-image-44638\" width=\"349\" height=\"283\" srcset=\"https:\/\/jornalfatosenoticias.com.br\/wp-content\/uploads\/2023\/08\/ITH.jpeg 800w, https:\/\/jornalfatosenoticias.com.br\/wp-content\/uploads\/2023\/08\/ITH-300x244.jpeg 300w, https:\/\/jornalfatosenoticias.com.br\/wp-content\/uploads\/2023\/08\/ITH-768x624.jpeg 768w\" sizes=\"auto, (max-width: 349px) 100vw, 349px\" \/><\/figure><\/div>\n\n\n\n<p><strong><em>Fonte: <a href=\"https:\/\/www.gazetadopovo.com.br\/mundo\/cuba-anuncia-aumento-de-mais-de-500-no-preco-do-combustivel\/\">Gazeta do Povo<\/a><\/em><\/strong><\/p>\n","protected":false},"excerpt":{"rendered":"<p>O ditador cubano, Miguel D\u00edaz-Canel, enfrenta uma crise generalizada na ilha Por Isabella de Paula A ditadura de Cuba anunciou nesta segunda-feira (8) um aumento de 528% nos pre\u00e7os da gasolina e do diesel comuns a partir de 1\u00ba de fevereiro, passando dos atuais 25 pesos cubanos para 132 pesos (R$ 5,36 no c\u00e2mbio oficial), [&hellip;]<\/p>\n","protected":false},"author":2,"featured_media":48292,"comment_status":"open","ping_status":"open","sticky":false,"template":"","format":"standard","meta":{"footnotes":""},"categories":[41],"tags":[16252,13378,5043,6682],"class_list":["post-48291","post","type-post","status-publish","format-standard","has-post-thumbnail","hentry","category-internacional","tag-combustiveis","tag-comunismo","tag-cuba","tag-gasolina"],"yoast_head":"<!-- This site is optimized with the Yoast SEO plugin v26.5 - https:\/\/yoast.com\/wordpress\/plugins\/seo\/ -->\n<title>Cuba anuncia aumento de mais de 500% no pre\u00e7o do combust\u00edvel - Jornal Fatos e Not\u00edcias<\/title>\n<meta name=\"robots\" content=\"index, follow, max-snippet:-1, max-image-preview:large, max-video-preview:-1\" \/>\n<link rel=\"canonical\" href=\"https:\/\/jornalfatosenoticias.com.br\/index.php\/2024\/01\/09\/cuba-anuncia-aumento-de-mais-de-500-no-preco-do-combustivel\/\" \/>\n<meta property=\"og:locale\" content=\"pt_BR\" \/>\n<meta property=\"og:type\" content=\"article\" \/>\n<meta property=\"og:title\" content=\"Cuba anuncia aumento de mais de 500% no pre\u00e7o do combust\u00edvel - Jornal Fatos e Not\u00edcias\" \/>\n<meta property=\"og:description\" content=\"O ditador cubano, Miguel D\u00edaz-Canel, enfrenta uma crise generalizada na ilha Por Isabella de Paula A ditadura de Cuba anunciou nesta segunda-feira (8) um aumento de 528% nos pre\u00e7os da gasolina e do diesel comuns a partir de 1\u00ba de fevereiro, passando dos atuais 25 pesos cubanos para 132 pesos (R$ 5,36 no c\u00e2mbio oficial), [&hellip;]\" \/>\n<meta property=\"og:url\" content=\"https:\/\/jornalfatosenoticias.com.br\/index.php\/2024\/01\/09\/cuba-anuncia-aumento-de-mais-de-500-no-preco-do-combustivel\/\" \/>\n<meta property=\"og:site_name\" content=\"Jornal Fatos e Not\u00edcias\" \/>\n<meta property=\"article:published_time\" content=\"2024-01-09T20:09:26+00:00\" \/>\n<meta property=\"article:modified_time\" content=\"2024-01-09T20:09:27+00:00\" \/>\n<meta property=\"og:image\" content=\"https:\/\/jornalfatosenoticias.com.br\/wp-content\/uploads\/2024\/01\/DITADOR-CUBANO.jpg\" \/>\n\t<meta property=\"og:image:width\" content=\"960\" \/>\n\t<meta property=\"og:image:height\" content=\"540\" \/>\n\t<meta property=\"og:image:type\" content=\"image\/jpeg\" \/>\n<meta name=\"author\" content=\"Luzimara Fernandes\" \/>\n<meta name=\"twitter:card\" content=\"summary_large_image\" \/>\n<meta name=\"twitter:label1\" content=\"Escrito por\" \/>\n\t<meta name=\"twitter:data1\" content=\"Luzimara Fernandes\" \/>\n\t<meta name=\"twitter:label2\" content=\"Est. tempo de leitura\" \/>\n\t<meta name=\"twitter:data2\" content=\"2 minutos\" \/>\n<script type=\"application\/ld+json\" class=\"yoast-schema-graph\">{\"@context\":\"https:\/\/schema.org\",\"@graph\":[{\"@type\":\"Article\",\"@id\":\"https:\/\/jornalfatosenoticias.com.br\/index.php\/2024\/01\/09\/cuba-anuncia-aumento-de-mais-de-500-no-preco-do-combustivel\/#article\",\"isPartOf\":{\"@id\":\"https:\/\/jornalfatosenoticias.com.br\/index.php\/2024\/01\/09\/cuba-anuncia-aumento-de-mais-de-500-no-preco-do-combustivel\/\"},\"author\":{\"name\":\"Luzimara Fernandes\",\"@id\":\"https:\/\/jornalfatosenoticias.com.br\/#\/schema\/person\/d63837fa13ac8666eb9e74e0985d6f81\"},\"headline\":\"Cuba anuncia aumento de mais de 500% no pre\u00e7o do combust\u00edvel\",\"datePublished\":\"2024-01-09T20:09:26+00:00\",\"dateModified\":\"2024-01-09T20:09:27+00:00\",\"mainEntityOfPage\":{\"@id\":\"https:\/\/jornalfatosenoticias.com.br\/index.php\/2024\/01\/09\/cuba-anuncia-aumento-de-mais-de-500-no-preco-do-combustivel\/\"},\"wordCount\":491,\"commentCount\":0,\"publisher\":{\"@id\":\"https:\/\/jornalfatosenoticias.com.br\/#organization\"},\"image\":{\"@id\":\"https:\/\/jornalfatosenoticias.com.br\/index.php\/2024\/01\/09\/cuba-anuncia-aumento-de-mais-de-500-no-preco-do-combustivel\/#primaryimage\"},\"thumbnailUrl\":\"https:\/\/jornalfatosenoticias.com.br\/wp-content\/uploads\/2024\/01\/DITADOR-CUBANO.jpg\",\"keywords\":[\"Combust\u00edveis\",\"comunismo\",\"Cuba\",\"gasolina\"],\"articleSection\":[\"Internacional\"],\"inLanguage\":\"pt-BR\",\"potentialAction\":[{\"@type\":\"CommentAction\",\"name\":\"Comment\",\"target\":[\"https:\/\/jornalfatosenoticias.com.br\/index.php\/2024\/01\/09\/cuba-anuncia-aumento-de-mais-de-500-no-preco-do-combustivel\/#respond\"]}]},{\"@type\":\"WebPage\",\"@id\":\"https:\/\/jornalfatosenoticias.com.br\/index.php\/2024\/01\/09\/cuba-anuncia-aumento-de-mais-de-500-no-preco-do-combustivel\/\",\"url\":\"https:\/\/jornalfatosenoticias.com.br\/index.php\/2024\/01\/09\/cuba-anuncia-aumento-de-mais-de-500-no-preco-do-combustivel\/\",\"name\":\"Cuba anuncia aumento de mais de 500% no pre\u00e7o do combust\u00edvel - Jornal Fatos e Not\u00edcias\",\"isPartOf\":{\"@id\":\"https:\/\/jornalfatosenoticias.com.br\/#website\"},\"primaryImageOfPage\":{\"@id\":\"https:\/\/jornalfatosenoticias.com.br\/index.php\/2024\/01\/09\/cuba-anuncia-aumento-de-mais-de-500-no-preco-do-combustivel\/#primaryimage\"},\"image\":{\"@id\":\"https:\/\/jornalfatosenoticias.com.br\/index.php\/2024\/01\/09\/cuba-anuncia-aumento-de-mais-de-500-no-preco-do-combustivel\/#primaryimage\"},\"thumbnailUrl\":\"https:\/\/jornalfatosenoticias.com.br\/wp-content\/uploads\/2024\/01\/DITADOR-CUBANO.jpg\",\"datePublished\":\"2024-01-09T20:09:26+00:00\",\"dateModified\":\"2024-01-09T20:09:27+00:00\",\"breadcrumb\":{\"@id\":\"https:\/\/jornalfatosenoticias.com.br\/index.php\/2024\/01\/09\/cuba-anuncia-aumento-de-mais-de-500-no-preco-do-combustivel\/#breadcrumb\"},\"inLanguage\":\"pt-BR\",\"potentialAction\":[{\"@type\":\"ReadAction\",\"target\":[\"https:\/\/jornalfatosenoticias.com.br\/index.php\/2024\/01\/09\/cuba-anuncia-aumento-de-mais-de-500-no-preco-do-combustivel\/\"]}]},{\"@type\":\"ImageObject\",\"inLanguage\":\"pt-BR\",\"@id\":\"https:\/\/jornalfatosenoticias.com.br\/index.php\/2024\/01\/09\/cuba-anuncia-aumento-de-mais-de-500-no-preco-do-combustivel\/#primaryimage\",\"url\":\"https:\/\/jornalfatosenoticias.com.br\/wp-content\/uploads\/2024\/01\/DITADOR-CUBANO.jpg\",\"contentUrl\":\"https:\/\/jornalfatosenoticias.com.br\/wp-content\/uploads\/2024\/01\/DITADOR-CUBANO.jpg\",\"width\":960,\"height\":540},{\"@type\":\"BreadcrumbList\",\"@id\":\"https:\/\/jornalfatosenoticias.com.br\/index.php\/2024\/01\/09\/cuba-anuncia-aumento-de-mais-de-500-no-preco-do-combustivel\/#breadcrumb\",\"itemListElement\":[{\"@type\":\"ListItem\",\"position\":1,\"name\":\"In\u00edcio\",\"item\":\"https:\/\/jornalfatosenoticias.com.br\/\"},{\"@type\":\"ListItem\",\"position\":2,\"name\":\"Cuba anuncia aumento de mais de 500% no pre\u00e7o do combust\u00edvel\"}]},{\"@type\":\"WebSite\",\"@id\":\"https:\/\/jornalfatosenoticias.com.br\/#website\",\"url\":\"https:\/\/jornalfatosenoticias.com.br\/\",\"name\":\"Jornal Fatos e Not\u00edcias\",\"description\":\"Not\u00edcias em geral\",\"publisher\":{\"@id\":\"https:\/\/jornalfatosenoticias.com.br\/#organization\"},\"potentialAction\":[{\"@type\":\"SearchAction\",\"target\":{\"@type\":\"EntryPoint\",\"urlTemplate\":\"https:\/\/jornalfatosenoticias.com.br\/?s={search_term_string}\"},\"query-input\":{\"@type\":\"PropertyValueSpecification\",\"valueRequired\":true,\"valueName\":\"search_term_string\"}}],\"inLanguage\":\"pt-BR\"},{\"@type\":\"Organization\",\"@id\":\"https:\/\/jornalfatosenoticias.com.br\/#organization\",\"name\":\"Jornal Fatos e Not\u00edcias\",\"url\":\"https:\/\/jornalfatosenoticias.com.br\/\",\"logo\":{\"@type\":\"ImageObject\",\"inLanguage\":\"pt-BR\",\"@id\":\"https:\/\/jornalfatosenoticias.com.br\/#\/schema\/logo\/image\/\",\"url\":\"https:\/\/jornalfatosenoticias.com.br\/wp-content\/uploads\/2020\/02\/logo120.png\",\"contentUrl\":\"https:\/\/jornalfatosenoticias.com.br\/wp-content\/uploads\/2020\/02\/logo120.png\",\"width\":1227,\"height\":120,\"caption\":\"Jornal Fatos e Not\u00edcias\"},\"image\":{\"@id\":\"https:\/\/jornalfatosenoticias.com.br\/#\/schema\/logo\/image\/\"}},{\"@type\":\"Person\",\"@id\":\"https:\/\/jornalfatosenoticias.com.br\/#\/schema\/person\/d63837fa13ac8666eb9e74e0985d6f81\",\"name\":\"Luzimara Fernandes\",\"image\":{\"@type\":\"ImageObject\",\"inLanguage\":\"pt-BR\",\"@id\":\"https:\/\/jornalfatosenoticias.com.br\/#\/schema\/person\/image\/\",\"url\":\"https:\/\/jornalfatosenoticias.com.br\/wp-content\/uploads\/2025\/05\/EU_portal.jpg\",\"contentUrl\":\"https:\/\/jornalfatosenoticias.com.br\/wp-content\/uploads\/2025\/05\/EU_portal.jpg\",\"caption\":\"Luzimara Fernandes\"},\"description\":\"Jornalista MTB 2358-ES\",\"sameAs\":[\"https:\/\/jornalfatosenoticias.com.br\"],\"url\":\"https:\/\/jornalfatosenoticias.com.br\/index.php\/author\/luzimara\/\"}]}<\/script>\n<!-- \/ Yoast SEO plugin. -->","yoast_head_json":{"title":"Cuba anuncia aumento de mais de 500% no pre\u00e7o do combust\u00edvel - Jornal Fatos e Not\u00edcias","robots":{"index":"index","follow":"follow","max-snippet":"max-snippet:-1","max-image-preview":"max-image-preview:large","max-video-preview":"max-video-preview:-1"},"canonical":"https:\/\/jornalfatosenoticias.com.br\/index.php\/2024\/01\/09\/cuba-anuncia-aumento-de-mais-de-500-no-preco-do-combustivel\/","og_locale":"pt_BR","og_type":"article","og_title":"Cuba anuncia aumento de mais de 500% no pre\u00e7o do combust\u00edvel - Jornal Fatos e Not\u00edcias","og_description":"O ditador cubano, Miguel D\u00edaz-Canel, enfrenta uma crise generalizada na ilha Por Isabella de Paula A ditadura de Cuba anunciou nesta segunda-feira (8) um aumento de 528% nos pre\u00e7os da gasolina e do diesel comuns a partir de 1\u00ba de fevereiro, passando dos atuais 25 pesos cubanos para 132 pesos (R$ 5,36 no c\u00e2mbio oficial), [&hellip;]","og_url":"https:\/\/jornalfatosenoticias.com.br\/index.php\/2024\/01\/09\/cuba-anuncia-aumento-de-mais-de-500-no-preco-do-combustivel\/","og_site_name":"Jornal Fatos e Not\u00edcias","article_published_time":"2024-01-09T20:09:26+00:00","article_modified_time":"2024-01-09T20:09:27+00:00","og_image":[{"width":960,"height":540,"url":"https:\/\/jornalfatosenoticias.com.br\/wp-content\/uploads\/2024\/01\/DITADOR-CUBANO.jpg","type":"image\/jpeg"}],"author":"Luzimara Fernandes","twitter_card":"summary_large_image","twitter_misc":{"Escrito por":"Luzimara Fernandes","Est. tempo de leitura":"2 minutos"},"schema":{"@context":"https:\/\/schema.org","@graph":[{"@type":"Article","@id":"https:\/\/jornalfatosenoticias.com.br\/index.php\/2024\/01\/09\/cuba-anuncia-aumento-de-mais-de-500-no-preco-do-combustivel\/#article","isPartOf":{"@id":"https:\/\/jornalfatosenoticias.com.br\/index.php\/2024\/01\/09\/cuba-anuncia-aumento-de-mais-de-500-no-preco-do-combustivel\/"},"author":{"name":"Luzimara Fernandes","@id":"https:\/\/jornalfatosenoticias.com.br\/#\/schema\/person\/d63837fa13ac8666eb9e74e0985d6f81"},"headline":"Cuba anuncia aumento de mais de 500% no pre\u00e7o do combust\u00edvel","datePublished":"2024-01-09T20:09:26+00:00","dateModified":"2024-01-09T20:09:27+00:00","mainEntityOfPage":{"@id":"https:\/\/jornalfatosenoticias.com.br\/index.php\/2024\/01\/09\/cuba-anuncia-aumento-de-mais-de-500-no-preco-do-combustivel\/"},"wordCount":491,"commentCount":0,"publisher":{"@id":"https:\/\/jornalfatosenoticias.com.br\/#organization"},"image":{"@id":"https:\/\/jornalfatosenoticias.com.br\/index.php\/2024\/01\/09\/cuba-anuncia-aumento-de-mais-de-500-no-preco-do-combustivel\/#primaryimage"},"thumbnailUrl":"https:\/\/jornalfatosenoticias.com.br\/wp-content\/uploads\/2024\/01\/DITADOR-CUBANO.jpg","keywords":["Combust\u00edveis","comunismo","Cuba","gasolina"],"articleSection":["Internacional"],"inLanguage":"pt-BR","potentialAction":[{"@type":"CommentAction","name":"Comment","target":["https:\/\/jornalfatosenoticias.com.br\/index.php\/2024\/01\/09\/cuba-anuncia-aumento-de-mais-de-500-no-preco-do-combustivel\/#respond"]}]},{"@type":"WebPage","@id":"https:\/\/jornalfatosenoticias.com.br\/index.php\/2024\/01\/09\/cuba-anuncia-aumento-de-mais-de-500-no-preco-do-combustivel\/","url":"https:\/\/jornalfatosenoticias.com.br\/index.php\/2024\/01\/09\/cuba-anuncia-aumento-de-mais-de-500-no-preco-do-combustivel\/","name":"Cuba anuncia aumento de mais de 500% no pre\u00e7o do combust\u00edvel - Jornal Fatos e Not\u00edcias","isPartOf":{"@id":"https:\/\/jornalfatosenoticias.com.br\/#website"},"primaryImageOfPage":{"@id":"https:\/\/jornalfatosenoticias.com.br\/index.php\/2024\/01\/09\/cuba-anuncia-aumento-de-mais-de-500-no-preco-do-combustivel\/#primaryimage"},"image":{"@id":"https:\/\/jornalfatosenoticias.com.br\/index.php\/2024\/01\/09\/cuba-anuncia-aumento-de-mais-de-500-no-preco-do-combustivel\/#primaryimage"},"thumbnailUrl":"https:\/\/jornalfatosenoticias.com.br\/wp-content\/uploads\/2024\/01\/DITADOR-CUBANO.jpg","datePublished":"2024-01-09T20:09:26+00:00","dateModified":"2024-01-09T20:09:27+00:00","breadcrumb":{"@id":"https:\/\/jornalfatosenoticias.com.br\/index.php\/2024\/01\/09\/cuba-anuncia-aumento-de-mais-de-500-no-preco-do-combustivel\/#breadcrumb"},"inLanguage":"pt-BR","potentialAction":[{"@type":"ReadAction","target":["https:\/\/jornalfatosenoticias.com.br\/index.php\/2024\/01\/09\/cuba-anuncia-aumento-de-mais-de-500-no-preco-do-combustivel\/"]}]},{"@type":"ImageObject","inLanguage":"pt-BR","@id":"https:\/\/jornalfatosenoticias.com.br\/index.php\/2024\/01\/09\/cuba-anuncia-aumento-de-mais-de-500-no-preco-do-combustivel\/#primaryimage","url":"https:\/\/jornalfatosenoticias.com.br\/wp-content\/uploads\/2024\/01\/DITADOR-CUBANO.jpg","contentUrl":"https:\/\/jornalfatosenoticias.com.br\/wp-content\/uploads\/2024\/01\/DITADOR-CUBANO.jpg","width":960,"height":540},{"@type":"BreadcrumbList","@id":"https:\/\/jornalfatosenoticias.com.br\/index.php\/2024\/01\/09\/cuba-anuncia-aumento-de-mais-de-500-no-preco-do-combustivel\/#breadcrumb","itemListElement":[{"@type":"ListItem","position":1,"name":"In\u00edcio","item":"https:\/\/jornalfatosenoticias.com.br\/"},{"@type":"ListItem","position":2,"name":"Cuba anuncia aumento de mais de 500% no pre\u00e7o do combust\u00edvel"}]},{"@type":"WebSite","@id":"https:\/\/jornalfatosenoticias.com.br\/#website","url":"https:\/\/jornalfatosenoticias.com.br\/","name":"Jornal Fatos e Not\u00edcias","description":"Not\u00edcias em geral","publisher":{"@id":"https:\/\/jornalfatosenoticias.com.br\/#organization"},"potentialAction":[{"@type":"SearchAction","target":{"@type":"EntryPoint","urlTemplate":"https:\/\/jornalfatosenoticias.com.br\/?s={search_term_string}"},"query-input":{"@type":"PropertyValueSpecification","valueRequired":true,"valueName":"search_term_string"}}],"inLanguage":"pt-BR"},{"@type":"Organization","@id":"https:\/\/jornalfatosenoticias.com.br\/#organization","name":"Jornal Fatos e Not\u00edcias","url":"https:\/\/jornalfatosenoticias.com.br\/","logo":{"@type":"ImageObject","inLanguage":"pt-BR","@id":"https:\/\/jornalfatosenoticias.com.br\/#\/schema\/logo\/image\/","url":"https:\/\/jornalfatosenoticias.com.br\/wp-content\/uploads\/2020\/02\/logo120.png","contentUrl":"https:\/\/jornalfatosenoticias.com.br\/wp-content\/uploads\/2020\/02\/logo120.png","width":1227,"height":120,"caption":"Jornal Fatos e Not\u00edcias"},"image":{"@id":"https:\/\/jornalfatosenoticias.com.br\/#\/schema\/logo\/image\/"}},{"@type":"Person","@id":"https:\/\/jornalfatosenoticias.com.br\/#\/schema\/person\/d63837fa13ac8666eb9e74e0985d6f81","name":"Luzimara Fernandes","image":{"@type":"ImageObject","inLanguage":"pt-BR","@id":"https:\/\/jornalfatosenoticias.com.br\/#\/schema\/person\/image\/","url":"https:\/\/jornalfatosenoticias.com.br\/wp-content\/uploads\/2025\/05\/EU_portal.jpg","contentUrl":"https:\/\/jornalfatosenoticias.com.br\/wp-content\/uploads\/2025\/05\/EU_portal.jpg","caption":"Luzimara Fernandes"},"description":"Jornalista MTB 2358-ES","sameAs":["https:\/\/jornalfatosenoticias.com.br"],"url":"https:\/\/jornalfatosenoticias.com.br\/index.php\/author\/luzimara\/"}]}},"cc_featured_image_caption":{"caption_text":"(Foto: Reprodu\u00e7\u00e3o\/Gazeta do Povo) ","source_text":"","source_url":""},"jetpack_featured_media_url":"https:\/\/jornalfatosenoticias.com.br\/wp-content\/uploads\/2024\/01\/DITADOR-CUBANO.jpg","_links":{"self":[{"href":"https:\/\/jornalfatosenoticias.com.br\/index.php\/wp-json\/wp\/v2\/posts\/48291","targetHints":{"allow":["GET"]}}],"collection":[{"href":"https:\/\/jornalfatosenoticias.com.br\/index.php\/wp-json\/wp\/v2\/posts"}],"about":[{"href":"https:\/\/jornalfatosenoticias.com.br\/index.php\/wp-json\/wp\/v2\/types\/post"}],"author":[{"embeddable":true,"href":"https:\/\/jornalfatosenoticias.com.br\/index.php\/wp-json\/wp\/v2\/users\/2"}],"replies":[{"embeddable":true,"href":"https:\/\/jornalfatosenoticias.com.br\/index.php\/wp-json\/wp\/v2\/comments?post=48291"}],"version-history":[{"count":0,"href":"https:\/\/jornalfatosenoticias.com.br\/index.php\/wp-json\/wp\/v2\/posts\/48291\/revisions"}],"wp:featuredmedia":[{"embeddable":true,"href":"https:\/\/jornalfatosenoticias.com.br\/index.php\/wp-json\/wp\/v2\/media\/48292"}],"wp:attachment":[{"href":"https:\/\/jornalfatosenoticias.com.br\/index.php\/wp-json\/wp\/v2\/media?parent=48291"}],"wp:term":[{"taxonomy":"category","embeddable":true,"href":"https:\/\/jornalfatosenoticias.com.br\/index.php\/wp-json\/wp\/v2\/categories?post=48291"},{"taxonomy":"post_tag","embeddable":true,"href":"https:\/\/jornalfatosenoticias.com.br\/index.php\/wp-json\/wp\/v2\/tags?post=48291"}],"curies":[{"name":"wp","href":"https:\/\/api.w.org\/{rel}","templated":true}]}}