{"id":48342,"date":"2024-01-10T11:59:37","date_gmt":"2024-01-10T14:59:37","guid":{"rendered":"https:\/\/jornalfatosenoticias.com.br\/?p=48342"},"modified":"2024-01-10T12:01:00","modified_gmt":"2024-01-10T15:01:00","slug":"98-dos-leitores-nao-acreditam-em-versao-sem-provas-de-moraes-sobre-plano-homicida","status":"publish","type":"post","link":"https:\/\/jornalfatosenoticias.com.br\/index.php\/2024\/01\/10\/98-dos-leitores-nao-acreditam-em-versao-sem-provas-de-moraes-sobre-plano-homicida\/","title":{"rendered":"98% dos leitores n\u00e3o acreditam em vers\u00e3o sem provas de Moraes sobre \u201cplano homicida\u201d, diz Gazeta do Povo"},"content":{"rendered":"\n<p><em><span class=\"has-inline-color has-black-color\">O ministro do STF, Alexandre de Moraes<\/span><\/em><\/p>\n\n\n\n<p><span class=\"has-inline-color has-black-color\">Por <strong><a href=\"https:\/\/www.gazetadopovo.com.br\/autor\/diogenes-freire-feitosa\/\">Di\u00f3genes Freire Feitosa<\/a><\/strong><\/span><\/p>\n\n\n\n<div class=\"wp-block-image\"><figure class=\"aligncenter size-large\"><img loading=\"lazy\" decoding=\"async\" width=\"1024\" height=\"109\" src=\"https:\/\/jornalfatosenoticias.com.br\/wp-content\/uploads\/2020\/02\/CONTROL-CS2-1024x109.jpg\" alt=\"\" class=\"wp-image-44989\" srcset=\"https:\/\/jornalfatosenoticias.com.br\/wp-content\/uploads\/2020\/02\/CONTROL-CS2-1024x109.jpg 1024w, https:\/\/jornalfatosenoticias.com.br\/wp-content\/uploads\/2020\/02\/CONTROL-CS2-300x32.jpg 300w, https:\/\/jornalfatosenoticias.com.br\/wp-content\/uploads\/2020\/02\/CONTROL-CS2-768x82.jpg 768w, https:\/\/jornalfatosenoticias.com.br\/wp-content\/uploads\/2020\/02\/CONTROL-CS2.jpg 1120w\" sizes=\"auto, (max-width: 1024px) 100vw, 1024px\" \/><\/figure><\/div>\n\n\n\n<p>De acordo com o resultado da enquete da <strong>Gazeta do Povo,<\/strong> que esteve no ar do dia 5 ao dia 9 de janeiro de 2024, 98% dos leitores do jornal n\u00e3o acreditam na vers\u00e3o sem provas apresentada pelo ministros do Supremo Tribunal Federal (STF), Alexandre de Moraes, sobre um suposto \u201cplano homicida\u201d arquitetado por manifestantes do 8\/1.<br>A <strong>Gazeta do Povo<\/strong> quis saber qual a opini\u00e3o dos leitores sobre a alega\u00e7\u00e3o do ministro. Ao todo, 1.363 leitores participaram da enquete. Desses, apenas 2% disseram acreditar no relato de Moraes, mesmo que o ministro n\u00e3o tenha apresentado provas das acusa\u00e7\u00f5es.<br>De acordo com o ministro, a investiga\u00e7\u00e3o dos atos teria identificado \u201ctr\u00eas planos\u201d supostamente alimentados por manifestantes que previam a sua pris\u00e3o e o seu assassinato.<\/p>\n\n\n\n<div class=\"wp-block-image\"><figure class=\"aligncenter size-large is-resized\"><img loading=\"lazy\" decoding=\"async\" src=\"https:\/\/jornalfatosenoticias.com.br\/wp-content\/uploads\/2023\/08\/BKR-1024x1021.jpg\" alt=\"\" class=\"wp-image-44494\" width=\"276\" height=\"275\" srcset=\"https:\/\/jornalfatosenoticias.com.br\/wp-content\/uploads\/2023\/08\/BKR-1024x1021.jpg 1024w, https:\/\/jornalfatosenoticias.com.br\/wp-content\/uploads\/2023\/08\/BKR-300x300.jpg 300w, https:\/\/jornalfatosenoticias.com.br\/wp-content\/uploads\/2023\/08\/BKR-150x150.jpg 150w, https:\/\/jornalfatosenoticias.com.br\/wp-content\/uploads\/2023\/08\/BKR-768x766.jpg 768w, https:\/\/jornalfatosenoticias.com.br\/wp-content\/uploads\/2023\/08\/BKR.jpg 1080w\" sizes=\"auto, (max-width: 276px) 100vw, 276px\" \/><\/figure><\/div>\n\n\n\n<blockquote class=\"wp-block-quote is-layout-flow wp-block-quote-is-layout-flow\"><p><span class=\"has-inline-color has-luminous-vivid-orange-color\">O primeiro previa que as For\u00e7as Especiais (do Ex\u00e9rcito) me prenderiam em um domingo e me levariam para Goi\u00e2nia. No segundo, se livrariam do corpo no meio do caminho para Goi\u00e2nia. E o terceiro, de uns mais exaltados, defendia que, ap\u00f3s o golpe, eu deveria ser preso e enforcado na Pra\u00e7a dos Tr\u00eas Poderes\u201d, declarou o ministro.<\/span><\/p><\/blockquote>\n\n\n\n<div class=\"wp-block-image\"><figure class=\"aligncenter size-large is-resized\"><img loading=\"lazy\" decoding=\"async\" src=\"https:\/\/jornalfatosenoticias.com.br\/wp-content\/uploads\/2023\/03\/logo-Panper_portal.jpg\" alt=\"\" class=\"wp-image-40208\" width=\"321\" height=\"222\" srcset=\"https:\/\/jornalfatosenoticias.com.br\/wp-content\/uploads\/2023\/03\/logo-Panper_portal.jpg 400w, https:\/\/jornalfatosenoticias.com.br\/wp-content\/uploads\/2023\/03\/logo-Panper_portal-300x208.jpg 300w\" sizes=\"auto, (max-width: 321px) 100vw, 321px\" \/><\/figure><\/div>\n\n\n\n<p>A novidade foi revelada pelo ministro dias antes de completar um ano dos atos de vandalismo em Bras\u00edlia. O ministro n\u00e3o forneceu provas sobre a alega\u00e7\u00e3o. Al\u00e9m disso, ao longo de mais de 1,3 mil processos que correm contra acusados de participa\u00e7\u00e3o nos atos, n\u00e3o houve men\u00e7\u00e3o de um planejamento de assassinato do ministro, que no dia 8 de janeiro de 2023 sequer estava no Brasil.<\/p>\n\n\n\n<div class=\"wp-block-image\"><figure class=\"aligncenter size-large is-resized\"><img loading=\"lazy\" decoding=\"async\" src=\"https:\/\/jornalfatosenoticias.com.br\/wp-content\/uploads\/2023\/08\/ITH.jpeg\" alt=\"\" class=\"wp-image-44638\" width=\"349\" height=\"283\" srcset=\"https:\/\/jornalfatosenoticias.com.br\/wp-content\/uploads\/2023\/08\/ITH.jpeg 800w, https:\/\/jornalfatosenoticias.com.br\/wp-content\/uploads\/2023\/08\/ITH-300x244.jpeg 300w, https:\/\/jornalfatosenoticias.com.br\/wp-content\/uploads\/2023\/08\/ITH-768x624.jpeg 768w\" sizes=\"auto, (max-width: 349px) 100vw, 349px\" \/><\/figure><\/div>\n\n\n\n<p><strong><em>Fonte: <a href=\"https:\/\/www.gazetadopovo.com.br\/republica\/98-dos-leitores-nao-acreditam-em-versao-sem-provas-de-moraes-sobre-plano-homicida\/\">Gazeta do Povo<\/a><\/em><\/strong><\/p>\n","protected":false},"excerpt":{"rendered":"<p>O ministro do STF, Alexandre de Moraes Por Di\u00f3genes Freire Feitosa De acordo com o resultado da enquete da Gazeta do Povo, que esteve no ar do dia 5 ao dia 9 de janeiro de 2024, 98% dos leitores do jornal n\u00e3o acreditam na vers\u00e3o sem provas apresentada pelo ministros do Supremo Tribunal Federal (STF), [&hellip;]<\/p>\n","protected":false},"author":2,"featured_media":48343,"comment_status":"open","ping_status":"open","sticky":false,"template":"","format":"standard","meta":{"footnotes":""},"categories":[5],"tags":[18055,13889,18195],"class_list":["post-48342","post","type-post","status-publish","format-standard","has-post-thumbnail","hentry","category-geral","tag-8-de-janeiro","tag-alexandre-de-moraes","tag-golpe"],"yoast_head":"<!-- This site is optimized with the Yoast SEO plugin v26.5 - https:\/\/yoast.com\/wordpress\/plugins\/seo\/ -->\n<title>98% dos leitores n\u00e3o acreditam em vers\u00e3o sem provas de Moraes sobre \u201cplano homicida\u201d, diz Gazeta do Povo - Jornal Fatos e Not\u00edcias<\/title>\n<meta name=\"robots\" content=\"index, follow, max-snippet:-1, max-image-preview:large, max-video-preview:-1\" \/>\n<link rel=\"canonical\" href=\"https:\/\/jornalfatosenoticias.com.br\/index.php\/2024\/01\/10\/98-dos-leitores-nao-acreditam-em-versao-sem-provas-de-moraes-sobre-plano-homicida\/\" \/>\n<meta property=\"og:locale\" content=\"pt_BR\" \/>\n<meta property=\"og:type\" content=\"article\" \/>\n<meta property=\"og:title\" content=\"98% dos leitores n\u00e3o acreditam em vers\u00e3o sem provas de Moraes sobre \u201cplano homicida\u201d, diz Gazeta do Povo - Jornal Fatos e Not\u00edcias\" \/>\n<meta property=\"og:description\" content=\"O ministro do STF, Alexandre de Moraes Por Di\u00f3genes Freire Feitosa De acordo com o resultado da enquete da Gazeta do Povo, que esteve no ar do dia 5 ao dia 9 de janeiro de 2024, 98% dos leitores do jornal n\u00e3o acreditam na vers\u00e3o sem provas apresentada pelo ministros do Supremo Tribunal Federal (STF), [&hellip;]\" \/>\n<meta property=\"og:url\" content=\"https:\/\/jornalfatosenoticias.com.br\/index.php\/2024\/01\/10\/98-dos-leitores-nao-acreditam-em-versao-sem-provas-de-moraes-sobre-plano-homicida\/\" \/>\n<meta property=\"og:site_name\" content=\"Jornal Fatos e Not\u00edcias\" \/>\n<meta property=\"article:published_time\" content=\"2024-01-10T14:59:37+00:00\" \/>\n<meta property=\"article:modified_time\" content=\"2024-01-10T15:01:00+00:00\" \/>\n<meta property=\"og:image\" content=\"https:\/\/jornalfatosenoticias.com.br\/wp-content\/uploads\/2024\/01\/Alexandre-de-Moraes-excecao.jpg\" \/>\n\t<meta property=\"og:image:width\" content=\"960\" \/>\n\t<meta property=\"og:image:height\" content=\"540\" \/>\n\t<meta property=\"og:image:type\" content=\"image\/jpeg\" \/>\n<meta name=\"author\" content=\"Luzimara Fernandes\" \/>\n<meta name=\"twitter:card\" content=\"summary_large_image\" \/>\n<meta name=\"twitter:label1\" content=\"Escrito por\" \/>\n\t<meta name=\"twitter:data1\" content=\"Luzimara Fernandes\" \/>\n\t<meta name=\"twitter:label2\" content=\"Est. tempo de leitura\" \/>\n\t<meta name=\"twitter:data2\" content=\"1 minuto\" \/>\n<script type=\"application\/ld+json\" class=\"yoast-schema-graph\">{\"@context\":\"https:\/\/schema.org\",\"@graph\":[{\"@type\":\"Article\",\"@id\":\"https:\/\/jornalfatosenoticias.com.br\/index.php\/2024\/01\/10\/98-dos-leitores-nao-acreditam-em-versao-sem-provas-de-moraes-sobre-plano-homicida\/#article\",\"isPartOf\":{\"@id\":\"https:\/\/jornalfatosenoticias.com.br\/index.php\/2024\/01\/10\/98-dos-leitores-nao-acreditam-em-versao-sem-provas-de-moraes-sobre-plano-homicida\/\"},\"author\":{\"name\":\"Luzimara Fernandes\",\"@id\":\"https:\/\/jornalfatosenoticias.com.br\/#\/schema\/person\/d63837fa13ac8666eb9e74e0985d6f81\"},\"headline\":\"98% dos leitores n\u00e3o acreditam em vers\u00e3o sem provas de Moraes sobre \u201cplano homicida\u201d, diz Gazeta do Povo\",\"datePublished\":\"2024-01-10T14:59:37+00:00\",\"dateModified\":\"2024-01-10T15:01:00+00:00\",\"mainEntityOfPage\":{\"@id\":\"https:\/\/jornalfatosenoticias.com.br\/index.php\/2024\/01\/10\/98-dos-leitores-nao-acreditam-em-versao-sem-provas-de-moraes-sobre-plano-homicida\/\"},\"wordCount\":296,\"commentCount\":0,\"publisher\":{\"@id\":\"https:\/\/jornalfatosenoticias.com.br\/#organization\"},\"image\":{\"@id\":\"https:\/\/jornalfatosenoticias.com.br\/index.php\/2024\/01\/10\/98-dos-leitores-nao-acreditam-em-versao-sem-provas-de-moraes-sobre-plano-homicida\/#primaryimage\"},\"thumbnailUrl\":\"https:\/\/jornalfatosenoticias.com.br\/wp-content\/uploads\/2024\/01\/Alexandre-de-Moraes-excecao.jpg\",\"keywords\":[\"8 de janeiro\",\"Alexandre de Moraes\",\"golpe\"],\"articleSection\":[\"Geral\"],\"inLanguage\":\"pt-BR\",\"potentialAction\":[{\"@type\":\"CommentAction\",\"name\":\"Comment\",\"target\":[\"https:\/\/jornalfatosenoticias.com.br\/index.php\/2024\/01\/10\/98-dos-leitores-nao-acreditam-em-versao-sem-provas-de-moraes-sobre-plano-homicida\/#respond\"]}]},{\"@type\":\"WebPage\",\"@id\":\"https:\/\/jornalfatosenoticias.com.br\/index.php\/2024\/01\/10\/98-dos-leitores-nao-acreditam-em-versao-sem-provas-de-moraes-sobre-plano-homicida\/\",\"url\":\"https:\/\/jornalfatosenoticias.com.br\/index.php\/2024\/01\/10\/98-dos-leitores-nao-acreditam-em-versao-sem-provas-de-moraes-sobre-plano-homicida\/\",\"name\":\"98% dos leitores n\u00e3o acreditam em vers\u00e3o sem provas de Moraes sobre \u201cplano homicida\u201d, diz Gazeta do Povo - Jornal Fatos e Not\u00edcias\",\"isPartOf\":{\"@id\":\"https:\/\/jornalfatosenoticias.com.br\/#website\"},\"primaryImageOfPage\":{\"@id\":\"https:\/\/jornalfatosenoticias.com.br\/index.php\/2024\/01\/10\/98-dos-leitores-nao-acreditam-em-versao-sem-provas-de-moraes-sobre-plano-homicida\/#primaryimage\"},\"image\":{\"@id\":\"https:\/\/jornalfatosenoticias.com.br\/index.php\/2024\/01\/10\/98-dos-leitores-nao-acreditam-em-versao-sem-provas-de-moraes-sobre-plano-homicida\/#primaryimage\"},\"thumbnailUrl\":\"https:\/\/jornalfatosenoticias.com.br\/wp-content\/uploads\/2024\/01\/Alexandre-de-Moraes-excecao.jpg\",\"datePublished\":\"2024-01-10T14:59:37+00:00\",\"dateModified\":\"2024-01-10T15:01:00+00:00\",\"breadcrumb\":{\"@id\":\"https:\/\/jornalfatosenoticias.com.br\/index.php\/2024\/01\/10\/98-dos-leitores-nao-acreditam-em-versao-sem-provas-de-moraes-sobre-plano-homicida\/#breadcrumb\"},\"inLanguage\":\"pt-BR\",\"potentialAction\":[{\"@type\":\"ReadAction\",\"target\":[\"https:\/\/jornalfatosenoticias.com.br\/index.php\/2024\/01\/10\/98-dos-leitores-nao-acreditam-em-versao-sem-provas-de-moraes-sobre-plano-homicida\/\"]}]},{\"@type\":\"ImageObject\",\"inLanguage\":\"pt-BR\",\"@id\":\"https:\/\/jornalfatosenoticias.com.br\/index.php\/2024\/01\/10\/98-dos-leitores-nao-acreditam-em-versao-sem-provas-de-moraes-sobre-plano-homicida\/#primaryimage\",\"url\":\"https:\/\/jornalfatosenoticias.com.br\/wp-content\/uploads\/2024\/01\/Alexandre-de-Moraes-excecao.jpg\",\"contentUrl\":\"https:\/\/jornalfatosenoticias.com.br\/wp-content\/uploads\/2024\/01\/Alexandre-de-Moraes-excecao.jpg\",\"width\":960,\"height\":540},{\"@type\":\"BreadcrumbList\",\"@id\":\"https:\/\/jornalfatosenoticias.com.br\/index.php\/2024\/01\/10\/98-dos-leitores-nao-acreditam-em-versao-sem-provas-de-moraes-sobre-plano-homicida\/#breadcrumb\",\"itemListElement\":[{\"@type\":\"ListItem\",\"position\":1,\"name\":\"In\u00edcio\",\"item\":\"https:\/\/jornalfatosenoticias.com.br\/\"},{\"@type\":\"ListItem\",\"position\":2,\"name\":\"98% dos leitores n\u00e3o acreditam em vers\u00e3o sem provas de Moraes sobre \u201cplano homicida\u201d, diz Gazeta do Povo\"}]},{\"@type\":\"WebSite\",\"@id\":\"https:\/\/jornalfatosenoticias.com.br\/#website\",\"url\":\"https:\/\/jornalfatosenoticias.com.br\/\",\"name\":\"Jornal Fatos e Not\u00edcias\",\"description\":\"Not\u00edcias em geral\",\"publisher\":{\"@id\":\"https:\/\/jornalfatosenoticias.com.br\/#organization\"},\"potentialAction\":[{\"@type\":\"SearchAction\",\"target\":{\"@type\":\"EntryPoint\",\"urlTemplate\":\"https:\/\/jornalfatosenoticias.com.br\/?s={search_term_string}\"},\"query-input\":{\"@type\":\"PropertyValueSpecification\",\"valueRequired\":true,\"valueName\":\"search_term_string\"}}],\"inLanguage\":\"pt-BR\"},{\"@type\":\"Organization\",\"@id\":\"https:\/\/jornalfatosenoticias.com.br\/#organization\",\"name\":\"Jornal Fatos e Not\u00edcias\",\"url\":\"https:\/\/jornalfatosenoticias.com.br\/\",\"logo\":{\"@type\":\"ImageObject\",\"inLanguage\":\"pt-BR\",\"@id\":\"https:\/\/jornalfatosenoticias.com.br\/#\/schema\/logo\/image\/\",\"url\":\"https:\/\/jornalfatosenoticias.com.br\/wp-content\/uploads\/2020\/02\/logo120.png\",\"contentUrl\":\"https:\/\/jornalfatosenoticias.com.br\/wp-content\/uploads\/2020\/02\/logo120.png\",\"width\":1227,\"height\":120,\"caption\":\"Jornal Fatos e Not\u00edcias\"},\"image\":{\"@id\":\"https:\/\/jornalfatosenoticias.com.br\/#\/schema\/logo\/image\/\"}},{\"@type\":\"Person\",\"@id\":\"https:\/\/jornalfatosenoticias.com.br\/#\/schema\/person\/d63837fa13ac8666eb9e74e0985d6f81\",\"name\":\"Luzimara Fernandes\",\"image\":{\"@type\":\"ImageObject\",\"inLanguage\":\"pt-BR\",\"@id\":\"https:\/\/jornalfatosenoticias.com.br\/#\/schema\/person\/image\/\",\"url\":\"https:\/\/jornalfatosenoticias.com.br\/wp-content\/uploads\/2025\/05\/EU_portal.jpg\",\"contentUrl\":\"https:\/\/jornalfatosenoticias.com.br\/wp-content\/uploads\/2025\/05\/EU_portal.jpg\",\"caption\":\"Luzimara Fernandes\"},\"description\":\"Jornalista MTB 2358-ES\",\"sameAs\":[\"https:\/\/jornalfatosenoticias.com.br\"],\"url\":\"https:\/\/jornalfatosenoticias.com.br\/index.php\/author\/luzimara\/\"}]}<\/script>\n<!-- \/ Yoast SEO plugin. -->","yoast_head_json":{"title":"98% dos leitores n\u00e3o acreditam em vers\u00e3o sem provas de Moraes sobre \u201cplano homicida\u201d, diz Gazeta do Povo - Jornal Fatos e Not\u00edcias","robots":{"index":"index","follow":"follow","max-snippet":"max-snippet:-1","max-image-preview":"max-image-preview:large","max-video-preview":"max-video-preview:-1"},"canonical":"https:\/\/jornalfatosenoticias.com.br\/index.php\/2024\/01\/10\/98-dos-leitores-nao-acreditam-em-versao-sem-provas-de-moraes-sobre-plano-homicida\/","og_locale":"pt_BR","og_type":"article","og_title":"98% dos leitores n\u00e3o acreditam em vers\u00e3o sem provas de Moraes sobre \u201cplano homicida\u201d, diz Gazeta do Povo - Jornal Fatos e Not\u00edcias","og_description":"O ministro do STF, Alexandre de Moraes Por Di\u00f3genes Freire Feitosa De acordo com o resultado da enquete da Gazeta do Povo, que esteve no ar do dia 5 ao dia 9 de janeiro de 2024, 98% dos leitores do jornal n\u00e3o acreditam na vers\u00e3o sem provas apresentada pelo ministros do Supremo Tribunal Federal (STF), [&hellip;]","og_url":"https:\/\/jornalfatosenoticias.com.br\/index.php\/2024\/01\/10\/98-dos-leitores-nao-acreditam-em-versao-sem-provas-de-moraes-sobre-plano-homicida\/","og_site_name":"Jornal Fatos e Not\u00edcias","article_published_time":"2024-01-10T14:59:37+00:00","article_modified_time":"2024-01-10T15:01:00+00:00","og_image":[{"width":960,"height":540,"url":"https:\/\/jornalfatosenoticias.com.br\/wp-content\/uploads\/2024\/01\/Alexandre-de-Moraes-excecao.jpg","type":"image\/jpeg"}],"author":"Luzimara Fernandes","twitter_card":"summary_large_image","twitter_misc":{"Escrito por":"Luzimara Fernandes","Est. tempo de leitura":"1 minuto"},"schema":{"@context":"https:\/\/schema.org","@graph":[{"@type":"Article","@id":"https:\/\/jornalfatosenoticias.com.br\/index.php\/2024\/01\/10\/98-dos-leitores-nao-acreditam-em-versao-sem-provas-de-moraes-sobre-plano-homicida\/#article","isPartOf":{"@id":"https:\/\/jornalfatosenoticias.com.br\/index.php\/2024\/01\/10\/98-dos-leitores-nao-acreditam-em-versao-sem-provas-de-moraes-sobre-plano-homicida\/"},"author":{"name":"Luzimara Fernandes","@id":"https:\/\/jornalfatosenoticias.com.br\/#\/schema\/person\/d63837fa13ac8666eb9e74e0985d6f81"},"headline":"98% dos leitores n\u00e3o acreditam em vers\u00e3o sem provas de Moraes sobre \u201cplano homicida\u201d, diz Gazeta do Povo","datePublished":"2024-01-10T14:59:37+00:00","dateModified":"2024-01-10T15:01:00+00:00","mainEntityOfPage":{"@id":"https:\/\/jornalfatosenoticias.com.br\/index.php\/2024\/01\/10\/98-dos-leitores-nao-acreditam-em-versao-sem-provas-de-moraes-sobre-plano-homicida\/"},"wordCount":296,"commentCount":0,"publisher":{"@id":"https:\/\/jornalfatosenoticias.com.br\/#organization"},"image":{"@id":"https:\/\/jornalfatosenoticias.com.br\/index.php\/2024\/01\/10\/98-dos-leitores-nao-acreditam-em-versao-sem-provas-de-moraes-sobre-plano-homicida\/#primaryimage"},"thumbnailUrl":"https:\/\/jornalfatosenoticias.com.br\/wp-content\/uploads\/2024\/01\/Alexandre-de-Moraes-excecao.jpg","keywords":["8 de janeiro","Alexandre de Moraes","golpe"],"articleSection":["Geral"],"inLanguage":"pt-BR","potentialAction":[{"@type":"CommentAction","name":"Comment","target":["https:\/\/jornalfatosenoticias.com.br\/index.php\/2024\/01\/10\/98-dos-leitores-nao-acreditam-em-versao-sem-provas-de-moraes-sobre-plano-homicida\/#respond"]}]},{"@type":"WebPage","@id":"https:\/\/jornalfatosenoticias.com.br\/index.php\/2024\/01\/10\/98-dos-leitores-nao-acreditam-em-versao-sem-provas-de-moraes-sobre-plano-homicida\/","url":"https:\/\/jornalfatosenoticias.com.br\/index.php\/2024\/01\/10\/98-dos-leitores-nao-acreditam-em-versao-sem-provas-de-moraes-sobre-plano-homicida\/","name":"98% dos leitores n\u00e3o acreditam em vers\u00e3o sem provas de Moraes sobre \u201cplano homicida\u201d, diz Gazeta do Povo - Jornal Fatos e Not\u00edcias","isPartOf":{"@id":"https:\/\/jornalfatosenoticias.com.br\/#website"},"primaryImageOfPage":{"@id":"https:\/\/jornalfatosenoticias.com.br\/index.php\/2024\/01\/10\/98-dos-leitores-nao-acreditam-em-versao-sem-provas-de-moraes-sobre-plano-homicida\/#primaryimage"},"image":{"@id":"https:\/\/jornalfatosenoticias.com.br\/index.php\/2024\/01\/10\/98-dos-leitores-nao-acreditam-em-versao-sem-provas-de-moraes-sobre-plano-homicida\/#primaryimage"},"thumbnailUrl":"https:\/\/jornalfatosenoticias.com.br\/wp-content\/uploads\/2024\/01\/Alexandre-de-Moraes-excecao.jpg","datePublished":"2024-01-10T14:59:37+00:00","dateModified":"2024-01-10T15:01:00+00:00","breadcrumb":{"@id":"https:\/\/jornalfatosenoticias.com.br\/index.php\/2024\/01\/10\/98-dos-leitores-nao-acreditam-em-versao-sem-provas-de-moraes-sobre-plano-homicida\/#breadcrumb"},"inLanguage":"pt-BR","potentialAction":[{"@type":"ReadAction","target":["https:\/\/jornalfatosenoticias.com.br\/index.php\/2024\/01\/10\/98-dos-leitores-nao-acreditam-em-versao-sem-provas-de-moraes-sobre-plano-homicida\/"]}]},{"@type":"ImageObject","inLanguage":"pt-BR","@id":"https:\/\/jornalfatosenoticias.com.br\/index.php\/2024\/01\/10\/98-dos-leitores-nao-acreditam-em-versao-sem-provas-de-moraes-sobre-plano-homicida\/#primaryimage","url":"https:\/\/jornalfatosenoticias.com.br\/wp-content\/uploads\/2024\/01\/Alexandre-de-Moraes-excecao.jpg","contentUrl":"https:\/\/jornalfatosenoticias.com.br\/wp-content\/uploads\/2024\/01\/Alexandre-de-Moraes-excecao.jpg","width":960,"height":540},{"@type":"BreadcrumbList","@id":"https:\/\/jornalfatosenoticias.com.br\/index.php\/2024\/01\/10\/98-dos-leitores-nao-acreditam-em-versao-sem-provas-de-moraes-sobre-plano-homicida\/#breadcrumb","itemListElement":[{"@type":"ListItem","position":1,"name":"In\u00edcio","item":"https:\/\/jornalfatosenoticias.com.br\/"},{"@type":"ListItem","position":2,"name":"98% dos leitores n\u00e3o acreditam em vers\u00e3o sem provas de Moraes sobre \u201cplano homicida\u201d, diz Gazeta do Povo"}]},{"@type":"WebSite","@id":"https:\/\/jornalfatosenoticias.com.br\/#website","url":"https:\/\/jornalfatosenoticias.com.br\/","name":"Jornal Fatos e Not\u00edcias","description":"Not\u00edcias em geral","publisher":{"@id":"https:\/\/jornalfatosenoticias.com.br\/#organization"},"potentialAction":[{"@type":"SearchAction","target":{"@type":"EntryPoint","urlTemplate":"https:\/\/jornalfatosenoticias.com.br\/?s={search_term_string}"},"query-input":{"@type":"PropertyValueSpecification","valueRequired":true,"valueName":"search_term_string"}}],"inLanguage":"pt-BR"},{"@type":"Organization","@id":"https:\/\/jornalfatosenoticias.com.br\/#organization","name":"Jornal Fatos e Not\u00edcias","url":"https:\/\/jornalfatosenoticias.com.br\/","logo":{"@type":"ImageObject","inLanguage":"pt-BR","@id":"https:\/\/jornalfatosenoticias.com.br\/#\/schema\/logo\/image\/","url":"https:\/\/jornalfatosenoticias.com.br\/wp-content\/uploads\/2020\/02\/logo120.png","contentUrl":"https:\/\/jornalfatosenoticias.com.br\/wp-content\/uploads\/2020\/02\/logo120.png","width":1227,"height":120,"caption":"Jornal Fatos e Not\u00edcias"},"image":{"@id":"https:\/\/jornalfatosenoticias.com.br\/#\/schema\/logo\/image\/"}},{"@type":"Person","@id":"https:\/\/jornalfatosenoticias.com.br\/#\/schema\/person\/d63837fa13ac8666eb9e74e0985d6f81","name":"Luzimara Fernandes","image":{"@type":"ImageObject","inLanguage":"pt-BR","@id":"https:\/\/jornalfatosenoticias.com.br\/#\/schema\/person\/image\/","url":"https:\/\/jornalfatosenoticias.com.br\/wp-content\/uploads\/2025\/05\/EU_portal.jpg","contentUrl":"https:\/\/jornalfatosenoticias.com.br\/wp-content\/uploads\/2025\/05\/EU_portal.jpg","caption":"Luzimara Fernandes"},"description":"Jornalista MTB 2358-ES","sameAs":["https:\/\/jornalfatosenoticias.com.br"],"url":"https:\/\/jornalfatosenoticias.com.br\/index.php\/author\/luzimara\/"}]}},"cc_featured_image_caption":{"caption_text":"(Foto: Gustavo Moreno\/SCO\/STF)","source_text":"","source_url":""},"jetpack_featured_media_url":"https:\/\/jornalfatosenoticias.com.br\/wp-content\/uploads\/2024\/01\/Alexandre-de-Moraes-excecao.jpg","_links":{"self":[{"href":"https:\/\/jornalfatosenoticias.com.br\/index.php\/wp-json\/wp\/v2\/posts\/48342","targetHints":{"allow":["GET"]}}],"collection":[{"href":"https:\/\/jornalfatosenoticias.com.br\/index.php\/wp-json\/wp\/v2\/posts"}],"about":[{"href":"https:\/\/jornalfatosenoticias.com.br\/index.php\/wp-json\/wp\/v2\/types\/post"}],"author":[{"embeddable":true,"href":"https:\/\/jornalfatosenoticias.com.br\/index.php\/wp-json\/wp\/v2\/users\/2"}],"replies":[{"embeddable":true,"href":"https:\/\/jornalfatosenoticias.com.br\/index.php\/wp-json\/wp\/v2\/comments?post=48342"}],"version-history":[{"count":0,"href":"https:\/\/jornalfatosenoticias.com.br\/index.php\/wp-json\/wp\/v2\/posts\/48342\/revisions"}],"wp:featuredmedia":[{"embeddable":true,"href":"https:\/\/jornalfatosenoticias.com.br\/index.php\/wp-json\/wp\/v2\/media\/48343"}],"wp:attachment":[{"href":"https:\/\/jornalfatosenoticias.com.br\/index.php\/wp-json\/wp\/v2\/media?parent=48342"}],"wp:term":[{"taxonomy":"category","embeddable":true,"href":"https:\/\/jornalfatosenoticias.com.br\/index.php\/wp-json\/wp\/v2\/categories?post=48342"},{"taxonomy":"post_tag","embeddable":true,"href":"https:\/\/jornalfatosenoticias.com.br\/index.php\/wp-json\/wp\/v2\/tags?post=48342"}],"curies":[{"name":"wp","href":"https:\/\/api.w.org\/{rel}","templated":true}]}}