{"id":48346,"date":"2024-01-10T12:14:14","date_gmt":"2024-01-10T15:14:14","guid":{"rendered":"https:\/\/jornalfatosenoticias.com.br\/?p=48346"},"modified":"2024-01-10T12:15:44","modified_gmt":"2024-01-10T15:15:44","slug":"pacheco-diz-a-lula-que-situacao-no-congresso-esta-dificil-e-joga-um-balde-de-agua-fria-em-seus-planos","status":"publish","type":"post","link":"https:\/\/jornalfatosenoticias.com.br\/index.php\/2024\/01\/10\/pacheco-diz-a-lula-que-situacao-no-congresso-esta-dificil-e-joga-um-balde-de-agua-fria-em-seus-planos\/","title":{"rendered":"Pacheco diz a Lula que situa\u00e7\u00e3o no Congresso est\u00e1 dif\u00edcil e joga um \u201cbalde de \u00e1gua fria em seus planos\u201d"},"content":{"rendered":"\n<div class=\"wp-block-image\"><figure class=\"aligncenter size-large is-resized\"><img loading=\"lazy\" decoding=\"async\" src=\"https:\/\/jornalfatosenoticias.com.br\/wp-content\/uploads\/2023\/03\/nova-logo-Marquetti.jpg\" alt=\"\" class=\"wp-image-40207\" width=\"268\" height=\"180\" srcset=\"https:\/\/jornalfatosenoticias.com.br\/wp-content\/uploads\/2023\/03\/nova-logo-Marquetti.jpg 643w, https:\/\/jornalfatosenoticias.com.br\/wp-content\/uploads\/2023\/03\/nova-logo-Marquetti-300x202.jpg 300w\" sizes=\"auto, (max-width: 268px) 100vw, 268px\" \/><\/figure><\/div>\n\n\n\n<p>O presidente do Senado, Rodrigo Pacheco (PSD-MG), se reuniu no in\u00edcio da noite desta ter\u00e7a-feira (9) com Luiz In\u00e1cio Lula da Silva (PT) para fechar um acordo sobre a MP da reonera\u00e7\u00e3o da folha. Segundo fontes ouvidas por Valdo Cruz\/G1, Pacheco disse a Lula que a MP \u201cdificilmente ser\u00e1 aprovada\u201d e sugeriu envio de projeto de lei.<br>Segundo assessores do presidente da Rep\u00fablica, foi discutida uma forma de evitar uma derrota para o governo, com uma eventual simples devolu\u00e7\u00e3o da MP ou sua rejei\u00e7\u00e3o pelo Congresso.<br>De acordo com auxiliares de Lula, Rodrigo Pacheco relatou que o clima dentro do Congresso \u00e9 muito ruim para a MP da reonera\u00e7\u00e3o e que ela tem grandes chances de ser derrotada ou at\u00e9 devolvida.<\/p>\n\n\n\n<div class=\"wp-block-image\"><figure class=\"aligncenter size-large is-resized\"><img loading=\"lazy\" decoding=\"async\" src=\"https:\/\/jornalfatosenoticias.com.br\/wp-content\/uploads\/2022\/02\/Precisao-Contabilidade-1024x724.jpg\" alt=\"\" class=\"wp-image-28088\" width=\"336\" height=\"237\"\/><\/figure><\/div>\n\n\n\n<p>Diante disso, Lula e Pacheco discutiram uma forma de resolver a quest\u00e3o em comum acordo. Uma sa\u00edda, segundo interlocutores de Lula, seria o Congresso devolver a MP ou o pr\u00f3prio governo retir\u00e1-la de tramita\u00e7\u00e3o. E o Pal\u00e1cio do Planalto enviar tr\u00eas projetos de lei em regime de urg\u00eancia sobre os tr\u00eas temas da proposta: reonera\u00e7\u00e3o da folha, limite de compensa\u00e7\u00e3o de cr\u00e9ditos tribut\u00e1rios e redu\u00e7\u00e3o de incentivos fiscais para o setor de eventos, com grandes chances de serem aprovados.<\/p>\n\n\n\n<div class=\"wp-block-image\"><figure class=\"aligncenter size-large\"><img decoding=\"async\" src=\"https:\/\/jornalfatosenoticias.com.br\/wp-content\/uploads\/2020\/02\/logo_esteio.jpg\" alt=\"\" class=\"wp-image-1214\"\/><\/figure><\/div>\n\n\n\n<p>Com isso, essas medidas seriam usadas para bancar a desonera\u00e7\u00e3o da folha de pagamento. A decis\u00e3o, segundo a equipe de Lula, teria ficado para a manh\u00e3 desta quarta-feira (10), quando aconteceria uma reuni\u00e3o do ministro da Fazenda interino, Dario Durigan, com a equipe do presidente do Senado, Rodrigo Pacheco.<\/p>\n\n\n\n<div class=\"wp-block-image\"><figure class=\"aligncenter size-large\"><img decoding=\"async\" src=\"https:\/\/jornalfatosenoticias.com.br\/wp-content\/uploads\/2020\/02\/barao-das-carnes-300x164-1.jpg\" alt=\"\" class=\"wp-image-34339\"\/><\/figure><\/div>\n\n\n\n<p><strong><span class=\"has-inline-color has-black-color\">Vai e volta<br><\/span><\/strong>O Congresso aprovou a prorroga\u00e7\u00e3o da desonera\u00e7\u00e3o da folha para 17 setores at\u00e9 2027, mas Lula, orientado pela equipe da Fazenda, vetou o projeto. S\u00f3 que o Congresso derrubou o veto e a lei foi promulgada no final do ano passado.<br>Em seguida, o Minist\u00e9rio da Fazenda elaborou uma MP, assinada por Lula, revogando a lei que prorrogou a desonera\u00e7\u00e3o e propondo a reonera\u00e7\u00e3o da folha gradual, o que gerou cr\u00edticas de parlamentares, empres\u00e1rios e sindicalistas.<\/p>\n\n\n\n<div class=\"wp-block-image\"><figure class=\"aligncenter size-large is-resized\"><img loading=\"lazy\" decoding=\"async\" src=\"https:\/\/jornalfatosenoticias.com.br\/wp-content\/uploads\/2020\/02\/logo-Rapuzel-1024x571.jpg\" alt=\"\" class=\"wp-image-42808\" width=\"357\" height=\"199\" srcset=\"https:\/\/jornalfatosenoticias.com.br\/wp-content\/uploads\/2020\/02\/logo-Rapuzel-1024x571.jpg 1024w, https:\/\/jornalfatosenoticias.com.br\/wp-content\/uploads\/2020\/02\/logo-Rapuzel-300x167.jpg 300w, https:\/\/jornalfatosenoticias.com.br\/wp-content\/uploads\/2020\/02\/logo-Rapuzel-768x428.jpg 768w, https:\/\/jornalfatosenoticias.com.br\/wp-content\/uploads\/2020\/02\/logo-Rapuzel-1536x856.jpg 1536w, https:\/\/jornalfatosenoticias.com.br\/wp-content\/uploads\/2020\/02\/logo-Rapuzel.jpg 1600w\" sizes=\"auto, (max-width: 357px) 100vw, 357px\" \/><\/figure><\/div>\n\n\n\n<p><strong><em>Fonte: <a href=\"https:\/\/terrabrasilnoticias.com\/2024\/01\/pacheco-diz-a-lula-que-situacao-no-congresso-esta-dificil-e-joga-um-balde-de-agua-fria-em-seus-planos\/\">Terra Brasil Not\u00edcias<\/a><\/em><\/strong><\/p>\n","protected":false},"excerpt":{"rendered":"<p>O presidente do Senado, Rodrigo Pacheco (PSD-MG), se reuniu no in\u00edcio da noite desta ter\u00e7a-feira (9) com Luiz In\u00e1cio Lula da Silva (PT) para fechar um acordo sobre a MP da reonera\u00e7\u00e3o da folha. Segundo fontes ouvidas por Valdo Cruz\/G1, Pacheco disse a Lula que a MP \u201cdificilmente ser\u00e1 aprovada\u201d e sugeriu envio de projeto [&hellip;]<\/p>\n","protected":false},"author":2,"featured_media":48347,"comment_status":"open","ping_status":"open","sticky":false,"template":"","format":"standard","meta":{"footnotes":""},"categories":[10],"tags":[487,7580,1541,22496,8580],"class_list":["post-48346","post","type-post","status-publish","format-standard","has-post-thumbnail","hentry","category-politica","tag-congresso","tag-lula","tag-mp","tag-reoneracao","tag-rodrigo-pacheco"],"yoast_head":"<!-- This site is optimized with the Yoast SEO plugin v26.5 - https:\/\/yoast.com\/wordpress\/plugins\/seo\/ -->\n<title>Pacheco diz a Lula que situa\u00e7\u00e3o no Congresso est\u00e1 dif\u00edcil e joga um \u201cbalde de \u00e1gua fria em seus planos\u201d - Jornal Fatos e Not\u00edcias<\/title>\n<meta name=\"robots\" content=\"index, follow, max-snippet:-1, max-image-preview:large, max-video-preview:-1\" \/>\n<link rel=\"canonical\" href=\"https:\/\/jornalfatosenoticias.com.br\/index.php\/2024\/01\/10\/pacheco-diz-a-lula-que-situacao-no-congresso-esta-dificil-e-joga-um-balde-de-agua-fria-em-seus-planos\/\" \/>\n<meta property=\"og:locale\" content=\"pt_BR\" \/>\n<meta property=\"og:type\" content=\"article\" \/>\n<meta property=\"og:title\" content=\"Pacheco diz a Lula que situa\u00e7\u00e3o no Congresso est\u00e1 dif\u00edcil e joga um \u201cbalde de \u00e1gua fria em seus planos\u201d - Jornal Fatos e Not\u00edcias\" \/>\n<meta property=\"og:description\" content=\"O presidente do Senado, Rodrigo Pacheco (PSD-MG), se reuniu no in\u00edcio da noite desta ter\u00e7a-feira (9) com Luiz In\u00e1cio Lula da Silva (PT) para fechar um acordo sobre a MP da reonera\u00e7\u00e3o da folha. Segundo fontes ouvidas por Valdo Cruz\/G1, Pacheco disse a Lula que a MP \u201cdificilmente ser\u00e1 aprovada\u201d e sugeriu envio de projeto [&hellip;]\" \/>\n<meta property=\"og:url\" content=\"https:\/\/jornalfatosenoticias.com.br\/index.php\/2024\/01\/10\/pacheco-diz-a-lula-que-situacao-no-congresso-esta-dificil-e-joga-um-balde-de-agua-fria-em-seus-planos\/\" \/>\n<meta property=\"og:site_name\" content=\"Jornal Fatos e Not\u00edcias\" \/>\n<meta property=\"article:published_time\" content=\"2024-01-10T15:14:14+00:00\" \/>\n<meta property=\"article:modified_time\" content=\"2024-01-10T15:15:44+00:00\" \/>\n<meta property=\"og:image\" content=\"https:\/\/jornalfatosenoticias.com.br\/wp-content\/uploads\/2024\/01\/Lula-Pacheco.jpg\" \/>\n\t<meta property=\"og:image:width\" content=\"705\" \/>\n\t<meta property=\"og:image:height\" content=\"465\" \/>\n\t<meta property=\"og:image:type\" content=\"image\/jpeg\" \/>\n<meta name=\"author\" content=\"Luzimara Fernandes\" \/>\n<meta name=\"twitter:card\" content=\"summary_large_image\" \/>\n<meta name=\"twitter:label1\" content=\"Escrito por\" \/>\n\t<meta name=\"twitter:data1\" content=\"Luzimara Fernandes\" \/>\n\t<meta name=\"twitter:label2\" content=\"Est. tempo de leitura\" \/>\n\t<meta name=\"twitter:data2\" content=\"2 minutos\" \/>\n<script type=\"application\/ld+json\" class=\"yoast-schema-graph\">{\"@context\":\"https:\/\/schema.org\",\"@graph\":[{\"@type\":\"Article\",\"@id\":\"https:\/\/jornalfatosenoticias.com.br\/index.php\/2024\/01\/10\/pacheco-diz-a-lula-que-situacao-no-congresso-esta-dificil-e-joga-um-balde-de-agua-fria-em-seus-planos\/#article\",\"isPartOf\":{\"@id\":\"https:\/\/jornalfatosenoticias.com.br\/index.php\/2024\/01\/10\/pacheco-diz-a-lula-que-situacao-no-congresso-esta-dificil-e-joga-um-balde-de-agua-fria-em-seus-planos\/\"},\"author\":{\"name\":\"Luzimara Fernandes\",\"@id\":\"https:\/\/jornalfatosenoticias.com.br\/#\/schema\/person\/d63837fa13ac8666eb9e74e0985d6f81\"},\"headline\":\"Pacheco diz a Lula que situa\u00e7\u00e3o no Congresso est\u00e1 dif\u00edcil e joga um \u201cbalde de \u00e1gua fria em seus planos\u201d\",\"datePublished\":\"2024-01-10T15:14:14+00:00\",\"dateModified\":\"2024-01-10T15:15:44+00:00\",\"mainEntityOfPage\":{\"@id\":\"https:\/\/jornalfatosenoticias.com.br\/index.php\/2024\/01\/10\/pacheco-diz-a-lula-que-situacao-no-congresso-esta-dificil-e-joga-um-balde-de-agua-fria-em-seus-planos\/\"},\"wordCount\":383,\"commentCount\":0,\"publisher\":{\"@id\":\"https:\/\/jornalfatosenoticias.com.br\/#organization\"},\"image\":{\"@id\":\"https:\/\/jornalfatosenoticias.com.br\/index.php\/2024\/01\/10\/pacheco-diz-a-lula-que-situacao-no-congresso-esta-dificil-e-joga-um-balde-de-agua-fria-em-seus-planos\/#primaryimage\"},\"thumbnailUrl\":\"https:\/\/jornalfatosenoticias.com.br\/wp-content\/uploads\/2024\/01\/Lula-Pacheco.jpg\",\"keywords\":[\"Congresso\",\"Lula\",\"MP\",\"reonera\u00e7\u00e3o\",\"Rodrigo Pacheco\"],\"articleSection\":[\"Pol\u00edtica\"],\"inLanguage\":\"pt-BR\",\"potentialAction\":[{\"@type\":\"CommentAction\",\"name\":\"Comment\",\"target\":[\"https:\/\/jornalfatosenoticias.com.br\/index.php\/2024\/01\/10\/pacheco-diz-a-lula-que-situacao-no-congresso-esta-dificil-e-joga-um-balde-de-agua-fria-em-seus-planos\/#respond\"]}]},{\"@type\":\"WebPage\",\"@id\":\"https:\/\/jornalfatosenoticias.com.br\/index.php\/2024\/01\/10\/pacheco-diz-a-lula-que-situacao-no-congresso-esta-dificil-e-joga-um-balde-de-agua-fria-em-seus-planos\/\",\"url\":\"https:\/\/jornalfatosenoticias.com.br\/index.php\/2024\/01\/10\/pacheco-diz-a-lula-que-situacao-no-congresso-esta-dificil-e-joga-um-balde-de-agua-fria-em-seus-planos\/\",\"name\":\"Pacheco diz a Lula que situa\u00e7\u00e3o no Congresso est\u00e1 dif\u00edcil e joga um \u201cbalde de \u00e1gua fria em seus planos\u201d - Jornal Fatos e Not\u00edcias\",\"isPartOf\":{\"@id\":\"https:\/\/jornalfatosenoticias.com.br\/#website\"},\"primaryImageOfPage\":{\"@id\":\"https:\/\/jornalfatosenoticias.com.br\/index.php\/2024\/01\/10\/pacheco-diz-a-lula-que-situacao-no-congresso-esta-dificil-e-joga-um-balde-de-agua-fria-em-seus-planos\/#primaryimage\"},\"image\":{\"@id\":\"https:\/\/jornalfatosenoticias.com.br\/index.php\/2024\/01\/10\/pacheco-diz-a-lula-que-situacao-no-congresso-esta-dificil-e-joga-um-balde-de-agua-fria-em-seus-planos\/#primaryimage\"},\"thumbnailUrl\":\"https:\/\/jornalfatosenoticias.com.br\/wp-content\/uploads\/2024\/01\/Lula-Pacheco.jpg\",\"datePublished\":\"2024-01-10T15:14:14+00:00\",\"dateModified\":\"2024-01-10T15:15:44+00:00\",\"breadcrumb\":{\"@id\":\"https:\/\/jornalfatosenoticias.com.br\/index.php\/2024\/01\/10\/pacheco-diz-a-lula-que-situacao-no-congresso-esta-dificil-e-joga-um-balde-de-agua-fria-em-seus-planos\/#breadcrumb\"},\"inLanguage\":\"pt-BR\",\"potentialAction\":[{\"@type\":\"ReadAction\",\"target\":[\"https:\/\/jornalfatosenoticias.com.br\/index.php\/2024\/01\/10\/pacheco-diz-a-lula-que-situacao-no-congresso-esta-dificil-e-joga-um-balde-de-agua-fria-em-seus-planos\/\"]}]},{\"@type\":\"ImageObject\",\"inLanguage\":\"pt-BR\",\"@id\":\"https:\/\/jornalfatosenoticias.com.br\/index.php\/2024\/01\/10\/pacheco-diz-a-lula-que-situacao-no-congresso-esta-dificil-e-joga-um-balde-de-agua-fria-em-seus-planos\/#primaryimage\",\"url\":\"https:\/\/jornalfatosenoticias.com.br\/wp-content\/uploads\/2024\/01\/Lula-Pacheco.jpg\",\"contentUrl\":\"https:\/\/jornalfatosenoticias.com.br\/wp-content\/uploads\/2024\/01\/Lula-Pacheco.jpg\",\"width\":705,\"height\":465},{\"@type\":\"BreadcrumbList\",\"@id\":\"https:\/\/jornalfatosenoticias.com.br\/index.php\/2024\/01\/10\/pacheco-diz-a-lula-que-situacao-no-congresso-esta-dificil-e-joga-um-balde-de-agua-fria-em-seus-planos\/#breadcrumb\",\"itemListElement\":[{\"@type\":\"ListItem\",\"position\":1,\"name\":\"In\u00edcio\",\"item\":\"https:\/\/jornalfatosenoticias.com.br\/\"},{\"@type\":\"ListItem\",\"position\":2,\"name\":\"Pacheco diz a Lula que situa\u00e7\u00e3o no Congresso est\u00e1 dif\u00edcil e joga um \u201cbalde de \u00e1gua fria em seus planos\u201d\"}]},{\"@type\":\"WebSite\",\"@id\":\"https:\/\/jornalfatosenoticias.com.br\/#website\",\"url\":\"https:\/\/jornalfatosenoticias.com.br\/\",\"name\":\"Jornal Fatos e Not\u00edcias\",\"description\":\"Not\u00edcias em geral\",\"publisher\":{\"@id\":\"https:\/\/jornalfatosenoticias.com.br\/#organization\"},\"potentialAction\":[{\"@type\":\"SearchAction\",\"target\":{\"@type\":\"EntryPoint\",\"urlTemplate\":\"https:\/\/jornalfatosenoticias.com.br\/?s={search_term_string}\"},\"query-input\":{\"@type\":\"PropertyValueSpecification\",\"valueRequired\":true,\"valueName\":\"search_term_string\"}}],\"inLanguage\":\"pt-BR\"},{\"@type\":\"Organization\",\"@id\":\"https:\/\/jornalfatosenoticias.com.br\/#organization\",\"name\":\"Jornal Fatos e Not\u00edcias\",\"url\":\"https:\/\/jornalfatosenoticias.com.br\/\",\"logo\":{\"@type\":\"ImageObject\",\"inLanguage\":\"pt-BR\",\"@id\":\"https:\/\/jornalfatosenoticias.com.br\/#\/schema\/logo\/image\/\",\"url\":\"https:\/\/jornalfatosenoticias.com.br\/wp-content\/uploads\/2020\/02\/logo120.png\",\"contentUrl\":\"https:\/\/jornalfatosenoticias.com.br\/wp-content\/uploads\/2020\/02\/logo120.png\",\"width\":1227,\"height\":120,\"caption\":\"Jornal Fatos e Not\u00edcias\"},\"image\":{\"@id\":\"https:\/\/jornalfatosenoticias.com.br\/#\/schema\/logo\/image\/\"}},{\"@type\":\"Person\",\"@id\":\"https:\/\/jornalfatosenoticias.com.br\/#\/schema\/person\/d63837fa13ac8666eb9e74e0985d6f81\",\"name\":\"Luzimara Fernandes\",\"image\":{\"@type\":\"ImageObject\",\"inLanguage\":\"pt-BR\",\"@id\":\"https:\/\/jornalfatosenoticias.com.br\/#\/schema\/person\/image\/\",\"url\":\"https:\/\/jornalfatosenoticias.com.br\/wp-content\/uploads\/2025\/05\/EU_portal.jpg\",\"contentUrl\":\"https:\/\/jornalfatosenoticias.com.br\/wp-content\/uploads\/2025\/05\/EU_portal.jpg\",\"caption\":\"Luzimara Fernandes\"},\"description\":\"Jornalista MTB 2358-ES\",\"sameAs\":[\"https:\/\/jornalfatosenoticias.com.br\"],\"url\":\"https:\/\/jornalfatosenoticias.com.br\/index.php\/author\/luzimara\/\"}]}<\/script>\n<!-- \/ Yoast SEO plugin. -->","yoast_head_json":{"title":"Pacheco diz a Lula que situa\u00e7\u00e3o no Congresso est\u00e1 dif\u00edcil e joga um \u201cbalde de \u00e1gua fria em seus planos\u201d - Jornal Fatos e Not\u00edcias","robots":{"index":"index","follow":"follow","max-snippet":"max-snippet:-1","max-image-preview":"max-image-preview:large","max-video-preview":"max-video-preview:-1"},"canonical":"https:\/\/jornalfatosenoticias.com.br\/index.php\/2024\/01\/10\/pacheco-diz-a-lula-que-situacao-no-congresso-esta-dificil-e-joga-um-balde-de-agua-fria-em-seus-planos\/","og_locale":"pt_BR","og_type":"article","og_title":"Pacheco diz a Lula que situa\u00e7\u00e3o no Congresso est\u00e1 dif\u00edcil e joga um \u201cbalde de \u00e1gua fria em seus planos\u201d - Jornal Fatos e Not\u00edcias","og_description":"O presidente do Senado, Rodrigo Pacheco (PSD-MG), se reuniu no in\u00edcio da noite desta ter\u00e7a-feira (9) com Luiz In\u00e1cio Lula da Silva (PT) para fechar um acordo sobre a MP da reonera\u00e7\u00e3o da folha. Segundo fontes ouvidas por Valdo Cruz\/G1, Pacheco disse a Lula que a MP \u201cdificilmente ser\u00e1 aprovada\u201d e sugeriu envio de projeto [&hellip;]","og_url":"https:\/\/jornalfatosenoticias.com.br\/index.php\/2024\/01\/10\/pacheco-diz-a-lula-que-situacao-no-congresso-esta-dificil-e-joga-um-balde-de-agua-fria-em-seus-planos\/","og_site_name":"Jornal Fatos e Not\u00edcias","article_published_time":"2024-01-10T15:14:14+00:00","article_modified_time":"2024-01-10T15:15:44+00:00","og_image":[{"width":705,"height":465,"url":"https:\/\/jornalfatosenoticias.com.br\/wp-content\/uploads\/2024\/01\/Lula-Pacheco.jpg","type":"image\/jpeg"}],"author":"Luzimara Fernandes","twitter_card":"summary_large_image","twitter_misc":{"Escrito por":"Luzimara Fernandes","Est. tempo de leitura":"2 minutos"},"schema":{"@context":"https:\/\/schema.org","@graph":[{"@type":"Article","@id":"https:\/\/jornalfatosenoticias.com.br\/index.php\/2024\/01\/10\/pacheco-diz-a-lula-que-situacao-no-congresso-esta-dificil-e-joga-um-balde-de-agua-fria-em-seus-planos\/#article","isPartOf":{"@id":"https:\/\/jornalfatosenoticias.com.br\/index.php\/2024\/01\/10\/pacheco-diz-a-lula-que-situacao-no-congresso-esta-dificil-e-joga-um-balde-de-agua-fria-em-seus-planos\/"},"author":{"name":"Luzimara Fernandes","@id":"https:\/\/jornalfatosenoticias.com.br\/#\/schema\/person\/d63837fa13ac8666eb9e74e0985d6f81"},"headline":"Pacheco diz a Lula que situa\u00e7\u00e3o no Congresso est\u00e1 dif\u00edcil e joga um \u201cbalde de \u00e1gua fria em seus planos\u201d","datePublished":"2024-01-10T15:14:14+00:00","dateModified":"2024-01-10T15:15:44+00:00","mainEntityOfPage":{"@id":"https:\/\/jornalfatosenoticias.com.br\/index.php\/2024\/01\/10\/pacheco-diz-a-lula-que-situacao-no-congresso-esta-dificil-e-joga-um-balde-de-agua-fria-em-seus-planos\/"},"wordCount":383,"commentCount":0,"publisher":{"@id":"https:\/\/jornalfatosenoticias.com.br\/#organization"},"image":{"@id":"https:\/\/jornalfatosenoticias.com.br\/index.php\/2024\/01\/10\/pacheco-diz-a-lula-que-situacao-no-congresso-esta-dificil-e-joga-um-balde-de-agua-fria-em-seus-planos\/#primaryimage"},"thumbnailUrl":"https:\/\/jornalfatosenoticias.com.br\/wp-content\/uploads\/2024\/01\/Lula-Pacheco.jpg","keywords":["Congresso","Lula","MP","reonera\u00e7\u00e3o","Rodrigo Pacheco"],"articleSection":["Pol\u00edtica"],"inLanguage":"pt-BR","potentialAction":[{"@type":"CommentAction","name":"Comment","target":["https:\/\/jornalfatosenoticias.com.br\/index.php\/2024\/01\/10\/pacheco-diz-a-lula-que-situacao-no-congresso-esta-dificil-e-joga-um-balde-de-agua-fria-em-seus-planos\/#respond"]}]},{"@type":"WebPage","@id":"https:\/\/jornalfatosenoticias.com.br\/index.php\/2024\/01\/10\/pacheco-diz-a-lula-que-situacao-no-congresso-esta-dificil-e-joga-um-balde-de-agua-fria-em-seus-planos\/","url":"https:\/\/jornalfatosenoticias.com.br\/index.php\/2024\/01\/10\/pacheco-diz-a-lula-que-situacao-no-congresso-esta-dificil-e-joga-um-balde-de-agua-fria-em-seus-planos\/","name":"Pacheco diz a Lula que situa\u00e7\u00e3o no Congresso est\u00e1 dif\u00edcil e joga um \u201cbalde de \u00e1gua fria em seus planos\u201d - Jornal Fatos e Not\u00edcias","isPartOf":{"@id":"https:\/\/jornalfatosenoticias.com.br\/#website"},"primaryImageOfPage":{"@id":"https:\/\/jornalfatosenoticias.com.br\/index.php\/2024\/01\/10\/pacheco-diz-a-lula-que-situacao-no-congresso-esta-dificil-e-joga-um-balde-de-agua-fria-em-seus-planos\/#primaryimage"},"image":{"@id":"https:\/\/jornalfatosenoticias.com.br\/index.php\/2024\/01\/10\/pacheco-diz-a-lula-que-situacao-no-congresso-esta-dificil-e-joga-um-balde-de-agua-fria-em-seus-planos\/#primaryimage"},"thumbnailUrl":"https:\/\/jornalfatosenoticias.com.br\/wp-content\/uploads\/2024\/01\/Lula-Pacheco.jpg","datePublished":"2024-01-10T15:14:14+00:00","dateModified":"2024-01-10T15:15:44+00:00","breadcrumb":{"@id":"https:\/\/jornalfatosenoticias.com.br\/index.php\/2024\/01\/10\/pacheco-diz-a-lula-que-situacao-no-congresso-esta-dificil-e-joga-um-balde-de-agua-fria-em-seus-planos\/#breadcrumb"},"inLanguage":"pt-BR","potentialAction":[{"@type":"ReadAction","target":["https:\/\/jornalfatosenoticias.com.br\/index.php\/2024\/01\/10\/pacheco-diz-a-lula-que-situacao-no-congresso-esta-dificil-e-joga-um-balde-de-agua-fria-em-seus-planos\/"]}]},{"@type":"ImageObject","inLanguage":"pt-BR","@id":"https:\/\/jornalfatosenoticias.com.br\/index.php\/2024\/01\/10\/pacheco-diz-a-lula-que-situacao-no-congresso-esta-dificil-e-joga-um-balde-de-agua-fria-em-seus-planos\/#primaryimage","url":"https:\/\/jornalfatosenoticias.com.br\/wp-content\/uploads\/2024\/01\/Lula-Pacheco.jpg","contentUrl":"https:\/\/jornalfatosenoticias.com.br\/wp-content\/uploads\/2024\/01\/Lula-Pacheco.jpg","width":705,"height":465},{"@type":"BreadcrumbList","@id":"https:\/\/jornalfatosenoticias.com.br\/index.php\/2024\/01\/10\/pacheco-diz-a-lula-que-situacao-no-congresso-esta-dificil-e-joga-um-balde-de-agua-fria-em-seus-planos\/#breadcrumb","itemListElement":[{"@type":"ListItem","position":1,"name":"In\u00edcio","item":"https:\/\/jornalfatosenoticias.com.br\/"},{"@type":"ListItem","position":2,"name":"Pacheco diz a Lula que situa\u00e7\u00e3o no Congresso est\u00e1 dif\u00edcil e joga um \u201cbalde de \u00e1gua fria em seus planos\u201d"}]},{"@type":"WebSite","@id":"https:\/\/jornalfatosenoticias.com.br\/#website","url":"https:\/\/jornalfatosenoticias.com.br\/","name":"Jornal Fatos e Not\u00edcias","description":"Not\u00edcias em geral","publisher":{"@id":"https:\/\/jornalfatosenoticias.com.br\/#organization"},"potentialAction":[{"@type":"SearchAction","target":{"@type":"EntryPoint","urlTemplate":"https:\/\/jornalfatosenoticias.com.br\/?s={search_term_string}"},"query-input":{"@type":"PropertyValueSpecification","valueRequired":true,"valueName":"search_term_string"}}],"inLanguage":"pt-BR"},{"@type":"Organization","@id":"https:\/\/jornalfatosenoticias.com.br\/#organization","name":"Jornal Fatos e Not\u00edcias","url":"https:\/\/jornalfatosenoticias.com.br\/","logo":{"@type":"ImageObject","inLanguage":"pt-BR","@id":"https:\/\/jornalfatosenoticias.com.br\/#\/schema\/logo\/image\/","url":"https:\/\/jornalfatosenoticias.com.br\/wp-content\/uploads\/2020\/02\/logo120.png","contentUrl":"https:\/\/jornalfatosenoticias.com.br\/wp-content\/uploads\/2020\/02\/logo120.png","width":1227,"height":120,"caption":"Jornal Fatos e Not\u00edcias"},"image":{"@id":"https:\/\/jornalfatosenoticias.com.br\/#\/schema\/logo\/image\/"}},{"@type":"Person","@id":"https:\/\/jornalfatosenoticias.com.br\/#\/schema\/person\/d63837fa13ac8666eb9e74e0985d6f81","name":"Luzimara Fernandes","image":{"@type":"ImageObject","inLanguage":"pt-BR","@id":"https:\/\/jornalfatosenoticias.com.br\/#\/schema\/person\/image\/","url":"https:\/\/jornalfatosenoticias.com.br\/wp-content\/uploads\/2025\/05\/EU_portal.jpg","contentUrl":"https:\/\/jornalfatosenoticias.com.br\/wp-content\/uploads\/2025\/05\/EU_portal.jpg","caption":"Luzimara Fernandes"},"description":"Jornalista MTB 2358-ES","sameAs":["https:\/\/jornalfatosenoticias.com.br"],"url":"https:\/\/jornalfatosenoticias.com.br\/index.php\/author\/luzimara\/"}]}},"cc_featured_image_caption":{"caption_text":"(Foto: Roque de S\u00e1\/Ag\u00eancia Senado)","source_text":"","source_url":""},"jetpack_featured_media_url":"https:\/\/jornalfatosenoticias.com.br\/wp-content\/uploads\/2024\/01\/Lula-Pacheco.jpg","_links":{"self":[{"href":"https:\/\/jornalfatosenoticias.com.br\/index.php\/wp-json\/wp\/v2\/posts\/48346","targetHints":{"allow":["GET"]}}],"collection":[{"href":"https:\/\/jornalfatosenoticias.com.br\/index.php\/wp-json\/wp\/v2\/posts"}],"about":[{"href":"https:\/\/jornalfatosenoticias.com.br\/index.php\/wp-json\/wp\/v2\/types\/post"}],"author":[{"embeddable":true,"href":"https:\/\/jornalfatosenoticias.com.br\/index.php\/wp-json\/wp\/v2\/users\/2"}],"replies":[{"embeddable":true,"href":"https:\/\/jornalfatosenoticias.com.br\/index.php\/wp-json\/wp\/v2\/comments?post=48346"}],"version-history":[{"count":0,"href":"https:\/\/jornalfatosenoticias.com.br\/index.php\/wp-json\/wp\/v2\/posts\/48346\/revisions"}],"wp:featuredmedia":[{"embeddable":true,"href":"https:\/\/jornalfatosenoticias.com.br\/index.php\/wp-json\/wp\/v2\/media\/48347"}],"wp:attachment":[{"href":"https:\/\/jornalfatosenoticias.com.br\/index.php\/wp-json\/wp\/v2\/media?parent=48346"}],"wp:term":[{"taxonomy":"category","embeddable":true,"href":"https:\/\/jornalfatosenoticias.com.br\/index.php\/wp-json\/wp\/v2\/categories?post=48346"},{"taxonomy":"post_tag","embeddable":true,"href":"https:\/\/jornalfatosenoticias.com.br\/index.php\/wp-json\/wp\/v2\/tags?post=48346"}],"curies":[{"name":"wp","href":"https:\/\/api.w.org\/{rel}","templated":true}]}}