{"id":48360,"date":"2024-01-11T15:35:16","date_gmt":"2024-01-11T18:35:16","guid":{"rendered":"https:\/\/jornalfatosenoticias.com.br\/?p=48360"},"modified":"2024-01-11T15:35:17","modified_gmt":"2024-01-11T18:35:17","slug":"moussaka-brasileira-a-lasanha-grega-de-berinjela","status":"publish","type":"post","link":"https:\/\/jornalfatosenoticias.com.br\/index.php\/2024\/01\/11\/moussaka-brasileira-a-lasanha-grega-de-berinjela\/","title":{"rendered":"Moussaka brasileira: a lasanha grega de berinjela"},"content":{"rendered":"\n<div class=\"wp-block-image\"><figure class=\"aligncenter size-large\"><img decoding=\"async\" src=\"https:\/\/jornalfatosenoticias.com.br\/wp-content\/uploads\/2020\/02\/barao-das-carnes-300x164-1.jpg\" alt=\"\" class=\"wp-image-34339\"\/><\/figure><\/div>\n\n\n\n<p>A inova\u00e7\u00e3o \u00e9 a chave para evitar o t\u00e9dio na cozinha \u2014 e no paladar! Para explorar novos sabores, nem \u00e9 preciso ir muito al\u00e9m da zona de conforto. Com altera\u00e7\u00f5es no modo de preparo, alguns ingredientes comuns do dia a dia ficam mais interessantes e saborosos, que tal? Este \u00e9 exatamente o caso da receita de <strong>moussaka brasileira! <\/strong>A origem dessa lasanha de berinjela \u00e9 grega! Com esta adapta\u00e7\u00e3o, h\u00e1 a liberdade de explorar ingredientes baratos e servir toda a fam\u00edlia sem muita dificuldade ou gastos. Olha s\u00f3:<\/p>\n\n\n\n<div class=\"wp-block-image\"><figure class=\"alignright size-large\"><img decoding=\"async\" src=\"https:\/\/jornalfatosenoticias.com.br\/wp-content\/uploads\/2020\/02\/logo_esteio.jpg\" alt=\"\" class=\"wp-image-1214\"\/><\/figure><\/div>\n\n\n\n<p><strong><span class=\"has-inline-color has-vivid-purple-color\">Ingredientes<\/span><\/strong><\/p>\n\n\n\n<ul class=\"wp-block-list\"><li>Sal e pimenta-do-reino a gosto<\/li><li>2 colheres (sopa) de \u00f3leo<\/li><li>500g de carne de segunda mo\u00edda<\/li><li>Cheiro-verde a gosto<\/li><li>2 colheres (sopa) de extrato de tomate<\/li><li>\u2154 de x\u00edcara (ch\u00e1) de \u00e1gua<\/li><li>1 colher (sopa) de farinha de trigo<\/li><li>1 colher (sopa) de margarina<\/li><li>1 x\u00edcara (ch\u00e1) de leite<\/li><li>\u00bd x\u00edcara (ch\u00e1) de queijo mu\u00e7arela ralado<\/li><li>Farinha de trigo para empanar<\/li><\/ul>\n\n\n\n<div class=\"wp-block-image\"><figure class=\"aligncenter size-large is-resized\"><img loading=\"lazy\" decoding=\"async\" src=\"https:\/\/jornalfatosenoticias.com.br\/wp-content\/uploads\/2023\/03\/nova-logo-Marquetti.jpg\" alt=\"\" class=\"wp-image-40207\" width=\"275\" height=\"185\" srcset=\"https:\/\/jornalfatosenoticias.com.br\/wp-content\/uploads\/2023\/03\/nova-logo-Marquetti.jpg 643w, https:\/\/jornalfatosenoticias.com.br\/wp-content\/uploads\/2023\/03\/nova-logo-Marquetti-300x202.jpg 300w\" sizes=\"auto, (max-width: 275px) 100vw, 275px\" \/><\/figure><\/div>\n\n\n\n<p><strong><span class=\"has-inline-color has-vivid-purple-color\">Modo de preparo<br><\/span><\/strong>Polvilhe a berinjela com sal e coloque em uma peneira por 30 minutos para sair o l\u00edquido amargo. Escorra, enxugue e passe pela farinha de trigo para empanar. Frite no \u00f3leo e reserve. Na mesma frigideira, refogue a carne temperada com sal, pimenta e cheiro-verde. Junte o extrato de tomate dilu\u00eddo na \u00e1gua e deixe cozinhar at\u00e9 obter um molho espesso. Em uma panela, frite a farinha na margarina, adicione o leite aos poucos e deixe ferver, mexendo sempre, at\u00e9 engrossar. Desligue e deixe amornar. Em um refrat\u00e1rio, alterne camadas de berinjela e do molho de carne. Finalize com o molho branco e o queijo ralado. Leve ao forno, preaquecido, por 30 minutos e sirva.<\/p>\n\n\n\n<div class=\"wp-block-image\"><figure class=\"aligncenter size-large is-resized\"><img loading=\"lazy\" decoding=\"async\" src=\"https:\/\/jornalfatosenoticias.com.br\/wp-content\/uploads\/2023\/12\/pegoretti-logo-pdf-1024x389.jpg\" alt=\"\" class=\"wp-image-47536\" width=\"366\" height=\"139\" srcset=\"https:\/\/jornalfatosenoticias.com.br\/wp-content\/uploads\/2023\/12\/pegoretti-logo-pdf-1024x389.jpg 1024w, https:\/\/jornalfatosenoticias.com.br\/wp-content\/uploads\/2023\/12\/pegoretti-logo-pdf-300x114.jpg 300w, https:\/\/jornalfatosenoticias.com.br\/wp-content\/uploads\/2023\/12\/pegoretti-logo-pdf-768x291.jpg 768w, https:\/\/jornalfatosenoticias.com.br\/wp-content\/uploads\/2023\/12\/pegoretti-logo-pdf.jpg 1120w\" sizes=\"auto, (max-width: 366px) 100vw, 366px\" \/><\/figure><\/div>\n\n\n\n<p><em><span class=\"has-inline-color has-black-color\">Rendimento: 6 por\u00e7\u00f5es<br><\/span><\/em><strong><em>Fonte: <a href=\"https:\/\/www.terra.com.br\/vida-e-estilo\/degusta\/receitas\/moussaka-brasileira-a-lasanha-grega-de-berinjela,ee96cfaaddc209571fa1ed1623ee66d3v82d7bea.html\">Terra<\/a><\/em><\/strong><\/p>\n","protected":false},"excerpt":{"rendered":"<p>A inova\u00e7\u00e3o \u00e9 a chave para evitar o t\u00e9dio na cozinha \u2014 e no paladar! Para explorar novos sabores, nem \u00e9 preciso ir muito al\u00e9m da zona de conforto. Com altera\u00e7\u00f5es no modo de preparo, alguns ingredientes comuns do dia a dia ficam mais interessantes e saborosos, que tal? Este \u00e9 exatamente o caso da [&hellip;]<\/p>\n","protected":false},"author":10,"featured_media":48361,"comment_status":"open","ping_status":"open","sticky":false,"template":"","format":"standard","meta":{"footnotes":""},"categories":[745],"tags":[1973,5022,22501,22500,2322],"class_list":["post-48360","post","type-post","status-publish","format-standard","has-post-thumbnail","hentry","category-gastronomia","tag-berinjela","tag-cozinha","tag-lasanha-grega","tag-moussaka-brasileira","tag-paladar"],"yoast_head":"<!-- This site is optimized with the Yoast SEO plugin v26.5 - https:\/\/yoast.com\/wordpress\/plugins\/seo\/ -->\n<title>Moussaka brasileira: a lasanha grega de berinjela - Jornal Fatos e Not\u00edcias<\/title>\n<meta name=\"robots\" content=\"index, follow, max-snippet:-1, max-image-preview:large, max-video-preview:-1\" \/>\n<link rel=\"canonical\" href=\"https:\/\/jornalfatosenoticias.com.br\/index.php\/2024\/01\/11\/moussaka-brasileira-a-lasanha-grega-de-berinjela\/\" \/>\n<meta property=\"og:locale\" content=\"pt_BR\" \/>\n<meta property=\"og:type\" content=\"article\" \/>\n<meta property=\"og:title\" content=\"Moussaka brasileira: a lasanha grega de berinjela - Jornal Fatos e Not\u00edcias\" \/>\n<meta property=\"og:description\" content=\"A inova\u00e7\u00e3o \u00e9 a chave para evitar o t\u00e9dio na cozinha \u2014 e no paladar! Para explorar novos sabores, nem \u00e9 preciso ir muito al\u00e9m da zona de conforto. Com altera\u00e7\u00f5es no modo de preparo, alguns ingredientes comuns do dia a dia ficam mais interessantes e saborosos, que tal? Este \u00e9 exatamente o caso da [&hellip;]\" \/>\n<meta property=\"og:url\" content=\"https:\/\/jornalfatosenoticias.com.br\/index.php\/2024\/01\/11\/moussaka-brasileira-a-lasanha-grega-de-berinjela\/\" \/>\n<meta property=\"og:site_name\" content=\"Jornal Fatos e Not\u00edcias\" \/>\n<meta property=\"article:published_time\" content=\"2024-01-11T18:35:16+00:00\" \/>\n<meta property=\"article:modified_time\" content=\"2024-01-11T18:35:17+00:00\" \/>\n<meta property=\"og:image\" content=\"https:\/\/jornalfatosenoticias.com.br\/wp-content\/uploads\/2024\/01\/lasanha-grega-de-berinjela_istockphoto.jpg\" \/>\n\t<meta property=\"og:image:width\" content=\"612\" \/>\n\t<meta property=\"og:image:height\" content=\"408\" \/>\n\t<meta property=\"og:image:type\" content=\"image\/jpeg\" \/>\n<meta name=\"author\" content=\"Gabriela Messner Aresi Oliveira\" \/>\n<meta name=\"twitter:card\" content=\"summary_large_image\" \/>\n<meta name=\"twitter:label1\" content=\"Escrito por\" \/>\n\t<meta name=\"twitter:data1\" content=\"Gabriela Messner Aresi Oliveira\" \/>\n\t<meta name=\"twitter:label2\" content=\"Est. tempo de leitura\" \/>\n\t<meta name=\"twitter:data2\" content=\"1 minuto\" \/>\n<script type=\"application\/ld+json\" class=\"yoast-schema-graph\">{\"@context\":\"https:\/\/schema.org\",\"@graph\":[{\"@type\":\"Article\",\"@id\":\"https:\/\/jornalfatosenoticias.com.br\/index.php\/2024\/01\/11\/moussaka-brasileira-a-lasanha-grega-de-berinjela\/#article\",\"isPartOf\":{\"@id\":\"https:\/\/jornalfatosenoticias.com.br\/index.php\/2024\/01\/11\/moussaka-brasileira-a-lasanha-grega-de-berinjela\/\"},\"author\":{\"name\":\"Gabriela Messner Aresi Oliveira\",\"@id\":\"https:\/\/jornalfatosenoticias.com.br\/#\/schema\/person\/8e0fe72f7a2b1f60eecd0c7d1dc4d8f1\"},\"headline\":\"Moussaka brasileira: a lasanha grega de berinjela\",\"datePublished\":\"2024-01-11T18:35:16+00:00\",\"dateModified\":\"2024-01-11T18:35:17+00:00\",\"mainEntityOfPage\":{\"@id\":\"https:\/\/jornalfatosenoticias.com.br\/index.php\/2024\/01\/11\/moussaka-brasileira-a-lasanha-grega-de-berinjela\/\"},\"wordCount\":281,\"commentCount\":0,\"publisher\":{\"@id\":\"https:\/\/jornalfatosenoticias.com.br\/#organization\"},\"image\":{\"@id\":\"https:\/\/jornalfatosenoticias.com.br\/index.php\/2024\/01\/11\/moussaka-brasileira-a-lasanha-grega-de-berinjela\/#primaryimage\"},\"thumbnailUrl\":\"https:\/\/jornalfatosenoticias.com.br\/wp-content\/uploads\/2024\/01\/lasanha-grega-de-berinjela_istockphoto.jpg\",\"keywords\":[\"berinjela\",\"cozinha\",\"lasanha grega\",\"moussaka brasileira\",\"paladar\"],\"articleSection\":[\"Gastronomia\"],\"inLanguage\":\"pt-BR\",\"potentialAction\":[{\"@type\":\"CommentAction\",\"name\":\"Comment\",\"target\":[\"https:\/\/jornalfatosenoticias.com.br\/index.php\/2024\/01\/11\/moussaka-brasileira-a-lasanha-grega-de-berinjela\/#respond\"]}]},{\"@type\":\"WebPage\",\"@id\":\"https:\/\/jornalfatosenoticias.com.br\/index.php\/2024\/01\/11\/moussaka-brasileira-a-lasanha-grega-de-berinjela\/\",\"url\":\"https:\/\/jornalfatosenoticias.com.br\/index.php\/2024\/01\/11\/moussaka-brasileira-a-lasanha-grega-de-berinjela\/\",\"name\":\"Moussaka brasileira: a lasanha grega de berinjela - Jornal Fatos e Not\u00edcias\",\"isPartOf\":{\"@id\":\"https:\/\/jornalfatosenoticias.com.br\/#website\"},\"primaryImageOfPage\":{\"@id\":\"https:\/\/jornalfatosenoticias.com.br\/index.php\/2024\/01\/11\/moussaka-brasileira-a-lasanha-grega-de-berinjela\/#primaryimage\"},\"image\":{\"@id\":\"https:\/\/jornalfatosenoticias.com.br\/index.php\/2024\/01\/11\/moussaka-brasileira-a-lasanha-grega-de-berinjela\/#primaryimage\"},\"thumbnailUrl\":\"https:\/\/jornalfatosenoticias.com.br\/wp-content\/uploads\/2024\/01\/lasanha-grega-de-berinjela_istockphoto.jpg\",\"datePublished\":\"2024-01-11T18:35:16+00:00\",\"dateModified\":\"2024-01-11T18:35:17+00:00\",\"breadcrumb\":{\"@id\":\"https:\/\/jornalfatosenoticias.com.br\/index.php\/2024\/01\/11\/moussaka-brasileira-a-lasanha-grega-de-berinjela\/#breadcrumb\"},\"inLanguage\":\"pt-BR\",\"potentialAction\":[{\"@type\":\"ReadAction\",\"target\":[\"https:\/\/jornalfatosenoticias.com.br\/index.php\/2024\/01\/11\/moussaka-brasileira-a-lasanha-grega-de-berinjela\/\"]}]},{\"@type\":\"ImageObject\",\"inLanguage\":\"pt-BR\",\"@id\":\"https:\/\/jornalfatosenoticias.com.br\/index.php\/2024\/01\/11\/moussaka-brasileira-a-lasanha-grega-de-berinjela\/#primaryimage\",\"url\":\"https:\/\/jornalfatosenoticias.com.br\/wp-content\/uploads\/2024\/01\/lasanha-grega-de-berinjela_istockphoto.jpg\",\"contentUrl\":\"https:\/\/jornalfatosenoticias.com.br\/wp-content\/uploads\/2024\/01\/lasanha-grega-de-berinjela_istockphoto.jpg\",\"width\":612,\"height\":408,\"caption\":\"Home-made Greek moussaka. Eggplant layered with meat sauce, topped with bechamel sauce.\"},{\"@type\":\"BreadcrumbList\",\"@id\":\"https:\/\/jornalfatosenoticias.com.br\/index.php\/2024\/01\/11\/moussaka-brasileira-a-lasanha-grega-de-berinjela\/#breadcrumb\",\"itemListElement\":[{\"@type\":\"ListItem\",\"position\":1,\"name\":\"In\u00edcio\",\"item\":\"https:\/\/jornalfatosenoticias.com.br\/\"},{\"@type\":\"ListItem\",\"position\":2,\"name\":\"Moussaka brasileira: a lasanha grega de berinjela\"}]},{\"@type\":\"WebSite\",\"@id\":\"https:\/\/jornalfatosenoticias.com.br\/#website\",\"url\":\"https:\/\/jornalfatosenoticias.com.br\/\",\"name\":\"Jornal Fatos e Not\u00edcias\",\"description\":\"Not\u00edcias em geral\",\"publisher\":{\"@id\":\"https:\/\/jornalfatosenoticias.com.br\/#organization\"},\"potentialAction\":[{\"@type\":\"SearchAction\",\"target\":{\"@type\":\"EntryPoint\",\"urlTemplate\":\"https:\/\/jornalfatosenoticias.com.br\/?s={search_term_string}\"},\"query-input\":{\"@type\":\"PropertyValueSpecification\",\"valueRequired\":true,\"valueName\":\"search_term_string\"}}],\"inLanguage\":\"pt-BR\"},{\"@type\":\"Organization\",\"@id\":\"https:\/\/jornalfatosenoticias.com.br\/#organization\",\"name\":\"Jornal Fatos e Not\u00edcias\",\"url\":\"https:\/\/jornalfatosenoticias.com.br\/\",\"logo\":{\"@type\":\"ImageObject\",\"inLanguage\":\"pt-BR\",\"@id\":\"https:\/\/jornalfatosenoticias.com.br\/#\/schema\/logo\/image\/\",\"url\":\"https:\/\/jornalfatosenoticias.com.br\/wp-content\/uploads\/2020\/02\/logo120.png\",\"contentUrl\":\"https:\/\/jornalfatosenoticias.com.br\/wp-content\/uploads\/2020\/02\/logo120.png\",\"width\":1227,\"height\":120,\"caption\":\"Jornal Fatos e Not\u00edcias\"},\"image\":{\"@id\":\"https:\/\/jornalfatosenoticias.com.br\/#\/schema\/logo\/image\/\"}},{\"@type\":\"Person\",\"@id\":\"https:\/\/jornalfatosenoticias.com.br\/#\/schema\/person\/8e0fe72f7a2b1f60eecd0c7d1dc4d8f1\",\"name\":\"Gabriela Messner Aresi Oliveira\",\"image\":{\"@type\":\"ImageObject\",\"inLanguage\":\"pt-BR\",\"@id\":\"https:\/\/jornalfatosenoticias.com.br\/#\/schema\/person\/image\/\",\"url\":\"https:\/\/jornalfatosenoticias.com.br\/wp-content\/uploads\/2020\/03\/Gabriela-messner-150x150.jpg\",\"contentUrl\":\"https:\/\/jornalfatosenoticias.com.br\/wp-content\/uploads\/2020\/03\/Gabriela-messner-150x150.jpg\",\"caption\":\"Gabriela Messner Aresi Oliveira\"},\"url\":\"https:\/\/jornalfatosenoticias.com.br\/index.php\/author\/gabriela\/\"}]}<\/script>\n<!-- \/ Yoast SEO plugin. -->","yoast_head_json":{"title":"Moussaka brasileira: a lasanha grega de berinjela - Jornal Fatos e Not\u00edcias","robots":{"index":"index","follow":"follow","max-snippet":"max-snippet:-1","max-image-preview":"max-image-preview:large","max-video-preview":"max-video-preview:-1"},"canonical":"https:\/\/jornalfatosenoticias.com.br\/index.php\/2024\/01\/11\/moussaka-brasileira-a-lasanha-grega-de-berinjela\/","og_locale":"pt_BR","og_type":"article","og_title":"Moussaka brasileira: a lasanha grega de berinjela - Jornal Fatos e Not\u00edcias","og_description":"A inova\u00e7\u00e3o \u00e9 a chave para evitar o t\u00e9dio na cozinha \u2014 e no paladar! Para explorar novos sabores, nem \u00e9 preciso ir muito al\u00e9m da zona de conforto. Com altera\u00e7\u00f5es no modo de preparo, alguns ingredientes comuns do dia a dia ficam mais interessantes e saborosos, que tal? Este \u00e9 exatamente o caso da [&hellip;]","og_url":"https:\/\/jornalfatosenoticias.com.br\/index.php\/2024\/01\/11\/moussaka-brasileira-a-lasanha-grega-de-berinjela\/","og_site_name":"Jornal Fatos e Not\u00edcias","article_published_time":"2024-01-11T18:35:16+00:00","article_modified_time":"2024-01-11T18:35:17+00:00","og_image":[{"width":612,"height":408,"url":"https:\/\/jornalfatosenoticias.com.br\/wp-content\/uploads\/2024\/01\/lasanha-grega-de-berinjela_istockphoto.jpg","type":"image\/jpeg"}],"author":"Gabriela Messner Aresi Oliveira","twitter_card":"summary_large_image","twitter_misc":{"Escrito por":"Gabriela Messner Aresi Oliveira","Est. tempo de leitura":"1 minuto"},"schema":{"@context":"https:\/\/schema.org","@graph":[{"@type":"Article","@id":"https:\/\/jornalfatosenoticias.com.br\/index.php\/2024\/01\/11\/moussaka-brasileira-a-lasanha-grega-de-berinjela\/#article","isPartOf":{"@id":"https:\/\/jornalfatosenoticias.com.br\/index.php\/2024\/01\/11\/moussaka-brasileira-a-lasanha-grega-de-berinjela\/"},"author":{"name":"Gabriela Messner Aresi Oliveira","@id":"https:\/\/jornalfatosenoticias.com.br\/#\/schema\/person\/8e0fe72f7a2b1f60eecd0c7d1dc4d8f1"},"headline":"Moussaka brasileira: a lasanha grega de berinjela","datePublished":"2024-01-11T18:35:16+00:00","dateModified":"2024-01-11T18:35:17+00:00","mainEntityOfPage":{"@id":"https:\/\/jornalfatosenoticias.com.br\/index.php\/2024\/01\/11\/moussaka-brasileira-a-lasanha-grega-de-berinjela\/"},"wordCount":281,"commentCount":0,"publisher":{"@id":"https:\/\/jornalfatosenoticias.com.br\/#organization"},"image":{"@id":"https:\/\/jornalfatosenoticias.com.br\/index.php\/2024\/01\/11\/moussaka-brasileira-a-lasanha-grega-de-berinjela\/#primaryimage"},"thumbnailUrl":"https:\/\/jornalfatosenoticias.com.br\/wp-content\/uploads\/2024\/01\/lasanha-grega-de-berinjela_istockphoto.jpg","keywords":["berinjela","cozinha","lasanha grega","moussaka brasileira","paladar"],"articleSection":["Gastronomia"],"inLanguage":"pt-BR","potentialAction":[{"@type":"CommentAction","name":"Comment","target":["https:\/\/jornalfatosenoticias.com.br\/index.php\/2024\/01\/11\/moussaka-brasileira-a-lasanha-grega-de-berinjela\/#respond"]}]},{"@type":"WebPage","@id":"https:\/\/jornalfatosenoticias.com.br\/index.php\/2024\/01\/11\/moussaka-brasileira-a-lasanha-grega-de-berinjela\/","url":"https:\/\/jornalfatosenoticias.com.br\/index.php\/2024\/01\/11\/moussaka-brasileira-a-lasanha-grega-de-berinjela\/","name":"Moussaka brasileira: a lasanha grega de berinjela - Jornal Fatos e Not\u00edcias","isPartOf":{"@id":"https:\/\/jornalfatosenoticias.com.br\/#website"},"primaryImageOfPage":{"@id":"https:\/\/jornalfatosenoticias.com.br\/index.php\/2024\/01\/11\/moussaka-brasileira-a-lasanha-grega-de-berinjela\/#primaryimage"},"image":{"@id":"https:\/\/jornalfatosenoticias.com.br\/index.php\/2024\/01\/11\/moussaka-brasileira-a-lasanha-grega-de-berinjela\/#primaryimage"},"thumbnailUrl":"https:\/\/jornalfatosenoticias.com.br\/wp-content\/uploads\/2024\/01\/lasanha-grega-de-berinjela_istockphoto.jpg","datePublished":"2024-01-11T18:35:16+00:00","dateModified":"2024-01-11T18:35:17+00:00","breadcrumb":{"@id":"https:\/\/jornalfatosenoticias.com.br\/index.php\/2024\/01\/11\/moussaka-brasileira-a-lasanha-grega-de-berinjela\/#breadcrumb"},"inLanguage":"pt-BR","potentialAction":[{"@type":"ReadAction","target":["https:\/\/jornalfatosenoticias.com.br\/index.php\/2024\/01\/11\/moussaka-brasileira-a-lasanha-grega-de-berinjela\/"]}]},{"@type":"ImageObject","inLanguage":"pt-BR","@id":"https:\/\/jornalfatosenoticias.com.br\/index.php\/2024\/01\/11\/moussaka-brasileira-a-lasanha-grega-de-berinjela\/#primaryimage","url":"https:\/\/jornalfatosenoticias.com.br\/wp-content\/uploads\/2024\/01\/lasanha-grega-de-berinjela_istockphoto.jpg","contentUrl":"https:\/\/jornalfatosenoticias.com.br\/wp-content\/uploads\/2024\/01\/lasanha-grega-de-berinjela_istockphoto.jpg","width":612,"height":408,"caption":"Home-made Greek moussaka. Eggplant layered with meat sauce, topped with bechamel sauce."},{"@type":"BreadcrumbList","@id":"https:\/\/jornalfatosenoticias.com.br\/index.php\/2024\/01\/11\/moussaka-brasileira-a-lasanha-grega-de-berinjela\/#breadcrumb","itemListElement":[{"@type":"ListItem","position":1,"name":"In\u00edcio","item":"https:\/\/jornalfatosenoticias.com.br\/"},{"@type":"ListItem","position":2,"name":"Moussaka brasileira: a lasanha grega de berinjela"}]},{"@type":"WebSite","@id":"https:\/\/jornalfatosenoticias.com.br\/#website","url":"https:\/\/jornalfatosenoticias.com.br\/","name":"Jornal Fatos e Not\u00edcias","description":"Not\u00edcias em geral","publisher":{"@id":"https:\/\/jornalfatosenoticias.com.br\/#organization"},"potentialAction":[{"@type":"SearchAction","target":{"@type":"EntryPoint","urlTemplate":"https:\/\/jornalfatosenoticias.com.br\/?s={search_term_string}"},"query-input":{"@type":"PropertyValueSpecification","valueRequired":true,"valueName":"search_term_string"}}],"inLanguage":"pt-BR"},{"@type":"Organization","@id":"https:\/\/jornalfatosenoticias.com.br\/#organization","name":"Jornal Fatos e Not\u00edcias","url":"https:\/\/jornalfatosenoticias.com.br\/","logo":{"@type":"ImageObject","inLanguage":"pt-BR","@id":"https:\/\/jornalfatosenoticias.com.br\/#\/schema\/logo\/image\/","url":"https:\/\/jornalfatosenoticias.com.br\/wp-content\/uploads\/2020\/02\/logo120.png","contentUrl":"https:\/\/jornalfatosenoticias.com.br\/wp-content\/uploads\/2020\/02\/logo120.png","width":1227,"height":120,"caption":"Jornal Fatos e Not\u00edcias"},"image":{"@id":"https:\/\/jornalfatosenoticias.com.br\/#\/schema\/logo\/image\/"}},{"@type":"Person","@id":"https:\/\/jornalfatosenoticias.com.br\/#\/schema\/person\/8e0fe72f7a2b1f60eecd0c7d1dc4d8f1","name":"Gabriela Messner Aresi Oliveira","image":{"@type":"ImageObject","inLanguage":"pt-BR","@id":"https:\/\/jornalfatosenoticias.com.br\/#\/schema\/person\/image\/","url":"https:\/\/jornalfatosenoticias.com.br\/wp-content\/uploads\/2020\/03\/Gabriela-messner-150x150.jpg","contentUrl":"https:\/\/jornalfatosenoticias.com.br\/wp-content\/uploads\/2020\/03\/Gabriela-messner-150x150.jpg","caption":"Gabriela Messner Aresi Oliveira"},"url":"https:\/\/jornalfatosenoticias.com.br\/index.php\/author\/gabriela\/"}]}},"cc_featured_image_caption":{"caption_text":"(Foto: iStock) ","source_text":"","source_url":""},"jetpack_featured_media_url":"https:\/\/jornalfatosenoticias.com.br\/wp-content\/uploads\/2024\/01\/lasanha-grega-de-berinjela_istockphoto.jpg","_links":{"self":[{"href":"https:\/\/jornalfatosenoticias.com.br\/index.php\/wp-json\/wp\/v2\/posts\/48360","targetHints":{"allow":["GET"]}}],"collection":[{"href":"https:\/\/jornalfatosenoticias.com.br\/index.php\/wp-json\/wp\/v2\/posts"}],"about":[{"href":"https:\/\/jornalfatosenoticias.com.br\/index.php\/wp-json\/wp\/v2\/types\/post"}],"author":[{"embeddable":true,"href":"https:\/\/jornalfatosenoticias.com.br\/index.php\/wp-json\/wp\/v2\/users\/10"}],"replies":[{"embeddable":true,"href":"https:\/\/jornalfatosenoticias.com.br\/index.php\/wp-json\/wp\/v2\/comments?post=48360"}],"version-history":[{"count":0,"href":"https:\/\/jornalfatosenoticias.com.br\/index.php\/wp-json\/wp\/v2\/posts\/48360\/revisions"}],"wp:featuredmedia":[{"embeddable":true,"href":"https:\/\/jornalfatosenoticias.com.br\/index.php\/wp-json\/wp\/v2\/media\/48361"}],"wp:attachment":[{"href":"https:\/\/jornalfatosenoticias.com.br\/index.php\/wp-json\/wp\/v2\/media?parent=48360"}],"wp:term":[{"taxonomy":"category","embeddable":true,"href":"https:\/\/jornalfatosenoticias.com.br\/index.php\/wp-json\/wp\/v2\/categories?post=48360"},{"taxonomy":"post_tag","embeddable":true,"href":"https:\/\/jornalfatosenoticias.com.br\/index.php\/wp-json\/wp\/v2\/tags?post=48360"}],"curies":[{"name":"wp","href":"https:\/\/api.w.org\/{rel}","templated":true}]}}