{"id":4840,"date":"2020-05-22T15:59:33","date_gmt":"2020-05-22T18:59:33","guid":{"rendered":"https:\/\/jornalfatosenoticias.com.br\/?p=4840"},"modified":"2020-05-22T15:59:39","modified_gmt":"2020-05-22T18:59:39","slug":"frente-fria-traz-chuva-para-a-regiao-sudeste-no-fim-de-semana","status":"publish","type":"post","link":"https:\/\/jornalfatosenoticias.com.br\/index.php\/2020\/05\/22\/frente-fria-traz-chuva-para-a-regiao-sudeste-no-fim-de-semana\/","title":{"rendered":"Frente fria traz chuva para a Regi\u00e3o Sudeste no fim de semana"},"content":{"rendered":"\n<h6 class=\"wp-block-heading\"><em>Nova massa de ar frio avan\u00e7a sobre o Sudeste e temperatura volta a baixar<\/em><\/h6>\n\n\n\n<p>Uma grande e forte frente fria provoca muita chuva sobre o Sul do Brasil e o Mato Grosso do Sul nesta sexta-feira (22). Esta \u00e9 a segunda frente fria de maio com potencial para provocar chuva em amplas \u00e1reas e acentuada queda da temperatura sobre o Brasil.<br>O aumento da nebulosidade que come\u00e7ou a ser observado sobre S\u00e3o Paulo na manh\u00e3 desta sexta-feira j\u00e1 est\u00e1 associado ao deslocamento desta frente fria.<br>Durante o fim de semana, esta frente fria avan\u00e7a sobre a Regi\u00e3o Sudeste causando chuva em todos os estados. A chuva n\u00e3o ser\u00e1 forte e nem prolongada em todas as \u00e1reas da regi\u00e3o. Aten\u00e7\u00e3o com rajadas de vento moderadas a fortes, mesmo sem estar chovendo<br>A massa de ar frio de origem polar que vem com esta frente fria tem forte intensidade e vai provocar queda da temperatura acentuada em todos os estados da Regi\u00e3o Sudeste no decorrer deste fim de semana. As madrugadas da pr\u00f3xima semana ser\u00e3o frias. \u00c9 poss\u00edvel que ocorram novos recordes de frio nas capitais dos estados durante a passagem desta onda de frio.<\/p>\n\n\n\n<p><strong>Saiba como a chuva desta frente fria vai se espalhar sobre a Regi\u00e3o Sudeste<\/strong><\/p>\n\n\n\n<figure class=\"wp-block-embed-youtube wp-block-embed is-type-video is-provider-youtube wp-embed-aspect-16-9 wp-has-aspect-ratio\"><div class=\"wp-block-embed__wrapper\">\n<iframe loading=\"lazy\" title=\"Tempo muda no Sudeste no fim de semana de 21 e 22 de maio\" width=\"660\" height=\"371\" src=\"https:\/\/www.youtube.com\/embed\/We7ZRbs7eps?feature=oembed\" frameborder=\"0\" allow=\"accelerometer; autoplay; clipboard-write; encrypted-media; gyroscope; picture-in-picture; web-share\" referrerpolicy=\"strict-origin-when-cross-origin\" allowfullscreen><\/iframe>\n<\/div><\/figure>\n\n\n\n<p><strong><em>Fonte: Terra<\/em><\/strong><\/p>\n","protected":false},"excerpt":{"rendered":"<p>Nova massa de ar frio avan\u00e7a sobre o Sudeste e temperatura volta a baixar Uma grande e forte frente fria provoca muita chuva sobre o Sul do Brasil e o Mato Grosso do Sul nesta sexta-feira (22). Esta \u00e9 a segunda frente fria de maio com potencial para provocar chuva em amplas \u00e1reas e acentuada [&hellip;]<\/p>\n","protected":false},"author":2,"featured_media":4841,"comment_status":"open","ping_status":"open","sticky":false,"template":"","format":"standard","meta":{"footnotes":""},"categories":[5],"tags":[303,2875,2877,2876,1095],"class_list":["post-4840","post","type-post","status-publish","format-standard","has-post-thumbnail","hentry","category-geral","tag-chuva","tag-frente-fria","tag-frio","tag-quedas-de-temperatura","tag-vento"],"yoast_head":"<!-- This site is optimized with the Yoast SEO plugin v26.5 - https:\/\/yoast.com\/wordpress\/plugins\/seo\/ -->\n<title>Frente fria traz chuva para a Regi\u00e3o Sudeste no fim de semana - Jornal Fatos e Not\u00edcias<\/title>\n<meta name=\"robots\" content=\"index, follow, max-snippet:-1, max-image-preview:large, max-video-preview:-1\" \/>\n<link rel=\"canonical\" href=\"https:\/\/jornalfatosenoticias.com.br\/index.php\/2020\/05\/22\/frente-fria-traz-chuva-para-a-regiao-sudeste-no-fim-de-semana\/\" \/>\n<meta property=\"og:locale\" content=\"pt_BR\" \/>\n<meta property=\"og:type\" content=\"article\" \/>\n<meta property=\"og:title\" content=\"Frente fria traz chuva para a Regi\u00e3o Sudeste no fim de semana - Jornal Fatos e Not\u00edcias\" \/>\n<meta property=\"og:description\" content=\"Nova massa de ar frio avan\u00e7a sobre o Sudeste e temperatura volta a baixar Uma grande e forte frente fria provoca muita chuva sobre o Sul do Brasil e o Mato Grosso do Sul nesta sexta-feira (22). Esta \u00e9 a segunda frente fria de maio com potencial para provocar chuva em amplas \u00e1reas e acentuada [&hellip;]\" \/>\n<meta property=\"og:url\" content=\"https:\/\/jornalfatosenoticias.com.br\/index.php\/2020\/05\/22\/frente-fria-traz-chuva-para-a-regiao-sudeste-no-fim-de-semana\/\" \/>\n<meta property=\"og:site_name\" content=\"Jornal Fatos e Not\u00edcias\" \/>\n<meta property=\"article:published_time\" content=\"2020-05-22T18:59:33+00:00\" \/>\n<meta property=\"article:modified_time\" content=\"2020-05-22T18:59:39+00:00\" \/>\n<meta property=\"og:image\" content=\"https:\/\/jornalfatosenoticias.com.br\/wp-content\/uploads\/2020\/05\/frente-fria.jpg\" \/>\n\t<meta property=\"og:image:width\" content=\"1000\" \/>\n\t<meta property=\"og:image:height\" content=\"600\" \/>\n\t<meta property=\"og:image:type\" content=\"image\/jpeg\" \/>\n<meta name=\"author\" content=\"Luzimara Fernandes\" \/>\n<meta name=\"twitter:card\" content=\"summary_large_image\" \/>\n<meta name=\"twitter:label1\" content=\"Escrito por\" \/>\n\t<meta name=\"twitter:data1\" content=\"Luzimara Fernandes\" \/>\n\t<meta name=\"twitter:label2\" content=\"Est. tempo de leitura\" \/>\n\t<meta name=\"twitter:data2\" content=\"1 minuto\" \/>\n<script type=\"application\/ld+json\" class=\"yoast-schema-graph\">{\"@context\":\"https:\/\/schema.org\",\"@graph\":[{\"@type\":\"Article\",\"@id\":\"https:\/\/jornalfatosenoticias.com.br\/index.php\/2020\/05\/22\/frente-fria-traz-chuva-para-a-regiao-sudeste-no-fim-de-semana\/#article\",\"isPartOf\":{\"@id\":\"https:\/\/jornalfatosenoticias.com.br\/index.php\/2020\/05\/22\/frente-fria-traz-chuva-para-a-regiao-sudeste-no-fim-de-semana\/\"},\"author\":{\"name\":\"Luzimara Fernandes\",\"@id\":\"https:\/\/jornalfatosenoticias.com.br\/#\/schema\/person\/d63837fa13ac8666eb9e74e0985d6f81\"},\"headline\":\"Frente fria traz chuva para a Regi\u00e3o Sudeste no fim de semana\",\"datePublished\":\"2020-05-22T18:59:33+00:00\",\"dateModified\":\"2020-05-22T18:59:39+00:00\",\"mainEntityOfPage\":{\"@id\":\"https:\/\/jornalfatosenoticias.com.br\/index.php\/2020\/05\/22\/frente-fria-traz-chuva-para-a-regiao-sudeste-no-fim-de-semana\/\"},\"wordCount\":244,\"commentCount\":0,\"publisher\":{\"@id\":\"https:\/\/jornalfatosenoticias.com.br\/#organization\"},\"image\":{\"@id\":\"https:\/\/jornalfatosenoticias.com.br\/index.php\/2020\/05\/22\/frente-fria-traz-chuva-para-a-regiao-sudeste-no-fim-de-semana\/#primaryimage\"},\"thumbnailUrl\":\"https:\/\/jornalfatosenoticias.com.br\/wp-content\/uploads\/2020\/05\/frente-fria.jpg\",\"keywords\":[\"chuva\",\"frente fria\",\"frio\",\"quedas de temperatura\",\"vento\"],\"articleSection\":[\"Geral\"],\"inLanguage\":\"pt-BR\",\"potentialAction\":[{\"@type\":\"CommentAction\",\"name\":\"Comment\",\"target\":[\"https:\/\/jornalfatosenoticias.com.br\/index.php\/2020\/05\/22\/frente-fria-traz-chuva-para-a-regiao-sudeste-no-fim-de-semana\/#respond\"]}]},{\"@type\":\"WebPage\",\"@id\":\"https:\/\/jornalfatosenoticias.com.br\/index.php\/2020\/05\/22\/frente-fria-traz-chuva-para-a-regiao-sudeste-no-fim-de-semana\/\",\"url\":\"https:\/\/jornalfatosenoticias.com.br\/index.php\/2020\/05\/22\/frente-fria-traz-chuva-para-a-regiao-sudeste-no-fim-de-semana\/\",\"name\":\"Frente fria traz chuva para a Regi\u00e3o Sudeste no fim de semana - Jornal Fatos e Not\u00edcias\",\"isPartOf\":{\"@id\":\"https:\/\/jornalfatosenoticias.com.br\/#website\"},\"primaryImageOfPage\":{\"@id\":\"https:\/\/jornalfatosenoticias.com.br\/index.php\/2020\/05\/22\/frente-fria-traz-chuva-para-a-regiao-sudeste-no-fim-de-semana\/#primaryimage\"},\"image\":{\"@id\":\"https:\/\/jornalfatosenoticias.com.br\/index.php\/2020\/05\/22\/frente-fria-traz-chuva-para-a-regiao-sudeste-no-fim-de-semana\/#primaryimage\"},\"thumbnailUrl\":\"https:\/\/jornalfatosenoticias.com.br\/wp-content\/uploads\/2020\/05\/frente-fria.jpg\",\"datePublished\":\"2020-05-22T18:59:33+00:00\",\"dateModified\":\"2020-05-22T18:59:39+00:00\",\"breadcrumb\":{\"@id\":\"https:\/\/jornalfatosenoticias.com.br\/index.php\/2020\/05\/22\/frente-fria-traz-chuva-para-a-regiao-sudeste-no-fim-de-semana\/#breadcrumb\"},\"inLanguage\":\"pt-BR\",\"potentialAction\":[{\"@type\":\"ReadAction\",\"target\":[\"https:\/\/jornalfatosenoticias.com.br\/index.php\/2020\/05\/22\/frente-fria-traz-chuva-para-a-regiao-sudeste-no-fim-de-semana\/\"]}]},{\"@type\":\"ImageObject\",\"inLanguage\":\"pt-BR\",\"@id\":\"https:\/\/jornalfatosenoticias.com.br\/index.php\/2020\/05\/22\/frente-fria-traz-chuva-para-a-regiao-sudeste-no-fim-de-semana\/#primaryimage\",\"url\":\"https:\/\/jornalfatosenoticias.com.br\/wp-content\/uploads\/2020\/05\/frente-fria.jpg\",\"contentUrl\":\"https:\/\/jornalfatosenoticias.com.br\/wp-content\/uploads\/2020\/05\/frente-fria.jpg\",\"width\":1000,\"height\":600},{\"@type\":\"BreadcrumbList\",\"@id\":\"https:\/\/jornalfatosenoticias.com.br\/index.php\/2020\/05\/22\/frente-fria-traz-chuva-para-a-regiao-sudeste-no-fim-de-semana\/#breadcrumb\",\"itemListElement\":[{\"@type\":\"ListItem\",\"position\":1,\"name\":\"In\u00edcio\",\"item\":\"https:\/\/jornalfatosenoticias.com.br\/\"},{\"@type\":\"ListItem\",\"position\":2,\"name\":\"Frente fria traz chuva para a Regi\u00e3o Sudeste no fim de semana\"}]},{\"@type\":\"WebSite\",\"@id\":\"https:\/\/jornalfatosenoticias.com.br\/#website\",\"url\":\"https:\/\/jornalfatosenoticias.com.br\/\",\"name\":\"Jornal Fatos e Not\u00edcias\",\"description\":\"Not\u00edcias em geral\",\"publisher\":{\"@id\":\"https:\/\/jornalfatosenoticias.com.br\/#organization\"},\"potentialAction\":[{\"@type\":\"SearchAction\",\"target\":{\"@type\":\"EntryPoint\",\"urlTemplate\":\"https:\/\/jornalfatosenoticias.com.br\/?s={search_term_string}\"},\"query-input\":{\"@type\":\"PropertyValueSpecification\",\"valueRequired\":true,\"valueName\":\"search_term_string\"}}],\"inLanguage\":\"pt-BR\"},{\"@type\":\"Organization\",\"@id\":\"https:\/\/jornalfatosenoticias.com.br\/#organization\",\"name\":\"Jornal Fatos e Not\u00edcias\",\"url\":\"https:\/\/jornalfatosenoticias.com.br\/\",\"logo\":{\"@type\":\"ImageObject\",\"inLanguage\":\"pt-BR\",\"@id\":\"https:\/\/jornalfatosenoticias.com.br\/#\/schema\/logo\/image\/\",\"url\":\"https:\/\/jornalfatosenoticias.com.br\/wp-content\/uploads\/2020\/02\/logo120.png\",\"contentUrl\":\"https:\/\/jornalfatosenoticias.com.br\/wp-content\/uploads\/2020\/02\/logo120.png\",\"width\":1227,\"height\":120,\"caption\":\"Jornal Fatos e Not\u00edcias\"},\"image\":{\"@id\":\"https:\/\/jornalfatosenoticias.com.br\/#\/schema\/logo\/image\/\"}},{\"@type\":\"Person\",\"@id\":\"https:\/\/jornalfatosenoticias.com.br\/#\/schema\/person\/d63837fa13ac8666eb9e74e0985d6f81\",\"name\":\"Luzimara Fernandes\",\"image\":{\"@type\":\"ImageObject\",\"inLanguage\":\"pt-BR\",\"@id\":\"https:\/\/jornalfatosenoticias.com.br\/#\/schema\/person\/image\/\",\"url\":\"https:\/\/jornalfatosenoticias.com.br\/wp-content\/uploads\/2025\/05\/EU_portal.jpg\",\"contentUrl\":\"https:\/\/jornalfatosenoticias.com.br\/wp-content\/uploads\/2025\/05\/EU_portal.jpg\",\"caption\":\"Luzimara Fernandes\"},\"description\":\"Jornalista MTB 2358-ES\",\"sameAs\":[\"https:\/\/jornalfatosenoticias.com.br\"],\"url\":\"https:\/\/jornalfatosenoticias.com.br\/index.php\/author\/luzimara\/\"}]}<\/script>\n<!-- \/ Yoast SEO plugin. -->","yoast_head_json":{"title":"Frente fria traz chuva para a Regi\u00e3o Sudeste no fim de semana - Jornal Fatos e Not\u00edcias","robots":{"index":"index","follow":"follow","max-snippet":"max-snippet:-1","max-image-preview":"max-image-preview:large","max-video-preview":"max-video-preview:-1"},"canonical":"https:\/\/jornalfatosenoticias.com.br\/index.php\/2020\/05\/22\/frente-fria-traz-chuva-para-a-regiao-sudeste-no-fim-de-semana\/","og_locale":"pt_BR","og_type":"article","og_title":"Frente fria traz chuva para a Regi\u00e3o Sudeste no fim de semana - Jornal Fatos e Not\u00edcias","og_description":"Nova massa de ar frio avan\u00e7a sobre o Sudeste e temperatura volta a baixar Uma grande e forte frente fria provoca muita chuva sobre o Sul do Brasil e o Mato Grosso do Sul nesta sexta-feira (22). Esta \u00e9 a segunda frente fria de maio com potencial para provocar chuva em amplas \u00e1reas e acentuada [&hellip;]","og_url":"https:\/\/jornalfatosenoticias.com.br\/index.php\/2020\/05\/22\/frente-fria-traz-chuva-para-a-regiao-sudeste-no-fim-de-semana\/","og_site_name":"Jornal Fatos e Not\u00edcias","article_published_time":"2020-05-22T18:59:33+00:00","article_modified_time":"2020-05-22T18:59:39+00:00","og_image":[{"width":1000,"height":600,"url":"https:\/\/jornalfatosenoticias.com.br\/wp-content\/uploads\/2020\/05\/frente-fria.jpg","type":"image\/jpeg"}],"author":"Luzimara Fernandes","twitter_card":"summary_large_image","twitter_misc":{"Escrito por":"Luzimara Fernandes","Est. tempo de leitura":"1 minuto"},"schema":{"@context":"https:\/\/schema.org","@graph":[{"@type":"Article","@id":"https:\/\/jornalfatosenoticias.com.br\/index.php\/2020\/05\/22\/frente-fria-traz-chuva-para-a-regiao-sudeste-no-fim-de-semana\/#article","isPartOf":{"@id":"https:\/\/jornalfatosenoticias.com.br\/index.php\/2020\/05\/22\/frente-fria-traz-chuva-para-a-regiao-sudeste-no-fim-de-semana\/"},"author":{"name":"Luzimara Fernandes","@id":"https:\/\/jornalfatosenoticias.com.br\/#\/schema\/person\/d63837fa13ac8666eb9e74e0985d6f81"},"headline":"Frente fria traz chuva para a Regi\u00e3o Sudeste no fim de semana","datePublished":"2020-05-22T18:59:33+00:00","dateModified":"2020-05-22T18:59:39+00:00","mainEntityOfPage":{"@id":"https:\/\/jornalfatosenoticias.com.br\/index.php\/2020\/05\/22\/frente-fria-traz-chuva-para-a-regiao-sudeste-no-fim-de-semana\/"},"wordCount":244,"commentCount":0,"publisher":{"@id":"https:\/\/jornalfatosenoticias.com.br\/#organization"},"image":{"@id":"https:\/\/jornalfatosenoticias.com.br\/index.php\/2020\/05\/22\/frente-fria-traz-chuva-para-a-regiao-sudeste-no-fim-de-semana\/#primaryimage"},"thumbnailUrl":"https:\/\/jornalfatosenoticias.com.br\/wp-content\/uploads\/2020\/05\/frente-fria.jpg","keywords":["chuva","frente fria","frio","quedas de temperatura","vento"],"articleSection":["Geral"],"inLanguage":"pt-BR","potentialAction":[{"@type":"CommentAction","name":"Comment","target":["https:\/\/jornalfatosenoticias.com.br\/index.php\/2020\/05\/22\/frente-fria-traz-chuva-para-a-regiao-sudeste-no-fim-de-semana\/#respond"]}]},{"@type":"WebPage","@id":"https:\/\/jornalfatosenoticias.com.br\/index.php\/2020\/05\/22\/frente-fria-traz-chuva-para-a-regiao-sudeste-no-fim-de-semana\/","url":"https:\/\/jornalfatosenoticias.com.br\/index.php\/2020\/05\/22\/frente-fria-traz-chuva-para-a-regiao-sudeste-no-fim-de-semana\/","name":"Frente fria traz chuva para a Regi\u00e3o Sudeste no fim de semana - Jornal Fatos e Not\u00edcias","isPartOf":{"@id":"https:\/\/jornalfatosenoticias.com.br\/#website"},"primaryImageOfPage":{"@id":"https:\/\/jornalfatosenoticias.com.br\/index.php\/2020\/05\/22\/frente-fria-traz-chuva-para-a-regiao-sudeste-no-fim-de-semana\/#primaryimage"},"image":{"@id":"https:\/\/jornalfatosenoticias.com.br\/index.php\/2020\/05\/22\/frente-fria-traz-chuva-para-a-regiao-sudeste-no-fim-de-semana\/#primaryimage"},"thumbnailUrl":"https:\/\/jornalfatosenoticias.com.br\/wp-content\/uploads\/2020\/05\/frente-fria.jpg","datePublished":"2020-05-22T18:59:33+00:00","dateModified":"2020-05-22T18:59:39+00:00","breadcrumb":{"@id":"https:\/\/jornalfatosenoticias.com.br\/index.php\/2020\/05\/22\/frente-fria-traz-chuva-para-a-regiao-sudeste-no-fim-de-semana\/#breadcrumb"},"inLanguage":"pt-BR","potentialAction":[{"@type":"ReadAction","target":["https:\/\/jornalfatosenoticias.com.br\/index.php\/2020\/05\/22\/frente-fria-traz-chuva-para-a-regiao-sudeste-no-fim-de-semana\/"]}]},{"@type":"ImageObject","inLanguage":"pt-BR","@id":"https:\/\/jornalfatosenoticias.com.br\/index.php\/2020\/05\/22\/frente-fria-traz-chuva-para-a-regiao-sudeste-no-fim-de-semana\/#primaryimage","url":"https:\/\/jornalfatosenoticias.com.br\/wp-content\/uploads\/2020\/05\/frente-fria.jpg","contentUrl":"https:\/\/jornalfatosenoticias.com.br\/wp-content\/uploads\/2020\/05\/frente-fria.jpg","width":1000,"height":600},{"@type":"BreadcrumbList","@id":"https:\/\/jornalfatosenoticias.com.br\/index.php\/2020\/05\/22\/frente-fria-traz-chuva-para-a-regiao-sudeste-no-fim-de-semana\/#breadcrumb","itemListElement":[{"@type":"ListItem","position":1,"name":"In\u00edcio","item":"https:\/\/jornalfatosenoticias.com.br\/"},{"@type":"ListItem","position":2,"name":"Frente fria traz chuva para a Regi\u00e3o Sudeste no fim de semana"}]},{"@type":"WebSite","@id":"https:\/\/jornalfatosenoticias.com.br\/#website","url":"https:\/\/jornalfatosenoticias.com.br\/","name":"Jornal Fatos e Not\u00edcias","description":"Not\u00edcias em geral","publisher":{"@id":"https:\/\/jornalfatosenoticias.com.br\/#organization"},"potentialAction":[{"@type":"SearchAction","target":{"@type":"EntryPoint","urlTemplate":"https:\/\/jornalfatosenoticias.com.br\/?s={search_term_string}"},"query-input":{"@type":"PropertyValueSpecification","valueRequired":true,"valueName":"search_term_string"}}],"inLanguage":"pt-BR"},{"@type":"Organization","@id":"https:\/\/jornalfatosenoticias.com.br\/#organization","name":"Jornal Fatos e Not\u00edcias","url":"https:\/\/jornalfatosenoticias.com.br\/","logo":{"@type":"ImageObject","inLanguage":"pt-BR","@id":"https:\/\/jornalfatosenoticias.com.br\/#\/schema\/logo\/image\/","url":"https:\/\/jornalfatosenoticias.com.br\/wp-content\/uploads\/2020\/02\/logo120.png","contentUrl":"https:\/\/jornalfatosenoticias.com.br\/wp-content\/uploads\/2020\/02\/logo120.png","width":1227,"height":120,"caption":"Jornal Fatos e Not\u00edcias"},"image":{"@id":"https:\/\/jornalfatosenoticias.com.br\/#\/schema\/logo\/image\/"}},{"@type":"Person","@id":"https:\/\/jornalfatosenoticias.com.br\/#\/schema\/person\/d63837fa13ac8666eb9e74e0985d6f81","name":"Luzimara Fernandes","image":{"@type":"ImageObject","inLanguage":"pt-BR","@id":"https:\/\/jornalfatosenoticias.com.br\/#\/schema\/person\/image\/","url":"https:\/\/jornalfatosenoticias.com.br\/wp-content\/uploads\/2025\/05\/EU_portal.jpg","contentUrl":"https:\/\/jornalfatosenoticias.com.br\/wp-content\/uploads\/2025\/05\/EU_portal.jpg","caption":"Luzimara Fernandes"},"description":"Jornalista MTB 2358-ES","sameAs":["https:\/\/jornalfatosenoticias.com.br"],"url":"https:\/\/jornalfatosenoticias.com.br\/index.php\/author\/luzimara\/"}]}},"cc_featured_image_caption":{"caption_text":"(Foto: Juarez Rodrigues\/EM\/D.A. Press) ","source_text":"","source_url":""},"jetpack_featured_media_url":"https:\/\/jornalfatosenoticias.com.br\/wp-content\/uploads\/2020\/05\/frente-fria.jpg","_links":{"self":[{"href":"https:\/\/jornalfatosenoticias.com.br\/index.php\/wp-json\/wp\/v2\/posts\/4840","targetHints":{"allow":["GET"]}}],"collection":[{"href":"https:\/\/jornalfatosenoticias.com.br\/index.php\/wp-json\/wp\/v2\/posts"}],"about":[{"href":"https:\/\/jornalfatosenoticias.com.br\/index.php\/wp-json\/wp\/v2\/types\/post"}],"author":[{"embeddable":true,"href":"https:\/\/jornalfatosenoticias.com.br\/index.php\/wp-json\/wp\/v2\/users\/2"}],"replies":[{"embeddable":true,"href":"https:\/\/jornalfatosenoticias.com.br\/index.php\/wp-json\/wp\/v2\/comments?post=4840"}],"version-history":[{"count":0,"href":"https:\/\/jornalfatosenoticias.com.br\/index.php\/wp-json\/wp\/v2\/posts\/4840\/revisions"}],"wp:featuredmedia":[{"embeddable":true,"href":"https:\/\/jornalfatosenoticias.com.br\/index.php\/wp-json\/wp\/v2\/media\/4841"}],"wp:attachment":[{"href":"https:\/\/jornalfatosenoticias.com.br\/index.php\/wp-json\/wp\/v2\/media?parent=4840"}],"wp:term":[{"taxonomy":"category","embeddable":true,"href":"https:\/\/jornalfatosenoticias.com.br\/index.php\/wp-json\/wp\/v2\/categories?post=4840"},{"taxonomy":"post_tag","embeddable":true,"href":"https:\/\/jornalfatosenoticias.com.br\/index.php\/wp-json\/wp\/v2\/tags?post=4840"}],"curies":[{"name":"wp","href":"https:\/\/api.w.org\/{rel}","templated":true}]}}