{"id":48412,"date":"2024-01-12T15:49:03","date_gmt":"2024-01-12T18:49:03","guid":{"rendered":"https:\/\/jornalfatosenoticias.com.br\/?p=48412"},"modified":"2024-01-12T15:49:04","modified_gmt":"2024-01-12T18:49:04","slug":"com-pne-em-pauta-oposicao-tera-2024-crucial-contra-ideologizacao-do-ensino","status":"publish","type":"post","link":"https:\/\/jornalfatosenoticias.com.br\/index.php\/2024\/01\/12\/com-pne-em-pauta-oposicao-tera-2024-crucial-contra-ideologizacao-do-ensino\/","title":{"rendered":"Com PNE em pauta, oposi\u00e7\u00e3o ter\u00e1 2024 crucial contra ideologiza\u00e7\u00e3o do ensino"},"content":{"rendered":"\n<p><em><span class=\"has-inline-color has-black-color\">Congresso definir\u00e1 nos pr\u00f3ximos meses o Plano Nacional de Educa\u00e7\u00e3o 2024-2034<\/span><\/em><\/p>\n\n\n\n<p><span class=\"has-inline-color has-black-color\">Por <strong><a href=\"https:\/\/www.gazetadopovo.com.br\/autor\/leonardo-desideri\/\">Leonardo Desideri<\/a><\/strong><\/span><\/p>\n\n\n\n<div class=\"wp-block-image\"><figure class=\"aligncenter size-large is-resized\"><img loading=\"lazy\" decoding=\"async\" src=\"https:\/\/jornalfatosenoticias.com.br\/wp-content\/uploads\/2023\/12\/pegoretti-logo-pdf-1024x389.jpg\" alt=\"\" class=\"wp-image-47536\" width=\"380\" height=\"144\" srcset=\"https:\/\/jornalfatosenoticias.com.br\/wp-content\/uploads\/2023\/12\/pegoretti-logo-pdf-1024x389.jpg 1024w, https:\/\/jornalfatosenoticias.com.br\/wp-content\/uploads\/2023\/12\/pegoretti-logo-pdf-300x114.jpg 300w, https:\/\/jornalfatosenoticias.com.br\/wp-content\/uploads\/2023\/12\/pegoretti-logo-pdf-768x291.jpg 768w, https:\/\/jornalfatosenoticias.com.br\/wp-content\/uploads\/2023\/12\/pegoretti-logo-pdf.jpg 1120w\" sizes=\"auto, (max-width: 380px) 100vw, 380px\" \/><\/figure><\/div>\n\n\n\n<p>O\u00a0documento que servir\u00e1 de base para as discuss\u00f5es da Confer\u00eancia Nacional de Educa\u00e7\u00e3o (Conae), nos dias 28, 29 e 30 de janeiro de 2024, em Bras\u00edlia, apresenta uma forte carga ideol\u00f3gica, como j\u00e1 mostrou a <strong>Gazeta do Povo.<\/strong> Diante disso, especialistas consideram que a oposi\u00e7\u00e3o tem uma miss\u00e3o crucial nos pr\u00f3ximos meses: diminuir ao m\u00e1ximo a influ\u00eancia dele sobre o Plano Nacional de Educa\u00e7\u00e3o 2024-2034, que ser\u00e1 votado no Congresso neste ano.<br>Entre outras coisas, ONGs e associa\u00e7\u00f5es que participaram da elabora\u00e7\u00e3o do texto carregaram as tintas na promo\u00e7\u00e3o da ideologia de g\u00eanero, em frear a liberdade educacional e o ensino domiciliar e at\u00e9 na oposi\u00e7\u00e3o ao agroneg\u00f3cio\u00a0em sala de aula. Em meio a essas ideias, o documento tamb\u00e9m d\u00e1 forte \u00eanfase \u00e0 centraliza\u00e7\u00e3o das decis\u00f5es sobre o ensino no Brasil nas m\u00e3os de certas organiza\u00e7\u00f5es e movimentos sociais.<br>A\u00a0Conae\u00a0foi o primeiro passo para a elabora\u00e7\u00e3o Plano Nacional de Educa\u00e7\u00e3o (PNE), que vai orientar pol\u00edticas p\u00fablicas na \u00e1rea educacional ao longo da pr\u00f3xima d\u00e9cada. O documento de refer\u00eancia servir\u00e1 para embasar um projeto do Executivo a ser enviado ao Congresso no in\u00edcio do ano.<\/p>\n\n\n\n<div class=\"wp-block-image\"><figure class=\"aligncenter size-large\"><img loading=\"lazy\" decoding=\"async\" width=\"300\" height=\"250\" src=\"https:\/\/jornalfatosenoticias.com.br\/wp-content\/uploads\/2020\/02\/Banner-2.png\" alt=\"\" class=\"wp-image-43787\"\/><\/figure><\/div>\n\n\n\n<p>Os congressistas t\u00eam o poder de alterar esse projeto, mas especialistas consultados pela <strong>Gazeta do Povo<\/strong> t\u00eam demonstrado preocupa\u00e7\u00e3o quanto ao n\u00edvel de conhecimento dos parlamentares da oposi\u00e7\u00e3o sobre o radicalismo e os riscos das propostas. Para fazer esse alerta, a associa\u00e7\u00e3o <strong>De Olho no Material Escolar<\/strong> divulgou, no dia 13 de dezembro, uma nota p\u00fablica ressaltando que o documento est\u00e1 &#8220;na contram\u00e3o das melhores pr\u00e1ticas adotadas por pa\u00edses refer\u00eancia no setor&#8221; educacional.<\/p>\n\n\n\n<div class=\"wp-block-image\"><figure class=\"aligncenter size-large\"><img decoding=\"async\" src=\"https:\/\/jornalfatosenoticias.com.br\/wp-content\/uploads\/2020\/02\/logo_esteio.jpg\" alt=\"\" class=\"wp-image-1214\"\/><\/figure><\/div>\n\n\n\n<p>Entre outras coisas, a entidade aponta a &#8220;aus\u00eancia de base t\u00e9cnico-cient\u00edfica na abordagem do conte\u00fado&#8221;; a postura refrat\u00e1ria \u00e0 iniciativa privada; o ataque \u00e0 educa\u00e7\u00e3o domiciliar e \u00e0 liberdade das fam\u00edlias; o discurso prolixo e vago, sem rigor t\u00e9cnico, que dificulta o debate; a aus\u00eancia de uma proposta de letramento dos estudantes; e a falta de pluralidade na escolha dos grupos que elaboraram o documento.<\/p>\n\n\n\n<div class=\"wp-block-image\"><figure class=\"aligncenter size-large is-resized\"><img loading=\"lazy\" decoding=\"async\" src=\"https:\/\/jornalfatosenoticias.com.br\/wp-content\/uploads\/2023\/03\/nova-logo-Marquetti.jpg\" alt=\"\" class=\"wp-image-40207\" width=\"289\" height=\"194\" srcset=\"https:\/\/jornalfatosenoticias.com.br\/wp-content\/uploads\/2023\/03\/nova-logo-Marquetti.jpg 643w, https:\/\/jornalfatosenoticias.com.br\/wp-content\/uploads\/2023\/03\/nova-logo-Marquetti-300x202.jpg 300w\" sizes=\"auto, (max-width: 289px) 100vw, 289px\" \/><\/figure><\/div>\n\n\n\n<p>Em trechos do texto da Conae, h\u00e1 men\u00e7\u00e3o expl\u00edcita \u00e0 luta contra grupos pol\u00edticos espec\u00edficos. O texto fala por exemplo em fazer oposi\u00e7\u00e3o &#8220;\u00e0s pol\u00edticas e propostas ultraconservadoras&#8221;, em garantir a &#8220;desmilitariza\u00e7\u00e3o das escolas&#8221; e em frear as &#8220;interven\u00e7\u00f5es do movimento <strong>Escola Sem Partido<\/strong> e dos diversos grupos que desejam promover o agroneg\u00f3cio por meio da educa\u00e7\u00e3o&#8221;.<\/p>\n\n\n\n<div class=\"wp-block-image\"><figure class=\"aligncenter size-large\"><img decoding=\"async\" src=\"https:\/\/jornalfatosenoticias.com.br\/wp-content\/uploads\/2020\/02\/barao-das-carnes-300x164-1.jpg\" alt=\"\" class=\"wp-image-34339\"\/><\/figure><\/div>\n\n\n\n<p>N\u00e3o por acaso, quatro entidades vinculadas ao agroneg\u00f3cio decidiram assinar a nota p\u00fablica elaborada pelo De Olho no Material Escolar: a Associa\u00e7\u00e3o Brasileira do Agroneg\u00f3cio (ABAG), a Associa\u00e7\u00e3o Nacional dos Distribuidores de Insumos Agr\u00edcolas e Veterin\u00e1rios (ANDAV), a Confedera\u00e7\u00e3o da Agricultura e Pecu\u00e1ria do Brasil (CNA) e a Sociedade Rural Brasileira (SRB). A presidente da De Olho no Material Escolar, Let\u00edcia Jacintho, que \u00e9 administradora, produtora rural e analista do setor da educa\u00e7\u00e3o, diz que a entidade est\u00e1 &#8220;monitorando atentamente o documento apresentado&#8221;.<\/p>\n\n\n\n<div class=\"wp-block-image\"><figure class=\"aligncenter size-large is-resized\"><img loading=\"lazy\" decoding=\"async\" src=\"https:\/\/jornalfatosenoticias.com.br\/wp-content\/uploads\/2022\/02\/Precisao-Contabilidade-1024x724.jpg\" alt=\"\" class=\"wp-image-28088\" width=\"303\" height=\"214\"\/><\/figure><\/div>\n\n\n\n<blockquote class=\"wp-block-quote is-layout-flow wp-block-quote-is-layout-flow\"><p><span class=\"has-inline-color has-luminous-vivid-orange-color\">Nossa equipe t\u00e9cnica est\u00e1 debru\u00e7ada em cada detalhe e, pelo que estudamos e avaliamos, esse documento n\u00e3o pode ser, de modo algum, o Projeto de Lei que vai nortear a educa\u00e7\u00e3o do Pa\u00eds nos pr\u00f3ximos dez anos. O aluno brasileiro precisa melhorar urgentemente seus resultados&#8221;, afirma.<\/span><\/p><\/blockquote>\n\n\n\n<div class=\"wp-block-image\"><figure class=\"aligncenter size-large is-resized\"><img loading=\"lazy\" decoding=\"async\" src=\"https:\/\/jornalfatosenoticias.com.br\/wp-content\/uploads\/2023\/03\/logo-Panper_portal.jpg\" alt=\"\" class=\"wp-image-40208\" width=\"308\" height=\"213\" srcset=\"https:\/\/jornalfatosenoticias.com.br\/wp-content\/uploads\/2023\/03\/logo-Panper_portal.jpg 400w, https:\/\/jornalfatosenoticias.com.br\/wp-content\/uploads\/2023\/03\/logo-Panper_portal-300x208.jpg 300w\" sizes=\"auto, (max-width: 308px) 100vw, 308px\" \/><\/figure><\/div>\n\n\n\n<p>Para ela, o texto de refer\u00eancia da Conae n\u00e3o discute alguns &#8220;problemas grav\u00edssimos&#8221;, como a baixa capacidade de leitura de texto e compreens\u00e3o em portugu\u00eas, a falta de conhecimento sobre opera\u00e7\u00f5es em matem\u00e1tica, e as metas e submetas de aprendizagem.<\/p>\n\n\n\n<div class=\"wp-block-image\"><figure class=\"aligncenter size-large\"><img loading=\"lazy\" decoding=\"async\" width=\"729\" height=\"90\" src=\"https:\/\/jornalfatosenoticias.com.br\/wp-content\/uploads\/2020\/02\/Logo_Mizu.png\" alt=\"\" class=\"wp-image-1441\" srcset=\"https:\/\/jornalfatosenoticias.com.br\/wp-content\/uploads\/2020\/02\/Logo_Mizu.png 729w, https:\/\/jornalfatosenoticias.com.br\/wp-content\/uploads\/2020\/02\/Logo_Mizu-300x37.png 300w\" sizes=\"auto, (max-width: 729px) 100vw, 729px\" \/><\/figure><\/div>\n\n\n\n<p>Segundo Let\u00edcia, a associa\u00e7\u00e3o &#8220;est\u00e1 mobilizando entidades p\u00fablicas, privadas, parlamentares, academia, lideran\u00e7as, associa\u00e7\u00f5es e sociedade civil para encontrar um caminho no qual o documento da Conae seja amplamente conhecido e discutido, e n\u00e3o apenas um recorte opinativo do que a educa\u00e7\u00e3o deve ser no Brasil&#8221;. Um dos problemas, na vis\u00e3o dela, \u00e9 que muitos parlamentares n\u00e3o t\u00eam o tema da educa\u00e7\u00e3o como foco, e \u00e9 necess\u00e1rio mudar essa realidade.<\/p>\n\n\n\n<div class=\"wp-block-image\"><figure class=\"aligncenter size-large is-resized\"><img loading=\"lazy\" decoding=\"async\" src=\"https:\/\/jornalfatosenoticias.com.br\/wp-content\/uploads\/2024\/01\/consultoria-ambiental.jpg\" alt=\"\" class=\"wp-image-48314\" width=\"338\" height=\"305\" srcset=\"https:\/\/jornalfatosenoticias.com.br\/wp-content\/uploads\/2024\/01\/consultoria-ambiental.jpg 832w, https:\/\/jornalfatosenoticias.com.br\/wp-content\/uploads\/2024\/01\/consultoria-ambiental-300x272.jpg 300w, https:\/\/jornalfatosenoticias.com.br\/wp-content\/uploads\/2024\/01\/consultoria-ambiental-768x696.jpg 768w\" sizes=\"auto, (max-width: 338px) 100vw, 338px\" \/><\/figure><\/div>\n\n\n\n<blockquote class=\"wp-block-quote is-layout-flow wp-block-quote-is-layout-flow\"><p><span class=\"has-inline-color has-luminous-vivid-orange-color\">Estamos trabalhando ativamente e de forma volunt\u00e1ria em v\u00e1rios munic\u00edpios, trazendo capacidade t\u00e9cnica e cient\u00edfica para que os parlamentares possam defender um modelo de educa\u00e7\u00e3o de qualidade, com efetividade e estrat\u00e9gia para colocar o Pa\u00eds onde ele merece estar&#8221;, diz.<\/span><\/p><\/blockquote>\n\n\n\n<p><strong><span class=\"has-inline-color has-black-color\">Miss\u00e3o principal \u00e9 dar base argumentativa a parlamentares de oposi\u00e7\u00e3o, diz especialista<br><\/span><\/strong>Para a consultora educacional Andr\u00e9ia Medrado Serrano, na atua\u00e7\u00e3o para barrar as propostas ideol\u00f3gicas da Conae, o desafio essencial neste momento \u00e9 evitar a implementa\u00e7\u00e3o do Sistema Nacional de Educa\u00e7\u00e3o (SNE), que pode representar um caminho sem volta na centraliza\u00e7\u00e3o do controle da educa\u00e7\u00e3o brasileira nas m\u00e3os de movimentos e grupos com vi\u00e9s ideol\u00f3gico. O ponto mais preocupante do documento da Conae, na vis\u00e3o dela, \u00e9 esse.<\/p>\n\n\n\n<div class=\"wp-block-image\"><figure class=\"aligncenter size-large is-resized\"><img loading=\"lazy\" decoding=\"async\" src=\"https:\/\/jornalfatosenoticias.com.br\/wp-content\/uploads\/2023\/08\/BKR-1024x1021.jpg\" alt=\"\" class=\"wp-image-44494\" width=\"309\" height=\"308\" srcset=\"https:\/\/jornalfatosenoticias.com.br\/wp-content\/uploads\/2023\/08\/BKR-1024x1021.jpg 1024w, https:\/\/jornalfatosenoticias.com.br\/wp-content\/uploads\/2023\/08\/BKR-300x300.jpg 300w, https:\/\/jornalfatosenoticias.com.br\/wp-content\/uploads\/2023\/08\/BKR-150x150.jpg 150w, https:\/\/jornalfatosenoticias.com.br\/wp-content\/uploads\/2023\/08\/BKR-768x766.jpg 768w, https:\/\/jornalfatosenoticias.com.br\/wp-content\/uploads\/2023\/08\/BKR.jpg 1080w\" sizes=\"auto, (max-width: 309px) 100vw, 309px\" \/><\/figure><\/div>\n\n\n\n<blockquote class=\"wp-block-quote is-layout-flow wp-block-quote-is-layout-flow\"><p><span class=\"has-inline-color has-luminous-vivid-orange-color\">Embora a gente tenha visto um texto extremamente ideol\u00f3gico, esse texto \u00e9 s\u00f3 a ponta do iceberg, porque, na verdade, por tr\u00e1s deste texto h\u00e1 todo um movimento de centraliza\u00e7\u00e3o e engessamento da educa\u00e7\u00e3o nacional&#8221;, alerta.<\/span><\/p><\/blockquote>\n\n\n\n<div class=\"wp-block-image\"><figure class=\"aligncenter size-large is-resized\"><img loading=\"lazy\" decoding=\"async\" src=\"https:\/\/jornalfatosenoticias.com.br\/wp-content\/uploads\/2023\/09\/vetorvix1024_1.jpg\" alt=\"\" class=\"wp-image-44868\" width=\"415\" height=\"110\" srcset=\"https:\/\/jornalfatosenoticias.com.br\/wp-content\/uploads\/2023\/09\/vetorvix1024_1.jpg 1024w, https:\/\/jornalfatosenoticias.com.br\/wp-content\/uploads\/2023\/09\/vetorvix1024_1-300x80.jpg 300w, https:\/\/jornalfatosenoticias.com.br\/wp-content\/uploads\/2023\/09\/vetorvix1024_1-768x205.jpg 768w\" sizes=\"auto, (max-width: 415px) 100vw, 415px\" \/><\/figure><\/div>\n\n\n\n<p>Por isso, segundo Serrano, o foco principal daqueles que se preocupam com o enviesamento ideol\u00f3gico na educa\u00e7\u00e3o deve ser convencer o Congresso a impedir que a gesta\u00e7\u00e3o do SNE avance tal como est\u00e1. Ela enfatiza a import\u00e2ncia de dialogar com parlamentares da oposi\u00e7\u00e3o e do centro, explicando os aspectos negativos da Conae e trabalhando em propostas alternativas para a legisla\u00e7\u00e3o.<\/p>\n\n\n\n<div class=\"wp-block-image\"><figure class=\"aligncenter size-large is-resized\"><img loading=\"lazy\" decoding=\"async\" src=\"https:\/\/jornalfatosenoticias.com.br\/wp-content\/uploads\/2022\/10\/RC_800x750_page-0001.jpg\" alt=\"\" class=\"wp-image-35338\" width=\"307\" height=\"288\" srcset=\"https:\/\/jornalfatosenoticias.com.br\/wp-content\/uploads\/2022\/10\/RC_800x750_page-0001.jpg 400w, https:\/\/jornalfatosenoticias.com.br\/wp-content\/uploads\/2022\/10\/RC_800x750_page-0001-300x281.jpg 300w\" sizes=\"auto, (max-width: 307px) 100vw, 307px\" \/><\/figure><\/div>\n\n\n\n<blockquote class=\"wp-block-quote is-layout-flow wp-block-quote-is-layout-flow\"><p><span class=\"has-inline-color has-luminous-vivid-orange-color\">Nosso poder de a\u00e7\u00e3o de fato \u00e9 no parlamento. Precisamos agir conversando e explicando para os parlamentares do que se trata esse texto da Conae, qual \u00e9 a intencionalidade dessa confer\u00eancia\u2026&#8221;, diz. &#8220;A narrativa que vem junto com a proposta do Sistema Nacional de Educa\u00e7\u00e3o \u00e9 basicamente a seguinte: o parlamentar que votar contra isso n\u00e3o est\u00e1 preocupado com a educa\u00e7\u00e3o do Brasil. A gente precisa dizer que \u00e9 exatamente o contr\u00e1rio&#8221;.<\/span><\/p><\/blockquote>\n\n\n\n<div class=\"wp-block-image\"><figure class=\"aligncenter size-large is-resized\"><img loading=\"lazy\" decoding=\"async\" src=\"https:\/\/jornalfatosenoticias.com.br\/wp-content\/uploads\/2020\/02\/LOGO-BLU-COMERCIAL-PRETO-1024x600.jpg\" alt=\"\" class=\"wp-image-44089\" width=\"343\" height=\"200\"\/><\/figure><\/div>\n\n\n\n<p>A especialista destaca a necessidade de criar um movimento robusto para apoiar os parlamentares na compreens\u00e3o dos problemas. Ela considera crucial explicar aos congressistas a necessidade de votar contra a atual proposta do SNE, mostrando como ela limita a liberdade dos entes federativos e da fam\u00edlia na educa\u00e7\u00e3o.<\/p>\n\n\n\n<div class=\"wp-block-image\"><figure class=\"aligncenter size-large\"><img loading=\"lazy\" decoding=\"async\" width=\"300\" height=\"250\" src=\"https:\/\/jornalfatosenoticias.com.br\/wp-content\/uploads\/2022\/02\/FERRARI_MAQUINAS-E-FERRAMENTAS2.jpg\" alt=\"\" class=\"wp-image-27860\"\/><\/figure><\/div>\n\n\n\n<blockquote class=\"wp-block-quote is-layout-flow wp-block-quote-is-layout-flow\"><p><span class=\"has-inline-color has-luminous-vivid-orange-color\">A ideia \u00e9 que a gente consiga compreender qual \u00e9 a estrutura de sistema de ensino que a Conae tem defendido, explicar aos parlamentares e ent\u00e3o come\u00e7ar a trabalhar com eles sobre um poss\u00edvel substitutivo que consiga se sobrepor ao projeto que vai vir do Executivo,&#8221; diz.<\/span><\/p><\/blockquote>\n\n\n\n<p>A proposta da Conae para um Sistema Nacional de Educa\u00e7\u00e3o, com um curr\u00edculo \u00fanico e pedagogia unificada, amea\u00e7a a liberdade educacional e a pluralidade de ideias, contrariando a Constitui\u00e7\u00e3o brasileira, afirma ela.<\/p>\n\n\n\n<blockquote class=\"wp-block-quote is-layout-flow wp-block-quote-is-layout-flow\"><p><span class=\"has-inline-color has-luminous-vivid-orange-color\">A proposta do Sistema Nacional de Educa\u00e7\u00e3o \u00e9 tornar o F\u00f3rum Nacional de Educa\u00e7\u00e3o e o Conselho Nacional de Educa\u00e7\u00e3o \u00f3rg\u00e3os deliberativos, normativos, que n\u00e3o precisem nem dependam do Executivo Federal para tomar as decis\u00f5es educacionais. Como sabemos, quem comp\u00f5e este F\u00f3rum Nacional de Educa\u00e7\u00e3o s\u00e3o entidades que, muitas vezes, nada t\u00eam a ver com educa\u00e7\u00e3o e est\u00e3o muito mais preocupadas em avan\u00e7ar uma agenda pol\u00edtico-ideol\u00f3gica&#8221;, esclarece.<\/span><\/p><\/blockquote>\n\n\n\n<div class=\"wp-block-image\"><figure class=\"aligncenter size-large is-resized\"><img loading=\"lazy\" decoding=\"async\" src=\"https:\/\/jornalfatosenoticias.com.br\/wp-content\/uploads\/2020\/02\/CONTROL-CS.jpg\" alt=\"\" class=\"wp-image-44991\" width=\"306\" height=\"367\" srcset=\"https:\/\/jornalfatosenoticias.com.br\/wp-content\/uploads\/2020\/02\/CONTROL-CS.jpg 834w, https:\/\/jornalfatosenoticias.com.br\/wp-content\/uploads\/2020\/02\/CONTROL-CS-250x300.jpg 250w, https:\/\/jornalfatosenoticias.com.br\/wp-content\/uploads\/2020\/02\/CONTROL-CS-768x921.jpg 768w\" sizes=\"auto, (max-width: 306px) 100vw, 306px\" \/><\/figure><\/div>\n\n\n\n<p>Caso os grupos contr\u00e1rios ao enviesamento ideol\u00f3gico da educa\u00e7\u00e3o consigam desbancar o SNE, haver\u00e1 a possibilidade de uma luta menos desequilibrada em futuras discuss\u00f5es realizadas por movimentos de base da educa\u00e7\u00e3o, especialmente nas esferas municipal e estadual.<\/p>\n\n\n\n<blockquote class=\"wp-block-quote is-layout-flow wp-block-quote-is-layout-flow\"><p><span class=\"has-inline-color has-luminous-vivid-orange-color\">O grande problema \u00e9 que, aprovando um Sistema Nacional de Educa\u00e7\u00e3o nesses moldes, conforme a Conae est\u00e1 propondo, a gente vai ter menos poder de articula\u00e7\u00e3o. A gente precisa, neste primeiro momento, lutar para que esse sistema n\u00e3o seja aprovado. Uma vez que tivermos conseguido esse objetivo, ent\u00e3o a gente precisa fortalecer os movimentos de base, para que trabalhem nos conselhos de educa\u00e7\u00e3o&#8221;.<\/span><\/p><\/blockquote>\n\n\n\n<p>Para Serrano, movimentos contr\u00e1rios \u00e0 ideologiza\u00e7\u00e3o da educa\u00e7\u00e3o ainda enfrentam dificuldades nas etapas municipais, interregionais e estaduais da Conae devido \u00e0 falta de delegados suficientes com poder de voto. Isso se reflete na etapa nacional, onde a representatividade continua sendo baixa.<br>Para resolver esse problema, ela v\u00ea como imprescind\u00edvel uma presen\u00e7a mais forte de institui\u00e7\u00f5es e movimentos que sirvam como contraponto \u00e0 ideologiza\u00e7\u00e3o dos conselhos de educa\u00e7\u00e3o, como uma estrat\u00e9gia de longo prazo para influenciar as pol\u00edticas educacionais.<\/p>\n\n\n\n<blockquote class=\"wp-block-quote is-layout-flow wp-block-quote-is-layout-flow\"><p><span class=\"has-inline-color has-luminous-vivid-orange-color\">A gente sabe que h\u00e1 uma resist\u00eancia deles [dos movimentos ideol\u00f3gicos], mas acontece que eles n\u00e3o estavam esperando a nossa resist\u00eancia. \u00c9 por isso que a gente precisa continuar. A gente precisa agir na estrutura social mesmo&#8221;, diz.<\/span><\/p><\/blockquote>\n\n\n\n<div class=\"wp-block-image\"><figure class=\"aligncenter size-large is-resized\"><img loading=\"lazy\" decoding=\"async\" src=\"https:\/\/jornalfatosenoticias.com.br\/wp-content\/uploads\/2020\/02\/logo-Rapuzel-1024x571.jpg\" alt=\"\" class=\"wp-image-42808\" width=\"359\" height=\"200\" srcset=\"https:\/\/jornalfatosenoticias.com.br\/wp-content\/uploads\/2020\/02\/logo-Rapuzel-1024x571.jpg 1024w, https:\/\/jornalfatosenoticias.com.br\/wp-content\/uploads\/2020\/02\/logo-Rapuzel-300x167.jpg 300w, https:\/\/jornalfatosenoticias.com.br\/wp-content\/uploads\/2020\/02\/logo-Rapuzel-768x428.jpg 768w, https:\/\/jornalfatosenoticias.com.br\/wp-content\/uploads\/2020\/02\/logo-Rapuzel-1536x856.jpg 1536w, https:\/\/jornalfatosenoticias.com.br\/wp-content\/uploads\/2020\/02\/logo-Rapuzel.jpg 1600w\" sizes=\"auto, (max-width: 359px) 100vw, 359px\" \/><\/figure><\/div>\n\n\n\n<p>Serrano reconhece que os grupos que est\u00e3o preocupados com a ideologiza\u00e7\u00e3o do ensino come\u00e7aram a se organizar tardiamente em compara\u00e7\u00e3o com outros movimentos sociais, mas considera que o trabalho de correr atr\u00e1s do preju\u00edzo, apesar de \u00e1rduo, pode gerar frutos.<\/p>\n\n\n\n<blockquote class=\"wp-block-quote is-layout-flow wp-block-quote-is-layout-flow\"><p><span class=\"has-inline-color has-luminous-vivid-orange-color\">\u00c9 importante que a gente entenda o mecanismo de como funcionam os conselhos, que n\u00f3s consigamos colocar pessoas nossas. Vamos enfrentar bastante resist\u00eancia, como vimos com os conselheiros tutelares e com a impugna\u00e7\u00e3o de in\u00fameras candidaturas&#8221;, afirma. &#8220;Vale a pena continuar essa luta\u00a0\u2014 lembrando que, primeiro, a gente precisa fazer com que esse sistema [o SNE] n\u00e3o seja aprovado. Uma vez que ele seja aprovado, a gente n\u00e3o vai ter mais muita margem para fazer essa luta&#8221;.<\/span><\/p><\/blockquote>\n\n\n\n<p><strong><em>Fonte: <a href=\"https:\/\/www.gazetadopovo.com.br\/vida-e-cidadania\/com-pne-em-pauta-oposicao-tera-2024-crucial-contra-ideologizacao-do-ensino\/\">Gazeta do Povo<\/a><\/em><\/strong><\/p>\n","protected":false},"excerpt":{"rendered":"<p>Congresso definir\u00e1 nos pr\u00f3ximos meses o Plano Nacional de Educa\u00e7\u00e3o 2024-2034 Por Leonardo Desideri O\u00a0documento que servir\u00e1 de base para as discuss\u00f5es da Confer\u00eancia Nacional de Educa\u00e7\u00e3o (Conae), nos dias 28, 29 e 30 de janeiro de 2024, em Bras\u00edlia, apresenta uma forte carga ideol\u00f3gica, como j\u00e1 mostrou a Gazeta do Povo. Diante disso, especialistas [&hellip;]<\/p>\n","protected":false},"author":2,"featured_media":48413,"comment_status":"open","ping_status":"open","sticky":false,"template":"","format":"standard","meta":{"footnotes":""},"categories":[7],"tags":[2463,345,1787,22517,22370,22518],"class_list":["post-48412","post","type-post","status-publish","format-standard","has-post-thumbnail","hentry","category-educacao","tag-aprendizagem","tag-educacao","tag-ensino","tag-escola-sem-partido","tag-ideologia-de-genero","tag-plano-nacional-de-educacao-2024"],"yoast_head":"<!-- This site is optimized with the Yoast SEO plugin v26.5 - https:\/\/yoast.com\/wordpress\/plugins\/seo\/ -->\n<title>Com PNE em pauta, oposi\u00e7\u00e3o ter\u00e1 2024 crucial contra ideologiza\u00e7\u00e3o do ensino - Jornal Fatos e Not\u00edcias<\/title>\n<meta name=\"robots\" content=\"index, follow, max-snippet:-1, max-image-preview:large, max-video-preview:-1\" \/>\n<link rel=\"canonical\" href=\"https:\/\/jornalfatosenoticias.com.br\/index.php\/2024\/01\/12\/com-pne-em-pauta-oposicao-tera-2024-crucial-contra-ideologizacao-do-ensino\/\" \/>\n<meta property=\"og:locale\" content=\"pt_BR\" \/>\n<meta property=\"og:type\" content=\"article\" \/>\n<meta property=\"og:title\" content=\"Com PNE em pauta, oposi\u00e7\u00e3o ter\u00e1 2024 crucial contra ideologiza\u00e7\u00e3o do ensino - Jornal Fatos e Not\u00edcias\" \/>\n<meta property=\"og:description\" content=\"Congresso definir\u00e1 nos pr\u00f3ximos meses o Plano Nacional de Educa\u00e7\u00e3o 2024-2034 Por Leonardo Desideri O\u00a0documento que servir\u00e1 de base para as discuss\u00f5es da Confer\u00eancia Nacional de Educa\u00e7\u00e3o (Conae), nos dias 28, 29 e 30 de janeiro de 2024, em Bras\u00edlia, apresenta uma forte carga ideol\u00f3gica, como j\u00e1 mostrou a Gazeta do Povo. Diante disso, especialistas [&hellip;]\" \/>\n<meta property=\"og:url\" content=\"https:\/\/jornalfatosenoticias.com.br\/index.php\/2024\/01\/12\/com-pne-em-pauta-oposicao-tera-2024-crucial-contra-ideologizacao-do-ensino\/\" \/>\n<meta property=\"og:site_name\" content=\"Jornal Fatos e Not\u00edcias\" \/>\n<meta property=\"article:published_time\" content=\"2024-01-12T18:49:03+00:00\" \/>\n<meta property=\"article:modified_time\" content=\"2024-01-12T18:49:04+00:00\" \/>\n<meta property=\"og:image\" content=\"https:\/\/jornalfatosenoticias.com.br\/wp-content\/uploads\/2024\/01\/congresso.jpg\" \/>\n\t<meta property=\"og:image:width\" content=\"960\" \/>\n\t<meta property=\"og:image:height\" content=\"540\" \/>\n\t<meta property=\"og:image:type\" content=\"image\/jpeg\" \/>\n<meta name=\"author\" content=\"Luzimara Fernandes\" \/>\n<meta name=\"twitter:card\" content=\"summary_large_image\" \/>\n<meta name=\"twitter:label1\" content=\"Escrito por\" \/>\n\t<meta name=\"twitter:data1\" content=\"Luzimara Fernandes\" \/>\n\t<meta name=\"twitter:label2\" content=\"Est. tempo de leitura\" \/>\n\t<meta name=\"twitter:data2\" content=\"8 minutos\" \/>\n<script type=\"application\/ld+json\" class=\"yoast-schema-graph\">{\"@context\":\"https:\/\/schema.org\",\"@graph\":[{\"@type\":\"Article\",\"@id\":\"https:\/\/jornalfatosenoticias.com.br\/index.php\/2024\/01\/12\/com-pne-em-pauta-oposicao-tera-2024-crucial-contra-ideologizacao-do-ensino\/#article\",\"isPartOf\":{\"@id\":\"https:\/\/jornalfatosenoticias.com.br\/index.php\/2024\/01\/12\/com-pne-em-pauta-oposicao-tera-2024-crucial-contra-ideologizacao-do-ensino\/\"},\"author\":{\"name\":\"Luzimara Fernandes\",\"@id\":\"https:\/\/jornalfatosenoticias.com.br\/#\/schema\/person\/d63837fa13ac8666eb9e74e0985d6f81\"},\"headline\":\"Com PNE em pauta, oposi\u00e7\u00e3o ter\u00e1 2024 crucial contra ideologiza\u00e7\u00e3o do ensino\",\"datePublished\":\"2024-01-12T18:49:03+00:00\",\"dateModified\":\"2024-01-12T18:49:04+00:00\",\"mainEntityOfPage\":{\"@id\":\"https:\/\/jornalfatosenoticias.com.br\/index.php\/2024\/01\/12\/com-pne-em-pauta-oposicao-tera-2024-crucial-contra-ideologizacao-do-ensino\/\"},\"wordCount\":1635,\"commentCount\":0,\"publisher\":{\"@id\":\"https:\/\/jornalfatosenoticias.com.br\/#organization\"},\"image\":{\"@id\":\"https:\/\/jornalfatosenoticias.com.br\/index.php\/2024\/01\/12\/com-pne-em-pauta-oposicao-tera-2024-crucial-contra-ideologizacao-do-ensino\/#primaryimage\"},\"thumbnailUrl\":\"https:\/\/jornalfatosenoticias.com.br\/wp-content\/uploads\/2024\/01\/congresso.jpg\",\"keywords\":[\"aprendizagem\",\"educa\u00e7\u00e3o\",\"ensino\",\"Escola sem Partido\",\"ideologia de g\u00eanero\",\"Plano Nacional de Educa\u00e7\u00e3o 2024\"],\"articleSection\":[\"Educa\u00e7\u00e3o\"],\"inLanguage\":\"pt-BR\",\"potentialAction\":[{\"@type\":\"CommentAction\",\"name\":\"Comment\",\"target\":[\"https:\/\/jornalfatosenoticias.com.br\/index.php\/2024\/01\/12\/com-pne-em-pauta-oposicao-tera-2024-crucial-contra-ideologizacao-do-ensino\/#respond\"]}]},{\"@type\":\"WebPage\",\"@id\":\"https:\/\/jornalfatosenoticias.com.br\/index.php\/2024\/01\/12\/com-pne-em-pauta-oposicao-tera-2024-crucial-contra-ideologizacao-do-ensino\/\",\"url\":\"https:\/\/jornalfatosenoticias.com.br\/index.php\/2024\/01\/12\/com-pne-em-pauta-oposicao-tera-2024-crucial-contra-ideologizacao-do-ensino\/\",\"name\":\"Com PNE em pauta, oposi\u00e7\u00e3o ter\u00e1 2024 crucial contra ideologiza\u00e7\u00e3o do ensino - Jornal Fatos e Not\u00edcias\",\"isPartOf\":{\"@id\":\"https:\/\/jornalfatosenoticias.com.br\/#website\"},\"primaryImageOfPage\":{\"@id\":\"https:\/\/jornalfatosenoticias.com.br\/index.php\/2024\/01\/12\/com-pne-em-pauta-oposicao-tera-2024-crucial-contra-ideologizacao-do-ensino\/#primaryimage\"},\"image\":{\"@id\":\"https:\/\/jornalfatosenoticias.com.br\/index.php\/2024\/01\/12\/com-pne-em-pauta-oposicao-tera-2024-crucial-contra-ideologizacao-do-ensino\/#primaryimage\"},\"thumbnailUrl\":\"https:\/\/jornalfatosenoticias.com.br\/wp-content\/uploads\/2024\/01\/congresso.jpg\",\"datePublished\":\"2024-01-12T18:49:03+00:00\",\"dateModified\":\"2024-01-12T18:49:04+00:00\",\"breadcrumb\":{\"@id\":\"https:\/\/jornalfatosenoticias.com.br\/index.php\/2024\/01\/12\/com-pne-em-pauta-oposicao-tera-2024-crucial-contra-ideologizacao-do-ensino\/#breadcrumb\"},\"inLanguage\":\"pt-BR\",\"potentialAction\":[{\"@type\":\"ReadAction\",\"target\":[\"https:\/\/jornalfatosenoticias.com.br\/index.php\/2024\/01\/12\/com-pne-em-pauta-oposicao-tera-2024-crucial-contra-ideologizacao-do-ensino\/\"]}]},{\"@type\":\"ImageObject\",\"inLanguage\":\"pt-BR\",\"@id\":\"https:\/\/jornalfatosenoticias.com.br\/index.php\/2024\/01\/12\/com-pne-em-pauta-oposicao-tera-2024-crucial-contra-ideologizacao-do-ensino\/#primaryimage\",\"url\":\"https:\/\/jornalfatosenoticias.com.br\/wp-content\/uploads\/2024\/01\/congresso.jpg\",\"contentUrl\":\"https:\/\/jornalfatosenoticias.com.br\/wp-content\/uploads\/2024\/01\/congresso.jpg\",\"width\":960,\"height\":540},{\"@type\":\"BreadcrumbList\",\"@id\":\"https:\/\/jornalfatosenoticias.com.br\/index.php\/2024\/01\/12\/com-pne-em-pauta-oposicao-tera-2024-crucial-contra-ideologizacao-do-ensino\/#breadcrumb\",\"itemListElement\":[{\"@type\":\"ListItem\",\"position\":1,\"name\":\"In\u00edcio\",\"item\":\"https:\/\/jornalfatosenoticias.com.br\/\"},{\"@type\":\"ListItem\",\"position\":2,\"name\":\"Com PNE em pauta, oposi\u00e7\u00e3o ter\u00e1 2024 crucial contra ideologiza\u00e7\u00e3o do ensino\"}]},{\"@type\":\"WebSite\",\"@id\":\"https:\/\/jornalfatosenoticias.com.br\/#website\",\"url\":\"https:\/\/jornalfatosenoticias.com.br\/\",\"name\":\"Jornal Fatos e Not\u00edcias\",\"description\":\"Not\u00edcias em geral\",\"publisher\":{\"@id\":\"https:\/\/jornalfatosenoticias.com.br\/#organization\"},\"potentialAction\":[{\"@type\":\"SearchAction\",\"target\":{\"@type\":\"EntryPoint\",\"urlTemplate\":\"https:\/\/jornalfatosenoticias.com.br\/?s={search_term_string}\"},\"query-input\":{\"@type\":\"PropertyValueSpecification\",\"valueRequired\":true,\"valueName\":\"search_term_string\"}}],\"inLanguage\":\"pt-BR\"},{\"@type\":\"Organization\",\"@id\":\"https:\/\/jornalfatosenoticias.com.br\/#organization\",\"name\":\"Jornal Fatos e Not\u00edcias\",\"url\":\"https:\/\/jornalfatosenoticias.com.br\/\",\"logo\":{\"@type\":\"ImageObject\",\"inLanguage\":\"pt-BR\",\"@id\":\"https:\/\/jornalfatosenoticias.com.br\/#\/schema\/logo\/image\/\",\"url\":\"https:\/\/jornalfatosenoticias.com.br\/wp-content\/uploads\/2020\/02\/logo120.png\",\"contentUrl\":\"https:\/\/jornalfatosenoticias.com.br\/wp-content\/uploads\/2020\/02\/logo120.png\",\"width\":1227,\"height\":120,\"caption\":\"Jornal Fatos e Not\u00edcias\"},\"image\":{\"@id\":\"https:\/\/jornalfatosenoticias.com.br\/#\/schema\/logo\/image\/\"}},{\"@type\":\"Person\",\"@id\":\"https:\/\/jornalfatosenoticias.com.br\/#\/schema\/person\/d63837fa13ac8666eb9e74e0985d6f81\",\"name\":\"Luzimara Fernandes\",\"image\":{\"@type\":\"ImageObject\",\"inLanguage\":\"pt-BR\",\"@id\":\"https:\/\/jornalfatosenoticias.com.br\/#\/schema\/person\/image\/\",\"url\":\"https:\/\/jornalfatosenoticias.com.br\/wp-content\/uploads\/2025\/05\/EU_portal.jpg\",\"contentUrl\":\"https:\/\/jornalfatosenoticias.com.br\/wp-content\/uploads\/2025\/05\/EU_portal.jpg\",\"caption\":\"Luzimara Fernandes\"},\"description\":\"Jornalista MTB 2358-ES\",\"sameAs\":[\"https:\/\/jornalfatosenoticias.com.br\"],\"url\":\"https:\/\/jornalfatosenoticias.com.br\/index.php\/author\/luzimara\/\"}]}<\/script>\n<!-- \/ Yoast SEO plugin. -->","yoast_head_json":{"title":"Com PNE em pauta, oposi\u00e7\u00e3o ter\u00e1 2024 crucial contra ideologiza\u00e7\u00e3o do ensino - Jornal Fatos e Not\u00edcias","robots":{"index":"index","follow":"follow","max-snippet":"max-snippet:-1","max-image-preview":"max-image-preview:large","max-video-preview":"max-video-preview:-1"},"canonical":"https:\/\/jornalfatosenoticias.com.br\/index.php\/2024\/01\/12\/com-pne-em-pauta-oposicao-tera-2024-crucial-contra-ideologizacao-do-ensino\/","og_locale":"pt_BR","og_type":"article","og_title":"Com PNE em pauta, oposi\u00e7\u00e3o ter\u00e1 2024 crucial contra ideologiza\u00e7\u00e3o do ensino - Jornal Fatos e Not\u00edcias","og_description":"Congresso definir\u00e1 nos pr\u00f3ximos meses o Plano Nacional de Educa\u00e7\u00e3o 2024-2034 Por Leonardo Desideri O\u00a0documento que servir\u00e1 de base para as discuss\u00f5es da Confer\u00eancia Nacional de Educa\u00e7\u00e3o (Conae), nos dias 28, 29 e 30 de janeiro de 2024, em Bras\u00edlia, apresenta uma forte carga ideol\u00f3gica, como j\u00e1 mostrou a Gazeta do Povo. Diante disso, especialistas [&hellip;]","og_url":"https:\/\/jornalfatosenoticias.com.br\/index.php\/2024\/01\/12\/com-pne-em-pauta-oposicao-tera-2024-crucial-contra-ideologizacao-do-ensino\/","og_site_name":"Jornal Fatos e Not\u00edcias","article_published_time":"2024-01-12T18:49:03+00:00","article_modified_time":"2024-01-12T18:49:04+00:00","og_image":[{"width":960,"height":540,"url":"https:\/\/jornalfatosenoticias.com.br\/wp-content\/uploads\/2024\/01\/congresso.jpg","type":"image\/jpeg"}],"author":"Luzimara Fernandes","twitter_card":"summary_large_image","twitter_misc":{"Escrito por":"Luzimara Fernandes","Est. tempo de leitura":"8 minutos"},"schema":{"@context":"https:\/\/schema.org","@graph":[{"@type":"Article","@id":"https:\/\/jornalfatosenoticias.com.br\/index.php\/2024\/01\/12\/com-pne-em-pauta-oposicao-tera-2024-crucial-contra-ideologizacao-do-ensino\/#article","isPartOf":{"@id":"https:\/\/jornalfatosenoticias.com.br\/index.php\/2024\/01\/12\/com-pne-em-pauta-oposicao-tera-2024-crucial-contra-ideologizacao-do-ensino\/"},"author":{"name":"Luzimara Fernandes","@id":"https:\/\/jornalfatosenoticias.com.br\/#\/schema\/person\/d63837fa13ac8666eb9e74e0985d6f81"},"headline":"Com PNE em pauta, oposi\u00e7\u00e3o ter\u00e1 2024 crucial contra ideologiza\u00e7\u00e3o do ensino","datePublished":"2024-01-12T18:49:03+00:00","dateModified":"2024-01-12T18:49:04+00:00","mainEntityOfPage":{"@id":"https:\/\/jornalfatosenoticias.com.br\/index.php\/2024\/01\/12\/com-pne-em-pauta-oposicao-tera-2024-crucial-contra-ideologizacao-do-ensino\/"},"wordCount":1635,"commentCount":0,"publisher":{"@id":"https:\/\/jornalfatosenoticias.com.br\/#organization"},"image":{"@id":"https:\/\/jornalfatosenoticias.com.br\/index.php\/2024\/01\/12\/com-pne-em-pauta-oposicao-tera-2024-crucial-contra-ideologizacao-do-ensino\/#primaryimage"},"thumbnailUrl":"https:\/\/jornalfatosenoticias.com.br\/wp-content\/uploads\/2024\/01\/congresso.jpg","keywords":["aprendizagem","educa\u00e7\u00e3o","ensino","Escola sem Partido","ideologia de g\u00eanero","Plano Nacional de Educa\u00e7\u00e3o 2024"],"articleSection":["Educa\u00e7\u00e3o"],"inLanguage":"pt-BR","potentialAction":[{"@type":"CommentAction","name":"Comment","target":["https:\/\/jornalfatosenoticias.com.br\/index.php\/2024\/01\/12\/com-pne-em-pauta-oposicao-tera-2024-crucial-contra-ideologizacao-do-ensino\/#respond"]}]},{"@type":"WebPage","@id":"https:\/\/jornalfatosenoticias.com.br\/index.php\/2024\/01\/12\/com-pne-em-pauta-oposicao-tera-2024-crucial-contra-ideologizacao-do-ensino\/","url":"https:\/\/jornalfatosenoticias.com.br\/index.php\/2024\/01\/12\/com-pne-em-pauta-oposicao-tera-2024-crucial-contra-ideologizacao-do-ensino\/","name":"Com PNE em pauta, oposi\u00e7\u00e3o ter\u00e1 2024 crucial contra ideologiza\u00e7\u00e3o do ensino - Jornal Fatos e Not\u00edcias","isPartOf":{"@id":"https:\/\/jornalfatosenoticias.com.br\/#website"},"primaryImageOfPage":{"@id":"https:\/\/jornalfatosenoticias.com.br\/index.php\/2024\/01\/12\/com-pne-em-pauta-oposicao-tera-2024-crucial-contra-ideologizacao-do-ensino\/#primaryimage"},"image":{"@id":"https:\/\/jornalfatosenoticias.com.br\/index.php\/2024\/01\/12\/com-pne-em-pauta-oposicao-tera-2024-crucial-contra-ideologizacao-do-ensino\/#primaryimage"},"thumbnailUrl":"https:\/\/jornalfatosenoticias.com.br\/wp-content\/uploads\/2024\/01\/congresso.jpg","datePublished":"2024-01-12T18:49:03+00:00","dateModified":"2024-01-12T18:49:04+00:00","breadcrumb":{"@id":"https:\/\/jornalfatosenoticias.com.br\/index.php\/2024\/01\/12\/com-pne-em-pauta-oposicao-tera-2024-crucial-contra-ideologizacao-do-ensino\/#breadcrumb"},"inLanguage":"pt-BR","potentialAction":[{"@type":"ReadAction","target":["https:\/\/jornalfatosenoticias.com.br\/index.php\/2024\/01\/12\/com-pne-em-pauta-oposicao-tera-2024-crucial-contra-ideologizacao-do-ensino\/"]}]},{"@type":"ImageObject","inLanguage":"pt-BR","@id":"https:\/\/jornalfatosenoticias.com.br\/index.php\/2024\/01\/12\/com-pne-em-pauta-oposicao-tera-2024-crucial-contra-ideologizacao-do-ensino\/#primaryimage","url":"https:\/\/jornalfatosenoticias.com.br\/wp-content\/uploads\/2024\/01\/congresso.jpg","contentUrl":"https:\/\/jornalfatosenoticias.com.br\/wp-content\/uploads\/2024\/01\/congresso.jpg","width":960,"height":540},{"@type":"BreadcrumbList","@id":"https:\/\/jornalfatosenoticias.com.br\/index.php\/2024\/01\/12\/com-pne-em-pauta-oposicao-tera-2024-crucial-contra-ideologizacao-do-ensino\/#breadcrumb","itemListElement":[{"@type":"ListItem","position":1,"name":"In\u00edcio","item":"https:\/\/jornalfatosenoticias.com.br\/"},{"@type":"ListItem","position":2,"name":"Com PNE em pauta, oposi\u00e7\u00e3o ter\u00e1 2024 crucial contra ideologiza\u00e7\u00e3o do ensino"}]},{"@type":"WebSite","@id":"https:\/\/jornalfatosenoticias.com.br\/#website","url":"https:\/\/jornalfatosenoticias.com.br\/","name":"Jornal Fatos e Not\u00edcias","description":"Not\u00edcias em geral","publisher":{"@id":"https:\/\/jornalfatosenoticias.com.br\/#organization"},"potentialAction":[{"@type":"SearchAction","target":{"@type":"EntryPoint","urlTemplate":"https:\/\/jornalfatosenoticias.com.br\/?s={search_term_string}"},"query-input":{"@type":"PropertyValueSpecification","valueRequired":true,"valueName":"search_term_string"}}],"inLanguage":"pt-BR"},{"@type":"Organization","@id":"https:\/\/jornalfatosenoticias.com.br\/#organization","name":"Jornal Fatos e Not\u00edcias","url":"https:\/\/jornalfatosenoticias.com.br\/","logo":{"@type":"ImageObject","inLanguage":"pt-BR","@id":"https:\/\/jornalfatosenoticias.com.br\/#\/schema\/logo\/image\/","url":"https:\/\/jornalfatosenoticias.com.br\/wp-content\/uploads\/2020\/02\/logo120.png","contentUrl":"https:\/\/jornalfatosenoticias.com.br\/wp-content\/uploads\/2020\/02\/logo120.png","width":1227,"height":120,"caption":"Jornal Fatos e Not\u00edcias"},"image":{"@id":"https:\/\/jornalfatosenoticias.com.br\/#\/schema\/logo\/image\/"}},{"@type":"Person","@id":"https:\/\/jornalfatosenoticias.com.br\/#\/schema\/person\/d63837fa13ac8666eb9e74e0985d6f81","name":"Luzimara Fernandes","image":{"@type":"ImageObject","inLanguage":"pt-BR","@id":"https:\/\/jornalfatosenoticias.com.br\/#\/schema\/person\/image\/","url":"https:\/\/jornalfatosenoticias.com.br\/wp-content\/uploads\/2025\/05\/EU_portal.jpg","contentUrl":"https:\/\/jornalfatosenoticias.com.br\/wp-content\/uploads\/2025\/05\/EU_portal.jpg","caption":"Luzimara Fernandes"},"description":"Jornalista MTB 2358-ES","sameAs":["https:\/\/jornalfatosenoticias.com.br"],"url":"https:\/\/jornalfatosenoticias.com.br\/index.php\/author\/luzimara\/"}]}},"cc_featured_image_caption":{"caption_text":"(Foto: Zeca Ribeiro\/C\u00e2mara dos Deputados) ","source_text":"","source_url":""},"jetpack_featured_media_url":"https:\/\/jornalfatosenoticias.com.br\/wp-content\/uploads\/2024\/01\/congresso.jpg","_links":{"self":[{"href":"https:\/\/jornalfatosenoticias.com.br\/index.php\/wp-json\/wp\/v2\/posts\/48412","targetHints":{"allow":["GET"]}}],"collection":[{"href":"https:\/\/jornalfatosenoticias.com.br\/index.php\/wp-json\/wp\/v2\/posts"}],"about":[{"href":"https:\/\/jornalfatosenoticias.com.br\/index.php\/wp-json\/wp\/v2\/types\/post"}],"author":[{"embeddable":true,"href":"https:\/\/jornalfatosenoticias.com.br\/index.php\/wp-json\/wp\/v2\/users\/2"}],"replies":[{"embeddable":true,"href":"https:\/\/jornalfatosenoticias.com.br\/index.php\/wp-json\/wp\/v2\/comments?post=48412"}],"version-history":[{"count":0,"href":"https:\/\/jornalfatosenoticias.com.br\/index.php\/wp-json\/wp\/v2\/posts\/48412\/revisions"}],"wp:featuredmedia":[{"embeddable":true,"href":"https:\/\/jornalfatosenoticias.com.br\/index.php\/wp-json\/wp\/v2\/media\/48413"}],"wp:attachment":[{"href":"https:\/\/jornalfatosenoticias.com.br\/index.php\/wp-json\/wp\/v2\/media?parent=48412"}],"wp:term":[{"taxonomy":"category","embeddable":true,"href":"https:\/\/jornalfatosenoticias.com.br\/index.php\/wp-json\/wp\/v2\/categories?post=48412"},{"taxonomy":"post_tag","embeddable":true,"href":"https:\/\/jornalfatosenoticias.com.br\/index.php\/wp-json\/wp\/v2\/tags?post=48412"}],"curies":[{"name":"wp","href":"https:\/\/api.w.org\/{rel}","templated":true}]}}