{"id":48432,"date":"2024-01-15T09:13:42","date_gmt":"2024-01-15T12:13:42","guid":{"rendered":"https:\/\/jornalfatosenoticias.com.br\/?p=48432"},"modified":"2024-01-15T09:13:43","modified_gmt":"2024-01-15T12:13:43","slug":"marmota-brasileira-ameacada-de-extincao-e-vista-cavando-buraco-no-rs","status":"publish","type":"post","link":"https:\/\/jornalfatosenoticias.com.br\/index.php\/2024\/01\/15\/marmota-brasileira-ameacada-de-extincao-e-vista-cavando-buraco-no-rs\/","title":{"rendered":"\u201cMarmota brasileira\u201d amea\u00e7ada de extin\u00e7\u00e3o \u00e9 vista cavando buraco no RS"},"content":{"rendered":"\n<p><em><span class=\"has-inline-color has-black-color\">Amea\u00e7ado de extin\u00e7\u00e3o, roedor popularmente conhecido como a &#8220;marmota brasileira&#8221; faz rara apari\u00e7\u00e3o cavando buraco no litoral ga\u00facho<\/span><\/em><\/p>\n\n\n\n<p><span class=\"has-inline-color has-black-color\">Por <strong><a href=\"https:\/\/gizmodo.uol.com.br\/author\/pablo-nogueira\/\">Pablo Nogueira<\/a><\/strong><\/span><\/p>\n\n\n\n<div class=\"wp-block-image\"><figure class=\"aligncenter size-large is-resized\"><img loading=\"lazy\" decoding=\"async\" src=\"https:\/\/jornalfatosenoticias.com.br\/wp-content\/uploads\/2020\/02\/logo-Rapuzel-1024x571.jpg\" alt=\"\" class=\"wp-image-42808\" width=\"318\" height=\"177\" srcset=\"https:\/\/jornalfatosenoticias.com.br\/wp-content\/uploads\/2020\/02\/logo-Rapuzel-1024x571.jpg 1024w, https:\/\/jornalfatosenoticias.com.br\/wp-content\/uploads\/2020\/02\/logo-Rapuzel-300x167.jpg 300w, https:\/\/jornalfatosenoticias.com.br\/wp-content\/uploads\/2020\/02\/logo-Rapuzel-768x428.jpg 768w, https:\/\/jornalfatosenoticias.com.br\/wp-content\/uploads\/2020\/02\/logo-Rapuzel-1536x856.jpg 1536w, https:\/\/jornalfatosenoticias.com.br\/wp-content\/uploads\/2020\/02\/logo-Rapuzel.jpg 1600w\" sizes=\"auto, (max-width: 318px) 100vw, 318px\" \/><\/figure><\/div>\n\n\n\n<p>O tuco-tuco, <a href=\"https:\/\/gizmodo.uol.com.br\/extincao-de-megafauna-ha-10-mil-anos-reorganizou-ecossistemas-terrestres-diz-estudo\/\">esp\u00e9cie amea\u00e7ada de extin\u00e7\u00e3o<\/a> conhecida popularmente como a \u201cmarmota brasileira\u201d, apareceu recentemente cavando uma toca nas dunas do litoral ga\u00facho. A cena aconteceu em Nova Tramanda\u00ed, no Litoral Norte do Rio Grande do Sul. O rep\u00f3rter fotogr\u00e1fico do portal GHZ foi quem registrou a rara apari\u00e7\u00e3o do tuco-tuco. Jefferson Botega, que estava em passeio com a esposa, percebeu um movimento na areia da praia e capturou o momento com sua GoPro.<\/p>\n\n\n\n<blockquote class=\"wp-block-quote is-layout-flow wp-block-quote-is-layout-flow\"><p><span class=\"has-inline-color has-luminous-vivid-orange-color\">Deixei l\u00e1 [a c\u00e2mera] por cerca de 80 minutos. Fui dar uma conferida e ele tinha fechado a \u201cporta\u201d da toca. Acho que ele se assustou com a c\u00e2mera. Resolvi mudar a estrat\u00e9gia, e coloquei a GgoPro na parte de tr\u00e1s da toca. A\u00ed deu uns 40 minutos e vimos que o tuco-tuco estava a mil trabalhando\u201d, <a href=\"https:\/\/gauchazh.clicrbs.com.br\/comportamento\/verao\/noticia\/2024\/01\/video-ameacado-de-extincao-tuco-tuco-das-dunas-e-flagrado-no-litoral-norte-clr48kjrk002n013pkbxv8lyx.html\" target=\"_blank\" rel=\"noreferrer noopener\">disse Botega ao GHZ<\/a>.<\/span><\/p><\/blockquote>\n\n\n\n<h2 class=\"wp-block-heading\"><span class=\"has-inline-color has-vivid-green-cyan-color\">Confira o v\u00eddeo<\/span><\/h2>\n\n\n\n<figure class=\"wp-block-embed-youtube wp-block-embed is-type-video is-provider-youtube wp-embed-aspect-16-9 wp-has-aspect-ratio\"><div class=\"wp-block-embed__wrapper\">\n<iframe loading=\"lazy\" title=\"Amea\u00e7ado de extin\u00e7\u00e3o, tuco-tuco das dunas \u00e9 flagrado no Litoral Norte do Rio Grande do Sul\" width=\"660\" height=\"371\" src=\"https:\/\/www.youtube.com\/embed\/RdL2VbK9oOo?start=12&#038;feature=oembed\" frameborder=\"0\" allow=\"accelerometer; autoplay; clipboard-write; encrypted-media; gyroscope; picture-in-picture; web-share\" referrerpolicy=\"strict-origin-when-cross-origin\" allowfullscreen><\/iframe>\n<\/div><\/figure>\n\n\n\n<p>Os tuco-tucos s\u00e3o roedores que vivem em galerias subterr\u00e2neas nas plan\u00edcies arenosas da Am\u00e9rica do Sul. No litoral ga\u00facho, h\u00e1 duas esp\u00e9cies: tuco-tucos-das-dunas (<em>Ctenomys flamarioni<\/em>), que prefere as dunas perto da praia, e o tuco-tuco (<em>Ctenomys minutus<\/em>), nas dunas perto das lagoas.<\/p>\n\n\n\n<div class=\"wp-block-image\"><figure class=\"aligncenter size-large is-resized\"><img loading=\"lazy\" decoding=\"async\" src=\"https:\/\/jornalfatosenoticias.com.br\/wp-content\/uploads\/2022\/02\/Precisao-Contabilidade-1024x724.jpg\" alt=\"\" class=\"wp-image-28088\" width=\"368\" height=\"260\"\/><\/figure><\/div>\n\n\n\n<p>O nome \u201ctuco-tuco\u201d \u00e9 uma refer\u00eancia ao som que o macho faz quando est\u00e1 se sentindo amea\u00e7ado. Ali\u00e1s, foi o bi\u00f3logo brasileiro Vitor Hugo Travi que descreveu a esp\u00e9cie e deu esse nome em homenagem ao seu colega, Luiz Flamarion B. de Oliveira, em 1981. O tuco-tuco-das-dunas est\u00e1 listado <a href=\"https:\/\/gizmodo.uol.com.br\/41-das-especies-de-anfibios-estao-ameacadas-de-extincao-diz-estudo\/\">como em perigo de extin\u00e7\u00e3o pela Lista Vermelha de Esp\u00e9cies Amea\u00e7adas da IUCN<\/a>, pois seu habitat est\u00e1 em constante mudan\u00e7a, afetado tanto por fen\u00f4menos naturais quanto pela ocupa\u00e7\u00e3o humana.<\/p>\n\n\n\n<div class=\"wp-block-image\"><figure class=\"aligncenter size-large\"><img decoding=\"async\" src=\"https:\/\/jornalfatosenoticias.com.br\/wp-content\/uploads\/2020\/02\/barao-das-carnes-300x164-1.jpg\" alt=\"\" class=\"wp-image-34339\"\/><\/figure><\/div>\n\n\n\n<p>A remo\u00e7\u00e3o da primeira linha de dunas para urbaniza\u00e7\u00e3o e especula\u00e7\u00e3o imobili\u00e1ria \u2014 o que altera o ambiente \u2014 \u00e9 a principal amea\u00e7a para a esp\u00e9cie. Al\u00e9m disso, o impacto humano sobre as dunas, bem como a presen\u00e7a de animais dom\u00e9sticos, s\u00e3o um risco aos tuco-tucos. Por isso, a Universidade Federal do Rio Grande do Sul (UFRGS) criou o \u201cProjeto Tuco-Tuco\u201d para proteger o animal, com o objetivo de educar quem frequenta o litoral do RS sobre a import\u00e2ncia dos tuco-tucos. Embora similares \u00e0 marmota da Am\u00e9rica do Norte, o tuco-tuco \u00e9 pr\u00f3ximo da capivara geneticamente, vivendo por aproximadamente dois anos, com uma dieta apenas de plantas.<\/p>\n\n\n\n<div class=\"wp-block-image\"><figure class=\"aligncenter size-large is-resized\"><img loading=\"lazy\" decoding=\"async\" src=\"https:\/\/jornalfatosenoticias.com.br\/wp-content\/uploads\/2020\/02\/LOGO-BLU-COMERCIAL-PRETO-1024x600.jpg\" alt=\"\" class=\"wp-image-44089\" width=\"324\" height=\"189\"\/><\/figure><\/div>\n\n\n\n<p><strong><em>Fonte: <a href=\"https:\/\/gizmodo.uol.com.br\/marmota-brasileira-ameacada-de-extincao-e-vista-cavando-buraco-no-rs\/\">Giz Brasil<\/a><\/em><\/strong><\/p>\n","protected":false},"excerpt":{"rendered":"<p>Amea\u00e7ado de extin\u00e7\u00e3o, roedor popularmente conhecido como a &#8220;marmota brasileira&#8221; faz rara apari\u00e7\u00e3o cavando buraco no litoral ga\u00facho Por Pablo Nogueira O tuco-tuco, esp\u00e9cie amea\u00e7ada de extin\u00e7\u00e3o conhecida popularmente como a \u201cmarmota brasileira\u201d, apareceu recentemente cavando uma toca nas dunas do litoral ga\u00facho. A cena aconteceu em Nova Tramanda\u00ed, no Litoral Norte do Rio Grande [&hellip;]<\/p>\n","protected":false},"author":2,"featured_media":48434,"comment_status":"open","ping_status":"open","sticky":false,"template":"","format":"standard","meta":{"footnotes":""},"categories":[8],"tags":[22526,4684,22528,22527,1637],"class_list":["post-48432","post","type-post","status-publish","format-standard","has-post-thumbnail","hentry","category-meio-ambiente","tag-marmota-brasileira","tag-rio-grande-do-sul","tag-tuco-tuco","tag-tuco-tuco-das-dunas","tag-video-2"],"yoast_head":"<!-- This site is optimized with the Yoast SEO plugin v26.5 - https:\/\/yoast.com\/wordpress\/plugins\/seo\/ -->\n<title>\u201cMarmota brasileira\u201d amea\u00e7ada de extin\u00e7\u00e3o \u00e9 vista cavando buraco no RS - Jornal Fatos e Not\u00edcias<\/title>\n<meta name=\"robots\" content=\"index, follow, max-snippet:-1, max-image-preview:large, max-video-preview:-1\" \/>\n<link rel=\"canonical\" href=\"https:\/\/jornalfatosenoticias.com.br\/index.php\/2024\/01\/15\/marmota-brasileira-ameacada-de-extincao-e-vista-cavando-buraco-no-rs\/\" \/>\n<meta property=\"og:locale\" content=\"pt_BR\" \/>\n<meta property=\"og:type\" content=\"article\" \/>\n<meta property=\"og:title\" content=\"\u201cMarmota brasileira\u201d amea\u00e7ada de extin\u00e7\u00e3o \u00e9 vista cavando buraco no RS - Jornal Fatos e Not\u00edcias\" \/>\n<meta property=\"og:description\" content=\"Amea\u00e7ado de extin\u00e7\u00e3o, roedor popularmente conhecido como a &#8220;marmota brasileira&#8221; faz rara apari\u00e7\u00e3o cavando buraco no litoral ga\u00facho Por Pablo Nogueira O tuco-tuco, esp\u00e9cie amea\u00e7ada de extin\u00e7\u00e3o conhecida popularmente como a \u201cmarmota brasileira\u201d, apareceu recentemente cavando uma toca nas dunas do litoral ga\u00facho. A cena aconteceu em Nova Tramanda\u00ed, no Litoral Norte do Rio Grande [&hellip;]\" \/>\n<meta property=\"og:url\" content=\"https:\/\/jornalfatosenoticias.com.br\/index.php\/2024\/01\/15\/marmota-brasileira-ameacada-de-extincao-e-vista-cavando-buraco-no-rs\/\" \/>\n<meta property=\"og:site_name\" content=\"Jornal Fatos e Not\u00edcias\" \/>\n<meta property=\"article:published_time\" content=\"2024-01-15T12:13:42+00:00\" \/>\n<meta property=\"article:modified_time\" content=\"2024-01-15T12:13:43+00:00\" \/>\n<meta property=\"og:image\" content=\"https:\/\/jornalfatosenoticias.com.br\/wp-content\/uploads\/2024\/01\/tuco-tuco.jpg\" \/>\n\t<meta property=\"og:image:width\" content=\"797\" \/>\n\t<meta property=\"og:image:height\" content=\"532\" \/>\n\t<meta property=\"og:image:type\" content=\"image\/jpeg\" \/>\n<meta name=\"author\" content=\"Luzimara Fernandes\" \/>\n<meta name=\"twitter:card\" content=\"summary_large_image\" \/>\n<meta name=\"twitter:label1\" content=\"Escrito por\" \/>\n\t<meta name=\"twitter:data1\" content=\"Luzimara Fernandes\" \/>\n\t<meta name=\"twitter:label2\" content=\"Est. tempo de leitura\" \/>\n\t<meta name=\"twitter:data2\" content=\"2 minutos\" \/>\n<script type=\"application\/ld+json\" class=\"yoast-schema-graph\">{\"@context\":\"https:\/\/schema.org\",\"@graph\":[{\"@type\":\"Article\",\"@id\":\"https:\/\/jornalfatosenoticias.com.br\/index.php\/2024\/01\/15\/marmota-brasileira-ameacada-de-extincao-e-vista-cavando-buraco-no-rs\/#article\",\"isPartOf\":{\"@id\":\"https:\/\/jornalfatosenoticias.com.br\/index.php\/2024\/01\/15\/marmota-brasileira-ameacada-de-extincao-e-vista-cavando-buraco-no-rs\/\"},\"author\":{\"name\":\"Luzimara Fernandes\",\"@id\":\"https:\/\/jornalfatosenoticias.com.br\/#\/schema\/person\/d63837fa13ac8666eb9e74e0985d6f81\"},\"headline\":\"\u201cMarmota brasileira\u201d amea\u00e7ada de extin\u00e7\u00e3o \u00e9 vista cavando buraco no RS\",\"datePublished\":\"2024-01-15T12:13:42+00:00\",\"dateModified\":\"2024-01-15T12:13:43+00:00\",\"mainEntityOfPage\":{\"@id\":\"https:\/\/jornalfatosenoticias.com.br\/index.php\/2024\/01\/15\/marmota-brasileira-ameacada-de-extincao-e-vista-cavando-buraco-no-rs\/\"},\"wordCount\":473,\"commentCount\":0,\"publisher\":{\"@id\":\"https:\/\/jornalfatosenoticias.com.br\/#organization\"},\"image\":{\"@id\":\"https:\/\/jornalfatosenoticias.com.br\/index.php\/2024\/01\/15\/marmota-brasileira-ameacada-de-extincao-e-vista-cavando-buraco-no-rs\/#primaryimage\"},\"thumbnailUrl\":\"https:\/\/jornalfatosenoticias.com.br\/wp-content\/uploads\/2024\/01\/tuco-tuco.jpg\",\"keywords\":[\"marmota brasileira\",\"Rio Grande do Sul\",\"tuco-tuco\",\"tuco-tuco-das-dunas\",\"v\u00eddeo\"],\"articleSection\":[\"Meio ambiente\"],\"inLanguage\":\"pt-BR\",\"potentialAction\":[{\"@type\":\"CommentAction\",\"name\":\"Comment\",\"target\":[\"https:\/\/jornalfatosenoticias.com.br\/index.php\/2024\/01\/15\/marmota-brasileira-ameacada-de-extincao-e-vista-cavando-buraco-no-rs\/#respond\"]}]},{\"@type\":\"WebPage\",\"@id\":\"https:\/\/jornalfatosenoticias.com.br\/index.php\/2024\/01\/15\/marmota-brasileira-ameacada-de-extincao-e-vista-cavando-buraco-no-rs\/\",\"url\":\"https:\/\/jornalfatosenoticias.com.br\/index.php\/2024\/01\/15\/marmota-brasileira-ameacada-de-extincao-e-vista-cavando-buraco-no-rs\/\",\"name\":\"\u201cMarmota brasileira\u201d amea\u00e7ada de extin\u00e7\u00e3o \u00e9 vista cavando buraco no RS - Jornal Fatos e Not\u00edcias\",\"isPartOf\":{\"@id\":\"https:\/\/jornalfatosenoticias.com.br\/#website\"},\"primaryImageOfPage\":{\"@id\":\"https:\/\/jornalfatosenoticias.com.br\/index.php\/2024\/01\/15\/marmota-brasileira-ameacada-de-extincao-e-vista-cavando-buraco-no-rs\/#primaryimage\"},\"image\":{\"@id\":\"https:\/\/jornalfatosenoticias.com.br\/index.php\/2024\/01\/15\/marmota-brasileira-ameacada-de-extincao-e-vista-cavando-buraco-no-rs\/#primaryimage\"},\"thumbnailUrl\":\"https:\/\/jornalfatosenoticias.com.br\/wp-content\/uploads\/2024\/01\/tuco-tuco.jpg\",\"datePublished\":\"2024-01-15T12:13:42+00:00\",\"dateModified\":\"2024-01-15T12:13:43+00:00\",\"breadcrumb\":{\"@id\":\"https:\/\/jornalfatosenoticias.com.br\/index.php\/2024\/01\/15\/marmota-brasileira-ameacada-de-extincao-e-vista-cavando-buraco-no-rs\/#breadcrumb\"},\"inLanguage\":\"pt-BR\",\"potentialAction\":[{\"@type\":\"ReadAction\",\"target\":[\"https:\/\/jornalfatosenoticias.com.br\/index.php\/2024\/01\/15\/marmota-brasileira-ameacada-de-extincao-e-vista-cavando-buraco-no-rs\/\"]}]},{\"@type\":\"ImageObject\",\"inLanguage\":\"pt-BR\",\"@id\":\"https:\/\/jornalfatosenoticias.com.br\/index.php\/2024\/01\/15\/marmota-brasileira-ameacada-de-extincao-e-vista-cavando-buraco-no-rs\/#primaryimage\",\"url\":\"https:\/\/jornalfatosenoticias.com.br\/wp-content\/uploads\/2024\/01\/tuco-tuco.jpg\",\"contentUrl\":\"https:\/\/jornalfatosenoticias.com.br\/wp-content\/uploads\/2024\/01\/tuco-tuco.jpg\",\"width\":797,\"height\":532},{\"@type\":\"BreadcrumbList\",\"@id\":\"https:\/\/jornalfatosenoticias.com.br\/index.php\/2024\/01\/15\/marmota-brasileira-ameacada-de-extincao-e-vista-cavando-buraco-no-rs\/#breadcrumb\",\"itemListElement\":[{\"@type\":\"ListItem\",\"position\":1,\"name\":\"In\u00edcio\",\"item\":\"https:\/\/jornalfatosenoticias.com.br\/\"},{\"@type\":\"ListItem\",\"position\":2,\"name\":\"\u201cMarmota brasileira\u201d amea\u00e7ada de extin\u00e7\u00e3o \u00e9 vista cavando buraco no RS\"}]},{\"@type\":\"WebSite\",\"@id\":\"https:\/\/jornalfatosenoticias.com.br\/#website\",\"url\":\"https:\/\/jornalfatosenoticias.com.br\/\",\"name\":\"Jornal Fatos e Not\u00edcias\",\"description\":\"Not\u00edcias em geral\",\"publisher\":{\"@id\":\"https:\/\/jornalfatosenoticias.com.br\/#organization\"},\"potentialAction\":[{\"@type\":\"SearchAction\",\"target\":{\"@type\":\"EntryPoint\",\"urlTemplate\":\"https:\/\/jornalfatosenoticias.com.br\/?s={search_term_string}\"},\"query-input\":{\"@type\":\"PropertyValueSpecification\",\"valueRequired\":true,\"valueName\":\"search_term_string\"}}],\"inLanguage\":\"pt-BR\"},{\"@type\":\"Organization\",\"@id\":\"https:\/\/jornalfatosenoticias.com.br\/#organization\",\"name\":\"Jornal Fatos e Not\u00edcias\",\"url\":\"https:\/\/jornalfatosenoticias.com.br\/\",\"logo\":{\"@type\":\"ImageObject\",\"inLanguage\":\"pt-BR\",\"@id\":\"https:\/\/jornalfatosenoticias.com.br\/#\/schema\/logo\/image\/\",\"url\":\"https:\/\/jornalfatosenoticias.com.br\/wp-content\/uploads\/2020\/02\/logo120.png\",\"contentUrl\":\"https:\/\/jornalfatosenoticias.com.br\/wp-content\/uploads\/2020\/02\/logo120.png\",\"width\":1227,\"height\":120,\"caption\":\"Jornal Fatos e Not\u00edcias\"},\"image\":{\"@id\":\"https:\/\/jornalfatosenoticias.com.br\/#\/schema\/logo\/image\/\"}},{\"@type\":\"Person\",\"@id\":\"https:\/\/jornalfatosenoticias.com.br\/#\/schema\/person\/d63837fa13ac8666eb9e74e0985d6f81\",\"name\":\"Luzimara Fernandes\",\"image\":{\"@type\":\"ImageObject\",\"inLanguage\":\"pt-BR\",\"@id\":\"https:\/\/jornalfatosenoticias.com.br\/#\/schema\/person\/image\/\",\"url\":\"https:\/\/jornalfatosenoticias.com.br\/wp-content\/uploads\/2025\/05\/EU_portal.jpg\",\"contentUrl\":\"https:\/\/jornalfatosenoticias.com.br\/wp-content\/uploads\/2025\/05\/EU_portal.jpg\",\"caption\":\"Luzimara Fernandes\"},\"description\":\"Jornalista MTB 2358-ES\",\"sameAs\":[\"https:\/\/jornalfatosenoticias.com.br\"],\"url\":\"https:\/\/jornalfatosenoticias.com.br\/index.php\/author\/luzimara\/\"}]}<\/script>\n<!-- \/ Yoast SEO plugin. -->","yoast_head_json":{"title":"\u201cMarmota brasileira\u201d amea\u00e7ada de extin\u00e7\u00e3o \u00e9 vista cavando buraco no RS - Jornal Fatos e Not\u00edcias","robots":{"index":"index","follow":"follow","max-snippet":"max-snippet:-1","max-image-preview":"max-image-preview:large","max-video-preview":"max-video-preview:-1"},"canonical":"https:\/\/jornalfatosenoticias.com.br\/index.php\/2024\/01\/15\/marmota-brasileira-ameacada-de-extincao-e-vista-cavando-buraco-no-rs\/","og_locale":"pt_BR","og_type":"article","og_title":"\u201cMarmota brasileira\u201d amea\u00e7ada de extin\u00e7\u00e3o \u00e9 vista cavando buraco no RS - Jornal Fatos e Not\u00edcias","og_description":"Amea\u00e7ado de extin\u00e7\u00e3o, roedor popularmente conhecido como a &#8220;marmota brasileira&#8221; faz rara apari\u00e7\u00e3o cavando buraco no litoral ga\u00facho Por Pablo Nogueira O tuco-tuco, esp\u00e9cie amea\u00e7ada de extin\u00e7\u00e3o conhecida popularmente como a \u201cmarmota brasileira\u201d, apareceu recentemente cavando uma toca nas dunas do litoral ga\u00facho. A cena aconteceu em Nova Tramanda\u00ed, no Litoral Norte do Rio Grande [&hellip;]","og_url":"https:\/\/jornalfatosenoticias.com.br\/index.php\/2024\/01\/15\/marmota-brasileira-ameacada-de-extincao-e-vista-cavando-buraco-no-rs\/","og_site_name":"Jornal Fatos e Not\u00edcias","article_published_time":"2024-01-15T12:13:42+00:00","article_modified_time":"2024-01-15T12:13:43+00:00","og_image":[{"width":797,"height":532,"url":"https:\/\/jornalfatosenoticias.com.br\/wp-content\/uploads\/2024\/01\/tuco-tuco.jpg","type":"image\/jpeg"}],"author":"Luzimara Fernandes","twitter_card":"summary_large_image","twitter_misc":{"Escrito por":"Luzimara Fernandes","Est. tempo de leitura":"2 minutos"},"schema":{"@context":"https:\/\/schema.org","@graph":[{"@type":"Article","@id":"https:\/\/jornalfatosenoticias.com.br\/index.php\/2024\/01\/15\/marmota-brasileira-ameacada-de-extincao-e-vista-cavando-buraco-no-rs\/#article","isPartOf":{"@id":"https:\/\/jornalfatosenoticias.com.br\/index.php\/2024\/01\/15\/marmota-brasileira-ameacada-de-extincao-e-vista-cavando-buraco-no-rs\/"},"author":{"name":"Luzimara Fernandes","@id":"https:\/\/jornalfatosenoticias.com.br\/#\/schema\/person\/d63837fa13ac8666eb9e74e0985d6f81"},"headline":"\u201cMarmota brasileira\u201d amea\u00e7ada de extin\u00e7\u00e3o \u00e9 vista cavando buraco no RS","datePublished":"2024-01-15T12:13:42+00:00","dateModified":"2024-01-15T12:13:43+00:00","mainEntityOfPage":{"@id":"https:\/\/jornalfatosenoticias.com.br\/index.php\/2024\/01\/15\/marmota-brasileira-ameacada-de-extincao-e-vista-cavando-buraco-no-rs\/"},"wordCount":473,"commentCount":0,"publisher":{"@id":"https:\/\/jornalfatosenoticias.com.br\/#organization"},"image":{"@id":"https:\/\/jornalfatosenoticias.com.br\/index.php\/2024\/01\/15\/marmota-brasileira-ameacada-de-extincao-e-vista-cavando-buraco-no-rs\/#primaryimage"},"thumbnailUrl":"https:\/\/jornalfatosenoticias.com.br\/wp-content\/uploads\/2024\/01\/tuco-tuco.jpg","keywords":["marmota brasileira","Rio Grande do Sul","tuco-tuco","tuco-tuco-das-dunas","v\u00eddeo"],"articleSection":["Meio ambiente"],"inLanguage":"pt-BR","potentialAction":[{"@type":"CommentAction","name":"Comment","target":["https:\/\/jornalfatosenoticias.com.br\/index.php\/2024\/01\/15\/marmota-brasileira-ameacada-de-extincao-e-vista-cavando-buraco-no-rs\/#respond"]}]},{"@type":"WebPage","@id":"https:\/\/jornalfatosenoticias.com.br\/index.php\/2024\/01\/15\/marmota-brasileira-ameacada-de-extincao-e-vista-cavando-buraco-no-rs\/","url":"https:\/\/jornalfatosenoticias.com.br\/index.php\/2024\/01\/15\/marmota-brasileira-ameacada-de-extincao-e-vista-cavando-buraco-no-rs\/","name":"\u201cMarmota brasileira\u201d amea\u00e7ada de extin\u00e7\u00e3o \u00e9 vista cavando buraco no RS - Jornal Fatos e Not\u00edcias","isPartOf":{"@id":"https:\/\/jornalfatosenoticias.com.br\/#website"},"primaryImageOfPage":{"@id":"https:\/\/jornalfatosenoticias.com.br\/index.php\/2024\/01\/15\/marmota-brasileira-ameacada-de-extincao-e-vista-cavando-buraco-no-rs\/#primaryimage"},"image":{"@id":"https:\/\/jornalfatosenoticias.com.br\/index.php\/2024\/01\/15\/marmota-brasileira-ameacada-de-extincao-e-vista-cavando-buraco-no-rs\/#primaryimage"},"thumbnailUrl":"https:\/\/jornalfatosenoticias.com.br\/wp-content\/uploads\/2024\/01\/tuco-tuco.jpg","datePublished":"2024-01-15T12:13:42+00:00","dateModified":"2024-01-15T12:13:43+00:00","breadcrumb":{"@id":"https:\/\/jornalfatosenoticias.com.br\/index.php\/2024\/01\/15\/marmota-brasileira-ameacada-de-extincao-e-vista-cavando-buraco-no-rs\/#breadcrumb"},"inLanguage":"pt-BR","potentialAction":[{"@type":"ReadAction","target":["https:\/\/jornalfatosenoticias.com.br\/index.php\/2024\/01\/15\/marmota-brasileira-ameacada-de-extincao-e-vista-cavando-buraco-no-rs\/"]}]},{"@type":"ImageObject","inLanguage":"pt-BR","@id":"https:\/\/jornalfatosenoticias.com.br\/index.php\/2024\/01\/15\/marmota-brasileira-ameacada-de-extincao-e-vista-cavando-buraco-no-rs\/#primaryimage","url":"https:\/\/jornalfatosenoticias.com.br\/wp-content\/uploads\/2024\/01\/tuco-tuco.jpg","contentUrl":"https:\/\/jornalfatosenoticias.com.br\/wp-content\/uploads\/2024\/01\/tuco-tuco.jpg","width":797,"height":532},{"@type":"BreadcrumbList","@id":"https:\/\/jornalfatosenoticias.com.br\/index.php\/2024\/01\/15\/marmota-brasileira-ameacada-de-extincao-e-vista-cavando-buraco-no-rs\/#breadcrumb","itemListElement":[{"@type":"ListItem","position":1,"name":"In\u00edcio","item":"https:\/\/jornalfatosenoticias.com.br\/"},{"@type":"ListItem","position":2,"name":"\u201cMarmota brasileira\u201d amea\u00e7ada de extin\u00e7\u00e3o \u00e9 vista cavando buraco no RS"}]},{"@type":"WebSite","@id":"https:\/\/jornalfatosenoticias.com.br\/#website","url":"https:\/\/jornalfatosenoticias.com.br\/","name":"Jornal Fatos e Not\u00edcias","description":"Not\u00edcias em geral","publisher":{"@id":"https:\/\/jornalfatosenoticias.com.br\/#organization"},"potentialAction":[{"@type":"SearchAction","target":{"@type":"EntryPoint","urlTemplate":"https:\/\/jornalfatosenoticias.com.br\/?s={search_term_string}"},"query-input":{"@type":"PropertyValueSpecification","valueRequired":true,"valueName":"search_term_string"}}],"inLanguage":"pt-BR"},{"@type":"Organization","@id":"https:\/\/jornalfatosenoticias.com.br\/#organization","name":"Jornal Fatos e Not\u00edcias","url":"https:\/\/jornalfatosenoticias.com.br\/","logo":{"@type":"ImageObject","inLanguage":"pt-BR","@id":"https:\/\/jornalfatosenoticias.com.br\/#\/schema\/logo\/image\/","url":"https:\/\/jornalfatosenoticias.com.br\/wp-content\/uploads\/2020\/02\/logo120.png","contentUrl":"https:\/\/jornalfatosenoticias.com.br\/wp-content\/uploads\/2020\/02\/logo120.png","width":1227,"height":120,"caption":"Jornal Fatos e Not\u00edcias"},"image":{"@id":"https:\/\/jornalfatosenoticias.com.br\/#\/schema\/logo\/image\/"}},{"@type":"Person","@id":"https:\/\/jornalfatosenoticias.com.br\/#\/schema\/person\/d63837fa13ac8666eb9e74e0985d6f81","name":"Luzimara Fernandes","image":{"@type":"ImageObject","inLanguage":"pt-BR","@id":"https:\/\/jornalfatosenoticias.com.br\/#\/schema\/person\/image\/","url":"https:\/\/jornalfatosenoticias.com.br\/wp-content\/uploads\/2025\/05\/EU_portal.jpg","contentUrl":"https:\/\/jornalfatosenoticias.com.br\/wp-content\/uploads\/2025\/05\/EU_portal.jpg","caption":"Luzimara Fernandes"},"description":"Jornalista MTB 2358-ES","sameAs":["https:\/\/jornalfatosenoticias.com.br"],"url":"https:\/\/jornalfatosenoticias.com.br\/index.php\/author\/luzimara\/"}]}},"cc_featured_image_caption":{"caption_text":"(Foto: Reprodu\u00e7\u00e3o\/Giz Brasil) ","source_text":"","source_url":""},"jetpack_featured_media_url":"https:\/\/jornalfatosenoticias.com.br\/wp-content\/uploads\/2024\/01\/tuco-tuco.jpg","_links":{"self":[{"href":"https:\/\/jornalfatosenoticias.com.br\/index.php\/wp-json\/wp\/v2\/posts\/48432","targetHints":{"allow":["GET"]}}],"collection":[{"href":"https:\/\/jornalfatosenoticias.com.br\/index.php\/wp-json\/wp\/v2\/posts"}],"about":[{"href":"https:\/\/jornalfatosenoticias.com.br\/index.php\/wp-json\/wp\/v2\/types\/post"}],"author":[{"embeddable":true,"href":"https:\/\/jornalfatosenoticias.com.br\/index.php\/wp-json\/wp\/v2\/users\/2"}],"replies":[{"embeddable":true,"href":"https:\/\/jornalfatosenoticias.com.br\/index.php\/wp-json\/wp\/v2\/comments?post=48432"}],"version-history":[{"count":0,"href":"https:\/\/jornalfatosenoticias.com.br\/index.php\/wp-json\/wp\/v2\/posts\/48432\/revisions"}],"wp:featuredmedia":[{"embeddable":true,"href":"https:\/\/jornalfatosenoticias.com.br\/index.php\/wp-json\/wp\/v2\/media\/48434"}],"wp:attachment":[{"href":"https:\/\/jornalfatosenoticias.com.br\/index.php\/wp-json\/wp\/v2\/media?parent=48432"}],"wp:term":[{"taxonomy":"category","embeddable":true,"href":"https:\/\/jornalfatosenoticias.com.br\/index.php\/wp-json\/wp\/v2\/categories?post=48432"},{"taxonomy":"post_tag","embeddable":true,"href":"https:\/\/jornalfatosenoticias.com.br\/index.php\/wp-json\/wp\/v2\/tags?post=48432"}],"curies":[{"name":"wp","href":"https:\/\/api.w.org\/{rel}","templated":true}]}}