{"id":4844,"date":"2020-05-25T09:58:23","date_gmt":"2020-05-25T12:58:23","guid":{"rendered":"https:\/\/jornalfatosenoticias.com.br\/?p=4844"},"modified":"2020-05-25T10:01:41","modified_gmt":"2020-05-25T13:01:41","slug":"tuitaco-e-lives-marcam-campanha-no-dia-nacional-da-adocao","status":"publish","type":"post","link":"https:\/\/jornalfatosenoticias.com.br\/index.php\/2020\/05\/25\/tuitaco-e-lives-marcam-campanha-no-dia-nacional-da-adocao\/","title":{"rendered":"Tuita\u00e7o e lives marcam campanha no Dia Nacional da Ado\u00e7\u00e3o"},"content":{"rendered":"\n<h6 class=\"wp-block-heading\"><em>Data \u00e9 celebrada nesta segunda-feira<\/em><\/h6>\n\n\n\n<p>Com quase 34 mil crian\u00e7as \u00e0 espera de ado\u00e7\u00e3o em abrigos no Pa\u00eds, um tuita\u00e7o, organizado pelo Conselho Nacional de Justi\u00e7a (CNJ), com a participa\u00e7\u00e3o de celebridades, est\u00e1 entre as a\u00e7\u00f5es programadas para marcar o Dia Nacional da Ado\u00e7\u00e3o nesta segunda-feira (25).<br>Usando a hastag #Adotar\u00c9Amor, a a\u00e7\u00e3o come\u00e7a \u00e0s 15h e vai contar com a colabora\u00e7\u00e3o de todos os tribunais e de muitas personalidades brasileiras, trazendo para as redes sociais a import\u00e2ncia do processo de ado\u00e7\u00e3o e dos benef\u00edcios para toda a sociedade. Entre as participa\u00e7\u00f5es confirmadas est\u00e3o a da ativista Maria da Penha, a cantora Elza Soares e o cantor L\u00e9o Jaime, os apresentadores Otaviano Costa e Titi M\u00fcller, os atores e atrizes Erom Cordeiro, Leandra Leal, Fernanda Paes Leme e Mi\u00e1 Mello, a jornalista Rachel Sherazade e a influenciadora digital Denise Tremura. Os perfis dos \u00f3rg\u00e3os do Judici\u00e1rio e de institui\u00e7\u00f5es da sociedade civil tamb\u00e9m v\u00e3o compor a iniciativa.<br>A data foi comemorada pela primeira vez, em 1996, no 1\u00ba Encontro Nacional de Associa\u00e7\u00f5es e Grupos de Apoio \u00e0 Ado\u00e7\u00e3o. Mas foi apenas em 2002, por meio da Lei 10.447, que ela foi institu\u00edda e a sua mensagem passou a ganhar import\u00e2ncia.<\/p>\n\n\n\n<h4 class=\"wp-block-heading\">Live<\/h4>\n\n\n\n<p>Tamb\u00e9m nesta segunda-feira (25), a partir das 12h30, o Judici\u00e1rio vai realizar uma s\u00e9rie de lives no Instagram, falando de importantes quest\u00f5es do processo de ado\u00e7\u00e3o no Brasil. A abertura \u00e9 no perfil do CNJ sobre o Sistema Nacional de Ado\u00e7\u00e3o e Acolhimento (SNA). Ao final da transmiss\u00e3o, os interessados poder\u00e3o ainda acompanhar conversas com conferencistas de tribunais de quase todo o Pa\u00eds, sobre temas como entrega legal, ado\u00e7\u00e3o tardia, fam\u00edlia acolhedora, varas de ado\u00e7\u00e3o, pretendentes e acolhimento.<\/p>\n\n\n\n<h4 class=\"wp-block-heading\">N\u00fameros<\/h4>\n\n\n\n<p>Segundo dados do Sistema Nacional de Ado\u00e7\u00e3o e Acolhimento, do CNJ, das 33.840 crian\u00e7as e adolescentes em abrigos no Pa\u00eds, 5.059 est\u00e3o aptos \u00e0 ado\u00e7\u00e3o, sendo que 2.726 j\u00e1 iniciaram o processo. Do outro lado, o cadastro tem 36.437 pessoas interessadas em adotar uma crian\u00e7a, mas, apesar disso, segundo o CNJ , 83% delas t\u00eam acima de 10 anos e apenas 2,7% dos pretendentes aceitam adotar acima dessa faixa et\u00e1ria.<br>Para evitar que essas crian\u00e7as em abrigo envelhe\u00e7am e tenham menos chances de serem adotadas, tanto no Senado quanto na C\u00e2mara h\u00e1 dezenas de propostas sobre ado\u00e7\u00e3o tramitando. Uma delas \u00e9 o Projeto de Lei do Senado (PLS) 31\/2017, da senadora Rose de Freitas (Podemos-ES). O texto fixa prazo m\u00e1ximo de um ano para a conclus\u00e3o do procedimento de ado\u00e7\u00e3o, depois de iniciado o est\u00e1gio de conviv\u00eancia.<br>Hoje o Estatuto da Crian\u00e7a e do Adolescente (ECA) n\u00e3o estabelece um per\u00edodo espec\u00edfico, apontando apenas que a ado\u00e7\u00e3o ser\u00e1 precedida de est\u00e1gio de conviv\u00eancia com a crian\u00e7a ou adolescente, \u201cpelo prazo que a autoridade judici\u00e1ria fixar, observadas as peculiaridades do caso\u201d. Com o projeto, o processo ter\u00e1 de ser conclu\u00eddo em at\u00e9 12 meses. O texto estende essa exig\u00eancia aos procedimentos que j\u00e1 estiverem em curso, quando a lei for publicada. A proposta aguarda relat\u00f3rio da senadora Daniella Ribeiro (PP-PB) na Comiss\u00e3o de Direitos Humanos da Casa.<br>Tamb\u00e9m para acelerar procedimentos, outra proposta, o PL 5.449\/2019, da senadora Mailza Gomes (PP-AC), procura liberar as crian\u00e7as o mais rapidamente poss\u00edvel para a conviv\u00eancia com suas novas fam\u00edlias. O texto estabelece que as decis\u00f5es que deferiram a ado\u00e7\u00e3o ou a destitui\u00e7\u00e3o de poder familiar e estejam pendentes de recurso perante tribunais superiores dever\u00e3o produzir efeitos imediatos, caso os detentores originais do poder n\u00e3o estejam presentes no processo, ou seja, com decis\u00f5es \u00e0 revelia dos pais biol\u00f3gicos e com recursos apresentados pela Defensoria P\u00fablica. A mat\u00e9ria ainda aguarda designa\u00e7\u00e3o de relator na Comiss\u00e3o de Constitui\u00e7\u00e3o e Justi\u00e7a (CCJ) do Senado.<\/p>\n\n\n\n<h5 class=\"wp-block-heading\">Idades das crian\u00e7as para ado\u00e7\u00e3o<\/h5>\n\n\n\n<p><em>*Fonte CNJ\/SNA<\/em><\/p>\n\n\n\n<ul class=\"wp-block-list\"><li>De 3 a 6 anos: 719<\/li><li>De 6 a 9 anos: 689<\/li><li>De 9 a 12 anos: 796<\/li><li>12 a 15 anos: 979<\/li><li>Maiores de 15 anos: 982<\/li><\/ul>\n\n\n\n<p><strong><em>Fonte: <a href=\"https:\/\/agenciabrasil.ebc.com.br\/direitos-humanos\/noticia\/2020-05\/tuitaco-e-lives-marcam-campanha-no-dia-nacional-da-adocao\">Ag\u00eancia Brasil<\/a><\/em><\/strong><\/p>\n","protected":false},"excerpt":{"rendered":"<p>Data \u00e9 celebrada nesta segunda-feira Com quase 34 mil crian\u00e7as \u00e0 espera de ado\u00e7\u00e3o em abrigos no Pa\u00eds, um tuita\u00e7o, organizado pelo Conselho Nacional de Justi\u00e7a (CNJ), com a participa\u00e7\u00e3o de celebridades, est\u00e1 entre as a\u00e7\u00f5es programadas para marcar o Dia Nacional da Ado\u00e7\u00e3o nesta segunda-feira (25).Usando a hastag #Adotar\u00c9Amor, a a\u00e7\u00e3o come\u00e7a \u00e0s 15h [&hellip;]<\/p>\n","protected":false},"author":2,"featured_media":4845,"comment_status":"open","ping_status":"open","sticky":false,"template":"","format":"standard","meta":{"footnotes":""},"categories":[5],"tags":[2878,829,2879,2880,2881,2812],"class_list":["post-4844","post","type-post","status-publish","format-standard","has-post-thumbnail","hentry","category-geral","tag-adocao","tag-campanha","tag-ccj","tag-cnj-sna","tag-dia-nacional-da-adocao","tag-eca"],"yoast_head":"<!-- This site is optimized with the Yoast SEO plugin v26.5 - https:\/\/yoast.com\/wordpress\/plugins\/seo\/ -->\n<title>Tuita\u00e7o e lives marcam campanha no Dia Nacional da Ado\u00e7\u00e3o - Jornal Fatos e Not\u00edcias<\/title>\n<meta name=\"robots\" content=\"index, follow, max-snippet:-1, max-image-preview:large, max-video-preview:-1\" \/>\n<link rel=\"canonical\" href=\"https:\/\/jornalfatosenoticias.com.br\/index.php\/2020\/05\/25\/tuitaco-e-lives-marcam-campanha-no-dia-nacional-da-adocao\/\" \/>\n<meta property=\"og:locale\" content=\"pt_BR\" \/>\n<meta property=\"og:type\" content=\"article\" \/>\n<meta property=\"og:title\" content=\"Tuita\u00e7o e lives marcam campanha no Dia Nacional da Ado\u00e7\u00e3o - Jornal Fatos e Not\u00edcias\" \/>\n<meta property=\"og:description\" content=\"Data \u00e9 celebrada nesta segunda-feira Com quase 34 mil crian\u00e7as \u00e0 espera de ado\u00e7\u00e3o em abrigos no Pa\u00eds, um tuita\u00e7o, organizado pelo Conselho Nacional de Justi\u00e7a (CNJ), com a participa\u00e7\u00e3o de celebridades, est\u00e1 entre as a\u00e7\u00f5es programadas para marcar o Dia Nacional da Ado\u00e7\u00e3o nesta segunda-feira (25).Usando a hastag #Adotar\u00c9Amor, a a\u00e7\u00e3o come\u00e7a \u00e0s 15h [&hellip;]\" \/>\n<meta property=\"og:url\" content=\"https:\/\/jornalfatosenoticias.com.br\/index.php\/2020\/05\/25\/tuitaco-e-lives-marcam-campanha-no-dia-nacional-da-adocao\/\" \/>\n<meta property=\"og:site_name\" content=\"Jornal Fatos e Not\u00edcias\" \/>\n<meta property=\"article:published_time\" content=\"2020-05-25T12:58:23+00:00\" \/>\n<meta property=\"article:modified_time\" content=\"2020-05-25T13:01:41+00:00\" \/>\n<meta property=\"og:image\" content=\"https:\/\/jornalfatosenoticias.com.br\/wp-content\/uploads\/2020\/05\/adocao.jpg\" \/>\n\t<meta property=\"og:image:width\" content=\"1000\" \/>\n\t<meta property=\"og:image:height\" content=\"598\" \/>\n\t<meta property=\"og:image:type\" content=\"image\/jpeg\" \/>\n<meta name=\"author\" content=\"Luzimara Fernandes\" \/>\n<meta name=\"twitter:card\" content=\"summary_large_image\" \/>\n<meta name=\"twitter:label1\" content=\"Escrito por\" \/>\n\t<meta name=\"twitter:data1\" content=\"Luzimara Fernandes\" \/>\n\t<meta name=\"twitter:label2\" content=\"Est. tempo de leitura\" \/>\n\t<meta name=\"twitter:data2\" content=\"3 minutos\" \/>\n<script type=\"application\/ld+json\" class=\"yoast-schema-graph\">{\"@context\":\"https:\/\/schema.org\",\"@graph\":[{\"@type\":\"Article\",\"@id\":\"https:\/\/jornalfatosenoticias.com.br\/index.php\/2020\/05\/25\/tuitaco-e-lives-marcam-campanha-no-dia-nacional-da-adocao\/#article\",\"isPartOf\":{\"@id\":\"https:\/\/jornalfatosenoticias.com.br\/index.php\/2020\/05\/25\/tuitaco-e-lives-marcam-campanha-no-dia-nacional-da-adocao\/\"},\"author\":{\"name\":\"Luzimara Fernandes\",\"@id\":\"https:\/\/jornalfatosenoticias.com.br\/#\/schema\/person\/d63837fa13ac8666eb9e74e0985d6f81\"},\"headline\":\"Tuita\u00e7o e lives marcam campanha no Dia Nacional da Ado\u00e7\u00e3o\",\"datePublished\":\"2020-05-25T12:58:23+00:00\",\"dateModified\":\"2020-05-25T13:01:41+00:00\",\"mainEntityOfPage\":{\"@id\":\"https:\/\/jornalfatosenoticias.com.br\/index.php\/2020\/05\/25\/tuitaco-e-lives-marcam-campanha-no-dia-nacional-da-adocao\/\"},\"wordCount\":709,\"commentCount\":0,\"publisher\":{\"@id\":\"https:\/\/jornalfatosenoticias.com.br\/#organization\"},\"image\":{\"@id\":\"https:\/\/jornalfatosenoticias.com.br\/index.php\/2020\/05\/25\/tuitaco-e-lives-marcam-campanha-no-dia-nacional-da-adocao\/#primaryimage\"},\"thumbnailUrl\":\"https:\/\/jornalfatosenoticias.com.br\/wp-content\/uploads\/2020\/05\/adocao.jpg\",\"keywords\":[\"ado\u00e7\u00e3o\",\"campanha\",\"CCJ\",\"CNJ\/SNA\",\"Dia Nacional da Ado\u00e7\u00e3o\",\"ECA\"],\"articleSection\":[\"Geral\"],\"inLanguage\":\"pt-BR\",\"potentialAction\":[{\"@type\":\"CommentAction\",\"name\":\"Comment\",\"target\":[\"https:\/\/jornalfatosenoticias.com.br\/index.php\/2020\/05\/25\/tuitaco-e-lives-marcam-campanha-no-dia-nacional-da-adocao\/#respond\"]}]},{\"@type\":\"WebPage\",\"@id\":\"https:\/\/jornalfatosenoticias.com.br\/index.php\/2020\/05\/25\/tuitaco-e-lives-marcam-campanha-no-dia-nacional-da-adocao\/\",\"url\":\"https:\/\/jornalfatosenoticias.com.br\/index.php\/2020\/05\/25\/tuitaco-e-lives-marcam-campanha-no-dia-nacional-da-adocao\/\",\"name\":\"Tuita\u00e7o e lives marcam campanha no Dia Nacional da Ado\u00e7\u00e3o - Jornal Fatos e Not\u00edcias\",\"isPartOf\":{\"@id\":\"https:\/\/jornalfatosenoticias.com.br\/#website\"},\"primaryImageOfPage\":{\"@id\":\"https:\/\/jornalfatosenoticias.com.br\/index.php\/2020\/05\/25\/tuitaco-e-lives-marcam-campanha-no-dia-nacional-da-adocao\/#primaryimage\"},\"image\":{\"@id\":\"https:\/\/jornalfatosenoticias.com.br\/index.php\/2020\/05\/25\/tuitaco-e-lives-marcam-campanha-no-dia-nacional-da-adocao\/#primaryimage\"},\"thumbnailUrl\":\"https:\/\/jornalfatosenoticias.com.br\/wp-content\/uploads\/2020\/05\/adocao.jpg\",\"datePublished\":\"2020-05-25T12:58:23+00:00\",\"dateModified\":\"2020-05-25T13:01:41+00:00\",\"breadcrumb\":{\"@id\":\"https:\/\/jornalfatosenoticias.com.br\/index.php\/2020\/05\/25\/tuitaco-e-lives-marcam-campanha-no-dia-nacional-da-adocao\/#breadcrumb\"},\"inLanguage\":\"pt-BR\",\"potentialAction\":[{\"@type\":\"ReadAction\",\"target\":[\"https:\/\/jornalfatosenoticias.com.br\/index.php\/2020\/05\/25\/tuitaco-e-lives-marcam-campanha-no-dia-nacional-da-adocao\/\"]}]},{\"@type\":\"ImageObject\",\"inLanguage\":\"pt-BR\",\"@id\":\"https:\/\/jornalfatosenoticias.com.br\/index.php\/2020\/05\/25\/tuitaco-e-lives-marcam-campanha-no-dia-nacional-da-adocao\/#primaryimage\",\"url\":\"https:\/\/jornalfatosenoticias.com.br\/wp-content\/uploads\/2020\/05\/adocao.jpg\",\"contentUrl\":\"https:\/\/jornalfatosenoticias.com.br\/wp-content\/uploads\/2020\/05\/adocao.jpg\",\"width\":1000,\"height\":598},{\"@type\":\"BreadcrumbList\",\"@id\":\"https:\/\/jornalfatosenoticias.com.br\/index.php\/2020\/05\/25\/tuitaco-e-lives-marcam-campanha-no-dia-nacional-da-adocao\/#breadcrumb\",\"itemListElement\":[{\"@type\":\"ListItem\",\"position\":1,\"name\":\"In\u00edcio\",\"item\":\"https:\/\/jornalfatosenoticias.com.br\/\"},{\"@type\":\"ListItem\",\"position\":2,\"name\":\"Tuita\u00e7o e lives marcam campanha no Dia Nacional da Ado\u00e7\u00e3o\"}]},{\"@type\":\"WebSite\",\"@id\":\"https:\/\/jornalfatosenoticias.com.br\/#website\",\"url\":\"https:\/\/jornalfatosenoticias.com.br\/\",\"name\":\"Jornal Fatos e Not\u00edcias\",\"description\":\"Not\u00edcias em geral\",\"publisher\":{\"@id\":\"https:\/\/jornalfatosenoticias.com.br\/#organization\"},\"potentialAction\":[{\"@type\":\"SearchAction\",\"target\":{\"@type\":\"EntryPoint\",\"urlTemplate\":\"https:\/\/jornalfatosenoticias.com.br\/?s={search_term_string}\"},\"query-input\":{\"@type\":\"PropertyValueSpecification\",\"valueRequired\":true,\"valueName\":\"search_term_string\"}}],\"inLanguage\":\"pt-BR\"},{\"@type\":\"Organization\",\"@id\":\"https:\/\/jornalfatosenoticias.com.br\/#organization\",\"name\":\"Jornal Fatos e Not\u00edcias\",\"url\":\"https:\/\/jornalfatosenoticias.com.br\/\",\"logo\":{\"@type\":\"ImageObject\",\"inLanguage\":\"pt-BR\",\"@id\":\"https:\/\/jornalfatosenoticias.com.br\/#\/schema\/logo\/image\/\",\"url\":\"https:\/\/jornalfatosenoticias.com.br\/wp-content\/uploads\/2020\/02\/logo120.png\",\"contentUrl\":\"https:\/\/jornalfatosenoticias.com.br\/wp-content\/uploads\/2020\/02\/logo120.png\",\"width\":1227,\"height\":120,\"caption\":\"Jornal Fatos e Not\u00edcias\"},\"image\":{\"@id\":\"https:\/\/jornalfatosenoticias.com.br\/#\/schema\/logo\/image\/\"}},{\"@type\":\"Person\",\"@id\":\"https:\/\/jornalfatosenoticias.com.br\/#\/schema\/person\/d63837fa13ac8666eb9e74e0985d6f81\",\"name\":\"Luzimara Fernandes\",\"image\":{\"@type\":\"ImageObject\",\"inLanguage\":\"pt-BR\",\"@id\":\"https:\/\/jornalfatosenoticias.com.br\/#\/schema\/person\/image\/\",\"url\":\"https:\/\/jornalfatosenoticias.com.br\/wp-content\/uploads\/2025\/05\/EU_portal.jpg\",\"contentUrl\":\"https:\/\/jornalfatosenoticias.com.br\/wp-content\/uploads\/2025\/05\/EU_portal.jpg\",\"caption\":\"Luzimara Fernandes\"},\"description\":\"Jornalista MTB 2358-ES\",\"sameAs\":[\"https:\/\/jornalfatosenoticias.com.br\"],\"url\":\"https:\/\/jornalfatosenoticias.com.br\/index.php\/author\/luzimara\/\"}]}<\/script>\n<!-- \/ Yoast SEO plugin. -->","yoast_head_json":{"title":"Tuita\u00e7o e lives marcam campanha no Dia Nacional da Ado\u00e7\u00e3o - Jornal Fatos e Not\u00edcias","robots":{"index":"index","follow":"follow","max-snippet":"max-snippet:-1","max-image-preview":"max-image-preview:large","max-video-preview":"max-video-preview:-1"},"canonical":"https:\/\/jornalfatosenoticias.com.br\/index.php\/2020\/05\/25\/tuitaco-e-lives-marcam-campanha-no-dia-nacional-da-adocao\/","og_locale":"pt_BR","og_type":"article","og_title":"Tuita\u00e7o e lives marcam campanha no Dia Nacional da Ado\u00e7\u00e3o - Jornal Fatos e Not\u00edcias","og_description":"Data \u00e9 celebrada nesta segunda-feira Com quase 34 mil crian\u00e7as \u00e0 espera de ado\u00e7\u00e3o em abrigos no Pa\u00eds, um tuita\u00e7o, organizado pelo Conselho Nacional de Justi\u00e7a (CNJ), com a participa\u00e7\u00e3o de celebridades, est\u00e1 entre as a\u00e7\u00f5es programadas para marcar o Dia Nacional da Ado\u00e7\u00e3o nesta segunda-feira (25).Usando a hastag #Adotar\u00c9Amor, a a\u00e7\u00e3o come\u00e7a \u00e0s 15h [&hellip;]","og_url":"https:\/\/jornalfatosenoticias.com.br\/index.php\/2020\/05\/25\/tuitaco-e-lives-marcam-campanha-no-dia-nacional-da-adocao\/","og_site_name":"Jornal Fatos e Not\u00edcias","article_published_time":"2020-05-25T12:58:23+00:00","article_modified_time":"2020-05-25T13:01:41+00:00","og_image":[{"width":1000,"height":598,"url":"https:\/\/jornalfatosenoticias.com.br\/wp-content\/uploads\/2020\/05\/adocao.jpg","type":"image\/jpeg"}],"author":"Luzimara Fernandes","twitter_card":"summary_large_image","twitter_misc":{"Escrito por":"Luzimara Fernandes","Est. tempo de leitura":"3 minutos"},"schema":{"@context":"https:\/\/schema.org","@graph":[{"@type":"Article","@id":"https:\/\/jornalfatosenoticias.com.br\/index.php\/2020\/05\/25\/tuitaco-e-lives-marcam-campanha-no-dia-nacional-da-adocao\/#article","isPartOf":{"@id":"https:\/\/jornalfatosenoticias.com.br\/index.php\/2020\/05\/25\/tuitaco-e-lives-marcam-campanha-no-dia-nacional-da-adocao\/"},"author":{"name":"Luzimara Fernandes","@id":"https:\/\/jornalfatosenoticias.com.br\/#\/schema\/person\/d63837fa13ac8666eb9e74e0985d6f81"},"headline":"Tuita\u00e7o e lives marcam campanha no Dia Nacional da Ado\u00e7\u00e3o","datePublished":"2020-05-25T12:58:23+00:00","dateModified":"2020-05-25T13:01:41+00:00","mainEntityOfPage":{"@id":"https:\/\/jornalfatosenoticias.com.br\/index.php\/2020\/05\/25\/tuitaco-e-lives-marcam-campanha-no-dia-nacional-da-adocao\/"},"wordCount":709,"commentCount":0,"publisher":{"@id":"https:\/\/jornalfatosenoticias.com.br\/#organization"},"image":{"@id":"https:\/\/jornalfatosenoticias.com.br\/index.php\/2020\/05\/25\/tuitaco-e-lives-marcam-campanha-no-dia-nacional-da-adocao\/#primaryimage"},"thumbnailUrl":"https:\/\/jornalfatosenoticias.com.br\/wp-content\/uploads\/2020\/05\/adocao.jpg","keywords":["ado\u00e7\u00e3o","campanha","CCJ","CNJ\/SNA","Dia Nacional da Ado\u00e7\u00e3o","ECA"],"articleSection":["Geral"],"inLanguage":"pt-BR","potentialAction":[{"@type":"CommentAction","name":"Comment","target":["https:\/\/jornalfatosenoticias.com.br\/index.php\/2020\/05\/25\/tuitaco-e-lives-marcam-campanha-no-dia-nacional-da-adocao\/#respond"]}]},{"@type":"WebPage","@id":"https:\/\/jornalfatosenoticias.com.br\/index.php\/2020\/05\/25\/tuitaco-e-lives-marcam-campanha-no-dia-nacional-da-adocao\/","url":"https:\/\/jornalfatosenoticias.com.br\/index.php\/2020\/05\/25\/tuitaco-e-lives-marcam-campanha-no-dia-nacional-da-adocao\/","name":"Tuita\u00e7o e lives marcam campanha no Dia Nacional da Ado\u00e7\u00e3o - Jornal Fatos e Not\u00edcias","isPartOf":{"@id":"https:\/\/jornalfatosenoticias.com.br\/#website"},"primaryImageOfPage":{"@id":"https:\/\/jornalfatosenoticias.com.br\/index.php\/2020\/05\/25\/tuitaco-e-lives-marcam-campanha-no-dia-nacional-da-adocao\/#primaryimage"},"image":{"@id":"https:\/\/jornalfatosenoticias.com.br\/index.php\/2020\/05\/25\/tuitaco-e-lives-marcam-campanha-no-dia-nacional-da-adocao\/#primaryimage"},"thumbnailUrl":"https:\/\/jornalfatosenoticias.com.br\/wp-content\/uploads\/2020\/05\/adocao.jpg","datePublished":"2020-05-25T12:58:23+00:00","dateModified":"2020-05-25T13:01:41+00:00","breadcrumb":{"@id":"https:\/\/jornalfatosenoticias.com.br\/index.php\/2020\/05\/25\/tuitaco-e-lives-marcam-campanha-no-dia-nacional-da-adocao\/#breadcrumb"},"inLanguage":"pt-BR","potentialAction":[{"@type":"ReadAction","target":["https:\/\/jornalfatosenoticias.com.br\/index.php\/2020\/05\/25\/tuitaco-e-lives-marcam-campanha-no-dia-nacional-da-adocao\/"]}]},{"@type":"ImageObject","inLanguage":"pt-BR","@id":"https:\/\/jornalfatosenoticias.com.br\/index.php\/2020\/05\/25\/tuitaco-e-lives-marcam-campanha-no-dia-nacional-da-adocao\/#primaryimage","url":"https:\/\/jornalfatosenoticias.com.br\/wp-content\/uploads\/2020\/05\/adocao.jpg","contentUrl":"https:\/\/jornalfatosenoticias.com.br\/wp-content\/uploads\/2020\/05\/adocao.jpg","width":1000,"height":598},{"@type":"BreadcrumbList","@id":"https:\/\/jornalfatosenoticias.com.br\/index.php\/2020\/05\/25\/tuitaco-e-lives-marcam-campanha-no-dia-nacional-da-adocao\/#breadcrumb","itemListElement":[{"@type":"ListItem","position":1,"name":"In\u00edcio","item":"https:\/\/jornalfatosenoticias.com.br\/"},{"@type":"ListItem","position":2,"name":"Tuita\u00e7o e lives marcam campanha no Dia Nacional da Ado\u00e7\u00e3o"}]},{"@type":"WebSite","@id":"https:\/\/jornalfatosenoticias.com.br\/#website","url":"https:\/\/jornalfatosenoticias.com.br\/","name":"Jornal Fatos e Not\u00edcias","description":"Not\u00edcias em geral","publisher":{"@id":"https:\/\/jornalfatosenoticias.com.br\/#organization"},"potentialAction":[{"@type":"SearchAction","target":{"@type":"EntryPoint","urlTemplate":"https:\/\/jornalfatosenoticias.com.br\/?s={search_term_string}"},"query-input":{"@type":"PropertyValueSpecification","valueRequired":true,"valueName":"search_term_string"}}],"inLanguage":"pt-BR"},{"@type":"Organization","@id":"https:\/\/jornalfatosenoticias.com.br\/#organization","name":"Jornal Fatos e Not\u00edcias","url":"https:\/\/jornalfatosenoticias.com.br\/","logo":{"@type":"ImageObject","inLanguage":"pt-BR","@id":"https:\/\/jornalfatosenoticias.com.br\/#\/schema\/logo\/image\/","url":"https:\/\/jornalfatosenoticias.com.br\/wp-content\/uploads\/2020\/02\/logo120.png","contentUrl":"https:\/\/jornalfatosenoticias.com.br\/wp-content\/uploads\/2020\/02\/logo120.png","width":1227,"height":120,"caption":"Jornal Fatos e Not\u00edcias"},"image":{"@id":"https:\/\/jornalfatosenoticias.com.br\/#\/schema\/logo\/image\/"}},{"@type":"Person","@id":"https:\/\/jornalfatosenoticias.com.br\/#\/schema\/person\/d63837fa13ac8666eb9e74e0985d6f81","name":"Luzimara Fernandes","image":{"@type":"ImageObject","inLanguage":"pt-BR","@id":"https:\/\/jornalfatosenoticias.com.br\/#\/schema\/person\/image\/","url":"https:\/\/jornalfatosenoticias.com.br\/wp-content\/uploads\/2025\/05\/EU_portal.jpg","contentUrl":"https:\/\/jornalfatosenoticias.com.br\/wp-content\/uploads\/2025\/05\/EU_portal.jpg","caption":"Luzimara Fernandes"},"description":"Jornalista MTB 2358-ES","sameAs":["https:\/\/jornalfatosenoticias.com.br"],"url":"https:\/\/jornalfatosenoticias.com.br\/index.php\/author\/luzimara\/"}]}},"cc_featured_image_caption":{"caption_text":"Beb\u00ea em abrigo para ado\u00e7\u00e3o","source_text":"","source_url":""},"jetpack_featured_media_url":"https:\/\/jornalfatosenoticias.com.br\/wp-content\/uploads\/2020\/05\/adocao.jpg","_links":{"self":[{"href":"https:\/\/jornalfatosenoticias.com.br\/index.php\/wp-json\/wp\/v2\/posts\/4844","targetHints":{"allow":["GET"]}}],"collection":[{"href":"https:\/\/jornalfatosenoticias.com.br\/index.php\/wp-json\/wp\/v2\/posts"}],"about":[{"href":"https:\/\/jornalfatosenoticias.com.br\/index.php\/wp-json\/wp\/v2\/types\/post"}],"author":[{"embeddable":true,"href":"https:\/\/jornalfatosenoticias.com.br\/index.php\/wp-json\/wp\/v2\/users\/2"}],"replies":[{"embeddable":true,"href":"https:\/\/jornalfatosenoticias.com.br\/index.php\/wp-json\/wp\/v2\/comments?post=4844"}],"version-history":[{"count":0,"href":"https:\/\/jornalfatosenoticias.com.br\/index.php\/wp-json\/wp\/v2\/posts\/4844\/revisions"}],"wp:featuredmedia":[{"embeddable":true,"href":"https:\/\/jornalfatosenoticias.com.br\/index.php\/wp-json\/wp\/v2\/media\/4845"}],"wp:attachment":[{"href":"https:\/\/jornalfatosenoticias.com.br\/index.php\/wp-json\/wp\/v2\/media?parent=4844"}],"wp:term":[{"taxonomy":"category","embeddable":true,"href":"https:\/\/jornalfatosenoticias.com.br\/index.php\/wp-json\/wp\/v2\/categories?post=4844"},{"taxonomy":"post_tag","embeddable":true,"href":"https:\/\/jornalfatosenoticias.com.br\/index.php\/wp-json\/wp\/v2\/tags?post=4844"}],"curies":[{"name":"wp","href":"https:\/\/api.w.org\/{rel}","templated":true}]}}