{"id":48474,"date":"2024-01-16T10:06:22","date_gmt":"2024-01-16T13:06:22","guid":{"rendered":"https:\/\/jornalfatosenoticias.com.br\/?p=48474"},"modified":"2024-01-16T10:06:23","modified_gmt":"2024-01-16T13:06:23","slug":"vitoria-lanca-chamamento-publico-para-projeto-bandas-escolares","status":"publish","type":"post","link":"https:\/\/jornalfatosenoticias.com.br\/index.php\/2024\/01\/16\/vitoria-lanca-chamamento-publico-para-projeto-bandas-escolares\/","title":{"rendered":"Vit\u00f3ria lan\u00e7a Chamamento P\u00fablico para projeto Bandas Escolares"},"content":{"rendered":"\n<p><span class=\"has-inline-color has-black-color\">Por <strong>Mariana Santos<\/strong><\/span><\/p>\n\n\n\n<div class=\"wp-block-image\"><figure class=\"aligncenter size-large\"><img loading=\"lazy\" decoding=\"async\" width=\"1024\" height=\"100\" src=\"https:\/\/jornalfatosenoticias.com.br\/wp-content\/uploads\/2022\/05\/NOVA-LOGO-CESCONETTO-1024x100.jpg\" alt=\"\" class=\"wp-image-30792\" srcset=\"https:\/\/jornalfatosenoticias.com.br\/wp-content\/uploads\/2022\/05\/NOVA-LOGO-CESCONETTO-1024x100.jpg 1024w, https:\/\/jornalfatosenoticias.com.br\/wp-content\/uploads\/2022\/05\/NOVA-LOGO-CESCONETTO-300x29.jpg 300w, https:\/\/jornalfatosenoticias.com.br\/wp-content\/uploads\/2022\/05\/NOVA-LOGO-CESCONETTO-768x75.jpg 768w, https:\/\/jornalfatosenoticias.com.br\/wp-content\/uploads\/2022\/05\/NOVA-LOGO-CESCONETTO.jpg 1280w\" sizes=\"auto, (max-width: 1024px) 100vw, 1024px\" \/><\/figure><\/div>\n\n\n\n<p>Realizar a\u00e7\u00f5es pedag\u00f3gicas estruturantes para o desenvolvimento do projeto de educa\u00e7\u00e3o musical, proporcionando acesso \u00e0s aulas de teoria e percep\u00e7\u00e3o musical. Com esse objetivo, o Munic\u00edpio de Vit\u00f3ria, por meio da Secretaria Municipal de Educa\u00e7\u00e3o (Seme), torna p\u00fablico o Edital de Chamamento P\u00fablico que visa \u00e0 sele\u00e7\u00e3o de propostas para celebra\u00e7\u00e3o de Termo de Colabora\u00e7\u00e3o com Organiza\u00e7\u00f5es da Sociedade Civil (OSCs), para o atendimento aos estudantes integrantes do projeto &#8220;Bandas Escolares&#8221; da Seme.<br>Por meio do edital, tamb\u00e9m ser\u00e3o poss\u00edveis aulas de instrumentos musicais, espa\u00e7os-tempo qualificados para o exerc\u00edcio musical, amparados por media\u00e7\u00e3o docente especializada para o ensino, e fomento de pr\u00e1ticas musicais em conjunto, aplicando-se as compet\u00eancias desenvolvidas e contribuindo para a forma\u00e7\u00e3o integral dos estudantes.<\/p>\n\n\n\n<div class=\"wp-block-image\"><figure class=\"aligncenter size-large is-resized\"><img loading=\"lazy\" decoding=\"async\" src=\"https:\/\/jornalfatosenoticias.com.br\/wp-content\/uploads\/2023\/03\/logo-Panper_portal.jpg\" alt=\"\" class=\"wp-image-40208\" width=\"334\" height=\"231\" srcset=\"https:\/\/jornalfatosenoticias.com.br\/wp-content\/uploads\/2023\/03\/logo-Panper_portal.jpg 400w, https:\/\/jornalfatosenoticias.com.br\/wp-content\/uploads\/2023\/03\/logo-Panper_portal-300x208.jpg 300w\" sizes=\"auto, (max-width: 334px) 100vw, 334px\" \/><\/figure><\/div>\n\n\n\n<p>O Edital e seus anexos est\u00e3o disponibilizados na \u00edntegra no Portal de Documenta\u00e7\u00e3o Oficial da PMV e podem ser acessados por meio do link dispon\u00edvel <a href=\"https:\/\/sistemas.vitoria.es.gov.br\/docOficial\/?query=editais\">aqui<\/a>, at\u00e9 ao meio-dia do primeiro dia \u00fatil subsequente \u00e0 publica\u00e7\u00e3o.<br>As OSCs interessadas dever\u00e3o apresentar a proposta na forma do Item 6 do Edital, no Portal do Protocolo Virtual do Munic\u00edpio de Vit\u00f3ria, at\u00e9 as 23h59min do trig\u00e9simo dia a contar da data de disponibiliza\u00e7\u00e3o deste Edital e seus anexos, no Portal de Documenta\u00e7\u00e3o Oficial da PMV.<\/p>\n\n\n\n<div class=\"wp-block-image\"><figure class=\"aligncenter size-large is-resized\"><img loading=\"lazy\" decoding=\"async\" src=\"https:\/\/jornalfatosenoticias.com.br\/wp-content\/uploads\/2024\/01\/consultoria-ambiental.jpg\" alt=\"\" class=\"wp-image-48314\" width=\"408\" height=\"369\" srcset=\"https:\/\/jornalfatosenoticias.com.br\/wp-content\/uploads\/2024\/01\/consultoria-ambiental.jpg 832w, https:\/\/jornalfatosenoticias.com.br\/wp-content\/uploads\/2024\/01\/consultoria-ambiental-300x272.jpg 300w, https:\/\/jornalfatosenoticias.com.br\/wp-content\/uploads\/2024\/01\/consultoria-ambiental-768x696.jpg 768w\" sizes=\"auto, (max-width: 408px) 100vw, 408px\" \/><\/figure><\/div>\n\n\n\n<p>A proposta deve ser cadastrada sob o Assunto: &#8220;Proposta de chamamento p\u00fablico \u2014 Geral&#8221;; \u00f3rg\u00e3o de destino: Seme\/GAB; e, no campo &#8220;Resumo da solicita\u00e7\u00e3o&#8221; identificar como &#8220;Proposta Chamamento P\u00fablico \u2014 Edital 01\/2024&#8221;.<br>Pedidos de informa\u00e7\u00f5es e esclarecimentos dever\u00e3o ser dirigidos \u00e0 Comiss\u00e3o de Sele\u00e7\u00e3o atrav\u00e9s do e-mail: <a href=\"mailto:ccc@seme.vitoria.es.gov.br\">ccc@seme.vitoria.es.gov.br<\/a>, em at\u00e9 10 (dez) dias \u00fateis anteriores \u00e0 data limite de envio de proposta.<\/p>\n\n\n\n<div class=\"wp-block-image\"><figure class=\"aligncenter size-large is-resized\"><img loading=\"lazy\" decoding=\"async\" src=\"https:\/\/jornalfatosenoticias.com.br\/wp-content\/uploads\/2020\/02\/LOGO-BLU-COMERCIAL-PRETO-1024x600.jpg\" alt=\"\" class=\"wp-image-44089\" width=\"350\" height=\"204\"\/><\/figure><\/div>\n\n\n\n<p><strong><em>Fonte: <a href=\"https:\/\/www.vitoria.es.gov.br\/noticia\/educacao-vitoria-lanca-chamamento-publico-para-projeto-bandas-escolares-49718\">PMV<\/a><\/em><\/strong><\/p>\n","protected":false},"excerpt":{"rendered":"<p>Por Mariana Santos Realizar a\u00e7\u00f5es pedag\u00f3gicas estruturantes para o desenvolvimento do projeto de educa\u00e7\u00e3o musical, proporcionando acesso \u00e0s aulas de teoria e percep\u00e7\u00e3o musical. Com esse objetivo, o Munic\u00edpio de Vit\u00f3ria, por meio da Secretaria Municipal de Educa\u00e7\u00e3o (Seme), torna p\u00fablico o Edital de Chamamento P\u00fablico que visa \u00e0 sele\u00e7\u00e3o de propostas para celebra\u00e7\u00e3o de [&hellip;]<\/p>\n","protected":false},"author":2,"featured_media":48475,"comment_status":"open","ping_status":"open","sticky":false,"template":"","format":"standard","meta":{"footnotes":""},"categories":[7],"tags":[22541,17970,22542,2562],"class_list":["post-48474","post","type-post","status-publish","format-standard","has-post-thumbnail","hentry","category-educacao","tag-bandas-escolares","tag-chamamento-publico","tag-educacao-musical","tag-prefeitura-de-vitoria"],"yoast_head":"<!-- This site is optimized with the Yoast SEO plugin v26.5 - https:\/\/yoast.com\/wordpress\/plugins\/seo\/ -->\n<title>Vit\u00f3ria lan\u00e7a Chamamento P\u00fablico para projeto Bandas Escolares - Jornal Fatos e Not\u00edcias<\/title>\n<meta name=\"robots\" content=\"index, follow, max-snippet:-1, max-image-preview:large, max-video-preview:-1\" \/>\n<link rel=\"canonical\" href=\"https:\/\/jornalfatosenoticias.com.br\/index.php\/2024\/01\/16\/vitoria-lanca-chamamento-publico-para-projeto-bandas-escolares\/\" \/>\n<meta property=\"og:locale\" content=\"pt_BR\" \/>\n<meta property=\"og:type\" content=\"article\" \/>\n<meta property=\"og:title\" content=\"Vit\u00f3ria lan\u00e7a Chamamento P\u00fablico para projeto Bandas Escolares - Jornal Fatos e Not\u00edcias\" \/>\n<meta property=\"og:description\" content=\"Por Mariana Santos Realizar a\u00e7\u00f5es pedag\u00f3gicas estruturantes para o desenvolvimento do projeto de educa\u00e7\u00e3o musical, proporcionando acesso \u00e0s aulas de teoria e percep\u00e7\u00e3o musical. Com esse objetivo, o Munic\u00edpio de Vit\u00f3ria, por meio da Secretaria Municipal de Educa\u00e7\u00e3o (Seme), torna p\u00fablico o Edital de Chamamento P\u00fablico que visa \u00e0 sele\u00e7\u00e3o de propostas para celebra\u00e7\u00e3o de [&hellip;]\" \/>\n<meta property=\"og:url\" content=\"https:\/\/jornalfatosenoticias.com.br\/index.php\/2024\/01\/16\/vitoria-lanca-chamamento-publico-para-projeto-bandas-escolares\/\" \/>\n<meta property=\"og:site_name\" content=\"Jornal Fatos e Not\u00edcias\" \/>\n<meta property=\"article:published_time\" content=\"2024-01-16T13:06:22+00:00\" \/>\n<meta property=\"article:modified_time\" content=\"2024-01-16T13:06:23+00:00\" \/>\n<meta property=\"og:image\" content=\"https:\/\/jornalfatosenoticias.com.br\/wp-content\/uploads\/2024\/01\/bandas-escolares_vitoria.jpg\" \/>\n\t<meta property=\"og:image:width\" content=\"800\" \/>\n\t<meta property=\"og:image:height\" content=\"534\" \/>\n\t<meta property=\"og:image:type\" content=\"image\/jpeg\" \/>\n<meta name=\"author\" content=\"Luzimara Fernandes\" \/>\n<meta name=\"twitter:card\" content=\"summary_large_image\" \/>\n<meta name=\"twitter:label1\" content=\"Escrito por\" \/>\n\t<meta name=\"twitter:data1\" content=\"Luzimara Fernandes\" \/>\n\t<meta name=\"twitter:label2\" content=\"Est. tempo de leitura\" \/>\n\t<meta name=\"twitter:data2\" content=\"2 minutos\" \/>\n<script type=\"application\/ld+json\" class=\"yoast-schema-graph\">{\"@context\":\"https:\/\/schema.org\",\"@graph\":[{\"@type\":\"Article\",\"@id\":\"https:\/\/jornalfatosenoticias.com.br\/index.php\/2024\/01\/16\/vitoria-lanca-chamamento-publico-para-projeto-bandas-escolares\/#article\",\"isPartOf\":{\"@id\":\"https:\/\/jornalfatosenoticias.com.br\/index.php\/2024\/01\/16\/vitoria-lanca-chamamento-publico-para-projeto-bandas-escolares\/\"},\"author\":{\"name\":\"Luzimara Fernandes\",\"@id\":\"https:\/\/jornalfatosenoticias.com.br\/#\/schema\/person\/d63837fa13ac8666eb9e74e0985d6f81\"},\"headline\":\"Vit\u00f3ria lan\u00e7a Chamamento P\u00fablico para projeto Bandas Escolares\",\"datePublished\":\"2024-01-16T13:06:22+00:00\",\"dateModified\":\"2024-01-16T13:06:23+00:00\",\"mainEntityOfPage\":{\"@id\":\"https:\/\/jornalfatosenoticias.com.br\/index.php\/2024\/01\/16\/vitoria-lanca-chamamento-publico-para-projeto-bandas-escolares\/\"},\"wordCount\":317,\"commentCount\":0,\"publisher\":{\"@id\":\"https:\/\/jornalfatosenoticias.com.br\/#organization\"},\"image\":{\"@id\":\"https:\/\/jornalfatosenoticias.com.br\/index.php\/2024\/01\/16\/vitoria-lanca-chamamento-publico-para-projeto-bandas-escolares\/#primaryimage\"},\"thumbnailUrl\":\"https:\/\/jornalfatosenoticias.com.br\/wp-content\/uploads\/2024\/01\/bandas-escolares_vitoria.jpg\",\"keywords\":[\"bandas escolares\",\"chamamento p\u00fablico\",\"educa\u00e7\u00e3o musical\",\"Prefeitura de Vit\u00f3ria\"],\"articleSection\":[\"Educa\u00e7\u00e3o\"],\"inLanguage\":\"pt-BR\",\"potentialAction\":[{\"@type\":\"CommentAction\",\"name\":\"Comment\",\"target\":[\"https:\/\/jornalfatosenoticias.com.br\/index.php\/2024\/01\/16\/vitoria-lanca-chamamento-publico-para-projeto-bandas-escolares\/#respond\"]}]},{\"@type\":\"WebPage\",\"@id\":\"https:\/\/jornalfatosenoticias.com.br\/index.php\/2024\/01\/16\/vitoria-lanca-chamamento-publico-para-projeto-bandas-escolares\/\",\"url\":\"https:\/\/jornalfatosenoticias.com.br\/index.php\/2024\/01\/16\/vitoria-lanca-chamamento-publico-para-projeto-bandas-escolares\/\",\"name\":\"Vit\u00f3ria lan\u00e7a Chamamento P\u00fablico para projeto Bandas Escolares - Jornal Fatos e Not\u00edcias\",\"isPartOf\":{\"@id\":\"https:\/\/jornalfatosenoticias.com.br\/#website\"},\"primaryImageOfPage\":{\"@id\":\"https:\/\/jornalfatosenoticias.com.br\/index.php\/2024\/01\/16\/vitoria-lanca-chamamento-publico-para-projeto-bandas-escolares\/#primaryimage\"},\"image\":{\"@id\":\"https:\/\/jornalfatosenoticias.com.br\/index.php\/2024\/01\/16\/vitoria-lanca-chamamento-publico-para-projeto-bandas-escolares\/#primaryimage\"},\"thumbnailUrl\":\"https:\/\/jornalfatosenoticias.com.br\/wp-content\/uploads\/2024\/01\/bandas-escolares_vitoria.jpg\",\"datePublished\":\"2024-01-16T13:06:22+00:00\",\"dateModified\":\"2024-01-16T13:06:23+00:00\",\"breadcrumb\":{\"@id\":\"https:\/\/jornalfatosenoticias.com.br\/index.php\/2024\/01\/16\/vitoria-lanca-chamamento-publico-para-projeto-bandas-escolares\/#breadcrumb\"},\"inLanguage\":\"pt-BR\",\"potentialAction\":[{\"@type\":\"ReadAction\",\"target\":[\"https:\/\/jornalfatosenoticias.com.br\/index.php\/2024\/01\/16\/vitoria-lanca-chamamento-publico-para-projeto-bandas-escolares\/\"]}]},{\"@type\":\"ImageObject\",\"inLanguage\":\"pt-BR\",\"@id\":\"https:\/\/jornalfatosenoticias.com.br\/index.php\/2024\/01\/16\/vitoria-lanca-chamamento-publico-para-projeto-bandas-escolares\/#primaryimage\",\"url\":\"https:\/\/jornalfatosenoticias.com.br\/wp-content\/uploads\/2024\/01\/bandas-escolares_vitoria.jpg\",\"contentUrl\":\"https:\/\/jornalfatosenoticias.com.br\/wp-content\/uploads\/2024\/01\/bandas-escolares_vitoria.jpg\",\"width\":800,\"height\":534,\"caption\":\"Banda na Escola - EMEFTI Isaura Marques da Silva\"},{\"@type\":\"BreadcrumbList\",\"@id\":\"https:\/\/jornalfatosenoticias.com.br\/index.php\/2024\/01\/16\/vitoria-lanca-chamamento-publico-para-projeto-bandas-escolares\/#breadcrumb\",\"itemListElement\":[{\"@type\":\"ListItem\",\"position\":1,\"name\":\"In\u00edcio\",\"item\":\"https:\/\/jornalfatosenoticias.com.br\/\"},{\"@type\":\"ListItem\",\"position\":2,\"name\":\"Vit\u00f3ria lan\u00e7a Chamamento P\u00fablico para projeto Bandas Escolares\"}]},{\"@type\":\"WebSite\",\"@id\":\"https:\/\/jornalfatosenoticias.com.br\/#website\",\"url\":\"https:\/\/jornalfatosenoticias.com.br\/\",\"name\":\"Jornal Fatos e Not\u00edcias\",\"description\":\"Not\u00edcias em geral\",\"publisher\":{\"@id\":\"https:\/\/jornalfatosenoticias.com.br\/#organization\"},\"potentialAction\":[{\"@type\":\"SearchAction\",\"target\":{\"@type\":\"EntryPoint\",\"urlTemplate\":\"https:\/\/jornalfatosenoticias.com.br\/?s={search_term_string}\"},\"query-input\":{\"@type\":\"PropertyValueSpecification\",\"valueRequired\":true,\"valueName\":\"search_term_string\"}}],\"inLanguage\":\"pt-BR\"},{\"@type\":\"Organization\",\"@id\":\"https:\/\/jornalfatosenoticias.com.br\/#organization\",\"name\":\"Jornal Fatos e Not\u00edcias\",\"url\":\"https:\/\/jornalfatosenoticias.com.br\/\",\"logo\":{\"@type\":\"ImageObject\",\"inLanguage\":\"pt-BR\",\"@id\":\"https:\/\/jornalfatosenoticias.com.br\/#\/schema\/logo\/image\/\",\"url\":\"https:\/\/jornalfatosenoticias.com.br\/wp-content\/uploads\/2020\/02\/logo120.png\",\"contentUrl\":\"https:\/\/jornalfatosenoticias.com.br\/wp-content\/uploads\/2020\/02\/logo120.png\",\"width\":1227,\"height\":120,\"caption\":\"Jornal Fatos e Not\u00edcias\"},\"image\":{\"@id\":\"https:\/\/jornalfatosenoticias.com.br\/#\/schema\/logo\/image\/\"}},{\"@type\":\"Person\",\"@id\":\"https:\/\/jornalfatosenoticias.com.br\/#\/schema\/person\/d63837fa13ac8666eb9e74e0985d6f81\",\"name\":\"Luzimara Fernandes\",\"image\":{\"@type\":\"ImageObject\",\"inLanguage\":\"pt-BR\",\"@id\":\"https:\/\/jornalfatosenoticias.com.br\/#\/schema\/person\/image\/\",\"url\":\"https:\/\/jornalfatosenoticias.com.br\/wp-content\/uploads\/2025\/05\/EU_portal.jpg\",\"contentUrl\":\"https:\/\/jornalfatosenoticias.com.br\/wp-content\/uploads\/2025\/05\/EU_portal.jpg\",\"caption\":\"Luzimara Fernandes\"},\"description\":\"Jornalista MTB 2358-ES\",\"sameAs\":[\"https:\/\/jornalfatosenoticias.com.br\"],\"url\":\"https:\/\/jornalfatosenoticias.com.br\/index.php\/author\/luzimara\/\"}]}<\/script>\n<!-- \/ Yoast SEO plugin. -->","yoast_head_json":{"title":"Vit\u00f3ria lan\u00e7a Chamamento P\u00fablico para projeto Bandas Escolares - Jornal Fatos e Not\u00edcias","robots":{"index":"index","follow":"follow","max-snippet":"max-snippet:-1","max-image-preview":"max-image-preview:large","max-video-preview":"max-video-preview:-1"},"canonical":"https:\/\/jornalfatosenoticias.com.br\/index.php\/2024\/01\/16\/vitoria-lanca-chamamento-publico-para-projeto-bandas-escolares\/","og_locale":"pt_BR","og_type":"article","og_title":"Vit\u00f3ria lan\u00e7a Chamamento P\u00fablico para projeto Bandas Escolares - Jornal Fatos e Not\u00edcias","og_description":"Por Mariana Santos Realizar a\u00e7\u00f5es pedag\u00f3gicas estruturantes para o desenvolvimento do projeto de educa\u00e7\u00e3o musical, proporcionando acesso \u00e0s aulas de teoria e percep\u00e7\u00e3o musical. Com esse objetivo, o Munic\u00edpio de Vit\u00f3ria, por meio da Secretaria Municipal de Educa\u00e7\u00e3o (Seme), torna p\u00fablico o Edital de Chamamento P\u00fablico que visa \u00e0 sele\u00e7\u00e3o de propostas para celebra\u00e7\u00e3o de [&hellip;]","og_url":"https:\/\/jornalfatosenoticias.com.br\/index.php\/2024\/01\/16\/vitoria-lanca-chamamento-publico-para-projeto-bandas-escolares\/","og_site_name":"Jornal Fatos e Not\u00edcias","article_published_time":"2024-01-16T13:06:22+00:00","article_modified_time":"2024-01-16T13:06:23+00:00","og_image":[{"width":800,"height":534,"url":"https:\/\/jornalfatosenoticias.com.br\/wp-content\/uploads\/2024\/01\/bandas-escolares_vitoria.jpg","type":"image\/jpeg"}],"author":"Luzimara Fernandes","twitter_card":"summary_large_image","twitter_misc":{"Escrito por":"Luzimara Fernandes","Est. tempo de leitura":"2 minutos"},"schema":{"@context":"https:\/\/schema.org","@graph":[{"@type":"Article","@id":"https:\/\/jornalfatosenoticias.com.br\/index.php\/2024\/01\/16\/vitoria-lanca-chamamento-publico-para-projeto-bandas-escolares\/#article","isPartOf":{"@id":"https:\/\/jornalfatosenoticias.com.br\/index.php\/2024\/01\/16\/vitoria-lanca-chamamento-publico-para-projeto-bandas-escolares\/"},"author":{"name":"Luzimara Fernandes","@id":"https:\/\/jornalfatosenoticias.com.br\/#\/schema\/person\/d63837fa13ac8666eb9e74e0985d6f81"},"headline":"Vit\u00f3ria lan\u00e7a Chamamento P\u00fablico para projeto Bandas Escolares","datePublished":"2024-01-16T13:06:22+00:00","dateModified":"2024-01-16T13:06:23+00:00","mainEntityOfPage":{"@id":"https:\/\/jornalfatosenoticias.com.br\/index.php\/2024\/01\/16\/vitoria-lanca-chamamento-publico-para-projeto-bandas-escolares\/"},"wordCount":317,"commentCount":0,"publisher":{"@id":"https:\/\/jornalfatosenoticias.com.br\/#organization"},"image":{"@id":"https:\/\/jornalfatosenoticias.com.br\/index.php\/2024\/01\/16\/vitoria-lanca-chamamento-publico-para-projeto-bandas-escolares\/#primaryimage"},"thumbnailUrl":"https:\/\/jornalfatosenoticias.com.br\/wp-content\/uploads\/2024\/01\/bandas-escolares_vitoria.jpg","keywords":["bandas escolares","chamamento p\u00fablico","educa\u00e7\u00e3o musical","Prefeitura de Vit\u00f3ria"],"articleSection":["Educa\u00e7\u00e3o"],"inLanguage":"pt-BR","potentialAction":[{"@type":"CommentAction","name":"Comment","target":["https:\/\/jornalfatosenoticias.com.br\/index.php\/2024\/01\/16\/vitoria-lanca-chamamento-publico-para-projeto-bandas-escolares\/#respond"]}]},{"@type":"WebPage","@id":"https:\/\/jornalfatosenoticias.com.br\/index.php\/2024\/01\/16\/vitoria-lanca-chamamento-publico-para-projeto-bandas-escolares\/","url":"https:\/\/jornalfatosenoticias.com.br\/index.php\/2024\/01\/16\/vitoria-lanca-chamamento-publico-para-projeto-bandas-escolares\/","name":"Vit\u00f3ria lan\u00e7a Chamamento P\u00fablico para projeto Bandas Escolares - Jornal Fatos e Not\u00edcias","isPartOf":{"@id":"https:\/\/jornalfatosenoticias.com.br\/#website"},"primaryImageOfPage":{"@id":"https:\/\/jornalfatosenoticias.com.br\/index.php\/2024\/01\/16\/vitoria-lanca-chamamento-publico-para-projeto-bandas-escolares\/#primaryimage"},"image":{"@id":"https:\/\/jornalfatosenoticias.com.br\/index.php\/2024\/01\/16\/vitoria-lanca-chamamento-publico-para-projeto-bandas-escolares\/#primaryimage"},"thumbnailUrl":"https:\/\/jornalfatosenoticias.com.br\/wp-content\/uploads\/2024\/01\/bandas-escolares_vitoria.jpg","datePublished":"2024-01-16T13:06:22+00:00","dateModified":"2024-01-16T13:06:23+00:00","breadcrumb":{"@id":"https:\/\/jornalfatosenoticias.com.br\/index.php\/2024\/01\/16\/vitoria-lanca-chamamento-publico-para-projeto-bandas-escolares\/#breadcrumb"},"inLanguage":"pt-BR","potentialAction":[{"@type":"ReadAction","target":["https:\/\/jornalfatosenoticias.com.br\/index.php\/2024\/01\/16\/vitoria-lanca-chamamento-publico-para-projeto-bandas-escolares\/"]}]},{"@type":"ImageObject","inLanguage":"pt-BR","@id":"https:\/\/jornalfatosenoticias.com.br\/index.php\/2024\/01\/16\/vitoria-lanca-chamamento-publico-para-projeto-bandas-escolares\/#primaryimage","url":"https:\/\/jornalfatosenoticias.com.br\/wp-content\/uploads\/2024\/01\/bandas-escolares_vitoria.jpg","contentUrl":"https:\/\/jornalfatosenoticias.com.br\/wp-content\/uploads\/2024\/01\/bandas-escolares_vitoria.jpg","width":800,"height":534,"caption":"Banda na Escola - EMEFTI Isaura Marques da Silva"},{"@type":"BreadcrumbList","@id":"https:\/\/jornalfatosenoticias.com.br\/index.php\/2024\/01\/16\/vitoria-lanca-chamamento-publico-para-projeto-bandas-escolares\/#breadcrumb","itemListElement":[{"@type":"ListItem","position":1,"name":"In\u00edcio","item":"https:\/\/jornalfatosenoticias.com.br\/"},{"@type":"ListItem","position":2,"name":"Vit\u00f3ria lan\u00e7a Chamamento P\u00fablico para projeto Bandas Escolares"}]},{"@type":"WebSite","@id":"https:\/\/jornalfatosenoticias.com.br\/#website","url":"https:\/\/jornalfatosenoticias.com.br\/","name":"Jornal Fatos e Not\u00edcias","description":"Not\u00edcias em geral","publisher":{"@id":"https:\/\/jornalfatosenoticias.com.br\/#organization"},"potentialAction":[{"@type":"SearchAction","target":{"@type":"EntryPoint","urlTemplate":"https:\/\/jornalfatosenoticias.com.br\/?s={search_term_string}"},"query-input":{"@type":"PropertyValueSpecification","valueRequired":true,"valueName":"search_term_string"}}],"inLanguage":"pt-BR"},{"@type":"Organization","@id":"https:\/\/jornalfatosenoticias.com.br\/#organization","name":"Jornal Fatos e Not\u00edcias","url":"https:\/\/jornalfatosenoticias.com.br\/","logo":{"@type":"ImageObject","inLanguage":"pt-BR","@id":"https:\/\/jornalfatosenoticias.com.br\/#\/schema\/logo\/image\/","url":"https:\/\/jornalfatosenoticias.com.br\/wp-content\/uploads\/2020\/02\/logo120.png","contentUrl":"https:\/\/jornalfatosenoticias.com.br\/wp-content\/uploads\/2020\/02\/logo120.png","width":1227,"height":120,"caption":"Jornal Fatos e Not\u00edcias"},"image":{"@id":"https:\/\/jornalfatosenoticias.com.br\/#\/schema\/logo\/image\/"}},{"@type":"Person","@id":"https:\/\/jornalfatosenoticias.com.br\/#\/schema\/person\/d63837fa13ac8666eb9e74e0985d6f81","name":"Luzimara Fernandes","image":{"@type":"ImageObject","inLanguage":"pt-BR","@id":"https:\/\/jornalfatosenoticias.com.br\/#\/schema\/person\/image\/","url":"https:\/\/jornalfatosenoticias.com.br\/wp-content\/uploads\/2025\/05\/EU_portal.jpg","contentUrl":"https:\/\/jornalfatosenoticias.com.br\/wp-content\/uploads\/2025\/05\/EU_portal.jpg","caption":"Luzimara Fernandes"},"description":"Jornalista MTB 2358-ES","sameAs":["https:\/\/jornalfatosenoticias.com.br"],"url":"https:\/\/jornalfatosenoticias.com.br\/index.php\/author\/luzimara\/"}]}},"cc_featured_image_caption":{"caption_text":"(Foto: Carlos Antolini\/PMV)","source_text":"","source_url":""},"jetpack_featured_media_url":"https:\/\/jornalfatosenoticias.com.br\/wp-content\/uploads\/2024\/01\/bandas-escolares_vitoria.jpg","_links":{"self":[{"href":"https:\/\/jornalfatosenoticias.com.br\/index.php\/wp-json\/wp\/v2\/posts\/48474","targetHints":{"allow":["GET"]}}],"collection":[{"href":"https:\/\/jornalfatosenoticias.com.br\/index.php\/wp-json\/wp\/v2\/posts"}],"about":[{"href":"https:\/\/jornalfatosenoticias.com.br\/index.php\/wp-json\/wp\/v2\/types\/post"}],"author":[{"embeddable":true,"href":"https:\/\/jornalfatosenoticias.com.br\/index.php\/wp-json\/wp\/v2\/users\/2"}],"replies":[{"embeddable":true,"href":"https:\/\/jornalfatosenoticias.com.br\/index.php\/wp-json\/wp\/v2\/comments?post=48474"}],"version-history":[{"count":0,"href":"https:\/\/jornalfatosenoticias.com.br\/index.php\/wp-json\/wp\/v2\/posts\/48474\/revisions"}],"wp:featuredmedia":[{"embeddable":true,"href":"https:\/\/jornalfatosenoticias.com.br\/index.php\/wp-json\/wp\/v2\/media\/48475"}],"wp:attachment":[{"href":"https:\/\/jornalfatosenoticias.com.br\/index.php\/wp-json\/wp\/v2\/media?parent=48474"}],"wp:term":[{"taxonomy":"category","embeddable":true,"href":"https:\/\/jornalfatosenoticias.com.br\/index.php\/wp-json\/wp\/v2\/categories?post=48474"},{"taxonomy":"post_tag","embeddable":true,"href":"https:\/\/jornalfatosenoticias.com.br\/index.php\/wp-json\/wp\/v2\/tags?post=48474"}],"curies":[{"name":"wp","href":"https:\/\/api.w.org\/{rel}","templated":true}]}}