{"id":48500,"date":"2024-01-16T14:29:27","date_gmt":"2024-01-16T17:29:27","guid":{"rendered":"https:\/\/jornalfatosenoticias.com.br\/?p=48500"},"modified":"2024-01-16T14:29:28","modified_gmt":"2024-01-16T17:29:28","slug":"pacheco-negocia-com-haddad-para-evitar-ruptura-e-desagrada-oposicao","status":"publish","type":"post","link":"https:\/\/jornalfatosenoticias.com.br\/index.php\/2024\/01\/16\/pacheco-negocia-com-haddad-para-evitar-ruptura-e-desagrada-oposicao\/","title":{"rendered":"Pacheco negocia com Haddad para evitar ruptura e desagrada oposi\u00e7\u00e3o"},"content":{"rendered":"\n<p><em><span class=\"has-inline-color has-black-color\">O presidente do Senado, Rodrigo Pacheco, recebeu em sua resid\u00eancia oficial o ministro da Fazenda, Fernando Haddad, para discutir a MP que reonera a folha de sal\u00e1rios<\/span><\/em><\/p>\n\n\n\n<p><span class=\"has-inline-color has-black-color\">Por <strong><a href=\"https:\/\/www.gazetadopovo.com.br\/autor\/silvio-ribas\/\">S\u00edlvio Ribas<\/a><\/strong><\/span><\/p>\n\n\n\n<div class=\"wp-block-image\"><figure class=\"aligncenter size-large\"><img loading=\"lazy\" decoding=\"async\" width=\"729\" height=\"90\" src=\"https:\/\/jornalfatosenoticias.com.br\/wp-content\/uploads\/2020\/02\/Logo_Mizu.png\" alt=\"\" class=\"wp-image-1441\" srcset=\"https:\/\/jornalfatosenoticias.com.br\/wp-content\/uploads\/2020\/02\/Logo_Mizu.png 729w, https:\/\/jornalfatosenoticias.com.br\/wp-content\/uploads\/2020\/02\/Logo_Mizu-300x37.png 300w\" sizes=\"auto, (max-width: 729px) 100vw, 729px\" \/><\/figure><\/div>\n\n\n\n<p>A decis\u00e3o do presidente do Congresso, senador Rodrigo Pacheco (PSD-MG), de iniciar negocia\u00e7\u00f5es diretas com o ministro Fernando Haddad (Fazenda) sobre o destino da Medida Provis\u00f3ria (MP 1202\/2023) que reonera a folha de sal\u00e1rios de 17 setores econ\u00f4micos foi tomada com o objetivo de evitar conflito ainda mais profundo entre os poderes. Em vez de ceder \u00e0s press\u00f5es de parlamentares e empresas que pediam a devolu\u00e7\u00e3o imediata e integral da MP, Pacheco optou por buscar uma solu\u00e7\u00e3o negociada em conjunto com Haddad e, depois, com o presidente da C\u00e2mara, Arthur Lira (PP-AL).<br>A sua decis\u00e3o visa manter de p\u00e9 o compromisso com o governo com sua ousada meta fiscal e, ainda, n\u00e3o ferir as prerrogativas legislativas, reconhecendo a import\u00e2ncia de tentar encontrar um consenso para ambos os lados. Enquanto n\u00e3o produz resultados, ela vem, contudo, desagradando a oposi\u00e7\u00e3o. O assunto j\u00e1 foi judicializado pelo Partido Novo, que questionou a MP no Supremo Tribunal Federal (STF), e o governo j\u00e1 amea\u00e7ou apelar \u00e0 mesma Corte caso a sua iniciativa seja derrubada. O advogado-geral da Uni\u00e3o (AGU), Jorge Messias, e o ministro da Fazenda j\u00e1 revelaram essa inten\u00e7\u00e3o, sob o argumento de que a Reforma da Previd\u00eancia, de 2019, impede a prorroga\u00e7\u00e3o dos benef\u00edcios fiscais para os setores j\u00e1 contemplados. Outra poss\u00edvel motiva\u00e7\u00e3o de Pacheco ao decidir negociar seria tentar evitar que a decis\u00e3o final seja tomada pelo Supremo.<\/p>\n\n\n\n<div class=\"wp-block-image\"><figure class=\"aligncenter size-large\"><img decoding=\"async\" src=\"https:\/\/jornalfatosenoticias.com.br\/wp-content\/uploads\/2020\/02\/logo_esteio.jpg\" alt=\"\" class=\"wp-image-1214\"\/><\/figure><\/div>\n\n\n\n<p>Ap\u00f3s duas horas de reuni\u00e3o entre Pacheco e Haddad no in\u00edcio da noite desta segunda-feira (15), na resid\u00eancia oficial da Presid\u00eancia do Senado, a equipe do ministro levou a miss\u00e3o de reelaborar a Medida Provis\u00f3ria para ser reeditada em um formato capaz ao menos ser discutida pelos parlamentares. O l\u00edder do governo no Senado, Jaques Wagner (PT), participou da reuni\u00e3o e confirmou a inten\u00e7\u00e3o do Planalto de produzir uma alternativa negociada nos pr\u00f3ximos dias, admitindo a necessidade do aval de Lira. O encontro contou tamb\u00e9m com a presen\u00e7a do secret\u00e1rio-executivo da Fazenda, Dario Durigan.<\/p>\n\n\n\n<div class=\"wp-block-image\"><figure class=\"aligncenter size-large is-resized\"><img loading=\"lazy\" decoding=\"async\" src=\"https:\/\/jornalfatosenoticias.com.br\/wp-content\/uploads\/2020\/02\/logo-Rapuzel-1024x571.jpg\" alt=\"\" class=\"wp-image-42808\" width=\"348\" height=\"194\" srcset=\"https:\/\/jornalfatosenoticias.com.br\/wp-content\/uploads\/2020\/02\/logo-Rapuzel-1024x571.jpg 1024w, https:\/\/jornalfatosenoticias.com.br\/wp-content\/uploads\/2020\/02\/logo-Rapuzel-300x167.jpg 300w, https:\/\/jornalfatosenoticias.com.br\/wp-content\/uploads\/2020\/02\/logo-Rapuzel-768x428.jpg 768w, https:\/\/jornalfatosenoticias.com.br\/wp-content\/uploads\/2020\/02\/logo-Rapuzel-1536x856.jpg 1536w, https:\/\/jornalfatosenoticias.com.br\/wp-content\/uploads\/2020\/02\/logo-Rapuzel.jpg 1600w\" sizes=\"auto, (max-width: 348px) 100vw, 348px\" \/><\/figure><\/div>\n\n\n\n<p>Segundo pol\u00edticos e analistas ouvidos pela <strong>Gazeta do Povo,<\/strong> o governo est\u00e1 sendo for\u00e7ado a ceder ap\u00f3s mostrar insatisfa\u00e7\u00e3o por n\u00e3o conseguir dominar a agenda legislativa, inclusive em quest\u00f5es or\u00e7ament\u00e1rias. Em reuni\u00e3o com os l\u00edderes das bancadas no Senado semana passada, Pacheco ouviu pedidos pela devolu\u00e7\u00e3o imediata da MP, mesmo que parcialmente, revelando um clima geral de animosidade. O maior receio do governo \u00e9 que a simples rejei\u00e7\u00e3o \u00e0 medida e a sua substitui\u00e7\u00e3o por um projeto de lei adie o aumento da carga tribut\u00e1ria sobre a folha para 2025, caso seja aprovado.<\/p>\n\n\n\n<div class=\"wp-block-image\"><figure class=\"aligncenter size-large\"><img loading=\"lazy\" decoding=\"async\" width=\"300\" height=\"250\" src=\"https:\/\/jornalfatosenoticias.com.br\/wp-content\/uploads\/2022\/02\/FERRARI_MAQUINAS-E-FERRAMENTAS2.jpg\" alt=\"\" class=\"wp-image-27860\"\/><\/figure><\/div>\n\n\n\n<p>Em dezembro, o Congresso derrubou o veto de Luiz In\u00e1cio Lula da Silva (PT) \u00e0 desonera\u00e7\u00e3o da folha e promulgou a lei que estica a desonera\u00e7\u00e3o dos setores at\u00e9 2017. Apesar disso, Haddad e Lula apelaram para a inesperada e controversa \u201cprorroga\u00e7\u00e3o do veto\u201d. O alerta dos 17 setores sobre os riscos de demiss\u00f5es provocadas pela volta da cobran\u00e7a de impostos sobre a folha de sal\u00e1rios foi ignorado pelo Planalto.<\/p>\n\n\n\n<div class=\"wp-block-image\"><figure class=\"aligncenter size-large is-resized\"><img loading=\"lazy\" decoding=\"async\" src=\"https:\/\/jornalfatosenoticias.com.br\/wp-content\/uploads\/2020\/02\/LOGO-BLU-COMERCIAL-PRETO-1024x600.jpg\" alt=\"\" class=\"wp-image-44089\" width=\"336\" height=\"196\"\/><\/figure><\/div>\n\n\n\n<p><strong><span class=\"has-inline-color has-vivid-red-color\">Tentativa de prorrogar o veto \u00e0 desonera\u00e7\u00e3o irritou o Congresso<br><\/span><\/strong>Para o cientista pol\u00edtico Ismael Almeida, Pacheco buscou a alternativa do di\u00e1logo enquanto ainda havia tempo para n\u00e3o ser for\u00e7ado a devolver a Medida Provis\u00f3ria. \u201cA devolu\u00e7\u00e3o traria um problema pol\u00edtico grave e, por isso, a negocia\u00e7\u00e3o acabou ganhando for\u00e7a como caminho vi\u00e1vel\u201d, disse. O especialista explicou que a indisposi\u00e7\u00e3o de senadores e de deputados ficou rapidamente evidente e generalizada porque o Congresso acabara de definir posi\u00e7\u00e3o ao derrubar o veto do governo para impedir a continuidade da desonera\u00e7\u00e3o.<\/p>\n\n\n\n<div class=\"wp-block-image\"><figure class=\"aligncenter size-large is-resized\"><img loading=\"lazy\" decoding=\"async\" src=\"https:\/\/jornalfatosenoticias.com.br\/wp-content\/uploads\/2022\/02\/Precisao-Contabilidade-1024x724.jpg\" alt=\"\" class=\"wp-image-28088\" width=\"356\" height=\"252\"\/><\/figure><\/div>\n\n\n\n<blockquote class=\"wp-block-quote is-layout-flow wp-block-quote-is-layout-flow\"><p><span class=\"has-inline-color has-luminous-vivid-orange-color\">Na vis\u00e3o da maioria do Parlamento, o governo deveria deixar esse assunto intoc\u00e1vel, ou, no m\u00e1ximo, enviar um projeto de lei somente nesse ano de 2024, logo ap\u00f3s a retomada dos trabalhos legislativos, para assim reabrir a discuss\u00e3o sobre o tema de maneira correta\u201d, sublinhou.<\/span><\/p><\/blockquote>\n\n\n\n<div class=\"wp-block-image\"><figure class=\"aligncenter size-large is-resized\"><img loading=\"lazy\" decoding=\"async\" src=\"https:\/\/jornalfatosenoticias.com.br\/wp-content\/uploads\/2020\/02\/nova-logo-Marquetti.jpg\" alt=\"\" class=\"wp-image-22331\" width=\"310\" height=\"208\" srcset=\"https:\/\/jornalfatosenoticias.com.br\/wp-content\/uploads\/2020\/02\/nova-logo-Marquetti.jpg 643w, https:\/\/jornalfatosenoticias.com.br\/wp-content\/uploads\/2020\/02\/nova-logo-Marquetti-300x202.jpg 300w\" sizes=\"auto, (max-width: 310px) 100vw, 310px\" \/><\/figure><\/div>\n\n\n\n<p>Nos dias que se seguiram \u00e0 edi\u00e7\u00e3o da Medida Provis\u00f3ria t\u00e9cnicos da equipe econ\u00f4mica do governo fizeram simula\u00e7\u00f5es do impacto anual da desonera\u00e7\u00e3o, estimada inicialmente em R$ 9 bilh\u00f5es. Pacheco, por sua vez, avaliou propor a Haddad um plano de corte de gastos, o que vem sendo descartado desde a posse de Lula. A MP, que entrar\u00e1 efetivamente em vigor em abril, foi apresentada pelo governo com o objetivo expl\u00edcito de recuperar receitas e \u201cfechar as contas\u201d de 2024. Sem sequer tramitar no Congresso, seu texto ergueu fortes e imediatas resist\u00eancias de pol\u00edticos e dos setores econ\u00f4micos que mais empregam, como t\u00eaxtil, vestu\u00e1rio, constru\u00e7\u00e3o, call center e transportes. A <strong>Gazeta do Povo<\/strong> \u00e9 uma das empresas que se beneficia com a desonera\u00e7\u00e3o.<\/p>\n\n\n\n<div class=\"wp-block-image\"><figure class=\"aligncenter size-large is-resized\"><img loading=\"lazy\" decoding=\"async\" src=\"https:\/\/jornalfatosenoticias.com.br\/wp-content\/uploads\/2023\/03\/logo-Panper_portal.jpg\" alt=\"\" class=\"wp-image-40208\" width=\"302\" height=\"209\" srcset=\"https:\/\/jornalfatosenoticias.com.br\/wp-content\/uploads\/2023\/03\/logo-Panper_portal.jpg 400w, https:\/\/jornalfatosenoticias.com.br\/wp-content\/uploads\/2023\/03\/logo-Panper_portal-300x208.jpg 300w\" sizes=\"auto, (max-width: 302px) 100vw, 302px\" \/><\/figure><\/div>\n\n\n\n<p>Na desonera\u00e7\u00e3o, as empresas pagam contribui\u00e7\u00e3o previdenci\u00e1ria com 1% a 4,5% da receita bruta \u2014 e n\u00e3o o padr\u00e3o de 20% sobre a folha. A medida do governo prev\u00ea desonera\u00e7\u00e3o menor e seletiva dos setores, com descontos de 25% a 50% na contribui\u00e7\u00e3o patronal recolhida apenas sobre o primeiro sal\u00e1rio-m\u00ednimo de seus funcion\u00e1rios.<\/p>\n\n\n\n<div class=\"wp-block-image\"><figure class=\"aligncenter size-large is-resized\"><img loading=\"lazy\" decoding=\"async\" src=\"https:\/\/jornalfatosenoticias.com.br\/wp-content\/uploads\/2023\/08\/BKR-1024x1021.jpg\" alt=\"\" class=\"wp-image-44494\" width=\"312\" height=\"311\" srcset=\"https:\/\/jornalfatosenoticias.com.br\/wp-content\/uploads\/2023\/08\/BKR-1024x1021.jpg 1024w, https:\/\/jornalfatosenoticias.com.br\/wp-content\/uploads\/2023\/08\/BKR-300x300.jpg 300w, https:\/\/jornalfatosenoticias.com.br\/wp-content\/uploads\/2023\/08\/BKR-150x150.jpg 150w, https:\/\/jornalfatosenoticias.com.br\/wp-content\/uploads\/2023\/08\/BKR-768x766.jpg 768w, https:\/\/jornalfatosenoticias.com.br\/wp-content\/uploads\/2023\/08\/BKR.jpg 1080w\" sizes=\"auto, (max-width: 312px) 100vw, 312px\" \/><\/figure><\/div>\n\n\n\n<p><strong><span class=\"has-inline-color has-vivid-red-color\">Haddad ter\u00e1 de debater tributos com pol\u00edticos e setor produtivo<br><\/span><\/strong>O esfor\u00e7o pol\u00edtico para encontrar alternativa negociada para o Congresso reabrir o tema ter\u00e1 de ser redobrado nas pr\u00f3ximas semanas, mas n\u00e3o ser\u00e1 resolvido antes do fim do recesso parlamentar. O governo j\u00e1 admite a possibilidade e at\u00e9 prev\u00ea realiza\u00e7\u00e3o de audi\u00eancias p\u00fablicas para avaliar o m\u00e9rito da Medida Provis\u00f3ria e negociar com o setor privado uma transi\u00e7\u00e3o para o fim do benef\u00edcio criado em 2012 no governo Dilma Rousseff (PT).<br>Na sua \u00faltima manifesta\u00e7\u00e3o \u00e0 imprensa, Haddad disse que sua meta \u00e9 \u201cencontrar alternativa ao Or\u00e7amento aprovado e impedir a sua captura por grupos de interesse\u201d.<\/p>\n\n\n\n<div class=\"wp-block-image\"><figure class=\"aligncenter size-large is-resized\"><img loading=\"lazy\" decoding=\"async\" src=\"https:\/\/jornalfatosenoticias.com.br\/wp-content\/uploads\/2022\/10\/RC_800x750_page-0001.jpg\" alt=\"\" class=\"wp-image-35338\" width=\"305\" height=\"286\" srcset=\"https:\/\/jornalfatosenoticias.com.br\/wp-content\/uploads\/2022\/10\/RC_800x750_page-0001.jpg 400w, https:\/\/jornalfatosenoticias.com.br\/wp-content\/uploads\/2022\/10\/RC_800x750_page-0001-300x281.jpg 300w\" sizes=\"auto, (max-width: 305px) 100vw, 305px\" \/><\/figure><\/div>\n\n\n\n<blockquote class=\"wp-block-quote is-layout-flow wp-block-quote-is-layout-flow\"><p><span class=\"has-inline-color has-luminous-vivid-orange-color\">Quando se faz ren\u00fancia fiscal, tem que compensar\u201d, protestou. Parlamentares questionam a postura do ministro, lembrando que a desonera\u00e7\u00e3o j\u00e1 ocorre h\u00e1 mais de uma d\u00e9cada, tornando-a previs\u00edvel.<\/span><\/p><\/blockquote>\n\n\n\n<div class=\"wp-block-image\"><figure class=\"aligncenter size-large is-resized\"><img loading=\"lazy\" decoding=\"async\" src=\"https:\/\/jornalfatosenoticias.com.br\/wp-content\/uploads\/2020\/02\/LOGO-BLU-COMERCIAL-PRETO-1024x600.jpg\" alt=\"\" class=\"wp-image-44089\" width=\"353\" height=\"206\"\/><\/figure><\/div>\n\n\n\n<p>Para o autor do projeto para prorrogar a desonera\u00e7\u00e3o, senador Efraim Filho (Uni\u00e3o Brasil-PB), o governo deveria aproveitar a agenda legislativa de 2024 para resolver a quest\u00e3o do al\u00edvio sobre a folha de sal\u00e1rios no \u00e2mbito da segunda etapa da Reforma Tribut\u00e1ria, quando trata da tributa\u00e7\u00e3o sobre o patrim\u00f4nio e, sobretudo, sobre a renda. Essa seria uma solu\u00e7\u00e3o definitiva para algo que j\u00e1 vem sendo testado.<\/p>\n\n\n\n<div class=\"wp-block-image\"><figure class=\"aligncenter size-large is-resized\"><img loading=\"lazy\" decoding=\"async\" src=\"https:\/\/jornalfatosenoticias.com.br\/wp-content\/uploads\/2020\/02\/CONTROL-CS.jpg\" alt=\"\" class=\"wp-image-44991\" width=\"322\" height=\"386\" srcset=\"https:\/\/jornalfatosenoticias.com.br\/wp-content\/uploads\/2020\/02\/CONTROL-CS.jpg 834w, https:\/\/jornalfatosenoticias.com.br\/wp-content\/uploads\/2020\/02\/CONTROL-CS-250x300.jpg 250w, https:\/\/jornalfatosenoticias.com.br\/wp-content\/uploads\/2020\/02\/CONTROL-CS-768x921.jpg 768w\" sizes=\"auto, (max-width: 322px) 100vw, 322px\" \/><\/figure><\/div>\n\n\n\n<p>De toda forma, o senador considerou inapropriada a Medida Provis\u00f3ria 1202\/2023. \u201cA edi\u00e7\u00e3o da medida provis\u00f3ria contraria decis\u00e3o do Congresso, tomada por ampla maioria de suas duas Casas. Ela certamente enfrentar\u00e1 resist\u00eancias desde a sua largada. Por isso, o ideal \u00e9 que essa proposta viesse por projeto de lei, at\u00e9 mesmo com urg\u00eancia constitucional. Porque d\u00e1 prazo e tempo para que o di\u00e1logo possa ocorrer\u201d, disse.<\/p>\n\n\n\n<div class=\"wp-block-image\"><figure class=\"aligncenter size-large is-resized\"><img loading=\"lazy\" decoding=\"async\" src=\"https:\/\/jornalfatosenoticias.com.br\/wp-content\/uploads\/2024\/01\/consultoria-ambiental.jpg\" alt=\"\" class=\"wp-image-48314\" width=\"318\" height=\"287\" srcset=\"https:\/\/jornalfatosenoticias.com.br\/wp-content\/uploads\/2024\/01\/consultoria-ambiental.jpg 832w, https:\/\/jornalfatosenoticias.com.br\/wp-content\/uploads\/2024\/01\/consultoria-ambiental-300x272.jpg 300w, https:\/\/jornalfatosenoticias.com.br\/wp-content\/uploads\/2024\/01\/consultoria-ambiental-768x696.jpg 768w\" sizes=\"auto, (max-width: 318px) 100vw, 318px\" \/><\/figure><\/div>\n\n\n\n<p><strong><span class=\"has-inline-color has-vivid-red-color\">Tributa\u00e7\u00e3o de compras on-line \u00e9 apresentada como alternativa<br><\/span><\/strong>Para compensar a manuten\u00e7\u00e3o de ao menos parte da desonera\u00e7\u00e3o, ganhou for\u00e7a na mesa de negocia\u00e7\u00e3o nos \u00faltimos dias a proposta de taxar compras de at\u00e9 US$ 50 nas importa\u00e7\u00f5es do com\u00e9rcio eletr\u00f4nico. Hoje, a tributa\u00e7\u00e3o federal sobre essas importa\u00e7\u00f5es est\u00e1 zerada e os consumidores brasileiros pagam apenas ICMS de 17%. Essa possibilidade foi levada para Pacheco, que ainda aguarda n\u00fameros sobre seu impacto fiscal.<\/p>\n\n\n\n<div class=\"wp-block-image\"><figure class=\"aligncenter size-large is-resized\"><img loading=\"lazy\" decoding=\"async\" src=\"https:\/\/jornalfatosenoticias.com.br\/wp-content\/uploads\/2023\/08\/ITH.jpeg\" alt=\"\" class=\"wp-image-44638\" width=\"339\" height=\"275\" srcset=\"https:\/\/jornalfatosenoticias.com.br\/wp-content\/uploads\/2023\/08\/ITH.jpeg 800w, https:\/\/jornalfatosenoticias.com.br\/wp-content\/uploads\/2023\/08\/ITH-300x244.jpeg 300w, https:\/\/jornalfatosenoticias.com.br\/wp-content\/uploads\/2023\/08\/ITH-768x624.jpeg 768w\" sizes=\"auto, (max-width: 339px) 100vw, 339px\" \/><\/figure><\/div>\n\n\n\n<p>A Federa\u00e7\u00e3o das Ind\u00fastrias de Minas Gerais (Fiemg) projeta que o imposto sobre as compras on-line pode garantir de R$ 14,6 bilh\u00f5es a R$ 19,1 bilh\u00f5es aos cofres federais bilh\u00f5es anuais em receitas. Haddad tamb\u00e9m discute internamente a medida, dentro das sinaliza\u00e7\u00f5es de \u201cmedidas complementares\u201d ap\u00f3s a promulga\u00e7\u00e3o da Reforma Tribut\u00e1ria.<\/p>\n\n\n\n<div class=\"wp-block-image\"><figure class=\"aligncenter size-large is-resized\"><img loading=\"lazy\" decoding=\"async\" src=\"https:\/\/jornalfatosenoticias.com.br\/wp-content\/uploads\/2023\/09\/vetorvix1024_1.jpg\" alt=\"\" class=\"wp-image-44868\" width=\"449\" height=\"119\" srcset=\"https:\/\/jornalfatosenoticias.com.br\/wp-content\/uploads\/2023\/09\/vetorvix1024_1.jpg 1024w, https:\/\/jornalfatosenoticias.com.br\/wp-content\/uploads\/2023\/09\/vetorvix1024_1-300x80.jpg 300w, https:\/\/jornalfatosenoticias.com.br\/wp-content\/uploads\/2023\/09\/vetorvix1024_1-768x205.jpg 768w\" sizes=\"auto, (max-width: 449px) 100vw, 449px\" \/><\/figure><\/div>\n\n\n\n<p><strong><em>Fonte: <a href=\"https:\/\/www.gazetadopovo.com.br\/republica\/pacheco-negocia-com-haddad-para-evitar-ruptura-e-desagrada-oposicao\/\">Gazeta do Povo<\/a><\/em><\/strong><\/p>\n","protected":false},"excerpt":{"rendered":"<p>O presidente do Senado, Rodrigo Pacheco, recebeu em sua resid\u00eancia oficial o ministro da Fazenda, Fernando Haddad, para discutir a MP que reonera a folha de sal\u00e1rios Por S\u00edlvio Ribas A decis\u00e3o do presidente do Congresso, senador Rodrigo Pacheco (PSD-MG), de iniciar negocia\u00e7\u00f5es diretas com o ministro Fernando Haddad (Fazenda) sobre o destino da Medida [&hellip;]<\/p>\n","protected":false},"author":2,"featured_media":48501,"comment_status":"open","ping_status":"open","sticky":false,"template":"","format":"standard","meta":{"footnotes":""},"categories":[9],"tags":[10543,982,22551,22550,18155,7580,1975,12860,4046,22305,8580,486,8611],"class_list":["post-48500","post","type-post","status-publish","format-standard","has-post-thumbnail","hentry","category-economia","tag-arthur-lira","tag-camara-dos-deputados","tag-desoneracao-da-folha-de-salarios","tag-efraim-filho","tag-fernando-haddad","tag-lula","tag-receita","tag-reforma-da-previdencia","tag-reforma-tributaria","tag-relacao-entre-os-poderes","tag-rodrigo-pacheco","tag-senado","tag-tributacao"],"yoast_head":"<!-- This site is optimized with the Yoast SEO plugin v26.5 - https:\/\/yoast.com\/wordpress\/plugins\/seo\/ -->\n<title>Pacheco negocia com Haddad para evitar ruptura e desagrada oposi\u00e7\u00e3o - Jornal Fatos e Not\u00edcias<\/title>\n<meta name=\"robots\" content=\"index, follow, max-snippet:-1, max-image-preview:large, max-video-preview:-1\" \/>\n<link rel=\"canonical\" href=\"https:\/\/jornalfatosenoticias.com.br\/index.php\/2024\/01\/16\/pacheco-negocia-com-haddad-para-evitar-ruptura-e-desagrada-oposicao\/\" \/>\n<meta property=\"og:locale\" content=\"pt_BR\" \/>\n<meta property=\"og:type\" content=\"article\" \/>\n<meta property=\"og:title\" content=\"Pacheco negocia com Haddad para evitar ruptura e desagrada oposi\u00e7\u00e3o - Jornal Fatos e Not\u00edcias\" \/>\n<meta property=\"og:description\" content=\"O presidente do Senado, Rodrigo Pacheco, recebeu em sua resid\u00eancia oficial o ministro da Fazenda, Fernando Haddad, para discutir a MP que reonera a folha de sal\u00e1rios Por S\u00edlvio Ribas A decis\u00e3o do presidente do Congresso, senador Rodrigo Pacheco (PSD-MG), de iniciar negocia\u00e7\u00f5es diretas com o ministro Fernando Haddad (Fazenda) sobre o destino da Medida [&hellip;]\" \/>\n<meta property=\"og:url\" content=\"https:\/\/jornalfatosenoticias.com.br\/index.php\/2024\/01\/16\/pacheco-negocia-com-haddad-para-evitar-ruptura-e-desagrada-oposicao\/\" \/>\n<meta property=\"og:site_name\" content=\"Jornal Fatos e Not\u00edcias\" \/>\n<meta property=\"article:published_time\" content=\"2024-01-16T17:29:27+00:00\" \/>\n<meta property=\"article:modified_time\" content=\"2024-01-16T17:29:28+00:00\" \/>\n<meta property=\"og:image\" content=\"https:\/\/jornalfatosenoticias.com.br\/wp-content\/uploads\/2024\/01\/Pacheco-haddad-economia-congresso.jpg\" \/>\n\t<meta property=\"og:image:width\" content=\"860\" \/>\n\t<meta property=\"og:image:height\" content=\"540\" \/>\n\t<meta property=\"og:image:type\" content=\"image\/jpeg\" \/>\n<meta name=\"author\" content=\"Luzimara Fernandes\" \/>\n<meta name=\"twitter:card\" content=\"summary_large_image\" \/>\n<meta name=\"twitter:label1\" content=\"Escrito por\" \/>\n\t<meta name=\"twitter:data1\" content=\"Luzimara Fernandes\" \/>\n\t<meta name=\"twitter:label2\" content=\"Est. tempo de leitura\" \/>\n\t<meta name=\"twitter:data2\" content=\"7 minutos\" \/>\n<script type=\"application\/ld+json\" class=\"yoast-schema-graph\">{\"@context\":\"https:\/\/schema.org\",\"@graph\":[{\"@type\":\"Article\",\"@id\":\"https:\/\/jornalfatosenoticias.com.br\/index.php\/2024\/01\/16\/pacheco-negocia-com-haddad-para-evitar-ruptura-e-desagrada-oposicao\/#article\",\"isPartOf\":{\"@id\":\"https:\/\/jornalfatosenoticias.com.br\/index.php\/2024\/01\/16\/pacheco-negocia-com-haddad-para-evitar-ruptura-e-desagrada-oposicao\/\"},\"author\":{\"name\":\"Luzimara Fernandes\",\"@id\":\"https:\/\/jornalfatosenoticias.com.br\/#\/schema\/person\/d63837fa13ac8666eb9e74e0985d6f81\"},\"headline\":\"Pacheco negocia com Haddad para evitar ruptura e desagrada oposi\u00e7\u00e3o\",\"datePublished\":\"2024-01-16T17:29:27+00:00\",\"dateModified\":\"2024-01-16T17:29:28+00:00\",\"mainEntityOfPage\":{\"@id\":\"https:\/\/jornalfatosenoticias.com.br\/index.php\/2024\/01\/16\/pacheco-negocia-com-haddad-para-evitar-ruptura-e-desagrada-oposicao\/\"},\"wordCount\":1355,\"commentCount\":0,\"publisher\":{\"@id\":\"https:\/\/jornalfatosenoticias.com.br\/#organization\"},\"image\":{\"@id\":\"https:\/\/jornalfatosenoticias.com.br\/index.php\/2024\/01\/16\/pacheco-negocia-com-haddad-para-evitar-ruptura-e-desagrada-oposicao\/#primaryimage\"},\"thumbnailUrl\":\"https:\/\/jornalfatosenoticias.com.br\/wp-content\/uploads\/2024\/01\/Pacheco-haddad-economia-congresso.jpg\",\"keywords\":[\"Arthur Lira\",\"C\u00e2mara dos Deputados\",\"desonera\u00e7\u00e3o da folha de sal\u00e1rios\",\"Efraim Filho\",\"Fernando Haddad\",\"Lula\",\"receita\",\"Reforma da Previd\u00eancia\",\"Reforma Tribut\u00e1ria\",\"rela\u00e7\u00e3o entre os poderes\",\"Rodrigo Pacheco\",\"Senado\",\"tributa\u00e7\u00e3o\"],\"articleSection\":[\"Economia\"],\"inLanguage\":\"pt-BR\",\"potentialAction\":[{\"@type\":\"CommentAction\",\"name\":\"Comment\",\"target\":[\"https:\/\/jornalfatosenoticias.com.br\/index.php\/2024\/01\/16\/pacheco-negocia-com-haddad-para-evitar-ruptura-e-desagrada-oposicao\/#respond\"]}]},{\"@type\":\"WebPage\",\"@id\":\"https:\/\/jornalfatosenoticias.com.br\/index.php\/2024\/01\/16\/pacheco-negocia-com-haddad-para-evitar-ruptura-e-desagrada-oposicao\/\",\"url\":\"https:\/\/jornalfatosenoticias.com.br\/index.php\/2024\/01\/16\/pacheco-negocia-com-haddad-para-evitar-ruptura-e-desagrada-oposicao\/\",\"name\":\"Pacheco negocia com Haddad para evitar ruptura e desagrada oposi\u00e7\u00e3o - Jornal Fatos e Not\u00edcias\",\"isPartOf\":{\"@id\":\"https:\/\/jornalfatosenoticias.com.br\/#website\"},\"primaryImageOfPage\":{\"@id\":\"https:\/\/jornalfatosenoticias.com.br\/index.php\/2024\/01\/16\/pacheco-negocia-com-haddad-para-evitar-ruptura-e-desagrada-oposicao\/#primaryimage\"},\"image\":{\"@id\":\"https:\/\/jornalfatosenoticias.com.br\/index.php\/2024\/01\/16\/pacheco-negocia-com-haddad-para-evitar-ruptura-e-desagrada-oposicao\/#primaryimage\"},\"thumbnailUrl\":\"https:\/\/jornalfatosenoticias.com.br\/wp-content\/uploads\/2024\/01\/Pacheco-haddad-economia-congresso.jpg\",\"datePublished\":\"2024-01-16T17:29:27+00:00\",\"dateModified\":\"2024-01-16T17:29:28+00:00\",\"breadcrumb\":{\"@id\":\"https:\/\/jornalfatosenoticias.com.br\/index.php\/2024\/01\/16\/pacheco-negocia-com-haddad-para-evitar-ruptura-e-desagrada-oposicao\/#breadcrumb\"},\"inLanguage\":\"pt-BR\",\"potentialAction\":[{\"@type\":\"ReadAction\",\"target\":[\"https:\/\/jornalfatosenoticias.com.br\/index.php\/2024\/01\/16\/pacheco-negocia-com-haddad-para-evitar-ruptura-e-desagrada-oposicao\/\"]}]},{\"@type\":\"ImageObject\",\"inLanguage\":\"pt-BR\",\"@id\":\"https:\/\/jornalfatosenoticias.com.br\/index.php\/2024\/01\/16\/pacheco-negocia-com-haddad-para-evitar-ruptura-e-desagrada-oposicao\/#primaryimage\",\"url\":\"https:\/\/jornalfatosenoticias.com.br\/wp-content\/uploads\/2024\/01\/Pacheco-haddad-economia-congresso.jpg\",\"contentUrl\":\"https:\/\/jornalfatosenoticias.com.br\/wp-content\/uploads\/2024\/01\/Pacheco-haddad-economia-congresso.jpg\",\"width\":860,\"height\":540},{\"@type\":\"BreadcrumbList\",\"@id\":\"https:\/\/jornalfatosenoticias.com.br\/index.php\/2024\/01\/16\/pacheco-negocia-com-haddad-para-evitar-ruptura-e-desagrada-oposicao\/#breadcrumb\",\"itemListElement\":[{\"@type\":\"ListItem\",\"position\":1,\"name\":\"In\u00edcio\",\"item\":\"https:\/\/jornalfatosenoticias.com.br\/\"},{\"@type\":\"ListItem\",\"position\":2,\"name\":\"Pacheco negocia com Haddad para evitar ruptura e desagrada oposi\u00e7\u00e3o\"}]},{\"@type\":\"WebSite\",\"@id\":\"https:\/\/jornalfatosenoticias.com.br\/#website\",\"url\":\"https:\/\/jornalfatosenoticias.com.br\/\",\"name\":\"Jornal Fatos e Not\u00edcias\",\"description\":\"Not\u00edcias em geral\",\"publisher\":{\"@id\":\"https:\/\/jornalfatosenoticias.com.br\/#organization\"},\"potentialAction\":[{\"@type\":\"SearchAction\",\"target\":{\"@type\":\"EntryPoint\",\"urlTemplate\":\"https:\/\/jornalfatosenoticias.com.br\/?s={search_term_string}\"},\"query-input\":{\"@type\":\"PropertyValueSpecification\",\"valueRequired\":true,\"valueName\":\"search_term_string\"}}],\"inLanguage\":\"pt-BR\"},{\"@type\":\"Organization\",\"@id\":\"https:\/\/jornalfatosenoticias.com.br\/#organization\",\"name\":\"Jornal Fatos e Not\u00edcias\",\"url\":\"https:\/\/jornalfatosenoticias.com.br\/\",\"logo\":{\"@type\":\"ImageObject\",\"inLanguage\":\"pt-BR\",\"@id\":\"https:\/\/jornalfatosenoticias.com.br\/#\/schema\/logo\/image\/\",\"url\":\"https:\/\/jornalfatosenoticias.com.br\/wp-content\/uploads\/2020\/02\/logo120.png\",\"contentUrl\":\"https:\/\/jornalfatosenoticias.com.br\/wp-content\/uploads\/2020\/02\/logo120.png\",\"width\":1227,\"height\":120,\"caption\":\"Jornal Fatos e Not\u00edcias\"},\"image\":{\"@id\":\"https:\/\/jornalfatosenoticias.com.br\/#\/schema\/logo\/image\/\"}},{\"@type\":\"Person\",\"@id\":\"https:\/\/jornalfatosenoticias.com.br\/#\/schema\/person\/d63837fa13ac8666eb9e74e0985d6f81\",\"name\":\"Luzimara Fernandes\",\"image\":{\"@type\":\"ImageObject\",\"inLanguage\":\"pt-BR\",\"@id\":\"https:\/\/jornalfatosenoticias.com.br\/#\/schema\/person\/image\/\",\"url\":\"https:\/\/jornalfatosenoticias.com.br\/wp-content\/uploads\/2025\/05\/EU_portal.jpg\",\"contentUrl\":\"https:\/\/jornalfatosenoticias.com.br\/wp-content\/uploads\/2025\/05\/EU_portal.jpg\",\"caption\":\"Luzimara Fernandes\"},\"description\":\"Jornalista MTB 2358-ES\",\"sameAs\":[\"https:\/\/jornalfatosenoticias.com.br\"],\"url\":\"https:\/\/jornalfatosenoticias.com.br\/index.php\/author\/luzimara\/\"}]}<\/script>\n<!-- \/ Yoast SEO plugin. -->","yoast_head_json":{"title":"Pacheco negocia com Haddad para evitar ruptura e desagrada oposi\u00e7\u00e3o - Jornal Fatos e Not\u00edcias","robots":{"index":"index","follow":"follow","max-snippet":"max-snippet:-1","max-image-preview":"max-image-preview:large","max-video-preview":"max-video-preview:-1"},"canonical":"https:\/\/jornalfatosenoticias.com.br\/index.php\/2024\/01\/16\/pacheco-negocia-com-haddad-para-evitar-ruptura-e-desagrada-oposicao\/","og_locale":"pt_BR","og_type":"article","og_title":"Pacheco negocia com Haddad para evitar ruptura e desagrada oposi\u00e7\u00e3o - Jornal Fatos e Not\u00edcias","og_description":"O presidente do Senado, Rodrigo Pacheco, recebeu em sua resid\u00eancia oficial o ministro da Fazenda, Fernando Haddad, para discutir a MP que reonera a folha de sal\u00e1rios Por S\u00edlvio Ribas A decis\u00e3o do presidente do Congresso, senador Rodrigo Pacheco (PSD-MG), de iniciar negocia\u00e7\u00f5es diretas com o ministro Fernando Haddad (Fazenda) sobre o destino da Medida [&hellip;]","og_url":"https:\/\/jornalfatosenoticias.com.br\/index.php\/2024\/01\/16\/pacheco-negocia-com-haddad-para-evitar-ruptura-e-desagrada-oposicao\/","og_site_name":"Jornal Fatos e Not\u00edcias","article_published_time":"2024-01-16T17:29:27+00:00","article_modified_time":"2024-01-16T17:29:28+00:00","og_image":[{"width":860,"height":540,"url":"https:\/\/jornalfatosenoticias.com.br\/wp-content\/uploads\/2024\/01\/Pacheco-haddad-economia-congresso.jpg","type":"image\/jpeg"}],"author":"Luzimara Fernandes","twitter_card":"summary_large_image","twitter_misc":{"Escrito por":"Luzimara Fernandes","Est. tempo de leitura":"7 minutos"},"schema":{"@context":"https:\/\/schema.org","@graph":[{"@type":"Article","@id":"https:\/\/jornalfatosenoticias.com.br\/index.php\/2024\/01\/16\/pacheco-negocia-com-haddad-para-evitar-ruptura-e-desagrada-oposicao\/#article","isPartOf":{"@id":"https:\/\/jornalfatosenoticias.com.br\/index.php\/2024\/01\/16\/pacheco-negocia-com-haddad-para-evitar-ruptura-e-desagrada-oposicao\/"},"author":{"name":"Luzimara Fernandes","@id":"https:\/\/jornalfatosenoticias.com.br\/#\/schema\/person\/d63837fa13ac8666eb9e74e0985d6f81"},"headline":"Pacheco negocia com Haddad para evitar ruptura e desagrada oposi\u00e7\u00e3o","datePublished":"2024-01-16T17:29:27+00:00","dateModified":"2024-01-16T17:29:28+00:00","mainEntityOfPage":{"@id":"https:\/\/jornalfatosenoticias.com.br\/index.php\/2024\/01\/16\/pacheco-negocia-com-haddad-para-evitar-ruptura-e-desagrada-oposicao\/"},"wordCount":1355,"commentCount":0,"publisher":{"@id":"https:\/\/jornalfatosenoticias.com.br\/#organization"},"image":{"@id":"https:\/\/jornalfatosenoticias.com.br\/index.php\/2024\/01\/16\/pacheco-negocia-com-haddad-para-evitar-ruptura-e-desagrada-oposicao\/#primaryimage"},"thumbnailUrl":"https:\/\/jornalfatosenoticias.com.br\/wp-content\/uploads\/2024\/01\/Pacheco-haddad-economia-congresso.jpg","keywords":["Arthur Lira","C\u00e2mara dos Deputados","desonera\u00e7\u00e3o da folha de sal\u00e1rios","Efraim Filho","Fernando Haddad","Lula","receita","Reforma da Previd\u00eancia","Reforma Tribut\u00e1ria","rela\u00e7\u00e3o entre os poderes","Rodrigo Pacheco","Senado","tributa\u00e7\u00e3o"],"articleSection":["Economia"],"inLanguage":"pt-BR","potentialAction":[{"@type":"CommentAction","name":"Comment","target":["https:\/\/jornalfatosenoticias.com.br\/index.php\/2024\/01\/16\/pacheco-negocia-com-haddad-para-evitar-ruptura-e-desagrada-oposicao\/#respond"]}]},{"@type":"WebPage","@id":"https:\/\/jornalfatosenoticias.com.br\/index.php\/2024\/01\/16\/pacheco-negocia-com-haddad-para-evitar-ruptura-e-desagrada-oposicao\/","url":"https:\/\/jornalfatosenoticias.com.br\/index.php\/2024\/01\/16\/pacheco-negocia-com-haddad-para-evitar-ruptura-e-desagrada-oposicao\/","name":"Pacheco negocia com Haddad para evitar ruptura e desagrada oposi\u00e7\u00e3o - Jornal Fatos e Not\u00edcias","isPartOf":{"@id":"https:\/\/jornalfatosenoticias.com.br\/#website"},"primaryImageOfPage":{"@id":"https:\/\/jornalfatosenoticias.com.br\/index.php\/2024\/01\/16\/pacheco-negocia-com-haddad-para-evitar-ruptura-e-desagrada-oposicao\/#primaryimage"},"image":{"@id":"https:\/\/jornalfatosenoticias.com.br\/index.php\/2024\/01\/16\/pacheco-negocia-com-haddad-para-evitar-ruptura-e-desagrada-oposicao\/#primaryimage"},"thumbnailUrl":"https:\/\/jornalfatosenoticias.com.br\/wp-content\/uploads\/2024\/01\/Pacheco-haddad-economia-congresso.jpg","datePublished":"2024-01-16T17:29:27+00:00","dateModified":"2024-01-16T17:29:28+00:00","breadcrumb":{"@id":"https:\/\/jornalfatosenoticias.com.br\/index.php\/2024\/01\/16\/pacheco-negocia-com-haddad-para-evitar-ruptura-e-desagrada-oposicao\/#breadcrumb"},"inLanguage":"pt-BR","potentialAction":[{"@type":"ReadAction","target":["https:\/\/jornalfatosenoticias.com.br\/index.php\/2024\/01\/16\/pacheco-negocia-com-haddad-para-evitar-ruptura-e-desagrada-oposicao\/"]}]},{"@type":"ImageObject","inLanguage":"pt-BR","@id":"https:\/\/jornalfatosenoticias.com.br\/index.php\/2024\/01\/16\/pacheco-negocia-com-haddad-para-evitar-ruptura-e-desagrada-oposicao\/#primaryimage","url":"https:\/\/jornalfatosenoticias.com.br\/wp-content\/uploads\/2024\/01\/Pacheco-haddad-economia-congresso.jpg","contentUrl":"https:\/\/jornalfatosenoticias.com.br\/wp-content\/uploads\/2024\/01\/Pacheco-haddad-economia-congresso.jpg","width":860,"height":540},{"@type":"BreadcrumbList","@id":"https:\/\/jornalfatosenoticias.com.br\/index.php\/2024\/01\/16\/pacheco-negocia-com-haddad-para-evitar-ruptura-e-desagrada-oposicao\/#breadcrumb","itemListElement":[{"@type":"ListItem","position":1,"name":"In\u00edcio","item":"https:\/\/jornalfatosenoticias.com.br\/"},{"@type":"ListItem","position":2,"name":"Pacheco negocia com Haddad para evitar ruptura e desagrada oposi\u00e7\u00e3o"}]},{"@type":"WebSite","@id":"https:\/\/jornalfatosenoticias.com.br\/#website","url":"https:\/\/jornalfatosenoticias.com.br\/","name":"Jornal Fatos e Not\u00edcias","description":"Not\u00edcias em geral","publisher":{"@id":"https:\/\/jornalfatosenoticias.com.br\/#organization"},"potentialAction":[{"@type":"SearchAction","target":{"@type":"EntryPoint","urlTemplate":"https:\/\/jornalfatosenoticias.com.br\/?s={search_term_string}"},"query-input":{"@type":"PropertyValueSpecification","valueRequired":true,"valueName":"search_term_string"}}],"inLanguage":"pt-BR"},{"@type":"Organization","@id":"https:\/\/jornalfatosenoticias.com.br\/#organization","name":"Jornal Fatos e Not\u00edcias","url":"https:\/\/jornalfatosenoticias.com.br\/","logo":{"@type":"ImageObject","inLanguage":"pt-BR","@id":"https:\/\/jornalfatosenoticias.com.br\/#\/schema\/logo\/image\/","url":"https:\/\/jornalfatosenoticias.com.br\/wp-content\/uploads\/2020\/02\/logo120.png","contentUrl":"https:\/\/jornalfatosenoticias.com.br\/wp-content\/uploads\/2020\/02\/logo120.png","width":1227,"height":120,"caption":"Jornal Fatos e Not\u00edcias"},"image":{"@id":"https:\/\/jornalfatosenoticias.com.br\/#\/schema\/logo\/image\/"}},{"@type":"Person","@id":"https:\/\/jornalfatosenoticias.com.br\/#\/schema\/person\/d63837fa13ac8666eb9e74e0985d6f81","name":"Luzimara Fernandes","image":{"@type":"ImageObject","inLanguage":"pt-BR","@id":"https:\/\/jornalfatosenoticias.com.br\/#\/schema\/person\/image\/","url":"https:\/\/jornalfatosenoticias.com.br\/wp-content\/uploads\/2025\/05\/EU_portal.jpg","contentUrl":"https:\/\/jornalfatosenoticias.com.br\/wp-content\/uploads\/2025\/05\/EU_portal.jpg","caption":"Luzimara Fernandes"},"description":"Jornalista MTB 2358-ES","sameAs":["https:\/\/jornalfatosenoticias.com.br"],"url":"https:\/\/jornalfatosenoticias.com.br\/index.php\/author\/luzimara\/"}]}},"cc_featured_image_caption":{"caption_text":"(Foto: Pedro Gontijo\/Senado Federal)","source_text":"","source_url":""},"jetpack_featured_media_url":"https:\/\/jornalfatosenoticias.com.br\/wp-content\/uploads\/2024\/01\/Pacheco-haddad-economia-congresso.jpg","_links":{"self":[{"href":"https:\/\/jornalfatosenoticias.com.br\/index.php\/wp-json\/wp\/v2\/posts\/48500","targetHints":{"allow":["GET"]}}],"collection":[{"href":"https:\/\/jornalfatosenoticias.com.br\/index.php\/wp-json\/wp\/v2\/posts"}],"about":[{"href":"https:\/\/jornalfatosenoticias.com.br\/index.php\/wp-json\/wp\/v2\/types\/post"}],"author":[{"embeddable":true,"href":"https:\/\/jornalfatosenoticias.com.br\/index.php\/wp-json\/wp\/v2\/users\/2"}],"replies":[{"embeddable":true,"href":"https:\/\/jornalfatosenoticias.com.br\/index.php\/wp-json\/wp\/v2\/comments?post=48500"}],"version-history":[{"count":0,"href":"https:\/\/jornalfatosenoticias.com.br\/index.php\/wp-json\/wp\/v2\/posts\/48500\/revisions"}],"wp:featuredmedia":[{"embeddable":true,"href":"https:\/\/jornalfatosenoticias.com.br\/index.php\/wp-json\/wp\/v2\/media\/48501"}],"wp:attachment":[{"href":"https:\/\/jornalfatosenoticias.com.br\/index.php\/wp-json\/wp\/v2\/media?parent=48500"}],"wp:term":[{"taxonomy":"category","embeddable":true,"href":"https:\/\/jornalfatosenoticias.com.br\/index.php\/wp-json\/wp\/v2\/categories?post=48500"},{"taxonomy":"post_tag","embeddable":true,"href":"https:\/\/jornalfatosenoticias.com.br\/index.php\/wp-json\/wp\/v2\/tags?post=48500"}],"curies":[{"name":"wp","href":"https:\/\/api.w.org\/{rel}","templated":true}]}}