{"id":48506,"date":"2024-01-16T14:55:47","date_gmt":"2024-01-16T17:55:47","guid":{"rendered":"https:\/\/jornalfatosenoticias.com.br\/?p=48506"},"modified":"2024-01-16T14:55:49","modified_gmt":"2024-01-16T17:55:49","slug":"raul-castro-autorizou-o-cartel-de-medellin-a-usar-cuba-como-rota-do-narcotrafico","status":"publish","type":"post","link":"https:\/\/jornalfatosenoticias.com.br\/index.php\/2024\/01\/16\/raul-castro-autorizou-o-cartel-de-medellin-a-usar-cuba-como-rota-do-narcotrafico\/","title":{"rendered":"Ra\u00fal Castro autorizou o Cartel de Medell\u00edn a usar Cuba como rota do narcotr\u00e1fico"},"content":{"rendered":"\n<p><em><span class=\"has-inline-color has-black-color\">O ditador de Cuba, Miguel D\u00edaz-Canel, e Ra\u00fal Castro, ex-ditador da ilha<\/span><\/em><\/p>\n\n\n\n<p><span class=\"has-inline-color has-black-color\">Por <strong><a href=\"https:\/\/www.gazetadopovo.com.br\/autor\/john-lucas\/\">John Lucas<\/a><\/strong><\/span><\/p>\n\n\n\n<div class=\"wp-block-image\"><figure class=\"aligncenter size-large is-resized\"><img loading=\"lazy\" decoding=\"async\" src=\"https:\/\/jornalfatosenoticias.com.br\/wp-content\/uploads\/2020\/02\/logo-Rapuzel-1024x571.jpg\" alt=\"\" class=\"wp-image-42808\" width=\"341\" height=\"190\" srcset=\"https:\/\/jornalfatosenoticias.com.br\/wp-content\/uploads\/2020\/02\/logo-Rapuzel-1024x571.jpg 1024w, https:\/\/jornalfatosenoticias.com.br\/wp-content\/uploads\/2020\/02\/logo-Rapuzel-300x167.jpg 300w, https:\/\/jornalfatosenoticias.com.br\/wp-content\/uploads\/2020\/02\/logo-Rapuzel-768x428.jpg 768w, https:\/\/jornalfatosenoticias.com.br\/wp-content\/uploads\/2020\/02\/logo-Rapuzel-1536x856.jpg 1536w, https:\/\/jornalfatosenoticias.com.br\/wp-content\/uploads\/2020\/02\/logo-Rapuzel.jpg 1600w\" sizes=\"auto, (max-width: 341px) 100vw, 341px\" \/><\/figure><\/div>\n\n\n\n<p>Um livro rec\u00e9m-lan\u00e7ado aponta que o ex-ditador cubano Ra\u00fal Castro teria permitido que o Cartel de Medell\u00edn, um dos maiores grupos de narcotraficantes da hist\u00f3ria, usasse a ilha como ponto de passagem para levar coca\u00edna aos Estados Unidos<br>O livro, intitulado \u201cVida e morte do cartel de Medell\u00edn\u201d, \u00e9 baseado nos relatos de Carlos Lehder, um dos fundadores do cartel, que cumpriu pena nos Estados Unidos por tr\u00e1fico de drogas e atualmente vive na Alemanha.<br>Segundo Lehder, ele se reuniu com Ra\u00fal Castro na d\u00e9cada de 1980 e recebeu uma aprova\u00e7\u00e3o impl\u00edcita para operar em Cayo Largo, uma ilha em Cuba. Lehder afirma que Castro estava mais interessado nos d\u00f3lares que o narcotr\u00e1fico geraria do que em outras mercadorias. Ele ainda diz que negociou tamb\u00e9m com Daniel Ortega, ditador da Nicar\u00e1gua.<\/p>\n\n\n\n<div class=\"wp-block-image\"><figure class=\"aligncenter size-large is-resized\"><img loading=\"lazy\" decoding=\"async\" src=\"https:\/\/jornalfatosenoticias.com.br\/wp-content\/uploads\/2024\/01\/consultoria-ambiental.jpg\" alt=\"\" class=\"wp-image-48314\" width=\"337\" height=\"305\" srcset=\"https:\/\/jornalfatosenoticias.com.br\/wp-content\/uploads\/2024\/01\/consultoria-ambiental.jpg 832w, https:\/\/jornalfatosenoticias.com.br\/wp-content\/uploads\/2024\/01\/consultoria-ambiental-300x272.jpg 300w, https:\/\/jornalfatosenoticias.com.br\/wp-content\/uploads\/2024\/01\/consultoria-ambiental-768x696.jpg 768w\" sizes=\"auto, (max-width: 337px) 100vw, 337px\" \/><\/figure><\/div>\n\n\n\n<p>Lehder destacou ainda o papel do falecido coronel Antonio de la Guardia, ex-ministro do Interior de Cuba, que, segundo ele, intermediou a conex\u00e3o entre os chefes do cartel colombiano, como Pablo Escobar e Gonzalo Rodr\u00edguez Gacha, e altos funcion\u00e1rios do regime comunista cubano. Lehder diz que pagou US$ 5 milh\u00f5es em dinheiro ao coronel para cobrir as despesas do regime cubano na ilha.<\/p>\n\n\n\n<div class=\"wp-block-image\"><figure class=\"aligncenter size-large\"><img decoding=\"async\" src=\"https:\/\/jornalfatosenoticias.com.br\/wp-content\/uploads\/2020\/02\/logo_esteio.jpg\" alt=\"\" class=\"wp-image-1214\"\/><\/figure><\/div>\n\n\n\n<p>As acusa\u00e7\u00f5es de Lehder n\u00e3o s\u00e3o as primeiras que ligam os Castro ao narcotr\u00e1fico. Outro ex-membro do cartel, Jhon Jairo Vel\u00e1squez V\u00e1squez, conhecido como \u201cPopeye\u201d, tamb\u00e9m afirmou em sua autobiografia que Fidel e Ra\u00fal Castro estavam envolvidos nessas opera\u00e7\u00f5es, facilitando a entrada de drogas pela ilha.<\/p>\n\n\n\n<div class=\"wp-block-image\"><figure class=\"aligncenter size-large\"><img decoding=\"async\" src=\"https:\/\/jornalfatosenoticias.com.br\/wp-content\/uploads\/2020\/02\/barao-das-carnes-300x164-1.jpg\" alt=\"\" class=\"wp-image-34339\"\/><\/figure><\/div>\n\n\n\n<p>O regime cubano, em 1989, julgou e executou v\u00e1rios oficiais de alto escal\u00e3o, incluindo o general Arnaldo Ochoa e o coronel De la Guardia, em uma opera\u00e7\u00e3o vista como uma tentativa de \u201climpar\u201d a imagem do regime castrista diante das acusa\u00e7\u00f5es de narcotr\u00e1fico. No entanto, as recentes revela\u00e7\u00f5es de Lehder voltam a lan\u00e7ar luz sobre a obscura rela\u00e7\u00e3o entre o regime comunista cubano e o Cartel de Medell\u00edn.<\/p>\n\n\n\n<div class=\"wp-block-image\"><figure class=\"aligncenter size-large\"><img loading=\"lazy\" decoding=\"async\" width=\"300\" height=\"250\" src=\"https:\/\/jornalfatosenoticias.com.br\/wp-content\/uploads\/2022\/02\/FERRARI_MAQUINAS-E-FERRAMENTAS2.jpg\" alt=\"\" class=\"wp-image-27860\"\/><\/figure><\/div>\n\n\n\n<p><strong><em>Fonte:<a href=\"https:\/\/www.gazetadopovo.com.br\/mundo\/raul-castro-autorizou-o-cartel-de-medellin-a-usar-cuba-como-rota-do-narcotrafico\/#:~:text=Um%20livro%20rec%C3%A9m%2Dlan%C3%A7ado%20aponta,levar%20coca%C3%ADna%20aos%20Estados%20Unidos.\"> Gazeta do Povo<\/a><\/em><\/strong><\/p>\n","protected":false},"excerpt":{"rendered":"<p>O ditador de Cuba, Miguel D\u00edaz-Canel, e Ra\u00fal Castro, ex-ditador da ilha Por John Lucas Um livro rec\u00e9m-lan\u00e7ado aponta que o ex-ditador cubano Ra\u00fal Castro teria permitido que o Cartel de Medell\u00edn, um dos maiores grupos de narcotraficantes da hist\u00f3ria, usasse a ilha como ponto de passagem para levar coca\u00edna aos Estados UnidosO livro, intitulado [&hellip;]<\/p>\n","protected":false},"author":2,"featured_media":48507,"comment_status":"open","ping_status":"open","sticky":false,"template":"","format":"standard","meta":{"footnotes":""},"categories":[41],"tags":[1821,6597,5043,1751,22553],"class_list":["post-48506","post","type-post","status-publish","format-standard","has-post-thumbnail","hentry","category-internacional","tag-cartel-de-medellin","tag-colombia","tag-cuba","tag-estados-unidos","tag-raul-castro"],"yoast_head":"<!-- This site is optimized with the Yoast SEO plugin v26.5 - https:\/\/yoast.com\/wordpress\/plugins\/seo\/ -->\n<title>Ra\u00fal Castro autorizou o Cartel de Medell\u00edn a usar Cuba como rota do narcotr\u00e1fico - Jornal Fatos e Not\u00edcias<\/title>\n<meta name=\"robots\" content=\"index, follow, max-snippet:-1, max-image-preview:large, max-video-preview:-1\" \/>\n<link rel=\"canonical\" href=\"https:\/\/jornalfatosenoticias.com.br\/index.php\/2024\/01\/16\/raul-castro-autorizou-o-cartel-de-medellin-a-usar-cuba-como-rota-do-narcotrafico\/\" \/>\n<meta property=\"og:locale\" content=\"pt_BR\" \/>\n<meta property=\"og:type\" content=\"article\" \/>\n<meta property=\"og:title\" content=\"Ra\u00fal Castro autorizou o Cartel de Medell\u00edn a usar Cuba como rota do narcotr\u00e1fico - Jornal Fatos e Not\u00edcias\" \/>\n<meta property=\"og:description\" content=\"O ditador de Cuba, Miguel D\u00edaz-Canel, e Ra\u00fal Castro, ex-ditador da ilha Por John Lucas Um livro rec\u00e9m-lan\u00e7ado aponta que o ex-ditador cubano Ra\u00fal Castro teria permitido que o Cartel de Medell\u00edn, um dos maiores grupos de narcotraficantes da hist\u00f3ria, usasse a ilha como ponto de passagem para levar coca\u00edna aos Estados UnidosO livro, intitulado [&hellip;]\" \/>\n<meta property=\"og:url\" content=\"https:\/\/jornalfatosenoticias.com.br\/index.php\/2024\/01\/16\/raul-castro-autorizou-o-cartel-de-medellin-a-usar-cuba-como-rota-do-narcotrafico\/\" \/>\n<meta property=\"og:site_name\" content=\"Jornal Fatos e Not\u00edcias\" \/>\n<meta property=\"article:published_time\" content=\"2024-01-16T17:55:47+00:00\" \/>\n<meta property=\"article:modified_time\" content=\"2024-01-16T17:55:49+00:00\" \/>\n<meta property=\"og:image\" content=\"https:\/\/jornalfatosenoticias.com.br\/wp-content\/uploads\/2024\/01\/raul-castro.jpg\" \/>\n\t<meta property=\"og:image:width\" content=\"960\" \/>\n\t<meta property=\"og:image:height\" content=\"540\" \/>\n\t<meta property=\"og:image:type\" content=\"image\/jpeg\" \/>\n<meta name=\"author\" content=\"Luzimara Fernandes\" \/>\n<meta name=\"twitter:card\" content=\"summary_large_image\" \/>\n<meta name=\"twitter:label1\" content=\"Escrito por\" \/>\n\t<meta name=\"twitter:data1\" content=\"Luzimara Fernandes\" \/>\n\t<meta name=\"twitter:label2\" content=\"Est. tempo de leitura\" \/>\n\t<meta name=\"twitter:data2\" content=\"2 minutos\" \/>\n<script type=\"application\/ld+json\" class=\"yoast-schema-graph\">{\"@context\":\"https:\/\/schema.org\",\"@graph\":[{\"@type\":\"Article\",\"@id\":\"https:\/\/jornalfatosenoticias.com.br\/index.php\/2024\/01\/16\/raul-castro-autorizou-o-cartel-de-medellin-a-usar-cuba-como-rota-do-narcotrafico\/#article\",\"isPartOf\":{\"@id\":\"https:\/\/jornalfatosenoticias.com.br\/index.php\/2024\/01\/16\/raul-castro-autorizou-o-cartel-de-medellin-a-usar-cuba-como-rota-do-narcotrafico\/\"},\"author\":{\"name\":\"Luzimara Fernandes\",\"@id\":\"https:\/\/jornalfatosenoticias.com.br\/#\/schema\/person\/d63837fa13ac8666eb9e74e0985d6f81\"},\"headline\":\"Ra\u00fal Castro autorizou o Cartel de Medell\u00edn a usar Cuba como rota do narcotr\u00e1fico\",\"datePublished\":\"2024-01-16T17:55:47+00:00\",\"dateModified\":\"2024-01-16T17:55:49+00:00\",\"mainEntityOfPage\":{\"@id\":\"https:\/\/jornalfatosenoticias.com.br\/index.php\/2024\/01\/16\/raul-castro-autorizou-o-cartel-de-medellin-a-usar-cuba-como-rota-do-narcotrafico\/\"},\"wordCount\":379,\"commentCount\":0,\"publisher\":{\"@id\":\"https:\/\/jornalfatosenoticias.com.br\/#organization\"},\"image\":{\"@id\":\"https:\/\/jornalfatosenoticias.com.br\/index.php\/2024\/01\/16\/raul-castro-autorizou-o-cartel-de-medellin-a-usar-cuba-como-rota-do-narcotrafico\/#primaryimage\"},\"thumbnailUrl\":\"https:\/\/jornalfatosenoticias.com.br\/wp-content\/uploads\/2024\/01\/raul-castro.jpg\",\"keywords\":[\"Cartel de Medell\u00edn\",\"Col\u00f4mbia\",\"Cuba\",\"Estados Unidos\",\"Ra\u00fal Castro\"],\"articleSection\":[\"Internacional\"],\"inLanguage\":\"pt-BR\",\"potentialAction\":[{\"@type\":\"CommentAction\",\"name\":\"Comment\",\"target\":[\"https:\/\/jornalfatosenoticias.com.br\/index.php\/2024\/01\/16\/raul-castro-autorizou-o-cartel-de-medellin-a-usar-cuba-como-rota-do-narcotrafico\/#respond\"]}]},{\"@type\":\"WebPage\",\"@id\":\"https:\/\/jornalfatosenoticias.com.br\/index.php\/2024\/01\/16\/raul-castro-autorizou-o-cartel-de-medellin-a-usar-cuba-como-rota-do-narcotrafico\/\",\"url\":\"https:\/\/jornalfatosenoticias.com.br\/index.php\/2024\/01\/16\/raul-castro-autorizou-o-cartel-de-medellin-a-usar-cuba-como-rota-do-narcotrafico\/\",\"name\":\"Ra\u00fal Castro autorizou o Cartel de Medell\u00edn a usar Cuba como rota do narcotr\u00e1fico - Jornal Fatos e Not\u00edcias\",\"isPartOf\":{\"@id\":\"https:\/\/jornalfatosenoticias.com.br\/#website\"},\"primaryImageOfPage\":{\"@id\":\"https:\/\/jornalfatosenoticias.com.br\/index.php\/2024\/01\/16\/raul-castro-autorizou-o-cartel-de-medellin-a-usar-cuba-como-rota-do-narcotrafico\/#primaryimage\"},\"image\":{\"@id\":\"https:\/\/jornalfatosenoticias.com.br\/index.php\/2024\/01\/16\/raul-castro-autorizou-o-cartel-de-medellin-a-usar-cuba-como-rota-do-narcotrafico\/#primaryimage\"},\"thumbnailUrl\":\"https:\/\/jornalfatosenoticias.com.br\/wp-content\/uploads\/2024\/01\/raul-castro.jpg\",\"datePublished\":\"2024-01-16T17:55:47+00:00\",\"dateModified\":\"2024-01-16T17:55:49+00:00\",\"breadcrumb\":{\"@id\":\"https:\/\/jornalfatosenoticias.com.br\/index.php\/2024\/01\/16\/raul-castro-autorizou-o-cartel-de-medellin-a-usar-cuba-como-rota-do-narcotrafico\/#breadcrumb\"},\"inLanguage\":\"pt-BR\",\"potentialAction\":[{\"@type\":\"ReadAction\",\"target\":[\"https:\/\/jornalfatosenoticias.com.br\/index.php\/2024\/01\/16\/raul-castro-autorizou-o-cartel-de-medellin-a-usar-cuba-como-rota-do-narcotrafico\/\"]}]},{\"@type\":\"ImageObject\",\"inLanguage\":\"pt-BR\",\"@id\":\"https:\/\/jornalfatosenoticias.com.br\/index.php\/2024\/01\/16\/raul-castro-autorizou-o-cartel-de-medellin-a-usar-cuba-como-rota-do-narcotrafico\/#primaryimage\",\"url\":\"https:\/\/jornalfatosenoticias.com.br\/wp-content\/uploads\/2024\/01\/raul-castro.jpg\",\"contentUrl\":\"https:\/\/jornalfatosenoticias.com.br\/wp-content\/uploads\/2024\/01\/raul-castro.jpg\",\"width\":960,\"height\":540,\"caption\":\"Elegido Miguel D\u00edaz-Canel presidente del Consejo de Estado y del Consejo de Ministros Foto: Irene P\u00e9rez\/ Cubadebate.\"},{\"@type\":\"BreadcrumbList\",\"@id\":\"https:\/\/jornalfatosenoticias.com.br\/index.php\/2024\/01\/16\/raul-castro-autorizou-o-cartel-de-medellin-a-usar-cuba-como-rota-do-narcotrafico\/#breadcrumb\",\"itemListElement\":[{\"@type\":\"ListItem\",\"position\":1,\"name\":\"In\u00edcio\",\"item\":\"https:\/\/jornalfatosenoticias.com.br\/\"},{\"@type\":\"ListItem\",\"position\":2,\"name\":\"Ra\u00fal Castro autorizou o Cartel de Medell\u00edn a usar Cuba como rota do narcotr\u00e1fico\"}]},{\"@type\":\"WebSite\",\"@id\":\"https:\/\/jornalfatosenoticias.com.br\/#website\",\"url\":\"https:\/\/jornalfatosenoticias.com.br\/\",\"name\":\"Jornal Fatos e Not\u00edcias\",\"description\":\"Not\u00edcias em geral\",\"publisher\":{\"@id\":\"https:\/\/jornalfatosenoticias.com.br\/#organization\"},\"potentialAction\":[{\"@type\":\"SearchAction\",\"target\":{\"@type\":\"EntryPoint\",\"urlTemplate\":\"https:\/\/jornalfatosenoticias.com.br\/?s={search_term_string}\"},\"query-input\":{\"@type\":\"PropertyValueSpecification\",\"valueRequired\":true,\"valueName\":\"search_term_string\"}}],\"inLanguage\":\"pt-BR\"},{\"@type\":\"Organization\",\"@id\":\"https:\/\/jornalfatosenoticias.com.br\/#organization\",\"name\":\"Jornal Fatos e Not\u00edcias\",\"url\":\"https:\/\/jornalfatosenoticias.com.br\/\",\"logo\":{\"@type\":\"ImageObject\",\"inLanguage\":\"pt-BR\",\"@id\":\"https:\/\/jornalfatosenoticias.com.br\/#\/schema\/logo\/image\/\",\"url\":\"https:\/\/jornalfatosenoticias.com.br\/wp-content\/uploads\/2020\/02\/logo120.png\",\"contentUrl\":\"https:\/\/jornalfatosenoticias.com.br\/wp-content\/uploads\/2020\/02\/logo120.png\",\"width\":1227,\"height\":120,\"caption\":\"Jornal Fatos e Not\u00edcias\"},\"image\":{\"@id\":\"https:\/\/jornalfatosenoticias.com.br\/#\/schema\/logo\/image\/\"}},{\"@type\":\"Person\",\"@id\":\"https:\/\/jornalfatosenoticias.com.br\/#\/schema\/person\/d63837fa13ac8666eb9e74e0985d6f81\",\"name\":\"Luzimara Fernandes\",\"image\":{\"@type\":\"ImageObject\",\"inLanguage\":\"pt-BR\",\"@id\":\"https:\/\/jornalfatosenoticias.com.br\/#\/schema\/person\/image\/\",\"url\":\"https:\/\/jornalfatosenoticias.com.br\/wp-content\/uploads\/2025\/05\/EU_portal.jpg\",\"contentUrl\":\"https:\/\/jornalfatosenoticias.com.br\/wp-content\/uploads\/2025\/05\/EU_portal.jpg\",\"caption\":\"Luzimara Fernandes\"},\"description\":\"Jornalista MTB 2358-ES\",\"sameAs\":[\"https:\/\/jornalfatosenoticias.com.br\"],\"url\":\"https:\/\/jornalfatosenoticias.com.br\/index.php\/author\/luzimara\/\"}]}<\/script>\n<!-- \/ Yoast SEO plugin. -->","yoast_head_json":{"title":"Ra\u00fal Castro autorizou o Cartel de Medell\u00edn a usar Cuba como rota do narcotr\u00e1fico - Jornal Fatos e Not\u00edcias","robots":{"index":"index","follow":"follow","max-snippet":"max-snippet:-1","max-image-preview":"max-image-preview:large","max-video-preview":"max-video-preview:-1"},"canonical":"https:\/\/jornalfatosenoticias.com.br\/index.php\/2024\/01\/16\/raul-castro-autorizou-o-cartel-de-medellin-a-usar-cuba-como-rota-do-narcotrafico\/","og_locale":"pt_BR","og_type":"article","og_title":"Ra\u00fal Castro autorizou o Cartel de Medell\u00edn a usar Cuba como rota do narcotr\u00e1fico - Jornal Fatos e Not\u00edcias","og_description":"O ditador de Cuba, Miguel D\u00edaz-Canel, e Ra\u00fal Castro, ex-ditador da ilha Por John Lucas Um livro rec\u00e9m-lan\u00e7ado aponta que o ex-ditador cubano Ra\u00fal Castro teria permitido que o Cartel de Medell\u00edn, um dos maiores grupos de narcotraficantes da hist\u00f3ria, usasse a ilha como ponto de passagem para levar coca\u00edna aos Estados UnidosO livro, intitulado [&hellip;]","og_url":"https:\/\/jornalfatosenoticias.com.br\/index.php\/2024\/01\/16\/raul-castro-autorizou-o-cartel-de-medellin-a-usar-cuba-como-rota-do-narcotrafico\/","og_site_name":"Jornal Fatos e Not\u00edcias","article_published_time":"2024-01-16T17:55:47+00:00","article_modified_time":"2024-01-16T17:55:49+00:00","og_image":[{"width":960,"height":540,"url":"https:\/\/jornalfatosenoticias.com.br\/wp-content\/uploads\/2024\/01\/raul-castro.jpg","type":"image\/jpeg"}],"author":"Luzimara Fernandes","twitter_card":"summary_large_image","twitter_misc":{"Escrito por":"Luzimara Fernandes","Est. tempo de leitura":"2 minutos"},"schema":{"@context":"https:\/\/schema.org","@graph":[{"@type":"Article","@id":"https:\/\/jornalfatosenoticias.com.br\/index.php\/2024\/01\/16\/raul-castro-autorizou-o-cartel-de-medellin-a-usar-cuba-como-rota-do-narcotrafico\/#article","isPartOf":{"@id":"https:\/\/jornalfatosenoticias.com.br\/index.php\/2024\/01\/16\/raul-castro-autorizou-o-cartel-de-medellin-a-usar-cuba-como-rota-do-narcotrafico\/"},"author":{"name":"Luzimara Fernandes","@id":"https:\/\/jornalfatosenoticias.com.br\/#\/schema\/person\/d63837fa13ac8666eb9e74e0985d6f81"},"headline":"Ra\u00fal Castro autorizou o Cartel de Medell\u00edn a usar Cuba como rota do narcotr\u00e1fico","datePublished":"2024-01-16T17:55:47+00:00","dateModified":"2024-01-16T17:55:49+00:00","mainEntityOfPage":{"@id":"https:\/\/jornalfatosenoticias.com.br\/index.php\/2024\/01\/16\/raul-castro-autorizou-o-cartel-de-medellin-a-usar-cuba-como-rota-do-narcotrafico\/"},"wordCount":379,"commentCount":0,"publisher":{"@id":"https:\/\/jornalfatosenoticias.com.br\/#organization"},"image":{"@id":"https:\/\/jornalfatosenoticias.com.br\/index.php\/2024\/01\/16\/raul-castro-autorizou-o-cartel-de-medellin-a-usar-cuba-como-rota-do-narcotrafico\/#primaryimage"},"thumbnailUrl":"https:\/\/jornalfatosenoticias.com.br\/wp-content\/uploads\/2024\/01\/raul-castro.jpg","keywords":["Cartel de Medell\u00edn","Col\u00f4mbia","Cuba","Estados Unidos","Ra\u00fal Castro"],"articleSection":["Internacional"],"inLanguage":"pt-BR","potentialAction":[{"@type":"CommentAction","name":"Comment","target":["https:\/\/jornalfatosenoticias.com.br\/index.php\/2024\/01\/16\/raul-castro-autorizou-o-cartel-de-medellin-a-usar-cuba-como-rota-do-narcotrafico\/#respond"]}]},{"@type":"WebPage","@id":"https:\/\/jornalfatosenoticias.com.br\/index.php\/2024\/01\/16\/raul-castro-autorizou-o-cartel-de-medellin-a-usar-cuba-como-rota-do-narcotrafico\/","url":"https:\/\/jornalfatosenoticias.com.br\/index.php\/2024\/01\/16\/raul-castro-autorizou-o-cartel-de-medellin-a-usar-cuba-como-rota-do-narcotrafico\/","name":"Ra\u00fal Castro autorizou o Cartel de Medell\u00edn a usar Cuba como rota do narcotr\u00e1fico - Jornal Fatos e Not\u00edcias","isPartOf":{"@id":"https:\/\/jornalfatosenoticias.com.br\/#website"},"primaryImageOfPage":{"@id":"https:\/\/jornalfatosenoticias.com.br\/index.php\/2024\/01\/16\/raul-castro-autorizou-o-cartel-de-medellin-a-usar-cuba-como-rota-do-narcotrafico\/#primaryimage"},"image":{"@id":"https:\/\/jornalfatosenoticias.com.br\/index.php\/2024\/01\/16\/raul-castro-autorizou-o-cartel-de-medellin-a-usar-cuba-como-rota-do-narcotrafico\/#primaryimage"},"thumbnailUrl":"https:\/\/jornalfatosenoticias.com.br\/wp-content\/uploads\/2024\/01\/raul-castro.jpg","datePublished":"2024-01-16T17:55:47+00:00","dateModified":"2024-01-16T17:55:49+00:00","breadcrumb":{"@id":"https:\/\/jornalfatosenoticias.com.br\/index.php\/2024\/01\/16\/raul-castro-autorizou-o-cartel-de-medellin-a-usar-cuba-como-rota-do-narcotrafico\/#breadcrumb"},"inLanguage":"pt-BR","potentialAction":[{"@type":"ReadAction","target":["https:\/\/jornalfatosenoticias.com.br\/index.php\/2024\/01\/16\/raul-castro-autorizou-o-cartel-de-medellin-a-usar-cuba-como-rota-do-narcotrafico\/"]}]},{"@type":"ImageObject","inLanguage":"pt-BR","@id":"https:\/\/jornalfatosenoticias.com.br\/index.php\/2024\/01\/16\/raul-castro-autorizou-o-cartel-de-medellin-a-usar-cuba-como-rota-do-narcotrafico\/#primaryimage","url":"https:\/\/jornalfatosenoticias.com.br\/wp-content\/uploads\/2024\/01\/raul-castro.jpg","contentUrl":"https:\/\/jornalfatosenoticias.com.br\/wp-content\/uploads\/2024\/01\/raul-castro.jpg","width":960,"height":540,"caption":"Elegido Miguel D\u00edaz-Canel presidente del Consejo de Estado y del Consejo de Ministros Foto: Irene P\u00e9rez\/ Cubadebate."},{"@type":"BreadcrumbList","@id":"https:\/\/jornalfatosenoticias.com.br\/index.php\/2024\/01\/16\/raul-castro-autorizou-o-cartel-de-medellin-a-usar-cuba-como-rota-do-narcotrafico\/#breadcrumb","itemListElement":[{"@type":"ListItem","position":1,"name":"In\u00edcio","item":"https:\/\/jornalfatosenoticias.com.br\/"},{"@type":"ListItem","position":2,"name":"Ra\u00fal Castro autorizou o Cartel de Medell\u00edn a usar Cuba como rota do narcotr\u00e1fico"}]},{"@type":"WebSite","@id":"https:\/\/jornalfatosenoticias.com.br\/#website","url":"https:\/\/jornalfatosenoticias.com.br\/","name":"Jornal Fatos e Not\u00edcias","description":"Not\u00edcias em geral","publisher":{"@id":"https:\/\/jornalfatosenoticias.com.br\/#organization"},"potentialAction":[{"@type":"SearchAction","target":{"@type":"EntryPoint","urlTemplate":"https:\/\/jornalfatosenoticias.com.br\/?s={search_term_string}"},"query-input":{"@type":"PropertyValueSpecification","valueRequired":true,"valueName":"search_term_string"}}],"inLanguage":"pt-BR"},{"@type":"Organization","@id":"https:\/\/jornalfatosenoticias.com.br\/#organization","name":"Jornal Fatos e Not\u00edcias","url":"https:\/\/jornalfatosenoticias.com.br\/","logo":{"@type":"ImageObject","inLanguage":"pt-BR","@id":"https:\/\/jornalfatosenoticias.com.br\/#\/schema\/logo\/image\/","url":"https:\/\/jornalfatosenoticias.com.br\/wp-content\/uploads\/2020\/02\/logo120.png","contentUrl":"https:\/\/jornalfatosenoticias.com.br\/wp-content\/uploads\/2020\/02\/logo120.png","width":1227,"height":120,"caption":"Jornal Fatos e Not\u00edcias"},"image":{"@id":"https:\/\/jornalfatosenoticias.com.br\/#\/schema\/logo\/image\/"}},{"@type":"Person","@id":"https:\/\/jornalfatosenoticias.com.br\/#\/schema\/person\/d63837fa13ac8666eb9e74e0985d6f81","name":"Luzimara Fernandes","image":{"@type":"ImageObject","inLanguage":"pt-BR","@id":"https:\/\/jornalfatosenoticias.com.br\/#\/schema\/person\/image\/","url":"https:\/\/jornalfatosenoticias.com.br\/wp-content\/uploads\/2025\/05\/EU_portal.jpg","contentUrl":"https:\/\/jornalfatosenoticias.com.br\/wp-content\/uploads\/2025\/05\/EU_portal.jpg","caption":"Luzimara Fernandes"},"description":"Jornalista MTB 2358-ES","sameAs":["https:\/\/jornalfatosenoticias.com.br"],"url":"https:\/\/jornalfatosenoticias.com.br\/index.php\/author\/luzimara\/"}]}},"cc_featured_image_caption":{"caption_text":"(Foto: Reprodu\u00e7\u00e3o\/Gazeta do Povo)","source_text":"","source_url":""},"jetpack_featured_media_url":"https:\/\/jornalfatosenoticias.com.br\/wp-content\/uploads\/2024\/01\/raul-castro.jpg","_links":{"self":[{"href":"https:\/\/jornalfatosenoticias.com.br\/index.php\/wp-json\/wp\/v2\/posts\/48506","targetHints":{"allow":["GET"]}}],"collection":[{"href":"https:\/\/jornalfatosenoticias.com.br\/index.php\/wp-json\/wp\/v2\/posts"}],"about":[{"href":"https:\/\/jornalfatosenoticias.com.br\/index.php\/wp-json\/wp\/v2\/types\/post"}],"author":[{"embeddable":true,"href":"https:\/\/jornalfatosenoticias.com.br\/index.php\/wp-json\/wp\/v2\/users\/2"}],"replies":[{"embeddable":true,"href":"https:\/\/jornalfatosenoticias.com.br\/index.php\/wp-json\/wp\/v2\/comments?post=48506"}],"version-history":[{"count":0,"href":"https:\/\/jornalfatosenoticias.com.br\/index.php\/wp-json\/wp\/v2\/posts\/48506\/revisions"}],"wp:featuredmedia":[{"embeddable":true,"href":"https:\/\/jornalfatosenoticias.com.br\/index.php\/wp-json\/wp\/v2\/media\/48507"}],"wp:attachment":[{"href":"https:\/\/jornalfatosenoticias.com.br\/index.php\/wp-json\/wp\/v2\/media?parent=48506"}],"wp:term":[{"taxonomy":"category","embeddable":true,"href":"https:\/\/jornalfatosenoticias.com.br\/index.php\/wp-json\/wp\/v2\/categories?post=48506"},{"taxonomy":"post_tag","embeddable":true,"href":"https:\/\/jornalfatosenoticias.com.br\/index.php\/wp-json\/wp\/v2\/tags?post=48506"}],"curies":[{"name":"wp","href":"https:\/\/api.w.org\/{rel}","templated":true}]}}