{"id":48515,"date":"2024-01-17T09:06:30","date_gmt":"2024-01-17T12:06:30","guid":{"rendered":"https:\/\/jornalfatosenoticias.com.br\/?p=48515"},"modified":"2024-01-17T09:06:32","modified_gmt":"2024-01-17T12:06:32","slug":"sensores-inalaveis-podem-ser-o-futuro-do-diagnostico-de-cancer-de-pulmao","status":"publish","type":"post","link":"https:\/\/jornalfatosenoticias.com.br\/index.php\/2024\/01\/17\/sensores-inalaveis-podem-ser-o-futuro-do-diagnostico-de-cancer-de-pulmao\/","title":{"rendered":"Sensores inal\u00e1veis podem ser o futuro do diagn\u00f3stico de c\u00e2ncer de pulm\u00e3o"},"content":{"rendered":"\n<p><em><span class=\"has-inline-color has-black-color\">Cientistas do MIT criaram sensores inal\u00e1veis que detectam c\u00e2ncer de pulm\u00e3o em at\u00e9 20 minutos e depois s\u00e3o eliminados pela urina<\/span><\/em><\/p>\n\n\n\n<p><span class=\"has-inline-color has-black-color\">Por <strong><a href=\"https:\/\/gizmodo.uol.com.br\/author\/barbara-giovani\/\">B\u00e1rbara Giovani<\/a><\/strong><\/span><\/p>\n\n\n\n<div class=\"wp-block-image\"><figure class=\"aligncenter size-large\"><img loading=\"lazy\" decoding=\"async\" width=\"729\" height=\"90\" src=\"https:\/\/jornalfatosenoticias.com.br\/wp-content\/uploads\/2020\/02\/Logo_Mizu.png\" alt=\"\" class=\"wp-image-1441\" srcset=\"https:\/\/jornalfatosenoticias.com.br\/wp-content\/uploads\/2020\/02\/Logo_Mizu.png 729w, https:\/\/jornalfatosenoticias.com.br\/wp-content\/uploads\/2020\/02\/Logo_Mizu-300x37.png 300w\" sizes=\"auto, (max-width: 729px) 100vw, 729px\" \/><\/figure><\/div>\n\n\n\n<p>Quando h\u00e1 suspeita de c\u00e2ncer, o diagn\u00f3stico precoce pode significar um aumento na probabilidade de cura. Pensando nisso, cientistas do Instituto de Tecnologia de Massachusetts (<a href=\"https:\/\/news.mit.edu\/2024\/inhalable-sensors-early-lung-cancer-detection-0105\">MIT<\/a>) desenvolveram uma nova maneira de diagnosticar c\u00e2ncer de pulm\u00e3o: sensores inal\u00e1veis. Eles s\u00e3o t\u00e3o pequenos que entram pelas vias a\u00e9reas e depois s\u00e3o descartados na excre\u00e7\u00e3o. Ent\u00e3o, um teste de urina \u00e9 o suficiente para saber se h\u00e1 presen\u00e7a de algum tumor.<br>Os pesquisadores descreveram o mecanismo e o equipamento em um artigo publicado na revista <a href=\"https:\/\/www.science.org\/doi\/10.1126\/sciadv.adj9591\"><em>Science Advances<\/em><\/a>. Por enquanto, h\u00e1 duas vers\u00f5es dos sensores inal\u00e1veis. Na primeira, eles fazem parte de uma solu\u00e7\u00e3o que pode virar aerossol quando usada com um nebulizador. J\u00e1 na segunda, \u00e9 um p\u00f3 seco, a ser utilizado com um inalador.<br>De ambas as formas, os nanossensores atingem os pulm\u00f5es e s\u00e3o absorvidos pelos tecidos. Como s\u00e3o revestidos com um marcador, ou seja, algo como um c\u00f3digo de barras de DNA, conseguem encontrar enzimas chamadas proteases. Como elas s\u00e3o hiperativas em tumores, tendem a separar o c\u00f3digo de barras de DNA dos sensores. Ent\u00e3o, eles passam a circular na corrente sangu\u00ednea e podem indicar a presen\u00e7a de <a href=\"https:\/\/gizmodo.uol.com.br\/ia-identifica-cancer-de-pulmao-de-forma-mais-precisa-do-que-metodos-tradicionais\/\">c\u00e2ncer de pulm\u00e3o<\/a>.<\/p>\n\n\n\n<div class=\"wp-block-image\"><figure class=\"aligncenter size-large\"><img loading=\"lazy\" decoding=\"async\" width=\"300\" height=\"250\" src=\"https:\/\/jornalfatosenoticias.com.br\/wp-content\/uploads\/2022\/02\/FERRARI_MAQUINAS-E-FERRAMENTAS2.jpg\" alt=\"\" class=\"wp-image-27860\"\/><\/figure><\/div>\n\n\n\n<p>Geralmente, esses marcadores se acumulam na urina. Por isso, foram projetados para serem excretados do corpo. Dessa forma, basta um simples teste com tira de papel no xixi para saber se um paciente tem c\u00e2ncer de pulm\u00e3o ou n\u00e3o. Segundo o artigo, os sensores inal\u00e1veis podem detectar at\u00e9 quatro c\u00f3digos de barras de DNA diferentes, cada um dos quais indica a presen\u00e7a de uma protease diferente. Em geral, os resultados levam apenas 20 minutos para ficarem prontos.<\/p>\n\n\n\n<div class=\"wp-block-image\"><figure class=\"aligncenter size-large is-resized\"><img loading=\"lazy\" decoding=\"async\" src=\"https:\/\/jornalfatosenoticias.com.br\/wp-content\/uploads\/2020\/02\/nova-logo-Marquetti.jpg\" alt=\"\" class=\"wp-image-22331\" width=\"338\" height=\"227\" srcset=\"https:\/\/jornalfatosenoticias.com.br\/wp-content\/uploads\/2020\/02\/nova-logo-Marquetti.jpg 643w, https:\/\/jornalfatosenoticias.com.br\/wp-content\/uploads\/2020\/02\/nova-logo-Marquetti-300x202.jpg 300w\" sizes=\"auto, (max-width: 338px) 100vw, 338px\" \/><\/figure><\/div>\n\n\n\n<p><strong><span class=\"has-inline-color has-vivid-purple-color\">Precis\u00e3o, facilidade e acesso<br><\/span><\/strong>Para checar se os resultados obtidos eram mesmo precisos, os pesquisadores testaram os sensores inal\u00e1veis em ratos de laborat\u00f3rio com tumores pulmonares semelhantes aos observados em humanos. Assim, descobriram que o novo m\u00e9todo podia diagnosticar de maneira eficiente um c\u00e2ncer de pulm\u00e3o em est\u00e1gio inicial.<\/p>\n\n\n\n<div class=\"wp-block-image\"><figure class=\"aligncenter size-large\"><img loading=\"lazy\" decoding=\"async\" width=\"300\" height=\"250\" src=\"https:\/\/jornalfatosenoticias.com.br\/wp-content\/uploads\/2020\/02\/Banner-2.png\" alt=\"\" class=\"wp-image-43787\"\/><\/figure><\/div>\n\n\n\n<p>Agora, os cientistas pretendem realizar os mesmos testes de precis\u00e3o com humanos. De acordo com os pesquisadores, se o m\u00e9todo for aprovado, poder\u00e1 oferecer uma melhora no diagn\u00f3stico de <a href=\"https:\/\/gizmodo.uol.com.br\/algoritmo-google-detecta-cancer-pulmao\/\">c\u00e2ncer de pulm\u00e3o<\/a> ao redor do mundo. Especialmente em locais onde o acesso \u00e0 tomografia computadorizada \u00e9 limitado.<\/p>\n\n\n\n<div class=\"wp-block-image\"><figure class=\"aligncenter size-large\"><img decoding=\"async\" src=\"https:\/\/jornalfatosenoticias.com.br\/wp-content\/uploads\/2020\/02\/logo_esteio.jpg\" alt=\"\" class=\"wp-image-1214\"\/><\/figure><\/div>\n\n\n\n<blockquote class=\"wp-block-quote is-layout-flow wp-block-quote-is-layout-flow\"><p><span class=\"has-inline-color has-luminous-vivid-orange-color\">Em todo o mundo, o c\u00e2ncer vai se tornar cada vez mais prevalente em pa\u00edses de baixa e m\u00e9dia renda. A epidemiologia do c\u00e2ncer de pulm\u00e3o globalmente \u00e9 impulsionada pela polui\u00e7\u00e3o e pelo tabagismo, ent\u00e3o sabemos que esses s\u00e3o cen\u00e1rios onde a acessibilidade a esse tipo de tecnologia pode ter um grande impacto\u201d, disse Sangeeta Bhatia, autora da pesquisa.<\/span><\/p><\/blockquote>\n\n\n\n<div class=\"wp-block-image\"><figure class=\"aligncenter size-large is-resized\"><img loading=\"lazy\" decoding=\"async\" src=\"https:\/\/jornalfatosenoticias.com.br\/wp-content\/uploads\/2023\/09\/vetorvix1024_1.jpg\" alt=\"\" class=\"wp-image-44868\" width=\"475\" height=\"126\" srcset=\"https:\/\/jornalfatosenoticias.com.br\/wp-content\/uploads\/2023\/09\/vetorvix1024_1.jpg 1024w, https:\/\/jornalfatosenoticias.com.br\/wp-content\/uploads\/2023\/09\/vetorvix1024_1-300x80.jpg 300w, https:\/\/jornalfatosenoticias.com.br\/wp-content\/uploads\/2023\/09\/vetorvix1024_1-768x205.jpg 768w\" sizes=\"auto, (max-width: 475px) 100vw, 475px\" \/><\/figure><\/div>\n\n\n\n<p><strong><em>Fonte: <a href=\"https:\/\/gizmodo.uol.com.br\/rapidos-e-praticos-sensores-inalaveis-podem-ser-o-futuro-do-diagnostico-de-cancer-de-pulmao\/\">Giz Brasil<\/a><\/em><\/strong><\/p>\n","protected":false},"excerpt":{"rendered":"<p>Cientistas do MIT criaram sensores inal\u00e1veis que detectam c\u00e2ncer de pulm\u00e3o em at\u00e9 20 minutos e depois s\u00e3o eliminados pela urina Por B\u00e1rbara Giovani Quando h\u00e1 suspeita de c\u00e2ncer, o diagn\u00f3stico precoce pode significar um aumento na probabilidade de cura. Pensando nisso, cientistas do Instituto de Tecnologia de Massachusetts (MIT) desenvolveram uma nova maneira de [&hellip;]<\/p>\n","protected":false},"author":2,"featured_media":48516,"comment_status":"open","ping_status":"open","sticky":false,"template":"","format":"standard","meta":{"footnotes":""},"categories":[11],"tags":[7967,1125,4656],"class_list":["post-48515","post","type-post","status-publish","format-standard","has-post-thumbnail","hentry","category-saude","tag-cancer-de-pulmao","tag-diagnostico","tag-sensores"],"yoast_head":"<!-- This site is optimized with the Yoast SEO plugin v26.5 - https:\/\/yoast.com\/wordpress\/plugins\/seo\/ -->\n<title>Sensores inal\u00e1veis podem ser o futuro do diagn\u00f3stico de c\u00e2ncer de pulm\u00e3o - Jornal Fatos e Not\u00edcias<\/title>\n<meta name=\"robots\" content=\"index, follow, max-snippet:-1, max-image-preview:large, max-video-preview:-1\" \/>\n<link rel=\"canonical\" href=\"https:\/\/jornalfatosenoticias.com.br\/index.php\/2024\/01\/17\/sensores-inalaveis-podem-ser-o-futuro-do-diagnostico-de-cancer-de-pulmao\/\" \/>\n<meta property=\"og:locale\" content=\"pt_BR\" \/>\n<meta property=\"og:type\" content=\"article\" \/>\n<meta property=\"og:title\" content=\"Sensores inal\u00e1veis podem ser o futuro do diagn\u00f3stico de c\u00e2ncer de pulm\u00e3o - Jornal Fatos e Not\u00edcias\" \/>\n<meta property=\"og:description\" content=\"Cientistas do MIT criaram sensores inal\u00e1veis que detectam c\u00e2ncer de pulm\u00e3o em at\u00e9 20 minutos e depois s\u00e3o eliminados pela urina Por B\u00e1rbara Giovani Quando h\u00e1 suspeita de c\u00e2ncer, o diagn\u00f3stico precoce pode significar um aumento na probabilidade de cura. Pensando nisso, cientistas do Instituto de Tecnologia de Massachusetts (MIT) desenvolveram uma nova maneira de [&hellip;]\" \/>\n<meta property=\"og:url\" content=\"https:\/\/jornalfatosenoticias.com.br\/index.php\/2024\/01\/17\/sensores-inalaveis-podem-ser-o-futuro-do-diagnostico-de-cancer-de-pulmao\/\" \/>\n<meta property=\"og:site_name\" content=\"Jornal Fatos e Not\u00edcias\" \/>\n<meta property=\"article:published_time\" content=\"2024-01-17T12:06:30+00:00\" \/>\n<meta property=\"article:modified_time\" content=\"2024-01-17T12:06:32+00:00\" \/>\n<meta property=\"og:image\" content=\"https:\/\/jornalfatosenoticias.com.br\/wp-content\/uploads\/2024\/01\/sensores-inalaveis-cancer-de-pulmao_istockphoto.jpg\" \/>\n\t<meta property=\"og:image:width\" content=\"612\" \/>\n\t<meta property=\"og:image:height\" content=\"408\" \/>\n\t<meta property=\"og:image:type\" content=\"image\/jpeg\" \/>\n<meta name=\"author\" content=\"Luzimara Fernandes\" \/>\n<meta name=\"twitter:card\" content=\"summary_large_image\" \/>\n<meta name=\"twitter:label1\" content=\"Escrito por\" \/>\n\t<meta name=\"twitter:data1\" content=\"Luzimara Fernandes\" \/>\n\t<meta name=\"twitter:label2\" content=\"Est. tempo de leitura\" \/>\n\t<meta name=\"twitter:data2\" content=\"3 minutos\" \/>\n<script type=\"application\/ld+json\" class=\"yoast-schema-graph\">{\"@context\":\"https:\/\/schema.org\",\"@graph\":[{\"@type\":\"Article\",\"@id\":\"https:\/\/jornalfatosenoticias.com.br\/index.php\/2024\/01\/17\/sensores-inalaveis-podem-ser-o-futuro-do-diagnostico-de-cancer-de-pulmao\/#article\",\"isPartOf\":{\"@id\":\"https:\/\/jornalfatosenoticias.com.br\/index.php\/2024\/01\/17\/sensores-inalaveis-podem-ser-o-futuro-do-diagnostico-de-cancer-de-pulmao\/\"},\"author\":{\"name\":\"Luzimara Fernandes\",\"@id\":\"https:\/\/jornalfatosenoticias.com.br\/#\/schema\/person\/d63837fa13ac8666eb9e74e0985d6f81\"},\"headline\":\"Sensores inal\u00e1veis podem ser o futuro do diagn\u00f3stico de c\u00e2ncer de pulm\u00e3o\",\"datePublished\":\"2024-01-17T12:06:30+00:00\",\"dateModified\":\"2024-01-17T12:06:32+00:00\",\"mainEntityOfPage\":{\"@id\":\"https:\/\/jornalfatosenoticias.com.br\/index.php\/2024\/01\/17\/sensores-inalaveis-podem-ser-o-futuro-do-diagnostico-de-cancer-de-pulmao\/\"},\"wordCount\":517,\"commentCount\":0,\"publisher\":{\"@id\":\"https:\/\/jornalfatosenoticias.com.br\/#organization\"},\"image\":{\"@id\":\"https:\/\/jornalfatosenoticias.com.br\/index.php\/2024\/01\/17\/sensores-inalaveis-podem-ser-o-futuro-do-diagnostico-de-cancer-de-pulmao\/#primaryimage\"},\"thumbnailUrl\":\"https:\/\/jornalfatosenoticias.com.br\/wp-content\/uploads\/2024\/01\/sensores-inalaveis-cancer-de-pulmao_istockphoto.jpg\",\"keywords\":[\"c\u00e2ncer de pulm\u00e3o\",\"diagn\u00f3stico\",\"sensores\"],\"articleSection\":[\"Sa\u00fade\"],\"inLanguage\":\"pt-BR\",\"potentialAction\":[{\"@type\":\"CommentAction\",\"name\":\"Comment\",\"target\":[\"https:\/\/jornalfatosenoticias.com.br\/index.php\/2024\/01\/17\/sensores-inalaveis-podem-ser-o-futuro-do-diagnostico-de-cancer-de-pulmao\/#respond\"]}]},{\"@type\":\"WebPage\",\"@id\":\"https:\/\/jornalfatosenoticias.com.br\/index.php\/2024\/01\/17\/sensores-inalaveis-podem-ser-o-futuro-do-diagnostico-de-cancer-de-pulmao\/\",\"url\":\"https:\/\/jornalfatosenoticias.com.br\/index.php\/2024\/01\/17\/sensores-inalaveis-podem-ser-o-futuro-do-diagnostico-de-cancer-de-pulmao\/\",\"name\":\"Sensores inal\u00e1veis podem ser o futuro do diagn\u00f3stico de c\u00e2ncer de pulm\u00e3o - Jornal Fatos e Not\u00edcias\",\"isPartOf\":{\"@id\":\"https:\/\/jornalfatosenoticias.com.br\/#website\"},\"primaryImageOfPage\":{\"@id\":\"https:\/\/jornalfatosenoticias.com.br\/index.php\/2024\/01\/17\/sensores-inalaveis-podem-ser-o-futuro-do-diagnostico-de-cancer-de-pulmao\/#primaryimage\"},\"image\":{\"@id\":\"https:\/\/jornalfatosenoticias.com.br\/index.php\/2024\/01\/17\/sensores-inalaveis-podem-ser-o-futuro-do-diagnostico-de-cancer-de-pulmao\/#primaryimage\"},\"thumbnailUrl\":\"https:\/\/jornalfatosenoticias.com.br\/wp-content\/uploads\/2024\/01\/sensores-inalaveis-cancer-de-pulmao_istockphoto.jpg\",\"datePublished\":\"2024-01-17T12:06:30+00:00\",\"dateModified\":\"2024-01-17T12:06:32+00:00\",\"breadcrumb\":{\"@id\":\"https:\/\/jornalfatosenoticias.com.br\/index.php\/2024\/01\/17\/sensores-inalaveis-podem-ser-o-futuro-do-diagnostico-de-cancer-de-pulmao\/#breadcrumb\"},\"inLanguage\":\"pt-BR\",\"potentialAction\":[{\"@type\":\"ReadAction\",\"target\":[\"https:\/\/jornalfatosenoticias.com.br\/index.php\/2024\/01\/17\/sensores-inalaveis-podem-ser-o-futuro-do-diagnostico-de-cancer-de-pulmao\/\"]}]},{\"@type\":\"ImageObject\",\"inLanguage\":\"pt-BR\",\"@id\":\"https:\/\/jornalfatosenoticias.com.br\/index.php\/2024\/01\/17\/sensores-inalaveis-podem-ser-o-futuro-do-diagnostico-de-cancer-de-pulmao\/#primaryimage\",\"url\":\"https:\/\/jornalfatosenoticias.com.br\/wp-content\/uploads\/2024\/01\/sensores-inalaveis-cancer-de-pulmao_istockphoto.jpg\",\"contentUrl\":\"https:\/\/jornalfatosenoticias.com.br\/wp-content\/uploads\/2024\/01\/sensores-inalaveis-cancer-de-pulmao_istockphoto.jpg\",\"width\":612,\"height\":408,\"caption\":\"White mask with ventilator &amp; hand sanitizer on white background.\"},{\"@type\":\"BreadcrumbList\",\"@id\":\"https:\/\/jornalfatosenoticias.com.br\/index.php\/2024\/01\/17\/sensores-inalaveis-podem-ser-o-futuro-do-diagnostico-de-cancer-de-pulmao\/#breadcrumb\",\"itemListElement\":[{\"@type\":\"ListItem\",\"position\":1,\"name\":\"In\u00edcio\",\"item\":\"https:\/\/jornalfatosenoticias.com.br\/\"},{\"@type\":\"ListItem\",\"position\":2,\"name\":\"Sensores inal\u00e1veis podem ser o futuro do diagn\u00f3stico de c\u00e2ncer de pulm\u00e3o\"}]},{\"@type\":\"WebSite\",\"@id\":\"https:\/\/jornalfatosenoticias.com.br\/#website\",\"url\":\"https:\/\/jornalfatosenoticias.com.br\/\",\"name\":\"Jornal Fatos e Not\u00edcias\",\"description\":\"Not\u00edcias em geral\",\"publisher\":{\"@id\":\"https:\/\/jornalfatosenoticias.com.br\/#organization\"},\"potentialAction\":[{\"@type\":\"SearchAction\",\"target\":{\"@type\":\"EntryPoint\",\"urlTemplate\":\"https:\/\/jornalfatosenoticias.com.br\/?s={search_term_string}\"},\"query-input\":{\"@type\":\"PropertyValueSpecification\",\"valueRequired\":true,\"valueName\":\"search_term_string\"}}],\"inLanguage\":\"pt-BR\"},{\"@type\":\"Organization\",\"@id\":\"https:\/\/jornalfatosenoticias.com.br\/#organization\",\"name\":\"Jornal Fatos e Not\u00edcias\",\"url\":\"https:\/\/jornalfatosenoticias.com.br\/\",\"logo\":{\"@type\":\"ImageObject\",\"inLanguage\":\"pt-BR\",\"@id\":\"https:\/\/jornalfatosenoticias.com.br\/#\/schema\/logo\/image\/\",\"url\":\"https:\/\/jornalfatosenoticias.com.br\/wp-content\/uploads\/2020\/02\/logo120.png\",\"contentUrl\":\"https:\/\/jornalfatosenoticias.com.br\/wp-content\/uploads\/2020\/02\/logo120.png\",\"width\":1227,\"height\":120,\"caption\":\"Jornal Fatos e Not\u00edcias\"},\"image\":{\"@id\":\"https:\/\/jornalfatosenoticias.com.br\/#\/schema\/logo\/image\/\"}},{\"@type\":\"Person\",\"@id\":\"https:\/\/jornalfatosenoticias.com.br\/#\/schema\/person\/d63837fa13ac8666eb9e74e0985d6f81\",\"name\":\"Luzimara Fernandes\",\"image\":{\"@type\":\"ImageObject\",\"inLanguage\":\"pt-BR\",\"@id\":\"https:\/\/jornalfatosenoticias.com.br\/#\/schema\/person\/image\/\",\"url\":\"https:\/\/jornalfatosenoticias.com.br\/wp-content\/uploads\/2025\/05\/EU_portal.jpg\",\"contentUrl\":\"https:\/\/jornalfatosenoticias.com.br\/wp-content\/uploads\/2025\/05\/EU_portal.jpg\",\"caption\":\"Luzimara Fernandes\"},\"description\":\"Jornalista MTB 2358-ES\",\"sameAs\":[\"https:\/\/jornalfatosenoticias.com.br\"],\"url\":\"https:\/\/jornalfatosenoticias.com.br\/index.php\/author\/luzimara\/\"}]}<\/script>\n<!-- \/ Yoast SEO plugin. -->","yoast_head_json":{"title":"Sensores inal\u00e1veis podem ser o futuro do diagn\u00f3stico de c\u00e2ncer de pulm\u00e3o - Jornal Fatos e Not\u00edcias","robots":{"index":"index","follow":"follow","max-snippet":"max-snippet:-1","max-image-preview":"max-image-preview:large","max-video-preview":"max-video-preview:-1"},"canonical":"https:\/\/jornalfatosenoticias.com.br\/index.php\/2024\/01\/17\/sensores-inalaveis-podem-ser-o-futuro-do-diagnostico-de-cancer-de-pulmao\/","og_locale":"pt_BR","og_type":"article","og_title":"Sensores inal\u00e1veis podem ser o futuro do diagn\u00f3stico de c\u00e2ncer de pulm\u00e3o - Jornal Fatos e Not\u00edcias","og_description":"Cientistas do MIT criaram sensores inal\u00e1veis que detectam c\u00e2ncer de pulm\u00e3o em at\u00e9 20 minutos e depois s\u00e3o eliminados pela urina Por B\u00e1rbara Giovani Quando h\u00e1 suspeita de c\u00e2ncer, o diagn\u00f3stico precoce pode significar um aumento na probabilidade de cura. Pensando nisso, cientistas do Instituto de Tecnologia de Massachusetts (MIT) desenvolveram uma nova maneira de [&hellip;]","og_url":"https:\/\/jornalfatosenoticias.com.br\/index.php\/2024\/01\/17\/sensores-inalaveis-podem-ser-o-futuro-do-diagnostico-de-cancer-de-pulmao\/","og_site_name":"Jornal Fatos e Not\u00edcias","article_published_time":"2024-01-17T12:06:30+00:00","article_modified_time":"2024-01-17T12:06:32+00:00","og_image":[{"width":612,"height":408,"url":"https:\/\/jornalfatosenoticias.com.br\/wp-content\/uploads\/2024\/01\/sensores-inalaveis-cancer-de-pulmao_istockphoto.jpg","type":"image\/jpeg"}],"author":"Luzimara Fernandes","twitter_card":"summary_large_image","twitter_misc":{"Escrito por":"Luzimara Fernandes","Est. tempo de leitura":"3 minutos"},"schema":{"@context":"https:\/\/schema.org","@graph":[{"@type":"Article","@id":"https:\/\/jornalfatosenoticias.com.br\/index.php\/2024\/01\/17\/sensores-inalaveis-podem-ser-o-futuro-do-diagnostico-de-cancer-de-pulmao\/#article","isPartOf":{"@id":"https:\/\/jornalfatosenoticias.com.br\/index.php\/2024\/01\/17\/sensores-inalaveis-podem-ser-o-futuro-do-diagnostico-de-cancer-de-pulmao\/"},"author":{"name":"Luzimara Fernandes","@id":"https:\/\/jornalfatosenoticias.com.br\/#\/schema\/person\/d63837fa13ac8666eb9e74e0985d6f81"},"headline":"Sensores inal\u00e1veis podem ser o futuro do diagn\u00f3stico de c\u00e2ncer de pulm\u00e3o","datePublished":"2024-01-17T12:06:30+00:00","dateModified":"2024-01-17T12:06:32+00:00","mainEntityOfPage":{"@id":"https:\/\/jornalfatosenoticias.com.br\/index.php\/2024\/01\/17\/sensores-inalaveis-podem-ser-o-futuro-do-diagnostico-de-cancer-de-pulmao\/"},"wordCount":517,"commentCount":0,"publisher":{"@id":"https:\/\/jornalfatosenoticias.com.br\/#organization"},"image":{"@id":"https:\/\/jornalfatosenoticias.com.br\/index.php\/2024\/01\/17\/sensores-inalaveis-podem-ser-o-futuro-do-diagnostico-de-cancer-de-pulmao\/#primaryimage"},"thumbnailUrl":"https:\/\/jornalfatosenoticias.com.br\/wp-content\/uploads\/2024\/01\/sensores-inalaveis-cancer-de-pulmao_istockphoto.jpg","keywords":["c\u00e2ncer de pulm\u00e3o","diagn\u00f3stico","sensores"],"articleSection":["Sa\u00fade"],"inLanguage":"pt-BR","potentialAction":[{"@type":"CommentAction","name":"Comment","target":["https:\/\/jornalfatosenoticias.com.br\/index.php\/2024\/01\/17\/sensores-inalaveis-podem-ser-o-futuro-do-diagnostico-de-cancer-de-pulmao\/#respond"]}]},{"@type":"WebPage","@id":"https:\/\/jornalfatosenoticias.com.br\/index.php\/2024\/01\/17\/sensores-inalaveis-podem-ser-o-futuro-do-diagnostico-de-cancer-de-pulmao\/","url":"https:\/\/jornalfatosenoticias.com.br\/index.php\/2024\/01\/17\/sensores-inalaveis-podem-ser-o-futuro-do-diagnostico-de-cancer-de-pulmao\/","name":"Sensores inal\u00e1veis podem ser o futuro do diagn\u00f3stico de c\u00e2ncer de pulm\u00e3o - Jornal Fatos e Not\u00edcias","isPartOf":{"@id":"https:\/\/jornalfatosenoticias.com.br\/#website"},"primaryImageOfPage":{"@id":"https:\/\/jornalfatosenoticias.com.br\/index.php\/2024\/01\/17\/sensores-inalaveis-podem-ser-o-futuro-do-diagnostico-de-cancer-de-pulmao\/#primaryimage"},"image":{"@id":"https:\/\/jornalfatosenoticias.com.br\/index.php\/2024\/01\/17\/sensores-inalaveis-podem-ser-o-futuro-do-diagnostico-de-cancer-de-pulmao\/#primaryimage"},"thumbnailUrl":"https:\/\/jornalfatosenoticias.com.br\/wp-content\/uploads\/2024\/01\/sensores-inalaveis-cancer-de-pulmao_istockphoto.jpg","datePublished":"2024-01-17T12:06:30+00:00","dateModified":"2024-01-17T12:06:32+00:00","breadcrumb":{"@id":"https:\/\/jornalfatosenoticias.com.br\/index.php\/2024\/01\/17\/sensores-inalaveis-podem-ser-o-futuro-do-diagnostico-de-cancer-de-pulmao\/#breadcrumb"},"inLanguage":"pt-BR","potentialAction":[{"@type":"ReadAction","target":["https:\/\/jornalfatosenoticias.com.br\/index.php\/2024\/01\/17\/sensores-inalaveis-podem-ser-o-futuro-do-diagnostico-de-cancer-de-pulmao\/"]}]},{"@type":"ImageObject","inLanguage":"pt-BR","@id":"https:\/\/jornalfatosenoticias.com.br\/index.php\/2024\/01\/17\/sensores-inalaveis-podem-ser-o-futuro-do-diagnostico-de-cancer-de-pulmao\/#primaryimage","url":"https:\/\/jornalfatosenoticias.com.br\/wp-content\/uploads\/2024\/01\/sensores-inalaveis-cancer-de-pulmao_istockphoto.jpg","contentUrl":"https:\/\/jornalfatosenoticias.com.br\/wp-content\/uploads\/2024\/01\/sensores-inalaveis-cancer-de-pulmao_istockphoto.jpg","width":612,"height":408,"caption":"White mask with ventilator &amp; hand sanitizer on white background."},{"@type":"BreadcrumbList","@id":"https:\/\/jornalfatosenoticias.com.br\/index.php\/2024\/01\/17\/sensores-inalaveis-podem-ser-o-futuro-do-diagnostico-de-cancer-de-pulmao\/#breadcrumb","itemListElement":[{"@type":"ListItem","position":1,"name":"In\u00edcio","item":"https:\/\/jornalfatosenoticias.com.br\/"},{"@type":"ListItem","position":2,"name":"Sensores inal\u00e1veis podem ser o futuro do diagn\u00f3stico de c\u00e2ncer de pulm\u00e3o"}]},{"@type":"WebSite","@id":"https:\/\/jornalfatosenoticias.com.br\/#website","url":"https:\/\/jornalfatosenoticias.com.br\/","name":"Jornal Fatos e Not\u00edcias","description":"Not\u00edcias em geral","publisher":{"@id":"https:\/\/jornalfatosenoticias.com.br\/#organization"},"potentialAction":[{"@type":"SearchAction","target":{"@type":"EntryPoint","urlTemplate":"https:\/\/jornalfatosenoticias.com.br\/?s={search_term_string}"},"query-input":{"@type":"PropertyValueSpecification","valueRequired":true,"valueName":"search_term_string"}}],"inLanguage":"pt-BR"},{"@type":"Organization","@id":"https:\/\/jornalfatosenoticias.com.br\/#organization","name":"Jornal Fatos e Not\u00edcias","url":"https:\/\/jornalfatosenoticias.com.br\/","logo":{"@type":"ImageObject","inLanguage":"pt-BR","@id":"https:\/\/jornalfatosenoticias.com.br\/#\/schema\/logo\/image\/","url":"https:\/\/jornalfatosenoticias.com.br\/wp-content\/uploads\/2020\/02\/logo120.png","contentUrl":"https:\/\/jornalfatosenoticias.com.br\/wp-content\/uploads\/2020\/02\/logo120.png","width":1227,"height":120,"caption":"Jornal Fatos e Not\u00edcias"},"image":{"@id":"https:\/\/jornalfatosenoticias.com.br\/#\/schema\/logo\/image\/"}},{"@type":"Person","@id":"https:\/\/jornalfatosenoticias.com.br\/#\/schema\/person\/d63837fa13ac8666eb9e74e0985d6f81","name":"Luzimara Fernandes","image":{"@type":"ImageObject","inLanguage":"pt-BR","@id":"https:\/\/jornalfatosenoticias.com.br\/#\/schema\/person\/image\/","url":"https:\/\/jornalfatosenoticias.com.br\/wp-content\/uploads\/2025\/05\/EU_portal.jpg","contentUrl":"https:\/\/jornalfatosenoticias.com.br\/wp-content\/uploads\/2025\/05\/EU_portal.jpg","caption":"Luzimara Fernandes"},"description":"Jornalista MTB 2358-ES","sameAs":["https:\/\/jornalfatosenoticias.com.br"],"url":"https:\/\/jornalfatosenoticias.com.br\/index.php\/author\/luzimara\/"}]}},"cc_featured_image_caption":{"caption_text":"(Foto: iStock) ","source_text":"","source_url":""},"jetpack_featured_media_url":"https:\/\/jornalfatosenoticias.com.br\/wp-content\/uploads\/2024\/01\/sensores-inalaveis-cancer-de-pulmao_istockphoto.jpg","_links":{"self":[{"href":"https:\/\/jornalfatosenoticias.com.br\/index.php\/wp-json\/wp\/v2\/posts\/48515","targetHints":{"allow":["GET"]}}],"collection":[{"href":"https:\/\/jornalfatosenoticias.com.br\/index.php\/wp-json\/wp\/v2\/posts"}],"about":[{"href":"https:\/\/jornalfatosenoticias.com.br\/index.php\/wp-json\/wp\/v2\/types\/post"}],"author":[{"embeddable":true,"href":"https:\/\/jornalfatosenoticias.com.br\/index.php\/wp-json\/wp\/v2\/users\/2"}],"replies":[{"embeddable":true,"href":"https:\/\/jornalfatosenoticias.com.br\/index.php\/wp-json\/wp\/v2\/comments?post=48515"}],"version-history":[{"count":0,"href":"https:\/\/jornalfatosenoticias.com.br\/index.php\/wp-json\/wp\/v2\/posts\/48515\/revisions"}],"wp:featuredmedia":[{"embeddable":true,"href":"https:\/\/jornalfatosenoticias.com.br\/index.php\/wp-json\/wp\/v2\/media\/48516"}],"wp:attachment":[{"href":"https:\/\/jornalfatosenoticias.com.br\/index.php\/wp-json\/wp\/v2\/media?parent=48515"}],"wp:term":[{"taxonomy":"category","embeddable":true,"href":"https:\/\/jornalfatosenoticias.com.br\/index.php\/wp-json\/wp\/v2\/categories?post=48515"},{"taxonomy":"post_tag","embeddable":true,"href":"https:\/\/jornalfatosenoticias.com.br\/index.php\/wp-json\/wp\/v2\/tags?post=48515"}],"curies":[{"name":"wp","href":"https:\/\/api.w.org\/{rel}","templated":true}]}}