{"id":48524,"date":"2024-01-17T10:14:53","date_gmt":"2024-01-17T13:14:53","guid":{"rendered":"https:\/\/jornalfatosenoticias.com.br\/?p=48524"},"modified":"2024-01-17T10:14:54","modified_gmt":"2024-01-17T13:14:54","slug":"cientistas-encontram-quatro-novas-especies-de-polvo-em-regiao-inesperada-no-caribe","status":"publish","type":"post","link":"https:\/\/jornalfatosenoticias.com.br\/index.php\/2024\/01\/17\/cientistas-encontram-quatro-novas-especies-de-polvo-em-regiao-inesperada-no-caribe\/","title":{"rendered":"Cientistas encontram quatro novas esp\u00e9cies de polvo em regi\u00e3o inesperada no Caribe"},"content":{"rendered":"\n<p><em><span class=\"has-inline-color has-black-color\">160 animais coletados durante a expedi\u00e7\u00e3o ser\u00e3o destinados ao acervo do Museu de Zoologia da Universidade da Costa Rica<\/span><\/em><\/p>\n\n\n\n<p><span class=\"has-inline-color has-black-color\">Por <strong><a href=\"https:\/\/gizmodo.uol.com.br\/author\/gabriel-andrade\/\">Gabriel Andrade<\/a><\/strong><\/span><\/p>\n\n\n\n<div class=\"wp-block-image\"><figure class=\"aligncenter size-large\"><img loading=\"lazy\" decoding=\"async\" width=\"729\" height=\"90\" src=\"https:\/\/jornalfatosenoticias.com.br\/wp-content\/uploads\/2020\/02\/Logo_Mizu.png\" alt=\"\" class=\"wp-image-1441\" srcset=\"https:\/\/jornalfatosenoticias.com.br\/wp-content\/uploads\/2020\/02\/Logo_Mizu.png 729w, https:\/\/jornalfatosenoticias.com.br\/wp-content\/uploads\/2020\/02\/Logo_Mizu-300x37.png 300w\" sizes=\"auto, (max-width: 729px) 100vw, 729px\" \/><\/figure><\/div>\n\n\n\n<p>Cientistas a bordo do navio de pesquisa oceanogr\u00e1fica R\/V Falkor (too), do Instituto Schmidt Ocean (EUA), fizeram uma descoberta surpreendente: eles encontraram pelo menos quatro novas esp\u00e9cies de polvo em uma \u00e1rea de 160 km nas profundezas do mar pr\u00f3ximo ao territ\u00f3rio da Costa Rica.<br>A equipe internacional de cientistas conduziu duas expedi\u00e7\u00f5es em 2023, explorando montes submarinos na <a href=\"https:\/\/gizmodo.uol.com.br\/o-rio-que-mudou-de-cor-e-outras-bizarrices-das-mudancas-climaticas\/\">costa do Pac\u00edfico que banha a Costa Rica<\/a>. Al\u00e9m disso, durante a primeira expedi\u00e7\u00e3o, em junho, os pesquisadores identificaram duas \u00e1reas de reprodu\u00e7\u00e3o de polvos associadas a fontes hidrotermais.<br>Retornando seis meses depois, o grupo confirmou que essas \u00e1reas est\u00e3o ativas durante todo o ano \u2014 e, surpreendentemente, descobriu diversas outras esp\u00e9cies de polvo distantes dessas fontes hidrotermais. Os cientistas Beth Orcutt, do Bigelow Laboratory for Ocean Sciences (EUA), e Jorge Cort\u00e9s, da Universidade da Costa Rica, lideraram ambas as expedi\u00e7\u00f5es.<\/p>\n\n\n\n<div class=\"wp-block-image\"><figure class=\"aligncenter size-large is-resized\"><img loading=\"lazy\" decoding=\"async\" src=\"https:\/\/jornalfatosenoticias.com.br\/wp-content\/uploads\/2023\/08\/BKR-1024x1021.jpg\" alt=\"\" class=\"wp-image-44494\" width=\"320\" height=\"319\" srcset=\"https:\/\/jornalfatosenoticias.com.br\/wp-content\/uploads\/2023\/08\/BKR-1024x1021.jpg 1024w, https:\/\/jornalfatosenoticias.com.br\/wp-content\/uploads\/2023\/08\/BKR-300x300.jpg 300w, https:\/\/jornalfatosenoticias.com.br\/wp-content\/uploads\/2023\/08\/BKR-150x150.jpg 150w, https:\/\/jornalfatosenoticias.com.br\/wp-content\/uploads\/2023\/08\/BKR-768x766.jpg 768w, https:\/\/jornalfatosenoticias.com.br\/wp-content\/uploads\/2023\/08\/BKR.jpg 1080w\" sizes=\"auto, (max-width: 320px) 100vw, 320px\" \/><\/figure><\/div>\n\n\n\n<p>As quatro novas esp\u00e9cies est\u00e3o sendo descritas pela pesquisadora Janet Voight, curadora associada de zoologia invertebrada do Museu Field de Hist\u00f3ria Natural, e Fiorella Vasquez, do Museu Zool\u00f3gico da Universidade da Costa Rica.<br>Uma das novas esp\u00e9cies \u00e9 uma variedade de <em>Muusoctopus<\/em> e ser\u00e1 batizada como \u201cpolvo dorado\u201d. O nome faz refer\u00eancia ao local inicial da descoberta, uma pequena eleva\u00e7\u00e3o rochosa conhecida popularmente como El Dorado Hill.<\/p>\n\n\n\n<div class=\"wp-block-image\"><figure class=\"aligncenter size-large is-resized\"><img loading=\"lazy\" decoding=\"async\" src=\"https:\/\/jornalfatosenoticias.com.br\/wp-content\/uploads\/2023\/12\/pegoretti-logo-pdf-1024x389.jpg\" alt=\"\" class=\"wp-image-47536\" width=\"388\" height=\"147\" srcset=\"https:\/\/jornalfatosenoticias.com.br\/wp-content\/uploads\/2023\/12\/pegoretti-logo-pdf-1024x389.jpg 1024w, https:\/\/jornalfatosenoticias.com.br\/wp-content\/uploads\/2023\/12\/pegoretti-logo-pdf-300x114.jpg 300w, https:\/\/jornalfatosenoticias.com.br\/wp-content\/uploads\/2023\/12\/pegoretti-logo-pdf-768x291.jpg 768w, https:\/\/jornalfatosenoticias.com.br\/wp-content\/uploads\/2023\/12\/pegoretti-logo-pdf.jpg 1120w\" sizes=\"auto, (max-width: 388px) 100vw, 388px\" \/><\/figure><\/div>\n\n\n\n<p>Distinta do polvo p\u00e9rola encontrado no Davidson Seamount, na Calif\u00f3rnia (EUA), em 2018, o polvo dorado foi observado incubando seus ovos em <a href=\"https:\/\/gizmodo.uol.com.br\/cientistas-encontram-novo-ecossistema-escondido-no-fundo-do-mar\/\">fontes hidrotermais<\/a>. Al\u00e9m disso, a descoberta acrescenta evid\u00eancias de que o g\u00eanero <em>Muusoctopus<\/em> evoluiu para incubar ovos em fontes termais no leito do mar.<\/p>\n\n\n\n<div class=\"wp-block-image\"><figure class=\"aligncenter size-large\"><img loading=\"lazy\" decoding=\"async\" width=\"300\" height=\"250\" src=\"https:\/\/jornalfatosenoticias.com.br\/wp-content\/uploads\/2020\/02\/Banner-2.png\" alt=\"\" class=\"wp-image-43787\"\/><\/figure><\/div>\n\n\n\n<blockquote class=\"wp-block-quote is-layout-flow wp-block-quote-is-layout-flow\"><p><span class=\"has-inline-color has-luminous-vivid-orange-color\">Atrav\u00e9s de muito esfor\u00e7o, nossa equipe encontrou novas fontes hidrotermais na costa da Costa Rica. Por exemplo, isso confirmou que abrigam \u00e1reas de reprodu\u00e7\u00e3o de polvos de \u00e1guas profundas e uma biodiversidade \u00fanica\u201d, afirmou Orcutt em um <a href=\"https:\/\/schmidtocean.org\/scientists-discover-four-new-species-of-deep-sea-octopus\/\">comunicado<\/a>. \u201cFoi h\u00e1 menos de uma d\u00e9cada que a libera\u00e7\u00e3o de calor de fontes hidrotermais de baixa temperatura foi confirmada em vulc\u00f5es antigos, longe das dorsais oce\u00e2nicas. Esses locais s\u00e3o significativamente dif\u00edceis de encontrar, pois n\u00e3o \u00e9 poss\u00edvel detectar suas assinaturas na coluna d\u2019\u00e1gua\u201d.<\/span><\/p><\/blockquote>\n\n\n\n<div class=\"wp-block-image\"><figure class=\"aligncenter size-large is-resized\"><img loading=\"lazy\" decoding=\"async\" src=\"https:\/\/jornalfatosenoticias.com.br\/wp-content\/uploads\/2020\/02\/CONTROL-CS.jpg\" alt=\"\" class=\"wp-image-44991\" width=\"349\" height=\"418\" srcset=\"https:\/\/jornalfatosenoticias.com.br\/wp-content\/uploads\/2020\/02\/CONTROL-CS.jpg 834w, https:\/\/jornalfatosenoticias.com.br\/wp-content\/uploads\/2020\/02\/CONTROL-CS-250x300.jpg 250w, https:\/\/jornalfatosenoticias.com.br\/wp-content\/uploads\/2020\/02\/CONTROL-CS-768x921.jpg 768w\" sizes=\"auto, (max-width: 349px) 100vw, 349px\" \/><\/figure><\/div>\n\n\n\n<p>Os mais de 160 animais coletados durante a expedi\u00e7\u00e3o de dezembro ser\u00e3o destinados ao acervo do Museu de Zoologia da Universidade da Costa Rica. Eles se juntar\u00e3o, assim, aos 150 esp\u00e9cimes coletados em junho. Vale mencionar aqui que o destino dos exemplares coletados \u00e9 importante. <\/p>\n\n\n\n<div class=\"wp-block-image\"><figure class=\"aligncenter size-large is-resized\"><img loading=\"lazy\" decoding=\"async\" src=\"https:\/\/jornalfatosenoticias.com.br\/wp-content\/uploads\/2020\/02\/nova-logo-Marquetti.jpg\" alt=\"\" class=\"wp-image-22331\" width=\"309\" height=\"207\" srcset=\"https:\/\/jornalfatosenoticias.com.br\/wp-content\/uploads\/2020\/02\/nova-logo-Marquetti.jpg 643w, https:\/\/jornalfatosenoticias.com.br\/wp-content\/uploads\/2020\/02\/nova-logo-Marquetti-300x202.jpg 300w\" sizes=\"auto, (max-width: 309px) 100vw, 309px\" \/><\/figure><\/div>\n\n\n\n<p>Normalmente, descobertas raras em \u00e1guas profundas de pa\u00edses da Am\u00e9rica Latina e Caribe s\u00e3o enviadas para os Estados Unidos ou Europa. A manuten\u00e7\u00e3o da cole\u00e7\u00e3o na Costa Rica facilita o acesso de cientistas e estudantes locais \u00e0s amostras, com o potencial de informar estrat\u00e9gias de manejo regional para as profundezas do mar.<\/p>\n\n\n\n<div class=\"wp-block-image\"><figure class=\"aligncenter size-large is-resized\"><img loading=\"lazy\" decoding=\"async\" src=\"https:\/\/jornalfatosenoticias.com.br\/wp-content\/uploads\/2022\/02\/Precisao-Contabilidade-1024x724.jpg\" alt=\"\" class=\"wp-image-28088\" width=\"332\" height=\"235\"\/><\/figure><\/div>\n\n\n\n<blockquote class=\"wp-block-quote is-layout-flow wp-block-quote-is-layout-flow\"><p><span class=\"has-inline-color has-luminous-vivid-orange-color\">Espero que a expedi\u00e7\u00e3o sirva de inspira\u00e7\u00e3o para as novas gera\u00e7\u00f5es. Precisamos de mais colabora\u00e7\u00f5es internacionais para avan\u00e7ar no conhecimento de nossa heran\u00e7a no mar profundo\u201d, completou Beth Orcutt.<\/span><\/p><\/blockquote>\n\n\n\n<div class=\"wp-block-image\"><figure class=\"aligncenter size-large is-resized\"><img loading=\"lazy\" decoding=\"async\" src=\"https:\/\/jornalfatosenoticias.com.br\/wp-content\/uploads\/2023\/03\/logo-Panper_portal.jpg\" alt=\"\" class=\"wp-image-40208\" width=\"328\" height=\"227\" srcset=\"https:\/\/jornalfatosenoticias.com.br\/wp-content\/uploads\/2023\/03\/logo-Panper_portal.jpg 400w, https:\/\/jornalfatosenoticias.com.br\/wp-content\/uploads\/2023\/03\/logo-Panper_portal-300x208.jpg 300w\" sizes=\"auto, (max-width: 328px) 100vw, 328px\" \/><\/figure><\/div>\n\n\n\n<p><strong><em>Fonte: <a href=\"https:\/\/gizmodo.uol.com.br\/cientistas-encontram-4-novas-especies-de-polvo-em-regiao-inesperada-no-caribe\/\">Giz Brasil<\/a><\/em><\/strong><\/p>\n","protected":false},"excerpt":{"rendered":"<p>160 animais coletados durante a expedi\u00e7\u00e3o ser\u00e3o destinados ao acervo do Museu de Zoologia da Universidade da Costa Rica Por Gabriel Andrade Cientistas a bordo do navio de pesquisa oceanogr\u00e1fica R\/V Falkor (too), do Instituto Schmidt Ocean (EUA), fizeram uma descoberta surpreendente: eles encontraram pelo menos quatro novas esp\u00e9cies de polvo em uma \u00e1rea de [&hellip;]<\/p>\n","protected":false},"author":2,"featured_media":48525,"comment_status":"open","ping_status":"open","sticky":false,"template":"","format":"standard","meta":{"footnotes":""},"categories":[8],"tags":[510,137,8533,3183],"class_list":["post-48524","post","type-post","status-publish","format-standard","has-post-thumbnail","hentry","category-meio-ambiente","tag-caribe","tag-mar","tag-novas-especies","tag-polvo"],"yoast_head":"<!-- This site is optimized with the Yoast SEO plugin v26.5 - https:\/\/yoast.com\/wordpress\/plugins\/seo\/ -->\n<title>Cientistas encontram quatro novas esp\u00e9cies de polvo em regi\u00e3o inesperada no Caribe - Jornal Fatos e Not\u00edcias<\/title>\n<meta name=\"robots\" content=\"index, follow, max-snippet:-1, max-image-preview:large, max-video-preview:-1\" \/>\n<link rel=\"canonical\" href=\"https:\/\/jornalfatosenoticias.com.br\/index.php\/2024\/01\/17\/cientistas-encontram-quatro-novas-especies-de-polvo-em-regiao-inesperada-no-caribe\/\" \/>\n<meta property=\"og:locale\" content=\"pt_BR\" \/>\n<meta property=\"og:type\" content=\"article\" \/>\n<meta property=\"og:title\" content=\"Cientistas encontram quatro novas esp\u00e9cies de polvo em regi\u00e3o inesperada no Caribe - Jornal Fatos e Not\u00edcias\" \/>\n<meta property=\"og:description\" content=\"160 animais coletados durante a expedi\u00e7\u00e3o ser\u00e3o destinados ao acervo do Museu de Zoologia da Universidade da Costa Rica Por Gabriel Andrade Cientistas a bordo do navio de pesquisa oceanogr\u00e1fica R\/V Falkor (too), do Instituto Schmidt Ocean (EUA), fizeram uma descoberta surpreendente: eles encontraram pelo menos quatro novas esp\u00e9cies de polvo em uma \u00e1rea de [&hellip;]\" \/>\n<meta property=\"og:url\" content=\"https:\/\/jornalfatosenoticias.com.br\/index.php\/2024\/01\/17\/cientistas-encontram-quatro-novas-especies-de-polvo-em-regiao-inesperada-no-caribe\/\" \/>\n<meta property=\"og:site_name\" content=\"Jornal Fatos e Not\u00edcias\" \/>\n<meta property=\"article:published_time\" content=\"2024-01-17T13:14:53+00:00\" \/>\n<meta property=\"article:modified_time\" content=\"2024-01-17T13:14:54+00:00\" \/>\n<meta property=\"og:image\" content=\"https:\/\/jornalfatosenoticias.com.br\/wp-content\/uploads\/2024\/01\/polvo.jpeg\" \/>\n\t<meta property=\"og:image:width\" content=\"626\" \/>\n\t<meta property=\"og:image:height\" content=\"358\" \/>\n\t<meta property=\"og:image:type\" content=\"image\/jpeg\" \/>\n<meta name=\"author\" content=\"Luzimara Fernandes\" \/>\n<meta name=\"twitter:card\" content=\"summary_large_image\" \/>\n<meta name=\"twitter:label1\" content=\"Escrito por\" \/>\n\t<meta name=\"twitter:data1\" content=\"Luzimara Fernandes\" \/>\n\t<meta name=\"twitter:label2\" content=\"Est. tempo de leitura\" \/>\n\t<meta name=\"twitter:data2\" content=\"3 minutos\" \/>\n<script type=\"application\/ld+json\" class=\"yoast-schema-graph\">{\"@context\":\"https:\/\/schema.org\",\"@graph\":[{\"@type\":\"Article\",\"@id\":\"https:\/\/jornalfatosenoticias.com.br\/index.php\/2024\/01\/17\/cientistas-encontram-quatro-novas-especies-de-polvo-em-regiao-inesperada-no-caribe\/#article\",\"isPartOf\":{\"@id\":\"https:\/\/jornalfatosenoticias.com.br\/index.php\/2024\/01\/17\/cientistas-encontram-quatro-novas-especies-de-polvo-em-regiao-inesperada-no-caribe\/\"},\"author\":{\"name\":\"Luzimara Fernandes\",\"@id\":\"https:\/\/jornalfatosenoticias.com.br\/#\/schema\/person\/d63837fa13ac8666eb9e74e0985d6f81\"},\"headline\":\"Cientistas encontram quatro novas esp\u00e9cies de polvo em regi\u00e3o inesperada no Caribe\",\"datePublished\":\"2024-01-17T13:14:53+00:00\",\"dateModified\":\"2024-01-17T13:14:54+00:00\",\"mainEntityOfPage\":{\"@id\":\"https:\/\/jornalfatosenoticias.com.br\/index.php\/2024\/01\/17\/cientistas-encontram-quatro-novas-especies-de-polvo-em-regiao-inesperada-no-caribe\/\"},\"wordCount\":545,\"commentCount\":0,\"publisher\":{\"@id\":\"https:\/\/jornalfatosenoticias.com.br\/#organization\"},\"image\":{\"@id\":\"https:\/\/jornalfatosenoticias.com.br\/index.php\/2024\/01\/17\/cientistas-encontram-quatro-novas-especies-de-polvo-em-regiao-inesperada-no-caribe\/#primaryimage\"},\"thumbnailUrl\":\"https:\/\/jornalfatosenoticias.com.br\/wp-content\/uploads\/2024\/01\/polvo.jpeg\",\"keywords\":[\"Caribe\",\"mar\",\"novas esp\u00e9cies\",\"polvo\"],\"articleSection\":[\"Meio ambiente\"],\"inLanguage\":\"pt-BR\",\"potentialAction\":[{\"@type\":\"CommentAction\",\"name\":\"Comment\",\"target\":[\"https:\/\/jornalfatosenoticias.com.br\/index.php\/2024\/01\/17\/cientistas-encontram-quatro-novas-especies-de-polvo-em-regiao-inesperada-no-caribe\/#respond\"]}]},{\"@type\":\"WebPage\",\"@id\":\"https:\/\/jornalfatosenoticias.com.br\/index.php\/2024\/01\/17\/cientistas-encontram-quatro-novas-especies-de-polvo-em-regiao-inesperada-no-caribe\/\",\"url\":\"https:\/\/jornalfatosenoticias.com.br\/index.php\/2024\/01\/17\/cientistas-encontram-quatro-novas-especies-de-polvo-em-regiao-inesperada-no-caribe\/\",\"name\":\"Cientistas encontram quatro novas esp\u00e9cies de polvo em regi\u00e3o inesperada no Caribe - Jornal Fatos e Not\u00edcias\",\"isPartOf\":{\"@id\":\"https:\/\/jornalfatosenoticias.com.br\/#website\"},\"primaryImageOfPage\":{\"@id\":\"https:\/\/jornalfatosenoticias.com.br\/index.php\/2024\/01\/17\/cientistas-encontram-quatro-novas-especies-de-polvo-em-regiao-inesperada-no-caribe\/#primaryimage\"},\"image\":{\"@id\":\"https:\/\/jornalfatosenoticias.com.br\/index.php\/2024\/01\/17\/cientistas-encontram-quatro-novas-especies-de-polvo-em-regiao-inesperada-no-caribe\/#primaryimage\"},\"thumbnailUrl\":\"https:\/\/jornalfatosenoticias.com.br\/wp-content\/uploads\/2024\/01\/polvo.jpeg\",\"datePublished\":\"2024-01-17T13:14:53+00:00\",\"dateModified\":\"2024-01-17T13:14:54+00:00\",\"breadcrumb\":{\"@id\":\"https:\/\/jornalfatosenoticias.com.br\/index.php\/2024\/01\/17\/cientistas-encontram-quatro-novas-especies-de-polvo-em-regiao-inesperada-no-caribe\/#breadcrumb\"},\"inLanguage\":\"pt-BR\",\"potentialAction\":[{\"@type\":\"ReadAction\",\"target\":[\"https:\/\/jornalfatosenoticias.com.br\/index.php\/2024\/01\/17\/cientistas-encontram-quatro-novas-especies-de-polvo-em-regiao-inesperada-no-caribe\/\"]}]},{\"@type\":\"ImageObject\",\"inLanguage\":\"pt-BR\",\"@id\":\"https:\/\/jornalfatosenoticias.com.br\/index.php\/2024\/01\/17\/cientistas-encontram-quatro-novas-especies-de-polvo-em-regiao-inesperada-no-caribe\/#primaryimage\",\"url\":\"https:\/\/jornalfatosenoticias.com.br\/wp-content\/uploads\/2024\/01\/polvo.jpeg\",\"contentUrl\":\"https:\/\/jornalfatosenoticias.com.br\/wp-content\/uploads\/2024\/01\/polvo.jpeg\",\"width\":626,\"height\":358},{\"@type\":\"BreadcrumbList\",\"@id\":\"https:\/\/jornalfatosenoticias.com.br\/index.php\/2024\/01\/17\/cientistas-encontram-quatro-novas-especies-de-polvo-em-regiao-inesperada-no-caribe\/#breadcrumb\",\"itemListElement\":[{\"@type\":\"ListItem\",\"position\":1,\"name\":\"In\u00edcio\",\"item\":\"https:\/\/jornalfatosenoticias.com.br\/\"},{\"@type\":\"ListItem\",\"position\":2,\"name\":\"Cientistas encontram quatro novas esp\u00e9cies de polvo em regi\u00e3o inesperada no Caribe\"}]},{\"@type\":\"WebSite\",\"@id\":\"https:\/\/jornalfatosenoticias.com.br\/#website\",\"url\":\"https:\/\/jornalfatosenoticias.com.br\/\",\"name\":\"Jornal Fatos e Not\u00edcias\",\"description\":\"Not\u00edcias em geral\",\"publisher\":{\"@id\":\"https:\/\/jornalfatosenoticias.com.br\/#organization\"},\"potentialAction\":[{\"@type\":\"SearchAction\",\"target\":{\"@type\":\"EntryPoint\",\"urlTemplate\":\"https:\/\/jornalfatosenoticias.com.br\/?s={search_term_string}\"},\"query-input\":{\"@type\":\"PropertyValueSpecification\",\"valueRequired\":true,\"valueName\":\"search_term_string\"}}],\"inLanguage\":\"pt-BR\"},{\"@type\":\"Organization\",\"@id\":\"https:\/\/jornalfatosenoticias.com.br\/#organization\",\"name\":\"Jornal Fatos e Not\u00edcias\",\"url\":\"https:\/\/jornalfatosenoticias.com.br\/\",\"logo\":{\"@type\":\"ImageObject\",\"inLanguage\":\"pt-BR\",\"@id\":\"https:\/\/jornalfatosenoticias.com.br\/#\/schema\/logo\/image\/\",\"url\":\"https:\/\/jornalfatosenoticias.com.br\/wp-content\/uploads\/2020\/02\/logo120.png\",\"contentUrl\":\"https:\/\/jornalfatosenoticias.com.br\/wp-content\/uploads\/2020\/02\/logo120.png\",\"width\":1227,\"height\":120,\"caption\":\"Jornal Fatos e Not\u00edcias\"},\"image\":{\"@id\":\"https:\/\/jornalfatosenoticias.com.br\/#\/schema\/logo\/image\/\"}},{\"@type\":\"Person\",\"@id\":\"https:\/\/jornalfatosenoticias.com.br\/#\/schema\/person\/d63837fa13ac8666eb9e74e0985d6f81\",\"name\":\"Luzimara Fernandes\",\"image\":{\"@type\":\"ImageObject\",\"inLanguage\":\"pt-BR\",\"@id\":\"https:\/\/jornalfatosenoticias.com.br\/#\/schema\/person\/image\/\",\"url\":\"https:\/\/jornalfatosenoticias.com.br\/wp-content\/uploads\/2025\/05\/EU_portal.jpg\",\"contentUrl\":\"https:\/\/jornalfatosenoticias.com.br\/wp-content\/uploads\/2025\/05\/EU_portal.jpg\",\"caption\":\"Luzimara Fernandes\"},\"description\":\"Jornalista MTB 2358-ES\",\"sameAs\":[\"https:\/\/jornalfatosenoticias.com.br\"],\"url\":\"https:\/\/jornalfatosenoticias.com.br\/index.php\/author\/luzimara\/\"}]}<\/script>\n<!-- \/ Yoast SEO plugin. -->","yoast_head_json":{"title":"Cientistas encontram quatro novas esp\u00e9cies de polvo em regi\u00e3o inesperada no Caribe - Jornal Fatos e Not\u00edcias","robots":{"index":"index","follow":"follow","max-snippet":"max-snippet:-1","max-image-preview":"max-image-preview:large","max-video-preview":"max-video-preview:-1"},"canonical":"https:\/\/jornalfatosenoticias.com.br\/index.php\/2024\/01\/17\/cientistas-encontram-quatro-novas-especies-de-polvo-em-regiao-inesperada-no-caribe\/","og_locale":"pt_BR","og_type":"article","og_title":"Cientistas encontram quatro novas esp\u00e9cies de polvo em regi\u00e3o inesperada no Caribe - Jornal Fatos e Not\u00edcias","og_description":"160 animais coletados durante a expedi\u00e7\u00e3o ser\u00e3o destinados ao acervo do Museu de Zoologia da Universidade da Costa Rica Por Gabriel Andrade Cientistas a bordo do navio de pesquisa oceanogr\u00e1fica R\/V Falkor (too), do Instituto Schmidt Ocean (EUA), fizeram uma descoberta surpreendente: eles encontraram pelo menos quatro novas esp\u00e9cies de polvo em uma \u00e1rea de [&hellip;]","og_url":"https:\/\/jornalfatosenoticias.com.br\/index.php\/2024\/01\/17\/cientistas-encontram-quatro-novas-especies-de-polvo-em-regiao-inesperada-no-caribe\/","og_site_name":"Jornal Fatos e Not\u00edcias","article_published_time":"2024-01-17T13:14:53+00:00","article_modified_time":"2024-01-17T13:14:54+00:00","og_image":[{"width":626,"height":358,"url":"https:\/\/jornalfatosenoticias.com.br\/wp-content\/uploads\/2024\/01\/polvo.jpeg","type":"image\/jpeg"}],"author":"Luzimara Fernandes","twitter_card":"summary_large_image","twitter_misc":{"Escrito por":"Luzimara Fernandes","Est. tempo de leitura":"3 minutos"},"schema":{"@context":"https:\/\/schema.org","@graph":[{"@type":"Article","@id":"https:\/\/jornalfatosenoticias.com.br\/index.php\/2024\/01\/17\/cientistas-encontram-quatro-novas-especies-de-polvo-em-regiao-inesperada-no-caribe\/#article","isPartOf":{"@id":"https:\/\/jornalfatosenoticias.com.br\/index.php\/2024\/01\/17\/cientistas-encontram-quatro-novas-especies-de-polvo-em-regiao-inesperada-no-caribe\/"},"author":{"name":"Luzimara Fernandes","@id":"https:\/\/jornalfatosenoticias.com.br\/#\/schema\/person\/d63837fa13ac8666eb9e74e0985d6f81"},"headline":"Cientistas encontram quatro novas esp\u00e9cies de polvo em regi\u00e3o inesperada no Caribe","datePublished":"2024-01-17T13:14:53+00:00","dateModified":"2024-01-17T13:14:54+00:00","mainEntityOfPage":{"@id":"https:\/\/jornalfatosenoticias.com.br\/index.php\/2024\/01\/17\/cientistas-encontram-quatro-novas-especies-de-polvo-em-regiao-inesperada-no-caribe\/"},"wordCount":545,"commentCount":0,"publisher":{"@id":"https:\/\/jornalfatosenoticias.com.br\/#organization"},"image":{"@id":"https:\/\/jornalfatosenoticias.com.br\/index.php\/2024\/01\/17\/cientistas-encontram-quatro-novas-especies-de-polvo-em-regiao-inesperada-no-caribe\/#primaryimage"},"thumbnailUrl":"https:\/\/jornalfatosenoticias.com.br\/wp-content\/uploads\/2024\/01\/polvo.jpeg","keywords":["Caribe","mar","novas esp\u00e9cies","polvo"],"articleSection":["Meio ambiente"],"inLanguage":"pt-BR","potentialAction":[{"@type":"CommentAction","name":"Comment","target":["https:\/\/jornalfatosenoticias.com.br\/index.php\/2024\/01\/17\/cientistas-encontram-quatro-novas-especies-de-polvo-em-regiao-inesperada-no-caribe\/#respond"]}]},{"@type":"WebPage","@id":"https:\/\/jornalfatosenoticias.com.br\/index.php\/2024\/01\/17\/cientistas-encontram-quatro-novas-especies-de-polvo-em-regiao-inesperada-no-caribe\/","url":"https:\/\/jornalfatosenoticias.com.br\/index.php\/2024\/01\/17\/cientistas-encontram-quatro-novas-especies-de-polvo-em-regiao-inesperada-no-caribe\/","name":"Cientistas encontram quatro novas esp\u00e9cies de polvo em regi\u00e3o inesperada no Caribe - Jornal Fatos e Not\u00edcias","isPartOf":{"@id":"https:\/\/jornalfatosenoticias.com.br\/#website"},"primaryImageOfPage":{"@id":"https:\/\/jornalfatosenoticias.com.br\/index.php\/2024\/01\/17\/cientistas-encontram-quatro-novas-especies-de-polvo-em-regiao-inesperada-no-caribe\/#primaryimage"},"image":{"@id":"https:\/\/jornalfatosenoticias.com.br\/index.php\/2024\/01\/17\/cientistas-encontram-quatro-novas-especies-de-polvo-em-regiao-inesperada-no-caribe\/#primaryimage"},"thumbnailUrl":"https:\/\/jornalfatosenoticias.com.br\/wp-content\/uploads\/2024\/01\/polvo.jpeg","datePublished":"2024-01-17T13:14:53+00:00","dateModified":"2024-01-17T13:14:54+00:00","breadcrumb":{"@id":"https:\/\/jornalfatosenoticias.com.br\/index.php\/2024\/01\/17\/cientistas-encontram-quatro-novas-especies-de-polvo-em-regiao-inesperada-no-caribe\/#breadcrumb"},"inLanguage":"pt-BR","potentialAction":[{"@type":"ReadAction","target":["https:\/\/jornalfatosenoticias.com.br\/index.php\/2024\/01\/17\/cientistas-encontram-quatro-novas-especies-de-polvo-em-regiao-inesperada-no-caribe\/"]}]},{"@type":"ImageObject","inLanguage":"pt-BR","@id":"https:\/\/jornalfatosenoticias.com.br\/index.php\/2024\/01\/17\/cientistas-encontram-quatro-novas-especies-de-polvo-em-regiao-inesperada-no-caribe\/#primaryimage","url":"https:\/\/jornalfatosenoticias.com.br\/wp-content\/uploads\/2024\/01\/polvo.jpeg","contentUrl":"https:\/\/jornalfatosenoticias.com.br\/wp-content\/uploads\/2024\/01\/polvo.jpeg","width":626,"height":358},{"@type":"BreadcrumbList","@id":"https:\/\/jornalfatosenoticias.com.br\/index.php\/2024\/01\/17\/cientistas-encontram-quatro-novas-especies-de-polvo-em-regiao-inesperada-no-caribe\/#breadcrumb","itemListElement":[{"@type":"ListItem","position":1,"name":"In\u00edcio","item":"https:\/\/jornalfatosenoticias.com.br\/"},{"@type":"ListItem","position":2,"name":"Cientistas encontram quatro novas esp\u00e9cies de polvo em regi\u00e3o inesperada no Caribe"}]},{"@type":"WebSite","@id":"https:\/\/jornalfatosenoticias.com.br\/#website","url":"https:\/\/jornalfatosenoticias.com.br\/","name":"Jornal Fatos e Not\u00edcias","description":"Not\u00edcias em geral","publisher":{"@id":"https:\/\/jornalfatosenoticias.com.br\/#organization"},"potentialAction":[{"@type":"SearchAction","target":{"@type":"EntryPoint","urlTemplate":"https:\/\/jornalfatosenoticias.com.br\/?s={search_term_string}"},"query-input":{"@type":"PropertyValueSpecification","valueRequired":true,"valueName":"search_term_string"}}],"inLanguage":"pt-BR"},{"@type":"Organization","@id":"https:\/\/jornalfatosenoticias.com.br\/#organization","name":"Jornal Fatos e Not\u00edcias","url":"https:\/\/jornalfatosenoticias.com.br\/","logo":{"@type":"ImageObject","inLanguage":"pt-BR","@id":"https:\/\/jornalfatosenoticias.com.br\/#\/schema\/logo\/image\/","url":"https:\/\/jornalfatosenoticias.com.br\/wp-content\/uploads\/2020\/02\/logo120.png","contentUrl":"https:\/\/jornalfatosenoticias.com.br\/wp-content\/uploads\/2020\/02\/logo120.png","width":1227,"height":120,"caption":"Jornal Fatos e Not\u00edcias"},"image":{"@id":"https:\/\/jornalfatosenoticias.com.br\/#\/schema\/logo\/image\/"}},{"@type":"Person","@id":"https:\/\/jornalfatosenoticias.com.br\/#\/schema\/person\/d63837fa13ac8666eb9e74e0985d6f81","name":"Luzimara Fernandes","image":{"@type":"ImageObject","inLanguage":"pt-BR","@id":"https:\/\/jornalfatosenoticias.com.br\/#\/schema\/person\/image\/","url":"https:\/\/jornalfatosenoticias.com.br\/wp-content\/uploads\/2025\/05\/EU_portal.jpg","contentUrl":"https:\/\/jornalfatosenoticias.com.br\/wp-content\/uploads\/2025\/05\/EU_portal.jpg","caption":"Luzimara Fernandes"},"description":"Jornalista MTB 2358-ES","sameAs":["https:\/\/jornalfatosenoticias.com.br"],"url":"https:\/\/jornalfatosenoticias.com.br\/index.php\/author\/luzimara\/"}]}},"cc_featured_image_caption":{"caption_text":"(Foto: iStock)","source_text":"","source_url":""},"jetpack_featured_media_url":"https:\/\/jornalfatosenoticias.com.br\/wp-content\/uploads\/2024\/01\/polvo.jpeg","_links":{"self":[{"href":"https:\/\/jornalfatosenoticias.com.br\/index.php\/wp-json\/wp\/v2\/posts\/48524","targetHints":{"allow":["GET"]}}],"collection":[{"href":"https:\/\/jornalfatosenoticias.com.br\/index.php\/wp-json\/wp\/v2\/posts"}],"about":[{"href":"https:\/\/jornalfatosenoticias.com.br\/index.php\/wp-json\/wp\/v2\/types\/post"}],"author":[{"embeddable":true,"href":"https:\/\/jornalfatosenoticias.com.br\/index.php\/wp-json\/wp\/v2\/users\/2"}],"replies":[{"embeddable":true,"href":"https:\/\/jornalfatosenoticias.com.br\/index.php\/wp-json\/wp\/v2\/comments?post=48524"}],"version-history":[{"count":0,"href":"https:\/\/jornalfatosenoticias.com.br\/index.php\/wp-json\/wp\/v2\/posts\/48524\/revisions"}],"wp:featuredmedia":[{"embeddable":true,"href":"https:\/\/jornalfatosenoticias.com.br\/index.php\/wp-json\/wp\/v2\/media\/48525"}],"wp:attachment":[{"href":"https:\/\/jornalfatosenoticias.com.br\/index.php\/wp-json\/wp\/v2\/media?parent=48524"}],"wp:term":[{"taxonomy":"category","embeddable":true,"href":"https:\/\/jornalfatosenoticias.com.br\/index.php\/wp-json\/wp\/v2\/categories?post=48524"},{"taxonomy":"post_tag","embeddable":true,"href":"https:\/\/jornalfatosenoticias.com.br\/index.php\/wp-json\/wp\/v2\/tags?post=48524"}],"curies":[{"name":"wp","href":"https:\/\/api.w.org\/{rel}","templated":true}]}}