{"id":48536,"date":"2024-01-17T15:16:46","date_gmt":"2024-01-17T18:16:46","guid":{"rendered":"https:\/\/jornalfatosenoticias.com.br\/?p=48536"},"modified":"2024-01-17T15:16:48","modified_gmt":"2024-01-17T18:16:48","slug":"silencio-sobre-vetos-ausencia-em-evento-e-cafe-com-bolsonaro-relacao-de-lira-com-lula-piorou","status":"publish","type":"post","link":"https:\/\/jornalfatosenoticias.com.br\/index.php\/2024\/01\/17\/silencio-sobre-vetos-ausencia-em-evento-e-cafe-com-bolsonaro-relacao-de-lira-com-lula-piorou\/","title":{"rendered":"Sil\u00eancio sobre vetos, aus\u00eancia em evento e caf\u00e9 com Bolsonaro: rela\u00e7\u00e3o de Lira com Lula piorou"},"content":{"rendered":"\n<p><em><span class=\"has-inline-color has-black-color\">Presidente da C\u00e2mara, Arthur Lira, e Lula<\/span><\/em><\/p>\n\n\n\n<p><span class=\"has-inline-color has-black-color\">Por <strong><a href=\"https:\/\/www.gazetadopovo.com.br\/autor\/tatiana-azevedo\/\">Tatiana Azevedo<\/a><\/strong><\/span><\/p>\n\n\n\n<div class=\"wp-block-image\"><figure class=\"aligncenter size-large\"><img loading=\"lazy\" decoding=\"async\" width=\"729\" height=\"90\" src=\"https:\/\/jornalfatosenoticias.com.br\/wp-content\/uploads\/2020\/02\/Logo_Mizu.png\" alt=\"\" class=\"wp-image-1441\" srcset=\"https:\/\/jornalfatosenoticias.com.br\/wp-content\/uploads\/2020\/02\/Logo_Mizu.png 729w, https:\/\/jornalfatosenoticias.com.br\/wp-content\/uploads\/2020\/02\/Logo_Mizu-300x37.png 300w\" sizes=\"auto, (max-width: 729px) 100vw, 729px\" \/><\/figure><\/div>\n\n\n\n<p>O ano legislativo ainda nem come\u00e7ou e a disputa por poder entre Luiz In\u00e1cio Lula da Silva (PT), e o presidente da C\u00e2mara, Arthur Lira (PP) voltou a crescer. O cen\u00e1rio pol\u00edtico de 2024 come\u00e7a recheado de pol\u00eamicas depois dos vetos de Lula ao calend\u00e1rio para pagamento de emendas impositivas aprovado pelos parlamentares na Lei de Diretrizes Or\u00e7ament\u00e1rias (LDO) e da elabora\u00e7\u00e3o de uma Medida Provis\u00f3ria que busca reonerar setores produtivos que tinham conseguido prorrogar benef\u00edcios com aval do Congresso Nacional.<br>O ano de 2023 j\u00e1 havia sido marcado por a\u00e7\u00f5es de Lula para tentar atrair Lira e o Centr\u00e3o para a base de apoio ao governo. Por sua vez, vinha aumentando sua influ\u00eancia sobre os partidos na C\u00e2mara e atraindo cada vez mais poder de decis\u00e3o sobre as principais quest\u00f5es do Pa\u00eds para o Legislativo.<br>Apesar de n\u00e3o ter feito nenhuma declara\u00e7\u00e3o p\u00fablica sobre o veto ao projeto que foi amplamente debatido no parlamento, o presidente da C\u00e2mara, Arthur Lira, do Progressistas, n\u00e3o apareceu em Bras\u00edlia no evento convocado pelo presidente Lula para lembrar o 8 de janeiro de 2023, e a aus\u00eancia foi atribu\u00edda por alguns parlamentares ao clim\u00e3o gerado pelas interfer\u00eancias do Executivo. A aus\u00eancia vem sendo interpretada como um recado pol\u00edtico.<\/p>\n\n\n\n<div class=\"wp-block-image\"><figure class=\"aligncenter size-large is-resized\"><img loading=\"lazy\" decoding=\"async\" src=\"https:\/\/jornalfatosenoticias.com.br\/wp-content\/uploads\/2022\/10\/RC_800x750_page-0001.jpg\" alt=\"\" class=\"wp-image-35338\" width=\"321\" height=\"301\" srcset=\"https:\/\/jornalfatosenoticias.com.br\/wp-content\/uploads\/2022\/10\/RC_800x750_page-0001.jpg 400w, https:\/\/jornalfatosenoticias.com.br\/wp-content\/uploads\/2022\/10\/RC_800x750_page-0001-300x281.jpg 300w\" sizes=\"auto, (max-width: 321px) 100vw, 321px\" \/><\/figure><\/div>\n\n\n\n<p>A presen\u00e7a de Lira no evento tinha sido confirmada, at\u00e9 porque como presidente da C\u00e2mara dos Deputados, sua participa\u00e7\u00e3o no ato Democracia Inabalada tinha um papel institucional. O evento foi no Sal\u00e3o Negro, dentro do pr\u00e9dio do Congresso Nacional.<br>Fontes pr\u00f3ximas a Lula disseram nos bastidores que ele teria ficado irritado com a aus\u00eancia. J\u00e1 o l\u00edder do governo no Congresso, Randolfe Rodrigues, afirmou que Arthur Lira \u00e9 um democrata, e que sempre criticou os atos que terminaram com a depreda\u00e7\u00e3o de pr\u00e9dios p\u00fablicos na Esplanada. Por isso, segundo Rodrigues, n\u00e3o teria motivos suspeitos para n\u00e3o comparecer.<br>A aus\u00eancia foi justificada por um problema de sa\u00fade familiar, ao contr\u00e1rio de outros parlamentares e governadores que se negaram a participar, pela &#8220;politiza\u00e7\u00e3o&#8221; do ato.<\/p>\n\n\n\n<div class=\"wp-block-image\"><figure class=\"aligncenter size-large\"><img decoding=\"async\" src=\"https:\/\/jornalfatosenoticias.com.br\/wp-content\/uploads\/2020\/02\/barao-das-carnes-300x164-1.jpg\" alt=\"\" class=\"wp-image-34339\"\/><\/figure><\/div>\n\n\n\n<p><strong><span class=\"has-inline-color has-black-color\">Caf\u00e9 de Lira e Bolsonaro teria irritado Lula ainda mais<br><\/span><\/strong>Outro ingrediente da &#8220;torta de clim\u00e3o&#8221; entre Lula e Lira teria sido um encontro entre o presidente da C\u00e2mara e o ex-presidente Jair Bolsonaro que, de passagem por Alagoas, terra de Arthur Lira, foi recebido por ele para um caf\u00e9 no in\u00edcio do m\u00eas. Apesar de ter sido um dos primeiros pol\u00edticos a reconhecer a vit\u00f3ria de Lula nas elei\u00e7\u00f5es em 2022, Lira sempre declarou abertamente apoio a Bolsonaro.<\/p>\n\n\n\n<div class=\"wp-block-image\"><figure class=\"aligncenter size-large is-resized\"><img loading=\"lazy\" decoding=\"async\" src=\"https:\/\/jornalfatosenoticias.com.br\/wp-content\/uploads\/2024\/01\/consultoria-ambiental.jpg\" alt=\"\" class=\"wp-image-48314\" width=\"357\" height=\"323\" srcset=\"https:\/\/jornalfatosenoticias.com.br\/wp-content\/uploads\/2024\/01\/consultoria-ambiental.jpg 832w, https:\/\/jornalfatosenoticias.com.br\/wp-content\/uploads\/2024\/01\/consultoria-ambiental-300x272.jpg 300w, https:\/\/jornalfatosenoticias.com.br\/wp-content\/uploads\/2024\/01\/consultoria-ambiental-768x696.jpg 768w\" sizes=\"auto, (max-width: 357px) 100vw, 357px\" \/><\/figure><\/div>\n\n\n\n<p>Um deputado do Progressistas bastante ligado a Lira, que preferiu se manter no anonimato, disse \u00e0 <strong>Gazeta do Povo<\/strong> que diante das tratativas n\u00e3o cumpridas pelo governo, como os vetos \u00e0 LDO e ao envio de uma Medida Provis\u00f3ria reonerando setores que foram desonerados pelo Legislativo, h\u00e1 um enfraquecimento at\u00e9 mesmo dos l\u00edderes partid\u00e1rios. Isso porque eles acabam n\u00e3o conseguindo entregar resultados para as bancadas e por isso podem complicar ainda mais a vida de Lula em vota\u00e7\u00f5es cruciais, tanto na C\u00e2mara quanto no Senado.<\/p>\n\n\n\n<div class=\"wp-block-image\"><figure class=\"aligncenter size-large is-resized\"><img loading=\"lazy\" decoding=\"async\" src=\"https:\/\/jornalfatosenoticias.com.br\/wp-content\/uploads\/2020\/02\/LOGO-BLU-COMERCIAL-PRETO-1024x600.jpg\" alt=\"\" class=\"wp-image-44089\" width=\"368\" height=\"215\"\/><\/figure><\/div>\n\n\n\n<p>Ainda de acordo com o mesmo parlamentar, os deputados e senadores certamente v\u00e3o derrubar os vetos ao cronograma para pagamento de emendas parlamentares. O estabelecimento do cronograma impede que Lula use o poder de liberar emendas ou deix\u00e1-las na gaveta por muito tempo para barganhar com deputados e senadores.<\/p>\n\n\n\n<div class=\"wp-block-image\"><figure class=\"aligncenter size-large is-resized\"><img loading=\"lazy\" decoding=\"async\" src=\"https:\/\/jornalfatosenoticias.com.br\/wp-content\/uploads\/2020\/02\/CONTROL-CS.jpg\" alt=\"\" class=\"wp-image-44991\" width=\"360\" height=\"431\" srcset=\"https:\/\/jornalfatosenoticias.com.br\/wp-content\/uploads\/2020\/02\/CONTROL-CS.jpg 834w, https:\/\/jornalfatosenoticias.com.br\/wp-content\/uploads\/2020\/02\/CONTROL-CS-250x300.jpg 250w, https:\/\/jornalfatosenoticias.com.br\/wp-content\/uploads\/2020\/02\/CONTROL-CS-768x921.jpg 768w\" sizes=\"auto, (max-width: 360px) 100vw, 360px\" \/><\/figure><\/div>\n\n\n\n<p>O deputado ouvido pela reportagem prev\u00ea que o governo ter\u00e1 um ano muito &#8220;penoso&#8221; pela frente, e ter\u00e1 dificuldades para convencer as bancadas a apoiar projetos de Lula. Os votos ter\u00e3o que ser negociados um a um, na avalia\u00e7\u00e3o dele.<br>Sobre o presidente Lira, de quem \u00e9 pr\u00f3ximo, o deputado diz acreditar que o presidente da C\u00e2mara deu um recado claro a Lula ao faltar \u00e0 solenidade convocada pelo presidente da Rep\u00fablica, com apoio do presidente do Senado e do Supremo Tribunal Federal. O alerta seria de que o evento n\u00e3o deveria ter sido politizado, pois n\u00e3o era uma solenidade para exaltar determinado partido pol\u00edtico.<br>Outro problema que o deputado citou, e que tende a tensionar ainda mais as rela\u00e7\u00f5es entre Lira e Lula, \u00e9 a judicializa\u00e7\u00e3o de mat\u00e9rias deliberadas pelos parlamentares. Ou seja, quando o Legislativo decide sobre um assunto (ou opta por deliberadamente n\u00e3o tratar dele) e o governo ou seus aliados levam o caso para o Supremo em uma tentativa de reverter a decis\u00e3o dos parlamentares.<\/p>\n\n\n\n<div class=\"wp-block-image\"><figure class=\"aligncenter size-large is-resized\"><img loading=\"lazy\" decoding=\"async\" src=\"https:\/\/jornalfatosenoticias.com.br\/wp-content\/uploads\/2022\/02\/Precisao-Contabilidade-1024x724.jpg\" alt=\"\" class=\"wp-image-28088\" width=\"364\" height=\"257\"\/><\/figure><\/div>\n\n\n\n<p>Isso ocorreu com o debate sobre o marco temporal da demarca\u00e7\u00e3o de terras ind\u00edgenas. Ap\u00f3s um intenso debate em 2023, o Congresso aprovou uma lei definindo que apenas terras ocupadas por ind\u00edgenas em 5 de outubro de 1988 (promulga\u00e7\u00e3o da Constitui\u00e7\u00e3o) poderiam ser transformadas em reservas. O Executivo chegou a vetar a lei, mas o veto de Lula foi derrubado. Depois que isso aconteceu, aliados do governo desrespeitaram um acordo de n\u00e3o judicializa\u00e7\u00e3o e apelaram ao STF.<\/p>\n\n\n\n<div class=\"wp-block-image\"><figure class=\"aligncenter size-large is-resized\"><img loading=\"lazy\" decoding=\"async\" src=\"https:\/\/jornalfatosenoticias.com.br\/wp-content\/uploads\/2023\/09\/vetorvix1024_1.jpg\" alt=\"\" class=\"wp-image-44868\" width=\"498\" height=\"132\" srcset=\"https:\/\/jornalfatosenoticias.com.br\/wp-content\/uploads\/2023\/09\/vetorvix1024_1.jpg 1024w, https:\/\/jornalfatosenoticias.com.br\/wp-content\/uploads\/2023\/09\/vetorvix1024_1-300x80.jpg 300w, https:\/\/jornalfatosenoticias.com.br\/wp-content\/uploads\/2023\/09\/vetorvix1024_1-768x205.jpg 768w\" sizes=\"auto, (max-width: 498px) 100vw, 498px\" \/><\/figure><\/div>\n\n\n\n<p><strong><span class=\"has-inline-color has-black-color\">Congresso se mobiliza para derrubar veto ao calend\u00e1rio de pagamento de emendas<br><\/span><\/strong>Em pleno ano eleitoral, com as elei\u00e7\u00f5es municipais em outubro, o veto do Executivo ao trecho do texto da Lei de Diretrizes Or\u00e7ament\u00e1rias (LDO) que obrigava o governo a pagar as emendas impositivas ainda no primeiro semestre acabou por tensionar ainda mais as rela\u00e7\u00f5es entre os poderes.<br>\u00c9 que deputados e senadores contam com o dinheiro que enviam para governadores e prefeitos para ampliar suas bases e eleger candidatos pelo Brasil afora no pleito municipal. Sem o calend\u00e1rio, \u00e9 comum que o governo deixe o pagamento de emendas de parlamentares que n\u00e3o s\u00e3o aliados para depois, privilegiando a libera\u00e7\u00e3o do dinheiro para os que integram sua base pol\u00edtica, o que acaba prejudicando a oposi\u00e7\u00e3o.<\/p>\n\n\n\n<div class=\"wp-block-image\"><figure class=\"aligncenter size-large is-resized\"><img loading=\"lazy\" decoding=\"async\" src=\"https:\/\/jornalfatosenoticias.com.br\/wp-content\/uploads\/2023\/03\/logo-Panper_portal.jpg\" alt=\"\" class=\"wp-image-40208\" width=\"355\" height=\"246\" srcset=\"https:\/\/jornalfatosenoticias.com.br\/wp-content\/uploads\/2023\/03\/logo-Panper_portal.jpg 400w, https:\/\/jornalfatosenoticias.com.br\/wp-content\/uploads\/2023\/03\/logo-Panper_portal-300x208.jpg 300w\" sizes=\"auto, (max-width: 355px) 100vw, 355px\" \/><\/figure><\/div>\n\n\n\n<p>Segundo uma fonte ouvida pela <strong>Gazeta do Povo, <\/strong>deputados e senadores conquistaram maior autonomia ao definir esse cronograma de pagamentos, e por isso n\u00e3o v\u00e3o aceitar que o governo maneje esse dinheiro como bem entender, usando a libera\u00e7\u00e3o das emendas como moeda de troca em vota\u00e7\u00f5es importantes, ou beneficiando apenas aliados. Eles tendem a derrubar o veto, com o aval do pr\u00f3prio presidente da C\u00e2mara, Arthur Lira, que tamb\u00e9m teria ficado melindrado com a interfer\u00eancia de Lula neste caso.<\/p>\n\n\n\n<div class=\"wp-block-image\"><figure class=\"aligncenter size-large\"><img loading=\"lazy\" decoding=\"async\" width=\"300\" height=\"250\" src=\"https:\/\/jornalfatosenoticias.com.br\/wp-content\/uploads\/2020\/02\/Banner-2.png\" alt=\"\" class=\"wp-image-43787\"\/><\/figure><\/div>\n\n\n\n<p><strong><span class=\"has-inline-color has-black-color\">Medida Provis\u00f3ria que reonera setores produtivos foi mais um motivo de acirramento da crise com governo<br><\/span><\/strong>A edi\u00e7\u00e3o de uma medida provis\u00f3ria reonerando 17 setores produtivos da economia caiu como uma bomba na C\u00e2mara e no Senado na virada do ano. Isso porque o Legislativo havia determinado a continuidade da desonera\u00e7\u00e3o das folhas de pagamento. Lula vetou a decis\u00e3o e teve seu veto derrubado pelo Congresso. Sem aceitar a derrota, tomou a medida unilateral de editar a medida provis\u00f3ria.<\/p>\n\n\n\n<div class=\"wp-block-image\"><figure class=\"aligncenter size-large is-resized\"><img loading=\"lazy\" decoding=\"async\" src=\"https:\/\/jornalfatosenoticias.com.br\/wp-content\/uploads\/2020\/02\/logo-Rapuzel-1024x571.jpg\" alt=\"\" class=\"wp-image-42808\" width=\"345\" height=\"192\" srcset=\"https:\/\/jornalfatosenoticias.com.br\/wp-content\/uploads\/2020\/02\/logo-Rapuzel-1024x571.jpg 1024w, https:\/\/jornalfatosenoticias.com.br\/wp-content\/uploads\/2020\/02\/logo-Rapuzel-300x167.jpg 300w, https:\/\/jornalfatosenoticias.com.br\/wp-content\/uploads\/2020\/02\/logo-Rapuzel-768x428.jpg 768w, https:\/\/jornalfatosenoticias.com.br\/wp-content\/uploads\/2020\/02\/logo-Rapuzel-1536x856.jpg 1536w, https:\/\/jornalfatosenoticias.com.br\/wp-content\/uploads\/2020\/02\/logo-Rapuzel.jpg 1600w\" sizes=\"auto, (max-width: 345px) 100vw, 345px\" \/><\/figure><\/div>\n\n\n\n<p>Deputados e senadores cogitaram at\u00e9 mesmo que o presidente do Congresso, senador Rodrigo Pacheco (PSD-MG) devolvesse o texto da Medida Provis\u00f3ria enviado pela Fazenda no dia 28 de dezembro, mas parlamentares e a equipe de Fernando Haddad ainda tentam encontrar uma solu\u00e7\u00e3o para a confus\u00e3o pol\u00edtica.<br>Ap\u00f3s uma s\u00e9rie de reuni\u00f5es, uma das alternativas que est\u00e1 sendo alinhada para tentar diminuir o mal-estar pode ser o envio de uma nova Medida Provis\u00f3ria anulando a anterior, que reonera os setores, com a posterior entrega de um projeto de lei ao Congresso com novas regras sobre a reonera\u00e7\u00e3o.<\/p>\n\n\n\n<div class=\"wp-block-image\"><figure class=\"aligncenter size-large is-resized\"><img loading=\"lazy\" decoding=\"async\" src=\"https:\/\/jornalfatosenoticias.com.br\/wp-content\/uploads\/2023\/08\/BKR-1024x1021.jpg\" alt=\"\" class=\"wp-image-44494\" width=\"317\" height=\"316\" srcset=\"https:\/\/jornalfatosenoticias.com.br\/wp-content\/uploads\/2023\/08\/BKR-1024x1021.jpg 1024w, https:\/\/jornalfatosenoticias.com.br\/wp-content\/uploads\/2023\/08\/BKR-300x300.jpg 300w, https:\/\/jornalfatosenoticias.com.br\/wp-content\/uploads\/2023\/08\/BKR-150x150.jpg 150w, https:\/\/jornalfatosenoticias.com.br\/wp-content\/uploads\/2023\/08\/BKR-768x766.jpg 768w, https:\/\/jornalfatosenoticias.com.br\/wp-content\/uploads\/2023\/08\/BKR.jpg 1080w\" sizes=\"auto, (max-width: 317px) 100vw, 317px\" \/><\/figure><\/div>\n\n\n\n<p>Segundo o l\u00edder do governo no Senado, Jacques Wagner (PT-BA), existe possibilidade de acordo. &#8220;Evidentemente tem que ser uma combina\u00e7\u00e3o entre as duas Casas&#8221;. Haddad j\u00e1 conversou com o senador Pacheco, mais ainda precisa ouvir a opini\u00e3o de Lira, que est\u00e1 fora de Bras\u00edlia, e ainda n\u00e3o se manifestou.<br>Antes de aderir a qualquer proposta de Haddad, o presidente da C\u00e2mara deve ouvir o col\u00e9gio de l\u00edderes. N\u00e3o est\u00e1 claro se Lira vai tomar o mesmo caminho escolhido por Pacheco de negociar para evitar tanto uma ruptura do Legislativo com o Executivo quando a possibilidade da decis\u00e3o final ir parar nas m\u00e3os do Supremo Tribunal Federal.<\/p>\n\n\n\n<div class=\"wp-block-image\"><figure class=\"aligncenter size-large is-resized\"><img loading=\"lazy\" decoding=\"async\" src=\"https:\/\/jornalfatosenoticias.com.br\/wp-content\/uploads\/2023\/08\/ITH.jpeg\" alt=\"\" class=\"wp-image-44638\" width=\"341\" height=\"277\" srcset=\"https:\/\/jornalfatosenoticias.com.br\/wp-content\/uploads\/2023\/08\/ITH.jpeg 800w, https:\/\/jornalfatosenoticias.com.br\/wp-content\/uploads\/2023\/08\/ITH-300x244.jpeg 300w, https:\/\/jornalfatosenoticias.com.br\/wp-content\/uploads\/2023\/08\/ITH-768x624.jpeg 768w\" sizes=\"auto, (max-width: 341px) 100vw, 341px\" \/><\/figure><\/div>\n\n\n\n<p>O jornal <em>Estado de S.Paulo<\/em> afirmou que Lira teria sido inclu\u00eddo em uma reuni\u00e3o com Haddad supostamente sem ter sido informado. Uma fonte ligada a Lira disse \u00e0 reportagem que a alegada reuni\u00e3o poderia ocorrer na quinta-feira (18).<br>&#8220;Qualquer coisa s\u00f3 deve acontecer na retomada dos trabalhos&#8221;, disse Wagner, embora admita que houve avan\u00e7os nas negocia\u00e7\u00f5es entre Governo e Congresso.<\/p>\n\n\n\n<div class=\"wp-block-image\"><figure class=\"aligncenter size-large is-resized\"><img loading=\"lazy\" decoding=\"async\" src=\"https:\/\/jornalfatosenoticias.com.br\/wp-content\/uploads\/2023\/12\/pegoretti-logo-pdf-1024x389.jpg\" alt=\"\" class=\"wp-image-47536\" width=\"411\" height=\"156\" srcset=\"https:\/\/jornalfatosenoticias.com.br\/wp-content\/uploads\/2023\/12\/pegoretti-logo-pdf-1024x389.jpg 1024w, https:\/\/jornalfatosenoticias.com.br\/wp-content\/uploads\/2023\/12\/pegoretti-logo-pdf-300x114.jpg 300w, https:\/\/jornalfatosenoticias.com.br\/wp-content\/uploads\/2023\/12\/pegoretti-logo-pdf-768x291.jpg 768w, https:\/\/jornalfatosenoticias.com.br\/wp-content\/uploads\/2023\/12\/pegoretti-logo-pdf.jpg 1120w\" sizes=\"auto, (max-width: 411px) 100vw, 411px\" \/><\/figure><\/div>\n\n\n\n<p><strong><span class=\"has-inline-color has-black-color\">Governo ter\u00e1 muita dificuldade em lidar com o Parlamento em 2024, dizem analistas<br><\/span><\/strong>Que o ano n\u00e3o ser\u00e1 f\u00e1cil para o Governo aprovar suas pautas tanto na C\u00e2mara quanto no Senado ningu\u00e9m duvida. Juan Carlos Arruda, do Ranking dos Pol\u00edticos, lembra que a rela\u00e7\u00e3o entre Arthur Lira e Lula \u00e9 &#8220;paradoxal&#8221;.<\/p>\n\n\n\n<blockquote class=\"wp-block-quote is-layout-flow wp-block-quote-is-layout-flow\"><p><span class=\"has-inline-color has-luminous-vivid-orange-color\">Em tese, Lula desfruta do apoio de 370 dos 513 deputados, uma maioria consider\u00e1vel capaz de aprovar emendas \u00e0 Constitui\u00e7\u00e3o. Contudo, apesar dessa robusta base de apoio no papel, o Presidente da Rep\u00fablica tem enfrentado derrotas em vota\u00e7\u00f5es cruciais, registrando at\u00e9 mesmo o menor n\u00famero de medidas provis\u00f3rias aprovadas em seu primeiro ano de mandato&#8221;, pontua.<\/span><\/p><\/blockquote>\n\n\n\n<div class=\"wp-block-image\"><figure class=\"aligncenter size-large\"><img decoding=\"async\" src=\"https:\/\/jornalfatosenoticias.com.br\/wp-content\/uploads\/2020\/02\/logo_esteio.jpg\" alt=\"\" class=\"wp-image-1214\"\/><\/figure><\/div>\n\n\n\n<p>Apesar disso, Arruda ressalta que as diverg\u00eancias entre o presidente da C\u00e2mara e o governo n\u00e3o podem ser atribu\u00eddas a desaven\u00e7as pessoais, mas sim \u00e0 constata\u00e7\u00e3o de que as prometidas distribui\u00e7\u00e3o de cargos, verbas do or\u00e7amento e emendas parlamentares n\u00e3o foram devidamente cumpridas. E isso, segundo Juan Carlos, se reflete nos n\u00fameros mostrados no painel do plen\u00e1rio nas vota\u00e7\u00f5es.<\/p>\n\n\n\n<div class=\"wp-block-image\"><figure class=\"aligncenter size-large is-resized\"><img loading=\"lazy\" decoding=\"async\" src=\"https:\/\/jornalfatosenoticias.com.br\/wp-content\/uploads\/2023\/03\/nova-logo-Marquetti.jpg\" alt=\"\" class=\"wp-image-40207\" width=\"329\" height=\"221\" srcset=\"https:\/\/jornalfatosenoticias.com.br\/wp-content\/uploads\/2023\/03\/nova-logo-Marquetti.jpg 643w, https:\/\/jornalfatosenoticias.com.br\/wp-content\/uploads\/2023\/03\/nova-logo-Marquetti-300x202.jpg 300w\" sizes=\"auto, (max-width: 329px) 100vw, 329px\" \/><\/figure><\/div>\n\n\n\n<p>O analista pol\u00edtico e professor da Universidade Federal de Ouro Preto (Ufop), Adriano Cerqueira, concorda que os embates se seguir\u00e3o durante todo o ano de 2024, o que come\u00e7ou ainda durante o recesso parlamentar. &#8220;A gente tem que entender o seguinte, realmente houve um clima, um clima que ficou ruim entre o Executivo e o Legislativo pelo timing da medida provis\u00f3ria editada pelo Minist\u00e9rio da Fazenda. Na verdade n\u00e3o \u00e9 editada, \u00e9 gestada no Minist\u00e9rio da Fazenda e encaminhada e assinada pelo Executivo ao Congresso Nacional. E por que o timing foi ruim? Justamente porque foi logo depois da derrubada dos vetos do Presidente a quest\u00e3o da desonera\u00e7\u00e3o, ou seja, acabou parecendo para o Legislativo uma provoca\u00e7\u00e3o do Poder Executivo&#8221;.<\/p>\n\n\n\n<div class=\"wp-block-image\"><figure class=\"aligncenter size-large\"><img loading=\"lazy\" decoding=\"async\" width=\"300\" height=\"250\" src=\"https:\/\/jornalfatosenoticias.com.br\/wp-content\/uploads\/2022\/02\/FERRARI_MAQUINAS-E-FERRAMENTAS2.jpg\" alt=\"\" class=\"wp-image-27860\"\/><\/figure><\/div>\n\n\n\n<p>Para Adriano, o ano ser\u00e1 de muita negocia\u00e7\u00e3o pol\u00edtica para tentar evitar seguidas crises de mal-estar entre os poderes. Al\u00e9m disso, o analista alerta para a aproxima\u00e7\u00e3o entre Executivo e Judici\u00e1rio, que parece apontar para uma crescente procura pelo Supremo Tribunal Federal (STF) nos assuntos que o Congresso possa deliberar e desagradar o Planalto.<br>Al\u00e9m disso, h\u00e1 a quest\u00e3o das indica\u00e7\u00f5es e cargos pretendidos pelo Centr\u00e3o, que \u00e9 capitaneado por Arthur Lira, e que come\u00e7ou logo ap\u00f3s a aprova\u00e7\u00e3o da reforma tribut\u00e1ria no in\u00edcio do segundo semestre de 2023. No estica e puxa travado pelos presidentes Lira e Lula ainda h\u00e1 muitas indica\u00e7\u00f5es a fazer, principalmente na Caixa Econ\u00f4mica Federal, com a ocupa\u00e7\u00e3o das vice-presid\u00eancias pretendidas pelos partidos, e que pode render novos cap\u00edtulos no embate entre Congresso e Planalto.<\/p>\n\n\n\n<p><strong><em>Fonte: <a href=\"https:\/\/www.gazetadopovo.com.br\/republica\/silencio-sobre-vetos-ausencia-em-evento-e-cafe-com-bolsonaro-relacao-de-lira-com-lula-piorou\/\">Gazeta do Povo<\/a><\/em><\/strong><\/p>\n","protected":false},"excerpt":{"rendered":"<p>Presidente da C\u00e2mara, Arthur Lira, e Lula Por Tatiana Azevedo O ano legislativo ainda nem come\u00e7ou e a disputa por poder entre Luiz In\u00e1cio Lula da Silva (PT), e o presidente da C\u00e2mara, Arthur Lira (PP) voltou a crescer. O cen\u00e1rio pol\u00edtico de 2024 come\u00e7a recheado de pol\u00eamicas depois dos vetos de Lula ao calend\u00e1rio [&hellip;]<\/p>\n","protected":false},"author":2,"featured_media":48537,"comment_status":"open","ping_status":"open","sticky":false,"template":"","format":"standard","meta":{"footnotes":""},"categories":[10],"tags":[10543,982,10224,18155,1795,17895,7580,8580,486,294],"class_list":["post-48536","post","type-post","status-publish","format-standard","has-post-thumbnail","hentry","category-politica","tag-arthur-lira","tag-camara-dos-deputados","tag-congresso-nacional","tag-fernando-haddad","tag-jair-bolsonaro","tag-judiciario","tag-lula","tag-rodrigo-pacheco","tag-senado","tag-stf"],"yoast_head":"<!-- This site is optimized with the Yoast SEO plugin v26.5 - https:\/\/yoast.com\/wordpress\/plugins\/seo\/ -->\n<title>Sil\u00eancio sobre vetos, aus\u00eancia em evento e caf\u00e9 com Bolsonaro: rela\u00e7\u00e3o de Lira com Lula piorou - Jornal Fatos e Not\u00edcias<\/title>\n<meta name=\"robots\" content=\"index, follow, max-snippet:-1, max-image-preview:large, max-video-preview:-1\" \/>\n<link rel=\"canonical\" href=\"https:\/\/jornalfatosenoticias.com.br\/index.php\/2024\/01\/17\/silencio-sobre-vetos-ausencia-em-evento-e-cafe-com-bolsonaro-relacao-de-lira-com-lula-piorou\/\" \/>\n<meta property=\"og:locale\" content=\"pt_BR\" \/>\n<meta property=\"og:type\" content=\"article\" \/>\n<meta property=\"og:title\" content=\"Sil\u00eancio sobre vetos, aus\u00eancia em evento e caf\u00e9 com Bolsonaro: rela\u00e7\u00e3o de Lira com Lula piorou - Jornal Fatos e Not\u00edcias\" \/>\n<meta property=\"og:description\" content=\"Presidente da C\u00e2mara, Arthur Lira, e Lula Por Tatiana Azevedo O ano legislativo ainda nem come\u00e7ou e a disputa por poder entre Luiz In\u00e1cio Lula da Silva (PT), e o presidente da C\u00e2mara, Arthur Lira (PP) voltou a crescer. O cen\u00e1rio pol\u00edtico de 2024 come\u00e7a recheado de pol\u00eamicas depois dos vetos de Lula ao calend\u00e1rio [&hellip;]\" \/>\n<meta property=\"og:url\" content=\"https:\/\/jornalfatosenoticias.com.br\/index.php\/2024\/01\/17\/silencio-sobre-vetos-ausencia-em-evento-e-cafe-com-bolsonaro-relacao-de-lira-com-lula-piorou\/\" \/>\n<meta property=\"og:site_name\" content=\"Jornal Fatos e Not\u00edcias\" \/>\n<meta property=\"article:published_time\" content=\"2024-01-17T18:16:46+00:00\" \/>\n<meta property=\"article:modified_time\" content=\"2024-01-17T18:16:48+00:00\" \/>\n<meta property=\"og:image\" content=\"https:\/\/jornalfatosenoticias.com.br\/wp-content\/uploads\/2024\/01\/Lira-e-Lula-marina-ramos-ac.jpg\" \/>\n\t<meta property=\"og:image:width\" content=\"1000\" \/>\n\t<meta property=\"og:image:height\" content=\"611\" \/>\n\t<meta property=\"og:image:type\" content=\"image\/jpeg\" \/>\n<meta name=\"author\" content=\"Luzimara Fernandes\" \/>\n<meta name=\"twitter:card\" content=\"summary_large_image\" \/>\n<meta name=\"twitter:label1\" content=\"Escrito por\" \/>\n\t<meta name=\"twitter:data1\" content=\"Luzimara Fernandes\" \/>\n\t<meta name=\"twitter:label2\" content=\"Est. tempo de leitura\" \/>\n\t<meta name=\"twitter:data2\" content=\"10 minutos\" \/>\n<script type=\"application\/ld+json\" class=\"yoast-schema-graph\">{\"@context\":\"https:\/\/schema.org\",\"@graph\":[{\"@type\":\"Article\",\"@id\":\"https:\/\/jornalfatosenoticias.com.br\/index.php\/2024\/01\/17\/silencio-sobre-vetos-ausencia-em-evento-e-cafe-com-bolsonaro-relacao-de-lira-com-lula-piorou\/#article\",\"isPartOf\":{\"@id\":\"https:\/\/jornalfatosenoticias.com.br\/index.php\/2024\/01\/17\/silencio-sobre-vetos-ausencia-em-evento-e-cafe-com-bolsonaro-relacao-de-lira-com-lula-piorou\/\"},\"author\":{\"name\":\"Luzimara Fernandes\",\"@id\":\"https:\/\/jornalfatosenoticias.com.br\/#\/schema\/person\/d63837fa13ac8666eb9e74e0985d6f81\"},\"headline\":\"Sil\u00eancio sobre vetos, aus\u00eancia em evento e caf\u00e9 com Bolsonaro: rela\u00e7\u00e3o de Lira com Lula piorou\",\"datePublished\":\"2024-01-17T18:16:46+00:00\",\"dateModified\":\"2024-01-17T18:16:48+00:00\",\"mainEntityOfPage\":{\"@id\":\"https:\/\/jornalfatosenoticias.com.br\/index.php\/2024\/01\/17\/silencio-sobre-vetos-ausencia-em-evento-e-cafe-com-bolsonaro-relacao-de-lira-com-lula-piorou\/\"},\"wordCount\":1943,\"commentCount\":0,\"publisher\":{\"@id\":\"https:\/\/jornalfatosenoticias.com.br\/#organization\"},\"image\":{\"@id\":\"https:\/\/jornalfatosenoticias.com.br\/index.php\/2024\/01\/17\/silencio-sobre-vetos-ausencia-em-evento-e-cafe-com-bolsonaro-relacao-de-lira-com-lula-piorou\/#primaryimage\"},\"thumbnailUrl\":\"https:\/\/jornalfatosenoticias.com.br\/wp-content\/uploads\/2024\/01\/Lira-e-Lula-marina-ramos-ac.jpg\",\"keywords\":[\"Arthur Lira\",\"C\u00e2mara dos Deputados\",\"Congresso Nacional\",\"Fernando Haddad\",\"Jair Bolsonaro\",\"Judici\u00e1rio\",\"Lula\",\"Rodrigo Pacheco\",\"Senado\",\"STF\"],\"articleSection\":[\"Pol\u00edtica\"],\"inLanguage\":\"pt-BR\",\"potentialAction\":[{\"@type\":\"CommentAction\",\"name\":\"Comment\",\"target\":[\"https:\/\/jornalfatosenoticias.com.br\/index.php\/2024\/01\/17\/silencio-sobre-vetos-ausencia-em-evento-e-cafe-com-bolsonaro-relacao-de-lira-com-lula-piorou\/#respond\"]}]},{\"@type\":\"WebPage\",\"@id\":\"https:\/\/jornalfatosenoticias.com.br\/index.php\/2024\/01\/17\/silencio-sobre-vetos-ausencia-em-evento-e-cafe-com-bolsonaro-relacao-de-lira-com-lula-piorou\/\",\"url\":\"https:\/\/jornalfatosenoticias.com.br\/index.php\/2024\/01\/17\/silencio-sobre-vetos-ausencia-em-evento-e-cafe-com-bolsonaro-relacao-de-lira-com-lula-piorou\/\",\"name\":\"Sil\u00eancio sobre vetos, aus\u00eancia em evento e caf\u00e9 com Bolsonaro: rela\u00e7\u00e3o de Lira com Lula piorou - Jornal Fatos e Not\u00edcias\",\"isPartOf\":{\"@id\":\"https:\/\/jornalfatosenoticias.com.br\/#website\"},\"primaryImageOfPage\":{\"@id\":\"https:\/\/jornalfatosenoticias.com.br\/index.php\/2024\/01\/17\/silencio-sobre-vetos-ausencia-em-evento-e-cafe-com-bolsonaro-relacao-de-lira-com-lula-piorou\/#primaryimage\"},\"image\":{\"@id\":\"https:\/\/jornalfatosenoticias.com.br\/index.php\/2024\/01\/17\/silencio-sobre-vetos-ausencia-em-evento-e-cafe-com-bolsonaro-relacao-de-lira-com-lula-piorou\/#primaryimage\"},\"thumbnailUrl\":\"https:\/\/jornalfatosenoticias.com.br\/wp-content\/uploads\/2024\/01\/Lira-e-Lula-marina-ramos-ac.jpg\",\"datePublished\":\"2024-01-17T18:16:46+00:00\",\"dateModified\":\"2024-01-17T18:16:48+00:00\",\"breadcrumb\":{\"@id\":\"https:\/\/jornalfatosenoticias.com.br\/index.php\/2024\/01\/17\/silencio-sobre-vetos-ausencia-em-evento-e-cafe-com-bolsonaro-relacao-de-lira-com-lula-piorou\/#breadcrumb\"},\"inLanguage\":\"pt-BR\",\"potentialAction\":[{\"@type\":\"ReadAction\",\"target\":[\"https:\/\/jornalfatosenoticias.com.br\/index.php\/2024\/01\/17\/silencio-sobre-vetos-ausencia-em-evento-e-cafe-com-bolsonaro-relacao-de-lira-com-lula-piorou\/\"]}]},{\"@type\":\"ImageObject\",\"inLanguage\":\"pt-BR\",\"@id\":\"https:\/\/jornalfatosenoticias.com.br\/index.php\/2024\/01\/17\/silencio-sobre-vetos-ausencia-em-evento-e-cafe-com-bolsonaro-relacao-de-lira-com-lula-piorou\/#primaryimage\",\"url\":\"https:\/\/jornalfatosenoticias.com.br\/wp-content\/uploads\/2024\/01\/Lira-e-Lula-marina-ramos-ac.jpg\",\"contentUrl\":\"https:\/\/jornalfatosenoticias.com.br\/wp-content\/uploads\/2024\/01\/Lira-e-Lula-marina-ramos-ac.jpg\",\"width\":1000,\"height\":611},{\"@type\":\"BreadcrumbList\",\"@id\":\"https:\/\/jornalfatosenoticias.com.br\/index.php\/2024\/01\/17\/silencio-sobre-vetos-ausencia-em-evento-e-cafe-com-bolsonaro-relacao-de-lira-com-lula-piorou\/#breadcrumb\",\"itemListElement\":[{\"@type\":\"ListItem\",\"position\":1,\"name\":\"In\u00edcio\",\"item\":\"https:\/\/jornalfatosenoticias.com.br\/\"},{\"@type\":\"ListItem\",\"position\":2,\"name\":\"Sil\u00eancio sobre vetos, aus\u00eancia em evento e caf\u00e9 com Bolsonaro: rela\u00e7\u00e3o de Lira com Lula piorou\"}]},{\"@type\":\"WebSite\",\"@id\":\"https:\/\/jornalfatosenoticias.com.br\/#website\",\"url\":\"https:\/\/jornalfatosenoticias.com.br\/\",\"name\":\"Jornal Fatos e Not\u00edcias\",\"description\":\"Not\u00edcias em geral\",\"publisher\":{\"@id\":\"https:\/\/jornalfatosenoticias.com.br\/#organization\"},\"potentialAction\":[{\"@type\":\"SearchAction\",\"target\":{\"@type\":\"EntryPoint\",\"urlTemplate\":\"https:\/\/jornalfatosenoticias.com.br\/?s={search_term_string}\"},\"query-input\":{\"@type\":\"PropertyValueSpecification\",\"valueRequired\":true,\"valueName\":\"search_term_string\"}}],\"inLanguage\":\"pt-BR\"},{\"@type\":\"Organization\",\"@id\":\"https:\/\/jornalfatosenoticias.com.br\/#organization\",\"name\":\"Jornal Fatos e Not\u00edcias\",\"url\":\"https:\/\/jornalfatosenoticias.com.br\/\",\"logo\":{\"@type\":\"ImageObject\",\"inLanguage\":\"pt-BR\",\"@id\":\"https:\/\/jornalfatosenoticias.com.br\/#\/schema\/logo\/image\/\",\"url\":\"https:\/\/jornalfatosenoticias.com.br\/wp-content\/uploads\/2020\/02\/logo120.png\",\"contentUrl\":\"https:\/\/jornalfatosenoticias.com.br\/wp-content\/uploads\/2020\/02\/logo120.png\",\"width\":1227,\"height\":120,\"caption\":\"Jornal Fatos e Not\u00edcias\"},\"image\":{\"@id\":\"https:\/\/jornalfatosenoticias.com.br\/#\/schema\/logo\/image\/\"}},{\"@type\":\"Person\",\"@id\":\"https:\/\/jornalfatosenoticias.com.br\/#\/schema\/person\/d63837fa13ac8666eb9e74e0985d6f81\",\"name\":\"Luzimara Fernandes\",\"image\":{\"@type\":\"ImageObject\",\"inLanguage\":\"pt-BR\",\"@id\":\"https:\/\/jornalfatosenoticias.com.br\/#\/schema\/person\/image\/\",\"url\":\"https:\/\/jornalfatosenoticias.com.br\/wp-content\/uploads\/2025\/05\/EU_portal.jpg\",\"contentUrl\":\"https:\/\/jornalfatosenoticias.com.br\/wp-content\/uploads\/2025\/05\/EU_portal.jpg\",\"caption\":\"Luzimara Fernandes\"},\"description\":\"Jornalista MTB 2358-ES\",\"sameAs\":[\"https:\/\/jornalfatosenoticias.com.br\"],\"url\":\"https:\/\/jornalfatosenoticias.com.br\/index.php\/author\/luzimara\/\"}]}<\/script>\n<!-- \/ Yoast SEO plugin. -->","yoast_head_json":{"title":"Sil\u00eancio sobre vetos, aus\u00eancia em evento e caf\u00e9 com Bolsonaro: rela\u00e7\u00e3o de Lira com Lula piorou - Jornal Fatos e Not\u00edcias","robots":{"index":"index","follow":"follow","max-snippet":"max-snippet:-1","max-image-preview":"max-image-preview:large","max-video-preview":"max-video-preview:-1"},"canonical":"https:\/\/jornalfatosenoticias.com.br\/index.php\/2024\/01\/17\/silencio-sobre-vetos-ausencia-em-evento-e-cafe-com-bolsonaro-relacao-de-lira-com-lula-piorou\/","og_locale":"pt_BR","og_type":"article","og_title":"Sil\u00eancio sobre vetos, aus\u00eancia em evento e caf\u00e9 com Bolsonaro: rela\u00e7\u00e3o de Lira com Lula piorou - Jornal Fatos e Not\u00edcias","og_description":"Presidente da C\u00e2mara, Arthur Lira, e Lula Por Tatiana Azevedo O ano legislativo ainda nem come\u00e7ou e a disputa por poder entre Luiz In\u00e1cio Lula da Silva (PT), e o presidente da C\u00e2mara, Arthur Lira (PP) voltou a crescer. O cen\u00e1rio pol\u00edtico de 2024 come\u00e7a recheado de pol\u00eamicas depois dos vetos de Lula ao calend\u00e1rio [&hellip;]","og_url":"https:\/\/jornalfatosenoticias.com.br\/index.php\/2024\/01\/17\/silencio-sobre-vetos-ausencia-em-evento-e-cafe-com-bolsonaro-relacao-de-lira-com-lula-piorou\/","og_site_name":"Jornal Fatos e Not\u00edcias","article_published_time":"2024-01-17T18:16:46+00:00","article_modified_time":"2024-01-17T18:16:48+00:00","og_image":[{"width":1000,"height":611,"url":"https:\/\/jornalfatosenoticias.com.br\/wp-content\/uploads\/2024\/01\/Lira-e-Lula-marina-ramos-ac.jpg","type":"image\/jpeg"}],"author":"Luzimara Fernandes","twitter_card":"summary_large_image","twitter_misc":{"Escrito por":"Luzimara Fernandes","Est. tempo de leitura":"10 minutos"},"schema":{"@context":"https:\/\/schema.org","@graph":[{"@type":"Article","@id":"https:\/\/jornalfatosenoticias.com.br\/index.php\/2024\/01\/17\/silencio-sobre-vetos-ausencia-em-evento-e-cafe-com-bolsonaro-relacao-de-lira-com-lula-piorou\/#article","isPartOf":{"@id":"https:\/\/jornalfatosenoticias.com.br\/index.php\/2024\/01\/17\/silencio-sobre-vetos-ausencia-em-evento-e-cafe-com-bolsonaro-relacao-de-lira-com-lula-piorou\/"},"author":{"name":"Luzimara Fernandes","@id":"https:\/\/jornalfatosenoticias.com.br\/#\/schema\/person\/d63837fa13ac8666eb9e74e0985d6f81"},"headline":"Sil\u00eancio sobre vetos, aus\u00eancia em evento e caf\u00e9 com Bolsonaro: rela\u00e7\u00e3o de Lira com Lula piorou","datePublished":"2024-01-17T18:16:46+00:00","dateModified":"2024-01-17T18:16:48+00:00","mainEntityOfPage":{"@id":"https:\/\/jornalfatosenoticias.com.br\/index.php\/2024\/01\/17\/silencio-sobre-vetos-ausencia-em-evento-e-cafe-com-bolsonaro-relacao-de-lira-com-lula-piorou\/"},"wordCount":1943,"commentCount":0,"publisher":{"@id":"https:\/\/jornalfatosenoticias.com.br\/#organization"},"image":{"@id":"https:\/\/jornalfatosenoticias.com.br\/index.php\/2024\/01\/17\/silencio-sobre-vetos-ausencia-em-evento-e-cafe-com-bolsonaro-relacao-de-lira-com-lula-piorou\/#primaryimage"},"thumbnailUrl":"https:\/\/jornalfatosenoticias.com.br\/wp-content\/uploads\/2024\/01\/Lira-e-Lula-marina-ramos-ac.jpg","keywords":["Arthur Lira","C\u00e2mara dos Deputados","Congresso Nacional","Fernando Haddad","Jair Bolsonaro","Judici\u00e1rio","Lula","Rodrigo Pacheco","Senado","STF"],"articleSection":["Pol\u00edtica"],"inLanguage":"pt-BR","potentialAction":[{"@type":"CommentAction","name":"Comment","target":["https:\/\/jornalfatosenoticias.com.br\/index.php\/2024\/01\/17\/silencio-sobre-vetos-ausencia-em-evento-e-cafe-com-bolsonaro-relacao-de-lira-com-lula-piorou\/#respond"]}]},{"@type":"WebPage","@id":"https:\/\/jornalfatosenoticias.com.br\/index.php\/2024\/01\/17\/silencio-sobre-vetos-ausencia-em-evento-e-cafe-com-bolsonaro-relacao-de-lira-com-lula-piorou\/","url":"https:\/\/jornalfatosenoticias.com.br\/index.php\/2024\/01\/17\/silencio-sobre-vetos-ausencia-em-evento-e-cafe-com-bolsonaro-relacao-de-lira-com-lula-piorou\/","name":"Sil\u00eancio sobre vetos, aus\u00eancia em evento e caf\u00e9 com Bolsonaro: rela\u00e7\u00e3o de Lira com Lula piorou - Jornal Fatos e Not\u00edcias","isPartOf":{"@id":"https:\/\/jornalfatosenoticias.com.br\/#website"},"primaryImageOfPage":{"@id":"https:\/\/jornalfatosenoticias.com.br\/index.php\/2024\/01\/17\/silencio-sobre-vetos-ausencia-em-evento-e-cafe-com-bolsonaro-relacao-de-lira-com-lula-piorou\/#primaryimage"},"image":{"@id":"https:\/\/jornalfatosenoticias.com.br\/index.php\/2024\/01\/17\/silencio-sobre-vetos-ausencia-em-evento-e-cafe-com-bolsonaro-relacao-de-lira-com-lula-piorou\/#primaryimage"},"thumbnailUrl":"https:\/\/jornalfatosenoticias.com.br\/wp-content\/uploads\/2024\/01\/Lira-e-Lula-marina-ramos-ac.jpg","datePublished":"2024-01-17T18:16:46+00:00","dateModified":"2024-01-17T18:16:48+00:00","breadcrumb":{"@id":"https:\/\/jornalfatosenoticias.com.br\/index.php\/2024\/01\/17\/silencio-sobre-vetos-ausencia-em-evento-e-cafe-com-bolsonaro-relacao-de-lira-com-lula-piorou\/#breadcrumb"},"inLanguage":"pt-BR","potentialAction":[{"@type":"ReadAction","target":["https:\/\/jornalfatosenoticias.com.br\/index.php\/2024\/01\/17\/silencio-sobre-vetos-ausencia-em-evento-e-cafe-com-bolsonaro-relacao-de-lira-com-lula-piorou\/"]}]},{"@type":"ImageObject","inLanguage":"pt-BR","@id":"https:\/\/jornalfatosenoticias.com.br\/index.php\/2024\/01\/17\/silencio-sobre-vetos-ausencia-em-evento-e-cafe-com-bolsonaro-relacao-de-lira-com-lula-piorou\/#primaryimage","url":"https:\/\/jornalfatosenoticias.com.br\/wp-content\/uploads\/2024\/01\/Lira-e-Lula-marina-ramos-ac.jpg","contentUrl":"https:\/\/jornalfatosenoticias.com.br\/wp-content\/uploads\/2024\/01\/Lira-e-Lula-marina-ramos-ac.jpg","width":1000,"height":611},{"@type":"BreadcrumbList","@id":"https:\/\/jornalfatosenoticias.com.br\/index.php\/2024\/01\/17\/silencio-sobre-vetos-ausencia-em-evento-e-cafe-com-bolsonaro-relacao-de-lira-com-lula-piorou\/#breadcrumb","itemListElement":[{"@type":"ListItem","position":1,"name":"In\u00edcio","item":"https:\/\/jornalfatosenoticias.com.br\/"},{"@type":"ListItem","position":2,"name":"Sil\u00eancio sobre vetos, aus\u00eancia em evento e caf\u00e9 com Bolsonaro: rela\u00e7\u00e3o de Lira com Lula piorou"}]},{"@type":"WebSite","@id":"https:\/\/jornalfatosenoticias.com.br\/#website","url":"https:\/\/jornalfatosenoticias.com.br\/","name":"Jornal Fatos e Not\u00edcias","description":"Not\u00edcias em geral","publisher":{"@id":"https:\/\/jornalfatosenoticias.com.br\/#organization"},"potentialAction":[{"@type":"SearchAction","target":{"@type":"EntryPoint","urlTemplate":"https:\/\/jornalfatosenoticias.com.br\/?s={search_term_string}"},"query-input":{"@type":"PropertyValueSpecification","valueRequired":true,"valueName":"search_term_string"}}],"inLanguage":"pt-BR"},{"@type":"Organization","@id":"https:\/\/jornalfatosenoticias.com.br\/#organization","name":"Jornal Fatos e Not\u00edcias","url":"https:\/\/jornalfatosenoticias.com.br\/","logo":{"@type":"ImageObject","inLanguage":"pt-BR","@id":"https:\/\/jornalfatosenoticias.com.br\/#\/schema\/logo\/image\/","url":"https:\/\/jornalfatosenoticias.com.br\/wp-content\/uploads\/2020\/02\/logo120.png","contentUrl":"https:\/\/jornalfatosenoticias.com.br\/wp-content\/uploads\/2020\/02\/logo120.png","width":1227,"height":120,"caption":"Jornal Fatos e Not\u00edcias"},"image":{"@id":"https:\/\/jornalfatosenoticias.com.br\/#\/schema\/logo\/image\/"}},{"@type":"Person","@id":"https:\/\/jornalfatosenoticias.com.br\/#\/schema\/person\/d63837fa13ac8666eb9e74e0985d6f81","name":"Luzimara Fernandes","image":{"@type":"ImageObject","inLanguage":"pt-BR","@id":"https:\/\/jornalfatosenoticias.com.br\/#\/schema\/person\/image\/","url":"https:\/\/jornalfatosenoticias.com.br\/wp-content\/uploads\/2025\/05\/EU_portal.jpg","contentUrl":"https:\/\/jornalfatosenoticias.com.br\/wp-content\/uploads\/2025\/05\/EU_portal.jpg","caption":"Luzimara Fernandes"},"description":"Jornalista MTB 2358-ES","sameAs":["https:\/\/jornalfatosenoticias.com.br"],"url":"https:\/\/jornalfatosenoticias.com.br\/index.php\/author\/luzimara\/"}]}},"cc_featured_image_caption":{"caption_text":"(Foto: Marina Ramos\/Ag\u00eancia C\u00e2mara)","source_text":"","source_url":""},"jetpack_featured_media_url":"https:\/\/jornalfatosenoticias.com.br\/wp-content\/uploads\/2024\/01\/Lira-e-Lula-marina-ramos-ac.jpg","_links":{"self":[{"href":"https:\/\/jornalfatosenoticias.com.br\/index.php\/wp-json\/wp\/v2\/posts\/48536","targetHints":{"allow":["GET"]}}],"collection":[{"href":"https:\/\/jornalfatosenoticias.com.br\/index.php\/wp-json\/wp\/v2\/posts"}],"about":[{"href":"https:\/\/jornalfatosenoticias.com.br\/index.php\/wp-json\/wp\/v2\/types\/post"}],"author":[{"embeddable":true,"href":"https:\/\/jornalfatosenoticias.com.br\/index.php\/wp-json\/wp\/v2\/users\/2"}],"replies":[{"embeddable":true,"href":"https:\/\/jornalfatosenoticias.com.br\/index.php\/wp-json\/wp\/v2\/comments?post=48536"}],"version-history":[{"count":0,"href":"https:\/\/jornalfatosenoticias.com.br\/index.php\/wp-json\/wp\/v2\/posts\/48536\/revisions"}],"wp:featuredmedia":[{"embeddable":true,"href":"https:\/\/jornalfatosenoticias.com.br\/index.php\/wp-json\/wp\/v2\/media\/48537"}],"wp:attachment":[{"href":"https:\/\/jornalfatosenoticias.com.br\/index.php\/wp-json\/wp\/v2\/media?parent=48536"}],"wp:term":[{"taxonomy":"category","embeddable":true,"href":"https:\/\/jornalfatosenoticias.com.br\/index.php\/wp-json\/wp\/v2\/categories?post=48536"},{"taxonomy":"post_tag","embeddable":true,"href":"https:\/\/jornalfatosenoticias.com.br\/index.php\/wp-json\/wp\/v2\/tags?post=48536"}],"curies":[{"name":"wp","href":"https:\/\/api.w.org\/{rel}","templated":true}]}}