{"id":48542,"date":"2024-01-17T16:06:33","date_gmt":"2024-01-17T19:06:33","guid":{"rendered":"https:\/\/jornalfatosenoticias.com.br\/?p=48542"},"modified":"2024-01-17T16:06:33","modified_gmt":"2024-01-17T19:06:33","slug":"numero-de-cristaos-perseguidos-cresce-no-mundo","status":"publish","type":"post","link":"https:\/\/jornalfatosenoticias.com.br\/index.php\/2024\/01\/17\/numero-de-cristaos-perseguidos-cresce-no-mundo\/","title":{"rendered":"N\u00famero de crist\u00e3os perseguidos cresce no mundo"},"content":{"rendered":"\n<p><em><span class=\"has-inline-color has-black-color\">Nicar\u00e1gua dispara de posi\u00e7\u00e3o em meio a restri\u00e7\u00f5es \u00e0 liberdade religiosa. A ditadura de Daniel Ortega tem demandado for\u00e7as para reprimir a a\u00e7\u00e3o de l\u00edderes religiosos contr\u00e1rio ao regime por todo o pa\u00eds, com expuls\u00e3o e pris\u00f5es em s\u00e9rie<\/span><\/em><\/p>\n\n\n\n<p><span class=\"has-inline-color has-black-color\">Por <strong><a href=\"https:\/\/www.gazetadopovo.com.br\/autor\/isabella-de-paula\/\">Isabella de Paula<\/a><\/strong><\/span><\/p>\n\n\n\n<div class=\"wp-block-image\"><figure class=\"aligncenter size-large\"><img loading=\"lazy\" decoding=\"async\" width=\"729\" height=\"90\" src=\"https:\/\/jornalfatosenoticias.com.br\/wp-content\/uploads\/2020\/02\/Logo_Mizu.png\" alt=\"\" class=\"wp-image-1441\" srcset=\"https:\/\/jornalfatosenoticias.com.br\/wp-content\/uploads\/2020\/02\/Logo_Mizu.png 729w, https:\/\/jornalfatosenoticias.com.br\/wp-content\/uploads\/2020\/02\/Logo_Mizu-300x37.png 300w\" sizes=\"auto, (max-width: 729px) 100vw, 729px\" \/><\/figure><\/div>\n\n\n\n<p>A ONG internacional Miss\u00e3o Portas Abertas, que monitora casos de persegui\u00e7\u00e3o religiosa contra crist\u00e3os no mundo h\u00e1 31 anos divulgou, nesta ter\u00e7a-feira (16), seu relat\u00f3rio anual com dados atualizados sobre a situa\u00e7\u00e3o dos 50 pa\u00edses onde h\u00e1 maior repress\u00e3o relacionada \u00e0 f\u00e9 crist\u00e3.<br>A Lista Mundial da Persegui\u00e7\u00e3o, como \u00e9 chamada a pesquisa, partiu de uma coleta feita pela organiza\u00e7\u00e3o no per\u00edodo de 1\u00ba de outubro de 2022 a 30 de setembro de 2023. De acordo com as informa\u00e7\u00f5es divulgadas, o n\u00famero de crist\u00e3os em situa\u00e7\u00e3o de profunda persegui\u00e7\u00e3o ultrapassa os 365 milh\u00f5es, o que equivale a um em cada sete em todo o mundo. No ano passado, a lista indicava 360 milh\u00f5es de perseguidos.<br>Coreia do Norte, Som\u00e1lia e L\u00edbia s\u00e3o os primeiros pa\u00edses do ranking, respectivamente, seguidos de outros da \u00c1frica e Oriente M\u00e9dio. Segundo a Miss\u00e3o Portas Abertas, a ditadura de Kim Jong-un continua como a mais perigosa para os crist\u00e3os. Apesar da diminui\u00e7\u00e3o de relatos de viol\u00eancia, muitos cidad\u00e3os foram repatriados da China e, provavelmente, enviados para pris\u00f5es e campos de trabalho for\u00e7ado, realidade observada por volunt\u00e1rios da ONG que atuam na pen\u00ednsula coreana.<\/p>\n\n\n\n<div class=\"wp-block-image\"><figure class=\"aligncenter size-large is-resized\"><img loading=\"lazy\" decoding=\"async\" src=\"https:\/\/jornalfatosenoticias.com.br\/wp-content\/uploads\/2024\/01\/consultoria-ambiental.jpg\" alt=\"\" class=\"wp-image-48314\" width=\"361\" height=\"326\" srcset=\"https:\/\/jornalfatosenoticias.com.br\/wp-content\/uploads\/2024\/01\/consultoria-ambiental.jpg 832w, https:\/\/jornalfatosenoticias.com.br\/wp-content\/uploads\/2024\/01\/consultoria-ambiental-300x272.jpg 300w, https:\/\/jornalfatosenoticias.com.br\/wp-content\/uploads\/2024\/01\/consultoria-ambiental-768x696.jpg 768w\" sizes=\"auto, (max-width: 361px) 100vw, 361px\" \/><\/figure><\/div>\n\n\n\n<p>A ONG classifica os pa\u00edses em duas categorias: a de persegui\u00e7\u00e3o extrema e severa. Neste ano, dois pa\u00edses subiram de classifica\u00e7\u00e3o, atingindo n\u00edveis extremos entre os mais perigosos para seguidores da f\u00e9 crist\u00e3. S\u00e3o eles a S\u00edria e a Ar\u00e1bia Saudita, que ocupam, respectivamente, a 12\u00aa e 13\u00aa posi\u00e7\u00f5es na lista.<br>Na Am\u00e9rica Latina, os destaques v\u00e3o para as ditaduras da Nicar\u00e1gua, que subiu 20 posi\u00e7\u00f5es no mapa mundial \u2014 passando da posi\u00e7\u00e3o 50\u00aa para a 30\u00aa \u2014 como resultado da onda de repress\u00e3o contra a Igreja pelo regime de Daniel Ortega, e de Cuba, onde o sucessor de Castro, Miguel D\u00edaz-Canel, tem aumentado a imposi\u00e7\u00e3o do comunismo \u00e0 popula\u00e7\u00e3o.<\/p>\n\n\n\n<div class=\"wp-block-image\"><figure class=\"aligncenter size-large\"><img decoding=\"async\" src=\"https:\/\/jornalfatosenoticias.com.br\/wp-content\/uploads\/2020\/02\/logo_esteio.jpg\" alt=\"\" class=\"wp-image-1214\"\/><\/figure><\/div>\n\n\n\n<p>A hostilidade contra a igreja pelo regime nicaraguense pode ser notada por meio de restri\u00e7\u00f5es \u00e0 liberdade religiosa e de express\u00e3o. Os cr\u00edticos do governo, incluindo muitos bispos, foram presos no pa\u00eds, sendo o caso mais emblem\u00e1tico do sacerdote Rolando \u00c1lvarez, que foi expulso do pa\u00eds nesta semana e ser\u00e1 enviado ao Vaticano; universidades e outras institui\u00e7\u00f5es ligadas \u00e0 igreja tiveram seus registros cancelados e propriedades e meios de comunica\u00e7\u00e3o de crist\u00e3os foram confiscados pelo regime de Daniel Ortega.<\/p>\n\n\n\n<div class=\"wp-block-image\"><figure class=\"aligncenter size-large is-resized\"><img loading=\"lazy\" decoding=\"async\" src=\"https:\/\/jornalfatosenoticias.com.br\/wp-content\/uploads\/2023\/12\/pegoretti-logo-pdf-1024x389.jpg\" alt=\"\" class=\"wp-image-47536\" width=\"443\" height=\"168\" srcset=\"https:\/\/jornalfatosenoticias.com.br\/wp-content\/uploads\/2023\/12\/pegoretti-logo-pdf-1024x389.jpg 1024w, https:\/\/jornalfatosenoticias.com.br\/wp-content\/uploads\/2023\/12\/pegoretti-logo-pdf-300x114.jpg 300w, https:\/\/jornalfatosenoticias.com.br\/wp-content\/uploads\/2023\/12\/pegoretti-logo-pdf-768x291.jpg 768w, https:\/\/jornalfatosenoticias.com.br\/wp-content\/uploads\/2023\/12\/pegoretti-logo-pdf.jpg 1120w\" sizes=\"auto, (max-width: 443px) 100vw, 443px\" \/><\/figure><\/div>\n\n\n\n<p>Diversos l\u00edderes religiosos tiveram a cidadania cancelada, al\u00e9m de serem for\u00e7ados ao ex\u00edlio. Celebra\u00e7\u00f5es crist\u00e3s em espa\u00e7os p\u00fablico foram proibidas e a ditadura da Nicar\u00e1gua fechou sua embaixada em Roma, na It\u00e1lia. No ano passado, 55 pa\u00edses decidiram assinar uma declara\u00e7\u00e3o conjunta denunciando os crimes do ditador nicaraguense na ONU, ocasi\u00e3o na qual Luiz In\u00e1cio Lula da Silva, rejeitou a participa\u00e7\u00e3o do Pa\u00eds.<\/p>\n\n\n\n<div class=\"wp-block-image\"><figure class=\"aligncenter size-large\"><img loading=\"lazy\" decoding=\"async\" width=\"300\" height=\"250\" src=\"https:\/\/jornalfatosenoticias.com.br\/wp-content\/uploads\/2022\/02\/FERRARI_MAQUINAS-E-FERRAMENTAS2.jpg\" alt=\"\" class=\"wp-image-27860\"\/><\/figure><\/div>\n\n\n\n<p>Pa\u00edses como Estados Unidos, Austr\u00e1lia, Canad\u00e1, Alemanha e Fran\u00e7a assinaram o documento, que foi endossado at\u00e9 mesmo por governos latino-americanos de esquerda, como Chile, Peru e Col\u00f4mbia. O presidente chileno Gabriel Boric, por exemplo, destacou o car\u00e1ter ditatorial de Ortega na ONU, enquanto representantes do Brasil permaneceram em sil\u00eancio.<\/p>\n\n\n\n<div class=\"wp-block-image\"><figure class=\"aligncenter size-large is-resized\"><img loading=\"lazy\" decoding=\"async\" src=\"https:\/\/jornalfatosenoticias.com.br\/wp-content\/uploads\/2023\/03\/nova-logo-Marquetti.jpg\" alt=\"\" class=\"wp-image-40207\" width=\"334\" height=\"224\" srcset=\"https:\/\/jornalfatosenoticias.com.br\/wp-content\/uploads\/2023\/03\/nova-logo-Marquetti.jpg 643w, https:\/\/jornalfatosenoticias.com.br\/wp-content\/uploads\/2023\/03\/nova-logo-Marquetti-300x202.jpg 300w\" sizes=\"auto, (max-width: 334px) 100vw, 334px\" \/><\/figure><\/div>\n\n\n\n<p>\u00c0 \u00e9poca, segundo informou o portal UOL, representantes do governo brasileiro chegaram a sugerir mudan\u00e7as no texto final pedindo que houvesse mais espa\u00e7o para di\u00e1logo com a ditadura de esquerda instalada por Ortega. A proposta, entretanto, foi considerada inadequada pelos demais pa\u00edses.<br>O secret\u00e1rio-geral da Portas Abertas no Brasil, Marco Cruz, relaciona o crescimento da viol\u00eancia e discrimina\u00e7\u00e3o contra o cristianismo ao atual cen\u00e1rio internacional, envolvendo conflitos em diferentes partes do mundo. <\/p>\n\n\n\n<div class=\"wp-block-image\"><figure class=\"aligncenter size-large is-resized\"><img loading=\"lazy\" decoding=\"async\" src=\"https:\/\/jornalfatosenoticias.com.br\/wp-content\/uploads\/2022\/02\/Precisao-Contabilidade-1024x724.jpg\" alt=\"\" class=\"wp-image-28088\" width=\"362\" height=\"256\"\/><\/figure><\/div>\n\n\n\n<blockquote class=\"wp-block-quote is-layout-flow wp-block-quote-is-layout-flow\"><p><span class=\"has-inline-color has-luminous-vivid-orange-color\">O crescimento da viol\u00eancia, de guerras, fome e persegui\u00e7\u00e3o \u00e9tnica e religiosa refletem pontualmente no trabalho da Portas Abertas, que utiliza as informa\u00e7\u00f5es dos pa\u00edses e de quem atua e apoia, de forma efetiva, crist\u00e3os perseguidos nas diferentes na\u00e7\u00f5es\u201d, afirmou.<\/span><\/p><\/blockquote>\n\n\n\n<div class=\"wp-block-image\"><figure class=\"aligncenter size-large\"><img loading=\"lazy\" decoding=\"async\" width=\"960\" height=\"540\" src=\"https:\/\/jornalfatosenoticias.com.br\/wp-content\/uploads\/2024\/01\/perseguicao-religiosa_Nicaragua.jpg\" alt=\"\" class=\"wp-image-48543\" srcset=\"https:\/\/jornalfatosenoticias.com.br\/wp-content\/uploads\/2024\/01\/perseguicao-religiosa_Nicaragua.jpg 960w, https:\/\/jornalfatosenoticias.com.br\/wp-content\/uploads\/2024\/01\/perseguicao-religiosa_Nicaragua-300x169.jpg 300w, https:\/\/jornalfatosenoticias.com.br\/wp-content\/uploads\/2024\/01\/perseguicao-religiosa_Nicaragua-768x432.jpg 768w\" sizes=\"auto, (max-width: 960px) 100vw, 960px\" \/><figcaption><em><span class=\"has-inline-color has-black-color\">Lista Mundial de Persegui\u00e7\u00e3o 2024 (Divulga\u00e7\u00e3o\/Portas Abertas)<\/span><\/em><\/figcaption><\/figure><\/div>\n\n\n\n<p><strong><span class=\"has-inline-color has-vivid-red-color\">Crist\u00e3os deslocados em Manipur<br><\/span><\/strong>Entre os destaques da nova Lista Mundial de Persegui\u00e7\u00e3o est\u00e1 a situa\u00e7\u00e3o de Manipur, um dos estados da \u00cdndia, onde cerca de 60 mil crist\u00e3os foram deslocados em meio aos conflitos pol\u00edticos entre as etnias Meitei e Kuki, iniciados em maio de 2023. Os atos de viol\u00eancia entre os grupos \u00e9tnicos causaram a morte de aproximadamente 160 crist\u00e3os, at\u00e9 o momento. Em Madhya Pradesh e Chhattisgarh, outros estados indianos, 200 crist\u00e3os de 70 fam\u00edlias foram expulsos de suas comunidades, segundo aponta a ONG.<\/p>\n\n\n\n<div class=\"wp-block-image\"><figure class=\"aligncenter size-large is-resized\"><img loading=\"lazy\" decoding=\"async\" src=\"https:\/\/jornalfatosenoticias.com.br\/wp-content\/uploads\/2023\/08\/ITH.jpeg\" alt=\"\" class=\"wp-image-44638\" width=\"326\" height=\"265\" srcset=\"https:\/\/jornalfatosenoticias.com.br\/wp-content\/uploads\/2023\/08\/ITH.jpeg 800w, https:\/\/jornalfatosenoticias.com.br\/wp-content\/uploads\/2023\/08\/ITH-300x244.jpeg 300w, https:\/\/jornalfatosenoticias.com.br\/wp-content\/uploads\/2023\/08\/ITH-768x624.jpeg 768w\" sizes=\"auto, (max-width: 326px) 100vw, 326px\" \/><\/figure><\/div>\n\n\n\n<p><strong><span class=\"has-inline-color has-vivid-red-color\">Crise pol\u00edtica e econ\u00f4mica na \u00c1frica Subsaariana favorece persegui\u00e7\u00e3o\u202f\u00a0<br><\/span><\/strong>A crise pol\u00edtica e econ\u00f4mica de alguns pa\u00edses da \u00c1frica Subsaariana contribui com a expans\u00e3o de atividades extremistas na regi\u00e3o, que muitas vezes se ligam ao Estado Isl\u00e2mico ou outros grupos terroristas que perseguem o cristianismo em comunidades locais.<\/p>\n\n\n\n<div class=\"wp-block-image\"><figure class=\"aligncenter size-large is-resized\"><img loading=\"lazy\" decoding=\"async\" src=\"https:\/\/jornalfatosenoticias.com.br\/wp-content\/uploads\/2020\/02\/CONTROL-CS.jpg\" alt=\"\" class=\"wp-image-44991\" width=\"326\" height=\"391\" srcset=\"https:\/\/jornalfatosenoticias.com.br\/wp-content\/uploads\/2020\/02\/CONTROL-CS.jpg 834w, https:\/\/jornalfatosenoticias.com.br\/wp-content\/uploads\/2020\/02\/CONTROL-CS-250x300.jpg 250w, https:\/\/jornalfatosenoticias.com.br\/wp-content\/uploads\/2020\/02\/CONTROL-CS-768x921.jpg 768w\" sizes=\"auto, (max-width: 326px) 100vw, 326px\" \/><\/figure><\/div>\n\n\n\n<p>Segundo a ONG, centenas de casas, lojas de crist\u00e3os e igrejas foram alvo de jihadistas no per\u00edodo da pesquisa. A situa\u00e7\u00e3o foi agravada em pa\u00edses onde aconteceram golpes militares e crist\u00e3os n\u00e3o tiveram espa\u00e7o para denunciar as viola\u00e7\u00f5es de Direitos Humanos e liberdade religiosa.<\/p>\n\n\n\n<div class=\"wp-block-image\"><figure class=\"aligncenter size-large is-resized\"><img loading=\"lazy\" decoding=\"async\" src=\"https:\/\/jornalfatosenoticias.com.br\/wp-content\/uploads\/2023\/09\/vetorvix1024_1.jpg\" alt=\"\" class=\"wp-image-44868\" width=\"464\" height=\"123\" srcset=\"https:\/\/jornalfatosenoticias.com.br\/wp-content\/uploads\/2023\/09\/vetorvix1024_1.jpg 1024w, https:\/\/jornalfatosenoticias.com.br\/wp-content\/uploads\/2023\/09\/vetorvix1024_1-300x80.jpg 300w, https:\/\/jornalfatosenoticias.com.br\/wp-content\/uploads\/2023\/09\/vetorvix1024_1-768x205.jpg 768w\" sizes=\"auto, (max-width: 464px) 100vw, 464px\" \/><\/figure><\/div>\n\n\n\n<p>A Portas Abertas denuncia que a falta de liberdade foi intensificada com a compra de tecnologia de vigil\u00e2ncia, monitoramento, e a presen\u00e7a do grupo Wagner que, ap\u00f3s ser expulsos da R\u00fassia, intensificou suas atividades mercen\u00e1rias na \u00c1frica. Estima-se que, dos 34,5 milh\u00f5es de deslocados na \u00c1frica Subsaariana, 16,2 milh\u00f5es sejam crist\u00e3os. Eles lutam para sobreviver sem alimenta\u00e7\u00e3o, moradia e cuidados b\u00e1sicos de higiene e sa\u00fade. No per\u00edodo da pesquisa, entre outubro de 2022 e setembro de 2023, mais de 14 mil igrejas na regi\u00e3o foram atacadas ou fechadas, n\u00famero sete vezes maior do que o apresentado na lista passada.<\/p>\n\n\n\n<div class=\"wp-block-image\"><figure class=\"aligncenter size-large is-resized\"><img loading=\"lazy\" decoding=\"async\" src=\"https:\/\/jornalfatosenoticias.com.br\/wp-content\/uploads\/2022\/10\/RC_800x750_page-0001.jpg\" alt=\"\" class=\"wp-image-35338\" width=\"316\" height=\"296\" srcset=\"https:\/\/jornalfatosenoticias.com.br\/wp-content\/uploads\/2022\/10\/RC_800x750_page-0001.jpg 400w, https:\/\/jornalfatosenoticias.com.br\/wp-content\/uploads\/2022\/10\/RC_800x750_page-0001-300x281.jpg 300w\" sizes=\"auto, (max-width: 316px) 100vw, 316px\" \/><\/figure><\/div>\n\n\n\n<p><strong><span class=\"has-inline-color has-vivid-red-color\">S\u00edria e Ar\u00e1bia Saudita em foco no Oriente M\u00e9dio<br><\/span><\/strong>Esses dois pa\u00edses subiram de categoria na Lista Mundial de Persegui\u00e7\u00e3o deste ano, passando de persegui\u00e7\u00e3o severa para extrema. A Ar\u00e1bia Saudita, apesar de um discurso nacional de defesa da liberdade religiosa, registrou um aumento da viol\u00eancia contra crist\u00e3os no pa\u00eds.<\/p>\n\n\n\n<div class=\"wp-block-image\"><figure class=\"aligncenter size-large\"><img decoding=\"async\" src=\"https:\/\/jornalfatosenoticias.com.br\/wp-content\/uploads\/2020\/02\/barao-das-carnes-300x164-1.jpg\" alt=\"\" class=\"wp-image-34339\"\/><\/figure><\/div>\n\n\n\n<p>J\u00e1 a S\u00edria foi marcada por um terremoto que atingiu o pa\u00eds em fevereiro de 2023 e contribuiu para que muitos crist\u00e3os, que j\u00e1 viviam em situa\u00e7\u00e3o prec\u00e1ria, se deslocassem ou deixassem o territ\u00f3rio. A destrui\u00e7\u00e3o e a tomada de igrejas hist\u00f3ricas pelo grupo extremista Hay\u02beat Ta\u1e25r\u012br al- Sh\u0101m tamb\u00e9m foi respons\u00e1vel pela migra\u00e7\u00e3o de adeptos do cristianismo.<\/p>\n\n\n\n<div class=\"wp-block-image\"><figure class=\"aligncenter size-large is-resized\"><img loading=\"lazy\" decoding=\"async\" src=\"https:\/\/jornalfatosenoticias.com.br\/wp-content\/uploads\/2023\/08\/BKR-1024x1021.jpg\" alt=\"\" class=\"wp-image-44494\" width=\"306\" height=\"305\" srcset=\"https:\/\/jornalfatosenoticias.com.br\/wp-content\/uploads\/2023\/08\/BKR-1024x1021.jpg 1024w, https:\/\/jornalfatosenoticias.com.br\/wp-content\/uploads\/2023\/08\/BKR-300x300.jpg 300w, https:\/\/jornalfatosenoticias.com.br\/wp-content\/uploads\/2023\/08\/BKR-150x150.jpg 150w, https:\/\/jornalfatosenoticias.com.br\/wp-content\/uploads\/2023\/08\/BKR-768x766.jpg 768w, https:\/\/jornalfatosenoticias.com.br\/wp-content\/uploads\/2023\/08\/BKR.jpg 1080w\" sizes=\"auto, (max-width: 306px) 100vw, 306px\" \/><\/figure><\/div>\n\n\n\n<p><strong><span class=\"has-inline-color has-vivid-red-color\">China tem recorde de igrejas fechadas<br><\/span><\/strong>A China liderou a lista entre os pa\u00edses com o maior n\u00famero de igrejas fechadas, com no m\u00ednimo 10 mil incidentes nesse sentido. O ano foi marcado por epis\u00f3dios de pastores detidos e levados a interrogat\u00f3rio, sem que pudessem ter contato com advogados e familiares.<\/p>\n\n\n\n<div class=\"wp-block-image\"><figure class=\"aligncenter size-large is-resized\"><img loading=\"lazy\" decoding=\"async\" src=\"https:\/\/jornalfatosenoticias.com.br\/wp-content\/uploads\/2023\/03\/logo-Panper_portal.jpg\" alt=\"\" class=\"wp-image-40208\" width=\"335\" height=\"232\" srcset=\"https:\/\/jornalfatosenoticias.com.br\/wp-content\/uploads\/2023\/03\/logo-Panper_portal.jpg 400w, https:\/\/jornalfatosenoticias.com.br\/wp-content\/uploads\/2023\/03\/logo-Panper_portal-300x208.jpg 300w\" sizes=\"auto, (max-width: 335px) 100vw, 335px\" \/><\/figure><\/div>\n\n\n\n<p>Os crist\u00e3os tamb\u00e9m sofreram repress\u00e3o nas escolas, onde foram questionados, por meio de relat\u00f3rios, sobre pr\u00e1ticas religiosas em casa. A Arg\u00e9lia \u00e9 outro pa\u00eds onde a persegui\u00e7\u00e3o foi forte no \u00faltimo ano. De acordo com a ONG Portas Abertas, apenas quatro das 46 igrejas afiliadas \u00e0 Igreja Protestante da Arg\u00e9lia (EPA, da sigla em franc\u00eas) est\u00e3o abertas em todo o territ\u00f3rio.<\/p>\n\n\n\n<div class=\"wp-block-image\"><figure class=\"aligncenter size-large is-resized\"><img loading=\"lazy\" decoding=\"async\" src=\"https:\/\/jornalfatosenoticias.com.br\/wp-content\/uploads\/2020\/02\/logo-Rapuzel-1024x571.jpg\" alt=\"\" class=\"wp-image-42808\" width=\"366\" height=\"204\" srcset=\"https:\/\/jornalfatosenoticias.com.br\/wp-content\/uploads\/2020\/02\/logo-Rapuzel-1024x571.jpg 1024w, https:\/\/jornalfatosenoticias.com.br\/wp-content\/uploads\/2020\/02\/logo-Rapuzel-300x167.jpg 300w, https:\/\/jornalfatosenoticias.com.br\/wp-content\/uploads\/2020\/02\/logo-Rapuzel-768x428.jpg 768w, https:\/\/jornalfatosenoticias.com.br\/wp-content\/uploads\/2020\/02\/logo-Rapuzel-1536x856.jpg 1536w, https:\/\/jornalfatosenoticias.com.br\/wp-content\/uploads\/2020\/02\/logo-Rapuzel.jpg 1600w\" sizes=\"auto, (max-width: 366px) 100vw, 366px\" \/><\/figure><\/div>\n\n\n\n<p><strong><span class=\"has-inline-color has-vivid-red-color\">Crescem ataques contra crist\u00e3os<br><\/span><\/strong>Segundo a Miss\u00e3o Portas Abertas, houve um aumento de sete vezes nos registros de ataques a igrejas, escolas e hospitais crist\u00e3os. No ano passado foram notificados 2.110 casos, enquanto neste relat\u00f3rio foram 14.766. O n\u00famero de seguidores da f\u00e9 crist\u00e3 espancados ou amea\u00e7ados tamb\u00e9m passou de 29.411 na lista de 2023 para 42.849. J\u00e1 os ataques a resid\u00eancias e comunidades crist\u00e3s aumentaram 371% em rela\u00e7\u00e3o aos n\u00fameros da de 2023, passando de 4.547 para 21.431.<\/p>\n\n\n\n<div class=\"wp-block-image\"><figure class=\"aligncenter size-large\"><img loading=\"lazy\" decoding=\"async\" width=\"300\" height=\"250\" src=\"https:\/\/jornalfatosenoticias.com.br\/wp-content\/uploads\/2020\/02\/Banner-2.png\" alt=\"\" class=\"wp-image-43787\"\/><\/figure><\/div>\n\n\n\n<p>Os crist\u00e3os for\u00e7ados a abandonar suas casas ou a se esconderem mais do que duplicaram, chegando a 278.716 casos, o que contrasta com os 124.310 do ano passado. Apesar da Coreia do Norte ser o pa\u00eds mais repressor \u00e0 f\u00e9 crist\u00e3, a Nig\u00e9ria segue na lideran\u00e7a entre os mais violento para crist\u00e3os viverem, com o maior n\u00famero de adeptos do cristianismo assassinados e sequestrados por professarem a f\u00e9.<\/p>\n\n\n\n<div class=\"wp-block-image\"><figure class=\"aligncenter size-large is-resized\"><img loading=\"lazy\" decoding=\"async\" src=\"https:\/\/jornalfatosenoticias.com.br\/wp-content\/uploads\/2020\/02\/LOGO-BLU-COMERCIAL-PRETO-1024x600.jpg\" alt=\"\" class=\"wp-image-44089\" width=\"364\" height=\"212\"\/><\/figure><\/div>\n\n\n\n<p><strong><em>Fonte: <a href=\"https:\/\/www.gazetadopovo.com.br\/mundo\/numero-de-cristaos-perseguidos-cresce-no-mundo-nicaragua-dispara-de-posicao-em-meio-a-restricoes-a-liberdade-religiosa\/\">Gazeta do Povo<\/a><\/em><\/strong><\/p>\n","protected":false},"excerpt":{"rendered":"<p>Nicar\u00e1gua dispara de posi\u00e7\u00e3o em meio a restri\u00e7\u00f5es \u00e0 liberdade religiosa. A ditadura de Daniel Ortega tem demandado for\u00e7as para reprimir a a\u00e7\u00e3o de l\u00edderes religiosos contr\u00e1rio ao regime por todo o pa\u00eds, com expuls\u00e3o e pris\u00f5es em s\u00e9rie Por Isabella de Paula A ONG internacional Miss\u00e3o Portas Abertas, que monitora casos de persegui\u00e7\u00e3o religiosa [&hellip;]<\/p>\n","protected":false},"author":2,"featured_media":48544,"comment_status":"open","ping_status":"open","sticky":false,"template":"","format":"standard","meta":{"footnotes":""},"categories":[41],"tags":[260,14160,85,11204,1619,5043,16508,170,18166,22568,22567,589,775,22569,147,3294,2479],"class_list":["post-48542","post","type-post","status-publish","format-standard","has-post-thumbnail","hentry","category-internacional","tag-america-latina","tag-catolicos","tag-china","tag-coreia-do-norte","tag-cristianismo","tag-cuba","tag-daniel-ortega","tag-igreja-catolica","tag-igrejas","tag-intolerancia-religiosa","tag-liberdade-religiosa","tag-nicaragua","tag-ong","tag-ong-portas-abertas","tag-oriente-medio","tag-religiao","tag-violencia"],"yoast_head":"<!-- This site is optimized with the Yoast SEO plugin v26.5 - https:\/\/yoast.com\/wordpress\/plugins\/seo\/ -->\n<title>N\u00famero de crist\u00e3os perseguidos cresce no mundo - Jornal Fatos e Not\u00edcias<\/title>\n<meta name=\"robots\" content=\"index, follow, max-snippet:-1, max-image-preview:large, max-video-preview:-1\" \/>\n<link rel=\"canonical\" href=\"https:\/\/jornalfatosenoticias.com.br\/index.php\/2024\/01\/17\/numero-de-cristaos-perseguidos-cresce-no-mundo\/\" \/>\n<meta property=\"og:locale\" content=\"pt_BR\" \/>\n<meta property=\"og:type\" content=\"article\" \/>\n<meta property=\"og:title\" content=\"N\u00famero de crist\u00e3os perseguidos cresce no mundo - Jornal Fatos e Not\u00edcias\" \/>\n<meta property=\"og:description\" content=\"Nicar\u00e1gua dispara de posi\u00e7\u00e3o em meio a restri\u00e7\u00f5es \u00e0 liberdade religiosa. A ditadura de Daniel Ortega tem demandado for\u00e7as para reprimir a a\u00e7\u00e3o de l\u00edderes religiosos contr\u00e1rio ao regime por todo o pa\u00eds, com expuls\u00e3o e pris\u00f5es em s\u00e9rie Por Isabella de Paula A ONG internacional Miss\u00e3o Portas Abertas, que monitora casos de persegui\u00e7\u00e3o religiosa [&hellip;]\" \/>\n<meta property=\"og:url\" content=\"https:\/\/jornalfatosenoticias.com.br\/index.php\/2024\/01\/17\/numero-de-cristaos-perseguidos-cresce-no-mundo\/\" \/>\n<meta property=\"og:site_name\" content=\"Jornal Fatos e Not\u00edcias\" \/>\n<meta property=\"article:published_time\" content=\"2024-01-17T19:06:33+00:00\" \/>\n<meta property=\"og:image\" content=\"https:\/\/jornalfatosenoticias.com.br\/wp-content\/uploads\/2024\/01\/ditadura-daniel-ortega.jpg\" \/>\n\t<meta property=\"og:image:width\" content=\"800\" \/>\n\t<meta property=\"og:image:height\" content=\"450\" \/>\n\t<meta property=\"og:image:type\" content=\"image\/jpeg\" \/>\n<meta name=\"author\" content=\"Luzimara Fernandes\" \/>\n<meta name=\"twitter:card\" content=\"summary_large_image\" \/>\n<meta name=\"twitter:label1\" content=\"Escrito por\" \/>\n\t<meta name=\"twitter:data1\" content=\"Luzimara Fernandes\" \/>\n\t<meta name=\"twitter:label2\" content=\"Est. tempo de leitura\" \/>\n\t<meta name=\"twitter:data2\" content=\"7 minutos\" \/>\n<script type=\"application\/ld+json\" class=\"yoast-schema-graph\">{\"@context\":\"https:\/\/schema.org\",\"@graph\":[{\"@type\":\"Article\",\"@id\":\"https:\/\/jornalfatosenoticias.com.br\/index.php\/2024\/01\/17\/numero-de-cristaos-perseguidos-cresce-no-mundo\/#article\",\"isPartOf\":{\"@id\":\"https:\/\/jornalfatosenoticias.com.br\/index.php\/2024\/01\/17\/numero-de-cristaos-perseguidos-cresce-no-mundo\/\"},\"author\":{\"name\":\"Luzimara Fernandes\",\"@id\":\"https:\/\/jornalfatosenoticias.com.br\/#\/schema\/person\/d63837fa13ac8666eb9e74e0985d6f81\"},\"headline\":\"N\u00famero de crist\u00e3os perseguidos cresce no mundo\",\"datePublished\":\"2024-01-17T19:06:33+00:00\",\"mainEntityOfPage\":{\"@id\":\"https:\/\/jornalfatosenoticias.com.br\/index.php\/2024\/01\/17\/numero-de-cristaos-perseguidos-cresce-no-mundo\/\"},\"wordCount\":1466,\"commentCount\":0,\"publisher\":{\"@id\":\"https:\/\/jornalfatosenoticias.com.br\/#organization\"},\"image\":{\"@id\":\"https:\/\/jornalfatosenoticias.com.br\/index.php\/2024\/01\/17\/numero-de-cristaos-perseguidos-cresce-no-mundo\/#primaryimage\"},\"thumbnailUrl\":\"https:\/\/jornalfatosenoticias.com.br\/wp-content\/uploads\/2024\/01\/ditadura-daniel-ortega.jpg\",\"keywords\":[\"Am\u00e9rica latina\",\"cat\u00f3licos\",\"china\",\"Coreia do Norte\",\"cristianismo\",\"Cuba\",\"Daniel Ortega\",\"igreja cat\u00f3lica\",\"igrejas\",\"intoler\u00e2ncia religiosa\",\"liberdade religiosa\",\"Nicar\u00e1gua\",\"ONG\",\"ONG Portas Abertas\",\"Oriente M\u00e9dio\",\"religi\u00e3o\",\"viol\u00eancia\"],\"articleSection\":[\"Internacional\"],\"inLanguage\":\"pt-BR\",\"potentialAction\":[{\"@type\":\"CommentAction\",\"name\":\"Comment\",\"target\":[\"https:\/\/jornalfatosenoticias.com.br\/index.php\/2024\/01\/17\/numero-de-cristaos-perseguidos-cresce-no-mundo\/#respond\"]}]},{\"@type\":\"WebPage\",\"@id\":\"https:\/\/jornalfatosenoticias.com.br\/index.php\/2024\/01\/17\/numero-de-cristaos-perseguidos-cresce-no-mundo\/\",\"url\":\"https:\/\/jornalfatosenoticias.com.br\/index.php\/2024\/01\/17\/numero-de-cristaos-perseguidos-cresce-no-mundo\/\",\"name\":\"N\u00famero de crist\u00e3os perseguidos cresce no mundo - Jornal Fatos e Not\u00edcias\",\"isPartOf\":{\"@id\":\"https:\/\/jornalfatosenoticias.com.br\/#website\"},\"primaryImageOfPage\":{\"@id\":\"https:\/\/jornalfatosenoticias.com.br\/index.php\/2024\/01\/17\/numero-de-cristaos-perseguidos-cresce-no-mundo\/#primaryimage\"},\"image\":{\"@id\":\"https:\/\/jornalfatosenoticias.com.br\/index.php\/2024\/01\/17\/numero-de-cristaos-perseguidos-cresce-no-mundo\/#primaryimage\"},\"thumbnailUrl\":\"https:\/\/jornalfatosenoticias.com.br\/wp-content\/uploads\/2024\/01\/ditadura-daniel-ortega.jpg\",\"datePublished\":\"2024-01-17T19:06:33+00:00\",\"breadcrumb\":{\"@id\":\"https:\/\/jornalfatosenoticias.com.br\/index.php\/2024\/01\/17\/numero-de-cristaos-perseguidos-cresce-no-mundo\/#breadcrumb\"},\"inLanguage\":\"pt-BR\",\"potentialAction\":[{\"@type\":\"ReadAction\",\"target\":[\"https:\/\/jornalfatosenoticias.com.br\/index.php\/2024\/01\/17\/numero-de-cristaos-perseguidos-cresce-no-mundo\/\"]}]},{\"@type\":\"ImageObject\",\"inLanguage\":\"pt-BR\",\"@id\":\"https:\/\/jornalfatosenoticias.com.br\/index.php\/2024\/01\/17\/numero-de-cristaos-perseguidos-cresce-no-mundo\/#primaryimage\",\"url\":\"https:\/\/jornalfatosenoticias.com.br\/wp-content\/uploads\/2024\/01\/ditadura-daniel-ortega.jpg\",\"contentUrl\":\"https:\/\/jornalfatosenoticias.com.br\/wp-content\/uploads\/2024\/01\/ditadura-daniel-ortega.jpg\",\"width\":800,\"height\":450},{\"@type\":\"BreadcrumbList\",\"@id\":\"https:\/\/jornalfatosenoticias.com.br\/index.php\/2024\/01\/17\/numero-de-cristaos-perseguidos-cresce-no-mundo\/#breadcrumb\",\"itemListElement\":[{\"@type\":\"ListItem\",\"position\":1,\"name\":\"In\u00edcio\",\"item\":\"https:\/\/jornalfatosenoticias.com.br\/\"},{\"@type\":\"ListItem\",\"position\":2,\"name\":\"N\u00famero de crist\u00e3os perseguidos cresce no mundo\"}]},{\"@type\":\"WebSite\",\"@id\":\"https:\/\/jornalfatosenoticias.com.br\/#website\",\"url\":\"https:\/\/jornalfatosenoticias.com.br\/\",\"name\":\"Jornal Fatos e Not\u00edcias\",\"description\":\"Not\u00edcias em geral\",\"publisher\":{\"@id\":\"https:\/\/jornalfatosenoticias.com.br\/#organization\"},\"potentialAction\":[{\"@type\":\"SearchAction\",\"target\":{\"@type\":\"EntryPoint\",\"urlTemplate\":\"https:\/\/jornalfatosenoticias.com.br\/?s={search_term_string}\"},\"query-input\":{\"@type\":\"PropertyValueSpecification\",\"valueRequired\":true,\"valueName\":\"search_term_string\"}}],\"inLanguage\":\"pt-BR\"},{\"@type\":\"Organization\",\"@id\":\"https:\/\/jornalfatosenoticias.com.br\/#organization\",\"name\":\"Jornal Fatos e Not\u00edcias\",\"url\":\"https:\/\/jornalfatosenoticias.com.br\/\",\"logo\":{\"@type\":\"ImageObject\",\"inLanguage\":\"pt-BR\",\"@id\":\"https:\/\/jornalfatosenoticias.com.br\/#\/schema\/logo\/image\/\",\"url\":\"https:\/\/jornalfatosenoticias.com.br\/wp-content\/uploads\/2020\/02\/logo120.png\",\"contentUrl\":\"https:\/\/jornalfatosenoticias.com.br\/wp-content\/uploads\/2020\/02\/logo120.png\",\"width\":1227,\"height\":120,\"caption\":\"Jornal Fatos e Not\u00edcias\"},\"image\":{\"@id\":\"https:\/\/jornalfatosenoticias.com.br\/#\/schema\/logo\/image\/\"}},{\"@type\":\"Person\",\"@id\":\"https:\/\/jornalfatosenoticias.com.br\/#\/schema\/person\/d63837fa13ac8666eb9e74e0985d6f81\",\"name\":\"Luzimara Fernandes\",\"image\":{\"@type\":\"ImageObject\",\"inLanguage\":\"pt-BR\",\"@id\":\"https:\/\/jornalfatosenoticias.com.br\/#\/schema\/person\/image\/\",\"url\":\"https:\/\/jornalfatosenoticias.com.br\/wp-content\/uploads\/2025\/05\/EU_portal.jpg\",\"contentUrl\":\"https:\/\/jornalfatosenoticias.com.br\/wp-content\/uploads\/2025\/05\/EU_portal.jpg\",\"caption\":\"Luzimara Fernandes\"},\"description\":\"Jornalista MTB 2358-ES\",\"sameAs\":[\"https:\/\/jornalfatosenoticias.com.br\"],\"url\":\"https:\/\/jornalfatosenoticias.com.br\/index.php\/author\/luzimara\/\"}]}<\/script>\n<!-- \/ Yoast SEO plugin. -->","yoast_head_json":{"title":"N\u00famero de crist\u00e3os perseguidos cresce no mundo - Jornal Fatos e Not\u00edcias","robots":{"index":"index","follow":"follow","max-snippet":"max-snippet:-1","max-image-preview":"max-image-preview:large","max-video-preview":"max-video-preview:-1"},"canonical":"https:\/\/jornalfatosenoticias.com.br\/index.php\/2024\/01\/17\/numero-de-cristaos-perseguidos-cresce-no-mundo\/","og_locale":"pt_BR","og_type":"article","og_title":"N\u00famero de crist\u00e3os perseguidos cresce no mundo - Jornal Fatos e Not\u00edcias","og_description":"Nicar\u00e1gua dispara de posi\u00e7\u00e3o em meio a restri\u00e7\u00f5es \u00e0 liberdade religiosa. A ditadura de Daniel Ortega tem demandado for\u00e7as para reprimir a a\u00e7\u00e3o de l\u00edderes religiosos contr\u00e1rio ao regime por todo o pa\u00eds, com expuls\u00e3o e pris\u00f5es em s\u00e9rie Por Isabella de Paula A ONG internacional Miss\u00e3o Portas Abertas, que monitora casos de persegui\u00e7\u00e3o religiosa [&hellip;]","og_url":"https:\/\/jornalfatosenoticias.com.br\/index.php\/2024\/01\/17\/numero-de-cristaos-perseguidos-cresce-no-mundo\/","og_site_name":"Jornal Fatos e Not\u00edcias","article_published_time":"2024-01-17T19:06:33+00:00","og_image":[{"width":800,"height":450,"url":"https:\/\/jornalfatosenoticias.com.br\/wp-content\/uploads\/2024\/01\/ditadura-daniel-ortega.jpg","type":"image\/jpeg"}],"author":"Luzimara Fernandes","twitter_card":"summary_large_image","twitter_misc":{"Escrito por":"Luzimara Fernandes","Est. tempo de leitura":"7 minutos"},"schema":{"@context":"https:\/\/schema.org","@graph":[{"@type":"Article","@id":"https:\/\/jornalfatosenoticias.com.br\/index.php\/2024\/01\/17\/numero-de-cristaos-perseguidos-cresce-no-mundo\/#article","isPartOf":{"@id":"https:\/\/jornalfatosenoticias.com.br\/index.php\/2024\/01\/17\/numero-de-cristaos-perseguidos-cresce-no-mundo\/"},"author":{"name":"Luzimara Fernandes","@id":"https:\/\/jornalfatosenoticias.com.br\/#\/schema\/person\/d63837fa13ac8666eb9e74e0985d6f81"},"headline":"N\u00famero de crist\u00e3os perseguidos cresce no mundo","datePublished":"2024-01-17T19:06:33+00:00","mainEntityOfPage":{"@id":"https:\/\/jornalfatosenoticias.com.br\/index.php\/2024\/01\/17\/numero-de-cristaos-perseguidos-cresce-no-mundo\/"},"wordCount":1466,"commentCount":0,"publisher":{"@id":"https:\/\/jornalfatosenoticias.com.br\/#organization"},"image":{"@id":"https:\/\/jornalfatosenoticias.com.br\/index.php\/2024\/01\/17\/numero-de-cristaos-perseguidos-cresce-no-mundo\/#primaryimage"},"thumbnailUrl":"https:\/\/jornalfatosenoticias.com.br\/wp-content\/uploads\/2024\/01\/ditadura-daniel-ortega.jpg","keywords":["Am\u00e9rica latina","cat\u00f3licos","china","Coreia do Norte","cristianismo","Cuba","Daniel Ortega","igreja cat\u00f3lica","igrejas","intoler\u00e2ncia religiosa","liberdade religiosa","Nicar\u00e1gua","ONG","ONG Portas Abertas","Oriente M\u00e9dio","religi\u00e3o","viol\u00eancia"],"articleSection":["Internacional"],"inLanguage":"pt-BR","potentialAction":[{"@type":"CommentAction","name":"Comment","target":["https:\/\/jornalfatosenoticias.com.br\/index.php\/2024\/01\/17\/numero-de-cristaos-perseguidos-cresce-no-mundo\/#respond"]}]},{"@type":"WebPage","@id":"https:\/\/jornalfatosenoticias.com.br\/index.php\/2024\/01\/17\/numero-de-cristaos-perseguidos-cresce-no-mundo\/","url":"https:\/\/jornalfatosenoticias.com.br\/index.php\/2024\/01\/17\/numero-de-cristaos-perseguidos-cresce-no-mundo\/","name":"N\u00famero de crist\u00e3os perseguidos cresce no mundo - Jornal Fatos e Not\u00edcias","isPartOf":{"@id":"https:\/\/jornalfatosenoticias.com.br\/#website"},"primaryImageOfPage":{"@id":"https:\/\/jornalfatosenoticias.com.br\/index.php\/2024\/01\/17\/numero-de-cristaos-perseguidos-cresce-no-mundo\/#primaryimage"},"image":{"@id":"https:\/\/jornalfatosenoticias.com.br\/index.php\/2024\/01\/17\/numero-de-cristaos-perseguidos-cresce-no-mundo\/#primaryimage"},"thumbnailUrl":"https:\/\/jornalfatosenoticias.com.br\/wp-content\/uploads\/2024\/01\/ditadura-daniel-ortega.jpg","datePublished":"2024-01-17T19:06:33+00:00","breadcrumb":{"@id":"https:\/\/jornalfatosenoticias.com.br\/index.php\/2024\/01\/17\/numero-de-cristaos-perseguidos-cresce-no-mundo\/#breadcrumb"},"inLanguage":"pt-BR","potentialAction":[{"@type":"ReadAction","target":["https:\/\/jornalfatosenoticias.com.br\/index.php\/2024\/01\/17\/numero-de-cristaos-perseguidos-cresce-no-mundo\/"]}]},{"@type":"ImageObject","inLanguage":"pt-BR","@id":"https:\/\/jornalfatosenoticias.com.br\/index.php\/2024\/01\/17\/numero-de-cristaos-perseguidos-cresce-no-mundo\/#primaryimage","url":"https:\/\/jornalfatosenoticias.com.br\/wp-content\/uploads\/2024\/01\/ditadura-daniel-ortega.jpg","contentUrl":"https:\/\/jornalfatosenoticias.com.br\/wp-content\/uploads\/2024\/01\/ditadura-daniel-ortega.jpg","width":800,"height":450},{"@type":"BreadcrumbList","@id":"https:\/\/jornalfatosenoticias.com.br\/index.php\/2024\/01\/17\/numero-de-cristaos-perseguidos-cresce-no-mundo\/#breadcrumb","itemListElement":[{"@type":"ListItem","position":1,"name":"In\u00edcio","item":"https:\/\/jornalfatosenoticias.com.br\/"},{"@type":"ListItem","position":2,"name":"N\u00famero de crist\u00e3os perseguidos cresce no mundo"}]},{"@type":"WebSite","@id":"https:\/\/jornalfatosenoticias.com.br\/#website","url":"https:\/\/jornalfatosenoticias.com.br\/","name":"Jornal Fatos e Not\u00edcias","description":"Not\u00edcias em geral","publisher":{"@id":"https:\/\/jornalfatosenoticias.com.br\/#organization"},"potentialAction":[{"@type":"SearchAction","target":{"@type":"EntryPoint","urlTemplate":"https:\/\/jornalfatosenoticias.com.br\/?s={search_term_string}"},"query-input":{"@type":"PropertyValueSpecification","valueRequired":true,"valueName":"search_term_string"}}],"inLanguage":"pt-BR"},{"@type":"Organization","@id":"https:\/\/jornalfatosenoticias.com.br\/#organization","name":"Jornal Fatos e Not\u00edcias","url":"https:\/\/jornalfatosenoticias.com.br\/","logo":{"@type":"ImageObject","inLanguage":"pt-BR","@id":"https:\/\/jornalfatosenoticias.com.br\/#\/schema\/logo\/image\/","url":"https:\/\/jornalfatosenoticias.com.br\/wp-content\/uploads\/2020\/02\/logo120.png","contentUrl":"https:\/\/jornalfatosenoticias.com.br\/wp-content\/uploads\/2020\/02\/logo120.png","width":1227,"height":120,"caption":"Jornal Fatos e Not\u00edcias"},"image":{"@id":"https:\/\/jornalfatosenoticias.com.br\/#\/schema\/logo\/image\/"}},{"@type":"Person","@id":"https:\/\/jornalfatosenoticias.com.br\/#\/schema\/person\/d63837fa13ac8666eb9e74e0985d6f81","name":"Luzimara Fernandes","image":{"@type":"ImageObject","inLanguage":"pt-BR","@id":"https:\/\/jornalfatosenoticias.com.br\/#\/schema\/person\/image\/","url":"https:\/\/jornalfatosenoticias.com.br\/wp-content\/uploads\/2025\/05\/EU_portal.jpg","contentUrl":"https:\/\/jornalfatosenoticias.com.br\/wp-content\/uploads\/2025\/05\/EU_portal.jpg","caption":"Luzimara Fernandes"},"description":"Jornalista MTB 2358-ES","sameAs":["https:\/\/jornalfatosenoticias.com.br"],"url":"https:\/\/jornalfatosenoticias.com.br\/index.php\/author\/luzimara\/"}]}},"cc_featured_image_caption":{"caption_text":"(Foto: Getty Images) ","source_text":"","source_url":""},"jetpack_featured_media_url":"https:\/\/jornalfatosenoticias.com.br\/wp-content\/uploads\/2024\/01\/ditadura-daniel-ortega.jpg","_links":{"self":[{"href":"https:\/\/jornalfatosenoticias.com.br\/index.php\/wp-json\/wp\/v2\/posts\/48542","targetHints":{"allow":["GET"]}}],"collection":[{"href":"https:\/\/jornalfatosenoticias.com.br\/index.php\/wp-json\/wp\/v2\/posts"}],"about":[{"href":"https:\/\/jornalfatosenoticias.com.br\/index.php\/wp-json\/wp\/v2\/types\/post"}],"author":[{"embeddable":true,"href":"https:\/\/jornalfatosenoticias.com.br\/index.php\/wp-json\/wp\/v2\/users\/2"}],"replies":[{"embeddable":true,"href":"https:\/\/jornalfatosenoticias.com.br\/index.php\/wp-json\/wp\/v2\/comments?post=48542"}],"version-history":[{"count":0,"href":"https:\/\/jornalfatosenoticias.com.br\/index.php\/wp-json\/wp\/v2\/posts\/48542\/revisions"}],"wp:featuredmedia":[{"embeddable":true,"href":"https:\/\/jornalfatosenoticias.com.br\/index.php\/wp-json\/wp\/v2\/media\/48544"}],"wp:attachment":[{"href":"https:\/\/jornalfatosenoticias.com.br\/index.php\/wp-json\/wp\/v2\/media?parent=48542"}],"wp:term":[{"taxonomy":"category","embeddable":true,"href":"https:\/\/jornalfatosenoticias.com.br\/index.php\/wp-json\/wp\/v2\/categories?post=48542"},{"taxonomy":"post_tag","embeddable":true,"href":"https:\/\/jornalfatosenoticias.com.br\/index.php\/wp-json\/wp\/v2\/tags?post=48542"}],"curies":[{"name":"wp","href":"https:\/\/api.w.org\/{rel}","templated":true}]}}