{"id":48550,"date":"2024-01-18T15:14:29","date_gmt":"2024-01-18T18:14:29","guid":{"rendered":"https:\/\/jornalfatosenoticias.com.br\/?p=48550"},"modified":"2024-01-18T15:14:33","modified_gmt":"2024-01-18T18:14:33","slug":"cultura-de-estupro-de-mulher-e-estupro-de-crianca-parte-iii","status":"publish","type":"post","link":"https:\/\/jornalfatosenoticias.com.br\/index.php\/2024\/01\/18\/cultura-de-estupro-de-mulher-e-estupro-de-crianca-parte-iii\/","title":{"rendered":"Cultura de Estupro de Mulher e Estupro de Crian\u00e7a \u2014 Parte III"},"content":{"rendered":"\n<p><span class=\"has-inline-color has-black-color\"><em>A cada 10 minutos uma Crian\u00e7a ou Adolescente \u00e9 estuprado. E mais da metade dessas v\u00edtimas sexuais \u00e9 preenchida por Crian\u00e7as de zero a cinco anos<\/em><\/span><\/p>\n\n\n\n<p>Essa conta n\u00e3o fecha! O Anu\u00e1rio do F\u00f3rum de Seguran\u00e7a P\u00fablica aponta dados estarrecedores: a cada 20 minutos um jovem \u00e9 assassinado no Brasil. Por dia, s\u00e3o 18 Crian\u00e7as e Adolescentes mortos. O Feminic\u00eddio alcan\u00e7a \u00edndices est\u00fapidos, uma Mulher \u00e9 assassinada a cada quatro horas. Sabemos que esses dados s\u00e3o contabilizados com muita subnotifica\u00e7\u00e3o, especialmente no que se refere aos estupros.<br>Leis n\u00e3o faltam. A Lei Maria da Penha, 2006, primorosa no combate \u00e0 viol\u00eancia contra a Mulher. O Estatuto da Crian\u00e7a e do Adolescente, 2000, abrangente na Prote\u00e7\u00e3o Integral da Crian\u00e7a e do Adolescente.<\/p>\n\n\n\n<div class=\"wp-block-image\"><figure class=\"aligncenter size-large\"><img loading=\"lazy\" decoding=\"async\" width=\"787\" height=\"594\" src=\"https:\/\/jornalfatosenoticias.com.br\/wp-content\/uploads\/2024\/01\/Anuario-do-Forum-de-Seguranca-Publica.jpeg\" alt=\"\" class=\"wp-image-48551\" srcset=\"https:\/\/jornalfatosenoticias.com.br\/wp-content\/uploads\/2024\/01\/Anuario-do-Forum-de-Seguranca-Publica.jpeg 787w, https:\/\/jornalfatosenoticias.com.br\/wp-content\/uploads\/2024\/01\/Anuario-do-Forum-de-Seguranca-Publica-300x226.jpeg 300w, https:\/\/jornalfatosenoticias.com.br\/wp-content\/uploads\/2024\/01\/Anuario-do-Forum-de-Seguranca-Publica-768x580.jpeg 768w\" sizes=\"auto, (max-width: 787px) 100vw, 787px\" \/><figcaption><em><span class=\"has-inline-color has-black-color\">Fonte: Anu\u00e1rio de Seguran\u00e7a P\u00fablica 2023<\/span><\/em><\/figcaption><\/figure><\/div>\n\n\n\n<p>A cada 10 minutos uma Crian\u00e7a ou Adolescente \u00e9 estuprado. E mais da metade dessas v\u00edtimas sexuais \u00e9 preenchida por Crian\u00e7as de zero a cinco anos. Mas, nessa coleta de dados, a subnotifica\u00e7\u00e3o \u00e9 muito mais acentuada. A Crian\u00e7a n\u00e3o sabe o que est\u00e1 acontecendo, ela tem medo, e, embebida da mistura caracter\u00edstica de intimida\u00e7\u00e3o e sedu\u00e7\u00e3o, ela vai carregando, com muito sofrimento, o pacto do segredo selado com o abusador intrafamiliar. Quantas s\u00f3 v\u00e3o revelar quando o abusador morre, ou num consult\u00f3rio de tratamento psicol\u00f3gico, j\u00e1 bem adultos, por vezes at\u00e9 idosos. E experimentam, assim, o desprezo e as cr\u00edticas das pessoas do seu entorno. \u00c9 comum se escutar aquela frase: \u201cficou calado at\u00e9 agora, para que vai falar depois de tanto tempo?\u201d.<\/p>\n\n\n\n<div class=\"wp-block-image\"><figure class=\"aligncenter size-large is-resized\"><img loading=\"lazy\" decoding=\"async\" src=\"https:\/\/jornalfatosenoticias.com.br\/wp-content\/uploads\/2024\/01\/consultoria-ambiental.jpg\" alt=\"\" class=\"wp-image-48314\" width=\"350\" height=\"316\" srcset=\"https:\/\/jornalfatosenoticias.com.br\/wp-content\/uploads\/2024\/01\/consultoria-ambiental.jpg 832w, https:\/\/jornalfatosenoticias.com.br\/wp-content\/uploads\/2024\/01\/consultoria-ambiental-300x272.jpg 300w, https:\/\/jornalfatosenoticias.com.br\/wp-content\/uploads\/2024\/01\/consultoria-ambiental-768x696.jpg 768w\" sizes=\"auto, (max-width: 350px) 100vw, 350px\" \/><\/figure><\/div>\n\n\n\n<p>Acrescidas ainda por profissionais, tidos como de \u201cnot\u00f3rio saber\u201d, que engrossam ainda mais a horda dos abusadores dizendo que uma \u201clambida na PPK, n\u00e3o \u00e9 nada\u201d, fazendo com que a Crian\u00e7a seja deformada logo no in\u00edcio de sua inf\u00e2ncia.<br>Essa mesma pessoa afirma e espalha no meio jur\u00eddico que 80% dos casos de abuso sexual incestuoso pertencem \u00e0 categoria da denomina\u00e7\u00e3o \u201cfalsa acusa\u00e7\u00e3o de abuso\u201d. A aritm\u00e9tica que aprendi nos meus primeiros anos escolares n\u00e3o resolve essa quest\u00e3o. Falamos de duas popula\u00e7\u00f5es paralelas? Se os n\u00fameros, com muita subnotifica\u00e7\u00e3o, mostram um abuso a cada 10 minutos, ou por outra interface, pelo menos uma em quatro pessoas foi abusada na inf\u00e2ncia, ou, a evid\u00eancia da contagem, n\u00e3o \u00e9 estudo estat\u00edstico ainda, todos os genitores acusados de praticar abuso sexual ou viol\u00eancia dom\u00e9stica, recorre \u00e0 alega\u00e7\u00e3o de aliena\u00e7\u00e3o parental, esse dogma jur\u00eddico cultuado pelo direito de fam\u00edlia como a solu\u00e7\u00e3o m\u00e1gica que livra do mal-estar, insuport\u00e1vel para todos, causado pelo abuso sexual. As anota\u00e7\u00f5es apontam para 100% desses genitores. A lei de aliena\u00e7\u00e3o parental \u00e9 uma emboscada jur\u00eddica que acoberta crimes.<\/p>\n\n\n\n<div class=\"wp-block-image\"><figure class=\"aligncenter size-large\"><img loading=\"lazy\" decoding=\"async\" width=\"331\" height=\"603\" src=\"https:\/\/jornalfatosenoticias.com.br\/wp-content\/uploads\/2024\/01\/Anuario-do-Forum-de-Seguranca-Publica_violencia-contra-a-mulher.jpeg\" alt=\"\" class=\"wp-image-48552\" srcset=\"https:\/\/jornalfatosenoticias.com.br\/wp-content\/uploads\/2024\/01\/Anuario-do-Forum-de-Seguranca-Publica_violencia-contra-a-mulher.jpeg 331w, https:\/\/jornalfatosenoticias.com.br\/wp-content\/uploads\/2024\/01\/Anuario-do-Forum-de-Seguranca-Publica_violencia-contra-a-mulher-165x300.jpeg 165w\" sizes=\"auto, (max-width: 331px) 100vw, 331px\" \/><\/figure><\/div>\n\n\n\n<p>O impressionante \u00e9 que, como fala a Ju\u00edza Maria Clara Sottomayor, da Corte Constitucional de Portugal, essa inven\u00e7\u00e3o, sem cientificidade, daquele m\u00e9dico ped\u00f3filo que se suicidou com perfura\u00e7\u00f5es at\u00e9 em seu \u00f3rg\u00e3o genital ao ser investigado por Pedofilia pelo FBI, a aliena\u00e7\u00e3o parental caiu na sociedade como um rastilho de p\u00f3lvora. Ela desvia o foco angustiante de olhar um crime hediondo contra a Crian\u00e7a, da ordem do subanimal, e ressuscita a figura da bruxa a queimar na fogueira social e afetiva. E mais, garante ao abusador a continuidade dos abusos sob os ausp\u00edcios da justi\u00e7a. \u00c9 o estupro de vulner\u00e1vel, de Crian\u00e7a, praticamente, legalizado.<\/p>\n\n\n\n<div class=\"wp-block-image\"><figure class=\"aligncenter size-large\"><img decoding=\"async\" src=\"https:\/\/jornalfatosenoticias.com.br\/wp-content\/uploads\/2020\/02\/logo_esteio.jpg\" alt=\"\" class=\"wp-image-1214\"\/><\/figure><\/div>\n\n\n\n<p>Ao longo da Hist\u00f3ria da Humanidade verifica-se que para se naturalizar ou para n\u00e3o ser incomodado com protestos da grande maioria, um grupo de interessados em manter determinado comportamento de perversidade, formula-se uma lei. Foi assim com a explora\u00e7\u00e3o das riquezas naturais das terras novas para o benef\u00edcio de grupos que enriqueceram. A Coloniza\u00e7\u00e3o tinha lei que a garantia como legal. Hoje, temos o neocolonialismo que tamb\u00e9m est\u00e1 amparado em leis sustentadas por pequenos grupos que lucram sem piedade. Foi assim tamb\u00e9m com o Com\u00e9rcio Internacional de Escravos, havia lei para amparar aquela barb\u00e1rie. <\/p>\n\n\n\n<div class=\"wp-block-image\"><figure class=\"aligncenter size-large\"><img loading=\"lazy\" decoding=\"async\" width=\"800\" height=\"533\" src=\"https:\/\/jornalfatosenoticias.com.br\/wp-content\/uploads\/2024\/01\/violencia-contra-a-mulher_pinterest.jpg\" alt=\"\" class=\"wp-image-48553\" srcset=\"https:\/\/jornalfatosenoticias.com.br\/wp-content\/uploads\/2024\/01\/violencia-contra-a-mulher_pinterest.jpg 800w, https:\/\/jornalfatosenoticias.com.br\/wp-content\/uploads\/2024\/01\/violencia-contra-a-mulher_pinterest-300x200.jpg 300w, https:\/\/jornalfatosenoticias.com.br\/wp-content\/uploads\/2024\/01\/violencia-contra-a-mulher_pinterest-768x512.jpg 768w\" sizes=\"auto, (max-width: 800px) 100vw, 800px\" \/><figcaption><em><span class=\"has-inline-color has-black-color\">O Feminic\u00eddio alcan\u00e7a \u00edndices est\u00fapidos, uma Mulher \u00e9 assassinada a cada quatro horas (Foto: Pinterest)<\/span><\/em><\/figcaption><\/figure><\/div>\n\n\n\n<p>Hoje, olhando direitinho, enxergamos o novo conceito de Com\u00e9rcio de Pessoas, e o forte Com\u00e9rcio de Crian\u00e7as. H\u00e1 brechas. Foi assim, tamb\u00e9m, no Apartheid, sustentado por lei que garantia aquele comportamento racista perverso. Outro comportamento racista foi exibido pelo Holocausto, que tamb\u00e9m era legalizado.<br>No Nosso pa\u00eds, ali\u00e1s o \u00fanico no mundo que tem uma lei que promove a Priva\u00e7\u00e3o Materna Judicial mediante essa lei testosterona, o timbre grave masculino \u00e9 o suficiente para que a justi\u00e7a acuse uma m\u00e3e de aliena\u00e7\u00e3o parental e retire a Crian\u00e7a, at\u00e9 lactante, da maternagem que todos sabemos pela Ci\u00eancia, ser indispens\u00e1vel \u00e0 Crian\u00e7a, pelo menos na primeira Inf\u00e2ncia.<\/p>\n\n\n\n<div class=\"wp-block-image\"><figure class=\"aligncenter size-large\"><img loading=\"lazy\" decoding=\"async\" width=\"300\" height=\"250\" src=\"https:\/\/jornalfatosenoticias.com.br\/wp-content\/uploads\/2022\/02\/FERRARI_MAQUINAS-E-FERRAMENTAS2.jpg\" alt=\"\" class=\"wp-image-27860\"\/><\/figure><\/div>\n\n\n\n<p>Em lugar de olhar o Melhor Interesse da Crian\u00e7a, assistimos \u00e0 consagra\u00e7\u00e3o do Direito do pai em detrimento do Direito Fundamental da Crian\u00e7a. \u00c9 o pai que goza do Direito de inverter a guarda do filho para ter garantido seu objeto de prazer perverso. E fomos surpreendidos, nem tanto porque era o esperado desse grupo que defende essa lei, por uma proposta de Reforma do C\u00f3digo Civil. Mais uma emboscada jur\u00eddica. Trocaram os nomes, mas copiaram os artigos da lei de aliena\u00e7\u00e3o parental, como se f\u00f4ssemos beb\u00eas relutando a comer legumes e que alguns fazem aquela engana\u00e7\u00e3o, \u201colha o avi\u00e3ozinho\u201d.<\/p>\n\n\n\n<div class=\"wp-block-image\"><figure class=\"aligncenter size-large is-resized\"><img loading=\"lazy\" decoding=\"async\" src=\"https:\/\/jornalfatosenoticias.com.br\/wp-content\/uploads\/2020\/02\/logo-Rapuzel-1024x571.jpg\" alt=\"\" class=\"wp-image-42808\" width=\"363\" height=\"202\" srcset=\"https:\/\/jornalfatosenoticias.com.br\/wp-content\/uploads\/2020\/02\/logo-Rapuzel-1024x571.jpg 1024w, https:\/\/jornalfatosenoticias.com.br\/wp-content\/uploads\/2020\/02\/logo-Rapuzel-300x167.jpg 300w, https:\/\/jornalfatosenoticias.com.br\/wp-content\/uploads\/2020\/02\/logo-Rapuzel-768x428.jpg 768w, https:\/\/jornalfatosenoticias.com.br\/wp-content\/uploads\/2020\/02\/logo-Rapuzel-1536x856.jpg 1536w, https:\/\/jornalfatosenoticias.com.br\/wp-content\/uploads\/2020\/02\/logo-Rapuzel.jpg 1600w\" sizes=\"auto, (max-width: 363px) 100vw, 363px\" \/><\/figure><\/div>\n\n\n\n<p>Ficou claro que agora ser\u00e1 Revogada a lei de aliena\u00e7\u00e3o parental. Evidente! Agora pode. Ela est\u00e1 toda embutida nessa proposta de Reforma do C\u00f3digo Civil, puxado pelo mote falso de \u201cmoderniza\u00e7\u00e3o\u201d, quando o STF j\u00e1 havia feito v\u00e1rios ajustes, e tudo at\u00e9 agora j\u00e1 estava regrado. E ainda, agora o Brasil convidar\u00e1 a Relatora Especial da ONU, que foi desconvidada em 2023, muito feio, e ser\u00e1 dito para ela e para as Institui\u00e7\u00f5es internacionais todas, que t\u00eam insistido para que o Brasil tenha CUIDADO com suas Crian\u00e7as, e t\u00eam sugerido que seja Revogada essa lei da Priva\u00e7\u00e3o Materna que acoberta os genitores criminosos, n\u00e3o s\u00e3o todos, se tornando uma Ode \u00e0 Impunidade.<\/p>\n\n\n\n<div class=\"wp-block-image\"><figure class=\"aligncenter size-large is-resized\"><img loading=\"lazy\" decoding=\"async\" src=\"https:\/\/jornalfatosenoticias.com.br\/wp-content\/uploads\/2023\/08\/BKR-1024x1021.jpg\" alt=\"\" class=\"wp-image-44494\" width=\"295\" height=\"294\" srcset=\"https:\/\/jornalfatosenoticias.com.br\/wp-content\/uploads\/2023\/08\/BKR-1024x1021.jpg 1024w, https:\/\/jornalfatosenoticias.com.br\/wp-content\/uploads\/2023\/08\/BKR-300x300.jpg 300w, https:\/\/jornalfatosenoticias.com.br\/wp-content\/uploads\/2023\/08\/BKR-150x150.jpg 150w, https:\/\/jornalfatosenoticias.com.br\/wp-content\/uploads\/2023\/08\/BKR-768x766.jpg 768w, https:\/\/jornalfatosenoticias.com.br\/wp-content\/uploads\/2023\/08\/BKR.jpg 1080w\" sizes=\"auto, (max-width: 295px) 100vw, 295px\" \/><\/figure><\/div>\n\n\n\n<p>Assim, seguiremos com o n\u00famero de estupros de Mulheres e Crian\u00e7as volumoso. Mas 80% s\u00e3o falsas, porque a m\u00e3e consegue a m\u00e1gica espetacular de implantar um chip na cabe\u00e7a da Crian\u00e7a, que passa a ter sua experi\u00eancia travestida em \u201cfalsas mem\u00f3rias\u201d, outro termo de pseudoci\u00eancia, que fere a realidade do desenvolvimento cognitivo humano. Advogados e peritas que se dizem \u201cespecialistas\u201d em aliena\u00e7\u00e3o parental, pseudoci\u00eancia, ensinam as estrat\u00e9gias para manobrar com a lei de aliena\u00e7\u00e3o parental, \u00e9 assim que falam. Estrat\u00e9gias para manobrar. Enquanto isso, a conta n\u00e3o fecha, tem muito estupro sobrando.<\/p>\n\n\n\n<div class=\"wp-block-image\"><figure class=\"aligncenter size-large is-resized\"><img loading=\"lazy\" decoding=\"async\" src=\"https:\/\/jornalfatosenoticias.com.br\/wp-content\/uploads\/2023\/09\/vetorvix1024_1.jpg\" alt=\"\" class=\"wp-image-44868\" width=\"457\" height=\"121\" srcset=\"https:\/\/jornalfatosenoticias.com.br\/wp-content\/uploads\/2023\/09\/vetorvix1024_1.jpg 1024w, https:\/\/jornalfatosenoticias.com.br\/wp-content\/uploads\/2023\/09\/vetorvix1024_1-300x80.jpg 300w, https:\/\/jornalfatosenoticias.com.br\/wp-content\/uploads\/2023\/09\/vetorvix1024_1-768x205.jpg 768w\" sizes=\"auto, (max-width: 457px) 100vw, 457px\" \/><\/figure><\/div>\n","protected":false},"excerpt":{"rendered":"<p>A cada 10 minutos uma Crian\u00e7a ou Adolescente \u00e9 estuprado. E mais da metade dessas v\u00edtimas sexuais \u00e9 preenchida por Crian\u00e7as de zero a cinco anos Essa conta n\u00e3o fecha! O Anu\u00e1rio do F\u00f3rum de Seguran\u00e7a P\u00fablica aponta dados estarrecedores: a cada 20 minutos um jovem \u00e9 assassinado no Brasil. Por dia, s\u00e3o 18 Crian\u00e7as [&hellip;]<\/p>\n","protected":false},"author":8,"featured_media":48554,"comment_status":"open","ping_status":"open","sticky":false,"template":"","format":"standard","meta":{"footnotes":""},"categories":[2522],"tags":[21993,10871,13818,8319],"class_list":["post-48550","post","type-post","status-publish","format-standard","has-post-thumbnail","hentry","category-comportamento","tag-estupros","tag-feminicidios","tag-leis-ineficientes","tag-violencia-contra-a-crianca"],"yoast_head":"<!-- This site is optimized with the Yoast SEO plugin v26.5 - https:\/\/yoast.com\/wordpress\/plugins\/seo\/ -->\n<title>Cultura de Estupro de Mulher e Estupro de Crian\u00e7a \u2014 Parte III - Jornal Fatos e Not\u00edcias<\/title>\n<meta name=\"robots\" content=\"index, follow, max-snippet:-1, max-image-preview:large, max-video-preview:-1\" \/>\n<link rel=\"canonical\" href=\"https:\/\/jornalfatosenoticias.com.br\/index.php\/2024\/01\/18\/cultura-de-estupro-de-mulher-e-estupro-de-crianca-parte-iii\/\" \/>\n<meta property=\"og:locale\" content=\"pt_BR\" \/>\n<meta property=\"og:type\" content=\"article\" \/>\n<meta property=\"og:title\" content=\"Cultura de Estupro de Mulher e Estupro de Crian\u00e7a \u2014 Parte III - Jornal Fatos e Not\u00edcias\" \/>\n<meta property=\"og:description\" content=\"A cada 10 minutos uma Crian\u00e7a ou Adolescente \u00e9 estuprado. E mais da metade dessas v\u00edtimas sexuais \u00e9 preenchida por Crian\u00e7as de zero a cinco anos Essa conta n\u00e3o fecha! O Anu\u00e1rio do F\u00f3rum de Seguran\u00e7a P\u00fablica aponta dados estarrecedores: a cada 20 minutos um jovem \u00e9 assassinado no Brasil. Por dia, s\u00e3o 18 Crian\u00e7as [&hellip;]\" \/>\n<meta property=\"og:url\" content=\"https:\/\/jornalfatosenoticias.com.br\/index.php\/2024\/01\/18\/cultura-de-estupro-de-mulher-e-estupro-de-crianca-parte-iii\/\" \/>\n<meta property=\"og:site_name\" content=\"Jornal Fatos e Not\u00edcias\" \/>\n<meta property=\"article:published_time\" content=\"2024-01-18T18:14:29+00:00\" \/>\n<meta property=\"article:modified_time\" content=\"2024-01-18T18:14:33+00:00\" \/>\n<meta property=\"og:image\" content=\"https:\/\/jornalfatosenoticias.com.br\/wp-content\/uploads\/2024\/01\/violencia-infantil_pinterest.jpg\" \/>\n\t<meta property=\"og:image:width\" content=\"738\" \/>\n\t<meta property=\"og:image:height\" content=\"554\" \/>\n\t<meta property=\"og:image:type\" content=\"image\/jpeg\" \/>\n<meta name=\"author\" content=\"Ana Maria Iencarelli\" \/>\n<meta name=\"twitter:card\" content=\"summary_large_image\" \/>\n<meta name=\"twitter:label1\" content=\"Escrito por\" \/>\n\t<meta name=\"twitter:data1\" content=\"Ana Maria Iencarelli\" \/>\n\t<meta name=\"twitter:label2\" content=\"Est. tempo de leitura\" \/>\n\t<meta name=\"twitter:data2\" content=\"6 minutos\" \/>\n<script type=\"application\/ld+json\" class=\"yoast-schema-graph\">{\"@context\":\"https:\/\/schema.org\",\"@graph\":[{\"@type\":\"Article\",\"@id\":\"https:\/\/jornalfatosenoticias.com.br\/index.php\/2024\/01\/18\/cultura-de-estupro-de-mulher-e-estupro-de-crianca-parte-iii\/#article\",\"isPartOf\":{\"@id\":\"https:\/\/jornalfatosenoticias.com.br\/index.php\/2024\/01\/18\/cultura-de-estupro-de-mulher-e-estupro-de-crianca-parte-iii\/\"},\"author\":{\"name\":\"Ana Maria Iencarelli\",\"@id\":\"https:\/\/jornalfatosenoticias.com.br\/#\/schema\/person\/c33fcf5fb02d729d3fec92c6737a22d1\"},\"headline\":\"Cultura de Estupro de Mulher e Estupro de Crian\u00e7a \u2014 Parte III\",\"datePublished\":\"2024-01-18T18:14:29+00:00\",\"dateModified\":\"2024-01-18T18:14:33+00:00\",\"mainEntityOfPage\":{\"@id\":\"https:\/\/jornalfatosenoticias.com.br\/index.php\/2024\/01\/18\/cultura-de-estupro-de-mulher-e-estupro-de-crianca-parte-iii\/\"},\"wordCount\":1173,\"commentCount\":0,\"publisher\":{\"@id\":\"https:\/\/jornalfatosenoticias.com.br\/#organization\"},\"image\":{\"@id\":\"https:\/\/jornalfatosenoticias.com.br\/index.php\/2024\/01\/18\/cultura-de-estupro-de-mulher-e-estupro-de-crianca-parte-iii\/#primaryimage\"},\"thumbnailUrl\":\"https:\/\/jornalfatosenoticias.com.br\/wp-content\/uploads\/2024\/01\/violencia-infantil_pinterest.jpg\",\"keywords\":[\"estupros\",\"feminic\u00eddios\",\"leis ineficientes\",\"viol\u00eancia contra a crian\u00e7a\"],\"articleSection\":[\"Comportamento &amp; Equil\u00edbrio\"],\"inLanguage\":\"pt-BR\",\"potentialAction\":[{\"@type\":\"CommentAction\",\"name\":\"Comment\",\"target\":[\"https:\/\/jornalfatosenoticias.com.br\/index.php\/2024\/01\/18\/cultura-de-estupro-de-mulher-e-estupro-de-crianca-parte-iii\/#respond\"]}]},{\"@type\":\"WebPage\",\"@id\":\"https:\/\/jornalfatosenoticias.com.br\/index.php\/2024\/01\/18\/cultura-de-estupro-de-mulher-e-estupro-de-crianca-parte-iii\/\",\"url\":\"https:\/\/jornalfatosenoticias.com.br\/index.php\/2024\/01\/18\/cultura-de-estupro-de-mulher-e-estupro-de-crianca-parte-iii\/\",\"name\":\"Cultura de Estupro de Mulher e Estupro de Crian\u00e7a \u2014 Parte III - Jornal Fatos e Not\u00edcias\",\"isPartOf\":{\"@id\":\"https:\/\/jornalfatosenoticias.com.br\/#website\"},\"primaryImageOfPage\":{\"@id\":\"https:\/\/jornalfatosenoticias.com.br\/index.php\/2024\/01\/18\/cultura-de-estupro-de-mulher-e-estupro-de-crianca-parte-iii\/#primaryimage\"},\"image\":{\"@id\":\"https:\/\/jornalfatosenoticias.com.br\/index.php\/2024\/01\/18\/cultura-de-estupro-de-mulher-e-estupro-de-crianca-parte-iii\/#primaryimage\"},\"thumbnailUrl\":\"https:\/\/jornalfatosenoticias.com.br\/wp-content\/uploads\/2024\/01\/violencia-infantil_pinterest.jpg\",\"datePublished\":\"2024-01-18T18:14:29+00:00\",\"dateModified\":\"2024-01-18T18:14:33+00:00\",\"breadcrumb\":{\"@id\":\"https:\/\/jornalfatosenoticias.com.br\/index.php\/2024\/01\/18\/cultura-de-estupro-de-mulher-e-estupro-de-crianca-parte-iii\/#breadcrumb\"},\"inLanguage\":\"pt-BR\",\"potentialAction\":[{\"@type\":\"ReadAction\",\"target\":[\"https:\/\/jornalfatosenoticias.com.br\/index.php\/2024\/01\/18\/cultura-de-estupro-de-mulher-e-estupro-de-crianca-parte-iii\/\"]}]},{\"@type\":\"ImageObject\",\"inLanguage\":\"pt-BR\",\"@id\":\"https:\/\/jornalfatosenoticias.com.br\/index.php\/2024\/01\/18\/cultura-de-estupro-de-mulher-e-estupro-de-crianca-parte-iii\/#primaryimage\",\"url\":\"https:\/\/jornalfatosenoticias.com.br\/wp-content\/uploads\/2024\/01\/violencia-infantil_pinterest.jpg\",\"contentUrl\":\"https:\/\/jornalfatosenoticias.com.br\/wp-content\/uploads\/2024\/01\/violencia-infantil_pinterest.jpg\",\"width\":738,\"height\":554},{\"@type\":\"BreadcrumbList\",\"@id\":\"https:\/\/jornalfatosenoticias.com.br\/index.php\/2024\/01\/18\/cultura-de-estupro-de-mulher-e-estupro-de-crianca-parte-iii\/#breadcrumb\",\"itemListElement\":[{\"@type\":\"ListItem\",\"position\":1,\"name\":\"In\u00edcio\",\"item\":\"https:\/\/jornalfatosenoticias.com.br\/\"},{\"@type\":\"ListItem\",\"position\":2,\"name\":\"Cultura de Estupro de Mulher e Estupro de Crian\u00e7a \u2014 Parte III\"}]},{\"@type\":\"WebSite\",\"@id\":\"https:\/\/jornalfatosenoticias.com.br\/#website\",\"url\":\"https:\/\/jornalfatosenoticias.com.br\/\",\"name\":\"Jornal Fatos e Not\u00edcias\",\"description\":\"Not\u00edcias em geral\",\"publisher\":{\"@id\":\"https:\/\/jornalfatosenoticias.com.br\/#organization\"},\"potentialAction\":[{\"@type\":\"SearchAction\",\"target\":{\"@type\":\"EntryPoint\",\"urlTemplate\":\"https:\/\/jornalfatosenoticias.com.br\/?s={search_term_string}\"},\"query-input\":{\"@type\":\"PropertyValueSpecification\",\"valueRequired\":true,\"valueName\":\"search_term_string\"}}],\"inLanguage\":\"pt-BR\"},{\"@type\":\"Organization\",\"@id\":\"https:\/\/jornalfatosenoticias.com.br\/#organization\",\"name\":\"Jornal Fatos e Not\u00edcias\",\"url\":\"https:\/\/jornalfatosenoticias.com.br\/\",\"logo\":{\"@type\":\"ImageObject\",\"inLanguage\":\"pt-BR\",\"@id\":\"https:\/\/jornalfatosenoticias.com.br\/#\/schema\/logo\/image\/\",\"url\":\"https:\/\/jornalfatosenoticias.com.br\/wp-content\/uploads\/2020\/02\/logo120.png\",\"contentUrl\":\"https:\/\/jornalfatosenoticias.com.br\/wp-content\/uploads\/2020\/02\/logo120.png\",\"width\":1227,\"height\":120,\"caption\":\"Jornal Fatos e Not\u00edcias\"},\"image\":{\"@id\":\"https:\/\/jornalfatosenoticias.com.br\/#\/schema\/logo\/image\/\"}},{\"@type\":\"Person\",\"@id\":\"https:\/\/jornalfatosenoticias.com.br\/#\/schema\/person\/c33fcf5fb02d729d3fec92c6737a22d1\",\"name\":\"Ana Maria Iencarelli\",\"image\":{\"@type\":\"ImageObject\",\"inLanguage\":\"pt-BR\",\"@id\":\"https:\/\/jornalfatosenoticias.com.br\/#\/schema\/person\/image\/\",\"url\":\"https:\/\/jornalfatosenoticias.com.br\/wp-content\/uploads\/2020\/02\/Ana-Maria-Iencarelli-1-150x150.jpg\",\"contentUrl\":\"https:\/\/jornalfatosenoticias.com.br\/wp-content\/uploads\/2020\/02\/Ana-Maria-Iencarelli-1-150x150.jpg\",\"caption\":\"Ana Maria Iencarelli\"},\"description\":\"Psicanalista Cl\u00ednica, especializada no atendimento a Crian\u00e7as e Adolescentes. Presidente da ONG Vozes de Anjos.\",\"url\":\"https:\/\/jornalfatosenoticias.com.br\/index.php\/author\/anamaria\/\"}]}<\/script>\n<!-- \/ Yoast SEO plugin. -->","yoast_head_json":{"title":"Cultura de Estupro de Mulher e Estupro de Crian\u00e7a \u2014 Parte III - Jornal Fatos e Not\u00edcias","robots":{"index":"index","follow":"follow","max-snippet":"max-snippet:-1","max-image-preview":"max-image-preview:large","max-video-preview":"max-video-preview:-1"},"canonical":"https:\/\/jornalfatosenoticias.com.br\/index.php\/2024\/01\/18\/cultura-de-estupro-de-mulher-e-estupro-de-crianca-parte-iii\/","og_locale":"pt_BR","og_type":"article","og_title":"Cultura de Estupro de Mulher e Estupro de Crian\u00e7a \u2014 Parte III - Jornal Fatos e Not\u00edcias","og_description":"A cada 10 minutos uma Crian\u00e7a ou Adolescente \u00e9 estuprado. E mais da metade dessas v\u00edtimas sexuais \u00e9 preenchida por Crian\u00e7as de zero a cinco anos Essa conta n\u00e3o fecha! O Anu\u00e1rio do F\u00f3rum de Seguran\u00e7a P\u00fablica aponta dados estarrecedores: a cada 20 minutos um jovem \u00e9 assassinado no Brasil. Por dia, s\u00e3o 18 Crian\u00e7as [&hellip;]","og_url":"https:\/\/jornalfatosenoticias.com.br\/index.php\/2024\/01\/18\/cultura-de-estupro-de-mulher-e-estupro-de-crianca-parte-iii\/","og_site_name":"Jornal Fatos e Not\u00edcias","article_published_time":"2024-01-18T18:14:29+00:00","article_modified_time":"2024-01-18T18:14:33+00:00","og_image":[{"width":738,"height":554,"url":"https:\/\/jornalfatosenoticias.com.br\/wp-content\/uploads\/2024\/01\/violencia-infantil_pinterest.jpg","type":"image\/jpeg"}],"author":"Ana Maria Iencarelli","twitter_card":"summary_large_image","twitter_misc":{"Escrito por":"Ana Maria Iencarelli","Est. tempo de leitura":"6 minutos"},"schema":{"@context":"https:\/\/schema.org","@graph":[{"@type":"Article","@id":"https:\/\/jornalfatosenoticias.com.br\/index.php\/2024\/01\/18\/cultura-de-estupro-de-mulher-e-estupro-de-crianca-parte-iii\/#article","isPartOf":{"@id":"https:\/\/jornalfatosenoticias.com.br\/index.php\/2024\/01\/18\/cultura-de-estupro-de-mulher-e-estupro-de-crianca-parte-iii\/"},"author":{"name":"Ana Maria Iencarelli","@id":"https:\/\/jornalfatosenoticias.com.br\/#\/schema\/person\/c33fcf5fb02d729d3fec92c6737a22d1"},"headline":"Cultura de Estupro de Mulher e Estupro de Crian\u00e7a \u2014 Parte III","datePublished":"2024-01-18T18:14:29+00:00","dateModified":"2024-01-18T18:14:33+00:00","mainEntityOfPage":{"@id":"https:\/\/jornalfatosenoticias.com.br\/index.php\/2024\/01\/18\/cultura-de-estupro-de-mulher-e-estupro-de-crianca-parte-iii\/"},"wordCount":1173,"commentCount":0,"publisher":{"@id":"https:\/\/jornalfatosenoticias.com.br\/#organization"},"image":{"@id":"https:\/\/jornalfatosenoticias.com.br\/index.php\/2024\/01\/18\/cultura-de-estupro-de-mulher-e-estupro-de-crianca-parte-iii\/#primaryimage"},"thumbnailUrl":"https:\/\/jornalfatosenoticias.com.br\/wp-content\/uploads\/2024\/01\/violencia-infantil_pinterest.jpg","keywords":["estupros","feminic\u00eddios","leis ineficientes","viol\u00eancia contra a crian\u00e7a"],"articleSection":["Comportamento &amp; Equil\u00edbrio"],"inLanguage":"pt-BR","potentialAction":[{"@type":"CommentAction","name":"Comment","target":["https:\/\/jornalfatosenoticias.com.br\/index.php\/2024\/01\/18\/cultura-de-estupro-de-mulher-e-estupro-de-crianca-parte-iii\/#respond"]}]},{"@type":"WebPage","@id":"https:\/\/jornalfatosenoticias.com.br\/index.php\/2024\/01\/18\/cultura-de-estupro-de-mulher-e-estupro-de-crianca-parte-iii\/","url":"https:\/\/jornalfatosenoticias.com.br\/index.php\/2024\/01\/18\/cultura-de-estupro-de-mulher-e-estupro-de-crianca-parte-iii\/","name":"Cultura de Estupro de Mulher e Estupro de Crian\u00e7a \u2014 Parte III - Jornal Fatos e Not\u00edcias","isPartOf":{"@id":"https:\/\/jornalfatosenoticias.com.br\/#website"},"primaryImageOfPage":{"@id":"https:\/\/jornalfatosenoticias.com.br\/index.php\/2024\/01\/18\/cultura-de-estupro-de-mulher-e-estupro-de-crianca-parte-iii\/#primaryimage"},"image":{"@id":"https:\/\/jornalfatosenoticias.com.br\/index.php\/2024\/01\/18\/cultura-de-estupro-de-mulher-e-estupro-de-crianca-parte-iii\/#primaryimage"},"thumbnailUrl":"https:\/\/jornalfatosenoticias.com.br\/wp-content\/uploads\/2024\/01\/violencia-infantil_pinterest.jpg","datePublished":"2024-01-18T18:14:29+00:00","dateModified":"2024-01-18T18:14:33+00:00","breadcrumb":{"@id":"https:\/\/jornalfatosenoticias.com.br\/index.php\/2024\/01\/18\/cultura-de-estupro-de-mulher-e-estupro-de-crianca-parte-iii\/#breadcrumb"},"inLanguage":"pt-BR","potentialAction":[{"@type":"ReadAction","target":["https:\/\/jornalfatosenoticias.com.br\/index.php\/2024\/01\/18\/cultura-de-estupro-de-mulher-e-estupro-de-crianca-parte-iii\/"]}]},{"@type":"ImageObject","inLanguage":"pt-BR","@id":"https:\/\/jornalfatosenoticias.com.br\/index.php\/2024\/01\/18\/cultura-de-estupro-de-mulher-e-estupro-de-crianca-parte-iii\/#primaryimage","url":"https:\/\/jornalfatosenoticias.com.br\/wp-content\/uploads\/2024\/01\/violencia-infantil_pinterest.jpg","contentUrl":"https:\/\/jornalfatosenoticias.com.br\/wp-content\/uploads\/2024\/01\/violencia-infantil_pinterest.jpg","width":738,"height":554},{"@type":"BreadcrumbList","@id":"https:\/\/jornalfatosenoticias.com.br\/index.php\/2024\/01\/18\/cultura-de-estupro-de-mulher-e-estupro-de-crianca-parte-iii\/#breadcrumb","itemListElement":[{"@type":"ListItem","position":1,"name":"In\u00edcio","item":"https:\/\/jornalfatosenoticias.com.br\/"},{"@type":"ListItem","position":2,"name":"Cultura de Estupro de Mulher e Estupro de Crian\u00e7a \u2014 Parte III"}]},{"@type":"WebSite","@id":"https:\/\/jornalfatosenoticias.com.br\/#website","url":"https:\/\/jornalfatosenoticias.com.br\/","name":"Jornal Fatos e Not\u00edcias","description":"Not\u00edcias em geral","publisher":{"@id":"https:\/\/jornalfatosenoticias.com.br\/#organization"},"potentialAction":[{"@type":"SearchAction","target":{"@type":"EntryPoint","urlTemplate":"https:\/\/jornalfatosenoticias.com.br\/?s={search_term_string}"},"query-input":{"@type":"PropertyValueSpecification","valueRequired":true,"valueName":"search_term_string"}}],"inLanguage":"pt-BR"},{"@type":"Organization","@id":"https:\/\/jornalfatosenoticias.com.br\/#organization","name":"Jornal Fatos e Not\u00edcias","url":"https:\/\/jornalfatosenoticias.com.br\/","logo":{"@type":"ImageObject","inLanguage":"pt-BR","@id":"https:\/\/jornalfatosenoticias.com.br\/#\/schema\/logo\/image\/","url":"https:\/\/jornalfatosenoticias.com.br\/wp-content\/uploads\/2020\/02\/logo120.png","contentUrl":"https:\/\/jornalfatosenoticias.com.br\/wp-content\/uploads\/2020\/02\/logo120.png","width":1227,"height":120,"caption":"Jornal Fatos e Not\u00edcias"},"image":{"@id":"https:\/\/jornalfatosenoticias.com.br\/#\/schema\/logo\/image\/"}},{"@type":"Person","@id":"https:\/\/jornalfatosenoticias.com.br\/#\/schema\/person\/c33fcf5fb02d729d3fec92c6737a22d1","name":"Ana Maria Iencarelli","image":{"@type":"ImageObject","inLanguage":"pt-BR","@id":"https:\/\/jornalfatosenoticias.com.br\/#\/schema\/person\/image\/","url":"https:\/\/jornalfatosenoticias.com.br\/wp-content\/uploads\/2020\/02\/Ana-Maria-Iencarelli-1-150x150.jpg","contentUrl":"https:\/\/jornalfatosenoticias.com.br\/wp-content\/uploads\/2020\/02\/Ana-Maria-Iencarelli-1-150x150.jpg","caption":"Ana Maria Iencarelli"},"description":"Psicanalista Cl\u00ednica, especializada no atendimento a Crian\u00e7as e Adolescentes. Presidente da ONG Vozes de Anjos.","url":"https:\/\/jornalfatosenoticias.com.br\/index.php\/author\/anamaria\/"}]}},"cc_featured_image_caption":{"caption_text":"(Foto: Pinterest) ","source_text":"","source_url":""},"jetpack_featured_media_url":"https:\/\/jornalfatosenoticias.com.br\/wp-content\/uploads\/2024\/01\/violencia-infantil_pinterest.jpg","_links":{"self":[{"href":"https:\/\/jornalfatosenoticias.com.br\/index.php\/wp-json\/wp\/v2\/posts\/48550","targetHints":{"allow":["GET"]}}],"collection":[{"href":"https:\/\/jornalfatosenoticias.com.br\/index.php\/wp-json\/wp\/v2\/posts"}],"about":[{"href":"https:\/\/jornalfatosenoticias.com.br\/index.php\/wp-json\/wp\/v2\/types\/post"}],"author":[{"embeddable":true,"href":"https:\/\/jornalfatosenoticias.com.br\/index.php\/wp-json\/wp\/v2\/users\/8"}],"replies":[{"embeddable":true,"href":"https:\/\/jornalfatosenoticias.com.br\/index.php\/wp-json\/wp\/v2\/comments?post=48550"}],"version-history":[{"count":0,"href":"https:\/\/jornalfatosenoticias.com.br\/index.php\/wp-json\/wp\/v2\/posts\/48550\/revisions"}],"wp:featuredmedia":[{"embeddable":true,"href":"https:\/\/jornalfatosenoticias.com.br\/index.php\/wp-json\/wp\/v2\/media\/48554"}],"wp:attachment":[{"href":"https:\/\/jornalfatosenoticias.com.br\/index.php\/wp-json\/wp\/v2\/media?parent=48550"}],"wp:term":[{"taxonomy":"category","embeddable":true,"href":"https:\/\/jornalfatosenoticias.com.br\/index.php\/wp-json\/wp\/v2\/categories?post=48550"},{"taxonomy":"post_tag","embeddable":true,"href":"https:\/\/jornalfatosenoticias.com.br\/index.php\/wp-json\/wp\/v2\/tags?post=48550"}],"curies":[{"name":"wp","href":"https:\/\/api.w.org\/{rel}","templated":true}]}}