{"id":48566,"date":"2024-01-18T15:56:29","date_gmt":"2024-01-18T18:56:29","guid":{"rendered":"https:\/\/jornalfatosenoticias.com.br\/?p=48566"},"modified":"2024-01-18T15:56:32","modified_gmt":"2024-01-18T18:56:32","slug":"a-semana-em-brasilia-e-no-es-lula-atualiza-valores-do-auxilio-reclusao","status":"publish","type":"post","link":"https:\/\/jornalfatosenoticias.com.br\/index.php\/2024\/01\/18\/a-semana-em-brasilia-e-no-es-lula-atualiza-valores-do-auxilio-reclusao\/","title":{"rendered":"A Semana em Bras\u00edlia e no ES \u2014 Lula atualiza valores do aux\u00edlio-reclus\u00e3o"},"content":{"rendered":"\n<p><span class=\"has-inline-color has-black-color\">Por <strong>Raul Holderf Nascimento<\/strong><br><\/span>O governo liderado por Luiz In\u00e1cio Lula da Silva (PT) oficializou o reajuste nos benef\u00edcios concedidos pelo Instituto Nacional do Seguro Social (INSS). Com isso, o piso estabelecido, fixado em R$ 1.412,00, alinha-se ao sal\u00e1rio m\u00ednimo definido para 2024.<br>Este valor passa a ser refer\u00eancia n\u00e3o apenas para o sal\u00e1rio m\u00ednimo, mas tamb\u00e9m para diversos benef\u00edcios do INSS, incluindo o aux\u00edlio-reclus\u00e3o. Destinado aos dependentes do segurado do INSS em situa\u00e7\u00e3o de baixa renda e cumprindo pena em regime fechado, o aux\u00edlio-reclus\u00e3o agora se equipara ao piso de R$ 1.412,00.<br>Da mesma forma, o reajuste para outros benef\u00edcios tamb\u00e9m se baseia neste novo patamar, contemplando o aux\u00edlio de amparo social ao idoso e \u00e0 pessoa com defici\u00eancia, benef\u00edcios de presta\u00e7\u00e3o continuada como aposentadorias, aux\u00edlio por incapacidade tempor\u00e1ria e pens\u00e3o por morte, al\u00e9m das aposentadorias dos aeronautas e da pens\u00e3o especial destinada \u00e0s v\u00edtimas da s\u00edndrome de talidomida.<\/p>\n\n\n\n<div class=\"wp-block-image\"><figure class=\"aligncenter size-large is-resized\"><img loading=\"lazy\" decoding=\"async\" src=\"https:\/\/jornalfatosenoticias.com.br\/wp-content\/uploads\/2023\/08\/BKR-1024x1021.jpg\" alt=\"\" class=\"wp-image-44494\" width=\"320\" height=\"319\" srcset=\"https:\/\/jornalfatosenoticias.com.br\/wp-content\/uploads\/2023\/08\/BKR-1024x1021.jpg 1024w, https:\/\/jornalfatosenoticias.com.br\/wp-content\/uploads\/2023\/08\/BKR-300x300.jpg 300w, https:\/\/jornalfatosenoticias.com.br\/wp-content\/uploads\/2023\/08\/BKR-150x150.jpg 150w, https:\/\/jornalfatosenoticias.com.br\/wp-content\/uploads\/2023\/08\/BKR-768x766.jpg 768w, https:\/\/jornalfatosenoticias.com.br\/wp-content\/uploads\/2023\/08\/BKR.jpg 1080w\" sizes=\"auto, (max-width: 320px) 100vw, 320px\" \/><\/figure><\/div>\n\n\n\n<p>Entretanto, para benef\u00edcios que ultrapassam o piso do INSS, o reajuste seguir\u00e1 o \u00cdndice Nacional de Pre\u00e7os ao Consumidor (INPC) de 2023, que acumulou uma eleva\u00e7\u00e3o de 3,71% entre janeiro e dezembro do ano passado. Para ser mais claro, segurados com renda acima do sal\u00e1rio m\u00ednimo ver\u00e3o seus benef\u00edcios crescerem em 3,71%, enquanto aqueles que recebem abaixo do piso nacional experimentar\u00e3o um reajuste mais substancial, atingindo 6,97%, em compara\u00e7\u00e3o com o ano anterior, quando o sal\u00e1rio m\u00ednimo era de R$ 1.320.<\/p>\n\n\n\n<div class=\"wp-block-image\"><figure class=\"aligncenter size-large is-resized\"><img loading=\"lazy\" decoding=\"async\" src=\"https:\/\/jornalfatosenoticias.com.br\/wp-content\/uploads\/2023\/12\/pegoretti-logo-pdf-1024x389.jpg\" alt=\"\" class=\"wp-image-47536\" width=\"395\" height=\"150\" srcset=\"https:\/\/jornalfatosenoticias.com.br\/wp-content\/uploads\/2023\/12\/pegoretti-logo-pdf-1024x389.jpg 1024w, https:\/\/jornalfatosenoticias.com.br\/wp-content\/uploads\/2023\/12\/pegoretti-logo-pdf-300x114.jpg 300w, https:\/\/jornalfatosenoticias.com.br\/wp-content\/uploads\/2023\/12\/pegoretti-logo-pdf-768x291.jpg 768w, https:\/\/jornalfatosenoticias.com.br\/wp-content\/uploads\/2023\/12\/pegoretti-logo-pdf.jpg 1120w\" sizes=\"auto, (max-width: 395px) 100vw, 395px\" \/><\/figure><\/div>\n\n\n\n<p>Os dep\u00f3sitos referentes a janeiro ser\u00e3o efetuados de 25 de janeiro a 7 de fevereiro para benefici\u00e1rios que recebem at\u00e9 um sal\u00e1rio m\u00ednimo. J\u00e1 para aqueles com renda mensal superior ao piso nacional, os pagamentos reajustados entrar\u00e3o em vigor a partir de 1\u00ba de fevereiro. Com a confirma\u00e7\u00e3o do \u00edndice de reajuste, o teto do INSS experimentar\u00e1 um incremento significativo de R$ 278,52, elevando-se dos atuais R$ 7.507,49 para R$ 7.786,01 em 2024. <strong>(Fonte: Conex\u00e3o Pol\u00edtica)<\/strong><\/p>\n\n\n\n<div class=\"wp-block-image\"><figure class=\"aligncenter size-large\"><img loading=\"lazy\" decoding=\"async\" width=\"729\" height=\"90\" src=\"https:\/\/jornalfatosenoticias.com.br\/wp-content\/uploads\/2020\/02\/Logo_Mizu.png\" alt=\"\" class=\"wp-image-1441\" srcset=\"https:\/\/jornalfatosenoticias.com.br\/wp-content\/uploads\/2020\/02\/Logo_Mizu.png 729w, https:\/\/jornalfatosenoticias.com.br\/wp-content\/uploads\/2020\/02\/Logo_Mizu-300x37.png 300w\" sizes=\"auto, (max-width: 729px) 100vw, 729px\" \/><\/figure><\/div>\n\n\n\n<hr class=\"wp-block-separator\"\/>\n\n\n\n<h3 class=\"wp-block-heading\"><span class=\"has-inline-color has-black-color\">Milei faz forte discurso, ataca socialismo e diz que capitalismo \u00e9 a \u00fanica ferramenta para acabar com a mis\u00e9ria<\/span><\/h3>\n\n\n\n<div class=\"wp-block-image\"><figure class=\"aligncenter size-large\"><img loading=\"lazy\" decoding=\"async\" width=\"750\" height=\"375\" src=\"https:\/\/jornalfatosenoticias.com.br\/wp-content\/uploads\/2024\/01\/MILEI_DAVOS.jpg\" alt=\"\" class=\"wp-image-48572\" srcset=\"https:\/\/jornalfatosenoticias.com.br\/wp-content\/uploads\/2024\/01\/MILEI_DAVOS.jpg 750w, https:\/\/jornalfatosenoticias.com.br\/wp-content\/uploads\/2024\/01\/MILEI_DAVOS-300x150.jpg 300w\" sizes=\"auto, (max-width: 750px) 100vw, 750px\" \/><figcaption><em><span class=\"has-inline-color has-black-color\">(Foto: Reprodu\u00e7\u00e3o\/YouTube)<\/span><\/em><\/figcaption><\/figure><\/div>\n\n\n\n<p>O presidente da Argentina, Javier Milei, afirmou que o capitalismo de livre com\u00e9rcio como sistema econ\u00f4mico \u00e9 a \u201c\u00fanica ferramenta\u201d que o mundo tem \u201cpara acabar com a fome, a pobreza e a mis\u00e9ria\u201d. As declara\u00e7\u00f5es foram feitas nesta quarta-feira (17) durante discurso no 54\u00ba F\u00f3rum Econ\u00f4mico Mundial, em Davos, na Su\u00ed\u00e7a.<\/p>\n\n\n\n<div class=\"wp-block-image\"><figure class=\"aligncenter size-large is-resized\"><img loading=\"lazy\" decoding=\"async\" src=\"https:\/\/jornalfatosenoticias.com.br\/wp-content\/uploads\/2023\/09\/vetorvix1024_1.jpg\" alt=\"\" class=\"wp-image-44868\" width=\"512\" height=\"136\" srcset=\"https:\/\/jornalfatosenoticias.com.br\/wp-content\/uploads\/2023\/09\/vetorvix1024_1.jpg 1024w, https:\/\/jornalfatosenoticias.com.br\/wp-content\/uploads\/2023\/09\/vetorvix1024_1-300x80.jpg 300w, https:\/\/jornalfatosenoticias.com.br\/wp-content\/uploads\/2023\/09\/vetorvix1024_1-768x205.jpg 768w\" sizes=\"auto, (max-width: 512px) 100vw, 512px\" \/><\/figure><\/div>\n\n\n\n<p>Em sua fala, o l\u00edder argentino defendeu a liberdade econ\u00f4mica e criticou o conceito de justi\u00e7a social. Disse que a esquerda \u201cataca o capitalismo\u201d ao falar em \u201cquest\u00f5es de moralidade\u201d e definir o sistema econ\u00f4mico global como injusto. \u201cDizem que o capitalismo \u00e9 ruim porque \u00e9 individualista e o coletivismo \u00e9 bom porque \u00e9 altru\u00edsta \u2014 mas, claro, com o dinheiro dos outros\u201d, criticou.<br>Sobre o conceito de justi\u00e7a social, Milei disse que o princ\u00edpio se tornou \u201cuma tend\u00eancia\u201d no mundo e fez parte dos discursos pol\u00edticos da Argentina por oito anos, nos governos de Cristina Kirchner e Alberto Fern\u00e1ndez. Segundo Milei, o problema est\u00e1 no fato de que a justi\u00e7a social \u201cn\u00e3o \u00e9 justa\u201d e n\u00e3o contribui para o bem-estar geral, em sua avalia\u00e7\u00e3o.<\/p>\n\n\n\n<div class=\"wp-block-image\"><figure class=\"aligncenter size-large is-resized\"><img loading=\"lazy\" decoding=\"async\" src=\"https:\/\/jornalfatosenoticias.com.br\/wp-content\/uploads\/2022\/02\/Precisao-Contabilidade-1024x724.jpg\" alt=\"\" class=\"wp-image-28088\" width=\"348\" height=\"246\"\/><\/figure><\/div>\n\n\n\n<blockquote class=\"wp-block-quote is-layout-flow wp-block-quote-is-layout-flow\"><p><span class=\"has-inline-color has-luminous-vivid-orange-color\">Muito pelo contr\u00e1rio, \u00e9 uma ideia intrinsecamente injusta porque \u00e9 violenta. \u00c9 uma injusti\u00e7a porque o Estado \u00e9 financiado por meio de impostos e os impostos s\u00e3o coletados coercitivamente. Ou algu\u00e9m aqui pode dizer que paga voluntariamente? [Isso] significa que o Estado \u00e9 financiado por meio da coer\u00e7\u00e3o. Quanto maior a carga fiscal, maior \u00e9 a coer\u00e7\u00e3o e menor a liberdade\u201d, afirmou.<\/span><\/p><\/blockquote>\n\n\n\n<p>Milei tamb\u00e9m disse que o Ocidente \u201cest\u00e1 em perigo\u201d com a exist\u00eancia de uma vis\u00e3o de mundo que \u201cconduz ao socialismo e, consequentemente, \u00e0 pobreza\u201d. Segundo o presidente argentino, os principais l\u00edderes abdicaram do \u201cmodelo de liberdade\u201d em prol do coletivismo. \u201cEstamos aqui para dizer que as experi\u00eancias coletivistas nunca s\u00e3o solu\u00e7\u00f5es para os problemas que afetam as cidades do mundo\u201d, afirmou. <strong>(Fonte: Terra Brasil Not\u00edcias)<\/strong><\/p>\n\n\n\n<div class=\"wp-block-image\"><figure class=\"aligncenter size-large\"><img decoding=\"async\" src=\"https:\/\/jornalfatosenoticias.com.br\/wp-content\/uploads\/2020\/02\/barao-das-carnes-300x164-1.jpg\" alt=\"\" class=\"wp-image-34339\"\/><\/figure><\/div>\n\n\n\n<hr class=\"wp-block-separator\"\/>\n\n\n\n<h3 class=\"wp-block-heading\"><span class=\"has-inline-color has-black-color\">Governo Lula suspende isen\u00e7\u00e3o fiscal que Bolsonaro deu \u00e0s igrejas<\/span><\/h3>\n\n\n\n<div class=\"wp-block-image\"><figure class=\"aligncenter size-large\"><img loading=\"lazy\" decoding=\"async\" width=\"720\" height=\"440\" src=\"https:\/\/jornalfatosenoticias.com.br\/wp-content\/uploads\/2024\/01\/LULA-EDIR-MACEDO.jpg\" alt=\"\" class=\"wp-image-48571\" srcset=\"https:\/\/jornalfatosenoticias.com.br\/wp-content\/uploads\/2024\/01\/LULA-EDIR-MACEDO.jpg 720w, https:\/\/jornalfatosenoticias.com.br\/wp-content\/uploads\/2024\/01\/LULA-EDIR-MACEDO-300x183.jpg 300w\" sizes=\"auto, (max-width: 720px) 100vw, 720px\" \/><figcaption><em><span class=\"has-inline-color has-black-color\">(Foto: Reprodu\u00e7\u00e3o Internet)<\/span><\/em><\/figcaption><\/figure><\/div>\n\n\n\n<p>O secret\u00e1rio da Receita Federal, Robinson Barreirinhas, suspendeu uma decis\u00e3o do governo Jair Bolsonaro (PL) que isentava igrejas do pagamento de impostos e contribui\u00e7\u00f5es sociais sobre pagamentos a pastores. Com a decis\u00e3o de Barreirinhas, as igrejas e institui\u00e7\u00f5es vocacionais devem voltar a pagar os valores, que passam a ser considerados remunera\u00e7\u00e3o direta. A medida adotada no governo Bolsonaro considerava remunera\u00e7\u00e3o apenas parte dos pagamentos sobre aulas ou atividades laborais.<br>A medida do governo Bolsonaro havia sido oficializada a duas semanas do in\u00edcio das elei\u00e7\u00f5es, em gesto para os evang\u00e9licos, p\u00fablico-alvo da campanha. A decis\u00e3o de Barreirinhas \u00e9 do dia 15 de janeiro e foi publicada no Di\u00e1rio Oficial da Uni\u00e3o desta quarta (17). O ato que ampliava a isen\u00e7\u00e3o est\u00e1 sob an\u00e1lise do Tribunal de Contas da Uni\u00e3o. <strong>(Fonte: Terra Brasil Not\u00edcias)<\/strong><\/p>\n\n\n\n<div class=\"wp-block-image\"><figure class=\"aligncenter size-large is-resized\"><img loading=\"lazy\" decoding=\"async\" src=\"https:\/\/jornalfatosenoticias.com.br\/wp-content\/uploads\/2024\/01\/consultoria-ambiental.jpg\" alt=\"\" class=\"wp-image-48314\" width=\"331\" height=\"299\" srcset=\"https:\/\/jornalfatosenoticias.com.br\/wp-content\/uploads\/2024\/01\/consultoria-ambiental.jpg 832w, https:\/\/jornalfatosenoticias.com.br\/wp-content\/uploads\/2024\/01\/consultoria-ambiental-300x272.jpg 300w, https:\/\/jornalfatosenoticias.com.br\/wp-content\/uploads\/2024\/01\/consultoria-ambiental-768x696.jpg 768w\" sizes=\"auto, (max-width: 331px) 100vw, 331px\" \/><\/figure><\/div>\n\n\n\n<hr class=\"wp-block-separator\"\/>\n\n\n\n<h3 class=\"wp-block-heading\"><span class=\"has-inline-color has-black-color\">Justi\u00e7a determina retirada de v\u00eddeo que mostra filho do ministro Benedito Gon\u00e7alves usando roupas de grife<\/span><\/h3>\n\n\n\n<div class=\"wp-block-image\"><figure class=\"aligncenter size-large\"><img loading=\"lazy\" decoding=\"async\" width=\"640\" height=\"359\" src=\"https:\/\/jornalfatosenoticias.com.br\/wp-content\/uploads\/2024\/01\/filho-benedito-goncalves.jpg\" alt=\"\" class=\"wp-image-48570\" srcset=\"https:\/\/jornalfatosenoticias.com.br\/wp-content\/uploads\/2024\/01\/filho-benedito-goncalves.jpg 640w, https:\/\/jornalfatosenoticias.com.br\/wp-content\/uploads\/2024\/01\/filho-benedito-goncalves-300x168.jpg 300w\" sizes=\"auto, (max-width: 640px) 100vw, 640px\" \/><figcaption><em><span class=\"has-inline-color has-black-color\">(Foto: Gazeta Brasil)<\/span><\/em><\/figcaption><\/figure><\/div>\n\n\n\n<p><span class=\"has-inline-color has-black-color\"><em>Imagens foram gravadas nos Pa\u00edses Baixos e viralizaram na internet<br><\/em>Por <strong>Raul Holderf Nascimento<\/strong><\/span><\/p>\n\n\n\n<p>A ju\u00edza Fl\u00e1via Babu Capanema Tancredo, do Tribunal de Justi\u00e7a do Rio de Janeiro, determinou a retirada da internet de um v\u00eddeo que se tornou viral, com milh\u00f5es de visualiza\u00e7\u00f5es, coment\u00e1rios e compartilhamentos. As informa\u00e7\u00f5es s\u00e3o de Ancelmo Gois, do jornal O Globo.<br>Trata-se de uma filmagem que mostra o filho do ministro Benedito Gon\u00e7alves, do Superior Tribunal de Justi\u00e7a (STJ), relator da a\u00e7\u00e3o que tornou o ex-presidente Jair Bolsonaro (PL) ineleg\u00edvel. Na ocasi\u00e3o, Felipe Gon\u00e7alves e sua fam\u00edlia caminhavam por ruas holandesas com roupas de grife, at\u00e9 o momento de ser abordado por um influenciador digital.<\/p>\n\n\n\n<div class=\"wp-block-image\"><figure class=\"aligncenter size-large is-resized\"><img loading=\"lazy\" decoding=\"async\" src=\"https:\/\/jornalfatosenoticias.com.br\/wp-content\/uploads\/2020\/02\/LOGO-BLU-COMERCIAL-PRETO-1024x600.jpg\" alt=\"\" class=\"wp-image-44089\" width=\"346\" height=\"202\"\/><\/figure><\/div>\n\n\n\n<p>De maneira aparente, o di\u00e1logo entre eles parece ser pac\u00edfico, sem nenhum tipo de esc\u00e1rnio ou ataques pessoais, apenas retratando produtos de valor, como rel\u00f3gios, bolsas, entre outros itens. Ainda assim, conforme a ju\u00edza, o v\u00eddeo resultou em objetivar e ridicularizar o filho do magistrado, al\u00e9m de pretender atingir terceiros, no caso, o filho de Benedito. <strong>(Fonte: Conex\u00e3o Pol\u00edtica)<\/strong><\/p>\n\n\n\n<hr class=\"wp-block-separator\"\/>\n\n\n\n<h3 class=\"wp-block-heading\"><span class=\"has-inline-color has-black-color\">Marco Aur\u00e9lio se manifesta ap\u00f3s Lewandowski ser oficializado ministro da Justi\u00e7a<\/span><\/h3>\n\n\n\n<div class=\"wp-block-image\"><figure class=\"aligncenter size-large\"><img loading=\"lazy\" decoding=\"async\" width=\"960\" height=\"640\" src=\"https:\/\/jornalfatosenoticias.com.br\/wp-content\/uploads\/2024\/01\/Marco-Aurelio-Mello-Foto-Nelson-Jr_-SCO-STF.jpg\" alt=\"\" class=\"wp-image-48569\" srcset=\"https:\/\/jornalfatosenoticias.com.br\/wp-content\/uploads\/2024\/01\/Marco-Aurelio-Mello-Foto-Nelson-Jr_-SCO-STF.jpg 960w, https:\/\/jornalfatosenoticias.com.br\/wp-content\/uploads\/2024\/01\/Marco-Aurelio-Mello-Foto-Nelson-Jr_-SCO-STF-300x200.jpg 300w, https:\/\/jornalfatosenoticias.com.br\/wp-content\/uploads\/2024\/01\/Marco-Aurelio-Mello-Foto-Nelson-Jr_-SCO-STF-768x512.jpg 768w\" sizes=\"auto, (max-width: 960px) 100vw, 960px\" \/><figcaption><em><span class=\"has-inline-color has-black-color\">(Foto: Nelson Jr\/SCO\/STF)<\/span><\/em><\/figcaption><\/figure><\/div>\n\n\n\n<p><span class=\"has-inline-color has-black-color\">Por <strong>Raul Holderf Nascimento<\/strong><br><\/span>O ex-ministro do Supremo Tribunal Federal (STF), Marco Aur\u00e9lio Mello, expressou cr\u00edticas \u00e0 nomea\u00e7\u00e3o de Ricardo Lewandowski para o Minist\u00e9rio da Justi\u00e7a e Seguran\u00e7a P\u00fablica, afirmando que representa um cen\u00e1rio de desordem no Brasil. A decis\u00e3o de Lula em oficializar a escolha do magistrado para integrar o governo foi anunciada no \u00faltimo dia 11.<br>Em entrevista ao site Poder360, tamb\u00e9m no mesmo dia, Marco Aur\u00e9lio manifestou sua discord\u00e2ncia com a substitui\u00e7\u00e3o de Fl\u00e1vio Dino, que assumir\u00e1 uma posi\u00e7\u00e3o no Supremo Tribunal Federal. O ex-ministro enfatizou que a trajet\u00f3ria deveria ser inversa, indo do Minist\u00e9rio da Justi\u00e7a para o Supremo, ao inv\u00e9s do caminho escolhido por Lula.<\/p>\n\n\n\n<div class=\"wp-block-image\"><figure class=\"aligncenter size-large\"><img loading=\"lazy\" decoding=\"async\" width=\"300\" height=\"250\" src=\"https:\/\/jornalfatosenoticias.com.br\/wp-content\/uploads\/2022\/02\/FERRARI_MAQUINAS-E-FERRAMENTAS2.jpg\" alt=\"\" class=\"wp-image-27860\"\/><\/figure><\/div>\n\n\n\n<blockquote class=\"wp-block-quote is-layout-flow wp-block-quote-is-layout-flow\"><p><span class=\"has-inline-color has-luminous-vivid-orange-color\">O caminho deve ser inverso \u2014 do Minist\u00e9rio da Justi\u00e7a para o Supremo\u201d, criticou o ex-ministro do STF. \u201cUm ministro aposentado ser auxiliar do presidente da Rep\u00fablica, demiss\u00edvel a qualquer momento? Isso n\u00e3o passa pela minha cabe\u00e7a. Mas, paci\u00eancia, \u00e9 o Brasil desarrumado\u201d, declarou Marco Aur\u00e9lio.<\/span><\/p><\/blockquote>\n\n\n\n<p>Mello ocupou uma vaga no STF a partir de 1990, indicado pelo ent\u00e3o presidente Fernando Collor de Melo, enquanto Lewandowski ingressou na Suprema Corte em 2006, por indica\u00e7\u00e3o de Luiz In\u00e1cio Lula da Silva. Os dois foram colegas por aproximadamente 15 anos, at\u00e9 a aposentadoria de Marco Aur\u00e9lio em 2021. <strong>(Fonte: Conex\u00e3o Pol\u00edtica)<\/strong><\/p>\n\n\n\n<div class=\"wp-block-image\"><figure class=\"aligncenter size-large is-resized\"><img loading=\"lazy\" decoding=\"async\" src=\"https:\/\/jornalfatosenoticias.com.br\/wp-content\/uploads\/2022\/10\/RC_800x750_page-0001.jpg\" alt=\"\" class=\"wp-image-35338\" width=\"342\" height=\"321\" srcset=\"https:\/\/jornalfatosenoticias.com.br\/wp-content\/uploads\/2022\/10\/RC_800x750_page-0001.jpg 400w, https:\/\/jornalfatosenoticias.com.br\/wp-content\/uploads\/2022\/10\/RC_800x750_page-0001-300x281.jpg 300w\" sizes=\"auto, (max-width: 342px) 100vw, 342px\" \/><\/figure><\/div>\n\n\n\n<hr class=\"wp-block-separator\"\/>\n\n\n\n<h3 class=\"wp-block-heading\"><span class=\"has-inline-color has-black-color\"><strong>Press\u00e3o, cr\u00edticas e cobran\u00e7as: ativistas e representantes ind\u00edgenas querem medidas efetivas do governo Lula em Terra Yanomami<\/strong><\/span><\/h3>\n\n\n\n<div class=\"wp-block-image\"><figure class=\"aligncenter size-large\"><img loading=\"lazy\" decoding=\"async\" width=\"750\" height=\"375\" src=\"https:\/\/jornalfatosenoticias.com.br\/wp-content\/uploads\/2024\/01\/yanomamis.jpg\" alt=\"\" class=\"wp-image-48568\" srcset=\"https:\/\/jornalfatosenoticias.com.br\/wp-content\/uploads\/2024\/01\/yanomamis.jpg 750w, https:\/\/jornalfatosenoticias.com.br\/wp-content\/uploads\/2024\/01\/yanomamis-300x150.jpg 300w\" sizes=\"auto, (max-width: 750px) 100vw, 750px\" \/><figcaption><em><span class=\"has-inline-color has-black-color\">(Foto: Divulga\u00e7\u00e3o)<\/span><\/em><\/figcaption><\/figure><\/div>\n\n\n\n<p><span class=\"has-inline-color has-black-color\">Por <strong>Raul Holderf Nascimento<br><\/strong><\/span>O ativista Daniel Munduruku n\u00e3o poupou cr\u00edticas ao <strong><em>Minist\u00e9rio dos Povos Ind\u00edgenas,<\/em><\/strong> desencadeando um debate sobre a efetividade das a\u00e7\u00f5es da pasta. Al\u00e9m dele, outros l\u00edderes ind\u00edgenas se uniram ao coro, compartilhando a opini\u00e3o de que \u00e9 imperativo intensificar os esfor\u00e7os em prol das comunidades ind\u00edgenas no Pa\u00eds, especialmente em torno da Terra Yanomami.<\/p>\n\n\n\n<div class=\"wp-block-image\"><figure class=\"aligncenter size-large is-resized\"><img loading=\"lazy\" decoding=\"async\" src=\"https:\/\/jornalfatosenoticias.com.br\/wp-content\/uploads\/2020\/02\/nova-logo-Marquetti.jpg\" alt=\"\" class=\"wp-image-22331\" width=\"341\" height=\"229\" srcset=\"https:\/\/jornalfatosenoticias.com.br\/wp-content\/uploads\/2020\/02\/nova-logo-Marquetti.jpg 643w, https:\/\/jornalfatosenoticias.com.br\/wp-content\/uploads\/2020\/02\/nova-logo-Marquetti-300x202.jpg 300w\" sizes=\"auto, (max-width: 341px) 100vw, 341px\" \/><\/figure><\/div>\n\n\n\n<p>Munduruku expressou suas preocupa\u00e7\u00f5es em uma publica\u00e7\u00e3o em sua conta no antigo Twitter (X), no qual destacou a cria\u00e7\u00e3o de um minist\u00e9rio \u2018cirandeiro\u2019 como uma reprodu\u00e7\u00e3o da \u2018pol\u00edtica do p\u00e3o e circo\u2019. Ele apontou a presen\u00e7a excessiva de festividades e viagens internacionais, contrastando com a falta de a\u00e7\u00f5es concretas.<br>O coordenador-executivo da Articula\u00e7\u00e3o dos Povos Ind\u00edgenas (Apib), Kleber Karipuna, endossou essas cr\u00edticas, concordando que o Minist\u00e9rio poderia ter feito mais. Karipuna destacou a escassez de demarca\u00e7\u00f5es de novas terras, totalizando apenas oito. No entanto, ele entende que o or\u00e7amento da pasta era limitado e que muitas a\u00e7\u00f5es na terra ianom\u00e2mi n\u00e3o dependiam exclusivamente da atua\u00e7\u00e3o da ministra S\u00f4nia Guajajara.<\/p>\n\n\n\n<div class=\"wp-block-image\"><figure class=\"aligncenter size-large\"><img decoding=\"async\" src=\"https:\/\/jornalfatosenoticias.com.br\/wp-content\/uploads\/2020\/02\/logo_esteio.jpg\" alt=\"\" class=\"wp-image-1214\"\/><\/figure><\/div>\n\n\n\n<blockquote class=\"wp-block-quote is-layout-flow wp-block-quote-is-layout-flow\"><p><span class=\"has-inline-color has-luminous-vivid-orange-color\">Esper\u00e1vamos maior consist\u00eancia na desintrus\u00e3o dos invasores e em outras pol\u00edticas p\u00fablicas para o povo ianom\u00e2mi. Claro que houve muitas sequelas do governo anterior, mas almejamos melhores resultados agora. Houve avan\u00e7os nos \u00faltimos seis anos, mas poderia ser muito mais\u201d, declarou Karipuna.<\/span><\/p><\/blockquote>\n\n\n\n<div class=\"wp-block-image\"><figure class=\"aligncenter size-large\"><img loading=\"lazy\" decoding=\"async\" width=\"300\" height=\"250\" src=\"https:\/\/jornalfatosenoticias.com.br\/wp-content\/uploads\/2020\/02\/Banner-2.png\" alt=\"\" class=\"wp-image-43787\"\/><\/figure><\/div>\n\n\n\n<p>Entidades de defesa dos ind\u00edgenas, como o Instituto Socioambiental (ISA), tamb\u00e9m externaram a falta de articula\u00e7\u00e3o do governo Lula. Est\u00eav\u00e3o Senra, pesquisador do ISA, avalia que uma mobiliza\u00e7\u00e3o organizada poderia acelerar a melhora na situa\u00e7\u00e3o.<br>Carla Lins Yanomami, presidente da AMYK, pontuou as dificuldades enfrentadas pelo povo yanomami. \u201cO povo yanomami est\u00e1 com dificuldade de retomar a vida como era antes, de plantar os alimentos tradicionais, ca\u00e7ar e pescar. O que o povo quer \u00e9 recuperar a sua autonomia, usar seus pr\u00f3prios recursos e cuidar da terra, como faziam os antepassados\u201d, declarou. <strong>(Fonte: Conex\u00e3o Pol\u00edtica)<\/strong><\/p>\n\n\n\n<div class=\"wp-block-image\"><figure class=\"aligncenter size-large is-resized\"><img loading=\"lazy\" decoding=\"async\" src=\"https:\/\/jornalfatosenoticias.com.br\/wp-content\/uploads\/2023\/03\/logo-Panper_portal.jpg\" alt=\"\" class=\"wp-image-40208\" width=\"339\" height=\"235\" srcset=\"https:\/\/jornalfatosenoticias.com.br\/wp-content\/uploads\/2023\/03\/logo-Panper_portal.jpg 400w, https:\/\/jornalfatosenoticias.com.br\/wp-content\/uploads\/2023\/03\/logo-Panper_portal-300x208.jpg 300w\" sizes=\"auto, (max-width: 339px) 100vw, 339px\" \/><\/figure><\/div>\n\n\n\n<hr class=\"wp-block-separator\"\/>\n\n\n\n<h3 class=\"wp-block-heading\"><span class=\"has-inline-color has-black-color\"><strong>FBI procura brasileira Patr\u00edcia L\u00e9lis por acusa\u00e7\u00f5es de golpe contra estrangeiros nos EUA<\/strong><\/span><\/h3>\n\n\n\n<div class=\"wp-block-image\"><figure class=\"aligncenter size-large\"><img loading=\"lazy\" decoding=\"async\" width=\"680\" height=\"640\" src=\"https:\/\/jornalfatosenoticias.com.br\/wp-content\/uploads\/2024\/01\/Patricia-Lelis.jpg\" alt=\"\" class=\"wp-image-48567\" srcset=\"https:\/\/jornalfatosenoticias.com.br\/wp-content\/uploads\/2024\/01\/Patricia-Lelis.jpg 680w, https:\/\/jornalfatosenoticias.com.br\/wp-content\/uploads\/2024\/01\/Patricia-Lelis-300x282.jpg 300w\" sizes=\"auto, (max-width: 680px) 100vw, 680px\" \/><figcaption><em><span class=\"has-inline-color has-black-color\">(Foto: Rede Social X)<\/span><\/em><\/figcaption><\/figure><\/div>\n\n\n\n<p><span class=\"has-inline-color has-black-color\">Por <strong>Marcos Rocha<\/strong><br><\/span>Nos Estados Unidos, as autoridades judiciais do pa\u00eds prosseguiram com as acusa\u00e7\u00f5es contra Patr\u00edcia L\u00e9lis, uma influenciadora brasileira que promove pautas de esquerda na internet e agora responde a um processo por se passar falsamente por advogada de imigra\u00e7\u00e3o e aplicar golpes superiores a US$ 700 mil (R$ 3,4 milh\u00f5es na cota\u00e7\u00e3o atual).<\/p>\n\n\n\n<div class=\"wp-block-image\"><figure class=\"aligncenter size-large is-resized\"><img loading=\"lazy\" decoding=\"async\" src=\"https:\/\/jornalfatosenoticias.com.br\/wp-content\/uploads\/2020\/02\/logo-Rapuzel-1024x571.jpg\" alt=\"\" class=\"wp-image-42808\" width=\"347\" height=\"193\" srcset=\"https:\/\/jornalfatosenoticias.com.br\/wp-content\/uploads\/2020\/02\/logo-Rapuzel-1024x571.jpg 1024w, https:\/\/jornalfatosenoticias.com.br\/wp-content\/uploads\/2020\/02\/logo-Rapuzel-300x167.jpg 300w, https:\/\/jornalfatosenoticias.com.br\/wp-content\/uploads\/2020\/02\/logo-Rapuzel-768x428.jpg 768w, https:\/\/jornalfatosenoticias.com.br\/wp-content\/uploads\/2020\/02\/logo-Rapuzel-1536x856.jpg 1536w, https:\/\/jornalfatosenoticias.com.br\/wp-content\/uploads\/2020\/02\/logo-Rapuzel.jpg 1600w\" sizes=\"auto, (max-width: 347px) 100vw, 347px\" \/><\/figure><\/div>\n\n\n\n<p>Segundo a acusa\u00e7\u00e3o, L\u00e9lis oferecia servi\u00e7os ilegais para auxiliar clientes estrangeiros na obten\u00e7\u00e3o de vistos E-2 e EB-5 nos EUA, que conferem resid\u00eancia permanente legal e a possibilidade de obter a cidadania americana. No Brasil, esse crime \u00e9 conhecido como estelionato e est\u00e1 previsto no artigo 171 do C\u00f3digo Penal.<br>Uma das acusa\u00e7\u00f5es espec\u00edficas alega que, em setembro de 2021, L\u00e9lis enviou um contrato a uma v\u00edtima para obter assist\u00eancia na obten\u00e7\u00e3o de vistos EB-5. Ela teria recebido dois pagamentos iniciais totalizando mais de US$ 135 mil, alegando que o dinheiro seria destinado a um projeto imobili\u00e1rio no Texas qualificado para o programa EB-5. No entanto, as autoridades afirmam que o dinheiro foi direcionado para a conta banc\u00e1ria pessoal de L\u00e9lis.<\/p>\n\n\n\n<figure class=\"wp-block-embed-twitter wp-block-embed is-type-rich is-provider-twitter\"><div class=\"wp-block-embed__wrapper\">\nhttps:\/\/twitter.com\/lelispatricia\/status\/1746980829669278079?ref_src=twsrc%5Etfw%7Ctwcamp%5Etweetembed%7Ctwterm%5E1746980829669278079%7Ctwgr%5E671ba7355e1afafa0baccc2626e420d9c7630749%7Ctwcon%5Es1_&#038;ref_url=https%3A%2F%2Fwww.conexaopolitica.com.br%2Fjudiciario%2Ffbi-procura-patricia-lelis-eua%2F\n<\/div><\/figure>\n\n\n\n<div class=\"wp-block-image\"><figure class=\"aligncenter size-large is-resized\"><img loading=\"lazy\" decoding=\"async\" src=\"https:\/\/jornalfatosenoticias.com.br\/wp-content\/uploads\/2020\/02\/CONTROL-CS.jpg\" alt=\"\" class=\"wp-image-44991\" width=\"367\" height=\"439\" srcset=\"https:\/\/jornalfatosenoticias.com.br\/wp-content\/uploads\/2020\/02\/CONTROL-CS.jpg 834w, https:\/\/jornalfatosenoticias.com.br\/wp-content\/uploads\/2020\/02\/CONTROL-CS-250x300.jpg 250w, https:\/\/jornalfatosenoticias.com.br\/wp-content\/uploads\/2020\/02\/CONTROL-CS-768x921.jpg 768w\" sizes=\"auto, (max-width: 367px) 100vw, 367px\" \/><\/figure><\/div>\n\n\n\n<p>De acordo com a acusa\u00e7\u00e3o, para encobrir o esquema e angariar mais dinheiro, a brasileira fornecia \u00e0s v\u00edtimas um n\u00famero de processo falso que a identificava como advogada. Al\u00e9m disso, ela \u00e9 acusada de falsificar formul\u00e1rios de imigra\u00e7\u00e3o dos EUA, forjar assinaturas m\u00faltiplas e criar recibos falsos de um \u201cprojeto de investimento\u201d no estado do Texas.<\/p>\n\n\n\n<div class=\"wp-block-image\"><figure class=\"aligncenter size-large is-resized\"><img loading=\"lazy\" decoding=\"async\" src=\"https:\/\/jornalfatosenoticias.com.br\/wp-content\/uploads\/2023\/08\/ITH.jpeg\" alt=\"\" class=\"wp-image-44638\" width=\"357\" height=\"290\" srcset=\"https:\/\/jornalfatosenoticias.com.br\/wp-content\/uploads\/2023\/08\/ITH.jpeg 800w, https:\/\/jornalfatosenoticias.com.br\/wp-content\/uploads\/2023\/08\/ITH-300x244.jpeg 300w, https:\/\/jornalfatosenoticias.com.br\/wp-content\/uploads\/2023\/08\/ITH-768x624.jpeg 768w\" sizes=\"auto, (max-width: 357px) 100vw, 357px\" \/><\/figure><\/div>\n\n\n\n<p>Patr\u00edcia L\u00e9lis agora enfrenta acusa\u00e7\u00f5es de fraude eletr\u00f4nica, transa\u00e7\u00f5es monet\u00e1rias ilegais e roubo de identidade agravado. Em caso de condena\u00e7\u00e3o por fraude eletr\u00f4nica, sua pena total pode ultrapassar 32 anos de cadeia. O FBI est\u00e1 procurando Patr\u00edcia L\u00e9lis e incentiva qualquer pessoa com informa\u00e7\u00f5es sobre seu paradeiro a entrar em contato com o escrit\u00f3rio em Washington pelo telefone (202) 278-2000 ou a linha de den\u00fancias do FBI pelo telefone 1-800-CALL-FBI (1-800-225-5324). As informa\u00e7\u00f5es tamb\u00e9m podem ser enviadas on-line atrav\u00e9s do formul\u00e1rio eletr\u00f4nico de den\u00fancias do FBI no site https:\/\/tips.fbi.gov\/home. <strong>(Fonte: Conex\u00e3o Pol\u00edtica)<\/strong> <\/p>\n\n\n\n<figure class=\"wp-block-embed-twitter wp-block-embed is-type-rich is-provider-twitter\"><div class=\"wp-block-embed__wrapper\">\n<blockquote class=\"twitter-tweet\" data-width=\"550\" data-dnt=\"true\"><p lang=\"en\" dir=\"ltr\">Brazilian national charged with defrauding immigrant investors. <a href=\"https:\/\/twitter.com\/FBIWFO?ref_src=twsrc%5Etfw\">@FBIWFO<\/a> seeking information on whereabouts of Patricia Lelis Bolin.<a href=\"https:\/\/t.co\/3xPI749CFI\">https:\/\/t.co\/3xPI749CFI<\/a><\/p>&mdash; U.S. Attorney EDVA (@EDVAnews) <a href=\"https:\/\/twitter.com\/EDVAnews\/status\/1745889661749215395?ref_src=twsrc%5Etfw\">January 12, 2024<\/a><\/blockquote><script async src=\"https:\/\/platform.twitter.com\/widgets.js\" charset=\"utf-8\"><\/script>\n<\/div><\/figure>\n\n\n\n<hr class=\"wp-block-separator\"\/>\n","protected":false},"excerpt":{"rendered":"<p>Por Raul Holderf NascimentoO governo liderado por Luiz In\u00e1cio Lula da Silva (PT) oficializou o reajuste nos benef\u00edcios concedidos pelo Instituto Nacional do Seguro Social (INSS). Com isso, o piso estabelecido, fixado em R$ 1.412,00, alinha-se ao sal\u00e1rio m\u00ednimo definido para 2024.Este valor passa a ser refer\u00eancia n\u00e3o apenas para o sal\u00e1rio m\u00ednimo, mas tamb\u00e9m [&hellip;]<\/p>\n","protected":false},"author":3,"featured_media":48573,"comment_status":"open","ping_status":"open","sticky":false,"template":"","format":"standard","meta":{"footnotes":""},"categories":[10],"tags":[22577,19577,3950,986,18343,1816,7580,17500,294,22578,12302,1637,17963],"class_list":["post-48566","post","type-post","status-publish","format-standard","has-post-thumbnail","hentry","category-politica","tag-auxilio-reclusao","tag-benedito-goncalves","tag-filho","tag-governo","tag-governo-lula","tag-indigenas","tag-lula","tag-ministro","tag-stf","tag-terra-yanomami","tag-valores","tag-video-2","tag-yanomamis"],"yoast_head":"<!-- This site is optimized with the Yoast SEO plugin v26.5 - https:\/\/yoast.com\/wordpress\/plugins\/seo\/ -->\n<title>A Semana em Bras\u00edlia e no ES \u2014 Lula atualiza valores do aux\u00edlio-reclus\u00e3o - Jornal Fatos e Not\u00edcias<\/title>\n<meta name=\"robots\" content=\"index, follow, max-snippet:-1, max-image-preview:large, max-video-preview:-1\" \/>\n<link rel=\"canonical\" href=\"https:\/\/jornalfatosenoticias.com.br\/index.php\/2024\/01\/18\/a-semana-em-brasilia-e-no-es-lula-atualiza-valores-do-auxilio-reclusao\/\" \/>\n<meta property=\"og:locale\" content=\"pt_BR\" \/>\n<meta property=\"og:type\" content=\"article\" \/>\n<meta property=\"og:title\" content=\"A Semana em Bras\u00edlia e no ES \u2014 Lula atualiza valores do aux\u00edlio-reclus\u00e3o - Jornal Fatos e Not\u00edcias\" \/>\n<meta property=\"og:description\" content=\"Por Raul Holderf NascimentoO governo liderado por Luiz In\u00e1cio Lula da Silva (PT) oficializou o reajuste nos benef\u00edcios concedidos pelo Instituto Nacional do Seguro Social (INSS). Com isso, o piso estabelecido, fixado em R$ 1.412,00, alinha-se ao sal\u00e1rio m\u00ednimo definido para 2024.Este valor passa a ser refer\u00eancia n\u00e3o apenas para o sal\u00e1rio m\u00ednimo, mas tamb\u00e9m [&hellip;]\" \/>\n<meta property=\"og:url\" content=\"https:\/\/jornalfatosenoticias.com.br\/index.php\/2024\/01\/18\/a-semana-em-brasilia-e-no-es-lula-atualiza-valores-do-auxilio-reclusao\/\" \/>\n<meta property=\"og:site_name\" content=\"Jornal Fatos e Not\u00edcias\" \/>\n<meta property=\"article:published_time\" content=\"2024-01-18T18:56:29+00:00\" \/>\n<meta property=\"article:modified_time\" content=\"2024-01-18T18:56:32+00:00\" \/>\n<meta property=\"og:image\" content=\"https:\/\/jornalfatosenoticias.com.br\/wp-content\/uploads\/2024\/01\/auxilio-reclusao_istockphoto.jpg\" \/>\n\t<meta property=\"og:image:width\" content=\"612\" \/>\n\t<meta property=\"og:image:height\" content=\"306\" \/>\n\t<meta property=\"og:image:type\" content=\"image\/jpeg\" \/>\n<meta name=\"author\" content=\"Haroldo Filho\" \/>\n<meta name=\"twitter:card\" content=\"summary_large_image\" \/>\n<meta name=\"twitter:label1\" content=\"Escrito por\" \/>\n\t<meta name=\"twitter:data1\" content=\"Haroldo Filho\" \/>\n\t<meta name=\"twitter:label2\" content=\"Est. tempo de leitura\" \/>\n\t<meta name=\"twitter:data2\" content=\"11 minutos\" \/>\n<script type=\"application\/ld+json\" class=\"yoast-schema-graph\">{\"@context\":\"https:\/\/schema.org\",\"@graph\":[{\"@type\":\"Article\",\"@id\":\"https:\/\/jornalfatosenoticias.com.br\/index.php\/2024\/01\/18\/a-semana-em-brasilia-e-no-es-lula-atualiza-valores-do-auxilio-reclusao\/#article\",\"isPartOf\":{\"@id\":\"https:\/\/jornalfatosenoticias.com.br\/index.php\/2024\/01\/18\/a-semana-em-brasilia-e-no-es-lula-atualiza-valores-do-auxilio-reclusao\/\"},\"author\":{\"name\":\"Haroldo Filho\",\"@id\":\"https:\/\/jornalfatosenoticias.com.br\/#\/schema\/person\/05c46cc25b42a5c27e004fb0fa6b4965\"},\"headline\":\"A Semana em Bras\u00edlia e no ES \u2014 Lula atualiza valores do aux\u00edlio-reclus\u00e3o\",\"datePublished\":\"2024-01-18T18:56:29+00:00\",\"dateModified\":\"2024-01-18T18:56:32+00:00\",\"mainEntityOfPage\":{\"@id\":\"https:\/\/jornalfatosenoticias.com.br\/index.php\/2024\/01\/18\/a-semana-em-brasilia-e-no-es-lula-atualiza-valores-do-auxilio-reclusao\/\"},\"wordCount\":2178,\"commentCount\":0,\"publisher\":{\"@id\":\"https:\/\/jornalfatosenoticias.com.br\/#organization\"},\"image\":{\"@id\":\"https:\/\/jornalfatosenoticias.com.br\/index.php\/2024\/01\/18\/a-semana-em-brasilia-e-no-es-lula-atualiza-valores-do-auxilio-reclusao\/#primaryimage\"},\"thumbnailUrl\":\"https:\/\/jornalfatosenoticias.com.br\/wp-content\/uploads\/2024\/01\/auxilio-reclusao_istockphoto.jpg\",\"keywords\":[\"aux\u00edlio-reclus\u00e3o\",\"Benedito Gon\u00e7alves\",\"filho\",\"governo\",\"governo Lula\",\"ind\u00edgenas\",\"Lula\",\"ministro\",\"STF\",\"Terra Yanomami\",\"valores\",\"v\u00eddeo\",\"yanomamis\"],\"articleSection\":[\"Pol\u00edtica\"],\"inLanguage\":\"pt-BR\",\"potentialAction\":[{\"@type\":\"CommentAction\",\"name\":\"Comment\",\"target\":[\"https:\/\/jornalfatosenoticias.com.br\/index.php\/2024\/01\/18\/a-semana-em-brasilia-e-no-es-lula-atualiza-valores-do-auxilio-reclusao\/#respond\"]}]},{\"@type\":\"WebPage\",\"@id\":\"https:\/\/jornalfatosenoticias.com.br\/index.php\/2024\/01\/18\/a-semana-em-brasilia-e-no-es-lula-atualiza-valores-do-auxilio-reclusao\/\",\"url\":\"https:\/\/jornalfatosenoticias.com.br\/index.php\/2024\/01\/18\/a-semana-em-brasilia-e-no-es-lula-atualiza-valores-do-auxilio-reclusao\/\",\"name\":\"A Semana em Bras\u00edlia e no ES \u2014 Lula atualiza valores do aux\u00edlio-reclus\u00e3o - Jornal Fatos e Not\u00edcias\",\"isPartOf\":{\"@id\":\"https:\/\/jornalfatosenoticias.com.br\/#website\"},\"primaryImageOfPage\":{\"@id\":\"https:\/\/jornalfatosenoticias.com.br\/index.php\/2024\/01\/18\/a-semana-em-brasilia-e-no-es-lula-atualiza-valores-do-auxilio-reclusao\/#primaryimage\"},\"image\":{\"@id\":\"https:\/\/jornalfatosenoticias.com.br\/index.php\/2024\/01\/18\/a-semana-em-brasilia-e-no-es-lula-atualiza-valores-do-auxilio-reclusao\/#primaryimage\"},\"thumbnailUrl\":\"https:\/\/jornalfatosenoticias.com.br\/wp-content\/uploads\/2024\/01\/auxilio-reclusao_istockphoto.jpg\",\"datePublished\":\"2024-01-18T18:56:29+00:00\",\"dateModified\":\"2024-01-18T18:56:32+00:00\",\"breadcrumb\":{\"@id\":\"https:\/\/jornalfatosenoticias.com.br\/index.php\/2024\/01\/18\/a-semana-em-brasilia-e-no-es-lula-atualiza-valores-do-auxilio-reclusao\/#breadcrumb\"},\"inLanguage\":\"pt-BR\",\"potentialAction\":[{\"@type\":\"ReadAction\",\"target\":[\"https:\/\/jornalfatosenoticias.com.br\/index.php\/2024\/01\/18\/a-semana-em-brasilia-e-no-es-lula-atualiza-valores-do-auxilio-reclusao\/\"]}]},{\"@type\":\"ImageObject\",\"inLanguage\":\"pt-BR\",\"@id\":\"https:\/\/jornalfatosenoticias.com.br\/index.php\/2024\/01\/18\/a-semana-em-brasilia-e-no-es-lula-atualiza-valores-do-auxilio-reclusao\/#primaryimage\",\"url\":\"https:\/\/jornalfatosenoticias.com.br\/wp-content\/uploads\/2024\/01\/auxilio-reclusao_istockphoto.jpg\",\"contentUrl\":\"https:\/\/jornalfatosenoticias.com.br\/wp-content\/uploads\/2024\/01\/auxilio-reclusao_istockphoto.jpg\",\"width\":612,\"height\":306,\"caption\":\"Prison concept. Jail bars and metal handcuffs on the floor, dark background. 3d illustration\"},{\"@type\":\"BreadcrumbList\",\"@id\":\"https:\/\/jornalfatosenoticias.com.br\/index.php\/2024\/01\/18\/a-semana-em-brasilia-e-no-es-lula-atualiza-valores-do-auxilio-reclusao\/#breadcrumb\",\"itemListElement\":[{\"@type\":\"ListItem\",\"position\":1,\"name\":\"In\u00edcio\",\"item\":\"https:\/\/jornalfatosenoticias.com.br\/\"},{\"@type\":\"ListItem\",\"position\":2,\"name\":\"A Semana em Bras\u00edlia e no ES \u2014 Lula atualiza valores do aux\u00edlio-reclus\u00e3o\"}]},{\"@type\":\"WebSite\",\"@id\":\"https:\/\/jornalfatosenoticias.com.br\/#website\",\"url\":\"https:\/\/jornalfatosenoticias.com.br\/\",\"name\":\"Jornal Fatos e Not\u00edcias\",\"description\":\"Not\u00edcias em geral\",\"publisher\":{\"@id\":\"https:\/\/jornalfatosenoticias.com.br\/#organization\"},\"potentialAction\":[{\"@type\":\"SearchAction\",\"target\":{\"@type\":\"EntryPoint\",\"urlTemplate\":\"https:\/\/jornalfatosenoticias.com.br\/?s={search_term_string}\"},\"query-input\":{\"@type\":\"PropertyValueSpecification\",\"valueRequired\":true,\"valueName\":\"search_term_string\"}}],\"inLanguage\":\"pt-BR\"},{\"@type\":\"Organization\",\"@id\":\"https:\/\/jornalfatosenoticias.com.br\/#organization\",\"name\":\"Jornal Fatos e Not\u00edcias\",\"url\":\"https:\/\/jornalfatosenoticias.com.br\/\",\"logo\":{\"@type\":\"ImageObject\",\"inLanguage\":\"pt-BR\",\"@id\":\"https:\/\/jornalfatosenoticias.com.br\/#\/schema\/logo\/image\/\",\"url\":\"https:\/\/jornalfatosenoticias.com.br\/wp-content\/uploads\/2020\/02\/logo120.png\",\"contentUrl\":\"https:\/\/jornalfatosenoticias.com.br\/wp-content\/uploads\/2020\/02\/logo120.png\",\"width\":1227,\"height\":120,\"caption\":\"Jornal Fatos e Not\u00edcias\"},\"image\":{\"@id\":\"https:\/\/jornalfatosenoticias.com.br\/#\/schema\/logo\/image\/\"}},{\"@type\":\"Person\",\"@id\":\"https:\/\/jornalfatosenoticias.com.br\/#\/schema\/person\/05c46cc25b42a5c27e004fb0fa6b4965\",\"name\":\"Haroldo Filho\",\"image\":{\"@type\":\"ImageObject\",\"inLanguage\":\"pt-BR\",\"@id\":\"https:\/\/jornalfatosenoticias.com.br\/#\/schema\/person\/image\/\",\"url\":\"https:\/\/jornalfatosenoticias.com.br\/wp-content\/uploads\/2025\/08\/WhatsApp-Image-2025-08-18-at-15.30.28-150x150.jpeg\",\"contentUrl\":\"https:\/\/jornalfatosenoticias.com.br\/wp-content\/uploads\/2025\/08\/WhatsApp-Image-2025-08-18-at-15.30.28-150x150.jpeg\",\"caption\":\"Haroldo Filho\"},\"description\":\"Jornalista \u2013 DRT: 0003818\/ES Coordenador-geral da ONG Educar para Crescer\",\"url\":\"https:\/\/jornalfatosenoticias.com.br\/index.php\/author\/haroldo\/\"}]}<\/script>\n<!-- \/ Yoast SEO plugin. -->","yoast_head_json":{"title":"A Semana em Bras\u00edlia e no ES \u2014 Lula atualiza valores do aux\u00edlio-reclus\u00e3o - Jornal Fatos e Not\u00edcias","robots":{"index":"index","follow":"follow","max-snippet":"max-snippet:-1","max-image-preview":"max-image-preview:large","max-video-preview":"max-video-preview:-1"},"canonical":"https:\/\/jornalfatosenoticias.com.br\/index.php\/2024\/01\/18\/a-semana-em-brasilia-e-no-es-lula-atualiza-valores-do-auxilio-reclusao\/","og_locale":"pt_BR","og_type":"article","og_title":"A Semana em Bras\u00edlia e no ES \u2014 Lula atualiza valores do aux\u00edlio-reclus\u00e3o - Jornal Fatos e Not\u00edcias","og_description":"Por Raul Holderf NascimentoO governo liderado por Luiz In\u00e1cio Lula da Silva (PT) oficializou o reajuste nos benef\u00edcios concedidos pelo Instituto Nacional do Seguro Social (INSS). Com isso, o piso estabelecido, fixado em R$ 1.412,00, alinha-se ao sal\u00e1rio m\u00ednimo definido para 2024.Este valor passa a ser refer\u00eancia n\u00e3o apenas para o sal\u00e1rio m\u00ednimo, mas tamb\u00e9m [&hellip;]","og_url":"https:\/\/jornalfatosenoticias.com.br\/index.php\/2024\/01\/18\/a-semana-em-brasilia-e-no-es-lula-atualiza-valores-do-auxilio-reclusao\/","og_site_name":"Jornal Fatos e Not\u00edcias","article_published_time":"2024-01-18T18:56:29+00:00","article_modified_time":"2024-01-18T18:56:32+00:00","og_image":[{"width":612,"height":306,"url":"https:\/\/jornalfatosenoticias.com.br\/wp-content\/uploads\/2024\/01\/auxilio-reclusao_istockphoto.jpg","type":"image\/jpeg"}],"author":"Haroldo Filho","twitter_card":"summary_large_image","twitter_misc":{"Escrito por":"Haroldo Filho","Est. tempo de leitura":"11 minutos"},"schema":{"@context":"https:\/\/schema.org","@graph":[{"@type":"Article","@id":"https:\/\/jornalfatosenoticias.com.br\/index.php\/2024\/01\/18\/a-semana-em-brasilia-e-no-es-lula-atualiza-valores-do-auxilio-reclusao\/#article","isPartOf":{"@id":"https:\/\/jornalfatosenoticias.com.br\/index.php\/2024\/01\/18\/a-semana-em-brasilia-e-no-es-lula-atualiza-valores-do-auxilio-reclusao\/"},"author":{"name":"Haroldo Filho","@id":"https:\/\/jornalfatosenoticias.com.br\/#\/schema\/person\/05c46cc25b42a5c27e004fb0fa6b4965"},"headline":"A Semana em Bras\u00edlia e no ES \u2014 Lula atualiza valores do aux\u00edlio-reclus\u00e3o","datePublished":"2024-01-18T18:56:29+00:00","dateModified":"2024-01-18T18:56:32+00:00","mainEntityOfPage":{"@id":"https:\/\/jornalfatosenoticias.com.br\/index.php\/2024\/01\/18\/a-semana-em-brasilia-e-no-es-lula-atualiza-valores-do-auxilio-reclusao\/"},"wordCount":2178,"commentCount":0,"publisher":{"@id":"https:\/\/jornalfatosenoticias.com.br\/#organization"},"image":{"@id":"https:\/\/jornalfatosenoticias.com.br\/index.php\/2024\/01\/18\/a-semana-em-brasilia-e-no-es-lula-atualiza-valores-do-auxilio-reclusao\/#primaryimage"},"thumbnailUrl":"https:\/\/jornalfatosenoticias.com.br\/wp-content\/uploads\/2024\/01\/auxilio-reclusao_istockphoto.jpg","keywords":["aux\u00edlio-reclus\u00e3o","Benedito Gon\u00e7alves","filho","governo","governo Lula","ind\u00edgenas","Lula","ministro","STF","Terra Yanomami","valores","v\u00eddeo","yanomamis"],"articleSection":["Pol\u00edtica"],"inLanguage":"pt-BR","potentialAction":[{"@type":"CommentAction","name":"Comment","target":["https:\/\/jornalfatosenoticias.com.br\/index.php\/2024\/01\/18\/a-semana-em-brasilia-e-no-es-lula-atualiza-valores-do-auxilio-reclusao\/#respond"]}]},{"@type":"WebPage","@id":"https:\/\/jornalfatosenoticias.com.br\/index.php\/2024\/01\/18\/a-semana-em-brasilia-e-no-es-lula-atualiza-valores-do-auxilio-reclusao\/","url":"https:\/\/jornalfatosenoticias.com.br\/index.php\/2024\/01\/18\/a-semana-em-brasilia-e-no-es-lula-atualiza-valores-do-auxilio-reclusao\/","name":"A Semana em Bras\u00edlia e no ES \u2014 Lula atualiza valores do aux\u00edlio-reclus\u00e3o - Jornal Fatos e Not\u00edcias","isPartOf":{"@id":"https:\/\/jornalfatosenoticias.com.br\/#website"},"primaryImageOfPage":{"@id":"https:\/\/jornalfatosenoticias.com.br\/index.php\/2024\/01\/18\/a-semana-em-brasilia-e-no-es-lula-atualiza-valores-do-auxilio-reclusao\/#primaryimage"},"image":{"@id":"https:\/\/jornalfatosenoticias.com.br\/index.php\/2024\/01\/18\/a-semana-em-brasilia-e-no-es-lula-atualiza-valores-do-auxilio-reclusao\/#primaryimage"},"thumbnailUrl":"https:\/\/jornalfatosenoticias.com.br\/wp-content\/uploads\/2024\/01\/auxilio-reclusao_istockphoto.jpg","datePublished":"2024-01-18T18:56:29+00:00","dateModified":"2024-01-18T18:56:32+00:00","breadcrumb":{"@id":"https:\/\/jornalfatosenoticias.com.br\/index.php\/2024\/01\/18\/a-semana-em-brasilia-e-no-es-lula-atualiza-valores-do-auxilio-reclusao\/#breadcrumb"},"inLanguage":"pt-BR","potentialAction":[{"@type":"ReadAction","target":["https:\/\/jornalfatosenoticias.com.br\/index.php\/2024\/01\/18\/a-semana-em-brasilia-e-no-es-lula-atualiza-valores-do-auxilio-reclusao\/"]}]},{"@type":"ImageObject","inLanguage":"pt-BR","@id":"https:\/\/jornalfatosenoticias.com.br\/index.php\/2024\/01\/18\/a-semana-em-brasilia-e-no-es-lula-atualiza-valores-do-auxilio-reclusao\/#primaryimage","url":"https:\/\/jornalfatosenoticias.com.br\/wp-content\/uploads\/2024\/01\/auxilio-reclusao_istockphoto.jpg","contentUrl":"https:\/\/jornalfatosenoticias.com.br\/wp-content\/uploads\/2024\/01\/auxilio-reclusao_istockphoto.jpg","width":612,"height":306,"caption":"Prison concept. Jail bars and metal handcuffs on the floor, dark background. 3d illustration"},{"@type":"BreadcrumbList","@id":"https:\/\/jornalfatosenoticias.com.br\/index.php\/2024\/01\/18\/a-semana-em-brasilia-e-no-es-lula-atualiza-valores-do-auxilio-reclusao\/#breadcrumb","itemListElement":[{"@type":"ListItem","position":1,"name":"In\u00edcio","item":"https:\/\/jornalfatosenoticias.com.br\/"},{"@type":"ListItem","position":2,"name":"A Semana em Bras\u00edlia e no ES \u2014 Lula atualiza valores do aux\u00edlio-reclus\u00e3o"}]},{"@type":"WebSite","@id":"https:\/\/jornalfatosenoticias.com.br\/#website","url":"https:\/\/jornalfatosenoticias.com.br\/","name":"Jornal Fatos e Not\u00edcias","description":"Not\u00edcias em geral","publisher":{"@id":"https:\/\/jornalfatosenoticias.com.br\/#organization"},"potentialAction":[{"@type":"SearchAction","target":{"@type":"EntryPoint","urlTemplate":"https:\/\/jornalfatosenoticias.com.br\/?s={search_term_string}"},"query-input":{"@type":"PropertyValueSpecification","valueRequired":true,"valueName":"search_term_string"}}],"inLanguage":"pt-BR"},{"@type":"Organization","@id":"https:\/\/jornalfatosenoticias.com.br\/#organization","name":"Jornal Fatos e Not\u00edcias","url":"https:\/\/jornalfatosenoticias.com.br\/","logo":{"@type":"ImageObject","inLanguage":"pt-BR","@id":"https:\/\/jornalfatosenoticias.com.br\/#\/schema\/logo\/image\/","url":"https:\/\/jornalfatosenoticias.com.br\/wp-content\/uploads\/2020\/02\/logo120.png","contentUrl":"https:\/\/jornalfatosenoticias.com.br\/wp-content\/uploads\/2020\/02\/logo120.png","width":1227,"height":120,"caption":"Jornal Fatos e Not\u00edcias"},"image":{"@id":"https:\/\/jornalfatosenoticias.com.br\/#\/schema\/logo\/image\/"}},{"@type":"Person","@id":"https:\/\/jornalfatosenoticias.com.br\/#\/schema\/person\/05c46cc25b42a5c27e004fb0fa6b4965","name":"Haroldo Filho","image":{"@type":"ImageObject","inLanguage":"pt-BR","@id":"https:\/\/jornalfatosenoticias.com.br\/#\/schema\/person\/image\/","url":"https:\/\/jornalfatosenoticias.com.br\/wp-content\/uploads\/2025\/08\/WhatsApp-Image-2025-08-18-at-15.30.28-150x150.jpeg","contentUrl":"https:\/\/jornalfatosenoticias.com.br\/wp-content\/uploads\/2025\/08\/WhatsApp-Image-2025-08-18-at-15.30.28-150x150.jpeg","caption":"Haroldo Filho"},"description":"Jornalista \u2013 DRT: 0003818\/ES Coordenador-geral da ONG Educar para Crescer","url":"https:\/\/jornalfatosenoticias.com.br\/index.php\/author\/haroldo\/"}]}},"cc_featured_image_caption":{"caption_text":"(Foto: iStock) ","source_text":"","source_url":""},"jetpack_featured_media_url":"https:\/\/jornalfatosenoticias.com.br\/wp-content\/uploads\/2024\/01\/auxilio-reclusao_istockphoto.jpg","_links":{"self":[{"href":"https:\/\/jornalfatosenoticias.com.br\/index.php\/wp-json\/wp\/v2\/posts\/48566","targetHints":{"allow":["GET"]}}],"collection":[{"href":"https:\/\/jornalfatosenoticias.com.br\/index.php\/wp-json\/wp\/v2\/posts"}],"about":[{"href":"https:\/\/jornalfatosenoticias.com.br\/index.php\/wp-json\/wp\/v2\/types\/post"}],"author":[{"embeddable":true,"href":"https:\/\/jornalfatosenoticias.com.br\/index.php\/wp-json\/wp\/v2\/users\/3"}],"replies":[{"embeddable":true,"href":"https:\/\/jornalfatosenoticias.com.br\/index.php\/wp-json\/wp\/v2\/comments?post=48566"}],"version-history":[{"count":0,"href":"https:\/\/jornalfatosenoticias.com.br\/index.php\/wp-json\/wp\/v2\/posts\/48566\/revisions"}],"wp:featuredmedia":[{"embeddable":true,"href":"https:\/\/jornalfatosenoticias.com.br\/index.php\/wp-json\/wp\/v2\/media\/48573"}],"wp:attachment":[{"href":"https:\/\/jornalfatosenoticias.com.br\/index.php\/wp-json\/wp\/v2\/media?parent=48566"}],"wp:term":[{"taxonomy":"category","embeddable":true,"href":"https:\/\/jornalfatosenoticias.com.br\/index.php\/wp-json\/wp\/v2\/categories?post=48566"},{"taxonomy":"post_tag","embeddable":true,"href":"https:\/\/jornalfatosenoticias.com.br\/index.php\/wp-json\/wp\/v2\/tags?post=48566"}],"curies":[{"name":"wp","href":"https:\/\/api.w.org\/{rel}","templated":true}]}}