{"id":48580,"date":"2024-01-18T16:15:23","date_gmt":"2024-01-18T19:15:23","guid":{"rendered":"https:\/\/jornalfatosenoticias.com.br\/?p=48580"},"modified":"2024-01-18T16:15:26","modified_gmt":"2024-01-18T19:15:26","slug":"os-desafios-da-mulher-contemporanea","status":"publish","type":"post","link":"https:\/\/jornalfatosenoticias.com.br\/index.php\/2024\/01\/18\/os-desafios-da-mulher-contemporanea\/","title":{"rendered":"Os desafios da mulher contempor\u00e2nea"},"content":{"rendered":"\n<p><span class=\"has-inline-color has-black-color\"><em>Em muitos casos a mulher acumula as fun\u00e7\u00f5es de chefe de fam\u00edlia, cuidados dom\u00e9sticos e a maternagem ficando, quase sempre, sobrecarregada<\/em><\/span><\/p>\n\n\n\n<div class=\"wp-block-image\"><figure class=\"aligncenter size-large is-resized\"><img loading=\"lazy\" decoding=\"async\" src=\"https:\/\/jornalfatosenoticias.com.br\/wp-content\/uploads\/2023\/12\/pegoretti-logo-pdf-1024x389.jpg\" alt=\"\" class=\"wp-image-47536\" width=\"361\" height=\"137\" srcset=\"https:\/\/jornalfatosenoticias.com.br\/wp-content\/uploads\/2023\/12\/pegoretti-logo-pdf-1024x389.jpg 1024w, https:\/\/jornalfatosenoticias.com.br\/wp-content\/uploads\/2023\/12\/pegoretti-logo-pdf-300x114.jpg 300w, https:\/\/jornalfatosenoticias.com.br\/wp-content\/uploads\/2023\/12\/pegoretti-logo-pdf-768x291.jpg 768w, https:\/\/jornalfatosenoticias.com.br\/wp-content\/uploads\/2023\/12\/pegoretti-logo-pdf.jpg 1120w\" sizes=\"auto, (max-width: 361px) 100vw, 361px\" \/><\/figure><\/div>\n\n\n\n<p>Segundo o Censo Demogr\u00e1fico 2022, o Brasil tem 104,5 milh\u00f5es de mulheres, o que representa uma fatia de 51,5% da popula\u00e7\u00e3o, enquanto na outra ponta da tabela, 48,5% do total de brasileiros s\u00e3o homens.<br>Nesse universo considerado enigm\u00e1tico para muitos elas sempre tiveram um papel importante na sociedade. Do papel secund\u00e1rio nas sociedades antigas, passou a ser extremamente importante nos dias atuais. Apesar da nossa heran\u00e7a hist\u00f3rica do sistema social, completamente patriarcal, a cada dia que passa abandonam a figura de simples dona de casa e assumem postos de trabalho com cargos importantes em empresas deixando a submiss\u00e3o no passado.<br>Com uma crescente presen\u00e7a no mercado de trabalho, a desigualdade \u00e9 not\u00f3ria no que se refere \u00e0s diferen\u00e7as de g\u00eaneros, pois em muitos casos a mulher acumula as fun\u00e7\u00f5es de chefe de fam\u00edlia, cuidados dom\u00e9sticos e a maternagem ficando, quase sempre, sobrecarregada.<\/p>\n\n\n\n<div class=\"wp-block-image\"><figure class=\"aligncenter size-large is-resized\"><img loading=\"lazy\" decoding=\"async\" src=\"https:\/\/jornalfatosenoticias.com.br\/wp-content\/uploads\/2023\/03\/logo-Panper_portal.jpg\" alt=\"\" class=\"wp-image-40208\" width=\"312\" height=\"216\" srcset=\"https:\/\/jornalfatosenoticias.com.br\/wp-content\/uploads\/2023\/03\/logo-Panper_portal.jpg 400w, https:\/\/jornalfatosenoticias.com.br\/wp-content\/uploads\/2023\/03\/logo-Panper_portal-300x208.jpg 300w\" sizes=\"auto, (max-width: 312px) 100vw, 312px\" \/><\/figure><\/div>\n\n\n\n<p>No mercado de trabalho, elas s\u00e3o minoria nos cargos de n\u00edvel superior e amargam sal\u00e1rios menores do que o dos homens, quadro acentuando ainda mais quando nos referimos \u00e0s mulheres negras.<\/p>\n\n\n\n<div class=\"wp-block-image\"><figure class=\"aligncenter size-large\"><img loading=\"lazy\" decoding=\"async\" width=\"1000\" height=\"537\" src=\"https:\/\/jornalfatosenoticias.com.br\/wp-content\/uploads\/2024\/01\/trabalhadoras-no-campo.jpg\" alt=\"\" class=\"wp-image-48582\" srcset=\"https:\/\/jornalfatosenoticias.com.br\/wp-content\/uploads\/2024\/01\/trabalhadoras-no-campo.jpg 1000w, https:\/\/jornalfatosenoticias.com.br\/wp-content\/uploads\/2024\/01\/trabalhadoras-no-campo-300x161.jpg 300w, https:\/\/jornalfatosenoticias.com.br\/wp-content\/uploads\/2024\/01\/trabalhadoras-no-campo-768x412.jpg 768w\" sizes=\"auto, (max-width: 1000px) 100vw, 1000px\" \/><figcaption><em><span class=\"has-inline-color has-black-color\">(Foto: Banco de Imagens Embrapa\/IBGE\/Mapa)<\/span><\/em><\/figcaption><\/figure><\/div>\n\n\n\n<p>No campo pol\u00edtico tamb\u00e9m \u00e9 grande a desigualdade, se comparado aos homens nos cargos executivos, legislativos e judici\u00e1rios. Segundo dados do Tribunal Superior Eleitoral (TSE), na \u00faltima majorit\u00e1ria, o n\u00famero de representantes da bancada feminina na C\u00e2mara Federal saltou de 77 deputadas eleitas em 2018, para 91 em 2022, um aumento de 18% de parlamentares femininas, quatro senadoras e apenas duas governadoras, nas 27 unidades federativas.<\/p>\n\n\n\n<div class=\"wp-block-image\"><figure class=\"aligncenter size-large is-resized\"><img loading=\"lazy\" decoding=\"async\" src=\"https:\/\/jornalfatosenoticias.com.br\/wp-content\/uploads\/2023\/08\/BKR-1024x1021.jpg\" alt=\"\" class=\"wp-image-44494\" width=\"318\" height=\"317\" srcset=\"https:\/\/jornalfatosenoticias.com.br\/wp-content\/uploads\/2023\/08\/BKR-1024x1021.jpg 1024w, https:\/\/jornalfatosenoticias.com.br\/wp-content\/uploads\/2023\/08\/BKR-300x300.jpg 300w, https:\/\/jornalfatosenoticias.com.br\/wp-content\/uploads\/2023\/08\/BKR-150x150.jpg 150w, https:\/\/jornalfatosenoticias.com.br\/wp-content\/uploads\/2023\/08\/BKR-768x766.jpg 768w, https:\/\/jornalfatosenoticias.com.br\/wp-content\/uploads\/2023\/08\/BKR.jpg 1080w\" sizes=\"auto, (max-width: 318px) 100vw, 318px\" \/><\/figure><\/div>\n\n\n\n<p>Para a Procuradora da Mulher da C\u00e2mara dos Deputados, deputada Tereza Nelma (AL) \u201c\u00e9 preciso continuar incentivando e intensificando a participa\u00e7\u00e3o das mulheres na pol\u00edtica para que, a cada nova elei\u00e7\u00e3o, a representatividade feminina seja fortalecida no legislativo, e n\u00e3o apenas no \u00e2mbito federal, mas tamb\u00e9m nos estados e munic\u00edpios\u201d.<\/p>\n\n\n\n<div class=\"wp-block-image\"><figure class=\"aligncenter size-large\"><img loading=\"lazy\" decoding=\"async\" width=\"300\" height=\"250\" src=\"https:\/\/jornalfatosenoticias.com.br\/wp-content\/uploads\/2022\/02\/FERRARI_MAQUINAS-E-FERRAMENTAS2.jpg\" alt=\"\" class=\"wp-image-27860\"\/><\/figure><\/div>\n\n\n\n<p>Em terras capixabas, nas \u00faltimas elei\u00e7\u00f5es municipais (2021), o resultado obtido pelas mulheres, nos 78 munic\u00edpios, foi melhor nas c\u00e2maras municipais, onde 91 foram eleitas vereadoras. Em contrapartida, apenas Ana Izabel Malacarne de Oliveira foi eleita prefeita, em S\u00e3o Domingos do Norte.<\/p>\n\n\n\n<div class=\"wp-block-image\"><figure class=\"aligncenter size-large is-resized\"><img loading=\"lazy\" decoding=\"async\" src=\"https:\/\/jornalfatosenoticias.com.br\/wp-content\/uploads\/2020\/02\/nova-logo-Marquetti.jpg\" alt=\"\" class=\"wp-image-22331\" width=\"293\" height=\"197\" srcset=\"https:\/\/jornalfatosenoticias.com.br\/wp-content\/uploads\/2020\/02\/nova-logo-Marquetti.jpg 643w, https:\/\/jornalfatosenoticias.com.br\/wp-content\/uploads\/2020\/02\/nova-logo-Marquetti-300x202.jpg 300w\" sizes=\"auto, (max-width: 293px) 100vw, 293px\" \/><\/figure><\/div>\n\n\n\n<p>Outro ponto que n\u00e3o pode deixar de ser abordado \u00e9 a quest\u00e3o da viol\u00eancia. Embora leis espec\u00edficas (tais como a \u201cLei Maria da Penha\u201d) e as Delegacias da Mulher tenham sido criadas no Brasil, ainda s\u00e3o numerosos os casos de agress\u00f5es no ambiente domiciliar, ass\u00e9dio, estupro, assassinatos e outros. Isso sem falar no monitoramento social constante sobre as atitudes e o corpo da mulher, que s\u00e3o cada vez mais cercados de \u201cregras\u201d e posturas morais que, muitas vezes, privam os direitos e as liberdades individuais.<\/p>\n\n\n\n<div class=\"wp-block-image\"><figure class=\"aligncenter size-large is-resized\"><img loading=\"lazy\" decoding=\"async\" src=\"https:\/\/jornalfatosenoticias.com.br\/wp-content\/uploads\/2023\/08\/ITH.jpeg\" alt=\"\" class=\"wp-image-44638\" width=\"327\" height=\"266\" srcset=\"https:\/\/jornalfatosenoticias.com.br\/wp-content\/uploads\/2023\/08\/ITH.jpeg 800w, https:\/\/jornalfatosenoticias.com.br\/wp-content\/uploads\/2023\/08\/ITH-300x244.jpeg 300w, https:\/\/jornalfatosenoticias.com.br\/wp-content\/uploads\/2023\/08\/ITH-768x624.jpeg 768w\" sizes=\"auto, (max-width: 327px) 100vw, 327px\" \/><\/figure><\/div>\n\n\n\n<p>Para a <strong>pedagoga Suzana Guimar\u00e3es,<\/strong> apresentada no in\u00edcio do m\u00eas como a pr\u00e9-candidata \u00e0 prefeitura de Fund\u00e3o, pelo Partido Liberal (PL), culturalmente, a popula\u00e7\u00e3o feminina no Brasil vive num molde social machista.<\/p>\n\n\n\n<div class=\"wp-block-image\"><figure class=\"aligncenter size-large\"><img loading=\"lazy\" decoding=\"async\" width=\"999\" height=\"930\" src=\"https:\/\/jornalfatosenoticias.com.br\/wp-content\/uploads\/2024\/01\/suzana.jpg\" alt=\"\" class=\"wp-image-48581\" srcset=\"https:\/\/jornalfatosenoticias.com.br\/wp-content\/uploads\/2024\/01\/suzana.jpg 999w, https:\/\/jornalfatosenoticias.com.br\/wp-content\/uploads\/2024\/01\/suzana-300x279.jpg 300w, https:\/\/jornalfatosenoticias.com.br\/wp-content\/uploads\/2024\/01\/suzana-768x715.jpg 768w\" sizes=\"auto, (max-width: 999px) 100vw, 999px\" \/><figcaption><em><span class=\"has-inline-color has-black-color\">Suzana Guimar\u00e3es (Foto: Michel Brugnoli\/F&amp;N)<\/span><\/em><\/figcaption><\/figure><\/div>\n\n\n\n<blockquote class=\"wp-block-quote is-layout-flow wp-block-quote-is-layout-flow\"><p><span class=\"has-inline-color has-luminous-vivid-orange-color\">O papel da mulher na sociedade vem se tornando cada vez maior e melhor, mas ainda existem muitos desafios. \u00c9 fundamental melhorar o acesso das mulheres a postos de trabalho e cargos eleg\u00edveis, promover melhores sal\u00e1rios, efetivar o direito da mulher sobre o seu pr\u00f3prio corpo e sobre a sua liberdade individual e buscar mecanismos de amparo e prote\u00e7\u00e3o de mulheres amea\u00e7adas em seus cotidianos. Estamos num processo de mudan\u00e7as por gera\u00e7\u00f5es e a caminhada n\u00e3o \u00e9 f\u00e1cil. Houve avan\u00e7os e podemos notar reconhecimento significativo da sociedade e isso \u00e9 o que nos motiva a trabalhar mais e mais\u201d, afirma.<\/span><\/p><\/blockquote>\n\n\n\n<div class=\"wp-block-image\"><figure class=\"aligncenter size-large is-resized\"><img loading=\"lazy\" decoding=\"async\" src=\"https:\/\/jornalfatosenoticias.com.br\/wp-content\/uploads\/2020\/02\/CONTROL-CS.jpg\" alt=\"\" class=\"wp-image-44991\" width=\"303\" height=\"363\" srcset=\"https:\/\/jornalfatosenoticias.com.br\/wp-content\/uploads\/2020\/02\/CONTROL-CS.jpg 834w, https:\/\/jornalfatosenoticias.com.br\/wp-content\/uploads\/2020\/02\/CONTROL-CS-250x300.jpg 250w, https:\/\/jornalfatosenoticias.com.br\/wp-content\/uploads\/2020\/02\/CONTROL-CS-768x921.jpg 768w\" sizes=\"auto, (max-width: 303px) 100vw, 303px\" \/><\/figure><\/div>\n","protected":false},"excerpt":{"rendered":"<p>Em muitos casos a mulher acumula as fun\u00e7\u00f5es de chefe de fam\u00edlia, cuidados dom\u00e9sticos e a maternagem ficando, quase sempre, sobrecarregada Segundo o Censo Demogr\u00e1fico 2022, o Brasil tem 104,5 milh\u00f5es de mulheres, o que representa uma fatia de 51,5% da popula\u00e7\u00e3o, enquanto na outra ponta da tabela, 48,5% do total de brasileiros s\u00e3o homens.Nesse [&hellip;]<\/p>\n","protected":false},"author":3,"featured_media":48583,"comment_status":"open","ping_status":"open","sticky":false,"template":"","format":"standard","meta":{"footnotes":""},"categories":[9,10],"tags":[22579,22580,2471,388,979,22581],"class_list":["post-48580","post","type-post","status-publish","format-standard","has-post-thumbnail","hentry","category-economia","category-politica","tag-chefe-de-familia","tag-dona-de-casa","tag-mae","tag-mercado-de-trabalho","tag-mulher","tag-trabalhadora"],"yoast_head":"<!-- This site is optimized with the Yoast SEO plugin v26.5 - https:\/\/yoast.com\/wordpress\/plugins\/seo\/ -->\n<title>Os desafios da mulher contempor\u00e2nea - Jornal Fatos e Not\u00edcias<\/title>\n<meta name=\"robots\" content=\"index, follow, max-snippet:-1, max-image-preview:large, max-video-preview:-1\" \/>\n<link rel=\"canonical\" href=\"https:\/\/jornalfatosenoticias.com.br\/index.php\/2024\/01\/18\/os-desafios-da-mulher-contemporanea\/\" \/>\n<meta property=\"og:locale\" content=\"pt_BR\" \/>\n<meta property=\"og:type\" content=\"article\" \/>\n<meta property=\"og:title\" content=\"Os desafios da mulher contempor\u00e2nea - Jornal Fatos e Not\u00edcias\" \/>\n<meta property=\"og:description\" content=\"Em muitos casos a mulher acumula as fun\u00e7\u00f5es de chefe de fam\u00edlia, cuidados dom\u00e9sticos e a maternagem ficando, quase sempre, sobrecarregada Segundo o Censo Demogr\u00e1fico 2022, o Brasil tem 104,5 milh\u00f5es de mulheres, o que representa uma fatia de 51,5% da popula\u00e7\u00e3o, enquanto na outra ponta da tabela, 48,5% do total de brasileiros s\u00e3o homens.Nesse [&hellip;]\" \/>\n<meta property=\"og:url\" content=\"https:\/\/jornalfatosenoticias.com.br\/index.php\/2024\/01\/18\/os-desafios-da-mulher-contemporanea\/\" \/>\n<meta property=\"og:site_name\" content=\"Jornal Fatos e Not\u00edcias\" \/>\n<meta property=\"article:published_time\" content=\"2024-01-18T19:15:23+00:00\" \/>\n<meta property=\"article:modified_time\" content=\"2024-01-18T19:15:26+00:00\" \/>\n<meta property=\"og:image\" content=\"https:\/\/jornalfatosenoticias.com.br\/wp-content\/uploads\/2024\/01\/mulher-e-mercado-de-trabalho_getty-images.jpg\" \/>\n\t<meta property=\"og:image:width\" content=\"612\" \/>\n\t<meta property=\"og:image:height\" content=\"408\" \/>\n\t<meta property=\"og:image:type\" content=\"image\/jpeg\" \/>\n<meta name=\"author\" content=\"Haroldo Filho\" \/>\n<meta name=\"twitter:card\" content=\"summary_large_image\" \/>\n<meta name=\"twitter:label1\" content=\"Escrito por\" \/>\n\t<meta name=\"twitter:data1\" content=\"Haroldo Filho\" \/>\n\t<meta name=\"twitter:label2\" content=\"Est. tempo de leitura\" \/>\n\t<meta name=\"twitter:data2\" content=\"3 minutos\" \/>\n<script type=\"application\/ld+json\" class=\"yoast-schema-graph\">{\"@context\":\"https:\/\/schema.org\",\"@graph\":[{\"@type\":\"Article\",\"@id\":\"https:\/\/jornalfatosenoticias.com.br\/index.php\/2024\/01\/18\/os-desafios-da-mulher-contemporanea\/#article\",\"isPartOf\":{\"@id\":\"https:\/\/jornalfatosenoticias.com.br\/index.php\/2024\/01\/18\/os-desafios-da-mulher-contemporanea\/\"},\"author\":{\"name\":\"Haroldo Filho\",\"@id\":\"https:\/\/jornalfatosenoticias.com.br\/#\/schema\/person\/05c46cc25b42a5c27e004fb0fa6b4965\"},\"headline\":\"Os desafios da mulher contempor\u00e2nea\",\"datePublished\":\"2024-01-18T19:15:23+00:00\",\"dateModified\":\"2024-01-18T19:15:26+00:00\",\"mainEntityOfPage\":{\"@id\":\"https:\/\/jornalfatosenoticias.com.br\/index.php\/2024\/01\/18\/os-desafios-da-mulher-contemporanea\/\"},\"wordCount\":633,\"commentCount\":0,\"publisher\":{\"@id\":\"https:\/\/jornalfatosenoticias.com.br\/#organization\"},\"image\":{\"@id\":\"https:\/\/jornalfatosenoticias.com.br\/index.php\/2024\/01\/18\/os-desafios-da-mulher-contemporanea\/#primaryimage\"},\"thumbnailUrl\":\"https:\/\/jornalfatosenoticias.com.br\/wp-content\/uploads\/2024\/01\/mulher-e-mercado-de-trabalho_getty-images.jpg\",\"keywords\":[\"chefe de fam\u00edlia\",\"dona de casa\",\"m\u00e3e\",\"mercado de trabalho\",\"mulher\",\"trabalhadora\"],\"articleSection\":[\"Economia\",\"Pol\u00edtica\"],\"inLanguage\":\"pt-BR\",\"potentialAction\":[{\"@type\":\"CommentAction\",\"name\":\"Comment\",\"target\":[\"https:\/\/jornalfatosenoticias.com.br\/index.php\/2024\/01\/18\/os-desafios-da-mulher-contemporanea\/#respond\"]}]},{\"@type\":\"WebPage\",\"@id\":\"https:\/\/jornalfatosenoticias.com.br\/index.php\/2024\/01\/18\/os-desafios-da-mulher-contemporanea\/\",\"url\":\"https:\/\/jornalfatosenoticias.com.br\/index.php\/2024\/01\/18\/os-desafios-da-mulher-contemporanea\/\",\"name\":\"Os desafios da mulher contempor\u00e2nea - Jornal Fatos e Not\u00edcias\",\"isPartOf\":{\"@id\":\"https:\/\/jornalfatosenoticias.com.br\/#website\"},\"primaryImageOfPage\":{\"@id\":\"https:\/\/jornalfatosenoticias.com.br\/index.php\/2024\/01\/18\/os-desafios-da-mulher-contemporanea\/#primaryimage\"},\"image\":{\"@id\":\"https:\/\/jornalfatosenoticias.com.br\/index.php\/2024\/01\/18\/os-desafios-da-mulher-contemporanea\/#primaryimage\"},\"thumbnailUrl\":\"https:\/\/jornalfatosenoticias.com.br\/wp-content\/uploads\/2024\/01\/mulher-e-mercado-de-trabalho_getty-images.jpg\",\"datePublished\":\"2024-01-18T19:15:23+00:00\",\"dateModified\":\"2024-01-18T19:15:26+00:00\",\"breadcrumb\":{\"@id\":\"https:\/\/jornalfatosenoticias.com.br\/index.php\/2024\/01\/18\/os-desafios-da-mulher-contemporanea\/#breadcrumb\"},\"inLanguage\":\"pt-BR\",\"potentialAction\":[{\"@type\":\"ReadAction\",\"target\":[\"https:\/\/jornalfatosenoticias.com.br\/index.php\/2024\/01\/18\/os-desafios-da-mulher-contemporanea\/\"]}]},{\"@type\":\"ImageObject\",\"inLanguage\":\"pt-BR\",\"@id\":\"https:\/\/jornalfatosenoticias.com.br\/index.php\/2024\/01\/18\/os-desafios-da-mulher-contemporanea\/#primaryimage\",\"url\":\"https:\/\/jornalfatosenoticias.com.br\/wp-content\/uploads\/2024\/01\/mulher-e-mercado-de-trabalho_getty-images.jpg\",\"contentUrl\":\"https:\/\/jornalfatosenoticias.com.br\/wp-content\/uploads\/2024\/01\/mulher-e-mercado-de-trabalho_getty-images.jpg\",\"width\":612,\"height\":408,\"caption\":\"Female worker using hand lift in warehouse store.\"},{\"@type\":\"BreadcrumbList\",\"@id\":\"https:\/\/jornalfatosenoticias.com.br\/index.php\/2024\/01\/18\/os-desafios-da-mulher-contemporanea\/#breadcrumb\",\"itemListElement\":[{\"@type\":\"ListItem\",\"position\":1,\"name\":\"In\u00edcio\",\"item\":\"https:\/\/jornalfatosenoticias.com.br\/\"},{\"@type\":\"ListItem\",\"position\":2,\"name\":\"Os desafios da mulher contempor\u00e2nea\"}]},{\"@type\":\"WebSite\",\"@id\":\"https:\/\/jornalfatosenoticias.com.br\/#website\",\"url\":\"https:\/\/jornalfatosenoticias.com.br\/\",\"name\":\"Jornal Fatos e Not\u00edcias\",\"description\":\"Not\u00edcias em geral\",\"publisher\":{\"@id\":\"https:\/\/jornalfatosenoticias.com.br\/#organization\"},\"potentialAction\":[{\"@type\":\"SearchAction\",\"target\":{\"@type\":\"EntryPoint\",\"urlTemplate\":\"https:\/\/jornalfatosenoticias.com.br\/?s={search_term_string}\"},\"query-input\":{\"@type\":\"PropertyValueSpecification\",\"valueRequired\":true,\"valueName\":\"search_term_string\"}}],\"inLanguage\":\"pt-BR\"},{\"@type\":\"Organization\",\"@id\":\"https:\/\/jornalfatosenoticias.com.br\/#organization\",\"name\":\"Jornal Fatos e Not\u00edcias\",\"url\":\"https:\/\/jornalfatosenoticias.com.br\/\",\"logo\":{\"@type\":\"ImageObject\",\"inLanguage\":\"pt-BR\",\"@id\":\"https:\/\/jornalfatosenoticias.com.br\/#\/schema\/logo\/image\/\",\"url\":\"https:\/\/jornalfatosenoticias.com.br\/wp-content\/uploads\/2020\/02\/logo120.png\",\"contentUrl\":\"https:\/\/jornalfatosenoticias.com.br\/wp-content\/uploads\/2020\/02\/logo120.png\",\"width\":1227,\"height\":120,\"caption\":\"Jornal Fatos e Not\u00edcias\"},\"image\":{\"@id\":\"https:\/\/jornalfatosenoticias.com.br\/#\/schema\/logo\/image\/\"}},{\"@type\":\"Person\",\"@id\":\"https:\/\/jornalfatosenoticias.com.br\/#\/schema\/person\/05c46cc25b42a5c27e004fb0fa6b4965\",\"name\":\"Haroldo Filho\",\"image\":{\"@type\":\"ImageObject\",\"inLanguage\":\"pt-BR\",\"@id\":\"https:\/\/jornalfatosenoticias.com.br\/#\/schema\/person\/image\/\",\"url\":\"https:\/\/jornalfatosenoticias.com.br\/wp-content\/uploads\/2025\/08\/WhatsApp-Image-2025-08-18-at-15.30.28-150x150.jpeg\",\"contentUrl\":\"https:\/\/jornalfatosenoticias.com.br\/wp-content\/uploads\/2025\/08\/WhatsApp-Image-2025-08-18-at-15.30.28-150x150.jpeg\",\"caption\":\"Haroldo Filho\"},\"description\":\"Jornalista \u2013 DRT: 0003818\/ES Coordenador-geral da ONG Educar para Crescer\",\"url\":\"https:\/\/jornalfatosenoticias.com.br\/index.php\/author\/haroldo\/\"}]}<\/script>\n<!-- \/ Yoast SEO plugin. -->","yoast_head_json":{"title":"Os desafios da mulher contempor\u00e2nea - Jornal Fatos e Not\u00edcias","robots":{"index":"index","follow":"follow","max-snippet":"max-snippet:-1","max-image-preview":"max-image-preview:large","max-video-preview":"max-video-preview:-1"},"canonical":"https:\/\/jornalfatosenoticias.com.br\/index.php\/2024\/01\/18\/os-desafios-da-mulher-contemporanea\/","og_locale":"pt_BR","og_type":"article","og_title":"Os desafios da mulher contempor\u00e2nea - Jornal Fatos e Not\u00edcias","og_description":"Em muitos casos a mulher acumula as fun\u00e7\u00f5es de chefe de fam\u00edlia, cuidados dom\u00e9sticos e a maternagem ficando, quase sempre, sobrecarregada Segundo o Censo Demogr\u00e1fico 2022, o Brasil tem 104,5 milh\u00f5es de mulheres, o que representa uma fatia de 51,5% da popula\u00e7\u00e3o, enquanto na outra ponta da tabela, 48,5% do total de brasileiros s\u00e3o homens.Nesse [&hellip;]","og_url":"https:\/\/jornalfatosenoticias.com.br\/index.php\/2024\/01\/18\/os-desafios-da-mulher-contemporanea\/","og_site_name":"Jornal Fatos e Not\u00edcias","article_published_time":"2024-01-18T19:15:23+00:00","article_modified_time":"2024-01-18T19:15:26+00:00","og_image":[{"width":612,"height":408,"url":"https:\/\/jornalfatosenoticias.com.br\/wp-content\/uploads\/2024\/01\/mulher-e-mercado-de-trabalho_getty-images.jpg","type":"image\/jpeg"}],"author":"Haroldo Filho","twitter_card":"summary_large_image","twitter_misc":{"Escrito por":"Haroldo Filho","Est. tempo de leitura":"3 minutos"},"schema":{"@context":"https:\/\/schema.org","@graph":[{"@type":"Article","@id":"https:\/\/jornalfatosenoticias.com.br\/index.php\/2024\/01\/18\/os-desafios-da-mulher-contemporanea\/#article","isPartOf":{"@id":"https:\/\/jornalfatosenoticias.com.br\/index.php\/2024\/01\/18\/os-desafios-da-mulher-contemporanea\/"},"author":{"name":"Haroldo Filho","@id":"https:\/\/jornalfatosenoticias.com.br\/#\/schema\/person\/05c46cc25b42a5c27e004fb0fa6b4965"},"headline":"Os desafios da mulher contempor\u00e2nea","datePublished":"2024-01-18T19:15:23+00:00","dateModified":"2024-01-18T19:15:26+00:00","mainEntityOfPage":{"@id":"https:\/\/jornalfatosenoticias.com.br\/index.php\/2024\/01\/18\/os-desafios-da-mulher-contemporanea\/"},"wordCount":633,"commentCount":0,"publisher":{"@id":"https:\/\/jornalfatosenoticias.com.br\/#organization"},"image":{"@id":"https:\/\/jornalfatosenoticias.com.br\/index.php\/2024\/01\/18\/os-desafios-da-mulher-contemporanea\/#primaryimage"},"thumbnailUrl":"https:\/\/jornalfatosenoticias.com.br\/wp-content\/uploads\/2024\/01\/mulher-e-mercado-de-trabalho_getty-images.jpg","keywords":["chefe de fam\u00edlia","dona de casa","m\u00e3e","mercado de trabalho","mulher","trabalhadora"],"articleSection":["Economia","Pol\u00edtica"],"inLanguage":"pt-BR","potentialAction":[{"@type":"CommentAction","name":"Comment","target":["https:\/\/jornalfatosenoticias.com.br\/index.php\/2024\/01\/18\/os-desafios-da-mulher-contemporanea\/#respond"]}]},{"@type":"WebPage","@id":"https:\/\/jornalfatosenoticias.com.br\/index.php\/2024\/01\/18\/os-desafios-da-mulher-contemporanea\/","url":"https:\/\/jornalfatosenoticias.com.br\/index.php\/2024\/01\/18\/os-desafios-da-mulher-contemporanea\/","name":"Os desafios da mulher contempor\u00e2nea - Jornal Fatos e Not\u00edcias","isPartOf":{"@id":"https:\/\/jornalfatosenoticias.com.br\/#website"},"primaryImageOfPage":{"@id":"https:\/\/jornalfatosenoticias.com.br\/index.php\/2024\/01\/18\/os-desafios-da-mulher-contemporanea\/#primaryimage"},"image":{"@id":"https:\/\/jornalfatosenoticias.com.br\/index.php\/2024\/01\/18\/os-desafios-da-mulher-contemporanea\/#primaryimage"},"thumbnailUrl":"https:\/\/jornalfatosenoticias.com.br\/wp-content\/uploads\/2024\/01\/mulher-e-mercado-de-trabalho_getty-images.jpg","datePublished":"2024-01-18T19:15:23+00:00","dateModified":"2024-01-18T19:15:26+00:00","breadcrumb":{"@id":"https:\/\/jornalfatosenoticias.com.br\/index.php\/2024\/01\/18\/os-desafios-da-mulher-contemporanea\/#breadcrumb"},"inLanguage":"pt-BR","potentialAction":[{"@type":"ReadAction","target":["https:\/\/jornalfatosenoticias.com.br\/index.php\/2024\/01\/18\/os-desafios-da-mulher-contemporanea\/"]}]},{"@type":"ImageObject","inLanguage":"pt-BR","@id":"https:\/\/jornalfatosenoticias.com.br\/index.php\/2024\/01\/18\/os-desafios-da-mulher-contemporanea\/#primaryimage","url":"https:\/\/jornalfatosenoticias.com.br\/wp-content\/uploads\/2024\/01\/mulher-e-mercado-de-trabalho_getty-images.jpg","contentUrl":"https:\/\/jornalfatosenoticias.com.br\/wp-content\/uploads\/2024\/01\/mulher-e-mercado-de-trabalho_getty-images.jpg","width":612,"height":408,"caption":"Female worker using hand lift in warehouse store."},{"@type":"BreadcrumbList","@id":"https:\/\/jornalfatosenoticias.com.br\/index.php\/2024\/01\/18\/os-desafios-da-mulher-contemporanea\/#breadcrumb","itemListElement":[{"@type":"ListItem","position":1,"name":"In\u00edcio","item":"https:\/\/jornalfatosenoticias.com.br\/"},{"@type":"ListItem","position":2,"name":"Os desafios da mulher contempor\u00e2nea"}]},{"@type":"WebSite","@id":"https:\/\/jornalfatosenoticias.com.br\/#website","url":"https:\/\/jornalfatosenoticias.com.br\/","name":"Jornal Fatos e Not\u00edcias","description":"Not\u00edcias em geral","publisher":{"@id":"https:\/\/jornalfatosenoticias.com.br\/#organization"},"potentialAction":[{"@type":"SearchAction","target":{"@type":"EntryPoint","urlTemplate":"https:\/\/jornalfatosenoticias.com.br\/?s={search_term_string}"},"query-input":{"@type":"PropertyValueSpecification","valueRequired":true,"valueName":"search_term_string"}}],"inLanguage":"pt-BR"},{"@type":"Organization","@id":"https:\/\/jornalfatosenoticias.com.br\/#organization","name":"Jornal Fatos e Not\u00edcias","url":"https:\/\/jornalfatosenoticias.com.br\/","logo":{"@type":"ImageObject","inLanguage":"pt-BR","@id":"https:\/\/jornalfatosenoticias.com.br\/#\/schema\/logo\/image\/","url":"https:\/\/jornalfatosenoticias.com.br\/wp-content\/uploads\/2020\/02\/logo120.png","contentUrl":"https:\/\/jornalfatosenoticias.com.br\/wp-content\/uploads\/2020\/02\/logo120.png","width":1227,"height":120,"caption":"Jornal Fatos e Not\u00edcias"},"image":{"@id":"https:\/\/jornalfatosenoticias.com.br\/#\/schema\/logo\/image\/"}},{"@type":"Person","@id":"https:\/\/jornalfatosenoticias.com.br\/#\/schema\/person\/05c46cc25b42a5c27e004fb0fa6b4965","name":"Haroldo Filho","image":{"@type":"ImageObject","inLanguage":"pt-BR","@id":"https:\/\/jornalfatosenoticias.com.br\/#\/schema\/person\/image\/","url":"https:\/\/jornalfatosenoticias.com.br\/wp-content\/uploads\/2025\/08\/WhatsApp-Image-2025-08-18-at-15.30.28-150x150.jpeg","contentUrl":"https:\/\/jornalfatosenoticias.com.br\/wp-content\/uploads\/2025\/08\/WhatsApp-Image-2025-08-18-at-15.30.28-150x150.jpeg","caption":"Haroldo Filho"},"description":"Jornalista \u2013 DRT: 0003818\/ES Coordenador-geral da ONG Educar para Crescer","url":"https:\/\/jornalfatosenoticias.com.br\/index.php\/author\/haroldo\/"}]}},"cc_featured_image_caption":{"caption_text":" (Foto: Getty Images) ","source_text":"","source_url":""},"jetpack_featured_media_url":"https:\/\/jornalfatosenoticias.com.br\/wp-content\/uploads\/2024\/01\/mulher-e-mercado-de-trabalho_getty-images.jpg","_links":{"self":[{"href":"https:\/\/jornalfatosenoticias.com.br\/index.php\/wp-json\/wp\/v2\/posts\/48580","targetHints":{"allow":["GET"]}}],"collection":[{"href":"https:\/\/jornalfatosenoticias.com.br\/index.php\/wp-json\/wp\/v2\/posts"}],"about":[{"href":"https:\/\/jornalfatosenoticias.com.br\/index.php\/wp-json\/wp\/v2\/types\/post"}],"author":[{"embeddable":true,"href":"https:\/\/jornalfatosenoticias.com.br\/index.php\/wp-json\/wp\/v2\/users\/3"}],"replies":[{"embeddable":true,"href":"https:\/\/jornalfatosenoticias.com.br\/index.php\/wp-json\/wp\/v2\/comments?post=48580"}],"version-history":[{"count":0,"href":"https:\/\/jornalfatosenoticias.com.br\/index.php\/wp-json\/wp\/v2\/posts\/48580\/revisions"}],"wp:featuredmedia":[{"embeddable":true,"href":"https:\/\/jornalfatosenoticias.com.br\/index.php\/wp-json\/wp\/v2\/media\/48583"}],"wp:attachment":[{"href":"https:\/\/jornalfatosenoticias.com.br\/index.php\/wp-json\/wp\/v2\/media?parent=48580"}],"wp:term":[{"taxonomy":"category","embeddable":true,"href":"https:\/\/jornalfatosenoticias.com.br\/index.php\/wp-json\/wp\/v2\/categories?post=48580"},{"taxonomy":"post_tag","embeddable":true,"href":"https:\/\/jornalfatosenoticias.com.br\/index.php\/wp-json\/wp\/v2\/tags?post=48580"}],"curies":[{"name":"wp","href":"https:\/\/api.w.org\/{rel}","templated":true}]}}