{"id":48633,"date":"2024-01-22T11:07:34","date_gmt":"2024-01-22T14:07:34","guid":{"rendered":"https:\/\/jornalfatosenoticias.com.br\/?p=48633"},"modified":"2024-01-22T11:07:35","modified_gmt":"2024-01-22T14:07:35","slug":"genoino-sugere-boicote-a-empresas-de-judeus-ou-vinculadas-ao-estado-de-israel","status":"publish","type":"post","link":"https:\/\/jornalfatosenoticias.com.br\/index.php\/2024\/01\/22\/genoino-sugere-boicote-a-empresas-de-judeus-ou-vinculadas-ao-estado-de-israel\/","title":{"rendered":"Geno\u00edno sugere boicote a empresas de judeus ou vinculadas ao estado de Israel"},"content":{"rendered":"\n<p><em><span class=\"has-inline-color has-black-color\">Jos\u00e9 Geno\u00edno, ex-presidente do Partido dos Trabalhadores, sugeriu boicote a empresas de Israel<\/span><\/em><\/p>\n\n\n\n<p><span class=\"has-inline-color has-black-color\">Por <strong><a href=\"https:\/\/www.gazetadopovo.com.br\/autor\/aline-rechmann\/\">Aline Rechmann<\/a><\/strong><\/span><\/p>\n\n\n\n<div class=\"wp-block-image\"><figure class=\"aligncenter size-large\"><img loading=\"lazy\" decoding=\"async\" width=\"1024\" height=\"111\" src=\"https:\/\/jornalfatosenoticias.com.br\/wp-content\/uploads\/2020\/02\/WhatsApp-Image-2022-09-23-at-12.09.18-1024x111.jpeg\" alt=\"\" class=\"wp-image-34527\" srcset=\"https:\/\/jornalfatosenoticias.com.br\/wp-content\/uploads\/2020\/02\/WhatsApp-Image-2022-09-23-at-12.09.18-1024x111.jpeg 1024w, https:\/\/jornalfatosenoticias.com.br\/wp-content\/uploads\/2020\/02\/WhatsApp-Image-2022-09-23-at-12.09.18-300x32.jpeg 300w, https:\/\/jornalfatosenoticias.com.br\/wp-content\/uploads\/2020\/02\/WhatsApp-Image-2022-09-23-at-12.09.18-768x83.jpeg 768w, https:\/\/jornalfatosenoticias.com.br\/wp-content\/uploads\/2020\/02\/WhatsApp-Image-2022-09-23-at-12.09.18.jpeg 1121w\" sizes=\"auto, (max-width: 1024px) 100vw, 1024px\" \/><\/figure><\/div>\n\n\n\n<p>O ex-presidente do PT, Jos\u00e9 Geno\u00edno, sugeriu um boicote a empresas comandadas por judeus ou vinculadas ao estado de Israel. A fala&nbsp;ocorreu no s\u00e1bado (20) durante uma transmiss\u00e3o do canal Di\u00e1rio do Centro do Mundo, enquanto Geno\u00edno e os \u00e2ncoras do programa \u201cSabad\u00e3o DCM\u201d, Prof\u00ba Viaro e Fernando Drummond, comentavam as mensagens enviadas pelos espectadores.<br>Antes de se despedir, o professor Viaro mencionou um coment\u00e1rio que dizia \u201cPalestina livre e fora Magazine Luiza. Minha grande decep\u00e7\u00e3o&nbsp;Luiza Trajano\u201d. Neste momento, Viaro explicou o contexto da mensagem, criticando o abaixo-assinado feito por empres\u00e1rios contra apoio do Brasil \u00e0 investiga\u00e7\u00e3o de Israel por genoc\u00eddio. O documento teria sido encabe\u00e7ado por Luiza Trajano, que comanda a rede de lojas Magazine Luiza. Ao comentar o fato, Geno\u00edno sugeriu o boicote a determinadas empresas de judeus.<\/p>\n\n\n\n<div class=\"wp-block-image\"><figure class=\"aligncenter size-large is-resized\"><img loading=\"lazy\" decoding=\"async\" src=\"https:\/\/jornalfatosenoticias.com.br\/wp-content\/uploads\/2022\/10\/RC_800x750_page-0001.jpg\" alt=\"\" class=\"wp-image-35338\" width=\"304\" height=\"285\" srcset=\"https:\/\/jornalfatosenoticias.com.br\/wp-content\/uploads\/2022\/10\/RC_800x750_page-0001.jpg 400w, https:\/\/jornalfatosenoticias.com.br\/wp-content\/uploads\/2022\/10\/RC_800x750_page-0001-300x281.jpg 300w\" sizes=\"auto, (max-width: 304px) 100vw, 304px\" \/><\/figure><\/div>\n\n\n\n<blockquote class=\"wp-block-quote is-layout-flow wp-block-quote-is-layout-flow\"><p><span class=\"has-inline-color has-luminous-vivid-orange-color\">Essa ideia da rejei\u00e7\u00e3o, essa ideia do boicote por motivos pol\u00edticos, que fere o interesse econ\u00f4mico, \u00e9 uma forma interessante. Inclusive ter esse boicote a determinadas empresas de judeus\u201d, disse o petista.<\/span><\/p><\/blockquote>\n\n\n\n<p>Na sequ\u00eancia, o&nbsp;ex-presidente do PT disse ainda que o Pa\u00eds deveria deixar de fazer neg\u00f3cios com o governo israelense.<\/p>\n\n\n\n<div class=\"wp-block-image\"><figure class=\"aligncenter size-large is-resized\"><img loading=\"lazy\" decoding=\"async\" src=\"https:\/\/jornalfatosenoticias.com.br\/wp-content\/uploads\/2022\/02\/Precisao-Contabilidade-1024x724.jpg\" alt=\"\" class=\"wp-image-28088\" width=\"330\" height=\"233\"\/><\/figure><\/div>\n\n\n\n<blockquote class=\"wp-block-quote is-layout-flow wp-block-quote-is-layout-flow\"><p><span class=\"has-inline-color has-luminous-vivid-orange-color\">H\u00e1, por exemplo, boicote a empresas vinculadas ao estado de Israel. Inclusive eu acho que o Brasil deveria cortar as rela\u00e7\u00f5es comerciais na \u00e1rea da seguran\u00e7a e na \u00e1rea militar com o estado de Israel\u201d, afirmou durante live.<\/span><\/p><\/blockquote>\n\n\n\n<div class=\"wp-block-image\"><figure class=\"aligncenter size-large is-resized\"><img loading=\"lazy\" decoding=\"async\" src=\"https:\/\/jornalfatosenoticias.com.br\/wp-content\/uploads\/2023\/12\/pegoretti-logo-pdf-1024x389.jpg\" alt=\"\" class=\"wp-image-47536\" width=\"364\" height=\"138\" srcset=\"https:\/\/jornalfatosenoticias.com.br\/wp-content\/uploads\/2023\/12\/pegoretti-logo-pdf-1024x389.jpg 1024w, https:\/\/jornalfatosenoticias.com.br\/wp-content\/uploads\/2023\/12\/pegoretti-logo-pdf-300x114.jpg 300w, https:\/\/jornalfatosenoticias.com.br\/wp-content\/uploads\/2023\/12\/pegoretti-logo-pdf-768x291.jpg 768w, https:\/\/jornalfatosenoticias.com.br\/wp-content\/uploads\/2023\/12\/pegoretti-logo-pdf.jpg 1120w\" sizes=\"auto, (max-width: 364px) 100vw, 364px\" \/><\/figure><\/div>\n\n\n\n<p><strong><span class=\"has-inline-color has-black-color\">Conib emite nota repudiando declara\u00e7\u00e3o de Geno\u00edno\u00a0<br><\/span><\/strong>Em rea\u00e7\u00e3o \u00e0 fala de Geno\u00edno, a Confedera\u00e7\u00e3o Israelita do Brasil (Conib) emitiu nota, repudiando as declara\u00e7\u00f5es.<\/p>\n\n\n\n<blockquote class=\"wp-block-quote is-layout-flow wp-block-quote-is-layout-flow\"><p><span class=\"has-inline-color has-luminous-vivid-orange-color\">\u00c9 uma fala antissemita, e o antissemitismo \u00e9 crime no Brasil. O boicote a judeus foi uma das primeiras medidas adotadas pelo regime nazista contra a comunidade judaica alem\u00e3, que culminou no Holocausto\u201d.<\/span><\/p><\/blockquote>\n\n\n\n<div class=\"wp-block-image\"><figure class=\"aligncenter size-large is-resized\"><img loading=\"lazy\" decoding=\"async\" src=\"https:\/\/jornalfatosenoticias.com.br\/wp-content\/uploads\/2023\/03\/nova-logo-Marquetti.jpg\" alt=\"\" class=\"wp-image-40207\" width=\"340\" height=\"228\" srcset=\"https:\/\/jornalfatosenoticias.com.br\/wp-content\/uploads\/2023\/03\/nova-logo-Marquetti.jpg 643w, https:\/\/jornalfatosenoticias.com.br\/wp-content\/uploads\/2023\/03\/nova-logo-Marquetti-300x202.jpg 300w\" sizes=\"auto, (max-width: 340px) 100vw, 340px\" \/><\/figure><\/div>\n\n\n\n<p>Na nota, a Conib pediu ainda que as lideran\u00e7as pol\u00edticas brasileiras atuem com \u201cmodera\u00e7\u00e3o e equil\u00edbrio diante do tr\u00e1gico conflito no Oriente M\u00e9dio\u201d. \u201cSuas falas extremadas e em desacordo com a tradi\u00e7\u00e3o da pol\u00edtica externa brasileira podem importar as tens\u00f5es daquela regi\u00e3o ao nosso pa\u00eds\u201d, finaliza a nota.<br>A Federa\u00e7\u00e3o Israelita do Estado de S\u00e3o Paulo (Fisesp) tamb\u00e9m emitiu uma nota manifestando rep\u00fadio \u00e0 declara\u00e7\u00e3o de Geno\u00edno.<\/p>\n\n\n\n<div class=\"wp-block-image\"><figure class=\"aligncenter size-large\"><img loading=\"lazy\" decoding=\"async\" width=\"300\" height=\"250\" src=\"https:\/\/jornalfatosenoticias.com.br\/wp-content\/uploads\/2022\/02\/FERRARI_MAQUINAS-E-FERRAMENTAS2.jpg\" alt=\"\" class=\"wp-image-27860\"\/><\/figure><\/div>\n\n\n\n<blockquote class=\"wp-block-quote is-layout-flow wp-block-quote-is-layout-flow\"><p><span class=\"has-inline-color has-luminous-vivid-orange-color\">Ao evidenciar a origem judaica de empresas e pedir seu boicote, Geno\u00edno revela a sua covardia e o seu vi\u00e9s antissemita&#8221;, diz a entidade.<\/span><\/p><\/blockquote>\n\n\n\n<p>A C\u00e2mara Brasil Israel de Com\u00e9rcio e Ind\u00fastria tamb\u00e9m classificou a fala como antissemita e disse que ela &#8220;deve ser repudiada por todos&#8221;.<\/p>\n\n\n\n<div class=\"wp-block-image\"><figure class=\"aligncenter size-large\"><img loading=\"lazy\" decoding=\"async\" width=\"300\" height=\"250\" src=\"https:\/\/jornalfatosenoticias.com.br\/wp-content\/uploads\/2020\/02\/Banner-2.png\" alt=\"\" class=\"wp-image-43787\"\/><\/figure><\/div>\n\n\n\n<blockquote class=\"wp-block-quote is-layout-flow wp-block-quote-is-layout-flow\"><p><span class=\"has-inline-color has-luminous-vivid-orange-color\">A fala de Geno\u00edno sem conhecimento dos benef\u00edcios desta rela\u00e7\u00e3o comercial, \u00e9 tamb\u00e9m contr\u00e1ria aos interesses do Brasil e da popula\u00e7\u00e3o brasileira. Trata-se de dois pa\u00edses democr\u00e1ticos, independentes, com benef\u00edcios comerciais rec\u00edprocos&#8221;, afirma nota divulgada pelo \u00f3rg\u00e3o.<\/span><\/p><\/blockquote>\n\n\n\n<div class=\"wp-block-image\"><figure class=\"aligncenter size-large is-resized\"><img loading=\"lazy\" decoding=\"async\" src=\"https:\/\/jornalfatosenoticias.com.br\/wp-content\/uploads\/2023\/08\/BKR-1024x1021.jpg\" alt=\"\" class=\"wp-image-44494\" width=\"321\" height=\"320\" srcset=\"https:\/\/jornalfatosenoticias.com.br\/wp-content\/uploads\/2023\/08\/BKR-1024x1021.jpg 1024w, https:\/\/jornalfatosenoticias.com.br\/wp-content\/uploads\/2023\/08\/BKR-300x300.jpg 300w, https:\/\/jornalfatosenoticias.com.br\/wp-content\/uploads\/2023\/08\/BKR-150x150.jpg 150w, https:\/\/jornalfatosenoticias.com.br\/wp-content\/uploads\/2023\/08\/BKR-768x766.jpg 768w, https:\/\/jornalfatosenoticias.com.br\/wp-content\/uploads\/2023\/08\/BKR.jpg 1080w\" sizes=\"auto, (max-width: 321px) 100vw, 321px\" \/><\/figure><\/div>\n\n\n\n<p><strong><em>Fonte: <a href=\"https:\/\/www.gazetadopovo.com.br\/republica\/genoino-sugere-boicote-a-empresas-de-judeus-ou-vinculadas-ao-estado-de-israel\/\">Gazeta do Povo<\/a><\/em><\/strong><\/p>\n","protected":false},"excerpt":{"rendered":"<p>Jos\u00e9 Geno\u00edno, ex-presidente do Partido dos Trabalhadores, sugeriu boicote a empresas de Israel Por Aline Rechmann O ex-presidente do PT, Jos\u00e9 Geno\u00edno, sugeriu um boicote a empresas comandadas por judeus ou vinculadas ao estado de Israel. A fala&nbsp;ocorreu no s\u00e1bado (20) durante uma transmiss\u00e3o do canal Di\u00e1rio do Centro do Mundo, enquanto Geno\u00edno e os [&hellip;]<\/p>\n","protected":false},"author":2,"featured_media":48634,"comment_status":"open","ping_status":"open","sticky":false,"template":"","format":"standard","meta":{"footnotes":""},"categories":[5],"tags":[22606,162,2153,19480,147,2516],"class_list":["post-48633","post","type-post","status-publish","format-standard","has-post-thumbnail","hentry","category-geral","tag-boicote-a-israel","tag-israel","tag-judeus","tag-magazine-luiza","tag-oriente-medio","tag-palestina"],"yoast_head":"<!-- This site is optimized with the Yoast SEO plugin v26.5 - https:\/\/yoast.com\/wordpress\/plugins\/seo\/ -->\n<title>Geno\u00edno sugere boicote a empresas de judeus ou vinculadas ao estado de Israel - Jornal Fatos e Not\u00edcias<\/title>\n<meta name=\"robots\" content=\"index, follow, max-snippet:-1, max-image-preview:large, max-video-preview:-1\" \/>\n<link rel=\"canonical\" href=\"https:\/\/jornalfatosenoticias.com.br\/index.php\/2024\/01\/22\/genoino-sugere-boicote-a-empresas-de-judeus-ou-vinculadas-ao-estado-de-israel\/\" \/>\n<meta property=\"og:locale\" content=\"pt_BR\" \/>\n<meta property=\"og:type\" content=\"article\" \/>\n<meta property=\"og:title\" content=\"Geno\u00edno sugere boicote a empresas de judeus ou vinculadas ao estado de Israel - Jornal Fatos e Not\u00edcias\" \/>\n<meta property=\"og:description\" content=\"Jos\u00e9 Geno\u00edno, ex-presidente do Partido dos Trabalhadores, sugeriu boicote a empresas de Israel Por Aline Rechmann O ex-presidente do PT, Jos\u00e9 Geno\u00edno, sugeriu um boicote a empresas comandadas por judeus ou vinculadas ao estado de Israel. A fala&nbsp;ocorreu no s\u00e1bado (20) durante uma transmiss\u00e3o do canal Di\u00e1rio do Centro do Mundo, enquanto Geno\u00edno e os [&hellip;]\" \/>\n<meta property=\"og:url\" content=\"https:\/\/jornalfatosenoticias.com.br\/index.php\/2024\/01\/22\/genoino-sugere-boicote-a-empresas-de-judeus-ou-vinculadas-ao-estado-de-israel\/\" \/>\n<meta property=\"og:site_name\" content=\"Jornal Fatos e Not\u00edcias\" \/>\n<meta property=\"article:published_time\" content=\"2024-01-22T14:07:34+00:00\" \/>\n<meta property=\"article:modified_time\" content=\"2024-01-22T14:07:35+00:00\" \/>\n<meta property=\"og:image\" content=\"https:\/\/jornalfatosenoticias.com.br\/wp-content\/uploads\/2024\/01\/jose-genoino-boicote-israel-960x540-1.jpg\" \/>\n\t<meta property=\"og:image:width\" content=\"960\" \/>\n\t<meta property=\"og:image:height\" content=\"540\" \/>\n\t<meta property=\"og:image:type\" content=\"image\/jpeg\" \/>\n<meta name=\"author\" content=\"Luzimara Fernandes\" \/>\n<meta name=\"twitter:card\" content=\"summary_large_image\" \/>\n<meta name=\"twitter:label1\" content=\"Escrito por\" \/>\n\t<meta name=\"twitter:data1\" content=\"Luzimara Fernandes\" \/>\n\t<meta name=\"twitter:label2\" content=\"Est. tempo de leitura\" \/>\n\t<meta name=\"twitter:data2\" content=\"3 minutos\" \/>\n<script type=\"application\/ld+json\" class=\"yoast-schema-graph\">{\"@context\":\"https:\/\/schema.org\",\"@graph\":[{\"@type\":\"Article\",\"@id\":\"https:\/\/jornalfatosenoticias.com.br\/index.php\/2024\/01\/22\/genoino-sugere-boicote-a-empresas-de-judeus-ou-vinculadas-ao-estado-de-israel\/#article\",\"isPartOf\":{\"@id\":\"https:\/\/jornalfatosenoticias.com.br\/index.php\/2024\/01\/22\/genoino-sugere-boicote-a-empresas-de-judeus-ou-vinculadas-ao-estado-de-israel\/\"},\"author\":{\"name\":\"Luzimara Fernandes\",\"@id\":\"https:\/\/jornalfatosenoticias.com.br\/#\/schema\/person\/d63837fa13ac8666eb9e74e0985d6f81\"},\"headline\":\"Geno\u00edno sugere boicote a empresas de judeus ou vinculadas ao estado de Israel\",\"datePublished\":\"2024-01-22T14:07:34+00:00\",\"dateModified\":\"2024-01-22T14:07:35+00:00\",\"mainEntityOfPage\":{\"@id\":\"https:\/\/jornalfatosenoticias.com.br\/index.php\/2024\/01\/22\/genoino-sugere-boicote-a-empresas-de-judeus-ou-vinculadas-ao-estado-de-israel\/\"},\"wordCount\":521,\"commentCount\":0,\"publisher\":{\"@id\":\"https:\/\/jornalfatosenoticias.com.br\/#organization\"},\"image\":{\"@id\":\"https:\/\/jornalfatosenoticias.com.br\/index.php\/2024\/01\/22\/genoino-sugere-boicote-a-empresas-de-judeus-ou-vinculadas-ao-estado-de-israel\/#primaryimage\"},\"thumbnailUrl\":\"https:\/\/jornalfatosenoticias.com.br\/wp-content\/uploads\/2024\/01\/jose-genoino-boicote-israel-960x540-1.jpg\",\"keywords\":[\"boicote a Israel\",\"Israel\",\"judeus\",\"Magazine Luiza\",\"Oriente M\u00e9dio\",\"Palestina\"],\"articleSection\":[\"Geral\"],\"inLanguage\":\"pt-BR\",\"potentialAction\":[{\"@type\":\"CommentAction\",\"name\":\"Comment\",\"target\":[\"https:\/\/jornalfatosenoticias.com.br\/index.php\/2024\/01\/22\/genoino-sugere-boicote-a-empresas-de-judeus-ou-vinculadas-ao-estado-de-israel\/#respond\"]}]},{\"@type\":\"WebPage\",\"@id\":\"https:\/\/jornalfatosenoticias.com.br\/index.php\/2024\/01\/22\/genoino-sugere-boicote-a-empresas-de-judeus-ou-vinculadas-ao-estado-de-israel\/\",\"url\":\"https:\/\/jornalfatosenoticias.com.br\/index.php\/2024\/01\/22\/genoino-sugere-boicote-a-empresas-de-judeus-ou-vinculadas-ao-estado-de-israel\/\",\"name\":\"Geno\u00edno sugere boicote a empresas de judeus ou vinculadas ao estado de Israel - Jornal Fatos e Not\u00edcias\",\"isPartOf\":{\"@id\":\"https:\/\/jornalfatosenoticias.com.br\/#website\"},\"primaryImageOfPage\":{\"@id\":\"https:\/\/jornalfatosenoticias.com.br\/index.php\/2024\/01\/22\/genoino-sugere-boicote-a-empresas-de-judeus-ou-vinculadas-ao-estado-de-israel\/#primaryimage\"},\"image\":{\"@id\":\"https:\/\/jornalfatosenoticias.com.br\/index.php\/2024\/01\/22\/genoino-sugere-boicote-a-empresas-de-judeus-ou-vinculadas-ao-estado-de-israel\/#primaryimage\"},\"thumbnailUrl\":\"https:\/\/jornalfatosenoticias.com.br\/wp-content\/uploads\/2024\/01\/jose-genoino-boicote-israel-960x540-1.jpg\",\"datePublished\":\"2024-01-22T14:07:34+00:00\",\"dateModified\":\"2024-01-22T14:07:35+00:00\",\"breadcrumb\":{\"@id\":\"https:\/\/jornalfatosenoticias.com.br\/index.php\/2024\/01\/22\/genoino-sugere-boicote-a-empresas-de-judeus-ou-vinculadas-ao-estado-de-israel\/#breadcrumb\"},\"inLanguage\":\"pt-BR\",\"potentialAction\":[{\"@type\":\"ReadAction\",\"target\":[\"https:\/\/jornalfatosenoticias.com.br\/index.php\/2024\/01\/22\/genoino-sugere-boicote-a-empresas-de-judeus-ou-vinculadas-ao-estado-de-israel\/\"]}]},{\"@type\":\"ImageObject\",\"inLanguage\":\"pt-BR\",\"@id\":\"https:\/\/jornalfatosenoticias.com.br\/index.php\/2024\/01\/22\/genoino-sugere-boicote-a-empresas-de-judeus-ou-vinculadas-ao-estado-de-israel\/#primaryimage\",\"url\":\"https:\/\/jornalfatosenoticias.com.br\/wp-content\/uploads\/2024\/01\/jose-genoino-boicote-israel-960x540-1.jpg\",\"contentUrl\":\"https:\/\/jornalfatosenoticias.com.br\/wp-content\/uploads\/2024\/01\/jose-genoino-boicote-israel-960x540-1.jpg\",\"width\":960,\"height\":540,\"caption\":\"S\u2039o Paulo SP 09\/01\/2024 Jos\u00e9 Genoino, ex-presidente do Partido dos Trabalhadores, ex-deputado federal. Foto: Paulo Pinto\/Ag\u00eancia Brasil\"},{\"@type\":\"BreadcrumbList\",\"@id\":\"https:\/\/jornalfatosenoticias.com.br\/index.php\/2024\/01\/22\/genoino-sugere-boicote-a-empresas-de-judeus-ou-vinculadas-ao-estado-de-israel\/#breadcrumb\",\"itemListElement\":[{\"@type\":\"ListItem\",\"position\":1,\"name\":\"In\u00edcio\",\"item\":\"https:\/\/jornalfatosenoticias.com.br\/\"},{\"@type\":\"ListItem\",\"position\":2,\"name\":\"Geno\u00edno sugere boicote a empresas de judeus ou vinculadas ao estado de Israel\"}]},{\"@type\":\"WebSite\",\"@id\":\"https:\/\/jornalfatosenoticias.com.br\/#website\",\"url\":\"https:\/\/jornalfatosenoticias.com.br\/\",\"name\":\"Jornal Fatos e Not\u00edcias\",\"description\":\"Not\u00edcias em geral\",\"publisher\":{\"@id\":\"https:\/\/jornalfatosenoticias.com.br\/#organization\"},\"potentialAction\":[{\"@type\":\"SearchAction\",\"target\":{\"@type\":\"EntryPoint\",\"urlTemplate\":\"https:\/\/jornalfatosenoticias.com.br\/?s={search_term_string}\"},\"query-input\":{\"@type\":\"PropertyValueSpecification\",\"valueRequired\":true,\"valueName\":\"search_term_string\"}}],\"inLanguage\":\"pt-BR\"},{\"@type\":\"Organization\",\"@id\":\"https:\/\/jornalfatosenoticias.com.br\/#organization\",\"name\":\"Jornal Fatos e Not\u00edcias\",\"url\":\"https:\/\/jornalfatosenoticias.com.br\/\",\"logo\":{\"@type\":\"ImageObject\",\"inLanguage\":\"pt-BR\",\"@id\":\"https:\/\/jornalfatosenoticias.com.br\/#\/schema\/logo\/image\/\",\"url\":\"https:\/\/jornalfatosenoticias.com.br\/wp-content\/uploads\/2020\/02\/logo120.png\",\"contentUrl\":\"https:\/\/jornalfatosenoticias.com.br\/wp-content\/uploads\/2020\/02\/logo120.png\",\"width\":1227,\"height\":120,\"caption\":\"Jornal Fatos e Not\u00edcias\"},\"image\":{\"@id\":\"https:\/\/jornalfatosenoticias.com.br\/#\/schema\/logo\/image\/\"}},{\"@type\":\"Person\",\"@id\":\"https:\/\/jornalfatosenoticias.com.br\/#\/schema\/person\/d63837fa13ac8666eb9e74e0985d6f81\",\"name\":\"Luzimara Fernandes\",\"image\":{\"@type\":\"ImageObject\",\"inLanguage\":\"pt-BR\",\"@id\":\"https:\/\/jornalfatosenoticias.com.br\/#\/schema\/person\/image\/\",\"url\":\"https:\/\/jornalfatosenoticias.com.br\/wp-content\/uploads\/2025\/05\/EU_portal.jpg\",\"contentUrl\":\"https:\/\/jornalfatosenoticias.com.br\/wp-content\/uploads\/2025\/05\/EU_portal.jpg\",\"caption\":\"Luzimara Fernandes\"},\"description\":\"Jornalista MTB 2358-ES\",\"sameAs\":[\"https:\/\/jornalfatosenoticias.com.br\"],\"url\":\"https:\/\/jornalfatosenoticias.com.br\/index.php\/author\/luzimara\/\"}]}<\/script>\n<!-- \/ Yoast SEO plugin. -->","yoast_head_json":{"title":"Geno\u00edno sugere boicote a empresas de judeus ou vinculadas ao estado de Israel - Jornal Fatos e Not\u00edcias","robots":{"index":"index","follow":"follow","max-snippet":"max-snippet:-1","max-image-preview":"max-image-preview:large","max-video-preview":"max-video-preview:-1"},"canonical":"https:\/\/jornalfatosenoticias.com.br\/index.php\/2024\/01\/22\/genoino-sugere-boicote-a-empresas-de-judeus-ou-vinculadas-ao-estado-de-israel\/","og_locale":"pt_BR","og_type":"article","og_title":"Geno\u00edno sugere boicote a empresas de judeus ou vinculadas ao estado de Israel - Jornal Fatos e Not\u00edcias","og_description":"Jos\u00e9 Geno\u00edno, ex-presidente do Partido dos Trabalhadores, sugeriu boicote a empresas de Israel Por Aline Rechmann O ex-presidente do PT, Jos\u00e9 Geno\u00edno, sugeriu um boicote a empresas comandadas por judeus ou vinculadas ao estado de Israel. A fala&nbsp;ocorreu no s\u00e1bado (20) durante uma transmiss\u00e3o do canal Di\u00e1rio do Centro do Mundo, enquanto Geno\u00edno e os [&hellip;]","og_url":"https:\/\/jornalfatosenoticias.com.br\/index.php\/2024\/01\/22\/genoino-sugere-boicote-a-empresas-de-judeus-ou-vinculadas-ao-estado-de-israel\/","og_site_name":"Jornal Fatos e Not\u00edcias","article_published_time":"2024-01-22T14:07:34+00:00","article_modified_time":"2024-01-22T14:07:35+00:00","og_image":[{"width":960,"height":540,"url":"https:\/\/jornalfatosenoticias.com.br\/wp-content\/uploads\/2024\/01\/jose-genoino-boicote-israel-960x540-1.jpg","type":"image\/jpeg"}],"author":"Luzimara Fernandes","twitter_card":"summary_large_image","twitter_misc":{"Escrito por":"Luzimara Fernandes","Est. tempo de leitura":"3 minutos"},"schema":{"@context":"https:\/\/schema.org","@graph":[{"@type":"Article","@id":"https:\/\/jornalfatosenoticias.com.br\/index.php\/2024\/01\/22\/genoino-sugere-boicote-a-empresas-de-judeus-ou-vinculadas-ao-estado-de-israel\/#article","isPartOf":{"@id":"https:\/\/jornalfatosenoticias.com.br\/index.php\/2024\/01\/22\/genoino-sugere-boicote-a-empresas-de-judeus-ou-vinculadas-ao-estado-de-israel\/"},"author":{"name":"Luzimara Fernandes","@id":"https:\/\/jornalfatosenoticias.com.br\/#\/schema\/person\/d63837fa13ac8666eb9e74e0985d6f81"},"headline":"Geno\u00edno sugere boicote a empresas de judeus ou vinculadas ao estado de Israel","datePublished":"2024-01-22T14:07:34+00:00","dateModified":"2024-01-22T14:07:35+00:00","mainEntityOfPage":{"@id":"https:\/\/jornalfatosenoticias.com.br\/index.php\/2024\/01\/22\/genoino-sugere-boicote-a-empresas-de-judeus-ou-vinculadas-ao-estado-de-israel\/"},"wordCount":521,"commentCount":0,"publisher":{"@id":"https:\/\/jornalfatosenoticias.com.br\/#organization"},"image":{"@id":"https:\/\/jornalfatosenoticias.com.br\/index.php\/2024\/01\/22\/genoino-sugere-boicote-a-empresas-de-judeus-ou-vinculadas-ao-estado-de-israel\/#primaryimage"},"thumbnailUrl":"https:\/\/jornalfatosenoticias.com.br\/wp-content\/uploads\/2024\/01\/jose-genoino-boicote-israel-960x540-1.jpg","keywords":["boicote a Israel","Israel","judeus","Magazine Luiza","Oriente M\u00e9dio","Palestina"],"articleSection":["Geral"],"inLanguage":"pt-BR","potentialAction":[{"@type":"CommentAction","name":"Comment","target":["https:\/\/jornalfatosenoticias.com.br\/index.php\/2024\/01\/22\/genoino-sugere-boicote-a-empresas-de-judeus-ou-vinculadas-ao-estado-de-israel\/#respond"]}]},{"@type":"WebPage","@id":"https:\/\/jornalfatosenoticias.com.br\/index.php\/2024\/01\/22\/genoino-sugere-boicote-a-empresas-de-judeus-ou-vinculadas-ao-estado-de-israel\/","url":"https:\/\/jornalfatosenoticias.com.br\/index.php\/2024\/01\/22\/genoino-sugere-boicote-a-empresas-de-judeus-ou-vinculadas-ao-estado-de-israel\/","name":"Geno\u00edno sugere boicote a empresas de judeus ou vinculadas ao estado de Israel - Jornal Fatos e Not\u00edcias","isPartOf":{"@id":"https:\/\/jornalfatosenoticias.com.br\/#website"},"primaryImageOfPage":{"@id":"https:\/\/jornalfatosenoticias.com.br\/index.php\/2024\/01\/22\/genoino-sugere-boicote-a-empresas-de-judeus-ou-vinculadas-ao-estado-de-israel\/#primaryimage"},"image":{"@id":"https:\/\/jornalfatosenoticias.com.br\/index.php\/2024\/01\/22\/genoino-sugere-boicote-a-empresas-de-judeus-ou-vinculadas-ao-estado-de-israel\/#primaryimage"},"thumbnailUrl":"https:\/\/jornalfatosenoticias.com.br\/wp-content\/uploads\/2024\/01\/jose-genoino-boicote-israel-960x540-1.jpg","datePublished":"2024-01-22T14:07:34+00:00","dateModified":"2024-01-22T14:07:35+00:00","breadcrumb":{"@id":"https:\/\/jornalfatosenoticias.com.br\/index.php\/2024\/01\/22\/genoino-sugere-boicote-a-empresas-de-judeus-ou-vinculadas-ao-estado-de-israel\/#breadcrumb"},"inLanguage":"pt-BR","potentialAction":[{"@type":"ReadAction","target":["https:\/\/jornalfatosenoticias.com.br\/index.php\/2024\/01\/22\/genoino-sugere-boicote-a-empresas-de-judeus-ou-vinculadas-ao-estado-de-israel\/"]}]},{"@type":"ImageObject","inLanguage":"pt-BR","@id":"https:\/\/jornalfatosenoticias.com.br\/index.php\/2024\/01\/22\/genoino-sugere-boicote-a-empresas-de-judeus-ou-vinculadas-ao-estado-de-israel\/#primaryimage","url":"https:\/\/jornalfatosenoticias.com.br\/wp-content\/uploads\/2024\/01\/jose-genoino-boicote-israel-960x540-1.jpg","contentUrl":"https:\/\/jornalfatosenoticias.com.br\/wp-content\/uploads\/2024\/01\/jose-genoino-boicote-israel-960x540-1.jpg","width":960,"height":540,"caption":"S\u2039o Paulo SP 09\/01\/2024 Jos\u00e9 Genoino, ex-presidente do Partido dos Trabalhadores, ex-deputado federal. Foto: Paulo Pinto\/Ag\u00eancia Brasil"},{"@type":"BreadcrumbList","@id":"https:\/\/jornalfatosenoticias.com.br\/index.php\/2024\/01\/22\/genoino-sugere-boicote-a-empresas-de-judeus-ou-vinculadas-ao-estado-de-israel\/#breadcrumb","itemListElement":[{"@type":"ListItem","position":1,"name":"In\u00edcio","item":"https:\/\/jornalfatosenoticias.com.br\/"},{"@type":"ListItem","position":2,"name":"Geno\u00edno sugere boicote a empresas de judeus ou vinculadas ao estado de Israel"}]},{"@type":"WebSite","@id":"https:\/\/jornalfatosenoticias.com.br\/#website","url":"https:\/\/jornalfatosenoticias.com.br\/","name":"Jornal Fatos e Not\u00edcias","description":"Not\u00edcias em geral","publisher":{"@id":"https:\/\/jornalfatosenoticias.com.br\/#organization"},"potentialAction":[{"@type":"SearchAction","target":{"@type":"EntryPoint","urlTemplate":"https:\/\/jornalfatosenoticias.com.br\/?s={search_term_string}"},"query-input":{"@type":"PropertyValueSpecification","valueRequired":true,"valueName":"search_term_string"}}],"inLanguage":"pt-BR"},{"@type":"Organization","@id":"https:\/\/jornalfatosenoticias.com.br\/#organization","name":"Jornal Fatos e Not\u00edcias","url":"https:\/\/jornalfatosenoticias.com.br\/","logo":{"@type":"ImageObject","inLanguage":"pt-BR","@id":"https:\/\/jornalfatosenoticias.com.br\/#\/schema\/logo\/image\/","url":"https:\/\/jornalfatosenoticias.com.br\/wp-content\/uploads\/2020\/02\/logo120.png","contentUrl":"https:\/\/jornalfatosenoticias.com.br\/wp-content\/uploads\/2020\/02\/logo120.png","width":1227,"height":120,"caption":"Jornal Fatos e Not\u00edcias"},"image":{"@id":"https:\/\/jornalfatosenoticias.com.br\/#\/schema\/logo\/image\/"}},{"@type":"Person","@id":"https:\/\/jornalfatosenoticias.com.br\/#\/schema\/person\/d63837fa13ac8666eb9e74e0985d6f81","name":"Luzimara Fernandes","image":{"@type":"ImageObject","inLanguage":"pt-BR","@id":"https:\/\/jornalfatosenoticias.com.br\/#\/schema\/person\/image\/","url":"https:\/\/jornalfatosenoticias.com.br\/wp-content\/uploads\/2025\/05\/EU_portal.jpg","contentUrl":"https:\/\/jornalfatosenoticias.com.br\/wp-content\/uploads\/2025\/05\/EU_portal.jpg","caption":"Luzimara Fernandes"},"description":"Jornalista MTB 2358-ES","sameAs":["https:\/\/jornalfatosenoticias.com.br"],"url":"https:\/\/jornalfatosenoticias.com.br\/index.php\/author\/luzimara\/"}]}},"cc_featured_image_caption":{"caption_text":"(Foto: Paulo Pinto\/Ag\u00eancia Brasil)","source_text":"","source_url":""},"jetpack_featured_media_url":"https:\/\/jornalfatosenoticias.com.br\/wp-content\/uploads\/2024\/01\/jose-genoino-boicote-israel-960x540-1.jpg","_links":{"self":[{"href":"https:\/\/jornalfatosenoticias.com.br\/index.php\/wp-json\/wp\/v2\/posts\/48633","targetHints":{"allow":["GET"]}}],"collection":[{"href":"https:\/\/jornalfatosenoticias.com.br\/index.php\/wp-json\/wp\/v2\/posts"}],"about":[{"href":"https:\/\/jornalfatosenoticias.com.br\/index.php\/wp-json\/wp\/v2\/types\/post"}],"author":[{"embeddable":true,"href":"https:\/\/jornalfatosenoticias.com.br\/index.php\/wp-json\/wp\/v2\/users\/2"}],"replies":[{"embeddable":true,"href":"https:\/\/jornalfatosenoticias.com.br\/index.php\/wp-json\/wp\/v2\/comments?post=48633"}],"version-history":[{"count":0,"href":"https:\/\/jornalfatosenoticias.com.br\/index.php\/wp-json\/wp\/v2\/posts\/48633\/revisions"}],"wp:featuredmedia":[{"embeddable":true,"href":"https:\/\/jornalfatosenoticias.com.br\/index.php\/wp-json\/wp\/v2\/media\/48634"}],"wp:attachment":[{"href":"https:\/\/jornalfatosenoticias.com.br\/index.php\/wp-json\/wp\/v2\/media?parent=48633"}],"wp:term":[{"taxonomy":"category","embeddable":true,"href":"https:\/\/jornalfatosenoticias.com.br\/index.php\/wp-json\/wp\/v2\/categories?post=48633"},{"taxonomy":"post_tag","embeddable":true,"href":"https:\/\/jornalfatosenoticias.com.br\/index.php\/wp-json\/wp\/v2\/tags?post=48633"}],"curies":[{"name":"wp","href":"https:\/\/api.w.org\/{rel}","templated":true}]}}