{"id":48648,"date":"2024-01-23T09:14:56","date_gmt":"2024-01-23T12:14:56","guid":{"rendered":"https:\/\/jornalfatosenoticias.com.br\/?p=48648"},"modified":"2024-01-23T09:14:58","modified_gmt":"2024-01-23T12:14:58","slug":"raro-pinguim-completamente-branco-e-visto-na-antartida","status":"publish","type":"post","link":"https:\/\/jornalfatosenoticias.com.br\/index.php\/2024\/01\/23\/raro-pinguim-completamente-branco-e-visto-na-antartida\/","title":{"rendered":"Raro pinguim completamente branco \u00e9 visto na Ant\u00e1rtida"},"content":{"rendered":"\n<p><em><span class=\"has-inline-color has-black-color\">Pinguim tem condi\u00e7\u00e3o gen\u00e9tica rara, o que dificulta o animal de se esconder dos predadores no continente gelado <\/span><\/em><\/p>\n\n\n\n<p><span class=\"has-inline-color has-black-color\">Por <strong><a href=\"https:\/\/gizmodo.uol.com.br\/author\/gabriel-andrade\/\">Gabriel Andrade<\/a><\/strong><\/span><\/p>\n\n\n\n<div class=\"wp-block-image\"><figure class=\"aligncenter size-large is-resized\"><img loading=\"lazy\" decoding=\"async\" src=\"https:\/\/jornalfatosenoticias.com.br\/wp-content\/uploads\/2023\/12\/pegoretti-logo-pdf-1024x389.jpg\" alt=\"\" class=\"wp-image-47536\" width=\"406\" height=\"154\" srcset=\"https:\/\/jornalfatosenoticias.com.br\/wp-content\/uploads\/2023\/12\/pegoretti-logo-pdf-1024x389.jpg 1024w, https:\/\/jornalfatosenoticias.com.br\/wp-content\/uploads\/2023\/12\/pegoretti-logo-pdf-300x114.jpg 300w, https:\/\/jornalfatosenoticias.com.br\/wp-content\/uploads\/2023\/12\/pegoretti-logo-pdf-768x291.jpg 768w, https:\/\/jornalfatosenoticias.com.br\/wp-content\/uploads\/2023\/12\/pegoretti-logo-pdf.jpg 1120w\" sizes=\"auto, (max-width: 406px) 100vw, 406px\" \/><\/figure><\/div>\n\n\n\n<p>Em meio a uma col\u00f4nia de pinguim-gentoo, na Ant\u00e1rtida, cientistas fizeram uma descoberta inesperada no in\u00edcio deste ano. Entre os habituais pinguins pretos e brancos, com seus bicos laranja brilhante, encontraram uma f\u00eamea quase completamente branca.<br>A descoberta ocorreu no \u00faltimo dia 4 de janeiro, quando pesquisadores da <a href=\"https:\/\/gizmodo.uol.com.br\/como-a-invasao-russa-na-ucrania-atrapalha-a-ciencia-na-antartida\/\">base na Ant\u00e1rtica<\/a> Gonz\u00e1lez Videla identificaram o exemplar. A f\u00eamea, parte da esp\u00e9cie gentoo, normalmente tem bico laranja-avermelhados brilhante e cabe\u00e7as pretas com manchas brancas ao redor dos olhos. No entanto, este pinguim em particular apresentava uma condi\u00e7\u00e3o gen\u00e9tica conhecida como leucismo, resultando em sua colora\u00e7\u00e3o excepcionalmente branca.<br>Ao contr\u00e1rio do albinismo, que afeta toda a produ\u00e7\u00e3o de melanina, o leucismo tem efeitos parciais, n\u00e3o afetando as c\u00e9lulas pigmentares dos olhos, por exemplo. Embora o leucismo por si s\u00f3 n\u00e3o seja prejudicial, torna o pinguim mais suscet\u00edvel ao perigo.<\/p>\n\n\n\n<div class=\"wp-block-image\"><figure class=\"aligncenter size-large\"><img decoding=\"async\" src=\"https:\/\/jornalfatosenoticias.com.br\/wp-content\/uploads\/2020\/02\/logo_esteio.jpg\" alt=\"\" class=\"wp-image-1214\"\/><\/figure><\/div>\n\n\n\n<blockquote class=\"wp-block-quote is-layout-flow wp-block-quote-is-layout-flow\"><p><span class=\"has-inline-color has-luminous-vivid-orange-color\">Por ser um animal de corpo majoritariamente branco, pode ser mais f\u00e1cil para um predador ca\u00e7\u00e1-lo, e por isso os casos de leucismo tamb\u00e9m s\u00e3o muito raros\u201d, alertou o veterin\u00e1rio Diego Penaloza \u00e0 emissora norte-americana <a href=\"https:\/\/www.cbsnews.com\/news\/white-penguin-antarctica-gentoo-leucism\/\" target=\"_blank\" rel=\"noreferrer noopener\"><em>CBS<\/em><\/a>.<\/span><\/p><\/blockquote>\n\n\n\n<h3 class=\"wp-block-heading\"><span class=\"has-inline-color has-vivid-green-cyan-color\">Confira o v\u00eddeo do animal:<\/span><\/h3>\n\n\n\n<figure class=\"wp-block-embed-youtube wp-block-embed is-type-video is-provider-youtube wp-embed-aspect-16-9 wp-has-aspect-ratio\"><div class=\"wp-block-embed__wrapper\">\n<iframe loading=\"lazy\" title=\"Rare white penguin spotted in Antarctica\" width=\"660\" height=\"371\" src=\"https:\/\/www.youtube.com\/embed\/wMbVS6V96Ic?feature=oembed\" frameborder=\"0\" allow=\"accelerometer; autoplay; clipboard-write; encrypted-media; gyroscope; picture-in-picture; web-share\" referrerpolicy=\"strict-origin-when-cross-origin\" allowfullscreen><\/iframe>\n<\/div><\/figure>\n\n\n\n<p><strong><span class=\"has-inline-color has-vivid-green-cyan-color\">Sobre o pinguim-gentoo<br><\/span><\/strong>Os pinguins-gentoo s\u00e3o a terceira maior esp\u00e9cie viva de pinguins, com aproximadamente 300 mil casais reprodutores. Eles s\u00f3 ficam atr\u00e1s do pinguim-imperador e do pinguim-rei. Eles reproduzem-se em v\u00e1rias ilhas subant\u00e1rticas, com col\u00f4nias significativas nas Malvinas, Ge\u00f3rgia do Sul e ilhas Kerguelen.<\/p>\n\n\n\n<div class=\"wp-block-image\"><figure class=\"aligncenter size-large is-resized\"><img loading=\"lazy\" decoding=\"async\" src=\"https:\/\/jornalfatosenoticias.com.br\/wp-content\/uploads\/2020\/02\/nova-logo-Marquetti.jpg\" alt=\"\" class=\"wp-image-22331\" width=\"313\" height=\"210\" srcset=\"https:\/\/jornalfatosenoticias.com.br\/wp-content\/uploads\/2020\/02\/nova-logo-Marquetti.jpg 643w, https:\/\/jornalfatosenoticias.com.br\/wp-content\/uploads\/2020\/02\/nova-logo-Marquetti-300x202.jpg 300w\" sizes=\"auto, (max-width: 313px) 100vw, 313px\" \/><\/figure><\/div>\n\n\n\n<p>Em compara\u00e7\u00e3o, os pinguins-imperador, a maior esp\u00e9cie viva de pinguim, podem atingir quase 1,20 metro de altura e mais de 40 quilos, de acordo com o World Wildlife Fund. Eles se alimentam de pequenos peixes, cefal\u00f3podes, krill e outros crust\u00e1ceos. Para isso, eles mergulham a profundidades de 170 a 200 metros, atingindo a velocidade de 36km\/h.<\/p>\n\n\n\n<div class=\"wp-block-image\"><figure class=\"aligncenter size-large\"><img loading=\"lazy\" decoding=\"async\" width=\"300\" height=\"250\" src=\"https:\/\/jornalfatosenoticias.com.br\/wp-content\/uploads\/2020\/02\/Banner-2.png\" alt=\"\" class=\"wp-image-43787\"\/><\/figure><\/div>\n\n\n\n<p>Apesar de sua import\u00e2ncia na cadeia alimentar marinha, s\u00e3o vulner\u00e1veis a predadores aqu\u00e1ticos, enquanto, em terra, seus ovos e crias enfrentam amea\u00e7as de outras aves. A descoberta do pinguim branco destaca a import\u00e2ncia da preserva\u00e7\u00e3o dessas esp\u00e9cies \u00fanicas, ressaltando a delicada harmonia da vida selvagem na regi\u00e3o ant\u00e1rtica e a necessidade cont\u00ednua de esfor\u00e7os de conserva\u00e7\u00e3o.<\/p>\n\n\n\n<div class=\"wp-block-image\"><figure class=\"aligncenter size-large is-resized\"><img loading=\"lazy\" decoding=\"async\" src=\"https:\/\/jornalfatosenoticias.com.br\/wp-content\/uploads\/2023\/08\/ITH.jpeg\" alt=\"\" class=\"wp-image-44638\" width=\"349\" height=\"283\" srcset=\"https:\/\/jornalfatosenoticias.com.br\/wp-content\/uploads\/2023\/08\/ITH.jpeg 800w, https:\/\/jornalfatosenoticias.com.br\/wp-content\/uploads\/2023\/08\/ITH-300x244.jpeg 300w, https:\/\/jornalfatosenoticias.com.br\/wp-content\/uploads\/2023\/08\/ITH-768x624.jpeg 768w\" sizes=\"auto, (max-width: 349px) 100vw, 349px\" \/><\/figure><\/div>\n\n\n\n<p><strong><em>Fonte: <a href=\"https:\/\/gizmodo.uol.com.br\/raro-pinguim-completamente-branco-e-visto-na-antartida\/\">Giz Brasil<\/a><\/em><\/strong><\/p>\n","protected":false},"excerpt":{"rendered":"<p>Pinguim tem condi\u00e7\u00e3o gen\u00e9tica rara, o que dificulta o animal de se esconder dos predadores no continente gelado Por Gabriel Andrade Em meio a uma col\u00f4nia de pinguim-gentoo, na Ant\u00e1rtida, cientistas fizeram uma descoberta inesperada no in\u00edcio deste ano. Entre os habituais pinguins pretos e brancos, com seus bicos laranja brilhante, encontraram uma f\u00eamea quase [&hellip;]<\/p>\n","protected":false},"author":2,"featured_media":48649,"comment_status":"open","ping_status":"open","sticky":false,"template":"","format":"standard","meta":{"footnotes":""},"categories":[8],"tags":[1264,807,6414,6043],"class_list":["post-48648","post","type-post","status-publish","format-standard","has-post-thumbnail","hentry","category-meio-ambiente","tag-animais","tag-antartida","tag-leucismo","tag-pinguim"],"yoast_head":"<!-- This site is optimized with the Yoast SEO plugin v26.5 - https:\/\/yoast.com\/wordpress\/plugins\/seo\/ -->\n<title>Raro pinguim completamente branco \u00e9 visto na Ant\u00e1rtida - Jornal Fatos e Not\u00edcias<\/title>\n<meta name=\"robots\" content=\"index, follow, max-snippet:-1, max-image-preview:large, max-video-preview:-1\" \/>\n<link rel=\"canonical\" href=\"https:\/\/jornalfatosenoticias.com.br\/index.php\/2024\/01\/23\/raro-pinguim-completamente-branco-e-visto-na-antartida\/\" \/>\n<meta property=\"og:locale\" content=\"pt_BR\" \/>\n<meta property=\"og:type\" content=\"article\" \/>\n<meta property=\"og:title\" content=\"Raro pinguim completamente branco \u00e9 visto na Ant\u00e1rtida - Jornal Fatos e Not\u00edcias\" \/>\n<meta property=\"og:description\" content=\"Pinguim tem condi\u00e7\u00e3o gen\u00e9tica rara, o que dificulta o animal de se esconder dos predadores no continente gelado Por Gabriel Andrade Em meio a uma col\u00f4nia de pinguim-gentoo, na Ant\u00e1rtida, cientistas fizeram uma descoberta inesperada no in\u00edcio deste ano. Entre os habituais pinguins pretos e brancos, com seus bicos laranja brilhante, encontraram uma f\u00eamea quase [&hellip;]\" \/>\n<meta property=\"og:url\" content=\"https:\/\/jornalfatosenoticias.com.br\/index.php\/2024\/01\/23\/raro-pinguim-completamente-branco-e-visto-na-antartida\/\" \/>\n<meta property=\"og:site_name\" content=\"Jornal Fatos e Not\u00edcias\" \/>\n<meta property=\"article:published_time\" content=\"2024-01-23T12:14:56+00:00\" \/>\n<meta property=\"article:modified_time\" content=\"2024-01-23T12:14:58+00:00\" \/>\n<meta property=\"og:image\" content=\"https:\/\/jornalfatosenoticias.com.br\/wp-content\/uploads\/2024\/01\/pinguim-branco_istockphoto.jpg\" \/>\n\t<meta property=\"og:image:width\" content=\"612\" \/>\n\t<meta property=\"og:image:height\" content=\"408\" \/>\n\t<meta property=\"og:image:type\" content=\"image\/jpeg\" \/>\n<meta name=\"author\" content=\"Luzimara Fernandes\" \/>\n<meta name=\"twitter:card\" content=\"summary_large_image\" \/>\n<meta name=\"twitter:label1\" content=\"Escrito por\" \/>\n\t<meta name=\"twitter:data1\" content=\"Luzimara Fernandes\" \/>\n\t<meta name=\"twitter:label2\" content=\"Est. tempo de leitura\" \/>\n\t<meta name=\"twitter:data2\" content=\"2 minutos\" \/>\n<script type=\"application\/ld+json\" class=\"yoast-schema-graph\">{\"@context\":\"https:\/\/schema.org\",\"@graph\":[{\"@type\":\"Article\",\"@id\":\"https:\/\/jornalfatosenoticias.com.br\/index.php\/2024\/01\/23\/raro-pinguim-completamente-branco-e-visto-na-antartida\/#article\",\"isPartOf\":{\"@id\":\"https:\/\/jornalfatosenoticias.com.br\/index.php\/2024\/01\/23\/raro-pinguim-completamente-branco-e-visto-na-antartida\/\"},\"author\":{\"name\":\"Luzimara Fernandes\",\"@id\":\"https:\/\/jornalfatosenoticias.com.br\/#\/schema\/person\/d63837fa13ac8666eb9e74e0985d6f81\"},\"headline\":\"Raro pinguim completamente branco \u00e9 visto na Ant\u00e1rtida\",\"datePublished\":\"2024-01-23T12:14:56+00:00\",\"dateModified\":\"2024-01-23T12:14:58+00:00\",\"mainEntityOfPage\":{\"@id\":\"https:\/\/jornalfatosenoticias.com.br\/index.php\/2024\/01\/23\/raro-pinguim-completamente-branco-e-visto-na-antartida\/\"},\"wordCount\":443,\"commentCount\":0,\"publisher\":{\"@id\":\"https:\/\/jornalfatosenoticias.com.br\/#organization\"},\"image\":{\"@id\":\"https:\/\/jornalfatosenoticias.com.br\/index.php\/2024\/01\/23\/raro-pinguim-completamente-branco-e-visto-na-antartida\/#primaryimage\"},\"thumbnailUrl\":\"https:\/\/jornalfatosenoticias.com.br\/wp-content\/uploads\/2024\/01\/pinguim-branco_istockphoto.jpg\",\"keywords\":[\"animais\",\"Ant\u00e1rtida\",\"leucismo\",\"pinguim\"],\"articleSection\":[\"Meio ambiente\"],\"inLanguage\":\"pt-BR\",\"potentialAction\":[{\"@type\":\"CommentAction\",\"name\":\"Comment\",\"target\":[\"https:\/\/jornalfatosenoticias.com.br\/index.php\/2024\/01\/23\/raro-pinguim-completamente-branco-e-visto-na-antartida\/#respond\"]}]},{\"@type\":\"WebPage\",\"@id\":\"https:\/\/jornalfatosenoticias.com.br\/index.php\/2024\/01\/23\/raro-pinguim-completamente-branco-e-visto-na-antartida\/\",\"url\":\"https:\/\/jornalfatosenoticias.com.br\/index.php\/2024\/01\/23\/raro-pinguim-completamente-branco-e-visto-na-antartida\/\",\"name\":\"Raro pinguim completamente branco \u00e9 visto na Ant\u00e1rtida - Jornal Fatos e Not\u00edcias\",\"isPartOf\":{\"@id\":\"https:\/\/jornalfatosenoticias.com.br\/#website\"},\"primaryImageOfPage\":{\"@id\":\"https:\/\/jornalfatosenoticias.com.br\/index.php\/2024\/01\/23\/raro-pinguim-completamente-branco-e-visto-na-antartida\/#primaryimage\"},\"image\":{\"@id\":\"https:\/\/jornalfatosenoticias.com.br\/index.php\/2024\/01\/23\/raro-pinguim-completamente-branco-e-visto-na-antartida\/#primaryimage\"},\"thumbnailUrl\":\"https:\/\/jornalfatosenoticias.com.br\/wp-content\/uploads\/2024\/01\/pinguim-branco_istockphoto.jpg\",\"datePublished\":\"2024-01-23T12:14:56+00:00\",\"dateModified\":\"2024-01-23T12:14:58+00:00\",\"breadcrumb\":{\"@id\":\"https:\/\/jornalfatosenoticias.com.br\/index.php\/2024\/01\/23\/raro-pinguim-completamente-branco-e-visto-na-antartida\/#breadcrumb\"},\"inLanguage\":\"pt-BR\",\"potentialAction\":[{\"@type\":\"ReadAction\",\"target\":[\"https:\/\/jornalfatosenoticias.com.br\/index.php\/2024\/01\/23\/raro-pinguim-completamente-branco-e-visto-na-antartida\/\"]}]},{\"@type\":\"ImageObject\",\"inLanguage\":\"pt-BR\",\"@id\":\"https:\/\/jornalfatosenoticias.com.br\/index.php\/2024\/01\/23\/raro-pinguim-completamente-branco-e-visto-na-antartida\/#primaryimage\",\"url\":\"https:\/\/jornalfatosenoticias.com.br\/wp-content\/uploads\/2024\/01\/pinguim-branco_istockphoto.jpg\",\"contentUrl\":\"https:\/\/jornalfatosenoticias.com.br\/wp-content\/uploads\/2024\/01\/pinguim-branco_istockphoto.jpg\",\"width\":612,\"height\":408,\"caption\":\"Leucistic Adelie penguin\"},{\"@type\":\"BreadcrumbList\",\"@id\":\"https:\/\/jornalfatosenoticias.com.br\/index.php\/2024\/01\/23\/raro-pinguim-completamente-branco-e-visto-na-antartida\/#breadcrumb\",\"itemListElement\":[{\"@type\":\"ListItem\",\"position\":1,\"name\":\"In\u00edcio\",\"item\":\"https:\/\/jornalfatosenoticias.com.br\/\"},{\"@type\":\"ListItem\",\"position\":2,\"name\":\"Raro pinguim completamente branco \u00e9 visto na Ant\u00e1rtida\"}]},{\"@type\":\"WebSite\",\"@id\":\"https:\/\/jornalfatosenoticias.com.br\/#website\",\"url\":\"https:\/\/jornalfatosenoticias.com.br\/\",\"name\":\"Jornal Fatos e Not\u00edcias\",\"description\":\"Not\u00edcias em geral\",\"publisher\":{\"@id\":\"https:\/\/jornalfatosenoticias.com.br\/#organization\"},\"potentialAction\":[{\"@type\":\"SearchAction\",\"target\":{\"@type\":\"EntryPoint\",\"urlTemplate\":\"https:\/\/jornalfatosenoticias.com.br\/?s={search_term_string}\"},\"query-input\":{\"@type\":\"PropertyValueSpecification\",\"valueRequired\":true,\"valueName\":\"search_term_string\"}}],\"inLanguage\":\"pt-BR\"},{\"@type\":\"Organization\",\"@id\":\"https:\/\/jornalfatosenoticias.com.br\/#organization\",\"name\":\"Jornal Fatos e Not\u00edcias\",\"url\":\"https:\/\/jornalfatosenoticias.com.br\/\",\"logo\":{\"@type\":\"ImageObject\",\"inLanguage\":\"pt-BR\",\"@id\":\"https:\/\/jornalfatosenoticias.com.br\/#\/schema\/logo\/image\/\",\"url\":\"https:\/\/jornalfatosenoticias.com.br\/wp-content\/uploads\/2020\/02\/logo120.png\",\"contentUrl\":\"https:\/\/jornalfatosenoticias.com.br\/wp-content\/uploads\/2020\/02\/logo120.png\",\"width\":1227,\"height\":120,\"caption\":\"Jornal Fatos e Not\u00edcias\"},\"image\":{\"@id\":\"https:\/\/jornalfatosenoticias.com.br\/#\/schema\/logo\/image\/\"}},{\"@type\":\"Person\",\"@id\":\"https:\/\/jornalfatosenoticias.com.br\/#\/schema\/person\/d63837fa13ac8666eb9e74e0985d6f81\",\"name\":\"Luzimara Fernandes\",\"image\":{\"@type\":\"ImageObject\",\"inLanguage\":\"pt-BR\",\"@id\":\"https:\/\/jornalfatosenoticias.com.br\/#\/schema\/person\/image\/\",\"url\":\"https:\/\/jornalfatosenoticias.com.br\/wp-content\/uploads\/2025\/05\/EU_portal.jpg\",\"contentUrl\":\"https:\/\/jornalfatosenoticias.com.br\/wp-content\/uploads\/2025\/05\/EU_portal.jpg\",\"caption\":\"Luzimara Fernandes\"},\"description\":\"Jornalista MTB 2358-ES\",\"sameAs\":[\"https:\/\/jornalfatosenoticias.com.br\"],\"url\":\"https:\/\/jornalfatosenoticias.com.br\/index.php\/author\/luzimara\/\"}]}<\/script>\n<!-- \/ Yoast SEO plugin. -->","yoast_head_json":{"title":"Raro pinguim completamente branco \u00e9 visto na Ant\u00e1rtida - Jornal Fatos e Not\u00edcias","robots":{"index":"index","follow":"follow","max-snippet":"max-snippet:-1","max-image-preview":"max-image-preview:large","max-video-preview":"max-video-preview:-1"},"canonical":"https:\/\/jornalfatosenoticias.com.br\/index.php\/2024\/01\/23\/raro-pinguim-completamente-branco-e-visto-na-antartida\/","og_locale":"pt_BR","og_type":"article","og_title":"Raro pinguim completamente branco \u00e9 visto na Ant\u00e1rtida - Jornal Fatos e Not\u00edcias","og_description":"Pinguim tem condi\u00e7\u00e3o gen\u00e9tica rara, o que dificulta o animal de se esconder dos predadores no continente gelado Por Gabriel Andrade Em meio a uma col\u00f4nia de pinguim-gentoo, na Ant\u00e1rtida, cientistas fizeram uma descoberta inesperada no in\u00edcio deste ano. Entre os habituais pinguins pretos e brancos, com seus bicos laranja brilhante, encontraram uma f\u00eamea quase [&hellip;]","og_url":"https:\/\/jornalfatosenoticias.com.br\/index.php\/2024\/01\/23\/raro-pinguim-completamente-branco-e-visto-na-antartida\/","og_site_name":"Jornal Fatos e Not\u00edcias","article_published_time":"2024-01-23T12:14:56+00:00","article_modified_time":"2024-01-23T12:14:58+00:00","og_image":[{"width":612,"height":408,"url":"https:\/\/jornalfatosenoticias.com.br\/wp-content\/uploads\/2024\/01\/pinguim-branco_istockphoto.jpg","type":"image\/jpeg"}],"author":"Luzimara Fernandes","twitter_card":"summary_large_image","twitter_misc":{"Escrito por":"Luzimara Fernandes","Est. tempo de leitura":"2 minutos"},"schema":{"@context":"https:\/\/schema.org","@graph":[{"@type":"Article","@id":"https:\/\/jornalfatosenoticias.com.br\/index.php\/2024\/01\/23\/raro-pinguim-completamente-branco-e-visto-na-antartida\/#article","isPartOf":{"@id":"https:\/\/jornalfatosenoticias.com.br\/index.php\/2024\/01\/23\/raro-pinguim-completamente-branco-e-visto-na-antartida\/"},"author":{"name":"Luzimara Fernandes","@id":"https:\/\/jornalfatosenoticias.com.br\/#\/schema\/person\/d63837fa13ac8666eb9e74e0985d6f81"},"headline":"Raro pinguim completamente branco \u00e9 visto na Ant\u00e1rtida","datePublished":"2024-01-23T12:14:56+00:00","dateModified":"2024-01-23T12:14:58+00:00","mainEntityOfPage":{"@id":"https:\/\/jornalfatosenoticias.com.br\/index.php\/2024\/01\/23\/raro-pinguim-completamente-branco-e-visto-na-antartida\/"},"wordCount":443,"commentCount":0,"publisher":{"@id":"https:\/\/jornalfatosenoticias.com.br\/#organization"},"image":{"@id":"https:\/\/jornalfatosenoticias.com.br\/index.php\/2024\/01\/23\/raro-pinguim-completamente-branco-e-visto-na-antartida\/#primaryimage"},"thumbnailUrl":"https:\/\/jornalfatosenoticias.com.br\/wp-content\/uploads\/2024\/01\/pinguim-branco_istockphoto.jpg","keywords":["animais","Ant\u00e1rtida","leucismo","pinguim"],"articleSection":["Meio ambiente"],"inLanguage":"pt-BR","potentialAction":[{"@type":"CommentAction","name":"Comment","target":["https:\/\/jornalfatosenoticias.com.br\/index.php\/2024\/01\/23\/raro-pinguim-completamente-branco-e-visto-na-antartida\/#respond"]}]},{"@type":"WebPage","@id":"https:\/\/jornalfatosenoticias.com.br\/index.php\/2024\/01\/23\/raro-pinguim-completamente-branco-e-visto-na-antartida\/","url":"https:\/\/jornalfatosenoticias.com.br\/index.php\/2024\/01\/23\/raro-pinguim-completamente-branco-e-visto-na-antartida\/","name":"Raro pinguim completamente branco \u00e9 visto na Ant\u00e1rtida - Jornal Fatos e Not\u00edcias","isPartOf":{"@id":"https:\/\/jornalfatosenoticias.com.br\/#website"},"primaryImageOfPage":{"@id":"https:\/\/jornalfatosenoticias.com.br\/index.php\/2024\/01\/23\/raro-pinguim-completamente-branco-e-visto-na-antartida\/#primaryimage"},"image":{"@id":"https:\/\/jornalfatosenoticias.com.br\/index.php\/2024\/01\/23\/raro-pinguim-completamente-branco-e-visto-na-antartida\/#primaryimage"},"thumbnailUrl":"https:\/\/jornalfatosenoticias.com.br\/wp-content\/uploads\/2024\/01\/pinguim-branco_istockphoto.jpg","datePublished":"2024-01-23T12:14:56+00:00","dateModified":"2024-01-23T12:14:58+00:00","breadcrumb":{"@id":"https:\/\/jornalfatosenoticias.com.br\/index.php\/2024\/01\/23\/raro-pinguim-completamente-branco-e-visto-na-antartida\/#breadcrumb"},"inLanguage":"pt-BR","potentialAction":[{"@type":"ReadAction","target":["https:\/\/jornalfatosenoticias.com.br\/index.php\/2024\/01\/23\/raro-pinguim-completamente-branco-e-visto-na-antartida\/"]}]},{"@type":"ImageObject","inLanguage":"pt-BR","@id":"https:\/\/jornalfatosenoticias.com.br\/index.php\/2024\/01\/23\/raro-pinguim-completamente-branco-e-visto-na-antartida\/#primaryimage","url":"https:\/\/jornalfatosenoticias.com.br\/wp-content\/uploads\/2024\/01\/pinguim-branco_istockphoto.jpg","contentUrl":"https:\/\/jornalfatosenoticias.com.br\/wp-content\/uploads\/2024\/01\/pinguim-branco_istockphoto.jpg","width":612,"height":408,"caption":"Leucistic Adelie penguin"},{"@type":"BreadcrumbList","@id":"https:\/\/jornalfatosenoticias.com.br\/index.php\/2024\/01\/23\/raro-pinguim-completamente-branco-e-visto-na-antartida\/#breadcrumb","itemListElement":[{"@type":"ListItem","position":1,"name":"In\u00edcio","item":"https:\/\/jornalfatosenoticias.com.br\/"},{"@type":"ListItem","position":2,"name":"Raro pinguim completamente branco \u00e9 visto na Ant\u00e1rtida"}]},{"@type":"WebSite","@id":"https:\/\/jornalfatosenoticias.com.br\/#website","url":"https:\/\/jornalfatosenoticias.com.br\/","name":"Jornal Fatos e Not\u00edcias","description":"Not\u00edcias em geral","publisher":{"@id":"https:\/\/jornalfatosenoticias.com.br\/#organization"},"potentialAction":[{"@type":"SearchAction","target":{"@type":"EntryPoint","urlTemplate":"https:\/\/jornalfatosenoticias.com.br\/?s={search_term_string}"},"query-input":{"@type":"PropertyValueSpecification","valueRequired":true,"valueName":"search_term_string"}}],"inLanguage":"pt-BR"},{"@type":"Organization","@id":"https:\/\/jornalfatosenoticias.com.br\/#organization","name":"Jornal Fatos e Not\u00edcias","url":"https:\/\/jornalfatosenoticias.com.br\/","logo":{"@type":"ImageObject","inLanguage":"pt-BR","@id":"https:\/\/jornalfatosenoticias.com.br\/#\/schema\/logo\/image\/","url":"https:\/\/jornalfatosenoticias.com.br\/wp-content\/uploads\/2020\/02\/logo120.png","contentUrl":"https:\/\/jornalfatosenoticias.com.br\/wp-content\/uploads\/2020\/02\/logo120.png","width":1227,"height":120,"caption":"Jornal Fatos e Not\u00edcias"},"image":{"@id":"https:\/\/jornalfatosenoticias.com.br\/#\/schema\/logo\/image\/"}},{"@type":"Person","@id":"https:\/\/jornalfatosenoticias.com.br\/#\/schema\/person\/d63837fa13ac8666eb9e74e0985d6f81","name":"Luzimara Fernandes","image":{"@type":"ImageObject","inLanguage":"pt-BR","@id":"https:\/\/jornalfatosenoticias.com.br\/#\/schema\/person\/image\/","url":"https:\/\/jornalfatosenoticias.com.br\/wp-content\/uploads\/2025\/05\/EU_portal.jpg","contentUrl":"https:\/\/jornalfatosenoticias.com.br\/wp-content\/uploads\/2025\/05\/EU_portal.jpg","caption":"Luzimara Fernandes"},"description":"Jornalista MTB 2358-ES","sameAs":["https:\/\/jornalfatosenoticias.com.br"],"url":"https:\/\/jornalfatosenoticias.com.br\/index.php\/author\/luzimara\/"}]}},"cc_featured_image_caption":{"caption_text":"(Foto: iStock)","source_text":"","source_url":""},"jetpack_featured_media_url":"https:\/\/jornalfatosenoticias.com.br\/wp-content\/uploads\/2024\/01\/pinguim-branco_istockphoto.jpg","_links":{"self":[{"href":"https:\/\/jornalfatosenoticias.com.br\/index.php\/wp-json\/wp\/v2\/posts\/48648","targetHints":{"allow":["GET"]}}],"collection":[{"href":"https:\/\/jornalfatosenoticias.com.br\/index.php\/wp-json\/wp\/v2\/posts"}],"about":[{"href":"https:\/\/jornalfatosenoticias.com.br\/index.php\/wp-json\/wp\/v2\/types\/post"}],"author":[{"embeddable":true,"href":"https:\/\/jornalfatosenoticias.com.br\/index.php\/wp-json\/wp\/v2\/users\/2"}],"replies":[{"embeddable":true,"href":"https:\/\/jornalfatosenoticias.com.br\/index.php\/wp-json\/wp\/v2\/comments?post=48648"}],"version-history":[{"count":0,"href":"https:\/\/jornalfatosenoticias.com.br\/index.php\/wp-json\/wp\/v2\/posts\/48648\/revisions"}],"wp:featuredmedia":[{"embeddable":true,"href":"https:\/\/jornalfatosenoticias.com.br\/index.php\/wp-json\/wp\/v2\/media\/48649"}],"wp:attachment":[{"href":"https:\/\/jornalfatosenoticias.com.br\/index.php\/wp-json\/wp\/v2\/media?parent=48648"}],"wp:term":[{"taxonomy":"category","embeddable":true,"href":"https:\/\/jornalfatosenoticias.com.br\/index.php\/wp-json\/wp\/v2\/categories?post=48648"},{"taxonomy":"post_tag","embeddable":true,"href":"https:\/\/jornalfatosenoticias.com.br\/index.php\/wp-json\/wp\/v2\/tags?post=48648"}],"curies":[{"name":"wp","href":"https:\/\/api.w.org\/{rel}","templated":true}]}}