{"id":48665,"date":"2024-01-23T10:56:11","date_gmt":"2024-01-23T13:56:11","guid":{"rendered":"https:\/\/jornalfatosenoticias.com.br\/?p=48665"},"modified":"2024-01-23T10:56:14","modified_gmt":"2024-01-23T13:56:14","slug":"capixaba-quer-criar-1a-montadora-de-carros-eletricos-do-brasil","status":"publish","type":"post","link":"https:\/\/jornalfatosenoticias.com.br\/index.php\/2024\/01\/23\/capixaba-quer-criar-1a-montadora-de-carros-eletricos-do-brasil\/","title":{"rendered":"Capixaba quer criar 1\u00aa montadora de carros el\u00e9tricos do Brasil"},"content":{"rendered":"\n<p><em><span class=\"has-inline-color has-black-color\">Lecar Model 459, primeiro modelo da empresa, deve ser lan\u00e7ado em 2024 por R$ 279 mil<\/span><\/em><\/p>\n\n\n\n<div class=\"wp-block-image\"><figure class=\"aligncenter size-large\"><img loading=\"lazy\" decoding=\"async\" width=\"1024\" height=\"109\" src=\"https:\/\/jornalfatosenoticias.com.br\/wp-content\/uploads\/2020\/02\/Propaganda-RC-Radiadores-Jornal_page-0001-1024x109.jpg\" alt=\"\" class=\"wp-image-35278\" srcset=\"https:\/\/jornalfatosenoticias.com.br\/wp-content\/uploads\/2020\/02\/Propaganda-RC-Radiadores-Jornal_page-0001-1024x109.jpg 1024w, https:\/\/jornalfatosenoticias.com.br\/wp-content\/uploads\/2020\/02\/Propaganda-RC-Radiadores-Jornal_page-0001-300x32.jpg 300w, https:\/\/jornalfatosenoticias.com.br\/wp-content\/uploads\/2020\/02\/Propaganda-RC-Radiadores-Jornal_page-0001-768x82.jpg 768w, https:\/\/jornalfatosenoticias.com.br\/wp-content\/uploads\/2020\/02\/Propaganda-RC-Radiadores-Jornal_page-0001.jpg 1220w\" sizes=\"auto, (max-width: 1024px) 100vw, 1024px\" \/><\/figure><\/div>\n\n\n\n<p>A hist\u00f3ria da <a href=\"https:\/\/lecar.com.br\/\">Lecar<\/a> come\u00e7ou quando o advogado Fl\u00e1vio Figueiredo Assis se deparou com a Lei 8.723. Publicada em 1993, ela regulamenta a redu\u00e7\u00e3o de emiss\u00f5es de CO\u2082 de ve\u00edculos com prazo final em 2027, encerrando a utiliza\u00e7\u00e3o de motores a combust\u00e3o em ve\u00edculos automotores fabricados a partir de 2028.<br>O empreendedor capixaba viu na legisla\u00e7\u00e3o uma oportunidade e, em fevereiro de 2022, deu origem \u00e0 sua montadora, com sede em Alphaville, S\u00e3o Paulo, e planta Industrial em Caxias do Sul, Rio Grande do Sul, regi\u00e3o que, segundo o empres\u00e1rio, concentra v\u00e1rios fornecedores do ecossistema de <a href=\"https:\/\/ciclovivo.com.br\/arq-urb\/mobilidade\/brasil-precisa-investir-r-295-bilhoes-em-mobilidade-urbana\/\" target=\"_blank\" rel=\"noreferrer noopener\">mobilidade do Pa\u00eds<\/a>.<br><strong>O objetivo \u00e9 criar a primeira montadora de carros el\u00e9tricos do Brasil.<\/strong> \u201cAl\u00e9m de um projeto que favorece a mobilidade e a sustentabilidade, nosso objetivo \u00e9 fazer com que o Brasil seja visto de forma valorizada, assim como sempre dever\u00edamos ser vistos. Vamos mudar o rumo da hist\u00f3ria\u201d, afirma o advogado. Hoje, o capital da empresa \u00e9 100% pr\u00f3prio, mas a expectativa \u00e9 fazer o IPO (oferta p\u00fablica inicial) em 2025.<\/p>\n\n\n\n<div class=\"wp-block-image\"><figure class=\"aligncenter size-large\"><img decoding=\"async\" src=\"https:\/\/jornalfatosenoticias.com.br\/wp-content\/uploads\/2020\/02\/logo_esteio.jpg\" alt=\"\" class=\"wp-image-1214\"\/><\/figure><\/div>\n\n\n\n<p>Para desenvolver os ve\u00edculos el\u00e9tricos nacionais, Assis conta que reuniu um time de engenharia automobil\u00edstica altamente qualificado e experiente. Hoje, a equipe conta com 30 profissionais, muitos deles com passagens importantes por empresas como Gurgel, Troller, JPX, Ford, Toyota, Nissan e Marcopolo. \u201cDois anos atr\u00e1s, a Ford e a Mercedes-Benz fecharam suas f\u00e1bricas no Brasil e pensei em buscar esses profissionais. A primeira reuni\u00e3o com os engenheiros da Ford\/Troller, em <a href=\"https:\/\/ciclovivo.com.br\/arq-urb\/urbanismo\/benevides-jundiai-e-fortaleza-vencem-premio-cidade-caminhavel\/\" target=\"_blank\" rel=\"noreferrer noopener\">Fortaleza<\/a>, foi em mar\u00e7o de 2022. Uma equipe perfeita para desenvolver um carro do zero\u201d, relembra.<\/p>\n\n\n\n<div class=\"wp-block-image\"><figure class=\"aligncenter size-large is-resized\"><img loading=\"lazy\" decoding=\"async\" src=\"https:\/\/jornalfatosenoticias.com.br\/wp-content\/uploads\/2023\/09\/vetorvix1024_1.jpg\" alt=\"\" class=\"wp-image-44868\" width=\"449\" height=\"119\" srcset=\"https:\/\/jornalfatosenoticias.com.br\/wp-content\/uploads\/2023\/09\/vetorvix1024_1.jpg 1024w, https:\/\/jornalfatosenoticias.com.br\/wp-content\/uploads\/2023\/09\/vetorvix1024_1-300x80.jpg 300w, https:\/\/jornalfatosenoticias.com.br\/wp-content\/uploads\/2023\/09\/vetorvix1024_1-768x205.jpg 768w\" sizes=\"auto, (max-width: 449px) 100vw, 449px\" \/><\/figure><\/div>\n\n\n\n<h3 class=\"wp-block-heading\"><strong><span class=\"has-inline-color has-vivid-green-cyan-color\">Lecar Model 459<\/span><\/strong><\/h3>\n\n\n\n<div class=\"wp-block-image\"><figure class=\"aligncenter size-large\"><img loading=\"lazy\" decoding=\"async\" width=\"1000\" height=\"555\" src=\"https:\/\/jornalfatosenoticias.com.br\/wp-content\/uploads\/2024\/01\/carro-eletrico-capixaba.jpg\" alt=\"\" class=\"wp-image-48666\" srcset=\"https:\/\/jornalfatosenoticias.com.br\/wp-content\/uploads\/2024\/01\/carro-eletrico-capixaba.jpg 1000w, https:\/\/jornalfatosenoticias.com.br\/wp-content\/uploads\/2024\/01\/carro-eletrico-capixaba-300x167.jpg 300w, https:\/\/jornalfatosenoticias.com.br\/wp-content\/uploads\/2024\/01\/carro-eletrico-capixaba-768x426.jpg 768w\" sizes=\"auto, (max-width: 1000px) 100vw, 1000px\" \/><figcaption><em><span class=\"has-inline-color has-black-color\">Expectativa \u00e9 lan\u00e7ar o primeiro modelo ainda em 2024 (Foto: Divulga\u00e7\u00e3o\/Lecar)<\/span><\/em><\/figcaption><\/figure><\/div>\n\n\n\n<p>Com a planta pronta e a equipe formada, o primeiro passo foi desmontar um Tesla a fim entender a engenharia do concorrente \u00e0 fundo. O primeiro carro el\u00e9trico produzido na f\u00e1brica \u00e9 o Lecar Model 459. O prot\u00f3tipo j\u00e1 est\u00e1 em desenvolvimento e vai seguir para uma s\u00e9rie de homologa\u00e7\u00f5es em Londres, na Inglaterra, em fevereiro deste ano.<\/p>\n\n\n\n<div class=\"wp-block-image\"><figure class=\"aligncenter size-large is-resized\"><img loading=\"lazy\" decoding=\"async\" src=\"https:\/\/jornalfatosenoticias.com.br\/wp-content\/uploads\/2024\/01\/consultoria-ambiental.jpg\" alt=\"\" class=\"wp-image-48314\" width=\"361\" height=\"326\" srcset=\"https:\/\/jornalfatosenoticias.com.br\/wp-content\/uploads\/2024\/01\/consultoria-ambiental.jpg 832w, https:\/\/jornalfatosenoticias.com.br\/wp-content\/uploads\/2024\/01\/consultoria-ambiental-300x272.jpg 300w, https:\/\/jornalfatosenoticias.com.br\/wp-content\/uploads\/2024\/01\/consultoria-ambiental-768x696.jpg 768w\" sizes=\"auto, (max-width: 361px) 100vw, 361px\" \/><\/figure><\/div>\n\n\n\n<p>O <a href=\"https:\/\/ciclovivo.com.br\/arq-urb\/mobilidade\/novo-carro-eletrico-da-byd-chega-ao-brasil-por-r-1498-mil\/\" target=\"_blank\" rel=\"noreferrer noopener\">carro el\u00e9trico<\/a> brasileiro ser\u00e1 submetido a avalia\u00e7\u00f5es de impacto, aerodin\u00e2mica e simuladores de seguran\u00e7a. Essa etapa ter\u00e1 dura\u00e7\u00e3o de at\u00e9 nove meses. Depois disso, o produto entrar\u00e1 em linha de produ\u00e7\u00e3o, devendo estar dispon\u00edvel ao mercado a partir de dezembro de 2024.<br>Segundo a marca, o Lecar Model 459 ter\u00e1 um custo de R$ 279 mil e autonomia de 400km por carga. Assis afirma que a carga tribut\u00e1ria do produto est\u00e1 em torno de 43%.<\/p>\n\n\n\n<div class=\"wp-block-image\"><figure class=\"aligncenter size-large is-resized\"><img loading=\"lazy\" decoding=\"async\" src=\"https:\/\/jornalfatosenoticias.com.br\/wp-content\/uploads\/2022\/02\/Precisao-Contabilidade-1024x724.jpg\" alt=\"\" class=\"wp-image-28088\" width=\"351\" height=\"248\"\/><\/figure><\/div>\n\n\n\n<blockquote class=\"wp-block-quote is-layout-flow wp-block-quote-is-layout-flow\"><p><span class=\"has-inline-color has-luminous-vivid-orange-color\">Precisamos que o governo se conscientize sobre a import\u00e2ncia dos carros el\u00e9tricos para o Brasil e crie uma pol\u00edtica de incentivos a fim de termos pre\u00e7os mais competitivos\u201d, destaca.<\/span><\/p><\/blockquote>\n\n\n\n<div class=\"wp-block-image\"><figure class=\"aligncenter size-large\"><img loading=\"lazy\" decoding=\"async\" width=\"300\" height=\"250\" src=\"https:\/\/jornalfatosenoticias.com.br\/wp-content\/uploads\/2022\/02\/FERRARI_MAQUINAS-E-FERRAMENTAS2.jpg\" alt=\"\" class=\"wp-image-27860\"\/><\/figure><\/div>\n\n\n\n<p>Cerca de 35% das pe\u00e7as do Lecar Model 459, o primeiro ve\u00edculo da companhia, ser\u00e3o importadas da China. Motores e baterias vir\u00e3o do fabricante chin\u00eas Wiston, que fornece tamb\u00e9m para outras duas gigantes do setor: Volkswagen e Hyundai. O restante ser\u00e1 produzido no Brasil. \u201cNosso pa\u00eds \u00e9 privilegiado, com mat\u00e9ria-prima apropriada e abundante para a produ\u00e7\u00e3o de carros 100% el\u00e9tricos\u201d, esclarece.<\/p>\n\n\n\n<div class=\"wp-block-image\"><figure class=\"aligncenter size-large is-resized\"><img loading=\"lazy\" decoding=\"async\" src=\"https:\/\/jornalfatosenoticias.com.br\/wp-content\/uploads\/2020\/02\/LOGO-BLU-COMERCIAL-PRETO-1024x600.jpg\" alt=\"\" class=\"wp-image-44089\" width=\"355\" height=\"207\"\/><\/figure><\/div>\n\n\n\n<p>Os contratos fechados fornecedores preveem a transfer\u00eancia de tecnologia e coopera\u00e7\u00e3o t\u00e9cnica, cient\u00edfica e operacional, o que viabiliza uma f\u00e1brica de c\u00e9lulas de bateria e motores el\u00e9tricos no Brasil, permitindo a autossufici\u00eancia na produ\u00e7\u00e3o de carros el\u00e9tricos.<\/p>\n\n\n\n<div class=\"wp-block-image\"><figure class=\"aligncenter size-large is-resized\"><img loading=\"lazy\" decoding=\"async\" src=\"https:\/\/jornalfatosenoticias.com.br\/wp-content\/uploads\/2023\/08\/BKR-1024x1021.jpg\" alt=\"\" class=\"wp-image-44494\" width=\"310\" height=\"309\" srcset=\"https:\/\/jornalfatosenoticias.com.br\/wp-content\/uploads\/2023\/08\/BKR-1024x1021.jpg 1024w, https:\/\/jornalfatosenoticias.com.br\/wp-content\/uploads\/2023\/08\/BKR-300x300.jpg 300w, https:\/\/jornalfatosenoticias.com.br\/wp-content\/uploads\/2023\/08\/BKR-150x150.jpg 150w, https:\/\/jornalfatosenoticias.com.br\/wp-content\/uploads\/2023\/08\/BKR-768x766.jpg 768w, https:\/\/jornalfatosenoticias.com.br\/wp-content\/uploads\/2023\/08\/BKR.jpg 1080w\" sizes=\"auto, (max-width: 310px) 100vw, 310px\" \/><\/figure><\/div>\n\n\n\n<blockquote class=\"wp-block-quote is-layout-flow wp-block-quote-is-layout-flow\"><p><span class=\"has-inline-color has-luminous-vivid-orange-color\">Temos em nosso Pa\u00eds, 97% dos minerais que comp\u00f5e as c\u00e9lulas de <a href=\"https:\/\/ciclovivo.com.br\/planeta\/energia\/nasa-desenvolve-baterias-mais-seguras-e-potentes-que-as-de-litio\/\" target=\"_blank\" rel=\"noreferrer noopener\">baterias<\/a>. Al\u00e9m de sermos autossuficientes, podemos ainda nos tornarmos protagonistas e uma grande refer\u00eancia no mercado global de ve\u00edculos el\u00e9tricos, fornecendo autom\u00f3veis para outros pa\u00edses. Nossos carros v\u00e3o interessar a quem cuida do meio ambiente tamb\u00e9m em outros pa\u00edses\u201d, anima-se o empres\u00e1rio.<\/span><\/p><\/blockquote>\n\n\n\n<div class=\"wp-block-image\"><figure class=\"aligncenter size-large is-resized\"><img loading=\"lazy\" decoding=\"async\" src=\"https:\/\/jornalfatosenoticias.com.br\/wp-content\/uploads\/2020\/02\/CONTROL-CS.jpg\" alt=\"\" class=\"wp-image-44991\" width=\"324\" height=\"388\" srcset=\"https:\/\/jornalfatosenoticias.com.br\/wp-content\/uploads\/2020\/02\/CONTROL-CS.jpg 834w, https:\/\/jornalfatosenoticias.com.br\/wp-content\/uploads\/2020\/02\/CONTROL-CS-250x300.jpg 250w, https:\/\/jornalfatosenoticias.com.br\/wp-content\/uploads\/2020\/02\/CONTROL-CS-768x921.jpg 768w\" sizes=\"auto, (max-width: 324px) 100vw, 324px\" \/><\/figure><\/div>\n\n\n\n<p><strong><span class=\"has-inline-color has-vivid-green-cyan-color\">Metas ambiciosas<br><\/span><\/strong>A empresa tamb\u00e9m planeja a cria\u00e7\u00e3o do Lecar POP, uma vers\u00e3o popular e com o uso de baterias e motores el\u00e9tricos produzidos no Brasil que, com os mesmos incentivos fiscais aos el\u00e9tricos existentes em diversos pa\u00edses, teria o custo estimado de R$ 100 mil e autonomia de 200km por carga.<\/p>\n\n\n\n<div class=\"wp-block-image\"><figure class=\"aligncenter size-large is-resized\"><img loading=\"lazy\" decoding=\"async\" src=\"https:\/\/jornalfatosenoticias.com.br\/wp-content\/uploads\/2023\/12\/pegoretti-logo-pdf-1024x389.jpg\" alt=\"\" class=\"wp-image-47536\" width=\"395\" height=\"150\" srcset=\"https:\/\/jornalfatosenoticias.com.br\/wp-content\/uploads\/2023\/12\/pegoretti-logo-pdf-1024x389.jpg 1024w, https:\/\/jornalfatosenoticias.com.br\/wp-content\/uploads\/2023\/12\/pegoretti-logo-pdf-300x114.jpg 300w, https:\/\/jornalfatosenoticias.com.br\/wp-content\/uploads\/2023\/12\/pegoretti-logo-pdf-768x291.jpg 768w, https:\/\/jornalfatosenoticias.com.br\/wp-content\/uploads\/2023\/12\/pegoretti-logo-pdf.jpg 1120w\" sizes=\"auto, (max-width: 395px) 100vw, 395px\" \/><\/figure><\/div>\n\n\n\n<p>A estimativa \u00e9 produzir 300 ve\u00edculos por m\u00eas j\u00e1 no primeiro ano de fabrica\u00e7\u00e3o, gerando 600 empregos diretos e R$ 1 bilh\u00e3o de faturamento. O foco das vendas ser\u00e1 a Grande S\u00e3o Paulo, especialmente entre a capital, Campinas e S\u00e3o Jos\u00e9 dos Campos, onde a empresa deve investir em uma rede de <a href=\"https:\/\/ciclovivo.com.br\/arq-urb\/mobilidade\/rede-graal-tera-recarga-ultrarrapida-para-veiculos-eletricos\/\" target=\"_blank\" rel=\"noreferrer noopener\">infraestrutura para recarregamento de bateria<\/a>.<\/p>\n\n\n\n<div class=\"wp-block-image\"><figure class=\"aligncenter size-large\"><img loading=\"lazy\" decoding=\"async\" width=\"300\" height=\"250\" src=\"https:\/\/jornalfatosenoticias.com.br\/wp-content\/uploads\/2020\/02\/Banner-2.png\" alt=\"\" class=\"wp-image-43787\"\/><\/figure><\/div>\n\n\n\n<p>Tamb\u00e9m est\u00e1 previsto, j\u00e1 para 2025, a cria\u00e7\u00e3o de uma rede de carregamento pr\u00f3prio ao longo de toda BR 101, com carregadores r\u00e1pidos dispon\u00edveis a cada 150km da rodovia. At\u00e9 2030, a empresa espera oferecer cobertura total nas principais rodovias do Pa\u00eds.<br>Em um segundo momento, al\u00e9m da expans\u00e3o para todo o territ\u00f3rio nacional, o vision\u00e1rio planeja a internacionaliza\u00e7\u00e3o de sua montadora, especialmente para EUA, Fran\u00e7a, It\u00e1lia e M\u00f4naco.<\/p>\n\n\n\n<div class=\"wp-block-image\"><figure class=\"aligncenter size-large is-resized\"><img loading=\"lazy\" decoding=\"async\" src=\"https:\/\/jornalfatosenoticias.com.br\/wp-content\/uploads\/2023\/08\/ITH.jpeg\" alt=\"\" class=\"wp-image-44638\" width=\"348\" height=\"283\" srcset=\"https:\/\/jornalfatosenoticias.com.br\/wp-content\/uploads\/2023\/08\/ITH.jpeg 800w, https:\/\/jornalfatosenoticias.com.br\/wp-content\/uploads\/2023\/08\/ITH-300x244.jpeg 300w, https:\/\/jornalfatosenoticias.com.br\/wp-content\/uploads\/2023\/08\/ITH-768x624.jpeg 768w\" sizes=\"auto, (max-width: 348px) 100vw, 348px\" \/><\/figure><\/div>\n\n\n\n<blockquote class=\"wp-block-quote is-layout-flow wp-block-quote-is-layout-flow\"><p><span class=\"has-inline-color has-luminous-vivid-orange-color\">J\u00e1 estamos alinhando uma s\u00e9rie de parcerias nesses pa\u00edses para levar nossa marca para o mundo\u201d, orgulha-se.<\/span><\/p><\/blockquote>\n\n\n\n<div class=\"wp-block-image\"><figure class=\"aligncenter size-large\"><img decoding=\"async\" src=\"https:\/\/jornalfatosenoticias.com.br\/wp-content\/uploads\/2020\/02\/barao-das-carnes-300x164-1.jpg\" alt=\"\" class=\"wp-image-34339\"\/><\/figure><\/div>\n\n\n\n<p>Em cinco anos, a Lecar pretende produzir 50 mil carros por ano, com gera\u00e7\u00e3o de seis mil empregos diretos e R$ 13 bilh\u00f5es de faturamento anual. A empresa pretende, ainda, criar um plano de assinaturas, mudando a cultura da posse para a de acesso. <\/p>\n\n\n\n<blockquote class=\"wp-block-quote is-layout-flow wp-block-quote-is-layout-flow\"><p><span class=\"has-inline-color has-luminous-vivid-orange-color\">As pessoas n\u00e3o precisam ter um carro, o que elas precisam \u00e9 de mobilidade\u201d, argumenta. <\/span><\/p><\/blockquote>\n\n\n\n<div class=\"wp-block-image\"><figure class=\"aligncenter size-large is-resized\"><img loading=\"lazy\" decoding=\"async\" src=\"https:\/\/jornalfatosenoticias.com.br\/wp-content\/uploads\/2022\/10\/RC_800x750_page-0001.jpg\" alt=\"\" class=\"wp-image-35338\" width=\"308\" height=\"289\" srcset=\"https:\/\/jornalfatosenoticias.com.br\/wp-content\/uploads\/2022\/10\/RC_800x750_page-0001.jpg 400w, https:\/\/jornalfatosenoticias.com.br\/wp-content\/uploads\/2022\/10\/RC_800x750_page-0001-300x281.jpg 300w\" sizes=\"auto, (max-width: 308px) 100vw, 308px\" \/><\/figure><\/div>\n\n\n\n<p>A assinatura base para o plano de loca\u00e7\u00e3o de 36 meses ser\u00e1 oferecida por aproximadamente 3% do valor de venda para uma quilometragem mensal de mil km. Segundo Assis, o grande diferencial da Lecar \u00e9 o de n\u00e3o apenas fabricar um <a href=\"https:\/\/ciclovivo.com.br\/arq-urb\/mobilidade\/venda-de-veiculos-eletricos-no-brasil-cresce-91-em-2023\/\" target=\"_blank\" rel=\"noreferrer noopener\">carro el\u00e9trico no Brasil<\/a>, mas desenvolver um produto totalmente pensado para o Pa\u00eds.<\/p>\n\n\n\n<blockquote class=\"wp-block-quote is-layout-flow wp-block-quote-is-layout-flow\"><p><span class=\"has-inline-color has-luminous-vivid-orange-color\">Tenho um Tesla e, definitivamente, ele n\u00e3o foi estruturado para rodar pelas ruas e estradas brasileiras. Ele sofre a cada buraco. Nosso projeto \u00e9 de um carro feito para os desafios das estradas do Brasil, com tecnologia de ponta, resist\u00eancia, prazer na dire\u00e7\u00e3o e alinhado \u00e0 necessidade de redu\u00e7\u00e3o de emiss\u00f5es de CO\u2082, que foi o grande motivador para embarcarmos nesse projeto\u201d, finaliza.<\/span><\/p><\/blockquote>\n\n\n\n<p><strong><em>Fonte: <a href=\"https:\/\/ciclovivo.com.br\/arq-urb\/mobilidade\/capixaba-quer-criar-1a-montadora-de-carros-eletricos-do-brasil\/\">CicloVivo<\/a><\/em><\/strong><\/p>\n","protected":false},"excerpt":{"rendered":"<p>Lecar Model 459, primeiro modelo da empresa, deve ser lan\u00e7ado em 2024 por R$ 279 mil A hist\u00f3ria da Lecar come\u00e7ou quando o advogado Fl\u00e1vio Figueiredo Assis se deparou com a Lei 8.723. Publicada em 1993, ela regulamenta a redu\u00e7\u00e3o de emiss\u00f5es de CO\u2082 de ve\u00edculos com prazo final em 2027, encerrando a utiliza\u00e7\u00e3o de [&hellip;]<\/p>\n","protected":false},"author":2,"featured_media":48667,"comment_status":"open","ping_status":"open","sticky":false,"template":"","format":"standard","meta":{"footnotes":""},"categories":[9923],"tags":[3108,22615,22614,3706],"class_list":["post-48665","post","type-post","status-publish","format-standard","has-post-thumbnail","hentry","category-mobilidade","tag-carro-eletrico","tag-carro-eletrico-no-brasil","tag-lecar","tag-mobilidade-urbana"],"yoast_head":"<!-- This site is optimized with the Yoast SEO plugin v26.5 - https:\/\/yoast.com\/wordpress\/plugins\/seo\/ -->\n<title>Capixaba quer criar 1\u00aa montadora de carros el\u00e9tricos do Brasil - Jornal Fatos e Not\u00edcias<\/title>\n<meta name=\"robots\" content=\"index, follow, max-snippet:-1, max-image-preview:large, max-video-preview:-1\" \/>\n<link rel=\"canonical\" href=\"https:\/\/jornalfatosenoticias.com.br\/index.php\/2024\/01\/23\/capixaba-quer-criar-1a-montadora-de-carros-eletricos-do-brasil\/\" \/>\n<meta property=\"og:locale\" content=\"pt_BR\" \/>\n<meta property=\"og:type\" content=\"article\" \/>\n<meta property=\"og:title\" content=\"Capixaba quer criar 1\u00aa montadora de carros el\u00e9tricos do Brasil - Jornal Fatos e Not\u00edcias\" \/>\n<meta property=\"og:description\" content=\"Lecar Model 459, primeiro modelo da empresa, deve ser lan\u00e7ado em 2024 por R$ 279 mil A hist\u00f3ria da Lecar come\u00e7ou quando o advogado Fl\u00e1vio Figueiredo Assis se deparou com a Lei 8.723. Publicada em 1993, ela regulamenta a redu\u00e7\u00e3o de emiss\u00f5es de CO\u2082 de ve\u00edculos com prazo final em 2027, encerrando a utiliza\u00e7\u00e3o de [&hellip;]\" \/>\n<meta property=\"og:url\" content=\"https:\/\/jornalfatosenoticias.com.br\/index.php\/2024\/01\/23\/capixaba-quer-criar-1a-montadora-de-carros-eletricos-do-brasil\/\" \/>\n<meta property=\"og:site_name\" content=\"Jornal Fatos e Not\u00edcias\" \/>\n<meta property=\"article:published_time\" content=\"2024-01-23T13:56:11+00:00\" \/>\n<meta property=\"article:modified_time\" content=\"2024-01-23T13:56:14+00:00\" \/>\n<meta property=\"og:image\" content=\"https:\/\/jornalfatosenoticias.com.br\/wp-content\/uploads\/2024\/01\/carro-eletrico-capixaba2.jpg\" \/>\n\t<meta property=\"og:image:width\" content=\"1000\" \/>\n\t<meta property=\"og:image:height\" content=\"598\" \/>\n\t<meta property=\"og:image:type\" content=\"image\/jpeg\" \/>\n<meta name=\"author\" content=\"Luzimara Fernandes\" \/>\n<meta name=\"twitter:card\" content=\"summary_large_image\" \/>\n<meta name=\"twitter:label1\" content=\"Escrito por\" \/>\n\t<meta name=\"twitter:data1\" content=\"Luzimara Fernandes\" \/>\n\t<meta name=\"twitter:label2\" content=\"Est. tempo de leitura\" \/>\n\t<meta name=\"twitter:data2\" content=\"5 minutos\" \/>\n<script type=\"application\/ld+json\" class=\"yoast-schema-graph\">{\"@context\":\"https:\/\/schema.org\",\"@graph\":[{\"@type\":\"Article\",\"@id\":\"https:\/\/jornalfatosenoticias.com.br\/index.php\/2024\/01\/23\/capixaba-quer-criar-1a-montadora-de-carros-eletricos-do-brasil\/#article\",\"isPartOf\":{\"@id\":\"https:\/\/jornalfatosenoticias.com.br\/index.php\/2024\/01\/23\/capixaba-quer-criar-1a-montadora-de-carros-eletricos-do-brasil\/\"},\"author\":{\"name\":\"Luzimara Fernandes\",\"@id\":\"https:\/\/jornalfatosenoticias.com.br\/#\/schema\/person\/d63837fa13ac8666eb9e74e0985d6f81\"},\"headline\":\"Capixaba quer criar 1\u00aa montadora de carros el\u00e9tricos do Brasil\",\"datePublished\":\"2024-01-23T13:56:11+00:00\",\"dateModified\":\"2024-01-23T13:56:14+00:00\",\"mainEntityOfPage\":{\"@id\":\"https:\/\/jornalfatosenoticias.com.br\/index.php\/2024\/01\/23\/capixaba-quer-criar-1a-montadora-de-carros-eletricos-do-brasil\/\"},\"wordCount\":1059,\"commentCount\":0,\"publisher\":{\"@id\":\"https:\/\/jornalfatosenoticias.com.br\/#organization\"},\"image\":{\"@id\":\"https:\/\/jornalfatosenoticias.com.br\/index.php\/2024\/01\/23\/capixaba-quer-criar-1a-montadora-de-carros-eletricos-do-brasil\/#primaryimage\"},\"thumbnailUrl\":\"https:\/\/jornalfatosenoticias.com.br\/wp-content\/uploads\/2024\/01\/carro-eletrico-capixaba2.jpg\",\"keywords\":[\"carro el\u00e9trico\",\"carro el\u00e9trico no Brasil\",\"Lecar\",\"mobilidade urbana\"],\"articleSection\":[\"Mobilidade\"],\"inLanguage\":\"pt-BR\",\"potentialAction\":[{\"@type\":\"CommentAction\",\"name\":\"Comment\",\"target\":[\"https:\/\/jornalfatosenoticias.com.br\/index.php\/2024\/01\/23\/capixaba-quer-criar-1a-montadora-de-carros-eletricos-do-brasil\/#respond\"]}]},{\"@type\":\"WebPage\",\"@id\":\"https:\/\/jornalfatosenoticias.com.br\/index.php\/2024\/01\/23\/capixaba-quer-criar-1a-montadora-de-carros-eletricos-do-brasil\/\",\"url\":\"https:\/\/jornalfatosenoticias.com.br\/index.php\/2024\/01\/23\/capixaba-quer-criar-1a-montadora-de-carros-eletricos-do-brasil\/\",\"name\":\"Capixaba quer criar 1\u00aa montadora de carros el\u00e9tricos do Brasil - Jornal Fatos e Not\u00edcias\",\"isPartOf\":{\"@id\":\"https:\/\/jornalfatosenoticias.com.br\/#website\"},\"primaryImageOfPage\":{\"@id\":\"https:\/\/jornalfatosenoticias.com.br\/index.php\/2024\/01\/23\/capixaba-quer-criar-1a-montadora-de-carros-eletricos-do-brasil\/#primaryimage\"},\"image\":{\"@id\":\"https:\/\/jornalfatosenoticias.com.br\/index.php\/2024\/01\/23\/capixaba-quer-criar-1a-montadora-de-carros-eletricos-do-brasil\/#primaryimage\"},\"thumbnailUrl\":\"https:\/\/jornalfatosenoticias.com.br\/wp-content\/uploads\/2024\/01\/carro-eletrico-capixaba2.jpg\",\"datePublished\":\"2024-01-23T13:56:11+00:00\",\"dateModified\":\"2024-01-23T13:56:14+00:00\",\"breadcrumb\":{\"@id\":\"https:\/\/jornalfatosenoticias.com.br\/index.php\/2024\/01\/23\/capixaba-quer-criar-1a-montadora-de-carros-eletricos-do-brasil\/#breadcrumb\"},\"inLanguage\":\"pt-BR\",\"potentialAction\":[{\"@type\":\"ReadAction\",\"target\":[\"https:\/\/jornalfatosenoticias.com.br\/index.php\/2024\/01\/23\/capixaba-quer-criar-1a-montadora-de-carros-eletricos-do-brasil\/\"]}]},{\"@type\":\"ImageObject\",\"inLanguage\":\"pt-BR\",\"@id\":\"https:\/\/jornalfatosenoticias.com.br\/index.php\/2024\/01\/23\/capixaba-quer-criar-1a-montadora-de-carros-eletricos-do-brasil\/#primaryimage\",\"url\":\"https:\/\/jornalfatosenoticias.com.br\/wp-content\/uploads\/2024\/01\/carro-eletrico-capixaba2.jpg\",\"contentUrl\":\"https:\/\/jornalfatosenoticias.com.br\/wp-content\/uploads\/2024\/01\/carro-eletrico-capixaba2.jpg\",\"width\":1000,\"height\":598},{\"@type\":\"BreadcrumbList\",\"@id\":\"https:\/\/jornalfatosenoticias.com.br\/index.php\/2024\/01\/23\/capixaba-quer-criar-1a-montadora-de-carros-eletricos-do-brasil\/#breadcrumb\",\"itemListElement\":[{\"@type\":\"ListItem\",\"position\":1,\"name\":\"In\u00edcio\",\"item\":\"https:\/\/jornalfatosenoticias.com.br\/\"},{\"@type\":\"ListItem\",\"position\":2,\"name\":\"Capixaba quer criar 1\u00aa montadora de carros el\u00e9tricos do Brasil\"}]},{\"@type\":\"WebSite\",\"@id\":\"https:\/\/jornalfatosenoticias.com.br\/#website\",\"url\":\"https:\/\/jornalfatosenoticias.com.br\/\",\"name\":\"Jornal Fatos e Not\u00edcias\",\"description\":\"Not\u00edcias em geral\",\"publisher\":{\"@id\":\"https:\/\/jornalfatosenoticias.com.br\/#organization\"},\"potentialAction\":[{\"@type\":\"SearchAction\",\"target\":{\"@type\":\"EntryPoint\",\"urlTemplate\":\"https:\/\/jornalfatosenoticias.com.br\/?s={search_term_string}\"},\"query-input\":{\"@type\":\"PropertyValueSpecification\",\"valueRequired\":true,\"valueName\":\"search_term_string\"}}],\"inLanguage\":\"pt-BR\"},{\"@type\":\"Organization\",\"@id\":\"https:\/\/jornalfatosenoticias.com.br\/#organization\",\"name\":\"Jornal Fatos e Not\u00edcias\",\"url\":\"https:\/\/jornalfatosenoticias.com.br\/\",\"logo\":{\"@type\":\"ImageObject\",\"inLanguage\":\"pt-BR\",\"@id\":\"https:\/\/jornalfatosenoticias.com.br\/#\/schema\/logo\/image\/\",\"url\":\"https:\/\/jornalfatosenoticias.com.br\/wp-content\/uploads\/2020\/02\/logo120.png\",\"contentUrl\":\"https:\/\/jornalfatosenoticias.com.br\/wp-content\/uploads\/2020\/02\/logo120.png\",\"width\":1227,\"height\":120,\"caption\":\"Jornal Fatos e Not\u00edcias\"},\"image\":{\"@id\":\"https:\/\/jornalfatosenoticias.com.br\/#\/schema\/logo\/image\/\"}},{\"@type\":\"Person\",\"@id\":\"https:\/\/jornalfatosenoticias.com.br\/#\/schema\/person\/d63837fa13ac8666eb9e74e0985d6f81\",\"name\":\"Luzimara Fernandes\",\"image\":{\"@type\":\"ImageObject\",\"inLanguage\":\"pt-BR\",\"@id\":\"https:\/\/jornalfatosenoticias.com.br\/#\/schema\/person\/image\/\",\"url\":\"https:\/\/jornalfatosenoticias.com.br\/wp-content\/uploads\/2025\/05\/EU_portal.jpg\",\"contentUrl\":\"https:\/\/jornalfatosenoticias.com.br\/wp-content\/uploads\/2025\/05\/EU_portal.jpg\",\"caption\":\"Luzimara Fernandes\"},\"description\":\"Jornalista MTB 2358-ES\",\"sameAs\":[\"https:\/\/jornalfatosenoticias.com.br\"],\"url\":\"https:\/\/jornalfatosenoticias.com.br\/index.php\/author\/luzimara\/\"}]}<\/script>\n<!-- \/ Yoast SEO plugin. -->","yoast_head_json":{"title":"Capixaba quer criar 1\u00aa montadora de carros el\u00e9tricos do Brasil - Jornal Fatos e Not\u00edcias","robots":{"index":"index","follow":"follow","max-snippet":"max-snippet:-1","max-image-preview":"max-image-preview:large","max-video-preview":"max-video-preview:-1"},"canonical":"https:\/\/jornalfatosenoticias.com.br\/index.php\/2024\/01\/23\/capixaba-quer-criar-1a-montadora-de-carros-eletricos-do-brasil\/","og_locale":"pt_BR","og_type":"article","og_title":"Capixaba quer criar 1\u00aa montadora de carros el\u00e9tricos do Brasil - Jornal Fatos e Not\u00edcias","og_description":"Lecar Model 459, primeiro modelo da empresa, deve ser lan\u00e7ado em 2024 por R$ 279 mil A hist\u00f3ria da Lecar come\u00e7ou quando o advogado Fl\u00e1vio Figueiredo Assis se deparou com a Lei 8.723. Publicada em 1993, ela regulamenta a redu\u00e7\u00e3o de emiss\u00f5es de CO\u2082 de ve\u00edculos com prazo final em 2027, encerrando a utiliza\u00e7\u00e3o de [&hellip;]","og_url":"https:\/\/jornalfatosenoticias.com.br\/index.php\/2024\/01\/23\/capixaba-quer-criar-1a-montadora-de-carros-eletricos-do-brasil\/","og_site_name":"Jornal Fatos e Not\u00edcias","article_published_time":"2024-01-23T13:56:11+00:00","article_modified_time":"2024-01-23T13:56:14+00:00","og_image":[{"width":1000,"height":598,"url":"https:\/\/jornalfatosenoticias.com.br\/wp-content\/uploads\/2024\/01\/carro-eletrico-capixaba2.jpg","type":"image\/jpeg"}],"author":"Luzimara Fernandes","twitter_card":"summary_large_image","twitter_misc":{"Escrito por":"Luzimara Fernandes","Est. tempo de leitura":"5 minutos"},"schema":{"@context":"https:\/\/schema.org","@graph":[{"@type":"Article","@id":"https:\/\/jornalfatosenoticias.com.br\/index.php\/2024\/01\/23\/capixaba-quer-criar-1a-montadora-de-carros-eletricos-do-brasil\/#article","isPartOf":{"@id":"https:\/\/jornalfatosenoticias.com.br\/index.php\/2024\/01\/23\/capixaba-quer-criar-1a-montadora-de-carros-eletricos-do-brasil\/"},"author":{"name":"Luzimara Fernandes","@id":"https:\/\/jornalfatosenoticias.com.br\/#\/schema\/person\/d63837fa13ac8666eb9e74e0985d6f81"},"headline":"Capixaba quer criar 1\u00aa montadora de carros el\u00e9tricos do Brasil","datePublished":"2024-01-23T13:56:11+00:00","dateModified":"2024-01-23T13:56:14+00:00","mainEntityOfPage":{"@id":"https:\/\/jornalfatosenoticias.com.br\/index.php\/2024\/01\/23\/capixaba-quer-criar-1a-montadora-de-carros-eletricos-do-brasil\/"},"wordCount":1059,"commentCount":0,"publisher":{"@id":"https:\/\/jornalfatosenoticias.com.br\/#organization"},"image":{"@id":"https:\/\/jornalfatosenoticias.com.br\/index.php\/2024\/01\/23\/capixaba-quer-criar-1a-montadora-de-carros-eletricos-do-brasil\/#primaryimage"},"thumbnailUrl":"https:\/\/jornalfatosenoticias.com.br\/wp-content\/uploads\/2024\/01\/carro-eletrico-capixaba2.jpg","keywords":["carro el\u00e9trico","carro el\u00e9trico no Brasil","Lecar","mobilidade urbana"],"articleSection":["Mobilidade"],"inLanguage":"pt-BR","potentialAction":[{"@type":"CommentAction","name":"Comment","target":["https:\/\/jornalfatosenoticias.com.br\/index.php\/2024\/01\/23\/capixaba-quer-criar-1a-montadora-de-carros-eletricos-do-brasil\/#respond"]}]},{"@type":"WebPage","@id":"https:\/\/jornalfatosenoticias.com.br\/index.php\/2024\/01\/23\/capixaba-quer-criar-1a-montadora-de-carros-eletricos-do-brasil\/","url":"https:\/\/jornalfatosenoticias.com.br\/index.php\/2024\/01\/23\/capixaba-quer-criar-1a-montadora-de-carros-eletricos-do-brasil\/","name":"Capixaba quer criar 1\u00aa montadora de carros el\u00e9tricos do Brasil - Jornal Fatos e Not\u00edcias","isPartOf":{"@id":"https:\/\/jornalfatosenoticias.com.br\/#website"},"primaryImageOfPage":{"@id":"https:\/\/jornalfatosenoticias.com.br\/index.php\/2024\/01\/23\/capixaba-quer-criar-1a-montadora-de-carros-eletricos-do-brasil\/#primaryimage"},"image":{"@id":"https:\/\/jornalfatosenoticias.com.br\/index.php\/2024\/01\/23\/capixaba-quer-criar-1a-montadora-de-carros-eletricos-do-brasil\/#primaryimage"},"thumbnailUrl":"https:\/\/jornalfatosenoticias.com.br\/wp-content\/uploads\/2024\/01\/carro-eletrico-capixaba2.jpg","datePublished":"2024-01-23T13:56:11+00:00","dateModified":"2024-01-23T13:56:14+00:00","breadcrumb":{"@id":"https:\/\/jornalfatosenoticias.com.br\/index.php\/2024\/01\/23\/capixaba-quer-criar-1a-montadora-de-carros-eletricos-do-brasil\/#breadcrumb"},"inLanguage":"pt-BR","potentialAction":[{"@type":"ReadAction","target":["https:\/\/jornalfatosenoticias.com.br\/index.php\/2024\/01\/23\/capixaba-quer-criar-1a-montadora-de-carros-eletricos-do-brasil\/"]}]},{"@type":"ImageObject","inLanguage":"pt-BR","@id":"https:\/\/jornalfatosenoticias.com.br\/index.php\/2024\/01\/23\/capixaba-quer-criar-1a-montadora-de-carros-eletricos-do-brasil\/#primaryimage","url":"https:\/\/jornalfatosenoticias.com.br\/wp-content\/uploads\/2024\/01\/carro-eletrico-capixaba2.jpg","contentUrl":"https:\/\/jornalfatosenoticias.com.br\/wp-content\/uploads\/2024\/01\/carro-eletrico-capixaba2.jpg","width":1000,"height":598},{"@type":"BreadcrumbList","@id":"https:\/\/jornalfatosenoticias.com.br\/index.php\/2024\/01\/23\/capixaba-quer-criar-1a-montadora-de-carros-eletricos-do-brasil\/#breadcrumb","itemListElement":[{"@type":"ListItem","position":1,"name":"In\u00edcio","item":"https:\/\/jornalfatosenoticias.com.br\/"},{"@type":"ListItem","position":2,"name":"Capixaba quer criar 1\u00aa montadora de carros el\u00e9tricos do Brasil"}]},{"@type":"WebSite","@id":"https:\/\/jornalfatosenoticias.com.br\/#website","url":"https:\/\/jornalfatosenoticias.com.br\/","name":"Jornal Fatos e Not\u00edcias","description":"Not\u00edcias em geral","publisher":{"@id":"https:\/\/jornalfatosenoticias.com.br\/#organization"},"potentialAction":[{"@type":"SearchAction","target":{"@type":"EntryPoint","urlTemplate":"https:\/\/jornalfatosenoticias.com.br\/?s={search_term_string}"},"query-input":{"@type":"PropertyValueSpecification","valueRequired":true,"valueName":"search_term_string"}}],"inLanguage":"pt-BR"},{"@type":"Organization","@id":"https:\/\/jornalfatosenoticias.com.br\/#organization","name":"Jornal Fatos e Not\u00edcias","url":"https:\/\/jornalfatosenoticias.com.br\/","logo":{"@type":"ImageObject","inLanguage":"pt-BR","@id":"https:\/\/jornalfatosenoticias.com.br\/#\/schema\/logo\/image\/","url":"https:\/\/jornalfatosenoticias.com.br\/wp-content\/uploads\/2020\/02\/logo120.png","contentUrl":"https:\/\/jornalfatosenoticias.com.br\/wp-content\/uploads\/2020\/02\/logo120.png","width":1227,"height":120,"caption":"Jornal Fatos e Not\u00edcias"},"image":{"@id":"https:\/\/jornalfatosenoticias.com.br\/#\/schema\/logo\/image\/"}},{"@type":"Person","@id":"https:\/\/jornalfatosenoticias.com.br\/#\/schema\/person\/d63837fa13ac8666eb9e74e0985d6f81","name":"Luzimara Fernandes","image":{"@type":"ImageObject","inLanguage":"pt-BR","@id":"https:\/\/jornalfatosenoticias.com.br\/#\/schema\/person\/image\/","url":"https:\/\/jornalfatosenoticias.com.br\/wp-content\/uploads\/2025\/05\/EU_portal.jpg","contentUrl":"https:\/\/jornalfatosenoticias.com.br\/wp-content\/uploads\/2025\/05\/EU_portal.jpg","caption":"Luzimara Fernandes"},"description":"Jornalista MTB 2358-ES","sameAs":["https:\/\/jornalfatosenoticias.com.br"],"url":"https:\/\/jornalfatosenoticias.com.br\/index.php\/author\/luzimara\/"}]}},"cc_featured_image_caption":{"caption_text":"(Foto: Divulga\u00e7\u00e3o\/Lecar)","source_text":"","source_url":""},"jetpack_featured_media_url":"https:\/\/jornalfatosenoticias.com.br\/wp-content\/uploads\/2024\/01\/carro-eletrico-capixaba2.jpg","_links":{"self":[{"href":"https:\/\/jornalfatosenoticias.com.br\/index.php\/wp-json\/wp\/v2\/posts\/48665","targetHints":{"allow":["GET"]}}],"collection":[{"href":"https:\/\/jornalfatosenoticias.com.br\/index.php\/wp-json\/wp\/v2\/posts"}],"about":[{"href":"https:\/\/jornalfatosenoticias.com.br\/index.php\/wp-json\/wp\/v2\/types\/post"}],"author":[{"embeddable":true,"href":"https:\/\/jornalfatosenoticias.com.br\/index.php\/wp-json\/wp\/v2\/users\/2"}],"replies":[{"embeddable":true,"href":"https:\/\/jornalfatosenoticias.com.br\/index.php\/wp-json\/wp\/v2\/comments?post=48665"}],"version-history":[{"count":0,"href":"https:\/\/jornalfatosenoticias.com.br\/index.php\/wp-json\/wp\/v2\/posts\/48665\/revisions"}],"wp:featuredmedia":[{"embeddable":true,"href":"https:\/\/jornalfatosenoticias.com.br\/index.php\/wp-json\/wp\/v2\/media\/48667"}],"wp:attachment":[{"href":"https:\/\/jornalfatosenoticias.com.br\/index.php\/wp-json\/wp\/v2\/media?parent=48665"}],"wp:term":[{"taxonomy":"category","embeddable":true,"href":"https:\/\/jornalfatosenoticias.com.br\/index.php\/wp-json\/wp\/v2\/categories?post=48665"},{"taxonomy":"post_tag","embeddable":true,"href":"https:\/\/jornalfatosenoticias.com.br\/index.php\/wp-json\/wp\/v2\/tags?post=48665"}],"curies":[{"name":"wp","href":"https:\/\/api.w.org\/{rel}","templated":true}]}}