{"id":48669,"date":"2024-01-23T14:57:31","date_gmt":"2024-01-23T17:57:31","guid":{"rendered":"https:\/\/jornalfatosenoticias.com.br\/?p=48669"},"modified":"2024-01-23T14:57:35","modified_gmt":"2024-01-23T17:57:35","slug":"tod-em-criancas-o-que-pode-estar-por-tras-de-uma-aparente-birra","status":"publish","type":"post","link":"https:\/\/jornalfatosenoticias.com.br\/index.php\/2024\/01\/23\/tod-em-criancas-o-que-pode-estar-por-tras-de-uma-aparente-birra\/","title":{"rendered":"TOD em crian\u00e7as: o que pode estar por tr\u00e1s de uma aparente birra?"},"content":{"rendered":"\n<p><em><span class=\"has-inline-color has-black-color\">O Transtorno Opositivo Desafiador demora para ser diagnosticado pois alguns sintomas s\u00e3o parecidos com comportamentos esperados em qualquer crian\u00e7a<\/span><\/em><\/p>\n\n\n\n<p><span class=\"has-inline-color has-black-color\">Por <strong>\u00darsula Neve\/Ag\u00eancia Einstein<\/strong><\/span><\/p>\n\n\n\n<div class=\"wp-block-image\"><figure class=\"aligncenter size-large\"><img loading=\"lazy\" decoding=\"async\" width=\"729\" height=\"90\" src=\"https:\/\/jornalfatosenoticias.com.br\/wp-content\/uploads\/2020\/02\/Logo_Mizu.png\" alt=\"\" class=\"wp-image-1441\" srcset=\"https:\/\/jornalfatosenoticias.com.br\/wp-content\/uploads\/2020\/02\/Logo_Mizu.png 729w, https:\/\/jornalfatosenoticias.com.br\/wp-content\/uploads\/2020\/02\/Logo_Mizu-300x37.png 300w\" sizes=\"auto, (max-width: 729px) 100vw, 729px\" \/><\/figure><\/div>\n\n\n\n<p>N\u00e3o \u00e9 dif\u00edcil encontrar pais reclamando que os filhos est\u00e3o cada vez mais desobedientes, respond\u00f5es, irritados e at\u00e9 mesmo agressivos. \u00c9 comum ouvir tamb\u00e9m que as crian\u00e7as n\u00e3o conseguem se concentrar nas li\u00e7\u00f5es de casa, discutem e perdem a paci\u00eancia com frequ\u00eancia. No entanto, nem todas essas atitudes s\u00e3o simples \u201c<a href=\"https:\/\/cangurunews.com.br\/birras-criancas\/\">birras<\/a>\u201d. Algumas crian\u00e7as podem sofrer do chamado<a href=\"https:\/\/cangurunews.com.br\/tod-transtorno-opositor-desafiador\/\">\u00a0Transtorno Opositivo Desafiador<\/a> (TOD).<br>Como se trata de um<a href=\"https:\/\/cangurunews.com.br\/transtornos-na-infancia-por-que-nao-suportamos-os-excessos-do-comportamento-infantil\/\">\u00a0transtorno psiqui\u00e1trico<\/a> que re\u00fane uma s\u00e9rie de fatores muito parecidos com comportamentos e emo\u00e7\u00f5es que qualquer crian\u00e7a ou adolescente pode apresentar em alguma fase da vida, os pais podem levar muito tempo at\u00e9 levantar essa hip\u00f3tese. At\u00e9 mesmo profissionais especializados podem demorar para fechar o diagn\u00f3stico, o que pode retardar o in\u00edcio do tratamento adequado e eficaz.<br>Por outro lado, os especialistas ouvidos pela <a href=\"https:\/\/www.agenciaeinstein.com.br\/texto\/tod-em-criancas-o-que-pode-estar-por-tras-de-uma-aparente-birra\/\"><strong>Ag\u00eancia Einstein<\/strong>\u00a0<\/a>explicam que \u00e9 necess\u00e1rio pontuar que\u00a0<strong>nem toda crian\u00e7a que demonstra falas e atitudes desafiadoras apresenta necessariamente algum transtorno<\/strong>. Muitas est\u00e3o apenas respondendo aos est\u00edmulos (ou \u00e0 falta deles), uma vez que a constru\u00e7\u00e3o da crian\u00e7a enquanto indiv\u00edduo est\u00e1 diretamente relacionada com o ambiente que vive. Por isso, a identifica\u00e7\u00e3o ou n\u00e3o de algum transtorno deve ser <strong>realizada seguindo a orienta\u00e7\u00e3o de uma equipe multidisciplinar de profissionais de sa\u00fade.<\/strong><\/p>\n\n\n\n<div class=\"wp-block-image\"><figure class=\"aligncenter size-large is-resized\"><img loading=\"lazy\" decoding=\"async\" src=\"https:\/\/jornalfatosenoticias.com.br\/wp-content\/uploads\/2023\/03\/nova-logo-Marquetti.jpg\" alt=\"\" class=\"wp-image-40207\" width=\"307\" height=\"206\" srcset=\"https:\/\/jornalfatosenoticias.com.br\/wp-content\/uploads\/2023\/03\/nova-logo-Marquetti.jpg 643w, https:\/\/jornalfatosenoticias.com.br\/wp-content\/uploads\/2023\/03\/nova-logo-Marquetti-300x202.jpg 300w\" sizes=\"auto, (max-width: 307px) 100vw, 307px\" \/><\/figure><\/div>\n\n\n\n<p><strong><span class=\"has-inline-color has-black-color\">Como identificar se uma crian\u00e7a apresenta sintomas de TOD<br><\/span><\/strong>Os estudos cient\u00edficos indicam uma preval\u00eancia em torno de 1% a 12% nas crian\u00e7as entre cinco e dez anos de idade com TOD, sendo um transtorno mais comum em meninos.<\/p>\n\n\n\n<blockquote class=\"wp-block-quote is-layout-flow wp-block-quote-is-layout-flow\"><p><span class=\"has-inline-color has-luminous-vivid-orange-color\">Conseguir identificar os sintomas recorrentes torna-se mais dif\u00edcil \u00e0 medida que chega \u00e0 adolesc\u00eancia. Quanto mais jovens forem tratados corretamente, melhor ser\u00e1 o progn\u00f3stico desses pacientes em rela\u00e7\u00e3o ao controle dos sintomas. Al\u00e9m disso, a identifica\u00e7\u00e3o desse transtorno pode evitar muitos <a href=\"https:\/\/cangurunews.com.br\/sono-pandemia-criancas\/\">epis\u00f3dios de estresse\u00a0<\/a>e<a href=\"https:\/\/cangurunews.com.br\/bullying-na-escola-8-sinais-de-que-seu-filho-sofre-com-a-pratica\/\">\u00a0bullying no ambiente escolar<\/a>\u201d, ressalta o m\u00e9dico psiquiatra e psicoterapeuta Gabriel Okuda, que atua nos hospitais Israelita Albert Einstein, no Alem\u00e3o Oswaldo Cruz e no S\u00e3o Camilo.<\/span><\/p><\/blockquote>\n\n\n\n<div class=\"wp-block-image\"><figure class=\"aligncenter size-large is-resized\"><img loading=\"lazy\" decoding=\"async\" src=\"https:\/\/jornalfatosenoticias.com.br\/wp-content\/uploads\/2024\/01\/consultoria-ambiental.jpg\" alt=\"\" class=\"wp-image-48314\" width=\"330\" height=\"298\" srcset=\"https:\/\/jornalfatosenoticias.com.br\/wp-content\/uploads\/2024\/01\/consultoria-ambiental.jpg 832w, https:\/\/jornalfatosenoticias.com.br\/wp-content\/uploads\/2024\/01\/consultoria-ambiental-300x272.jpg 300w, https:\/\/jornalfatosenoticias.com.br\/wp-content\/uploads\/2024\/01\/consultoria-ambiental-768x696.jpg 768w\" sizes=\"auto, (max-width: 330px) 100vw, 330px\" \/><\/figure><\/div>\n\n\n\n<p>A psicopedagoga Gisele Lino Wandermur, m\u00e3e de Erick, de 16 anos, conta que o filho come\u00e7ou apresentar os sintomas por volta dos seis anos, mas que foi diagnosticado com TOD somente aos 11 anos. Ela recorda que os sintomas comportamentais associados ao TOD causaram muitos problemas na escola. \u201cA conviv\u00eancia com colegas e professores passou a ser algo muito desafiador e a equipe pedag\u00f3gica da escola n\u00e3o conseguia ajud\u00e1-lo. Como os problemas de conviv\u00eancia n\u00e3o diminu\u00edram, recebi o convite de retir\u00e1-lo do col\u00e9gio. Da\u00ed comecei a procurar ajuda profissional\u201d, recorda a m\u00e3e de Erick.<\/p>\n\n\n\n<div class=\"wp-block-image\"><figure class=\"aligncenter size-large\"><img decoding=\"async\" src=\"https:\/\/jornalfatosenoticias.com.br\/wp-content\/uploads\/2020\/02\/logo_esteio.jpg\" alt=\"\" class=\"wp-image-1214\"\/><\/figure><\/div>\n\n\n\n<blockquote class=\"wp-block-quote is-layout-flow wp-block-quote-is-layout-flow\"><p><span class=\"has-inline-color has-luminous-vivid-orange-color\">Quando uma crian\u00e7a apresenta uma birra, desafiando a nossa autoridade, temos a tend\u00eancia de banalizar e achar que \u00e9 apenas uma fase. E que basta falar mais alto ou <a href=\"https:\/\/cangurunews.com.br\/punicao-criancas\/\">colocar de castigo<\/a> para resolver. S\u00f3 que birra e TOD s\u00e3o completamente diferentes. Para diferenciar, \u00e9 necess\u00e1rio analisar esse comportamento por tr\u00eas par\u00e2metros: a frequ\u00eancia, a persist\u00eancia e os preju\u00edzos envolvidos\u201d, complementa.<\/span><\/p><\/blockquote>\n\n\n\n<div class=\"wp-block-image\"><figure class=\"aligncenter size-large is-resized\"><img loading=\"lazy\" decoding=\"async\" src=\"https:\/\/jornalfatosenoticias.com.br\/wp-content\/uploads\/2020\/02\/logo-Rapuzel-1024x571.jpg\" alt=\"\" class=\"wp-image-42808\" width=\"370\" height=\"206\" srcset=\"https:\/\/jornalfatosenoticias.com.br\/wp-content\/uploads\/2020\/02\/logo-Rapuzel-1024x571.jpg 1024w, https:\/\/jornalfatosenoticias.com.br\/wp-content\/uploads\/2020\/02\/logo-Rapuzel-300x167.jpg 300w, https:\/\/jornalfatosenoticias.com.br\/wp-content\/uploads\/2020\/02\/logo-Rapuzel-768x428.jpg 768w, https:\/\/jornalfatosenoticias.com.br\/wp-content\/uploads\/2020\/02\/logo-Rapuzel-1536x856.jpg 1536w, https:\/\/jornalfatosenoticias.com.br\/wp-content\/uploads\/2020\/02\/logo-Rapuzel.jpg 1600w\" sizes=\"auto, (max-width: 370px) 100vw, 370px\" \/><\/figure><\/div>\n\n\n\n<p>Segundo a psicopedagoga, a frequ\u00eancia m\u00ednima para considerar esse comportamento em crian\u00e7as acima de cinco anos \u00e9 de <strong>uma vez por semana por, pelo menos, seis meses<\/strong>. J\u00e1 para crian\u00e7as menores de cinco anos, a\u00a0<strong>frequ\u00eancia m\u00ednima \u00e9 superior \u00e0 metade dos dias da semana, de forma persistente, tamb\u00e9m por mais de seis meses<\/strong>.\u00a0<\/p>\n\n\n\n<blockquote class=\"wp-block-quote is-layout-flow wp-block-quote-is-layout-flow\"><p><span class=\"has-inline-color has-luminous-vivid-orange-color\">A crian\u00e7a costuma apresentar quadros recorrentes e intensos de <a href=\"https:\/\/cangurunews.com.br\/5-dicas-como-lidar-com-as-emocoes-e-se-tornar-modelo-para-os-filhos\/\">desregula\u00e7\u00e3o emocional<\/a>, o que leva a comportamentos inadequados, com quadros comportamentais e emocionais bastante disfuncionais\u201d, explica Wandermur.<\/span><\/p><\/blockquote>\n\n\n\n<div class=\"wp-block-image\"><figure class=\"aligncenter size-large is-resized\"><img loading=\"lazy\" decoding=\"async\" src=\"https:\/\/jornalfatosenoticias.com.br\/wp-content\/uploads\/2023\/08\/ITH.jpeg\" alt=\"\" class=\"wp-image-44638\" width=\"352\" height=\"286\" srcset=\"https:\/\/jornalfatosenoticias.com.br\/wp-content\/uploads\/2023\/08\/ITH.jpeg 800w, https:\/\/jornalfatosenoticias.com.br\/wp-content\/uploads\/2023\/08\/ITH-300x244.jpeg 300w, https:\/\/jornalfatosenoticias.com.br\/wp-content\/uploads\/2023\/08\/ITH-768x624.jpeg 768w\" sizes=\"auto, (max-width: 352px) 100vw, 352px\" \/><\/figure><\/div>\n\n\n\n<p>Ela afirma que o segundo par\u00e2metro para desconfiar do transtorno \u00e9 a persist\u00eancia, ou seja, mesmo que os pais tentem intervir, aquele comportamento volta a acontecer. A psicopedagoga diz que o terceiro ponto \u00e9 sobre os preju\u00edzos envolvidos com esses epis\u00f3dios.<\/p>\n\n\n\n<blockquote class=\"wp-block-quote is-layout-flow wp-block-quote-is-layout-flow\"><p><span class=\"has-inline-color has-luminous-vivid-orange-color\">Esses comportamentos inadequados atrapalham a aprendizagem, a <a href=\"https:\/\/cangurunews.com.br\/como-incentivar-a-autoestima-nas-criancas-veja-dicas\/\">autoestima\u00a0<\/a>e a parte social da crian\u00e7a, al\u00e9m de acarretar preju\u00edzos para as pessoas diretamente envolvidas no cuidado dessa crian\u00e7a, principalmente em rela\u00e7\u00e3o \u00e0 m\u00e3e, que pode ter dificuldades de continuar trabalhando e estudando porque ningu\u00e9m consegue lidar com o filho\u201d, diz.<\/span><\/p><\/blockquote>\n\n\n\n<div class=\"wp-block-image\"><figure class=\"aligncenter size-large is-resized\"><img loading=\"lazy\" decoding=\"async\" src=\"https:\/\/jornalfatosenoticias.com.br\/wp-content\/uploads\/2022\/02\/Precisao-Contabilidade-1024x724.jpg\" alt=\"\" class=\"wp-image-28088\" width=\"347\" height=\"245\"\/><\/figure><\/div>\n\n\n\n<h3 class=\"wp-block-heading\"><span class=\"has-inline-color has-black-color\">O TOD apresenta a preval\u00eancia de tr\u00eas grandes tipos de sintomas. S\u00e3o eles:<\/span><\/h3>\n\n\n\n<ul class=\"wp-block-list\"><li><strong><span class=\"has-inline-color has-vivid-red-color\">Humor raivoso e\/ou irrit\u00e1vel:<\/span><\/strong> aquela crian\u00e7a que se irrita com muita facilidade, muitas vezes por motivos pequenos;<\/li><li><strong><span class=\"has-inline-color has-vivid-red-color\">Comportamento desafiador:<\/span><\/strong> quando apresenta problemas com figuras de autoridade, questiona muito as regras, t\u00eam dificuldade em assumir a responsabilidade pelos seus erros ou mau comportamento;<\/li><li><strong><span class=\"has-inline-color has-vivid-red-color\">\u00cdndole vingativa: <\/span><\/strong>a crian\u00e7a com TOD pode ou n\u00e3o apresentar essa caracter\u00edstica.<\/li><\/ul>\n\n\n\n<div class=\"wp-block-image\"><figure class=\"aligncenter size-large is-resized\"><img loading=\"lazy\" decoding=\"async\" src=\"https:\/\/jornalfatosenoticias.com.br\/wp-content\/uploads\/2023\/12\/pegoretti-logo-pdf-1024x389.jpg\" alt=\"\" class=\"wp-image-47536\" width=\"377\" height=\"143\" srcset=\"https:\/\/jornalfatosenoticias.com.br\/wp-content\/uploads\/2023\/12\/pegoretti-logo-pdf-1024x389.jpg 1024w, https:\/\/jornalfatosenoticias.com.br\/wp-content\/uploads\/2023\/12\/pegoretti-logo-pdf-300x114.jpg 300w, https:\/\/jornalfatosenoticias.com.br\/wp-content\/uploads\/2023\/12\/pegoretti-logo-pdf-768x291.jpg 768w, https:\/\/jornalfatosenoticias.com.br\/wp-content\/uploads\/2023\/12\/pegoretti-logo-pdf.jpg 1120w\" sizes=\"auto, (max-width: 377px) 100vw, 377px\" \/><\/figure><\/div>\n\n\n\n<p>Os sintomas do TOD costumam se manifestar na fase pr\u00e9-escolar, embora possam tamb\u00e9m aparecer mais tarde, na adolesc\u00eancia ou at\u00e9 mesmo na fase adulta, em casos mais raros. As causas n\u00e3o s\u00e3o conhecidas, mas, segundo evid\u00eancias cient\u00edficas, fatores gen\u00e9ticos, neurofisiol\u00f3gicos e ambientais podem influenciar o desenvolvimento do transtorno. Da mesma forma, um\u00a0<a href=\"https:\/\/cangurunews.com.br\/conflitos-do-dia-a-dia-como-criar-conexoes-para-um-dialogo-mais-fluido\/\">ambiente familiar conturbado<\/a> e agressivo pode contribuir para o surgimento do TOD.<\/p>\n\n\n\n<div class=\"wp-block-image\"><figure class=\"aligncenter size-large\"><img loading=\"lazy\" decoding=\"async\" width=\"300\" height=\"250\" src=\"https:\/\/jornalfatosenoticias.com.br\/wp-content\/uploads\/2022\/02\/FERRARI_MAQUINAS-E-FERRAMENTAS2.jpg\" alt=\"\" class=\"wp-image-27860\"\/><\/figure><\/div>\n\n\n\n<blockquote class=\"wp-block-quote is-layout-flow wp-block-quote-is-layout-flow\"><p><span class=\"has-inline-color has-luminous-vivid-orange-color\">Existem fatores biol\u00f3gicos associados, como anormalidades cerebrais das \u00e1reas pr\u00e9-frontais e am\u00edgdala, que s\u00e3o respons\u00e1veis por emo\u00e7\u00f5es b\u00e1sicas, controle inibit\u00f3rio e planejamento das a\u00e7\u00f5es. Fatores familiares tamb\u00e9m contribuem para o desenvolvimento do TOD. Crian\u00e7as expostas a intensas emo\u00e7\u00f5es negativas, agressividade f\u00edsica, verbal e sexual, m\u00e9todos punitivos e falta de cuidados com o seu <a href=\"https:\/\/cangurunews.com.br\/escola-educacao-parental-priscila-boy\/\">desenvolvimento emocional e cognitivo<\/a> por parte dos respons\u00e1veis, tendem a manifestar temperamentos impulsivos e irrit\u00e1veis\u201d, ressalta o m\u00e9dico neuropediatra S\u00e9rgio Ant\u00f4nio Antoniuk, professor adjunto de Neurologia Infantil do Departamento de Pediatria da Universidade Federal do Paran\u00e1 (UFPR).<\/span><\/p><\/blockquote>\n\n\n\n<div class=\"wp-block-image\"><figure class=\"aligncenter size-large is-resized\"><img loading=\"lazy\" decoding=\"async\" src=\"https:\/\/jornalfatosenoticias.com.br\/wp-content\/uploads\/2023\/03\/logo-Panper_portal.jpg\" alt=\"\" class=\"wp-image-40208\" width=\"329\" height=\"228\" srcset=\"https:\/\/jornalfatosenoticias.com.br\/wp-content\/uploads\/2023\/03\/logo-Panper_portal.jpg 400w, https:\/\/jornalfatosenoticias.com.br\/wp-content\/uploads\/2023\/03\/logo-Panper_portal-300x208.jpg 300w\" sizes=\"auto, (max-width: 329px) 100vw, 329px\" \/><\/figure><\/div>\n\n\n\n<p><strong><span class=\"has-inline-color has-vivid-purple-color\">Outros transtornos associados e poss\u00edveis gatilhos<br><\/span><\/strong>As crian\u00e7as com TOD costumam apresentar outros transtornos associados. \u00c9 recorrente, seja na inf\u00e2ncia ou mesmo na fase adulta, a presen\u00e7a de sintomas relativos ao <a href=\"https:\/\/cangurunews.com.br\/dia-mundial-do-tdah-sintomas-que-ajudam-a-identificar-o-transtorno-em-criancas\/\">Transtorno do D\u00e9ficit de Aten\u00e7\u00e3o com Hiperatividade (TDAH)<\/a>, Transtorno de Ansiedade Generalizada (TAG),<a href=\"https:\/\/cangurunews.com.br\/autismo-em-bebes-neuropediatra-explica-como-fazer-teste-m-chat-que-identifica-o-transtorno\/\">\u00a0Transtorno do Espectro Autista (TEA)\u00a0<\/a>e at\u00e9 mesmo o Transtorno Afetivo Bipolar (TAB), tamb\u00e9m conhecido como Transtorno Bipolar do Humor (TBH).<\/p>\n\n\n\n<div class=\"wp-block-image\"><figure class=\"aligncenter size-large is-resized\"><img loading=\"lazy\" decoding=\"async\" src=\"https:\/\/jornalfatosenoticias.com.br\/wp-content\/uploads\/2022\/10\/RC_800x750_page-0001.jpg\" alt=\"\" class=\"wp-image-35338\" width=\"309\" height=\"290\" srcset=\"https:\/\/jornalfatosenoticias.com.br\/wp-content\/uploads\/2022\/10\/RC_800x750_page-0001.jpg 400w, https:\/\/jornalfatosenoticias.com.br\/wp-content\/uploads\/2022\/10\/RC_800x750_page-0001-300x281.jpg 300w\" sizes=\"auto, (max-width: 309px) 100vw, 309px\" \/><\/figure><\/div>\n\n\n\n<blockquote class=\"wp-block-quote is-layout-flow wp-block-quote-is-layout-flow\"><p><span class=\"has-inline-color has-luminous-vivid-orange-color\">A probabilidade de uma crian\u00e7a com TOD ter mais dificuldades no in\u00edcio\/final da adolesc\u00eancia e na idade adulta depende dos tratamentos e do ambiente familiar. Geralmente, elas apresentam mais probabilidade de <a href=\"https:\/\/cangurunews.com.br\/ansiedade-e-depressao-infantil\/\">desenvolver depress\u00e3o<\/a> e abuso de subst\u00e2ncias, principalmente quando o TOD na inf\u00e2ncia for acompanhado por outros transtornos, como TDAH, depress\u00e3o e dificuldades de aprendizagem. No entanto, com o tratamento adequado e o manejo parental, os sintomas podem melhorar dentro do prazo de tr\u00eas anos\u201d, frisa o psiquiatra Okuda.<\/span><\/p><\/blockquote>\n\n\n\n<div class=\"wp-block-image\"><figure class=\"aligncenter size-large is-resized\"><img loading=\"lazy\" decoding=\"async\" src=\"https:\/\/jornalfatosenoticias.com.br\/wp-content\/uploads\/2020\/02\/LOGO-BLU-COMERCIAL-PRETO-1024x600.jpg\" alt=\"\" class=\"wp-image-44089\" width=\"333\" height=\"194\"\/><\/figure><\/div>\n\n\n\n<p>Os especialistas ainda enfatizam que gatilhos relacionados \u00e0s condutas agressivas, como <a href=\"https:\/\/cangurunews.com.br\/videogames-violentos-e-os-riscos-as-criancas-5-coisas-que-os-pais-devem-saber\/\">jogos de luta<\/a>\u00a0e a\u00a0<a href=\"https:\/\/cangurunews.com.br\/tempo-dedicado-as-telas\/\">depend\u00eancia de telas<\/a> devem ser evitados desde o per\u00edodo pr\u00e9-escolar. \u201cUm ponto muito importante que vejo como gatilhos nas condutas agressivas \u00e9 a depend\u00eancia das crian\u00e7as da tela, principalmente dos jogos eletr\u00f4nicos, muito mais nos pr\u00e9-adolescentes e adolescentes. Por isso, as fam\u00edlias devem ser orientadas para evitar este excesso do uso de tecnologias desde o per\u00edodo pr\u00e9-escolar\u201d, afirma o neuropediatra Antoniuk.<\/p>\n\n\n\n<div class=\"wp-block-image\"><figure class=\"aligncenter size-large is-resized\"><img loading=\"lazy\" decoding=\"async\" src=\"https:\/\/jornalfatosenoticias.com.br\/wp-content\/uploads\/2023\/08\/BKR-1024x1021.jpg\" alt=\"\" class=\"wp-image-44494\" width=\"303\" height=\"302\" srcset=\"https:\/\/jornalfatosenoticias.com.br\/wp-content\/uploads\/2023\/08\/BKR-1024x1021.jpg 1024w, https:\/\/jornalfatosenoticias.com.br\/wp-content\/uploads\/2023\/08\/BKR-300x300.jpg 300w, https:\/\/jornalfatosenoticias.com.br\/wp-content\/uploads\/2023\/08\/BKR-150x150.jpg 150w, https:\/\/jornalfatosenoticias.com.br\/wp-content\/uploads\/2023\/08\/BKR-768x766.jpg 768w, https:\/\/jornalfatosenoticias.com.br\/wp-content\/uploads\/2023\/08\/BKR.jpg 1080w\" sizes=\"auto, (max-width: 303px) 100vw, 303px\" \/><\/figure><\/div>\n\n\n\n<p><strong><span class=\"has-inline-color has-vivid-purple-color\">Como buscar o diagn\u00f3stico e tratamento<br><\/span><\/strong>O diagn\u00f3stico de TOD costuma ser realizado atrav\u00e9s de avalia\u00e7\u00e3o com uma equipe multidisciplinar, que re\u00fane um neuropediatra \u2014 deve ser o primeiro profissional a ser procurado pelos pais, geralmente \u2014 um psiquiatra e um psic\u00f3logo. Para essa avalia\u00e7\u00e3o inicial, o neuropediatra dever\u00e1 solicitar a avalia\u00e7\u00e3o complementar de outros profissionais, como psic\u00f3logo, psiquiatra, psicopedagogo e os pr\u00f3prios profissionais que atuam na escola dessa crian\u00e7a, que podem e devem colaborar muito com essa avalia\u00e7\u00e3o atrav\u00e9s de relat\u00f3rios e conversas.<\/p>\n\n\n\n<div class=\"wp-block-image\"><figure class=\"aligncenter size-large is-resized\"><img loading=\"lazy\" decoding=\"async\" src=\"https:\/\/jornalfatosenoticias.com.br\/wp-content\/uploads\/2023\/09\/vetorvix1024_1.jpg\" alt=\"\" class=\"wp-image-44868\" width=\"464\" height=\"123\" srcset=\"https:\/\/jornalfatosenoticias.com.br\/wp-content\/uploads\/2023\/09\/vetorvix1024_1.jpg 1024w, https:\/\/jornalfatosenoticias.com.br\/wp-content\/uploads\/2023\/09\/vetorvix1024_1-300x80.jpg 300w, https:\/\/jornalfatosenoticias.com.br\/wp-content\/uploads\/2023\/09\/vetorvix1024_1-768x205.jpg 768w\" sizes=\"auto, (max-width: 464px) 100vw, 464px\" \/><\/figure><\/div>\n\n\n\n<p>O tratamento deve contemplar diversos aspectos, sempre com acompanhamento multidisciplinar, algumas vezes com a necessidade de medica\u00e7\u00e3o. Outro ponto fundamental \u00e9 o manejo parental, uma vez que s\u00e3o os adultos que passam mais tempo com essa crian\u00e7a. A forma de lidar com esses comportamentos pode, inclusive, comprometer o tratamento, caso n\u00e3o seja o adequado. Portanto, os pais devem aprender estrat\u00e9gias para manejar esse comportamento no dia a dia e melhorar a conviv\u00eancia.<\/p>\n\n\n\n<div class=\"wp-block-image\"><figure class=\"aligncenter size-large is-resized\"><img loading=\"lazy\" decoding=\"async\" src=\"https:\/\/jornalfatosenoticias.com.br\/wp-content\/uploads\/2020\/02\/CONTROL-CS.jpg\" alt=\"\" class=\"wp-image-44991\" width=\"371\" height=\"444\" srcset=\"https:\/\/jornalfatosenoticias.com.br\/wp-content\/uploads\/2020\/02\/CONTROL-CS.jpg 834w, https:\/\/jornalfatosenoticias.com.br\/wp-content\/uploads\/2020\/02\/CONTROL-CS-250x300.jpg 250w, https:\/\/jornalfatosenoticias.com.br\/wp-content\/uploads\/2020\/02\/CONTROL-CS-768x921.jpg 768w\" sizes=\"auto, (max-width: 371px) 100vw, 371px\" \/><\/figure><\/div>\n\n\n\n<blockquote class=\"wp-block-quote is-layout-flow wp-block-quote-is-layout-flow\"><p><span class=\"has-inline-color has-luminous-vivid-orange-color\">O tratamento \u00e9 multiprofissional: a psic\u00f3loga, da linha comportamental, deve atuar com a crian\u00e7a e os pais, al\u00e9m de orientar os professores no ambiente escolar e nas atividades externas. As<a href=\"https:\/\/cangurunews.com.br\/problemas-de-aprendizagem-filho-o-que-fazer\/\">\u00a0dificuldades de aprendizagem<\/a> e linguagem s\u00e3o atividades que precisam de acompanhamento de pedagogas e fonoaudi\u00f3logos. \u00c9 fundamental que os pais aprendam a melhor forma de lidar com esses comportamentos para n\u00e3o comprometer o tratamento\u201d, adverte o neuropediatra.<\/span><\/p><\/blockquote>\n\n\n\n<div class=\"wp-block-image\"><figure class=\"aligncenter size-large\"><img loading=\"lazy\" decoding=\"async\" width=\"300\" height=\"250\" src=\"https:\/\/jornalfatosenoticias.com.br\/wp-content\/uploads\/2020\/02\/Banner-2.png\" alt=\"\" class=\"wp-image-43787\"\/><\/figure><\/div>\n\n\n\n<p>Ap\u00f3s iniciar o tratamento com uma psic\u00f3loga e um neuropediatra, Erick come\u00e7ou a fazer uso cont\u00ednuo de medicamentos com a orienta\u00e7\u00e3o de um psiquiatra infantil e de uma psicopedagoga. Realizou duas avalia\u00e7\u00f5es neuropsicol\u00f3gicas e passou por muitos profissionais at\u00e9 conseguir fechar o diagn\u00f3stico.<\/p>\n\n\n\n<div class=\"wp-block-image\"><figure class=\"aligncenter size-large\"><img decoding=\"async\" src=\"https:\/\/jornalfatosenoticias.com.br\/wp-content\/uploads\/2020\/02\/barao-das-carnes-300x164-1.jpg\" alt=\"\" class=\"wp-image-34339\"\/><\/figure><\/div>\n\n\n\n<blockquote class=\"wp-block-quote is-layout-flow wp-block-quote-is-layout-flow\"><p><span class=\"has-inline-color has-luminous-vivid-orange-color\">Hoje meu filho se encontra em remiss\u00e3o do comportamento opositor. O humor irrit\u00e1vel raivoso continua existindo, s\u00f3 que n\u00e3o \u00e9 mais disfuncional, pois perdeu os tr\u00eas par\u00e2metros de frequ\u00eancia, persist\u00eancia e preju\u00edzo. Agora s\u00e3o comportamentos que facilmente conseguimos redirecionar no dia a dia. Atualmente, ele \u00e9 desafiador no sentido de ser mais cr\u00edtico, de perguntar os porqu\u00eas das coisas e questionar algumas atitudes. O <a href=\"https:\/\/cangurunews.com.br\/brigas-na-escola-o-que-fazer-quando-seu-filho-e-um-dos-envolvidos\/\">comportamento explosivo<\/a> n\u00e3o existe mais. S\u00f3 uma necessidade maior de di\u00e1logo, que considero bastante positivo, mas para isso acontecer foram sete anos de tratamento com psic\u00f3logos e cinco anos com m\u00e9dicos\u201d, revela Wandermur, m\u00e3e de Erick.<\/span><\/p><\/blockquote>\n\n\n\n<p><strong><em>Fonte: <a href=\"https:\/\/cangurunews.com.br\/tod-em-criancas\/\">Canguru News<\/a><\/em><\/strong><\/p>\n","protected":false},"excerpt":{"rendered":"<p>O Transtorno Opositivo Desafiador demora para ser diagnosticado pois alguns sintomas s\u00e3o parecidos com comportamentos esperados em qualquer crian\u00e7a Por \u00darsula Neve\/Ag\u00eancia Einstein N\u00e3o \u00e9 dif\u00edcil encontrar pais reclamando que os filhos est\u00e3o cada vez mais desobedientes, respond\u00f5es, irritados e at\u00e9 mesmo agressivos. \u00c9 comum ouvir tamb\u00e9m que as crian\u00e7as n\u00e3o conseguem se concentrar nas [&hellip;]<\/p>\n","protected":false},"author":2,"featured_media":48670,"comment_status":"open","ping_status":"open","sticky":false,"template":"","format":"standard","meta":{"footnotes":""},"categories":[2522],"tags":[6795,1779,22616,22617,22619,22618],"class_list":["post-48669","post","type-post","status-publish","format-standard","has-post-thumbnail","hentry","category-comportamento","tag-birra","tag-comportamento-infantil","tag-tod","tag-transtorno-infantil","tag-transtorno-opositivo-desafiador","tag-transtornos-psicologicos"],"yoast_head":"<!-- This site is optimized with the Yoast SEO plugin v26.5 - https:\/\/yoast.com\/wordpress\/plugins\/seo\/ -->\n<title>TOD em crian\u00e7as: o que pode estar por tr\u00e1s de uma aparente birra? - Jornal Fatos e Not\u00edcias<\/title>\n<meta name=\"robots\" content=\"index, follow, max-snippet:-1, max-image-preview:large, max-video-preview:-1\" \/>\n<link rel=\"canonical\" href=\"https:\/\/jornalfatosenoticias.com.br\/index.php\/2024\/01\/23\/tod-em-criancas-o-que-pode-estar-por-tras-de-uma-aparente-birra\/\" \/>\n<meta property=\"og:locale\" content=\"pt_BR\" \/>\n<meta property=\"og:type\" content=\"article\" \/>\n<meta property=\"og:title\" content=\"TOD em crian\u00e7as: o que pode estar por tr\u00e1s de uma aparente birra? - Jornal Fatos e Not\u00edcias\" \/>\n<meta property=\"og:description\" content=\"O Transtorno Opositivo Desafiador demora para ser diagnosticado pois alguns sintomas s\u00e3o parecidos com comportamentos esperados em qualquer crian\u00e7a Por \u00darsula Neve\/Ag\u00eancia Einstein N\u00e3o \u00e9 dif\u00edcil encontrar pais reclamando que os filhos est\u00e3o cada vez mais desobedientes, respond\u00f5es, irritados e at\u00e9 mesmo agressivos. \u00c9 comum ouvir tamb\u00e9m que as crian\u00e7as n\u00e3o conseguem se concentrar nas [&hellip;]\" \/>\n<meta property=\"og:url\" content=\"https:\/\/jornalfatosenoticias.com.br\/index.php\/2024\/01\/23\/tod-em-criancas-o-que-pode-estar-por-tras-de-uma-aparente-birra\/\" \/>\n<meta property=\"og:site_name\" content=\"Jornal Fatos e Not\u00edcias\" \/>\n<meta property=\"article:published_time\" content=\"2024-01-23T17:57:31+00:00\" \/>\n<meta property=\"article:modified_time\" content=\"2024-01-23T17:57:35+00:00\" \/>\n<meta property=\"og:image\" content=\"https:\/\/jornalfatosenoticias.com.br\/wp-content\/uploads\/2024\/01\/birra-infantil_istockphoto.jpg\" \/>\n\t<meta property=\"og:image:width\" content=\"612\" \/>\n\t<meta property=\"og:image:height\" content=\"408\" \/>\n\t<meta property=\"og:image:type\" content=\"image\/jpeg\" \/>\n<meta name=\"author\" content=\"Luzimara Fernandes\" \/>\n<meta name=\"twitter:card\" content=\"summary_large_image\" \/>\n<meta name=\"twitter:label1\" content=\"Escrito por\" \/>\n\t<meta name=\"twitter:data1\" content=\"Luzimara Fernandes\" \/>\n\t<meta name=\"twitter:label2\" content=\"Est. tempo de leitura\" \/>\n\t<meta name=\"twitter:data2\" content=\"8 minutos\" \/>\n<script type=\"application\/ld+json\" class=\"yoast-schema-graph\">{\"@context\":\"https:\/\/schema.org\",\"@graph\":[{\"@type\":\"Article\",\"@id\":\"https:\/\/jornalfatosenoticias.com.br\/index.php\/2024\/01\/23\/tod-em-criancas-o-que-pode-estar-por-tras-de-uma-aparente-birra\/#article\",\"isPartOf\":{\"@id\":\"https:\/\/jornalfatosenoticias.com.br\/index.php\/2024\/01\/23\/tod-em-criancas-o-que-pode-estar-por-tras-de-uma-aparente-birra\/\"},\"author\":{\"name\":\"Luzimara Fernandes\",\"@id\":\"https:\/\/jornalfatosenoticias.com.br\/#\/schema\/person\/d63837fa13ac8666eb9e74e0985d6f81\"},\"headline\":\"TOD em crian\u00e7as: o que pode estar por tr\u00e1s de uma aparente birra?\",\"datePublished\":\"2024-01-23T17:57:31+00:00\",\"dateModified\":\"2024-01-23T17:57:35+00:00\",\"mainEntityOfPage\":{\"@id\":\"https:\/\/jornalfatosenoticias.com.br\/index.php\/2024\/01\/23\/tod-em-criancas-o-que-pode-estar-por-tras-de-uma-aparente-birra\/\"},\"wordCount\":1664,\"commentCount\":0,\"publisher\":{\"@id\":\"https:\/\/jornalfatosenoticias.com.br\/#organization\"},\"image\":{\"@id\":\"https:\/\/jornalfatosenoticias.com.br\/index.php\/2024\/01\/23\/tod-em-criancas-o-que-pode-estar-por-tras-de-uma-aparente-birra\/#primaryimage\"},\"thumbnailUrl\":\"https:\/\/jornalfatosenoticias.com.br\/wp-content\/uploads\/2024\/01\/birra-infantil_istockphoto.jpg\",\"keywords\":[\"birra\",\"comportamento infantil\",\"TOD\",\"transtorno infantil\",\"Transtorno Opositivo Desafiador\",\"transtornos psicol\u00f3gicos\"],\"articleSection\":[\"Comportamento &amp; Equil\u00edbrio\"],\"inLanguage\":\"pt-BR\",\"potentialAction\":[{\"@type\":\"CommentAction\",\"name\":\"Comment\",\"target\":[\"https:\/\/jornalfatosenoticias.com.br\/index.php\/2024\/01\/23\/tod-em-criancas-o-que-pode-estar-por-tras-de-uma-aparente-birra\/#respond\"]}]},{\"@type\":\"WebPage\",\"@id\":\"https:\/\/jornalfatosenoticias.com.br\/index.php\/2024\/01\/23\/tod-em-criancas-o-que-pode-estar-por-tras-de-uma-aparente-birra\/\",\"url\":\"https:\/\/jornalfatosenoticias.com.br\/index.php\/2024\/01\/23\/tod-em-criancas-o-que-pode-estar-por-tras-de-uma-aparente-birra\/\",\"name\":\"TOD em crian\u00e7as: o que pode estar por tr\u00e1s de uma aparente birra? - Jornal Fatos e Not\u00edcias\",\"isPartOf\":{\"@id\":\"https:\/\/jornalfatosenoticias.com.br\/#website\"},\"primaryImageOfPage\":{\"@id\":\"https:\/\/jornalfatosenoticias.com.br\/index.php\/2024\/01\/23\/tod-em-criancas-o-que-pode-estar-por-tras-de-uma-aparente-birra\/#primaryimage\"},\"image\":{\"@id\":\"https:\/\/jornalfatosenoticias.com.br\/index.php\/2024\/01\/23\/tod-em-criancas-o-que-pode-estar-por-tras-de-uma-aparente-birra\/#primaryimage\"},\"thumbnailUrl\":\"https:\/\/jornalfatosenoticias.com.br\/wp-content\/uploads\/2024\/01\/birra-infantil_istockphoto.jpg\",\"datePublished\":\"2024-01-23T17:57:31+00:00\",\"dateModified\":\"2024-01-23T17:57:35+00:00\",\"breadcrumb\":{\"@id\":\"https:\/\/jornalfatosenoticias.com.br\/index.php\/2024\/01\/23\/tod-em-criancas-o-que-pode-estar-por-tras-de-uma-aparente-birra\/#breadcrumb\"},\"inLanguage\":\"pt-BR\",\"potentialAction\":[{\"@type\":\"ReadAction\",\"target\":[\"https:\/\/jornalfatosenoticias.com.br\/index.php\/2024\/01\/23\/tod-em-criancas-o-que-pode-estar-por-tras-de-uma-aparente-birra\/\"]}]},{\"@type\":\"ImageObject\",\"inLanguage\":\"pt-BR\",\"@id\":\"https:\/\/jornalfatosenoticias.com.br\/index.php\/2024\/01\/23\/tod-em-criancas-o-que-pode-estar-por-tras-de-uma-aparente-birra\/#primaryimage\",\"url\":\"https:\/\/jornalfatosenoticias.com.br\/wp-content\/uploads\/2024\/01\/birra-infantil_istockphoto.jpg\",\"contentUrl\":\"https:\/\/jornalfatosenoticias.com.br\/wp-content\/uploads\/2024\/01\/birra-infantil_istockphoto.jpg\",\"width\":612,\"height\":408,\"caption\":\"Portrait of a 2-year-old girl frowning suspiciously looking at the camera\"},{\"@type\":\"BreadcrumbList\",\"@id\":\"https:\/\/jornalfatosenoticias.com.br\/index.php\/2024\/01\/23\/tod-em-criancas-o-que-pode-estar-por-tras-de-uma-aparente-birra\/#breadcrumb\",\"itemListElement\":[{\"@type\":\"ListItem\",\"position\":1,\"name\":\"In\u00edcio\",\"item\":\"https:\/\/jornalfatosenoticias.com.br\/\"},{\"@type\":\"ListItem\",\"position\":2,\"name\":\"TOD em crian\u00e7as: o que pode estar por tr\u00e1s de uma aparente birra?\"}]},{\"@type\":\"WebSite\",\"@id\":\"https:\/\/jornalfatosenoticias.com.br\/#website\",\"url\":\"https:\/\/jornalfatosenoticias.com.br\/\",\"name\":\"Jornal Fatos e Not\u00edcias\",\"description\":\"Not\u00edcias em geral\",\"publisher\":{\"@id\":\"https:\/\/jornalfatosenoticias.com.br\/#organization\"},\"potentialAction\":[{\"@type\":\"SearchAction\",\"target\":{\"@type\":\"EntryPoint\",\"urlTemplate\":\"https:\/\/jornalfatosenoticias.com.br\/?s={search_term_string}\"},\"query-input\":{\"@type\":\"PropertyValueSpecification\",\"valueRequired\":true,\"valueName\":\"search_term_string\"}}],\"inLanguage\":\"pt-BR\"},{\"@type\":\"Organization\",\"@id\":\"https:\/\/jornalfatosenoticias.com.br\/#organization\",\"name\":\"Jornal Fatos e Not\u00edcias\",\"url\":\"https:\/\/jornalfatosenoticias.com.br\/\",\"logo\":{\"@type\":\"ImageObject\",\"inLanguage\":\"pt-BR\",\"@id\":\"https:\/\/jornalfatosenoticias.com.br\/#\/schema\/logo\/image\/\",\"url\":\"https:\/\/jornalfatosenoticias.com.br\/wp-content\/uploads\/2020\/02\/logo120.png\",\"contentUrl\":\"https:\/\/jornalfatosenoticias.com.br\/wp-content\/uploads\/2020\/02\/logo120.png\",\"width\":1227,\"height\":120,\"caption\":\"Jornal Fatos e Not\u00edcias\"},\"image\":{\"@id\":\"https:\/\/jornalfatosenoticias.com.br\/#\/schema\/logo\/image\/\"}},{\"@type\":\"Person\",\"@id\":\"https:\/\/jornalfatosenoticias.com.br\/#\/schema\/person\/d63837fa13ac8666eb9e74e0985d6f81\",\"name\":\"Luzimara Fernandes\",\"image\":{\"@type\":\"ImageObject\",\"inLanguage\":\"pt-BR\",\"@id\":\"https:\/\/jornalfatosenoticias.com.br\/#\/schema\/person\/image\/\",\"url\":\"https:\/\/jornalfatosenoticias.com.br\/wp-content\/uploads\/2025\/05\/EU_portal.jpg\",\"contentUrl\":\"https:\/\/jornalfatosenoticias.com.br\/wp-content\/uploads\/2025\/05\/EU_portal.jpg\",\"caption\":\"Luzimara Fernandes\"},\"description\":\"Jornalista MTB 2358-ES\",\"sameAs\":[\"https:\/\/jornalfatosenoticias.com.br\"],\"url\":\"https:\/\/jornalfatosenoticias.com.br\/index.php\/author\/luzimara\/\"}]}<\/script>\n<!-- \/ Yoast SEO plugin. -->","yoast_head_json":{"title":"TOD em crian\u00e7as: o que pode estar por tr\u00e1s de uma aparente birra? - Jornal Fatos e Not\u00edcias","robots":{"index":"index","follow":"follow","max-snippet":"max-snippet:-1","max-image-preview":"max-image-preview:large","max-video-preview":"max-video-preview:-1"},"canonical":"https:\/\/jornalfatosenoticias.com.br\/index.php\/2024\/01\/23\/tod-em-criancas-o-que-pode-estar-por-tras-de-uma-aparente-birra\/","og_locale":"pt_BR","og_type":"article","og_title":"TOD em crian\u00e7as: o que pode estar por tr\u00e1s de uma aparente birra? - Jornal Fatos e Not\u00edcias","og_description":"O Transtorno Opositivo Desafiador demora para ser diagnosticado pois alguns sintomas s\u00e3o parecidos com comportamentos esperados em qualquer crian\u00e7a Por \u00darsula Neve\/Ag\u00eancia Einstein N\u00e3o \u00e9 dif\u00edcil encontrar pais reclamando que os filhos est\u00e3o cada vez mais desobedientes, respond\u00f5es, irritados e at\u00e9 mesmo agressivos. \u00c9 comum ouvir tamb\u00e9m que as crian\u00e7as n\u00e3o conseguem se concentrar nas [&hellip;]","og_url":"https:\/\/jornalfatosenoticias.com.br\/index.php\/2024\/01\/23\/tod-em-criancas-o-que-pode-estar-por-tras-de-uma-aparente-birra\/","og_site_name":"Jornal Fatos e Not\u00edcias","article_published_time":"2024-01-23T17:57:31+00:00","article_modified_time":"2024-01-23T17:57:35+00:00","og_image":[{"width":612,"height":408,"url":"https:\/\/jornalfatosenoticias.com.br\/wp-content\/uploads\/2024\/01\/birra-infantil_istockphoto.jpg","type":"image\/jpeg"}],"author":"Luzimara Fernandes","twitter_card":"summary_large_image","twitter_misc":{"Escrito por":"Luzimara Fernandes","Est. tempo de leitura":"8 minutos"},"schema":{"@context":"https:\/\/schema.org","@graph":[{"@type":"Article","@id":"https:\/\/jornalfatosenoticias.com.br\/index.php\/2024\/01\/23\/tod-em-criancas-o-que-pode-estar-por-tras-de-uma-aparente-birra\/#article","isPartOf":{"@id":"https:\/\/jornalfatosenoticias.com.br\/index.php\/2024\/01\/23\/tod-em-criancas-o-que-pode-estar-por-tras-de-uma-aparente-birra\/"},"author":{"name":"Luzimara Fernandes","@id":"https:\/\/jornalfatosenoticias.com.br\/#\/schema\/person\/d63837fa13ac8666eb9e74e0985d6f81"},"headline":"TOD em crian\u00e7as: o que pode estar por tr\u00e1s de uma aparente birra?","datePublished":"2024-01-23T17:57:31+00:00","dateModified":"2024-01-23T17:57:35+00:00","mainEntityOfPage":{"@id":"https:\/\/jornalfatosenoticias.com.br\/index.php\/2024\/01\/23\/tod-em-criancas-o-que-pode-estar-por-tras-de-uma-aparente-birra\/"},"wordCount":1664,"commentCount":0,"publisher":{"@id":"https:\/\/jornalfatosenoticias.com.br\/#organization"},"image":{"@id":"https:\/\/jornalfatosenoticias.com.br\/index.php\/2024\/01\/23\/tod-em-criancas-o-que-pode-estar-por-tras-de-uma-aparente-birra\/#primaryimage"},"thumbnailUrl":"https:\/\/jornalfatosenoticias.com.br\/wp-content\/uploads\/2024\/01\/birra-infantil_istockphoto.jpg","keywords":["birra","comportamento infantil","TOD","transtorno infantil","Transtorno Opositivo Desafiador","transtornos psicol\u00f3gicos"],"articleSection":["Comportamento &amp; Equil\u00edbrio"],"inLanguage":"pt-BR","potentialAction":[{"@type":"CommentAction","name":"Comment","target":["https:\/\/jornalfatosenoticias.com.br\/index.php\/2024\/01\/23\/tod-em-criancas-o-que-pode-estar-por-tras-de-uma-aparente-birra\/#respond"]}]},{"@type":"WebPage","@id":"https:\/\/jornalfatosenoticias.com.br\/index.php\/2024\/01\/23\/tod-em-criancas-o-que-pode-estar-por-tras-de-uma-aparente-birra\/","url":"https:\/\/jornalfatosenoticias.com.br\/index.php\/2024\/01\/23\/tod-em-criancas-o-que-pode-estar-por-tras-de-uma-aparente-birra\/","name":"TOD em crian\u00e7as: o que pode estar por tr\u00e1s de uma aparente birra? - Jornal Fatos e Not\u00edcias","isPartOf":{"@id":"https:\/\/jornalfatosenoticias.com.br\/#website"},"primaryImageOfPage":{"@id":"https:\/\/jornalfatosenoticias.com.br\/index.php\/2024\/01\/23\/tod-em-criancas-o-que-pode-estar-por-tras-de-uma-aparente-birra\/#primaryimage"},"image":{"@id":"https:\/\/jornalfatosenoticias.com.br\/index.php\/2024\/01\/23\/tod-em-criancas-o-que-pode-estar-por-tras-de-uma-aparente-birra\/#primaryimage"},"thumbnailUrl":"https:\/\/jornalfatosenoticias.com.br\/wp-content\/uploads\/2024\/01\/birra-infantil_istockphoto.jpg","datePublished":"2024-01-23T17:57:31+00:00","dateModified":"2024-01-23T17:57:35+00:00","breadcrumb":{"@id":"https:\/\/jornalfatosenoticias.com.br\/index.php\/2024\/01\/23\/tod-em-criancas-o-que-pode-estar-por-tras-de-uma-aparente-birra\/#breadcrumb"},"inLanguage":"pt-BR","potentialAction":[{"@type":"ReadAction","target":["https:\/\/jornalfatosenoticias.com.br\/index.php\/2024\/01\/23\/tod-em-criancas-o-que-pode-estar-por-tras-de-uma-aparente-birra\/"]}]},{"@type":"ImageObject","inLanguage":"pt-BR","@id":"https:\/\/jornalfatosenoticias.com.br\/index.php\/2024\/01\/23\/tod-em-criancas-o-que-pode-estar-por-tras-de-uma-aparente-birra\/#primaryimage","url":"https:\/\/jornalfatosenoticias.com.br\/wp-content\/uploads\/2024\/01\/birra-infantil_istockphoto.jpg","contentUrl":"https:\/\/jornalfatosenoticias.com.br\/wp-content\/uploads\/2024\/01\/birra-infantil_istockphoto.jpg","width":612,"height":408,"caption":"Portrait of a 2-year-old girl frowning suspiciously looking at the camera"},{"@type":"BreadcrumbList","@id":"https:\/\/jornalfatosenoticias.com.br\/index.php\/2024\/01\/23\/tod-em-criancas-o-que-pode-estar-por-tras-de-uma-aparente-birra\/#breadcrumb","itemListElement":[{"@type":"ListItem","position":1,"name":"In\u00edcio","item":"https:\/\/jornalfatosenoticias.com.br\/"},{"@type":"ListItem","position":2,"name":"TOD em crian\u00e7as: o que pode estar por tr\u00e1s de uma aparente birra?"}]},{"@type":"WebSite","@id":"https:\/\/jornalfatosenoticias.com.br\/#website","url":"https:\/\/jornalfatosenoticias.com.br\/","name":"Jornal Fatos e Not\u00edcias","description":"Not\u00edcias em geral","publisher":{"@id":"https:\/\/jornalfatosenoticias.com.br\/#organization"},"potentialAction":[{"@type":"SearchAction","target":{"@type":"EntryPoint","urlTemplate":"https:\/\/jornalfatosenoticias.com.br\/?s={search_term_string}"},"query-input":{"@type":"PropertyValueSpecification","valueRequired":true,"valueName":"search_term_string"}}],"inLanguage":"pt-BR"},{"@type":"Organization","@id":"https:\/\/jornalfatosenoticias.com.br\/#organization","name":"Jornal Fatos e Not\u00edcias","url":"https:\/\/jornalfatosenoticias.com.br\/","logo":{"@type":"ImageObject","inLanguage":"pt-BR","@id":"https:\/\/jornalfatosenoticias.com.br\/#\/schema\/logo\/image\/","url":"https:\/\/jornalfatosenoticias.com.br\/wp-content\/uploads\/2020\/02\/logo120.png","contentUrl":"https:\/\/jornalfatosenoticias.com.br\/wp-content\/uploads\/2020\/02\/logo120.png","width":1227,"height":120,"caption":"Jornal Fatos e Not\u00edcias"},"image":{"@id":"https:\/\/jornalfatosenoticias.com.br\/#\/schema\/logo\/image\/"}},{"@type":"Person","@id":"https:\/\/jornalfatosenoticias.com.br\/#\/schema\/person\/d63837fa13ac8666eb9e74e0985d6f81","name":"Luzimara Fernandes","image":{"@type":"ImageObject","inLanguage":"pt-BR","@id":"https:\/\/jornalfatosenoticias.com.br\/#\/schema\/person\/image\/","url":"https:\/\/jornalfatosenoticias.com.br\/wp-content\/uploads\/2025\/05\/EU_portal.jpg","contentUrl":"https:\/\/jornalfatosenoticias.com.br\/wp-content\/uploads\/2025\/05\/EU_portal.jpg","caption":"Luzimara Fernandes"},"description":"Jornalista MTB 2358-ES","sameAs":["https:\/\/jornalfatosenoticias.com.br"],"url":"https:\/\/jornalfatosenoticias.com.br\/index.php\/author\/luzimara\/"}]}},"cc_featured_image_caption":{"caption_text":"(Foto: iStock)","source_text":"","source_url":""},"jetpack_featured_media_url":"https:\/\/jornalfatosenoticias.com.br\/wp-content\/uploads\/2024\/01\/birra-infantil_istockphoto.jpg","_links":{"self":[{"href":"https:\/\/jornalfatosenoticias.com.br\/index.php\/wp-json\/wp\/v2\/posts\/48669","targetHints":{"allow":["GET"]}}],"collection":[{"href":"https:\/\/jornalfatosenoticias.com.br\/index.php\/wp-json\/wp\/v2\/posts"}],"about":[{"href":"https:\/\/jornalfatosenoticias.com.br\/index.php\/wp-json\/wp\/v2\/types\/post"}],"author":[{"embeddable":true,"href":"https:\/\/jornalfatosenoticias.com.br\/index.php\/wp-json\/wp\/v2\/users\/2"}],"replies":[{"embeddable":true,"href":"https:\/\/jornalfatosenoticias.com.br\/index.php\/wp-json\/wp\/v2\/comments?post=48669"}],"version-history":[{"count":0,"href":"https:\/\/jornalfatosenoticias.com.br\/index.php\/wp-json\/wp\/v2\/posts\/48669\/revisions"}],"wp:featuredmedia":[{"embeddable":true,"href":"https:\/\/jornalfatosenoticias.com.br\/index.php\/wp-json\/wp\/v2\/media\/48670"}],"wp:attachment":[{"href":"https:\/\/jornalfatosenoticias.com.br\/index.php\/wp-json\/wp\/v2\/media?parent=48669"}],"wp:term":[{"taxonomy":"category","embeddable":true,"href":"https:\/\/jornalfatosenoticias.com.br\/index.php\/wp-json\/wp\/v2\/categories?post=48669"},{"taxonomy":"post_tag","embeddable":true,"href":"https:\/\/jornalfatosenoticias.com.br\/index.php\/wp-json\/wp\/v2\/tags?post=48669"}],"curies":[{"name":"wp","href":"https:\/\/api.w.org\/{rel}","templated":true}]}}