{"id":48675,"date":"2024-01-23T15:39:49","date_gmt":"2024-01-23T18:39:49","guid":{"rendered":"https:\/\/jornalfatosenoticias.com.br\/?p=48675"},"modified":"2024-01-23T15:39:51","modified_gmt":"2024-01-23T18:39:51","slug":"governo-muda-metodo-estatistico-e-dificulta-contabilizacao-de-mortes-de-indigenas-por-desnutricao","status":"publish","type":"post","link":"https:\/\/jornalfatosenoticias.com.br\/index.php\/2024\/01\/23\/governo-muda-metodo-estatistico-e-dificulta-contabilizacao-de-mortes-de-indigenas-por-desnutricao\/","title":{"rendered":"Governo muda m\u00e9todo estat\u00edstico e dificulta contabiliza\u00e7\u00e3o de mortes de ind\u00edgenas por desnutri\u00e7\u00e3o"},"content":{"rendered":"\n<p><em><span class=\"has-inline-color has-black-color\">Alimentos como sardinha em lata, que n\u00e3o fazem parte da alimenta\u00e7\u00e3o dos ind\u00edgenas, s\u00e3o enviadas para combater desnutri\u00e7\u00e3o na Terra Ind\u00edgena Yanomami<\/span><\/em><\/p>\n\n\n\n<p><span class=\"has-inline-color has-black-color\">Por <strong><a href=\"https:\/\/www.gazetadopovo.com.br\/autor\/aline-rechmann\/\">Aline Rechmann<\/a><\/strong><\/span><\/p>\n\n\n\n<div class=\"wp-block-image\"><figure class=\"aligncenter size-large is-resized\"><img loading=\"lazy\" decoding=\"async\" src=\"https:\/\/jornalfatosenoticias.com.br\/wp-content\/uploads\/2023\/12\/pegoretti-logo-pdf-1024x389.jpg\" alt=\"\" class=\"wp-image-47536\" width=\"406\" height=\"154\" srcset=\"https:\/\/jornalfatosenoticias.com.br\/wp-content\/uploads\/2023\/12\/pegoretti-logo-pdf-1024x389.jpg 1024w, https:\/\/jornalfatosenoticias.com.br\/wp-content\/uploads\/2023\/12\/pegoretti-logo-pdf-300x114.jpg 300w, https:\/\/jornalfatosenoticias.com.br\/wp-content\/uploads\/2023\/12\/pegoretti-logo-pdf-768x291.jpg 768w, https:\/\/jornalfatosenoticias.com.br\/wp-content\/uploads\/2023\/12\/pegoretti-logo-pdf.jpg 1120w\" sizes=\"auto, (max-width: 406px) 100vw, 406px\" \/><\/figure><\/div>\n\n\n\n<p>O governo federal alterou recentemente a forma de divulga\u00e7\u00e3o dos \u00f3bitos registrados na Terra Ind\u00edgena Yanomami, localizada entre Roraima e Amazonas. O \u00faltimo informe, publicado em 21 de dezembro pelo Minist\u00e9rio da Sa\u00fade, n\u00e3o apresentou dados sobre os \u00f3bitos por desnutri\u00e7\u00e3o, como era feito anteriormente. No lugar dos registros relacionados \u00e0 desnutri\u00e7\u00e3o, um novo par\u00e2metro, chamado de doen\u00e7as end\u00f3crinas, nutricionais e metab\u00f3licas, foi adicionado.<br>A mudan\u00e7a ocorre em um momento em que o governo de Luiz In\u00e1cio Lula da Silva (PT) \u00e9 criticado por opositores e ativistas por n\u00e3o conseguir resolver uma crise de desnutri\u00e7\u00e3o que causou dezenas de mortes em aldeias da etnia Yanomami. Foi o pr\u00f3prio Lula quem apontou para o problema no in\u00edcio de seu mandato, h\u00e1 um ano, e acusou o ex-presidente Jair Bolsonaro (PL) de &#8220;genoc\u00eddio&#8221; contra os ind\u00edgenas.<br>O governo criou na \u00e9poca uma falsa narrativa de que o problema de desnutri\u00e7\u00e3o dos yanomamis teria sido criado por Bolsonaro, quando na verdade persiste ao menos desde os anos 2000, segundo dados levantados pela Gazeta do Povo. A altera\u00e7\u00e3o feita no ano passado na metodologia de divulga\u00e7\u00e3o de dados estat\u00edsticos acaba afetando a forma de divulga\u00e7\u00e3o da contagem dos \u00f3bitos dos ind\u00edgenas.<\/p>\n\n\n\n<div class=\"wp-block-image\"><figure class=\"aligncenter size-large\"><img loading=\"lazy\" decoding=\"async\" width=\"300\" height=\"250\" src=\"https:\/\/jornalfatosenoticias.com.br\/wp-content\/uploads\/2020\/02\/Banner-2.png\" alt=\"\" class=\"wp-image-43787\"\/><\/figure><\/div>\n\n\n\n<p>No informe publicado em dezembro, que traz dados do m\u00eas anterior, o Minist\u00e9rio da Sa\u00fade registrou 35 \u00f3bitos de ind\u00edgenas pelas doen\u00e7as relacionadas no\u00a0novo par\u00e2metro. O problema \u00e9 que o n\u00famero mistura mortes por desnutri\u00e7\u00e3o com outras causas de morte e por isso n\u00e3o \u00e9 diretamente compar\u00e1vel \u00e0 metodologia anterior.<\/p>\n\n\n\n<div class=\"wp-block-image\"><figure class=\"aligncenter size-large is-resized\"><img loading=\"lazy\" decoding=\"async\" src=\"https:\/\/jornalfatosenoticias.com.br\/wp-content\/uploads\/2020\/02\/logo-Rapuzel-1024x571.jpg\" alt=\"\" class=\"wp-image-42808\" width=\"341\" height=\"190\" srcset=\"https:\/\/jornalfatosenoticias.com.br\/wp-content\/uploads\/2020\/02\/logo-Rapuzel-1024x571.jpg 1024w, https:\/\/jornalfatosenoticias.com.br\/wp-content\/uploads\/2020\/02\/logo-Rapuzel-300x167.jpg 300w, https:\/\/jornalfatosenoticias.com.br\/wp-content\/uploads\/2020\/02\/logo-Rapuzel-768x428.jpg 768w, https:\/\/jornalfatosenoticias.com.br\/wp-content\/uploads\/2020\/02\/logo-Rapuzel-1536x856.jpg 1536w, https:\/\/jornalfatosenoticias.com.br\/wp-content\/uploads\/2020\/02\/logo-Rapuzel.jpg 1600w\" sizes=\"auto, (max-width: 341px) 100vw, 341px\" \/><\/figure><\/div>\n\n\n\n<p>O \u00faltimo registro da metodologia antiga foi publicado pelo Minist\u00e9rio da Sa\u00fade em 18 de outubro. Ele apontou 29 \u00f3bitos causados no m\u00eas anterior especificamente por desnutri\u00e7\u00e3o. Na pr\u00e1tica, a medida vai passar a dificultar a compara\u00e7\u00e3o entre os \u00edndices de morte dos yanomamis na gest\u00e3o Bolsonaro com os resultados do governo Lula, especialmente em 2024. Em um material de divulga\u00e7\u00e3o diverso dos seus boletins regulares, o Minist\u00e9rio da Sa\u00fade afirmou que em 2022, sob Bolsonaro, foram registradas 343 mortes de yanomamis por desnutri\u00e7\u00e3o. No governo Lula teriam ocorrido 308 mortes, o que representa uma queda de 10%.<\/p>\n\n\n\n<div class=\"wp-block-image\"><figure class=\"aligncenter size-large\"><img decoding=\"async\" src=\"https:\/\/jornalfatosenoticias.com.br\/wp-content\/uploads\/2020\/02\/logo_esteio.jpg\" alt=\"\" class=\"wp-image-1214\"\/><\/figure><\/div>\n\n\n\n<blockquote class=\"wp-block-quote is-layout-flow wp-block-quote-is-layout-flow\"><p>A publica\u00e7\u00e3o desse material de divulga\u00e7\u00e3o do Minist\u00e9rio da Sa\u00fade aconteceu s\u00f3 depois de uma pol\u00eamica nas redes sociais. Nela, opositores do governo divulgaram uma reportagem que apontava uma suposta eleva\u00e7\u00e3o das mortes de ind\u00edgenas sob o governo Lula. Os dados da mat\u00e9ria foram contestados pelo Minist\u00e9rio da Sa\u00fade e depois corrigidos pelo \u00f3rg\u00e3o de imprensa na publica\u00e7\u00e3o original para uma vers\u00e3o igual \u00e0 do informativo que apontou a redu\u00e7\u00e3o das mortes sob Lula.<\/p><\/blockquote>\n\n\n\n<div class=\"wp-block-image\"><figure class=\"aligncenter size-large is-resized\"><img loading=\"lazy\" decoding=\"async\" src=\"https:\/\/jornalfatosenoticias.com.br\/wp-content\/uploads\/2023\/03\/nova-logo-Marquetti.jpg\" alt=\"\" class=\"wp-image-40207\" width=\"326\" height=\"219\" srcset=\"https:\/\/jornalfatosenoticias.com.br\/wp-content\/uploads\/2023\/03\/nova-logo-Marquetti.jpg 643w, https:\/\/jornalfatosenoticias.com.br\/wp-content\/uploads\/2023\/03\/nova-logo-Marquetti-300x202.jpg 300w\" sizes=\"auto, (max-width: 326px) 100vw, 326px\" \/><\/figure><\/div>\n\n\n\n<p>Mas com a atual mudan\u00e7a de metodologia, \u00f3rg\u00e3os da imprensa e da sociedade civil ter\u00e3o mais dificuldades para comparar dados p\u00fablicos sobre as mortes por desnutri\u00e7\u00e3o registradas no site do Minist\u00e9rio da Sa\u00fade a partir de novembro de 2023 com estat\u00edsticas anteriores. Assim, ficar\u00e1 mais dif\u00edcil comparar o desempenho das pol\u00edticas do governo em 2024 com dados de anos anteriores.<\/p>\n\n\n\n<div class=\"wp-block-image\"><figure class=\"aligncenter size-large is-resized\"><img loading=\"lazy\" decoding=\"async\" src=\"https:\/\/jornalfatosenoticias.com.br\/wp-content\/uploads\/2022\/02\/Precisao-Contabilidade-1024x724.jpg\" alt=\"\" class=\"wp-image-28088\" width=\"342\" height=\"242\"\/><\/figure><\/div>\n\n\n\n<blockquote class=\"wp-block-quote is-layout-flow wp-block-quote-is-layout-flow\"><p>A mudan\u00e7a de par\u00e2metro n\u00e3o veio acompanhada por nenhuma explica\u00e7\u00e3o do governo. A <strong>Gazeta do Povo <\/strong>procurou o Minist\u00e9rio da Sa\u00fade para entender o motivo da mudan\u00e7a, bem como sobre outras inconsist\u00eancias relacionadas aos informes, mas n\u00e3o recebeu retorno at\u00e9 o fechamento desta reportagem.<\/p><\/blockquote>\n\n\n\n<div class=\"wp-block-image\"><figure class=\"aligncenter size-large\"><img decoding=\"async\" src=\"https:\/\/jornalfatosenoticias.com.br\/wp-content\/uploads\/2020\/02\/barao-das-carnes-300x164-1.jpg\" alt=\"\" class=\"wp-image-34339\"\/><\/figure><\/div>\n\n\n\n<p>Divulga\u00e7\u00e3o de informes sobre crise yanomami apresenta\u00a0inconsist\u00eancias\u00a0<br>Desde o in\u00edcio do governo Lula 3, a crise de sa\u00fade na Terra Ind\u00edgena Yanomami tem sido evidenciada. No dia 20 de janeiro de 2023, o Minist\u00e9rio da Sa\u00fade declarou, atrav\u00e9s da Portaria GM\/MS n\u00ba 28, Emerg\u00eancia em Sa\u00fade P\u00fablica de Import\u00e2ncia Nacional (Espin) na regi\u00e3o e instituiu o Centro de Opera\u00e7\u00f5es de Emerg\u00eancias em Sa\u00fade P\u00fablica (Coe-Yanomami).<\/p>\n\n\n\n<div class=\"wp-block-image\"><figure class=\"aligncenter size-large is-resized\"><img loading=\"lazy\" decoding=\"async\" src=\"https:\/\/jornalfatosenoticias.com.br\/wp-content\/uploads\/2024\/01\/consultoria-ambiental.jpg\" alt=\"\" class=\"wp-image-48314\" width=\"332\" height=\"300\" srcset=\"https:\/\/jornalfatosenoticias.com.br\/wp-content\/uploads\/2024\/01\/consultoria-ambiental.jpg 832w, https:\/\/jornalfatosenoticias.com.br\/wp-content\/uploads\/2024\/01\/consultoria-ambiental-300x272.jpg 300w, https:\/\/jornalfatosenoticias.com.br\/wp-content\/uploads\/2024\/01\/consultoria-ambiental-768x696.jpg 768w\" sizes=\"auto, (max-width: 332px) 100vw, 332px\" \/><\/figure><\/div>\n\n\n\n<p>O principal argumento utilizado para subsidiar as a\u00e7\u00f5es foram os dados do Sistema de Informa\u00e7\u00e3o da Aten\u00e7\u00e3o \u00e0 Sa\u00fade Ind\u00edgena (SIASI), que apontaram 538 \u00f3bitos em menores de cinco anos no territ\u00f3rio do Distrito Sanit\u00e1rio Especial Ind\u00edgena (DSEI) Yanomami, sendo 495 \u00f3bitos considerados por crit\u00e9rios de evitabilidade (92%), no per\u00edodo de 2019 a 2022. S\u00e3o considerados \u00f3bitos por crit\u00e9rios de evitabilidade aqueles preven\u00edveis pela atua\u00e7\u00e3o dos servi\u00e7os de sa\u00fade do governo.\u00a0Ainda de acordo com o Minist\u00e9rio, a \u201cdesassist\u00eancia sanit\u00e1ria e nutricional\u201d ocasionou a crise constatada no in\u00edcio do governo Lula 3.<\/p>\n\n\n\n<div class=\"wp-block-image\"><figure class=\"aligncenter size-large is-resized\"><img loading=\"lazy\" decoding=\"async\" src=\"https:\/\/jornalfatosenoticias.com.br\/wp-content\/uploads\/2020\/02\/LOGO-BLU-COMERCIAL-PRETO-1024x600.jpg\" alt=\"\" class=\"wp-image-44089\" width=\"339\" height=\"198\"\/><\/figure><\/div>\n\n\n\n<p>Neste contexto, o Minist\u00e9rio da Sa\u00fade passou a divulgar informes sobre os atendimentos e a\u00e7\u00f5es na Terra Ind\u00edgena Yanomami. Mas a divulga\u00e7\u00e3o foi confusa e pouco transparente. Ela come\u00e7ou de forma di\u00e1ria enquanto o governo capitalizava politicamente a ajuda aos yanomamis. Depois se tornou semanal e mensal. Nem sempre os n\u00fameros de mortes eram divulgados e chegou a ocorrer uma corre\u00e7\u00e3o geral no dia 26 de setembro de 2023 quando uma grande quantidade de dados antigos foram apagados e substitu\u00eddos por novos.<\/p>\n\n\n\n<div class=\"wp-block-image\"><figure class=\"aligncenter size-large is-resized\"><img loading=\"lazy\" decoding=\"async\" src=\"https:\/\/jornalfatosenoticias.com.br\/wp-content\/uploads\/2020\/02\/CONTROL-CS.jpg\" alt=\"\" class=\"wp-image-44991\" width=\"330\" height=\"395\" srcset=\"https:\/\/jornalfatosenoticias.com.br\/wp-content\/uploads\/2020\/02\/CONTROL-CS.jpg 834w, https:\/\/jornalfatosenoticias.com.br\/wp-content\/uploads\/2020\/02\/CONTROL-CS-250x300.jpg 250w, https:\/\/jornalfatosenoticias.com.br\/wp-content\/uploads\/2020\/02\/CONTROL-CS-768x921.jpg 768w\" sizes=\"auto, (max-width: 330px) 100vw, 330px\" \/><\/figure><\/div>\n\n\n\n<p>Outro problema para contabilizar as a\u00e7\u00f5es do governo federal em rela\u00e7\u00e3o aos yanomami \u00e9 gerado por mudan\u00e7as de metodologia sobre a contabiliza\u00e7\u00e3o de alimentos para as comunidades ind\u00edgenas. Nos informes do Minist\u00e9rio da Sa\u00fade, primeiro os alimentos eram contabilizados como unidades de cestas b\u00e1sicas. Depois passaram a ser computados por quilo. Houve ainda um per\u00edodo de duas semanas em que n\u00e3o h\u00e1 nenhum dado dispon\u00edvel de distribui\u00e7\u00e3o dos alimentos.<\/p>\n\n\n\n<div class=\"wp-block-image\"><figure class=\"aligncenter size-large is-resized\"><img loading=\"lazy\" decoding=\"async\" src=\"https:\/\/jornalfatosenoticias.com.br\/wp-content\/uploads\/2023\/08\/BKR-1024x1021.jpg\" alt=\"\" class=\"wp-image-44494\" width=\"313\" height=\"312\" srcset=\"https:\/\/jornalfatosenoticias.com.br\/wp-content\/uploads\/2023\/08\/BKR-1024x1021.jpg 1024w, https:\/\/jornalfatosenoticias.com.br\/wp-content\/uploads\/2023\/08\/BKR-300x300.jpg 300w, https:\/\/jornalfatosenoticias.com.br\/wp-content\/uploads\/2023\/08\/BKR-150x150.jpg 150w, https:\/\/jornalfatosenoticias.com.br\/wp-content\/uploads\/2023\/08\/BKR-768x766.jpg 768w, https:\/\/jornalfatosenoticias.com.br\/wp-content\/uploads\/2023\/08\/BKR.jpg 1080w\" sizes=\"auto, (max-width: 313px) 100vw, 313px\" \/><\/figure><\/div>\n\n\n\n<p>Por meio do Minist\u00e9rio dos Povos Ind\u00edgenas, o Minist\u00e9rio do Desenvolvimento e Assist\u00eancia Social, Fam\u00edlia e Combate \u00e0 Fome (MDS) informou que o governo federal destinou, em 2023, cerca de 58,4 mil cestas aos Yanomami, sendo 47,1 mil para Roraima e 11,5 mil cestas para o Amazonas, com valor total aproximado de R$ 40 milh\u00f5es para a a\u00e7\u00e3o.<\/p>\n\n\n\n<div class=\"wp-block-image\"><figure class=\"aligncenter size-large\"><img loading=\"lazy\" decoding=\"async\" width=\"300\" height=\"250\" src=\"https:\/\/jornalfatosenoticias.com.br\/wp-content\/uploads\/2022\/02\/FERRARI_MAQUINAS-E-FERRAMENTAS2.jpg\" alt=\"\" class=\"wp-image-27860\"\/><\/figure><\/div>\n\n\n\n<p><strong><span class=\"has-inline-color has-black-color\">Composi\u00e7\u00e3o nutricional das cestas b\u00e1sicas tem diverg\u00eancias\u00a0<br><\/span><\/strong>Alvo de diversas cr\u00edticas durante o governo do ex-presidente Jair Bolsonaro (PL), os itens das cestas b\u00e1sicas seguem sendo um problema. Em maio de 2023, o Estad\u00e3o apontou que no governo passado foram destinados R$ 4,4 milh\u00f5es para enviar ao\u00a0Territ\u00f3rio Yanomami\u00a0alimentos que n\u00e3o s\u00e3o consumidos pelos ind\u00edgenas. Dentre os alimentos, estariam a calabresa e a sardinha.<br>Na \u00e9poca, foi revelado ainda que o caso foi levado ao Minist\u00e9rio P\u00fablico. \u201cOs yanomamis n\u00e3o comem sardinha nem calabresa\u201d, informou a coordenadora da Frente de Prote\u00e7\u00e3o Etnoambiental Yanomami, Elayne Rodrigues Maciel, respons\u00e1vel pelo \u00f3rg\u00e3o da Funai com atribui\u00e7\u00e3o exclusiva sobre a Terra Ind\u00edgena Yanomami, em depoimento ao MP.<\/p>\n\n\n\n<div class=\"wp-block-image\"><figure class=\"aligncenter size-large is-resized\"><img loading=\"lazy\" decoding=\"async\" src=\"https:\/\/jornalfatosenoticias.com.br\/wp-content\/uploads\/2022\/10\/RC_800x750_page-0001.jpg\" alt=\"\" class=\"wp-image-35338\" width=\"286\" height=\"268\" srcset=\"https:\/\/jornalfatosenoticias.com.br\/wp-content\/uploads\/2022\/10\/RC_800x750_page-0001.jpg 400w, https:\/\/jornalfatosenoticias.com.br\/wp-content\/uploads\/2022\/10\/RC_800x750_page-0001-300x281.jpg 300w\" sizes=\"auto, (max-width: 286px) 100vw, 286px\" \/><\/figure><\/div>\n\n\n\n<p>No entanto, em fevereiro de 2023, uma nota t\u00e9cnica elaborada pelo Minist\u00e9rio da Sa\u00fade\u00a0apresentou uma proposta de cesta alimentar padr\u00e3o para serem entregues aos ind\u00edgenas.\u00a0A orienta\u00e7\u00e3o \u00e9 enviar arroz, farinha de milho e de mandioca, leite em p\u00f3, goma de tapioca, castanha ou amendoim e at\u00e9 lata de sardinha.<br>A nota t\u00e9cnica do Minist\u00e9rio da Sa\u00fade afirma que os itens n\u00e3o perec\u00edveis listados acima seriam os \u201cmais indicados, considerando a qualidade e valor nutricional, bem como as limita\u00e7\u00f5es impostas pela necessidade de estoque e armazenamento\u201d. <\/p>\n\n\n\n<div class=\"wp-block-image\"><figure class=\"aligncenter size-large is-resized\"><img loading=\"lazy\" decoding=\"async\" src=\"https:\/\/jornalfatosenoticias.com.br\/wp-content\/uploads\/2023\/03\/logo-Panper_portal.jpg\" alt=\"\" class=\"wp-image-40208\" width=\"318\" height=\"220\" srcset=\"https:\/\/jornalfatosenoticias.com.br\/wp-content\/uploads\/2023\/03\/logo-Panper_portal.jpg 400w, https:\/\/jornalfatosenoticias.com.br\/wp-content\/uploads\/2023\/03\/logo-Panper_portal-300x208.jpg 300w\" sizes=\"auto, (max-width: 318px) 100vw, 318px\" \/><\/figure><\/div>\n\n\n\n<p>No entanto, os ind\u00edgenas e m\u00e9dicos que atuam na regi\u00e3o, refor\u00e7am que nem todos esses alimentos s\u00e3o comuns na alimenta\u00e7\u00e3o yanomami. \u00c9 o caso da sardinha em lata. Apesar da nota t\u00e9cnica do Minist\u00e9rio da Sa\u00fade, o Minist\u00e9rio do Desenvolvimento Social, por meio do Minist\u00e9rio dos Povos Ind\u00edgenas, afirma que a composi\u00e7\u00e3o nutricional das cestas destinadas aos ind\u00edgenas \u00e9 indicada pela Funda\u00e7\u00e3o Nacional dos Povos Ind\u00edgenas (Funai). A Funai foi procurada pela reda\u00e7\u00e3o da<strong> Gazeta do Povo<\/strong> para se manifestar sobre o tema, mas n\u00e3o retornou at\u00e9 o fechamento desta mat\u00e9ria.<\/p>\n\n\n\n<div class=\"wp-block-image\"><figure class=\"aligncenter size-large is-resized\"><img loading=\"lazy\" decoding=\"async\" src=\"https:\/\/jornalfatosenoticias.com.br\/wp-content\/uploads\/2023\/09\/vetorvix1024_1.jpg\" alt=\"\" class=\"wp-image-44868\" width=\"475\" height=\"126\" srcset=\"https:\/\/jornalfatosenoticias.com.br\/wp-content\/uploads\/2023\/09\/vetorvix1024_1.jpg 1024w, https:\/\/jornalfatosenoticias.com.br\/wp-content\/uploads\/2023\/09\/vetorvix1024_1-300x80.jpg 300w, https:\/\/jornalfatosenoticias.com.br\/wp-content\/uploads\/2023\/09\/vetorvix1024_1-768x205.jpg 768w\" sizes=\"auto, (max-width: 475px) 100vw, 475px\" \/><\/figure><\/div>\n\n\n\n<p><strong><span class=\"has-inline-color has-black-color\">Ind\u00edgenas relatam quatro meses sem entrega de cestas b\u00e1sicas ou sementes\u00a0<br><\/span><\/strong>Em aldeias localizadas no Polo Base de Auaris, que fica na Terra Ind\u00edgena Yanomami, pelo menos 800 ind\u00edgenas est\u00e3o sem receber alimentos do governo federal h\u00e1 pelo menos quatro meses. O relato \u00e9 do presidente da Associa\u00e7\u00e3o Ipasaali Sanuma,\u00a0Mateus Sanuma, que representa o povo da regi\u00e3o.<br>Al\u00e9m da aus\u00eancia de distribui\u00e7\u00e3o de cestas b\u00e1sicas, o ind\u00edgena afirma n\u00e3o ter recebido aux\u00edlio recente do governo nem mesmo para plantar as ro\u00e7as que produziriam alimento para as fam\u00edlias. A distribui\u00e7\u00e3o de mudas de maniva (tamb\u00e9m chamada de macaxeira ou mandioca) chegou a ocorrer e foi registrada em publica\u00e7\u00e3o feita pela associa\u00e7\u00e3o ind\u00edgena liderada por Mateus Sanuma.<\/p>\n\n\n\n<div class=\"wp-block-image\"><figure class=\"aligncenter size-large is-resized\"><img loading=\"lazy\" decoding=\"async\" src=\"https:\/\/jornalfatosenoticias.com.br\/wp-content\/uploads\/2023\/08\/ITH.jpeg\" alt=\"\" class=\"wp-image-44638\" width=\"319\" height=\"259\" srcset=\"https:\/\/jornalfatosenoticias.com.br\/wp-content\/uploads\/2023\/08\/ITH.jpeg 800w, https:\/\/jornalfatosenoticias.com.br\/wp-content\/uploads\/2023\/08\/ITH-300x244.jpeg 300w, https:\/\/jornalfatosenoticias.com.br\/wp-content\/uploads\/2023\/08\/ITH-768x624.jpeg 768w\" sizes=\"auto, (max-width: 319px) 100vw, 319px\" \/><\/figure><\/div>\n\n\n\n<blockquote class=\"wp-block-quote is-layout-flow wp-block-quote-is-layout-flow\"><p><span class=\"has-inline-color has-luminous-vivid-orange-color\">N\u00f3s temos 30 ro\u00e7as, mas n\u00e3o temos sementes para plantar. N\u00f3s pedimos sementes de milho e maniva para a Funai, mas n\u00e3o mandaram. Meu povo n\u00e3o quer mais passar fome e quer plantar ro\u00e7as pra n\u00e3o ficar pedindo cestas b\u00e1sicas\u201d, relatou o ind\u00edgena Sanuma.<\/span><\/p><\/blockquote>\n\n\n\n<p>A <strong>Gazeta do Povo<\/strong> procurou a Funai e o Minist\u00e9rio dos Povos Ind\u00edgenas para tratar sobre as cestas b\u00e1sicas e sobre a destina\u00e7\u00e3o de sementes e mudas, mas n\u00e3o recebeu retorno sobre o assunto at\u00e9 o fechamento da reportagem. Uma das notas t\u00e9cnicas emitidas pelo Minist\u00e9rio da Sa\u00fade, no \u00e2mbito do Coe-Yanomami, trata a planta\u00e7\u00e3o de ro\u00e7as como uma das \u201cmedidas estruturantes para garantia da seguran\u00e7a e soberania alimentar dentro da Terra Ind\u00edgena Yanomami \u00e9 o apoio e fortalecimento das ro\u00e7as\u201d. No entanto, a nota t\u00e9cnica apresenta somente a necessidade de envio de ferramentas como fac\u00f5es, enxadas e machados, sem prever a necessidade de envio de sementes ou mudas.<\/p>\n\n\n\n<div class=\"wp-block-image\"><figure class=\"aligncenter size-large\"><img loading=\"lazy\" decoding=\"async\" width=\"729\" height=\"90\" src=\"https:\/\/jornalfatosenoticias.com.br\/wp-content\/uploads\/2020\/02\/Logo_Mizu.png\" alt=\"\" class=\"wp-image-1441\" srcset=\"https:\/\/jornalfatosenoticias.com.br\/wp-content\/uploads\/2020\/02\/Logo_Mizu.png 729w, https:\/\/jornalfatosenoticias.com.br\/wp-content\/uploads\/2020\/02\/Logo_Mizu-300x37.png 300w\" sizes=\"auto, (max-width: 729px) 100vw, 729px\" \/><\/figure><\/div>\n\n\n\n<p>A falta de profissionais que realmente tenham conhecimento sofre a popula\u00e7\u00e3o ind\u00edgena atuando na crise yanomami \u00e9 apontada como um dos principais problemas a serem solucionados. A afirma\u00e7\u00e3o foi feita pelo m\u00e9dico infectologista que atua em Boa Vista, Joel Gonzaga, durante entrevista para o programa Quem \u00e9 Quem, da R\u00e1dio Folha FM. \u201cNenhum governo resolve o problema. \u00c9 preciso que se tenha uma mudan\u00e7a de concep\u00e7\u00e3o\u201d, afirmou o m\u00e9dico, que destacou ainda que \u00e9 preciso dar condi\u00e7\u00f5es para que os ind\u00edgenas produzam o seu pr\u00f3prio alimento.<\/p>\n\n\n\n<p><strong><em>Fonte: <a href=\"https:\/\/www.gazetadopovo.com.br\/republica\/governo-muda-metodo-estatistico-e-dificulta-contabilizacao-de-mortes-de-indigenas-por-desnutricao\/\">Gazeta do Povo<\/a><\/em><\/strong><\/p>\n","protected":false},"excerpt":{"rendered":"<p>Alimentos como sardinha em lata, que n\u00e3o fazem parte da alimenta\u00e7\u00e3o dos ind\u00edgenas, s\u00e3o enviadas para combater desnutri\u00e7\u00e3o na Terra Ind\u00edgena Yanomami Por Aline Rechmann O governo federal alterou recentemente a forma de divulga\u00e7\u00e3o dos \u00f3bitos registrados na Terra Ind\u00edgena Yanomami, localizada entre Roraima e Amazonas. O \u00faltimo informe, publicado em 21 de dezembro pelo [&hellip;]<\/p>\n","protected":false},"author":2,"featured_media":48676,"comment_status":"open","ping_status":"open","sticky":false,"template":"","format":"standard","meta":{"footnotes":""},"categories":[10],"tags":[70,22621,1203,22622,1795,7580,22624,815,22623],"class_list":["post-48675","post","type-post","status-publish","format-standard","has-post-thumbnail","hentry","category-politica","tag-alimentos","tag-crise-yanomami","tag-fome","tag-funai-fundacao-nacional-do-indio","tag-jair-bolsonaro","tag-lula","tag-questoes-indigenas","tag-saude-publica","tag-valor-nutricional"],"yoast_head":"<!-- This site is optimized with the Yoast SEO plugin v26.5 - https:\/\/yoast.com\/wordpress\/plugins\/seo\/ -->\n<title>Governo muda m\u00e9todo estat\u00edstico e dificulta contabiliza\u00e7\u00e3o de mortes de ind\u00edgenas por desnutri\u00e7\u00e3o - Jornal Fatos e Not\u00edcias<\/title>\n<meta name=\"robots\" content=\"index, follow, max-snippet:-1, max-image-preview:large, max-video-preview:-1\" \/>\n<link rel=\"canonical\" href=\"https:\/\/jornalfatosenoticias.com.br\/index.php\/2024\/01\/23\/governo-muda-metodo-estatistico-e-dificulta-contabilizacao-de-mortes-de-indigenas-por-desnutricao\/\" \/>\n<meta property=\"og:locale\" content=\"pt_BR\" \/>\n<meta property=\"og:type\" content=\"article\" \/>\n<meta property=\"og:title\" content=\"Governo muda m\u00e9todo estat\u00edstico e dificulta contabiliza\u00e7\u00e3o de mortes de ind\u00edgenas por desnutri\u00e7\u00e3o - Jornal Fatos e Not\u00edcias\" \/>\n<meta property=\"og:description\" content=\"Alimentos como sardinha em lata, que n\u00e3o fazem parte da alimenta\u00e7\u00e3o dos ind\u00edgenas, s\u00e3o enviadas para combater desnutri\u00e7\u00e3o na Terra Ind\u00edgena Yanomami Por Aline Rechmann O governo federal alterou recentemente a forma de divulga\u00e7\u00e3o dos \u00f3bitos registrados na Terra Ind\u00edgena Yanomami, localizada entre Roraima e Amazonas. O \u00faltimo informe, publicado em 21 de dezembro pelo [&hellip;]\" \/>\n<meta property=\"og:url\" content=\"https:\/\/jornalfatosenoticias.com.br\/index.php\/2024\/01\/23\/governo-muda-metodo-estatistico-e-dificulta-contabilizacao-de-mortes-de-indigenas-por-desnutricao\/\" \/>\n<meta property=\"og:site_name\" content=\"Jornal Fatos e Not\u00edcias\" \/>\n<meta property=\"article:published_time\" content=\"2024-01-23T18:39:49+00:00\" \/>\n<meta property=\"article:modified_time\" content=\"2024-01-23T18:39:51+00:00\" \/>\n<meta property=\"og:image\" content=\"https:\/\/jornalfatosenoticias.com.br\/wp-content\/uploads\/2024\/01\/Indigenas-yanomami-sardinhas-lula.jpeg\" \/>\n\t<meta property=\"og:image:width\" content=\"960\" \/>\n\t<meta property=\"og:image:height\" content=\"540\" \/>\n\t<meta property=\"og:image:type\" content=\"image\/jpeg\" \/>\n<meta name=\"author\" content=\"Luzimara Fernandes\" \/>\n<meta name=\"twitter:card\" content=\"summary_large_image\" \/>\n<meta name=\"twitter:label1\" content=\"Escrito por\" \/>\n\t<meta name=\"twitter:data1\" content=\"Luzimara Fernandes\" \/>\n\t<meta name=\"twitter:label2\" content=\"Est. tempo de leitura\" \/>\n\t<meta name=\"twitter:data2\" content=\"9 minutos\" \/>\n<script type=\"application\/ld+json\" class=\"yoast-schema-graph\">{\"@context\":\"https:\/\/schema.org\",\"@graph\":[{\"@type\":\"Article\",\"@id\":\"https:\/\/jornalfatosenoticias.com.br\/index.php\/2024\/01\/23\/governo-muda-metodo-estatistico-e-dificulta-contabilizacao-de-mortes-de-indigenas-por-desnutricao\/#article\",\"isPartOf\":{\"@id\":\"https:\/\/jornalfatosenoticias.com.br\/index.php\/2024\/01\/23\/governo-muda-metodo-estatistico-e-dificulta-contabilizacao-de-mortes-de-indigenas-por-desnutricao\/\"},\"author\":{\"name\":\"Luzimara Fernandes\",\"@id\":\"https:\/\/jornalfatosenoticias.com.br\/#\/schema\/person\/d63837fa13ac8666eb9e74e0985d6f81\"},\"headline\":\"Governo muda m\u00e9todo estat\u00edstico e dificulta contabiliza\u00e7\u00e3o de mortes de ind\u00edgenas por desnutri\u00e7\u00e3o\",\"datePublished\":\"2024-01-23T18:39:49+00:00\",\"dateModified\":\"2024-01-23T18:39:51+00:00\",\"mainEntityOfPage\":{\"@id\":\"https:\/\/jornalfatosenoticias.com.br\/index.php\/2024\/01\/23\/governo-muda-metodo-estatistico-e-dificulta-contabilizacao-de-mortes-de-indigenas-por-desnutricao\/\"},\"wordCount\":1792,\"commentCount\":0,\"publisher\":{\"@id\":\"https:\/\/jornalfatosenoticias.com.br\/#organization\"},\"image\":{\"@id\":\"https:\/\/jornalfatosenoticias.com.br\/index.php\/2024\/01\/23\/governo-muda-metodo-estatistico-e-dificulta-contabilizacao-de-mortes-de-indigenas-por-desnutricao\/#primaryimage\"},\"thumbnailUrl\":\"https:\/\/jornalfatosenoticias.com.br\/wp-content\/uploads\/2024\/01\/Indigenas-yanomami-sardinhas-lula.jpeg\",\"keywords\":[\"alimentos\",\"crise yanomami\",\"fome\",\"Funai Funda\u00e7\u00e3o Nacional do \u00cdndio\",\"Jair Bolsonaro\",\"Lula\",\"quest\u00f5es ind\u00edgenas\",\"sa\u00fade p\u00fablica\",\"valor nutricional\"],\"articleSection\":[\"Pol\u00edtica\"],\"inLanguage\":\"pt-BR\",\"potentialAction\":[{\"@type\":\"CommentAction\",\"name\":\"Comment\",\"target\":[\"https:\/\/jornalfatosenoticias.com.br\/index.php\/2024\/01\/23\/governo-muda-metodo-estatistico-e-dificulta-contabilizacao-de-mortes-de-indigenas-por-desnutricao\/#respond\"]}]},{\"@type\":\"WebPage\",\"@id\":\"https:\/\/jornalfatosenoticias.com.br\/index.php\/2024\/01\/23\/governo-muda-metodo-estatistico-e-dificulta-contabilizacao-de-mortes-de-indigenas-por-desnutricao\/\",\"url\":\"https:\/\/jornalfatosenoticias.com.br\/index.php\/2024\/01\/23\/governo-muda-metodo-estatistico-e-dificulta-contabilizacao-de-mortes-de-indigenas-por-desnutricao\/\",\"name\":\"Governo muda m\u00e9todo estat\u00edstico e dificulta contabiliza\u00e7\u00e3o de mortes de ind\u00edgenas por desnutri\u00e7\u00e3o - Jornal Fatos e Not\u00edcias\",\"isPartOf\":{\"@id\":\"https:\/\/jornalfatosenoticias.com.br\/#website\"},\"primaryImageOfPage\":{\"@id\":\"https:\/\/jornalfatosenoticias.com.br\/index.php\/2024\/01\/23\/governo-muda-metodo-estatistico-e-dificulta-contabilizacao-de-mortes-de-indigenas-por-desnutricao\/#primaryimage\"},\"image\":{\"@id\":\"https:\/\/jornalfatosenoticias.com.br\/index.php\/2024\/01\/23\/governo-muda-metodo-estatistico-e-dificulta-contabilizacao-de-mortes-de-indigenas-por-desnutricao\/#primaryimage\"},\"thumbnailUrl\":\"https:\/\/jornalfatosenoticias.com.br\/wp-content\/uploads\/2024\/01\/Indigenas-yanomami-sardinhas-lula.jpeg\",\"datePublished\":\"2024-01-23T18:39:49+00:00\",\"dateModified\":\"2024-01-23T18:39:51+00:00\",\"breadcrumb\":{\"@id\":\"https:\/\/jornalfatosenoticias.com.br\/index.php\/2024\/01\/23\/governo-muda-metodo-estatistico-e-dificulta-contabilizacao-de-mortes-de-indigenas-por-desnutricao\/#breadcrumb\"},\"inLanguage\":\"pt-BR\",\"potentialAction\":[{\"@type\":\"ReadAction\",\"target\":[\"https:\/\/jornalfatosenoticias.com.br\/index.php\/2024\/01\/23\/governo-muda-metodo-estatistico-e-dificulta-contabilizacao-de-mortes-de-indigenas-por-desnutricao\/\"]}]},{\"@type\":\"ImageObject\",\"inLanguage\":\"pt-BR\",\"@id\":\"https:\/\/jornalfatosenoticias.com.br\/index.php\/2024\/01\/23\/governo-muda-metodo-estatistico-e-dificulta-contabilizacao-de-mortes-de-indigenas-por-desnutricao\/#primaryimage\",\"url\":\"https:\/\/jornalfatosenoticias.com.br\/wp-content\/uploads\/2024\/01\/Indigenas-yanomami-sardinhas-lula.jpeg\",\"contentUrl\":\"https:\/\/jornalfatosenoticias.com.br\/wp-content\/uploads\/2024\/01\/Indigenas-yanomami-sardinhas-lula.jpeg\",\"width\":960,\"height\":540},{\"@type\":\"BreadcrumbList\",\"@id\":\"https:\/\/jornalfatosenoticias.com.br\/index.php\/2024\/01\/23\/governo-muda-metodo-estatistico-e-dificulta-contabilizacao-de-mortes-de-indigenas-por-desnutricao\/#breadcrumb\",\"itemListElement\":[{\"@type\":\"ListItem\",\"position\":1,\"name\":\"In\u00edcio\",\"item\":\"https:\/\/jornalfatosenoticias.com.br\/\"},{\"@type\":\"ListItem\",\"position\":2,\"name\":\"Governo muda m\u00e9todo estat\u00edstico e dificulta contabiliza\u00e7\u00e3o de mortes de ind\u00edgenas por desnutri\u00e7\u00e3o\"}]},{\"@type\":\"WebSite\",\"@id\":\"https:\/\/jornalfatosenoticias.com.br\/#website\",\"url\":\"https:\/\/jornalfatosenoticias.com.br\/\",\"name\":\"Jornal Fatos e Not\u00edcias\",\"description\":\"Not\u00edcias em geral\",\"publisher\":{\"@id\":\"https:\/\/jornalfatosenoticias.com.br\/#organization\"},\"potentialAction\":[{\"@type\":\"SearchAction\",\"target\":{\"@type\":\"EntryPoint\",\"urlTemplate\":\"https:\/\/jornalfatosenoticias.com.br\/?s={search_term_string}\"},\"query-input\":{\"@type\":\"PropertyValueSpecification\",\"valueRequired\":true,\"valueName\":\"search_term_string\"}}],\"inLanguage\":\"pt-BR\"},{\"@type\":\"Organization\",\"@id\":\"https:\/\/jornalfatosenoticias.com.br\/#organization\",\"name\":\"Jornal Fatos e Not\u00edcias\",\"url\":\"https:\/\/jornalfatosenoticias.com.br\/\",\"logo\":{\"@type\":\"ImageObject\",\"inLanguage\":\"pt-BR\",\"@id\":\"https:\/\/jornalfatosenoticias.com.br\/#\/schema\/logo\/image\/\",\"url\":\"https:\/\/jornalfatosenoticias.com.br\/wp-content\/uploads\/2020\/02\/logo120.png\",\"contentUrl\":\"https:\/\/jornalfatosenoticias.com.br\/wp-content\/uploads\/2020\/02\/logo120.png\",\"width\":1227,\"height\":120,\"caption\":\"Jornal Fatos e Not\u00edcias\"},\"image\":{\"@id\":\"https:\/\/jornalfatosenoticias.com.br\/#\/schema\/logo\/image\/\"}},{\"@type\":\"Person\",\"@id\":\"https:\/\/jornalfatosenoticias.com.br\/#\/schema\/person\/d63837fa13ac8666eb9e74e0985d6f81\",\"name\":\"Luzimara Fernandes\",\"image\":{\"@type\":\"ImageObject\",\"inLanguage\":\"pt-BR\",\"@id\":\"https:\/\/jornalfatosenoticias.com.br\/#\/schema\/person\/image\/\",\"url\":\"https:\/\/jornalfatosenoticias.com.br\/wp-content\/uploads\/2025\/05\/EU_portal.jpg\",\"contentUrl\":\"https:\/\/jornalfatosenoticias.com.br\/wp-content\/uploads\/2025\/05\/EU_portal.jpg\",\"caption\":\"Luzimara Fernandes\"},\"description\":\"Jornalista MTB 2358-ES\",\"sameAs\":[\"https:\/\/jornalfatosenoticias.com.br\"],\"url\":\"https:\/\/jornalfatosenoticias.com.br\/index.php\/author\/luzimara\/\"}]}<\/script>\n<!-- \/ Yoast SEO plugin. -->","yoast_head_json":{"title":"Governo muda m\u00e9todo estat\u00edstico e dificulta contabiliza\u00e7\u00e3o de mortes de ind\u00edgenas por desnutri\u00e7\u00e3o - Jornal Fatos e Not\u00edcias","robots":{"index":"index","follow":"follow","max-snippet":"max-snippet:-1","max-image-preview":"max-image-preview:large","max-video-preview":"max-video-preview:-1"},"canonical":"https:\/\/jornalfatosenoticias.com.br\/index.php\/2024\/01\/23\/governo-muda-metodo-estatistico-e-dificulta-contabilizacao-de-mortes-de-indigenas-por-desnutricao\/","og_locale":"pt_BR","og_type":"article","og_title":"Governo muda m\u00e9todo estat\u00edstico e dificulta contabiliza\u00e7\u00e3o de mortes de ind\u00edgenas por desnutri\u00e7\u00e3o - Jornal Fatos e Not\u00edcias","og_description":"Alimentos como sardinha em lata, que n\u00e3o fazem parte da alimenta\u00e7\u00e3o dos ind\u00edgenas, s\u00e3o enviadas para combater desnutri\u00e7\u00e3o na Terra Ind\u00edgena Yanomami Por Aline Rechmann O governo federal alterou recentemente a forma de divulga\u00e7\u00e3o dos \u00f3bitos registrados na Terra Ind\u00edgena Yanomami, localizada entre Roraima e Amazonas. O \u00faltimo informe, publicado em 21 de dezembro pelo [&hellip;]","og_url":"https:\/\/jornalfatosenoticias.com.br\/index.php\/2024\/01\/23\/governo-muda-metodo-estatistico-e-dificulta-contabilizacao-de-mortes-de-indigenas-por-desnutricao\/","og_site_name":"Jornal Fatos e Not\u00edcias","article_published_time":"2024-01-23T18:39:49+00:00","article_modified_time":"2024-01-23T18:39:51+00:00","og_image":[{"width":960,"height":540,"url":"https:\/\/jornalfatosenoticias.com.br\/wp-content\/uploads\/2024\/01\/Indigenas-yanomami-sardinhas-lula.jpeg","type":"image\/jpeg"}],"author":"Luzimara Fernandes","twitter_card":"summary_large_image","twitter_misc":{"Escrito por":"Luzimara Fernandes","Est. tempo de leitura":"9 minutos"},"schema":{"@context":"https:\/\/schema.org","@graph":[{"@type":"Article","@id":"https:\/\/jornalfatosenoticias.com.br\/index.php\/2024\/01\/23\/governo-muda-metodo-estatistico-e-dificulta-contabilizacao-de-mortes-de-indigenas-por-desnutricao\/#article","isPartOf":{"@id":"https:\/\/jornalfatosenoticias.com.br\/index.php\/2024\/01\/23\/governo-muda-metodo-estatistico-e-dificulta-contabilizacao-de-mortes-de-indigenas-por-desnutricao\/"},"author":{"name":"Luzimara Fernandes","@id":"https:\/\/jornalfatosenoticias.com.br\/#\/schema\/person\/d63837fa13ac8666eb9e74e0985d6f81"},"headline":"Governo muda m\u00e9todo estat\u00edstico e dificulta contabiliza\u00e7\u00e3o de mortes de ind\u00edgenas por desnutri\u00e7\u00e3o","datePublished":"2024-01-23T18:39:49+00:00","dateModified":"2024-01-23T18:39:51+00:00","mainEntityOfPage":{"@id":"https:\/\/jornalfatosenoticias.com.br\/index.php\/2024\/01\/23\/governo-muda-metodo-estatistico-e-dificulta-contabilizacao-de-mortes-de-indigenas-por-desnutricao\/"},"wordCount":1792,"commentCount":0,"publisher":{"@id":"https:\/\/jornalfatosenoticias.com.br\/#organization"},"image":{"@id":"https:\/\/jornalfatosenoticias.com.br\/index.php\/2024\/01\/23\/governo-muda-metodo-estatistico-e-dificulta-contabilizacao-de-mortes-de-indigenas-por-desnutricao\/#primaryimage"},"thumbnailUrl":"https:\/\/jornalfatosenoticias.com.br\/wp-content\/uploads\/2024\/01\/Indigenas-yanomami-sardinhas-lula.jpeg","keywords":["alimentos","crise yanomami","fome","Funai Funda\u00e7\u00e3o Nacional do \u00cdndio","Jair Bolsonaro","Lula","quest\u00f5es ind\u00edgenas","sa\u00fade p\u00fablica","valor nutricional"],"articleSection":["Pol\u00edtica"],"inLanguage":"pt-BR","potentialAction":[{"@type":"CommentAction","name":"Comment","target":["https:\/\/jornalfatosenoticias.com.br\/index.php\/2024\/01\/23\/governo-muda-metodo-estatistico-e-dificulta-contabilizacao-de-mortes-de-indigenas-por-desnutricao\/#respond"]}]},{"@type":"WebPage","@id":"https:\/\/jornalfatosenoticias.com.br\/index.php\/2024\/01\/23\/governo-muda-metodo-estatistico-e-dificulta-contabilizacao-de-mortes-de-indigenas-por-desnutricao\/","url":"https:\/\/jornalfatosenoticias.com.br\/index.php\/2024\/01\/23\/governo-muda-metodo-estatistico-e-dificulta-contabilizacao-de-mortes-de-indigenas-por-desnutricao\/","name":"Governo muda m\u00e9todo estat\u00edstico e dificulta contabiliza\u00e7\u00e3o de mortes de ind\u00edgenas por desnutri\u00e7\u00e3o - Jornal Fatos e Not\u00edcias","isPartOf":{"@id":"https:\/\/jornalfatosenoticias.com.br\/#website"},"primaryImageOfPage":{"@id":"https:\/\/jornalfatosenoticias.com.br\/index.php\/2024\/01\/23\/governo-muda-metodo-estatistico-e-dificulta-contabilizacao-de-mortes-de-indigenas-por-desnutricao\/#primaryimage"},"image":{"@id":"https:\/\/jornalfatosenoticias.com.br\/index.php\/2024\/01\/23\/governo-muda-metodo-estatistico-e-dificulta-contabilizacao-de-mortes-de-indigenas-por-desnutricao\/#primaryimage"},"thumbnailUrl":"https:\/\/jornalfatosenoticias.com.br\/wp-content\/uploads\/2024\/01\/Indigenas-yanomami-sardinhas-lula.jpeg","datePublished":"2024-01-23T18:39:49+00:00","dateModified":"2024-01-23T18:39:51+00:00","breadcrumb":{"@id":"https:\/\/jornalfatosenoticias.com.br\/index.php\/2024\/01\/23\/governo-muda-metodo-estatistico-e-dificulta-contabilizacao-de-mortes-de-indigenas-por-desnutricao\/#breadcrumb"},"inLanguage":"pt-BR","potentialAction":[{"@type":"ReadAction","target":["https:\/\/jornalfatosenoticias.com.br\/index.php\/2024\/01\/23\/governo-muda-metodo-estatistico-e-dificulta-contabilizacao-de-mortes-de-indigenas-por-desnutricao\/"]}]},{"@type":"ImageObject","inLanguage":"pt-BR","@id":"https:\/\/jornalfatosenoticias.com.br\/index.php\/2024\/01\/23\/governo-muda-metodo-estatistico-e-dificulta-contabilizacao-de-mortes-de-indigenas-por-desnutricao\/#primaryimage","url":"https:\/\/jornalfatosenoticias.com.br\/wp-content\/uploads\/2024\/01\/Indigenas-yanomami-sardinhas-lula.jpeg","contentUrl":"https:\/\/jornalfatosenoticias.com.br\/wp-content\/uploads\/2024\/01\/Indigenas-yanomami-sardinhas-lula.jpeg","width":960,"height":540},{"@type":"BreadcrumbList","@id":"https:\/\/jornalfatosenoticias.com.br\/index.php\/2024\/01\/23\/governo-muda-metodo-estatistico-e-dificulta-contabilizacao-de-mortes-de-indigenas-por-desnutricao\/#breadcrumb","itemListElement":[{"@type":"ListItem","position":1,"name":"In\u00edcio","item":"https:\/\/jornalfatosenoticias.com.br\/"},{"@type":"ListItem","position":2,"name":"Governo muda m\u00e9todo estat\u00edstico e dificulta contabiliza\u00e7\u00e3o de mortes de ind\u00edgenas por desnutri\u00e7\u00e3o"}]},{"@type":"WebSite","@id":"https:\/\/jornalfatosenoticias.com.br\/#website","url":"https:\/\/jornalfatosenoticias.com.br\/","name":"Jornal Fatos e Not\u00edcias","description":"Not\u00edcias em geral","publisher":{"@id":"https:\/\/jornalfatosenoticias.com.br\/#organization"},"potentialAction":[{"@type":"SearchAction","target":{"@type":"EntryPoint","urlTemplate":"https:\/\/jornalfatosenoticias.com.br\/?s={search_term_string}"},"query-input":{"@type":"PropertyValueSpecification","valueRequired":true,"valueName":"search_term_string"}}],"inLanguage":"pt-BR"},{"@type":"Organization","@id":"https:\/\/jornalfatosenoticias.com.br\/#organization","name":"Jornal Fatos e Not\u00edcias","url":"https:\/\/jornalfatosenoticias.com.br\/","logo":{"@type":"ImageObject","inLanguage":"pt-BR","@id":"https:\/\/jornalfatosenoticias.com.br\/#\/schema\/logo\/image\/","url":"https:\/\/jornalfatosenoticias.com.br\/wp-content\/uploads\/2020\/02\/logo120.png","contentUrl":"https:\/\/jornalfatosenoticias.com.br\/wp-content\/uploads\/2020\/02\/logo120.png","width":1227,"height":120,"caption":"Jornal Fatos e Not\u00edcias"},"image":{"@id":"https:\/\/jornalfatosenoticias.com.br\/#\/schema\/logo\/image\/"}},{"@type":"Person","@id":"https:\/\/jornalfatosenoticias.com.br\/#\/schema\/person\/d63837fa13ac8666eb9e74e0985d6f81","name":"Luzimara Fernandes","image":{"@type":"ImageObject","inLanguage":"pt-BR","@id":"https:\/\/jornalfatosenoticias.com.br\/#\/schema\/person\/image\/","url":"https:\/\/jornalfatosenoticias.com.br\/wp-content\/uploads\/2025\/05\/EU_portal.jpg","contentUrl":"https:\/\/jornalfatosenoticias.com.br\/wp-content\/uploads\/2025\/05\/EU_portal.jpg","caption":"Luzimara Fernandes"},"description":"Jornalista MTB 2358-ES","sameAs":["https:\/\/jornalfatosenoticias.com.br"],"url":"https:\/\/jornalfatosenoticias.com.br\/index.php\/author\/luzimara\/"}]}},"cc_featured_image_caption":{"caption_text":"(Foto: Divulga\u00e7\u00e3o\/For\u00e7as Armadas)","source_text":"","source_url":""},"jetpack_featured_media_url":"https:\/\/jornalfatosenoticias.com.br\/wp-content\/uploads\/2024\/01\/Indigenas-yanomami-sardinhas-lula.jpeg","_links":{"self":[{"href":"https:\/\/jornalfatosenoticias.com.br\/index.php\/wp-json\/wp\/v2\/posts\/48675","targetHints":{"allow":["GET"]}}],"collection":[{"href":"https:\/\/jornalfatosenoticias.com.br\/index.php\/wp-json\/wp\/v2\/posts"}],"about":[{"href":"https:\/\/jornalfatosenoticias.com.br\/index.php\/wp-json\/wp\/v2\/types\/post"}],"author":[{"embeddable":true,"href":"https:\/\/jornalfatosenoticias.com.br\/index.php\/wp-json\/wp\/v2\/users\/2"}],"replies":[{"embeddable":true,"href":"https:\/\/jornalfatosenoticias.com.br\/index.php\/wp-json\/wp\/v2\/comments?post=48675"}],"version-history":[{"count":0,"href":"https:\/\/jornalfatosenoticias.com.br\/index.php\/wp-json\/wp\/v2\/posts\/48675\/revisions"}],"wp:featuredmedia":[{"embeddable":true,"href":"https:\/\/jornalfatosenoticias.com.br\/index.php\/wp-json\/wp\/v2\/media\/48676"}],"wp:attachment":[{"href":"https:\/\/jornalfatosenoticias.com.br\/index.php\/wp-json\/wp\/v2\/media?parent=48675"}],"wp:term":[{"taxonomy":"category","embeddable":true,"href":"https:\/\/jornalfatosenoticias.com.br\/index.php\/wp-json\/wp\/v2\/categories?post=48675"},{"taxonomy":"post_tag","embeddable":true,"href":"https:\/\/jornalfatosenoticias.com.br\/index.php\/wp-json\/wp\/v2\/tags?post=48675"}],"curies":[{"name":"wp","href":"https:\/\/api.w.org\/{rel}","templated":true}]}}