{"id":48681,"date":"2024-01-24T13:25:31","date_gmt":"2024-01-24T16:25:31","guid":{"rendered":"https:\/\/jornalfatosenoticias.com.br\/?p=48681"},"modified":"2024-01-24T13:25:34","modified_gmt":"2024-01-24T16:25:34","slug":"caes-e-humanos-tem-os-mesmos-sintomas-em-casos-de-demencia-diz-estudo","status":"publish","type":"post","link":"https:\/\/jornalfatosenoticias.com.br\/index.php\/2024\/01\/24\/caes-e-humanos-tem-os-mesmos-sintomas-em-casos-de-demencia-diz-estudo\/","title":{"rendered":"C\u00e3es e humanos t\u00eam os mesmos sintomas em casos de dem\u00eancia, diz estudo"},"content":{"rendered":"\n<p><em><span class=\"has-inline-color has-black-color\">C\u00e3es com n\u00edveis mais altos de dem\u00eancia demoram mais para adormecer e passam menos tempo adormecidos. Problemas para dormir tamb\u00e9m aparecem em humanos com a mesma condi\u00e7\u00e3o<\/span><\/em><\/p>\n\n\n\n<p><span class=\"has-inline-color has-black-color\">Por <strong><a href=\"https:\/\/gizmodo.uol.com.br\/author\/isabela-oliveira\/\">Isabela Oliveira<\/a><\/strong><\/span><\/p>\n\n\n\n<div class=\"wp-block-image\"><figure class=\"aligncenter size-large\"><img loading=\"lazy\" decoding=\"async\" width=\"1024\" height=\"111\" src=\"https:\/\/jornalfatosenoticias.com.br\/wp-content\/uploads\/2020\/02\/WhatsApp-Image-2022-09-23-at-12.09.18-1024x111.jpeg\" alt=\"\" class=\"wp-image-34527\" srcset=\"https:\/\/jornalfatosenoticias.com.br\/wp-content\/uploads\/2020\/02\/WhatsApp-Image-2022-09-23-at-12.09.18-1024x111.jpeg 1024w, https:\/\/jornalfatosenoticias.com.br\/wp-content\/uploads\/2020\/02\/WhatsApp-Image-2022-09-23-at-12.09.18-300x32.jpeg 300w, https:\/\/jornalfatosenoticias.com.br\/wp-content\/uploads\/2020\/02\/WhatsApp-Image-2022-09-23-at-12.09.18-768x83.jpeg 768w, https:\/\/jornalfatosenoticias.com.br\/wp-content\/uploads\/2020\/02\/WhatsApp-Image-2022-09-23-at-12.09.18.jpeg 1121w\" sizes=\"auto, (max-width: 1024px) 100vw, 1024px\" \/><\/figure><\/div>\n\n\n\n<p>O melhor amigo do homem tem sintomas semelhantes aos dos seres humanos quando sofre de dem\u00eancia. \u00c9 o que diz um estudo da Universidade Estadual da Carolina do Norte, nos EUA, publicado na revista <a href=\"https:\/\/www.frontiersin.org\/articles\/10.3389\/fvets.2023.1151266\/full\"><em>Frontiers in Veterinary Science<\/em><\/a>. Segundo a pesquisa, c\u00e3es que enfrentam a doen\u00e7a tendem a dormir menos do que aqueles que t\u00eam c\u00e9rebros saud\u00e1veis, assim como acontece com as pessoas.<br>A equipe tamb\u00e9m descobriu mudan\u00e7as nas ondas cerebrais de pessoas com dem\u00eancia durante o sono. O dist\u00farbio <a href=\"https:\/\/gizmodo.uol.com.br\/demencia-frontotemporal-disturbio-bruce-willis\/\">atingiu, por exemplo, o ator Bruce Willis<\/a>, que teve seu diagn\u00f3stico em fevereiro deste ano. Segundo os resultados, h\u00e1 uma diminui\u00e7\u00e3o das ondas cerebrais lentas que durante o sono profundo sem movimento r\u00e1pido dos olhos (REM). Al\u00e9m de serem importantes para consolidar a mem\u00f3ria, elas indicam que o sistema cerebral est\u00e1 trabalhando na elimina\u00e7\u00e3o de res\u00edduos.<\/p>\n\n\n\n<div class=\"wp-block-image\"><figure class=\"aligncenter size-large is-resized\"><img loading=\"lazy\" decoding=\"async\" src=\"https:\/\/jornalfatosenoticias.com.br\/wp-content\/uploads\/2024\/01\/consultoria-ambiental.jpg\" alt=\"\" class=\"wp-image-48314\" width=\"353\" height=\"319\" srcset=\"https:\/\/jornalfatosenoticias.com.br\/wp-content\/uploads\/2024\/01\/consultoria-ambiental.jpg 832w, https:\/\/jornalfatosenoticias.com.br\/wp-content\/uploads\/2024\/01\/consultoria-ambiental-300x272.jpg 300w, https:\/\/jornalfatosenoticias.com.br\/wp-content\/uploads\/2024\/01\/consultoria-ambiental-768x696.jpg 768w\" sizes=\"auto, (max-width: 353px) 100vw, 353px\" \/><\/figure><\/div>\n\n\n\n<p>A pesquisa analisou 28 c\u00e3es com idades entre 10 e 16 anos. Um eletroencefalograma (EEG) registrou suas ondas cerebrais durante uma soneca da tarde com dura\u00e7\u00e3o de duas horas. Al\u00e9m disso, seus donos ainda responderam question\u00e1rios sobre o comportamento dos bichos.<\/p>\n\n\n\n<div class=\"wp-block-image\"><figure class=\"aligncenter size-large is-resized\"><img loading=\"lazy\" decoding=\"async\" src=\"https:\/\/jornalfatosenoticias.com.br\/wp-content\/uploads\/2020\/02\/logo-Rapuzel-1024x571.jpg\" alt=\"\" class=\"wp-image-42808\" width=\"329\" height=\"183\" srcset=\"https:\/\/jornalfatosenoticias.com.br\/wp-content\/uploads\/2020\/02\/logo-Rapuzel-1024x571.jpg 1024w, https:\/\/jornalfatosenoticias.com.br\/wp-content\/uploads\/2020\/02\/logo-Rapuzel-300x167.jpg 300w, https:\/\/jornalfatosenoticias.com.br\/wp-content\/uploads\/2020\/02\/logo-Rapuzel-768x428.jpg 768w, https:\/\/jornalfatosenoticias.com.br\/wp-content\/uploads\/2020\/02\/logo-Rapuzel-1536x856.jpg 1536w, https:\/\/jornalfatosenoticias.com.br\/wp-content\/uploads\/2020\/02\/logo-Rapuzel.jpg 1600w\" sizes=\"auto, (max-width: 329px) 100vw, 329px\" \/><\/figure><\/div>\n\n\n\n<p>Os pets, por sua vez, passaram por avalia\u00e7\u00f5es em uma s\u00e9rie de tarefas de resolu\u00e7\u00e3o de problemas, mem\u00f3ria e aten\u00e7\u00e3o, a fim de avaliar a presen\u00e7a de dem\u00eancia canina e poss\u00edveis riscos. O resultado mostrou que vinte dos animais j\u00e1 apresentavam certo comprometimento cognitivo, sendo oito deles em n\u00edvel grave. A equipe chegou \u00e0 conclus\u00e3o de que c\u00e3es com n\u00edveis mais altos de dem\u00eancia demoram mais para adormecer e passam menos tempo adormecidos.<\/p>\n\n\n\n<div class=\"wp-block-image\"><figure class=\"aligncenter size-large\"><img loading=\"lazy\" decoding=\"async\" width=\"300\" height=\"250\" src=\"https:\/\/jornalfatosenoticias.com.br\/wp-content\/uploads\/2020\/02\/Banner-2.png\" alt=\"\" class=\"wp-image-43787\"\/><\/figure><\/div>\n\n\n\n<p>Pesquisadores apontaram que mudan\u00e7as h\u00e1bitos de sono s\u00e3o esperadas em cachorros mais velhos e podem ser um pren\u00fancio de decl\u00ednio na cogni\u00e7\u00e3o. Em seres humanos, a dificuldade para dormir pode aumentar os riscos do dist\u00farbio. Saiba mais\u00a0<a href=\"https:\/\/gizmodo.uol.com.br\/dificuldade-para-dormir-pode-aumentar-o-risco-de-demencia-sugere-estudo\/\">nesta mat\u00e9ria do\u00a0<strong>Giz Brasil.<\/strong><\/a> Al\u00e9m disso, c\u00e3es com pior desempenho em uma tarefa de mem\u00f3ria experimentaram um sono REM menos profundo.<\/p>\n\n\n\n<div class=\"wp-block-image\"><figure class=\"aligncenter size-large is-resized\"><img loading=\"lazy\" decoding=\"async\" src=\"https:\/\/jornalfatosenoticias.com.br\/wp-content\/uploads\/2022\/02\/Precisao-Contabilidade-1024x724.jpg\" alt=\"\" class=\"wp-image-28088\" width=\"344\" height=\"243\"\/><\/figure><\/div>\n\n\n\n<p>Atualmente, a dem\u00eancia ainda \u00e9 um mal sem cura, seja para humanos ou cachorros. Contudo, a equipe espera acompanhar os animais antes e durante a progress\u00e3o da s\u00edndrome para identificar mudan\u00e7as precoces que possam prever novos problemas.<\/p>\n\n\n\n<div class=\"wp-block-image\"><figure class=\"aligncenter size-large is-resized\"><img loading=\"lazy\" decoding=\"async\" src=\"https:\/\/jornalfatosenoticias.com.br\/wp-content\/uploads\/2023\/12\/pegoretti-logo-pdf-1024x389.jpg\" alt=\"\" class=\"wp-image-47536\" width=\"395\" height=\"150\" srcset=\"https:\/\/jornalfatosenoticias.com.br\/wp-content\/uploads\/2023\/12\/pegoretti-logo-pdf-1024x389.jpg 1024w, https:\/\/jornalfatosenoticias.com.br\/wp-content\/uploads\/2023\/12\/pegoretti-logo-pdf-300x114.jpg 300w, https:\/\/jornalfatosenoticias.com.br\/wp-content\/uploads\/2023\/12\/pegoretti-logo-pdf-768x291.jpg 768w, https:\/\/jornalfatosenoticias.com.br\/wp-content\/uploads\/2023\/12\/pegoretti-logo-pdf.jpg 1120w\" sizes=\"auto, (max-width: 395px) 100vw, 395px\" \/><\/figure><\/div>\n\n\n\n<p><strong><em>Fonte: <a href=\"https:\/\/gizmodo.uol.com.br\/caes-e-humanos-tem-os-mesmos-sintomas-em-casos-de-demencia-diz-estudo\/\">Giz Brasil<\/a><\/em><\/strong><\/p>\n","protected":false},"excerpt":{"rendered":"<p>C\u00e3es com n\u00edveis mais altos de dem\u00eancia demoram mais para adormecer e passam menos tempo adormecidos. Problemas para dormir tamb\u00e9m aparecem em humanos com a mesma condi\u00e7\u00e3o Por Isabela Oliveira O melhor amigo do homem tem sintomas semelhantes aos dos seres humanos quando sofre de dem\u00eancia. \u00c9 o que diz um estudo da Universidade Estadual [&hellip;]<\/p>\n","protected":false},"author":2,"featured_media":48682,"comment_status":"open","ping_status":"open","sticky":false,"template":"","format":"standard","meta":{"footnotes":""},"categories":[9710],"tags":[754,3402,22625],"class_list":["post-48681","post","type-post","status-publish","format-standard","has-post-thumbnail","hentry","category-pets","tag-caes","tag-demencia","tag-demencia-canina"],"yoast_head":"<!-- This site is optimized with the Yoast SEO plugin v26.5 - https:\/\/yoast.com\/wordpress\/plugins\/seo\/ -->\n<title>C\u00e3es e humanos t\u00eam os mesmos sintomas em casos de dem\u00eancia, diz estudo - Jornal Fatos e Not\u00edcias<\/title>\n<meta name=\"robots\" content=\"index, follow, max-snippet:-1, max-image-preview:large, max-video-preview:-1\" \/>\n<link rel=\"canonical\" href=\"https:\/\/jornalfatosenoticias.com.br\/index.php\/2024\/01\/24\/caes-e-humanos-tem-os-mesmos-sintomas-em-casos-de-demencia-diz-estudo\/\" \/>\n<meta property=\"og:locale\" content=\"pt_BR\" \/>\n<meta property=\"og:type\" content=\"article\" \/>\n<meta property=\"og:title\" content=\"C\u00e3es e humanos t\u00eam os mesmos sintomas em casos de dem\u00eancia, diz estudo - Jornal Fatos e Not\u00edcias\" \/>\n<meta property=\"og:description\" content=\"C\u00e3es com n\u00edveis mais altos de dem\u00eancia demoram mais para adormecer e passam menos tempo adormecidos. Problemas para dormir tamb\u00e9m aparecem em humanos com a mesma condi\u00e7\u00e3o Por Isabela Oliveira O melhor amigo do homem tem sintomas semelhantes aos dos seres humanos quando sofre de dem\u00eancia. \u00c9 o que diz um estudo da Universidade Estadual [&hellip;]\" \/>\n<meta property=\"og:url\" content=\"https:\/\/jornalfatosenoticias.com.br\/index.php\/2024\/01\/24\/caes-e-humanos-tem-os-mesmos-sintomas-em-casos-de-demencia-diz-estudo\/\" \/>\n<meta property=\"og:site_name\" content=\"Jornal Fatos e Not\u00edcias\" \/>\n<meta property=\"article:published_time\" content=\"2024-01-24T16:25:31+00:00\" \/>\n<meta property=\"article:modified_time\" content=\"2024-01-24T16:25:34+00:00\" \/>\n<meta property=\"og:image\" content=\"https:\/\/jornalfatosenoticias.com.br\/wp-content\/uploads\/2024\/01\/demencia-canina_istockphoto.jpg\" \/>\n\t<meta property=\"og:image:width\" content=\"612\" \/>\n\t<meta property=\"og:image:height\" content=\"408\" \/>\n\t<meta property=\"og:image:type\" content=\"image\/jpeg\" \/>\n<meta name=\"author\" content=\"Luzimara Fernandes\" \/>\n<meta name=\"twitter:card\" content=\"summary_large_image\" \/>\n<meta name=\"twitter:label1\" content=\"Escrito por\" \/>\n\t<meta name=\"twitter:data1\" content=\"Luzimara Fernandes\" \/>\n\t<meta name=\"twitter:label2\" content=\"Est. tempo de leitura\" \/>\n\t<meta name=\"twitter:data2\" content=\"2 minutos\" \/>\n<script type=\"application\/ld+json\" class=\"yoast-schema-graph\">{\"@context\":\"https:\/\/schema.org\",\"@graph\":[{\"@type\":\"Article\",\"@id\":\"https:\/\/jornalfatosenoticias.com.br\/index.php\/2024\/01\/24\/caes-e-humanos-tem-os-mesmos-sintomas-em-casos-de-demencia-diz-estudo\/#article\",\"isPartOf\":{\"@id\":\"https:\/\/jornalfatosenoticias.com.br\/index.php\/2024\/01\/24\/caes-e-humanos-tem-os-mesmos-sintomas-em-casos-de-demencia-diz-estudo\/\"},\"author\":{\"name\":\"Luzimara Fernandes\",\"@id\":\"https:\/\/jornalfatosenoticias.com.br\/#\/schema\/person\/d63837fa13ac8666eb9e74e0985d6f81\"},\"headline\":\"C\u00e3es e humanos t\u00eam os mesmos sintomas em casos de dem\u00eancia, diz estudo\",\"datePublished\":\"2024-01-24T16:25:31+00:00\",\"dateModified\":\"2024-01-24T16:25:34+00:00\",\"mainEntityOfPage\":{\"@id\":\"https:\/\/jornalfatosenoticias.com.br\/index.php\/2024\/01\/24\/caes-e-humanos-tem-os-mesmos-sintomas-em-casos-de-demencia-diz-estudo\/\"},\"wordCount\":443,\"commentCount\":0,\"publisher\":{\"@id\":\"https:\/\/jornalfatosenoticias.com.br\/#organization\"},\"image\":{\"@id\":\"https:\/\/jornalfatosenoticias.com.br\/index.php\/2024\/01\/24\/caes-e-humanos-tem-os-mesmos-sintomas-em-casos-de-demencia-diz-estudo\/#primaryimage\"},\"thumbnailUrl\":\"https:\/\/jornalfatosenoticias.com.br\/wp-content\/uploads\/2024\/01\/demencia-canina_istockphoto.jpg\",\"keywords\":[\"c\u00e3es\",\"dem\u00eancia\",\"dem\u00eancia canina\"],\"articleSection\":[\"Pets\"],\"inLanguage\":\"pt-BR\",\"potentialAction\":[{\"@type\":\"CommentAction\",\"name\":\"Comment\",\"target\":[\"https:\/\/jornalfatosenoticias.com.br\/index.php\/2024\/01\/24\/caes-e-humanos-tem-os-mesmos-sintomas-em-casos-de-demencia-diz-estudo\/#respond\"]}]},{\"@type\":\"WebPage\",\"@id\":\"https:\/\/jornalfatosenoticias.com.br\/index.php\/2024\/01\/24\/caes-e-humanos-tem-os-mesmos-sintomas-em-casos-de-demencia-diz-estudo\/\",\"url\":\"https:\/\/jornalfatosenoticias.com.br\/index.php\/2024\/01\/24\/caes-e-humanos-tem-os-mesmos-sintomas-em-casos-de-demencia-diz-estudo\/\",\"name\":\"C\u00e3es e humanos t\u00eam os mesmos sintomas em casos de dem\u00eancia, diz estudo - Jornal Fatos e Not\u00edcias\",\"isPartOf\":{\"@id\":\"https:\/\/jornalfatosenoticias.com.br\/#website\"},\"primaryImageOfPage\":{\"@id\":\"https:\/\/jornalfatosenoticias.com.br\/index.php\/2024\/01\/24\/caes-e-humanos-tem-os-mesmos-sintomas-em-casos-de-demencia-diz-estudo\/#primaryimage\"},\"image\":{\"@id\":\"https:\/\/jornalfatosenoticias.com.br\/index.php\/2024\/01\/24\/caes-e-humanos-tem-os-mesmos-sintomas-em-casos-de-demencia-diz-estudo\/#primaryimage\"},\"thumbnailUrl\":\"https:\/\/jornalfatosenoticias.com.br\/wp-content\/uploads\/2024\/01\/demencia-canina_istockphoto.jpg\",\"datePublished\":\"2024-01-24T16:25:31+00:00\",\"dateModified\":\"2024-01-24T16:25:34+00:00\",\"breadcrumb\":{\"@id\":\"https:\/\/jornalfatosenoticias.com.br\/index.php\/2024\/01\/24\/caes-e-humanos-tem-os-mesmos-sintomas-em-casos-de-demencia-diz-estudo\/#breadcrumb\"},\"inLanguage\":\"pt-BR\",\"potentialAction\":[{\"@type\":\"ReadAction\",\"target\":[\"https:\/\/jornalfatosenoticias.com.br\/index.php\/2024\/01\/24\/caes-e-humanos-tem-os-mesmos-sintomas-em-casos-de-demencia-diz-estudo\/\"]}]},{\"@type\":\"ImageObject\",\"inLanguage\":\"pt-BR\",\"@id\":\"https:\/\/jornalfatosenoticias.com.br\/index.php\/2024\/01\/24\/caes-e-humanos-tem-os-mesmos-sintomas-em-casos-de-demencia-diz-estudo\/#primaryimage\",\"url\":\"https:\/\/jornalfatosenoticias.com.br\/wp-content\/uploads\/2024\/01\/demencia-canina_istockphoto.jpg\",\"contentUrl\":\"https:\/\/jornalfatosenoticias.com.br\/wp-content\/uploads\/2024\/01\/demencia-canina_istockphoto.jpg\",\"width\":612,\"height\":408,\"caption\":\"African-American yoga instructor is sitting in the yard petting her beautiful dog. Copy space\"},{\"@type\":\"BreadcrumbList\",\"@id\":\"https:\/\/jornalfatosenoticias.com.br\/index.php\/2024\/01\/24\/caes-e-humanos-tem-os-mesmos-sintomas-em-casos-de-demencia-diz-estudo\/#breadcrumb\",\"itemListElement\":[{\"@type\":\"ListItem\",\"position\":1,\"name\":\"In\u00edcio\",\"item\":\"https:\/\/jornalfatosenoticias.com.br\/\"},{\"@type\":\"ListItem\",\"position\":2,\"name\":\"C\u00e3es e humanos t\u00eam os mesmos sintomas em casos de dem\u00eancia, diz estudo\"}]},{\"@type\":\"WebSite\",\"@id\":\"https:\/\/jornalfatosenoticias.com.br\/#website\",\"url\":\"https:\/\/jornalfatosenoticias.com.br\/\",\"name\":\"Jornal Fatos e Not\u00edcias\",\"description\":\"Not\u00edcias em geral\",\"publisher\":{\"@id\":\"https:\/\/jornalfatosenoticias.com.br\/#organization\"},\"potentialAction\":[{\"@type\":\"SearchAction\",\"target\":{\"@type\":\"EntryPoint\",\"urlTemplate\":\"https:\/\/jornalfatosenoticias.com.br\/?s={search_term_string}\"},\"query-input\":{\"@type\":\"PropertyValueSpecification\",\"valueRequired\":true,\"valueName\":\"search_term_string\"}}],\"inLanguage\":\"pt-BR\"},{\"@type\":\"Organization\",\"@id\":\"https:\/\/jornalfatosenoticias.com.br\/#organization\",\"name\":\"Jornal Fatos e Not\u00edcias\",\"url\":\"https:\/\/jornalfatosenoticias.com.br\/\",\"logo\":{\"@type\":\"ImageObject\",\"inLanguage\":\"pt-BR\",\"@id\":\"https:\/\/jornalfatosenoticias.com.br\/#\/schema\/logo\/image\/\",\"url\":\"https:\/\/jornalfatosenoticias.com.br\/wp-content\/uploads\/2020\/02\/logo120.png\",\"contentUrl\":\"https:\/\/jornalfatosenoticias.com.br\/wp-content\/uploads\/2020\/02\/logo120.png\",\"width\":1227,\"height\":120,\"caption\":\"Jornal Fatos e Not\u00edcias\"},\"image\":{\"@id\":\"https:\/\/jornalfatosenoticias.com.br\/#\/schema\/logo\/image\/\"}},{\"@type\":\"Person\",\"@id\":\"https:\/\/jornalfatosenoticias.com.br\/#\/schema\/person\/d63837fa13ac8666eb9e74e0985d6f81\",\"name\":\"Luzimara Fernandes\",\"image\":{\"@type\":\"ImageObject\",\"inLanguage\":\"pt-BR\",\"@id\":\"https:\/\/jornalfatosenoticias.com.br\/#\/schema\/person\/image\/\",\"url\":\"https:\/\/jornalfatosenoticias.com.br\/wp-content\/uploads\/2025\/05\/EU_portal.jpg\",\"contentUrl\":\"https:\/\/jornalfatosenoticias.com.br\/wp-content\/uploads\/2025\/05\/EU_portal.jpg\",\"caption\":\"Luzimara Fernandes\"},\"description\":\"Jornalista MTB 2358-ES\",\"sameAs\":[\"https:\/\/jornalfatosenoticias.com.br\"],\"url\":\"https:\/\/jornalfatosenoticias.com.br\/index.php\/author\/luzimara\/\"}]}<\/script>\n<!-- \/ Yoast SEO plugin. -->","yoast_head_json":{"title":"C\u00e3es e humanos t\u00eam os mesmos sintomas em casos de dem\u00eancia, diz estudo - Jornal Fatos e Not\u00edcias","robots":{"index":"index","follow":"follow","max-snippet":"max-snippet:-1","max-image-preview":"max-image-preview:large","max-video-preview":"max-video-preview:-1"},"canonical":"https:\/\/jornalfatosenoticias.com.br\/index.php\/2024\/01\/24\/caes-e-humanos-tem-os-mesmos-sintomas-em-casos-de-demencia-diz-estudo\/","og_locale":"pt_BR","og_type":"article","og_title":"C\u00e3es e humanos t\u00eam os mesmos sintomas em casos de dem\u00eancia, diz estudo - Jornal Fatos e Not\u00edcias","og_description":"C\u00e3es com n\u00edveis mais altos de dem\u00eancia demoram mais para adormecer e passam menos tempo adormecidos. Problemas para dormir tamb\u00e9m aparecem em humanos com a mesma condi\u00e7\u00e3o Por Isabela Oliveira O melhor amigo do homem tem sintomas semelhantes aos dos seres humanos quando sofre de dem\u00eancia. \u00c9 o que diz um estudo da Universidade Estadual [&hellip;]","og_url":"https:\/\/jornalfatosenoticias.com.br\/index.php\/2024\/01\/24\/caes-e-humanos-tem-os-mesmos-sintomas-em-casos-de-demencia-diz-estudo\/","og_site_name":"Jornal Fatos e Not\u00edcias","article_published_time":"2024-01-24T16:25:31+00:00","article_modified_time":"2024-01-24T16:25:34+00:00","og_image":[{"width":612,"height":408,"url":"https:\/\/jornalfatosenoticias.com.br\/wp-content\/uploads\/2024\/01\/demencia-canina_istockphoto.jpg","type":"image\/jpeg"}],"author":"Luzimara Fernandes","twitter_card":"summary_large_image","twitter_misc":{"Escrito por":"Luzimara Fernandes","Est. tempo de leitura":"2 minutos"},"schema":{"@context":"https:\/\/schema.org","@graph":[{"@type":"Article","@id":"https:\/\/jornalfatosenoticias.com.br\/index.php\/2024\/01\/24\/caes-e-humanos-tem-os-mesmos-sintomas-em-casos-de-demencia-diz-estudo\/#article","isPartOf":{"@id":"https:\/\/jornalfatosenoticias.com.br\/index.php\/2024\/01\/24\/caes-e-humanos-tem-os-mesmos-sintomas-em-casos-de-demencia-diz-estudo\/"},"author":{"name":"Luzimara Fernandes","@id":"https:\/\/jornalfatosenoticias.com.br\/#\/schema\/person\/d63837fa13ac8666eb9e74e0985d6f81"},"headline":"C\u00e3es e humanos t\u00eam os mesmos sintomas em casos de dem\u00eancia, diz estudo","datePublished":"2024-01-24T16:25:31+00:00","dateModified":"2024-01-24T16:25:34+00:00","mainEntityOfPage":{"@id":"https:\/\/jornalfatosenoticias.com.br\/index.php\/2024\/01\/24\/caes-e-humanos-tem-os-mesmos-sintomas-em-casos-de-demencia-diz-estudo\/"},"wordCount":443,"commentCount":0,"publisher":{"@id":"https:\/\/jornalfatosenoticias.com.br\/#organization"},"image":{"@id":"https:\/\/jornalfatosenoticias.com.br\/index.php\/2024\/01\/24\/caes-e-humanos-tem-os-mesmos-sintomas-em-casos-de-demencia-diz-estudo\/#primaryimage"},"thumbnailUrl":"https:\/\/jornalfatosenoticias.com.br\/wp-content\/uploads\/2024\/01\/demencia-canina_istockphoto.jpg","keywords":["c\u00e3es","dem\u00eancia","dem\u00eancia canina"],"articleSection":["Pets"],"inLanguage":"pt-BR","potentialAction":[{"@type":"CommentAction","name":"Comment","target":["https:\/\/jornalfatosenoticias.com.br\/index.php\/2024\/01\/24\/caes-e-humanos-tem-os-mesmos-sintomas-em-casos-de-demencia-diz-estudo\/#respond"]}]},{"@type":"WebPage","@id":"https:\/\/jornalfatosenoticias.com.br\/index.php\/2024\/01\/24\/caes-e-humanos-tem-os-mesmos-sintomas-em-casos-de-demencia-diz-estudo\/","url":"https:\/\/jornalfatosenoticias.com.br\/index.php\/2024\/01\/24\/caes-e-humanos-tem-os-mesmos-sintomas-em-casos-de-demencia-diz-estudo\/","name":"C\u00e3es e humanos t\u00eam os mesmos sintomas em casos de dem\u00eancia, diz estudo - Jornal Fatos e Not\u00edcias","isPartOf":{"@id":"https:\/\/jornalfatosenoticias.com.br\/#website"},"primaryImageOfPage":{"@id":"https:\/\/jornalfatosenoticias.com.br\/index.php\/2024\/01\/24\/caes-e-humanos-tem-os-mesmos-sintomas-em-casos-de-demencia-diz-estudo\/#primaryimage"},"image":{"@id":"https:\/\/jornalfatosenoticias.com.br\/index.php\/2024\/01\/24\/caes-e-humanos-tem-os-mesmos-sintomas-em-casos-de-demencia-diz-estudo\/#primaryimage"},"thumbnailUrl":"https:\/\/jornalfatosenoticias.com.br\/wp-content\/uploads\/2024\/01\/demencia-canina_istockphoto.jpg","datePublished":"2024-01-24T16:25:31+00:00","dateModified":"2024-01-24T16:25:34+00:00","breadcrumb":{"@id":"https:\/\/jornalfatosenoticias.com.br\/index.php\/2024\/01\/24\/caes-e-humanos-tem-os-mesmos-sintomas-em-casos-de-demencia-diz-estudo\/#breadcrumb"},"inLanguage":"pt-BR","potentialAction":[{"@type":"ReadAction","target":["https:\/\/jornalfatosenoticias.com.br\/index.php\/2024\/01\/24\/caes-e-humanos-tem-os-mesmos-sintomas-em-casos-de-demencia-diz-estudo\/"]}]},{"@type":"ImageObject","inLanguage":"pt-BR","@id":"https:\/\/jornalfatosenoticias.com.br\/index.php\/2024\/01\/24\/caes-e-humanos-tem-os-mesmos-sintomas-em-casos-de-demencia-diz-estudo\/#primaryimage","url":"https:\/\/jornalfatosenoticias.com.br\/wp-content\/uploads\/2024\/01\/demencia-canina_istockphoto.jpg","contentUrl":"https:\/\/jornalfatosenoticias.com.br\/wp-content\/uploads\/2024\/01\/demencia-canina_istockphoto.jpg","width":612,"height":408,"caption":"African-American yoga instructor is sitting in the yard petting her beautiful dog. Copy space"},{"@type":"BreadcrumbList","@id":"https:\/\/jornalfatosenoticias.com.br\/index.php\/2024\/01\/24\/caes-e-humanos-tem-os-mesmos-sintomas-em-casos-de-demencia-diz-estudo\/#breadcrumb","itemListElement":[{"@type":"ListItem","position":1,"name":"In\u00edcio","item":"https:\/\/jornalfatosenoticias.com.br\/"},{"@type":"ListItem","position":2,"name":"C\u00e3es e humanos t\u00eam os mesmos sintomas em casos de dem\u00eancia, diz estudo"}]},{"@type":"WebSite","@id":"https:\/\/jornalfatosenoticias.com.br\/#website","url":"https:\/\/jornalfatosenoticias.com.br\/","name":"Jornal Fatos e Not\u00edcias","description":"Not\u00edcias em geral","publisher":{"@id":"https:\/\/jornalfatosenoticias.com.br\/#organization"},"potentialAction":[{"@type":"SearchAction","target":{"@type":"EntryPoint","urlTemplate":"https:\/\/jornalfatosenoticias.com.br\/?s={search_term_string}"},"query-input":{"@type":"PropertyValueSpecification","valueRequired":true,"valueName":"search_term_string"}}],"inLanguage":"pt-BR"},{"@type":"Organization","@id":"https:\/\/jornalfatosenoticias.com.br\/#organization","name":"Jornal Fatos e Not\u00edcias","url":"https:\/\/jornalfatosenoticias.com.br\/","logo":{"@type":"ImageObject","inLanguage":"pt-BR","@id":"https:\/\/jornalfatosenoticias.com.br\/#\/schema\/logo\/image\/","url":"https:\/\/jornalfatosenoticias.com.br\/wp-content\/uploads\/2020\/02\/logo120.png","contentUrl":"https:\/\/jornalfatosenoticias.com.br\/wp-content\/uploads\/2020\/02\/logo120.png","width":1227,"height":120,"caption":"Jornal Fatos e Not\u00edcias"},"image":{"@id":"https:\/\/jornalfatosenoticias.com.br\/#\/schema\/logo\/image\/"}},{"@type":"Person","@id":"https:\/\/jornalfatosenoticias.com.br\/#\/schema\/person\/d63837fa13ac8666eb9e74e0985d6f81","name":"Luzimara Fernandes","image":{"@type":"ImageObject","inLanguage":"pt-BR","@id":"https:\/\/jornalfatosenoticias.com.br\/#\/schema\/person\/image\/","url":"https:\/\/jornalfatosenoticias.com.br\/wp-content\/uploads\/2025\/05\/EU_portal.jpg","contentUrl":"https:\/\/jornalfatosenoticias.com.br\/wp-content\/uploads\/2025\/05\/EU_portal.jpg","caption":"Luzimara Fernandes"},"description":"Jornalista MTB 2358-ES","sameAs":["https:\/\/jornalfatosenoticias.com.br"],"url":"https:\/\/jornalfatosenoticias.com.br\/index.php\/author\/luzimara\/"}]}},"cc_featured_image_caption":{"caption_text":"(Foto: iStock)","source_text":"","source_url":""},"jetpack_featured_media_url":"https:\/\/jornalfatosenoticias.com.br\/wp-content\/uploads\/2024\/01\/demencia-canina_istockphoto.jpg","_links":{"self":[{"href":"https:\/\/jornalfatosenoticias.com.br\/index.php\/wp-json\/wp\/v2\/posts\/48681","targetHints":{"allow":["GET"]}}],"collection":[{"href":"https:\/\/jornalfatosenoticias.com.br\/index.php\/wp-json\/wp\/v2\/posts"}],"about":[{"href":"https:\/\/jornalfatosenoticias.com.br\/index.php\/wp-json\/wp\/v2\/types\/post"}],"author":[{"embeddable":true,"href":"https:\/\/jornalfatosenoticias.com.br\/index.php\/wp-json\/wp\/v2\/users\/2"}],"replies":[{"embeddable":true,"href":"https:\/\/jornalfatosenoticias.com.br\/index.php\/wp-json\/wp\/v2\/comments?post=48681"}],"version-history":[{"count":0,"href":"https:\/\/jornalfatosenoticias.com.br\/index.php\/wp-json\/wp\/v2\/posts\/48681\/revisions"}],"wp:featuredmedia":[{"embeddable":true,"href":"https:\/\/jornalfatosenoticias.com.br\/index.php\/wp-json\/wp\/v2\/media\/48682"}],"wp:attachment":[{"href":"https:\/\/jornalfatosenoticias.com.br\/index.php\/wp-json\/wp\/v2\/media?parent=48681"}],"wp:term":[{"taxonomy":"category","embeddable":true,"href":"https:\/\/jornalfatosenoticias.com.br\/index.php\/wp-json\/wp\/v2\/categories?post=48681"},{"taxonomy":"post_tag","embeddable":true,"href":"https:\/\/jornalfatosenoticias.com.br\/index.php\/wp-json\/wp\/v2\/tags?post=48681"}],"curies":[{"name":"wp","href":"https:\/\/api.w.org\/{rel}","templated":true}]}}