{"id":48684,"date":"2024-01-24T16:37:22","date_gmt":"2024-01-24T19:37:22","guid":{"rendered":"https:\/\/jornalfatosenoticias.com.br\/?p=48684"},"modified":"2024-01-24T16:37:23","modified_gmt":"2024-01-24T19:37:23","slug":"nova-especie-de-planta-em-roraima-e-ameacada-por-expansao-do-agronegocio-e-hidreletricas","status":"publish","type":"post","link":"https:\/\/jornalfatosenoticias.com.br\/index.php\/2024\/01\/24\/nova-especie-de-planta-em-roraima-e-ameacada-por-expansao-do-agronegocio-e-hidreletricas\/","title":{"rendered":"Nova esp\u00e9cie de planta em Roraima \u00e9 amea\u00e7ada por expans\u00e3o do agroneg\u00f3cio e hidrel\u00e9tricas"},"content":{"rendered":"\n<p><em><span class=\"has-inline-color has-black-color\">Esp\u00e9cie recebeu o nome Eugenia lavradensis em refer\u00eancia \u00e0 savana ou lavrado de Roraima<\/span><\/em><\/p>\n\n\n\n<p><span class=\"has-inline-color has-black-color\">Por <strong><a class=\"\" href=\"https:\/\/abori.com.br\/amazonia\/expansao-do-agronegocio-e-de-hidreletricas-ameaca-de-extincao-nova-especie-de-planta-descoberta-em-roraima\/\" target=\"_blank\" rel=\"noreferrer noopener\"><em>Ag\u00eancia Bori<\/em><\/a><\/strong><\/span><\/p>\n\n\n\n<div class=\"wp-block-image\"><figure class=\"aligncenter size-large\"><img decoding=\"async\" src=\"https:\/\/jornalfatosenoticias.com.br\/wp-content\/uploads\/2020\/02\/barao-das-carnes-300x164-1.jpg\" alt=\"\" class=\"wp-image-34339\"\/><\/figure><\/div>\n\n\n\n<p>Descoberta em Roraima, uma nova esp\u00e9cie de planta j\u00e1 se encontra em perigo de extin\u00e7\u00e3o. Pesquisadores da Universidade Federal de Roraima (UFRR), da Universidade Federal do Maranh\u00e3o (UFMA) e da Universidade Federal de S\u00e3o Jo\u00e3o del-Rei (UFSJ) localizaram tr\u00eas registros da esp\u00e9cie em uma regi\u00e3o impactada por atividades como o agroneg\u00f3cio e a constru\u00e7\u00e3o de usinas termoel\u00e9tricas e hidroel\u00e9tricas. Ela est\u00e1 descrita em <a class=\"\" href=\"https:\/\/phytotaxa.mapress.com\/pt\/article\/view\/phytotaxa.634.2.10\" target=\"_blank\" rel=\"noreferrer noopener\"><strong>artigo publicado<\/strong><\/a> na revista cient\u00edfica<em> &#8216;Phytotaxa&#8217;.<\/em><br>Eugenia lavradensis \u00e9 um arbusto com dois a cinco metros de comprimento, que frutifica entre abril e maio e apresenta flores branco-esverdeadas. O nome est\u00e1 relacionado \u00e0 \u00e1rea de ocorr\u00eancia, a savana de Roraima. Os chamados &#8220;campos-do-rio-branco&#8221; ou &#8220;lavrado&#8221; se estendem por dois pa\u00edses vizinhos, Venezuela e Guiana, s\u00e3o um mosaico de ecossistemas florestais e n\u00e3o florestais e ocupam cerca de 19% da \u00e1rea do estado de Roraima.<\/p>\n\n\n\n<div class=\"wp-block-image\"><figure class=\"aligncenter size-large is-resized\"><img loading=\"lazy\" decoding=\"async\" src=\"https:\/\/jornalfatosenoticias.com.br\/wp-content\/uploads\/2023\/03\/nova-logo-Marquetti.jpg\" alt=\"\" class=\"wp-image-40207\" width=\"304\" height=\"204\" srcset=\"https:\/\/jornalfatosenoticias.com.br\/wp-content\/uploads\/2023\/03\/nova-logo-Marquetti.jpg 643w, https:\/\/jornalfatosenoticias.com.br\/wp-content\/uploads\/2023\/03\/nova-logo-Marquetti-300x202.jpg 300w\" sizes=\"auto, (max-width: 304px) 100vw, 304px\" \/><\/figure><\/div>\n\n\n\n<p>Am\u00e9lia Tuler, pesquisadora da UFRR e autora principal do artigo, explica que a descoberta da esp\u00e9cie ocorreu por meio de an\u00e1lise de exemplares sem identifica\u00e7\u00e3o encontrados em cole\u00e7\u00f5es bot\u00e2nicas de Roraima, nos herb\u00e1rios da UFRR e do Museu Integrado de Roraima (MIRR). <\/p>\n\n\n\n<div class=\"wp-block-image\"><figure class=\"aligncenter size-large\"><img decoding=\"async\" src=\"https:\/\/jornalfatosenoticias.com.br\/wp-content\/uploads\/2020\/02\/logo_esteio.jpg\" alt=\"\" class=\"wp-image-1214\"\/><\/figure><\/div>\n\n\n\n<blockquote class=\"wp-block-quote is-layout-flow wp-block-quote-is-layout-flow\"><p><span class=\"has-inline-color has-luminous-vivid-orange-color\">A esp\u00e9cie n\u00e3o se encaixava em nenhuma outra da fam\u00edlia Myrtaceae para a regi\u00e3o de lavrado, tanto do estado quanto da Venezuela e da Guiana&#8221;, observa a autora.<\/span><\/p><\/blockquote>\n\n\n\n<div class=\"wp-block-image\"><figure class=\"aligncenter size-large is-resized\"><img loading=\"lazy\" decoding=\"async\" src=\"https:\/\/jornalfatosenoticias.com.br\/wp-content\/uploads\/2023\/03\/logo-Panper_portal.jpg\" alt=\"\" class=\"wp-image-40208\" width=\"284\" height=\"197\" srcset=\"https:\/\/jornalfatosenoticias.com.br\/wp-content\/uploads\/2023\/03\/logo-Panper_portal.jpg 400w, https:\/\/jornalfatosenoticias.com.br\/wp-content\/uploads\/2023\/03\/logo-Panper_portal-300x208.jpg 300w\" sizes=\"auto, (max-width: 284px) 100vw, 284px\" \/><\/figure><\/div>\n\n\n\n<p>O estudo classifica a <em>Eugenia lavradensis <\/em>como amea\u00e7ada porque os exemplares identificados est\u00e3o fora de unidades de prote\u00e7\u00e3o integral (UPI), ou seja, est\u00e3o fora de esta\u00e7\u00f5es ecol\u00f3gicas, reservas biol\u00f3gicas, parques nacionais ou ref\u00fagios de vida silvestre. Os pesquisadores tamb\u00e9m ressaltam que as \u00e1reas de lavrado n\u00e3o contam com unidades de conserva\u00e7\u00e3o.<br>A descoberta da nova esp\u00e9cie mostra a import\u00e2ncia do trabalho de coleta e documenta\u00e7\u00e3o da biodiversidade do estado de Roraima, avalia Tuler. <\/p>\n\n\n\n<div class=\"wp-block-image\"><figure class=\"aligncenter size-large is-resized\"><img loading=\"lazy\" decoding=\"async\" src=\"https:\/\/jornalfatosenoticias.com.br\/wp-content\/uploads\/2022\/02\/Precisao-Contabilidade-1024x724.jpg\" alt=\"\" class=\"wp-image-28088\" width=\"325\" height=\"230\"\/><\/figure><\/div>\n\n\n\n<blockquote class=\"wp-block-quote is-layout-flow wp-block-quote-is-layout-flow\"><p><span class=\"has-inline-color has-luminous-vivid-orange-color\">Para a pesquisadora, &#8220;s\u00e3o necess\u00e1rios mais investimentos em estudos na regi\u00e3o, que enfrenta desafios como o reduzido n\u00famero de profissionais especializados em identifica\u00e7\u00e3o de esp\u00e9cies e a log\u00edstica para coleta em \u00e1reas remotas&#8221;. Esfor\u00e7os em financiamento de pesquisa e conserva\u00e7\u00e3o podem garantir a preserva\u00e7\u00e3o da biodiversidade e o uso sustent\u00e1vel dos recursos naturais de Roraima, finaliza Tuler.<\/span><\/p><\/blockquote>\n\n\n\n<div class=\"wp-block-image\"><figure class=\"aligncenter size-large is-resized\"><img loading=\"lazy\" decoding=\"async\" src=\"https:\/\/jornalfatosenoticias.com.br\/wp-content\/uploads\/2023\/09\/vetorvix1024_1.jpg\" alt=\"\" class=\"wp-image-44868\" width=\"393\" height=\"104\" srcset=\"https:\/\/jornalfatosenoticias.com.br\/wp-content\/uploads\/2023\/09\/vetorvix1024_1.jpg 1024w, https:\/\/jornalfatosenoticias.com.br\/wp-content\/uploads\/2023\/09\/vetorvix1024_1-300x80.jpg 300w, https:\/\/jornalfatosenoticias.com.br\/wp-content\/uploads\/2023\/09\/vetorvix1024_1-768x205.jpg 768w\" sizes=\"auto, (max-width: 393px) 100vw, 393px\" \/><\/figure><\/div>\n\n\n\n<p><strong><em>Fonte: <a href=\"https:\/\/portalamazonia.com\/noticias\/meio-ambiente\/nova-especie-de-planta-em-roraima-e-ameacada-por-expansao-do-agronegocio-e-hidreletricas\">Portal Amaz\u00f4nia<\/a><\/em><\/strong><\/p>\n","protected":false},"excerpt":{"rendered":"<p>Esp\u00e9cie recebeu o nome Eugenia lavradensis em refer\u00eancia \u00e0 savana ou lavrado de Roraima Por Ag\u00eancia Bori Descoberta em Roraima, uma nova esp\u00e9cie de planta j\u00e1 se encontra em perigo de extin\u00e7\u00e3o. Pesquisadores da Universidade Federal de Roraima (UFRR), da Universidade Federal do Maranh\u00e3o (UFMA) e da Universidade Federal de S\u00e3o Jo\u00e3o del-Rei (UFSJ) localizaram [&hellip;]<\/p>\n","protected":false},"author":2,"featured_media":48685,"comment_status":"open","ping_status":"open","sticky":false,"template":"","format":"standard","meta":{"footnotes":""},"categories":[8],"tags":[123,219,945,15101,1610,22627,22626,22628],"class_list":["post-48684","post","type-post","status-publish","format-standard","has-post-thumbnail","hentry","category-meio-ambiente","tag-amazonia","tag-extincao","tag-meio-ambiente","tag-nova-planta","tag-roraima","tag-ufma","tag-ufrr","tag-ufsj"],"yoast_head":"<!-- This site is optimized with the Yoast SEO plugin v26.5 - https:\/\/yoast.com\/wordpress\/plugins\/seo\/ -->\n<title>Nova esp\u00e9cie de planta em Roraima \u00e9 amea\u00e7ada por expans\u00e3o do agroneg\u00f3cio e hidrel\u00e9tricas - Jornal Fatos e Not\u00edcias<\/title>\n<meta name=\"robots\" content=\"index, follow, max-snippet:-1, max-image-preview:large, max-video-preview:-1\" \/>\n<link rel=\"canonical\" href=\"https:\/\/jornalfatosenoticias.com.br\/index.php\/2024\/01\/24\/nova-especie-de-planta-em-roraima-e-ameacada-por-expansao-do-agronegocio-e-hidreletricas\/\" \/>\n<meta property=\"og:locale\" content=\"pt_BR\" \/>\n<meta property=\"og:type\" content=\"article\" \/>\n<meta property=\"og:title\" content=\"Nova esp\u00e9cie de planta em Roraima \u00e9 amea\u00e7ada por expans\u00e3o do agroneg\u00f3cio e hidrel\u00e9tricas - Jornal Fatos e Not\u00edcias\" \/>\n<meta property=\"og:description\" content=\"Esp\u00e9cie recebeu o nome Eugenia lavradensis em refer\u00eancia \u00e0 savana ou lavrado de Roraima Por Ag\u00eancia Bori Descoberta em Roraima, uma nova esp\u00e9cie de planta j\u00e1 se encontra em perigo de extin\u00e7\u00e3o. Pesquisadores da Universidade Federal de Roraima (UFRR), da Universidade Federal do Maranh\u00e3o (UFMA) e da Universidade Federal de S\u00e3o Jo\u00e3o del-Rei (UFSJ) localizaram [&hellip;]\" \/>\n<meta property=\"og:url\" content=\"https:\/\/jornalfatosenoticias.com.br\/index.php\/2024\/01\/24\/nova-especie-de-planta-em-roraima-e-ameacada-por-expansao-do-agronegocio-e-hidreletricas\/\" \/>\n<meta property=\"og:site_name\" content=\"Jornal Fatos e Not\u00edcias\" \/>\n<meta property=\"article:published_time\" content=\"2024-01-24T19:37:22+00:00\" \/>\n<meta property=\"article:modified_time\" content=\"2024-01-24T19:37:23+00:00\" \/>\n<meta property=\"og:image\" content=\"https:\/\/jornalfatosenoticias.com.br\/wp-content\/uploads\/2024\/01\/nova-planta-roraima-bori.jpg\" \/>\n\t<meta property=\"og:image:width\" content=\"1000\" \/>\n\t<meta property=\"og:image:height\" content=\"563\" \/>\n\t<meta property=\"og:image:type\" content=\"image\/jpeg\" \/>\n<meta name=\"author\" content=\"Luzimara Fernandes\" \/>\n<meta name=\"twitter:card\" content=\"summary_large_image\" \/>\n<meta name=\"twitter:label1\" content=\"Escrito por\" \/>\n\t<meta name=\"twitter:data1\" content=\"Luzimara Fernandes\" \/>\n\t<meta name=\"twitter:label2\" content=\"Est. tempo de leitura\" \/>\n\t<meta name=\"twitter:data2\" content=\"2 minutos\" \/>\n<script type=\"application\/ld+json\" class=\"yoast-schema-graph\">{\"@context\":\"https:\/\/schema.org\",\"@graph\":[{\"@type\":\"Article\",\"@id\":\"https:\/\/jornalfatosenoticias.com.br\/index.php\/2024\/01\/24\/nova-especie-de-planta-em-roraima-e-ameacada-por-expansao-do-agronegocio-e-hidreletricas\/#article\",\"isPartOf\":{\"@id\":\"https:\/\/jornalfatosenoticias.com.br\/index.php\/2024\/01\/24\/nova-especie-de-planta-em-roraima-e-ameacada-por-expansao-do-agronegocio-e-hidreletricas\/\"},\"author\":{\"name\":\"Luzimara Fernandes\",\"@id\":\"https:\/\/jornalfatosenoticias.com.br\/#\/schema\/person\/d63837fa13ac8666eb9e74e0985d6f81\"},\"headline\":\"Nova esp\u00e9cie de planta em Roraima \u00e9 amea\u00e7ada por expans\u00e3o do agroneg\u00f3cio e hidrel\u00e9tricas\",\"datePublished\":\"2024-01-24T19:37:22+00:00\",\"dateModified\":\"2024-01-24T19:37:23+00:00\",\"mainEntityOfPage\":{\"@id\":\"https:\/\/jornalfatosenoticias.com.br\/index.php\/2024\/01\/24\/nova-especie-de-planta-em-roraima-e-ameacada-por-expansao-do-agronegocio-e-hidreletricas\/\"},\"wordCount\":428,\"commentCount\":0,\"publisher\":{\"@id\":\"https:\/\/jornalfatosenoticias.com.br\/#organization\"},\"image\":{\"@id\":\"https:\/\/jornalfatosenoticias.com.br\/index.php\/2024\/01\/24\/nova-especie-de-planta-em-roraima-e-ameacada-por-expansao-do-agronegocio-e-hidreletricas\/#primaryimage\"},\"thumbnailUrl\":\"https:\/\/jornalfatosenoticias.com.br\/wp-content\/uploads\/2024\/01\/nova-planta-roraima-bori.jpg\",\"keywords\":[\"amaz\u00f4nia\",\"extin\u00e7\u00e3o\",\"meio ambiente\",\"nova planta\",\"Roraima\",\"UFMA\",\"UFRR\",\"UFSJ\"],\"articleSection\":[\"Meio ambiente\"],\"inLanguage\":\"pt-BR\",\"potentialAction\":[{\"@type\":\"CommentAction\",\"name\":\"Comment\",\"target\":[\"https:\/\/jornalfatosenoticias.com.br\/index.php\/2024\/01\/24\/nova-especie-de-planta-em-roraima-e-ameacada-por-expansao-do-agronegocio-e-hidreletricas\/#respond\"]}]},{\"@type\":\"WebPage\",\"@id\":\"https:\/\/jornalfatosenoticias.com.br\/index.php\/2024\/01\/24\/nova-especie-de-planta-em-roraima-e-ameacada-por-expansao-do-agronegocio-e-hidreletricas\/\",\"url\":\"https:\/\/jornalfatosenoticias.com.br\/index.php\/2024\/01\/24\/nova-especie-de-planta-em-roraima-e-ameacada-por-expansao-do-agronegocio-e-hidreletricas\/\",\"name\":\"Nova esp\u00e9cie de planta em Roraima \u00e9 amea\u00e7ada por expans\u00e3o do agroneg\u00f3cio e hidrel\u00e9tricas - Jornal Fatos e Not\u00edcias\",\"isPartOf\":{\"@id\":\"https:\/\/jornalfatosenoticias.com.br\/#website\"},\"primaryImageOfPage\":{\"@id\":\"https:\/\/jornalfatosenoticias.com.br\/index.php\/2024\/01\/24\/nova-especie-de-planta-em-roraima-e-ameacada-por-expansao-do-agronegocio-e-hidreletricas\/#primaryimage\"},\"image\":{\"@id\":\"https:\/\/jornalfatosenoticias.com.br\/index.php\/2024\/01\/24\/nova-especie-de-planta-em-roraima-e-ameacada-por-expansao-do-agronegocio-e-hidreletricas\/#primaryimage\"},\"thumbnailUrl\":\"https:\/\/jornalfatosenoticias.com.br\/wp-content\/uploads\/2024\/01\/nova-planta-roraima-bori.jpg\",\"datePublished\":\"2024-01-24T19:37:22+00:00\",\"dateModified\":\"2024-01-24T19:37:23+00:00\",\"breadcrumb\":{\"@id\":\"https:\/\/jornalfatosenoticias.com.br\/index.php\/2024\/01\/24\/nova-especie-de-planta-em-roraima-e-ameacada-por-expansao-do-agronegocio-e-hidreletricas\/#breadcrumb\"},\"inLanguage\":\"pt-BR\",\"potentialAction\":[{\"@type\":\"ReadAction\",\"target\":[\"https:\/\/jornalfatosenoticias.com.br\/index.php\/2024\/01\/24\/nova-especie-de-planta-em-roraima-e-ameacada-por-expansao-do-agronegocio-e-hidreletricas\/\"]}]},{\"@type\":\"ImageObject\",\"inLanguage\":\"pt-BR\",\"@id\":\"https:\/\/jornalfatosenoticias.com.br\/index.php\/2024\/01\/24\/nova-especie-de-planta-em-roraima-e-ameacada-por-expansao-do-agronegocio-e-hidreletricas\/#primaryimage\",\"url\":\"https:\/\/jornalfatosenoticias.com.br\/wp-content\/uploads\/2024\/01\/nova-planta-roraima-bori.jpg\",\"contentUrl\":\"https:\/\/jornalfatosenoticias.com.br\/wp-content\/uploads\/2024\/01\/nova-planta-roraima-bori.jpg\",\"width\":1000,\"height\":563},{\"@type\":\"BreadcrumbList\",\"@id\":\"https:\/\/jornalfatosenoticias.com.br\/index.php\/2024\/01\/24\/nova-especie-de-planta-em-roraima-e-ameacada-por-expansao-do-agronegocio-e-hidreletricas\/#breadcrumb\",\"itemListElement\":[{\"@type\":\"ListItem\",\"position\":1,\"name\":\"In\u00edcio\",\"item\":\"https:\/\/jornalfatosenoticias.com.br\/\"},{\"@type\":\"ListItem\",\"position\":2,\"name\":\"Nova esp\u00e9cie de planta em Roraima \u00e9 amea\u00e7ada por expans\u00e3o do agroneg\u00f3cio e hidrel\u00e9tricas\"}]},{\"@type\":\"WebSite\",\"@id\":\"https:\/\/jornalfatosenoticias.com.br\/#website\",\"url\":\"https:\/\/jornalfatosenoticias.com.br\/\",\"name\":\"Jornal Fatos e Not\u00edcias\",\"description\":\"Not\u00edcias em geral\",\"publisher\":{\"@id\":\"https:\/\/jornalfatosenoticias.com.br\/#organization\"},\"potentialAction\":[{\"@type\":\"SearchAction\",\"target\":{\"@type\":\"EntryPoint\",\"urlTemplate\":\"https:\/\/jornalfatosenoticias.com.br\/?s={search_term_string}\"},\"query-input\":{\"@type\":\"PropertyValueSpecification\",\"valueRequired\":true,\"valueName\":\"search_term_string\"}}],\"inLanguage\":\"pt-BR\"},{\"@type\":\"Organization\",\"@id\":\"https:\/\/jornalfatosenoticias.com.br\/#organization\",\"name\":\"Jornal Fatos e Not\u00edcias\",\"url\":\"https:\/\/jornalfatosenoticias.com.br\/\",\"logo\":{\"@type\":\"ImageObject\",\"inLanguage\":\"pt-BR\",\"@id\":\"https:\/\/jornalfatosenoticias.com.br\/#\/schema\/logo\/image\/\",\"url\":\"https:\/\/jornalfatosenoticias.com.br\/wp-content\/uploads\/2020\/02\/logo120.png\",\"contentUrl\":\"https:\/\/jornalfatosenoticias.com.br\/wp-content\/uploads\/2020\/02\/logo120.png\",\"width\":1227,\"height\":120,\"caption\":\"Jornal Fatos e Not\u00edcias\"},\"image\":{\"@id\":\"https:\/\/jornalfatosenoticias.com.br\/#\/schema\/logo\/image\/\"}},{\"@type\":\"Person\",\"@id\":\"https:\/\/jornalfatosenoticias.com.br\/#\/schema\/person\/d63837fa13ac8666eb9e74e0985d6f81\",\"name\":\"Luzimara Fernandes\",\"image\":{\"@type\":\"ImageObject\",\"inLanguage\":\"pt-BR\",\"@id\":\"https:\/\/jornalfatosenoticias.com.br\/#\/schema\/person\/image\/\",\"url\":\"https:\/\/jornalfatosenoticias.com.br\/wp-content\/uploads\/2025\/05\/EU_portal.jpg\",\"contentUrl\":\"https:\/\/jornalfatosenoticias.com.br\/wp-content\/uploads\/2025\/05\/EU_portal.jpg\",\"caption\":\"Luzimara Fernandes\"},\"description\":\"Jornalista MTB 2358-ES\",\"sameAs\":[\"https:\/\/jornalfatosenoticias.com.br\"],\"url\":\"https:\/\/jornalfatosenoticias.com.br\/index.php\/author\/luzimara\/\"}]}<\/script>\n<!-- \/ Yoast SEO plugin. -->","yoast_head_json":{"title":"Nova esp\u00e9cie de planta em Roraima \u00e9 amea\u00e7ada por expans\u00e3o do agroneg\u00f3cio e hidrel\u00e9tricas - Jornal Fatos e Not\u00edcias","robots":{"index":"index","follow":"follow","max-snippet":"max-snippet:-1","max-image-preview":"max-image-preview:large","max-video-preview":"max-video-preview:-1"},"canonical":"https:\/\/jornalfatosenoticias.com.br\/index.php\/2024\/01\/24\/nova-especie-de-planta-em-roraima-e-ameacada-por-expansao-do-agronegocio-e-hidreletricas\/","og_locale":"pt_BR","og_type":"article","og_title":"Nova esp\u00e9cie de planta em Roraima \u00e9 amea\u00e7ada por expans\u00e3o do agroneg\u00f3cio e hidrel\u00e9tricas - Jornal Fatos e Not\u00edcias","og_description":"Esp\u00e9cie recebeu o nome Eugenia lavradensis em refer\u00eancia \u00e0 savana ou lavrado de Roraima Por Ag\u00eancia Bori Descoberta em Roraima, uma nova esp\u00e9cie de planta j\u00e1 se encontra em perigo de extin\u00e7\u00e3o. Pesquisadores da Universidade Federal de Roraima (UFRR), da Universidade Federal do Maranh\u00e3o (UFMA) e da Universidade Federal de S\u00e3o Jo\u00e3o del-Rei (UFSJ) localizaram [&hellip;]","og_url":"https:\/\/jornalfatosenoticias.com.br\/index.php\/2024\/01\/24\/nova-especie-de-planta-em-roraima-e-ameacada-por-expansao-do-agronegocio-e-hidreletricas\/","og_site_name":"Jornal Fatos e Not\u00edcias","article_published_time":"2024-01-24T19:37:22+00:00","article_modified_time":"2024-01-24T19:37:23+00:00","og_image":[{"width":1000,"height":563,"url":"https:\/\/jornalfatosenoticias.com.br\/wp-content\/uploads\/2024\/01\/nova-planta-roraima-bori.jpg","type":"image\/jpeg"}],"author":"Luzimara Fernandes","twitter_card":"summary_large_image","twitter_misc":{"Escrito por":"Luzimara Fernandes","Est. tempo de leitura":"2 minutos"},"schema":{"@context":"https:\/\/schema.org","@graph":[{"@type":"Article","@id":"https:\/\/jornalfatosenoticias.com.br\/index.php\/2024\/01\/24\/nova-especie-de-planta-em-roraima-e-ameacada-por-expansao-do-agronegocio-e-hidreletricas\/#article","isPartOf":{"@id":"https:\/\/jornalfatosenoticias.com.br\/index.php\/2024\/01\/24\/nova-especie-de-planta-em-roraima-e-ameacada-por-expansao-do-agronegocio-e-hidreletricas\/"},"author":{"name":"Luzimara Fernandes","@id":"https:\/\/jornalfatosenoticias.com.br\/#\/schema\/person\/d63837fa13ac8666eb9e74e0985d6f81"},"headline":"Nova esp\u00e9cie de planta em Roraima \u00e9 amea\u00e7ada por expans\u00e3o do agroneg\u00f3cio e hidrel\u00e9tricas","datePublished":"2024-01-24T19:37:22+00:00","dateModified":"2024-01-24T19:37:23+00:00","mainEntityOfPage":{"@id":"https:\/\/jornalfatosenoticias.com.br\/index.php\/2024\/01\/24\/nova-especie-de-planta-em-roraima-e-ameacada-por-expansao-do-agronegocio-e-hidreletricas\/"},"wordCount":428,"commentCount":0,"publisher":{"@id":"https:\/\/jornalfatosenoticias.com.br\/#organization"},"image":{"@id":"https:\/\/jornalfatosenoticias.com.br\/index.php\/2024\/01\/24\/nova-especie-de-planta-em-roraima-e-ameacada-por-expansao-do-agronegocio-e-hidreletricas\/#primaryimage"},"thumbnailUrl":"https:\/\/jornalfatosenoticias.com.br\/wp-content\/uploads\/2024\/01\/nova-planta-roraima-bori.jpg","keywords":["amaz\u00f4nia","extin\u00e7\u00e3o","meio ambiente","nova planta","Roraima","UFMA","UFRR","UFSJ"],"articleSection":["Meio ambiente"],"inLanguage":"pt-BR","potentialAction":[{"@type":"CommentAction","name":"Comment","target":["https:\/\/jornalfatosenoticias.com.br\/index.php\/2024\/01\/24\/nova-especie-de-planta-em-roraima-e-ameacada-por-expansao-do-agronegocio-e-hidreletricas\/#respond"]}]},{"@type":"WebPage","@id":"https:\/\/jornalfatosenoticias.com.br\/index.php\/2024\/01\/24\/nova-especie-de-planta-em-roraima-e-ameacada-por-expansao-do-agronegocio-e-hidreletricas\/","url":"https:\/\/jornalfatosenoticias.com.br\/index.php\/2024\/01\/24\/nova-especie-de-planta-em-roraima-e-ameacada-por-expansao-do-agronegocio-e-hidreletricas\/","name":"Nova esp\u00e9cie de planta em Roraima \u00e9 amea\u00e7ada por expans\u00e3o do agroneg\u00f3cio e hidrel\u00e9tricas - Jornal Fatos e Not\u00edcias","isPartOf":{"@id":"https:\/\/jornalfatosenoticias.com.br\/#website"},"primaryImageOfPage":{"@id":"https:\/\/jornalfatosenoticias.com.br\/index.php\/2024\/01\/24\/nova-especie-de-planta-em-roraima-e-ameacada-por-expansao-do-agronegocio-e-hidreletricas\/#primaryimage"},"image":{"@id":"https:\/\/jornalfatosenoticias.com.br\/index.php\/2024\/01\/24\/nova-especie-de-planta-em-roraima-e-ameacada-por-expansao-do-agronegocio-e-hidreletricas\/#primaryimage"},"thumbnailUrl":"https:\/\/jornalfatosenoticias.com.br\/wp-content\/uploads\/2024\/01\/nova-planta-roraima-bori.jpg","datePublished":"2024-01-24T19:37:22+00:00","dateModified":"2024-01-24T19:37:23+00:00","breadcrumb":{"@id":"https:\/\/jornalfatosenoticias.com.br\/index.php\/2024\/01\/24\/nova-especie-de-planta-em-roraima-e-ameacada-por-expansao-do-agronegocio-e-hidreletricas\/#breadcrumb"},"inLanguage":"pt-BR","potentialAction":[{"@type":"ReadAction","target":["https:\/\/jornalfatosenoticias.com.br\/index.php\/2024\/01\/24\/nova-especie-de-planta-em-roraima-e-ameacada-por-expansao-do-agronegocio-e-hidreletricas\/"]}]},{"@type":"ImageObject","inLanguage":"pt-BR","@id":"https:\/\/jornalfatosenoticias.com.br\/index.php\/2024\/01\/24\/nova-especie-de-planta-em-roraima-e-ameacada-por-expansao-do-agronegocio-e-hidreletricas\/#primaryimage","url":"https:\/\/jornalfatosenoticias.com.br\/wp-content\/uploads\/2024\/01\/nova-planta-roraima-bori.jpg","contentUrl":"https:\/\/jornalfatosenoticias.com.br\/wp-content\/uploads\/2024\/01\/nova-planta-roraima-bori.jpg","width":1000,"height":563},{"@type":"BreadcrumbList","@id":"https:\/\/jornalfatosenoticias.com.br\/index.php\/2024\/01\/24\/nova-especie-de-planta-em-roraima-e-ameacada-por-expansao-do-agronegocio-e-hidreletricas\/#breadcrumb","itemListElement":[{"@type":"ListItem","position":1,"name":"In\u00edcio","item":"https:\/\/jornalfatosenoticias.com.br\/"},{"@type":"ListItem","position":2,"name":"Nova esp\u00e9cie de planta em Roraima \u00e9 amea\u00e7ada por expans\u00e3o do agroneg\u00f3cio e hidrel\u00e9tricas"}]},{"@type":"WebSite","@id":"https:\/\/jornalfatosenoticias.com.br\/#website","url":"https:\/\/jornalfatosenoticias.com.br\/","name":"Jornal Fatos e Not\u00edcias","description":"Not\u00edcias em geral","publisher":{"@id":"https:\/\/jornalfatosenoticias.com.br\/#organization"},"potentialAction":[{"@type":"SearchAction","target":{"@type":"EntryPoint","urlTemplate":"https:\/\/jornalfatosenoticias.com.br\/?s={search_term_string}"},"query-input":{"@type":"PropertyValueSpecification","valueRequired":true,"valueName":"search_term_string"}}],"inLanguage":"pt-BR"},{"@type":"Organization","@id":"https:\/\/jornalfatosenoticias.com.br\/#organization","name":"Jornal Fatos e Not\u00edcias","url":"https:\/\/jornalfatosenoticias.com.br\/","logo":{"@type":"ImageObject","inLanguage":"pt-BR","@id":"https:\/\/jornalfatosenoticias.com.br\/#\/schema\/logo\/image\/","url":"https:\/\/jornalfatosenoticias.com.br\/wp-content\/uploads\/2020\/02\/logo120.png","contentUrl":"https:\/\/jornalfatosenoticias.com.br\/wp-content\/uploads\/2020\/02\/logo120.png","width":1227,"height":120,"caption":"Jornal Fatos e Not\u00edcias"},"image":{"@id":"https:\/\/jornalfatosenoticias.com.br\/#\/schema\/logo\/image\/"}},{"@type":"Person","@id":"https:\/\/jornalfatosenoticias.com.br\/#\/schema\/person\/d63837fa13ac8666eb9e74e0985d6f81","name":"Luzimara Fernandes","image":{"@type":"ImageObject","inLanguage":"pt-BR","@id":"https:\/\/jornalfatosenoticias.com.br\/#\/schema\/person\/image\/","url":"https:\/\/jornalfatosenoticias.com.br\/wp-content\/uploads\/2025\/05\/EU_portal.jpg","contentUrl":"https:\/\/jornalfatosenoticias.com.br\/wp-content\/uploads\/2025\/05\/EU_portal.jpg","caption":"Luzimara Fernandes"},"description":"Jornalista MTB 2358-ES","sameAs":["https:\/\/jornalfatosenoticias.com.br"],"url":"https:\/\/jornalfatosenoticias.com.br\/index.php\/author\/luzimara\/"}]}},"cc_featured_image_caption":{"caption_text":"(Foto: Reprodu\u00e7\u00e3o\/Herb\u00e1rio MIRR) ","source_text":"","source_url":""},"jetpack_featured_media_url":"https:\/\/jornalfatosenoticias.com.br\/wp-content\/uploads\/2024\/01\/nova-planta-roraima-bori.jpg","_links":{"self":[{"href":"https:\/\/jornalfatosenoticias.com.br\/index.php\/wp-json\/wp\/v2\/posts\/48684","targetHints":{"allow":["GET"]}}],"collection":[{"href":"https:\/\/jornalfatosenoticias.com.br\/index.php\/wp-json\/wp\/v2\/posts"}],"about":[{"href":"https:\/\/jornalfatosenoticias.com.br\/index.php\/wp-json\/wp\/v2\/types\/post"}],"author":[{"embeddable":true,"href":"https:\/\/jornalfatosenoticias.com.br\/index.php\/wp-json\/wp\/v2\/users\/2"}],"replies":[{"embeddable":true,"href":"https:\/\/jornalfatosenoticias.com.br\/index.php\/wp-json\/wp\/v2\/comments?post=48684"}],"version-history":[{"count":0,"href":"https:\/\/jornalfatosenoticias.com.br\/index.php\/wp-json\/wp\/v2\/posts\/48684\/revisions"}],"wp:featuredmedia":[{"embeddable":true,"href":"https:\/\/jornalfatosenoticias.com.br\/index.php\/wp-json\/wp\/v2\/media\/48685"}],"wp:attachment":[{"href":"https:\/\/jornalfatosenoticias.com.br\/index.php\/wp-json\/wp\/v2\/media?parent=48684"}],"wp:term":[{"taxonomy":"category","embeddable":true,"href":"https:\/\/jornalfatosenoticias.com.br\/index.php\/wp-json\/wp\/v2\/categories?post=48684"},{"taxonomy":"post_tag","embeddable":true,"href":"https:\/\/jornalfatosenoticias.com.br\/index.php\/wp-json\/wp\/v2\/tags?post=48684"}],"curies":[{"name":"wp","href":"https:\/\/api.w.org\/{rel}","templated":true}]}}