{"id":48687,"date":"2024-01-24T16:45:41","date_gmt":"2024-01-24T19:45:41","guid":{"rendered":"https:\/\/jornalfatosenoticias.com.br\/?p=48687"},"modified":"2024-01-24T16:45:44","modified_gmt":"2024-01-24T19:45:44","slug":"carro-voador-brasileiro-pode-ser-lancado-este-ano","status":"publish","type":"post","link":"https:\/\/jornalfatosenoticias.com.br\/index.php\/2024\/01\/24\/carro-voador-brasileiro-pode-ser-lancado-este-ano\/","title":{"rendered":"Carro voador brasileiro pode ser lan\u00e7ado este ano"},"content":{"rendered":"\n<p><em><span class=\"has-inline-color has-black-color\">Pioneiro da linha, o GX-AB \u00e9 um dos modelos projetado para irriga\u00e7\u00e3o no campo<\/span><\/em><\/p>\n\n\n\n<p><span class=\"has-inline-color has-black-color\">Por <strong><a href=\"https:\/\/olhardigital.com.br\/author\/da-redacao-4\/\">Gabriel S\u00e9rvio<\/a><\/strong><\/span><\/p>\n\n\n\n<div class=\"wp-block-image\"><figure class=\"aligncenter size-large\"><img loading=\"lazy\" decoding=\"async\" width=\"1024\" height=\"109\" src=\"https:\/\/jornalfatosenoticias.com.br\/wp-content\/uploads\/2020\/02\/Propaganda-RC-Radiadores-Jornal_page-0001-1024x109.jpg\" alt=\"\" class=\"wp-image-35278\" srcset=\"https:\/\/jornalfatosenoticias.com.br\/wp-content\/uploads\/2020\/02\/Propaganda-RC-Radiadores-Jornal_page-0001-1024x109.jpg 1024w, https:\/\/jornalfatosenoticias.com.br\/wp-content\/uploads\/2020\/02\/Propaganda-RC-Radiadores-Jornal_page-0001-300x32.jpg 300w, https:\/\/jornalfatosenoticias.com.br\/wp-content\/uploads\/2020\/02\/Propaganda-RC-Radiadores-Jornal_page-0001-768x82.jpg 768w, https:\/\/jornalfatosenoticias.com.br\/wp-content\/uploads\/2020\/02\/Propaganda-RC-Radiadores-Jornal_page-0001.jpg 1220w\" sizes=\"auto, (max-width: 1024px) 100vw, 1024px\" \/><\/figure><\/div>\n\n\n\n<p>A startup brasileira Vertical Connect deve apresentar este ano uma fam\u00edlia de \u201ccarros voadores\u201d ou <a href=\"https:\/\/olhardigital.com.br\/tag\/evtol\/\" target=\"_blank\" rel=\"noreferrer noopener\">eVTOLs<\/a> (ve\u00edculos el\u00e9tricos de pouso e decolagem vertical) chamada G\u00eanesis. A empresa que atua no ramo de <a href=\"https:\/\/olhardigital.com.br\/tag\/aviacao\/\" target=\"_blank\" rel=\"noreferrer noopener\">avia\u00e7\u00e3o<\/a> planeja lan\u00e7ar diferentes modelos no segundo semestre de 2024. Cada um foi pensado para diferentes fun\u00e7\u00f5es, desde t\u00e1xi a\u00e9reo para duas pessoas at\u00e9 aux\u00edlio no agroneg\u00f3cio.<br>O pioneiro da linha ser\u00e1 o GX-AB, projetado para irriga\u00e7\u00e3o no campo e com capacidade para levar at\u00e9 200 litros a bordo. J\u00e1 o G-X1 \u00e9 um t\u00e1xi a\u00e9reo para trajetos curtos capaz de levar at\u00e9 duas pessoas com uma hora de autonomia de voo por carga.<br>O restante da linha ser\u00e1 composta pelo: GX-H, uma ambul\u00e2ncia a\u00e9rea; o GX-F, para combate a inc\u00eandios; o GX-P, para uso policial e o GX-L, com capacidade para levar at\u00e9 560 kg e voltado para o setor de log\u00edstica.<\/p>\n\n\n\n<div class=\"wp-block-image\"><figure class=\"aligncenter size-large\"><img loading=\"lazy\" decoding=\"async\" width=\"1000\" height=\"563\" src=\"https:\/\/jornalfatosenoticias.com.br\/wp-content\/uploads\/2024\/01\/carro-voador-brasileiro2.jpeg\" alt=\"\" class=\"wp-image-48689\" srcset=\"https:\/\/jornalfatosenoticias.com.br\/wp-content\/uploads\/2024\/01\/carro-voador-brasileiro2.jpeg 1000w, https:\/\/jornalfatosenoticias.com.br\/wp-content\/uploads\/2024\/01\/carro-voador-brasileiro2-300x169.jpeg 300w, https:\/\/jornalfatosenoticias.com.br\/wp-content\/uploads\/2024\/01\/carro-voador-brasileiro2-768x432.jpeg 768w\" sizes=\"auto, (max-width: 1000px) 100vw, 1000px\" \/><figcaption><em><span class=\"has-inline-color has-black-color\">O GX-F \u00e9 a vers\u00e3o do eVTOL pronta para combater queimadas e inc\u00eandios (Foto: Divulga\u00e7\u00e3o)<\/span><\/em><\/figcaption><\/figure><\/div>\n\n\n\n<p>Al\u00e9m de el\u00e9tricos, todos s\u00e3o aut\u00f4nomos, ou seja, podem voar sem um piloto a bordo (at\u00e9 mesmo no t\u00e1xi a\u00e9reo G-X1). Com oito motores el\u00e9tricos (um para cada h\u00e9lice), a aeronave possui cinco metros de comprimento, 4,8 m de largura e 1,40 m de altura.<\/p>\n\n\n\n<div class=\"wp-block-image\"><figure class=\"aligncenter size-large is-resized\"><img loading=\"lazy\" decoding=\"async\" src=\"https:\/\/jornalfatosenoticias.com.br\/wp-content\/uploads\/2020\/02\/CONTROL-CS.jpg\" alt=\"\" class=\"wp-image-44991\" width=\"268\" height=\"321\" srcset=\"https:\/\/jornalfatosenoticias.com.br\/wp-content\/uploads\/2020\/02\/CONTROL-CS.jpg 834w, https:\/\/jornalfatosenoticias.com.br\/wp-content\/uploads\/2020\/02\/CONTROL-CS-250x300.jpg 250w, https:\/\/jornalfatosenoticias.com.br\/wp-content\/uploads\/2020\/02\/CONTROL-CS-768x921.jpg 768w\" sizes=\"auto, (max-width: 268px) 100vw, 268px\" \/><\/figure><\/div>\n\n\n\n<p>A autonomia de voo \u00e9 de at\u00e9 uma hora (60 minutos) a cerca de 500 metros de altitude. J\u00e1 a velocidade m\u00e1xima \u00e9 de 130 km\/h. O G\u00eanesis ir\u00e1 custar a partir de US$ 2 milh\u00f5es na configura\u00e7\u00e3o de t\u00e1xi a\u00e9reo (G-X1). Mais de R$ 9,7 milh\u00f5es na cota\u00e7\u00e3o atual sem a adi\u00e7\u00e3o de impostos e taxas. O eVTOL brasileiro ser\u00e1 fabricado em Itaitinga, no Cear\u00e1. O projeto \u00e9 fruto de parcerias da startup com o governo estadual, o Instituto Federal de Educa\u00e7\u00e3o, Ci\u00eancia e Tecnologia do Cear\u00e1 (IFCE), o Banco Nordeste e o Governo Federal.<\/p>\n\n\n\n<div class=\"wp-block-image\"><figure class=\"aligncenter size-large\"><img loading=\"lazy\" decoding=\"async\" width=\"300\" height=\"250\" src=\"https:\/\/jornalfatosenoticias.com.br\/wp-content\/uploads\/2022\/02\/FERRARI_MAQUINAS-E-FERRAMENTAS2.jpg\" alt=\"\" class=\"wp-image-27860\"\/><\/figure><\/div>\n\n\n\n<p><strong><em>Fonte: <a href=\"https:\/\/olhardigital.com.br\/2024\/01\/15\/carros-e-tecnologia\/carro-voador-brasileiro-pode-ser-lancado-este-ano-como-e-e-quanto-custa\/\">Olhar Digital<\/a><\/em><\/strong><\/p>\n","protected":false},"excerpt":{"rendered":"<p>Pioneiro da linha, o GX-AB \u00e9 um dos modelos projetado para irriga\u00e7\u00e3o no campo Por Gabriel S\u00e9rvio A startup brasileira Vertical Connect deve apresentar este ano uma fam\u00edlia de \u201ccarros voadores\u201d ou eVTOLs (ve\u00edculos el\u00e9tricos de pouso e decolagem vertical) chamada G\u00eanesis. A empresa que atua no ramo de avia\u00e7\u00e3o planeja lan\u00e7ar diferentes modelos no [&hellip;]<\/p>\n","protected":false},"author":2,"featured_media":48688,"comment_status":"open","ping_status":"open","sticky":false,"template":"","format":"standard","meta":{"footnotes":""},"categories":[9923,3],"tags":[2429,3363,8724],"class_list":["post-48687","post","type-post","status-publish","format-standard","has-post-thumbnail","hentry","category-mobilidade","category-tecnologia","tag-aeronave-eletrica","tag-carro-voador","tag-evtol"],"yoast_head":"<!-- This site is optimized with the Yoast SEO plugin v26.5 - https:\/\/yoast.com\/wordpress\/plugins\/seo\/ -->\n<title>Carro voador brasileiro pode ser lan\u00e7ado este ano - Jornal Fatos e Not\u00edcias<\/title>\n<meta name=\"robots\" content=\"index, follow, max-snippet:-1, max-image-preview:large, max-video-preview:-1\" \/>\n<link rel=\"canonical\" href=\"https:\/\/jornalfatosenoticias.com.br\/index.php\/2024\/01\/24\/carro-voador-brasileiro-pode-ser-lancado-este-ano\/\" \/>\n<meta property=\"og:locale\" content=\"pt_BR\" \/>\n<meta property=\"og:type\" content=\"article\" \/>\n<meta property=\"og:title\" content=\"Carro voador brasileiro pode ser lan\u00e7ado este ano - Jornal Fatos e Not\u00edcias\" \/>\n<meta property=\"og:description\" content=\"Pioneiro da linha, o GX-AB \u00e9 um dos modelos projetado para irriga\u00e7\u00e3o no campo Por Gabriel S\u00e9rvio A startup brasileira Vertical Connect deve apresentar este ano uma fam\u00edlia de \u201ccarros voadores\u201d ou eVTOLs (ve\u00edculos el\u00e9tricos de pouso e decolagem vertical) chamada G\u00eanesis. A empresa que atua no ramo de avia\u00e7\u00e3o planeja lan\u00e7ar diferentes modelos no [&hellip;]\" \/>\n<meta property=\"og:url\" content=\"https:\/\/jornalfatosenoticias.com.br\/index.php\/2024\/01\/24\/carro-voador-brasileiro-pode-ser-lancado-este-ano\/\" \/>\n<meta property=\"og:site_name\" content=\"Jornal Fatos e Not\u00edcias\" \/>\n<meta property=\"article:published_time\" content=\"2024-01-24T19:45:41+00:00\" \/>\n<meta property=\"article:modified_time\" content=\"2024-01-24T19:45:44+00:00\" \/>\n<meta property=\"og:image\" content=\"https:\/\/jornalfatosenoticias.com.br\/wp-content\/uploads\/2024\/01\/carro-voador-brasileiro-1.jpeg\" \/>\n\t<meta property=\"og:image:width\" content=\"1000\" \/>\n\t<meta property=\"og:image:height\" content=\"561\" \/>\n\t<meta property=\"og:image:type\" content=\"image\/jpeg\" \/>\n<meta name=\"author\" content=\"Luzimara Fernandes\" \/>\n<meta name=\"twitter:card\" content=\"summary_large_image\" \/>\n<meta name=\"twitter:label1\" content=\"Escrito por\" \/>\n\t<meta name=\"twitter:data1\" content=\"Luzimara Fernandes\" \/>\n\t<meta name=\"twitter:label2\" content=\"Est. tempo de leitura\" \/>\n\t<meta name=\"twitter:data2\" content=\"2 minutos\" \/>\n<script type=\"application\/ld+json\" class=\"yoast-schema-graph\">{\"@context\":\"https:\/\/schema.org\",\"@graph\":[{\"@type\":\"Article\",\"@id\":\"https:\/\/jornalfatosenoticias.com.br\/index.php\/2024\/01\/24\/carro-voador-brasileiro-pode-ser-lancado-este-ano\/#article\",\"isPartOf\":{\"@id\":\"https:\/\/jornalfatosenoticias.com.br\/index.php\/2024\/01\/24\/carro-voador-brasileiro-pode-ser-lancado-este-ano\/\"},\"author\":{\"name\":\"Luzimara Fernandes\",\"@id\":\"https:\/\/jornalfatosenoticias.com.br\/#\/schema\/person\/d63837fa13ac8666eb9e74e0985d6f81\"},\"headline\":\"Carro voador brasileiro pode ser lan\u00e7ado este ano\",\"datePublished\":\"2024-01-24T19:45:41+00:00\",\"dateModified\":\"2024-01-24T19:45:44+00:00\",\"mainEntityOfPage\":{\"@id\":\"https:\/\/jornalfatosenoticias.com.br\/index.php\/2024\/01\/24\/carro-voador-brasileiro-pode-ser-lancado-este-ano\/\"},\"wordCount\":357,\"commentCount\":0,\"publisher\":{\"@id\":\"https:\/\/jornalfatosenoticias.com.br\/#organization\"},\"image\":{\"@id\":\"https:\/\/jornalfatosenoticias.com.br\/index.php\/2024\/01\/24\/carro-voador-brasileiro-pode-ser-lancado-este-ano\/#primaryimage\"},\"thumbnailUrl\":\"https:\/\/jornalfatosenoticias.com.br\/wp-content\/uploads\/2024\/01\/carro-voador-brasileiro-1.jpeg\",\"keywords\":[\"aeronave el\u00e9trica\",\"carro voador\",\"eVTOL\"],\"articleSection\":[\"Mobilidade\",\"Tecnologia &amp; Inova\u00e7\u00e3o\"],\"inLanguage\":\"pt-BR\",\"potentialAction\":[{\"@type\":\"CommentAction\",\"name\":\"Comment\",\"target\":[\"https:\/\/jornalfatosenoticias.com.br\/index.php\/2024\/01\/24\/carro-voador-brasileiro-pode-ser-lancado-este-ano\/#respond\"]}]},{\"@type\":\"WebPage\",\"@id\":\"https:\/\/jornalfatosenoticias.com.br\/index.php\/2024\/01\/24\/carro-voador-brasileiro-pode-ser-lancado-este-ano\/\",\"url\":\"https:\/\/jornalfatosenoticias.com.br\/index.php\/2024\/01\/24\/carro-voador-brasileiro-pode-ser-lancado-este-ano\/\",\"name\":\"Carro voador brasileiro pode ser lan\u00e7ado este ano - Jornal Fatos e Not\u00edcias\",\"isPartOf\":{\"@id\":\"https:\/\/jornalfatosenoticias.com.br\/#website\"},\"primaryImageOfPage\":{\"@id\":\"https:\/\/jornalfatosenoticias.com.br\/index.php\/2024\/01\/24\/carro-voador-brasileiro-pode-ser-lancado-este-ano\/#primaryimage\"},\"image\":{\"@id\":\"https:\/\/jornalfatosenoticias.com.br\/index.php\/2024\/01\/24\/carro-voador-brasileiro-pode-ser-lancado-este-ano\/#primaryimage\"},\"thumbnailUrl\":\"https:\/\/jornalfatosenoticias.com.br\/wp-content\/uploads\/2024\/01\/carro-voador-brasileiro-1.jpeg\",\"datePublished\":\"2024-01-24T19:45:41+00:00\",\"dateModified\":\"2024-01-24T19:45:44+00:00\",\"breadcrumb\":{\"@id\":\"https:\/\/jornalfatosenoticias.com.br\/index.php\/2024\/01\/24\/carro-voador-brasileiro-pode-ser-lancado-este-ano\/#breadcrumb\"},\"inLanguage\":\"pt-BR\",\"potentialAction\":[{\"@type\":\"ReadAction\",\"target\":[\"https:\/\/jornalfatosenoticias.com.br\/index.php\/2024\/01\/24\/carro-voador-brasileiro-pode-ser-lancado-este-ano\/\"]}]},{\"@type\":\"ImageObject\",\"inLanguage\":\"pt-BR\",\"@id\":\"https:\/\/jornalfatosenoticias.com.br\/index.php\/2024\/01\/24\/carro-voador-brasileiro-pode-ser-lancado-este-ano\/#primaryimage\",\"url\":\"https:\/\/jornalfatosenoticias.com.br\/wp-content\/uploads\/2024\/01\/carro-voador-brasileiro-1.jpeg\",\"contentUrl\":\"https:\/\/jornalfatosenoticias.com.br\/wp-content\/uploads\/2024\/01\/carro-voador-brasileiro-1.jpeg\",\"width\":1000,\"height\":561},{\"@type\":\"BreadcrumbList\",\"@id\":\"https:\/\/jornalfatosenoticias.com.br\/index.php\/2024\/01\/24\/carro-voador-brasileiro-pode-ser-lancado-este-ano\/#breadcrumb\",\"itemListElement\":[{\"@type\":\"ListItem\",\"position\":1,\"name\":\"In\u00edcio\",\"item\":\"https:\/\/jornalfatosenoticias.com.br\/\"},{\"@type\":\"ListItem\",\"position\":2,\"name\":\"Carro voador brasileiro pode ser lan\u00e7ado este ano\"}]},{\"@type\":\"WebSite\",\"@id\":\"https:\/\/jornalfatosenoticias.com.br\/#website\",\"url\":\"https:\/\/jornalfatosenoticias.com.br\/\",\"name\":\"Jornal Fatos e Not\u00edcias\",\"description\":\"Not\u00edcias em geral\",\"publisher\":{\"@id\":\"https:\/\/jornalfatosenoticias.com.br\/#organization\"},\"potentialAction\":[{\"@type\":\"SearchAction\",\"target\":{\"@type\":\"EntryPoint\",\"urlTemplate\":\"https:\/\/jornalfatosenoticias.com.br\/?s={search_term_string}\"},\"query-input\":{\"@type\":\"PropertyValueSpecification\",\"valueRequired\":true,\"valueName\":\"search_term_string\"}}],\"inLanguage\":\"pt-BR\"},{\"@type\":\"Organization\",\"@id\":\"https:\/\/jornalfatosenoticias.com.br\/#organization\",\"name\":\"Jornal Fatos e Not\u00edcias\",\"url\":\"https:\/\/jornalfatosenoticias.com.br\/\",\"logo\":{\"@type\":\"ImageObject\",\"inLanguage\":\"pt-BR\",\"@id\":\"https:\/\/jornalfatosenoticias.com.br\/#\/schema\/logo\/image\/\",\"url\":\"https:\/\/jornalfatosenoticias.com.br\/wp-content\/uploads\/2020\/02\/logo120.png\",\"contentUrl\":\"https:\/\/jornalfatosenoticias.com.br\/wp-content\/uploads\/2020\/02\/logo120.png\",\"width\":1227,\"height\":120,\"caption\":\"Jornal Fatos e Not\u00edcias\"},\"image\":{\"@id\":\"https:\/\/jornalfatosenoticias.com.br\/#\/schema\/logo\/image\/\"}},{\"@type\":\"Person\",\"@id\":\"https:\/\/jornalfatosenoticias.com.br\/#\/schema\/person\/d63837fa13ac8666eb9e74e0985d6f81\",\"name\":\"Luzimara Fernandes\",\"image\":{\"@type\":\"ImageObject\",\"inLanguage\":\"pt-BR\",\"@id\":\"https:\/\/jornalfatosenoticias.com.br\/#\/schema\/person\/image\/\",\"url\":\"https:\/\/jornalfatosenoticias.com.br\/wp-content\/uploads\/2025\/05\/EU_portal.jpg\",\"contentUrl\":\"https:\/\/jornalfatosenoticias.com.br\/wp-content\/uploads\/2025\/05\/EU_portal.jpg\",\"caption\":\"Luzimara Fernandes\"},\"description\":\"Jornalista MTB 2358-ES\",\"sameAs\":[\"https:\/\/jornalfatosenoticias.com.br\"],\"url\":\"https:\/\/jornalfatosenoticias.com.br\/index.php\/author\/luzimara\/\"}]}<\/script>\n<!-- \/ Yoast SEO plugin. -->","yoast_head_json":{"title":"Carro voador brasileiro pode ser lan\u00e7ado este ano - Jornal Fatos e Not\u00edcias","robots":{"index":"index","follow":"follow","max-snippet":"max-snippet:-1","max-image-preview":"max-image-preview:large","max-video-preview":"max-video-preview:-1"},"canonical":"https:\/\/jornalfatosenoticias.com.br\/index.php\/2024\/01\/24\/carro-voador-brasileiro-pode-ser-lancado-este-ano\/","og_locale":"pt_BR","og_type":"article","og_title":"Carro voador brasileiro pode ser lan\u00e7ado este ano - Jornal Fatos e Not\u00edcias","og_description":"Pioneiro da linha, o GX-AB \u00e9 um dos modelos projetado para irriga\u00e7\u00e3o no campo Por Gabriel S\u00e9rvio A startup brasileira Vertical Connect deve apresentar este ano uma fam\u00edlia de \u201ccarros voadores\u201d ou eVTOLs (ve\u00edculos el\u00e9tricos de pouso e decolagem vertical) chamada G\u00eanesis. A empresa que atua no ramo de avia\u00e7\u00e3o planeja lan\u00e7ar diferentes modelos no [&hellip;]","og_url":"https:\/\/jornalfatosenoticias.com.br\/index.php\/2024\/01\/24\/carro-voador-brasileiro-pode-ser-lancado-este-ano\/","og_site_name":"Jornal Fatos e Not\u00edcias","article_published_time":"2024-01-24T19:45:41+00:00","article_modified_time":"2024-01-24T19:45:44+00:00","og_image":[{"width":1000,"height":561,"url":"https:\/\/jornalfatosenoticias.com.br\/wp-content\/uploads\/2024\/01\/carro-voador-brasileiro-1.jpeg","type":"image\/jpeg"}],"author":"Luzimara Fernandes","twitter_card":"summary_large_image","twitter_misc":{"Escrito por":"Luzimara Fernandes","Est. tempo de leitura":"2 minutos"},"schema":{"@context":"https:\/\/schema.org","@graph":[{"@type":"Article","@id":"https:\/\/jornalfatosenoticias.com.br\/index.php\/2024\/01\/24\/carro-voador-brasileiro-pode-ser-lancado-este-ano\/#article","isPartOf":{"@id":"https:\/\/jornalfatosenoticias.com.br\/index.php\/2024\/01\/24\/carro-voador-brasileiro-pode-ser-lancado-este-ano\/"},"author":{"name":"Luzimara Fernandes","@id":"https:\/\/jornalfatosenoticias.com.br\/#\/schema\/person\/d63837fa13ac8666eb9e74e0985d6f81"},"headline":"Carro voador brasileiro pode ser lan\u00e7ado este ano","datePublished":"2024-01-24T19:45:41+00:00","dateModified":"2024-01-24T19:45:44+00:00","mainEntityOfPage":{"@id":"https:\/\/jornalfatosenoticias.com.br\/index.php\/2024\/01\/24\/carro-voador-brasileiro-pode-ser-lancado-este-ano\/"},"wordCount":357,"commentCount":0,"publisher":{"@id":"https:\/\/jornalfatosenoticias.com.br\/#organization"},"image":{"@id":"https:\/\/jornalfatosenoticias.com.br\/index.php\/2024\/01\/24\/carro-voador-brasileiro-pode-ser-lancado-este-ano\/#primaryimage"},"thumbnailUrl":"https:\/\/jornalfatosenoticias.com.br\/wp-content\/uploads\/2024\/01\/carro-voador-brasileiro-1.jpeg","keywords":["aeronave el\u00e9trica","carro voador","eVTOL"],"articleSection":["Mobilidade","Tecnologia &amp; Inova\u00e7\u00e3o"],"inLanguage":"pt-BR","potentialAction":[{"@type":"CommentAction","name":"Comment","target":["https:\/\/jornalfatosenoticias.com.br\/index.php\/2024\/01\/24\/carro-voador-brasileiro-pode-ser-lancado-este-ano\/#respond"]}]},{"@type":"WebPage","@id":"https:\/\/jornalfatosenoticias.com.br\/index.php\/2024\/01\/24\/carro-voador-brasileiro-pode-ser-lancado-este-ano\/","url":"https:\/\/jornalfatosenoticias.com.br\/index.php\/2024\/01\/24\/carro-voador-brasileiro-pode-ser-lancado-este-ano\/","name":"Carro voador brasileiro pode ser lan\u00e7ado este ano - Jornal Fatos e Not\u00edcias","isPartOf":{"@id":"https:\/\/jornalfatosenoticias.com.br\/#website"},"primaryImageOfPage":{"@id":"https:\/\/jornalfatosenoticias.com.br\/index.php\/2024\/01\/24\/carro-voador-brasileiro-pode-ser-lancado-este-ano\/#primaryimage"},"image":{"@id":"https:\/\/jornalfatosenoticias.com.br\/index.php\/2024\/01\/24\/carro-voador-brasileiro-pode-ser-lancado-este-ano\/#primaryimage"},"thumbnailUrl":"https:\/\/jornalfatosenoticias.com.br\/wp-content\/uploads\/2024\/01\/carro-voador-brasileiro-1.jpeg","datePublished":"2024-01-24T19:45:41+00:00","dateModified":"2024-01-24T19:45:44+00:00","breadcrumb":{"@id":"https:\/\/jornalfatosenoticias.com.br\/index.php\/2024\/01\/24\/carro-voador-brasileiro-pode-ser-lancado-este-ano\/#breadcrumb"},"inLanguage":"pt-BR","potentialAction":[{"@type":"ReadAction","target":["https:\/\/jornalfatosenoticias.com.br\/index.php\/2024\/01\/24\/carro-voador-brasileiro-pode-ser-lancado-este-ano\/"]}]},{"@type":"ImageObject","inLanguage":"pt-BR","@id":"https:\/\/jornalfatosenoticias.com.br\/index.php\/2024\/01\/24\/carro-voador-brasileiro-pode-ser-lancado-este-ano\/#primaryimage","url":"https:\/\/jornalfatosenoticias.com.br\/wp-content\/uploads\/2024\/01\/carro-voador-brasileiro-1.jpeg","contentUrl":"https:\/\/jornalfatosenoticias.com.br\/wp-content\/uploads\/2024\/01\/carro-voador-brasileiro-1.jpeg","width":1000,"height":561},{"@type":"BreadcrumbList","@id":"https:\/\/jornalfatosenoticias.com.br\/index.php\/2024\/01\/24\/carro-voador-brasileiro-pode-ser-lancado-este-ano\/#breadcrumb","itemListElement":[{"@type":"ListItem","position":1,"name":"In\u00edcio","item":"https:\/\/jornalfatosenoticias.com.br\/"},{"@type":"ListItem","position":2,"name":"Carro voador brasileiro pode ser lan\u00e7ado este ano"}]},{"@type":"WebSite","@id":"https:\/\/jornalfatosenoticias.com.br\/#website","url":"https:\/\/jornalfatosenoticias.com.br\/","name":"Jornal Fatos e Not\u00edcias","description":"Not\u00edcias em geral","publisher":{"@id":"https:\/\/jornalfatosenoticias.com.br\/#organization"},"potentialAction":[{"@type":"SearchAction","target":{"@type":"EntryPoint","urlTemplate":"https:\/\/jornalfatosenoticias.com.br\/?s={search_term_string}"},"query-input":{"@type":"PropertyValueSpecification","valueRequired":true,"valueName":"search_term_string"}}],"inLanguage":"pt-BR"},{"@type":"Organization","@id":"https:\/\/jornalfatosenoticias.com.br\/#organization","name":"Jornal Fatos e Not\u00edcias","url":"https:\/\/jornalfatosenoticias.com.br\/","logo":{"@type":"ImageObject","inLanguage":"pt-BR","@id":"https:\/\/jornalfatosenoticias.com.br\/#\/schema\/logo\/image\/","url":"https:\/\/jornalfatosenoticias.com.br\/wp-content\/uploads\/2020\/02\/logo120.png","contentUrl":"https:\/\/jornalfatosenoticias.com.br\/wp-content\/uploads\/2020\/02\/logo120.png","width":1227,"height":120,"caption":"Jornal Fatos e Not\u00edcias"},"image":{"@id":"https:\/\/jornalfatosenoticias.com.br\/#\/schema\/logo\/image\/"}},{"@type":"Person","@id":"https:\/\/jornalfatosenoticias.com.br\/#\/schema\/person\/d63837fa13ac8666eb9e74e0985d6f81","name":"Luzimara Fernandes","image":{"@type":"ImageObject","inLanguage":"pt-BR","@id":"https:\/\/jornalfatosenoticias.com.br\/#\/schema\/person\/image\/","url":"https:\/\/jornalfatosenoticias.com.br\/wp-content\/uploads\/2025\/05\/EU_portal.jpg","contentUrl":"https:\/\/jornalfatosenoticias.com.br\/wp-content\/uploads\/2025\/05\/EU_portal.jpg","caption":"Luzimara Fernandes"},"description":"Jornalista MTB 2358-ES","sameAs":["https:\/\/jornalfatosenoticias.com.br"],"url":"https:\/\/jornalfatosenoticias.com.br\/index.php\/author\/luzimara\/"}]}},"cc_featured_image_caption":{"caption_text":"(Foto: Divulga\u00e7\u00e3o) ","source_text":"","source_url":""},"jetpack_featured_media_url":"https:\/\/jornalfatosenoticias.com.br\/wp-content\/uploads\/2024\/01\/carro-voador-brasileiro-1.jpeg","_links":{"self":[{"href":"https:\/\/jornalfatosenoticias.com.br\/index.php\/wp-json\/wp\/v2\/posts\/48687","targetHints":{"allow":["GET"]}}],"collection":[{"href":"https:\/\/jornalfatosenoticias.com.br\/index.php\/wp-json\/wp\/v2\/posts"}],"about":[{"href":"https:\/\/jornalfatosenoticias.com.br\/index.php\/wp-json\/wp\/v2\/types\/post"}],"author":[{"embeddable":true,"href":"https:\/\/jornalfatosenoticias.com.br\/index.php\/wp-json\/wp\/v2\/users\/2"}],"replies":[{"embeddable":true,"href":"https:\/\/jornalfatosenoticias.com.br\/index.php\/wp-json\/wp\/v2\/comments?post=48687"}],"version-history":[{"count":0,"href":"https:\/\/jornalfatosenoticias.com.br\/index.php\/wp-json\/wp\/v2\/posts\/48687\/revisions"}],"wp:featuredmedia":[{"embeddable":true,"href":"https:\/\/jornalfatosenoticias.com.br\/index.php\/wp-json\/wp\/v2\/media\/48688"}],"wp:attachment":[{"href":"https:\/\/jornalfatosenoticias.com.br\/index.php\/wp-json\/wp\/v2\/media?parent=48687"}],"wp:term":[{"taxonomy":"category","embeddable":true,"href":"https:\/\/jornalfatosenoticias.com.br\/index.php\/wp-json\/wp\/v2\/categories?post=48687"},{"taxonomy":"post_tag","embeddable":true,"href":"https:\/\/jornalfatosenoticias.com.br\/index.php\/wp-json\/wp\/v2\/tags?post=48687"}],"curies":[{"name":"wp","href":"https:\/\/api.w.org\/{rel}","templated":true}]}}