{"id":48691,"date":"2024-01-24T16:55:03","date_gmt":"2024-01-24T19:55:03","guid":{"rendered":"https:\/\/jornalfatosenoticias.com.br\/?p=48691"},"modified":"2024-01-24T17:02:42","modified_gmt":"2024-01-24T20:02:42","slug":"cinco-livros-infantis-para-ajudar-as-criancas-na-adaptacao-escolar","status":"publish","type":"post","link":"https:\/\/jornalfatosenoticias.com.br\/index.php\/2024\/01\/24\/cinco-livros-infantis-para-ajudar-as-criancas-na-adaptacao-escolar\/","title":{"rendered":"Cinco livros infantis para ajudar as crian\u00e7as na adapta\u00e7\u00e3o escolar"},"content":{"rendered":"\n<p><em><span class=\"has-inline-color has-black-color\">Especialista recomenda obras infantis e juvenis para este per\u00edodo de retorno \u00e0 sala de aula<\/span><\/em><\/p>\n\n\n\n<p><span class=\"has-inline-color has-black-color\">Por <strong>Mariany Bittencourt<\/strong><\/span><\/p>\n\n\n\n<div class=\"wp-block-image\"><figure class=\"aligncenter size-large\"><img loading=\"lazy\" decoding=\"async\" width=\"729\" height=\"90\" src=\"https:\/\/jornalfatosenoticias.com.br\/wp-content\/uploads\/2020\/02\/Logo_Mizu.png\" alt=\"\" class=\"wp-image-1441\" srcset=\"https:\/\/jornalfatosenoticias.com.br\/wp-content\/uploads\/2020\/02\/Logo_Mizu.png 729w, https:\/\/jornalfatosenoticias.com.br\/wp-content\/uploads\/2020\/02\/Logo_Mizu-300x37.png 300w\" sizes=\"auto, (max-width: 729px) 100vw, 729px\" \/><\/figure><\/div>\n\n\n\n<p>O in\u00edcio do ano letivo est\u00e1 chegando, e voltar \u00e0 rotina nem sempre \u00e9 f\u00e1cil, tanto f\u00edsica quanto emocionalmente, j\u00e1 que, durante as f\u00e9rias, nossa mente e nosso corpo se habituam a um ritmo diferente. Por isso, neste per\u00edodo, \u00e9 comum que as crian\u00e7as e os adolescentes lidem com inseguran\u00e7as ou inquieta\u00e7\u00f5es, seja devido a uma mudan\u00e7a de escola, uma troca de per\u00edodo ou por retomar \u00e0 rotina enquanto estudante.<br>Conhecer novos colegas, disciplinas e professores tamb\u00e9m \u00e9 muito desafiador. Por conta disso, \u00e9 fundamental o di\u00e1logo dos respons\u00e1veis com as crian\u00e7as e os adolescentes a fim de prepar\u00e1-los para este momento. Uma pr\u00e1tica valiosa para amenizar os impactos dessa readapta\u00e7\u00e3o \u00e9 a leitura de obras que abordam temas relacionados \u00e0 volta \u00e0s aulas.<\/p>\n\n\n\n<div class=\"wp-block-image\"><figure class=\"aligncenter size-large\"><img loading=\"lazy\" decoding=\"async\" width=\"300\" height=\"250\" src=\"https:\/\/jornalfatosenoticias.com.br\/wp-content\/uploads\/2020\/02\/Banner-2.png\" alt=\"\" class=\"wp-image-43787\"\/><\/figure><\/div>\n\n\n\n<blockquote class=\"wp-block-quote is-layout-flow wp-block-quote-is-layout-flow\"><p><span class=\"has-inline-color has-luminous-vivid-orange-color\">Acredito que, por meio do est\u00edmulo \u00e0 imagina\u00e7\u00e3o, os livros d\u00e3o a oportunidade da crian\u00e7a e do jovem se identificarem com personagens que tamb\u00e9m enfrentam dificuldades com o retorno ao ambiente escolar&#8221;, Laura Vecchioli do Prado, coordenadora editorial de literatura e informativos da SOMOS Educa\u00e7\u00e3o (companhia brasileira de educa\u00e7\u00e3o).<\/span><\/p><\/blockquote>\n\n\n\n<div class=\"wp-block-image\"><figure class=\"aligncenter size-large is-resized\"><img loading=\"lazy\" decoding=\"async\" src=\"https:\/\/jornalfatosenoticias.com.br\/wp-content\/uploads\/2023\/08\/BKR-1024x1021.jpg\" alt=\"\" class=\"wp-image-44494\" width=\"316\" height=\"315\" srcset=\"https:\/\/jornalfatosenoticias.com.br\/wp-content\/uploads\/2023\/08\/BKR-1024x1021.jpg 1024w, https:\/\/jornalfatosenoticias.com.br\/wp-content\/uploads\/2023\/08\/BKR-300x300.jpg 300w, https:\/\/jornalfatosenoticias.com.br\/wp-content\/uploads\/2023\/08\/BKR-150x150.jpg 150w, https:\/\/jornalfatosenoticias.com.br\/wp-content\/uploads\/2023\/08\/BKR-768x766.jpg 768w, https:\/\/jornalfatosenoticias.com.br\/wp-content\/uploads\/2023\/08\/BKR.jpg 1080w\" sizes=\"auto, (max-width: 316px) 100vw, 316px\" \/><\/figure><\/div>\n\n\n\n<h3 class=\"wp-block-heading\"><span class=\"has-inline-color has-black-color\">Pensando nisso, a especialista destaca cinco livros que podem ajudar os alunos neste in\u00edcio do ano letivo. Confira:<\/span><\/h3>\n\n\n\n<p><strong><span class=\"has-inline-color has-vivid-purple-color\">1. Bibi vai para a escola \u2014 Alejandro Rosas<\/span><\/strong><\/p>\n\n\n\n<div class=\"wp-block-image\"><figure class=\"aligncenter size-large\"><img loading=\"lazy\" decoding=\"async\" width=\"774\" height=\"516\" src=\"https:\/\/jornalfatosenoticias.com.br\/wp-content\/uploads\/2024\/01\/bibi-vai-para-escola.jpg\" alt=\"\" class=\"wp-image-48692\" srcset=\"https:\/\/jornalfatosenoticias.com.br\/wp-content\/uploads\/2024\/01\/bibi-vai-para-escola.jpg 774w, https:\/\/jornalfatosenoticias.com.br\/wp-content\/uploads\/2024\/01\/bibi-vai-para-escola-300x200.jpg 300w, https:\/\/jornalfatosenoticias.com.br\/wp-content\/uploads\/2024\/01\/bibi-vai-para-escola-768x512.jpg 768w\" sizes=\"auto, (max-width: 774px) 100vw, 774px\" \/><figcaption><em><span class=\"has-inline-color has-black-color\">(Foto: Reprodu\u00e7\u00e3o)<\/span><\/em><\/figcaption><\/figure><\/div>\n\n\n\n<p>Bibi encontra-se assustada com a nova etapa da sua vida: a escola. Sem saber o que pode encontrar por l\u00e1, a menina sente medo de como ser\u00e1 essa nova experi\u00eancia, mas tem uma \u00f3tima surpresa em seu primeiro dia de aula, descobrindo que estudar pode, sim, ser divertido!<\/p>\n\n\n\n<p><strong><span class=\"has-inline-color has-vivid-purple-color\">2. Estudar: qual o segredo? \u2014 Fernanda Wendel<\/span><\/strong><\/p>\n\n\n\n<div class=\"wp-block-image\"><figure class=\"aligncenter size-large\"><img loading=\"lazy\" decoding=\"async\" width=\"774\" height=\"516\" src=\"https:\/\/jornalfatosenoticias.com.br\/wp-content\/uploads\/2024\/01\/estudar-qual-o-segredo.jpg\" alt=\"\" class=\"wp-image-48693\" srcset=\"https:\/\/jornalfatosenoticias.com.br\/wp-content\/uploads\/2024\/01\/estudar-qual-o-segredo.jpg 774w, https:\/\/jornalfatosenoticias.com.br\/wp-content\/uploads\/2024\/01\/estudar-qual-o-segredo-300x200.jpg 300w, https:\/\/jornalfatosenoticias.com.br\/wp-content\/uploads\/2024\/01\/estudar-qual-o-segredo-768x512.jpg 768w\" sizes=\"auto, (max-width: 774px) 100vw, 774px\" \/><figcaption><em><span class=\"has-inline-color has-black-color\">(Foto: Reprodu\u00e7\u00e3o)<\/span><\/em><\/figcaption><\/figure><\/div>\n\n\n\n<p>O livro nos mostra a realidade de quatro jovens que, apesar de excepcionais, apresentam algumas dificuldades na hora dos estudos. Mesclando a fantasia e a informa\u00e7\u00e3o, a hist\u00f3ria apresenta diversas dicas de estudo ao leitor, possibilitando que ele aproveite seus momentos de aprendizado dentro e fora da sala de aula.<\/p>\n\n\n\n<p><strong><span class=\"has-inline-color has-vivid-purple-color\">3. Samira n\u00e3o quer ir \u00e0 escola \u2014 Christian Lamblin<\/span><\/strong><\/p>\n\n\n\n<div class=\"wp-block-image\"><figure class=\"aligncenter size-large\"><img loading=\"lazy\" decoding=\"async\" width=\"774\" height=\"516\" src=\"https:\/\/jornalfatosenoticias.com.br\/wp-content\/uploads\/2024\/01\/samira-nao-quer-ir-a-escola.jpg\" alt=\"\" class=\"wp-image-48694\" srcset=\"https:\/\/jornalfatosenoticias.com.br\/wp-content\/uploads\/2024\/01\/samira-nao-quer-ir-a-escola.jpg 774w, https:\/\/jornalfatosenoticias.com.br\/wp-content\/uploads\/2024\/01\/samira-nao-quer-ir-a-escola-300x200.jpg 300w, https:\/\/jornalfatosenoticias.com.br\/wp-content\/uploads\/2024\/01\/samira-nao-quer-ir-a-escola-768x512.jpg 768w\" sizes=\"auto, (max-width: 774px) 100vw, 774px\" \/><figcaption><em><span class=\"has-inline-color has-black-color\">(Foto: Reprodu\u00e7\u00e3o)<\/span><\/em><\/figcaption><\/figure><\/div>\n\n\n\n<p>Samira encontra-se chateada com a ideia de ir para escola. Se fosse de sua escolha, ela passaria todos os dias no escrit\u00f3rio de sua m\u00e3e. Com uma narrativa leve e divertida, o livro acompanha a hist\u00f3ria de como a menina descobre o quanto \u00e9 bom estudar.<\/p>\n\n\n\n<p><strong><span class=\"has-inline-color has-vivid-purple-color\">4. Por mares h\u00e1 muito navegados \u2014 \u00c1lvaro Cardoso Gomes<\/span><\/strong><\/p>\n\n\n\n<div class=\"wp-block-image\"><figure class=\"aligncenter size-large\"><img loading=\"lazy\" decoding=\"async\" width=\"774\" height=\"516\" src=\"https:\/\/jornalfatosenoticias.com.br\/wp-content\/uploads\/2024\/01\/por-mares-ha-muito-navegados.jpg\" alt=\"\" class=\"wp-image-48695\" srcset=\"https:\/\/jornalfatosenoticias.com.br\/wp-content\/uploads\/2024\/01\/por-mares-ha-muito-navegados.jpg 774w, https:\/\/jornalfatosenoticias.com.br\/wp-content\/uploads\/2024\/01\/por-mares-ha-muito-navegados-300x200.jpg 300w, https:\/\/jornalfatosenoticias.com.br\/wp-content\/uploads\/2024\/01\/por-mares-ha-muito-navegados-768x512.jpg 768w\" sizes=\"auto, (max-width: 774px) 100vw, 774px\" \/><figcaption><em><span class=\"has-inline-color has-black-color\">(Foto: Reprodu\u00e7\u00e3o)<\/span><\/em><\/figcaption><\/figure><\/div>\n\n\n\n<p>Ded\u00e9 est\u00e1 desanimado com sua tarefa de f\u00e9rias: ele deve ler inteiro &#8220;Os Lus\u00edadas&#8221;! Pensando em como estimular o menino, seu pai decide que juntos far\u00e3o a rota de Vasco da Gama, vivendo na pele as emo\u00e7\u00f5es e as aventuras narradas nas palavras de Cam\u00f5es.<\/p>\n\n\n\n<p><strong><span class=\"has-inline-color has-vivid-purple-color\">5. Come\u00e7ar tudo de novo? \u2014 Fanny Abramovich<\/span><\/strong><\/p>\n\n\n\n<div class=\"wp-block-image\"><figure class=\"aligncenter size-large\"><img loading=\"lazy\" decoding=\"async\" width=\"774\" height=\"516\" src=\"https:\/\/jornalfatosenoticias.com.br\/wp-content\/uploads\/2024\/01\/comecar-tudo-de-novo.jpg\" alt=\"\" class=\"wp-image-48696\" srcset=\"https:\/\/jornalfatosenoticias.com.br\/wp-content\/uploads\/2024\/01\/comecar-tudo-de-novo.jpg 774w, https:\/\/jornalfatosenoticias.com.br\/wp-content\/uploads\/2024\/01\/comecar-tudo-de-novo-300x200.jpg 300w, https:\/\/jornalfatosenoticias.com.br\/wp-content\/uploads\/2024\/01\/comecar-tudo-de-novo-768x512.jpg 768w\" sizes=\"auto, (max-width: 774px) 100vw, 774px\" \/><figcaption><em><span class=\"has-inline-color has-black-color\">(Foto: Reprodu\u00e7\u00e3o)<\/span><\/em><\/figcaption><\/figure><\/div>\n\n\n\n<p>Bruna est\u00e1 assustada com a mudan\u00e7a de escola. Ela teme n\u00e3o se adaptar aos m\u00e9todos ou n\u00e3o se enturmar com os novos colegas. Mesmo com suas inseguran\u00e7as, a menina, aos poucos, consegue ultrapassar a timidez e se enquadrar em sua nova realidade.<\/p>\n\n\n\n<div class=\"wp-block-image\"><figure class=\"aligncenter size-large is-resized\"><img loading=\"lazy\" decoding=\"async\" src=\"https:\/\/jornalfatosenoticias.com.br\/wp-content\/uploads\/2020\/02\/logo-Rapuzel-1024x571.jpg\" alt=\"\" class=\"wp-image-42808\" width=\"300\" height=\"167\" srcset=\"https:\/\/jornalfatosenoticias.com.br\/wp-content\/uploads\/2020\/02\/logo-Rapuzel-1024x571.jpg 1024w, https:\/\/jornalfatosenoticias.com.br\/wp-content\/uploads\/2020\/02\/logo-Rapuzel-300x167.jpg 300w, https:\/\/jornalfatosenoticias.com.br\/wp-content\/uploads\/2020\/02\/logo-Rapuzel-768x428.jpg 768w, https:\/\/jornalfatosenoticias.com.br\/wp-content\/uploads\/2020\/02\/logo-Rapuzel-1536x856.jpg 1536w, https:\/\/jornalfatosenoticias.com.br\/wp-content\/uploads\/2020\/02\/logo-Rapuzel.jpg 1600w\" sizes=\"auto, (max-width: 300px) 100vw, 300px\" \/><\/figure><\/div>\n\n\n\n<p><strong><em>Fonte: <a href=\"https:\/\/www.terra.com.br\/noticias\/educacao\/5-livros-infantis-para-ajudar-as-criancas-na-adaptacao-escolar,95351591e09139dd21fc327c1c0bbb3fvzb7dpr9.html\">Terra<\/a><\/em><\/strong><\/p>\n","protected":false},"excerpt":{"rendered":"<p>Especialista recomenda obras infantis e juvenis para este per\u00edodo de retorno \u00e0 sala de aula Por Mariany Bittencourt O in\u00edcio do ano letivo est\u00e1 chegando, e voltar \u00e0 rotina nem sempre \u00e9 f\u00e1cil, tanto f\u00edsica quanto emocionalmente, j\u00e1 que, durante as f\u00e9rias, nossa mente e nosso corpo se habituam a um ritmo diferente. Por isso, [&hellip;]<\/p>\n","protected":false},"author":2,"featured_media":48694,"comment_status":"open","ping_status":"open","sticky":false,"template":"","format":"standard","meta":{"footnotes":""},"categories":[7],"tags":[22630,1080,22629,22632,22631,4692],"class_list":["post-48691","post","type-post","status-publish","format-standard","has-post-thumbnail","hentry","category-educacao","tag-adaptacao-escolar","tag-livros-infantis","tag-obras-infantis","tag-obras-infantojuvenis","tag-retorno-a-sala-de-aula","tag-volta-as-aulas"],"yoast_head":"<!-- This site is optimized with the Yoast SEO plugin v26.5 - https:\/\/yoast.com\/wordpress\/plugins\/seo\/ -->\n<title>Cinco livros infantis para ajudar as crian\u00e7as na adapta\u00e7\u00e3o escolar - Jornal Fatos e Not\u00edcias<\/title>\n<meta name=\"robots\" content=\"index, follow, max-snippet:-1, max-image-preview:large, max-video-preview:-1\" \/>\n<link rel=\"canonical\" href=\"https:\/\/jornalfatosenoticias.com.br\/index.php\/2024\/01\/24\/cinco-livros-infantis-para-ajudar-as-criancas-na-adaptacao-escolar\/\" \/>\n<meta property=\"og:locale\" content=\"pt_BR\" \/>\n<meta property=\"og:type\" content=\"article\" \/>\n<meta property=\"og:title\" content=\"Cinco livros infantis para ajudar as crian\u00e7as na adapta\u00e7\u00e3o escolar - Jornal Fatos e Not\u00edcias\" \/>\n<meta property=\"og:description\" content=\"Especialista recomenda obras infantis e juvenis para este per\u00edodo de retorno \u00e0 sala de aula Por Mariany Bittencourt O in\u00edcio do ano letivo est\u00e1 chegando, e voltar \u00e0 rotina nem sempre \u00e9 f\u00e1cil, tanto f\u00edsica quanto emocionalmente, j\u00e1 que, durante as f\u00e9rias, nossa mente e nosso corpo se habituam a um ritmo diferente. Por isso, [&hellip;]\" \/>\n<meta property=\"og:url\" content=\"https:\/\/jornalfatosenoticias.com.br\/index.php\/2024\/01\/24\/cinco-livros-infantis-para-ajudar-as-criancas-na-adaptacao-escolar\/\" \/>\n<meta property=\"og:site_name\" content=\"Jornal Fatos e Not\u00edcias\" \/>\n<meta property=\"article:published_time\" content=\"2024-01-24T19:55:03+00:00\" \/>\n<meta property=\"article:modified_time\" content=\"2024-01-24T20:02:42+00:00\" \/>\n<meta property=\"og:image\" content=\"https:\/\/jornalfatosenoticias.com.br\/wp-content\/uploads\/2024\/01\/samira-nao-quer-ir-a-escola.jpg\" \/>\n\t<meta property=\"og:image:width\" content=\"774\" \/>\n\t<meta property=\"og:image:height\" content=\"516\" \/>\n\t<meta property=\"og:image:type\" content=\"image\/jpeg\" \/>\n<meta name=\"author\" content=\"Luzimara Fernandes\" \/>\n<meta name=\"twitter:card\" content=\"summary_large_image\" \/>\n<meta name=\"twitter:label1\" content=\"Escrito por\" \/>\n\t<meta name=\"twitter:data1\" content=\"Luzimara Fernandes\" \/>\n\t<meta name=\"twitter:label2\" content=\"Est. tempo de leitura\" \/>\n\t<meta name=\"twitter:data2\" content=\"3 minutos\" \/>\n<script type=\"application\/ld+json\" class=\"yoast-schema-graph\">{\"@context\":\"https:\/\/schema.org\",\"@graph\":[{\"@type\":\"Article\",\"@id\":\"https:\/\/jornalfatosenoticias.com.br\/index.php\/2024\/01\/24\/cinco-livros-infantis-para-ajudar-as-criancas-na-adaptacao-escolar\/#article\",\"isPartOf\":{\"@id\":\"https:\/\/jornalfatosenoticias.com.br\/index.php\/2024\/01\/24\/cinco-livros-infantis-para-ajudar-as-criancas-na-adaptacao-escolar\/\"},\"author\":{\"name\":\"Luzimara Fernandes\",\"@id\":\"https:\/\/jornalfatosenoticias.com.br\/#\/schema\/person\/d63837fa13ac8666eb9e74e0985d6f81\"},\"headline\":\"Cinco livros infantis para ajudar as crian\u00e7as na adapta\u00e7\u00e3o escolar\",\"datePublished\":\"2024-01-24T19:55:03+00:00\",\"dateModified\":\"2024-01-24T20:02:42+00:00\",\"mainEntityOfPage\":{\"@id\":\"https:\/\/jornalfatosenoticias.com.br\/index.php\/2024\/01\/24\/cinco-livros-infantis-para-ajudar-as-criancas-na-adaptacao-escolar\/\"},\"wordCount\":536,\"commentCount\":0,\"publisher\":{\"@id\":\"https:\/\/jornalfatosenoticias.com.br\/#organization\"},\"image\":{\"@id\":\"https:\/\/jornalfatosenoticias.com.br\/index.php\/2024\/01\/24\/cinco-livros-infantis-para-ajudar-as-criancas-na-adaptacao-escolar\/#primaryimage\"},\"thumbnailUrl\":\"https:\/\/jornalfatosenoticias.com.br\/wp-content\/uploads\/2024\/01\/samira-nao-quer-ir-a-escola.jpg\",\"keywords\":[\"adapta\u00e7\u00e3o escolar\",\"livros infantis\",\"obras infantis\",\"obras infantojuvenis\",\"retorno \u00e0 sala de aula\",\"volta \u00e0s aulas\"],\"articleSection\":[\"Educa\u00e7\u00e3o\"],\"inLanguage\":\"pt-BR\",\"potentialAction\":[{\"@type\":\"CommentAction\",\"name\":\"Comment\",\"target\":[\"https:\/\/jornalfatosenoticias.com.br\/index.php\/2024\/01\/24\/cinco-livros-infantis-para-ajudar-as-criancas-na-adaptacao-escolar\/#respond\"]}]},{\"@type\":\"WebPage\",\"@id\":\"https:\/\/jornalfatosenoticias.com.br\/index.php\/2024\/01\/24\/cinco-livros-infantis-para-ajudar-as-criancas-na-adaptacao-escolar\/\",\"url\":\"https:\/\/jornalfatosenoticias.com.br\/index.php\/2024\/01\/24\/cinco-livros-infantis-para-ajudar-as-criancas-na-adaptacao-escolar\/\",\"name\":\"Cinco livros infantis para ajudar as crian\u00e7as na adapta\u00e7\u00e3o escolar - Jornal Fatos e Not\u00edcias\",\"isPartOf\":{\"@id\":\"https:\/\/jornalfatosenoticias.com.br\/#website\"},\"primaryImageOfPage\":{\"@id\":\"https:\/\/jornalfatosenoticias.com.br\/index.php\/2024\/01\/24\/cinco-livros-infantis-para-ajudar-as-criancas-na-adaptacao-escolar\/#primaryimage\"},\"image\":{\"@id\":\"https:\/\/jornalfatosenoticias.com.br\/index.php\/2024\/01\/24\/cinco-livros-infantis-para-ajudar-as-criancas-na-adaptacao-escolar\/#primaryimage\"},\"thumbnailUrl\":\"https:\/\/jornalfatosenoticias.com.br\/wp-content\/uploads\/2024\/01\/samira-nao-quer-ir-a-escola.jpg\",\"datePublished\":\"2024-01-24T19:55:03+00:00\",\"dateModified\":\"2024-01-24T20:02:42+00:00\",\"breadcrumb\":{\"@id\":\"https:\/\/jornalfatosenoticias.com.br\/index.php\/2024\/01\/24\/cinco-livros-infantis-para-ajudar-as-criancas-na-adaptacao-escolar\/#breadcrumb\"},\"inLanguage\":\"pt-BR\",\"potentialAction\":[{\"@type\":\"ReadAction\",\"target\":[\"https:\/\/jornalfatosenoticias.com.br\/index.php\/2024\/01\/24\/cinco-livros-infantis-para-ajudar-as-criancas-na-adaptacao-escolar\/\"]}]},{\"@type\":\"ImageObject\",\"inLanguage\":\"pt-BR\",\"@id\":\"https:\/\/jornalfatosenoticias.com.br\/index.php\/2024\/01\/24\/cinco-livros-infantis-para-ajudar-as-criancas-na-adaptacao-escolar\/#primaryimage\",\"url\":\"https:\/\/jornalfatosenoticias.com.br\/wp-content\/uploads\/2024\/01\/samira-nao-quer-ir-a-escola.jpg\",\"contentUrl\":\"https:\/\/jornalfatosenoticias.com.br\/wp-content\/uploads\/2024\/01\/samira-nao-quer-ir-a-escola.jpg\",\"width\":774,\"height\":516},{\"@type\":\"BreadcrumbList\",\"@id\":\"https:\/\/jornalfatosenoticias.com.br\/index.php\/2024\/01\/24\/cinco-livros-infantis-para-ajudar-as-criancas-na-adaptacao-escolar\/#breadcrumb\",\"itemListElement\":[{\"@type\":\"ListItem\",\"position\":1,\"name\":\"In\u00edcio\",\"item\":\"https:\/\/jornalfatosenoticias.com.br\/\"},{\"@type\":\"ListItem\",\"position\":2,\"name\":\"Cinco livros infantis para ajudar as crian\u00e7as na adapta\u00e7\u00e3o escolar\"}]},{\"@type\":\"WebSite\",\"@id\":\"https:\/\/jornalfatosenoticias.com.br\/#website\",\"url\":\"https:\/\/jornalfatosenoticias.com.br\/\",\"name\":\"Jornal Fatos e Not\u00edcias\",\"description\":\"Not\u00edcias em geral\",\"publisher\":{\"@id\":\"https:\/\/jornalfatosenoticias.com.br\/#organization\"},\"potentialAction\":[{\"@type\":\"SearchAction\",\"target\":{\"@type\":\"EntryPoint\",\"urlTemplate\":\"https:\/\/jornalfatosenoticias.com.br\/?s={search_term_string}\"},\"query-input\":{\"@type\":\"PropertyValueSpecification\",\"valueRequired\":true,\"valueName\":\"search_term_string\"}}],\"inLanguage\":\"pt-BR\"},{\"@type\":\"Organization\",\"@id\":\"https:\/\/jornalfatosenoticias.com.br\/#organization\",\"name\":\"Jornal Fatos e Not\u00edcias\",\"url\":\"https:\/\/jornalfatosenoticias.com.br\/\",\"logo\":{\"@type\":\"ImageObject\",\"inLanguage\":\"pt-BR\",\"@id\":\"https:\/\/jornalfatosenoticias.com.br\/#\/schema\/logo\/image\/\",\"url\":\"https:\/\/jornalfatosenoticias.com.br\/wp-content\/uploads\/2020\/02\/logo120.png\",\"contentUrl\":\"https:\/\/jornalfatosenoticias.com.br\/wp-content\/uploads\/2020\/02\/logo120.png\",\"width\":1227,\"height\":120,\"caption\":\"Jornal Fatos e Not\u00edcias\"},\"image\":{\"@id\":\"https:\/\/jornalfatosenoticias.com.br\/#\/schema\/logo\/image\/\"}},{\"@type\":\"Person\",\"@id\":\"https:\/\/jornalfatosenoticias.com.br\/#\/schema\/person\/d63837fa13ac8666eb9e74e0985d6f81\",\"name\":\"Luzimara Fernandes\",\"image\":{\"@type\":\"ImageObject\",\"inLanguage\":\"pt-BR\",\"@id\":\"https:\/\/jornalfatosenoticias.com.br\/#\/schema\/person\/image\/\",\"url\":\"https:\/\/jornalfatosenoticias.com.br\/wp-content\/uploads\/2025\/05\/EU_portal.jpg\",\"contentUrl\":\"https:\/\/jornalfatosenoticias.com.br\/wp-content\/uploads\/2025\/05\/EU_portal.jpg\",\"caption\":\"Luzimara Fernandes\"},\"description\":\"Jornalista MTB 2358-ES\",\"sameAs\":[\"https:\/\/jornalfatosenoticias.com.br\"],\"url\":\"https:\/\/jornalfatosenoticias.com.br\/index.php\/author\/luzimara\/\"}]}<\/script>\n<!-- \/ Yoast SEO plugin. -->","yoast_head_json":{"title":"Cinco livros infantis para ajudar as crian\u00e7as na adapta\u00e7\u00e3o escolar - Jornal Fatos e Not\u00edcias","robots":{"index":"index","follow":"follow","max-snippet":"max-snippet:-1","max-image-preview":"max-image-preview:large","max-video-preview":"max-video-preview:-1"},"canonical":"https:\/\/jornalfatosenoticias.com.br\/index.php\/2024\/01\/24\/cinco-livros-infantis-para-ajudar-as-criancas-na-adaptacao-escolar\/","og_locale":"pt_BR","og_type":"article","og_title":"Cinco livros infantis para ajudar as crian\u00e7as na adapta\u00e7\u00e3o escolar - Jornal Fatos e Not\u00edcias","og_description":"Especialista recomenda obras infantis e juvenis para este per\u00edodo de retorno \u00e0 sala de aula Por Mariany Bittencourt O in\u00edcio do ano letivo est\u00e1 chegando, e voltar \u00e0 rotina nem sempre \u00e9 f\u00e1cil, tanto f\u00edsica quanto emocionalmente, j\u00e1 que, durante as f\u00e9rias, nossa mente e nosso corpo se habituam a um ritmo diferente. Por isso, [&hellip;]","og_url":"https:\/\/jornalfatosenoticias.com.br\/index.php\/2024\/01\/24\/cinco-livros-infantis-para-ajudar-as-criancas-na-adaptacao-escolar\/","og_site_name":"Jornal Fatos e Not\u00edcias","article_published_time":"2024-01-24T19:55:03+00:00","article_modified_time":"2024-01-24T20:02:42+00:00","og_image":[{"width":774,"height":516,"url":"https:\/\/jornalfatosenoticias.com.br\/wp-content\/uploads\/2024\/01\/samira-nao-quer-ir-a-escola.jpg","type":"image\/jpeg"}],"author":"Luzimara Fernandes","twitter_card":"summary_large_image","twitter_misc":{"Escrito por":"Luzimara Fernandes","Est. tempo de leitura":"3 minutos"},"schema":{"@context":"https:\/\/schema.org","@graph":[{"@type":"Article","@id":"https:\/\/jornalfatosenoticias.com.br\/index.php\/2024\/01\/24\/cinco-livros-infantis-para-ajudar-as-criancas-na-adaptacao-escolar\/#article","isPartOf":{"@id":"https:\/\/jornalfatosenoticias.com.br\/index.php\/2024\/01\/24\/cinco-livros-infantis-para-ajudar-as-criancas-na-adaptacao-escolar\/"},"author":{"name":"Luzimara Fernandes","@id":"https:\/\/jornalfatosenoticias.com.br\/#\/schema\/person\/d63837fa13ac8666eb9e74e0985d6f81"},"headline":"Cinco livros infantis para ajudar as crian\u00e7as na adapta\u00e7\u00e3o escolar","datePublished":"2024-01-24T19:55:03+00:00","dateModified":"2024-01-24T20:02:42+00:00","mainEntityOfPage":{"@id":"https:\/\/jornalfatosenoticias.com.br\/index.php\/2024\/01\/24\/cinco-livros-infantis-para-ajudar-as-criancas-na-adaptacao-escolar\/"},"wordCount":536,"commentCount":0,"publisher":{"@id":"https:\/\/jornalfatosenoticias.com.br\/#organization"},"image":{"@id":"https:\/\/jornalfatosenoticias.com.br\/index.php\/2024\/01\/24\/cinco-livros-infantis-para-ajudar-as-criancas-na-adaptacao-escolar\/#primaryimage"},"thumbnailUrl":"https:\/\/jornalfatosenoticias.com.br\/wp-content\/uploads\/2024\/01\/samira-nao-quer-ir-a-escola.jpg","keywords":["adapta\u00e7\u00e3o escolar","livros infantis","obras infantis","obras infantojuvenis","retorno \u00e0 sala de aula","volta \u00e0s aulas"],"articleSection":["Educa\u00e7\u00e3o"],"inLanguage":"pt-BR","potentialAction":[{"@type":"CommentAction","name":"Comment","target":["https:\/\/jornalfatosenoticias.com.br\/index.php\/2024\/01\/24\/cinco-livros-infantis-para-ajudar-as-criancas-na-adaptacao-escolar\/#respond"]}]},{"@type":"WebPage","@id":"https:\/\/jornalfatosenoticias.com.br\/index.php\/2024\/01\/24\/cinco-livros-infantis-para-ajudar-as-criancas-na-adaptacao-escolar\/","url":"https:\/\/jornalfatosenoticias.com.br\/index.php\/2024\/01\/24\/cinco-livros-infantis-para-ajudar-as-criancas-na-adaptacao-escolar\/","name":"Cinco livros infantis para ajudar as crian\u00e7as na adapta\u00e7\u00e3o escolar - Jornal Fatos e Not\u00edcias","isPartOf":{"@id":"https:\/\/jornalfatosenoticias.com.br\/#website"},"primaryImageOfPage":{"@id":"https:\/\/jornalfatosenoticias.com.br\/index.php\/2024\/01\/24\/cinco-livros-infantis-para-ajudar-as-criancas-na-adaptacao-escolar\/#primaryimage"},"image":{"@id":"https:\/\/jornalfatosenoticias.com.br\/index.php\/2024\/01\/24\/cinco-livros-infantis-para-ajudar-as-criancas-na-adaptacao-escolar\/#primaryimage"},"thumbnailUrl":"https:\/\/jornalfatosenoticias.com.br\/wp-content\/uploads\/2024\/01\/samira-nao-quer-ir-a-escola.jpg","datePublished":"2024-01-24T19:55:03+00:00","dateModified":"2024-01-24T20:02:42+00:00","breadcrumb":{"@id":"https:\/\/jornalfatosenoticias.com.br\/index.php\/2024\/01\/24\/cinco-livros-infantis-para-ajudar-as-criancas-na-adaptacao-escolar\/#breadcrumb"},"inLanguage":"pt-BR","potentialAction":[{"@type":"ReadAction","target":["https:\/\/jornalfatosenoticias.com.br\/index.php\/2024\/01\/24\/cinco-livros-infantis-para-ajudar-as-criancas-na-adaptacao-escolar\/"]}]},{"@type":"ImageObject","inLanguage":"pt-BR","@id":"https:\/\/jornalfatosenoticias.com.br\/index.php\/2024\/01\/24\/cinco-livros-infantis-para-ajudar-as-criancas-na-adaptacao-escolar\/#primaryimage","url":"https:\/\/jornalfatosenoticias.com.br\/wp-content\/uploads\/2024\/01\/samira-nao-quer-ir-a-escola.jpg","contentUrl":"https:\/\/jornalfatosenoticias.com.br\/wp-content\/uploads\/2024\/01\/samira-nao-quer-ir-a-escola.jpg","width":774,"height":516},{"@type":"BreadcrumbList","@id":"https:\/\/jornalfatosenoticias.com.br\/index.php\/2024\/01\/24\/cinco-livros-infantis-para-ajudar-as-criancas-na-adaptacao-escolar\/#breadcrumb","itemListElement":[{"@type":"ListItem","position":1,"name":"In\u00edcio","item":"https:\/\/jornalfatosenoticias.com.br\/"},{"@type":"ListItem","position":2,"name":"Cinco livros infantis para ajudar as crian\u00e7as na adapta\u00e7\u00e3o escolar"}]},{"@type":"WebSite","@id":"https:\/\/jornalfatosenoticias.com.br\/#website","url":"https:\/\/jornalfatosenoticias.com.br\/","name":"Jornal Fatos e Not\u00edcias","description":"Not\u00edcias em geral","publisher":{"@id":"https:\/\/jornalfatosenoticias.com.br\/#organization"},"potentialAction":[{"@type":"SearchAction","target":{"@type":"EntryPoint","urlTemplate":"https:\/\/jornalfatosenoticias.com.br\/?s={search_term_string}"},"query-input":{"@type":"PropertyValueSpecification","valueRequired":true,"valueName":"search_term_string"}}],"inLanguage":"pt-BR"},{"@type":"Organization","@id":"https:\/\/jornalfatosenoticias.com.br\/#organization","name":"Jornal Fatos e Not\u00edcias","url":"https:\/\/jornalfatosenoticias.com.br\/","logo":{"@type":"ImageObject","inLanguage":"pt-BR","@id":"https:\/\/jornalfatosenoticias.com.br\/#\/schema\/logo\/image\/","url":"https:\/\/jornalfatosenoticias.com.br\/wp-content\/uploads\/2020\/02\/logo120.png","contentUrl":"https:\/\/jornalfatosenoticias.com.br\/wp-content\/uploads\/2020\/02\/logo120.png","width":1227,"height":120,"caption":"Jornal Fatos e Not\u00edcias"},"image":{"@id":"https:\/\/jornalfatosenoticias.com.br\/#\/schema\/logo\/image\/"}},{"@type":"Person","@id":"https:\/\/jornalfatosenoticias.com.br\/#\/schema\/person\/d63837fa13ac8666eb9e74e0985d6f81","name":"Luzimara Fernandes","image":{"@type":"ImageObject","inLanguage":"pt-BR","@id":"https:\/\/jornalfatosenoticias.com.br\/#\/schema\/person\/image\/","url":"https:\/\/jornalfatosenoticias.com.br\/wp-content\/uploads\/2025\/05\/EU_portal.jpg","contentUrl":"https:\/\/jornalfatosenoticias.com.br\/wp-content\/uploads\/2025\/05\/EU_portal.jpg","caption":"Luzimara Fernandes"},"description":"Jornalista MTB 2358-ES","sameAs":["https:\/\/jornalfatosenoticias.com.br"],"url":"https:\/\/jornalfatosenoticias.com.br\/index.php\/author\/luzimara\/"}]}},"cc_featured_image_caption":{"caption_text":"(Foto: Reprodu\u00e7\u00e3o) ","source_text":"","source_url":""},"jetpack_featured_media_url":"https:\/\/jornalfatosenoticias.com.br\/wp-content\/uploads\/2024\/01\/samira-nao-quer-ir-a-escola.jpg","_links":{"self":[{"href":"https:\/\/jornalfatosenoticias.com.br\/index.php\/wp-json\/wp\/v2\/posts\/48691","targetHints":{"allow":["GET"]}}],"collection":[{"href":"https:\/\/jornalfatosenoticias.com.br\/index.php\/wp-json\/wp\/v2\/posts"}],"about":[{"href":"https:\/\/jornalfatosenoticias.com.br\/index.php\/wp-json\/wp\/v2\/types\/post"}],"author":[{"embeddable":true,"href":"https:\/\/jornalfatosenoticias.com.br\/index.php\/wp-json\/wp\/v2\/users\/2"}],"replies":[{"embeddable":true,"href":"https:\/\/jornalfatosenoticias.com.br\/index.php\/wp-json\/wp\/v2\/comments?post=48691"}],"version-history":[{"count":0,"href":"https:\/\/jornalfatosenoticias.com.br\/index.php\/wp-json\/wp\/v2\/posts\/48691\/revisions"}],"wp:featuredmedia":[{"embeddable":true,"href":"https:\/\/jornalfatosenoticias.com.br\/index.php\/wp-json\/wp\/v2\/media\/48694"}],"wp:attachment":[{"href":"https:\/\/jornalfatosenoticias.com.br\/index.php\/wp-json\/wp\/v2\/media?parent=48691"}],"wp:term":[{"taxonomy":"category","embeddable":true,"href":"https:\/\/jornalfatosenoticias.com.br\/index.php\/wp-json\/wp\/v2\/categories?post=48691"},{"taxonomy":"post_tag","embeddable":true,"href":"https:\/\/jornalfatosenoticias.com.br\/index.php\/wp-json\/wp\/v2\/tags?post=48691"}],"curies":[{"name":"wp","href":"https:\/\/api.w.org\/{rel}","templated":true}]}}