{"id":48702,"date":"2024-01-24T17:16:24","date_gmt":"2024-01-24T20:16:24","guid":{"rendered":"https:\/\/jornalfatosenoticias.com.br\/?p=48702"},"modified":"2024-01-24T17:16:26","modified_gmt":"2024-01-24T20:16:26","slug":"cientistas-avancam-em-tratamento-de-parkinson-feito-com-imas-no-cerebro","status":"publish","type":"post","link":"https:\/\/jornalfatosenoticias.com.br\/index.php\/2024\/01\/24\/cientistas-avancam-em-tratamento-de-parkinson-feito-com-imas-no-cerebro\/","title":{"rendered":"Cientistas avan\u00e7am em tratamento de Parkinson feito com \u00edm\u00e3s no c\u00e9rebro"},"content":{"rendered":"\n<p><em><span class=\"has-inline-color has-black-color\">Atrav\u00e9s de \u00edm\u00e3s muito pequenos acionados remotamente por wireless, pesquisadores ativaram neur\u00f4nios espec\u00edficos e conseguiram aliviar sintomas da doen\u00e7a de Parkinson em ratos de laborat\u00f3rio<\/span><\/em><\/p>\n\n\n\n<p><span class=\"has-inline-color has-black-color\">Por <strong><a href=\"https:\/\/gizmodo.uol.com.br\/author\/barbara-giovani\/\">B\u00e1rbara Giovani<\/a><\/strong><\/span><\/p>\n\n\n\n<div class=\"wp-block-image\"><figure class=\"aligncenter size-large\"><img loading=\"lazy\" decoding=\"async\" width=\"729\" height=\"90\" src=\"https:\/\/jornalfatosenoticias.com.br\/wp-content\/uploads\/2020\/02\/Logo_Mizu.png\" alt=\"\" class=\"wp-image-1441\" srcset=\"https:\/\/jornalfatosenoticias.com.br\/wp-content\/uploads\/2020\/02\/Logo_Mizu.png 729w, https:\/\/jornalfatosenoticias.com.br\/wp-content\/uploads\/2020\/02\/Logo_Mizu-300x37.png 300w\" sizes=\"auto, (max-width: 729px) 100vw, 729px\" \/><\/figure><\/div>\n\n\n\n<p>Atrav\u00e9s de \u00edm\u00e3s muito pequenos acionados remotamente por wireless, pesquisadores ativaram neur\u00f4nios espec\u00edficos e conseguiram aliviar sintomas da <a href=\"https:\/\/gizmodo.uol.com.br\/parkinson-ja-pode-ser-descoberto-com-um-cotonete-em-3-minutos\/\">doen\u00e7a de Parkinson<\/a> em ratos de laborat\u00f3rio. Chamada de magneto-gen\u00e9tica, a t\u00e9cnica \u00e9 uma nova aplica\u00e7\u00e3o da estimula\u00e7\u00e3o cerebral profunda el\u00e9trica (DBS), que j\u00e1 \u00e9 uma forma reconhecida de tratar dist\u00farbios do movimento. No entanto, em seu uso tradicional, ainda \u00e9 considerada invasiva e insegura.<br>Em geral, o m\u00e9todo original consiste em implantar eletrodos no c\u00e9rebro de uma pessoa. Ent\u00e3o, um pacote de bateria envia sinais el\u00e9tricos atrav\u00e9s de fios, ativando as c\u00e9lulas nervosas em uma regi\u00e3o do c\u00e9rebro chamada n\u00facleo subtal\u00e2mico (STN). At\u00e9 agora, o uso dessa t\u00e9cnica aliviou tremores, rigidez muscular e movimentos involunt\u00e1rios. Mas tamb\u00e9m demonstrou potenciais efeitos colaterais, como hemorragia cerebral e danos nos tecidos. Por isso, s\u00f3 \u00e9 indicada para pacientes com Parkinson em est\u00e1gio avan\u00e7ado.<br>Para testar um tratamento menos invasivo, pesquisadores criaram \u00edm\u00e3s em nanoescala. Ent\u00e3o, marcaram esses dispositivos com anticorpos, a fim de auxiliar sua ades\u00e3o aos neur\u00f4nios do STN.<\/p>\n\n\n\n<div class=\"wp-block-image\"><figure class=\"aligncenter size-large\"><img loading=\"lazy\" decoding=\"async\" width=\"300\" height=\"250\" src=\"https:\/\/jornalfatosenoticias.com.br\/wp-content\/uploads\/2022\/02\/FERRARI_MAQUINAS-E-FERRAMENTAS2.jpg\" alt=\"\" class=\"wp-image-27860\"\/><\/figure><\/div>\n\n\n\n<p>Em seguida, modificaram geneticamente essas mesmas c\u00e9lulas nervosas, para que se ativassem quando os \u00edm\u00e3s girassem. Por fim, eles injetaram os \u00edm\u00e3s nos c\u00e9rebros dos ratos de laborat\u00f3rio com doen\u00e7a de <a href=\"https:\/\/gizmodo.uol.com.br\/cientistas-identificam-molecula-que-consegue-prevenir-mecanismo-do-parkinson\/\">Parkinson<\/a> em est\u00e1gio inicial e avan\u00e7ado.<\/p>\n\n\n\n<div class=\"wp-block-image\"><figure class=\"aligncenter size-large is-resized\"><img loading=\"lazy\" decoding=\"async\" src=\"https:\/\/jornalfatosenoticias.com.br\/wp-content\/uploads\/2020\/02\/LOGO-BLU-COMERCIAL-PRETO-1024x600.jpg\" alt=\"\" class=\"wp-image-44089\" width=\"353\" height=\"206\"\/><\/figure><\/div>\n\n\n\n<p>Esses \u00edm\u00e3s foram ativados via wireless, em um campo magn\u00e9tico cerca de mil vezes menos intenso do que o de uma resson\u00e2ncia magn\u00e9tica (MRI). Como resultado, aqueles ratos cujos neur\u00f4nios foram magnetizados apresentaram melhora na fun\u00e7\u00e3o motora, alcan\u00e7ando n\u00edveis compar\u00e1veis aos de camundongos saud\u00e1veis. Em geral, os animais que foram expostos v\u00e1rias vezes ao campo magn\u00e9tico retiveram mais de um ter\u00e7o de suas melhorias motoras.<\/p>\n\n\n\n<div class=\"wp-block-image\"><figure class=\"aligncenter size-large is-resized\"><img loading=\"lazy\" decoding=\"async\" src=\"https:\/\/jornalfatosenoticias.com.br\/wp-content\/uploads\/2023\/08\/ITH.jpeg\" alt=\"\" class=\"wp-image-44638\" width=\"366\" height=\"297\" srcset=\"https:\/\/jornalfatosenoticias.com.br\/wp-content\/uploads\/2023\/08\/ITH.jpeg 800w, https:\/\/jornalfatosenoticias.com.br\/wp-content\/uploads\/2023\/08\/ITH-300x244.jpeg 300w, https:\/\/jornalfatosenoticias.com.br\/wp-content\/uploads\/2023\/08\/ITH-768x624.jpeg 768w\" sizes=\"auto, (max-width: 366px) 100vw, 366px\" \/><\/figure><\/div>\n\n\n\n<p>Al\u00e9m disso, os neur\u00f4nios dos ratos tratados n\u00e3o apresentaram danos significativos dentro e ao redor do STN. Isso sugere que essa t\u00e9cnica pode ser uma alternativa mais segura aos sistemas tradicionais de DBS implantados, afirmam os pesquisadores. Agora, o experimento foi descrito em artigo publicado na revista <a href=\"https:\/\/pubs.acs.org\/doi\/10.1021\/acs.nanolett.3c03899\"><em>Nano Letters<\/em><\/a>. Dessa forma, pode funcionar tanto no tratamento da doen\u00e7a de Parkinson quanto em outros dist\u00farbios neurol\u00f3gicos, como epilepsia e doen\u00e7a de Alzheimer.<\/p>\n\n\n\n<div class=\"wp-block-image\"><figure class=\"aligncenter size-large\"><img decoding=\"async\" src=\"https:\/\/jornalfatosenoticias.com.br\/wp-content\/uploads\/2020\/02\/barao-das-carnes-300x164-1.jpg\" alt=\"\" class=\"wp-image-34339\"\/><\/figure><\/div>\n\n\n\n<p><strong><em>Fonte: <a href=\"https:\/\/gizmodo.uol.com.br\/cientistas-avancam-em-tratamento-de-parkinson-feito-com-imas-no-cerebro\/\">Giz Brasil<\/a><\/em><\/strong><\/p>\n","protected":false},"excerpt":{"rendered":"<p>Atrav\u00e9s de \u00edm\u00e3s muito pequenos acionados remotamente por wireless, pesquisadores ativaram neur\u00f4nios espec\u00edficos e conseguiram aliviar sintomas da doen\u00e7a de Parkinson em ratos de laborat\u00f3rio Por B\u00e1rbara Giovani Atrav\u00e9s de \u00edm\u00e3s muito pequenos acionados remotamente por wireless, pesquisadores ativaram neur\u00f4nios espec\u00edficos e conseguiram aliviar sintomas da doen\u00e7a de Parkinson em ratos de laborat\u00f3rio. Chamada de [&hellip;]<\/p>\n","protected":false},"author":2,"featured_media":48703,"comment_status":"open","ping_status":"open","sticky":false,"template":"","format":"standard","meta":{"footnotes":""},"categories":[11],"tags":[2336,22634,4926,3709],"class_list":["post-48702","post","type-post","status-publish","format-standard","has-post-thumbnail","hentry","category-saude","tag-cerebro","tag-imas","tag-nanotecnologia","tag-parkinson"],"yoast_head":"<!-- This site is optimized with the Yoast SEO plugin v26.5 - https:\/\/yoast.com\/wordpress\/plugins\/seo\/ -->\n<title>Cientistas avan\u00e7am em tratamento de Parkinson feito com \u00edm\u00e3s no c\u00e9rebro - Jornal Fatos e Not\u00edcias<\/title>\n<meta name=\"robots\" content=\"index, follow, max-snippet:-1, max-image-preview:large, max-video-preview:-1\" \/>\n<link rel=\"canonical\" href=\"https:\/\/jornalfatosenoticias.com.br\/index.php\/2024\/01\/24\/cientistas-avancam-em-tratamento-de-parkinson-feito-com-imas-no-cerebro\/\" \/>\n<meta property=\"og:locale\" content=\"pt_BR\" \/>\n<meta property=\"og:type\" content=\"article\" \/>\n<meta property=\"og:title\" content=\"Cientistas avan\u00e7am em tratamento de Parkinson feito com \u00edm\u00e3s no c\u00e9rebro - Jornal Fatos e Not\u00edcias\" \/>\n<meta property=\"og:description\" content=\"Atrav\u00e9s de \u00edm\u00e3s muito pequenos acionados remotamente por wireless, pesquisadores ativaram neur\u00f4nios espec\u00edficos e conseguiram aliviar sintomas da doen\u00e7a de Parkinson em ratos de laborat\u00f3rio Por B\u00e1rbara Giovani Atrav\u00e9s de \u00edm\u00e3s muito pequenos acionados remotamente por wireless, pesquisadores ativaram neur\u00f4nios espec\u00edficos e conseguiram aliviar sintomas da doen\u00e7a de Parkinson em ratos de laborat\u00f3rio. Chamada de [&hellip;]\" \/>\n<meta property=\"og:url\" content=\"https:\/\/jornalfatosenoticias.com.br\/index.php\/2024\/01\/24\/cientistas-avancam-em-tratamento-de-parkinson-feito-com-imas-no-cerebro\/\" \/>\n<meta property=\"og:site_name\" content=\"Jornal Fatos e Not\u00edcias\" \/>\n<meta property=\"article:published_time\" content=\"2024-01-24T20:16:24+00:00\" \/>\n<meta property=\"article:modified_time\" content=\"2024-01-24T20:16:26+00:00\" \/>\n<meta property=\"og:image\" content=\"https:\/\/jornalfatosenoticias.com.br\/wp-content\/uploads\/2024\/01\/Parkinson_istockphoto-1.jpg\" \/>\n\t<meta property=\"og:image:width\" content=\"612\" \/>\n\t<meta property=\"og:image:height\" content=\"408\" \/>\n\t<meta property=\"og:image:type\" content=\"image\/jpeg\" \/>\n<meta name=\"author\" content=\"Luzimara Fernandes\" \/>\n<meta name=\"twitter:card\" content=\"summary_large_image\" \/>\n<meta name=\"twitter:label1\" content=\"Escrito por\" \/>\n\t<meta name=\"twitter:data1\" content=\"Luzimara Fernandes\" \/>\n\t<meta name=\"twitter:label2\" content=\"Est. tempo de leitura\" \/>\n\t<meta name=\"twitter:data2\" content=\"2 minutos\" \/>\n<script type=\"application\/ld+json\" class=\"yoast-schema-graph\">{\"@context\":\"https:\/\/schema.org\",\"@graph\":[{\"@type\":\"Article\",\"@id\":\"https:\/\/jornalfatosenoticias.com.br\/index.php\/2024\/01\/24\/cientistas-avancam-em-tratamento-de-parkinson-feito-com-imas-no-cerebro\/#article\",\"isPartOf\":{\"@id\":\"https:\/\/jornalfatosenoticias.com.br\/index.php\/2024\/01\/24\/cientistas-avancam-em-tratamento-de-parkinson-feito-com-imas-no-cerebro\/\"},\"author\":{\"name\":\"Luzimara Fernandes\",\"@id\":\"https:\/\/jornalfatosenoticias.com.br\/#\/schema\/person\/d63837fa13ac8666eb9e74e0985d6f81\"},\"headline\":\"Cientistas avan\u00e7am em tratamento de Parkinson feito com \u00edm\u00e3s no c\u00e9rebro\",\"datePublished\":\"2024-01-24T20:16:24+00:00\",\"dateModified\":\"2024-01-24T20:16:26+00:00\",\"mainEntityOfPage\":{\"@id\":\"https:\/\/jornalfatosenoticias.com.br\/index.php\/2024\/01\/24\/cientistas-avancam-em-tratamento-de-parkinson-feito-com-imas-no-cerebro\/\"},\"wordCount\":447,\"commentCount\":0,\"publisher\":{\"@id\":\"https:\/\/jornalfatosenoticias.com.br\/#organization\"},\"image\":{\"@id\":\"https:\/\/jornalfatosenoticias.com.br\/index.php\/2024\/01\/24\/cientistas-avancam-em-tratamento-de-parkinson-feito-com-imas-no-cerebro\/#primaryimage\"},\"thumbnailUrl\":\"https:\/\/jornalfatosenoticias.com.br\/wp-content\/uploads\/2024\/01\/Parkinson_istockphoto-1.jpg\",\"keywords\":[\"c\u00e9rebro\",\"\u00edm\u00e3s\",\"nanotecnologia\",\"Parkinson\"],\"articleSection\":[\"Sa\u00fade\"],\"inLanguage\":\"pt-BR\",\"potentialAction\":[{\"@type\":\"CommentAction\",\"name\":\"Comment\",\"target\":[\"https:\/\/jornalfatosenoticias.com.br\/index.php\/2024\/01\/24\/cientistas-avancam-em-tratamento-de-parkinson-feito-com-imas-no-cerebro\/#respond\"]}]},{\"@type\":\"WebPage\",\"@id\":\"https:\/\/jornalfatosenoticias.com.br\/index.php\/2024\/01\/24\/cientistas-avancam-em-tratamento-de-parkinson-feito-com-imas-no-cerebro\/\",\"url\":\"https:\/\/jornalfatosenoticias.com.br\/index.php\/2024\/01\/24\/cientistas-avancam-em-tratamento-de-parkinson-feito-com-imas-no-cerebro\/\",\"name\":\"Cientistas avan\u00e7am em tratamento de Parkinson feito com \u00edm\u00e3s no c\u00e9rebro - Jornal Fatos e Not\u00edcias\",\"isPartOf\":{\"@id\":\"https:\/\/jornalfatosenoticias.com.br\/#website\"},\"primaryImageOfPage\":{\"@id\":\"https:\/\/jornalfatosenoticias.com.br\/index.php\/2024\/01\/24\/cientistas-avancam-em-tratamento-de-parkinson-feito-com-imas-no-cerebro\/#primaryimage\"},\"image\":{\"@id\":\"https:\/\/jornalfatosenoticias.com.br\/index.php\/2024\/01\/24\/cientistas-avancam-em-tratamento-de-parkinson-feito-com-imas-no-cerebro\/#primaryimage\"},\"thumbnailUrl\":\"https:\/\/jornalfatosenoticias.com.br\/wp-content\/uploads\/2024\/01\/Parkinson_istockphoto-1.jpg\",\"datePublished\":\"2024-01-24T20:16:24+00:00\",\"dateModified\":\"2024-01-24T20:16:26+00:00\",\"breadcrumb\":{\"@id\":\"https:\/\/jornalfatosenoticias.com.br\/index.php\/2024\/01\/24\/cientistas-avancam-em-tratamento-de-parkinson-feito-com-imas-no-cerebro\/#breadcrumb\"},\"inLanguage\":\"pt-BR\",\"potentialAction\":[{\"@type\":\"ReadAction\",\"target\":[\"https:\/\/jornalfatosenoticias.com.br\/index.php\/2024\/01\/24\/cientistas-avancam-em-tratamento-de-parkinson-feito-com-imas-no-cerebro\/\"]}]},{\"@type\":\"ImageObject\",\"inLanguage\":\"pt-BR\",\"@id\":\"https:\/\/jornalfatosenoticias.com.br\/index.php\/2024\/01\/24\/cientistas-avancam-em-tratamento-de-parkinson-feito-com-imas-no-cerebro\/#primaryimage\",\"url\":\"https:\/\/jornalfatosenoticias.com.br\/wp-content\/uploads\/2024\/01\/Parkinson_istockphoto-1.jpg\",\"contentUrl\":\"https:\/\/jornalfatosenoticias.com.br\/wp-content\/uploads\/2024\/01\/Parkinson_istockphoto-1.jpg\",\"width\":612,\"height\":408},{\"@type\":\"BreadcrumbList\",\"@id\":\"https:\/\/jornalfatosenoticias.com.br\/index.php\/2024\/01\/24\/cientistas-avancam-em-tratamento-de-parkinson-feito-com-imas-no-cerebro\/#breadcrumb\",\"itemListElement\":[{\"@type\":\"ListItem\",\"position\":1,\"name\":\"In\u00edcio\",\"item\":\"https:\/\/jornalfatosenoticias.com.br\/\"},{\"@type\":\"ListItem\",\"position\":2,\"name\":\"Cientistas avan\u00e7am em tratamento de Parkinson feito com \u00edm\u00e3s no c\u00e9rebro\"}]},{\"@type\":\"WebSite\",\"@id\":\"https:\/\/jornalfatosenoticias.com.br\/#website\",\"url\":\"https:\/\/jornalfatosenoticias.com.br\/\",\"name\":\"Jornal Fatos e Not\u00edcias\",\"description\":\"Not\u00edcias em geral\",\"publisher\":{\"@id\":\"https:\/\/jornalfatosenoticias.com.br\/#organization\"},\"potentialAction\":[{\"@type\":\"SearchAction\",\"target\":{\"@type\":\"EntryPoint\",\"urlTemplate\":\"https:\/\/jornalfatosenoticias.com.br\/?s={search_term_string}\"},\"query-input\":{\"@type\":\"PropertyValueSpecification\",\"valueRequired\":true,\"valueName\":\"search_term_string\"}}],\"inLanguage\":\"pt-BR\"},{\"@type\":\"Organization\",\"@id\":\"https:\/\/jornalfatosenoticias.com.br\/#organization\",\"name\":\"Jornal Fatos e Not\u00edcias\",\"url\":\"https:\/\/jornalfatosenoticias.com.br\/\",\"logo\":{\"@type\":\"ImageObject\",\"inLanguage\":\"pt-BR\",\"@id\":\"https:\/\/jornalfatosenoticias.com.br\/#\/schema\/logo\/image\/\",\"url\":\"https:\/\/jornalfatosenoticias.com.br\/wp-content\/uploads\/2020\/02\/logo120.png\",\"contentUrl\":\"https:\/\/jornalfatosenoticias.com.br\/wp-content\/uploads\/2020\/02\/logo120.png\",\"width\":1227,\"height\":120,\"caption\":\"Jornal Fatos e Not\u00edcias\"},\"image\":{\"@id\":\"https:\/\/jornalfatosenoticias.com.br\/#\/schema\/logo\/image\/\"}},{\"@type\":\"Person\",\"@id\":\"https:\/\/jornalfatosenoticias.com.br\/#\/schema\/person\/d63837fa13ac8666eb9e74e0985d6f81\",\"name\":\"Luzimara Fernandes\",\"image\":{\"@type\":\"ImageObject\",\"inLanguage\":\"pt-BR\",\"@id\":\"https:\/\/jornalfatosenoticias.com.br\/#\/schema\/person\/image\/\",\"url\":\"https:\/\/jornalfatosenoticias.com.br\/wp-content\/uploads\/2025\/05\/EU_portal.jpg\",\"contentUrl\":\"https:\/\/jornalfatosenoticias.com.br\/wp-content\/uploads\/2025\/05\/EU_portal.jpg\",\"caption\":\"Luzimara Fernandes\"},\"description\":\"Jornalista MTB 2358-ES\",\"sameAs\":[\"https:\/\/jornalfatosenoticias.com.br\"],\"url\":\"https:\/\/jornalfatosenoticias.com.br\/index.php\/author\/luzimara\/\"}]}<\/script>\n<!-- \/ Yoast SEO plugin. -->","yoast_head_json":{"title":"Cientistas avan\u00e7am em tratamento de Parkinson feito com \u00edm\u00e3s no c\u00e9rebro - Jornal Fatos e Not\u00edcias","robots":{"index":"index","follow":"follow","max-snippet":"max-snippet:-1","max-image-preview":"max-image-preview:large","max-video-preview":"max-video-preview:-1"},"canonical":"https:\/\/jornalfatosenoticias.com.br\/index.php\/2024\/01\/24\/cientistas-avancam-em-tratamento-de-parkinson-feito-com-imas-no-cerebro\/","og_locale":"pt_BR","og_type":"article","og_title":"Cientistas avan\u00e7am em tratamento de Parkinson feito com \u00edm\u00e3s no c\u00e9rebro - Jornal Fatos e Not\u00edcias","og_description":"Atrav\u00e9s de \u00edm\u00e3s muito pequenos acionados remotamente por wireless, pesquisadores ativaram neur\u00f4nios espec\u00edficos e conseguiram aliviar sintomas da doen\u00e7a de Parkinson em ratos de laborat\u00f3rio Por B\u00e1rbara Giovani Atrav\u00e9s de \u00edm\u00e3s muito pequenos acionados remotamente por wireless, pesquisadores ativaram neur\u00f4nios espec\u00edficos e conseguiram aliviar sintomas da doen\u00e7a de Parkinson em ratos de laborat\u00f3rio. Chamada de [&hellip;]","og_url":"https:\/\/jornalfatosenoticias.com.br\/index.php\/2024\/01\/24\/cientistas-avancam-em-tratamento-de-parkinson-feito-com-imas-no-cerebro\/","og_site_name":"Jornal Fatos e Not\u00edcias","article_published_time":"2024-01-24T20:16:24+00:00","article_modified_time":"2024-01-24T20:16:26+00:00","og_image":[{"width":612,"height":408,"url":"https:\/\/jornalfatosenoticias.com.br\/wp-content\/uploads\/2024\/01\/Parkinson_istockphoto-1.jpg","type":"image\/jpeg"}],"author":"Luzimara Fernandes","twitter_card":"summary_large_image","twitter_misc":{"Escrito por":"Luzimara Fernandes","Est. tempo de leitura":"2 minutos"},"schema":{"@context":"https:\/\/schema.org","@graph":[{"@type":"Article","@id":"https:\/\/jornalfatosenoticias.com.br\/index.php\/2024\/01\/24\/cientistas-avancam-em-tratamento-de-parkinson-feito-com-imas-no-cerebro\/#article","isPartOf":{"@id":"https:\/\/jornalfatosenoticias.com.br\/index.php\/2024\/01\/24\/cientistas-avancam-em-tratamento-de-parkinson-feito-com-imas-no-cerebro\/"},"author":{"name":"Luzimara Fernandes","@id":"https:\/\/jornalfatosenoticias.com.br\/#\/schema\/person\/d63837fa13ac8666eb9e74e0985d6f81"},"headline":"Cientistas avan\u00e7am em tratamento de Parkinson feito com \u00edm\u00e3s no c\u00e9rebro","datePublished":"2024-01-24T20:16:24+00:00","dateModified":"2024-01-24T20:16:26+00:00","mainEntityOfPage":{"@id":"https:\/\/jornalfatosenoticias.com.br\/index.php\/2024\/01\/24\/cientistas-avancam-em-tratamento-de-parkinson-feito-com-imas-no-cerebro\/"},"wordCount":447,"commentCount":0,"publisher":{"@id":"https:\/\/jornalfatosenoticias.com.br\/#organization"},"image":{"@id":"https:\/\/jornalfatosenoticias.com.br\/index.php\/2024\/01\/24\/cientistas-avancam-em-tratamento-de-parkinson-feito-com-imas-no-cerebro\/#primaryimage"},"thumbnailUrl":"https:\/\/jornalfatosenoticias.com.br\/wp-content\/uploads\/2024\/01\/Parkinson_istockphoto-1.jpg","keywords":["c\u00e9rebro","\u00edm\u00e3s","nanotecnologia","Parkinson"],"articleSection":["Sa\u00fade"],"inLanguage":"pt-BR","potentialAction":[{"@type":"CommentAction","name":"Comment","target":["https:\/\/jornalfatosenoticias.com.br\/index.php\/2024\/01\/24\/cientistas-avancam-em-tratamento-de-parkinson-feito-com-imas-no-cerebro\/#respond"]}]},{"@type":"WebPage","@id":"https:\/\/jornalfatosenoticias.com.br\/index.php\/2024\/01\/24\/cientistas-avancam-em-tratamento-de-parkinson-feito-com-imas-no-cerebro\/","url":"https:\/\/jornalfatosenoticias.com.br\/index.php\/2024\/01\/24\/cientistas-avancam-em-tratamento-de-parkinson-feito-com-imas-no-cerebro\/","name":"Cientistas avan\u00e7am em tratamento de Parkinson feito com \u00edm\u00e3s no c\u00e9rebro - Jornal Fatos e Not\u00edcias","isPartOf":{"@id":"https:\/\/jornalfatosenoticias.com.br\/#website"},"primaryImageOfPage":{"@id":"https:\/\/jornalfatosenoticias.com.br\/index.php\/2024\/01\/24\/cientistas-avancam-em-tratamento-de-parkinson-feito-com-imas-no-cerebro\/#primaryimage"},"image":{"@id":"https:\/\/jornalfatosenoticias.com.br\/index.php\/2024\/01\/24\/cientistas-avancam-em-tratamento-de-parkinson-feito-com-imas-no-cerebro\/#primaryimage"},"thumbnailUrl":"https:\/\/jornalfatosenoticias.com.br\/wp-content\/uploads\/2024\/01\/Parkinson_istockphoto-1.jpg","datePublished":"2024-01-24T20:16:24+00:00","dateModified":"2024-01-24T20:16:26+00:00","breadcrumb":{"@id":"https:\/\/jornalfatosenoticias.com.br\/index.php\/2024\/01\/24\/cientistas-avancam-em-tratamento-de-parkinson-feito-com-imas-no-cerebro\/#breadcrumb"},"inLanguage":"pt-BR","potentialAction":[{"@type":"ReadAction","target":["https:\/\/jornalfatosenoticias.com.br\/index.php\/2024\/01\/24\/cientistas-avancam-em-tratamento-de-parkinson-feito-com-imas-no-cerebro\/"]}]},{"@type":"ImageObject","inLanguage":"pt-BR","@id":"https:\/\/jornalfatosenoticias.com.br\/index.php\/2024\/01\/24\/cientistas-avancam-em-tratamento-de-parkinson-feito-com-imas-no-cerebro\/#primaryimage","url":"https:\/\/jornalfatosenoticias.com.br\/wp-content\/uploads\/2024\/01\/Parkinson_istockphoto-1.jpg","contentUrl":"https:\/\/jornalfatosenoticias.com.br\/wp-content\/uploads\/2024\/01\/Parkinson_istockphoto-1.jpg","width":612,"height":408},{"@type":"BreadcrumbList","@id":"https:\/\/jornalfatosenoticias.com.br\/index.php\/2024\/01\/24\/cientistas-avancam-em-tratamento-de-parkinson-feito-com-imas-no-cerebro\/#breadcrumb","itemListElement":[{"@type":"ListItem","position":1,"name":"In\u00edcio","item":"https:\/\/jornalfatosenoticias.com.br\/"},{"@type":"ListItem","position":2,"name":"Cientistas avan\u00e7am em tratamento de Parkinson feito com \u00edm\u00e3s no c\u00e9rebro"}]},{"@type":"WebSite","@id":"https:\/\/jornalfatosenoticias.com.br\/#website","url":"https:\/\/jornalfatosenoticias.com.br\/","name":"Jornal Fatos e Not\u00edcias","description":"Not\u00edcias em geral","publisher":{"@id":"https:\/\/jornalfatosenoticias.com.br\/#organization"},"potentialAction":[{"@type":"SearchAction","target":{"@type":"EntryPoint","urlTemplate":"https:\/\/jornalfatosenoticias.com.br\/?s={search_term_string}"},"query-input":{"@type":"PropertyValueSpecification","valueRequired":true,"valueName":"search_term_string"}}],"inLanguage":"pt-BR"},{"@type":"Organization","@id":"https:\/\/jornalfatosenoticias.com.br\/#organization","name":"Jornal Fatos e Not\u00edcias","url":"https:\/\/jornalfatosenoticias.com.br\/","logo":{"@type":"ImageObject","inLanguage":"pt-BR","@id":"https:\/\/jornalfatosenoticias.com.br\/#\/schema\/logo\/image\/","url":"https:\/\/jornalfatosenoticias.com.br\/wp-content\/uploads\/2020\/02\/logo120.png","contentUrl":"https:\/\/jornalfatosenoticias.com.br\/wp-content\/uploads\/2020\/02\/logo120.png","width":1227,"height":120,"caption":"Jornal Fatos e Not\u00edcias"},"image":{"@id":"https:\/\/jornalfatosenoticias.com.br\/#\/schema\/logo\/image\/"}},{"@type":"Person","@id":"https:\/\/jornalfatosenoticias.com.br\/#\/schema\/person\/d63837fa13ac8666eb9e74e0985d6f81","name":"Luzimara Fernandes","image":{"@type":"ImageObject","inLanguage":"pt-BR","@id":"https:\/\/jornalfatosenoticias.com.br\/#\/schema\/person\/image\/","url":"https:\/\/jornalfatosenoticias.com.br\/wp-content\/uploads\/2025\/05\/EU_portal.jpg","contentUrl":"https:\/\/jornalfatosenoticias.com.br\/wp-content\/uploads\/2025\/05\/EU_portal.jpg","caption":"Luzimara Fernandes"},"description":"Jornalista MTB 2358-ES","sameAs":["https:\/\/jornalfatosenoticias.com.br"],"url":"https:\/\/jornalfatosenoticias.com.br\/index.php\/author\/luzimara\/"}]}},"cc_featured_image_caption":{"caption_text":"(Foto: iStock) ","source_text":"","source_url":""},"jetpack_featured_media_url":"https:\/\/jornalfatosenoticias.com.br\/wp-content\/uploads\/2024\/01\/Parkinson_istockphoto-1.jpg","_links":{"self":[{"href":"https:\/\/jornalfatosenoticias.com.br\/index.php\/wp-json\/wp\/v2\/posts\/48702","targetHints":{"allow":["GET"]}}],"collection":[{"href":"https:\/\/jornalfatosenoticias.com.br\/index.php\/wp-json\/wp\/v2\/posts"}],"about":[{"href":"https:\/\/jornalfatosenoticias.com.br\/index.php\/wp-json\/wp\/v2\/types\/post"}],"author":[{"embeddable":true,"href":"https:\/\/jornalfatosenoticias.com.br\/index.php\/wp-json\/wp\/v2\/users\/2"}],"replies":[{"embeddable":true,"href":"https:\/\/jornalfatosenoticias.com.br\/index.php\/wp-json\/wp\/v2\/comments?post=48702"}],"version-history":[{"count":0,"href":"https:\/\/jornalfatosenoticias.com.br\/index.php\/wp-json\/wp\/v2\/posts\/48702\/revisions"}],"wp:featuredmedia":[{"embeddable":true,"href":"https:\/\/jornalfatosenoticias.com.br\/index.php\/wp-json\/wp\/v2\/media\/48703"}],"wp:attachment":[{"href":"https:\/\/jornalfatosenoticias.com.br\/index.php\/wp-json\/wp\/v2\/media?parent=48702"}],"wp:term":[{"taxonomy":"category","embeddable":true,"href":"https:\/\/jornalfatosenoticias.com.br\/index.php\/wp-json\/wp\/v2\/categories?post=48702"},{"taxonomy":"post_tag","embeddable":true,"href":"https:\/\/jornalfatosenoticias.com.br\/index.php\/wp-json\/wp\/v2\/tags?post=48702"}],"curies":[{"name":"wp","href":"https:\/\/api.w.org\/{rel}","templated":true}]}}