{"id":48729,"date":"2024-01-25T18:16:51","date_gmt":"2024-01-25T21:16:51","guid":{"rendered":"https:\/\/jornalfatosenoticias.com.br\/?p=48729"},"modified":"2024-01-25T18:16:52","modified_gmt":"2024-01-25T21:16:52","slug":"grande-premio-cidade-de-sao-paulo-1000-milhas-chevrolet-absoluta","status":"publish","type":"post","link":"https:\/\/jornalfatosenoticias.com.br\/index.php\/2024\/01\/25\/grande-premio-cidade-de-sao-paulo-1000-milhas-chevrolet-absoluta\/","title":{"rendered":"Grande Pr\u00eamio Cidade de S\u00e3o Paulo 1000 Milhas Chevrolet Absoluta"},"content":{"rendered":"\n<div class=\"wp-block-image\"><figure class=\"aligncenter size-large\"><img loading=\"lazy\" decoding=\"async\" width=\"1024\" height=\"109\" src=\"https:\/\/jornalfatosenoticias.com.br\/wp-content\/uploads\/2020\/02\/Propaganda-RC-Radiadores-Jornal_page-0001-1024x109.jpg\" alt=\"\" class=\"wp-image-35278\" srcset=\"https:\/\/jornalfatosenoticias.com.br\/wp-content\/uploads\/2020\/02\/Propaganda-RC-Radiadores-Jornal_page-0001-1024x109.jpg 1024w, https:\/\/jornalfatosenoticias.com.br\/wp-content\/uploads\/2020\/02\/Propaganda-RC-Radiadores-Jornal_page-0001-300x32.jpg 300w, https:\/\/jornalfatosenoticias.com.br\/wp-content\/uploads\/2020\/02\/Propaganda-RC-Radiadores-Jornal_page-0001-768x82.jpg 768w, https:\/\/jornalfatosenoticias.com.br\/wp-content\/uploads\/2020\/02\/Propaganda-RC-Radiadores-Jornal_page-0001.jpg 1220w\" sizes=\"auto, (max-width: 1024px) 100vw, 1024px\" \/><\/figure><\/div>\n\n\n\n<p>No pr\u00f3ximo domingo (28), a cidade de S\u00e3o Paulo receber\u00e1 as 1000 Milhas, batizada como \u2018Grande Pr\u00eamio Cidade de S\u00e3o Paulo 1000 Milhas Chevrolet Absoluta\u2019, que traz de volta a tradi\u00e7\u00e3o da corrida de maior dura\u00e7\u00e3o do Pa\u00eds. Realizada tantas vezes no automobilismo nacional a corrida volta com a administra\u00e7\u00e3o da Interlagos Sport Marketing. Os pilotos largar\u00e3o \u00e0 0h com chegada prevista \u00e0s 12h.<br>O evento prop\u00f5e a volta da tradi\u00e7\u00e3o com a uni\u00e3o de outras categorias automobil\u00edsticas como F1, Stock Car e v\u00e1rias outras mundo a fora. O novo projeto visa trazer ainda mais o p\u00fablico para dentro do aut\u00f3dromo de Interlagos, com atra\u00e7\u00f5es e experi\u00eancias pensadas para os f\u00e3s de automobilismo.<br>E quem pensa que os capixabas n\u00e3o ser\u00e3o representados est\u00e1 completamente enganado. Com apoio das empresas \u00d3tica Diniz, Posto BKR, ONO Brasil, Hidrov\u00e1cuo Loca\u00e7\u00f5es, Honestcar Auto Center e Cormel Empilhadeiras, os pilotos Dieclke Iclkis, Vitor Borghi, J\u00falio Silva e Guilherme Farias representar\u00e3o o Esp\u00edrito Santo.<\/p>\n\n\n\n<div class=\"wp-block-image\"><figure class=\"aligncenter size-large\"><img loading=\"lazy\" decoding=\"async\" width=\"999\" height=\"853\" src=\"https:\/\/jornalfatosenoticias.com.br\/wp-content\/uploads\/2024\/01\/IMG-20240122-WA0779.jpg\" alt=\"\" class=\"wp-image-48730\" srcset=\"https:\/\/jornalfatosenoticias.com.br\/wp-content\/uploads\/2024\/01\/IMG-20240122-WA0779.jpg 999w, https:\/\/jornalfatosenoticias.com.br\/wp-content\/uploads\/2024\/01\/IMG-20240122-WA0779-300x256.jpg 300w, https:\/\/jornalfatosenoticias.com.br\/wp-content\/uploads\/2024\/01\/IMG-20240122-WA0779-768x656.jpg 768w\" sizes=\"auto, (max-width: 999px) 100vw, 999px\" \/><figcaption><em><span class=\"has-inline-color has-black-color\">Pilotos capixabas (Foto: Divulga\u00e7\u00e3o)<\/span><\/em><\/figcaption><\/figure><\/div>\n\n\n\n<p>Victor Borghi, de Vit\u00f3ria, que j\u00e1 correu no Barr\u00f3dromo de Jacara\u00edpe nas temporadas 2019, 2020, 2021, 2022 e 2023 e vencedor do Speed Festival em Campos\/RJ, falou que ser\u00e1 sua primeira 1000 Milhas.<br>\u201cVai ser minha primeira 1000 Milhas. A equipe ser\u00e1 formada por quatro pilotos revezando num per\u00edodo de 12 horas com largada marcada para \u00e0 0h e chegada prevista para \u00e0s 12h\u201d.<\/p>\n\n\n\n<div class=\"wp-block-image\"><figure class=\"aligncenter size-large\"><img decoding=\"async\" src=\"https:\/\/jornalfatosenoticias.com.br\/wp-content\/uploads\/2020\/02\/logo_esteio.jpg\" alt=\"\" class=\"wp-image-1214\"\/><\/figure><\/div>\n\n\n\n<p>Outro piloto da equipe, J\u00falio Silva, disse que a expetativa \u00e9 de trazer um bom resultado para casa. \u201cVamos tentar trazer um bom resultado. Nosso carro est\u00e1 muito bom e a equipe \u00e9 muito boa. Estamos bem entrosados e, por isso, acredito num bom resultado\u201d.<\/p>\n\n\n\n<div class=\"wp-block-image\"><figure class=\"aligncenter size-large\"><img loading=\"lazy\" decoding=\"async\" width=\"1000\" height=\"705\" src=\"https:\/\/jornalfatosenoticias.com.br\/wp-content\/uploads\/2024\/01\/IMG-20240122-WA0781.jpg\" alt=\"\" class=\"wp-image-48731\" srcset=\"https:\/\/jornalfatosenoticias.com.br\/wp-content\/uploads\/2024\/01\/IMG-20240122-WA0781.jpg 1000w, https:\/\/jornalfatosenoticias.com.br\/wp-content\/uploads\/2024\/01\/IMG-20240122-WA0781-300x212.jpg 300w, https:\/\/jornalfatosenoticias.com.br\/wp-content\/uploads\/2024\/01\/IMG-20240122-WA0781-768x541.jpg 768w\" sizes=\"auto, (max-width: 1000px) 100vw, 1000px\" \/><figcaption><em><span class=\"has-inline-color has-black-color\">(Foto: Divulga\u00e7\u00e3o)<\/span><\/em><\/figcaption><\/figure><\/div>\n\n\n\n<p>Para Dieckle Icklis, piloto da F\u00f3rmula 1600 Brasil 2023, na categoria Ligth, a expectativa \u00e9 concluir a prova com o equipamento e equipe firmes. \u201cA palavra \u00e9 supera\u00e7\u00e3o porque os obst\u00e1culos de uma corrida com esse formato, 12 horas ininterruptas, s\u00e3o muitos. O tempo de cada piloto ser\u00e1 de 01h30, que parece n\u00e3o ser muito, mas para um carro de corrida \u00e9 muito cansativo\u201d. Para Dieckle, a prova n\u00e3o favorece quem \u00e9 o mais r\u00e1pido. <\/p>\n\n\n\n<div class=\"wp-block-image\"><figure class=\"aligncenter size-large is-resized\"><img loading=\"lazy\" decoding=\"async\" src=\"https:\/\/jornalfatosenoticias.com.br\/wp-content\/uploads\/2023\/08\/BKR-1024x1021.jpg\" alt=\"\" class=\"wp-image-44494\" width=\"331\" height=\"330\" srcset=\"https:\/\/jornalfatosenoticias.com.br\/wp-content\/uploads\/2023\/08\/BKR-1024x1021.jpg 1024w, https:\/\/jornalfatosenoticias.com.br\/wp-content\/uploads\/2023\/08\/BKR-300x300.jpg 300w, https:\/\/jornalfatosenoticias.com.br\/wp-content\/uploads\/2023\/08\/BKR-150x150.jpg 150w, https:\/\/jornalfatosenoticias.com.br\/wp-content\/uploads\/2023\/08\/BKR-768x766.jpg 768w, https:\/\/jornalfatosenoticias.com.br\/wp-content\/uploads\/2023\/08\/BKR.jpg 1080w\" sizes=\"auto, (max-width: 331px) 100vw, 331px\" \/><\/figure><\/div>\n\n\n\n<blockquote class=\"wp-block-quote is-layout-flow wp-block-quote-is-layout-flow\"><p><span class=\"has-inline-color has-luminous-vivid-orange-color\">Essa prova n\u00e3o \u00e9 para quem vai chegar primeiro, mas, sim, quem \u00e9 o mais constante e qual o equipamento e equipe se manter\u00e3o firmes nas doze horas de corrida\u201d, explica.<\/span><\/p><\/blockquote>\n","protected":false},"excerpt":{"rendered":"<p>No pr\u00f3ximo domingo (28), a cidade de S\u00e3o Paulo receber\u00e1 as 1000 Milhas, batizada como \u2018Grande Pr\u00eamio Cidade de S\u00e3o Paulo 1000 Milhas Chevrolet Absoluta\u2019, que traz de volta a tradi\u00e7\u00e3o da corrida de maior dura\u00e7\u00e3o do Pa\u00eds. Realizada tantas vezes no automobilismo nacional a corrida volta com a administra\u00e7\u00e3o da Interlagos Sport Marketing. Os [&hellip;]<\/p>\n","protected":false},"author":3,"featured_media":48732,"comment_status":"open","ping_status":"open","sticky":false,"template":"","format":"standard","meta":{"footnotes":""},"categories":[12],"tags":[3965,21017,22640,22639,305],"class_list":["post-48729","post","type-post","status-publish","format-standard","has-post-thumbnail","hentry","category-esportes","tag-autodromo-de-interlagos","tag-dieckle-icklis","tag-grande-premio-cidade-de-sao-paulo-1000-milhas-chevrolet-absoluta","tag-pilotos-capixabas","tag-sao-paulo"],"yoast_head":"<!-- This site is optimized with the Yoast SEO plugin v26.5 - https:\/\/yoast.com\/wordpress\/plugins\/seo\/ -->\n<title>Grande Pr\u00eamio Cidade de S\u00e3o Paulo 1000 Milhas Chevrolet Absoluta - Jornal Fatos e Not\u00edcias<\/title>\n<meta name=\"robots\" content=\"index, follow, max-snippet:-1, max-image-preview:large, max-video-preview:-1\" \/>\n<link rel=\"canonical\" href=\"https:\/\/jornalfatosenoticias.com.br\/index.php\/2024\/01\/25\/grande-premio-cidade-de-sao-paulo-1000-milhas-chevrolet-absoluta\/\" \/>\n<meta property=\"og:locale\" content=\"pt_BR\" \/>\n<meta property=\"og:type\" content=\"article\" \/>\n<meta property=\"og:title\" content=\"Grande Pr\u00eamio Cidade de S\u00e3o Paulo 1000 Milhas Chevrolet Absoluta - Jornal Fatos e Not\u00edcias\" \/>\n<meta property=\"og:description\" content=\"No pr\u00f3ximo domingo (28), a cidade de S\u00e3o Paulo receber\u00e1 as 1000 Milhas, batizada como \u2018Grande Pr\u00eamio Cidade de S\u00e3o Paulo 1000 Milhas Chevrolet Absoluta\u2019, que traz de volta a tradi\u00e7\u00e3o da corrida de maior dura\u00e7\u00e3o do Pa\u00eds. Realizada tantas vezes no automobilismo nacional a corrida volta com a administra\u00e7\u00e3o da Interlagos Sport Marketing. Os [&hellip;]\" \/>\n<meta property=\"og:url\" content=\"https:\/\/jornalfatosenoticias.com.br\/index.php\/2024\/01\/25\/grande-premio-cidade-de-sao-paulo-1000-milhas-chevrolet-absoluta\/\" \/>\n<meta property=\"og:site_name\" content=\"Jornal Fatos e Not\u00edcias\" \/>\n<meta property=\"article:published_time\" content=\"2024-01-25T21:16:51+00:00\" \/>\n<meta property=\"article:modified_time\" content=\"2024-01-25T21:16:52+00:00\" \/>\n<meta property=\"og:image\" content=\"https:\/\/jornalfatosenoticias.com.br\/wp-content\/uploads\/2024\/01\/mil-milhas_sp.jpg\" \/>\n\t<meta property=\"og:image:width\" content=\"1000\" \/>\n\t<meta property=\"og:image:height\" content=\"391\" \/>\n\t<meta property=\"og:image:type\" content=\"image\/jpeg\" \/>\n<meta name=\"author\" content=\"Haroldo Filho\" \/>\n<meta name=\"twitter:card\" content=\"summary_large_image\" \/>\n<meta name=\"twitter:label1\" content=\"Escrito por\" \/>\n\t<meta name=\"twitter:data1\" content=\"Haroldo Filho\" \/>\n\t<meta name=\"twitter:label2\" content=\"Est. tempo de leitura\" \/>\n\t<meta name=\"twitter:data2\" content=\"2 minutos\" \/>\n<script type=\"application\/ld+json\" class=\"yoast-schema-graph\">{\"@context\":\"https:\/\/schema.org\",\"@graph\":[{\"@type\":\"Article\",\"@id\":\"https:\/\/jornalfatosenoticias.com.br\/index.php\/2024\/01\/25\/grande-premio-cidade-de-sao-paulo-1000-milhas-chevrolet-absoluta\/#article\",\"isPartOf\":{\"@id\":\"https:\/\/jornalfatosenoticias.com.br\/index.php\/2024\/01\/25\/grande-premio-cidade-de-sao-paulo-1000-milhas-chevrolet-absoluta\/\"},\"author\":{\"name\":\"Haroldo Filho\",\"@id\":\"https:\/\/jornalfatosenoticias.com.br\/#\/schema\/person\/05c46cc25b42a5c27e004fb0fa6b4965\"},\"headline\":\"Grande Pr\u00eamio Cidade de S\u00e3o Paulo 1000 Milhas Chevrolet Absoluta\",\"datePublished\":\"2024-01-25T21:16:51+00:00\",\"dateModified\":\"2024-01-25T21:16:52+00:00\",\"mainEntityOfPage\":{\"@id\":\"https:\/\/jornalfatosenoticias.com.br\/index.php\/2024\/01\/25\/grande-premio-cidade-de-sao-paulo-1000-milhas-chevrolet-absoluta\/\"},\"wordCount\":409,\"commentCount\":0,\"publisher\":{\"@id\":\"https:\/\/jornalfatosenoticias.com.br\/#organization\"},\"image\":{\"@id\":\"https:\/\/jornalfatosenoticias.com.br\/index.php\/2024\/01\/25\/grande-premio-cidade-de-sao-paulo-1000-milhas-chevrolet-absoluta\/#primaryimage\"},\"thumbnailUrl\":\"https:\/\/jornalfatosenoticias.com.br\/wp-content\/uploads\/2024\/01\/mil-milhas_sp.jpg\",\"keywords\":[\"Aut\u00f3dromo de Interlagos\",\"Dieckle Icklis\",\"Grande Pr\u00eamio Cidade de S\u00e3o Paulo 1000 Milhas Chevrolet Absoluta\",\"pilotos capixabas\",\"S\u00e3o Paulo\"],\"articleSection\":[\"Esportes\"],\"inLanguage\":\"pt-BR\",\"potentialAction\":[{\"@type\":\"CommentAction\",\"name\":\"Comment\",\"target\":[\"https:\/\/jornalfatosenoticias.com.br\/index.php\/2024\/01\/25\/grande-premio-cidade-de-sao-paulo-1000-milhas-chevrolet-absoluta\/#respond\"]}]},{\"@type\":\"WebPage\",\"@id\":\"https:\/\/jornalfatosenoticias.com.br\/index.php\/2024\/01\/25\/grande-premio-cidade-de-sao-paulo-1000-milhas-chevrolet-absoluta\/\",\"url\":\"https:\/\/jornalfatosenoticias.com.br\/index.php\/2024\/01\/25\/grande-premio-cidade-de-sao-paulo-1000-milhas-chevrolet-absoluta\/\",\"name\":\"Grande Pr\u00eamio Cidade de S\u00e3o Paulo 1000 Milhas Chevrolet Absoluta - Jornal Fatos e Not\u00edcias\",\"isPartOf\":{\"@id\":\"https:\/\/jornalfatosenoticias.com.br\/#website\"},\"primaryImageOfPage\":{\"@id\":\"https:\/\/jornalfatosenoticias.com.br\/index.php\/2024\/01\/25\/grande-premio-cidade-de-sao-paulo-1000-milhas-chevrolet-absoluta\/#primaryimage\"},\"image\":{\"@id\":\"https:\/\/jornalfatosenoticias.com.br\/index.php\/2024\/01\/25\/grande-premio-cidade-de-sao-paulo-1000-milhas-chevrolet-absoluta\/#primaryimage\"},\"thumbnailUrl\":\"https:\/\/jornalfatosenoticias.com.br\/wp-content\/uploads\/2024\/01\/mil-milhas_sp.jpg\",\"datePublished\":\"2024-01-25T21:16:51+00:00\",\"dateModified\":\"2024-01-25T21:16:52+00:00\",\"breadcrumb\":{\"@id\":\"https:\/\/jornalfatosenoticias.com.br\/index.php\/2024\/01\/25\/grande-premio-cidade-de-sao-paulo-1000-milhas-chevrolet-absoluta\/#breadcrumb\"},\"inLanguage\":\"pt-BR\",\"potentialAction\":[{\"@type\":\"ReadAction\",\"target\":[\"https:\/\/jornalfatosenoticias.com.br\/index.php\/2024\/01\/25\/grande-premio-cidade-de-sao-paulo-1000-milhas-chevrolet-absoluta\/\"]}]},{\"@type\":\"ImageObject\",\"inLanguage\":\"pt-BR\",\"@id\":\"https:\/\/jornalfatosenoticias.com.br\/index.php\/2024\/01\/25\/grande-premio-cidade-de-sao-paulo-1000-milhas-chevrolet-absoluta\/#primaryimage\",\"url\":\"https:\/\/jornalfatosenoticias.com.br\/wp-content\/uploads\/2024\/01\/mil-milhas_sp.jpg\",\"contentUrl\":\"https:\/\/jornalfatosenoticias.com.br\/wp-content\/uploads\/2024\/01\/mil-milhas_sp.jpg\",\"width\":1000,\"height\":391},{\"@type\":\"BreadcrumbList\",\"@id\":\"https:\/\/jornalfatosenoticias.com.br\/index.php\/2024\/01\/25\/grande-premio-cidade-de-sao-paulo-1000-milhas-chevrolet-absoluta\/#breadcrumb\",\"itemListElement\":[{\"@type\":\"ListItem\",\"position\":1,\"name\":\"In\u00edcio\",\"item\":\"https:\/\/jornalfatosenoticias.com.br\/\"},{\"@type\":\"ListItem\",\"position\":2,\"name\":\"Grande Pr\u00eamio Cidade de S\u00e3o Paulo 1000 Milhas Chevrolet Absoluta\"}]},{\"@type\":\"WebSite\",\"@id\":\"https:\/\/jornalfatosenoticias.com.br\/#website\",\"url\":\"https:\/\/jornalfatosenoticias.com.br\/\",\"name\":\"Jornal Fatos e Not\u00edcias\",\"description\":\"Not\u00edcias em geral\",\"publisher\":{\"@id\":\"https:\/\/jornalfatosenoticias.com.br\/#organization\"},\"potentialAction\":[{\"@type\":\"SearchAction\",\"target\":{\"@type\":\"EntryPoint\",\"urlTemplate\":\"https:\/\/jornalfatosenoticias.com.br\/?s={search_term_string}\"},\"query-input\":{\"@type\":\"PropertyValueSpecification\",\"valueRequired\":true,\"valueName\":\"search_term_string\"}}],\"inLanguage\":\"pt-BR\"},{\"@type\":\"Organization\",\"@id\":\"https:\/\/jornalfatosenoticias.com.br\/#organization\",\"name\":\"Jornal Fatos e Not\u00edcias\",\"url\":\"https:\/\/jornalfatosenoticias.com.br\/\",\"logo\":{\"@type\":\"ImageObject\",\"inLanguage\":\"pt-BR\",\"@id\":\"https:\/\/jornalfatosenoticias.com.br\/#\/schema\/logo\/image\/\",\"url\":\"https:\/\/jornalfatosenoticias.com.br\/wp-content\/uploads\/2020\/02\/logo120.png\",\"contentUrl\":\"https:\/\/jornalfatosenoticias.com.br\/wp-content\/uploads\/2020\/02\/logo120.png\",\"width\":1227,\"height\":120,\"caption\":\"Jornal Fatos e Not\u00edcias\"},\"image\":{\"@id\":\"https:\/\/jornalfatosenoticias.com.br\/#\/schema\/logo\/image\/\"}},{\"@type\":\"Person\",\"@id\":\"https:\/\/jornalfatosenoticias.com.br\/#\/schema\/person\/05c46cc25b42a5c27e004fb0fa6b4965\",\"name\":\"Haroldo Filho\",\"image\":{\"@type\":\"ImageObject\",\"inLanguage\":\"pt-BR\",\"@id\":\"https:\/\/jornalfatosenoticias.com.br\/#\/schema\/person\/image\/\",\"url\":\"https:\/\/jornalfatosenoticias.com.br\/wp-content\/uploads\/2025\/08\/WhatsApp-Image-2025-08-18-at-15.30.28-150x150.jpeg\",\"contentUrl\":\"https:\/\/jornalfatosenoticias.com.br\/wp-content\/uploads\/2025\/08\/WhatsApp-Image-2025-08-18-at-15.30.28-150x150.jpeg\",\"caption\":\"Haroldo Filho\"},\"description\":\"Jornalista \u2013 DRT: 0003818\/ES Coordenador-geral da ONG Educar para Crescer\",\"url\":\"https:\/\/jornalfatosenoticias.com.br\/index.php\/author\/haroldo\/\"}]}<\/script>\n<!-- \/ Yoast SEO plugin. -->","yoast_head_json":{"title":"Grande Pr\u00eamio Cidade de S\u00e3o Paulo 1000 Milhas Chevrolet Absoluta - Jornal Fatos e Not\u00edcias","robots":{"index":"index","follow":"follow","max-snippet":"max-snippet:-1","max-image-preview":"max-image-preview:large","max-video-preview":"max-video-preview:-1"},"canonical":"https:\/\/jornalfatosenoticias.com.br\/index.php\/2024\/01\/25\/grande-premio-cidade-de-sao-paulo-1000-milhas-chevrolet-absoluta\/","og_locale":"pt_BR","og_type":"article","og_title":"Grande Pr\u00eamio Cidade de S\u00e3o Paulo 1000 Milhas Chevrolet Absoluta - Jornal Fatos e Not\u00edcias","og_description":"No pr\u00f3ximo domingo (28), a cidade de S\u00e3o Paulo receber\u00e1 as 1000 Milhas, batizada como \u2018Grande Pr\u00eamio Cidade de S\u00e3o Paulo 1000 Milhas Chevrolet Absoluta\u2019, que traz de volta a tradi\u00e7\u00e3o da corrida de maior dura\u00e7\u00e3o do Pa\u00eds. Realizada tantas vezes no automobilismo nacional a corrida volta com a administra\u00e7\u00e3o da Interlagos Sport Marketing. Os [&hellip;]","og_url":"https:\/\/jornalfatosenoticias.com.br\/index.php\/2024\/01\/25\/grande-premio-cidade-de-sao-paulo-1000-milhas-chevrolet-absoluta\/","og_site_name":"Jornal Fatos e Not\u00edcias","article_published_time":"2024-01-25T21:16:51+00:00","article_modified_time":"2024-01-25T21:16:52+00:00","og_image":[{"width":1000,"height":391,"url":"https:\/\/jornalfatosenoticias.com.br\/wp-content\/uploads\/2024\/01\/mil-milhas_sp.jpg","type":"image\/jpeg"}],"author":"Haroldo Filho","twitter_card":"summary_large_image","twitter_misc":{"Escrito por":"Haroldo Filho","Est. tempo de leitura":"2 minutos"},"schema":{"@context":"https:\/\/schema.org","@graph":[{"@type":"Article","@id":"https:\/\/jornalfatosenoticias.com.br\/index.php\/2024\/01\/25\/grande-premio-cidade-de-sao-paulo-1000-milhas-chevrolet-absoluta\/#article","isPartOf":{"@id":"https:\/\/jornalfatosenoticias.com.br\/index.php\/2024\/01\/25\/grande-premio-cidade-de-sao-paulo-1000-milhas-chevrolet-absoluta\/"},"author":{"name":"Haroldo Filho","@id":"https:\/\/jornalfatosenoticias.com.br\/#\/schema\/person\/05c46cc25b42a5c27e004fb0fa6b4965"},"headline":"Grande Pr\u00eamio Cidade de S\u00e3o Paulo 1000 Milhas Chevrolet Absoluta","datePublished":"2024-01-25T21:16:51+00:00","dateModified":"2024-01-25T21:16:52+00:00","mainEntityOfPage":{"@id":"https:\/\/jornalfatosenoticias.com.br\/index.php\/2024\/01\/25\/grande-premio-cidade-de-sao-paulo-1000-milhas-chevrolet-absoluta\/"},"wordCount":409,"commentCount":0,"publisher":{"@id":"https:\/\/jornalfatosenoticias.com.br\/#organization"},"image":{"@id":"https:\/\/jornalfatosenoticias.com.br\/index.php\/2024\/01\/25\/grande-premio-cidade-de-sao-paulo-1000-milhas-chevrolet-absoluta\/#primaryimage"},"thumbnailUrl":"https:\/\/jornalfatosenoticias.com.br\/wp-content\/uploads\/2024\/01\/mil-milhas_sp.jpg","keywords":["Aut\u00f3dromo de Interlagos","Dieckle Icklis","Grande Pr\u00eamio Cidade de S\u00e3o Paulo 1000 Milhas Chevrolet Absoluta","pilotos capixabas","S\u00e3o Paulo"],"articleSection":["Esportes"],"inLanguage":"pt-BR","potentialAction":[{"@type":"CommentAction","name":"Comment","target":["https:\/\/jornalfatosenoticias.com.br\/index.php\/2024\/01\/25\/grande-premio-cidade-de-sao-paulo-1000-milhas-chevrolet-absoluta\/#respond"]}]},{"@type":"WebPage","@id":"https:\/\/jornalfatosenoticias.com.br\/index.php\/2024\/01\/25\/grande-premio-cidade-de-sao-paulo-1000-milhas-chevrolet-absoluta\/","url":"https:\/\/jornalfatosenoticias.com.br\/index.php\/2024\/01\/25\/grande-premio-cidade-de-sao-paulo-1000-milhas-chevrolet-absoluta\/","name":"Grande Pr\u00eamio Cidade de S\u00e3o Paulo 1000 Milhas Chevrolet Absoluta - Jornal Fatos e Not\u00edcias","isPartOf":{"@id":"https:\/\/jornalfatosenoticias.com.br\/#website"},"primaryImageOfPage":{"@id":"https:\/\/jornalfatosenoticias.com.br\/index.php\/2024\/01\/25\/grande-premio-cidade-de-sao-paulo-1000-milhas-chevrolet-absoluta\/#primaryimage"},"image":{"@id":"https:\/\/jornalfatosenoticias.com.br\/index.php\/2024\/01\/25\/grande-premio-cidade-de-sao-paulo-1000-milhas-chevrolet-absoluta\/#primaryimage"},"thumbnailUrl":"https:\/\/jornalfatosenoticias.com.br\/wp-content\/uploads\/2024\/01\/mil-milhas_sp.jpg","datePublished":"2024-01-25T21:16:51+00:00","dateModified":"2024-01-25T21:16:52+00:00","breadcrumb":{"@id":"https:\/\/jornalfatosenoticias.com.br\/index.php\/2024\/01\/25\/grande-premio-cidade-de-sao-paulo-1000-milhas-chevrolet-absoluta\/#breadcrumb"},"inLanguage":"pt-BR","potentialAction":[{"@type":"ReadAction","target":["https:\/\/jornalfatosenoticias.com.br\/index.php\/2024\/01\/25\/grande-premio-cidade-de-sao-paulo-1000-milhas-chevrolet-absoluta\/"]}]},{"@type":"ImageObject","inLanguage":"pt-BR","@id":"https:\/\/jornalfatosenoticias.com.br\/index.php\/2024\/01\/25\/grande-premio-cidade-de-sao-paulo-1000-milhas-chevrolet-absoluta\/#primaryimage","url":"https:\/\/jornalfatosenoticias.com.br\/wp-content\/uploads\/2024\/01\/mil-milhas_sp.jpg","contentUrl":"https:\/\/jornalfatosenoticias.com.br\/wp-content\/uploads\/2024\/01\/mil-milhas_sp.jpg","width":1000,"height":391},{"@type":"BreadcrumbList","@id":"https:\/\/jornalfatosenoticias.com.br\/index.php\/2024\/01\/25\/grande-premio-cidade-de-sao-paulo-1000-milhas-chevrolet-absoluta\/#breadcrumb","itemListElement":[{"@type":"ListItem","position":1,"name":"In\u00edcio","item":"https:\/\/jornalfatosenoticias.com.br\/"},{"@type":"ListItem","position":2,"name":"Grande Pr\u00eamio Cidade de S\u00e3o Paulo 1000 Milhas Chevrolet Absoluta"}]},{"@type":"WebSite","@id":"https:\/\/jornalfatosenoticias.com.br\/#website","url":"https:\/\/jornalfatosenoticias.com.br\/","name":"Jornal Fatos e Not\u00edcias","description":"Not\u00edcias em geral","publisher":{"@id":"https:\/\/jornalfatosenoticias.com.br\/#organization"},"potentialAction":[{"@type":"SearchAction","target":{"@type":"EntryPoint","urlTemplate":"https:\/\/jornalfatosenoticias.com.br\/?s={search_term_string}"},"query-input":{"@type":"PropertyValueSpecification","valueRequired":true,"valueName":"search_term_string"}}],"inLanguage":"pt-BR"},{"@type":"Organization","@id":"https:\/\/jornalfatosenoticias.com.br\/#organization","name":"Jornal Fatos e Not\u00edcias","url":"https:\/\/jornalfatosenoticias.com.br\/","logo":{"@type":"ImageObject","inLanguage":"pt-BR","@id":"https:\/\/jornalfatosenoticias.com.br\/#\/schema\/logo\/image\/","url":"https:\/\/jornalfatosenoticias.com.br\/wp-content\/uploads\/2020\/02\/logo120.png","contentUrl":"https:\/\/jornalfatosenoticias.com.br\/wp-content\/uploads\/2020\/02\/logo120.png","width":1227,"height":120,"caption":"Jornal Fatos e Not\u00edcias"},"image":{"@id":"https:\/\/jornalfatosenoticias.com.br\/#\/schema\/logo\/image\/"}},{"@type":"Person","@id":"https:\/\/jornalfatosenoticias.com.br\/#\/schema\/person\/05c46cc25b42a5c27e004fb0fa6b4965","name":"Haroldo Filho","image":{"@type":"ImageObject","inLanguage":"pt-BR","@id":"https:\/\/jornalfatosenoticias.com.br\/#\/schema\/person\/image\/","url":"https:\/\/jornalfatosenoticias.com.br\/wp-content\/uploads\/2025\/08\/WhatsApp-Image-2025-08-18-at-15.30.28-150x150.jpeg","contentUrl":"https:\/\/jornalfatosenoticias.com.br\/wp-content\/uploads\/2025\/08\/WhatsApp-Image-2025-08-18-at-15.30.28-150x150.jpeg","caption":"Haroldo Filho"},"description":"Jornalista \u2013 DRT: 0003818\/ES Coordenador-geral da ONG Educar para Crescer","url":"https:\/\/jornalfatosenoticias.com.br\/index.php\/author\/haroldo\/"}]}},"cc_featured_image_caption":{"caption_text":"(Foto: Divulga\u00e7\u00e3o)","source_text":"","source_url":""},"jetpack_featured_media_url":"https:\/\/jornalfatosenoticias.com.br\/wp-content\/uploads\/2024\/01\/mil-milhas_sp.jpg","_links":{"self":[{"href":"https:\/\/jornalfatosenoticias.com.br\/index.php\/wp-json\/wp\/v2\/posts\/48729","targetHints":{"allow":["GET"]}}],"collection":[{"href":"https:\/\/jornalfatosenoticias.com.br\/index.php\/wp-json\/wp\/v2\/posts"}],"about":[{"href":"https:\/\/jornalfatosenoticias.com.br\/index.php\/wp-json\/wp\/v2\/types\/post"}],"author":[{"embeddable":true,"href":"https:\/\/jornalfatosenoticias.com.br\/index.php\/wp-json\/wp\/v2\/users\/3"}],"replies":[{"embeddable":true,"href":"https:\/\/jornalfatosenoticias.com.br\/index.php\/wp-json\/wp\/v2\/comments?post=48729"}],"version-history":[{"count":0,"href":"https:\/\/jornalfatosenoticias.com.br\/index.php\/wp-json\/wp\/v2\/posts\/48729\/revisions"}],"wp:featuredmedia":[{"embeddable":true,"href":"https:\/\/jornalfatosenoticias.com.br\/index.php\/wp-json\/wp\/v2\/media\/48732"}],"wp:attachment":[{"href":"https:\/\/jornalfatosenoticias.com.br\/index.php\/wp-json\/wp\/v2\/media?parent=48729"}],"wp:term":[{"taxonomy":"category","embeddable":true,"href":"https:\/\/jornalfatosenoticias.com.br\/index.php\/wp-json\/wp\/v2\/categories?post=48729"},{"taxonomy":"post_tag","embeddable":true,"href":"https:\/\/jornalfatosenoticias.com.br\/index.php\/wp-json\/wp\/v2\/tags?post=48729"}],"curies":[{"name":"wp","href":"https:\/\/api.w.org\/{rel}","templated":true}]}}