{"id":48734,"date":"2024-01-25T18:24:10","date_gmt":"2024-01-25T21:24:10","guid":{"rendered":"https:\/\/jornalfatosenoticias.com.br\/?p=48734"},"modified":"2024-01-25T18:24:11","modified_gmt":"2024-01-25T21:24:11","slug":"cultura-de-estupro-de-mulher-e-estupro-de-crianca-parte-iv","status":"publish","type":"post","link":"https:\/\/jornalfatosenoticias.com.br\/index.php\/2024\/01\/25\/cultura-de-estupro-de-mulher-e-estupro-de-crianca-parte-iv\/","title":{"rendered":"Cultura de Estupro de Mulher e Estupro de Crian\u00e7a \u2014 Parte IV"},"content":{"rendered":"\n<p><em><span class=\"has-inline-color has-black-color\">As campanhas est\u00e3o repletas de \u201cinstru\u00e7\u00f5es\u201d para que a v\u00edtima diga \u201cN\u00e3o\u201d. No entanto, n\u00e3o temos campanhas que fundem uma Cultura de Credibilidade na Voz da v\u00edtima<\/span><\/em><\/p>\n\n\n\n<div class=\"wp-block-image\"><figure class=\"aligncenter size-large\"><img loading=\"lazy\" decoding=\"async\" width=\"1024\" height=\"111\" src=\"https:\/\/jornalfatosenoticias.com.br\/wp-content\/uploads\/2020\/02\/WhatsApp-Image-2022-09-23-at-12.09.18-1024x111.jpeg\" alt=\"\" class=\"wp-image-34527\" srcset=\"https:\/\/jornalfatosenoticias.com.br\/wp-content\/uploads\/2020\/02\/WhatsApp-Image-2022-09-23-at-12.09.18-1024x111.jpeg 1024w, https:\/\/jornalfatosenoticias.com.br\/wp-content\/uploads\/2020\/02\/WhatsApp-Image-2022-09-23-at-12.09.18-300x32.jpeg 300w, https:\/\/jornalfatosenoticias.com.br\/wp-content\/uploads\/2020\/02\/WhatsApp-Image-2022-09-23-at-12.09.18-768x83.jpeg 768w, https:\/\/jornalfatosenoticias.com.br\/wp-content\/uploads\/2020\/02\/WhatsApp-Image-2022-09-23-at-12.09.18.jpeg 1121w\" sizes=\"auto, (max-width: 1024px) 100vw, 1024px\" \/><\/figure><\/div>\n\n\n\n<p>Mais um Feminic\u00eddio. S\u00e3o tantos, que nos perdemos. Mas em nome de todas as Mulheres que foram assassinadas pelo simples fato de serem Mulheres, escolhemos um ato de viol\u00eancia extrema para chorar. A Palha\u00e7a Jujuba. Estuprada e esganada. Muito machucada.<br>Por qu\u00ea?<br>Uma Palhacinha Solo. Ela e sua bicicleta. Apenas. Juntas elas rodaram o Brasil. Pedalando risadas, brincadeiras, alegrias, gargalhadas. Divertindo, construindo leveza para vidas sofridas, em espa\u00e7os p\u00fablicos, em qualquer lugar que acolhesse sem esfor\u00e7o, nem custos financeiros, os espet\u00e1culos de simples alegrias aconteciam. E a Palha\u00e7a Jujuba honrava a escolha de vida que havia feito. Por que estupr\u00e1-la? Por que assassin\u00e1-la?<br>\u00c9 crime uma Mulher viajar sozinha? Ela estaria insultando algu\u00e9m com essa escolha? Isso seria uma provoca\u00e7\u00e3o contra algu\u00e9m? \u00c9 proibido viver de modo solo? O que ela fez de errado? O fato de ser uma Mulher toma um contorno que parece j\u00e1 estar estruturado h\u00e1 muitos e muitos s\u00e9culos que antecederam a Palhacinha da bicicleta.<\/p>\n\n\n\n<div class=\"wp-block-image\"><figure class=\"aligncenter size-large\"><img loading=\"lazy\" decoding=\"async\" width=\"800\" height=\"574\" src=\"https:\/\/jornalfatosenoticias.com.br\/wp-content\/uploads\/2024\/01\/palhaca-jujuba.jpg\" alt=\"\" class=\"wp-image-48735\" srcset=\"https:\/\/jornalfatosenoticias.com.br\/wp-content\/uploads\/2024\/01\/palhaca-jujuba.jpg 800w, https:\/\/jornalfatosenoticias.com.br\/wp-content\/uploads\/2024\/01\/palhaca-jujuba-300x215.jpg 300w, https:\/\/jornalfatosenoticias.com.br\/wp-content\/uploads\/2024\/01\/palhaca-jujuba-768x551.jpg 768w\" sizes=\"auto, (max-width: 800px) 100vw, 800px\" \/><figcaption><em><span class=\"has-inline-color has-black-color\">Julieta Hern\u00e1ndez, a palha\u00e7a Jujuba (Foto: Reprodu\u00e7\u00e3o Instagram @funarte)<\/span><\/em><\/figcaption><\/figure><\/div>\n\n\n\n<p>Os \u00edndices de barb\u00e1rie s\u00e3o alarmantes. J\u00e1 ouvimos e lemos essa frase in\u00fameras vezes. Mas\u2026 n\u00e3o h\u00e1 vontade pol\u00edtica. A vulnerabilidade est\u00e1 no alvo. A cada 34 horas uma pessoa que pertence ao grupo LGBTQIA+ \u00e9 assassinada com o uso da viol\u00eancia e requinte de crueldade. A cascata dos horrores tem dimens\u00f5es que crescem a olhos vistos. Leis de garantia de Direitos est\u00e3o escritas e publicitadas. Por que n\u00e3o existem para a pessoa da vez a cada 34 horas?<\/p>\n\n\n\n<div class=\"wp-block-image\"><figure class=\"aligncenter size-large\"><img loading=\"lazy\" decoding=\"async\" width=\"300\" height=\"250\" src=\"https:\/\/jornalfatosenoticias.com.br\/wp-content\/uploads\/2020\/02\/Banner-2.png\" alt=\"\" class=\"wp-image-43787\"\/><\/figure><\/div>\n\n\n\n<p>Os estupros se multiplicam. E foram acrescidos de uma nova modalidade: o ciberestupro. Adolescentes s\u00e3o v\u00edtimas de golpes virtuais e at\u00e9 mesmo uma condena\u00e7\u00e3o para essa nova formata\u00e7\u00e3o de estupro j\u00e1 ocorreu. Mas esse crime s\u00f3 aumenta, engrossando, ao que tudo indica, a vincula\u00e7\u00e3o com o suic\u00eddio de jovens que, desamparados e desesperados, em meio ao medo da exposi\u00e7\u00e3o amea\u00e7ada, se matam. Passa em nossa frente essa nova moderniza\u00e7\u00e3o do trabalho escravo, aqui, sexual.<\/p>\n\n\n\n<div class=\"wp-block-image\"><figure class=\"aligncenter size-large is-resized\"><img loading=\"lazy\" decoding=\"async\" src=\"https:\/\/jornalfatosenoticias.com.br\/wp-content\/uploads\/2020\/02\/logo-Rapuzel-1024x571.jpg\" alt=\"\" class=\"wp-image-42808\" width=\"338\" height=\"188\" srcset=\"https:\/\/jornalfatosenoticias.com.br\/wp-content\/uploads\/2020\/02\/logo-Rapuzel-1024x571.jpg 1024w, https:\/\/jornalfatosenoticias.com.br\/wp-content\/uploads\/2020\/02\/logo-Rapuzel-300x167.jpg 300w, https:\/\/jornalfatosenoticias.com.br\/wp-content\/uploads\/2020\/02\/logo-Rapuzel-768x428.jpg 768w, https:\/\/jornalfatosenoticias.com.br\/wp-content\/uploads\/2020\/02\/logo-Rapuzel-1536x856.jpg 1536w, https:\/\/jornalfatosenoticias.com.br\/wp-content\/uploads\/2020\/02\/logo-Rapuzel.jpg 1600w\" sizes=\"auto, (max-width: 338px) 100vw, 338px\" \/><\/figure><\/div>\n\n\n\n<p>N\u00e3o muito evidente, temos os desaparecimentos de Crian\u00e7as. Especula-se muito, tr\u00e1fico sexual e pornografia internacional de Crian\u00e7a, tr\u00e1fico de \u00f3rg\u00e3os, com\u00e9rcio internacional de Crian\u00e7as para diversos fins, mas pouco se sabe, enquanto sociedade, que deveria ser mais consciente para o que acontece ao lado. Davi, seis anos, desapareceu h\u00e1 20 dias, numa tarde, na praia, diante de muitas pessoas, perto de seu pai que trabalhava numa barraca que, por coincid\u00eancia, estava no espa\u00e7o de uma c\u00e2mera de tr\u00e1fego desativada, ou quebrada. O garoto, um lindo, evaporou. H\u00e1 um pouco mais de um ano, tr\u00eas meninos, entre seis e nove anos, que jogavam bola num campinho perto de casa, tamb\u00e9m evaporaram. Uma menina, cinco anos, no in\u00edcio do m\u00eas de dezembro evaporou enquanto estava sentadinha nos degraus da porta de sua casa. S\u00e3o apenas alguns exemplos entre os milhares de casos de evapora\u00e7\u00e3o cotidiana de Crian\u00e7a.<\/p>\n\n\n\n<div class=\"wp-block-image\"><figure class=\"aligncenter size-large\"><img loading=\"lazy\" decoding=\"async\" width=\"712\" height=\"421\" src=\"https:\/\/jornalfatosenoticias.com.br\/wp-content\/uploads\/2024\/01\/DESAPARECIMENTO-DE-CRIANCAS_istockphoto.jpg\" alt=\"\" class=\"wp-image-48736\" srcset=\"https:\/\/jornalfatosenoticias.com.br\/wp-content\/uploads\/2024\/01\/DESAPARECIMENTO-DE-CRIANCAS_istockphoto.jpg 712w, https:\/\/jornalfatosenoticias.com.br\/wp-content\/uploads\/2024\/01\/DESAPARECIMENTO-DE-CRIANCAS_istockphoto-300x177.jpg 300w\" sizes=\"auto, (max-width: 712px) 100vw, 712px\" \/><figcaption><em><span class=\"has-inline-color has-black-color\">A cada hora, o Brasil registra oito desaparecimentos de pessoas. 40 mil crian\u00e7as desaparecem anualmente (Foto: iStock)<\/span><\/em><\/figcaption><\/figure><\/div>\n\n\n\n<p>E, de repente, somos invadidos por imagens de um homem, 71 anos, avan\u00e7ando num menino de oito anos que andava em seu patinete. Socos na cabe\u00e7a, muitos, chegando a derrubar a Crian\u00e7a no ch\u00e3o, pontap\u00e9s, uma viol\u00eancia inacredit\u00e1vel produzida por um homem corpulento contra a fragilidade de um corpinho magro e mi\u00fado.<\/p>\n\n\n\n<div class=\"wp-block-image\"><figure class=\"aligncenter size-large\"><img loading=\"lazy\" decoding=\"async\" width=\"300\" height=\"250\" src=\"https:\/\/jornalfatosenoticias.com.br\/wp-content\/uploads\/2022\/02\/FERRARI_MAQUINAS-E-FERRAMENTAS2.jpg\" alt=\"\" class=\"wp-image-27860\"\/><\/figure><\/div>\n\n\n\n<p>Chamou-me a aten\u00e7\u00e3o a sequ\u00eancia de imagens da paralisa\u00e7\u00e3o pelo medo que a Crian\u00e7a sofreu, sem conseguir se mexer ao ver aquele homem\/gigante esbravejando em sua dire\u00e7\u00e3o. \u00c9 a imagem fiel do que as Mulheres apontam como sendo a resposta ao predador, \u00e9 o congelamento que paralisa. Imaginemos numa Crian\u00e7a o efeito desta resposta paralisante. Era a segunda vez que aquele menino era espancado por aquele homem, seu vizinho e marido da s\u00edndica do condom\u00ednio onde ambos moram. \u00c9 vis\u00edvel o pavor que toma conta daquela Crian\u00e7a naquele momento em que fica est\u00e1tico. \u00c9 s\u00f3 observar aquela cena e todas as outras ao nosso redor. Resta alguma d\u00favida? Por que ficamos insistindo em sobrecarregar ainda mais a v\u00edtima de uma viol\u00eancia, cobrando dela que \u201cse resolva\u201d. As campanhas est\u00e3o repletas de \u201cinstru\u00e7\u00f5es\u201d para que a v\u00edtima diga \u201cN\u00e3o\u201d, para que ela saia da situa\u00e7\u00e3o de agress\u00e3o, para que ela, como se paladino fosse, buscasse a lei e a justi\u00e7a.<\/p>\n\n\n\n<div class=\"wp-block-image\"><figure class=\"aligncenter size-large is-resized\"><img loading=\"lazy\" decoding=\"async\" src=\"https:\/\/jornalfatosenoticias.com.br\/wp-content\/uploads\/2023\/08\/ITH.jpeg\" alt=\"\" class=\"wp-image-44638\" width=\"336\" height=\"273\" srcset=\"https:\/\/jornalfatosenoticias.com.br\/wp-content\/uploads\/2023\/08\/ITH.jpeg 800w, https:\/\/jornalfatosenoticias.com.br\/wp-content\/uploads\/2023\/08\/ITH-300x244.jpeg 300w, https:\/\/jornalfatosenoticias.com.br\/wp-content\/uploads\/2023\/08\/ITH-768x624.jpeg 768w\" sizes=\"auto, (max-width: 336px) 100vw, 336px\" \/><\/figure><\/div>\n\n\n\n<p>No entanto, n\u00e3o temos campanhas que fundem uma Cultura de Credibilidade na Voz da v\u00edtima. Al\u00e9m de insinuar que ela n\u00e3o \u201cresolveu\u201d com seu agressor, na primeira p\u00e1gina desses epis\u00f3dios de viol\u00eancia, \u00e9 lan\u00e7ada a d\u00favida, insinuada a mentira da v\u00edtima.<\/p>\n\n\n\n<div class=\"wp-block-image\"><figure class=\"aligncenter size-large is-resized\"><img loading=\"lazy\" decoding=\"async\" src=\"https:\/\/jornalfatosenoticias.com.br\/wp-content\/uploads\/2023\/09\/vetorvix1024_1.jpg\" alt=\"\" class=\"wp-image-44868\" width=\"483\" height=\"128\" srcset=\"https:\/\/jornalfatosenoticias.com.br\/wp-content\/uploads\/2023\/09\/vetorvix1024_1.jpg 1024w, https:\/\/jornalfatosenoticias.com.br\/wp-content\/uploads\/2023\/09\/vetorvix1024_1-300x80.jpg 300w, https:\/\/jornalfatosenoticias.com.br\/wp-content\/uploads\/2023\/09\/vetorvix1024_1-768x205.jpg 768w\" sizes=\"auto, (max-width: 483px) 100vw, 483px\" \/><\/figure><\/div>\n\n\n\n<p>Tomamos conhecimento de proposta de Reforma do C\u00f3digo Civil que n\u00e3o se preocupou com nenhuma dessas raz\u00f5es para que uma Cultura de Reforma de Comportamento Social Civilizado pudesse ser encampada em Voz Alta. Lament\u00e1vel que a preocupa\u00e7\u00e3o ficou em torno de criminalizar m\u00e3es, penalizar com a destitui\u00e7\u00e3o do Direito \u00e0 Maternidade. Enquanto isso, nossas Crian\u00e7as v\u00e3o sendo vicariamente agredidas pelo Estado ap\u00f3s sofrerem os Estupros Dom\u00e9sticos Incestuosos.<\/p>\n\n\n\n<div class=\"wp-block-image\"><figure class=\"aligncenter size-large is-resized\"><img loading=\"lazy\" decoding=\"async\" src=\"https:\/\/jornalfatosenoticias.com.br\/wp-content\/uploads\/2024\/01\/consultoria-ambiental.jpg\" alt=\"\" class=\"wp-image-48314\" width=\"367\" height=\"332\" srcset=\"https:\/\/jornalfatosenoticias.com.br\/wp-content\/uploads\/2024\/01\/consultoria-ambiental.jpg 832w, https:\/\/jornalfatosenoticias.com.br\/wp-content\/uploads\/2024\/01\/consultoria-ambiental-300x272.jpg 300w, https:\/\/jornalfatosenoticias.com.br\/wp-content\/uploads\/2024\/01\/consultoria-ambiental-768x696.jpg 768w\" sizes=\"auto, (max-width: 367px) 100vw, 367px\" \/><\/figure><\/div>\n","protected":false},"excerpt":{"rendered":"<p>As campanhas est\u00e3o repletas de \u201cinstru\u00e7\u00f5es\u201d para que a v\u00edtima diga \u201cN\u00e3o\u201d. No entanto, n\u00e3o temos campanhas que fundem uma Cultura de Credibilidade na Voz da v\u00edtima Mais um Feminic\u00eddio. S\u00e3o tantos, que nos perdemos. Mas em nome de todas as Mulheres que foram assassinadas pelo simples fato de serem Mulheres, escolhemos um ato de [&hellip;]<\/p>\n","protected":false},"author":8,"featured_media":48737,"comment_status":"open","ping_status":"open","sticky":false,"template":"","format":"standard","meta":{"footnotes":""},"categories":[2522],"tags":[9981,9852,22641,22642,22643],"class_list":["post-48734","post","type-post","status-publish","format-standard","has-post-thumbnail","hentry","category-comportamento","tag-assassinato","tag-crimes-contra-a-mulher-e-a-crianca","tag-desaparecimento-de-criancas","tag-palhaca-jujuba","tag-venezuelana"],"yoast_head":"<!-- This site is optimized with the Yoast SEO plugin v26.5 - https:\/\/yoast.com\/wordpress\/plugins\/seo\/ -->\n<title>Cultura de Estupro de Mulher e Estupro de Crian\u00e7a \u2014 Parte IV - Jornal Fatos e Not\u00edcias<\/title>\n<meta name=\"robots\" content=\"index, follow, max-snippet:-1, max-image-preview:large, max-video-preview:-1\" \/>\n<link rel=\"canonical\" href=\"https:\/\/jornalfatosenoticias.com.br\/index.php\/2024\/01\/25\/cultura-de-estupro-de-mulher-e-estupro-de-crianca-parte-iv\/\" \/>\n<meta property=\"og:locale\" content=\"pt_BR\" \/>\n<meta property=\"og:type\" content=\"article\" \/>\n<meta property=\"og:title\" content=\"Cultura de Estupro de Mulher e Estupro de Crian\u00e7a \u2014 Parte IV - Jornal Fatos e Not\u00edcias\" \/>\n<meta property=\"og:description\" content=\"As campanhas est\u00e3o repletas de \u201cinstru\u00e7\u00f5es\u201d para que a v\u00edtima diga \u201cN\u00e3o\u201d. No entanto, n\u00e3o temos campanhas que fundem uma Cultura de Credibilidade na Voz da v\u00edtima Mais um Feminic\u00eddio. S\u00e3o tantos, que nos perdemos. Mas em nome de todas as Mulheres que foram assassinadas pelo simples fato de serem Mulheres, escolhemos um ato de [&hellip;]\" \/>\n<meta property=\"og:url\" content=\"https:\/\/jornalfatosenoticias.com.br\/index.php\/2024\/01\/25\/cultura-de-estupro-de-mulher-e-estupro-de-crianca-parte-iv\/\" \/>\n<meta property=\"og:site_name\" content=\"Jornal Fatos e Not\u00edcias\" \/>\n<meta property=\"article:published_time\" content=\"2024-01-25T21:24:10+00:00\" \/>\n<meta property=\"article:modified_time\" content=\"2024-01-25T21:24:11+00:00\" \/>\n<meta property=\"og:image\" content=\"https:\/\/jornalfatosenoticias.com.br\/wp-content\/uploads\/2024\/01\/violencia-crianca_istockphoto.jpg\" \/>\n\t<meta property=\"og:image:width\" content=\"612\" \/>\n\t<meta property=\"og:image:height\" content=\"408\" \/>\n\t<meta property=\"og:image:type\" content=\"image\/jpeg\" \/>\n<meta name=\"author\" content=\"Ana Maria Iencarelli\" \/>\n<meta name=\"twitter:card\" content=\"summary_large_image\" \/>\n<meta name=\"twitter:label1\" content=\"Escrito por\" \/>\n\t<meta name=\"twitter:data1\" content=\"Ana Maria Iencarelli\" \/>\n\t<meta name=\"twitter:label2\" content=\"Est. tempo de leitura\" \/>\n\t<meta name=\"twitter:data2\" content=\"5 minutos\" \/>\n<script type=\"application\/ld+json\" class=\"yoast-schema-graph\">{\"@context\":\"https:\/\/schema.org\",\"@graph\":[{\"@type\":\"Article\",\"@id\":\"https:\/\/jornalfatosenoticias.com.br\/index.php\/2024\/01\/25\/cultura-de-estupro-de-mulher-e-estupro-de-crianca-parte-iv\/#article\",\"isPartOf\":{\"@id\":\"https:\/\/jornalfatosenoticias.com.br\/index.php\/2024\/01\/25\/cultura-de-estupro-de-mulher-e-estupro-de-crianca-parte-iv\/\"},\"author\":{\"name\":\"Ana Maria Iencarelli\",\"@id\":\"https:\/\/jornalfatosenoticias.com.br\/#\/schema\/person\/c33fcf5fb02d729d3fec92c6737a22d1\"},\"headline\":\"Cultura de Estupro de Mulher e Estupro de Crian\u00e7a \u2014 Parte IV\",\"datePublished\":\"2024-01-25T21:24:10+00:00\",\"dateModified\":\"2024-01-25T21:24:11+00:00\",\"mainEntityOfPage\":{\"@id\":\"https:\/\/jornalfatosenoticias.com.br\/index.php\/2024\/01\/25\/cultura-de-estupro-de-mulher-e-estupro-de-crianca-parte-iv\/\"},\"wordCount\":940,\"commentCount\":0,\"publisher\":{\"@id\":\"https:\/\/jornalfatosenoticias.com.br\/#organization\"},\"image\":{\"@id\":\"https:\/\/jornalfatosenoticias.com.br\/index.php\/2024\/01\/25\/cultura-de-estupro-de-mulher-e-estupro-de-crianca-parte-iv\/#primaryimage\"},\"thumbnailUrl\":\"https:\/\/jornalfatosenoticias.com.br\/wp-content\/uploads\/2024\/01\/violencia-crianca_istockphoto.jpg\",\"keywords\":[\"assassinato\",\"crimes contra a mulher e a crian\u00e7a\",\"desaparecimento de crian\u00e7as\",\"palha\u00e7a Jujuba\",\"venezuelana\"],\"articleSection\":[\"Comportamento &amp; Equil\u00edbrio\"],\"inLanguage\":\"pt-BR\",\"potentialAction\":[{\"@type\":\"CommentAction\",\"name\":\"Comment\",\"target\":[\"https:\/\/jornalfatosenoticias.com.br\/index.php\/2024\/01\/25\/cultura-de-estupro-de-mulher-e-estupro-de-crianca-parte-iv\/#respond\"]}]},{\"@type\":\"WebPage\",\"@id\":\"https:\/\/jornalfatosenoticias.com.br\/index.php\/2024\/01\/25\/cultura-de-estupro-de-mulher-e-estupro-de-crianca-parte-iv\/\",\"url\":\"https:\/\/jornalfatosenoticias.com.br\/index.php\/2024\/01\/25\/cultura-de-estupro-de-mulher-e-estupro-de-crianca-parte-iv\/\",\"name\":\"Cultura de Estupro de Mulher e Estupro de Crian\u00e7a \u2014 Parte IV - Jornal Fatos e Not\u00edcias\",\"isPartOf\":{\"@id\":\"https:\/\/jornalfatosenoticias.com.br\/#website\"},\"primaryImageOfPage\":{\"@id\":\"https:\/\/jornalfatosenoticias.com.br\/index.php\/2024\/01\/25\/cultura-de-estupro-de-mulher-e-estupro-de-crianca-parte-iv\/#primaryimage\"},\"image\":{\"@id\":\"https:\/\/jornalfatosenoticias.com.br\/index.php\/2024\/01\/25\/cultura-de-estupro-de-mulher-e-estupro-de-crianca-parte-iv\/#primaryimage\"},\"thumbnailUrl\":\"https:\/\/jornalfatosenoticias.com.br\/wp-content\/uploads\/2024\/01\/violencia-crianca_istockphoto.jpg\",\"datePublished\":\"2024-01-25T21:24:10+00:00\",\"dateModified\":\"2024-01-25T21:24:11+00:00\",\"breadcrumb\":{\"@id\":\"https:\/\/jornalfatosenoticias.com.br\/index.php\/2024\/01\/25\/cultura-de-estupro-de-mulher-e-estupro-de-crianca-parte-iv\/#breadcrumb\"},\"inLanguage\":\"pt-BR\",\"potentialAction\":[{\"@type\":\"ReadAction\",\"target\":[\"https:\/\/jornalfatosenoticias.com.br\/index.php\/2024\/01\/25\/cultura-de-estupro-de-mulher-e-estupro-de-crianca-parte-iv\/\"]}]},{\"@type\":\"ImageObject\",\"inLanguage\":\"pt-BR\",\"@id\":\"https:\/\/jornalfatosenoticias.com.br\/index.php\/2024\/01\/25\/cultura-de-estupro-de-mulher-e-estupro-de-crianca-parte-iv\/#primaryimage\",\"url\":\"https:\/\/jornalfatosenoticias.com.br\/wp-content\/uploads\/2024\/01\/violencia-crianca_istockphoto.jpg\",\"contentUrl\":\"https:\/\/jornalfatosenoticias.com.br\/wp-content\/uploads\/2024\/01\/violencia-crianca_istockphoto.jpg\",\"width\":612,\"height\":408,\"caption\":\"Parent is holding her little girls arm and is about to use violence. Representing child abuse and domestic violence.\"},{\"@type\":\"BreadcrumbList\",\"@id\":\"https:\/\/jornalfatosenoticias.com.br\/index.php\/2024\/01\/25\/cultura-de-estupro-de-mulher-e-estupro-de-crianca-parte-iv\/#breadcrumb\",\"itemListElement\":[{\"@type\":\"ListItem\",\"position\":1,\"name\":\"In\u00edcio\",\"item\":\"https:\/\/jornalfatosenoticias.com.br\/\"},{\"@type\":\"ListItem\",\"position\":2,\"name\":\"Cultura de Estupro de Mulher e Estupro de Crian\u00e7a \u2014 Parte IV\"}]},{\"@type\":\"WebSite\",\"@id\":\"https:\/\/jornalfatosenoticias.com.br\/#website\",\"url\":\"https:\/\/jornalfatosenoticias.com.br\/\",\"name\":\"Jornal Fatos e Not\u00edcias\",\"description\":\"Not\u00edcias em geral\",\"publisher\":{\"@id\":\"https:\/\/jornalfatosenoticias.com.br\/#organization\"},\"potentialAction\":[{\"@type\":\"SearchAction\",\"target\":{\"@type\":\"EntryPoint\",\"urlTemplate\":\"https:\/\/jornalfatosenoticias.com.br\/?s={search_term_string}\"},\"query-input\":{\"@type\":\"PropertyValueSpecification\",\"valueRequired\":true,\"valueName\":\"search_term_string\"}}],\"inLanguage\":\"pt-BR\"},{\"@type\":\"Organization\",\"@id\":\"https:\/\/jornalfatosenoticias.com.br\/#organization\",\"name\":\"Jornal Fatos e Not\u00edcias\",\"url\":\"https:\/\/jornalfatosenoticias.com.br\/\",\"logo\":{\"@type\":\"ImageObject\",\"inLanguage\":\"pt-BR\",\"@id\":\"https:\/\/jornalfatosenoticias.com.br\/#\/schema\/logo\/image\/\",\"url\":\"https:\/\/jornalfatosenoticias.com.br\/wp-content\/uploads\/2020\/02\/logo120.png\",\"contentUrl\":\"https:\/\/jornalfatosenoticias.com.br\/wp-content\/uploads\/2020\/02\/logo120.png\",\"width\":1227,\"height\":120,\"caption\":\"Jornal Fatos e Not\u00edcias\"},\"image\":{\"@id\":\"https:\/\/jornalfatosenoticias.com.br\/#\/schema\/logo\/image\/\"}},{\"@type\":\"Person\",\"@id\":\"https:\/\/jornalfatosenoticias.com.br\/#\/schema\/person\/c33fcf5fb02d729d3fec92c6737a22d1\",\"name\":\"Ana Maria Iencarelli\",\"image\":{\"@type\":\"ImageObject\",\"inLanguage\":\"pt-BR\",\"@id\":\"https:\/\/jornalfatosenoticias.com.br\/#\/schema\/person\/image\/\",\"url\":\"https:\/\/jornalfatosenoticias.com.br\/wp-content\/uploads\/2020\/02\/Ana-Maria-Iencarelli-1-150x150.jpg\",\"contentUrl\":\"https:\/\/jornalfatosenoticias.com.br\/wp-content\/uploads\/2020\/02\/Ana-Maria-Iencarelli-1-150x150.jpg\",\"caption\":\"Ana Maria Iencarelli\"},\"description\":\"Psicanalista Cl\u00ednica, especializada no atendimento a Crian\u00e7as e Adolescentes. Presidente da ONG Vozes de Anjos.\",\"url\":\"https:\/\/jornalfatosenoticias.com.br\/index.php\/author\/anamaria\/\"}]}<\/script>\n<!-- \/ Yoast SEO plugin. -->","yoast_head_json":{"title":"Cultura de Estupro de Mulher e Estupro de Crian\u00e7a \u2014 Parte IV - Jornal Fatos e Not\u00edcias","robots":{"index":"index","follow":"follow","max-snippet":"max-snippet:-1","max-image-preview":"max-image-preview:large","max-video-preview":"max-video-preview:-1"},"canonical":"https:\/\/jornalfatosenoticias.com.br\/index.php\/2024\/01\/25\/cultura-de-estupro-de-mulher-e-estupro-de-crianca-parte-iv\/","og_locale":"pt_BR","og_type":"article","og_title":"Cultura de Estupro de Mulher e Estupro de Crian\u00e7a \u2014 Parte IV - Jornal Fatos e Not\u00edcias","og_description":"As campanhas est\u00e3o repletas de \u201cinstru\u00e7\u00f5es\u201d para que a v\u00edtima diga \u201cN\u00e3o\u201d. No entanto, n\u00e3o temos campanhas que fundem uma Cultura de Credibilidade na Voz da v\u00edtima Mais um Feminic\u00eddio. S\u00e3o tantos, que nos perdemos. Mas em nome de todas as Mulheres que foram assassinadas pelo simples fato de serem Mulheres, escolhemos um ato de [&hellip;]","og_url":"https:\/\/jornalfatosenoticias.com.br\/index.php\/2024\/01\/25\/cultura-de-estupro-de-mulher-e-estupro-de-crianca-parte-iv\/","og_site_name":"Jornal Fatos e Not\u00edcias","article_published_time":"2024-01-25T21:24:10+00:00","article_modified_time":"2024-01-25T21:24:11+00:00","og_image":[{"width":612,"height":408,"url":"https:\/\/jornalfatosenoticias.com.br\/wp-content\/uploads\/2024\/01\/violencia-crianca_istockphoto.jpg","type":"image\/jpeg"}],"author":"Ana Maria Iencarelli","twitter_card":"summary_large_image","twitter_misc":{"Escrito por":"Ana Maria Iencarelli","Est. tempo de leitura":"5 minutos"},"schema":{"@context":"https:\/\/schema.org","@graph":[{"@type":"Article","@id":"https:\/\/jornalfatosenoticias.com.br\/index.php\/2024\/01\/25\/cultura-de-estupro-de-mulher-e-estupro-de-crianca-parte-iv\/#article","isPartOf":{"@id":"https:\/\/jornalfatosenoticias.com.br\/index.php\/2024\/01\/25\/cultura-de-estupro-de-mulher-e-estupro-de-crianca-parte-iv\/"},"author":{"name":"Ana Maria Iencarelli","@id":"https:\/\/jornalfatosenoticias.com.br\/#\/schema\/person\/c33fcf5fb02d729d3fec92c6737a22d1"},"headline":"Cultura de Estupro de Mulher e Estupro de Crian\u00e7a \u2014 Parte IV","datePublished":"2024-01-25T21:24:10+00:00","dateModified":"2024-01-25T21:24:11+00:00","mainEntityOfPage":{"@id":"https:\/\/jornalfatosenoticias.com.br\/index.php\/2024\/01\/25\/cultura-de-estupro-de-mulher-e-estupro-de-crianca-parte-iv\/"},"wordCount":940,"commentCount":0,"publisher":{"@id":"https:\/\/jornalfatosenoticias.com.br\/#organization"},"image":{"@id":"https:\/\/jornalfatosenoticias.com.br\/index.php\/2024\/01\/25\/cultura-de-estupro-de-mulher-e-estupro-de-crianca-parte-iv\/#primaryimage"},"thumbnailUrl":"https:\/\/jornalfatosenoticias.com.br\/wp-content\/uploads\/2024\/01\/violencia-crianca_istockphoto.jpg","keywords":["assassinato","crimes contra a mulher e a crian\u00e7a","desaparecimento de crian\u00e7as","palha\u00e7a Jujuba","venezuelana"],"articleSection":["Comportamento &amp; Equil\u00edbrio"],"inLanguage":"pt-BR","potentialAction":[{"@type":"CommentAction","name":"Comment","target":["https:\/\/jornalfatosenoticias.com.br\/index.php\/2024\/01\/25\/cultura-de-estupro-de-mulher-e-estupro-de-crianca-parte-iv\/#respond"]}]},{"@type":"WebPage","@id":"https:\/\/jornalfatosenoticias.com.br\/index.php\/2024\/01\/25\/cultura-de-estupro-de-mulher-e-estupro-de-crianca-parte-iv\/","url":"https:\/\/jornalfatosenoticias.com.br\/index.php\/2024\/01\/25\/cultura-de-estupro-de-mulher-e-estupro-de-crianca-parte-iv\/","name":"Cultura de Estupro de Mulher e Estupro de Crian\u00e7a \u2014 Parte IV - Jornal Fatos e Not\u00edcias","isPartOf":{"@id":"https:\/\/jornalfatosenoticias.com.br\/#website"},"primaryImageOfPage":{"@id":"https:\/\/jornalfatosenoticias.com.br\/index.php\/2024\/01\/25\/cultura-de-estupro-de-mulher-e-estupro-de-crianca-parte-iv\/#primaryimage"},"image":{"@id":"https:\/\/jornalfatosenoticias.com.br\/index.php\/2024\/01\/25\/cultura-de-estupro-de-mulher-e-estupro-de-crianca-parte-iv\/#primaryimage"},"thumbnailUrl":"https:\/\/jornalfatosenoticias.com.br\/wp-content\/uploads\/2024\/01\/violencia-crianca_istockphoto.jpg","datePublished":"2024-01-25T21:24:10+00:00","dateModified":"2024-01-25T21:24:11+00:00","breadcrumb":{"@id":"https:\/\/jornalfatosenoticias.com.br\/index.php\/2024\/01\/25\/cultura-de-estupro-de-mulher-e-estupro-de-crianca-parte-iv\/#breadcrumb"},"inLanguage":"pt-BR","potentialAction":[{"@type":"ReadAction","target":["https:\/\/jornalfatosenoticias.com.br\/index.php\/2024\/01\/25\/cultura-de-estupro-de-mulher-e-estupro-de-crianca-parte-iv\/"]}]},{"@type":"ImageObject","inLanguage":"pt-BR","@id":"https:\/\/jornalfatosenoticias.com.br\/index.php\/2024\/01\/25\/cultura-de-estupro-de-mulher-e-estupro-de-crianca-parte-iv\/#primaryimage","url":"https:\/\/jornalfatosenoticias.com.br\/wp-content\/uploads\/2024\/01\/violencia-crianca_istockphoto.jpg","contentUrl":"https:\/\/jornalfatosenoticias.com.br\/wp-content\/uploads\/2024\/01\/violencia-crianca_istockphoto.jpg","width":612,"height":408,"caption":"Parent is holding her little girls arm and is about to use violence. Representing child abuse and domestic violence."},{"@type":"BreadcrumbList","@id":"https:\/\/jornalfatosenoticias.com.br\/index.php\/2024\/01\/25\/cultura-de-estupro-de-mulher-e-estupro-de-crianca-parte-iv\/#breadcrumb","itemListElement":[{"@type":"ListItem","position":1,"name":"In\u00edcio","item":"https:\/\/jornalfatosenoticias.com.br\/"},{"@type":"ListItem","position":2,"name":"Cultura de Estupro de Mulher e Estupro de Crian\u00e7a \u2014 Parte IV"}]},{"@type":"WebSite","@id":"https:\/\/jornalfatosenoticias.com.br\/#website","url":"https:\/\/jornalfatosenoticias.com.br\/","name":"Jornal Fatos e Not\u00edcias","description":"Not\u00edcias em geral","publisher":{"@id":"https:\/\/jornalfatosenoticias.com.br\/#organization"},"potentialAction":[{"@type":"SearchAction","target":{"@type":"EntryPoint","urlTemplate":"https:\/\/jornalfatosenoticias.com.br\/?s={search_term_string}"},"query-input":{"@type":"PropertyValueSpecification","valueRequired":true,"valueName":"search_term_string"}}],"inLanguage":"pt-BR"},{"@type":"Organization","@id":"https:\/\/jornalfatosenoticias.com.br\/#organization","name":"Jornal Fatos e Not\u00edcias","url":"https:\/\/jornalfatosenoticias.com.br\/","logo":{"@type":"ImageObject","inLanguage":"pt-BR","@id":"https:\/\/jornalfatosenoticias.com.br\/#\/schema\/logo\/image\/","url":"https:\/\/jornalfatosenoticias.com.br\/wp-content\/uploads\/2020\/02\/logo120.png","contentUrl":"https:\/\/jornalfatosenoticias.com.br\/wp-content\/uploads\/2020\/02\/logo120.png","width":1227,"height":120,"caption":"Jornal Fatos e Not\u00edcias"},"image":{"@id":"https:\/\/jornalfatosenoticias.com.br\/#\/schema\/logo\/image\/"}},{"@type":"Person","@id":"https:\/\/jornalfatosenoticias.com.br\/#\/schema\/person\/c33fcf5fb02d729d3fec92c6737a22d1","name":"Ana Maria Iencarelli","image":{"@type":"ImageObject","inLanguage":"pt-BR","@id":"https:\/\/jornalfatosenoticias.com.br\/#\/schema\/person\/image\/","url":"https:\/\/jornalfatosenoticias.com.br\/wp-content\/uploads\/2020\/02\/Ana-Maria-Iencarelli-1-150x150.jpg","contentUrl":"https:\/\/jornalfatosenoticias.com.br\/wp-content\/uploads\/2020\/02\/Ana-Maria-Iencarelli-1-150x150.jpg","caption":"Ana Maria Iencarelli"},"description":"Psicanalista Cl\u00ednica, especializada no atendimento a Crian\u00e7as e Adolescentes. Presidente da ONG Vozes de Anjos.","url":"https:\/\/jornalfatosenoticias.com.br\/index.php\/author\/anamaria\/"}]}},"cc_featured_image_caption":{"caption_text":"(Foto: iStock)","source_text":"","source_url":""},"jetpack_featured_media_url":"https:\/\/jornalfatosenoticias.com.br\/wp-content\/uploads\/2024\/01\/violencia-crianca_istockphoto.jpg","_links":{"self":[{"href":"https:\/\/jornalfatosenoticias.com.br\/index.php\/wp-json\/wp\/v2\/posts\/48734","targetHints":{"allow":["GET"]}}],"collection":[{"href":"https:\/\/jornalfatosenoticias.com.br\/index.php\/wp-json\/wp\/v2\/posts"}],"about":[{"href":"https:\/\/jornalfatosenoticias.com.br\/index.php\/wp-json\/wp\/v2\/types\/post"}],"author":[{"embeddable":true,"href":"https:\/\/jornalfatosenoticias.com.br\/index.php\/wp-json\/wp\/v2\/users\/8"}],"replies":[{"embeddable":true,"href":"https:\/\/jornalfatosenoticias.com.br\/index.php\/wp-json\/wp\/v2\/comments?post=48734"}],"version-history":[{"count":0,"href":"https:\/\/jornalfatosenoticias.com.br\/index.php\/wp-json\/wp\/v2\/posts\/48734\/revisions"}],"wp:featuredmedia":[{"embeddable":true,"href":"https:\/\/jornalfatosenoticias.com.br\/index.php\/wp-json\/wp\/v2\/media\/48737"}],"wp:attachment":[{"href":"https:\/\/jornalfatosenoticias.com.br\/index.php\/wp-json\/wp\/v2\/media?parent=48734"}],"wp:term":[{"taxonomy":"category","embeddable":true,"href":"https:\/\/jornalfatosenoticias.com.br\/index.php\/wp-json\/wp\/v2\/categories?post=48734"},{"taxonomy":"post_tag","embeddable":true,"href":"https:\/\/jornalfatosenoticias.com.br\/index.php\/wp-json\/wp\/v2\/tags?post=48734"}],"curies":[{"name":"wp","href":"https:\/\/api.w.org\/{rel}","templated":true}]}}