{"id":48742,"date":"2024-01-25T18:38:02","date_gmt":"2024-01-25T21:38:02","guid":{"rendered":"https:\/\/jornalfatosenoticias.com.br\/?p=48742"},"modified":"2024-01-25T18:38:03","modified_gmt":"2024-01-25T21:38:03","slug":"procon-de-vitoria-divulga-pesquisa-de-precos-de-material-escolar","status":"publish","type":"post","link":"https:\/\/jornalfatosenoticias.com.br\/index.php\/2024\/01\/25\/procon-de-vitoria-divulga-pesquisa-de-precos-de-material-escolar\/","title":{"rendered":"Procon de Vit\u00f3ria divulga pesquisa de pre\u00e7os de material escolar"},"content":{"rendered":"\n<p><span class=\"has-inline-color has-black-color\">Por <strong>Edlamara Conti<\/strong><\/span><\/p>\n\n\n\n<div class=\"wp-block-image\"><figure class=\"aligncenter size-large\"><img loading=\"lazy\" decoding=\"async\" width=\"1024\" height=\"100\" src=\"https:\/\/jornalfatosenoticias.com.br\/wp-content\/uploads\/2022\/05\/NOVA-LOGO-CESCONETTO-1024x100.jpg\" alt=\"\" class=\"wp-image-30792\" srcset=\"https:\/\/jornalfatosenoticias.com.br\/wp-content\/uploads\/2022\/05\/NOVA-LOGO-CESCONETTO-1024x100.jpg 1024w, https:\/\/jornalfatosenoticias.com.br\/wp-content\/uploads\/2022\/05\/NOVA-LOGO-CESCONETTO-300x29.jpg 300w, https:\/\/jornalfatosenoticias.com.br\/wp-content\/uploads\/2022\/05\/NOVA-LOGO-CESCONETTO-768x75.jpg 768w, https:\/\/jornalfatosenoticias.com.br\/wp-content\/uploads\/2022\/05\/NOVA-LOGO-CESCONETTO.jpg 1280w\" sizes=\"auto, (max-width: 1024px) 100vw, 1024px\" \/><\/figure><\/div>\n\n\n\n<p>Janeiro \u00e9 m\u00eas de f\u00e9rias e tamb\u00e9m de prepara\u00e7\u00e3o para a volta \u00e0s aulas. Nesse per\u00edodo, quem tem estudantes em casa come\u00e7a a comprar os materiais escolares, que podem representar um grande impacto no or\u00e7amento familiar. Para auxiliar as fam\u00edlias a economizarem, o Procon Vit\u00f3ria realizou a pesquisa de pre\u00e7os dos produtos mais solicitados pelas escolas para uso dos alunos durante o ano letivo.<br>O levantamento foi realizado na semana passada (15 e 16), em quatro papelarias, considerando 27 itens: apontador, borracha, caderno, caneta esferogr\u00e1fica, caneta hidrogr\u00e1fica, cola, corretivo, grafite, giz de cera, l\u00e1pis de cor, l\u00e1pis grafite, lapiseira, massa de modelar, papel sulfite, r\u00e9gua e tesoura.<br>Como sempre, a pesquisa apontou grande varia\u00e7\u00e3o de pre\u00e7os entre os estabelecimentos para produtos id\u00eanticos. O percentual acima de 100%, ou seja mais do que o dobro de diferen\u00e7a, foi encontrado para itens t\u00e3o presentes nas listas de todas as escolas como giz de cera, cadernos, canetas hidrogr\u00e1ficas e o papel A4 (Chamequinho).<\/p>\n\n\n\n<div class=\"wp-block-image\"><figure class=\"aligncenter size-large is-resized\"><img loading=\"lazy\" decoding=\"async\" src=\"https:\/\/jornalfatosenoticias.com.br\/wp-content\/uploads\/2022\/02\/Precisao-Contabilidade-1024x724.jpg\" alt=\"\" class=\"wp-image-28088\" width=\"348\" height=\"246\"\/><\/figure><\/div>\n\n\n\n<h3 class=\"wp-block-heading\"><span class=\"has-inline-color has-vivid-purple-color\">Veja os exemplos abaixo:<\/span><\/h3>\n\n\n\n<ul class=\"wp-block-list\"><li>Giz de cera (estojo de 12 cores, Acrilex): Varia\u00e7\u00e3o de 170,91% Menor pre\u00e7o a R$5,50 e o maior pre\u00e7o a R$14,90.<\/li><li>Caderno brochura 96 folhas Tilibra: Varia\u00e7\u00e3o de 139,13% Menor pre\u00e7o a R$6,90 e o maior, a R$16,50.<\/li><li>Caneta hidrogr\u00e1fica (estojo de 12 cores, Compactor): Varia\u00e7\u00e3o de 131,78% Menor pre\u00e7o a R$12,90 e o maior, a R$29,90.<\/li><li>Lapiseira 0,7 mm com borracha no topo Tecno Cis: Varia\u00e7\u00e3o de 131,67% Menor pre\u00e7o a R$6,00 e maior, a R$13,90.<\/li><li>Papel sufite A4 (Chamequinho, pacote de 100 folhas brancas): Varia\u00e7\u00e3o de 122,35% Menor pre\u00e7o a R$8,95 e o maior, a R$19,90.<\/li><\/ul>\n\n\n\n<div class=\"wp-block-image\"><figure class=\"aligncenter size-large is-resized\"><img loading=\"lazy\" decoding=\"async\" src=\"https:\/\/jornalfatosenoticias.com.br\/wp-content\/uploads\/2020\/02\/CONTROL-CS.jpg\" alt=\"\" class=\"wp-image-44991\" width=\"332\" height=\"398\" srcset=\"https:\/\/jornalfatosenoticias.com.br\/wp-content\/uploads\/2020\/02\/CONTROL-CS.jpg 834w, https:\/\/jornalfatosenoticias.com.br\/wp-content\/uploads\/2020\/02\/CONTROL-CS-250x300.jpg 250w, https:\/\/jornalfatosenoticias.com.br\/wp-content\/uploads\/2020\/02\/CONTROL-CS-768x921.jpg 768w\" sizes=\"auto, (max-width: 332px) 100vw, 332px\" \/><\/figure><\/div>\n\n\n\n<blockquote class=\"wp-block-quote is-layout-flow wp-block-quote-is-layout-flow\"><p><span class=\"has-inline-color has-luminous-vivid-orange-color\">A pesquisa \u00e9 uma refer\u00eancia de pre\u00e7os para as fam\u00edlias. Ela pode ser consultada na \u00edntegra pelo aplicativo Procon Vit\u00f3ria, no celular, ou seja, os consumidores podem levar a pesquisa com eles \u00e0s papelarias e ter uma no\u00e7\u00e3o, no momento da compra, se os pre\u00e7os est\u00e3o na m\u00e9dia ou se est\u00e3o muito altos&#8221;, diz o secret\u00e1rio de Cidadania, Direitos Humanos e Trabalho, Diego Libardi.<\/span><\/p><\/blockquote>\n\n\n\n<div class=\"wp-block-image\"><figure class=\"aligncenter size-large is-resized\"><img loading=\"lazy\" decoding=\"async\" src=\"https:\/\/jornalfatosenoticias.com.br\/wp-content\/uploads\/2020\/02\/LOGO-BLU-COMERCIAL-PRETO-1024x600.jpg\" alt=\"\" class=\"wp-image-44089\" width=\"322\" height=\"188\"\/><\/figure><\/div>\n\n\n\n<p>O levantamento informa os estabelecimentos pesquisados e os valores encontrados em cada um deles. Os pre\u00e7os referem-se aos encontrados no per\u00edodo em que foi realizada a pesquisa e est\u00e3o sujeitos a altera\u00e7\u00f5es como descontos, ajustes e condi\u00e7\u00f5es especiais, por exemplo.<\/p>\n\n\n\n<div class=\"wp-block-image\"><figure class=\"aligncenter size-large is-resized\"><img loading=\"lazy\" decoding=\"async\" src=\"https:\/\/jornalfatosenoticias.com.br\/wp-content\/uploads\/2023\/09\/vetorvix1024_1.jpg\" alt=\"\" class=\"wp-image-44868\" width=\"505\" height=\"134\" srcset=\"https:\/\/jornalfatosenoticias.com.br\/wp-content\/uploads\/2023\/09\/vetorvix1024_1.jpg 1024w, https:\/\/jornalfatosenoticias.com.br\/wp-content\/uploads\/2023\/09\/vetorvix1024_1-300x80.jpg 300w, https:\/\/jornalfatosenoticias.com.br\/wp-content\/uploads\/2023\/09\/vetorvix1024_1-768x205.jpg 768w\" sizes=\"auto, (max-width: 505px) 100vw, 505px\" \/><\/figure><\/div>\n\n\n\n<p><strong><span class=\"has-inline-color has-vivid-purple-color\">Comparativo com 2023<br><\/span><\/strong>O Procon apresenta um comparativo dos menores pre\u00e7os encontrados na pesquisa com o mesmo levantamento realizado em 2023, considerando os mesmos 27 itens. Houve aumento em 17 itens; redu\u00e7\u00e3o em seis itens; e os pre\u00e7os se mantiveram iguais em outros quatro itens.<\/p>\n\n\n\n<div class=\"wp-block-image\"><figure class=\"aligncenter size-large\"><img decoding=\"async\" src=\"https:\/\/jornalfatosenoticias.com.br\/wp-content\/uploads\/2020\/02\/logo_esteio.jpg\" alt=\"\" class=\"wp-image-1214\"\/><\/figure><\/div>\n\n\n\n<h3 class=\"wp-block-heading\"><span class=\"has-inline-color has-vivid-purple-color\">Aumento<\/span><\/h3>\n\n\n\n<ul class=\"wp-block-list\"><li>Grafite 0,7mm 2B (Pilot, com 12 unidades): Varia\u00e7\u00e3o de 55%<\/li><li>Cola Branca 500gr (Cascorez): Varia\u00e7\u00e3o de 43,23%<\/li><li>R\u00e9gua 30 com pl\u00e1stica: Varia\u00e7\u00e3o de 39,62%<\/li><\/ul>\n\n\n\n<div class=\"wp-block-image\"><figure class=\"aligncenter size-large is-resized\"><img loading=\"lazy\" decoding=\"async\" src=\"https:\/\/jornalfatosenoticias.com.br\/wp-content\/uploads\/2020\/02\/logo-Rapuzel-1024x571.jpg\" alt=\"\" class=\"wp-image-42808\" width=\"321\" height=\"179\" srcset=\"https:\/\/jornalfatosenoticias.com.br\/wp-content\/uploads\/2020\/02\/logo-Rapuzel-1024x571.jpg 1024w, https:\/\/jornalfatosenoticias.com.br\/wp-content\/uploads\/2020\/02\/logo-Rapuzel-300x167.jpg 300w, https:\/\/jornalfatosenoticias.com.br\/wp-content\/uploads\/2020\/02\/logo-Rapuzel-768x428.jpg 768w, https:\/\/jornalfatosenoticias.com.br\/wp-content\/uploads\/2020\/02\/logo-Rapuzel-1536x856.jpg 1536w, https:\/\/jornalfatosenoticias.com.br\/wp-content\/uploads\/2020\/02\/logo-Rapuzel.jpg 1600w\" sizes=\"auto, (max-width: 321px) 100vw, 321px\" \/><\/figure><\/div>\n\n\n\n<h3 class=\"wp-block-heading\"><span class=\"has-inline-color has-vivid-purple-color\">Redu\u00e7\u00e3o<\/span><\/h3>\n\n\n\n<ul class=\"wp-block-list\"><li>Lapiseira com borracha no topo 0,7 mm (Tecno Cis): Varia\u00e7\u00e3o de -39,39%<\/li><li>Cola branca 110g (Tenaz): Varia\u00e7\u00e3o de -31,30%<\/li><li>L\u00e1pis preto n.2 (Ecol\u00e1pis Faber Castel): Varia\u00e7\u00e3o de -27,14%<\/li><\/ul>\n\n\n\n<h3 class=\"wp-block-heading\"><span class=\"has-inline-color has-black-color\">Confira a pesquisa na \u00edntegra<\/span><\/h3>\n\n\n\n<div class=\"wp-block-image\"><figure class=\"aligncenter size-large is-resized\"><img loading=\"lazy\" decoding=\"async\" src=\"https:\/\/jornalfatosenoticias.com.br\/wp-content\/uploads\/2023\/03\/logo-Panper_portal.jpg\" alt=\"\" class=\"wp-image-40208\" width=\"309\" height=\"214\" srcset=\"https:\/\/jornalfatosenoticias.com.br\/wp-content\/uploads\/2023\/03\/logo-Panper_portal.jpg 400w, https:\/\/jornalfatosenoticias.com.br\/wp-content\/uploads\/2023\/03\/logo-Panper_portal-300x208.jpg 300w\" sizes=\"auto, (max-width: 309px) 100vw, 309px\" \/><\/figure><\/div>\n\n\n\n<p><a href=\"https:\/\/www.vitoria.es.gov.br\/download.php?tipo=1&amp;id=3948\">RELAT\u00d3RIO T\u00c9CNICO \u2014 MATERIAL ESCOLAR 2024<\/a><\/p>\n\n\n\n<p><a href=\"https:\/\/www.vitoria.es.gov.br\/download.php?tipo=1&amp;id=3947\">MATERIAL ESCOLAR 2024<\/a><\/p>\n\n\n\n<p><a href=\"https:\/\/www.vitoria.es.gov.br\/download.php?tipo=1&amp;id=3946\">RANKING \u2014 MATERIAL ESCOLAR 2024<\/a><\/p>\n\n\n\n<p><a href=\"https:\/\/www.vitoria.es.gov.br\/download.php?tipo=1&amp;id=3945\">COMPARATIVO JAN 23 X JAN 24 \u2014 MATERIAL ESCOLAR 2024<\/a><\/p>\n\n\n\n<div class=\"wp-block-image\"><figure class=\"aligncenter size-large is-resized\"><img loading=\"lazy\" decoding=\"async\" src=\"https:\/\/jornalfatosenoticias.com.br\/wp-content\/uploads\/2023\/12\/pegoretti-logo-pdf-1024x389.jpg\" alt=\"\" class=\"wp-image-47536\" width=\"427\" height=\"162\" srcset=\"https:\/\/jornalfatosenoticias.com.br\/wp-content\/uploads\/2023\/12\/pegoretti-logo-pdf-1024x389.jpg 1024w, https:\/\/jornalfatosenoticias.com.br\/wp-content\/uploads\/2023\/12\/pegoretti-logo-pdf-300x114.jpg 300w, https:\/\/jornalfatosenoticias.com.br\/wp-content\/uploads\/2023\/12\/pegoretti-logo-pdf-768x291.jpg 768w, https:\/\/jornalfatosenoticias.com.br\/wp-content\/uploads\/2023\/12\/pegoretti-logo-pdf.jpg 1120w\" sizes=\"auto, (max-width: 427px) 100vw, 427px\" \/><\/figure><\/div>\n\n\n\n<p><strong><em>Fonte: <a href=\"https:\/\/www.vitoria.es.gov.br\/noticia\/volta-as-aulas-procon-de-vitoria-divulga-pesquisa-de-precos-de-material-escolar-49775\">PMV<\/a><\/em><\/strong><\/p>\n","protected":false},"excerpt":{"rendered":"<p>Por Edlamara Conti Janeiro \u00e9 m\u00eas de f\u00e9rias e tamb\u00e9m de prepara\u00e7\u00e3o para a volta \u00e0s aulas. Nesse per\u00edodo, quem tem estudantes em casa come\u00e7a a comprar os materiais escolares, que podem representar um grande impacto no or\u00e7amento familiar. Para auxiliar as fam\u00edlias a economizarem, o Procon Vit\u00f3ria realizou a pesquisa de pre\u00e7os dos produtos [&hellip;]<\/p>\n","protected":false},"author":2,"featured_media":48743,"comment_status":"open","ping_status":"open","sticky":false,"template":"","format":"standard","meta":{"footnotes":""},"categories":[9,7],"tags":[12936,22646,1887,1888,4692],"class_list":["post-48742","post","type-post","status-publish","format-standard","has-post-thumbnail","hentry","category-economia","category-educacao","tag-material-escolar","tag-pesquisa-de-precos","tag-precos","tag-procon-vitoria","tag-volta-as-aulas"],"yoast_head":"<!-- This site is optimized with the Yoast SEO plugin v26.5 - https:\/\/yoast.com\/wordpress\/plugins\/seo\/ -->\n<title>Procon de Vit\u00f3ria divulga pesquisa de pre\u00e7os de material escolar - Jornal Fatos e Not\u00edcias<\/title>\n<meta name=\"robots\" content=\"index, follow, max-snippet:-1, max-image-preview:large, max-video-preview:-1\" \/>\n<link rel=\"canonical\" href=\"https:\/\/jornalfatosenoticias.com.br\/index.php\/2024\/01\/25\/procon-de-vitoria-divulga-pesquisa-de-precos-de-material-escolar\/\" \/>\n<meta property=\"og:locale\" content=\"pt_BR\" \/>\n<meta property=\"og:type\" content=\"article\" \/>\n<meta property=\"og:title\" content=\"Procon de Vit\u00f3ria divulga pesquisa de pre\u00e7os de material escolar - Jornal Fatos e Not\u00edcias\" \/>\n<meta property=\"og:description\" content=\"Por Edlamara Conti Janeiro \u00e9 m\u00eas de f\u00e9rias e tamb\u00e9m de prepara\u00e7\u00e3o para a volta \u00e0s aulas. Nesse per\u00edodo, quem tem estudantes em casa come\u00e7a a comprar os materiais escolares, que podem representar um grande impacto no or\u00e7amento familiar. Para auxiliar as fam\u00edlias a economizarem, o Procon Vit\u00f3ria realizou a pesquisa de pre\u00e7os dos produtos [&hellip;]\" \/>\n<meta property=\"og:url\" content=\"https:\/\/jornalfatosenoticias.com.br\/index.php\/2024\/01\/25\/procon-de-vitoria-divulga-pesquisa-de-precos-de-material-escolar\/\" \/>\n<meta property=\"og:site_name\" content=\"Jornal Fatos e Not\u00edcias\" \/>\n<meta property=\"article:published_time\" content=\"2024-01-25T21:38:02+00:00\" \/>\n<meta property=\"article:modified_time\" content=\"2024-01-25T21:38:03+00:00\" \/>\n<meta property=\"og:image\" content=\"https:\/\/jornalfatosenoticias.com.br\/wp-content\/uploads\/2024\/01\/material-escolar_istockphoto.jpg\" \/>\n\t<meta property=\"og:image:width\" content=\"612\" \/>\n\t<meta property=\"og:image:height\" content=\"408\" \/>\n\t<meta property=\"og:image:type\" content=\"image\/jpeg\" \/>\n<meta name=\"author\" content=\"Luzimara Fernandes\" \/>\n<meta name=\"twitter:card\" content=\"summary_large_image\" \/>\n<meta name=\"twitter:label1\" content=\"Escrito por\" \/>\n\t<meta name=\"twitter:data1\" content=\"Luzimara Fernandes\" \/>\n\t<meta name=\"twitter:label2\" content=\"Est. tempo de leitura\" \/>\n\t<meta name=\"twitter:data2\" content=\"3 minutos\" \/>\n<script type=\"application\/ld+json\" class=\"yoast-schema-graph\">{\"@context\":\"https:\/\/schema.org\",\"@graph\":[{\"@type\":\"Article\",\"@id\":\"https:\/\/jornalfatosenoticias.com.br\/index.php\/2024\/01\/25\/procon-de-vitoria-divulga-pesquisa-de-precos-de-material-escolar\/#article\",\"isPartOf\":{\"@id\":\"https:\/\/jornalfatosenoticias.com.br\/index.php\/2024\/01\/25\/procon-de-vitoria-divulga-pesquisa-de-precos-de-material-escolar\/\"},\"author\":{\"name\":\"Luzimara Fernandes\",\"@id\":\"https:\/\/jornalfatosenoticias.com.br\/#\/schema\/person\/d63837fa13ac8666eb9e74e0985d6f81\"},\"headline\":\"Procon de Vit\u00f3ria divulga pesquisa de pre\u00e7os de material escolar\",\"datePublished\":\"2024-01-25T21:38:02+00:00\",\"dateModified\":\"2024-01-25T21:38:03+00:00\",\"mainEntityOfPage\":{\"@id\":\"https:\/\/jornalfatosenoticias.com.br\/index.php\/2024\/01\/25\/procon-de-vitoria-divulga-pesquisa-de-precos-de-material-escolar\/\"},\"wordCount\":540,\"commentCount\":0,\"publisher\":{\"@id\":\"https:\/\/jornalfatosenoticias.com.br\/#organization\"},\"image\":{\"@id\":\"https:\/\/jornalfatosenoticias.com.br\/index.php\/2024\/01\/25\/procon-de-vitoria-divulga-pesquisa-de-precos-de-material-escolar\/#primaryimage\"},\"thumbnailUrl\":\"https:\/\/jornalfatosenoticias.com.br\/wp-content\/uploads\/2024\/01\/material-escolar_istockphoto.jpg\",\"keywords\":[\"material escolar\",\"pesquisa de pre\u00e7os\",\"pre\u00e7os\",\"Procon Vit\u00f3ria\",\"volta \u00e0s aulas\"],\"articleSection\":[\"Economia\",\"Educa\u00e7\u00e3o\"],\"inLanguage\":\"pt-BR\",\"potentialAction\":[{\"@type\":\"CommentAction\",\"name\":\"Comment\",\"target\":[\"https:\/\/jornalfatosenoticias.com.br\/index.php\/2024\/01\/25\/procon-de-vitoria-divulga-pesquisa-de-precos-de-material-escolar\/#respond\"]}]},{\"@type\":\"WebPage\",\"@id\":\"https:\/\/jornalfatosenoticias.com.br\/index.php\/2024\/01\/25\/procon-de-vitoria-divulga-pesquisa-de-precos-de-material-escolar\/\",\"url\":\"https:\/\/jornalfatosenoticias.com.br\/index.php\/2024\/01\/25\/procon-de-vitoria-divulga-pesquisa-de-precos-de-material-escolar\/\",\"name\":\"Procon de Vit\u00f3ria divulga pesquisa de pre\u00e7os de material escolar - Jornal Fatos e Not\u00edcias\",\"isPartOf\":{\"@id\":\"https:\/\/jornalfatosenoticias.com.br\/#website\"},\"primaryImageOfPage\":{\"@id\":\"https:\/\/jornalfatosenoticias.com.br\/index.php\/2024\/01\/25\/procon-de-vitoria-divulga-pesquisa-de-precos-de-material-escolar\/#primaryimage\"},\"image\":{\"@id\":\"https:\/\/jornalfatosenoticias.com.br\/index.php\/2024\/01\/25\/procon-de-vitoria-divulga-pesquisa-de-precos-de-material-escolar\/#primaryimage\"},\"thumbnailUrl\":\"https:\/\/jornalfatosenoticias.com.br\/wp-content\/uploads\/2024\/01\/material-escolar_istockphoto.jpg\",\"datePublished\":\"2024-01-25T21:38:02+00:00\",\"dateModified\":\"2024-01-25T21:38:03+00:00\",\"breadcrumb\":{\"@id\":\"https:\/\/jornalfatosenoticias.com.br\/index.php\/2024\/01\/25\/procon-de-vitoria-divulga-pesquisa-de-precos-de-material-escolar\/#breadcrumb\"},\"inLanguage\":\"pt-BR\",\"potentialAction\":[{\"@type\":\"ReadAction\",\"target\":[\"https:\/\/jornalfatosenoticias.com.br\/index.php\/2024\/01\/25\/procon-de-vitoria-divulga-pesquisa-de-precos-de-material-escolar\/\"]}]},{\"@type\":\"ImageObject\",\"inLanguage\":\"pt-BR\",\"@id\":\"https:\/\/jornalfatosenoticias.com.br\/index.php\/2024\/01\/25\/procon-de-vitoria-divulga-pesquisa-de-precos-de-material-escolar\/#primaryimage\",\"url\":\"https:\/\/jornalfatosenoticias.com.br\/wp-content\/uploads\/2024\/01\/material-escolar_istockphoto.jpg\",\"contentUrl\":\"https:\/\/jornalfatosenoticias.com.br\/wp-content\/uploads\/2024\/01\/material-escolar_istockphoto.jpg\",\"width\":612,\"height\":408,\"caption\":\"Cost of education. Level view of stationery and back to school office supplies in a miniature shopping cart with sign\"},{\"@type\":\"BreadcrumbList\",\"@id\":\"https:\/\/jornalfatosenoticias.com.br\/index.php\/2024\/01\/25\/procon-de-vitoria-divulga-pesquisa-de-precos-de-material-escolar\/#breadcrumb\",\"itemListElement\":[{\"@type\":\"ListItem\",\"position\":1,\"name\":\"In\u00edcio\",\"item\":\"https:\/\/jornalfatosenoticias.com.br\/\"},{\"@type\":\"ListItem\",\"position\":2,\"name\":\"Procon de Vit\u00f3ria divulga pesquisa de pre\u00e7os de material escolar\"}]},{\"@type\":\"WebSite\",\"@id\":\"https:\/\/jornalfatosenoticias.com.br\/#website\",\"url\":\"https:\/\/jornalfatosenoticias.com.br\/\",\"name\":\"Jornal Fatos e Not\u00edcias\",\"description\":\"Not\u00edcias em geral\",\"publisher\":{\"@id\":\"https:\/\/jornalfatosenoticias.com.br\/#organization\"},\"potentialAction\":[{\"@type\":\"SearchAction\",\"target\":{\"@type\":\"EntryPoint\",\"urlTemplate\":\"https:\/\/jornalfatosenoticias.com.br\/?s={search_term_string}\"},\"query-input\":{\"@type\":\"PropertyValueSpecification\",\"valueRequired\":true,\"valueName\":\"search_term_string\"}}],\"inLanguage\":\"pt-BR\"},{\"@type\":\"Organization\",\"@id\":\"https:\/\/jornalfatosenoticias.com.br\/#organization\",\"name\":\"Jornal Fatos e Not\u00edcias\",\"url\":\"https:\/\/jornalfatosenoticias.com.br\/\",\"logo\":{\"@type\":\"ImageObject\",\"inLanguage\":\"pt-BR\",\"@id\":\"https:\/\/jornalfatosenoticias.com.br\/#\/schema\/logo\/image\/\",\"url\":\"https:\/\/jornalfatosenoticias.com.br\/wp-content\/uploads\/2020\/02\/logo120.png\",\"contentUrl\":\"https:\/\/jornalfatosenoticias.com.br\/wp-content\/uploads\/2020\/02\/logo120.png\",\"width\":1227,\"height\":120,\"caption\":\"Jornal Fatos e Not\u00edcias\"},\"image\":{\"@id\":\"https:\/\/jornalfatosenoticias.com.br\/#\/schema\/logo\/image\/\"}},{\"@type\":\"Person\",\"@id\":\"https:\/\/jornalfatosenoticias.com.br\/#\/schema\/person\/d63837fa13ac8666eb9e74e0985d6f81\",\"name\":\"Luzimara Fernandes\",\"image\":{\"@type\":\"ImageObject\",\"inLanguage\":\"pt-BR\",\"@id\":\"https:\/\/jornalfatosenoticias.com.br\/#\/schema\/person\/image\/\",\"url\":\"https:\/\/jornalfatosenoticias.com.br\/wp-content\/uploads\/2025\/05\/EU_portal.jpg\",\"contentUrl\":\"https:\/\/jornalfatosenoticias.com.br\/wp-content\/uploads\/2025\/05\/EU_portal.jpg\",\"caption\":\"Luzimara Fernandes\"},\"description\":\"Jornalista MTB 2358-ES\",\"sameAs\":[\"https:\/\/jornalfatosenoticias.com.br\"],\"url\":\"https:\/\/jornalfatosenoticias.com.br\/index.php\/author\/luzimara\/\"}]}<\/script>\n<!-- \/ Yoast SEO plugin. -->","yoast_head_json":{"title":"Procon de Vit\u00f3ria divulga pesquisa de pre\u00e7os de material escolar - Jornal Fatos e Not\u00edcias","robots":{"index":"index","follow":"follow","max-snippet":"max-snippet:-1","max-image-preview":"max-image-preview:large","max-video-preview":"max-video-preview:-1"},"canonical":"https:\/\/jornalfatosenoticias.com.br\/index.php\/2024\/01\/25\/procon-de-vitoria-divulga-pesquisa-de-precos-de-material-escolar\/","og_locale":"pt_BR","og_type":"article","og_title":"Procon de Vit\u00f3ria divulga pesquisa de pre\u00e7os de material escolar - Jornal Fatos e Not\u00edcias","og_description":"Por Edlamara Conti Janeiro \u00e9 m\u00eas de f\u00e9rias e tamb\u00e9m de prepara\u00e7\u00e3o para a volta \u00e0s aulas. Nesse per\u00edodo, quem tem estudantes em casa come\u00e7a a comprar os materiais escolares, que podem representar um grande impacto no or\u00e7amento familiar. Para auxiliar as fam\u00edlias a economizarem, o Procon Vit\u00f3ria realizou a pesquisa de pre\u00e7os dos produtos [&hellip;]","og_url":"https:\/\/jornalfatosenoticias.com.br\/index.php\/2024\/01\/25\/procon-de-vitoria-divulga-pesquisa-de-precos-de-material-escolar\/","og_site_name":"Jornal Fatos e Not\u00edcias","article_published_time":"2024-01-25T21:38:02+00:00","article_modified_time":"2024-01-25T21:38:03+00:00","og_image":[{"width":612,"height":408,"url":"https:\/\/jornalfatosenoticias.com.br\/wp-content\/uploads\/2024\/01\/material-escolar_istockphoto.jpg","type":"image\/jpeg"}],"author":"Luzimara Fernandes","twitter_card":"summary_large_image","twitter_misc":{"Escrito por":"Luzimara Fernandes","Est. tempo de leitura":"3 minutos"},"schema":{"@context":"https:\/\/schema.org","@graph":[{"@type":"Article","@id":"https:\/\/jornalfatosenoticias.com.br\/index.php\/2024\/01\/25\/procon-de-vitoria-divulga-pesquisa-de-precos-de-material-escolar\/#article","isPartOf":{"@id":"https:\/\/jornalfatosenoticias.com.br\/index.php\/2024\/01\/25\/procon-de-vitoria-divulga-pesquisa-de-precos-de-material-escolar\/"},"author":{"name":"Luzimara Fernandes","@id":"https:\/\/jornalfatosenoticias.com.br\/#\/schema\/person\/d63837fa13ac8666eb9e74e0985d6f81"},"headline":"Procon de Vit\u00f3ria divulga pesquisa de pre\u00e7os de material escolar","datePublished":"2024-01-25T21:38:02+00:00","dateModified":"2024-01-25T21:38:03+00:00","mainEntityOfPage":{"@id":"https:\/\/jornalfatosenoticias.com.br\/index.php\/2024\/01\/25\/procon-de-vitoria-divulga-pesquisa-de-precos-de-material-escolar\/"},"wordCount":540,"commentCount":0,"publisher":{"@id":"https:\/\/jornalfatosenoticias.com.br\/#organization"},"image":{"@id":"https:\/\/jornalfatosenoticias.com.br\/index.php\/2024\/01\/25\/procon-de-vitoria-divulga-pesquisa-de-precos-de-material-escolar\/#primaryimage"},"thumbnailUrl":"https:\/\/jornalfatosenoticias.com.br\/wp-content\/uploads\/2024\/01\/material-escolar_istockphoto.jpg","keywords":["material escolar","pesquisa de pre\u00e7os","pre\u00e7os","Procon Vit\u00f3ria","volta \u00e0s aulas"],"articleSection":["Economia","Educa\u00e7\u00e3o"],"inLanguage":"pt-BR","potentialAction":[{"@type":"CommentAction","name":"Comment","target":["https:\/\/jornalfatosenoticias.com.br\/index.php\/2024\/01\/25\/procon-de-vitoria-divulga-pesquisa-de-precos-de-material-escolar\/#respond"]}]},{"@type":"WebPage","@id":"https:\/\/jornalfatosenoticias.com.br\/index.php\/2024\/01\/25\/procon-de-vitoria-divulga-pesquisa-de-precos-de-material-escolar\/","url":"https:\/\/jornalfatosenoticias.com.br\/index.php\/2024\/01\/25\/procon-de-vitoria-divulga-pesquisa-de-precos-de-material-escolar\/","name":"Procon de Vit\u00f3ria divulga pesquisa de pre\u00e7os de material escolar - Jornal Fatos e Not\u00edcias","isPartOf":{"@id":"https:\/\/jornalfatosenoticias.com.br\/#website"},"primaryImageOfPage":{"@id":"https:\/\/jornalfatosenoticias.com.br\/index.php\/2024\/01\/25\/procon-de-vitoria-divulga-pesquisa-de-precos-de-material-escolar\/#primaryimage"},"image":{"@id":"https:\/\/jornalfatosenoticias.com.br\/index.php\/2024\/01\/25\/procon-de-vitoria-divulga-pesquisa-de-precos-de-material-escolar\/#primaryimage"},"thumbnailUrl":"https:\/\/jornalfatosenoticias.com.br\/wp-content\/uploads\/2024\/01\/material-escolar_istockphoto.jpg","datePublished":"2024-01-25T21:38:02+00:00","dateModified":"2024-01-25T21:38:03+00:00","breadcrumb":{"@id":"https:\/\/jornalfatosenoticias.com.br\/index.php\/2024\/01\/25\/procon-de-vitoria-divulga-pesquisa-de-precos-de-material-escolar\/#breadcrumb"},"inLanguage":"pt-BR","potentialAction":[{"@type":"ReadAction","target":["https:\/\/jornalfatosenoticias.com.br\/index.php\/2024\/01\/25\/procon-de-vitoria-divulga-pesquisa-de-precos-de-material-escolar\/"]}]},{"@type":"ImageObject","inLanguage":"pt-BR","@id":"https:\/\/jornalfatosenoticias.com.br\/index.php\/2024\/01\/25\/procon-de-vitoria-divulga-pesquisa-de-precos-de-material-escolar\/#primaryimage","url":"https:\/\/jornalfatosenoticias.com.br\/wp-content\/uploads\/2024\/01\/material-escolar_istockphoto.jpg","contentUrl":"https:\/\/jornalfatosenoticias.com.br\/wp-content\/uploads\/2024\/01\/material-escolar_istockphoto.jpg","width":612,"height":408,"caption":"Cost of education. Level view of stationery and back to school office supplies in a miniature shopping cart with sign"},{"@type":"BreadcrumbList","@id":"https:\/\/jornalfatosenoticias.com.br\/index.php\/2024\/01\/25\/procon-de-vitoria-divulga-pesquisa-de-precos-de-material-escolar\/#breadcrumb","itemListElement":[{"@type":"ListItem","position":1,"name":"In\u00edcio","item":"https:\/\/jornalfatosenoticias.com.br\/"},{"@type":"ListItem","position":2,"name":"Procon de Vit\u00f3ria divulga pesquisa de pre\u00e7os de material escolar"}]},{"@type":"WebSite","@id":"https:\/\/jornalfatosenoticias.com.br\/#website","url":"https:\/\/jornalfatosenoticias.com.br\/","name":"Jornal Fatos e Not\u00edcias","description":"Not\u00edcias em geral","publisher":{"@id":"https:\/\/jornalfatosenoticias.com.br\/#organization"},"potentialAction":[{"@type":"SearchAction","target":{"@type":"EntryPoint","urlTemplate":"https:\/\/jornalfatosenoticias.com.br\/?s={search_term_string}"},"query-input":{"@type":"PropertyValueSpecification","valueRequired":true,"valueName":"search_term_string"}}],"inLanguage":"pt-BR"},{"@type":"Organization","@id":"https:\/\/jornalfatosenoticias.com.br\/#organization","name":"Jornal Fatos e Not\u00edcias","url":"https:\/\/jornalfatosenoticias.com.br\/","logo":{"@type":"ImageObject","inLanguage":"pt-BR","@id":"https:\/\/jornalfatosenoticias.com.br\/#\/schema\/logo\/image\/","url":"https:\/\/jornalfatosenoticias.com.br\/wp-content\/uploads\/2020\/02\/logo120.png","contentUrl":"https:\/\/jornalfatosenoticias.com.br\/wp-content\/uploads\/2020\/02\/logo120.png","width":1227,"height":120,"caption":"Jornal Fatos e Not\u00edcias"},"image":{"@id":"https:\/\/jornalfatosenoticias.com.br\/#\/schema\/logo\/image\/"}},{"@type":"Person","@id":"https:\/\/jornalfatosenoticias.com.br\/#\/schema\/person\/d63837fa13ac8666eb9e74e0985d6f81","name":"Luzimara Fernandes","image":{"@type":"ImageObject","inLanguage":"pt-BR","@id":"https:\/\/jornalfatosenoticias.com.br\/#\/schema\/person\/image\/","url":"https:\/\/jornalfatosenoticias.com.br\/wp-content\/uploads\/2025\/05\/EU_portal.jpg","contentUrl":"https:\/\/jornalfatosenoticias.com.br\/wp-content\/uploads\/2025\/05\/EU_portal.jpg","caption":"Luzimara Fernandes"},"description":"Jornalista MTB 2358-ES","sameAs":["https:\/\/jornalfatosenoticias.com.br"],"url":"https:\/\/jornalfatosenoticias.com.br\/index.php\/author\/luzimara\/"}]}},"cc_featured_image_caption":{"caption_text":"(Foto: iStock) ","source_text":"","source_url":""},"jetpack_featured_media_url":"https:\/\/jornalfatosenoticias.com.br\/wp-content\/uploads\/2024\/01\/material-escolar_istockphoto.jpg","_links":{"self":[{"href":"https:\/\/jornalfatosenoticias.com.br\/index.php\/wp-json\/wp\/v2\/posts\/48742","targetHints":{"allow":["GET"]}}],"collection":[{"href":"https:\/\/jornalfatosenoticias.com.br\/index.php\/wp-json\/wp\/v2\/posts"}],"about":[{"href":"https:\/\/jornalfatosenoticias.com.br\/index.php\/wp-json\/wp\/v2\/types\/post"}],"author":[{"embeddable":true,"href":"https:\/\/jornalfatosenoticias.com.br\/index.php\/wp-json\/wp\/v2\/users\/2"}],"replies":[{"embeddable":true,"href":"https:\/\/jornalfatosenoticias.com.br\/index.php\/wp-json\/wp\/v2\/comments?post=48742"}],"version-history":[{"count":0,"href":"https:\/\/jornalfatosenoticias.com.br\/index.php\/wp-json\/wp\/v2\/posts\/48742\/revisions"}],"wp:featuredmedia":[{"embeddable":true,"href":"https:\/\/jornalfatosenoticias.com.br\/index.php\/wp-json\/wp\/v2\/media\/48743"}],"wp:attachment":[{"href":"https:\/\/jornalfatosenoticias.com.br\/index.php\/wp-json\/wp\/v2\/media?parent=48742"}],"wp:term":[{"taxonomy":"category","embeddable":true,"href":"https:\/\/jornalfatosenoticias.com.br\/index.php\/wp-json\/wp\/v2\/categories?post=48742"},{"taxonomy":"post_tag","embeddable":true,"href":"https:\/\/jornalfatosenoticias.com.br\/index.php\/wp-json\/wp\/v2\/tags?post=48742"}],"curies":[{"name":"wp","href":"https:\/\/api.w.org\/{rel}","templated":true}]}}