{"id":48827,"date":"2024-01-29T15:10:47","date_gmt":"2024-01-29T18:10:47","guid":{"rendered":"https:\/\/jornalfatosenoticias.com.br\/?p=48827"},"modified":"2024-01-29T15:10:50","modified_gmt":"2024-01-29T18:10:50","slug":"novo-metodo-promete-diagnosticar-alzheimer-15-anos-antes-dos-sintomas","status":"publish","type":"post","link":"https:\/\/jornalfatosenoticias.com.br\/index.php\/2024\/01\/29\/novo-metodo-promete-diagnosticar-alzheimer-15-anos-antes-dos-sintomas\/","title":{"rendered":"Novo m\u00e9todo promete diagnosticar Alzheimer 15 anos antes dos sintomas"},"content":{"rendered":"\n<p><em><span class=\"has-inline-color has-black-color\">Detec\u00e7\u00e3o precoce pode abrir portas para estrat\u00e9gias de tratamento mais eficazes no gerenciamento dos sintomas do Alzheimer<\/span><\/em><\/p>\n\n\n\n<p><span class=\"has-inline-color has-black-color\">Por <strong><a href=\"https:\/\/gizmodo.uol.com.br\/author\/gabriel-andrade\/\">Gabriel Andrade<\/a><\/strong><\/span><\/p>\n\n\n\n<div class=\"wp-block-image\"><figure class=\"aligncenter size-large\"><img loading=\"lazy\" decoding=\"async\" width=\"729\" height=\"90\" src=\"https:\/\/jornalfatosenoticias.com.br\/wp-content\/uploads\/2020\/02\/Logo_Mizu.png\" alt=\"\" class=\"wp-image-1441\" srcset=\"https:\/\/jornalfatosenoticias.com.br\/wp-content\/uploads\/2020\/02\/Logo_Mizu.png 729w, https:\/\/jornalfatosenoticias.com.br\/wp-content\/uploads\/2020\/02\/Logo_Mizu-300x37.png 300w\" sizes=\"auto, (max-width: 729px) 100vw, 729px\" \/><\/figure><\/div>\n\n\n\n<p>Uma pesquisa, realizada por cientistas da Universidade de Gotemburgo (Su\u00e9cia), aponta que um novo teste sangu\u00edneo pode ser capaz de detectar o Alzheimer at\u00e9 15 anos antes do surgimento dos sintomas.<br>O teste utilizado no novo estudo, denominado ALZpath pTau217, \u00e9 desenvolvido pela empresa ALZpath. O teste est\u00e1 atualmente dispon\u00edvel apenas para <a href=\"https:\/\/gizmodo.uol.com.br\/cuidadores-de-pacientes-com-alzheimer-precisam-de-atencao-e-protecao\/\">uso em pesquisas<\/a>. O exame mede os n\u00edveis da prote\u00edna p-tau217 no sangue. A p-tau217 \u00e9 uma prote\u00edna que indica a presen\u00e7a de doen\u00e7as cerebrais, evidenciando os est\u00e1gios iniciais do dano neuronal causado pelo tau. Agora, os pesquisadores descobriram que este dano pode ocorrer at\u00e9 15 anos antes que os sintomas cl\u00e1ssicos de decl\u00ednio cognitivo ou perda de mem\u00f3ria se manifestem. <br>De acordo com a pesquisa, isso pode representar uma significativa inova\u00e7\u00e3o no diagn\u00f3stico precoce da doen\u00e7a. J\u00e1 que o exame \u00e9 considerado mais barato, em compara\u00e7\u00e3o com os m\u00e9todos diagn\u00f3sticos existentes.<\/p>\n\n\n\n<div class=\"wp-block-image\"><figure class=\"aligncenter size-large is-resized\"><img loading=\"lazy\" decoding=\"async\" src=\"https:\/\/jornalfatosenoticias.com.br\/wp-content\/uploads\/2023\/03\/logo-Panper_portal.jpg\" alt=\"\" class=\"wp-image-40208\" width=\"347\" height=\"240\" srcset=\"https:\/\/jornalfatosenoticias.com.br\/wp-content\/uploads\/2023\/03\/logo-Panper_portal.jpg 400w, https:\/\/jornalfatosenoticias.com.br\/wp-content\/uploads\/2023\/03\/logo-Panper_portal-300x208.jpg 300w\" sizes=\"auto, (max-width: 347px) 100vw, 347px\" \/><\/figure><\/div>\n\n\n\n<p>A detec\u00e7\u00e3o precoce oferecida por esse teste sangu\u00edneo inovador pode abrir portas para estrat\u00e9gias de tratamento mais eficazes no gerenciamento dos sintomas. O estudo sobre o assunto foi publicado nesta semana na revista cient\u00edfica <a href=\"https:\/\/jamanetwork.com\/journals\/jamaneurology\/fullarticle\/2813751\"><em>JAMA Neurology<\/em><\/a>.<br>No Brasil, estima-se que existam 1,2 milh\u00e3o casos de Alzheimer, a maior parte deles ainda sem diagn\u00f3stico. No mundo, cerca de 35,6 milh\u00f5es de pessoas s\u00e3o diagnosticadas com Alzheimer.<\/p>\n\n\n\n<div class=\"wp-block-image\"><figure class=\"aligncenter size-large\"><img decoding=\"async\" src=\"https:\/\/jornalfatosenoticias.com.br\/wp-content\/uploads\/2020\/02\/logo_esteio.jpg\" alt=\"\" class=\"wp-image-1214\"\/><\/figure><\/div>\n\n\n\n<p><strong><span class=\"has-inline-color has-black-color\">Como a pesquisa sobre Alzheimer foi feita<br><\/span><\/strong>Pesquisadores da Universidade de Gotemburgo conduziram an\u00e1lises detalhadas de dados de quase 800 participantes com idades de 50, 60 e 70 anos. Integrando informa\u00e7\u00f5es do teste sangu\u00edneo e de testes laboratoriais, o estudo comparou a precis\u00e3o do exame com m\u00e9todos convencionais, como pun\u00e7\u00f5es lombares e tomografias por emiss\u00e3o de p\u00f3sitrons (PET, na sigla em ingl\u00eas).<\/p>\n\n\n\n<div class=\"wp-block-image\"><figure class=\"aligncenter size-large is-resized\"><img loading=\"lazy\" decoding=\"async\" src=\"https:\/\/jornalfatosenoticias.com.br\/wp-content\/uploads\/2020\/02\/nova-logo-Marquetti.jpg\" alt=\"\" class=\"wp-image-22331\" width=\"335\" height=\"225\" srcset=\"https:\/\/jornalfatosenoticias.com.br\/wp-content\/uploads\/2020\/02\/nova-logo-Marquetti.jpg 643w, https:\/\/jornalfatosenoticias.com.br\/wp-content\/uploads\/2020\/02\/nova-logo-Marquetti-300x202.jpg 300w\" sizes=\"auto, (max-width: 335px) 100vw, 335px\" \/><\/figure><\/div>\n\n\n\n<p>Assim, os resultados destacaram uma taxa de precis\u00e3o superior a 95% na categoriza\u00e7\u00e3o de indiv\u00edduos como propensos, intermedi\u00e1rios ou improv\u00e1veis de desenvolver Alzheimer. Al\u00e9m disso, a possibilidade de incorporar o teste sangu\u00edneo em triagens de rotina para indiv\u00edduos acima de uma certa faixa et\u00e1ria poderia espelhar a pr\u00e1tica atual de monitorar o colesterol para prevenir doen\u00e7as card\u00edacas.<\/p>\n\n\n\n<div class=\"wp-block-image\"><figure class=\"aligncenter size-large is-resized\"><img loading=\"lazy\" decoding=\"async\" src=\"https:\/\/jornalfatosenoticias.com.br\/wp-content\/uploads\/2023\/09\/vetorvix1024_1.jpg\" alt=\"\" class=\"wp-image-44868\" width=\"513\" height=\"136\" srcset=\"https:\/\/jornalfatosenoticias.com.br\/wp-content\/uploads\/2023\/09\/vetorvix1024_1.jpg 1024w, https:\/\/jornalfatosenoticias.com.br\/wp-content\/uploads\/2023\/09\/vetorvix1024_1-300x80.jpg 300w, https:\/\/jornalfatosenoticias.com.br\/wp-content\/uploads\/2023\/09\/vetorvix1024_1-768x205.jpg 768w\" sizes=\"auto, (max-width: 513px) 100vw, 513px\" \/><\/figure><\/div>\n\n\n\n<p>Os pesquisadores concluem afirmando que a simplicidade e alta precis\u00e3o do teste sangu\u00edneo oferecem uma promissora solu\u00e7\u00e3o para superar essas limita\u00e7\u00f5es. Proporcionando uma detec\u00e7\u00e3o precoce mais acess\u00edvel a uma popula\u00e7\u00e3o mais ampla.<\/p>\n\n\n\n<p><strong><em>Fonte: <a href=\"https:\/\/gizmodo.uol.com.br\/novo-metodo-promete-diagnosticar-alzheimer-15-anos-antes-dos-sintomas\/\">Giz Brasil<\/a><\/em><\/strong><\/p>\n","protected":false},"excerpt":{"rendered":"<p>Detec\u00e7\u00e3o precoce pode abrir portas para estrat\u00e9gias de tratamento mais eficazes no gerenciamento dos sintomas do Alzheimer Por Gabriel Andrade Uma pesquisa, realizada por cientistas da Universidade de Gotemburgo (Su\u00e9cia), aponta que um novo teste sangu\u00edneo pode ser capaz de detectar o Alzheimer at\u00e9 15 anos antes do surgimento dos sintomas.O teste utilizado no novo [&hellip;]<\/p>\n","protected":false},"author":2,"featured_media":48828,"comment_status":"open","ping_status":"open","sticky":false,"template":"","format":"standard","meta":{"footnotes":""},"categories":[11],"tags":[2501,717,19379],"class_list":["post-48827","post","type-post","status-publish","format-standard","has-post-thumbnail","hentry","category-saude","tag-alzheimer","tag-sintomas","tag-tratamento-para-o-alzheimer"],"yoast_head":"<!-- This site is optimized with the Yoast SEO plugin v26.5 - https:\/\/yoast.com\/wordpress\/plugins\/seo\/ -->\n<title>Novo m\u00e9todo promete diagnosticar Alzheimer 15 anos antes dos sintomas - Jornal Fatos e Not\u00edcias<\/title>\n<meta name=\"robots\" content=\"index, follow, max-snippet:-1, max-image-preview:large, max-video-preview:-1\" \/>\n<link rel=\"canonical\" href=\"https:\/\/jornalfatosenoticias.com.br\/index.php\/2024\/01\/29\/novo-metodo-promete-diagnosticar-alzheimer-15-anos-antes-dos-sintomas\/\" \/>\n<meta property=\"og:locale\" content=\"pt_BR\" \/>\n<meta property=\"og:type\" content=\"article\" \/>\n<meta property=\"og:title\" content=\"Novo m\u00e9todo promete diagnosticar Alzheimer 15 anos antes dos sintomas - Jornal Fatos e Not\u00edcias\" \/>\n<meta property=\"og:description\" content=\"Detec\u00e7\u00e3o precoce pode abrir portas para estrat\u00e9gias de tratamento mais eficazes no gerenciamento dos sintomas do Alzheimer Por Gabriel Andrade Uma pesquisa, realizada por cientistas da Universidade de Gotemburgo (Su\u00e9cia), aponta que um novo teste sangu\u00edneo pode ser capaz de detectar o Alzheimer at\u00e9 15 anos antes do surgimento dos sintomas.O teste utilizado no novo [&hellip;]\" \/>\n<meta property=\"og:url\" content=\"https:\/\/jornalfatosenoticias.com.br\/index.php\/2024\/01\/29\/novo-metodo-promete-diagnosticar-alzheimer-15-anos-antes-dos-sintomas\/\" \/>\n<meta property=\"og:site_name\" content=\"Jornal Fatos e Not\u00edcias\" \/>\n<meta property=\"article:published_time\" content=\"2024-01-29T18:10:47+00:00\" \/>\n<meta property=\"article:modified_time\" content=\"2024-01-29T18:10:50+00:00\" \/>\n<meta property=\"og:image\" content=\"https:\/\/jornalfatosenoticias.com.br\/wp-content\/uploads\/2024\/01\/ALZHEIMER_istock.jpg\" \/>\n\t<meta property=\"og:image:width\" content=\"612\" \/>\n\t<meta property=\"og:image:height\" content=\"408\" \/>\n\t<meta property=\"og:image:type\" content=\"image\/jpeg\" \/>\n<meta name=\"author\" content=\"Luzimara Fernandes\" \/>\n<meta name=\"twitter:card\" content=\"summary_large_image\" \/>\n<meta name=\"twitter:label1\" content=\"Escrito por\" \/>\n\t<meta name=\"twitter:data1\" content=\"Luzimara Fernandes\" \/>\n\t<meta name=\"twitter:label2\" content=\"Est. tempo de leitura\" \/>\n\t<meta name=\"twitter:data2\" content=\"2 minutos\" \/>\n<script type=\"application\/ld+json\" class=\"yoast-schema-graph\">{\"@context\":\"https:\/\/schema.org\",\"@graph\":[{\"@type\":\"Article\",\"@id\":\"https:\/\/jornalfatosenoticias.com.br\/index.php\/2024\/01\/29\/novo-metodo-promete-diagnosticar-alzheimer-15-anos-antes-dos-sintomas\/#article\",\"isPartOf\":{\"@id\":\"https:\/\/jornalfatosenoticias.com.br\/index.php\/2024\/01\/29\/novo-metodo-promete-diagnosticar-alzheimer-15-anos-antes-dos-sintomas\/\"},\"author\":{\"name\":\"Luzimara Fernandes\",\"@id\":\"https:\/\/jornalfatosenoticias.com.br\/#\/schema\/person\/d63837fa13ac8666eb9e74e0985d6f81\"},\"headline\":\"Novo m\u00e9todo promete diagnosticar Alzheimer 15 anos antes dos sintomas\",\"datePublished\":\"2024-01-29T18:10:47+00:00\",\"dateModified\":\"2024-01-29T18:10:50+00:00\",\"mainEntityOfPage\":{\"@id\":\"https:\/\/jornalfatosenoticias.com.br\/index.php\/2024\/01\/29\/novo-metodo-promete-diagnosticar-alzheimer-15-anos-antes-dos-sintomas\/\"},\"wordCount\":437,\"commentCount\":0,\"publisher\":{\"@id\":\"https:\/\/jornalfatosenoticias.com.br\/#organization\"},\"image\":{\"@id\":\"https:\/\/jornalfatosenoticias.com.br\/index.php\/2024\/01\/29\/novo-metodo-promete-diagnosticar-alzheimer-15-anos-antes-dos-sintomas\/#primaryimage\"},\"thumbnailUrl\":\"https:\/\/jornalfatosenoticias.com.br\/wp-content\/uploads\/2024\/01\/ALZHEIMER_istock.jpg\",\"keywords\":[\"Alzheimer\",\"sintomas\",\"tratamento para o Alzheimer\"],\"articleSection\":[\"Sa\u00fade\"],\"inLanguage\":\"pt-BR\",\"potentialAction\":[{\"@type\":\"CommentAction\",\"name\":\"Comment\",\"target\":[\"https:\/\/jornalfatosenoticias.com.br\/index.php\/2024\/01\/29\/novo-metodo-promete-diagnosticar-alzheimer-15-anos-antes-dos-sintomas\/#respond\"]}]},{\"@type\":\"WebPage\",\"@id\":\"https:\/\/jornalfatosenoticias.com.br\/index.php\/2024\/01\/29\/novo-metodo-promete-diagnosticar-alzheimer-15-anos-antes-dos-sintomas\/\",\"url\":\"https:\/\/jornalfatosenoticias.com.br\/index.php\/2024\/01\/29\/novo-metodo-promete-diagnosticar-alzheimer-15-anos-antes-dos-sintomas\/\",\"name\":\"Novo m\u00e9todo promete diagnosticar Alzheimer 15 anos antes dos sintomas - Jornal Fatos e Not\u00edcias\",\"isPartOf\":{\"@id\":\"https:\/\/jornalfatosenoticias.com.br\/#website\"},\"primaryImageOfPage\":{\"@id\":\"https:\/\/jornalfatosenoticias.com.br\/index.php\/2024\/01\/29\/novo-metodo-promete-diagnosticar-alzheimer-15-anos-antes-dos-sintomas\/#primaryimage\"},\"image\":{\"@id\":\"https:\/\/jornalfatosenoticias.com.br\/index.php\/2024\/01\/29\/novo-metodo-promete-diagnosticar-alzheimer-15-anos-antes-dos-sintomas\/#primaryimage\"},\"thumbnailUrl\":\"https:\/\/jornalfatosenoticias.com.br\/wp-content\/uploads\/2024\/01\/ALZHEIMER_istock.jpg\",\"datePublished\":\"2024-01-29T18:10:47+00:00\",\"dateModified\":\"2024-01-29T18:10:50+00:00\",\"breadcrumb\":{\"@id\":\"https:\/\/jornalfatosenoticias.com.br\/index.php\/2024\/01\/29\/novo-metodo-promete-diagnosticar-alzheimer-15-anos-antes-dos-sintomas\/#breadcrumb\"},\"inLanguage\":\"pt-BR\",\"potentialAction\":[{\"@type\":\"ReadAction\",\"target\":[\"https:\/\/jornalfatosenoticias.com.br\/index.php\/2024\/01\/29\/novo-metodo-promete-diagnosticar-alzheimer-15-anos-antes-dos-sintomas\/\"]}]},{\"@type\":\"ImageObject\",\"inLanguage\":\"pt-BR\",\"@id\":\"https:\/\/jornalfatosenoticias.com.br\/index.php\/2024\/01\/29\/novo-metodo-promete-diagnosticar-alzheimer-15-anos-antes-dos-sintomas\/#primaryimage\",\"url\":\"https:\/\/jornalfatosenoticias.com.br\/wp-content\/uploads\/2024\/01\/ALZHEIMER_istock.jpg\",\"contentUrl\":\"https:\/\/jornalfatosenoticias.com.br\/wp-content\/uploads\/2024\/01\/ALZHEIMER_istock.jpg\",\"width\":612,\"height\":408,\"caption\":\"Doctor, hands and blood tube for covid test or science research, experiment or results at the laboratory. Scientist hand holding DNA sample to cure illness, diseases or corona virus for forensic lab\"},{\"@type\":\"BreadcrumbList\",\"@id\":\"https:\/\/jornalfatosenoticias.com.br\/index.php\/2024\/01\/29\/novo-metodo-promete-diagnosticar-alzheimer-15-anos-antes-dos-sintomas\/#breadcrumb\",\"itemListElement\":[{\"@type\":\"ListItem\",\"position\":1,\"name\":\"In\u00edcio\",\"item\":\"https:\/\/jornalfatosenoticias.com.br\/\"},{\"@type\":\"ListItem\",\"position\":2,\"name\":\"Novo m\u00e9todo promete diagnosticar Alzheimer 15 anos antes dos sintomas\"}]},{\"@type\":\"WebSite\",\"@id\":\"https:\/\/jornalfatosenoticias.com.br\/#website\",\"url\":\"https:\/\/jornalfatosenoticias.com.br\/\",\"name\":\"Jornal Fatos e Not\u00edcias\",\"description\":\"Not\u00edcias em geral\",\"publisher\":{\"@id\":\"https:\/\/jornalfatosenoticias.com.br\/#organization\"},\"potentialAction\":[{\"@type\":\"SearchAction\",\"target\":{\"@type\":\"EntryPoint\",\"urlTemplate\":\"https:\/\/jornalfatosenoticias.com.br\/?s={search_term_string}\"},\"query-input\":{\"@type\":\"PropertyValueSpecification\",\"valueRequired\":true,\"valueName\":\"search_term_string\"}}],\"inLanguage\":\"pt-BR\"},{\"@type\":\"Organization\",\"@id\":\"https:\/\/jornalfatosenoticias.com.br\/#organization\",\"name\":\"Jornal Fatos e Not\u00edcias\",\"url\":\"https:\/\/jornalfatosenoticias.com.br\/\",\"logo\":{\"@type\":\"ImageObject\",\"inLanguage\":\"pt-BR\",\"@id\":\"https:\/\/jornalfatosenoticias.com.br\/#\/schema\/logo\/image\/\",\"url\":\"https:\/\/jornalfatosenoticias.com.br\/wp-content\/uploads\/2020\/02\/logo120.png\",\"contentUrl\":\"https:\/\/jornalfatosenoticias.com.br\/wp-content\/uploads\/2020\/02\/logo120.png\",\"width\":1227,\"height\":120,\"caption\":\"Jornal Fatos e Not\u00edcias\"},\"image\":{\"@id\":\"https:\/\/jornalfatosenoticias.com.br\/#\/schema\/logo\/image\/\"}},{\"@type\":\"Person\",\"@id\":\"https:\/\/jornalfatosenoticias.com.br\/#\/schema\/person\/d63837fa13ac8666eb9e74e0985d6f81\",\"name\":\"Luzimara Fernandes\",\"image\":{\"@type\":\"ImageObject\",\"inLanguage\":\"pt-BR\",\"@id\":\"https:\/\/jornalfatosenoticias.com.br\/#\/schema\/person\/image\/\",\"url\":\"https:\/\/jornalfatosenoticias.com.br\/wp-content\/uploads\/2025\/05\/EU_portal.jpg\",\"contentUrl\":\"https:\/\/jornalfatosenoticias.com.br\/wp-content\/uploads\/2025\/05\/EU_portal.jpg\",\"caption\":\"Luzimara Fernandes\"},\"description\":\"Jornalista MTB 2358-ES\",\"sameAs\":[\"https:\/\/jornalfatosenoticias.com.br\"],\"url\":\"https:\/\/jornalfatosenoticias.com.br\/index.php\/author\/luzimara\/\"}]}<\/script>\n<!-- \/ Yoast SEO plugin. -->","yoast_head_json":{"title":"Novo m\u00e9todo promete diagnosticar Alzheimer 15 anos antes dos sintomas - Jornal Fatos e Not\u00edcias","robots":{"index":"index","follow":"follow","max-snippet":"max-snippet:-1","max-image-preview":"max-image-preview:large","max-video-preview":"max-video-preview:-1"},"canonical":"https:\/\/jornalfatosenoticias.com.br\/index.php\/2024\/01\/29\/novo-metodo-promete-diagnosticar-alzheimer-15-anos-antes-dos-sintomas\/","og_locale":"pt_BR","og_type":"article","og_title":"Novo m\u00e9todo promete diagnosticar Alzheimer 15 anos antes dos sintomas - Jornal Fatos e Not\u00edcias","og_description":"Detec\u00e7\u00e3o precoce pode abrir portas para estrat\u00e9gias de tratamento mais eficazes no gerenciamento dos sintomas do Alzheimer Por Gabriel Andrade Uma pesquisa, realizada por cientistas da Universidade de Gotemburgo (Su\u00e9cia), aponta que um novo teste sangu\u00edneo pode ser capaz de detectar o Alzheimer at\u00e9 15 anos antes do surgimento dos sintomas.O teste utilizado no novo [&hellip;]","og_url":"https:\/\/jornalfatosenoticias.com.br\/index.php\/2024\/01\/29\/novo-metodo-promete-diagnosticar-alzheimer-15-anos-antes-dos-sintomas\/","og_site_name":"Jornal Fatos e Not\u00edcias","article_published_time":"2024-01-29T18:10:47+00:00","article_modified_time":"2024-01-29T18:10:50+00:00","og_image":[{"width":612,"height":408,"url":"https:\/\/jornalfatosenoticias.com.br\/wp-content\/uploads\/2024\/01\/ALZHEIMER_istock.jpg","type":"image\/jpeg"}],"author":"Luzimara Fernandes","twitter_card":"summary_large_image","twitter_misc":{"Escrito por":"Luzimara Fernandes","Est. tempo de leitura":"2 minutos"},"schema":{"@context":"https:\/\/schema.org","@graph":[{"@type":"Article","@id":"https:\/\/jornalfatosenoticias.com.br\/index.php\/2024\/01\/29\/novo-metodo-promete-diagnosticar-alzheimer-15-anos-antes-dos-sintomas\/#article","isPartOf":{"@id":"https:\/\/jornalfatosenoticias.com.br\/index.php\/2024\/01\/29\/novo-metodo-promete-diagnosticar-alzheimer-15-anos-antes-dos-sintomas\/"},"author":{"name":"Luzimara Fernandes","@id":"https:\/\/jornalfatosenoticias.com.br\/#\/schema\/person\/d63837fa13ac8666eb9e74e0985d6f81"},"headline":"Novo m\u00e9todo promete diagnosticar Alzheimer 15 anos antes dos sintomas","datePublished":"2024-01-29T18:10:47+00:00","dateModified":"2024-01-29T18:10:50+00:00","mainEntityOfPage":{"@id":"https:\/\/jornalfatosenoticias.com.br\/index.php\/2024\/01\/29\/novo-metodo-promete-diagnosticar-alzheimer-15-anos-antes-dos-sintomas\/"},"wordCount":437,"commentCount":0,"publisher":{"@id":"https:\/\/jornalfatosenoticias.com.br\/#organization"},"image":{"@id":"https:\/\/jornalfatosenoticias.com.br\/index.php\/2024\/01\/29\/novo-metodo-promete-diagnosticar-alzheimer-15-anos-antes-dos-sintomas\/#primaryimage"},"thumbnailUrl":"https:\/\/jornalfatosenoticias.com.br\/wp-content\/uploads\/2024\/01\/ALZHEIMER_istock.jpg","keywords":["Alzheimer","sintomas","tratamento para o Alzheimer"],"articleSection":["Sa\u00fade"],"inLanguage":"pt-BR","potentialAction":[{"@type":"CommentAction","name":"Comment","target":["https:\/\/jornalfatosenoticias.com.br\/index.php\/2024\/01\/29\/novo-metodo-promete-diagnosticar-alzheimer-15-anos-antes-dos-sintomas\/#respond"]}]},{"@type":"WebPage","@id":"https:\/\/jornalfatosenoticias.com.br\/index.php\/2024\/01\/29\/novo-metodo-promete-diagnosticar-alzheimer-15-anos-antes-dos-sintomas\/","url":"https:\/\/jornalfatosenoticias.com.br\/index.php\/2024\/01\/29\/novo-metodo-promete-diagnosticar-alzheimer-15-anos-antes-dos-sintomas\/","name":"Novo m\u00e9todo promete diagnosticar Alzheimer 15 anos antes dos sintomas - Jornal Fatos e Not\u00edcias","isPartOf":{"@id":"https:\/\/jornalfatosenoticias.com.br\/#website"},"primaryImageOfPage":{"@id":"https:\/\/jornalfatosenoticias.com.br\/index.php\/2024\/01\/29\/novo-metodo-promete-diagnosticar-alzheimer-15-anos-antes-dos-sintomas\/#primaryimage"},"image":{"@id":"https:\/\/jornalfatosenoticias.com.br\/index.php\/2024\/01\/29\/novo-metodo-promete-diagnosticar-alzheimer-15-anos-antes-dos-sintomas\/#primaryimage"},"thumbnailUrl":"https:\/\/jornalfatosenoticias.com.br\/wp-content\/uploads\/2024\/01\/ALZHEIMER_istock.jpg","datePublished":"2024-01-29T18:10:47+00:00","dateModified":"2024-01-29T18:10:50+00:00","breadcrumb":{"@id":"https:\/\/jornalfatosenoticias.com.br\/index.php\/2024\/01\/29\/novo-metodo-promete-diagnosticar-alzheimer-15-anos-antes-dos-sintomas\/#breadcrumb"},"inLanguage":"pt-BR","potentialAction":[{"@type":"ReadAction","target":["https:\/\/jornalfatosenoticias.com.br\/index.php\/2024\/01\/29\/novo-metodo-promete-diagnosticar-alzheimer-15-anos-antes-dos-sintomas\/"]}]},{"@type":"ImageObject","inLanguage":"pt-BR","@id":"https:\/\/jornalfatosenoticias.com.br\/index.php\/2024\/01\/29\/novo-metodo-promete-diagnosticar-alzheimer-15-anos-antes-dos-sintomas\/#primaryimage","url":"https:\/\/jornalfatosenoticias.com.br\/wp-content\/uploads\/2024\/01\/ALZHEIMER_istock.jpg","contentUrl":"https:\/\/jornalfatosenoticias.com.br\/wp-content\/uploads\/2024\/01\/ALZHEIMER_istock.jpg","width":612,"height":408,"caption":"Doctor, hands and blood tube for covid test or science research, experiment or results at the laboratory. Scientist hand holding DNA sample to cure illness, diseases or corona virus for forensic lab"},{"@type":"BreadcrumbList","@id":"https:\/\/jornalfatosenoticias.com.br\/index.php\/2024\/01\/29\/novo-metodo-promete-diagnosticar-alzheimer-15-anos-antes-dos-sintomas\/#breadcrumb","itemListElement":[{"@type":"ListItem","position":1,"name":"In\u00edcio","item":"https:\/\/jornalfatosenoticias.com.br\/"},{"@type":"ListItem","position":2,"name":"Novo m\u00e9todo promete diagnosticar Alzheimer 15 anos antes dos sintomas"}]},{"@type":"WebSite","@id":"https:\/\/jornalfatosenoticias.com.br\/#website","url":"https:\/\/jornalfatosenoticias.com.br\/","name":"Jornal Fatos e Not\u00edcias","description":"Not\u00edcias em geral","publisher":{"@id":"https:\/\/jornalfatosenoticias.com.br\/#organization"},"potentialAction":[{"@type":"SearchAction","target":{"@type":"EntryPoint","urlTemplate":"https:\/\/jornalfatosenoticias.com.br\/?s={search_term_string}"},"query-input":{"@type":"PropertyValueSpecification","valueRequired":true,"valueName":"search_term_string"}}],"inLanguage":"pt-BR"},{"@type":"Organization","@id":"https:\/\/jornalfatosenoticias.com.br\/#organization","name":"Jornal Fatos e Not\u00edcias","url":"https:\/\/jornalfatosenoticias.com.br\/","logo":{"@type":"ImageObject","inLanguage":"pt-BR","@id":"https:\/\/jornalfatosenoticias.com.br\/#\/schema\/logo\/image\/","url":"https:\/\/jornalfatosenoticias.com.br\/wp-content\/uploads\/2020\/02\/logo120.png","contentUrl":"https:\/\/jornalfatosenoticias.com.br\/wp-content\/uploads\/2020\/02\/logo120.png","width":1227,"height":120,"caption":"Jornal Fatos e Not\u00edcias"},"image":{"@id":"https:\/\/jornalfatosenoticias.com.br\/#\/schema\/logo\/image\/"}},{"@type":"Person","@id":"https:\/\/jornalfatosenoticias.com.br\/#\/schema\/person\/d63837fa13ac8666eb9e74e0985d6f81","name":"Luzimara Fernandes","image":{"@type":"ImageObject","inLanguage":"pt-BR","@id":"https:\/\/jornalfatosenoticias.com.br\/#\/schema\/person\/image\/","url":"https:\/\/jornalfatosenoticias.com.br\/wp-content\/uploads\/2025\/05\/EU_portal.jpg","contentUrl":"https:\/\/jornalfatosenoticias.com.br\/wp-content\/uploads\/2025\/05\/EU_portal.jpg","caption":"Luzimara Fernandes"},"description":"Jornalista MTB 2358-ES","sameAs":["https:\/\/jornalfatosenoticias.com.br"],"url":"https:\/\/jornalfatosenoticias.com.br\/index.php\/author\/luzimara\/"}]}},"cc_featured_image_caption":{"caption_text":"(Foto: iStock)","source_text":"","source_url":""},"jetpack_featured_media_url":"https:\/\/jornalfatosenoticias.com.br\/wp-content\/uploads\/2024\/01\/ALZHEIMER_istock.jpg","_links":{"self":[{"href":"https:\/\/jornalfatosenoticias.com.br\/index.php\/wp-json\/wp\/v2\/posts\/48827","targetHints":{"allow":["GET"]}}],"collection":[{"href":"https:\/\/jornalfatosenoticias.com.br\/index.php\/wp-json\/wp\/v2\/posts"}],"about":[{"href":"https:\/\/jornalfatosenoticias.com.br\/index.php\/wp-json\/wp\/v2\/types\/post"}],"author":[{"embeddable":true,"href":"https:\/\/jornalfatosenoticias.com.br\/index.php\/wp-json\/wp\/v2\/users\/2"}],"replies":[{"embeddable":true,"href":"https:\/\/jornalfatosenoticias.com.br\/index.php\/wp-json\/wp\/v2\/comments?post=48827"}],"version-history":[{"count":0,"href":"https:\/\/jornalfatosenoticias.com.br\/index.php\/wp-json\/wp\/v2\/posts\/48827\/revisions"}],"wp:featuredmedia":[{"embeddable":true,"href":"https:\/\/jornalfatosenoticias.com.br\/index.php\/wp-json\/wp\/v2\/media\/48828"}],"wp:attachment":[{"href":"https:\/\/jornalfatosenoticias.com.br\/index.php\/wp-json\/wp\/v2\/media?parent=48827"}],"wp:term":[{"taxonomy":"category","embeddable":true,"href":"https:\/\/jornalfatosenoticias.com.br\/index.php\/wp-json\/wp\/v2\/categories?post=48827"},{"taxonomy":"post_tag","embeddable":true,"href":"https:\/\/jornalfatosenoticias.com.br\/index.php\/wp-json\/wp\/v2\/tags?post=48827"}],"curies":[{"name":"wp","href":"https:\/\/api.w.org\/{rel}","templated":true}]}}