{"id":4884,"date":"2020-05-26T10:37:58","date_gmt":"2020-05-26T13:37:58","guid":{"rendered":"https:\/\/jornalfatosenoticias.com.br\/?p=4884"},"modified":"2020-05-26T10:38:01","modified_gmt":"2020-05-26T13:38:01","slug":"pf-faz-operacao-na-residencia-oficial-do-governador-do-rio","status":"publish","type":"post","link":"https:\/\/jornalfatosenoticias.com.br\/index.php\/2020\/05\/26\/pf-faz-operacao-na-residencia-oficial-do-governador-do-rio\/","title":{"rendered":"PF faz opera\u00e7\u00e3o na resid\u00eancia oficial do governador do Rio"},"content":{"rendered":"\n<h6 class=\"wp-block-heading\"><em>H\u00e1 equipes tamb\u00e9m em outros pontos da cidade<\/em><\/h6>\n\n\n\n<p>Policiais federais est\u00e3o neste momento no Pal\u00e1cio Laranjeiras, resid\u00eancia oficial do governador do Rio de Janeiro, Wilson Witzel. H\u00e1 equipes tamb\u00e9m em outros pontos da cidade.<br>De acordo com a Pol\u00edcia Federal (PF), a Opera\u00e7\u00e3o Placebo tem por objetivo apurar ind\u00edcios de desvios de recursos destinados ao combate \u00e0 pandemia do novo coronav\u00edrus (covid-19) no estado do Rio.<br>Est\u00e3o sendo cumpridos 12 mandados de busca e apreens\u00e3o, expedidos pelo Superior Tribunal de Justi\u00e7a (STJ), nos estados de S\u00e3o Paulo e do Rio de Janeiro.<br>As investiga\u00e7\u00f5es indicam a exist\u00eancia de um esquema de corrup\u00e7\u00e3o envolvendo uma organiza\u00e7\u00e3o social contratada para a instala\u00e7\u00e3o de hospitais de campanha e servidores da c\u00fapula da gest\u00e3o do sistema de sa\u00fade do estado do Rio.<\/p>\n\n\n\n<p><em>*Mat\u00e9ria alterada \u00e0s 7h40 de hoje (26) para atualiza\u00e7\u00e3o de informa\u00e7\u00f5es<\/em><\/p>\n\n\n\n<p><strong><em>Fonte: <a href=\"https:\/\/agenciabrasil.ebc.com.br\/geral\/noticia\/2020-05\/pf-faz-operacao-na-residencia-oficial-do-governador-do-rio\">Ag\u00eancia Brasil<\/a><\/em><\/strong><\/p>\n","protected":false},"excerpt":{"rendered":"<p>H\u00e1 equipes tamb\u00e9m em outros pontos da cidade Policiais federais est\u00e3o neste momento no Pal\u00e1cio Laranjeiras, resid\u00eancia oficial do governador do Rio de Janeiro, Wilson Witzel. H\u00e1 equipes tamb\u00e9m em outros pontos da cidade.De acordo com a Pol\u00edcia Federal (PF), a Opera\u00e7\u00e3o Placebo tem por objetivo apurar ind\u00edcios de desvios de recursos destinados ao combate [&hellip;]<\/p>\n","protected":false},"author":2,"featured_media":4885,"comment_status":"open","ping_status":"open","sticky":false,"template":"","format":"standard","meta":{"footnotes":""},"categories":[5],"tags":[2906,2905,2903,2904,2146,289],"class_list":["post-4884","post","type-post","status-publish","format-standard","has-post-thumbnail","hentry","category-geral","tag-desvios-de-recursos","tag-mandados","tag-operacao","tag-palacio-laranjeiras","tag-policia-federal","tag-rio-de-janeiro"],"yoast_head":"<!-- This site is optimized with the Yoast SEO plugin v26.5 - https:\/\/yoast.com\/wordpress\/plugins\/seo\/ -->\n<title>PF faz opera\u00e7\u00e3o na resid\u00eancia oficial do governador do Rio - Jornal Fatos e Not\u00edcias<\/title>\n<meta name=\"robots\" content=\"index, follow, max-snippet:-1, max-image-preview:large, max-video-preview:-1\" \/>\n<link rel=\"canonical\" href=\"https:\/\/jornalfatosenoticias.com.br\/index.php\/2020\/05\/26\/pf-faz-operacao-na-residencia-oficial-do-governador-do-rio\/\" \/>\n<meta property=\"og:locale\" content=\"pt_BR\" \/>\n<meta property=\"og:type\" content=\"article\" \/>\n<meta property=\"og:title\" content=\"PF faz opera\u00e7\u00e3o na resid\u00eancia oficial do governador do Rio - Jornal Fatos e Not\u00edcias\" \/>\n<meta property=\"og:description\" content=\"H\u00e1 equipes tamb\u00e9m em outros pontos da cidade Policiais federais est\u00e3o neste momento no Pal\u00e1cio Laranjeiras, resid\u00eancia oficial do governador do Rio de Janeiro, Wilson Witzel. H\u00e1 equipes tamb\u00e9m em outros pontos da cidade.De acordo com a Pol\u00edcia Federal (PF), a Opera\u00e7\u00e3o Placebo tem por objetivo apurar ind\u00edcios de desvios de recursos destinados ao combate [&hellip;]\" \/>\n<meta property=\"og:url\" content=\"https:\/\/jornalfatosenoticias.com.br\/index.php\/2020\/05\/26\/pf-faz-operacao-na-residencia-oficial-do-governador-do-rio\/\" \/>\n<meta property=\"og:site_name\" content=\"Jornal Fatos e Not\u00edcias\" \/>\n<meta property=\"article:published_time\" content=\"2020-05-26T13:37:58+00:00\" \/>\n<meta property=\"article:modified_time\" content=\"2020-05-26T13:38:01+00:00\" \/>\n<meta property=\"og:image\" content=\"https:\/\/jornalfatosenoticias.com.br\/wp-content\/uploads\/2020\/05\/palacio-laranjeiras-RJ.jpg\" \/>\n\t<meta property=\"og:image:width\" content=\"1000\" \/>\n\t<meta property=\"og:image:height\" content=\"598\" \/>\n\t<meta property=\"og:image:type\" content=\"image\/jpeg\" \/>\n<meta name=\"author\" content=\"Luzimara Fernandes\" \/>\n<meta name=\"twitter:card\" content=\"summary_large_image\" \/>\n<meta name=\"twitter:label1\" content=\"Escrito por\" \/>\n\t<meta name=\"twitter:data1\" content=\"Luzimara Fernandes\" \/>\n\t<meta name=\"twitter:label2\" content=\"Est. tempo de leitura\" \/>\n\t<meta name=\"twitter:data2\" content=\"1 minuto\" \/>\n<script type=\"application\/ld+json\" class=\"yoast-schema-graph\">{\"@context\":\"https:\/\/schema.org\",\"@graph\":[{\"@type\":\"Article\",\"@id\":\"https:\/\/jornalfatosenoticias.com.br\/index.php\/2020\/05\/26\/pf-faz-operacao-na-residencia-oficial-do-governador-do-rio\/#article\",\"isPartOf\":{\"@id\":\"https:\/\/jornalfatosenoticias.com.br\/index.php\/2020\/05\/26\/pf-faz-operacao-na-residencia-oficial-do-governador-do-rio\/\"},\"author\":{\"name\":\"Luzimara Fernandes\",\"@id\":\"https:\/\/jornalfatosenoticias.com.br\/#\/schema\/person\/d63837fa13ac8666eb9e74e0985d6f81\"},\"headline\":\"PF faz opera\u00e7\u00e3o na resid\u00eancia oficial do governador do Rio\",\"datePublished\":\"2020-05-26T13:37:58+00:00\",\"dateModified\":\"2020-05-26T13:38:01+00:00\",\"mainEntityOfPage\":{\"@id\":\"https:\/\/jornalfatosenoticias.com.br\/index.php\/2020\/05\/26\/pf-faz-operacao-na-residencia-oficial-do-governador-do-rio\/\"},\"wordCount\":176,\"commentCount\":0,\"publisher\":{\"@id\":\"https:\/\/jornalfatosenoticias.com.br\/#organization\"},\"image\":{\"@id\":\"https:\/\/jornalfatosenoticias.com.br\/index.php\/2020\/05\/26\/pf-faz-operacao-na-residencia-oficial-do-governador-do-rio\/#primaryimage\"},\"thumbnailUrl\":\"https:\/\/jornalfatosenoticias.com.br\/wp-content\/uploads\/2020\/05\/palacio-laranjeiras-RJ.jpg\",\"keywords\":[\"desvios de recursos\",\"mandados\",\"opera\u00e7\u00e3o\",\"Pal\u00e1cio Laranjeiras\",\"Pol\u00edcia Federal\",\"Rio de Janeiro\"],\"articleSection\":[\"Geral\"],\"inLanguage\":\"pt-BR\",\"potentialAction\":[{\"@type\":\"CommentAction\",\"name\":\"Comment\",\"target\":[\"https:\/\/jornalfatosenoticias.com.br\/index.php\/2020\/05\/26\/pf-faz-operacao-na-residencia-oficial-do-governador-do-rio\/#respond\"]}]},{\"@type\":\"WebPage\",\"@id\":\"https:\/\/jornalfatosenoticias.com.br\/index.php\/2020\/05\/26\/pf-faz-operacao-na-residencia-oficial-do-governador-do-rio\/\",\"url\":\"https:\/\/jornalfatosenoticias.com.br\/index.php\/2020\/05\/26\/pf-faz-operacao-na-residencia-oficial-do-governador-do-rio\/\",\"name\":\"PF faz opera\u00e7\u00e3o na resid\u00eancia oficial do governador do Rio - Jornal Fatos e Not\u00edcias\",\"isPartOf\":{\"@id\":\"https:\/\/jornalfatosenoticias.com.br\/#website\"},\"primaryImageOfPage\":{\"@id\":\"https:\/\/jornalfatosenoticias.com.br\/index.php\/2020\/05\/26\/pf-faz-operacao-na-residencia-oficial-do-governador-do-rio\/#primaryimage\"},\"image\":{\"@id\":\"https:\/\/jornalfatosenoticias.com.br\/index.php\/2020\/05\/26\/pf-faz-operacao-na-residencia-oficial-do-governador-do-rio\/#primaryimage\"},\"thumbnailUrl\":\"https:\/\/jornalfatosenoticias.com.br\/wp-content\/uploads\/2020\/05\/palacio-laranjeiras-RJ.jpg\",\"datePublished\":\"2020-05-26T13:37:58+00:00\",\"dateModified\":\"2020-05-26T13:38:01+00:00\",\"breadcrumb\":{\"@id\":\"https:\/\/jornalfatosenoticias.com.br\/index.php\/2020\/05\/26\/pf-faz-operacao-na-residencia-oficial-do-governador-do-rio\/#breadcrumb\"},\"inLanguage\":\"pt-BR\",\"potentialAction\":[{\"@type\":\"ReadAction\",\"target\":[\"https:\/\/jornalfatosenoticias.com.br\/index.php\/2020\/05\/26\/pf-faz-operacao-na-residencia-oficial-do-governador-do-rio\/\"]}]},{\"@type\":\"ImageObject\",\"inLanguage\":\"pt-BR\",\"@id\":\"https:\/\/jornalfatosenoticias.com.br\/index.php\/2020\/05\/26\/pf-faz-operacao-na-residencia-oficial-do-governador-do-rio\/#primaryimage\",\"url\":\"https:\/\/jornalfatosenoticias.com.br\/wp-content\/uploads\/2020\/05\/palacio-laranjeiras-RJ.jpg\",\"contentUrl\":\"https:\/\/jornalfatosenoticias.com.br\/wp-content\/uploads\/2020\/05\/palacio-laranjeiras-RJ.jpg\",\"width\":1000,\"height\":598,\"caption\":\"Pal\u00e1cio Laranjeiras, no Parque Guinle (Fernando Fraz\u00e3o\/Ag\u00eancia Brasil)\"},{\"@type\":\"BreadcrumbList\",\"@id\":\"https:\/\/jornalfatosenoticias.com.br\/index.php\/2020\/05\/26\/pf-faz-operacao-na-residencia-oficial-do-governador-do-rio\/#breadcrumb\",\"itemListElement\":[{\"@type\":\"ListItem\",\"position\":1,\"name\":\"In\u00edcio\",\"item\":\"https:\/\/jornalfatosenoticias.com.br\/\"},{\"@type\":\"ListItem\",\"position\":2,\"name\":\"PF faz opera\u00e7\u00e3o na resid\u00eancia oficial do governador do Rio\"}]},{\"@type\":\"WebSite\",\"@id\":\"https:\/\/jornalfatosenoticias.com.br\/#website\",\"url\":\"https:\/\/jornalfatosenoticias.com.br\/\",\"name\":\"Jornal Fatos e Not\u00edcias\",\"description\":\"Not\u00edcias em geral\",\"publisher\":{\"@id\":\"https:\/\/jornalfatosenoticias.com.br\/#organization\"},\"potentialAction\":[{\"@type\":\"SearchAction\",\"target\":{\"@type\":\"EntryPoint\",\"urlTemplate\":\"https:\/\/jornalfatosenoticias.com.br\/?s={search_term_string}\"},\"query-input\":{\"@type\":\"PropertyValueSpecification\",\"valueRequired\":true,\"valueName\":\"search_term_string\"}}],\"inLanguage\":\"pt-BR\"},{\"@type\":\"Organization\",\"@id\":\"https:\/\/jornalfatosenoticias.com.br\/#organization\",\"name\":\"Jornal Fatos e Not\u00edcias\",\"url\":\"https:\/\/jornalfatosenoticias.com.br\/\",\"logo\":{\"@type\":\"ImageObject\",\"inLanguage\":\"pt-BR\",\"@id\":\"https:\/\/jornalfatosenoticias.com.br\/#\/schema\/logo\/image\/\",\"url\":\"https:\/\/jornalfatosenoticias.com.br\/wp-content\/uploads\/2020\/02\/logo120.png\",\"contentUrl\":\"https:\/\/jornalfatosenoticias.com.br\/wp-content\/uploads\/2020\/02\/logo120.png\",\"width\":1227,\"height\":120,\"caption\":\"Jornal Fatos e Not\u00edcias\"},\"image\":{\"@id\":\"https:\/\/jornalfatosenoticias.com.br\/#\/schema\/logo\/image\/\"}},{\"@type\":\"Person\",\"@id\":\"https:\/\/jornalfatosenoticias.com.br\/#\/schema\/person\/d63837fa13ac8666eb9e74e0985d6f81\",\"name\":\"Luzimara Fernandes\",\"image\":{\"@type\":\"ImageObject\",\"inLanguage\":\"pt-BR\",\"@id\":\"https:\/\/jornalfatosenoticias.com.br\/#\/schema\/person\/image\/\",\"url\":\"https:\/\/jornalfatosenoticias.com.br\/wp-content\/uploads\/2025\/05\/EU_portal.jpg\",\"contentUrl\":\"https:\/\/jornalfatosenoticias.com.br\/wp-content\/uploads\/2025\/05\/EU_portal.jpg\",\"caption\":\"Luzimara Fernandes\"},\"description\":\"Jornalista MTB 2358-ES\",\"sameAs\":[\"https:\/\/jornalfatosenoticias.com.br\"],\"url\":\"https:\/\/jornalfatosenoticias.com.br\/index.php\/author\/luzimara\/\"}]}<\/script>\n<!-- \/ Yoast SEO plugin. -->","yoast_head_json":{"title":"PF faz opera\u00e7\u00e3o na resid\u00eancia oficial do governador do Rio - Jornal Fatos e Not\u00edcias","robots":{"index":"index","follow":"follow","max-snippet":"max-snippet:-1","max-image-preview":"max-image-preview:large","max-video-preview":"max-video-preview:-1"},"canonical":"https:\/\/jornalfatosenoticias.com.br\/index.php\/2020\/05\/26\/pf-faz-operacao-na-residencia-oficial-do-governador-do-rio\/","og_locale":"pt_BR","og_type":"article","og_title":"PF faz opera\u00e7\u00e3o na resid\u00eancia oficial do governador do Rio - Jornal Fatos e Not\u00edcias","og_description":"H\u00e1 equipes tamb\u00e9m em outros pontos da cidade Policiais federais est\u00e3o neste momento no Pal\u00e1cio Laranjeiras, resid\u00eancia oficial do governador do Rio de Janeiro, Wilson Witzel. H\u00e1 equipes tamb\u00e9m em outros pontos da cidade.De acordo com a Pol\u00edcia Federal (PF), a Opera\u00e7\u00e3o Placebo tem por objetivo apurar ind\u00edcios de desvios de recursos destinados ao combate [&hellip;]","og_url":"https:\/\/jornalfatosenoticias.com.br\/index.php\/2020\/05\/26\/pf-faz-operacao-na-residencia-oficial-do-governador-do-rio\/","og_site_name":"Jornal Fatos e Not\u00edcias","article_published_time":"2020-05-26T13:37:58+00:00","article_modified_time":"2020-05-26T13:38:01+00:00","og_image":[{"width":1000,"height":598,"url":"https:\/\/jornalfatosenoticias.com.br\/wp-content\/uploads\/2020\/05\/palacio-laranjeiras-RJ.jpg","type":"image\/jpeg"}],"author":"Luzimara Fernandes","twitter_card":"summary_large_image","twitter_misc":{"Escrito por":"Luzimara Fernandes","Est. tempo de leitura":"1 minuto"},"schema":{"@context":"https:\/\/schema.org","@graph":[{"@type":"Article","@id":"https:\/\/jornalfatosenoticias.com.br\/index.php\/2020\/05\/26\/pf-faz-operacao-na-residencia-oficial-do-governador-do-rio\/#article","isPartOf":{"@id":"https:\/\/jornalfatosenoticias.com.br\/index.php\/2020\/05\/26\/pf-faz-operacao-na-residencia-oficial-do-governador-do-rio\/"},"author":{"name":"Luzimara Fernandes","@id":"https:\/\/jornalfatosenoticias.com.br\/#\/schema\/person\/d63837fa13ac8666eb9e74e0985d6f81"},"headline":"PF faz opera\u00e7\u00e3o na resid\u00eancia oficial do governador do Rio","datePublished":"2020-05-26T13:37:58+00:00","dateModified":"2020-05-26T13:38:01+00:00","mainEntityOfPage":{"@id":"https:\/\/jornalfatosenoticias.com.br\/index.php\/2020\/05\/26\/pf-faz-operacao-na-residencia-oficial-do-governador-do-rio\/"},"wordCount":176,"commentCount":0,"publisher":{"@id":"https:\/\/jornalfatosenoticias.com.br\/#organization"},"image":{"@id":"https:\/\/jornalfatosenoticias.com.br\/index.php\/2020\/05\/26\/pf-faz-operacao-na-residencia-oficial-do-governador-do-rio\/#primaryimage"},"thumbnailUrl":"https:\/\/jornalfatosenoticias.com.br\/wp-content\/uploads\/2020\/05\/palacio-laranjeiras-RJ.jpg","keywords":["desvios de recursos","mandados","opera\u00e7\u00e3o","Pal\u00e1cio Laranjeiras","Pol\u00edcia Federal","Rio de Janeiro"],"articleSection":["Geral"],"inLanguage":"pt-BR","potentialAction":[{"@type":"CommentAction","name":"Comment","target":["https:\/\/jornalfatosenoticias.com.br\/index.php\/2020\/05\/26\/pf-faz-operacao-na-residencia-oficial-do-governador-do-rio\/#respond"]}]},{"@type":"WebPage","@id":"https:\/\/jornalfatosenoticias.com.br\/index.php\/2020\/05\/26\/pf-faz-operacao-na-residencia-oficial-do-governador-do-rio\/","url":"https:\/\/jornalfatosenoticias.com.br\/index.php\/2020\/05\/26\/pf-faz-operacao-na-residencia-oficial-do-governador-do-rio\/","name":"PF faz opera\u00e7\u00e3o na resid\u00eancia oficial do governador do Rio - Jornal Fatos e Not\u00edcias","isPartOf":{"@id":"https:\/\/jornalfatosenoticias.com.br\/#website"},"primaryImageOfPage":{"@id":"https:\/\/jornalfatosenoticias.com.br\/index.php\/2020\/05\/26\/pf-faz-operacao-na-residencia-oficial-do-governador-do-rio\/#primaryimage"},"image":{"@id":"https:\/\/jornalfatosenoticias.com.br\/index.php\/2020\/05\/26\/pf-faz-operacao-na-residencia-oficial-do-governador-do-rio\/#primaryimage"},"thumbnailUrl":"https:\/\/jornalfatosenoticias.com.br\/wp-content\/uploads\/2020\/05\/palacio-laranjeiras-RJ.jpg","datePublished":"2020-05-26T13:37:58+00:00","dateModified":"2020-05-26T13:38:01+00:00","breadcrumb":{"@id":"https:\/\/jornalfatosenoticias.com.br\/index.php\/2020\/05\/26\/pf-faz-operacao-na-residencia-oficial-do-governador-do-rio\/#breadcrumb"},"inLanguage":"pt-BR","potentialAction":[{"@type":"ReadAction","target":["https:\/\/jornalfatosenoticias.com.br\/index.php\/2020\/05\/26\/pf-faz-operacao-na-residencia-oficial-do-governador-do-rio\/"]}]},{"@type":"ImageObject","inLanguage":"pt-BR","@id":"https:\/\/jornalfatosenoticias.com.br\/index.php\/2020\/05\/26\/pf-faz-operacao-na-residencia-oficial-do-governador-do-rio\/#primaryimage","url":"https:\/\/jornalfatosenoticias.com.br\/wp-content\/uploads\/2020\/05\/palacio-laranjeiras-RJ.jpg","contentUrl":"https:\/\/jornalfatosenoticias.com.br\/wp-content\/uploads\/2020\/05\/palacio-laranjeiras-RJ.jpg","width":1000,"height":598,"caption":"Pal\u00e1cio Laranjeiras, no Parque Guinle (Fernando Fraz\u00e3o\/Ag\u00eancia Brasil)"},{"@type":"BreadcrumbList","@id":"https:\/\/jornalfatosenoticias.com.br\/index.php\/2020\/05\/26\/pf-faz-operacao-na-residencia-oficial-do-governador-do-rio\/#breadcrumb","itemListElement":[{"@type":"ListItem","position":1,"name":"In\u00edcio","item":"https:\/\/jornalfatosenoticias.com.br\/"},{"@type":"ListItem","position":2,"name":"PF faz opera\u00e7\u00e3o na resid\u00eancia oficial do governador do Rio"}]},{"@type":"WebSite","@id":"https:\/\/jornalfatosenoticias.com.br\/#website","url":"https:\/\/jornalfatosenoticias.com.br\/","name":"Jornal Fatos e Not\u00edcias","description":"Not\u00edcias em geral","publisher":{"@id":"https:\/\/jornalfatosenoticias.com.br\/#organization"},"potentialAction":[{"@type":"SearchAction","target":{"@type":"EntryPoint","urlTemplate":"https:\/\/jornalfatosenoticias.com.br\/?s={search_term_string}"},"query-input":{"@type":"PropertyValueSpecification","valueRequired":true,"valueName":"search_term_string"}}],"inLanguage":"pt-BR"},{"@type":"Organization","@id":"https:\/\/jornalfatosenoticias.com.br\/#organization","name":"Jornal Fatos e Not\u00edcias","url":"https:\/\/jornalfatosenoticias.com.br\/","logo":{"@type":"ImageObject","inLanguage":"pt-BR","@id":"https:\/\/jornalfatosenoticias.com.br\/#\/schema\/logo\/image\/","url":"https:\/\/jornalfatosenoticias.com.br\/wp-content\/uploads\/2020\/02\/logo120.png","contentUrl":"https:\/\/jornalfatosenoticias.com.br\/wp-content\/uploads\/2020\/02\/logo120.png","width":1227,"height":120,"caption":"Jornal Fatos e Not\u00edcias"},"image":{"@id":"https:\/\/jornalfatosenoticias.com.br\/#\/schema\/logo\/image\/"}},{"@type":"Person","@id":"https:\/\/jornalfatosenoticias.com.br\/#\/schema\/person\/d63837fa13ac8666eb9e74e0985d6f81","name":"Luzimara Fernandes","image":{"@type":"ImageObject","inLanguage":"pt-BR","@id":"https:\/\/jornalfatosenoticias.com.br\/#\/schema\/person\/image\/","url":"https:\/\/jornalfatosenoticias.com.br\/wp-content\/uploads\/2025\/05\/EU_portal.jpg","contentUrl":"https:\/\/jornalfatosenoticias.com.br\/wp-content\/uploads\/2025\/05\/EU_portal.jpg","caption":"Luzimara Fernandes"},"description":"Jornalista MTB 2358-ES","sameAs":["https:\/\/jornalfatosenoticias.com.br"],"url":"https:\/\/jornalfatosenoticias.com.br\/index.php\/author\/luzimara\/"}]}},"cc_featured_image_caption":{"caption_text":"Pal\u00e1cio Laranjeiras, no Parque Guinle","source_text":"","source_url":""},"jetpack_featured_media_url":"https:\/\/jornalfatosenoticias.com.br\/wp-content\/uploads\/2020\/05\/palacio-laranjeiras-RJ.jpg","_links":{"self":[{"href":"https:\/\/jornalfatosenoticias.com.br\/index.php\/wp-json\/wp\/v2\/posts\/4884","targetHints":{"allow":["GET"]}}],"collection":[{"href":"https:\/\/jornalfatosenoticias.com.br\/index.php\/wp-json\/wp\/v2\/posts"}],"about":[{"href":"https:\/\/jornalfatosenoticias.com.br\/index.php\/wp-json\/wp\/v2\/types\/post"}],"author":[{"embeddable":true,"href":"https:\/\/jornalfatosenoticias.com.br\/index.php\/wp-json\/wp\/v2\/users\/2"}],"replies":[{"embeddable":true,"href":"https:\/\/jornalfatosenoticias.com.br\/index.php\/wp-json\/wp\/v2\/comments?post=4884"}],"version-history":[{"count":0,"href":"https:\/\/jornalfatosenoticias.com.br\/index.php\/wp-json\/wp\/v2\/posts\/4884\/revisions"}],"wp:featuredmedia":[{"embeddable":true,"href":"https:\/\/jornalfatosenoticias.com.br\/index.php\/wp-json\/wp\/v2\/media\/4885"}],"wp:attachment":[{"href":"https:\/\/jornalfatosenoticias.com.br\/index.php\/wp-json\/wp\/v2\/media?parent=4884"}],"wp:term":[{"taxonomy":"category","embeddable":true,"href":"https:\/\/jornalfatosenoticias.com.br\/index.php\/wp-json\/wp\/v2\/categories?post=4884"},{"taxonomy":"post_tag","embeddable":true,"href":"https:\/\/jornalfatosenoticias.com.br\/index.php\/wp-json\/wp\/v2\/tags?post=4884"}],"curies":[{"name":"wp","href":"https:\/\/api.w.org\/{rel}","templated":true}]}}