{"id":48857,"date":"2024-01-30T15:14:08","date_gmt":"2024-01-30T18:14:08","guid":{"rendered":"https:\/\/jornalfatosenoticias.com.br\/?p=48857"},"modified":"2024-01-30T15:14:12","modified_gmt":"2024-01-30T18:14:12","slug":"descoberta-de-sitio-arqueologico-no-maranhao-pode-reescrever-historia-do-brasil","status":"publish","type":"post","link":"https:\/\/jornalfatosenoticias.com.br\/index.php\/2024\/01\/30\/descoberta-de-sitio-arqueologico-no-maranhao-pode-reescrever-historia-do-brasil\/","title":{"rendered":"Descoberta de s\u00edtio arqueol\u00f3gico no Maranh\u00e3o pode reescrever hist\u00f3ria do Brasil"},"content":{"rendered":"\n<p><em><span class=\"has-inline-color has-black-color\">43 esqueletos e mais de 100 mil artefatos pr\u00e9-hist\u00f3ricos de s\u00edtio arqueol\u00f3gico mostram que humanos chegaram no Brasil antes do imaginado<\/span><\/em><\/p>\n\n\n\n<p><span class=\"has-inline-color has-black-color\">Por <strong><a href=\"https:\/\/gizmodo.uol.com.br\/author\/barbara-giovani\/\">B\u00e1rbara Giovani<\/a><\/strong><\/span><\/p>\n\n\n\n<div class=\"wp-block-image\"><figure class=\"aligncenter size-large\"><img loading=\"lazy\" decoding=\"async\" width=\"729\" height=\"90\" src=\"https:\/\/jornalfatosenoticias.com.br\/wp-content\/uploads\/2020\/02\/Logo_Mizu.png\" alt=\"\" class=\"wp-image-1441\" srcset=\"https:\/\/jornalfatosenoticias.com.br\/wp-content\/uploads\/2020\/02\/Logo_Mizu.png 729w, https:\/\/jornalfatosenoticias.com.br\/wp-content\/uploads\/2020\/02\/Logo_Mizu-300x37.png 300w\" sizes=\"auto, (max-width: 729px) 100vw, 729px\" \/><\/figure><\/div>\n\n\n\n<p>Era apenas um procedimento comum antes do in\u00edcio de uma grande obra. Uma construtora brasileira contratou uma empresa de arqueologia para realizar um estudo de impacto no terreno de seu pr\u00f3ximo pr\u00e9dio em S\u00e3o Lu\u00eds, capital do Maranh\u00e3o.<br>Mas, diferente do comum, os <a href=\"https:\/\/gizmodo.uol.com.br\/vestido-infantil-de-19-mil-anos-achado-em-israel-pode-simbolizar-protecao-judaica\/\">arque\u00f3logos<\/a> encontraram no local ossos e resqu\u00edcios humanos que indicam que eles chegaram ao Brasil ao menos 1.400 anos antes do que se pensava. No total, eles acharam 43 esqueletos humanos e mais de 100 mil artefatos, de acordo com o Instituto do Patrim\u00f4nio Hist\u00f3rico e Art\u00edstico Nacional (<a href=\"https:\/\/www.gov.br\/iphan\/pt-br\/assuntos\/noticias\/sitio-arqueologico-chacara-rosane-em-sao-luis-ma-representa-marco-da-pre-historia-brasileira\" target=\"_blank\" rel=\"noreferrer noopener\">Iphan<\/a>).<br>Desde a d\u00e9cada de 1970, pesquisadores j\u00e1 analisaram vest\u00edgios encontrados na Fazenda Rosane, local onde fica o s\u00edtio arqueol\u00f3gico. Por exemplo, em 1991, encontraram parte de uma mand\u00edbula humana. No entanto, n\u00e3o sabiam a magnitude dos artefatos presentes no lugar.<\/p>\n\n\n\n<div class=\"wp-block-image\"><figure class=\"aligncenter size-large is-resized\"><img loading=\"lazy\" decoding=\"async\" src=\"https:\/\/jornalfatosenoticias.com.br\/wp-content\/uploads\/2023\/08\/ITH.jpeg\" alt=\"\" class=\"wp-image-44638\" width=\"315\" height=\"256\" srcset=\"https:\/\/jornalfatosenoticias.com.br\/wp-content\/uploads\/2023\/08\/ITH.jpeg 800w, https:\/\/jornalfatosenoticias.com.br\/wp-content\/uploads\/2023\/08\/ITH-300x244.jpeg 300w, https:\/\/jornalfatosenoticias.com.br\/wp-content\/uploads\/2023\/08\/ITH-768x624.jpeg 768w\" sizes=\"auto, (max-width: 315px) 100vw, 315px\" \/><\/figure><\/div>\n\n\n\n<p>Na escava\u00e7\u00e3o recente, que teve in\u00edcio em 2019 e segue at\u00e9 hoje, pesquisadores encontraram uma s\u00e9rie de ferramentas de pedra, cacos de cer\u00e2mica, conchas decoradas e ossos. De acordo com o arque\u00f3logo l\u00edder da pesquisa, Welington Lage, em entrevista \u00e0 <a href=\"https:\/\/www.cbsnews.com\/news\/ancient-artifacts-skeletons-found-brazil-could-rewrite-history-archaeologists-say\/\" target=\"_blank\" rel=\"noreferrer noopener\">CBS<\/a>, s\u00e3o quatro eras distintas de ocupa\u00e7\u00e3o no local. A camada superior foi deixada pelo povo Tupinamb\u00e1. Eles j\u00e1 habitavam a regi\u00e3o quando os colonizadores fundaram a cidade de S\u00e3o Lu\u00eds, em 1612. Em seguida, vem uma camada de sambaqui.<\/p>\n\n\n\n<div class=\"wp-block-image\"><figure class=\"aligncenter size-large is-resized\"><img loading=\"lazy\" decoding=\"async\" src=\"https:\/\/jornalfatosenoticias.com.br\/wp-content\/uploads\/2022\/10\/RC_800x750_page-0001.jpg\" alt=\"\" class=\"wp-image-35338\" width=\"324\" height=\"304\" srcset=\"https:\/\/jornalfatosenoticias.com.br\/wp-content\/uploads\/2022\/10\/RC_800x750_page-0001.jpg 400w, https:\/\/jornalfatosenoticias.com.br\/wp-content\/uploads\/2022\/10\/RC_800x750_page-0001-300x281.jpg 300w\" sizes=\"auto, (max-width: 324px) 100vw, 324px\" \/><\/figure><\/div>\n\n\n\n<p>Em geral, sambaqui \u00e9 um <a href=\"https:\/\/gizmodo.uol.com.br\/sitio-arqueologico-mexicano-de-400-anos-sera-fechado-por-falta-de-verba\/\">s\u00edtio arqueol\u00f3gico<\/a> litor\u00e2neo, com forma\u00e7\u00f5es de conchas, moluscos, sementes, ossos de animais pequenos e outros sedimentos. Ent\u00e3o, cerca de dois metros abaixo da superf\u00edcie, fica mais uma camada, repleta de cer\u00e2mica rudimentar que data de oito a nove mil anos atr\u00e1s. Essa informa\u00e7\u00e3o mostra que os humanos habitaram a regi\u00e3o \u2014 e muito provavelmente, o restante do Brasil \u2014 muito antes do que o imaginado. At\u00e9 agora, o pr\u00e9-sambaqui mais antigo j\u00e1 documentado remonta a 6.600 anos atr\u00e1s.<\/p>\n\n\n\n<div class=\"wp-block-image\"><figure class=\"aligncenter size-large is-resized\"><img loading=\"lazy\" decoding=\"async\" src=\"https:\/\/jornalfatosenoticias.com.br\/wp-content\/uploads\/2020\/02\/CONTROL-CS.jpg\" alt=\"\" class=\"wp-image-44991\" width=\"330\" height=\"395\" srcset=\"https:\/\/jornalfatosenoticias.com.br\/wp-content\/uploads\/2020\/02\/CONTROL-CS.jpg 834w, https:\/\/jornalfatosenoticias.com.br\/wp-content\/uploads\/2020\/02\/CONTROL-CS-250x300.jpg 250w, https:\/\/jornalfatosenoticias.com.br\/wp-content\/uploads\/2020\/02\/CONTROL-CS-768x921.jpg 768w\" sizes=\"auto, (max-width: 330px) 100vw, 330px\" \/><\/figure><\/div>\n\n\n\n<p><strong><span class=\"has-inline-color has-black-color\">Pr\u00f3ximos passos<br><\/span><\/strong>Depois de quatro anos de escava\u00e7\u00f5es, a pesquisa ainda segue firme, com uma equipe que inclui arque\u00f3logos, qu\u00edmicos, um historiador e um cineasta documentarista. De acordo com o Iphan, o s\u00edtio j\u00e1 foi cadastrado e est\u00e1 protegido pela <a href=\"http:\/\/portal.iphan.gov.br\/uploads\/legislacao\/Lei_3924_de_26_de_julho_de_1961.pdf\" target=\"_blank\" rel=\"noreferrer noopener\">lei 3.924\/61<\/a>.\u00a0<\/p>\n\n\n\n<div class=\"wp-block-image\"><figure class=\"aligncenter size-large is-resized\"><img loading=\"lazy\" decoding=\"async\" src=\"https:\/\/jornalfatosenoticias.com.br\/wp-content\/uploads\/2023\/08\/LOGO-BLU-COMERCIAL-PRETO-1024x600.jpg\" alt=\"\" class=\"wp-image-44053\" width=\"376\" height=\"219\"\/><\/figure><\/div>\n\n\n\n<p>Al\u00e9m disso, o instituto brasileiro tamb\u00e9m exigiu \u201cgarantia financeira do empreendedor para a pesquisa e para a institui\u00e7\u00e3o de guarda e manuten\u00e7\u00e3o dos artefatos encontrados\u201d. Em comunicado, o \u00f3rg\u00e3o afirmou que o <a href=\"https:\/\/gizmodo.uol.com.br\/cameras-em-robos-descobrem-passagem-secreta-em-sitio-arqueologico-no-peru\/\">s\u00edtio arqueol\u00f3gico<\/a> representa um marco em nossa compreens\u00e3o do Brasil pr\u00e9-hist\u00f3rico.<br>Al\u00e9m disso, as descobertas tamb\u00e9m chamam a aten\u00e7\u00e3o da comunidade cient\u00edfica nacional. Agora, os pesquisadores agora planejam catalogar os artefatos, analis\u00e1-los em detalhes, exibi-los e publicar seus resultados.<\/p>\n\n\n\n<div class=\"wp-block-image\"><figure class=\"aligncenter size-large\"><img loading=\"lazy\" decoding=\"async\" width=\"300\" height=\"250\" src=\"https:\/\/jornalfatosenoticias.com.br\/wp-content\/uploads\/2022\/02\/FERRARI_MAQUINAS-E-FERRAMENTAS2.jpg\" alt=\"\" class=\"wp-image-27860\"\/><\/figure><\/div>\n\n\n\n<p>O Iphan tamb\u00e9m encarregou a Institui\u00e7\u00e3o de Guarda da Universidade Federal do Maranh\u00e3o (UFMA) como respons\u00e1vel. Mas, diante do alto volume de pe\u00e7as, um novo laborat\u00f3rio est\u00e1 em constru\u00e7\u00e3o. \u201cEstamos trabalhando h\u00e1 quatro anos e mal arranhamos a superf\u00edcie\u201d, disse Lage \u00e0 CBS.<\/p>\n\n\n\n<p><strong><em>Fonte: <a href=\"https:\/\/gizmodo.uol.com.br\/descoberta-de-sitio-arqueologico-no-maranhao-pode-reescrever-historia-do-brasil\/\">Giz Brasil<\/a><\/em><\/strong><\/p>\n","protected":false},"excerpt":{"rendered":"<p>43 esqueletos e mais de 100 mil artefatos pr\u00e9-hist\u00f3ricos de s\u00edtio arqueol\u00f3gico mostram que humanos chegaram no Brasil antes do imaginado Por B\u00e1rbara Giovani Era apenas um procedimento comum antes do in\u00edcio de uma grande obra. Uma construtora brasileira contratou uma empresa de arqueologia para realizar um estudo de impacto no terreno de seu pr\u00f3ximo [&hellip;]<\/p>\n","protected":false},"author":2,"featured_media":48858,"comment_status":"open","ping_status":"open","sticky":false,"template":"","format":"standard","meta":{"footnotes":""},"categories":[9808],"tags":[1478,597,249,477,11943,17180],"class_list":["post-48857","post","type-post","status-publish","format-standard","has-post-thumbnail","hentry","category-paleo-arqueologia","tag-arqueologia","tag-brasil","tag-historia","tag-iphan","tag-maranhao","tag-sitios-arqueologicos"],"yoast_head":"<!-- This site is optimized with the Yoast SEO plugin v26.5 - https:\/\/yoast.com\/wordpress\/plugins\/seo\/ -->\n<title>Descoberta de s\u00edtio arqueol\u00f3gico no Maranh\u00e3o pode reescrever hist\u00f3ria do Brasil - Jornal Fatos e Not\u00edcias<\/title>\n<meta name=\"robots\" content=\"index, follow, max-snippet:-1, max-image-preview:large, max-video-preview:-1\" \/>\n<link rel=\"canonical\" href=\"https:\/\/jornalfatosenoticias.com.br\/index.php\/2024\/01\/30\/descoberta-de-sitio-arqueologico-no-maranhao-pode-reescrever-historia-do-brasil\/\" \/>\n<meta property=\"og:locale\" content=\"pt_BR\" \/>\n<meta property=\"og:type\" content=\"article\" \/>\n<meta property=\"og:title\" content=\"Descoberta de s\u00edtio arqueol\u00f3gico no Maranh\u00e3o pode reescrever hist\u00f3ria do Brasil - Jornal Fatos e Not\u00edcias\" \/>\n<meta property=\"og:description\" content=\"43 esqueletos e mais de 100 mil artefatos pr\u00e9-hist\u00f3ricos de s\u00edtio arqueol\u00f3gico mostram que humanos chegaram no Brasil antes do imaginado Por B\u00e1rbara Giovani Era apenas um procedimento comum antes do in\u00edcio de uma grande obra. Uma construtora brasileira contratou uma empresa de arqueologia para realizar um estudo de impacto no terreno de seu pr\u00f3ximo [&hellip;]\" \/>\n<meta property=\"og:url\" content=\"https:\/\/jornalfatosenoticias.com.br\/index.php\/2024\/01\/30\/descoberta-de-sitio-arqueologico-no-maranhao-pode-reescrever-historia-do-brasil\/\" \/>\n<meta property=\"og:site_name\" content=\"Jornal Fatos e Not\u00edcias\" \/>\n<meta property=\"article:published_time\" content=\"2024-01-30T18:14:08+00:00\" \/>\n<meta property=\"article:modified_time\" content=\"2024-01-30T18:14:12+00:00\" \/>\n<meta property=\"og:image\" content=\"https:\/\/jornalfatosenoticias.com.br\/wp-content\/uploads\/2024\/01\/sitio-arqueologico-brasil-iphan-1.jpeg\" \/>\n\t<meta property=\"og:image:width\" content=\"1000\" \/>\n\t<meta property=\"og:image:height\" content=\"600\" \/>\n\t<meta property=\"og:image:type\" content=\"image\/jpeg\" \/>\n<meta name=\"author\" content=\"Luzimara Fernandes\" \/>\n<meta name=\"twitter:card\" content=\"summary_large_image\" \/>\n<meta name=\"twitter:label1\" content=\"Escrito por\" \/>\n\t<meta name=\"twitter:data1\" content=\"Luzimara Fernandes\" \/>\n\t<meta name=\"twitter:label2\" content=\"Est. tempo de leitura\" \/>\n\t<meta name=\"twitter:data2\" content=\"3 minutos\" \/>\n<script type=\"application\/ld+json\" class=\"yoast-schema-graph\">{\"@context\":\"https:\/\/schema.org\",\"@graph\":[{\"@type\":\"Article\",\"@id\":\"https:\/\/jornalfatosenoticias.com.br\/index.php\/2024\/01\/30\/descoberta-de-sitio-arqueologico-no-maranhao-pode-reescrever-historia-do-brasil\/#article\",\"isPartOf\":{\"@id\":\"https:\/\/jornalfatosenoticias.com.br\/index.php\/2024\/01\/30\/descoberta-de-sitio-arqueologico-no-maranhao-pode-reescrever-historia-do-brasil\/\"},\"author\":{\"name\":\"Luzimara Fernandes\",\"@id\":\"https:\/\/jornalfatosenoticias.com.br\/#\/schema\/person\/d63837fa13ac8666eb9e74e0985d6f81\"},\"headline\":\"Descoberta de s\u00edtio arqueol\u00f3gico no Maranh\u00e3o pode reescrever hist\u00f3ria do Brasil\",\"datePublished\":\"2024-01-30T18:14:08+00:00\",\"dateModified\":\"2024-01-30T18:14:12+00:00\",\"mainEntityOfPage\":{\"@id\":\"https:\/\/jornalfatosenoticias.com.br\/index.php\/2024\/01\/30\/descoberta-de-sitio-arqueologico-no-maranhao-pode-reescrever-historia-do-brasil\/\"},\"wordCount\":550,\"commentCount\":0,\"publisher\":{\"@id\":\"https:\/\/jornalfatosenoticias.com.br\/#organization\"},\"image\":{\"@id\":\"https:\/\/jornalfatosenoticias.com.br\/index.php\/2024\/01\/30\/descoberta-de-sitio-arqueologico-no-maranhao-pode-reescrever-historia-do-brasil\/#primaryimage\"},\"thumbnailUrl\":\"https:\/\/jornalfatosenoticias.com.br\/wp-content\/uploads\/2024\/01\/sitio-arqueologico-brasil-iphan-1.jpeg\",\"keywords\":[\"arqueologia\",\"Brasil\",\"hist\u00f3ria\",\"Iphan\",\"Maranh\u00e3o\",\"s\u00edtios arqueol\u00f3gicos\"],\"articleSection\":[\"Paleo &amp; Arqueologia\"],\"inLanguage\":\"pt-BR\",\"potentialAction\":[{\"@type\":\"CommentAction\",\"name\":\"Comment\",\"target\":[\"https:\/\/jornalfatosenoticias.com.br\/index.php\/2024\/01\/30\/descoberta-de-sitio-arqueologico-no-maranhao-pode-reescrever-historia-do-brasil\/#respond\"]}]},{\"@type\":\"WebPage\",\"@id\":\"https:\/\/jornalfatosenoticias.com.br\/index.php\/2024\/01\/30\/descoberta-de-sitio-arqueologico-no-maranhao-pode-reescrever-historia-do-brasil\/\",\"url\":\"https:\/\/jornalfatosenoticias.com.br\/index.php\/2024\/01\/30\/descoberta-de-sitio-arqueologico-no-maranhao-pode-reescrever-historia-do-brasil\/\",\"name\":\"Descoberta de s\u00edtio arqueol\u00f3gico no Maranh\u00e3o pode reescrever hist\u00f3ria do Brasil - Jornal Fatos e Not\u00edcias\",\"isPartOf\":{\"@id\":\"https:\/\/jornalfatosenoticias.com.br\/#website\"},\"primaryImageOfPage\":{\"@id\":\"https:\/\/jornalfatosenoticias.com.br\/index.php\/2024\/01\/30\/descoberta-de-sitio-arqueologico-no-maranhao-pode-reescrever-historia-do-brasil\/#primaryimage\"},\"image\":{\"@id\":\"https:\/\/jornalfatosenoticias.com.br\/index.php\/2024\/01\/30\/descoberta-de-sitio-arqueologico-no-maranhao-pode-reescrever-historia-do-brasil\/#primaryimage\"},\"thumbnailUrl\":\"https:\/\/jornalfatosenoticias.com.br\/wp-content\/uploads\/2024\/01\/sitio-arqueologico-brasil-iphan-1.jpeg\",\"datePublished\":\"2024-01-30T18:14:08+00:00\",\"dateModified\":\"2024-01-30T18:14:12+00:00\",\"breadcrumb\":{\"@id\":\"https:\/\/jornalfatosenoticias.com.br\/index.php\/2024\/01\/30\/descoberta-de-sitio-arqueologico-no-maranhao-pode-reescrever-historia-do-brasil\/#breadcrumb\"},\"inLanguage\":\"pt-BR\",\"potentialAction\":[{\"@type\":\"ReadAction\",\"target\":[\"https:\/\/jornalfatosenoticias.com.br\/index.php\/2024\/01\/30\/descoberta-de-sitio-arqueologico-no-maranhao-pode-reescrever-historia-do-brasil\/\"]}]},{\"@type\":\"ImageObject\",\"inLanguage\":\"pt-BR\",\"@id\":\"https:\/\/jornalfatosenoticias.com.br\/index.php\/2024\/01\/30\/descoberta-de-sitio-arqueologico-no-maranhao-pode-reescrever-historia-do-brasil\/#primaryimage\",\"url\":\"https:\/\/jornalfatosenoticias.com.br\/wp-content\/uploads\/2024\/01\/sitio-arqueologico-brasil-iphan-1.jpeg\",\"contentUrl\":\"https:\/\/jornalfatosenoticias.com.br\/wp-content\/uploads\/2024\/01\/sitio-arqueologico-brasil-iphan-1.jpeg\",\"width\":1000,\"height\":600},{\"@type\":\"BreadcrumbList\",\"@id\":\"https:\/\/jornalfatosenoticias.com.br\/index.php\/2024\/01\/30\/descoberta-de-sitio-arqueologico-no-maranhao-pode-reescrever-historia-do-brasil\/#breadcrumb\",\"itemListElement\":[{\"@type\":\"ListItem\",\"position\":1,\"name\":\"In\u00edcio\",\"item\":\"https:\/\/jornalfatosenoticias.com.br\/\"},{\"@type\":\"ListItem\",\"position\":2,\"name\":\"Descoberta de s\u00edtio arqueol\u00f3gico no Maranh\u00e3o pode reescrever hist\u00f3ria do Brasil\"}]},{\"@type\":\"WebSite\",\"@id\":\"https:\/\/jornalfatosenoticias.com.br\/#website\",\"url\":\"https:\/\/jornalfatosenoticias.com.br\/\",\"name\":\"Jornal Fatos e Not\u00edcias\",\"description\":\"Not\u00edcias em geral\",\"publisher\":{\"@id\":\"https:\/\/jornalfatosenoticias.com.br\/#organization\"},\"potentialAction\":[{\"@type\":\"SearchAction\",\"target\":{\"@type\":\"EntryPoint\",\"urlTemplate\":\"https:\/\/jornalfatosenoticias.com.br\/?s={search_term_string}\"},\"query-input\":{\"@type\":\"PropertyValueSpecification\",\"valueRequired\":true,\"valueName\":\"search_term_string\"}}],\"inLanguage\":\"pt-BR\"},{\"@type\":\"Organization\",\"@id\":\"https:\/\/jornalfatosenoticias.com.br\/#organization\",\"name\":\"Jornal Fatos e Not\u00edcias\",\"url\":\"https:\/\/jornalfatosenoticias.com.br\/\",\"logo\":{\"@type\":\"ImageObject\",\"inLanguage\":\"pt-BR\",\"@id\":\"https:\/\/jornalfatosenoticias.com.br\/#\/schema\/logo\/image\/\",\"url\":\"https:\/\/jornalfatosenoticias.com.br\/wp-content\/uploads\/2020\/02\/logo120.png\",\"contentUrl\":\"https:\/\/jornalfatosenoticias.com.br\/wp-content\/uploads\/2020\/02\/logo120.png\",\"width\":1227,\"height\":120,\"caption\":\"Jornal Fatos e Not\u00edcias\"},\"image\":{\"@id\":\"https:\/\/jornalfatosenoticias.com.br\/#\/schema\/logo\/image\/\"}},{\"@type\":\"Person\",\"@id\":\"https:\/\/jornalfatosenoticias.com.br\/#\/schema\/person\/d63837fa13ac8666eb9e74e0985d6f81\",\"name\":\"Luzimara Fernandes\",\"image\":{\"@type\":\"ImageObject\",\"inLanguage\":\"pt-BR\",\"@id\":\"https:\/\/jornalfatosenoticias.com.br\/#\/schema\/person\/image\/\",\"url\":\"https:\/\/jornalfatosenoticias.com.br\/wp-content\/uploads\/2025\/05\/EU_portal.jpg\",\"contentUrl\":\"https:\/\/jornalfatosenoticias.com.br\/wp-content\/uploads\/2025\/05\/EU_portal.jpg\",\"caption\":\"Luzimara Fernandes\"},\"description\":\"Jornalista MTB 2358-ES\",\"sameAs\":[\"https:\/\/jornalfatosenoticias.com.br\"],\"url\":\"https:\/\/jornalfatosenoticias.com.br\/index.php\/author\/luzimara\/\"}]}<\/script>\n<!-- \/ Yoast SEO plugin. -->","yoast_head_json":{"title":"Descoberta de s\u00edtio arqueol\u00f3gico no Maranh\u00e3o pode reescrever hist\u00f3ria do Brasil - Jornal Fatos e Not\u00edcias","robots":{"index":"index","follow":"follow","max-snippet":"max-snippet:-1","max-image-preview":"max-image-preview:large","max-video-preview":"max-video-preview:-1"},"canonical":"https:\/\/jornalfatosenoticias.com.br\/index.php\/2024\/01\/30\/descoberta-de-sitio-arqueologico-no-maranhao-pode-reescrever-historia-do-brasil\/","og_locale":"pt_BR","og_type":"article","og_title":"Descoberta de s\u00edtio arqueol\u00f3gico no Maranh\u00e3o pode reescrever hist\u00f3ria do Brasil - Jornal Fatos e Not\u00edcias","og_description":"43 esqueletos e mais de 100 mil artefatos pr\u00e9-hist\u00f3ricos de s\u00edtio arqueol\u00f3gico mostram que humanos chegaram no Brasil antes do imaginado Por B\u00e1rbara Giovani Era apenas um procedimento comum antes do in\u00edcio de uma grande obra. Uma construtora brasileira contratou uma empresa de arqueologia para realizar um estudo de impacto no terreno de seu pr\u00f3ximo [&hellip;]","og_url":"https:\/\/jornalfatosenoticias.com.br\/index.php\/2024\/01\/30\/descoberta-de-sitio-arqueologico-no-maranhao-pode-reescrever-historia-do-brasil\/","og_site_name":"Jornal Fatos e Not\u00edcias","article_published_time":"2024-01-30T18:14:08+00:00","article_modified_time":"2024-01-30T18:14:12+00:00","og_image":[{"width":1000,"height":600,"url":"https:\/\/jornalfatosenoticias.com.br\/wp-content\/uploads\/2024\/01\/sitio-arqueologico-brasil-iphan-1.jpeg","type":"image\/jpeg"}],"author":"Luzimara Fernandes","twitter_card":"summary_large_image","twitter_misc":{"Escrito por":"Luzimara Fernandes","Est. tempo de leitura":"3 minutos"},"schema":{"@context":"https:\/\/schema.org","@graph":[{"@type":"Article","@id":"https:\/\/jornalfatosenoticias.com.br\/index.php\/2024\/01\/30\/descoberta-de-sitio-arqueologico-no-maranhao-pode-reescrever-historia-do-brasil\/#article","isPartOf":{"@id":"https:\/\/jornalfatosenoticias.com.br\/index.php\/2024\/01\/30\/descoberta-de-sitio-arqueologico-no-maranhao-pode-reescrever-historia-do-brasil\/"},"author":{"name":"Luzimara Fernandes","@id":"https:\/\/jornalfatosenoticias.com.br\/#\/schema\/person\/d63837fa13ac8666eb9e74e0985d6f81"},"headline":"Descoberta de s\u00edtio arqueol\u00f3gico no Maranh\u00e3o pode reescrever hist\u00f3ria do Brasil","datePublished":"2024-01-30T18:14:08+00:00","dateModified":"2024-01-30T18:14:12+00:00","mainEntityOfPage":{"@id":"https:\/\/jornalfatosenoticias.com.br\/index.php\/2024\/01\/30\/descoberta-de-sitio-arqueologico-no-maranhao-pode-reescrever-historia-do-brasil\/"},"wordCount":550,"commentCount":0,"publisher":{"@id":"https:\/\/jornalfatosenoticias.com.br\/#organization"},"image":{"@id":"https:\/\/jornalfatosenoticias.com.br\/index.php\/2024\/01\/30\/descoberta-de-sitio-arqueologico-no-maranhao-pode-reescrever-historia-do-brasil\/#primaryimage"},"thumbnailUrl":"https:\/\/jornalfatosenoticias.com.br\/wp-content\/uploads\/2024\/01\/sitio-arqueologico-brasil-iphan-1.jpeg","keywords":["arqueologia","Brasil","hist\u00f3ria","Iphan","Maranh\u00e3o","s\u00edtios arqueol\u00f3gicos"],"articleSection":["Paleo &amp; Arqueologia"],"inLanguage":"pt-BR","potentialAction":[{"@type":"CommentAction","name":"Comment","target":["https:\/\/jornalfatosenoticias.com.br\/index.php\/2024\/01\/30\/descoberta-de-sitio-arqueologico-no-maranhao-pode-reescrever-historia-do-brasil\/#respond"]}]},{"@type":"WebPage","@id":"https:\/\/jornalfatosenoticias.com.br\/index.php\/2024\/01\/30\/descoberta-de-sitio-arqueologico-no-maranhao-pode-reescrever-historia-do-brasil\/","url":"https:\/\/jornalfatosenoticias.com.br\/index.php\/2024\/01\/30\/descoberta-de-sitio-arqueologico-no-maranhao-pode-reescrever-historia-do-brasil\/","name":"Descoberta de s\u00edtio arqueol\u00f3gico no Maranh\u00e3o pode reescrever hist\u00f3ria do Brasil - Jornal Fatos e Not\u00edcias","isPartOf":{"@id":"https:\/\/jornalfatosenoticias.com.br\/#website"},"primaryImageOfPage":{"@id":"https:\/\/jornalfatosenoticias.com.br\/index.php\/2024\/01\/30\/descoberta-de-sitio-arqueologico-no-maranhao-pode-reescrever-historia-do-brasil\/#primaryimage"},"image":{"@id":"https:\/\/jornalfatosenoticias.com.br\/index.php\/2024\/01\/30\/descoberta-de-sitio-arqueologico-no-maranhao-pode-reescrever-historia-do-brasil\/#primaryimage"},"thumbnailUrl":"https:\/\/jornalfatosenoticias.com.br\/wp-content\/uploads\/2024\/01\/sitio-arqueologico-brasil-iphan-1.jpeg","datePublished":"2024-01-30T18:14:08+00:00","dateModified":"2024-01-30T18:14:12+00:00","breadcrumb":{"@id":"https:\/\/jornalfatosenoticias.com.br\/index.php\/2024\/01\/30\/descoberta-de-sitio-arqueologico-no-maranhao-pode-reescrever-historia-do-brasil\/#breadcrumb"},"inLanguage":"pt-BR","potentialAction":[{"@type":"ReadAction","target":["https:\/\/jornalfatosenoticias.com.br\/index.php\/2024\/01\/30\/descoberta-de-sitio-arqueologico-no-maranhao-pode-reescrever-historia-do-brasil\/"]}]},{"@type":"ImageObject","inLanguage":"pt-BR","@id":"https:\/\/jornalfatosenoticias.com.br\/index.php\/2024\/01\/30\/descoberta-de-sitio-arqueologico-no-maranhao-pode-reescrever-historia-do-brasil\/#primaryimage","url":"https:\/\/jornalfatosenoticias.com.br\/wp-content\/uploads\/2024\/01\/sitio-arqueologico-brasil-iphan-1.jpeg","contentUrl":"https:\/\/jornalfatosenoticias.com.br\/wp-content\/uploads\/2024\/01\/sitio-arqueologico-brasil-iphan-1.jpeg","width":1000,"height":600},{"@type":"BreadcrumbList","@id":"https:\/\/jornalfatosenoticias.com.br\/index.php\/2024\/01\/30\/descoberta-de-sitio-arqueologico-no-maranhao-pode-reescrever-historia-do-brasil\/#breadcrumb","itemListElement":[{"@type":"ListItem","position":1,"name":"In\u00edcio","item":"https:\/\/jornalfatosenoticias.com.br\/"},{"@type":"ListItem","position":2,"name":"Descoberta de s\u00edtio arqueol\u00f3gico no Maranh\u00e3o pode reescrever hist\u00f3ria do Brasil"}]},{"@type":"WebSite","@id":"https:\/\/jornalfatosenoticias.com.br\/#website","url":"https:\/\/jornalfatosenoticias.com.br\/","name":"Jornal Fatos e Not\u00edcias","description":"Not\u00edcias em geral","publisher":{"@id":"https:\/\/jornalfatosenoticias.com.br\/#organization"},"potentialAction":[{"@type":"SearchAction","target":{"@type":"EntryPoint","urlTemplate":"https:\/\/jornalfatosenoticias.com.br\/?s={search_term_string}"},"query-input":{"@type":"PropertyValueSpecification","valueRequired":true,"valueName":"search_term_string"}}],"inLanguage":"pt-BR"},{"@type":"Organization","@id":"https:\/\/jornalfatosenoticias.com.br\/#organization","name":"Jornal Fatos e Not\u00edcias","url":"https:\/\/jornalfatosenoticias.com.br\/","logo":{"@type":"ImageObject","inLanguage":"pt-BR","@id":"https:\/\/jornalfatosenoticias.com.br\/#\/schema\/logo\/image\/","url":"https:\/\/jornalfatosenoticias.com.br\/wp-content\/uploads\/2020\/02\/logo120.png","contentUrl":"https:\/\/jornalfatosenoticias.com.br\/wp-content\/uploads\/2020\/02\/logo120.png","width":1227,"height":120,"caption":"Jornal Fatos e Not\u00edcias"},"image":{"@id":"https:\/\/jornalfatosenoticias.com.br\/#\/schema\/logo\/image\/"}},{"@type":"Person","@id":"https:\/\/jornalfatosenoticias.com.br\/#\/schema\/person\/d63837fa13ac8666eb9e74e0985d6f81","name":"Luzimara Fernandes","image":{"@type":"ImageObject","inLanguage":"pt-BR","@id":"https:\/\/jornalfatosenoticias.com.br\/#\/schema\/person\/image\/","url":"https:\/\/jornalfatosenoticias.com.br\/wp-content\/uploads\/2025\/05\/EU_portal.jpg","contentUrl":"https:\/\/jornalfatosenoticias.com.br\/wp-content\/uploads\/2025\/05\/EU_portal.jpg","caption":"Luzimara Fernandes"},"description":"Jornalista MTB 2358-ES","sameAs":["https:\/\/jornalfatosenoticias.com.br"],"url":"https:\/\/jornalfatosenoticias.com.br\/index.php\/author\/luzimara\/"}]}},"cc_featured_image_caption":{"caption_text":"(Foto: Iphan\/Reprodu\u00e7\u00e3o) ","source_text":"","source_url":""},"jetpack_featured_media_url":"https:\/\/jornalfatosenoticias.com.br\/wp-content\/uploads\/2024\/01\/sitio-arqueologico-brasil-iphan-1.jpeg","_links":{"self":[{"href":"https:\/\/jornalfatosenoticias.com.br\/index.php\/wp-json\/wp\/v2\/posts\/48857","targetHints":{"allow":["GET"]}}],"collection":[{"href":"https:\/\/jornalfatosenoticias.com.br\/index.php\/wp-json\/wp\/v2\/posts"}],"about":[{"href":"https:\/\/jornalfatosenoticias.com.br\/index.php\/wp-json\/wp\/v2\/types\/post"}],"author":[{"embeddable":true,"href":"https:\/\/jornalfatosenoticias.com.br\/index.php\/wp-json\/wp\/v2\/users\/2"}],"replies":[{"embeddable":true,"href":"https:\/\/jornalfatosenoticias.com.br\/index.php\/wp-json\/wp\/v2\/comments?post=48857"}],"version-history":[{"count":0,"href":"https:\/\/jornalfatosenoticias.com.br\/index.php\/wp-json\/wp\/v2\/posts\/48857\/revisions"}],"wp:featuredmedia":[{"embeddable":true,"href":"https:\/\/jornalfatosenoticias.com.br\/index.php\/wp-json\/wp\/v2\/media\/48858"}],"wp:attachment":[{"href":"https:\/\/jornalfatosenoticias.com.br\/index.php\/wp-json\/wp\/v2\/media?parent=48857"}],"wp:term":[{"taxonomy":"category","embeddable":true,"href":"https:\/\/jornalfatosenoticias.com.br\/index.php\/wp-json\/wp\/v2\/categories?post=48857"},{"taxonomy":"post_tag","embeddable":true,"href":"https:\/\/jornalfatosenoticias.com.br\/index.php\/wp-json\/wp\/v2\/tags?post=48857"}],"curies":[{"name":"wp","href":"https:\/\/api.w.org\/{rel}","templated":true}]}}