{"id":48866,"date":"2024-01-30T15:43:37","date_gmt":"2024-01-30T18:43:37","guid":{"rendered":"https:\/\/jornalfatosenoticias.com.br\/?p=48866"},"modified":"2024-01-30T15:43:38","modified_gmt":"2024-01-30T18:43:38","slug":"jardim-camburi-tem-novo-cmei-pronto-para-o-ano-letivo-de-2024","status":"publish","type":"post","link":"https:\/\/jornalfatosenoticias.com.br\/index.php\/2024\/01\/30\/jardim-camburi-tem-novo-cmei-pronto-para-o-ano-letivo-de-2024\/","title":{"rendered":"Jardim Camburi tem novo Cmei pronto para o ano letivo de 2024"},"content":{"rendered":"\n<p><span class=\"has-inline-color has-black-color\">Por <strong>Lu\u00eds Oliveira<\/strong><\/span><\/p>\n\n\n\n<div class=\"wp-block-image\"><figure class=\"aligncenter size-large\"><img loading=\"lazy\" decoding=\"async\" width=\"729\" height=\"90\" src=\"https:\/\/jornalfatosenoticias.com.br\/wp-content\/uploads\/2020\/02\/Logo_Mizu.png\" alt=\"\" class=\"wp-image-1441\" srcset=\"https:\/\/jornalfatosenoticias.com.br\/wp-content\/uploads\/2020\/02\/Logo_Mizu.png 729w, https:\/\/jornalfatosenoticias.com.br\/wp-content\/uploads\/2020\/02\/Logo_Mizu-300x37.png 300w\" sizes=\"auto, (max-width: 729px) 100vw, 729px\" \/><\/figure><\/div>\n\n\n\n<p>Um novo marco para o bairro Jardim Camburi. O Centro Municipal de Educa\u00e7\u00e3o Infantil em Tempo Integral (Cmei TI) Rubens Jos\u00e9 Vervloet Gomes est\u00e1 pronto para receber as crian\u00e7as para o ano letivo de 2024. O prefeito de Vit\u00f3ria, Lorenzo Pazolini, e a secret\u00e1ria de Educa\u00e7\u00e3o, Juliana Rohsner fizeram uma visita t\u00e9cnica na manh\u00e3 de segunda-feira (29), para acompanhar os preparativos para a inaugura\u00e7\u00e3o da unidade de ensino, agendada para sexta-feira, dia 2 de fevereiro, \u00e0s 18h.<br>Localizado na Avenida Alfredo Alcure, ao lado da Pra\u00e7a Nilze Mendes, o local recebeu investimentos da ordem de R$ 10.042.461,28 com recursos pr\u00f3prios da PMV, para a constru\u00e7\u00e3o que conta com uma estrutura ampla e moderna, dividida em dois pavimentos, totalizando 2.791,42 m\u00b2. O pr\u00e9dio escolar oferece uma variedade de espa\u00e7os, contando com 14 salas de aula, \u00e1reas administrativas, audit\u00f3rio, ambientes de conviv\u00eancia, dentre outros.<\/p>\n\n\n\n<div class=\"wp-block-image\"><figure class=\"aligncenter size-large\"><img loading=\"lazy\" decoding=\"async\" width=\"300\" height=\"250\" src=\"https:\/\/jornalfatosenoticias.com.br\/wp-content\/uploads\/2022\/02\/FERRARI_MAQUINAS-E-FERRAMENTAS2.jpg\" alt=\"\" class=\"wp-image-27860\"\/><\/figure><\/div>\n\n\n\n<blockquote class=\"wp-block-quote is-layout-flow wp-block-quote-is-layout-flow\"><p><span class=\"has-inline-color has-luminous-vivid-orange-color\">\u00c9 uma grande alegria chegar a este momento, a visita final antes da grande inaugura\u00e7\u00e3o. O novo Cmei Rubens est\u00e1 pronto para receber crian\u00e7as, pais e profissionais da educa\u00e7\u00e3o. A entrega dessa obra representar\u00e1 um marco para o bairro, toda a estrutura foi pensada com muito carinho, para oferecer conforto e seguran\u00e7a para nossas crian\u00e7as. Contamos com a presen\u00e7a de todos para a inaugura\u00e7\u00e3o na pr\u00f3xima sexta-feira&#8221;, disse o prefeito.<\/span><\/p><\/blockquote>\n\n\n\n<div class=\"wp-block-image\"><figure class=\"aligncenter size-large is-resized\"><img loading=\"lazy\" decoding=\"async\" src=\"https:\/\/jornalfatosenoticias.com.br\/wp-content\/uploads\/2020\/02\/logo-Rapuzel-1024x571.jpg\" alt=\"\" class=\"wp-image-42808\" width=\"422\" height=\"235\" srcset=\"https:\/\/jornalfatosenoticias.com.br\/wp-content\/uploads\/2020\/02\/logo-Rapuzel-1024x571.jpg 1024w, https:\/\/jornalfatosenoticias.com.br\/wp-content\/uploads\/2020\/02\/logo-Rapuzel-300x167.jpg 300w, https:\/\/jornalfatosenoticias.com.br\/wp-content\/uploads\/2020\/02\/logo-Rapuzel-768x428.jpg 768w, https:\/\/jornalfatosenoticias.com.br\/wp-content\/uploads\/2020\/02\/logo-Rapuzel-1536x856.jpg 1536w, https:\/\/jornalfatosenoticias.com.br\/wp-content\/uploads\/2020\/02\/logo-Rapuzel.jpg 1600w\" sizes=\"auto, (max-width: 422px) 100vw, 422px\" \/><\/figure><\/div>\n\n\n\n<p>Quem tamb\u00e9m est\u00e1 com a expectativa alta para a inaugura\u00e7\u00e3o do novo Cmei TI de Jardim Camburi \u00e9 a secret\u00e1ria de Educa\u00e7\u00e3o de Vit\u00f3ria, Juliana Rohsner. &#8220;Presenciamos um ambiente acolhedor, alegre e convidativo, com equipamentos de alta qualidade, prontos para receber nossas crian\u00e7as e profissionais da educa\u00e7\u00e3o com conforto e seguran\u00e7a. Estamos confiantes de que este novo espa\u00e7o ser\u00e1 fundamental para o desenvolvimento educacional da nossa cidade e um marco para o bairro Jardim Camburi&#8221;, disse a secret\u00e1ria.<\/p>\n\n\n\n<div class=\"wp-block-image\"><figure class=\"aligncenter size-large is-resized\"><img loading=\"lazy\" decoding=\"async\" src=\"https:\/\/jornalfatosenoticias.com.br\/wp-content\/uploads\/2022\/02\/Precisao-Contabilidade-1024x724.jpg\" alt=\"\" class=\"wp-image-28088\" width=\"368\" height=\"260\"\/><\/figure><\/div>\n\n\n\n<p>\u00c0 frente da gest\u00e3o da nova unidade de ensino, a diretora Kellen Queiros est\u00e1 cuidando dos \u00faltimos detalhes para receber a comunidade escolar com todo o carinho que merecem. &#8220;Estamos ansiosos pela inaugura\u00e7\u00e3o do Cmei e pela oportunidade de proporcionar uma educa\u00e7\u00e3o de excel\u00eancia. Convidamos toda a comunidade escolar a se juntar a n\u00f3s nesse momento especial. Juntos, construiremos um ambiente educacional enriquecedor, focado no cuidado e na aprendizagem de nossas crian\u00e7as. Contamos com a presen\u00e7a de todos para celebrar este marco em nossa jornada educativa&#8221;, disse a diretora.<\/p>\n\n\n\n<div class=\"wp-block-image\"><figure class=\"aligncenter size-large is-resized\"><img loading=\"lazy\" decoding=\"async\" src=\"https:\/\/jornalfatosenoticias.com.br\/wp-content\/uploads\/2023\/12\/pegoretti-logo-pdf-1024x389.jpg\" alt=\"\" class=\"wp-image-47536\" width=\"540\" height=\"205\" srcset=\"https:\/\/jornalfatosenoticias.com.br\/wp-content\/uploads\/2023\/12\/pegoretti-logo-pdf-1024x389.jpg 1024w, https:\/\/jornalfatosenoticias.com.br\/wp-content\/uploads\/2023\/12\/pegoretti-logo-pdf-300x114.jpg 300w, https:\/\/jornalfatosenoticias.com.br\/wp-content\/uploads\/2023\/12\/pegoretti-logo-pdf-768x291.jpg 768w, https:\/\/jornalfatosenoticias.com.br\/wp-content\/uploads\/2023\/12\/pegoretti-logo-pdf.jpg 1120w\" sizes=\"auto, (max-width: 540px) 100vw, 540px\" \/><\/figure><\/div>\n\n\n\n<p>Para a grande inaugura\u00e7\u00e3o, a divers\u00e3o est\u00e1 garantida para as crian\u00e7as e suas fam\u00edlias, com a presen\u00e7a da Banda Movimento, al\u00e9m de pipoca, algod\u00e3o-doce e picol\u00e9 liberados e muita anima\u00e7\u00e3o com uma recrea\u00e7\u00e3o especial feita pelo grupo &#8216;Cabelucho&#8217;.<\/p>\n\n\n\n<p><strong><em>Fonte: <a href=\"https:\/\/www.vitoria.es.gov.br\/noticia\/jardim-camburi-tem-novo-cmei-pronto-para-o-ano-letivo-de-2024-49858\">PMV<\/a><\/em><\/strong><\/p>\n","protected":false},"excerpt":{"rendered":"<p>Por Lu\u00eds Oliveira Um novo marco para o bairro Jardim Camburi. O Centro Municipal de Educa\u00e7\u00e3o Infantil em Tempo Integral (Cmei TI) Rubens Jos\u00e9 Vervloet Gomes est\u00e1 pronto para receber as crian\u00e7as para o ano letivo de 2024. O prefeito de Vit\u00f3ria, Lorenzo Pazolini, e a secret\u00e1ria de Educa\u00e7\u00e3o, Juliana Rohsner fizeram uma visita t\u00e9cnica [&hellip;]<\/p>\n","protected":false},"author":2,"featured_media":48867,"comment_status":"open","ping_status":"open","sticky":false,"template":"","format":"standard","meta":{"footnotes":""},"categories":[7],"tags":[22697,1764,22698,2562],"class_list":["post-48866","post","type-post","status-publish","format-standard","has-post-thumbnail","hentry","category-educacao","tag-ano-letivo-de-2024","tag-jardim-camburi","tag-novo-cmei","tag-prefeitura-de-vitoria"],"yoast_head":"<!-- This site is optimized with the Yoast SEO plugin v26.5 - https:\/\/yoast.com\/wordpress\/plugins\/seo\/ -->\n<title>Jardim Camburi tem novo Cmei pronto para o ano letivo de 2024 - Jornal Fatos e Not\u00edcias<\/title>\n<meta name=\"robots\" content=\"index, follow, max-snippet:-1, max-image-preview:large, max-video-preview:-1\" \/>\n<link rel=\"canonical\" href=\"https:\/\/jornalfatosenoticias.com.br\/index.php\/2024\/01\/30\/jardim-camburi-tem-novo-cmei-pronto-para-o-ano-letivo-de-2024\/\" \/>\n<meta property=\"og:locale\" content=\"pt_BR\" \/>\n<meta property=\"og:type\" content=\"article\" \/>\n<meta property=\"og:title\" content=\"Jardim Camburi tem novo Cmei pronto para o ano letivo de 2024 - Jornal Fatos e Not\u00edcias\" \/>\n<meta property=\"og:description\" content=\"Por Lu\u00eds Oliveira Um novo marco para o bairro Jardim Camburi. O Centro Municipal de Educa\u00e7\u00e3o Infantil em Tempo Integral (Cmei TI) Rubens Jos\u00e9 Vervloet Gomes est\u00e1 pronto para receber as crian\u00e7as para o ano letivo de 2024. O prefeito de Vit\u00f3ria, Lorenzo Pazolini, e a secret\u00e1ria de Educa\u00e7\u00e3o, Juliana Rohsner fizeram uma visita t\u00e9cnica [&hellip;]\" \/>\n<meta property=\"og:url\" content=\"https:\/\/jornalfatosenoticias.com.br\/index.php\/2024\/01\/30\/jardim-camburi-tem-novo-cmei-pronto-para-o-ano-letivo-de-2024\/\" \/>\n<meta property=\"og:site_name\" content=\"Jornal Fatos e Not\u00edcias\" \/>\n<meta property=\"article:published_time\" content=\"2024-01-30T18:43:37+00:00\" \/>\n<meta property=\"article:modified_time\" content=\"2024-01-30T18:43:38+00:00\" \/>\n<meta property=\"og:image\" content=\"https:\/\/jornalfatosenoticias.com.br\/wp-content\/uploads\/2024\/01\/nova-creche-Jardim-Camburi.jpg\" \/>\n\t<meta property=\"og:image:width\" content=\"800\" \/>\n\t<meta property=\"og:image:height\" content=\"532\" \/>\n\t<meta property=\"og:image:type\" content=\"image\/jpeg\" \/>\n<meta name=\"author\" content=\"Luzimara Fernandes\" \/>\n<meta name=\"twitter:card\" content=\"summary_large_image\" \/>\n<meta name=\"twitter:label1\" content=\"Escrito por\" \/>\n\t<meta name=\"twitter:data1\" content=\"Luzimara Fernandes\" \/>\n\t<meta name=\"twitter:label2\" content=\"Est. tempo de leitura\" \/>\n\t<meta name=\"twitter:data2\" content=\"2 minutos\" \/>\n<script type=\"application\/ld+json\" class=\"yoast-schema-graph\">{\"@context\":\"https:\/\/schema.org\",\"@graph\":[{\"@type\":\"Article\",\"@id\":\"https:\/\/jornalfatosenoticias.com.br\/index.php\/2024\/01\/30\/jardim-camburi-tem-novo-cmei-pronto-para-o-ano-letivo-de-2024\/#article\",\"isPartOf\":{\"@id\":\"https:\/\/jornalfatosenoticias.com.br\/index.php\/2024\/01\/30\/jardim-camburi-tem-novo-cmei-pronto-para-o-ano-letivo-de-2024\/\"},\"author\":{\"name\":\"Luzimara Fernandes\",\"@id\":\"https:\/\/jornalfatosenoticias.com.br\/#\/schema\/person\/d63837fa13ac8666eb9e74e0985d6f81\"},\"headline\":\"Jardim Camburi tem novo Cmei pronto para o ano letivo de 2024\",\"datePublished\":\"2024-01-30T18:43:37+00:00\",\"dateModified\":\"2024-01-30T18:43:38+00:00\",\"mainEntityOfPage\":{\"@id\":\"https:\/\/jornalfatosenoticias.com.br\/index.php\/2024\/01\/30\/jardim-camburi-tem-novo-cmei-pronto-para-o-ano-letivo-de-2024\/\"},\"wordCount\":473,\"commentCount\":0,\"publisher\":{\"@id\":\"https:\/\/jornalfatosenoticias.com.br\/#organization\"},\"image\":{\"@id\":\"https:\/\/jornalfatosenoticias.com.br\/index.php\/2024\/01\/30\/jardim-camburi-tem-novo-cmei-pronto-para-o-ano-letivo-de-2024\/#primaryimage\"},\"thumbnailUrl\":\"https:\/\/jornalfatosenoticias.com.br\/wp-content\/uploads\/2024\/01\/nova-creche-Jardim-Camburi.jpg\",\"keywords\":[\"ano letivo de 2024\",\"Jardim Camburi\",\"novo Cmei\",\"Prefeitura de Vit\u00f3ria\"],\"articleSection\":[\"Educa\u00e7\u00e3o\"],\"inLanguage\":\"pt-BR\",\"potentialAction\":[{\"@type\":\"CommentAction\",\"name\":\"Comment\",\"target\":[\"https:\/\/jornalfatosenoticias.com.br\/index.php\/2024\/01\/30\/jardim-camburi-tem-novo-cmei-pronto-para-o-ano-letivo-de-2024\/#respond\"]}]},{\"@type\":\"WebPage\",\"@id\":\"https:\/\/jornalfatosenoticias.com.br\/index.php\/2024\/01\/30\/jardim-camburi-tem-novo-cmei-pronto-para-o-ano-letivo-de-2024\/\",\"url\":\"https:\/\/jornalfatosenoticias.com.br\/index.php\/2024\/01\/30\/jardim-camburi-tem-novo-cmei-pronto-para-o-ano-letivo-de-2024\/\",\"name\":\"Jardim Camburi tem novo Cmei pronto para o ano letivo de 2024 - Jornal Fatos e Not\u00edcias\",\"isPartOf\":{\"@id\":\"https:\/\/jornalfatosenoticias.com.br\/#website\"},\"primaryImageOfPage\":{\"@id\":\"https:\/\/jornalfatosenoticias.com.br\/index.php\/2024\/01\/30\/jardim-camburi-tem-novo-cmei-pronto-para-o-ano-letivo-de-2024\/#primaryimage\"},\"image\":{\"@id\":\"https:\/\/jornalfatosenoticias.com.br\/index.php\/2024\/01\/30\/jardim-camburi-tem-novo-cmei-pronto-para-o-ano-letivo-de-2024\/#primaryimage\"},\"thumbnailUrl\":\"https:\/\/jornalfatosenoticias.com.br\/wp-content\/uploads\/2024\/01\/nova-creche-Jardim-Camburi.jpg\",\"datePublished\":\"2024-01-30T18:43:37+00:00\",\"dateModified\":\"2024-01-30T18:43:38+00:00\",\"breadcrumb\":{\"@id\":\"https:\/\/jornalfatosenoticias.com.br\/index.php\/2024\/01\/30\/jardim-camburi-tem-novo-cmei-pronto-para-o-ano-letivo-de-2024\/#breadcrumb\"},\"inLanguage\":\"pt-BR\",\"potentialAction\":[{\"@type\":\"ReadAction\",\"target\":[\"https:\/\/jornalfatosenoticias.com.br\/index.php\/2024\/01\/30\/jardim-camburi-tem-novo-cmei-pronto-para-o-ano-letivo-de-2024\/\"]}]},{\"@type\":\"ImageObject\",\"inLanguage\":\"pt-BR\",\"@id\":\"https:\/\/jornalfatosenoticias.com.br\/index.php\/2024\/01\/30\/jardim-camburi-tem-novo-cmei-pronto-para-o-ano-letivo-de-2024\/#primaryimage\",\"url\":\"https:\/\/jornalfatosenoticias.com.br\/wp-content\/uploads\/2024\/01\/nova-creche-Jardim-Camburi.jpg\",\"contentUrl\":\"https:\/\/jornalfatosenoticias.com.br\/wp-content\/uploads\/2024\/01\/nova-creche-Jardim-Camburi.jpg\",\"width\":800,\"height\":532,\"caption\":\"Visita t\u00e9cnica de inaugura\u00e7\u00e3o no CEMEI Rubens Vervolet\"},{\"@type\":\"BreadcrumbList\",\"@id\":\"https:\/\/jornalfatosenoticias.com.br\/index.php\/2024\/01\/30\/jardim-camburi-tem-novo-cmei-pronto-para-o-ano-letivo-de-2024\/#breadcrumb\",\"itemListElement\":[{\"@type\":\"ListItem\",\"position\":1,\"name\":\"In\u00edcio\",\"item\":\"https:\/\/jornalfatosenoticias.com.br\/\"},{\"@type\":\"ListItem\",\"position\":2,\"name\":\"Jardim Camburi tem novo Cmei pronto para o ano letivo de 2024\"}]},{\"@type\":\"WebSite\",\"@id\":\"https:\/\/jornalfatosenoticias.com.br\/#website\",\"url\":\"https:\/\/jornalfatosenoticias.com.br\/\",\"name\":\"Jornal Fatos e Not\u00edcias\",\"description\":\"Not\u00edcias em geral\",\"publisher\":{\"@id\":\"https:\/\/jornalfatosenoticias.com.br\/#organization\"},\"potentialAction\":[{\"@type\":\"SearchAction\",\"target\":{\"@type\":\"EntryPoint\",\"urlTemplate\":\"https:\/\/jornalfatosenoticias.com.br\/?s={search_term_string}\"},\"query-input\":{\"@type\":\"PropertyValueSpecification\",\"valueRequired\":true,\"valueName\":\"search_term_string\"}}],\"inLanguage\":\"pt-BR\"},{\"@type\":\"Organization\",\"@id\":\"https:\/\/jornalfatosenoticias.com.br\/#organization\",\"name\":\"Jornal Fatos e Not\u00edcias\",\"url\":\"https:\/\/jornalfatosenoticias.com.br\/\",\"logo\":{\"@type\":\"ImageObject\",\"inLanguage\":\"pt-BR\",\"@id\":\"https:\/\/jornalfatosenoticias.com.br\/#\/schema\/logo\/image\/\",\"url\":\"https:\/\/jornalfatosenoticias.com.br\/wp-content\/uploads\/2020\/02\/logo120.png\",\"contentUrl\":\"https:\/\/jornalfatosenoticias.com.br\/wp-content\/uploads\/2020\/02\/logo120.png\",\"width\":1227,\"height\":120,\"caption\":\"Jornal Fatos e Not\u00edcias\"},\"image\":{\"@id\":\"https:\/\/jornalfatosenoticias.com.br\/#\/schema\/logo\/image\/\"}},{\"@type\":\"Person\",\"@id\":\"https:\/\/jornalfatosenoticias.com.br\/#\/schema\/person\/d63837fa13ac8666eb9e74e0985d6f81\",\"name\":\"Luzimara Fernandes\",\"image\":{\"@type\":\"ImageObject\",\"inLanguage\":\"pt-BR\",\"@id\":\"https:\/\/jornalfatosenoticias.com.br\/#\/schema\/person\/image\/\",\"url\":\"https:\/\/jornalfatosenoticias.com.br\/wp-content\/uploads\/2025\/05\/EU_portal.jpg\",\"contentUrl\":\"https:\/\/jornalfatosenoticias.com.br\/wp-content\/uploads\/2025\/05\/EU_portal.jpg\",\"caption\":\"Luzimara Fernandes\"},\"description\":\"Jornalista MTB 2358-ES\",\"sameAs\":[\"https:\/\/jornalfatosenoticias.com.br\"],\"url\":\"https:\/\/jornalfatosenoticias.com.br\/index.php\/author\/luzimara\/\"}]}<\/script>\n<!-- \/ Yoast SEO plugin. -->","yoast_head_json":{"title":"Jardim Camburi tem novo Cmei pronto para o ano letivo de 2024 - Jornal Fatos e Not\u00edcias","robots":{"index":"index","follow":"follow","max-snippet":"max-snippet:-1","max-image-preview":"max-image-preview:large","max-video-preview":"max-video-preview:-1"},"canonical":"https:\/\/jornalfatosenoticias.com.br\/index.php\/2024\/01\/30\/jardim-camburi-tem-novo-cmei-pronto-para-o-ano-letivo-de-2024\/","og_locale":"pt_BR","og_type":"article","og_title":"Jardim Camburi tem novo Cmei pronto para o ano letivo de 2024 - Jornal Fatos e Not\u00edcias","og_description":"Por Lu\u00eds Oliveira Um novo marco para o bairro Jardim Camburi. O Centro Municipal de Educa\u00e7\u00e3o Infantil em Tempo Integral (Cmei TI) Rubens Jos\u00e9 Vervloet Gomes est\u00e1 pronto para receber as crian\u00e7as para o ano letivo de 2024. O prefeito de Vit\u00f3ria, Lorenzo Pazolini, e a secret\u00e1ria de Educa\u00e7\u00e3o, Juliana Rohsner fizeram uma visita t\u00e9cnica [&hellip;]","og_url":"https:\/\/jornalfatosenoticias.com.br\/index.php\/2024\/01\/30\/jardim-camburi-tem-novo-cmei-pronto-para-o-ano-letivo-de-2024\/","og_site_name":"Jornal Fatos e Not\u00edcias","article_published_time":"2024-01-30T18:43:37+00:00","article_modified_time":"2024-01-30T18:43:38+00:00","og_image":[{"width":800,"height":532,"url":"https:\/\/jornalfatosenoticias.com.br\/wp-content\/uploads\/2024\/01\/nova-creche-Jardim-Camburi.jpg","type":"image\/jpeg"}],"author":"Luzimara Fernandes","twitter_card":"summary_large_image","twitter_misc":{"Escrito por":"Luzimara Fernandes","Est. tempo de leitura":"2 minutos"},"schema":{"@context":"https:\/\/schema.org","@graph":[{"@type":"Article","@id":"https:\/\/jornalfatosenoticias.com.br\/index.php\/2024\/01\/30\/jardim-camburi-tem-novo-cmei-pronto-para-o-ano-letivo-de-2024\/#article","isPartOf":{"@id":"https:\/\/jornalfatosenoticias.com.br\/index.php\/2024\/01\/30\/jardim-camburi-tem-novo-cmei-pronto-para-o-ano-letivo-de-2024\/"},"author":{"name":"Luzimara Fernandes","@id":"https:\/\/jornalfatosenoticias.com.br\/#\/schema\/person\/d63837fa13ac8666eb9e74e0985d6f81"},"headline":"Jardim Camburi tem novo Cmei pronto para o ano letivo de 2024","datePublished":"2024-01-30T18:43:37+00:00","dateModified":"2024-01-30T18:43:38+00:00","mainEntityOfPage":{"@id":"https:\/\/jornalfatosenoticias.com.br\/index.php\/2024\/01\/30\/jardim-camburi-tem-novo-cmei-pronto-para-o-ano-letivo-de-2024\/"},"wordCount":473,"commentCount":0,"publisher":{"@id":"https:\/\/jornalfatosenoticias.com.br\/#organization"},"image":{"@id":"https:\/\/jornalfatosenoticias.com.br\/index.php\/2024\/01\/30\/jardim-camburi-tem-novo-cmei-pronto-para-o-ano-letivo-de-2024\/#primaryimage"},"thumbnailUrl":"https:\/\/jornalfatosenoticias.com.br\/wp-content\/uploads\/2024\/01\/nova-creche-Jardim-Camburi.jpg","keywords":["ano letivo de 2024","Jardim Camburi","novo Cmei","Prefeitura de Vit\u00f3ria"],"articleSection":["Educa\u00e7\u00e3o"],"inLanguage":"pt-BR","potentialAction":[{"@type":"CommentAction","name":"Comment","target":["https:\/\/jornalfatosenoticias.com.br\/index.php\/2024\/01\/30\/jardim-camburi-tem-novo-cmei-pronto-para-o-ano-letivo-de-2024\/#respond"]}]},{"@type":"WebPage","@id":"https:\/\/jornalfatosenoticias.com.br\/index.php\/2024\/01\/30\/jardim-camburi-tem-novo-cmei-pronto-para-o-ano-letivo-de-2024\/","url":"https:\/\/jornalfatosenoticias.com.br\/index.php\/2024\/01\/30\/jardim-camburi-tem-novo-cmei-pronto-para-o-ano-letivo-de-2024\/","name":"Jardim Camburi tem novo Cmei pronto para o ano letivo de 2024 - Jornal Fatos e Not\u00edcias","isPartOf":{"@id":"https:\/\/jornalfatosenoticias.com.br\/#website"},"primaryImageOfPage":{"@id":"https:\/\/jornalfatosenoticias.com.br\/index.php\/2024\/01\/30\/jardim-camburi-tem-novo-cmei-pronto-para-o-ano-letivo-de-2024\/#primaryimage"},"image":{"@id":"https:\/\/jornalfatosenoticias.com.br\/index.php\/2024\/01\/30\/jardim-camburi-tem-novo-cmei-pronto-para-o-ano-letivo-de-2024\/#primaryimage"},"thumbnailUrl":"https:\/\/jornalfatosenoticias.com.br\/wp-content\/uploads\/2024\/01\/nova-creche-Jardim-Camburi.jpg","datePublished":"2024-01-30T18:43:37+00:00","dateModified":"2024-01-30T18:43:38+00:00","breadcrumb":{"@id":"https:\/\/jornalfatosenoticias.com.br\/index.php\/2024\/01\/30\/jardim-camburi-tem-novo-cmei-pronto-para-o-ano-letivo-de-2024\/#breadcrumb"},"inLanguage":"pt-BR","potentialAction":[{"@type":"ReadAction","target":["https:\/\/jornalfatosenoticias.com.br\/index.php\/2024\/01\/30\/jardim-camburi-tem-novo-cmei-pronto-para-o-ano-letivo-de-2024\/"]}]},{"@type":"ImageObject","inLanguage":"pt-BR","@id":"https:\/\/jornalfatosenoticias.com.br\/index.php\/2024\/01\/30\/jardim-camburi-tem-novo-cmei-pronto-para-o-ano-letivo-de-2024\/#primaryimage","url":"https:\/\/jornalfatosenoticias.com.br\/wp-content\/uploads\/2024\/01\/nova-creche-Jardim-Camburi.jpg","contentUrl":"https:\/\/jornalfatosenoticias.com.br\/wp-content\/uploads\/2024\/01\/nova-creche-Jardim-Camburi.jpg","width":800,"height":532,"caption":"Visita t\u00e9cnica de inaugura\u00e7\u00e3o no CEMEI Rubens Vervolet"},{"@type":"BreadcrumbList","@id":"https:\/\/jornalfatosenoticias.com.br\/index.php\/2024\/01\/30\/jardim-camburi-tem-novo-cmei-pronto-para-o-ano-letivo-de-2024\/#breadcrumb","itemListElement":[{"@type":"ListItem","position":1,"name":"In\u00edcio","item":"https:\/\/jornalfatosenoticias.com.br\/"},{"@type":"ListItem","position":2,"name":"Jardim Camburi tem novo Cmei pronto para o ano letivo de 2024"}]},{"@type":"WebSite","@id":"https:\/\/jornalfatosenoticias.com.br\/#website","url":"https:\/\/jornalfatosenoticias.com.br\/","name":"Jornal Fatos e Not\u00edcias","description":"Not\u00edcias em geral","publisher":{"@id":"https:\/\/jornalfatosenoticias.com.br\/#organization"},"potentialAction":[{"@type":"SearchAction","target":{"@type":"EntryPoint","urlTemplate":"https:\/\/jornalfatosenoticias.com.br\/?s={search_term_string}"},"query-input":{"@type":"PropertyValueSpecification","valueRequired":true,"valueName":"search_term_string"}}],"inLanguage":"pt-BR"},{"@type":"Organization","@id":"https:\/\/jornalfatosenoticias.com.br\/#organization","name":"Jornal Fatos e Not\u00edcias","url":"https:\/\/jornalfatosenoticias.com.br\/","logo":{"@type":"ImageObject","inLanguage":"pt-BR","@id":"https:\/\/jornalfatosenoticias.com.br\/#\/schema\/logo\/image\/","url":"https:\/\/jornalfatosenoticias.com.br\/wp-content\/uploads\/2020\/02\/logo120.png","contentUrl":"https:\/\/jornalfatosenoticias.com.br\/wp-content\/uploads\/2020\/02\/logo120.png","width":1227,"height":120,"caption":"Jornal Fatos e Not\u00edcias"},"image":{"@id":"https:\/\/jornalfatosenoticias.com.br\/#\/schema\/logo\/image\/"}},{"@type":"Person","@id":"https:\/\/jornalfatosenoticias.com.br\/#\/schema\/person\/d63837fa13ac8666eb9e74e0985d6f81","name":"Luzimara Fernandes","image":{"@type":"ImageObject","inLanguage":"pt-BR","@id":"https:\/\/jornalfatosenoticias.com.br\/#\/schema\/person\/image\/","url":"https:\/\/jornalfatosenoticias.com.br\/wp-content\/uploads\/2025\/05\/EU_portal.jpg","contentUrl":"https:\/\/jornalfatosenoticias.com.br\/wp-content\/uploads\/2025\/05\/EU_portal.jpg","caption":"Luzimara Fernandes"},"description":"Jornalista MTB 2358-ES","sameAs":["https:\/\/jornalfatosenoticias.com.br"],"url":"https:\/\/jornalfatosenoticias.com.br\/index.php\/author\/luzimara\/"}]}},"cc_featured_image_caption":{"caption_text":"(Foto: Marcos Salles\/PMV) ","source_text":"","source_url":""},"jetpack_featured_media_url":"https:\/\/jornalfatosenoticias.com.br\/wp-content\/uploads\/2024\/01\/nova-creche-Jardim-Camburi.jpg","_links":{"self":[{"href":"https:\/\/jornalfatosenoticias.com.br\/index.php\/wp-json\/wp\/v2\/posts\/48866","targetHints":{"allow":["GET"]}}],"collection":[{"href":"https:\/\/jornalfatosenoticias.com.br\/index.php\/wp-json\/wp\/v2\/posts"}],"about":[{"href":"https:\/\/jornalfatosenoticias.com.br\/index.php\/wp-json\/wp\/v2\/types\/post"}],"author":[{"embeddable":true,"href":"https:\/\/jornalfatosenoticias.com.br\/index.php\/wp-json\/wp\/v2\/users\/2"}],"replies":[{"embeddable":true,"href":"https:\/\/jornalfatosenoticias.com.br\/index.php\/wp-json\/wp\/v2\/comments?post=48866"}],"version-history":[{"count":0,"href":"https:\/\/jornalfatosenoticias.com.br\/index.php\/wp-json\/wp\/v2\/posts\/48866\/revisions"}],"wp:featuredmedia":[{"embeddable":true,"href":"https:\/\/jornalfatosenoticias.com.br\/index.php\/wp-json\/wp\/v2\/media\/48867"}],"wp:attachment":[{"href":"https:\/\/jornalfatosenoticias.com.br\/index.php\/wp-json\/wp\/v2\/media?parent=48866"}],"wp:term":[{"taxonomy":"category","embeddable":true,"href":"https:\/\/jornalfatosenoticias.com.br\/index.php\/wp-json\/wp\/v2\/categories?post=48866"},{"taxonomy":"post_tag","embeddable":true,"href":"https:\/\/jornalfatosenoticias.com.br\/index.php\/wp-json\/wp\/v2\/tags?post=48866"}],"curies":[{"name":"wp","href":"https:\/\/api.w.org\/{rel}","templated":true}]}}