{"id":48869,"date":"2024-01-30T15:51:45","date_gmt":"2024-01-30T18:51:45","guid":{"rendered":"https:\/\/jornalfatosenoticias.com.br\/?p=48869"},"modified":"2024-01-30T15:51:47","modified_gmt":"2024-01-30T18:51:47","slug":"possiveis-movimentacoes-em-lua-de-jupiter-intrigam-cientistas","status":"publish","type":"post","link":"https:\/\/jornalfatosenoticias.com.br\/index.php\/2024\/01\/30\/possiveis-movimentacoes-em-lua-de-jupiter-intrigam-cientistas\/","title":{"rendered":"Poss\u00edveis \u201cmovimenta\u00e7\u00f5es\u201d em lua de J\u00fapiter intrigam cientistas"},"content":{"rendered":"\n<p><em><span class=\"has-inline-color has-black-color\">Pesquisadores compararam imagens captadas pela sonda Juno e fotos da lua Europa tiradas por miss\u00e3o que estudou J\u00fapiter de 1995 a 2003<\/span><\/em><\/p>\n\n\n\n<p><span class=\"has-inline-color has-black-color\">Por <strong><a href=\"https:\/\/olhardigital.com.br\/author\/alessandro-lorenzo\/\">Alessandro Di Lorenzo<\/a><\/strong><\/span><\/p>\n\n\n\n<div class=\"wp-block-image\"><figure class=\"aligncenter size-large\"><img loading=\"lazy\" decoding=\"async\" width=\"1024\" height=\"109\" src=\"https:\/\/jornalfatosenoticias.com.br\/wp-content\/uploads\/2020\/02\/Propaganda-RC-Radiadores-Jornal_page-0001-1024x109.jpg\" alt=\"\" class=\"wp-image-35278\" srcset=\"https:\/\/jornalfatosenoticias.com.br\/wp-content\/uploads\/2020\/02\/Propaganda-RC-Radiadores-Jornal_page-0001-1024x109.jpg 1024w, https:\/\/jornalfatosenoticias.com.br\/wp-content\/uploads\/2020\/02\/Propaganda-RC-Radiadores-Jornal_page-0001-300x32.jpg 300w, https:\/\/jornalfatosenoticias.com.br\/wp-content\/uploads\/2020\/02\/Propaganda-RC-Radiadores-Jornal_page-0001-768x82.jpg 768w, https:\/\/jornalfatosenoticias.com.br\/wp-content\/uploads\/2020\/02\/Propaganda-RC-Radiadores-Jornal_page-0001.jpg 1220w\" sizes=\"auto, (max-width: 1024px) 100vw, 1024px\" \/><\/figure><\/div>\n\n\n\n<p>A sonda Juno, da <a href=\"https:\/\/olhardigital.com.br\/tag\/nasa\/\" target=\"_blank\" rel=\"noreferrer noopener\">Nasa<\/a>, encontrou o que podem ser poss\u00edveis ind\u00edcios de atividade da superf\u00edcie de uma das luas de\u00a0<a href=\"https:\/\/olhardigital.com.br\/tag\/jupiter\/\" target=\"_blank\" rel=\"noreferrer noopener\">J\u00fapiter<\/a>. A Unidade de Refer\u00eancia Estelar (SRU) foi usada para fotografar a superf\u00edcie de Europa com alta resolu\u00e7\u00e3o.<br>A imagem do sobrevoo mostra uma \u00e1rea da superf\u00edcie gelada da lua com um formato estranho. A regi\u00e3o possui grandes blocos de gelo que cerca de um quil\u00f4metro de tamanho e projetam sombras. A partir da imagem, pesquisadores compararam os resultados com fotos do mesmo local tiradas pela sonda Galileu, que estudou J\u00fapiter de 1995 a 2003.<br>Essa an\u00e1lise indicou que houve mudan\u00e7as na superf\u00edcie da <a href=\"https:\/\/olhardigital.com.br\/tag\/lua-europa\/\" target=\"_blank\" rel=\"noreferrer noopener\">lua Europa<\/a> durante este per\u00edodo. O estudo foi publicado na revista <a href=\"https:\/\/agupubs.onlinelibrary.wiley.com\/doi\/full\/10.1029\/2023JE008105\" target=\"_blank\" rel=\"noreferrer noopener\">JGR Planets<\/a>. As informa\u00e7\u00f5es s\u00e3o da <a href=\"https:\/\/www.space.com\/nasa-juno-europa-icy-moon-surface-activity\" target=\"_blank\" rel=\"noreferrer noopener\">Space.com<\/a>. Apesar dos ind\u00edcios, a equipe de cientistas do Laborat\u00f3rio de Propuls\u00e3o a Jato (JPL) da Nasa, liderada por Heidi N. Becker, afirma que as evid\u00eancias s\u00e3o inconclusivas devido a diferen\u00e7as na qualidade e nas condi\u00e7\u00f5es das imagens.<\/p>\n\n\n\n<div class=\"wp-block-image\"><figure class=\"aligncenter size-large is-resized\"><img loading=\"lazy\" decoding=\"async\" src=\"https:\/\/jornalfatosenoticias.com.br\/wp-content\/uploads\/2020\/02\/CONTROL-CS.jpg\" alt=\"\" class=\"wp-image-44991\" width=\"352\" height=\"422\" srcset=\"https:\/\/jornalfatosenoticias.com.br\/wp-content\/uploads\/2020\/02\/CONTROL-CS.jpg 834w, https:\/\/jornalfatosenoticias.com.br\/wp-content\/uploads\/2020\/02\/CONTROL-CS-250x300.jpg 250w, https:\/\/jornalfatosenoticias.com.br\/wp-content\/uploads\/2020\/02\/CONTROL-CS-768x921.jpg 768w\" sizes=\"auto, (max-width: 352px) 100vw, 352px\" \/><\/figure><\/div>\n\n\n\n<p>As fotos de 2022 tamb\u00e9m incluem dep\u00f3sitos pr\u00f3ximos de baixo albedo que podem estar associados \u00e0 \u00e1gua l\u00edquida subsuperficial, dizem os pesquisadores. Essas manchas escuras podem estar associadas a plumas que acredita-se estarem expelindo \u00e1gua.<\/p>\n\n\n\n<div class=\"wp-block-image\"><figure class=\"aligncenter size-large is-resized\"><img loading=\"lazy\" decoding=\"async\" src=\"https:\/\/jornalfatosenoticias.com.br\/wp-content\/uploads\/2023\/08\/ITH.jpeg\" alt=\"\" class=\"wp-image-44638\" width=\"356\" height=\"289\" srcset=\"https:\/\/jornalfatosenoticias.com.br\/wp-content\/uploads\/2023\/08\/ITH.jpeg 800w, https:\/\/jornalfatosenoticias.com.br\/wp-content\/uploads\/2023\/08\/ITH-300x244.jpeg 300w, https:\/\/jornalfatosenoticias.com.br\/wp-content\/uploads\/2023\/08\/ITH-768x624.jpeg 768w\" sizes=\"auto, (max-width: 356px) 100vw, 356px\" \/><\/figure><\/div>\n\n\n\n<p>Novas miss\u00f5es previstas para os pr\u00f3ximos anos devem agora investigar essa poss\u00edvel atividade da superf\u00edcie da lua Europa. A miss\u00e3o JUICE, por exemplo, foi lan\u00e7ada em abril do ano passado e chegar\u00e1 a J\u00fapiter em dezembro de 2031. J\u00e1 o Europa Clipper est\u00e1 programado para ser lan\u00e7ado em 6 de outubro deste ano em um foguete Falcon Heavy, projetado pela empresa SpaceX.<\/p>\n\n\n\n<div class=\"wp-block-image\"><figure class=\"aligncenter size-large is-resized\"><img loading=\"lazy\" decoding=\"async\" src=\"https:\/\/jornalfatosenoticias.com.br\/wp-content\/uploads\/2023\/08\/BKR-1024x1021.jpg\" alt=\"\" class=\"wp-image-44494\" width=\"310\" height=\"309\" srcset=\"https:\/\/jornalfatosenoticias.com.br\/wp-content\/uploads\/2023\/08\/BKR-1024x1021.jpg 1024w, https:\/\/jornalfatosenoticias.com.br\/wp-content\/uploads\/2023\/08\/BKR-300x300.jpg 300w, https:\/\/jornalfatosenoticias.com.br\/wp-content\/uploads\/2023\/08\/BKR-150x150.jpg 150w, https:\/\/jornalfatosenoticias.com.br\/wp-content\/uploads\/2023\/08\/BKR-768x766.jpg 768w, https:\/\/jornalfatosenoticias.com.br\/wp-content\/uploads\/2023\/08\/BKR.jpg 1080w\" sizes=\"auto, (max-width: 310px) 100vw, 310px\" \/><\/figure><\/div>\n\n\n\n<p><strong><em>Fonte: <a href=\"https:\/\/olhardigital.com.br\/2024\/01\/26\/ciencia-e-espaco\/possiveis-movimentacoes-em-lua-de-jupiter-intriga-cientistas\/\">Olhar Digital<\/a><\/em><\/strong><\/p>\n","protected":false},"excerpt":{"rendered":"<p>Pesquisadores compararam imagens captadas pela sonda Juno e fotos da lua Europa tiradas por miss\u00e3o que estudou J\u00fapiter de 1995 a 2003 Por Alessandro Di Lorenzo A sonda Juno, da Nasa, encontrou o que podem ser poss\u00edveis ind\u00edcios de atividade da superf\u00edcie de uma das luas de\u00a0J\u00fapiter. A Unidade de Refer\u00eancia Estelar (SRU) foi usada [&hellip;]<\/p>\n","protected":false},"author":2,"featured_media":48870,"comment_status":"open","ping_status":"open","sticky":false,"template":"","format":"standard","meta":{"footnotes":""},"categories":[2],"tags":[1745,22699,17405,164],"class_list":["post-48869","post","type-post","status-publish","format-standard","has-post-thumbnail","hentry","category-ciencia","tag-jupiter","tag-lua-europa","tag-luas-de-jupiter","tag-nasa"],"yoast_head":"<!-- This site is optimized with the Yoast SEO plugin v26.5 - https:\/\/yoast.com\/wordpress\/plugins\/seo\/ -->\n<title>Poss\u00edveis \u201cmovimenta\u00e7\u00f5es\u201d em lua de J\u00fapiter intrigam cientistas - Jornal Fatos e Not\u00edcias<\/title>\n<meta name=\"robots\" content=\"index, follow, max-snippet:-1, max-image-preview:large, max-video-preview:-1\" \/>\n<link rel=\"canonical\" href=\"https:\/\/jornalfatosenoticias.com.br\/index.php\/2024\/01\/30\/possiveis-movimentacoes-em-lua-de-jupiter-intrigam-cientistas\/\" \/>\n<meta property=\"og:locale\" content=\"pt_BR\" \/>\n<meta property=\"og:type\" content=\"article\" \/>\n<meta property=\"og:title\" content=\"Poss\u00edveis \u201cmovimenta\u00e7\u00f5es\u201d em lua de J\u00fapiter intrigam cientistas - Jornal Fatos e Not\u00edcias\" \/>\n<meta property=\"og:description\" content=\"Pesquisadores compararam imagens captadas pela sonda Juno e fotos da lua Europa tiradas por miss\u00e3o que estudou J\u00fapiter de 1995 a 2003 Por Alessandro Di Lorenzo A sonda Juno, da Nasa, encontrou o que podem ser poss\u00edveis ind\u00edcios de atividade da superf\u00edcie de uma das luas de\u00a0J\u00fapiter. A Unidade de Refer\u00eancia Estelar (SRU) foi usada [&hellip;]\" \/>\n<meta property=\"og:url\" content=\"https:\/\/jornalfatosenoticias.com.br\/index.php\/2024\/01\/30\/possiveis-movimentacoes-em-lua-de-jupiter-intrigam-cientistas\/\" \/>\n<meta property=\"og:site_name\" content=\"Jornal Fatos e Not\u00edcias\" \/>\n<meta property=\"article:published_time\" content=\"2024-01-30T18:51:45+00:00\" \/>\n<meta property=\"article:modified_time\" content=\"2024-01-30T18:51:47+00:00\" \/>\n<meta property=\"og:image\" content=\"https:\/\/jornalfatosenoticias.com.br\/wp-content\/uploads\/2024\/01\/lua-europa-de-jupiter.jpg\" \/>\n\t<meta property=\"og:image:width\" content=\"1000\" \/>\n\t<meta property=\"og:image:height\" content=\"798\" \/>\n\t<meta property=\"og:image:type\" content=\"image\/jpeg\" \/>\n<meta name=\"author\" content=\"Luzimara Fernandes\" \/>\n<meta name=\"twitter:card\" content=\"summary_large_image\" \/>\n<meta name=\"twitter:label1\" content=\"Escrito por\" \/>\n\t<meta name=\"twitter:data1\" content=\"Luzimara Fernandes\" \/>\n\t<meta name=\"twitter:label2\" content=\"Est. tempo de leitura\" \/>\n\t<meta name=\"twitter:data2\" content=\"2 minutos\" \/>\n<script type=\"application\/ld+json\" class=\"yoast-schema-graph\">{\"@context\":\"https:\/\/schema.org\",\"@graph\":[{\"@type\":\"Article\",\"@id\":\"https:\/\/jornalfatosenoticias.com.br\/index.php\/2024\/01\/30\/possiveis-movimentacoes-em-lua-de-jupiter-intrigam-cientistas\/#article\",\"isPartOf\":{\"@id\":\"https:\/\/jornalfatosenoticias.com.br\/index.php\/2024\/01\/30\/possiveis-movimentacoes-em-lua-de-jupiter-intrigam-cientistas\/\"},\"author\":{\"name\":\"Luzimara Fernandes\",\"@id\":\"https:\/\/jornalfatosenoticias.com.br\/#\/schema\/person\/d63837fa13ac8666eb9e74e0985d6f81\"},\"headline\":\"Poss\u00edveis \u201cmovimenta\u00e7\u00f5es\u201d em lua de J\u00fapiter intrigam cientistas\",\"datePublished\":\"2024-01-30T18:51:45+00:00\",\"dateModified\":\"2024-01-30T18:51:47+00:00\",\"mainEntityOfPage\":{\"@id\":\"https:\/\/jornalfatosenoticias.com.br\/index.php\/2024\/01\/30\/possiveis-movimentacoes-em-lua-de-jupiter-intrigam-cientistas\/\"},\"wordCount\":328,\"commentCount\":0,\"publisher\":{\"@id\":\"https:\/\/jornalfatosenoticias.com.br\/#organization\"},\"image\":{\"@id\":\"https:\/\/jornalfatosenoticias.com.br\/index.php\/2024\/01\/30\/possiveis-movimentacoes-em-lua-de-jupiter-intrigam-cientistas\/#primaryimage\"},\"thumbnailUrl\":\"https:\/\/jornalfatosenoticias.com.br\/wp-content\/uploads\/2024\/01\/lua-europa-de-jupiter.jpg\",\"keywords\":[\"J\u00fapiter\",\"lua Europa\",\"Luas de J\u00fapiter\",\"Nasa\"],\"articleSection\":[\"Ci\u00eancia\"],\"inLanguage\":\"pt-BR\",\"potentialAction\":[{\"@type\":\"CommentAction\",\"name\":\"Comment\",\"target\":[\"https:\/\/jornalfatosenoticias.com.br\/index.php\/2024\/01\/30\/possiveis-movimentacoes-em-lua-de-jupiter-intrigam-cientistas\/#respond\"]}]},{\"@type\":\"WebPage\",\"@id\":\"https:\/\/jornalfatosenoticias.com.br\/index.php\/2024\/01\/30\/possiveis-movimentacoes-em-lua-de-jupiter-intrigam-cientistas\/\",\"url\":\"https:\/\/jornalfatosenoticias.com.br\/index.php\/2024\/01\/30\/possiveis-movimentacoes-em-lua-de-jupiter-intrigam-cientistas\/\",\"name\":\"Poss\u00edveis \u201cmovimenta\u00e7\u00f5es\u201d em lua de J\u00fapiter intrigam cientistas - Jornal Fatos e Not\u00edcias\",\"isPartOf\":{\"@id\":\"https:\/\/jornalfatosenoticias.com.br\/#website\"},\"primaryImageOfPage\":{\"@id\":\"https:\/\/jornalfatosenoticias.com.br\/index.php\/2024\/01\/30\/possiveis-movimentacoes-em-lua-de-jupiter-intrigam-cientistas\/#primaryimage\"},\"image\":{\"@id\":\"https:\/\/jornalfatosenoticias.com.br\/index.php\/2024\/01\/30\/possiveis-movimentacoes-em-lua-de-jupiter-intrigam-cientistas\/#primaryimage\"},\"thumbnailUrl\":\"https:\/\/jornalfatosenoticias.com.br\/wp-content\/uploads\/2024\/01\/lua-europa-de-jupiter.jpg\",\"datePublished\":\"2024-01-30T18:51:45+00:00\",\"dateModified\":\"2024-01-30T18:51:47+00:00\",\"breadcrumb\":{\"@id\":\"https:\/\/jornalfatosenoticias.com.br\/index.php\/2024\/01\/30\/possiveis-movimentacoes-em-lua-de-jupiter-intrigam-cientistas\/#breadcrumb\"},\"inLanguage\":\"pt-BR\",\"potentialAction\":[{\"@type\":\"ReadAction\",\"target\":[\"https:\/\/jornalfatosenoticias.com.br\/index.php\/2024\/01\/30\/possiveis-movimentacoes-em-lua-de-jupiter-intrigam-cientistas\/\"]}]},{\"@type\":\"ImageObject\",\"inLanguage\":\"pt-BR\",\"@id\":\"https:\/\/jornalfatosenoticias.com.br\/index.php\/2024\/01\/30\/possiveis-movimentacoes-em-lua-de-jupiter-intrigam-cientistas\/#primaryimage\",\"url\":\"https:\/\/jornalfatosenoticias.com.br\/wp-content\/uploads\/2024\/01\/lua-europa-de-jupiter.jpg\",\"contentUrl\":\"https:\/\/jornalfatosenoticias.com.br\/wp-content\/uploads\/2024\/01\/lua-europa-de-jupiter.jpg\",\"width\":1000,\"height\":798},{\"@type\":\"BreadcrumbList\",\"@id\":\"https:\/\/jornalfatosenoticias.com.br\/index.php\/2024\/01\/30\/possiveis-movimentacoes-em-lua-de-jupiter-intrigam-cientistas\/#breadcrumb\",\"itemListElement\":[{\"@type\":\"ListItem\",\"position\":1,\"name\":\"In\u00edcio\",\"item\":\"https:\/\/jornalfatosenoticias.com.br\/\"},{\"@type\":\"ListItem\",\"position\":2,\"name\":\"Poss\u00edveis \u201cmovimenta\u00e7\u00f5es\u201d em lua de J\u00fapiter intrigam cientistas\"}]},{\"@type\":\"WebSite\",\"@id\":\"https:\/\/jornalfatosenoticias.com.br\/#website\",\"url\":\"https:\/\/jornalfatosenoticias.com.br\/\",\"name\":\"Jornal Fatos e Not\u00edcias\",\"description\":\"Not\u00edcias em geral\",\"publisher\":{\"@id\":\"https:\/\/jornalfatosenoticias.com.br\/#organization\"},\"potentialAction\":[{\"@type\":\"SearchAction\",\"target\":{\"@type\":\"EntryPoint\",\"urlTemplate\":\"https:\/\/jornalfatosenoticias.com.br\/?s={search_term_string}\"},\"query-input\":{\"@type\":\"PropertyValueSpecification\",\"valueRequired\":true,\"valueName\":\"search_term_string\"}}],\"inLanguage\":\"pt-BR\"},{\"@type\":\"Organization\",\"@id\":\"https:\/\/jornalfatosenoticias.com.br\/#organization\",\"name\":\"Jornal Fatos e Not\u00edcias\",\"url\":\"https:\/\/jornalfatosenoticias.com.br\/\",\"logo\":{\"@type\":\"ImageObject\",\"inLanguage\":\"pt-BR\",\"@id\":\"https:\/\/jornalfatosenoticias.com.br\/#\/schema\/logo\/image\/\",\"url\":\"https:\/\/jornalfatosenoticias.com.br\/wp-content\/uploads\/2020\/02\/logo120.png\",\"contentUrl\":\"https:\/\/jornalfatosenoticias.com.br\/wp-content\/uploads\/2020\/02\/logo120.png\",\"width\":1227,\"height\":120,\"caption\":\"Jornal Fatos e Not\u00edcias\"},\"image\":{\"@id\":\"https:\/\/jornalfatosenoticias.com.br\/#\/schema\/logo\/image\/\"}},{\"@type\":\"Person\",\"@id\":\"https:\/\/jornalfatosenoticias.com.br\/#\/schema\/person\/d63837fa13ac8666eb9e74e0985d6f81\",\"name\":\"Luzimara Fernandes\",\"image\":{\"@type\":\"ImageObject\",\"inLanguage\":\"pt-BR\",\"@id\":\"https:\/\/jornalfatosenoticias.com.br\/#\/schema\/person\/image\/\",\"url\":\"https:\/\/jornalfatosenoticias.com.br\/wp-content\/uploads\/2025\/05\/EU_portal.jpg\",\"contentUrl\":\"https:\/\/jornalfatosenoticias.com.br\/wp-content\/uploads\/2025\/05\/EU_portal.jpg\",\"caption\":\"Luzimara Fernandes\"},\"description\":\"Jornalista MTB 2358-ES\",\"sameAs\":[\"https:\/\/jornalfatosenoticias.com.br\"],\"url\":\"https:\/\/jornalfatosenoticias.com.br\/index.php\/author\/luzimara\/\"}]}<\/script>\n<!-- \/ Yoast SEO plugin. -->","yoast_head_json":{"title":"Poss\u00edveis \u201cmovimenta\u00e7\u00f5es\u201d em lua de J\u00fapiter intrigam cientistas - Jornal Fatos e Not\u00edcias","robots":{"index":"index","follow":"follow","max-snippet":"max-snippet:-1","max-image-preview":"max-image-preview:large","max-video-preview":"max-video-preview:-1"},"canonical":"https:\/\/jornalfatosenoticias.com.br\/index.php\/2024\/01\/30\/possiveis-movimentacoes-em-lua-de-jupiter-intrigam-cientistas\/","og_locale":"pt_BR","og_type":"article","og_title":"Poss\u00edveis \u201cmovimenta\u00e7\u00f5es\u201d em lua de J\u00fapiter intrigam cientistas - Jornal Fatos e Not\u00edcias","og_description":"Pesquisadores compararam imagens captadas pela sonda Juno e fotos da lua Europa tiradas por miss\u00e3o que estudou J\u00fapiter de 1995 a 2003 Por Alessandro Di Lorenzo A sonda Juno, da Nasa, encontrou o que podem ser poss\u00edveis ind\u00edcios de atividade da superf\u00edcie de uma das luas de\u00a0J\u00fapiter. A Unidade de Refer\u00eancia Estelar (SRU) foi usada [&hellip;]","og_url":"https:\/\/jornalfatosenoticias.com.br\/index.php\/2024\/01\/30\/possiveis-movimentacoes-em-lua-de-jupiter-intrigam-cientistas\/","og_site_name":"Jornal Fatos e Not\u00edcias","article_published_time":"2024-01-30T18:51:45+00:00","article_modified_time":"2024-01-30T18:51:47+00:00","og_image":[{"width":1000,"height":798,"url":"https:\/\/jornalfatosenoticias.com.br\/wp-content\/uploads\/2024\/01\/lua-europa-de-jupiter.jpg","type":"image\/jpeg"}],"author":"Luzimara Fernandes","twitter_card":"summary_large_image","twitter_misc":{"Escrito por":"Luzimara Fernandes","Est. tempo de leitura":"2 minutos"},"schema":{"@context":"https:\/\/schema.org","@graph":[{"@type":"Article","@id":"https:\/\/jornalfatosenoticias.com.br\/index.php\/2024\/01\/30\/possiveis-movimentacoes-em-lua-de-jupiter-intrigam-cientistas\/#article","isPartOf":{"@id":"https:\/\/jornalfatosenoticias.com.br\/index.php\/2024\/01\/30\/possiveis-movimentacoes-em-lua-de-jupiter-intrigam-cientistas\/"},"author":{"name":"Luzimara Fernandes","@id":"https:\/\/jornalfatosenoticias.com.br\/#\/schema\/person\/d63837fa13ac8666eb9e74e0985d6f81"},"headline":"Poss\u00edveis \u201cmovimenta\u00e7\u00f5es\u201d em lua de J\u00fapiter intrigam cientistas","datePublished":"2024-01-30T18:51:45+00:00","dateModified":"2024-01-30T18:51:47+00:00","mainEntityOfPage":{"@id":"https:\/\/jornalfatosenoticias.com.br\/index.php\/2024\/01\/30\/possiveis-movimentacoes-em-lua-de-jupiter-intrigam-cientistas\/"},"wordCount":328,"commentCount":0,"publisher":{"@id":"https:\/\/jornalfatosenoticias.com.br\/#organization"},"image":{"@id":"https:\/\/jornalfatosenoticias.com.br\/index.php\/2024\/01\/30\/possiveis-movimentacoes-em-lua-de-jupiter-intrigam-cientistas\/#primaryimage"},"thumbnailUrl":"https:\/\/jornalfatosenoticias.com.br\/wp-content\/uploads\/2024\/01\/lua-europa-de-jupiter.jpg","keywords":["J\u00fapiter","lua Europa","Luas de J\u00fapiter","Nasa"],"articleSection":["Ci\u00eancia"],"inLanguage":"pt-BR","potentialAction":[{"@type":"CommentAction","name":"Comment","target":["https:\/\/jornalfatosenoticias.com.br\/index.php\/2024\/01\/30\/possiveis-movimentacoes-em-lua-de-jupiter-intrigam-cientistas\/#respond"]}]},{"@type":"WebPage","@id":"https:\/\/jornalfatosenoticias.com.br\/index.php\/2024\/01\/30\/possiveis-movimentacoes-em-lua-de-jupiter-intrigam-cientistas\/","url":"https:\/\/jornalfatosenoticias.com.br\/index.php\/2024\/01\/30\/possiveis-movimentacoes-em-lua-de-jupiter-intrigam-cientistas\/","name":"Poss\u00edveis \u201cmovimenta\u00e7\u00f5es\u201d em lua de J\u00fapiter intrigam cientistas - Jornal Fatos e Not\u00edcias","isPartOf":{"@id":"https:\/\/jornalfatosenoticias.com.br\/#website"},"primaryImageOfPage":{"@id":"https:\/\/jornalfatosenoticias.com.br\/index.php\/2024\/01\/30\/possiveis-movimentacoes-em-lua-de-jupiter-intrigam-cientistas\/#primaryimage"},"image":{"@id":"https:\/\/jornalfatosenoticias.com.br\/index.php\/2024\/01\/30\/possiveis-movimentacoes-em-lua-de-jupiter-intrigam-cientistas\/#primaryimage"},"thumbnailUrl":"https:\/\/jornalfatosenoticias.com.br\/wp-content\/uploads\/2024\/01\/lua-europa-de-jupiter.jpg","datePublished":"2024-01-30T18:51:45+00:00","dateModified":"2024-01-30T18:51:47+00:00","breadcrumb":{"@id":"https:\/\/jornalfatosenoticias.com.br\/index.php\/2024\/01\/30\/possiveis-movimentacoes-em-lua-de-jupiter-intrigam-cientistas\/#breadcrumb"},"inLanguage":"pt-BR","potentialAction":[{"@type":"ReadAction","target":["https:\/\/jornalfatosenoticias.com.br\/index.php\/2024\/01\/30\/possiveis-movimentacoes-em-lua-de-jupiter-intrigam-cientistas\/"]}]},{"@type":"ImageObject","inLanguage":"pt-BR","@id":"https:\/\/jornalfatosenoticias.com.br\/index.php\/2024\/01\/30\/possiveis-movimentacoes-em-lua-de-jupiter-intrigam-cientistas\/#primaryimage","url":"https:\/\/jornalfatosenoticias.com.br\/wp-content\/uploads\/2024\/01\/lua-europa-de-jupiter.jpg","contentUrl":"https:\/\/jornalfatosenoticias.com.br\/wp-content\/uploads\/2024\/01\/lua-europa-de-jupiter.jpg","width":1000,"height":798},{"@type":"BreadcrumbList","@id":"https:\/\/jornalfatosenoticias.com.br\/index.php\/2024\/01\/30\/possiveis-movimentacoes-em-lua-de-jupiter-intrigam-cientistas\/#breadcrumb","itemListElement":[{"@type":"ListItem","position":1,"name":"In\u00edcio","item":"https:\/\/jornalfatosenoticias.com.br\/"},{"@type":"ListItem","position":2,"name":"Poss\u00edveis \u201cmovimenta\u00e7\u00f5es\u201d em lua de J\u00fapiter intrigam cientistas"}]},{"@type":"WebSite","@id":"https:\/\/jornalfatosenoticias.com.br\/#website","url":"https:\/\/jornalfatosenoticias.com.br\/","name":"Jornal Fatos e Not\u00edcias","description":"Not\u00edcias em geral","publisher":{"@id":"https:\/\/jornalfatosenoticias.com.br\/#organization"},"potentialAction":[{"@type":"SearchAction","target":{"@type":"EntryPoint","urlTemplate":"https:\/\/jornalfatosenoticias.com.br\/?s={search_term_string}"},"query-input":{"@type":"PropertyValueSpecification","valueRequired":true,"valueName":"search_term_string"}}],"inLanguage":"pt-BR"},{"@type":"Organization","@id":"https:\/\/jornalfatosenoticias.com.br\/#organization","name":"Jornal Fatos e Not\u00edcias","url":"https:\/\/jornalfatosenoticias.com.br\/","logo":{"@type":"ImageObject","inLanguage":"pt-BR","@id":"https:\/\/jornalfatosenoticias.com.br\/#\/schema\/logo\/image\/","url":"https:\/\/jornalfatosenoticias.com.br\/wp-content\/uploads\/2020\/02\/logo120.png","contentUrl":"https:\/\/jornalfatosenoticias.com.br\/wp-content\/uploads\/2020\/02\/logo120.png","width":1227,"height":120,"caption":"Jornal Fatos e Not\u00edcias"},"image":{"@id":"https:\/\/jornalfatosenoticias.com.br\/#\/schema\/logo\/image\/"}},{"@type":"Person","@id":"https:\/\/jornalfatosenoticias.com.br\/#\/schema\/person\/d63837fa13ac8666eb9e74e0985d6f81","name":"Luzimara Fernandes","image":{"@type":"ImageObject","inLanguage":"pt-BR","@id":"https:\/\/jornalfatosenoticias.com.br\/#\/schema\/person\/image\/","url":"https:\/\/jornalfatosenoticias.com.br\/wp-content\/uploads\/2025\/05\/EU_portal.jpg","contentUrl":"https:\/\/jornalfatosenoticias.com.br\/wp-content\/uploads\/2025\/05\/EU_portal.jpg","caption":"Luzimara Fernandes"},"description":"Jornalista MTB 2358-ES","sameAs":["https:\/\/jornalfatosenoticias.com.br"],"url":"https:\/\/jornalfatosenoticias.com.br\/index.php\/author\/luzimara\/"}]}},"cc_featured_image_caption":{"caption_text":"(Foto: Shutterstock) ","source_text":"","source_url":""},"jetpack_featured_media_url":"https:\/\/jornalfatosenoticias.com.br\/wp-content\/uploads\/2024\/01\/lua-europa-de-jupiter.jpg","_links":{"self":[{"href":"https:\/\/jornalfatosenoticias.com.br\/index.php\/wp-json\/wp\/v2\/posts\/48869","targetHints":{"allow":["GET"]}}],"collection":[{"href":"https:\/\/jornalfatosenoticias.com.br\/index.php\/wp-json\/wp\/v2\/posts"}],"about":[{"href":"https:\/\/jornalfatosenoticias.com.br\/index.php\/wp-json\/wp\/v2\/types\/post"}],"author":[{"embeddable":true,"href":"https:\/\/jornalfatosenoticias.com.br\/index.php\/wp-json\/wp\/v2\/users\/2"}],"replies":[{"embeddable":true,"href":"https:\/\/jornalfatosenoticias.com.br\/index.php\/wp-json\/wp\/v2\/comments?post=48869"}],"version-history":[{"count":0,"href":"https:\/\/jornalfatosenoticias.com.br\/index.php\/wp-json\/wp\/v2\/posts\/48869\/revisions"}],"wp:featuredmedia":[{"embeddable":true,"href":"https:\/\/jornalfatosenoticias.com.br\/index.php\/wp-json\/wp\/v2\/media\/48870"}],"wp:attachment":[{"href":"https:\/\/jornalfatosenoticias.com.br\/index.php\/wp-json\/wp\/v2\/media?parent=48869"}],"wp:term":[{"taxonomy":"category","embeddable":true,"href":"https:\/\/jornalfatosenoticias.com.br\/index.php\/wp-json\/wp\/v2\/categories?post=48869"},{"taxonomy":"post_tag","embeddable":true,"href":"https:\/\/jornalfatosenoticias.com.br\/index.php\/wp-json\/wp\/v2\/tags?post=48869"}],"curies":[{"name":"wp","href":"https:\/\/api.w.org\/{rel}","templated":true}]}}