{"id":4887,"date":"2020-05-26T10:46:45","date_gmt":"2020-05-26T13:46:45","guid":{"rendered":"https:\/\/jornalfatosenoticias.com.br\/?p=4887"},"modified":"2020-05-26T10:46:50","modified_gmt":"2020-05-26T13:46:50","slug":"botafogo-e-fluminense-querem-impugnacao-do-arbitral-da-ferj","status":"publish","type":"post","link":"https:\/\/jornalfatosenoticias.com.br\/index.php\/2020\/05\/26\/botafogo-e-fluminense-querem-impugnacao-do-arbitral-da-ferj\/","title":{"rendered":"Botafogo e Fluminense querem impugna\u00e7\u00e3o do arbitral da Ferj"},"content":{"rendered":"\n<h6 class=\"wp-block-heading\"><em>Clubes consideram precoce o retorno das atividades<\/em><\/h6>\n\n\n\n<p>A bola segue dividida entre os grandes clubes cariocas. Seguindo diversos protocolos de seguran\u00e7a para evitar o novo coronav\u00edrus (covid-19), Vasco e Flamengo defendem a volta do futebol. Do outro lado, Botafogo e Fluminense se mant\u00eam contr\u00e1rios e pedem agora o cancelamento do arbitral da Federa\u00e7\u00e3o de Futebol do Estado do Rio de Janeiro (Ferj), que tinha o aval da Prefeitura do Rio de Janeiro para voltar aos treinos nesta ter\u00e7a (26) e prev\u00ea o rein\u00edcio do campeonato estadual em 14 de junho.<br>Em coletiva nesta segunda (25), o prefeito do Rio, Marcello Crivella explicou que o retorno da competi\u00e7\u00e3o vai depender da curva de casos da doen\u00e7a no pr\u00f3ximo m\u00eas: \u201cN\u00f3s propusemos jogos em julho sem torcida, mas os clubes pediram para verificar a curva em meados de junho. Se ser\u00e1 na segunda quinzena de junho a volta do Carioca, ainda n\u00e3o podemos prometer\u201d.<br>Alvinegros e tricolores n\u00e3o estiveram presentes na reuni\u00e3o da Ferj com a Prefeitura e agora pedem o cancelamento das decis\u00f5es tomadas pelo Arbitral. O documento, assinado pelos presidentes Nelson Mufarrej e M\u00e1rio Bittencourt (Botafogo e Fluminense), traz 30 itens e considera precoce o retorno do futebol, indicando como desnecess\u00e1rio colocar em risco a sa\u00fade de atletas, funcion\u00e1rios e familiares deles neste momento.<br>Uma sa\u00edda apontada pelo arbitral seria realizar jogos em locais menos afetados pela pandemia. Segundo o boletim divulgado na noite desta segunda pela Secretaria Estadual de Sa\u00fade, o Rio tem 39.298 casos e covid-19 e 4.105 \u00f3bitos. Deste n\u00famero, 22.466 casos se concentram na capital, que registra 2.831 mortes.<\/p>\n\n\n\n<p><strong><em>Fonte: <a href=\"https:\/\/agenciabrasil.ebc.com.br\/esportes\/noticia\/2020-05\/botafogo-e-fluminense-querem-impugnacao-do-arbitral-da-ferj\">Ag\u00eancia Brasil<\/a><\/em><\/strong><\/p>\n","protected":false},"excerpt":{"rendered":"<p>Clubes consideram precoce o retorno das atividades A bola segue dividida entre os grandes clubes cariocas. Seguindo diversos protocolos de seguran\u00e7a para evitar o novo coronav\u00edrus (covid-19), Vasco e Flamengo defendem a volta do futebol. Do outro lado, Botafogo e Fluminense se mant\u00eam contr\u00e1rios e pedem agora o cancelamento do arbitral da Federa\u00e7\u00e3o de Futebol [&hellip;]<\/p>\n","protected":false},"author":2,"featured_media":4888,"comment_status":"open","ping_status":"open","sticky":false,"template":"","format":"standard","meta":{"footnotes":""},"categories":[12],"tags":[73,43,2907,632,330],"class_list":["post-4887","post","type-post","status-publish","format-standard","has-post-thumbnail","hentry","category-esportes","tag-coronavirus","tag-esportes","tag-ferj","tag-futebol","tag-pandemia"],"yoast_head":"<!-- This site is optimized with the Yoast SEO plugin v26.5 - https:\/\/yoast.com\/wordpress\/plugins\/seo\/ -->\n<title>Botafogo e Fluminense querem impugna\u00e7\u00e3o do arbitral da Ferj - Jornal Fatos e Not\u00edcias<\/title>\n<meta name=\"robots\" content=\"index, follow, max-snippet:-1, max-image-preview:large, max-video-preview:-1\" \/>\n<link rel=\"canonical\" href=\"https:\/\/jornalfatosenoticias.com.br\/index.php\/2020\/05\/26\/botafogo-e-fluminense-querem-impugnacao-do-arbitral-da-ferj\/\" \/>\n<meta property=\"og:locale\" content=\"pt_BR\" \/>\n<meta property=\"og:type\" content=\"article\" \/>\n<meta property=\"og:title\" content=\"Botafogo e Fluminense querem impugna\u00e7\u00e3o do arbitral da Ferj - Jornal Fatos e Not\u00edcias\" \/>\n<meta property=\"og:description\" content=\"Clubes consideram precoce o retorno das atividades A bola segue dividida entre os grandes clubes cariocas. Seguindo diversos protocolos de seguran\u00e7a para evitar o novo coronav\u00edrus (covid-19), Vasco e Flamengo defendem a volta do futebol. Do outro lado, Botafogo e Fluminense se mant\u00eam contr\u00e1rios e pedem agora o cancelamento do arbitral da Federa\u00e7\u00e3o de Futebol [&hellip;]\" \/>\n<meta property=\"og:url\" content=\"https:\/\/jornalfatosenoticias.com.br\/index.php\/2020\/05\/26\/botafogo-e-fluminense-querem-impugnacao-do-arbitral-da-ferj\/\" \/>\n<meta property=\"og:site_name\" content=\"Jornal Fatos e Not\u00edcias\" \/>\n<meta property=\"article:published_time\" content=\"2020-05-26T13:46:45+00:00\" \/>\n<meta property=\"article:modified_time\" content=\"2020-05-26T13:46:50+00:00\" \/>\n<meta property=\"og:image\" content=\"https:\/\/jornalfatosenoticias.com.br\/wp-content\/uploads\/2020\/05\/treino_chuteira.jpg\" \/>\n\t<meta property=\"og:image:width\" content=\"1000\" \/>\n\t<meta property=\"og:image:height\" content=\"598\" \/>\n\t<meta property=\"og:image:type\" content=\"image\/jpeg\" \/>\n<meta name=\"author\" content=\"Luzimara Fernandes\" \/>\n<meta name=\"twitter:card\" content=\"summary_large_image\" \/>\n<meta name=\"twitter:label1\" content=\"Escrito por\" \/>\n\t<meta name=\"twitter:data1\" content=\"Luzimara Fernandes\" \/>\n\t<meta name=\"twitter:label2\" content=\"Est. tempo de leitura\" \/>\n\t<meta name=\"twitter:data2\" content=\"1 minuto\" \/>\n<script type=\"application\/ld+json\" class=\"yoast-schema-graph\">{\"@context\":\"https:\/\/schema.org\",\"@graph\":[{\"@type\":\"Article\",\"@id\":\"https:\/\/jornalfatosenoticias.com.br\/index.php\/2020\/05\/26\/botafogo-e-fluminense-querem-impugnacao-do-arbitral-da-ferj\/#article\",\"isPartOf\":{\"@id\":\"https:\/\/jornalfatosenoticias.com.br\/index.php\/2020\/05\/26\/botafogo-e-fluminense-querem-impugnacao-do-arbitral-da-ferj\/\"},\"author\":{\"name\":\"Luzimara Fernandes\",\"@id\":\"https:\/\/jornalfatosenoticias.com.br\/#\/schema\/person\/d63837fa13ac8666eb9e74e0985d6f81\"},\"headline\":\"Botafogo e Fluminense querem impugna\u00e7\u00e3o do arbitral da Ferj\",\"datePublished\":\"2020-05-26T13:46:45+00:00\",\"dateModified\":\"2020-05-26T13:46:50+00:00\",\"mainEntityOfPage\":{\"@id\":\"https:\/\/jornalfatosenoticias.com.br\/index.php\/2020\/05\/26\/botafogo-e-fluminense-querem-impugnacao-do-arbitral-da-ferj\/\"},\"wordCount\":292,\"commentCount\":0,\"publisher\":{\"@id\":\"https:\/\/jornalfatosenoticias.com.br\/#organization\"},\"image\":{\"@id\":\"https:\/\/jornalfatosenoticias.com.br\/index.php\/2020\/05\/26\/botafogo-e-fluminense-querem-impugnacao-do-arbitral-da-ferj\/#primaryimage\"},\"thumbnailUrl\":\"https:\/\/jornalfatosenoticias.com.br\/wp-content\/uploads\/2020\/05\/treino_chuteira.jpg\",\"keywords\":[\"coronav\u00edrus\",\"esportes\",\"Ferj\",\"futebol\",\"pandemia\"],\"articleSection\":[\"Esportes\"],\"inLanguage\":\"pt-BR\",\"potentialAction\":[{\"@type\":\"CommentAction\",\"name\":\"Comment\",\"target\":[\"https:\/\/jornalfatosenoticias.com.br\/index.php\/2020\/05\/26\/botafogo-e-fluminense-querem-impugnacao-do-arbitral-da-ferj\/#respond\"]}]},{\"@type\":\"WebPage\",\"@id\":\"https:\/\/jornalfatosenoticias.com.br\/index.php\/2020\/05\/26\/botafogo-e-fluminense-querem-impugnacao-do-arbitral-da-ferj\/\",\"url\":\"https:\/\/jornalfatosenoticias.com.br\/index.php\/2020\/05\/26\/botafogo-e-fluminense-querem-impugnacao-do-arbitral-da-ferj\/\",\"name\":\"Botafogo e Fluminense querem impugna\u00e7\u00e3o do arbitral da Ferj - Jornal Fatos e Not\u00edcias\",\"isPartOf\":{\"@id\":\"https:\/\/jornalfatosenoticias.com.br\/#website\"},\"primaryImageOfPage\":{\"@id\":\"https:\/\/jornalfatosenoticias.com.br\/index.php\/2020\/05\/26\/botafogo-e-fluminense-querem-impugnacao-do-arbitral-da-ferj\/#primaryimage\"},\"image\":{\"@id\":\"https:\/\/jornalfatosenoticias.com.br\/index.php\/2020\/05\/26\/botafogo-e-fluminense-querem-impugnacao-do-arbitral-da-ferj\/#primaryimage\"},\"thumbnailUrl\":\"https:\/\/jornalfatosenoticias.com.br\/wp-content\/uploads\/2020\/05\/treino_chuteira.jpg\",\"datePublished\":\"2020-05-26T13:46:45+00:00\",\"dateModified\":\"2020-05-26T13:46:50+00:00\",\"breadcrumb\":{\"@id\":\"https:\/\/jornalfatosenoticias.com.br\/index.php\/2020\/05\/26\/botafogo-e-fluminense-querem-impugnacao-do-arbitral-da-ferj\/#breadcrumb\"},\"inLanguage\":\"pt-BR\",\"potentialAction\":[{\"@type\":\"ReadAction\",\"target\":[\"https:\/\/jornalfatosenoticias.com.br\/index.php\/2020\/05\/26\/botafogo-e-fluminense-querem-impugnacao-do-arbitral-da-ferj\/\"]}]},{\"@type\":\"ImageObject\",\"inLanguage\":\"pt-BR\",\"@id\":\"https:\/\/jornalfatosenoticias.com.br\/index.php\/2020\/05\/26\/botafogo-e-fluminense-querem-impugnacao-do-arbitral-da-ferj\/#primaryimage\",\"url\":\"https:\/\/jornalfatosenoticias.com.br\/wp-content\/uploads\/2020\/05\/treino_chuteira.jpg\",\"contentUrl\":\"https:\/\/jornalfatosenoticias.com.br\/wp-content\/uploads\/2020\/05\/treino_chuteira.jpg\",\"width\":1000,\"height\":598},{\"@type\":\"BreadcrumbList\",\"@id\":\"https:\/\/jornalfatosenoticias.com.br\/index.php\/2020\/05\/26\/botafogo-e-fluminense-querem-impugnacao-do-arbitral-da-ferj\/#breadcrumb\",\"itemListElement\":[{\"@type\":\"ListItem\",\"position\":1,\"name\":\"In\u00edcio\",\"item\":\"https:\/\/jornalfatosenoticias.com.br\/\"},{\"@type\":\"ListItem\",\"position\":2,\"name\":\"Botafogo e Fluminense querem impugna\u00e7\u00e3o do arbitral da Ferj\"}]},{\"@type\":\"WebSite\",\"@id\":\"https:\/\/jornalfatosenoticias.com.br\/#website\",\"url\":\"https:\/\/jornalfatosenoticias.com.br\/\",\"name\":\"Jornal Fatos e Not\u00edcias\",\"description\":\"Not\u00edcias em geral\",\"publisher\":{\"@id\":\"https:\/\/jornalfatosenoticias.com.br\/#organization\"},\"potentialAction\":[{\"@type\":\"SearchAction\",\"target\":{\"@type\":\"EntryPoint\",\"urlTemplate\":\"https:\/\/jornalfatosenoticias.com.br\/?s={search_term_string}\"},\"query-input\":{\"@type\":\"PropertyValueSpecification\",\"valueRequired\":true,\"valueName\":\"search_term_string\"}}],\"inLanguage\":\"pt-BR\"},{\"@type\":\"Organization\",\"@id\":\"https:\/\/jornalfatosenoticias.com.br\/#organization\",\"name\":\"Jornal Fatos e Not\u00edcias\",\"url\":\"https:\/\/jornalfatosenoticias.com.br\/\",\"logo\":{\"@type\":\"ImageObject\",\"inLanguage\":\"pt-BR\",\"@id\":\"https:\/\/jornalfatosenoticias.com.br\/#\/schema\/logo\/image\/\",\"url\":\"https:\/\/jornalfatosenoticias.com.br\/wp-content\/uploads\/2020\/02\/logo120.png\",\"contentUrl\":\"https:\/\/jornalfatosenoticias.com.br\/wp-content\/uploads\/2020\/02\/logo120.png\",\"width\":1227,\"height\":120,\"caption\":\"Jornal Fatos e Not\u00edcias\"},\"image\":{\"@id\":\"https:\/\/jornalfatosenoticias.com.br\/#\/schema\/logo\/image\/\"}},{\"@type\":\"Person\",\"@id\":\"https:\/\/jornalfatosenoticias.com.br\/#\/schema\/person\/d63837fa13ac8666eb9e74e0985d6f81\",\"name\":\"Luzimara Fernandes\",\"image\":{\"@type\":\"ImageObject\",\"inLanguage\":\"pt-BR\",\"@id\":\"https:\/\/jornalfatosenoticias.com.br\/#\/schema\/person\/image\/\",\"url\":\"https:\/\/jornalfatosenoticias.com.br\/wp-content\/uploads\/2025\/05\/EU_portal.jpg\",\"contentUrl\":\"https:\/\/jornalfatosenoticias.com.br\/wp-content\/uploads\/2025\/05\/EU_portal.jpg\",\"caption\":\"Luzimara Fernandes\"},\"description\":\"Jornalista MTB 2358-ES\",\"sameAs\":[\"https:\/\/jornalfatosenoticias.com.br\"],\"url\":\"https:\/\/jornalfatosenoticias.com.br\/index.php\/author\/luzimara\/\"}]}<\/script>\n<!-- \/ Yoast SEO plugin. -->","yoast_head_json":{"title":"Botafogo e Fluminense querem impugna\u00e7\u00e3o do arbitral da Ferj - Jornal Fatos e Not\u00edcias","robots":{"index":"index","follow":"follow","max-snippet":"max-snippet:-1","max-image-preview":"max-image-preview:large","max-video-preview":"max-video-preview:-1"},"canonical":"https:\/\/jornalfatosenoticias.com.br\/index.php\/2020\/05\/26\/botafogo-e-fluminense-querem-impugnacao-do-arbitral-da-ferj\/","og_locale":"pt_BR","og_type":"article","og_title":"Botafogo e Fluminense querem impugna\u00e7\u00e3o do arbitral da Ferj - Jornal Fatos e Not\u00edcias","og_description":"Clubes consideram precoce o retorno das atividades A bola segue dividida entre os grandes clubes cariocas. Seguindo diversos protocolos de seguran\u00e7a para evitar o novo coronav\u00edrus (covid-19), Vasco e Flamengo defendem a volta do futebol. Do outro lado, Botafogo e Fluminense se mant\u00eam contr\u00e1rios e pedem agora o cancelamento do arbitral da Federa\u00e7\u00e3o de Futebol [&hellip;]","og_url":"https:\/\/jornalfatosenoticias.com.br\/index.php\/2020\/05\/26\/botafogo-e-fluminense-querem-impugnacao-do-arbitral-da-ferj\/","og_site_name":"Jornal Fatos e Not\u00edcias","article_published_time":"2020-05-26T13:46:45+00:00","article_modified_time":"2020-05-26T13:46:50+00:00","og_image":[{"width":1000,"height":598,"url":"https:\/\/jornalfatosenoticias.com.br\/wp-content\/uploads\/2020\/05\/treino_chuteira.jpg","type":"image\/jpeg"}],"author":"Luzimara Fernandes","twitter_card":"summary_large_image","twitter_misc":{"Escrito por":"Luzimara Fernandes","Est. tempo de leitura":"1 minuto"},"schema":{"@context":"https:\/\/schema.org","@graph":[{"@type":"Article","@id":"https:\/\/jornalfatosenoticias.com.br\/index.php\/2020\/05\/26\/botafogo-e-fluminense-querem-impugnacao-do-arbitral-da-ferj\/#article","isPartOf":{"@id":"https:\/\/jornalfatosenoticias.com.br\/index.php\/2020\/05\/26\/botafogo-e-fluminense-querem-impugnacao-do-arbitral-da-ferj\/"},"author":{"name":"Luzimara Fernandes","@id":"https:\/\/jornalfatosenoticias.com.br\/#\/schema\/person\/d63837fa13ac8666eb9e74e0985d6f81"},"headline":"Botafogo e Fluminense querem impugna\u00e7\u00e3o do arbitral da Ferj","datePublished":"2020-05-26T13:46:45+00:00","dateModified":"2020-05-26T13:46:50+00:00","mainEntityOfPage":{"@id":"https:\/\/jornalfatosenoticias.com.br\/index.php\/2020\/05\/26\/botafogo-e-fluminense-querem-impugnacao-do-arbitral-da-ferj\/"},"wordCount":292,"commentCount":0,"publisher":{"@id":"https:\/\/jornalfatosenoticias.com.br\/#organization"},"image":{"@id":"https:\/\/jornalfatosenoticias.com.br\/index.php\/2020\/05\/26\/botafogo-e-fluminense-querem-impugnacao-do-arbitral-da-ferj\/#primaryimage"},"thumbnailUrl":"https:\/\/jornalfatosenoticias.com.br\/wp-content\/uploads\/2020\/05\/treino_chuteira.jpg","keywords":["coronav\u00edrus","esportes","Ferj","futebol","pandemia"],"articleSection":["Esportes"],"inLanguage":"pt-BR","potentialAction":[{"@type":"CommentAction","name":"Comment","target":["https:\/\/jornalfatosenoticias.com.br\/index.php\/2020\/05\/26\/botafogo-e-fluminense-querem-impugnacao-do-arbitral-da-ferj\/#respond"]}]},{"@type":"WebPage","@id":"https:\/\/jornalfatosenoticias.com.br\/index.php\/2020\/05\/26\/botafogo-e-fluminense-querem-impugnacao-do-arbitral-da-ferj\/","url":"https:\/\/jornalfatosenoticias.com.br\/index.php\/2020\/05\/26\/botafogo-e-fluminense-querem-impugnacao-do-arbitral-da-ferj\/","name":"Botafogo e Fluminense querem impugna\u00e7\u00e3o do arbitral da Ferj - Jornal Fatos e Not\u00edcias","isPartOf":{"@id":"https:\/\/jornalfatosenoticias.com.br\/#website"},"primaryImageOfPage":{"@id":"https:\/\/jornalfatosenoticias.com.br\/index.php\/2020\/05\/26\/botafogo-e-fluminense-querem-impugnacao-do-arbitral-da-ferj\/#primaryimage"},"image":{"@id":"https:\/\/jornalfatosenoticias.com.br\/index.php\/2020\/05\/26\/botafogo-e-fluminense-querem-impugnacao-do-arbitral-da-ferj\/#primaryimage"},"thumbnailUrl":"https:\/\/jornalfatosenoticias.com.br\/wp-content\/uploads\/2020\/05\/treino_chuteira.jpg","datePublished":"2020-05-26T13:46:45+00:00","dateModified":"2020-05-26T13:46:50+00:00","breadcrumb":{"@id":"https:\/\/jornalfatosenoticias.com.br\/index.php\/2020\/05\/26\/botafogo-e-fluminense-querem-impugnacao-do-arbitral-da-ferj\/#breadcrumb"},"inLanguage":"pt-BR","potentialAction":[{"@type":"ReadAction","target":["https:\/\/jornalfatosenoticias.com.br\/index.php\/2020\/05\/26\/botafogo-e-fluminense-querem-impugnacao-do-arbitral-da-ferj\/"]}]},{"@type":"ImageObject","inLanguage":"pt-BR","@id":"https:\/\/jornalfatosenoticias.com.br\/index.php\/2020\/05\/26\/botafogo-e-fluminense-querem-impugnacao-do-arbitral-da-ferj\/#primaryimage","url":"https:\/\/jornalfatosenoticias.com.br\/wp-content\/uploads\/2020\/05\/treino_chuteira.jpg","contentUrl":"https:\/\/jornalfatosenoticias.com.br\/wp-content\/uploads\/2020\/05\/treino_chuteira.jpg","width":1000,"height":598},{"@type":"BreadcrumbList","@id":"https:\/\/jornalfatosenoticias.com.br\/index.php\/2020\/05\/26\/botafogo-e-fluminense-querem-impugnacao-do-arbitral-da-ferj\/#breadcrumb","itemListElement":[{"@type":"ListItem","position":1,"name":"In\u00edcio","item":"https:\/\/jornalfatosenoticias.com.br\/"},{"@type":"ListItem","position":2,"name":"Botafogo e Fluminense querem impugna\u00e7\u00e3o do arbitral da Ferj"}]},{"@type":"WebSite","@id":"https:\/\/jornalfatosenoticias.com.br\/#website","url":"https:\/\/jornalfatosenoticias.com.br\/","name":"Jornal Fatos e Not\u00edcias","description":"Not\u00edcias em geral","publisher":{"@id":"https:\/\/jornalfatosenoticias.com.br\/#organization"},"potentialAction":[{"@type":"SearchAction","target":{"@type":"EntryPoint","urlTemplate":"https:\/\/jornalfatosenoticias.com.br\/?s={search_term_string}"},"query-input":{"@type":"PropertyValueSpecification","valueRequired":true,"valueName":"search_term_string"}}],"inLanguage":"pt-BR"},{"@type":"Organization","@id":"https:\/\/jornalfatosenoticias.com.br\/#organization","name":"Jornal Fatos e Not\u00edcias","url":"https:\/\/jornalfatosenoticias.com.br\/","logo":{"@type":"ImageObject","inLanguage":"pt-BR","@id":"https:\/\/jornalfatosenoticias.com.br\/#\/schema\/logo\/image\/","url":"https:\/\/jornalfatosenoticias.com.br\/wp-content\/uploads\/2020\/02\/logo120.png","contentUrl":"https:\/\/jornalfatosenoticias.com.br\/wp-content\/uploads\/2020\/02\/logo120.png","width":1227,"height":120,"caption":"Jornal Fatos e Not\u00edcias"},"image":{"@id":"https:\/\/jornalfatosenoticias.com.br\/#\/schema\/logo\/image\/"}},{"@type":"Person","@id":"https:\/\/jornalfatosenoticias.com.br\/#\/schema\/person\/d63837fa13ac8666eb9e74e0985d6f81","name":"Luzimara Fernandes","image":{"@type":"ImageObject","inLanguage":"pt-BR","@id":"https:\/\/jornalfatosenoticias.com.br\/#\/schema\/person\/image\/","url":"https:\/\/jornalfatosenoticias.com.br\/wp-content\/uploads\/2025\/05\/EU_portal.jpg","contentUrl":"https:\/\/jornalfatosenoticias.com.br\/wp-content\/uploads\/2025\/05\/EU_portal.jpg","caption":"Luzimara Fernandes"},"description":"Jornalista MTB 2358-ES","sameAs":["https:\/\/jornalfatosenoticias.com.br"],"url":"https:\/\/jornalfatosenoticias.com.br\/index.php\/author\/luzimara\/"}]}},"cc_featured_image_caption":{"caption_text":"Campeonato Carioca 2020","source_text":"","source_url":""},"jetpack_featured_media_url":"https:\/\/jornalfatosenoticias.com.br\/wp-content\/uploads\/2020\/05\/treino_chuteira.jpg","_links":{"self":[{"href":"https:\/\/jornalfatosenoticias.com.br\/index.php\/wp-json\/wp\/v2\/posts\/4887","targetHints":{"allow":["GET"]}}],"collection":[{"href":"https:\/\/jornalfatosenoticias.com.br\/index.php\/wp-json\/wp\/v2\/posts"}],"about":[{"href":"https:\/\/jornalfatosenoticias.com.br\/index.php\/wp-json\/wp\/v2\/types\/post"}],"author":[{"embeddable":true,"href":"https:\/\/jornalfatosenoticias.com.br\/index.php\/wp-json\/wp\/v2\/users\/2"}],"replies":[{"embeddable":true,"href":"https:\/\/jornalfatosenoticias.com.br\/index.php\/wp-json\/wp\/v2\/comments?post=4887"}],"version-history":[{"count":0,"href":"https:\/\/jornalfatosenoticias.com.br\/index.php\/wp-json\/wp\/v2\/posts\/4887\/revisions"}],"wp:featuredmedia":[{"embeddable":true,"href":"https:\/\/jornalfatosenoticias.com.br\/index.php\/wp-json\/wp\/v2\/media\/4888"}],"wp:attachment":[{"href":"https:\/\/jornalfatosenoticias.com.br\/index.php\/wp-json\/wp\/v2\/media?parent=4887"}],"wp:term":[{"taxonomy":"category","embeddable":true,"href":"https:\/\/jornalfatosenoticias.com.br\/index.php\/wp-json\/wp\/v2\/categories?post=4887"},{"taxonomy":"post_tag","embeddable":true,"href":"https:\/\/jornalfatosenoticias.com.br\/index.php\/wp-json\/wp\/v2\/tags?post=4887"}],"curies":[{"name":"wp","href":"https:\/\/api.w.org\/{rel}","templated":true}]}}