{"id":48875,"date":"2024-01-30T16:18:36","date_gmt":"2024-01-30T19:18:36","guid":{"rendered":"https:\/\/jornalfatosenoticias.com.br\/?p=48875"},"modified":"2024-01-30T16:18:36","modified_gmt":"2024-01-30T19:18:36","slug":"dinheiro-do-bndes-para-industria-reacende-temores-governo-diz-que-desta-vez-sera-diferente","status":"publish","type":"post","link":"https:\/\/jornalfatosenoticias.com.br\/index.php\/2024\/01\/30\/dinheiro-do-bndes-para-industria-reacende-temores-governo-diz-que-desta-vez-sera-diferente\/","title":{"rendered":"Dinheiro do BNDES para ind\u00fastria reacende temores; governo diz que desta vez ser\u00e1 diferente"},"content":{"rendered":"\n<p><span class=\"has-inline-color has-black-color\"><em>O presidente do BNDES, Alo\u00edzio Mercadante: participa\u00e7\u00e3o do banco no programa industrial do governo reacende temores sobre dinheiro do Tesouro e participa\u00e7\u00e3o do banco em empresas, mas governo diz que desta vez ser\u00e1 diferente<\/em><\/span><\/p>\n\n\n\n<p><span class=\"has-inline-color has-black-color\">Por<\/span> <strong><a href=\"https:\/\/www.gazetadopovo.com.br\/autor\/raphaela-ribas\/\">Raphaela Ribas<\/a><\/strong><\/p>\n\n\n\n<div class=\"wp-block-image\"><figure class=\"aligncenter size-large\"><img loading=\"lazy\" decoding=\"async\" width=\"729\" height=\"90\" src=\"https:\/\/jornalfatosenoticias.com.br\/wp-content\/uploads\/2020\/02\/Logo_Mizu.png\" alt=\"\" class=\"wp-image-1441\" srcset=\"https:\/\/jornalfatosenoticias.com.br\/wp-content\/uploads\/2020\/02\/Logo_Mizu.png 729w, https:\/\/jornalfatosenoticias.com.br\/wp-content\/uploads\/2020\/02\/Logo_Mizu-300x37.png 300w\" sizes=\"auto, (max-width: 729px) 100vw, 729px\" \/><\/figure><\/div>\n\n\n\n<p>Ao anunciar seu programa de est\u00edmulo \u00e0 ind\u00fastria, o governo de Luiz In\u00e1cio Lula da Silva (PT) prometeu cerca de R$ 300 bilh\u00f5es para o setor at\u00e9 2026. A maior parte desse valor, cerca de R$ 250 bilh\u00f5es, vir\u00e1 de financiamentos e outros aportes do BNDES. Batizado de Nova Ind\u00fastria Brasil, o programa foi saudado pelo empresariado do setor \u2014 que, no entanto, cobrou mais recursos \u2014 e recebido com muitas reservas pelo mercado financeiro e economistas liberais.<\/p>\n\n\n\n<blockquote class=\"wp-block-quote is-layout-flow wp-block-quote-is-layout-flow\"><p>O temor \u00e9 de que o governo ressuscite velhos &#8220;fantasmas&#8221; de gest\u00f5es anteriores do PT, como a famigerada pol\u00edtica das empresas campe\u00e3s nacionais, que consumiu centenas de bilh\u00f5es de reais \u2014 de dinheiro do contribuinte \u2014 em benef\u00edcio de empresas escolhidas a dedo.<\/p><\/blockquote>\n\n\n\n<p>A maior preocupa\u00e7\u00e3o foi com a possibilidade de que o Tesouro voltasse a repassar dinheiro do contribuinte para o BNDES apoiar empresas com juros abaixo de mercado. Tamb\u00e9m chamou aten\u00e7\u00e3o o an\u00fancio do presidente do banco, Alo\u00edzio Mercadante, de que a institui\u00e7\u00e3o ter\u00e1 R$ 8 bilh\u00f5es para &#8220;equity&#8221;, ou seja, participa\u00e7\u00e3o acion\u00e1ria em empresas. A declara\u00e7\u00e3o deu a entender que o BNDES voltaria a comprar a\u00e7\u00f5es e ser s\u00f3cio de empresas, pr\u00e1tica controversa de tempos passados que foi revertida em grande parte durante o governo de Jair Bolsonaro (PL).<\/p>\n\n\n\n<div class=\"wp-block-image\"><figure class=\"aligncenter size-large\"><img loading=\"lazy\" decoding=\"async\" width=\"300\" height=\"250\" src=\"https:\/\/jornalfatosenoticias.com.br\/wp-content\/uploads\/2022\/02\/FERRARI_MAQUINAS-E-FERRAMENTAS2.jpg\" alt=\"\" class=\"wp-image-27860\"\/><\/figure><\/div>\n\n\n\n<p>As a\u00e7\u00f5es que o BNDES det\u00e9m em empresas privadas s\u00e3o usadas pelo governo para tentar influenciar seus rumos e tamb\u00e9m para acomodar aliados em conselhos de administra\u00e7\u00e3o. No ano passado, chamou aten\u00e7\u00e3o a indica\u00e7\u00e3o dos ministros Anielle Franco, da Igualdade Racial, e Carlos Lupi, da Previd\u00eancia, para o conselho da metal\u00fargica Tupy. Ap\u00f3s o epis\u00f3dio, o banco admitiu que pretendia &#8220;maximizar&#8221; sua participa\u00e7\u00e3o nas empresas.<br>Ao falar dos R$ 8 bilh\u00f5es destinados a participa\u00e7\u00f5es acion\u00e1rias, Mercadante salientou o objetivo de investir em empresas da cadeia de ve\u00edculos el\u00e9tricos.<\/p>\n\n\n\n<div class=\"wp-block-image\"><figure class=\"aligncenter size-large is-resized\"><img loading=\"lazy\" decoding=\"async\" src=\"https:\/\/jornalfatosenoticias.com.br\/wp-content\/uploads\/2022\/02\/Precisao-Contabilidade-1024x724.jpg\" alt=\"\" class=\"wp-image-28088\" width=\"348\" height=\"246\"\/><\/figure><\/div>\n\n\n\n<blockquote class=\"wp-block-quote is-layout-flow wp-block-quote-is-layout-flow\"><p><span class=\"has-inline-color has-luminous-vivid-orange-color\">Temos 8 bi de\u00a0equity, que n\u00f3s queremos investir em empresas. Cr\u00e9dito \u00e9 namoro,\u00a0equity\u00a0\u00e9 casamento. S\u00e3o setores muito importantes, por exemplo, esse segmento de minerais cr\u00edticos fundamentais para o futuro de baterias e toda mobilidade el\u00e9trica&#8221;, disse Mercadante em 22 de janeiro, dia do an\u00fancio do programa.<\/span><\/p><\/blockquote>\n\n\n\n<div class=\"wp-block-image\"><figure class=\"aligncenter size-large is-resized\"><img loading=\"lazy\" decoding=\"async\" src=\"https:\/\/jornalfatosenoticias.com.br\/wp-content\/uploads\/2023\/08\/ITH.jpeg\" alt=\"\" class=\"wp-image-44638\" width=\"303\" height=\"246\" srcset=\"https:\/\/jornalfatosenoticias.com.br\/wp-content\/uploads\/2023\/08\/ITH.jpeg 800w, https:\/\/jornalfatosenoticias.com.br\/wp-content\/uploads\/2023\/08\/ITH-300x244.jpeg 300w, https:\/\/jornalfatosenoticias.com.br\/wp-content\/uploads\/2023\/08\/ITH-768x624.jpeg 768w\" sizes=\"auto, (max-width: 303px) 100vw, 303px\" \/><\/figure><\/div>\n\n\n\n<p>&#8220;J\u00e1 estamos com cinco f\u00e1bricas de \u00f4nibus no Brasil, produzindo \u00f4nibus el\u00e9trico. O Brasil tem a s\u00e9tima reserva de l\u00edtio do mundo. E n\u00f3s queremos ter controle e presen\u00e7a estrat\u00e9gica nesse segmento&#8221;, afirmou o presidente do banco estatal, segundo registro do site EPBR. &#8220;Esse \u00e9 um setor que o BNDES quer entrar com\u00a0equity&#8221;, acrescentou. Em um comunicado do governo, esses R$ 8 bilh\u00f5es foram inclu\u00eddos em eixos chamados &#8220;inova\u00e7\u00e3o&#8221; e &#8220;descarboniza\u00e7\u00e3o&#8221;.<\/p>\n\n\n\n<div class=\"wp-block-image\"><figure class=\"aligncenter size-large is-resized\"><img loading=\"lazy\" decoding=\"async\" src=\"https:\/\/jornalfatosenoticias.com.br\/wp-content\/uploads\/2020\/02\/CONTROL-CS.jpg\" alt=\"\" class=\"wp-image-44991\" width=\"298\" height=\"357\" srcset=\"https:\/\/jornalfatosenoticias.com.br\/wp-content\/uploads\/2020\/02\/CONTROL-CS.jpg 834w, https:\/\/jornalfatosenoticias.com.br\/wp-content\/uploads\/2020\/02\/CONTROL-CS-250x300.jpg 250w, https:\/\/jornalfatosenoticias.com.br\/wp-content\/uploads\/2020\/02\/CONTROL-CS-768x921.jpg 768w\" sizes=\"auto, (max-width: 298px) 100vw, 298px\" \/><\/figure><\/div>\n\n\n\n<p>Ap\u00f3s a repercuss\u00e3o negativa dos primeiros an\u00fancios, integrantes do governo correram para fazer esclarecimentos. Eles negaram que o Tesouro voltar\u00e1 a financiar o BNDES. Disseram tamb\u00e9m que a participa\u00e7\u00e3o acion\u00e1ria do banco em empresas n\u00e3o ser\u00e1 direta e, sim, por meio de fundos de investimento \u2014 em total contraste com a afirma\u00e7\u00e3o inicial de Mercadante de que o governo almejava &#8220;controle e presen\u00e7a estrat\u00e9gica&#8221; no segmento de ve\u00edculos el\u00e9tricos.<\/p>\n\n\n\n<div class=\"wp-block-image\"><figure class=\"aligncenter size-large is-resized\"><img loading=\"lazy\" decoding=\"async\" src=\"https:\/\/jornalfatosenoticias.com.br\/wp-content\/uploads\/2023\/03\/logo-Panper_portal.jpg\" alt=\"\" class=\"wp-image-40208\" width=\"331\" height=\"229\" srcset=\"https:\/\/jornalfatosenoticias.com.br\/wp-content\/uploads\/2023\/03\/logo-Panper_portal.jpg 400w, https:\/\/jornalfatosenoticias.com.br\/wp-content\/uploads\/2023\/03\/logo-Panper_portal-300x208.jpg 300w\" sizes=\"auto, (max-width: 331px) 100vw, 331px\" \/><\/figure><\/div>\n\n\n\n<p>&#8220;N\u00e3o tem nada a ver com quest\u00e3o fiscal. O governo n\u00e3o vai fazer nenhum aporte de dinheiro para o BNDES, n\u00e3o vai colocar recurso a mais no BNDES&#8221;, disse o vice-presidente e ministro do Desenvolvimento, Geraldo Alckmin (PSB).<br>Mercadante, por sua vez, afirmou no Jornal Nacional, da TV Globo, que o BNDES vai atuar em equity via fundos no mercado de capitais, e n\u00e3o via compra direta de a\u00e7\u00f5es.<\/p>\n\n\n\n<div class=\"wp-block-image\"><figure class=\"aligncenter size-large is-resized\"><img loading=\"lazy\" decoding=\"async\" src=\"https:\/\/jornalfatosenoticias.com.br\/wp-content\/uploads\/2022\/10\/RC_800x750_page-0001.jpg\" alt=\"\" class=\"wp-image-35338\" width=\"279\" height=\"262\" srcset=\"https:\/\/jornalfatosenoticias.com.br\/wp-content\/uploads\/2022\/10\/RC_800x750_page-0001.jpg 400w, https:\/\/jornalfatosenoticias.com.br\/wp-content\/uploads\/2022\/10\/RC_800x750_page-0001-300x281.jpg 300w\" sizes=\"auto, (max-width: 279px) 100vw, 279px\" \/><\/figure><\/div>\n\n\n\n<p>\u201cO volume de recursos que est\u00e1 destinado para os pr\u00f3ximos tr\u00eas anos s\u00e3o R$ 8 bilh\u00f5es. \u00c9 um valor bastante pequeno. Mas ele vai ser feito de que forma? Atrav\u00e9s de editais p\u00fablicos, com esses fundos privados, gestores privados, onde o BNDES participa com no m\u00e1ximo 25% para atingir alguns nichos que banco n\u00e3o tem condi\u00e7\u00f5es de fazer, que os bancos privados tamb\u00e9m n\u00e3o&#8221;, disse Mercadante. &#8220;Tem que ser agentes privados, bancos privados, e vamos procurar e apoiar essas empresas. A discuss\u00e3o n\u00e3o \u00e9 mais se tem que ter ou n\u00e3o. \u00c9 como fazer. Aprender com os erros do passado e fazer melhor para gente recuperar nossa ind\u00fastria&#8221;, completou.<\/p>\n\n\n\n<div class=\"wp-block-image\"><figure class=\"aligncenter size-large\"><img decoding=\"async\" src=\"https:\/\/jornalfatosenoticias.com.br\/wp-content\/uploads\/2020\/02\/logo_esteio.jpg\" alt=\"\" class=\"wp-image-1214\"\/><\/figure><\/div>\n\n\n\n<p>O diretor de Desenvolvimento Produtivo, Inova\u00e7\u00e3o e Com\u00e9rcio Exterior do banco estatal, Jos\u00e9 Luis Gordon, deu mais detalhes em entrevistas a jornais.<\/p>\n\n\n\n<blockquote class=\"wp-block-quote is-layout-flow wp-block-quote-is-layout-flow\"><p><span class=\"has-inline-color has-luminous-vivid-orange-color\">Voc\u00ea n\u00e3o vai escolher uma empresa A, B ou C; voc\u00ea vai investir em empresas junto com o mercado em fundos que poder\u00e3o ser gerenciados por privados, como BTG, P\u00e1tria, Genial, por exemplo. Ent\u00e3o, voc\u00ea vai junto com o mercado de capitais para investir em startups, pequenas empresas que possam desenvolver tecnologias e produtos importantes em \u00e1reas estrat\u00e9gicas&#8221;, afirmou Gordon ao &#8220;Estado de S. Paulo&#8221;.<\/span><\/p><\/blockquote>\n\n\n\n<div class=\"wp-block-image\"><figure class=\"aligncenter size-large is-resized\"><img loading=\"lazy\" decoding=\"async\" src=\"https:\/\/jornalfatosenoticias.com.br\/wp-content\/uploads\/2023\/03\/nova-logo-Marquetti.jpg\" alt=\"\" class=\"wp-image-40207\" width=\"304\" height=\"204\" srcset=\"https:\/\/jornalfatosenoticias.com.br\/wp-content\/uploads\/2023\/03\/nova-logo-Marquetti.jpg 643w, https:\/\/jornalfatosenoticias.com.br\/wp-content\/uploads\/2023\/03\/nova-logo-Marquetti-300x202.jpg 300w\" sizes=\"auto, (max-width: 304px) 100vw, 304px\" \/><\/figure><\/div>\n\n\n\n<p>Segundo ele, n\u00e3o haver\u00e1 aporte do Tesouro Nacional no BNDES, nem equaliza\u00e7\u00e3o de taxas de juros (ou seja, subs\u00eddios bancados pelo contribuinte), e o BNDES far\u00e1 escolha das empresas em conjunto com bancos e gestoras. O primeiro fundo em desenvolvimento, disse, \u00e9 dos chamatos &#8220;minerais cr\u00edticos&#8221; \u2014 fundamentais para ve\u00edculos el\u00e9tricos, por exemplo.<\/p>\n\n\n\n<div class=\"wp-block-image\"><figure class=\"aligncenter size-large is-resized\"><img loading=\"lazy\" decoding=\"async\" src=\"https:\/\/jornalfatosenoticias.com.br\/wp-content\/uploads\/2020\/02\/CONTROL-CS.jpg\" alt=\"\" class=\"wp-image-44991\" width=\"317\" height=\"379\" srcset=\"https:\/\/jornalfatosenoticias.com.br\/wp-content\/uploads\/2020\/02\/CONTROL-CS.jpg 834w, https:\/\/jornalfatosenoticias.com.br\/wp-content\/uploads\/2020\/02\/CONTROL-CS-250x300.jpg 250w, https:\/\/jornalfatosenoticias.com.br\/wp-content\/uploads\/2020\/02\/CONTROL-CS-768x921.jpg 768w\" sizes=\"auto, (max-width: 317px) 100vw, 317px\" \/><\/figure><\/div>\n\n\n\n<p><strong><span class=\"has-inline-color has-vivid-red-color\">Passado recente do BNDES deixa mercado ressabiado<br><\/span><\/strong>Alessandra Ribeiro, economista e s\u00f3cia da Tend\u00eancias Consultoria, considera que o an\u00fancio da nova pol\u00edtica industrial teve efeito ruim sobre os mercados porque, ainda que tenha pontos merit\u00f3rios, n\u00e3o ficou claro como o programa ser\u00e1 implementado.<\/p>\n\n\n\n<div class=\"wp-block-image\"><figure class=\"aligncenter size-large\"><img loading=\"lazy\" decoding=\"async\" width=\"300\" height=\"250\" src=\"https:\/\/jornalfatosenoticias.com.br\/wp-content\/uploads\/2020\/02\/Banner-2.png\" alt=\"\" class=\"wp-image-43787\"\/><\/figure><\/div>\n\n\n\n<blockquote class=\"wp-block-quote is-layout-flow wp-block-quote-is-layout-flow\"><p><span class=\"has-inline-color has-luminous-vivid-orange-color\">Dados os erros do passado [das gest\u00f5es anteriores do PT], acho que esta \u00e9 a principal cr\u00edtica. No passado, o dinheiro veio do Tesouro e n\u00e3o vimos benef\u00edcios para a sociedade, apenas para empresas. Depois veio o incha\u00e7o e a crise fiscal. Com isso, o mercado fica supersens\u00edvel. Outro ponto \u00e9 como o BDNES vai selecionar as empresas que vai investir?&#8221;, questiona.<\/span><\/p><\/blockquote>\n\n\n\n<div class=\"wp-block-image\"><figure class=\"aligncenter size-large is-resized\"><img loading=\"lazy\" decoding=\"async\" src=\"https:\/\/jornalfatosenoticias.com.br\/wp-content\/uploads\/2020\/02\/logo-Rapuzel-1024x571.jpg\" alt=\"\" class=\"wp-image-42808\" width=\"334\" height=\"186\" srcset=\"https:\/\/jornalfatosenoticias.com.br\/wp-content\/uploads\/2020\/02\/logo-Rapuzel-1024x571.jpg 1024w, https:\/\/jornalfatosenoticias.com.br\/wp-content\/uploads\/2020\/02\/logo-Rapuzel-300x167.jpg 300w, https:\/\/jornalfatosenoticias.com.br\/wp-content\/uploads\/2020\/02\/logo-Rapuzel-768x428.jpg 768w, https:\/\/jornalfatosenoticias.com.br\/wp-content\/uploads\/2020\/02\/logo-Rapuzel-1536x856.jpg 1536w, https:\/\/jornalfatosenoticias.com.br\/wp-content\/uploads\/2020\/02\/logo-Rapuzel.jpg 1600w\" sizes=\"auto, (max-width: 334px) 100vw, 334px\" \/><\/figure><\/div>\n\n\n\n<p>A quest\u00e3o da participa\u00e7\u00e3o societ\u00e1ria em empresas \u00e9 ainda mais cr\u00edtica, uma vez que poderia aumentar a inger\u00eancia pol\u00edtica do governo sobre o setor privado. Sobre os setores que v\u00e3o receber os aportes, a economista entende que h\u00e1 diferentes situa\u00e7\u00f5es. No caso da bioenergia, onde o Brasil est\u00e1 desenvolvido, ela acredita que a atua\u00e7\u00e3o do BNDES pode servir de um bom impulso caso a agenda seja bem desenhada. No caso dos ve\u00edculos el\u00e9tricos, por\u00e9m, ela alerta para o retorno do investimento.<\/p>\n\n\n\n<div class=\"wp-block-image\"><figure class=\"aligncenter size-large is-resized\"><img loading=\"lazy\" decoding=\"async\" src=\"https:\/\/jornalfatosenoticias.com.br\/wp-content\/uploads\/2023\/08\/BKR-1024x1021.jpg\" alt=\"\" class=\"wp-image-44494\" width=\"278\" height=\"277\" srcset=\"https:\/\/jornalfatosenoticias.com.br\/wp-content\/uploads\/2023\/08\/BKR-1024x1021.jpg 1024w, https:\/\/jornalfatosenoticias.com.br\/wp-content\/uploads\/2023\/08\/BKR-300x300.jpg 300w, https:\/\/jornalfatosenoticias.com.br\/wp-content\/uploads\/2023\/08\/BKR-150x150.jpg 150w, https:\/\/jornalfatosenoticias.com.br\/wp-content\/uploads\/2023\/08\/BKR-768x766.jpg 768w, https:\/\/jornalfatosenoticias.com.br\/wp-content\/uploads\/2023\/08\/BKR.jpg 1080w\" sizes=\"auto, (max-width: 278px) 100vw, 278px\" \/><\/figure><\/div>\n\n\n\n<blockquote class=\"wp-block-quote is-layout-flow wp-block-quote-is-layout-flow\"><p><span class=\"has-inline-color has-luminous-vivid-orange-color\">Tenho muita d\u00favida se algum tipo de benef\u00edcio [do BNDES] para produzir carros el\u00e9tricos no Brasil vai efetivamente gerar renda, emprego e atividade econ\u00f4mica que sejam positivas. Primeiro, porque o investimento geralmente n\u00e3o se paga, nem de longe. Segundo, porque n\u00e3o somos produtores, e \u00e9 para atrair estrangeiros. O ideal seria investir onde tem mais retorno&#8221;, diz.<\/span><\/p><\/blockquote>\n\n\n\n<div class=\"wp-block-image\"><figure class=\"aligncenter size-large is-resized\"><img loading=\"lazy\" decoding=\"async\" src=\"https:\/\/jornalfatosenoticias.com.br\/wp-content\/uploads\/2023\/12\/pegoretti-logo-pdf-1024x389.jpg\" alt=\"\" class=\"wp-image-47536\" width=\"432\" height=\"164\" srcset=\"https:\/\/jornalfatosenoticias.com.br\/wp-content\/uploads\/2023\/12\/pegoretti-logo-pdf-1024x389.jpg 1024w, https:\/\/jornalfatosenoticias.com.br\/wp-content\/uploads\/2023\/12\/pegoretti-logo-pdf-300x114.jpg 300w, https:\/\/jornalfatosenoticias.com.br\/wp-content\/uploads\/2023\/12\/pegoretti-logo-pdf-768x291.jpg 768w, https:\/\/jornalfatosenoticias.com.br\/wp-content\/uploads\/2023\/12\/pegoretti-logo-pdf.jpg 1120w\" sizes=\"auto, (max-width: 432px) 100vw, 432px\" \/><\/figure><\/div>\n\n\n\n<p><strong><em>Fonte: <a href=\"https:\/\/www.gazetadopovo.com.br\/economia\/dinheiro-do-bndes-para-industria-reacende-temores-governo-diz-que-desta-vez-sera-diferente\/\">Gazeta do Povo<\/a><\/em><\/strong><\/p>\n","protected":false},"excerpt":{"rendered":"<p>O presidente do BNDES, Alo\u00edzio Mercadante: participa\u00e7\u00e3o do banco no programa industrial do governo reacende temores sobre dinheiro do Tesouro e participa\u00e7\u00e3o do banco em empresas, mas governo diz que desta vez ser\u00e1 diferente Por Raphaela Ribas Ao anunciar seu programa de est\u00edmulo \u00e0 ind\u00fastria, o governo de Luiz In\u00e1cio Lula da Silva (PT) prometeu [&hellip;]<\/p>\n","protected":false},"author":2,"featured_media":48876,"comment_status":"open","ping_status":"open","sticky":false,"template":"","format":"standard","meta":{"footnotes":""},"categories":[9],"tags":[22119,22700,300,6589,2539,22607,7580,1168,9758],"class_list":["post-48875","post","type-post","status-publish","format-standard","has-post-thumbnail","hentry","category-economia","tag-aloizio-mercadante","tag-banco-de-fomento","tag-bndes","tag-carros-eletricos","tag-energia","tag-geraldo-alckmin","tag-lula","tag-mercado-financeiro","tag-transicao-energetica"],"yoast_head":"<!-- This site is optimized with the Yoast SEO plugin v26.5 - https:\/\/yoast.com\/wordpress\/plugins\/seo\/ -->\n<title>Dinheiro do BNDES para ind\u00fastria reacende temores; governo diz que desta vez ser\u00e1 diferente - Jornal Fatos e Not\u00edcias<\/title>\n<meta name=\"robots\" content=\"index, follow, max-snippet:-1, max-image-preview:large, max-video-preview:-1\" \/>\n<link rel=\"canonical\" href=\"https:\/\/jornalfatosenoticias.com.br\/index.php\/2024\/01\/30\/dinheiro-do-bndes-para-industria-reacende-temores-governo-diz-que-desta-vez-sera-diferente\/\" \/>\n<meta property=\"og:locale\" content=\"pt_BR\" \/>\n<meta property=\"og:type\" content=\"article\" \/>\n<meta property=\"og:title\" content=\"Dinheiro do BNDES para ind\u00fastria reacende temores; governo diz que desta vez ser\u00e1 diferente - Jornal Fatos e Not\u00edcias\" \/>\n<meta property=\"og:description\" content=\"O presidente do BNDES, Alo\u00edzio Mercadante: participa\u00e7\u00e3o do banco no programa industrial do governo reacende temores sobre dinheiro do Tesouro e participa\u00e7\u00e3o do banco em empresas, mas governo diz que desta vez ser\u00e1 diferente Por Raphaela Ribas Ao anunciar seu programa de est\u00edmulo \u00e0 ind\u00fastria, o governo de Luiz In\u00e1cio Lula da Silva (PT) prometeu [&hellip;]\" \/>\n<meta property=\"og:url\" content=\"https:\/\/jornalfatosenoticias.com.br\/index.php\/2024\/01\/30\/dinheiro-do-bndes-para-industria-reacende-temores-governo-diz-que-desta-vez-sera-diferente\/\" \/>\n<meta property=\"og:site_name\" content=\"Jornal Fatos e Not\u00edcias\" \/>\n<meta property=\"article:published_time\" content=\"2024-01-30T19:18:36+00:00\" \/>\n<meta property=\"og:image\" content=\"https:\/\/jornalfatosenoticias.com.br\/wp-content\/uploads\/2024\/01\/mercadante-bndes.jpg\" \/>\n\t<meta property=\"og:image:width\" content=\"960\" \/>\n\t<meta property=\"og:image:height\" content=\"540\" \/>\n\t<meta property=\"og:image:type\" content=\"image\/jpeg\" \/>\n<meta name=\"author\" content=\"Luzimara Fernandes\" \/>\n<meta name=\"twitter:card\" content=\"summary_large_image\" \/>\n<meta name=\"twitter:label1\" content=\"Escrito por\" \/>\n\t<meta name=\"twitter:data1\" content=\"Luzimara Fernandes\" \/>\n\t<meta name=\"twitter:label2\" content=\"Est. tempo de leitura\" \/>\n\t<meta name=\"twitter:data2\" content=\"6 minutos\" \/>\n<script type=\"application\/ld+json\" class=\"yoast-schema-graph\">{\"@context\":\"https:\/\/schema.org\",\"@graph\":[{\"@type\":\"Article\",\"@id\":\"https:\/\/jornalfatosenoticias.com.br\/index.php\/2024\/01\/30\/dinheiro-do-bndes-para-industria-reacende-temores-governo-diz-que-desta-vez-sera-diferente\/#article\",\"isPartOf\":{\"@id\":\"https:\/\/jornalfatosenoticias.com.br\/index.php\/2024\/01\/30\/dinheiro-do-bndes-para-industria-reacende-temores-governo-diz-que-desta-vez-sera-diferente\/\"},\"author\":{\"name\":\"Luzimara Fernandes\",\"@id\":\"https:\/\/jornalfatosenoticias.com.br\/#\/schema\/person\/d63837fa13ac8666eb9e74e0985d6f81\"},\"headline\":\"Dinheiro do BNDES para ind\u00fastria reacende temores; governo diz que desta vez ser\u00e1 diferente\",\"datePublished\":\"2024-01-30T19:18:36+00:00\",\"mainEntityOfPage\":{\"@id\":\"https:\/\/jornalfatosenoticias.com.br\/index.php\/2024\/01\/30\/dinheiro-do-bndes-para-industria-reacende-temores-governo-diz-que-desta-vez-sera-diferente\/\"},\"wordCount\":1213,\"commentCount\":0,\"publisher\":{\"@id\":\"https:\/\/jornalfatosenoticias.com.br\/#organization\"},\"image\":{\"@id\":\"https:\/\/jornalfatosenoticias.com.br\/index.php\/2024\/01\/30\/dinheiro-do-bndes-para-industria-reacende-temores-governo-diz-que-desta-vez-sera-diferente\/#primaryimage\"},\"thumbnailUrl\":\"https:\/\/jornalfatosenoticias.com.br\/wp-content\/uploads\/2024\/01\/mercadante-bndes.jpg\",\"keywords\":[\"Alo\u00edzio Mercadante\",\"banco de fomento\",\"BNDES\",\"carros el\u00e9tricos\",\"energia\",\"Geraldo Alckmin\",\"Lula\",\"mercado financeiro\",\"transi\u00e7\u00e3o energ\u00e9tica\"],\"articleSection\":[\"Economia\"],\"inLanguage\":\"pt-BR\",\"potentialAction\":[{\"@type\":\"CommentAction\",\"name\":\"Comment\",\"target\":[\"https:\/\/jornalfatosenoticias.com.br\/index.php\/2024\/01\/30\/dinheiro-do-bndes-para-industria-reacende-temores-governo-diz-que-desta-vez-sera-diferente\/#respond\"]}]},{\"@type\":\"WebPage\",\"@id\":\"https:\/\/jornalfatosenoticias.com.br\/index.php\/2024\/01\/30\/dinheiro-do-bndes-para-industria-reacende-temores-governo-diz-que-desta-vez-sera-diferente\/\",\"url\":\"https:\/\/jornalfatosenoticias.com.br\/index.php\/2024\/01\/30\/dinheiro-do-bndes-para-industria-reacende-temores-governo-diz-que-desta-vez-sera-diferente\/\",\"name\":\"Dinheiro do BNDES para ind\u00fastria reacende temores; governo diz que desta vez ser\u00e1 diferente - Jornal Fatos e Not\u00edcias\",\"isPartOf\":{\"@id\":\"https:\/\/jornalfatosenoticias.com.br\/#website\"},\"primaryImageOfPage\":{\"@id\":\"https:\/\/jornalfatosenoticias.com.br\/index.php\/2024\/01\/30\/dinheiro-do-bndes-para-industria-reacende-temores-governo-diz-que-desta-vez-sera-diferente\/#primaryimage\"},\"image\":{\"@id\":\"https:\/\/jornalfatosenoticias.com.br\/index.php\/2024\/01\/30\/dinheiro-do-bndes-para-industria-reacende-temores-governo-diz-que-desta-vez-sera-diferente\/#primaryimage\"},\"thumbnailUrl\":\"https:\/\/jornalfatosenoticias.com.br\/wp-content\/uploads\/2024\/01\/mercadante-bndes.jpg\",\"datePublished\":\"2024-01-30T19:18:36+00:00\",\"breadcrumb\":{\"@id\":\"https:\/\/jornalfatosenoticias.com.br\/index.php\/2024\/01\/30\/dinheiro-do-bndes-para-industria-reacende-temores-governo-diz-que-desta-vez-sera-diferente\/#breadcrumb\"},\"inLanguage\":\"pt-BR\",\"potentialAction\":[{\"@type\":\"ReadAction\",\"target\":[\"https:\/\/jornalfatosenoticias.com.br\/index.php\/2024\/01\/30\/dinheiro-do-bndes-para-industria-reacende-temores-governo-diz-que-desta-vez-sera-diferente\/\"]}]},{\"@type\":\"ImageObject\",\"inLanguage\":\"pt-BR\",\"@id\":\"https:\/\/jornalfatosenoticias.com.br\/index.php\/2024\/01\/30\/dinheiro-do-bndes-para-industria-reacende-temores-governo-diz-que-desta-vez-sera-diferente\/#primaryimage\",\"url\":\"https:\/\/jornalfatosenoticias.com.br\/wp-content\/uploads\/2024\/01\/mercadante-bndes.jpg\",\"contentUrl\":\"https:\/\/jornalfatosenoticias.com.br\/wp-content\/uploads\/2024\/01\/mercadante-bndes.jpg\",\"width\":960,\"height\":540},{\"@type\":\"BreadcrumbList\",\"@id\":\"https:\/\/jornalfatosenoticias.com.br\/index.php\/2024\/01\/30\/dinheiro-do-bndes-para-industria-reacende-temores-governo-diz-que-desta-vez-sera-diferente\/#breadcrumb\",\"itemListElement\":[{\"@type\":\"ListItem\",\"position\":1,\"name\":\"In\u00edcio\",\"item\":\"https:\/\/jornalfatosenoticias.com.br\/\"},{\"@type\":\"ListItem\",\"position\":2,\"name\":\"Dinheiro do BNDES para ind\u00fastria reacende temores; governo diz que desta vez ser\u00e1 diferente\"}]},{\"@type\":\"WebSite\",\"@id\":\"https:\/\/jornalfatosenoticias.com.br\/#website\",\"url\":\"https:\/\/jornalfatosenoticias.com.br\/\",\"name\":\"Jornal Fatos e Not\u00edcias\",\"description\":\"Not\u00edcias em geral\",\"publisher\":{\"@id\":\"https:\/\/jornalfatosenoticias.com.br\/#organization\"},\"potentialAction\":[{\"@type\":\"SearchAction\",\"target\":{\"@type\":\"EntryPoint\",\"urlTemplate\":\"https:\/\/jornalfatosenoticias.com.br\/?s={search_term_string}\"},\"query-input\":{\"@type\":\"PropertyValueSpecification\",\"valueRequired\":true,\"valueName\":\"search_term_string\"}}],\"inLanguage\":\"pt-BR\"},{\"@type\":\"Organization\",\"@id\":\"https:\/\/jornalfatosenoticias.com.br\/#organization\",\"name\":\"Jornal Fatos e Not\u00edcias\",\"url\":\"https:\/\/jornalfatosenoticias.com.br\/\",\"logo\":{\"@type\":\"ImageObject\",\"inLanguage\":\"pt-BR\",\"@id\":\"https:\/\/jornalfatosenoticias.com.br\/#\/schema\/logo\/image\/\",\"url\":\"https:\/\/jornalfatosenoticias.com.br\/wp-content\/uploads\/2020\/02\/logo120.png\",\"contentUrl\":\"https:\/\/jornalfatosenoticias.com.br\/wp-content\/uploads\/2020\/02\/logo120.png\",\"width\":1227,\"height\":120,\"caption\":\"Jornal Fatos e Not\u00edcias\"},\"image\":{\"@id\":\"https:\/\/jornalfatosenoticias.com.br\/#\/schema\/logo\/image\/\"}},{\"@type\":\"Person\",\"@id\":\"https:\/\/jornalfatosenoticias.com.br\/#\/schema\/person\/d63837fa13ac8666eb9e74e0985d6f81\",\"name\":\"Luzimara Fernandes\",\"image\":{\"@type\":\"ImageObject\",\"inLanguage\":\"pt-BR\",\"@id\":\"https:\/\/jornalfatosenoticias.com.br\/#\/schema\/person\/image\/\",\"url\":\"https:\/\/jornalfatosenoticias.com.br\/wp-content\/uploads\/2025\/05\/EU_portal.jpg\",\"contentUrl\":\"https:\/\/jornalfatosenoticias.com.br\/wp-content\/uploads\/2025\/05\/EU_portal.jpg\",\"caption\":\"Luzimara Fernandes\"},\"description\":\"Jornalista MTB 2358-ES\",\"sameAs\":[\"https:\/\/jornalfatosenoticias.com.br\"],\"url\":\"https:\/\/jornalfatosenoticias.com.br\/index.php\/author\/luzimara\/\"}]}<\/script>\n<!-- \/ Yoast SEO plugin. -->","yoast_head_json":{"title":"Dinheiro do BNDES para ind\u00fastria reacende temores; governo diz que desta vez ser\u00e1 diferente - Jornal Fatos e Not\u00edcias","robots":{"index":"index","follow":"follow","max-snippet":"max-snippet:-1","max-image-preview":"max-image-preview:large","max-video-preview":"max-video-preview:-1"},"canonical":"https:\/\/jornalfatosenoticias.com.br\/index.php\/2024\/01\/30\/dinheiro-do-bndes-para-industria-reacende-temores-governo-diz-que-desta-vez-sera-diferente\/","og_locale":"pt_BR","og_type":"article","og_title":"Dinheiro do BNDES para ind\u00fastria reacende temores; governo diz que desta vez ser\u00e1 diferente - Jornal Fatos e Not\u00edcias","og_description":"O presidente do BNDES, Alo\u00edzio Mercadante: participa\u00e7\u00e3o do banco no programa industrial do governo reacende temores sobre dinheiro do Tesouro e participa\u00e7\u00e3o do banco em empresas, mas governo diz que desta vez ser\u00e1 diferente Por Raphaela Ribas Ao anunciar seu programa de est\u00edmulo \u00e0 ind\u00fastria, o governo de Luiz In\u00e1cio Lula da Silva (PT) prometeu [&hellip;]","og_url":"https:\/\/jornalfatosenoticias.com.br\/index.php\/2024\/01\/30\/dinheiro-do-bndes-para-industria-reacende-temores-governo-diz-que-desta-vez-sera-diferente\/","og_site_name":"Jornal Fatos e Not\u00edcias","article_published_time":"2024-01-30T19:18:36+00:00","og_image":[{"width":960,"height":540,"url":"https:\/\/jornalfatosenoticias.com.br\/wp-content\/uploads\/2024\/01\/mercadante-bndes.jpg","type":"image\/jpeg"}],"author":"Luzimara Fernandes","twitter_card":"summary_large_image","twitter_misc":{"Escrito por":"Luzimara Fernandes","Est. tempo de leitura":"6 minutos"},"schema":{"@context":"https:\/\/schema.org","@graph":[{"@type":"Article","@id":"https:\/\/jornalfatosenoticias.com.br\/index.php\/2024\/01\/30\/dinheiro-do-bndes-para-industria-reacende-temores-governo-diz-que-desta-vez-sera-diferente\/#article","isPartOf":{"@id":"https:\/\/jornalfatosenoticias.com.br\/index.php\/2024\/01\/30\/dinheiro-do-bndes-para-industria-reacende-temores-governo-diz-que-desta-vez-sera-diferente\/"},"author":{"name":"Luzimara Fernandes","@id":"https:\/\/jornalfatosenoticias.com.br\/#\/schema\/person\/d63837fa13ac8666eb9e74e0985d6f81"},"headline":"Dinheiro do BNDES para ind\u00fastria reacende temores; governo diz que desta vez ser\u00e1 diferente","datePublished":"2024-01-30T19:18:36+00:00","mainEntityOfPage":{"@id":"https:\/\/jornalfatosenoticias.com.br\/index.php\/2024\/01\/30\/dinheiro-do-bndes-para-industria-reacende-temores-governo-diz-que-desta-vez-sera-diferente\/"},"wordCount":1213,"commentCount":0,"publisher":{"@id":"https:\/\/jornalfatosenoticias.com.br\/#organization"},"image":{"@id":"https:\/\/jornalfatosenoticias.com.br\/index.php\/2024\/01\/30\/dinheiro-do-bndes-para-industria-reacende-temores-governo-diz-que-desta-vez-sera-diferente\/#primaryimage"},"thumbnailUrl":"https:\/\/jornalfatosenoticias.com.br\/wp-content\/uploads\/2024\/01\/mercadante-bndes.jpg","keywords":["Alo\u00edzio Mercadante","banco de fomento","BNDES","carros el\u00e9tricos","energia","Geraldo Alckmin","Lula","mercado financeiro","transi\u00e7\u00e3o energ\u00e9tica"],"articleSection":["Economia"],"inLanguage":"pt-BR","potentialAction":[{"@type":"CommentAction","name":"Comment","target":["https:\/\/jornalfatosenoticias.com.br\/index.php\/2024\/01\/30\/dinheiro-do-bndes-para-industria-reacende-temores-governo-diz-que-desta-vez-sera-diferente\/#respond"]}]},{"@type":"WebPage","@id":"https:\/\/jornalfatosenoticias.com.br\/index.php\/2024\/01\/30\/dinheiro-do-bndes-para-industria-reacende-temores-governo-diz-que-desta-vez-sera-diferente\/","url":"https:\/\/jornalfatosenoticias.com.br\/index.php\/2024\/01\/30\/dinheiro-do-bndes-para-industria-reacende-temores-governo-diz-que-desta-vez-sera-diferente\/","name":"Dinheiro do BNDES para ind\u00fastria reacende temores; governo diz que desta vez ser\u00e1 diferente - Jornal Fatos e Not\u00edcias","isPartOf":{"@id":"https:\/\/jornalfatosenoticias.com.br\/#website"},"primaryImageOfPage":{"@id":"https:\/\/jornalfatosenoticias.com.br\/index.php\/2024\/01\/30\/dinheiro-do-bndes-para-industria-reacende-temores-governo-diz-que-desta-vez-sera-diferente\/#primaryimage"},"image":{"@id":"https:\/\/jornalfatosenoticias.com.br\/index.php\/2024\/01\/30\/dinheiro-do-bndes-para-industria-reacende-temores-governo-diz-que-desta-vez-sera-diferente\/#primaryimage"},"thumbnailUrl":"https:\/\/jornalfatosenoticias.com.br\/wp-content\/uploads\/2024\/01\/mercadante-bndes.jpg","datePublished":"2024-01-30T19:18:36+00:00","breadcrumb":{"@id":"https:\/\/jornalfatosenoticias.com.br\/index.php\/2024\/01\/30\/dinheiro-do-bndes-para-industria-reacende-temores-governo-diz-que-desta-vez-sera-diferente\/#breadcrumb"},"inLanguage":"pt-BR","potentialAction":[{"@type":"ReadAction","target":["https:\/\/jornalfatosenoticias.com.br\/index.php\/2024\/01\/30\/dinheiro-do-bndes-para-industria-reacende-temores-governo-diz-que-desta-vez-sera-diferente\/"]}]},{"@type":"ImageObject","inLanguage":"pt-BR","@id":"https:\/\/jornalfatosenoticias.com.br\/index.php\/2024\/01\/30\/dinheiro-do-bndes-para-industria-reacende-temores-governo-diz-que-desta-vez-sera-diferente\/#primaryimage","url":"https:\/\/jornalfatosenoticias.com.br\/wp-content\/uploads\/2024\/01\/mercadante-bndes.jpg","contentUrl":"https:\/\/jornalfatosenoticias.com.br\/wp-content\/uploads\/2024\/01\/mercadante-bndes.jpg","width":960,"height":540},{"@type":"BreadcrumbList","@id":"https:\/\/jornalfatosenoticias.com.br\/index.php\/2024\/01\/30\/dinheiro-do-bndes-para-industria-reacende-temores-governo-diz-que-desta-vez-sera-diferente\/#breadcrumb","itemListElement":[{"@type":"ListItem","position":1,"name":"In\u00edcio","item":"https:\/\/jornalfatosenoticias.com.br\/"},{"@type":"ListItem","position":2,"name":"Dinheiro do BNDES para ind\u00fastria reacende temores; governo diz que desta vez ser\u00e1 diferente"}]},{"@type":"WebSite","@id":"https:\/\/jornalfatosenoticias.com.br\/#website","url":"https:\/\/jornalfatosenoticias.com.br\/","name":"Jornal Fatos e Not\u00edcias","description":"Not\u00edcias em geral","publisher":{"@id":"https:\/\/jornalfatosenoticias.com.br\/#organization"},"potentialAction":[{"@type":"SearchAction","target":{"@type":"EntryPoint","urlTemplate":"https:\/\/jornalfatosenoticias.com.br\/?s={search_term_string}"},"query-input":{"@type":"PropertyValueSpecification","valueRequired":true,"valueName":"search_term_string"}}],"inLanguage":"pt-BR"},{"@type":"Organization","@id":"https:\/\/jornalfatosenoticias.com.br\/#organization","name":"Jornal Fatos e Not\u00edcias","url":"https:\/\/jornalfatosenoticias.com.br\/","logo":{"@type":"ImageObject","inLanguage":"pt-BR","@id":"https:\/\/jornalfatosenoticias.com.br\/#\/schema\/logo\/image\/","url":"https:\/\/jornalfatosenoticias.com.br\/wp-content\/uploads\/2020\/02\/logo120.png","contentUrl":"https:\/\/jornalfatosenoticias.com.br\/wp-content\/uploads\/2020\/02\/logo120.png","width":1227,"height":120,"caption":"Jornal Fatos e Not\u00edcias"},"image":{"@id":"https:\/\/jornalfatosenoticias.com.br\/#\/schema\/logo\/image\/"}},{"@type":"Person","@id":"https:\/\/jornalfatosenoticias.com.br\/#\/schema\/person\/d63837fa13ac8666eb9e74e0985d6f81","name":"Luzimara Fernandes","image":{"@type":"ImageObject","inLanguage":"pt-BR","@id":"https:\/\/jornalfatosenoticias.com.br\/#\/schema\/person\/image\/","url":"https:\/\/jornalfatosenoticias.com.br\/wp-content\/uploads\/2025\/05\/EU_portal.jpg","contentUrl":"https:\/\/jornalfatosenoticias.com.br\/wp-content\/uploads\/2025\/05\/EU_portal.jpg","caption":"Luzimara Fernandes"},"description":"Jornalista MTB 2358-ES","sameAs":["https:\/\/jornalfatosenoticias.com.br"],"url":"https:\/\/jornalfatosenoticias.com.br\/index.php\/author\/luzimara\/"}]}},"cc_featured_image_caption":{"caption_text":"(Foto: Fernando Fraz\u00e3o\/Ag\u00eancia Brasil)","source_text":"","source_url":""},"jetpack_featured_media_url":"https:\/\/jornalfatosenoticias.com.br\/wp-content\/uploads\/2024\/01\/mercadante-bndes.jpg","_links":{"self":[{"href":"https:\/\/jornalfatosenoticias.com.br\/index.php\/wp-json\/wp\/v2\/posts\/48875","targetHints":{"allow":["GET"]}}],"collection":[{"href":"https:\/\/jornalfatosenoticias.com.br\/index.php\/wp-json\/wp\/v2\/posts"}],"about":[{"href":"https:\/\/jornalfatosenoticias.com.br\/index.php\/wp-json\/wp\/v2\/types\/post"}],"author":[{"embeddable":true,"href":"https:\/\/jornalfatosenoticias.com.br\/index.php\/wp-json\/wp\/v2\/users\/2"}],"replies":[{"embeddable":true,"href":"https:\/\/jornalfatosenoticias.com.br\/index.php\/wp-json\/wp\/v2\/comments?post=48875"}],"version-history":[{"count":0,"href":"https:\/\/jornalfatosenoticias.com.br\/index.php\/wp-json\/wp\/v2\/posts\/48875\/revisions"}],"wp:featuredmedia":[{"embeddable":true,"href":"https:\/\/jornalfatosenoticias.com.br\/index.php\/wp-json\/wp\/v2\/media\/48876"}],"wp:attachment":[{"href":"https:\/\/jornalfatosenoticias.com.br\/index.php\/wp-json\/wp\/v2\/media?parent=48875"}],"wp:term":[{"taxonomy":"category","embeddable":true,"href":"https:\/\/jornalfatosenoticias.com.br\/index.php\/wp-json\/wp\/v2\/categories?post=48875"},{"taxonomy":"post_tag","embeddable":true,"href":"https:\/\/jornalfatosenoticias.com.br\/index.php\/wp-json\/wp\/v2\/tags?post=48875"}],"curies":[{"name":"wp","href":"https:\/\/api.w.org\/{rel}","templated":true}]}}