{"id":48881,"date":"2024-01-30T16:54:47","date_gmt":"2024-01-30T19:54:47","guid":{"rendered":"https:\/\/jornalfatosenoticias.com.br\/?p=48881"},"modified":"2024-01-30T16:54:50","modified_gmt":"2024-01-30T19:54:50","slug":"mais-de-25-estados-americanos-se-juntam-ao-texas-em-rebeliao-contra-governo-biden","status":"publish","type":"post","link":"https:\/\/jornalfatosenoticias.com.br\/index.php\/2024\/01\/30\/mais-de-25-estados-americanos-se-juntam-ao-texas-em-rebeliao-contra-governo-biden\/","title":{"rendered":"Mais de 25 estados americanos se juntam ao Texas em \u2018rebeli\u00e3o\u2019 contra governo Biden"},"content":{"rendered":"\n<p><em><span class=\"has-inline-color has-black-color\">Sob o conflito oficializado, Am\u00e9rica vive um dos epis\u00f3dios mais tensos dos \u00faltimos anos<\/span><\/em><\/p>\n\n\n\n<p><span class=\"has-inline-color has-black-color\">Por <strong><a href=\"https:\/\/www.conexaopolitica.com.br\/author\/raul\/\">Raul Holderf Nascimento<\/a><\/strong><\/span><\/p>\n\n\n\n<div class=\"wp-block-image\"><figure class=\"aligncenter size-large\"><img loading=\"lazy\" decoding=\"async\" width=\"729\" height=\"90\" src=\"https:\/\/jornalfatosenoticias.com.br\/wp-content\/uploads\/2020\/02\/Logo_Mizu.png\" alt=\"\" class=\"wp-image-1441\" srcset=\"https:\/\/jornalfatosenoticias.com.br\/wp-content\/uploads\/2020\/02\/Logo_Mizu.png 729w, https:\/\/jornalfatosenoticias.com.br\/wp-content\/uploads\/2020\/02\/Logo_Mizu-300x37.png 300w\" sizes=\"auto, (max-width: 729px) 100vw, 729px\" \/><\/figure><\/div>\n\n\n\n<p>O governador do Texas, Gregory Wayne Abbott, est\u00e1 em conflito declarado contra o presidente dos <a href=\"https:\/\/www.conexaopolitica.com.br\/tag\/estados-unidos\/\">Estados Unidos<\/a>, Joe Biden, ap\u00f3s o governo federal atuar para impedir o Estado republicano de proteger suas fronteiras. Ao acionar suas tropas e resistir \u00e0 medida federal, Greg informou publicamente que o governo federal quebrou o pacto entre os Estados Unidos e os estados.<\/p>\n\n\n\n<blockquote class=\"wp-block-quote is-layout-flow wp-block-quote-is-layout-flow\"><p><span class=\"has-inline-color has-luminous-vivid-orange-color\">O Poder Executivo dos EUA tem o dever constitucional de fazer cumprir as leis federais que protegem os estados, incluindo as leis de imigra\u00e7\u00e3o atualmente em vigor\u201d, afirmou.<\/span><\/p><\/blockquote>\n\n\n\n<div class=\"wp-block-image\"><figure class=\"aligncenter size-large\"><img loading=\"lazy\" decoding=\"async\" width=\"300\" height=\"250\" src=\"https:\/\/jornalfatosenoticias.com.br\/wp-content\/uploads\/2020\/02\/Banner-2.png\" alt=\"\" class=\"wp-image-43787\"\/><\/figure><\/div>\n\n\n\n<p>Segundo ele, \u201co presidente Biden recusou-se a fazer cumprir essas leis e at\u00e9 as violou. O resultado \u00e9 que bateu recordes de imigra\u00e7\u00e3o ilegal\u201d. Apesar de ter sido avisado numa s\u00e9rie de cartas, uma das quais entreguei em m\u00e3o, Joe Biden ignorou a exig\u00eancia do Texas de cumprir os seus deveres constitucionais.<\/p>\n\n\n\n<div class=\"wp-block-image\"><figure class=\"aligncenter size-large is-resized\"><img loading=\"lazy\" decoding=\"async\" src=\"https:\/\/jornalfatosenoticias.com.br\/wp-content\/uploads\/2022\/10\/RC_800x750_page-0001.jpg\" alt=\"\" class=\"wp-image-35338\" width=\"346\" height=\"324\" srcset=\"https:\/\/jornalfatosenoticias.com.br\/wp-content\/uploads\/2022\/10\/RC_800x750_page-0001.jpg 400w, https:\/\/jornalfatosenoticias.com.br\/wp-content\/uploads\/2022\/10\/RC_800x750_page-0001-300x281.jpg 300w\" sizes=\"auto, (max-width: 346px) 100vw, 346px\" \/><\/figure><\/div>\n\n\n\n<blockquote class=\"wp-block-quote is-layout-flow wp-block-quote-is-layout-flow\"><p><span class=\"has-inline-color has-luminous-vivid-orange-color\">O presidente Biden violou o seu juramento de executar fielmente as leis de imigra\u00e7\u00e3o promulgadas pelo Congresso. Em vez de processar imigrantes pelo crime federal de entrada ilegal, o presidente Biden enviou os seus advogados ao tribunal federal para processar o Texas por tomar medidas para proteger a fronteira\u201d, sustentou Greg.<\/span><\/p><\/blockquote>\n\n\n\n<div class=\"wp-block-image\"><figure class=\"aligncenter size-large is-resized\"><img loading=\"lazy\" decoding=\"async\" src=\"https:\/\/jornalfatosenoticias.com.br\/wp-content\/uploads\/2023\/03\/nova-logo-Marquetti.jpg\" alt=\"\" class=\"wp-image-40207\" width=\"362\" height=\"243\" srcset=\"https:\/\/jornalfatosenoticias.com.br\/wp-content\/uploads\/2023\/03\/nova-logo-Marquetti.jpg 643w, https:\/\/jornalfatosenoticias.com.br\/wp-content\/uploads\/2023\/03\/nova-logo-Marquetti-300x202.jpg 300w\" sizes=\"auto, (max-width: 362px) 100vw, 362px\" \/><\/figure><\/div>\n\n\n\n<p>No documento, \u00e9 dito que, \u201csob as pol\u00edticas fronteiri\u00e7as sem lei do presidente Biden, mais de seis milh\u00f5es de imigrantes ilegais cruzaram a nossa fronteira sul\u201d. O governador pontua que \u201cisso \u00e9 mais do que a popula\u00e7\u00e3o de 33 estados diferentes deste pa\u00eds. Esta recusa ilegal de proteger os Estados infligiu danos sem precedentes \u00e0s pessoas em todos os Estados Unidos\u201d.<br>Diante da rebeli\u00e3o, o governo federal tamb\u00e9m acionou policiais da guarda nacional, que buscam resistir em nome da gest\u00e3o democrata. <\/p>\n\n\n\n<div class=\"wp-block-image\"><figure class=\"aligncenter size-large is-resized\"><img loading=\"lazy\" decoding=\"async\" src=\"https:\/\/jornalfatosenoticias.com.br\/wp-content\/uploads\/2024\/01\/consultoria-ambiental.jpg\" alt=\"\" class=\"wp-image-48314\" width=\"366\" height=\"331\" srcset=\"https:\/\/jornalfatosenoticias.com.br\/wp-content\/uploads\/2024\/01\/consultoria-ambiental.jpg 832w, https:\/\/jornalfatosenoticias.com.br\/wp-content\/uploads\/2024\/01\/consultoria-ambiental-300x272.jpg 300w, https:\/\/jornalfatosenoticias.com.br\/wp-content\/uploads\/2024\/01\/consultoria-ambiental-768x696.jpg 768w\" sizes=\"auto, (max-width: 366px) 100vw, 366px\" \/><\/figure><\/div>\n\n\n\n<blockquote class=\"wp-block-quote is-layout-flow wp-block-quote-is-layout-flow\"><p>Em meio ao impasse, 25 estados americanos \u2014 isso \u00e9, mais da metade dos Estados Unidos \u2014 oficializaram \u2018apoio incondicional\u2019 ao Texas, assegurando que, apesar de a Suprema Corte do pa\u00eds se colocar ao lado do governo Biden, eles far\u00e3o valer o que garante a Constitui\u00e7\u00e3o americana e, portanto, o Texas poder\u00e1 contar com seus apoios em todas as \u00e1reas necess\u00e1rias para n\u00e3o ter seus direitos violados.<\/p><\/blockquote>\n\n\n\n<div class=\"wp-block-image\"><figure class=\"aligncenter size-large is-resized\"><img loading=\"lazy\" decoding=\"async\" src=\"https:\/\/jornalfatosenoticias.com.br\/wp-content\/uploads\/2023\/03\/logo-Panper_portal.jpg\" alt=\"\" class=\"wp-image-40208\" width=\"341\" height=\"236\" srcset=\"https:\/\/jornalfatosenoticias.com.br\/wp-content\/uploads\/2023\/03\/logo-Panper_portal.jpg 400w, https:\/\/jornalfatosenoticias.com.br\/wp-content\/uploads\/2023\/03\/logo-Panper_portal-300x208.jpg 300w\" sizes=\"auto, (max-width: 341px) 100vw, 341px\" \/><\/figure><\/div>\n\n\n\n<p><strong><span class=\"has-inline-color has-black-color\">Eis os estados: <\/span><\/strong><span class=\"has-inline-color has-black-color\"><em>Alabama; Alasca; Arkansas; Fl\u00f3rida; Ge\u00f3rgia; Idaho; Indiana; Iowa; Luisiana; Mississippi; Missouri; Montana; Nebraska; Nevada; Nova Hampshire; Dakota do Norte; Ohio; Oklahoma; Carolina do Sul; Dakota do Sul; Tennessee; Utah; Virg\u00ednia; West Virginia; Wyoming.<\/em><\/span><\/p>\n\n\n\n<p><strong><em>Fonte: <a href=\"https:\/\/www.conexaopolitica.com.br\/internacional\/mais-de-25-estados-americanos-se-juntam-ao-texas-em-rebeliao-contra-governo-biden\/\">Conex\u00e3o Pol\u00edtica<\/a><\/em><\/strong><\/p>\n","protected":false},"excerpt":{"rendered":"<p>Sob o conflito oficializado, Am\u00e9rica vive um dos epis\u00f3dios mais tensos dos \u00faltimos anos Por Raul Holderf Nascimento O governador do Texas, Gregory Wayne Abbott, est\u00e1 em conflito declarado contra o presidente dos Estados Unidos, Joe Biden, ap\u00f3s o governo federal atuar para impedir o Estado republicano de proteger suas fronteiras. Ao acionar suas tropas [&hellip;]<\/p>\n","protected":false},"author":2,"featured_media":48882,"comment_status":"open","ping_status":"open","sticky":false,"template":"","format":"standard","meta":{"footnotes":""},"categories":[41],"tags":[1751,22703,22704,14779,12776],"class_list":["post-48881","post","type-post","status-publish","format-standard","has-post-thumbnail","hentry","category-internacional","tag-estados-unidos","tag-governo-joe-biden","tag-imigrantes","tag-migracao","tag-texas"],"yoast_head":"<!-- This site is optimized with the Yoast SEO plugin v26.5 - https:\/\/yoast.com\/wordpress\/plugins\/seo\/ -->\n<title>Mais de 25 estados americanos se juntam ao Texas em \u2018rebeli\u00e3o\u2019 contra governo Biden - Jornal Fatos e Not\u00edcias<\/title>\n<meta name=\"robots\" content=\"index, follow, max-snippet:-1, max-image-preview:large, max-video-preview:-1\" \/>\n<link rel=\"canonical\" href=\"https:\/\/jornalfatosenoticias.com.br\/index.php\/2024\/01\/30\/mais-de-25-estados-americanos-se-juntam-ao-texas-em-rebeliao-contra-governo-biden\/\" \/>\n<meta property=\"og:locale\" content=\"pt_BR\" \/>\n<meta property=\"og:type\" content=\"article\" \/>\n<meta property=\"og:title\" content=\"Mais de 25 estados americanos se juntam ao Texas em \u2018rebeli\u00e3o\u2019 contra governo Biden - Jornal Fatos e Not\u00edcias\" \/>\n<meta property=\"og:description\" content=\"Sob o conflito oficializado, Am\u00e9rica vive um dos epis\u00f3dios mais tensos dos \u00faltimos anos Por Raul Holderf Nascimento O governador do Texas, Gregory Wayne Abbott, est\u00e1 em conflito declarado contra o presidente dos Estados Unidos, Joe Biden, ap\u00f3s o governo federal atuar para impedir o Estado republicano de proteger suas fronteiras. Ao acionar suas tropas [&hellip;]\" \/>\n<meta property=\"og:url\" content=\"https:\/\/jornalfatosenoticias.com.br\/index.php\/2024\/01\/30\/mais-de-25-estados-americanos-se-juntam-ao-texas-em-rebeliao-contra-governo-biden\/\" \/>\n<meta property=\"og:site_name\" content=\"Jornal Fatos e Not\u00edcias\" \/>\n<meta property=\"article:published_time\" content=\"2024-01-30T19:54:47+00:00\" \/>\n<meta property=\"article:modified_time\" content=\"2024-01-30T19:54:50+00:00\" \/>\n<meta property=\"og:image\" content=\"https:\/\/jornalfatosenoticias.com.br\/wp-content\/uploads\/2024\/01\/fronteira-Texas_EUA.jpg\" \/>\n\t<meta property=\"og:image:width\" content=\"840\" \/>\n\t<meta property=\"og:image:height\" content=\"560\" \/>\n\t<meta property=\"og:image:type\" content=\"image\/jpeg\" \/>\n<meta name=\"author\" content=\"Luzimara Fernandes\" \/>\n<meta name=\"twitter:card\" content=\"summary_large_image\" \/>\n<meta name=\"twitter:label1\" content=\"Escrito por\" \/>\n\t<meta name=\"twitter:data1\" content=\"Luzimara Fernandes\" \/>\n\t<meta name=\"twitter:label2\" content=\"Est. tempo de leitura\" \/>\n\t<meta name=\"twitter:data2\" content=\"2 minutos\" \/>\n<script type=\"application\/ld+json\" class=\"yoast-schema-graph\">{\"@context\":\"https:\/\/schema.org\",\"@graph\":[{\"@type\":\"Article\",\"@id\":\"https:\/\/jornalfatosenoticias.com.br\/index.php\/2024\/01\/30\/mais-de-25-estados-americanos-se-juntam-ao-texas-em-rebeliao-contra-governo-biden\/#article\",\"isPartOf\":{\"@id\":\"https:\/\/jornalfatosenoticias.com.br\/index.php\/2024\/01\/30\/mais-de-25-estados-americanos-se-juntam-ao-texas-em-rebeliao-contra-governo-biden\/\"},\"author\":{\"name\":\"Luzimara Fernandes\",\"@id\":\"https:\/\/jornalfatosenoticias.com.br\/#\/schema\/person\/d63837fa13ac8666eb9e74e0985d6f81\"},\"headline\":\"Mais de 25 estados americanos se juntam ao Texas em \u2018rebeli\u00e3o\u2019 contra governo Biden\",\"datePublished\":\"2024-01-30T19:54:47+00:00\",\"dateModified\":\"2024-01-30T19:54:50+00:00\",\"mainEntityOfPage\":{\"@id\":\"https:\/\/jornalfatosenoticias.com.br\/index.php\/2024\/01\/30\/mais-de-25-estados-americanos-se-juntam-ao-texas-em-rebeliao-contra-governo-biden\/\"},\"wordCount\":427,\"commentCount\":0,\"publisher\":{\"@id\":\"https:\/\/jornalfatosenoticias.com.br\/#organization\"},\"image\":{\"@id\":\"https:\/\/jornalfatosenoticias.com.br\/index.php\/2024\/01\/30\/mais-de-25-estados-americanos-se-juntam-ao-texas-em-rebeliao-contra-governo-biden\/#primaryimage\"},\"thumbnailUrl\":\"https:\/\/jornalfatosenoticias.com.br\/wp-content\/uploads\/2024\/01\/fronteira-Texas_EUA.jpg\",\"keywords\":[\"Estados Unidos\",\"governo Joe Biden\",\"imigrantes\",\"migra\u00e7\u00e3o\",\"Texas\"],\"articleSection\":[\"Internacional\"],\"inLanguage\":\"pt-BR\",\"potentialAction\":[{\"@type\":\"CommentAction\",\"name\":\"Comment\",\"target\":[\"https:\/\/jornalfatosenoticias.com.br\/index.php\/2024\/01\/30\/mais-de-25-estados-americanos-se-juntam-ao-texas-em-rebeliao-contra-governo-biden\/#respond\"]}]},{\"@type\":\"WebPage\",\"@id\":\"https:\/\/jornalfatosenoticias.com.br\/index.php\/2024\/01\/30\/mais-de-25-estados-americanos-se-juntam-ao-texas-em-rebeliao-contra-governo-biden\/\",\"url\":\"https:\/\/jornalfatosenoticias.com.br\/index.php\/2024\/01\/30\/mais-de-25-estados-americanos-se-juntam-ao-texas-em-rebeliao-contra-governo-biden\/\",\"name\":\"Mais de 25 estados americanos se juntam ao Texas em \u2018rebeli\u00e3o\u2019 contra governo Biden - Jornal Fatos e Not\u00edcias\",\"isPartOf\":{\"@id\":\"https:\/\/jornalfatosenoticias.com.br\/#website\"},\"primaryImageOfPage\":{\"@id\":\"https:\/\/jornalfatosenoticias.com.br\/index.php\/2024\/01\/30\/mais-de-25-estados-americanos-se-juntam-ao-texas-em-rebeliao-contra-governo-biden\/#primaryimage\"},\"image\":{\"@id\":\"https:\/\/jornalfatosenoticias.com.br\/index.php\/2024\/01\/30\/mais-de-25-estados-americanos-se-juntam-ao-texas-em-rebeliao-contra-governo-biden\/#primaryimage\"},\"thumbnailUrl\":\"https:\/\/jornalfatosenoticias.com.br\/wp-content\/uploads\/2024\/01\/fronteira-Texas_EUA.jpg\",\"datePublished\":\"2024-01-30T19:54:47+00:00\",\"dateModified\":\"2024-01-30T19:54:50+00:00\",\"breadcrumb\":{\"@id\":\"https:\/\/jornalfatosenoticias.com.br\/index.php\/2024\/01\/30\/mais-de-25-estados-americanos-se-juntam-ao-texas-em-rebeliao-contra-governo-biden\/#breadcrumb\"},\"inLanguage\":\"pt-BR\",\"potentialAction\":[{\"@type\":\"ReadAction\",\"target\":[\"https:\/\/jornalfatosenoticias.com.br\/index.php\/2024\/01\/30\/mais-de-25-estados-americanos-se-juntam-ao-texas-em-rebeliao-contra-governo-biden\/\"]}]},{\"@type\":\"ImageObject\",\"inLanguage\":\"pt-BR\",\"@id\":\"https:\/\/jornalfatosenoticias.com.br\/index.php\/2024\/01\/30\/mais-de-25-estados-americanos-se-juntam-ao-texas-em-rebeliao-contra-governo-biden\/#primaryimage\",\"url\":\"https:\/\/jornalfatosenoticias.com.br\/wp-content\/uploads\/2024\/01\/fronteira-Texas_EUA.jpg\",\"contentUrl\":\"https:\/\/jornalfatosenoticias.com.br\/wp-content\/uploads\/2024\/01\/fronteira-Texas_EUA.jpg\",\"width\":840,\"height\":560},{\"@type\":\"BreadcrumbList\",\"@id\":\"https:\/\/jornalfatosenoticias.com.br\/index.php\/2024\/01\/30\/mais-de-25-estados-americanos-se-juntam-ao-texas-em-rebeliao-contra-governo-biden\/#breadcrumb\",\"itemListElement\":[{\"@type\":\"ListItem\",\"position\":1,\"name\":\"In\u00edcio\",\"item\":\"https:\/\/jornalfatosenoticias.com.br\/\"},{\"@type\":\"ListItem\",\"position\":2,\"name\":\"Mais de 25 estados americanos se juntam ao Texas em \u2018rebeli\u00e3o\u2019 contra governo Biden\"}]},{\"@type\":\"WebSite\",\"@id\":\"https:\/\/jornalfatosenoticias.com.br\/#website\",\"url\":\"https:\/\/jornalfatosenoticias.com.br\/\",\"name\":\"Jornal Fatos e Not\u00edcias\",\"description\":\"Not\u00edcias em geral\",\"publisher\":{\"@id\":\"https:\/\/jornalfatosenoticias.com.br\/#organization\"},\"potentialAction\":[{\"@type\":\"SearchAction\",\"target\":{\"@type\":\"EntryPoint\",\"urlTemplate\":\"https:\/\/jornalfatosenoticias.com.br\/?s={search_term_string}\"},\"query-input\":{\"@type\":\"PropertyValueSpecification\",\"valueRequired\":true,\"valueName\":\"search_term_string\"}}],\"inLanguage\":\"pt-BR\"},{\"@type\":\"Organization\",\"@id\":\"https:\/\/jornalfatosenoticias.com.br\/#organization\",\"name\":\"Jornal Fatos e Not\u00edcias\",\"url\":\"https:\/\/jornalfatosenoticias.com.br\/\",\"logo\":{\"@type\":\"ImageObject\",\"inLanguage\":\"pt-BR\",\"@id\":\"https:\/\/jornalfatosenoticias.com.br\/#\/schema\/logo\/image\/\",\"url\":\"https:\/\/jornalfatosenoticias.com.br\/wp-content\/uploads\/2020\/02\/logo120.png\",\"contentUrl\":\"https:\/\/jornalfatosenoticias.com.br\/wp-content\/uploads\/2020\/02\/logo120.png\",\"width\":1227,\"height\":120,\"caption\":\"Jornal Fatos e Not\u00edcias\"},\"image\":{\"@id\":\"https:\/\/jornalfatosenoticias.com.br\/#\/schema\/logo\/image\/\"}},{\"@type\":\"Person\",\"@id\":\"https:\/\/jornalfatosenoticias.com.br\/#\/schema\/person\/d63837fa13ac8666eb9e74e0985d6f81\",\"name\":\"Luzimara Fernandes\",\"image\":{\"@type\":\"ImageObject\",\"inLanguage\":\"pt-BR\",\"@id\":\"https:\/\/jornalfatosenoticias.com.br\/#\/schema\/person\/image\/\",\"url\":\"https:\/\/jornalfatosenoticias.com.br\/wp-content\/uploads\/2025\/05\/EU_portal.jpg\",\"contentUrl\":\"https:\/\/jornalfatosenoticias.com.br\/wp-content\/uploads\/2025\/05\/EU_portal.jpg\",\"caption\":\"Luzimara Fernandes\"},\"description\":\"Jornalista MTB 2358-ES\",\"sameAs\":[\"https:\/\/jornalfatosenoticias.com.br\"],\"url\":\"https:\/\/jornalfatosenoticias.com.br\/index.php\/author\/luzimara\/\"}]}<\/script>\n<!-- \/ Yoast SEO plugin. -->","yoast_head_json":{"title":"Mais de 25 estados americanos se juntam ao Texas em \u2018rebeli\u00e3o\u2019 contra governo Biden - Jornal Fatos e Not\u00edcias","robots":{"index":"index","follow":"follow","max-snippet":"max-snippet:-1","max-image-preview":"max-image-preview:large","max-video-preview":"max-video-preview:-1"},"canonical":"https:\/\/jornalfatosenoticias.com.br\/index.php\/2024\/01\/30\/mais-de-25-estados-americanos-se-juntam-ao-texas-em-rebeliao-contra-governo-biden\/","og_locale":"pt_BR","og_type":"article","og_title":"Mais de 25 estados americanos se juntam ao Texas em \u2018rebeli\u00e3o\u2019 contra governo Biden - Jornal Fatos e Not\u00edcias","og_description":"Sob o conflito oficializado, Am\u00e9rica vive um dos epis\u00f3dios mais tensos dos \u00faltimos anos Por Raul Holderf Nascimento O governador do Texas, Gregory Wayne Abbott, est\u00e1 em conflito declarado contra o presidente dos Estados Unidos, Joe Biden, ap\u00f3s o governo federal atuar para impedir o Estado republicano de proteger suas fronteiras. Ao acionar suas tropas [&hellip;]","og_url":"https:\/\/jornalfatosenoticias.com.br\/index.php\/2024\/01\/30\/mais-de-25-estados-americanos-se-juntam-ao-texas-em-rebeliao-contra-governo-biden\/","og_site_name":"Jornal Fatos e Not\u00edcias","article_published_time":"2024-01-30T19:54:47+00:00","article_modified_time":"2024-01-30T19:54:50+00:00","og_image":[{"width":840,"height":560,"url":"https:\/\/jornalfatosenoticias.com.br\/wp-content\/uploads\/2024\/01\/fronteira-Texas_EUA.jpg","type":"image\/jpeg"}],"author":"Luzimara Fernandes","twitter_card":"summary_large_image","twitter_misc":{"Escrito por":"Luzimara Fernandes","Est. tempo de leitura":"2 minutos"},"schema":{"@context":"https:\/\/schema.org","@graph":[{"@type":"Article","@id":"https:\/\/jornalfatosenoticias.com.br\/index.php\/2024\/01\/30\/mais-de-25-estados-americanos-se-juntam-ao-texas-em-rebeliao-contra-governo-biden\/#article","isPartOf":{"@id":"https:\/\/jornalfatosenoticias.com.br\/index.php\/2024\/01\/30\/mais-de-25-estados-americanos-se-juntam-ao-texas-em-rebeliao-contra-governo-biden\/"},"author":{"name":"Luzimara Fernandes","@id":"https:\/\/jornalfatosenoticias.com.br\/#\/schema\/person\/d63837fa13ac8666eb9e74e0985d6f81"},"headline":"Mais de 25 estados americanos se juntam ao Texas em \u2018rebeli\u00e3o\u2019 contra governo Biden","datePublished":"2024-01-30T19:54:47+00:00","dateModified":"2024-01-30T19:54:50+00:00","mainEntityOfPage":{"@id":"https:\/\/jornalfatosenoticias.com.br\/index.php\/2024\/01\/30\/mais-de-25-estados-americanos-se-juntam-ao-texas-em-rebeliao-contra-governo-biden\/"},"wordCount":427,"commentCount":0,"publisher":{"@id":"https:\/\/jornalfatosenoticias.com.br\/#organization"},"image":{"@id":"https:\/\/jornalfatosenoticias.com.br\/index.php\/2024\/01\/30\/mais-de-25-estados-americanos-se-juntam-ao-texas-em-rebeliao-contra-governo-biden\/#primaryimage"},"thumbnailUrl":"https:\/\/jornalfatosenoticias.com.br\/wp-content\/uploads\/2024\/01\/fronteira-Texas_EUA.jpg","keywords":["Estados Unidos","governo Joe Biden","imigrantes","migra\u00e7\u00e3o","Texas"],"articleSection":["Internacional"],"inLanguage":"pt-BR","potentialAction":[{"@type":"CommentAction","name":"Comment","target":["https:\/\/jornalfatosenoticias.com.br\/index.php\/2024\/01\/30\/mais-de-25-estados-americanos-se-juntam-ao-texas-em-rebeliao-contra-governo-biden\/#respond"]}]},{"@type":"WebPage","@id":"https:\/\/jornalfatosenoticias.com.br\/index.php\/2024\/01\/30\/mais-de-25-estados-americanos-se-juntam-ao-texas-em-rebeliao-contra-governo-biden\/","url":"https:\/\/jornalfatosenoticias.com.br\/index.php\/2024\/01\/30\/mais-de-25-estados-americanos-se-juntam-ao-texas-em-rebeliao-contra-governo-biden\/","name":"Mais de 25 estados americanos se juntam ao Texas em \u2018rebeli\u00e3o\u2019 contra governo Biden - Jornal Fatos e Not\u00edcias","isPartOf":{"@id":"https:\/\/jornalfatosenoticias.com.br\/#website"},"primaryImageOfPage":{"@id":"https:\/\/jornalfatosenoticias.com.br\/index.php\/2024\/01\/30\/mais-de-25-estados-americanos-se-juntam-ao-texas-em-rebeliao-contra-governo-biden\/#primaryimage"},"image":{"@id":"https:\/\/jornalfatosenoticias.com.br\/index.php\/2024\/01\/30\/mais-de-25-estados-americanos-se-juntam-ao-texas-em-rebeliao-contra-governo-biden\/#primaryimage"},"thumbnailUrl":"https:\/\/jornalfatosenoticias.com.br\/wp-content\/uploads\/2024\/01\/fronteira-Texas_EUA.jpg","datePublished":"2024-01-30T19:54:47+00:00","dateModified":"2024-01-30T19:54:50+00:00","breadcrumb":{"@id":"https:\/\/jornalfatosenoticias.com.br\/index.php\/2024\/01\/30\/mais-de-25-estados-americanos-se-juntam-ao-texas-em-rebeliao-contra-governo-biden\/#breadcrumb"},"inLanguage":"pt-BR","potentialAction":[{"@type":"ReadAction","target":["https:\/\/jornalfatosenoticias.com.br\/index.php\/2024\/01\/30\/mais-de-25-estados-americanos-se-juntam-ao-texas-em-rebeliao-contra-governo-biden\/"]}]},{"@type":"ImageObject","inLanguage":"pt-BR","@id":"https:\/\/jornalfatosenoticias.com.br\/index.php\/2024\/01\/30\/mais-de-25-estados-americanos-se-juntam-ao-texas-em-rebeliao-contra-governo-biden\/#primaryimage","url":"https:\/\/jornalfatosenoticias.com.br\/wp-content\/uploads\/2024\/01\/fronteira-Texas_EUA.jpg","contentUrl":"https:\/\/jornalfatosenoticias.com.br\/wp-content\/uploads\/2024\/01\/fronteira-Texas_EUA.jpg","width":840,"height":560},{"@type":"BreadcrumbList","@id":"https:\/\/jornalfatosenoticias.com.br\/index.php\/2024\/01\/30\/mais-de-25-estados-americanos-se-juntam-ao-texas-em-rebeliao-contra-governo-biden\/#breadcrumb","itemListElement":[{"@type":"ListItem","position":1,"name":"In\u00edcio","item":"https:\/\/jornalfatosenoticias.com.br\/"},{"@type":"ListItem","position":2,"name":"Mais de 25 estados americanos se juntam ao Texas em \u2018rebeli\u00e3o\u2019 contra governo Biden"}]},{"@type":"WebSite","@id":"https:\/\/jornalfatosenoticias.com.br\/#website","url":"https:\/\/jornalfatosenoticias.com.br\/","name":"Jornal Fatos e Not\u00edcias","description":"Not\u00edcias em geral","publisher":{"@id":"https:\/\/jornalfatosenoticias.com.br\/#organization"},"potentialAction":[{"@type":"SearchAction","target":{"@type":"EntryPoint","urlTemplate":"https:\/\/jornalfatosenoticias.com.br\/?s={search_term_string}"},"query-input":{"@type":"PropertyValueSpecification","valueRequired":true,"valueName":"search_term_string"}}],"inLanguage":"pt-BR"},{"@type":"Organization","@id":"https:\/\/jornalfatosenoticias.com.br\/#organization","name":"Jornal Fatos e Not\u00edcias","url":"https:\/\/jornalfatosenoticias.com.br\/","logo":{"@type":"ImageObject","inLanguage":"pt-BR","@id":"https:\/\/jornalfatosenoticias.com.br\/#\/schema\/logo\/image\/","url":"https:\/\/jornalfatosenoticias.com.br\/wp-content\/uploads\/2020\/02\/logo120.png","contentUrl":"https:\/\/jornalfatosenoticias.com.br\/wp-content\/uploads\/2020\/02\/logo120.png","width":1227,"height":120,"caption":"Jornal Fatos e Not\u00edcias"},"image":{"@id":"https:\/\/jornalfatosenoticias.com.br\/#\/schema\/logo\/image\/"}},{"@type":"Person","@id":"https:\/\/jornalfatosenoticias.com.br\/#\/schema\/person\/d63837fa13ac8666eb9e74e0985d6f81","name":"Luzimara Fernandes","image":{"@type":"ImageObject","inLanguage":"pt-BR","@id":"https:\/\/jornalfatosenoticias.com.br\/#\/schema\/person\/image\/","url":"https:\/\/jornalfatosenoticias.com.br\/wp-content\/uploads\/2025\/05\/EU_portal.jpg","contentUrl":"https:\/\/jornalfatosenoticias.com.br\/wp-content\/uploads\/2025\/05\/EU_portal.jpg","caption":"Luzimara Fernandes"},"description":"Jornalista MTB 2358-ES","sameAs":["https:\/\/jornalfatosenoticias.com.br"],"url":"https:\/\/jornalfatosenoticias.com.br\/index.php\/author\/luzimara\/"}]}},"cc_featured_image_caption":{"caption_text":"(Foto: Conex\u00e3o Pol\u00edtica no X)","source_text":"","source_url":""},"jetpack_featured_media_url":"https:\/\/jornalfatosenoticias.com.br\/wp-content\/uploads\/2024\/01\/fronteira-Texas_EUA.jpg","_links":{"self":[{"href":"https:\/\/jornalfatosenoticias.com.br\/index.php\/wp-json\/wp\/v2\/posts\/48881","targetHints":{"allow":["GET"]}}],"collection":[{"href":"https:\/\/jornalfatosenoticias.com.br\/index.php\/wp-json\/wp\/v2\/posts"}],"about":[{"href":"https:\/\/jornalfatosenoticias.com.br\/index.php\/wp-json\/wp\/v2\/types\/post"}],"author":[{"embeddable":true,"href":"https:\/\/jornalfatosenoticias.com.br\/index.php\/wp-json\/wp\/v2\/users\/2"}],"replies":[{"embeddable":true,"href":"https:\/\/jornalfatosenoticias.com.br\/index.php\/wp-json\/wp\/v2\/comments?post=48881"}],"version-history":[{"count":0,"href":"https:\/\/jornalfatosenoticias.com.br\/index.php\/wp-json\/wp\/v2\/posts\/48881\/revisions"}],"wp:featuredmedia":[{"embeddable":true,"href":"https:\/\/jornalfatosenoticias.com.br\/index.php\/wp-json\/wp\/v2\/media\/48882"}],"wp:attachment":[{"href":"https:\/\/jornalfatosenoticias.com.br\/index.php\/wp-json\/wp\/v2\/media?parent=48881"}],"wp:term":[{"taxonomy":"category","embeddable":true,"href":"https:\/\/jornalfatosenoticias.com.br\/index.php\/wp-json\/wp\/v2\/categories?post=48881"},{"taxonomy":"post_tag","embeddable":true,"href":"https:\/\/jornalfatosenoticias.com.br\/index.php\/wp-json\/wp\/v2\/tags?post=48881"}],"curies":[{"name":"wp","href":"https:\/\/api.w.org\/{rel}","templated":true}]}}