{"id":48884,"date":"2024-01-31T10:59:52","date_gmt":"2024-01-31T13:59:52","guid":{"rendered":"https:\/\/jornalfatosenoticias.com.br\/?p=48884"},"modified":"2024-01-31T10:59:54","modified_gmt":"2024-01-31T13:59:54","slug":"avc-matou-12-pessoas-por-dia-em-2023-veja-os-sinais-de-alerta","status":"publish","type":"post","link":"https:\/\/jornalfatosenoticias.com.br\/index.php\/2024\/01\/31\/avc-matou-12-pessoas-por-dia-em-2023-veja-os-sinais-de-alerta\/","title":{"rendered":"AVC matou 12 pessoas por dia em 2023; veja os sinais de alerta"},"content":{"rendered":"\n<p><em><span class=\"has-inline-color has-black-color\">Segundo dados da Arpen Brasil, Acidente Vascular Cerebral isqu\u00eamico foi o mais registrado<\/span><\/em><\/p>\n\n\n\n<p><span class=\"has-inline-color has-black-color\">Por <strong><a href=\"https:\/\/olhardigital.com.br\/author\/tamires-ferreira\/\">Tamires Ferreira<\/a><\/strong><\/span><\/p>\n\n\n\n<div class=\"wp-block-image\"><figure class=\"aligncenter size-large is-resized\"><img loading=\"lazy\" decoding=\"async\" src=\"https:\/\/jornalfatosenoticias.com.br\/wp-content\/uploads\/2023\/09\/vetorvix1024_1.jpg\" alt=\"\" class=\"wp-image-44868\" width=\"490\" height=\"130\" srcset=\"https:\/\/jornalfatosenoticias.com.br\/wp-content\/uploads\/2023\/09\/vetorvix1024_1.jpg 1024w, https:\/\/jornalfatosenoticias.com.br\/wp-content\/uploads\/2023\/09\/vetorvix1024_1-300x80.jpg 300w, https:\/\/jornalfatosenoticias.com.br\/wp-content\/uploads\/2023\/09\/vetorvix1024_1-768x205.jpg 768w\" sizes=\"auto, (max-width: 490px) 100vw, 490px\" \/><\/figure><\/div>\n\n\n\n<p>De acordo com dados do portal da transpar\u00eancia da Associa\u00e7\u00e3o de Registradores de Pessoas Naturais (Arpen Brasil), o Acidente Vascular Cerebral (AVC) matou 109.560 pessoas no Brasil em 2023, o que equivale a 12 brasileiros por dia. O derrame, que possui dois tipos (isqu\u00eamico e hemorr\u00e1gico), j\u00e1 \u00e9 uma das principais causas de morte, incapacita\u00e7\u00e3o e interna\u00e7\u00f5es em todo o mundo.<\/p>\n\n\n\n<blockquote class=\"wp-block-quote is-layout-flow wp-block-quote-is-layout-flow\"><p><span class=\"has-inline-color has-luminous-vivid-orange-color\">Identificar rapidamente os sinais da doen\u00e7a e o socorro \u00e1gil diminui drasticamente o risco de morte e evita o comprometimento mais grave que pode deixar sequelas permanentes, como redu\u00e7\u00e3o de movimentos, perda de mem\u00f3ria e preju\u00edzo \u00e0 fala&#8221;, explica Sheila Cristina Ouriques Martins, presidente da Rede Brasil AVC e da World Stroke Organization.<\/span><\/p><\/blockquote>\n\n\n\n<div class=\"wp-block-image\"><figure class=\"aligncenter size-large is-resized\"><img loading=\"lazy\" decoding=\"async\" src=\"https:\/\/jornalfatosenoticias.com.br\/wp-content\/uploads\/2023\/08\/LOGO-BLU-COMERCIAL-PRETO-1024x600.jpg\" alt=\"\" class=\"wp-image-44053\" width=\"392\" height=\"229\"\/><\/figure><\/div>\n\n\n\n<p>O tipo isqu\u00eamico, que ocorre quando falta sangue em alguma \u00e1rea do c\u00e9rebro, foi o mais comum, correspondendo de 80% a 85% dos casos. Em um epis\u00f3dio de AVC, cada minuto tem valor imensur\u00e1vel no salvamento de uma vida. Segundo a associa\u00e7\u00e3o, a cada minuto em que o AVC isqu\u00eamico n\u00e3o \u00e9 tratado, a pessoa perde 1,9 milh\u00e3o de neur\u00f4nios. Assim, \u00e9 de extrema import\u00e2ncia estar atento aos sinais mais comuns.<\/p>\n\n\n\n<div class=\"wp-block-image\"><figure class=\"aligncenter size-large is-resized\"><img loading=\"lazy\" decoding=\"async\" src=\"https:\/\/jornalfatosenoticias.com.br\/wp-content\/uploads\/2023\/03\/logo-Panper_portal.jpg\" alt=\"\" class=\"wp-image-40208\" width=\"335\" height=\"232\" srcset=\"https:\/\/jornalfatosenoticias.com.br\/wp-content\/uploads\/2023\/03\/logo-Panper_portal.jpg 400w, https:\/\/jornalfatosenoticias.com.br\/wp-content\/uploads\/2023\/03\/logo-Panper_portal-300x208.jpg 300w\" sizes=\"auto, (max-width: 335px) 100vw, 335px\" \/><\/figure><\/div>\n\n\n\n<p>Entre os sinais de alerta mais comuns est\u00e3o: fraqueza ou formigamento na face, no bra\u00e7o ou na perna, especialmente em um lado do corpo; confus\u00e3o mental; altera\u00e7\u00e3o da fala ou compreens\u00e3o; altera\u00e7\u00e3o na vis\u00e3o, no equil\u00edbrio, na coordena\u00e7\u00e3o ou no andar; tontura; dor de cabe\u00e7a s\u00fabita, intensa, sem causa aparente.<\/p>\n\n\n\n<div class=\"wp-block-image\"><figure class=\"aligncenter size-large is-resized\"><img loading=\"lazy\" decoding=\"async\" src=\"https:\/\/jornalfatosenoticias.com.br\/wp-content\/uploads\/2020\/02\/logo-Rapuzel-1024x571.jpg\" alt=\"\" class=\"wp-image-42808\" width=\"400\" height=\"223\" srcset=\"https:\/\/jornalfatosenoticias.com.br\/wp-content\/uploads\/2020\/02\/logo-Rapuzel-1024x571.jpg 1024w, https:\/\/jornalfatosenoticias.com.br\/wp-content\/uploads\/2020\/02\/logo-Rapuzel-300x167.jpg 300w, https:\/\/jornalfatosenoticias.com.br\/wp-content\/uploads\/2020\/02\/logo-Rapuzel-768x428.jpg 768w, https:\/\/jornalfatosenoticias.com.br\/wp-content\/uploads\/2020\/02\/logo-Rapuzel-1536x856.jpg 1536w, https:\/\/jornalfatosenoticias.com.br\/wp-content\/uploads\/2020\/02\/logo-Rapuzel.jpg 1600w\" sizes=\"auto, (max-width: 400px) 100vw, 400px\" \/><\/figure><\/div>\n\n\n\n<p><strong><span class=\"has-inline-color has-black-color\">AVC: o que fazer?<\/span><\/strong> Ao suspeitar que algu\u00e9m esteja tendo um AVC, \u00e9 aconselh\u00e1vel pedir \u00e0 pessoa para sorrir, observando se um lado do rosto permanece im\u00f3vel. Verifique tamb\u00e9m se ela consegue levantar ambos os bra\u00e7os para avaliar se um lado est\u00e1 mais fraco.<br>\u00c9 interessante tamb\u00e9m solicitar que a pessoa fale uma frase simples, como \u201co c\u00e9u \u00e9 azul\u201d. Verifique se ela apresenta dificuldade, resultando na fala enrolada. <\/p>\n\n\n\n<div class=\"wp-block-image\"><figure class=\"aligncenter size-large\"><img decoding=\"async\" src=\"https:\/\/jornalfatosenoticias.com.br\/wp-content\/uploads\/2020\/02\/logo_esteio.jpg\" alt=\"\" class=\"wp-image-1214\"\/><\/figure><\/div>\n\n\n\n<blockquote class=\"wp-block-quote is-layout-flow wp-block-quote-is-layout-flow\"><p><span class=\"has-inline-color has-luminous-vivid-orange-color\">Ao perceber um desses sinais, o Samu (192) precisa ser imediatamente acionado\u201d, ressalta Martins, que tamb\u00e9m \u00e9 neurologista.<\/span><\/p><\/blockquote>\n\n\n\n<div class=\"wp-block-image\"><figure class=\"aligncenter size-large\"><img decoding=\"async\" src=\"https:\/\/jornalfatosenoticias.com.br\/wp-content\/uploads\/2020\/02\/barao-das-carnes-300x164-1.jpg\" alt=\"\" class=\"wp-image-34339\"\/><\/figure><\/div>\n\n\n\n<p>Conforme estudo publicado no <em>The Lancet Neurology,<\/em> \u00e9 poss\u00edvel prevenir at\u00e9 90% dos casos de AVC controlando os fatores de risco, como hipertens\u00e3o, diabetes, colesterol elevado, arritmia card\u00edaca, sedentarismo, excesso de peso, a alimenta\u00e7\u00e3o n\u00e3o saud\u00e1vel, o tabagismo, abuso de \u00e1lcool e o estresse.<\/p>\n\n\n\n<div class=\"wp-block-image\"><figure class=\"aligncenter size-large\"><img loading=\"lazy\" decoding=\"async\" width=\"300\" height=\"250\" src=\"https:\/\/jornalfatosenoticias.com.br\/wp-content\/uploads\/2020\/02\/Banner-2.png\" alt=\"\" class=\"wp-image-43787\"\/><\/figure><\/div>\n\n\n\n<p>Ao adotarmos um estilo de vida saud\u00e1vel, reconhecermos nossos pr\u00f3prios fatores de risco e buscarmos assist\u00eancia m\u00e9dica adequada para preven\u00e7\u00e3o, podemos diminuir significativamente o impacto do AVC em nossa sociedade.<br>O estudo, realizado em parceria com a <em>World Stroke Organization (WSO)<\/em> e publicado em outubro no The Lancet Neurology \u2014 uma das mais respeitadas revistas cient\u00edficas \u2014 estimou ainda que se n\u00e3o forem tomadas medidas urgentes o AVC pode causar quase 10 milh\u00f5es de mortes no mundo anualmente at\u00e9 2050, principalmente em pa\u00edses de baixa e m\u00e9dia renda.<\/p>\n\n\n\n<div class=\"wp-block-image\"><figure class=\"aligncenter size-large is-resized\"><img loading=\"lazy\" decoding=\"async\" src=\"https:\/\/jornalfatosenoticias.com.br\/wp-content\/uploads\/2023\/12\/pegoretti-logo-pdf-1024x389.jpg\" alt=\"\" class=\"wp-image-47536\" width=\"475\" height=\"180\" srcset=\"https:\/\/jornalfatosenoticias.com.br\/wp-content\/uploads\/2023\/12\/pegoretti-logo-pdf-1024x389.jpg 1024w, https:\/\/jornalfatosenoticias.com.br\/wp-content\/uploads\/2023\/12\/pegoretti-logo-pdf-300x114.jpg 300w, https:\/\/jornalfatosenoticias.com.br\/wp-content\/uploads\/2023\/12\/pegoretti-logo-pdf-768x291.jpg 768w, https:\/\/jornalfatosenoticias.com.br\/wp-content\/uploads\/2023\/12\/pegoretti-logo-pdf.jpg 1120w\" sizes=\"auto, (max-width: 475px) 100vw, 475px\" \/><\/figure><\/div>\n\n\n\n<p><strong><em>Fonte: <a href=\"https:\/\/olhardigital.com.br\/2024\/01\/29\/medicina-e-saude\/avc-matou-12-pessoas-por-dia-em-2023-veja-os-sinais-de-alerta\/\">Olhar Digital<\/a><\/em><\/strong><\/p>\n","protected":false},"excerpt":{"rendered":"<p>Segundo dados da Arpen Brasil, Acidente Vascular Cerebral isqu\u00eamico foi o mais registrado Por Tamires Ferreira De acordo com dados do portal da transpar\u00eancia da Associa\u00e7\u00e3o de Registradores de Pessoas Naturais (Arpen Brasil), o Acidente Vascular Cerebral (AVC) matou 109.560 pessoas no Brasil em 2023, o que equivale a 12 brasileiros por dia. O derrame, [&hellip;]<\/p>\n","protected":false},"author":2,"featured_media":48885,"comment_status":"open","ping_status":"open","sticky":false,"template":"","format":"standard","meta":{"footnotes":""},"categories":[11],"tags":[6586,6914,75,15069],"class_list":["post-48884","post","type-post","status-publish","format-standard","has-post-thumbnail","hentry","category-saude","tag-avc","tag-hipertensao","tag-mortes","tag-sequelas"],"yoast_head":"<!-- This site is optimized with the Yoast SEO plugin v26.5 - https:\/\/yoast.com\/wordpress\/plugins\/seo\/ -->\n<title>AVC matou 12 pessoas por dia em 2023; veja os sinais de alerta - Jornal Fatos e Not\u00edcias<\/title>\n<meta name=\"robots\" content=\"index, follow, max-snippet:-1, max-image-preview:large, max-video-preview:-1\" \/>\n<link rel=\"canonical\" href=\"https:\/\/jornalfatosenoticias.com.br\/index.php\/2024\/01\/31\/avc-matou-12-pessoas-por-dia-em-2023-veja-os-sinais-de-alerta\/\" \/>\n<meta property=\"og:locale\" content=\"pt_BR\" \/>\n<meta property=\"og:type\" content=\"article\" \/>\n<meta property=\"og:title\" content=\"AVC matou 12 pessoas por dia em 2023; veja os sinais de alerta - Jornal Fatos e Not\u00edcias\" \/>\n<meta property=\"og:description\" content=\"Segundo dados da Arpen Brasil, Acidente Vascular Cerebral isqu\u00eamico foi o mais registrado Por Tamires Ferreira De acordo com dados do portal da transpar\u00eancia da Associa\u00e7\u00e3o de Registradores de Pessoas Naturais (Arpen Brasil), o Acidente Vascular Cerebral (AVC) matou 109.560 pessoas no Brasil em 2023, o que equivale a 12 brasileiros por dia. O derrame, [&hellip;]\" \/>\n<meta property=\"og:url\" content=\"https:\/\/jornalfatosenoticias.com.br\/index.php\/2024\/01\/31\/avc-matou-12-pessoas-por-dia-em-2023-veja-os-sinais-de-alerta\/\" \/>\n<meta property=\"og:site_name\" content=\"Jornal Fatos e Not\u00edcias\" \/>\n<meta property=\"article:published_time\" content=\"2024-01-31T13:59:52+00:00\" \/>\n<meta property=\"article:modified_time\" content=\"2024-01-31T13:59:54+00:00\" \/>\n<meta property=\"og:image\" content=\"https:\/\/jornalfatosenoticias.com.br\/wp-content\/uploads\/2024\/01\/AVC_gettyimages.jpg\" \/>\n\t<meta property=\"og:image:width\" content=\"612\" \/>\n\t<meta property=\"og:image:height\" content=\"408\" \/>\n\t<meta property=\"og:image:type\" content=\"image\/jpeg\" \/>\n<meta name=\"author\" content=\"Luzimara Fernandes\" \/>\n<meta name=\"twitter:card\" content=\"summary_large_image\" \/>\n<meta name=\"twitter:label1\" content=\"Escrito por\" \/>\n\t<meta name=\"twitter:data1\" content=\"Luzimara Fernandes\" \/>\n\t<meta name=\"twitter:label2\" content=\"Est. tempo de leitura\" \/>\n\t<meta name=\"twitter:data2\" content=\"3 minutos\" \/>\n<script type=\"application\/ld+json\" class=\"yoast-schema-graph\">{\"@context\":\"https:\/\/schema.org\",\"@graph\":[{\"@type\":\"Article\",\"@id\":\"https:\/\/jornalfatosenoticias.com.br\/index.php\/2024\/01\/31\/avc-matou-12-pessoas-por-dia-em-2023-veja-os-sinais-de-alerta\/#article\",\"isPartOf\":{\"@id\":\"https:\/\/jornalfatosenoticias.com.br\/index.php\/2024\/01\/31\/avc-matou-12-pessoas-por-dia-em-2023-veja-os-sinais-de-alerta\/\"},\"author\":{\"name\":\"Luzimara Fernandes\",\"@id\":\"https:\/\/jornalfatosenoticias.com.br\/#\/schema\/person\/d63837fa13ac8666eb9e74e0985d6f81\"},\"headline\":\"AVC matou 12 pessoas por dia em 2023; veja os sinais de alerta\",\"datePublished\":\"2024-01-31T13:59:52+00:00\",\"dateModified\":\"2024-01-31T13:59:54+00:00\",\"mainEntityOfPage\":{\"@id\":\"https:\/\/jornalfatosenoticias.com.br\/index.php\/2024\/01\/31\/avc-matou-12-pessoas-por-dia-em-2023-veja-os-sinais-de-alerta\/\"},\"wordCount\":518,\"commentCount\":0,\"publisher\":{\"@id\":\"https:\/\/jornalfatosenoticias.com.br\/#organization\"},\"image\":{\"@id\":\"https:\/\/jornalfatosenoticias.com.br\/index.php\/2024\/01\/31\/avc-matou-12-pessoas-por-dia-em-2023-veja-os-sinais-de-alerta\/#primaryimage\"},\"thumbnailUrl\":\"https:\/\/jornalfatosenoticias.com.br\/wp-content\/uploads\/2024\/01\/AVC_gettyimages.jpg\",\"keywords\":[\"AVC\",\"hipertens\u00e3o\",\"mortes\",\"sequelas\"],\"articleSection\":[\"Sa\u00fade\"],\"inLanguage\":\"pt-BR\",\"potentialAction\":[{\"@type\":\"CommentAction\",\"name\":\"Comment\",\"target\":[\"https:\/\/jornalfatosenoticias.com.br\/index.php\/2024\/01\/31\/avc-matou-12-pessoas-por-dia-em-2023-veja-os-sinais-de-alerta\/#respond\"]}]},{\"@type\":\"WebPage\",\"@id\":\"https:\/\/jornalfatosenoticias.com.br\/index.php\/2024\/01\/31\/avc-matou-12-pessoas-por-dia-em-2023-veja-os-sinais-de-alerta\/\",\"url\":\"https:\/\/jornalfatosenoticias.com.br\/index.php\/2024\/01\/31\/avc-matou-12-pessoas-por-dia-em-2023-veja-os-sinais-de-alerta\/\",\"name\":\"AVC matou 12 pessoas por dia em 2023; veja os sinais de alerta - Jornal Fatos e Not\u00edcias\",\"isPartOf\":{\"@id\":\"https:\/\/jornalfatosenoticias.com.br\/#website\"},\"primaryImageOfPage\":{\"@id\":\"https:\/\/jornalfatosenoticias.com.br\/index.php\/2024\/01\/31\/avc-matou-12-pessoas-por-dia-em-2023-veja-os-sinais-de-alerta\/#primaryimage\"},\"image\":{\"@id\":\"https:\/\/jornalfatosenoticias.com.br\/index.php\/2024\/01\/31\/avc-matou-12-pessoas-por-dia-em-2023-veja-os-sinais-de-alerta\/#primaryimage\"},\"thumbnailUrl\":\"https:\/\/jornalfatosenoticias.com.br\/wp-content\/uploads\/2024\/01\/AVC_gettyimages.jpg\",\"datePublished\":\"2024-01-31T13:59:52+00:00\",\"dateModified\":\"2024-01-31T13:59:54+00:00\",\"breadcrumb\":{\"@id\":\"https:\/\/jornalfatosenoticias.com.br\/index.php\/2024\/01\/31\/avc-matou-12-pessoas-por-dia-em-2023-veja-os-sinais-de-alerta\/#breadcrumb\"},\"inLanguage\":\"pt-BR\",\"potentialAction\":[{\"@type\":\"ReadAction\",\"target\":[\"https:\/\/jornalfatosenoticias.com.br\/index.php\/2024\/01\/31\/avc-matou-12-pessoas-por-dia-em-2023-veja-os-sinais-de-alerta\/\"]}]},{\"@type\":\"ImageObject\",\"inLanguage\":\"pt-BR\",\"@id\":\"https:\/\/jornalfatosenoticias.com.br\/index.php\/2024\/01\/31\/avc-matou-12-pessoas-por-dia-em-2023-veja-os-sinais-de-alerta\/#primaryimage\",\"url\":\"https:\/\/jornalfatosenoticias.com.br\/wp-content\/uploads\/2024\/01\/AVC_gettyimages.jpg\",\"contentUrl\":\"https:\/\/jornalfatosenoticias.com.br\/wp-content\/uploads\/2024\/01\/AVC_gettyimages.jpg\",\"width\":612,\"height\":408,\"caption\":\"An unrecognisable woman (in her 70s) lies in a hospital bed having suffered a stroke. She has a pulse oximeter on her finger\"},{\"@type\":\"BreadcrumbList\",\"@id\":\"https:\/\/jornalfatosenoticias.com.br\/index.php\/2024\/01\/31\/avc-matou-12-pessoas-por-dia-em-2023-veja-os-sinais-de-alerta\/#breadcrumb\",\"itemListElement\":[{\"@type\":\"ListItem\",\"position\":1,\"name\":\"In\u00edcio\",\"item\":\"https:\/\/jornalfatosenoticias.com.br\/\"},{\"@type\":\"ListItem\",\"position\":2,\"name\":\"AVC matou 12 pessoas por dia em 2023; veja os sinais de alerta\"}]},{\"@type\":\"WebSite\",\"@id\":\"https:\/\/jornalfatosenoticias.com.br\/#website\",\"url\":\"https:\/\/jornalfatosenoticias.com.br\/\",\"name\":\"Jornal Fatos e Not\u00edcias\",\"description\":\"Not\u00edcias em geral\",\"publisher\":{\"@id\":\"https:\/\/jornalfatosenoticias.com.br\/#organization\"},\"potentialAction\":[{\"@type\":\"SearchAction\",\"target\":{\"@type\":\"EntryPoint\",\"urlTemplate\":\"https:\/\/jornalfatosenoticias.com.br\/?s={search_term_string}\"},\"query-input\":{\"@type\":\"PropertyValueSpecification\",\"valueRequired\":true,\"valueName\":\"search_term_string\"}}],\"inLanguage\":\"pt-BR\"},{\"@type\":\"Organization\",\"@id\":\"https:\/\/jornalfatosenoticias.com.br\/#organization\",\"name\":\"Jornal Fatos e Not\u00edcias\",\"url\":\"https:\/\/jornalfatosenoticias.com.br\/\",\"logo\":{\"@type\":\"ImageObject\",\"inLanguage\":\"pt-BR\",\"@id\":\"https:\/\/jornalfatosenoticias.com.br\/#\/schema\/logo\/image\/\",\"url\":\"https:\/\/jornalfatosenoticias.com.br\/wp-content\/uploads\/2020\/02\/logo120.png\",\"contentUrl\":\"https:\/\/jornalfatosenoticias.com.br\/wp-content\/uploads\/2020\/02\/logo120.png\",\"width\":1227,\"height\":120,\"caption\":\"Jornal Fatos e Not\u00edcias\"},\"image\":{\"@id\":\"https:\/\/jornalfatosenoticias.com.br\/#\/schema\/logo\/image\/\"}},{\"@type\":\"Person\",\"@id\":\"https:\/\/jornalfatosenoticias.com.br\/#\/schema\/person\/d63837fa13ac8666eb9e74e0985d6f81\",\"name\":\"Luzimara Fernandes\",\"image\":{\"@type\":\"ImageObject\",\"inLanguage\":\"pt-BR\",\"@id\":\"https:\/\/jornalfatosenoticias.com.br\/#\/schema\/person\/image\/\",\"url\":\"https:\/\/jornalfatosenoticias.com.br\/wp-content\/uploads\/2025\/05\/EU_portal.jpg\",\"contentUrl\":\"https:\/\/jornalfatosenoticias.com.br\/wp-content\/uploads\/2025\/05\/EU_portal.jpg\",\"caption\":\"Luzimara Fernandes\"},\"description\":\"Jornalista MTB 2358-ES\",\"sameAs\":[\"https:\/\/jornalfatosenoticias.com.br\"],\"url\":\"https:\/\/jornalfatosenoticias.com.br\/index.php\/author\/luzimara\/\"}]}<\/script>\n<!-- \/ Yoast SEO plugin. -->","yoast_head_json":{"title":"AVC matou 12 pessoas por dia em 2023; veja os sinais de alerta - Jornal Fatos e Not\u00edcias","robots":{"index":"index","follow":"follow","max-snippet":"max-snippet:-1","max-image-preview":"max-image-preview:large","max-video-preview":"max-video-preview:-1"},"canonical":"https:\/\/jornalfatosenoticias.com.br\/index.php\/2024\/01\/31\/avc-matou-12-pessoas-por-dia-em-2023-veja-os-sinais-de-alerta\/","og_locale":"pt_BR","og_type":"article","og_title":"AVC matou 12 pessoas por dia em 2023; veja os sinais de alerta - Jornal Fatos e Not\u00edcias","og_description":"Segundo dados da Arpen Brasil, Acidente Vascular Cerebral isqu\u00eamico foi o mais registrado Por Tamires Ferreira De acordo com dados do portal da transpar\u00eancia da Associa\u00e7\u00e3o de Registradores de Pessoas Naturais (Arpen Brasil), o Acidente Vascular Cerebral (AVC) matou 109.560 pessoas no Brasil em 2023, o que equivale a 12 brasileiros por dia. O derrame, [&hellip;]","og_url":"https:\/\/jornalfatosenoticias.com.br\/index.php\/2024\/01\/31\/avc-matou-12-pessoas-por-dia-em-2023-veja-os-sinais-de-alerta\/","og_site_name":"Jornal Fatos e Not\u00edcias","article_published_time":"2024-01-31T13:59:52+00:00","article_modified_time":"2024-01-31T13:59:54+00:00","og_image":[{"width":612,"height":408,"url":"https:\/\/jornalfatosenoticias.com.br\/wp-content\/uploads\/2024\/01\/AVC_gettyimages.jpg","type":"image\/jpeg"}],"author":"Luzimara Fernandes","twitter_card":"summary_large_image","twitter_misc":{"Escrito por":"Luzimara Fernandes","Est. tempo de leitura":"3 minutos"},"schema":{"@context":"https:\/\/schema.org","@graph":[{"@type":"Article","@id":"https:\/\/jornalfatosenoticias.com.br\/index.php\/2024\/01\/31\/avc-matou-12-pessoas-por-dia-em-2023-veja-os-sinais-de-alerta\/#article","isPartOf":{"@id":"https:\/\/jornalfatosenoticias.com.br\/index.php\/2024\/01\/31\/avc-matou-12-pessoas-por-dia-em-2023-veja-os-sinais-de-alerta\/"},"author":{"name":"Luzimara Fernandes","@id":"https:\/\/jornalfatosenoticias.com.br\/#\/schema\/person\/d63837fa13ac8666eb9e74e0985d6f81"},"headline":"AVC matou 12 pessoas por dia em 2023; veja os sinais de alerta","datePublished":"2024-01-31T13:59:52+00:00","dateModified":"2024-01-31T13:59:54+00:00","mainEntityOfPage":{"@id":"https:\/\/jornalfatosenoticias.com.br\/index.php\/2024\/01\/31\/avc-matou-12-pessoas-por-dia-em-2023-veja-os-sinais-de-alerta\/"},"wordCount":518,"commentCount":0,"publisher":{"@id":"https:\/\/jornalfatosenoticias.com.br\/#organization"},"image":{"@id":"https:\/\/jornalfatosenoticias.com.br\/index.php\/2024\/01\/31\/avc-matou-12-pessoas-por-dia-em-2023-veja-os-sinais-de-alerta\/#primaryimage"},"thumbnailUrl":"https:\/\/jornalfatosenoticias.com.br\/wp-content\/uploads\/2024\/01\/AVC_gettyimages.jpg","keywords":["AVC","hipertens\u00e3o","mortes","sequelas"],"articleSection":["Sa\u00fade"],"inLanguage":"pt-BR","potentialAction":[{"@type":"CommentAction","name":"Comment","target":["https:\/\/jornalfatosenoticias.com.br\/index.php\/2024\/01\/31\/avc-matou-12-pessoas-por-dia-em-2023-veja-os-sinais-de-alerta\/#respond"]}]},{"@type":"WebPage","@id":"https:\/\/jornalfatosenoticias.com.br\/index.php\/2024\/01\/31\/avc-matou-12-pessoas-por-dia-em-2023-veja-os-sinais-de-alerta\/","url":"https:\/\/jornalfatosenoticias.com.br\/index.php\/2024\/01\/31\/avc-matou-12-pessoas-por-dia-em-2023-veja-os-sinais-de-alerta\/","name":"AVC matou 12 pessoas por dia em 2023; veja os sinais de alerta - Jornal Fatos e Not\u00edcias","isPartOf":{"@id":"https:\/\/jornalfatosenoticias.com.br\/#website"},"primaryImageOfPage":{"@id":"https:\/\/jornalfatosenoticias.com.br\/index.php\/2024\/01\/31\/avc-matou-12-pessoas-por-dia-em-2023-veja-os-sinais-de-alerta\/#primaryimage"},"image":{"@id":"https:\/\/jornalfatosenoticias.com.br\/index.php\/2024\/01\/31\/avc-matou-12-pessoas-por-dia-em-2023-veja-os-sinais-de-alerta\/#primaryimage"},"thumbnailUrl":"https:\/\/jornalfatosenoticias.com.br\/wp-content\/uploads\/2024\/01\/AVC_gettyimages.jpg","datePublished":"2024-01-31T13:59:52+00:00","dateModified":"2024-01-31T13:59:54+00:00","breadcrumb":{"@id":"https:\/\/jornalfatosenoticias.com.br\/index.php\/2024\/01\/31\/avc-matou-12-pessoas-por-dia-em-2023-veja-os-sinais-de-alerta\/#breadcrumb"},"inLanguage":"pt-BR","potentialAction":[{"@type":"ReadAction","target":["https:\/\/jornalfatosenoticias.com.br\/index.php\/2024\/01\/31\/avc-matou-12-pessoas-por-dia-em-2023-veja-os-sinais-de-alerta\/"]}]},{"@type":"ImageObject","inLanguage":"pt-BR","@id":"https:\/\/jornalfatosenoticias.com.br\/index.php\/2024\/01\/31\/avc-matou-12-pessoas-por-dia-em-2023-veja-os-sinais-de-alerta\/#primaryimage","url":"https:\/\/jornalfatosenoticias.com.br\/wp-content\/uploads\/2024\/01\/AVC_gettyimages.jpg","contentUrl":"https:\/\/jornalfatosenoticias.com.br\/wp-content\/uploads\/2024\/01\/AVC_gettyimages.jpg","width":612,"height":408,"caption":"An unrecognisable woman (in her 70s) lies in a hospital bed having suffered a stroke. She has a pulse oximeter on her finger"},{"@type":"BreadcrumbList","@id":"https:\/\/jornalfatosenoticias.com.br\/index.php\/2024\/01\/31\/avc-matou-12-pessoas-por-dia-em-2023-veja-os-sinais-de-alerta\/#breadcrumb","itemListElement":[{"@type":"ListItem","position":1,"name":"In\u00edcio","item":"https:\/\/jornalfatosenoticias.com.br\/"},{"@type":"ListItem","position":2,"name":"AVC matou 12 pessoas por dia em 2023; veja os sinais de alerta"}]},{"@type":"WebSite","@id":"https:\/\/jornalfatosenoticias.com.br\/#website","url":"https:\/\/jornalfatosenoticias.com.br\/","name":"Jornal Fatos e Not\u00edcias","description":"Not\u00edcias em geral","publisher":{"@id":"https:\/\/jornalfatosenoticias.com.br\/#organization"},"potentialAction":[{"@type":"SearchAction","target":{"@type":"EntryPoint","urlTemplate":"https:\/\/jornalfatosenoticias.com.br\/?s={search_term_string}"},"query-input":{"@type":"PropertyValueSpecification","valueRequired":true,"valueName":"search_term_string"}}],"inLanguage":"pt-BR"},{"@type":"Organization","@id":"https:\/\/jornalfatosenoticias.com.br\/#organization","name":"Jornal Fatos e Not\u00edcias","url":"https:\/\/jornalfatosenoticias.com.br\/","logo":{"@type":"ImageObject","inLanguage":"pt-BR","@id":"https:\/\/jornalfatosenoticias.com.br\/#\/schema\/logo\/image\/","url":"https:\/\/jornalfatosenoticias.com.br\/wp-content\/uploads\/2020\/02\/logo120.png","contentUrl":"https:\/\/jornalfatosenoticias.com.br\/wp-content\/uploads\/2020\/02\/logo120.png","width":1227,"height":120,"caption":"Jornal Fatos e Not\u00edcias"},"image":{"@id":"https:\/\/jornalfatosenoticias.com.br\/#\/schema\/logo\/image\/"}},{"@type":"Person","@id":"https:\/\/jornalfatosenoticias.com.br\/#\/schema\/person\/d63837fa13ac8666eb9e74e0985d6f81","name":"Luzimara Fernandes","image":{"@type":"ImageObject","inLanguage":"pt-BR","@id":"https:\/\/jornalfatosenoticias.com.br\/#\/schema\/person\/image\/","url":"https:\/\/jornalfatosenoticias.com.br\/wp-content\/uploads\/2025\/05\/EU_portal.jpg","contentUrl":"https:\/\/jornalfatosenoticias.com.br\/wp-content\/uploads\/2025\/05\/EU_portal.jpg","caption":"Luzimara Fernandes"},"description":"Jornalista MTB 2358-ES","sameAs":["https:\/\/jornalfatosenoticias.com.br"],"url":"https:\/\/jornalfatosenoticias.com.br\/index.php\/author\/luzimara\/"}]}},"cc_featured_image_caption":{"caption_text":"(Foto: Getty Images) ","source_text":"","source_url":""},"jetpack_featured_media_url":"https:\/\/jornalfatosenoticias.com.br\/wp-content\/uploads\/2024\/01\/AVC_gettyimages.jpg","_links":{"self":[{"href":"https:\/\/jornalfatosenoticias.com.br\/index.php\/wp-json\/wp\/v2\/posts\/48884","targetHints":{"allow":["GET"]}}],"collection":[{"href":"https:\/\/jornalfatosenoticias.com.br\/index.php\/wp-json\/wp\/v2\/posts"}],"about":[{"href":"https:\/\/jornalfatosenoticias.com.br\/index.php\/wp-json\/wp\/v2\/types\/post"}],"author":[{"embeddable":true,"href":"https:\/\/jornalfatosenoticias.com.br\/index.php\/wp-json\/wp\/v2\/users\/2"}],"replies":[{"embeddable":true,"href":"https:\/\/jornalfatosenoticias.com.br\/index.php\/wp-json\/wp\/v2\/comments?post=48884"}],"version-history":[{"count":0,"href":"https:\/\/jornalfatosenoticias.com.br\/index.php\/wp-json\/wp\/v2\/posts\/48884\/revisions"}],"wp:featuredmedia":[{"embeddable":true,"href":"https:\/\/jornalfatosenoticias.com.br\/index.php\/wp-json\/wp\/v2\/media\/48885"}],"wp:attachment":[{"href":"https:\/\/jornalfatosenoticias.com.br\/index.php\/wp-json\/wp\/v2\/media?parent=48884"}],"wp:term":[{"taxonomy":"category","embeddable":true,"href":"https:\/\/jornalfatosenoticias.com.br\/index.php\/wp-json\/wp\/v2\/categories?post=48884"},{"taxonomy":"post_tag","embeddable":true,"href":"https:\/\/jornalfatosenoticias.com.br\/index.php\/wp-json\/wp\/v2\/tags?post=48884"}],"curies":[{"name":"wp","href":"https:\/\/api.w.org\/{rel}","templated":true}]}}