{"id":48887,"date":"2024-01-31T11:09:55","date_gmt":"2024-01-31T14:09:55","guid":{"rendered":"https:\/\/jornalfatosenoticias.com.br\/?p=48887"},"modified":"2024-01-31T11:09:56","modified_gmt":"2024-01-31T14:09:56","slug":"nove-passos-para-organizar-a-rotina-na-volta-as-aulas","status":"publish","type":"post","link":"https:\/\/jornalfatosenoticias.com.br\/index.php\/2024\/01\/31\/nove-passos-para-organizar-a-rotina-na-volta-as-aulas\/","title":{"rendered":"Nove passos para organizar a rotina na volta \u00e0s aulas"},"content":{"rendered":"\n<p><span class=\"has-inline-color has-black-color\"><em>Preparar o material escolar com anteced\u00eancia e retomar hor\u00e1rios de sono e da alimenta\u00e7\u00e3o s\u00e3o medidas que favorecem a adapta\u00e7\u00e3o, sugere educadora<\/em><\/span><\/p>\n\n\n\n<div class=\"wp-block-image\"><figure class=\"aligncenter size-large\"><img loading=\"lazy\" decoding=\"async\" width=\"729\" height=\"90\" src=\"https:\/\/jornalfatosenoticias.com.br\/wp-content\/uploads\/2020\/02\/Logo_Mizu.png\" alt=\"\" class=\"wp-image-1441\" srcset=\"https:\/\/jornalfatosenoticias.com.br\/wp-content\/uploads\/2020\/02\/Logo_Mizu.png 729w, https:\/\/jornalfatosenoticias.com.br\/wp-content\/uploads\/2020\/02\/Logo_Mizu-300x37.png 300w\" sizes=\"auto, (max-width: 729px) 100vw, 729px\" \/><\/figure><\/div>\n\n\n\n<p>Depois de um bom per\u00edodo de f\u00e9rias, brincadeiras, passeios e divers\u00e3o, o ano letivo est\u00e1 prestes a come\u00e7ar. Por\u00e9m, nem sempre \u00e9 f\u00e1cil retomar a rotina escolar, principalmente, os hor\u00e1rios de comer, dormir e acordar, que durante o recesso ficam mais flex\u00edveis. Come\u00e7ar a se organizar com anteced\u00eancia \u00e9 o ideal para que todos possam se <a href=\"https:\/\/cangurunews.com.br\/adaptacao-sinais-de-que-a-crianca-nao-se-acostumou-a-rotina-da-escola\/\">adaptar \u00e0s mudan\u00e7as de forma gradativa<\/a>.<br>A coordenadora de educa\u00e7\u00e3o infantil do Col\u00e9gio Marista Paranaense, Sibele Maria Dal Col Guimar\u00e3es orienta aproveitar esses \u00faltimos dias de descanso para ajustar aos poucos os hor\u00e1rios, e sugere incluir as crian\u00e7as na organiza\u00e7\u00e3o dos materiais escolares para que se conscientizem que a volta \u00e0s aulas est\u00e1 pr\u00f3xima.<br>Fazer um balan\u00e7o dos <a href=\"https:\/\/cangurunews.com.br\/reuso-material-escolar-criancas\/\">materiais dispon\u00edveis<\/a> e se est\u00e3o em bom estado para ser reaproveitados \u00e9 um bom caminho. Na opini\u00e3o de Sibele, os filhos podem acompanhar os pais na compra dos itens necess\u00e1rios, anotando na lista o que precisa ser adquirido e at\u00e9 mesmo pesquisando os melhores pre\u00e7os e op\u00e7\u00f5es.<\/p>\n\n\n\n<blockquote class=\"wp-block-quote is-layout-flow wp-block-quote-is-layout-flow\"><p><span class=\"has-inline-color has-luminous-vivid-orange-color\">Essa \u00e9 tamb\u00e9m uma oportunidade de forma\u00e7\u00e3o com rela\u00e7\u00e3o aos <a href=\"https:\/\/cangurunews.com.br\/consumo-crianca\/\">h\u00e1bitos saud\u00e1veis de consumo<\/a>\u201c, ressalta a coordenadora. <\/span><\/p><\/blockquote>\n\n\n\n<div class=\"wp-block-image\"><figure class=\"aligncenter size-large\"><img loading=\"lazy\" decoding=\"async\" width=\"300\" height=\"250\" src=\"https:\/\/jornalfatosenoticias.com.br\/wp-content\/uploads\/2020\/02\/Banner-2.png\" alt=\"\" class=\"wp-image-43787\"\/><\/figure><\/div>\n\n\n\n<h3 class=\"wp-block-heading\"><span class=\"has-inline-color has-black-color\">Abaixo, ela d\u00e1 dicas que podem ajudar na adapta\u00e7\u00e3o com a\u00a0<a href=\"https:\/\/cangurunews.com.br\/volta-as-aulas-dicas-para-planejar-o-ano-letivo-do-seu-filho\/\">volta \u00e0s aulas<\/a>.<\/span><\/h3>\n\n\n\n<p><strong><span class=\"has-inline-color has-vivid-purple-color\">1- Contagem regressiva<br><\/span><\/strong>Em um calend\u00e1rio, marque junto com as crian\u00e7as os dias que faltam para o in\u00edcio das aulas, criando uma expectativa agrad\u00e1vel com rela\u00e7\u00e3o a esse momento, que permita entender melhor a passagem do tempo, em especial, para os filhos pequenos. Isso pode ajudar tamb\u00e9m a lidar com a <a href=\"https:\/\/cangurunews.com.br\/mudanca-de-escola-saiba-como-habilidades-socioemocionais-podem-ajudar\/\">ansiedade da volta \u00e0 escola<\/a> \u2014 ainda mais, se for em uma nova institui\u00e7\u00e3o \u2014 ou qualquer outro evento marcante do ano.<\/p>\n\n\n\n<div class=\"wp-block-image\"><figure class=\"aligncenter size-large is-resized\"><img loading=\"lazy\" decoding=\"async\" src=\"https:\/\/jornalfatosenoticias.com.br\/wp-content\/uploads\/2020\/02\/logo-Rapuzel-1024x571.jpg\" alt=\"\" class=\"wp-image-42808\" width=\"393\" height=\"219\" srcset=\"https:\/\/jornalfatosenoticias.com.br\/wp-content\/uploads\/2020\/02\/logo-Rapuzel-1024x571.jpg 1024w, https:\/\/jornalfatosenoticias.com.br\/wp-content\/uploads\/2020\/02\/logo-Rapuzel-300x167.jpg 300w, https:\/\/jornalfatosenoticias.com.br\/wp-content\/uploads\/2020\/02\/logo-Rapuzel-768x428.jpg 768w, https:\/\/jornalfatosenoticias.com.br\/wp-content\/uploads\/2020\/02\/logo-Rapuzel-1536x856.jpg 1536w, https:\/\/jornalfatosenoticias.com.br\/wp-content\/uploads\/2020\/02\/logo-Rapuzel.jpg 1600w\" sizes=\"auto, (max-width: 393px) 100vw, 393px\" \/><\/figure><\/div>\n\n\n\n<p><strong><span class=\"has-inline-color has-vivid-purple-color\">2- Quadro de tarefas<br><\/span><\/strong>Com base nos dias da semana, construa um quadro com as crian\u00e7as que inclua as tarefas di\u00e1rias, facilitando assim com que as crian\u00e7as se organizem para as mesmas.<\/p>\n\n\n\n<p><strong><span class=\"has-inline-color has-vivid-purple-color\">3- Ajuste de hor\u00e1rios<br><\/span><\/strong>Gradativamente, regularize os hor\u00e1rios de dormir, de acordar e da alimenta\u00e7\u00e3o. Dessa forma, fica mais f\u00e1cil se acostumar com a rotina que ir\u00e1 se estabelecer no ano.<\/p>\n\n\n\n<div class=\"wp-block-image\"><figure class=\"aligncenter size-large is-resized\"><img loading=\"lazy\" decoding=\"async\" src=\"https:\/\/jornalfatosenoticias.com.br\/wp-content\/uploads\/2023\/08\/ITH.jpeg\" alt=\"\" class=\"wp-image-44638\" width=\"343\" height=\"278\" srcset=\"https:\/\/jornalfatosenoticias.com.br\/wp-content\/uploads\/2023\/08\/ITH.jpeg 800w, https:\/\/jornalfatosenoticias.com.br\/wp-content\/uploads\/2023\/08\/ITH-300x244.jpeg 300w, https:\/\/jornalfatosenoticias.com.br\/wp-content\/uploads\/2023\/08\/ITH-768x624.jpeg 768w\" sizes=\"auto, (max-width: 343px) 100vw, 343px\" \/><\/figure><\/div>\n\n\n\n<p><strong><span class=\"has-inline-color has-vivid-purple-color\">4- Material escolar<br><\/span><\/strong>Inclua as crian\u00e7as nas pesquisas e compras dos materiais escolares. Averigue a possibilidade de <a href=\"https:\/\/cangurunews.com.br\/reuso-material-escolar-criancas\/\">aproveitar doa\u00e7\u00f5es e itens do ano passado<\/a>, ensinando assim sobre a import\u00e2ncia do consumo consciente.<\/p>\n\n\n\n<p><strong><span class=\"has-inline-color has-vivid-purple-color\">5- Organiza\u00e7\u00e3o dos materiais<br><\/span><\/strong>Providencie um espa\u00e7o onde todos os materiais ser\u00e3o guardados e oriente as crian\u00e7as com rela\u00e7\u00e3o a sua organiza\u00e7\u00e3o. Convide os filhos para planejarem juntos um quadro com todos os materiais que dever\u00e3o ser colocados diariamente na mochila.<\/p>\n\n\n\n<div class=\"wp-block-image\"><figure class=\"aligncenter size-large is-resized\"><img loading=\"lazy\" decoding=\"async\" src=\"https:\/\/jornalfatosenoticias.com.br\/wp-content\/uploads\/2022\/10\/RC_800x750_page-0001.jpg\" alt=\"\" class=\"wp-image-35338\" width=\"318\" height=\"298\" srcset=\"https:\/\/jornalfatosenoticias.com.br\/wp-content\/uploads\/2022\/10\/RC_800x750_page-0001.jpg 400w, https:\/\/jornalfatosenoticias.com.br\/wp-content\/uploads\/2022\/10\/RC_800x750_page-0001-300x281.jpg 300w\" sizes=\"auto, (max-width: 318px) 100vw, 318px\" \/><\/figure><\/div>\n\n\n\n<p><strong><span class=\"has-inline-color has-vivid-purple-color\">6- Preparo da lancheira<br><\/span><\/strong>Separe um espa\u00e7o na cozinha onde a crian\u00e7a poder\u00e1 escolher o lanche que levar\u00e1 para a escola. Caixas organizadoras transparentes podem ajudar. Deixe sempre frutas \u00e0 disposi\u00e7\u00e3o, em um local acess\u00edvel, assim, ela se sentir\u00e1 \u00e0 vontade para recorrer a esses alimentos.<\/p>\n\n\n\n<div class=\"wp-block-image\"><figure class=\"aligncenter size-large is-resized\"><img loading=\"lazy\" decoding=\"async\" src=\"https:\/\/jornalfatosenoticias.com.br\/wp-content\/uploads\/2023\/03\/nova-logo-Marquetti.jpg\" alt=\"\" class=\"wp-image-40207\" width=\"344\" height=\"231\" srcset=\"https:\/\/jornalfatosenoticias.com.br\/wp-content\/uploads\/2023\/03\/nova-logo-Marquetti.jpg 643w, https:\/\/jornalfatosenoticias.com.br\/wp-content\/uploads\/2023\/03\/nova-logo-Marquetti-300x202.jpg 300w\" sizes=\"auto, (max-width: 344px) 100vw, 344px\" \/><\/figure><\/div>\n\n\n\n<p><strong><span class=\"has-inline-color has-vivid-purple-color\">7- Hora da divers\u00e3o<br><\/span><\/strong>Procure manter uma rotina de lazer, priorizando aquelas atividades que a crian\u00e7a mais gosta de fazer em fam\u00edlia.<\/p>\n\n\n\n<p><strong><span class=\"has-inline-color has-vivid-purple-color\">8- Comunica\u00e7\u00e3o aberta<br><\/span><\/strong>Mantenha espa\u00e7o para o di\u00e1logo, sempre. Esteja atento ao seu filho e demonstre que est\u00e1 dispon\u00edvel para conversar quando ele quiser.<\/p>\n\n\n\n<div class=\"wp-block-image\"><figure class=\"aligncenter size-large is-resized\"><img loading=\"lazy\" decoding=\"async\" src=\"https:\/\/jornalfatosenoticias.com.br\/wp-content\/uploads\/2024\/01\/consultoria-ambiental.jpg\" alt=\"\" class=\"wp-image-48314\" width=\"339\" height=\"307\" srcset=\"https:\/\/jornalfatosenoticias.com.br\/wp-content\/uploads\/2024\/01\/consultoria-ambiental.jpg 832w, https:\/\/jornalfatosenoticias.com.br\/wp-content\/uploads\/2024\/01\/consultoria-ambiental-300x272.jpg 300w, https:\/\/jornalfatosenoticias.com.br\/wp-content\/uploads\/2024\/01\/consultoria-ambiental-768x696.jpg 768w\" sizes=\"auto, (max-width: 339px) 100vw, 339px\" \/><\/figure><\/div>\n\n\n\n<p><span class=\"has-inline-color has-vivid-purple-color\"><strong>9- Experi\u00eancia escolar positiva<br><\/strong><\/span>Fale sobre a escola de maneira positiva, como algo agrad\u00e1vel e importante para a vida de seus filhos. Valorizar os estudos e o trabalho dos professores \u00e9 uma forma de motiv\u00e1-los a quererem aprender sempre mais.<\/p>\n\n\n\n<p><strong><em>Fonte: <a href=\"https:\/\/cangurunews.com.br\/9-passos-para-comecar-o-ano-letivo-de-forma-organizada\/\">Canguru News<\/a><\/em><\/strong><\/p>\n","protected":false},"excerpt":{"rendered":"<p>Preparar o material escolar com anteced\u00eancia e retomar hor\u00e1rios de sono e da alimenta\u00e7\u00e3o s\u00e3o medidas que favorecem a adapta\u00e7\u00e3o, sugere educadora Depois de um bom per\u00edodo de f\u00e9rias, brincadeiras, passeios e divers\u00e3o, o ano letivo est\u00e1 prestes a come\u00e7ar. Por\u00e9m, nem sempre \u00e9 f\u00e1cil retomar a rotina escolar, principalmente, os hor\u00e1rios de comer, dormir [&hellip;]<\/p>\n","protected":false},"author":2,"featured_media":48888,"comment_status":"open","ping_status":"open","sticky":false,"template":"","format":"standard","meta":{"footnotes":""},"categories":[7],"tags":[2290,22706,21548,22705],"class_list":["post-48887","post","type-post","status-publish","format-standard","has-post-thumbnail","hentry","category-educacao","tag-estudos","tag-inicio-ano-escolar","tag-rotina-escolar","tag-volta-aulas"],"yoast_head":"<!-- This site is optimized with the Yoast SEO plugin v26.5 - https:\/\/yoast.com\/wordpress\/plugins\/seo\/ -->\n<title>Nove passos para organizar a rotina na volta \u00e0s aulas - Jornal Fatos e Not\u00edcias<\/title>\n<meta name=\"robots\" content=\"index, follow, max-snippet:-1, max-image-preview:large, max-video-preview:-1\" \/>\n<link rel=\"canonical\" href=\"https:\/\/jornalfatosenoticias.com.br\/index.php\/2024\/01\/31\/nove-passos-para-organizar-a-rotina-na-volta-as-aulas\/\" \/>\n<meta property=\"og:locale\" content=\"pt_BR\" \/>\n<meta property=\"og:type\" content=\"article\" \/>\n<meta property=\"og:title\" content=\"Nove passos para organizar a rotina na volta \u00e0s aulas - Jornal Fatos e Not\u00edcias\" \/>\n<meta property=\"og:description\" content=\"Preparar o material escolar com anteced\u00eancia e retomar hor\u00e1rios de sono e da alimenta\u00e7\u00e3o s\u00e3o medidas que favorecem a adapta\u00e7\u00e3o, sugere educadora Depois de um bom per\u00edodo de f\u00e9rias, brincadeiras, passeios e divers\u00e3o, o ano letivo est\u00e1 prestes a come\u00e7ar. Por\u00e9m, nem sempre \u00e9 f\u00e1cil retomar a rotina escolar, principalmente, os hor\u00e1rios de comer, dormir [&hellip;]\" \/>\n<meta property=\"og:url\" content=\"https:\/\/jornalfatosenoticias.com.br\/index.php\/2024\/01\/31\/nove-passos-para-organizar-a-rotina-na-volta-as-aulas\/\" \/>\n<meta property=\"og:site_name\" content=\"Jornal Fatos e Not\u00edcias\" \/>\n<meta property=\"article:published_time\" content=\"2024-01-31T14:09:55+00:00\" \/>\n<meta property=\"article:modified_time\" content=\"2024-01-31T14:09:56+00:00\" \/>\n<meta property=\"og:image\" content=\"https:\/\/jornalfatosenoticias.com.br\/wp-content\/uploads\/2024\/01\/volta-as-aulas_gettyimages.jpg\" \/>\n\t<meta property=\"og:image:width\" content=\"612\" \/>\n\t<meta property=\"og:image:height\" content=\"408\" \/>\n\t<meta property=\"og:image:type\" content=\"image\/jpeg\" \/>\n<meta name=\"author\" content=\"Luzimara Fernandes\" \/>\n<meta name=\"twitter:card\" content=\"summary_large_image\" \/>\n<meta name=\"twitter:label1\" content=\"Escrito por\" \/>\n\t<meta name=\"twitter:data1\" content=\"Luzimara Fernandes\" \/>\n\t<meta name=\"twitter:label2\" content=\"Est. tempo de leitura\" \/>\n\t<meta name=\"twitter:data2\" content=\"3 minutos\" \/>\n<script type=\"application\/ld+json\" class=\"yoast-schema-graph\">{\"@context\":\"https:\/\/schema.org\",\"@graph\":[{\"@type\":\"Article\",\"@id\":\"https:\/\/jornalfatosenoticias.com.br\/index.php\/2024\/01\/31\/nove-passos-para-organizar-a-rotina-na-volta-as-aulas\/#article\",\"isPartOf\":{\"@id\":\"https:\/\/jornalfatosenoticias.com.br\/index.php\/2024\/01\/31\/nove-passos-para-organizar-a-rotina-na-volta-as-aulas\/\"},\"author\":{\"name\":\"Luzimara Fernandes\",\"@id\":\"https:\/\/jornalfatosenoticias.com.br\/#\/schema\/person\/d63837fa13ac8666eb9e74e0985d6f81\"},\"headline\":\"Nove passos para organizar a rotina na volta \u00e0s aulas\",\"datePublished\":\"2024-01-31T14:09:55+00:00\",\"dateModified\":\"2024-01-31T14:09:56+00:00\",\"mainEntityOfPage\":{\"@id\":\"https:\/\/jornalfatosenoticias.com.br\/index.php\/2024\/01\/31\/nove-passos-para-organizar-a-rotina-na-volta-as-aulas\/\"},\"wordCount\":632,\"commentCount\":0,\"publisher\":{\"@id\":\"https:\/\/jornalfatosenoticias.com.br\/#organization\"},\"image\":{\"@id\":\"https:\/\/jornalfatosenoticias.com.br\/index.php\/2024\/01\/31\/nove-passos-para-organizar-a-rotina-na-volta-as-aulas\/#primaryimage\"},\"thumbnailUrl\":\"https:\/\/jornalfatosenoticias.com.br\/wp-content\/uploads\/2024\/01\/volta-as-aulas_gettyimages.jpg\",\"keywords\":[\"estudos\",\"in\u00edcio ano escolar\",\"rotina escolar\",\"volta aulas\"],\"articleSection\":[\"Educa\u00e7\u00e3o\"],\"inLanguage\":\"pt-BR\",\"potentialAction\":[{\"@type\":\"CommentAction\",\"name\":\"Comment\",\"target\":[\"https:\/\/jornalfatosenoticias.com.br\/index.php\/2024\/01\/31\/nove-passos-para-organizar-a-rotina-na-volta-as-aulas\/#respond\"]}]},{\"@type\":\"WebPage\",\"@id\":\"https:\/\/jornalfatosenoticias.com.br\/index.php\/2024\/01\/31\/nove-passos-para-organizar-a-rotina-na-volta-as-aulas\/\",\"url\":\"https:\/\/jornalfatosenoticias.com.br\/index.php\/2024\/01\/31\/nove-passos-para-organizar-a-rotina-na-volta-as-aulas\/\",\"name\":\"Nove passos para organizar a rotina na volta \u00e0s aulas - Jornal Fatos e Not\u00edcias\",\"isPartOf\":{\"@id\":\"https:\/\/jornalfatosenoticias.com.br\/#website\"},\"primaryImageOfPage\":{\"@id\":\"https:\/\/jornalfatosenoticias.com.br\/index.php\/2024\/01\/31\/nove-passos-para-organizar-a-rotina-na-volta-as-aulas\/#primaryimage\"},\"image\":{\"@id\":\"https:\/\/jornalfatosenoticias.com.br\/index.php\/2024\/01\/31\/nove-passos-para-organizar-a-rotina-na-volta-as-aulas\/#primaryimage\"},\"thumbnailUrl\":\"https:\/\/jornalfatosenoticias.com.br\/wp-content\/uploads\/2024\/01\/volta-as-aulas_gettyimages.jpg\",\"datePublished\":\"2024-01-31T14:09:55+00:00\",\"dateModified\":\"2024-01-31T14:09:56+00:00\",\"breadcrumb\":{\"@id\":\"https:\/\/jornalfatosenoticias.com.br\/index.php\/2024\/01\/31\/nove-passos-para-organizar-a-rotina-na-volta-as-aulas\/#breadcrumb\"},\"inLanguage\":\"pt-BR\",\"potentialAction\":[{\"@type\":\"ReadAction\",\"target\":[\"https:\/\/jornalfatosenoticias.com.br\/index.php\/2024\/01\/31\/nove-passos-para-organizar-a-rotina-na-volta-as-aulas\/\"]}]},{\"@type\":\"ImageObject\",\"inLanguage\":\"pt-BR\",\"@id\":\"https:\/\/jornalfatosenoticias.com.br\/index.php\/2024\/01\/31\/nove-passos-para-organizar-a-rotina-na-volta-as-aulas\/#primaryimage\",\"url\":\"https:\/\/jornalfatosenoticias.com.br\/wp-content\/uploads\/2024\/01\/volta-as-aulas_gettyimages.jpg\",\"contentUrl\":\"https:\/\/jornalfatosenoticias.com.br\/wp-content\/uploads\/2024\/01\/volta-as-aulas_gettyimages.jpg\",\"width\":612,\"height\":408,\"caption\":\"Back view of children holding hands together walking to school\"},{\"@type\":\"BreadcrumbList\",\"@id\":\"https:\/\/jornalfatosenoticias.com.br\/index.php\/2024\/01\/31\/nove-passos-para-organizar-a-rotina-na-volta-as-aulas\/#breadcrumb\",\"itemListElement\":[{\"@type\":\"ListItem\",\"position\":1,\"name\":\"In\u00edcio\",\"item\":\"https:\/\/jornalfatosenoticias.com.br\/\"},{\"@type\":\"ListItem\",\"position\":2,\"name\":\"Nove passos para organizar a rotina na volta \u00e0s aulas\"}]},{\"@type\":\"WebSite\",\"@id\":\"https:\/\/jornalfatosenoticias.com.br\/#website\",\"url\":\"https:\/\/jornalfatosenoticias.com.br\/\",\"name\":\"Jornal Fatos e Not\u00edcias\",\"description\":\"Not\u00edcias em geral\",\"publisher\":{\"@id\":\"https:\/\/jornalfatosenoticias.com.br\/#organization\"},\"potentialAction\":[{\"@type\":\"SearchAction\",\"target\":{\"@type\":\"EntryPoint\",\"urlTemplate\":\"https:\/\/jornalfatosenoticias.com.br\/?s={search_term_string}\"},\"query-input\":{\"@type\":\"PropertyValueSpecification\",\"valueRequired\":true,\"valueName\":\"search_term_string\"}}],\"inLanguage\":\"pt-BR\"},{\"@type\":\"Organization\",\"@id\":\"https:\/\/jornalfatosenoticias.com.br\/#organization\",\"name\":\"Jornal Fatos e Not\u00edcias\",\"url\":\"https:\/\/jornalfatosenoticias.com.br\/\",\"logo\":{\"@type\":\"ImageObject\",\"inLanguage\":\"pt-BR\",\"@id\":\"https:\/\/jornalfatosenoticias.com.br\/#\/schema\/logo\/image\/\",\"url\":\"https:\/\/jornalfatosenoticias.com.br\/wp-content\/uploads\/2020\/02\/logo120.png\",\"contentUrl\":\"https:\/\/jornalfatosenoticias.com.br\/wp-content\/uploads\/2020\/02\/logo120.png\",\"width\":1227,\"height\":120,\"caption\":\"Jornal Fatos e Not\u00edcias\"},\"image\":{\"@id\":\"https:\/\/jornalfatosenoticias.com.br\/#\/schema\/logo\/image\/\"}},{\"@type\":\"Person\",\"@id\":\"https:\/\/jornalfatosenoticias.com.br\/#\/schema\/person\/d63837fa13ac8666eb9e74e0985d6f81\",\"name\":\"Luzimara Fernandes\",\"image\":{\"@type\":\"ImageObject\",\"inLanguage\":\"pt-BR\",\"@id\":\"https:\/\/jornalfatosenoticias.com.br\/#\/schema\/person\/image\/\",\"url\":\"https:\/\/jornalfatosenoticias.com.br\/wp-content\/uploads\/2025\/05\/EU_portal.jpg\",\"contentUrl\":\"https:\/\/jornalfatosenoticias.com.br\/wp-content\/uploads\/2025\/05\/EU_portal.jpg\",\"caption\":\"Luzimara Fernandes\"},\"description\":\"Jornalista MTB 2358-ES\",\"sameAs\":[\"https:\/\/jornalfatosenoticias.com.br\"],\"url\":\"https:\/\/jornalfatosenoticias.com.br\/index.php\/author\/luzimara\/\"}]}<\/script>\n<!-- \/ Yoast SEO plugin. -->","yoast_head_json":{"title":"Nove passos para organizar a rotina na volta \u00e0s aulas - Jornal Fatos e Not\u00edcias","robots":{"index":"index","follow":"follow","max-snippet":"max-snippet:-1","max-image-preview":"max-image-preview:large","max-video-preview":"max-video-preview:-1"},"canonical":"https:\/\/jornalfatosenoticias.com.br\/index.php\/2024\/01\/31\/nove-passos-para-organizar-a-rotina-na-volta-as-aulas\/","og_locale":"pt_BR","og_type":"article","og_title":"Nove passos para organizar a rotina na volta \u00e0s aulas - Jornal Fatos e Not\u00edcias","og_description":"Preparar o material escolar com anteced\u00eancia e retomar hor\u00e1rios de sono e da alimenta\u00e7\u00e3o s\u00e3o medidas que favorecem a adapta\u00e7\u00e3o, sugere educadora Depois de um bom per\u00edodo de f\u00e9rias, brincadeiras, passeios e divers\u00e3o, o ano letivo est\u00e1 prestes a come\u00e7ar. Por\u00e9m, nem sempre \u00e9 f\u00e1cil retomar a rotina escolar, principalmente, os hor\u00e1rios de comer, dormir [&hellip;]","og_url":"https:\/\/jornalfatosenoticias.com.br\/index.php\/2024\/01\/31\/nove-passos-para-organizar-a-rotina-na-volta-as-aulas\/","og_site_name":"Jornal Fatos e Not\u00edcias","article_published_time":"2024-01-31T14:09:55+00:00","article_modified_time":"2024-01-31T14:09:56+00:00","og_image":[{"width":612,"height":408,"url":"https:\/\/jornalfatosenoticias.com.br\/wp-content\/uploads\/2024\/01\/volta-as-aulas_gettyimages.jpg","type":"image\/jpeg"}],"author":"Luzimara Fernandes","twitter_card":"summary_large_image","twitter_misc":{"Escrito por":"Luzimara Fernandes","Est. tempo de leitura":"3 minutos"},"schema":{"@context":"https:\/\/schema.org","@graph":[{"@type":"Article","@id":"https:\/\/jornalfatosenoticias.com.br\/index.php\/2024\/01\/31\/nove-passos-para-organizar-a-rotina-na-volta-as-aulas\/#article","isPartOf":{"@id":"https:\/\/jornalfatosenoticias.com.br\/index.php\/2024\/01\/31\/nove-passos-para-organizar-a-rotina-na-volta-as-aulas\/"},"author":{"name":"Luzimara Fernandes","@id":"https:\/\/jornalfatosenoticias.com.br\/#\/schema\/person\/d63837fa13ac8666eb9e74e0985d6f81"},"headline":"Nove passos para organizar a rotina na volta \u00e0s aulas","datePublished":"2024-01-31T14:09:55+00:00","dateModified":"2024-01-31T14:09:56+00:00","mainEntityOfPage":{"@id":"https:\/\/jornalfatosenoticias.com.br\/index.php\/2024\/01\/31\/nove-passos-para-organizar-a-rotina-na-volta-as-aulas\/"},"wordCount":632,"commentCount":0,"publisher":{"@id":"https:\/\/jornalfatosenoticias.com.br\/#organization"},"image":{"@id":"https:\/\/jornalfatosenoticias.com.br\/index.php\/2024\/01\/31\/nove-passos-para-organizar-a-rotina-na-volta-as-aulas\/#primaryimage"},"thumbnailUrl":"https:\/\/jornalfatosenoticias.com.br\/wp-content\/uploads\/2024\/01\/volta-as-aulas_gettyimages.jpg","keywords":["estudos","in\u00edcio ano escolar","rotina escolar","volta aulas"],"articleSection":["Educa\u00e7\u00e3o"],"inLanguage":"pt-BR","potentialAction":[{"@type":"CommentAction","name":"Comment","target":["https:\/\/jornalfatosenoticias.com.br\/index.php\/2024\/01\/31\/nove-passos-para-organizar-a-rotina-na-volta-as-aulas\/#respond"]}]},{"@type":"WebPage","@id":"https:\/\/jornalfatosenoticias.com.br\/index.php\/2024\/01\/31\/nove-passos-para-organizar-a-rotina-na-volta-as-aulas\/","url":"https:\/\/jornalfatosenoticias.com.br\/index.php\/2024\/01\/31\/nove-passos-para-organizar-a-rotina-na-volta-as-aulas\/","name":"Nove passos para organizar a rotina na volta \u00e0s aulas - Jornal Fatos e Not\u00edcias","isPartOf":{"@id":"https:\/\/jornalfatosenoticias.com.br\/#website"},"primaryImageOfPage":{"@id":"https:\/\/jornalfatosenoticias.com.br\/index.php\/2024\/01\/31\/nove-passos-para-organizar-a-rotina-na-volta-as-aulas\/#primaryimage"},"image":{"@id":"https:\/\/jornalfatosenoticias.com.br\/index.php\/2024\/01\/31\/nove-passos-para-organizar-a-rotina-na-volta-as-aulas\/#primaryimage"},"thumbnailUrl":"https:\/\/jornalfatosenoticias.com.br\/wp-content\/uploads\/2024\/01\/volta-as-aulas_gettyimages.jpg","datePublished":"2024-01-31T14:09:55+00:00","dateModified":"2024-01-31T14:09:56+00:00","breadcrumb":{"@id":"https:\/\/jornalfatosenoticias.com.br\/index.php\/2024\/01\/31\/nove-passos-para-organizar-a-rotina-na-volta-as-aulas\/#breadcrumb"},"inLanguage":"pt-BR","potentialAction":[{"@type":"ReadAction","target":["https:\/\/jornalfatosenoticias.com.br\/index.php\/2024\/01\/31\/nove-passos-para-organizar-a-rotina-na-volta-as-aulas\/"]}]},{"@type":"ImageObject","inLanguage":"pt-BR","@id":"https:\/\/jornalfatosenoticias.com.br\/index.php\/2024\/01\/31\/nove-passos-para-organizar-a-rotina-na-volta-as-aulas\/#primaryimage","url":"https:\/\/jornalfatosenoticias.com.br\/wp-content\/uploads\/2024\/01\/volta-as-aulas_gettyimages.jpg","contentUrl":"https:\/\/jornalfatosenoticias.com.br\/wp-content\/uploads\/2024\/01\/volta-as-aulas_gettyimages.jpg","width":612,"height":408,"caption":"Back view of children holding hands together walking to school"},{"@type":"BreadcrumbList","@id":"https:\/\/jornalfatosenoticias.com.br\/index.php\/2024\/01\/31\/nove-passos-para-organizar-a-rotina-na-volta-as-aulas\/#breadcrumb","itemListElement":[{"@type":"ListItem","position":1,"name":"In\u00edcio","item":"https:\/\/jornalfatosenoticias.com.br\/"},{"@type":"ListItem","position":2,"name":"Nove passos para organizar a rotina na volta \u00e0s aulas"}]},{"@type":"WebSite","@id":"https:\/\/jornalfatosenoticias.com.br\/#website","url":"https:\/\/jornalfatosenoticias.com.br\/","name":"Jornal Fatos e Not\u00edcias","description":"Not\u00edcias em geral","publisher":{"@id":"https:\/\/jornalfatosenoticias.com.br\/#organization"},"potentialAction":[{"@type":"SearchAction","target":{"@type":"EntryPoint","urlTemplate":"https:\/\/jornalfatosenoticias.com.br\/?s={search_term_string}"},"query-input":{"@type":"PropertyValueSpecification","valueRequired":true,"valueName":"search_term_string"}}],"inLanguage":"pt-BR"},{"@type":"Organization","@id":"https:\/\/jornalfatosenoticias.com.br\/#organization","name":"Jornal Fatos e Not\u00edcias","url":"https:\/\/jornalfatosenoticias.com.br\/","logo":{"@type":"ImageObject","inLanguage":"pt-BR","@id":"https:\/\/jornalfatosenoticias.com.br\/#\/schema\/logo\/image\/","url":"https:\/\/jornalfatosenoticias.com.br\/wp-content\/uploads\/2020\/02\/logo120.png","contentUrl":"https:\/\/jornalfatosenoticias.com.br\/wp-content\/uploads\/2020\/02\/logo120.png","width":1227,"height":120,"caption":"Jornal Fatos e Not\u00edcias"},"image":{"@id":"https:\/\/jornalfatosenoticias.com.br\/#\/schema\/logo\/image\/"}},{"@type":"Person","@id":"https:\/\/jornalfatosenoticias.com.br\/#\/schema\/person\/d63837fa13ac8666eb9e74e0985d6f81","name":"Luzimara Fernandes","image":{"@type":"ImageObject","inLanguage":"pt-BR","@id":"https:\/\/jornalfatosenoticias.com.br\/#\/schema\/person\/image\/","url":"https:\/\/jornalfatosenoticias.com.br\/wp-content\/uploads\/2025\/05\/EU_portal.jpg","contentUrl":"https:\/\/jornalfatosenoticias.com.br\/wp-content\/uploads\/2025\/05\/EU_portal.jpg","caption":"Luzimara Fernandes"},"description":"Jornalista MTB 2358-ES","sameAs":["https:\/\/jornalfatosenoticias.com.br"],"url":"https:\/\/jornalfatosenoticias.com.br\/index.php\/author\/luzimara\/"}]}},"cc_featured_image_caption":{"caption_text":"(Foto: Getty Images) ","source_text":"","source_url":""},"jetpack_featured_media_url":"https:\/\/jornalfatosenoticias.com.br\/wp-content\/uploads\/2024\/01\/volta-as-aulas_gettyimages.jpg","_links":{"self":[{"href":"https:\/\/jornalfatosenoticias.com.br\/index.php\/wp-json\/wp\/v2\/posts\/48887","targetHints":{"allow":["GET"]}}],"collection":[{"href":"https:\/\/jornalfatosenoticias.com.br\/index.php\/wp-json\/wp\/v2\/posts"}],"about":[{"href":"https:\/\/jornalfatosenoticias.com.br\/index.php\/wp-json\/wp\/v2\/types\/post"}],"author":[{"embeddable":true,"href":"https:\/\/jornalfatosenoticias.com.br\/index.php\/wp-json\/wp\/v2\/users\/2"}],"replies":[{"embeddable":true,"href":"https:\/\/jornalfatosenoticias.com.br\/index.php\/wp-json\/wp\/v2\/comments?post=48887"}],"version-history":[{"count":0,"href":"https:\/\/jornalfatosenoticias.com.br\/index.php\/wp-json\/wp\/v2\/posts\/48887\/revisions"}],"wp:featuredmedia":[{"embeddable":true,"href":"https:\/\/jornalfatosenoticias.com.br\/index.php\/wp-json\/wp\/v2\/media\/48888"}],"wp:attachment":[{"href":"https:\/\/jornalfatosenoticias.com.br\/index.php\/wp-json\/wp\/v2\/media?parent=48887"}],"wp:term":[{"taxonomy":"category","embeddable":true,"href":"https:\/\/jornalfatosenoticias.com.br\/index.php\/wp-json\/wp\/v2\/categories?post=48887"},{"taxonomy":"post_tag","embeddable":true,"href":"https:\/\/jornalfatosenoticias.com.br\/index.php\/wp-json\/wp\/v2\/tags?post=48887"}],"curies":[{"name":"wp","href":"https:\/\/api.w.org\/{rel}","templated":true}]}}