{"id":48901,"date":"2024-01-31T15:28:12","date_gmt":"2024-01-31T18:28:12","guid":{"rendered":"https:\/\/jornalfatosenoticias.com.br\/?p=48901"},"modified":"2024-01-31T15:28:17","modified_gmt":"2024-01-31T18:28:17","slug":"privatizacao-de-machu-picchu-provoca-greve-e-prejudica-turismo-arqueologico","status":"publish","type":"post","link":"https:\/\/jornalfatosenoticias.com.br\/index.php\/2024\/01\/31\/privatizacao-de-machu-picchu-provoca-greve-e-prejudica-turismo-arqueologico\/","title":{"rendered":"Privatiza\u00e7\u00e3o de Machu Picchu provoca greve e prejudica turismo arqueol\u00f3gico"},"content":{"rendered":"\n<p><em><span class=\"has-inline-color has-black-color\">Na \u00faltima quinta-feira (25), manifestantes bloquearam o acesso ao s\u00edtio arqueol\u00f3gico, impedindo o funcionamento do transporte ferrovi\u00e1rio em um dos destinos mais procurados por turistas brasileiros<\/span><\/em><\/p>\n\n\n\n<p><span class=\"has-inline-color has-black-color\">Por <strong><a href=\"https:\/\/gizmodo.uol.com.br\/author\/pablo-nogueira\/\">Pablo Nogueira<\/a><\/strong><\/span><\/p>\n\n\n\n<div class=\"wp-block-image\"><figure class=\"aligncenter size-large\"><img loading=\"lazy\" decoding=\"async\" width=\"1024\" height=\"100\" src=\"https:\/\/jornalfatosenoticias.com.br\/wp-content\/uploads\/2022\/05\/NOVA-LOGO-CESCONETTO-1024x100.jpg\" alt=\"\" class=\"wp-image-30792\" srcset=\"https:\/\/jornalfatosenoticias.com.br\/wp-content\/uploads\/2022\/05\/NOVA-LOGO-CESCONETTO-1024x100.jpg 1024w, https:\/\/jornalfatosenoticias.com.br\/wp-content\/uploads\/2022\/05\/NOVA-LOGO-CESCONETTO-300x29.jpg 300w, https:\/\/jornalfatosenoticias.com.br\/wp-content\/uploads\/2022\/05\/NOVA-LOGO-CESCONETTO-768x75.jpg 768w, https:\/\/jornalfatosenoticias.com.br\/wp-content\/uploads\/2022\/05\/NOVA-LOGO-CESCONETTO.jpg 1280w\" sizes=\"auto, (max-width: 1024px) 100vw, 1024px\" \/><\/figure><\/div>\n\n\n\n<p>Um dos maiores destinos de turistas brasileiros na Am\u00e9rica do Sul passa por uma crise. Desde a semana passada, as ruas da regi\u00e3o de Cusco, no Peru, viraram palco para protestos da popula\u00e7\u00e3o contra <a href=\"https:\/\/gizmodo.uol.com.br\/cientistas-encontram-73-mumias-do-periodo-pre-inca-no-peru\/\">a privatiza\u00e7\u00e3o da venda de ingressos para visitar Machu Picchu.\u00a0<\/a><br>O foco dos protestos \u00e9 a decis\u00e3o do governo ao escolher a empresa Joinnus. Ela faz parte da maior institui\u00e7\u00e3o financeira do Peru e faria a venda on-line exclusiva dos ingressos de acesso \u00e0 Machu Picchu. Isso sinaliza uma poss\u00edvel privatiza\u00e7\u00e3o.<br>Na \u00faltima quinta-feira (25), os manifestantes bloquearam o acesso ao <a href=\"https:\/\/gizmodo.uol.com.br\/turismo-arqueologico-5-construcoes-antigas-para-visitar-nas-ferias\/\">s\u00edtio arqueol\u00f3gico, impedindo o funcionamento do transporte ferrovi\u00e1rio<\/a>. At\u00e9 segunda-feira (29) desta semana, a ferrovia seguia com bloqueios.<\/p>\n\n\n\n<div class=\"wp-block-image\"><figure class=\"aligncenter size-large\"><img decoding=\"async\" src=\"https:\/\/jornalfatosenoticias.com.br\/wp-content\/uploads\/2020\/02\/barao-das-carnes-300x164-1.jpg\" alt=\"\" class=\"wp-image-34339\"\/><\/figure><\/div>\n\n\n\n<figure class=\"wp-block-embed-twitter wp-block-embed is-type-rich is-provider-twitter\"><div class=\"wp-block-embed__wrapper\">\n<blockquote class=\"twitter-tweet\" data-width=\"550\" data-dnt=\"true\"><p lang=\"es\" dir=\"ltr\"><a href=\"https:\/\/twitter.com\/hashtag\/Per%C3%BA?src=hash&amp;ref_src=twsrc%5Etfw\">#Per\u00fa<\/a> Miles de ciudadanos salen a las calles en <a href=\"https:\/\/twitter.com\/hashtag\/Cusco?src=hash&amp;ref_src=twsrc%5Etfw\">#Cusco<\/a> en jornada de protesta contra la privatizaci\u00f3n del sitio arqueol\u00f3gico Machu Picchu <a href=\"https:\/\/twitter.com\/teleSURtv?ref_src=twsrc%5Etfw\">@teleSURtv<\/a> <a href=\"https:\/\/t.co\/1BTdc9zWqU\">pic.twitter.com\/1BTdc9zWqU<\/a><\/p>&mdash; JAIME HERRERA (@JaimeHerreraCaj) <a href=\"https:\/\/twitter.com\/JaimeHerreraCaj\/status\/1750299320060874821?ref_src=twsrc%5Etfw\">January 24, 2024<\/a><\/blockquote><script async src=\"https:\/\/platform.twitter.com\/widgets.js\" charset=\"utf-8\"><\/script>\n<\/div><\/figure>\n\n\n\n<p>Desse modo, muitos visitantes n\u00e3o conseguiram ir \u00e0 Machu Picchu. Isso evidencia ainda mais a crise no turismo do Peru, que se recuperava ap\u00f3s os protestos do ano passado, sobretudo na regi\u00e3o dos Andes. O contrato determina que a Joinnus receber\u00e1 3,9% da venda de cada ingresso, recebendo mais de R$ 15 milh\u00f5es anualmente, enquanto o or\u00e7amento para a manuten\u00e7\u00e3o de Machu Picchu fica em torno de R$ 3,9 milh\u00f5es. <\/p>\n\n\n\n<div class=\"wp-block-image\"><figure class=\"aligncenter size-large is-resized\"><img loading=\"lazy\" decoding=\"async\" src=\"https:\/\/jornalfatosenoticias.com.br\/wp-content\/uploads\/2023\/08\/ITH.jpeg\" alt=\"\" class=\"wp-image-44638\" width=\"328\" height=\"266\" srcset=\"https:\/\/jornalfatosenoticias.com.br\/wp-content\/uploads\/2023\/08\/ITH.jpeg 800w, https:\/\/jornalfatosenoticias.com.br\/wp-content\/uploads\/2023\/08\/ITH-300x244.jpeg 300w, https:\/\/jornalfatosenoticias.com.br\/wp-content\/uploads\/2023\/08\/ITH-768x624.jpeg 768w\" sizes=\"auto, (max-width: 328px) 100vw, 328px\" \/><\/figure><\/div>\n\n\n\n<p>Al\u00e9m disso, a decis\u00e3o do governo peruano em aumentar o limite de visitantes di\u00e1rios de 3.800 para 4.500, embora existam problemas envolvendo a lota\u00e7\u00e3o, garante mais lucros adicionais para a Joinnus.<\/p>\n\n\n\n<div class=\"wp-block-image\"><figure class=\"aligncenter size-large is-resized\"><img loading=\"lazy\" decoding=\"async\" src=\"https:\/\/jornalfatosenoticias.com.br\/wp-content\/uploads\/2020\/02\/CONTROL-CS.jpg\" alt=\"\" class=\"wp-image-44991\" width=\"291\" height=\"348\" srcset=\"https:\/\/jornalfatosenoticias.com.br\/wp-content\/uploads\/2020\/02\/CONTROL-CS.jpg 834w, https:\/\/jornalfatosenoticias.com.br\/wp-content\/uploads\/2020\/02\/CONTROL-CS-250x300.jpg 250w, https:\/\/jornalfatosenoticias.com.br\/wp-content\/uploads\/2020\/02\/CONTROL-CS-768x921.jpg 768w\" sizes=\"auto, (max-width: 291px) 100vw, 291px\" \/><\/figure><\/div>\n\n\n\n<p><strong><span class=\"has-inline-color has-black-color\">Privatiza\u00e7\u00e3o de Machu Picchu gera preocupa\u00e7\u00e3o sobre dados<br><\/span><\/strong>Segundo <a href=\"https:\/\/www.infobae.com\/peru\/2024\/01\/27\/disputa-por-venta-de-entradas-a-machu-picchu-esto-es-lo-que-debes-saber-sobre-el-conflicto-en-el-cusco\/\">jornais peruanos<\/a>, os sindicatos dos setores de transporte e turismo de Machu Picchu dizem que a parceria entre a Joinnus e o governo do Peru constitui uma fraude conforme as leis peruanas. Esses trabalhadores acreditam que a implementa\u00e7\u00e3o da plataforma de vendas da Joinnus \u00e9 um passo para privatizar Macchu Picchu.<\/p>\n\n\n\n<div class=\"wp-block-image\"><figure class=\"aligncenter size-large is-resized\"><img loading=\"lazy\" decoding=\"async\" src=\"https:\/\/jornalfatosenoticias.com.br\/wp-content\/uploads\/2024\/01\/consultoria-ambiental.jpg\" alt=\"\" class=\"wp-image-48314\" width=\"313\" height=\"283\" srcset=\"https:\/\/jornalfatosenoticias.com.br\/wp-content\/uploads\/2024\/01\/consultoria-ambiental.jpg 832w, https:\/\/jornalfatosenoticias.com.br\/wp-content\/uploads\/2024\/01\/consultoria-ambiental-300x272.jpg 300w, https:\/\/jornalfatosenoticias.com.br\/wp-content\/uploads\/2024\/01\/consultoria-ambiental-768x696.jpg 768w\" sizes=\"auto, (max-width: 313px) 100vw, 313px\" \/><\/figure><\/div>\n\n\n\n<p>Al\u00e9m disso, o Comit\u00ea Para Defesa de Machu Pichu demonstrou preocupa\u00e7\u00f5es em rela\u00e7\u00e3o \u00e0 privacidade devido \u00e0 coleta de dados nas vendas dos ingressos. A Joinnus coleta informa\u00e7\u00f5es pessoais de cada turista que visita Machu Picchu, que anualmente recebe milh\u00f5es de pessoas. No entanto, o contrato n\u00e3o apresenta diretrizes sobre o gerenciamento ou poss\u00edvel venda de dados.<\/p>\n\n\n\n<div class=\"wp-block-image\"><figure class=\"aligncenter size-large is-resized\"><img loading=\"lazy\" decoding=\"async\" src=\"https:\/\/jornalfatosenoticias.com.br\/wp-content\/uploads\/2023\/08\/BKR-1024x1021.jpg\" alt=\"\" class=\"wp-image-44494\" width=\"319\" height=\"318\" srcset=\"https:\/\/jornalfatosenoticias.com.br\/wp-content\/uploads\/2023\/08\/BKR-1024x1021.jpg 1024w, https:\/\/jornalfatosenoticias.com.br\/wp-content\/uploads\/2023\/08\/BKR-300x300.jpg 300w, https:\/\/jornalfatosenoticias.com.br\/wp-content\/uploads\/2023\/08\/BKR-150x150.jpg 150w, https:\/\/jornalfatosenoticias.com.br\/wp-content\/uploads\/2023\/08\/BKR-768x766.jpg 768w, https:\/\/jornalfatosenoticias.com.br\/wp-content\/uploads\/2023\/08\/BKR.jpg 1080w\" sizes=\"auto, (max-width: 319px) 100vw, 319px\" \/><\/figure><\/div>\n\n\n\n<p>Por fim, manifestantes apontam para o monop\u00f3lio da Joinnus na venda on-line de ingressos em outros s\u00edtios arqueol\u00f3gicos, al\u00e9m de Machu Picchu, como uma tend\u00eancia de privatiza\u00e7\u00e3o do patrim\u00f4nio cultural do Peru.<\/p>\n\n\n\n<p><strong><em>Fonte: <a href=\"https:\/\/gizmodo.uol.com.br\/privatizacao-de-machu-picchu-provoca-greve-e-prejudica-turismo-arqueologico\/\">Giz Brasil<\/a><\/em><\/strong><\/p>\n","protected":false},"excerpt":{"rendered":"<p>Na \u00faltima quinta-feira (25), manifestantes bloquearam o acesso ao s\u00edtio arqueol\u00f3gico, impedindo o funcionamento do transporte ferrovi\u00e1rio em um dos destinos mais procurados por turistas brasileiros Por Pablo Nogueira Um dos maiores destinos de turistas brasileiros na Am\u00e9rica do Sul passa por uma crise. Desde a semana passada, as ruas da regi\u00e3o de Cusco, no [&hellip;]<\/p>\n","protected":false},"author":2,"featured_media":48902,"comment_status":"open","ping_status":"open","sticky":false,"template":"","format":"standard","meta":{"footnotes":""},"categories":[746],"tags":[260,8562,1001,476],"class_list":["post-48901","post","type-post","status-publish","format-standard","has-post-thumbnail","hentry","category-turismo","tag-america-latina","tag-machu-picchu","tag-peru","tag-sitio-arqueologico"],"yoast_head":"<!-- This site is optimized with the Yoast SEO plugin v26.5 - https:\/\/yoast.com\/wordpress\/plugins\/seo\/ -->\n<title>Privatiza\u00e7\u00e3o de Machu Picchu provoca greve e prejudica turismo arqueol\u00f3gico - Jornal Fatos e Not\u00edcias<\/title>\n<meta name=\"robots\" content=\"index, follow, max-snippet:-1, max-image-preview:large, max-video-preview:-1\" \/>\n<link rel=\"canonical\" href=\"https:\/\/jornalfatosenoticias.com.br\/index.php\/2024\/01\/31\/privatizacao-de-machu-picchu-provoca-greve-e-prejudica-turismo-arqueologico\/\" \/>\n<meta property=\"og:locale\" content=\"pt_BR\" \/>\n<meta property=\"og:type\" content=\"article\" \/>\n<meta property=\"og:title\" content=\"Privatiza\u00e7\u00e3o de Machu Picchu provoca greve e prejudica turismo arqueol\u00f3gico - Jornal Fatos e Not\u00edcias\" \/>\n<meta property=\"og:description\" content=\"Na \u00faltima quinta-feira (25), manifestantes bloquearam o acesso ao s\u00edtio arqueol\u00f3gico, impedindo o funcionamento do transporte ferrovi\u00e1rio em um dos destinos mais procurados por turistas brasileiros Por Pablo Nogueira Um dos maiores destinos de turistas brasileiros na Am\u00e9rica do Sul passa por uma crise. Desde a semana passada, as ruas da regi\u00e3o de Cusco, no [&hellip;]\" \/>\n<meta property=\"og:url\" content=\"https:\/\/jornalfatosenoticias.com.br\/index.php\/2024\/01\/31\/privatizacao-de-machu-picchu-provoca-greve-e-prejudica-turismo-arqueologico\/\" \/>\n<meta property=\"og:site_name\" content=\"Jornal Fatos e Not\u00edcias\" \/>\n<meta property=\"article:published_time\" content=\"2024-01-31T18:28:12+00:00\" \/>\n<meta property=\"article:modified_time\" content=\"2024-01-31T18:28:17+00:00\" \/>\n<meta property=\"og:image\" content=\"https:\/\/jornalfatosenoticias.com.br\/wp-content\/uploads\/2024\/01\/machu-picchu.png\" \/>\n\t<meta property=\"og:image:width\" content=\"1000\" \/>\n\t<meta property=\"og:image:height\" content=\"681\" \/>\n\t<meta property=\"og:image:type\" content=\"image\/png\" \/>\n<meta name=\"author\" content=\"Luzimara Fernandes\" \/>\n<meta name=\"twitter:card\" content=\"summary_large_image\" \/>\n<meta name=\"twitter:label1\" content=\"Escrito por\" \/>\n\t<meta name=\"twitter:data1\" content=\"Luzimara Fernandes\" \/>\n\t<meta name=\"twitter:label2\" content=\"Est. tempo de leitura\" \/>\n\t<meta name=\"twitter:data2\" content=\"2 minutos\" \/>\n<script type=\"application\/ld+json\" class=\"yoast-schema-graph\">{\"@context\":\"https:\/\/schema.org\",\"@graph\":[{\"@type\":\"Article\",\"@id\":\"https:\/\/jornalfatosenoticias.com.br\/index.php\/2024\/01\/31\/privatizacao-de-machu-picchu-provoca-greve-e-prejudica-turismo-arqueologico\/#article\",\"isPartOf\":{\"@id\":\"https:\/\/jornalfatosenoticias.com.br\/index.php\/2024\/01\/31\/privatizacao-de-machu-picchu-provoca-greve-e-prejudica-turismo-arqueologico\/\"},\"author\":{\"name\":\"Luzimara Fernandes\",\"@id\":\"https:\/\/jornalfatosenoticias.com.br\/#\/schema\/person\/d63837fa13ac8666eb9e74e0985d6f81\"},\"headline\":\"Privatiza\u00e7\u00e3o de Machu Picchu provoca greve e prejudica turismo arqueol\u00f3gico\",\"datePublished\":\"2024-01-31T18:28:12+00:00\",\"dateModified\":\"2024-01-31T18:28:17+00:00\",\"mainEntityOfPage\":{\"@id\":\"https:\/\/jornalfatosenoticias.com.br\/index.php\/2024\/01\/31\/privatizacao-de-machu-picchu-provoca-greve-e-prejudica-turismo-arqueologico\/\"},\"wordCount\":470,\"commentCount\":0,\"publisher\":{\"@id\":\"https:\/\/jornalfatosenoticias.com.br\/#organization\"},\"image\":{\"@id\":\"https:\/\/jornalfatosenoticias.com.br\/index.php\/2024\/01\/31\/privatizacao-de-machu-picchu-provoca-greve-e-prejudica-turismo-arqueologico\/#primaryimage\"},\"thumbnailUrl\":\"https:\/\/jornalfatosenoticias.com.br\/wp-content\/uploads\/2024\/01\/machu-picchu.png\",\"keywords\":[\"Am\u00e9rica latina\",\"Machu Picchu\",\"Peru\",\"s\u00edtio arqueol\u00f3gico\"],\"articleSection\":[\"Turismo\"],\"inLanguage\":\"pt-BR\",\"potentialAction\":[{\"@type\":\"CommentAction\",\"name\":\"Comment\",\"target\":[\"https:\/\/jornalfatosenoticias.com.br\/index.php\/2024\/01\/31\/privatizacao-de-machu-picchu-provoca-greve-e-prejudica-turismo-arqueologico\/#respond\"]}]},{\"@type\":\"WebPage\",\"@id\":\"https:\/\/jornalfatosenoticias.com.br\/index.php\/2024\/01\/31\/privatizacao-de-machu-picchu-provoca-greve-e-prejudica-turismo-arqueologico\/\",\"url\":\"https:\/\/jornalfatosenoticias.com.br\/index.php\/2024\/01\/31\/privatizacao-de-machu-picchu-provoca-greve-e-prejudica-turismo-arqueologico\/\",\"name\":\"Privatiza\u00e7\u00e3o de Machu Picchu provoca greve e prejudica turismo arqueol\u00f3gico - Jornal Fatos e Not\u00edcias\",\"isPartOf\":{\"@id\":\"https:\/\/jornalfatosenoticias.com.br\/#website\"},\"primaryImageOfPage\":{\"@id\":\"https:\/\/jornalfatosenoticias.com.br\/index.php\/2024\/01\/31\/privatizacao-de-machu-picchu-provoca-greve-e-prejudica-turismo-arqueologico\/#primaryimage\"},\"image\":{\"@id\":\"https:\/\/jornalfatosenoticias.com.br\/index.php\/2024\/01\/31\/privatizacao-de-machu-picchu-provoca-greve-e-prejudica-turismo-arqueologico\/#primaryimage\"},\"thumbnailUrl\":\"https:\/\/jornalfatosenoticias.com.br\/wp-content\/uploads\/2024\/01\/machu-picchu.png\",\"datePublished\":\"2024-01-31T18:28:12+00:00\",\"dateModified\":\"2024-01-31T18:28:17+00:00\",\"breadcrumb\":{\"@id\":\"https:\/\/jornalfatosenoticias.com.br\/index.php\/2024\/01\/31\/privatizacao-de-machu-picchu-provoca-greve-e-prejudica-turismo-arqueologico\/#breadcrumb\"},\"inLanguage\":\"pt-BR\",\"potentialAction\":[{\"@type\":\"ReadAction\",\"target\":[\"https:\/\/jornalfatosenoticias.com.br\/index.php\/2024\/01\/31\/privatizacao-de-machu-picchu-provoca-greve-e-prejudica-turismo-arqueologico\/\"]}]},{\"@type\":\"ImageObject\",\"inLanguage\":\"pt-BR\",\"@id\":\"https:\/\/jornalfatosenoticias.com.br\/index.php\/2024\/01\/31\/privatizacao-de-machu-picchu-provoca-greve-e-prejudica-turismo-arqueologico\/#primaryimage\",\"url\":\"https:\/\/jornalfatosenoticias.com.br\/wp-content\/uploads\/2024\/01\/machu-picchu.png\",\"contentUrl\":\"https:\/\/jornalfatosenoticias.com.br\/wp-content\/uploads\/2024\/01\/machu-picchu.png\",\"width\":1000,\"height\":681},{\"@type\":\"BreadcrumbList\",\"@id\":\"https:\/\/jornalfatosenoticias.com.br\/index.php\/2024\/01\/31\/privatizacao-de-machu-picchu-provoca-greve-e-prejudica-turismo-arqueologico\/#breadcrumb\",\"itemListElement\":[{\"@type\":\"ListItem\",\"position\":1,\"name\":\"In\u00edcio\",\"item\":\"https:\/\/jornalfatosenoticias.com.br\/\"},{\"@type\":\"ListItem\",\"position\":2,\"name\":\"Privatiza\u00e7\u00e3o de Machu Picchu provoca greve e prejudica turismo arqueol\u00f3gico\"}]},{\"@type\":\"WebSite\",\"@id\":\"https:\/\/jornalfatosenoticias.com.br\/#website\",\"url\":\"https:\/\/jornalfatosenoticias.com.br\/\",\"name\":\"Jornal Fatos e Not\u00edcias\",\"description\":\"Not\u00edcias em geral\",\"publisher\":{\"@id\":\"https:\/\/jornalfatosenoticias.com.br\/#organization\"},\"potentialAction\":[{\"@type\":\"SearchAction\",\"target\":{\"@type\":\"EntryPoint\",\"urlTemplate\":\"https:\/\/jornalfatosenoticias.com.br\/?s={search_term_string}\"},\"query-input\":{\"@type\":\"PropertyValueSpecification\",\"valueRequired\":true,\"valueName\":\"search_term_string\"}}],\"inLanguage\":\"pt-BR\"},{\"@type\":\"Organization\",\"@id\":\"https:\/\/jornalfatosenoticias.com.br\/#organization\",\"name\":\"Jornal Fatos e Not\u00edcias\",\"url\":\"https:\/\/jornalfatosenoticias.com.br\/\",\"logo\":{\"@type\":\"ImageObject\",\"inLanguage\":\"pt-BR\",\"@id\":\"https:\/\/jornalfatosenoticias.com.br\/#\/schema\/logo\/image\/\",\"url\":\"https:\/\/jornalfatosenoticias.com.br\/wp-content\/uploads\/2020\/02\/logo120.png\",\"contentUrl\":\"https:\/\/jornalfatosenoticias.com.br\/wp-content\/uploads\/2020\/02\/logo120.png\",\"width\":1227,\"height\":120,\"caption\":\"Jornal Fatos e Not\u00edcias\"},\"image\":{\"@id\":\"https:\/\/jornalfatosenoticias.com.br\/#\/schema\/logo\/image\/\"}},{\"@type\":\"Person\",\"@id\":\"https:\/\/jornalfatosenoticias.com.br\/#\/schema\/person\/d63837fa13ac8666eb9e74e0985d6f81\",\"name\":\"Luzimara Fernandes\",\"image\":{\"@type\":\"ImageObject\",\"inLanguage\":\"pt-BR\",\"@id\":\"https:\/\/jornalfatosenoticias.com.br\/#\/schema\/person\/image\/\",\"url\":\"https:\/\/jornalfatosenoticias.com.br\/wp-content\/uploads\/2025\/05\/EU_portal.jpg\",\"contentUrl\":\"https:\/\/jornalfatosenoticias.com.br\/wp-content\/uploads\/2025\/05\/EU_portal.jpg\",\"caption\":\"Luzimara Fernandes\"},\"description\":\"Jornalista MTB 2358-ES\",\"sameAs\":[\"https:\/\/jornalfatosenoticias.com.br\"],\"url\":\"https:\/\/jornalfatosenoticias.com.br\/index.php\/author\/luzimara\/\"}]}<\/script>\n<!-- \/ Yoast SEO plugin. -->","yoast_head_json":{"title":"Privatiza\u00e7\u00e3o de Machu Picchu provoca greve e prejudica turismo arqueol\u00f3gico - Jornal Fatos e Not\u00edcias","robots":{"index":"index","follow":"follow","max-snippet":"max-snippet:-1","max-image-preview":"max-image-preview:large","max-video-preview":"max-video-preview:-1"},"canonical":"https:\/\/jornalfatosenoticias.com.br\/index.php\/2024\/01\/31\/privatizacao-de-machu-picchu-provoca-greve-e-prejudica-turismo-arqueologico\/","og_locale":"pt_BR","og_type":"article","og_title":"Privatiza\u00e7\u00e3o de Machu Picchu provoca greve e prejudica turismo arqueol\u00f3gico - Jornal Fatos e Not\u00edcias","og_description":"Na \u00faltima quinta-feira (25), manifestantes bloquearam o acesso ao s\u00edtio arqueol\u00f3gico, impedindo o funcionamento do transporte ferrovi\u00e1rio em um dos destinos mais procurados por turistas brasileiros Por Pablo Nogueira Um dos maiores destinos de turistas brasileiros na Am\u00e9rica do Sul passa por uma crise. Desde a semana passada, as ruas da regi\u00e3o de Cusco, no [&hellip;]","og_url":"https:\/\/jornalfatosenoticias.com.br\/index.php\/2024\/01\/31\/privatizacao-de-machu-picchu-provoca-greve-e-prejudica-turismo-arqueologico\/","og_site_name":"Jornal Fatos e Not\u00edcias","article_published_time":"2024-01-31T18:28:12+00:00","article_modified_time":"2024-01-31T18:28:17+00:00","og_image":[{"width":1000,"height":681,"url":"https:\/\/jornalfatosenoticias.com.br\/wp-content\/uploads\/2024\/01\/machu-picchu.png","type":"image\/png"}],"author":"Luzimara Fernandes","twitter_card":"summary_large_image","twitter_misc":{"Escrito por":"Luzimara Fernandes","Est. tempo de leitura":"2 minutos"},"schema":{"@context":"https:\/\/schema.org","@graph":[{"@type":"Article","@id":"https:\/\/jornalfatosenoticias.com.br\/index.php\/2024\/01\/31\/privatizacao-de-machu-picchu-provoca-greve-e-prejudica-turismo-arqueologico\/#article","isPartOf":{"@id":"https:\/\/jornalfatosenoticias.com.br\/index.php\/2024\/01\/31\/privatizacao-de-machu-picchu-provoca-greve-e-prejudica-turismo-arqueologico\/"},"author":{"name":"Luzimara Fernandes","@id":"https:\/\/jornalfatosenoticias.com.br\/#\/schema\/person\/d63837fa13ac8666eb9e74e0985d6f81"},"headline":"Privatiza\u00e7\u00e3o de Machu Picchu provoca greve e prejudica turismo arqueol\u00f3gico","datePublished":"2024-01-31T18:28:12+00:00","dateModified":"2024-01-31T18:28:17+00:00","mainEntityOfPage":{"@id":"https:\/\/jornalfatosenoticias.com.br\/index.php\/2024\/01\/31\/privatizacao-de-machu-picchu-provoca-greve-e-prejudica-turismo-arqueologico\/"},"wordCount":470,"commentCount":0,"publisher":{"@id":"https:\/\/jornalfatosenoticias.com.br\/#organization"},"image":{"@id":"https:\/\/jornalfatosenoticias.com.br\/index.php\/2024\/01\/31\/privatizacao-de-machu-picchu-provoca-greve-e-prejudica-turismo-arqueologico\/#primaryimage"},"thumbnailUrl":"https:\/\/jornalfatosenoticias.com.br\/wp-content\/uploads\/2024\/01\/machu-picchu.png","keywords":["Am\u00e9rica latina","Machu Picchu","Peru","s\u00edtio arqueol\u00f3gico"],"articleSection":["Turismo"],"inLanguage":"pt-BR","potentialAction":[{"@type":"CommentAction","name":"Comment","target":["https:\/\/jornalfatosenoticias.com.br\/index.php\/2024\/01\/31\/privatizacao-de-machu-picchu-provoca-greve-e-prejudica-turismo-arqueologico\/#respond"]}]},{"@type":"WebPage","@id":"https:\/\/jornalfatosenoticias.com.br\/index.php\/2024\/01\/31\/privatizacao-de-machu-picchu-provoca-greve-e-prejudica-turismo-arqueologico\/","url":"https:\/\/jornalfatosenoticias.com.br\/index.php\/2024\/01\/31\/privatizacao-de-machu-picchu-provoca-greve-e-prejudica-turismo-arqueologico\/","name":"Privatiza\u00e7\u00e3o de Machu Picchu provoca greve e prejudica turismo arqueol\u00f3gico - Jornal Fatos e Not\u00edcias","isPartOf":{"@id":"https:\/\/jornalfatosenoticias.com.br\/#website"},"primaryImageOfPage":{"@id":"https:\/\/jornalfatosenoticias.com.br\/index.php\/2024\/01\/31\/privatizacao-de-machu-picchu-provoca-greve-e-prejudica-turismo-arqueologico\/#primaryimage"},"image":{"@id":"https:\/\/jornalfatosenoticias.com.br\/index.php\/2024\/01\/31\/privatizacao-de-machu-picchu-provoca-greve-e-prejudica-turismo-arqueologico\/#primaryimage"},"thumbnailUrl":"https:\/\/jornalfatosenoticias.com.br\/wp-content\/uploads\/2024\/01\/machu-picchu.png","datePublished":"2024-01-31T18:28:12+00:00","dateModified":"2024-01-31T18:28:17+00:00","breadcrumb":{"@id":"https:\/\/jornalfatosenoticias.com.br\/index.php\/2024\/01\/31\/privatizacao-de-machu-picchu-provoca-greve-e-prejudica-turismo-arqueologico\/#breadcrumb"},"inLanguage":"pt-BR","potentialAction":[{"@type":"ReadAction","target":["https:\/\/jornalfatosenoticias.com.br\/index.php\/2024\/01\/31\/privatizacao-de-machu-picchu-provoca-greve-e-prejudica-turismo-arqueologico\/"]}]},{"@type":"ImageObject","inLanguage":"pt-BR","@id":"https:\/\/jornalfatosenoticias.com.br\/index.php\/2024\/01\/31\/privatizacao-de-machu-picchu-provoca-greve-e-prejudica-turismo-arqueologico\/#primaryimage","url":"https:\/\/jornalfatosenoticias.com.br\/wp-content\/uploads\/2024\/01\/machu-picchu.png","contentUrl":"https:\/\/jornalfatosenoticias.com.br\/wp-content\/uploads\/2024\/01\/machu-picchu.png","width":1000,"height":681},{"@type":"BreadcrumbList","@id":"https:\/\/jornalfatosenoticias.com.br\/index.php\/2024\/01\/31\/privatizacao-de-machu-picchu-provoca-greve-e-prejudica-turismo-arqueologico\/#breadcrumb","itemListElement":[{"@type":"ListItem","position":1,"name":"In\u00edcio","item":"https:\/\/jornalfatosenoticias.com.br\/"},{"@type":"ListItem","position":2,"name":"Privatiza\u00e7\u00e3o de Machu Picchu provoca greve e prejudica turismo arqueol\u00f3gico"}]},{"@type":"WebSite","@id":"https:\/\/jornalfatosenoticias.com.br\/#website","url":"https:\/\/jornalfatosenoticias.com.br\/","name":"Jornal Fatos e Not\u00edcias","description":"Not\u00edcias em geral","publisher":{"@id":"https:\/\/jornalfatosenoticias.com.br\/#organization"},"potentialAction":[{"@type":"SearchAction","target":{"@type":"EntryPoint","urlTemplate":"https:\/\/jornalfatosenoticias.com.br\/?s={search_term_string}"},"query-input":{"@type":"PropertyValueSpecification","valueRequired":true,"valueName":"search_term_string"}}],"inLanguage":"pt-BR"},{"@type":"Organization","@id":"https:\/\/jornalfatosenoticias.com.br\/#organization","name":"Jornal Fatos e Not\u00edcias","url":"https:\/\/jornalfatosenoticias.com.br\/","logo":{"@type":"ImageObject","inLanguage":"pt-BR","@id":"https:\/\/jornalfatosenoticias.com.br\/#\/schema\/logo\/image\/","url":"https:\/\/jornalfatosenoticias.com.br\/wp-content\/uploads\/2020\/02\/logo120.png","contentUrl":"https:\/\/jornalfatosenoticias.com.br\/wp-content\/uploads\/2020\/02\/logo120.png","width":1227,"height":120,"caption":"Jornal Fatos e Not\u00edcias"},"image":{"@id":"https:\/\/jornalfatosenoticias.com.br\/#\/schema\/logo\/image\/"}},{"@type":"Person","@id":"https:\/\/jornalfatosenoticias.com.br\/#\/schema\/person\/d63837fa13ac8666eb9e74e0985d6f81","name":"Luzimara Fernandes","image":{"@type":"ImageObject","inLanguage":"pt-BR","@id":"https:\/\/jornalfatosenoticias.com.br\/#\/schema\/person\/image\/","url":"https:\/\/jornalfatosenoticias.com.br\/wp-content\/uploads\/2025\/05\/EU_portal.jpg","contentUrl":"https:\/\/jornalfatosenoticias.com.br\/wp-content\/uploads\/2025\/05\/EU_portal.jpg","caption":"Luzimara Fernandes"},"description":"Jornalista MTB 2358-ES","sameAs":["https:\/\/jornalfatosenoticias.com.br"],"url":"https:\/\/jornalfatosenoticias.com.br\/index.php\/author\/luzimara\/"}]}},"cc_featured_image_caption":{"caption_text":"(Foto: X\/Reprodu\u00e7\u00e3o)","source_text":"","source_url":""},"jetpack_featured_media_url":"https:\/\/jornalfatosenoticias.com.br\/wp-content\/uploads\/2024\/01\/machu-picchu.png","_links":{"self":[{"href":"https:\/\/jornalfatosenoticias.com.br\/index.php\/wp-json\/wp\/v2\/posts\/48901","targetHints":{"allow":["GET"]}}],"collection":[{"href":"https:\/\/jornalfatosenoticias.com.br\/index.php\/wp-json\/wp\/v2\/posts"}],"about":[{"href":"https:\/\/jornalfatosenoticias.com.br\/index.php\/wp-json\/wp\/v2\/types\/post"}],"author":[{"embeddable":true,"href":"https:\/\/jornalfatosenoticias.com.br\/index.php\/wp-json\/wp\/v2\/users\/2"}],"replies":[{"embeddable":true,"href":"https:\/\/jornalfatosenoticias.com.br\/index.php\/wp-json\/wp\/v2\/comments?post=48901"}],"version-history":[{"count":0,"href":"https:\/\/jornalfatosenoticias.com.br\/index.php\/wp-json\/wp\/v2\/posts\/48901\/revisions"}],"wp:featuredmedia":[{"embeddable":true,"href":"https:\/\/jornalfatosenoticias.com.br\/index.php\/wp-json\/wp\/v2\/media\/48902"}],"wp:attachment":[{"href":"https:\/\/jornalfatosenoticias.com.br\/index.php\/wp-json\/wp\/v2\/media?parent=48901"}],"wp:term":[{"taxonomy":"category","embeddable":true,"href":"https:\/\/jornalfatosenoticias.com.br\/index.php\/wp-json\/wp\/v2\/categories?post=48901"},{"taxonomy":"post_tag","embeddable":true,"href":"https:\/\/jornalfatosenoticias.com.br\/index.php\/wp-json\/wp\/v2\/tags?post=48901"}],"curies":[{"name":"wp","href":"https:\/\/api.w.org\/{rel}","templated":true}]}}