{"id":48905,"date":"2024-01-31T15:40:25","date_gmt":"2024-01-31T18:40:25","guid":{"rendered":"https:\/\/jornalfatosenoticias.com.br\/?p=48905"},"modified":"2024-01-31T15:40:28","modified_gmt":"2024-01-31T18:40:28","slug":"em-dois-anos-mais-de-500-mil-cubanos-fugiram-para-os-eua-em-meio-a-crise-instaurada-pela-ditadura","status":"publish","type":"post","link":"https:\/\/jornalfatosenoticias.com.br\/index.php\/2024\/01\/31\/em-dois-anos-mais-de-500-mil-cubanos-fugiram-para-os-eua-em-meio-a-crise-instaurada-pela-ditadura\/","title":{"rendered":"Em dois anos, mais de 500 mil cubanos fugiram para os EUA em meio \u00e0 crise instaurada pela ditadura"},"content":{"rendered":"\n<p><em><span class=\"has-inline-color has-black-color\">Cubanos participam de data comemorativa em mem\u00f3ria de Fidel Castro, em Havana<\/span><\/em><\/p>\n\n\n\n<p><span class=\"has-inline-color has-black-color\">Por <strong><a href=\"https:\/\/www.gazetadopovo.com.br\/autor\/isabella-de-paula\/\">Isabella de Paula<\/a><\/strong><\/span><\/p>\n\n\n\n<div class=\"wp-block-image\"><figure class=\"aligncenter size-large\"><img loading=\"lazy\" decoding=\"async\" width=\"729\" height=\"90\" src=\"https:\/\/jornalfatosenoticias.com.br\/wp-content\/uploads\/2020\/02\/Logo_Mizu.png\" alt=\"\" class=\"wp-image-1441\" srcset=\"https:\/\/jornalfatosenoticias.com.br\/wp-content\/uploads\/2020\/02\/Logo_Mizu.png 729w, https:\/\/jornalfatosenoticias.com.br\/wp-content\/uploads\/2020\/02\/Logo_Mizu-300x37.png 300w\" sizes=\"auto, (max-width: 729px) 100vw, 729px\" \/><\/figure><\/div>\n\n\n\n<p>Uma onda migrat\u00f3ria recorde foi observada nos dois \u00faltimos anos de Cuba para os Estados Unidos, segundo dados do governo americano.<br>A Alf\u00e2ndega e Prote\u00e7\u00e3o de Fronteiras do pa\u00eds divulgou um relat\u00f3rio no final de semana, no qual revela que em 2023 foram registradas mais de 153 mil entradas irregulares a partir da ilha, al\u00e9m das\u00a067 mil pessoas que entraram formalmente no territ\u00f3rio americano por meio do programa Parole, implementado h\u00e1 um ano pela administra\u00e7\u00e3o de Joe Biden.<br>Em dois anos, o n\u00famero total de imigrantes cubanos que acessaram os Estados Unidos ultrapassa 530 mil, o equivalente a 4,8% dos 11,1 milh\u00f5es de habitantes da ilha. O mais recente \u00eaxodo de Cuba \u00e9 considerada a maior fuga da popula\u00e7\u00e3o em d\u00e9cadas, sendo comparado apenas \u00e0 Revolu\u00e7\u00e3o Cubana de 1959, liderada por Fidel Castro, quando 300 mil pessoas deixaram o pa\u00eds por raz\u00f5es pol\u00edticas.<\/p>\n\n\n\n<div class=\"wp-block-image\"><figure class=\"aligncenter size-large is-resized\"><img loading=\"lazy\" decoding=\"async\" src=\"https:\/\/jornalfatosenoticias.com.br\/wp-content\/uploads\/2022\/02\/Precisao-Contabilidade-1024x724.jpg\" alt=\"\" class=\"wp-image-28088\" width=\"332\" height=\"235\"\/><\/figure><\/div>\n\n\n\n<p>A sa\u00edda em massa da ilha continua a ter motiva\u00e7\u00f5es ligadas ao governo, que afundou seus cidad\u00e3os numa infla\u00e7\u00e3o galopante \u2014 atualmente pr\u00f3xima dos 30% \u2014 e uma infla\u00e7\u00e3o informal ainda maior. Al\u00e9m disso, o pa\u00eds enfrenta apag\u00f5es frequentes, uma dolariza\u00e7\u00e3o parcial da economia, falta de alimentos e rem\u00e9dios, educa\u00e7\u00e3o prec\u00e1ria e, mais recentemente, a ditadura de Miguel D\u00edaz-Canel anunciou um &#8220;plano de choque&#8221; que entra em vigor neste ano, prometendo elevar ainda mais os pre\u00e7os de servi\u00e7os b\u00e1sicos na ilha.<\/p>\n\n\n\n<div class=\"wp-block-image\"><figure class=\"aligncenter size-large is-resized\"><img loading=\"lazy\" decoding=\"async\" src=\"https:\/\/jornalfatosenoticias.com.br\/wp-content\/uploads\/2023\/08\/ITH.jpeg\" alt=\"\" class=\"wp-image-44638\" width=\"323\" height=\"262\" srcset=\"https:\/\/jornalfatosenoticias.com.br\/wp-content\/uploads\/2023\/08\/ITH.jpeg 800w, https:\/\/jornalfatosenoticias.com.br\/wp-content\/uploads\/2023\/08\/ITH-300x244.jpeg 300w, https:\/\/jornalfatosenoticias.com.br\/wp-content\/uploads\/2023\/08\/ITH-768x624.jpeg 768w\" sizes=\"auto, (max-width: 323px) 100vw, 323px\" \/><\/figure><\/div>\n\n\n\n<p>Outros pa\u00edses da Am\u00e9rica Latina e da Europa tamb\u00e9m s\u00e3o escolhidos como destino para milhares de cubanos, no entanto, n\u00e3o h\u00e1 n\u00fameros precisos nesse sentido. Dados consultados pela ag\u00eancia AFP mostram que, entre 2022 e 2023, 36.574 cubanos pediram ref\u00fagio no M\u00e9xico, enquanto pelo menos 22 mil entraram no Uruguai e centenas chegaram ao Chile.<\/p>\n\n\n\n<div class=\"wp-block-image\"><figure class=\"aligncenter size-large is-resized\"><img loading=\"lazy\" decoding=\"async\" src=\"https:\/\/jornalfatosenoticias.com.br\/wp-content\/uploads\/2023\/09\/vetorvix1024_1.jpg\" alt=\"\" class=\"wp-image-44868\" width=\"453\" height=\"120\" srcset=\"https:\/\/jornalfatosenoticias.com.br\/wp-content\/uploads\/2023\/09\/vetorvix1024_1.jpg 1024w, https:\/\/jornalfatosenoticias.com.br\/wp-content\/uploads\/2023\/09\/vetorvix1024_1-300x80.jpg 300w, https:\/\/jornalfatosenoticias.com.br\/wp-content\/uploads\/2023\/09\/vetorvix1024_1-768x205.jpg 768w\" sizes=\"auto, (max-width: 453px) 100vw, 453px\" \/><\/figure><\/div>\n\n\n\n<p><strong><em>Fonte: <a href=\"https:\/\/www.gazetadopovo.com.br\/mundo\/em-dois-anos-mais-de-500-mil-cubanos-fugiram-para-os-eua-em-meio-a-crise-instaurada-pela-ditadura\/\">Gazeta do Povo<\/a><\/em><\/strong><\/p>\n","protected":false},"excerpt":{"rendered":"<p>Cubanos participam de data comemorativa em mem\u00f3ria de Fidel Castro, em Havana Por Isabella de Paula Uma onda migrat\u00f3ria recorde foi observada nos dois \u00faltimos anos de Cuba para os Estados Unidos, segundo dados do governo americano.A Alf\u00e2ndega e Prote\u00e7\u00e3o de Fronteiras do pa\u00eds divulgou um relat\u00f3rio no final de semana, no qual revela que [&hellip;]<\/p>\n","protected":false},"author":2,"featured_media":48906,"comment_status":"open","ping_status":"open","sticky":false,"template":"","format":"standard","meta":{"footnotes":""},"categories":[41],"tags":[5043,1244,1751,22704],"class_list":["post-48905","post","type-post","status-publish","format-standard","has-post-thumbnail","hentry","category-internacional","tag-cuba","tag-ditadura","tag-estados-unidos","tag-imigrantes"],"yoast_head":"<!-- This site is optimized with the Yoast SEO plugin v26.5 - https:\/\/yoast.com\/wordpress\/plugins\/seo\/ -->\n<title>Em dois anos, mais de 500 mil cubanos fugiram para os EUA em meio \u00e0 crise instaurada pela ditadura - Jornal Fatos e Not\u00edcias<\/title>\n<meta name=\"robots\" content=\"index, follow, max-snippet:-1, max-image-preview:large, max-video-preview:-1\" \/>\n<link rel=\"canonical\" href=\"https:\/\/jornalfatosenoticias.com.br\/index.php\/2024\/01\/31\/em-dois-anos-mais-de-500-mil-cubanos-fugiram-para-os-eua-em-meio-a-crise-instaurada-pela-ditadura\/\" \/>\n<meta property=\"og:locale\" content=\"pt_BR\" \/>\n<meta property=\"og:type\" content=\"article\" \/>\n<meta property=\"og:title\" content=\"Em dois anos, mais de 500 mil cubanos fugiram para os EUA em meio \u00e0 crise instaurada pela ditadura - Jornal Fatos e Not\u00edcias\" \/>\n<meta property=\"og:description\" content=\"Cubanos participam de data comemorativa em mem\u00f3ria de Fidel Castro, em Havana Por Isabella de Paula Uma onda migrat\u00f3ria recorde foi observada nos dois \u00faltimos anos de Cuba para os Estados Unidos, segundo dados do governo americano.A Alf\u00e2ndega e Prote\u00e7\u00e3o de Fronteiras do pa\u00eds divulgou um relat\u00f3rio no final de semana, no qual revela que [&hellip;]\" \/>\n<meta property=\"og:url\" content=\"https:\/\/jornalfatosenoticias.com.br\/index.php\/2024\/01\/31\/em-dois-anos-mais-de-500-mil-cubanos-fugiram-para-os-eua-em-meio-a-crise-instaurada-pela-ditadura\/\" \/>\n<meta property=\"og:site_name\" content=\"Jornal Fatos e Not\u00edcias\" \/>\n<meta property=\"article:published_time\" content=\"2024-01-31T18:40:25+00:00\" \/>\n<meta property=\"article:modified_time\" content=\"2024-01-31T18:40:28+00:00\" \/>\n<meta property=\"og:image\" content=\"https:\/\/jornalfatosenoticias.com.br\/wp-content\/uploads\/2024\/01\/homenagens-fidel-castro.jpg\" \/>\n\t<meta property=\"og:image:width\" content=\"1000\" \/>\n\t<meta property=\"og:image:height\" content=\"666\" \/>\n\t<meta property=\"og:image:type\" content=\"image\/jpeg\" \/>\n<meta name=\"author\" content=\"Luzimara Fernandes\" \/>\n<meta name=\"twitter:card\" content=\"summary_large_image\" \/>\n<meta name=\"twitter:label1\" content=\"Escrito por\" \/>\n\t<meta name=\"twitter:data1\" content=\"Luzimara Fernandes\" \/>\n\t<meta name=\"twitter:label2\" content=\"Est. tempo de leitura\" \/>\n\t<meta name=\"twitter:data2\" content=\"2 minutos\" \/>\n<script type=\"application\/ld+json\" class=\"yoast-schema-graph\">{\"@context\":\"https:\/\/schema.org\",\"@graph\":[{\"@type\":\"Article\",\"@id\":\"https:\/\/jornalfatosenoticias.com.br\/index.php\/2024\/01\/31\/em-dois-anos-mais-de-500-mil-cubanos-fugiram-para-os-eua-em-meio-a-crise-instaurada-pela-ditadura\/#article\",\"isPartOf\":{\"@id\":\"https:\/\/jornalfatosenoticias.com.br\/index.php\/2024\/01\/31\/em-dois-anos-mais-de-500-mil-cubanos-fugiram-para-os-eua-em-meio-a-crise-instaurada-pela-ditadura\/\"},\"author\":{\"name\":\"Luzimara Fernandes\",\"@id\":\"https:\/\/jornalfatosenoticias.com.br\/#\/schema\/person\/d63837fa13ac8666eb9e74e0985d6f81\"},\"headline\":\"Em dois anos, mais de 500 mil cubanos fugiram para os EUA em meio \u00e0 crise instaurada pela ditadura\",\"datePublished\":\"2024-01-31T18:40:25+00:00\",\"dateModified\":\"2024-01-31T18:40:28+00:00\",\"mainEntityOfPage\":{\"@id\":\"https:\/\/jornalfatosenoticias.com.br\/index.php\/2024\/01\/31\/em-dois-anos-mais-de-500-mil-cubanos-fugiram-para-os-eua-em-meio-a-crise-instaurada-pela-ditadura\/\"},\"wordCount\":343,\"commentCount\":0,\"publisher\":{\"@id\":\"https:\/\/jornalfatosenoticias.com.br\/#organization\"},\"image\":{\"@id\":\"https:\/\/jornalfatosenoticias.com.br\/index.php\/2024\/01\/31\/em-dois-anos-mais-de-500-mil-cubanos-fugiram-para-os-eua-em-meio-a-crise-instaurada-pela-ditadura\/#primaryimage\"},\"thumbnailUrl\":\"https:\/\/jornalfatosenoticias.com.br\/wp-content\/uploads\/2024\/01\/homenagens-fidel-castro.jpg\",\"keywords\":[\"Cuba\",\"ditadura\",\"Estados Unidos\",\"imigrantes\"],\"articleSection\":[\"Internacional\"],\"inLanguage\":\"pt-BR\",\"potentialAction\":[{\"@type\":\"CommentAction\",\"name\":\"Comment\",\"target\":[\"https:\/\/jornalfatosenoticias.com.br\/index.php\/2024\/01\/31\/em-dois-anos-mais-de-500-mil-cubanos-fugiram-para-os-eua-em-meio-a-crise-instaurada-pela-ditadura\/#respond\"]}]},{\"@type\":\"WebPage\",\"@id\":\"https:\/\/jornalfatosenoticias.com.br\/index.php\/2024\/01\/31\/em-dois-anos-mais-de-500-mil-cubanos-fugiram-para-os-eua-em-meio-a-crise-instaurada-pela-ditadura\/\",\"url\":\"https:\/\/jornalfatosenoticias.com.br\/index.php\/2024\/01\/31\/em-dois-anos-mais-de-500-mil-cubanos-fugiram-para-os-eua-em-meio-a-crise-instaurada-pela-ditadura\/\",\"name\":\"Em dois anos, mais de 500 mil cubanos fugiram para os EUA em meio \u00e0 crise instaurada pela ditadura - Jornal Fatos e Not\u00edcias\",\"isPartOf\":{\"@id\":\"https:\/\/jornalfatosenoticias.com.br\/#website\"},\"primaryImageOfPage\":{\"@id\":\"https:\/\/jornalfatosenoticias.com.br\/index.php\/2024\/01\/31\/em-dois-anos-mais-de-500-mil-cubanos-fugiram-para-os-eua-em-meio-a-crise-instaurada-pela-ditadura\/#primaryimage\"},\"image\":{\"@id\":\"https:\/\/jornalfatosenoticias.com.br\/index.php\/2024\/01\/31\/em-dois-anos-mais-de-500-mil-cubanos-fugiram-para-os-eua-em-meio-a-crise-instaurada-pela-ditadura\/#primaryimage\"},\"thumbnailUrl\":\"https:\/\/jornalfatosenoticias.com.br\/wp-content\/uploads\/2024\/01\/homenagens-fidel-castro.jpg\",\"datePublished\":\"2024-01-31T18:40:25+00:00\",\"dateModified\":\"2024-01-31T18:40:28+00:00\",\"breadcrumb\":{\"@id\":\"https:\/\/jornalfatosenoticias.com.br\/index.php\/2024\/01\/31\/em-dois-anos-mais-de-500-mil-cubanos-fugiram-para-os-eua-em-meio-a-crise-instaurada-pela-ditadura\/#breadcrumb\"},\"inLanguage\":\"pt-BR\",\"potentialAction\":[{\"@type\":\"ReadAction\",\"target\":[\"https:\/\/jornalfatosenoticias.com.br\/index.php\/2024\/01\/31\/em-dois-anos-mais-de-500-mil-cubanos-fugiram-para-os-eua-em-meio-a-crise-instaurada-pela-ditadura\/\"]}]},{\"@type\":\"ImageObject\",\"inLanguage\":\"pt-BR\",\"@id\":\"https:\/\/jornalfatosenoticias.com.br\/index.php\/2024\/01\/31\/em-dois-anos-mais-de-500-mil-cubanos-fugiram-para-os-eua-em-meio-a-crise-instaurada-pela-ditadura\/#primaryimage\",\"url\":\"https:\/\/jornalfatosenoticias.com.br\/wp-content\/uploads\/2024\/01\/homenagens-fidel-castro.jpg\",\"contentUrl\":\"https:\/\/jornalfatosenoticias.com.br\/wp-content\/uploads\/2024\/01\/homenagens-fidel-castro.jpg\",\"width\":1000,\"height\":666},{\"@type\":\"BreadcrumbList\",\"@id\":\"https:\/\/jornalfatosenoticias.com.br\/index.php\/2024\/01\/31\/em-dois-anos-mais-de-500-mil-cubanos-fugiram-para-os-eua-em-meio-a-crise-instaurada-pela-ditadura\/#breadcrumb\",\"itemListElement\":[{\"@type\":\"ListItem\",\"position\":1,\"name\":\"In\u00edcio\",\"item\":\"https:\/\/jornalfatosenoticias.com.br\/\"},{\"@type\":\"ListItem\",\"position\":2,\"name\":\"Em dois anos, mais de 500 mil cubanos fugiram para os EUA em meio \u00e0 crise instaurada pela ditadura\"}]},{\"@type\":\"WebSite\",\"@id\":\"https:\/\/jornalfatosenoticias.com.br\/#website\",\"url\":\"https:\/\/jornalfatosenoticias.com.br\/\",\"name\":\"Jornal Fatos e Not\u00edcias\",\"description\":\"Not\u00edcias em geral\",\"publisher\":{\"@id\":\"https:\/\/jornalfatosenoticias.com.br\/#organization\"},\"potentialAction\":[{\"@type\":\"SearchAction\",\"target\":{\"@type\":\"EntryPoint\",\"urlTemplate\":\"https:\/\/jornalfatosenoticias.com.br\/?s={search_term_string}\"},\"query-input\":{\"@type\":\"PropertyValueSpecification\",\"valueRequired\":true,\"valueName\":\"search_term_string\"}}],\"inLanguage\":\"pt-BR\"},{\"@type\":\"Organization\",\"@id\":\"https:\/\/jornalfatosenoticias.com.br\/#organization\",\"name\":\"Jornal Fatos e Not\u00edcias\",\"url\":\"https:\/\/jornalfatosenoticias.com.br\/\",\"logo\":{\"@type\":\"ImageObject\",\"inLanguage\":\"pt-BR\",\"@id\":\"https:\/\/jornalfatosenoticias.com.br\/#\/schema\/logo\/image\/\",\"url\":\"https:\/\/jornalfatosenoticias.com.br\/wp-content\/uploads\/2020\/02\/logo120.png\",\"contentUrl\":\"https:\/\/jornalfatosenoticias.com.br\/wp-content\/uploads\/2020\/02\/logo120.png\",\"width\":1227,\"height\":120,\"caption\":\"Jornal Fatos e Not\u00edcias\"},\"image\":{\"@id\":\"https:\/\/jornalfatosenoticias.com.br\/#\/schema\/logo\/image\/\"}},{\"@type\":\"Person\",\"@id\":\"https:\/\/jornalfatosenoticias.com.br\/#\/schema\/person\/d63837fa13ac8666eb9e74e0985d6f81\",\"name\":\"Luzimara Fernandes\",\"image\":{\"@type\":\"ImageObject\",\"inLanguage\":\"pt-BR\",\"@id\":\"https:\/\/jornalfatosenoticias.com.br\/#\/schema\/person\/image\/\",\"url\":\"https:\/\/jornalfatosenoticias.com.br\/wp-content\/uploads\/2025\/05\/EU_portal.jpg\",\"contentUrl\":\"https:\/\/jornalfatosenoticias.com.br\/wp-content\/uploads\/2025\/05\/EU_portal.jpg\",\"caption\":\"Luzimara Fernandes\"},\"description\":\"Jornalista MTB 2358-ES\",\"sameAs\":[\"https:\/\/jornalfatosenoticias.com.br\"],\"url\":\"https:\/\/jornalfatosenoticias.com.br\/index.php\/author\/luzimara\/\"}]}<\/script>\n<!-- \/ Yoast SEO plugin. -->","yoast_head_json":{"title":"Em dois anos, mais de 500 mil cubanos fugiram para os EUA em meio \u00e0 crise instaurada pela ditadura - Jornal Fatos e Not\u00edcias","robots":{"index":"index","follow":"follow","max-snippet":"max-snippet:-1","max-image-preview":"max-image-preview:large","max-video-preview":"max-video-preview:-1"},"canonical":"https:\/\/jornalfatosenoticias.com.br\/index.php\/2024\/01\/31\/em-dois-anos-mais-de-500-mil-cubanos-fugiram-para-os-eua-em-meio-a-crise-instaurada-pela-ditadura\/","og_locale":"pt_BR","og_type":"article","og_title":"Em dois anos, mais de 500 mil cubanos fugiram para os EUA em meio \u00e0 crise instaurada pela ditadura - Jornal Fatos e Not\u00edcias","og_description":"Cubanos participam de data comemorativa em mem\u00f3ria de Fidel Castro, em Havana Por Isabella de Paula Uma onda migrat\u00f3ria recorde foi observada nos dois \u00faltimos anos de Cuba para os Estados Unidos, segundo dados do governo americano.A Alf\u00e2ndega e Prote\u00e7\u00e3o de Fronteiras do pa\u00eds divulgou um relat\u00f3rio no final de semana, no qual revela que [&hellip;]","og_url":"https:\/\/jornalfatosenoticias.com.br\/index.php\/2024\/01\/31\/em-dois-anos-mais-de-500-mil-cubanos-fugiram-para-os-eua-em-meio-a-crise-instaurada-pela-ditadura\/","og_site_name":"Jornal Fatos e Not\u00edcias","article_published_time":"2024-01-31T18:40:25+00:00","article_modified_time":"2024-01-31T18:40:28+00:00","og_image":[{"width":1000,"height":666,"url":"https:\/\/jornalfatosenoticias.com.br\/wp-content\/uploads\/2024\/01\/homenagens-fidel-castro.jpg","type":"image\/jpeg"}],"author":"Luzimara Fernandes","twitter_card":"summary_large_image","twitter_misc":{"Escrito por":"Luzimara Fernandes","Est. tempo de leitura":"2 minutos"},"schema":{"@context":"https:\/\/schema.org","@graph":[{"@type":"Article","@id":"https:\/\/jornalfatosenoticias.com.br\/index.php\/2024\/01\/31\/em-dois-anos-mais-de-500-mil-cubanos-fugiram-para-os-eua-em-meio-a-crise-instaurada-pela-ditadura\/#article","isPartOf":{"@id":"https:\/\/jornalfatosenoticias.com.br\/index.php\/2024\/01\/31\/em-dois-anos-mais-de-500-mil-cubanos-fugiram-para-os-eua-em-meio-a-crise-instaurada-pela-ditadura\/"},"author":{"name":"Luzimara Fernandes","@id":"https:\/\/jornalfatosenoticias.com.br\/#\/schema\/person\/d63837fa13ac8666eb9e74e0985d6f81"},"headline":"Em dois anos, mais de 500 mil cubanos fugiram para os EUA em meio \u00e0 crise instaurada pela ditadura","datePublished":"2024-01-31T18:40:25+00:00","dateModified":"2024-01-31T18:40:28+00:00","mainEntityOfPage":{"@id":"https:\/\/jornalfatosenoticias.com.br\/index.php\/2024\/01\/31\/em-dois-anos-mais-de-500-mil-cubanos-fugiram-para-os-eua-em-meio-a-crise-instaurada-pela-ditadura\/"},"wordCount":343,"commentCount":0,"publisher":{"@id":"https:\/\/jornalfatosenoticias.com.br\/#organization"},"image":{"@id":"https:\/\/jornalfatosenoticias.com.br\/index.php\/2024\/01\/31\/em-dois-anos-mais-de-500-mil-cubanos-fugiram-para-os-eua-em-meio-a-crise-instaurada-pela-ditadura\/#primaryimage"},"thumbnailUrl":"https:\/\/jornalfatosenoticias.com.br\/wp-content\/uploads\/2024\/01\/homenagens-fidel-castro.jpg","keywords":["Cuba","ditadura","Estados Unidos","imigrantes"],"articleSection":["Internacional"],"inLanguage":"pt-BR","potentialAction":[{"@type":"CommentAction","name":"Comment","target":["https:\/\/jornalfatosenoticias.com.br\/index.php\/2024\/01\/31\/em-dois-anos-mais-de-500-mil-cubanos-fugiram-para-os-eua-em-meio-a-crise-instaurada-pela-ditadura\/#respond"]}]},{"@type":"WebPage","@id":"https:\/\/jornalfatosenoticias.com.br\/index.php\/2024\/01\/31\/em-dois-anos-mais-de-500-mil-cubanos-fugiram-para-os-eua-em-meio-a-crise-instaurada-pela-ditadura\/","url":"https:\/\/jornalfatosenoticias.com.br\/index.php\/2024\/01\/31\/em-dois-anos-mais-de-500-mil-cubanos-fugiram-para-os-eua-em-meio-a-crise-instaurada-pela-ditadura\/","name":"Em dois anos, mais de 500 mil cubanos fugiram para os EUA em meio \u00e0 crise instaurada pela ditadura - Jornal Fatos e Not\u00edcias","isPartOf":{"@id":"https:\/\/jornalfatosenoticias.com.br\/#website"},"primaryImageOfPage":{"@id":"https:\/\/jornalfatosenoticias.com.br\/index.php\/2024\/01\/31\/em-dois-anos-mais-de-500-mil-cubanos-fugiram-para-os-eua-em-meio-a-crise-instaurada-pela-ditadura\/#primaryimage"},"image":{"@id":"https:\/\/jornalfatosenoticias.com.br\/index.php\/2024\/01\/31\/em-dois-anos-mais-de-500-mil-cubanos-fugiram-para-os-eua-em-meio-a-crise-instaurada-pela-ditadura\/#primaryimage"},"thumbnailUrl":"https:\/\/jornalfatosenoticias.com.br\/wp-content\/uploads\/2024\/01\/homenagens-fidel-castro.jpg","datePublished":"2024-01-31T18:40:25+00:00","dateModified":"2024-01-31T18:40:28+00:00","breadcrumb":{"@id":"https:\/\/jornalfatosenoticias.com.br\/index.php\/2024\/01\/31\/em-dois-anos-mais-de-500-mil-cubanos-fugiram-para-os-eua-em-meio-a-crise-instaurada-pela-ditadura\/#breadcrumb"},"inLanguage":"pt-BR","potentialAction":[{"@type":"ReadAction","target":["https:\/\/jornalfatosenoticias.com.br\/index.php\/2024\/01\/31\/em-dois-anos-mais-de-500-mil-cubanos-fugiram-para-os-eua-em-meio-a-crise-instaurada-pela-ditadura\/"]}]},{"@type":"ImageObject","inLanguage":"pt-BR","@id":"https:\/\/jornalfatosenoticias.com.br\/index.php\/2024\/01\/31\/em-dois-anos-mais-de-500-mil-cubanos-fugiram-para-os-eua-em-meio-a-crise-instaurada-pela-ditadura\/#primaryimage","url":"https:\/\/jornalfatosenoticias.com.br\/wp-content\/uploads\/2024\/01\/homenagens-fidel-castro.jpg","contentUrl":"https:\/\/jornalfatosenoticias.com.br\/wp-content\/uploads\/2024\/01\/homenagens-fidel-castro.jpg","width":1000,"height":666},{"@type":"BreadcrumbList","@id":"https:\/\/jornalfatosenoticias.com.br\/index.php\/2024\/01\/31\/em-dois-anos-mais-de-500-mil-cubanos-fugiram-para-os-eua-em-meio-a-crise-instaurada-pela-ditadura\/#breadcrumb","itemListElement":[{"@type":"ListItem","position":1,"name":"In\u00edcio","item":"https:\/\/jornalfatosenoticias.com.br\/"},{"@type":"ListItem","position":2,"name":"Em dois anos, mais de 500 mil cubanos fugiram para os EUA em meio \u00e0 crise instaurada pela ditadura"}]},{"@type":"WebSite","@id":"https:\/\/jornalfatosenoticias.com.br\/#website","url":"https:\/\/jornalfatosenoticias.com.br\/","name":"Jornal Fatos e Not\u00edcias","description":"Not\u00edcias em geral","publisher":{"@id":"https:\/\/jornalfatosenoticias.com.br\/#organization"},"potentialAction":[{"@type":"SearchAction","target":{"@type":"EntryPoint","urlTemplate":"https:\/\/jornalfatosenoticias.com.br\/?s={search_term_string}"},"query-input":{"@type":"PropertyValueSpecification","valueRequired":true,"valueName":"search_term_string"}}],"inLanguage":"pt-BR"},{"@type":"Organization","@id":"https:\/\/jornalfatosenoticias.com.br\/#organization","name":"Jornal Fatos e Not\u00edcias","url":"https:\/\/jornalfatosenoticias.com.br\/","logo":{"@type":"ImageObject","inLanguage":"pt-BR","@id":"https:\/\/jornalfatosenoticias.com.br\/#\/schema\/logo\/image\/","url":"https:\/\/jornalfatosenoticias.com.br\/wp-content\/uploads\/2020\/02\/logo120.png","contentUrl":"https:\/\/jornalfatosenoticias.com.br\/wp-content\/uploads\/2020\/02\/logo120.png","width":1227,"height":120,"caption":"Jornal Fatos e Not\u00edcias"},"image":{"@id":"https:\/\/jornalfatosenoticias.com.br\/#\/schema\/logo\/image\/"}},{"@type":"Person","@id":"https:\/\/jornalfatosenoticias.com.br\/#\/schema\/person\/d63837fa13ac8666eb9e74e0985d6f81","name":"Luzimara Fernandes","image":{"@type":"ImageObject","inLanguage":"pt-BR","@id":"https:\/\/jornalfatosenoticias.com.br\/#\/schema\/person\/image\/","url":"https:\/\/jornalfatosenoticias.com.br\/wp-content\/uploads\/2025\/05\/EU_portal.jpg","contentUrl":"https:\/\/jornalfatosenoticias.com.br\/wp-content\/uploads\/2025\/05\/EU_portal.jpg","caption":"Luzimara Fernandes"},"description":"Jornalista MTB 2358-ES","sameAs":["https:\/\/jornalfatosenoticias.com.br"],"url":"https:\/\/jornalfatosenoticias.com.br\/index.php\/author\/luzimara\/"}]}},"cc_featured_image_caption":{"caption_text":"(Foto: Reuters)","source_text":"","source_url":""},"jetpack_featured_media_url":"https:\/\/jornalfatosenoticias.com.br\/wp-content\/uploads\/2024\/01\/homenagens-fidel-castro.jpg","_links":{"self":[{"href":"https:\/\/jornalfatosenoticias.com.br\/index.php\/wp-json\/wp\/v2\/posts\/48905","targetHints":{"allow":["GET"]}}],"collection":[{"href":"https:\/\/jornalfatosenoticias.com.br\/index.php\/wp-json\/wp\/v2\/posts"}],"about":[{"href":"https:\/\/jornalfatosenoticias.com.br\/index.php\/wp-json\/wp\/v2\/types\/post"}],"author":[{"embeddable":true,"href":"https:\/\/jornalfatosenoticias.com.br\/index.php\/wp-json\/wp\/v2\/users\/2"}],"replies":[{"embeddable":true,"href":"https:\/\/jornalfatosenoticias.com.br\/index.php\/wp-json\/wp\/v2\/comments?post=48905"}],"version-history":[{"count":0,"href":"https:\/\/jornalfatosenoticias.com.br\/index.php\/wp-json\/wp\/v2\/posts\/48905\/revisions"}],"wp:featuredmedia":[{"embeddable":true,"href":"https:\/\/jornalfatosenoticias.com.br\/index.php\/wp-json\/wp\/v2\/media\/48906"}],"wp:attachment":[{"href":"https:\/\/jornalfatosenoticias.com.br\/index.php\/wp-json\/wp\/v2\/media?parent=48905"}],"wp:term":[{"taxonomy":"category","embeddable":true,"href":"https:\/\/jornalfatosenoticias.com.br\/index.php\/wp-json\/wp\/v2\/categories?post=48905"},{"taxonomy":"post_tag","embeddable":true,"href":"https:\/\/jornalfatosenoticias.com.br\/index.php\/wp-json\/wp\/v2\/tags?post=48905"}],"curies":[{"name":"wp","href":"https:\/\/api.w.org\/{rel}","templated":true}]}}