{"id":48911,"date":"2024-01-31T16:05:12","date_gmt":"2024-01-31T19:05:12","guid":{"rendered":"https:\/\/jornalfatosenoticias.com.br\/?p=48911"},"modified":"2024-01-31T16:05:16","modified_gmt":"2024-01-31T19:05:16","slug":"cientistas-filmam-pela-1a-vez-grande-tubarao-branco-recem-nascido","status":"publish","type":"post","link":"https:\/\/jornalfatosenoticias.com.br\/index.php\/2024\/01\/31\/cientistas-filmam-pela-1a-vez-grande-tubarao-branco-recem-nascido\/","title":{"rendered":"Cientistas filmam pela 1\u00aa vez grande tubar\u00e3o-branco rec\u00e9m-nascido"},"content":{"rendered":"\n<p><em><span class=\"has-inline-color has-black-color\">Registro abre portas para uma compreens\u00e3o mais profunda dos ciclos reprodutivos do tubar\u00e3o-branco; confira o v\u00eddeo<\/span><\/em><\/p>\n\n\n\n<p><span class=\"has-inline-color has-black-color\">Por <strong><a href=\"https:\/\/gizmodo.uol.com.br\/author\/gabriel-andrade\/\">Gabriel Andrade<\/a><\/strong><\/span><\/p>\n\n\n\n<div class=\"wp-block-image\"><figure class=\"aligncenter size-large\"><img loading=\"lazy\" decoding=\"async\" width=\"1024\" height=\"100\" src=\"https:\/\/jornalfatosenoticias.com.br\/wp-content\/uploads\/2020\/02\/banner_ferramentas-1024x100.jpg\" alt=\"\" class=\"wp-image-1258\" srcset=\"https:\/\/jornalfatosenoticias.com.br\/wp-content\/uploads\/2020\/02\/banner_ferramentas-1024x100.jpg 1024w, https:\/\/jornalfatosenoticias.com.br\/wp-content\/uploads\/2020\/02\/banner_ferramentas-300x29.jpg 300w, https:\/\/jornalfatosenoticias.com.br\/wp-content\/uploads\/2020\/02\/banner_ferramentas-768x75.jpg 768w, https:\/\/jornalfatosenoticias.com.br\/wp-content\/uploads\/2020\/02\/banner_ferramentas.jpg 1227w\" sizes=\"auto, (max-width: 1024px) 100vw, 1024px\" \/><\/figure><\/div>\n\n\n\n<p>Imagens capturadas na costa sul da Calif\u00f3rnia, nos Estados Unidos, revelaram o primeiro registro de um filhote de tubar\u00e3o-branco na natureza. A revista cient\u00edfica <em><a href=\"https:\/\/link.springer.com\/article\/10.1007\/s10641-024-01512-7\" target=\"_blank\" rel=\"noreferrer noopener\">Environmental Biology of Fishes<\/a><\/em> documentou as observa\u00e7\u00f5es do animal.<br>O tubar\u00e3o-branco, com 1,5 metro de comprimento, foi avistado em 9 de julho de 2023, a 400 metros da costa da cidade de Carpinteria. Carlos Gauna, um <a href=\"https:\/\/gizmodo.uol.com.br\/518-anos-tubarao-raro-tao-velho-quanto-o-brasil-foi-visto-no-caribe\/\">cineasta de vida selvagem<\/a>, e Phillip Sternes, um estudante de doutorado do departamento de biologia da Universidade da Calif\u00f3rnia, captaram as imagens.<br>A dupla fazia imagens a\u00e9reas da regi\u00e3o quando uma colora\u00e7\u00e3o p\u00e1lida e o tamanho fora do comum imediatamente chamaram a aten\u00e7\u00e3o dos pesquisadores. Ao examinar cuidadosamente as imagens e v\u00eddeos capturados pelo drone, Gauna e Sternes notaram uma fina pel\u00edcula branca se desprendendo do tubar\u00e3o \u00e0 medida que nadava.<br>Como resultado, os pesquisadores entenderam que provavelmente isso se tratava do filhote rec\u00e9m-nascido se livrando de sua camada embrion\u00e1ria. O tubar\u00e3o-branco \u00e9 uma esp\u00e9cie de grande lamniforme que pode ser encontrada nas \u00e1guas superficiais costeiras de todos os principais oceanos. Ele chama aten\u00e7\u00e3o pelo seu tamanho, j\u00e1 que indiv\u00edduos do sexo feminino podem crescer at\u00e9 6,1 metros.<\/p>\n\n\n\n<div class=\"wp-block-image\"><figure class=\"aligncenter size-large is-resized\"><img loading=\"lazy\" decoding=\"async\" src=\"https:\/\/jornalfatosenoticias.com.br\/wp-content\/uploads\/2024\/01\/consultoria-ambiental.jpg\" alt=\"\" class=\"wp-image-48314\" width=\"362\" height=\"327\" srcset=\"https:\/\/jornalfatosenoticias.com.br\/wp-content\/uploads\/2024\/01\/consultoria-ambiental.jpg 832w, https:\/\/jornalfatosenoticias.com.br\/wp-content\/uploads\/2024\/01\/consultoria-ambiental-300x272.jpg 300w, https:\/\/jornalfatosenoticias.com.br\/wp-content\/uploads\/2024\/01\/consultoria-ambiental-768x696.jpg 768w\" sizes=\"auto, (max-width: 362px) 100vw, 362px\" \/><\/figure><\/div>\n\n\n\n<blockquote class=\"wp-block-quote is-layout-flow wp-block-quote-is-layout-flow\"><p><span class=\"has-inline-color has-luminous-vivid-orange-color\">Propomos que a pel\u00edcula esbranqui\u00e7ada que se desprende do corpo \u00e9 composta por subst\u00e2ncias intrauterinas que aderiram ao tubar\u00e3o ainda no \u00fatero da m\u00e3e\u201d, dizem os pesquisadores no artigo. <\/span><\/p><\/blockquote>\n\n\n\n<h3 class=\"wp-block-heading\"><span class=\"has-inline-color has-black-color\">Confira o v\u00eddeo:<\/span><\/h3>\n\n\n\n<figure class=\"wp-block-video\"><video controls src=\"https:\/\/gizmodo.uol.com.br\/wp-content\/blogs.dir\/8\/files\/2024\/01\/great-white-shark-baby.mp4?_=1\"><\/video><\/figure>\n\n\n\n<p><strong><span class=\"has-inline-color has-vivid-green-cyan-color\">Import\u00e2ncia do registro in\u00e9dito do tubar\u00e3o<br><\/span><\/strong>A comunidade cient\u00edfica ficou empolgada com essa descoberta sem precedentes. Isso porque cientistas nunca haviam observado um filhote de tubar\u00e3o branco na natureza.<\/p>\n\n\n\n<div class=\"wp-block-image\"><figure class=\"aligncenter size-large\"><img decoding=\"async\" src=\"https:\/\/jornalfatosenoticias.com.br\/wp-content\/uploads\/2020\/02\/barao-das-carnes-300x164-1.jpg\" alt=\"\" class=\"wp-image-34339\"\/><\/figure><\/div>\n\n\n\n<blockquote class=\"wp-block-quote is-layout-flow wp-block-quote-is-layout-flow\"><p><span class=\"has-inline-color has-luminous-vivid-orange-color\">O local de nascimento dos tubar\u00f5es-brancos \u00e9 um dos santos graais da ci\u00eancia dos tubar\u00f5es. Ningu\u00e9m nunca foi capaz de determinar onde eles nascem, nem ningu\u00e9m viu um filhote de tubar\u00e3o vivo\u201d, expressou Gauna.<\/span><\/p><\/blockquote>\n\n\n\n<div class=\"wp-block-image\"><figure class=\"aligncenter size-large is-resized\"><img loading=\"lazy\" decoding=\"async\" src=\"https:\/\/jornalfatosenoticias.com.br\/wp-content\/uploads\/2020\/02\/logo-Rapuzel-1024x571.jpg\" alt=\"\" class=\"wp-image-42808\" width=\"363\" height=\"202\" srcset=\"https:\/\/jornalfatosenoticias.com.br\/wp-content\/uploads\/2020\/02\/logo-Rapuzel-1024x571.jpg 1024w, https:\/\/jornalfatosenoticias.com.br\/wp-content\/uploads\/2020\/02\/logo-Rapuzel-300x167.jpg 300w, https:\/\/jornalfatosenoticias.com.br\/wp-content\/uploads\/2020\/02\/logo-Rapuzel-768x428.jpg 768w, https:\/\/jornalfatosenoticias.com.br\/wp-content\/uploads\/2020\/02\/logo-Rapuzel-1536x856.jpg 1536w, https:\/\/jornalfatosenoticias.com.br\/wp-content\/uploads\/2020\/02\/logo-Rapuzel.jpg 1600w\" sizes=\"auto, (max-width: 363px) 100vw, 363px\" \/><\/figure><\/div>\n\n\n\n<p>Al\u00e9m disso, o fato de o filhote de tubar\u00e3o ter sido filmado t\u00e3o perto da costa pode ser significativo porque sua idade significa que provavelmente nasceu em \u00e1guas rasas. Assim, a descoberta abre portas para uma compreens\u00e3o mais profunda dos ciclos reprodutivos dessa esp\u00e9cie amea\u00e7ada.<\/p>\n\n\n\n<div class=\"wp-block-image\"><figure class=\"aligncenter size-large is-resized\"><img loading=\"lazy\" decoding=\"async\" src=\"https:\/\/jornalfatosenoticias.com.br\/wp-content\/uploads\/2023\/03\/logo-Panper_portal.jpg\" alt=\"\" class=\"wp-image-40208\" width=\"321\" height=\"222\" srcset=\"https:\/\/jornalfatosenoticias.com.br\/wp-content\/uploads\/2023\/03\/logo-Panper_portal.jpg 400w, https:\/\/jornalfatosenoticias.com.br\/wp-content\/uploads\/2023\/03\/logo-Panper_portal-300x208.jpg 300w\" sizes=\"auto, (max-width: 321px) 100vw, 321px\" \/><\/figure><\/div>\n\n\n\n<p>O estudo ainda destaca a import\u00e2ncia de proteger essas \u00e1reas vitais para o desenvolvimento dos tubar\u00f5es-brancos. J\u00e1 que a esp\u00e9cie tem sofrido com as <a href=\"https:\/\/gizmodo.uol.com.br\/el-nino-nao-causou-seca-recorde-amazonia\/\">mudan\u00e7as clim\u00e1ticas<\/a>.<\/p>\n\n\n\n<p><em><span class=\"has-inline-color has-black-color\">(<strong>Foto: <\/strong>Environmental Biology of Fishes\/Reprodu\u00e7\u00e3o)<\/span><\/em><\/p>\n\n\n\n<p><strong><em>Fonte: <a href=\"https:\/\/gizmodo.uol.com.br\/cientistas-filmam-pela-1a-vez-grande-tubarao-branco-recem-nascido\/\">Giz Brasil<\/a><\/em><\/strong><\/p>\n","protected":false},"excerpt":{"rendered":"<p>Registro abre portas para uma compreens\u00e3o mais profunda dos ciclos reprodutivos do tubar\u00e3o-branco; confira o v\u00eddeo Por Gabriel Andrade Imagens capturadas na costa sul da Calif\u00f3rnia, nos Estados Unidos, revelaram o primeiro registro de um filhote de tubar\u00e3o-branco na natureza. A revista cient\u00edfica Environmental Biology of Fishes documentou as observa\u00e7\u00f5es do animal.O tubar\u00e3o-branco, com 1,5 [&hellip;]<\/p>\n","protected":false},"author":2,"featured_media":48912,"comment_status":"open","ping_status":"open","sticky":false,"template":"","format":"standard","meta":{"footnotes":""},"categories":[8],"tags":[1264,159,213,3015,15707,879],"class_list":["post-48911","post","type-post","status-publish","format-standard","has-post-thumbnail","hentry","category-meio-ambiente","tag-animais","tag-eua","tag-filhote","tag-tubarao","tag-tubarao-branco","tag-videos"],"yoast_head":"<!-- This site is optimized with the Yoast SEO plugin v26.5 - https:\/\/yoast.com\/wordpress\/plugins\/seo\/ -->\n<title>Cientistas filmam pela 1\u00aa vez grande tubar\u00e3o-branco rec\u00e9m-nascido - Jornal Fatos e Not\u00edcias<\/title>\n<meta name=\"robots\" content=\"index, follow, max-snippet:-1, max-image-preview:large, max-video-preview:-1\" \/>\n<link rel=\"canonical\" href=\"https:\/\/jornalfatosenoticias.com.br\/index.php\/2024\/01\/31\/cientistas-filmam-pela-1a-vez-grande-tubarao-branco-recem-nascido\/\" \/>\n<meta property=\"og:locale\" content=\"pt_BR\" \/>\n<meta property=\"og:type\" content=\"article\" \/>\n<meta property=\"og:title\" content=\"Cientistas filmam pela 1\u00aa vez grande tubar\u00e3o-branco rec\u00e9m-nascido - Jornal Fatos e Not\u00edcias\" \/>\n<meta property=\"og:description\" content=\"Registro abre portas para uma compreens\u00e3o mais profunda dos ciclos reprodutivos do tubar\u00e3o-branco; confira o v\u00eddeo Por Gabriel Andrade Imagens capturadas na costa sul da Calif\u00f3rnia, nos Estados Unidos, revelaram o primeiro registro de um filhote de tubar\u00e3o-branco na natureza. A revista cient\u00edfica Environmental Biology of Fishes documentou as observa\u00e7\u00f5es do animal.O tubar\u00e3o-branco, com 1,5 [&hellip;]\" \/>\n<meta property=\"og:url\" content=\"https:\/\/jornalfatosenoticias.com.br\/index.php\/2024\/01\/31\/cientistas-filmam-pela-1a-vez-grande-tubarao-branco-recem-nascido\/\" \/>\n<meta property=\"og:site_name\" content=\"Jornal Fatos e Not\u00edcias\" \/>\n<meta property=\"article:published_time\" content=\"2024-01-31T19:05:12+00:00\" \/>\n<meta property=\"article:modified_time\" content=\"2024-01-31T19:05:16+00:00\" \/>\n<meta property=\"og:image\" content=\"https:\/\/jornalfatosenoticias.com.br\/wp-content\/uploads\/2024\/01\/filhote-tubarao-branco.jpg\" \/>\n\t<meta property=\"og:image:width\" content=\"1000\" \/>\n\t<meta property=\"og:image:height\" content=\"562\" \/>\n\t<meta property=\"og:image:type\" content=\"image\/jpeg\" \/>\n<meta name=\"author\" content=\"Luzimara Fernandes\" \/>\n<meta name=\"twitter:card\" content=\"summary_large_image\" \/>\n<meta name=\"twitter:label1\" content=\"Escrito por\" \/>\n\t<meta name=\"twitter:data1\" content=\"Luzimara Fernandes\" \/>\n\t<meta name=\"twitter:label2\" content=\"Est. tempo de leitura\" \/>\n\t<meta name=\"twitter:data2\" content=\"2 minutos\" \/>\n<script type=\"application\/ld+json\" class=\"yoast-schema-graph\">{\"@context\":\"https:\/\/schema.org\",\"@graph\":[{\"@type\":\"Article\",\"@id\":\"https:\/\/jornalfatosenoticias.com.br\/index.php\/2024\/01\/31\/cientistas-filmam-pela-1a-vez-grande-tubarao-branco-recem-nascido\/#article\",\"isPartOf\":{\"@id\":\"https:\/\/jornalfatosenoticias.com.br\/index.php\/2024\/01\/31\/cientistas-filmam-pela-1a-vez-grande-tubarao-branco-recem-nascido\/\"},\"author\":{\"name\":\"Luzimara Fernandes\",\"@id\":\"https:\/\/jornalfatosenoticias.com.br\/#\/schema\/person\/d63837fa13ac8666eb9e74e0985d6f81\"},\"headline\":\"Cientistas filmam pela 1\u00aa vez grande tubar\u00e3o-branco rec\u00e9m-nascido\",\"datePublished\":\"2024-01-31T19:05:12+00:00\",\"dateModified\":\"2024-01-31T19:05:16+00:00\",\"mainEntityOfPage\":{\"@id\":\"https:\/\/jornalfatosenoticias.com.br\/index.php\/2024\/01\/31\/cientistas-filmam-pela-1a-vez-grande-tubarao-branco-recem-nascido\/\"},\"wordCount\":434,\"commentCount\":0,\"publisher\":{\"@id\":\"https:\/\/jornalfatosenoticias.com.br\/#organization\"},\"image\":{\"@id\":\"https:\/\/jornalfatosenoticias.com.br\/index.php\/2024\/01\/31\/cientistas-filmam-pela-1a-vez-grande-tubarao-branco-recem-nascido\/#primaryimage\"},\"thumbnailUrl\":\"https:\/\/jornalfatosenoticias.com.br\/wp-content\/uploads\/2024\/01\/filhote-tubarao-branco.jpg\",\"keywords\":[\"animais\",\"EUA\",\"filhote\",\"tubar\u00e3o\",\"tubar\u00e3o-branco\",\"v\u00eddeos\"],\"articleSection\":[\"Meio ambiente\"],\"inLanguage\":\"pt-BR\",\"potentialAction\":[{\"@type\":\"CommentAction\",\"name\":\"Comment\",\"target\":[\"https:\/\/jornalfatosenoticias.com.br\/index.php\/2024\/01\/31\/cientistas-filmam-pela-1a-vez-grande-tubarao-branco-recem-nascido\/#respond\"]}]},{\"@type\":\"WebPage\",\"@id\":\"https:\/\/jornalfatosenoticias.com.br\/index.php\/2024\/01\/31\/cientistas-filmam-pela-1a-vez-grande-tubarao-branco-recem-nascido\/\",\"url\":\"https:\/\/jornalfatosenoticias.com.br\/index.php\/2024\/01\/31\/cientistas-filmam-pela-1a-vez-grande-tubarao-branco-recem-nascido\/\",\"name\":\"Cientistas filmam pela 1\u00aa vez grande tubar\u00e3o-branco rec\u00e9m-nascido - Jornal Fatos e Not\u00edcias\",\"isPartOf\":{\"@id\":\"https:\/\/jornalfatosenoticias.com.br\/#website\"},\"primaryImageOfPage\":{\"@id\":\"https:\/\/jornalfatosenoticias.com.br\/index.php\/2024\/01\/31\/cientistas-filmam-pela-1a-vez-grande-tubarao-branco-recem-nascido\/#primaryimage\"},\"image\":{\"@id\":\"https:\/\/jornalfatosenoticias.com.br\/index.php\/2024\/01\/31\/cientistas-filmam-pela-1a-vez-grande-tubarao-branco-recem-nascido\/#primaryimage\"},\"thumbnailUrl\":\"https:\/\/jornalfatosenoticias.com.br\/wp-content\/uploads\/2024\/01\/filhote-tubarao-branco.jpg\",\"datePublished\":\"2024-01-31T19:05:12+00:00\",\"dateModified\":\"2024-01-31T19:05:16+00:00\",\"breadcrumb\":{\"@id\":\"https:\/\/jornalfatosenoticias.com.br\/index.php\/2024\/01\/31\/cientistas-filmam-pela-1a-vez-grande-tubarao-branco-recem-nascido\/#breadcrumb\"},\"inLanguage\":\"pt-BR\",\"potentialAction\":[{\"@type\":\"ReadAction\",\"target\":[\"https:\/\/jornalfatosenoticias.com.br\/index.php\/2024\/01\/31\/cientistas-filmam-pela-1a-vez-grande-tubarao-branco-recem-nascido\/\"]}]},{\"@type\":\"ImageObject\",\"inLanguage\":\"pt-BR\",\"@id\":\"https:\/\/jornalfatosenoticias.com.br\/index.php\/2024\/01\/31\/cientistas-filmam-pela-1a-vez-grande-tubarao-branco-recem-nascido\/#primaryimage\",\"url\":\"https:\/\/jornalfatosenoticias.com.br\/wp-content\/uploads\/2024\/01\/filhote-tubarao-branco.jpg\",\"contentUrl\":\"https:\/\/jornalfatosenoticias.com.br\/wp-content\/uploads\/2024\/01\/filhote-tubarao-branco.jpg\",\"width\":1000,\"height\":562},{\"@type\":\"BreadcrumbList\",\"@id\":\"https:\/\/jornalfatosenoticias.com.br\/index.php\/2024\/01\/31\/cientistas-filmam-pela-1a-vez-grande-tubarao-branco-recem-nascido\/#breadcrumb\",\"itemListElement\":[{\"@type\":\"ListItem\",\"position\":1,\"name\":\"In\u00edcio\",\"item\":\"https:\/\/jornalfatosenoticias.com.br\/\"},{\"@type\":\"ListItem\",\"position\":2,\"name\":\"Cientistas filmam pela 1\u00aa vez grande tubar\u00e3o-branco rec\u00e9m-nascido\"}]},{\"@type\":\"WebSite\",\"@id\":\"https:\/\/jornalfatosenoticias.com.br\/#website\",\"url\":\"https:\/\/jornalfatosenoticias.com.br\/\",\"name\":\"Jornal Fatos e Not\u00edcias\",\"description\":\"Not\u00edcias em geral\",\"publisher\":{\"@id\":\"https:\/\/jornalfatosenoticias.com.br\/#organization\"},\"potentialAction\":[{\"@type\":\"SearchAction\",\"target\":{\"@type\":\"EntryPoint\",\"urlTemplate\":\"https:\/\/jornalfatosenoticias.com.br\/?s={search_term_string}\"},\"query-input\":{\"@type\":\"PropertyValueSpecification\",\"valueRequired\":true,\"valueName\":\"search_term_string\"}}],\"inLanguage\":\"pt-BR\"},{\"@type\":\"Organization\",\"@id\":\"https:\/\/jornalfatosenoticias.com.br\/#organization\",\"name\":\"Jornal Fatos e Not\u00edcias\",\"url\":\"https:\/\/jornalfatosenoticias.com.br\/\",\"logo\":{\"@type\":\"ImageObject\",\"inLanguage\":\"pt-BR\",\"@id\":\"https:\/\/jornalfatosenoticias.com.br\/#\/schema\/logo\/image\/\",\"url\":\"https:\/\/jornalfatosenoticias.com.br\/wp-content\/uploads\/2020\/02\/logo120.png\",\"contentUrl\":\"https:\/\/jornalfatosenoticias.com.br\/wp-content\/uploads\/2020\/02\/logo120.png\",\"width\":1227,\"height\":120,\"caption\":\"Jornal Fatos e Not\u00edcias\"},\"image\":{\"@id\":\"https:\/\/jornalfatosenoticias.com.br\/#\/schema\/logo\/image\/\"}},{\"@type\":\"Person\",\"@id\":\"https:\/\/jornalfatosenoticias.com.br\/#\/schema\/person\/d63837fa13ac8666eb9e74e0985d6f81\",\"name\":\"Luzimara Fernandes\",\"image\":{\"@type\":\"ImageObject\",\"inLanguage\":\"pt-BR\",\"@id\":\"https:\/\/jornalfatosenoticias.com.br\/#\/schema\/person\/image\/\",\"url\":\"https:\/\/jornalfatosenoticias.com.br\/wp-content\/uploads\/2025\/05\/EU_portal.jpg\",\"contentUrl\":\"https:\/\/jornalfatosenoticias.com.br\/wp-content\/uploads\/2025\/05\/EU_portal.jpg\",\"caption\":\"Luzimara Fernandes\"},\"description\":\"Jornalista MTB 2358-ES\",\"sameAs\":[\"https:\/\/jornalfatosenoticias.com.br\"],\"url\":\"https:\/\/jornalfatosenoticias.com.br\/index.php\/author\/luzimara\/\"}]}<\/script>\n<!-- \/ Yoast SEO plugin. -->","yoast_head_json":{"title":"Cientistas filmam pela 1\u00aa vez grande tubar\u00e3o-branco rec\u00e9m-nascido - Jornal Fatos e Not\u00edcias","robots":{"index":"index","follow":"follow","max-snippet":"max-snippet:-1","max-image-preview":"max-image-preview:large","max-video-preview":"max-video-preview:-1"},"canonical":"https:\/\/jornalfatosenoticias.com.br\/index.php\/2024\/01\/31\/cientistas-filmam-pela-1a-vez-grande-tubarao-branco-recem-nascido\/","og_locale":"pt_BR","og_type":"article","og_title":"Cientistas filmam pela 1\u00aa vez grande tubar\u00e3o-branco rec\u00e9m-nascido - Jornal Fatos e Not\u00edcias","og_description":"Registro abre portas para uma compreens\u00e3o mais profunda dos ciclos reprodutivos do tubar\u00e3o-branco; confira o v\u00eddeo Por Gabriel Andrade Imagens capturadas na costa sul da Calif\u00f3rnia, nos Estados Unidos, revelaram o primeiro registro de um filhote de tubar\u00e3o-branco na natureza. A revista cient\u00edfica Environmental Biology of Fishes documentou as observa\u00e7\u00f5es do animal.O tubar\u00e3o-branco, com 1,5 [&hellip;]","og_url":"https:\/\/jornalfatosenoticias.com.br\/index.php\/2024\/01\/31\/cientistas-filmam-pela-1a-vez-grande-tubarao-branco-recem-nascido\/","og_site_name":"Jornal Fatos e Not\u00edcias","article_published_time":"2024-01-31T19:05:12+00:00","article_modified_time":"2024-01-31T19:05:16+00:00","og_image":[{"width":1000,"height":562,"url":"https:\/\/jornalfatosenoticias.com.br\/wp-content\/uploads\/2024\/01\/filhote-tubarao-branco.jpg","type":"image\/jpeg"}],"author":"Luzimara Fernandes","twitter_card":"summary_large_image","twitter_misc":{"Escrito por":"Luzimara Fernandes","Est. tempo de leitura":"2 minutos"},"schema":{"@context":"https:\/\/schema.org","@graph":[{"@type":"Article","@id":"https:\/\/jornalfatosenoticias.com.br\/index.php\/2024\/01\/31\/cientistas-filmam-pela-1a-vez-grande-tubarao-branco-recem-nascido\/#article","isPartOf":{"@id":"https:\/\/jornalfatosenoticias.com.br\/index.php\/2024\/01\/31\/cientistas-filmam-pela-1a-vez-grande-tubarao-branco-recem-nascido\/"},"author":{"name":"Luzimara Fernandes","@id":"https:\/\/jornalfatosenoticias.com.br\/#\/schema\/person\/d63837fa13ac8666eb9e74e0985d6f81"},"headline":"Cientistas filmam pela 1\u00aa vez grande tubar\u00e3o-branco rec\u00e9m-nascido","datePublished":"2024-01-31T19:05:12+00:00","dateModified":"2024-01-31T19:05:16+00:00","mainEntityOfPage":{"@id":"https:\/\/jornalfatosenoticias.com.br\/index.php\/2024\/01\/31\/cientistas-filmam-pela-1a-vez-grande-tubarao-branco-recem-nascido\/"},"wordCount":434,"commentCount":0,"publisher":{"@id":"https:\/\/jornalfatosenoticias.com.br\/#organization"},"image":{"@id":"https:\/\/jornalfatosenoticias.com.br\/index.php\/2024\/01\/31\/cientistas-filmam-pela-1a-vez-grande-tubarao-branco-recem-nascido\/#primaryimage"},"thumbnailUrl":"https:\/\/jornalfatosenoticias.com.br\/wp-content\/uploads\/2024\/01\/filhote-tubarao-branco.jpg","keywords":["animais","EUA","filhote","tubar\u00e3o","tubar\u00e3o-branco","v\u00eddeos"],"articleSection":["Meio ambiente"],"inLanguage":"pt-BR","potentialAction":[{"@type":"CommentAction","name":"Comment","target":["https:\/\/jornalfatosenoticias.com.br\/index.php\/2024\/01\/31\/cientistas-filmam-pela-1a-vez-grande-tubarao-branco-recem-nascido\/#respond"]}]},{"@type":"WebPage","@id":"https:\/\/jornalfatosenoticias.com.br\/index.php\/2024\/01\/31\/cientistas-filmam-pela-1a-vez-grande-tubarao-branco-recem-nascido\/","url":"https:\/\/jornalfatosenoticias.com.br\/index.php\/2024\/01\/31\/cientistas-filmam-pela-1a-vez-grande-tubarao-branco-recem-nascido\/","name":"Cientistas filmam pela 1\u00aa vez grande tubar\u00e3o-branco rec\u00e9m-nascido - Jornal Fatos e Not\u00edcias","isPartOf":{"@id":"https:\/\/jornalfatosenoticias.com.br\/#website"},"primaryImageOfPage":{"@id":"https:\/\/jornalfatosenoticias.com.br\/index.php\/2024\/01\/31\/cientistas-filmam-pela-1a-vez-grande-tubarao-branco-recem-nascido\/#primaryimage"},"image":{"@id":"https:\/\/jornalfatosenoticias.com.br\/index.php\/2024\/01\/31\/cientistas-filmam-pela-1a-vez-grande-tubarao-branco-recem-nascido\/#primaryimage"},"thumbnailUrl":"https:\/\/jornalfatosenoticias.com.br\/wp-content\/uploads\/2024\/01\/filhote-tubarao-branco.jpg","datePublished":"2024-01-31T19:05:12+00:00","dateModified":"2024-01-31T19:05:16+00:00","breadcrumb":{"@id":"https:\/\/jornalfatosenoticias.com.br\/index.php\/2024\/01\/31\/cientistas-filmam-pela-1a-vez-grande-tubarao-branco-recem-nascido\/#breadcrumb"},"inLanguage":"pt-BR","potentialAction":[{"@type":"ReadAction","target":["https:\/\/jornalfatosenoticias.com.br\/index.php\/2024\/01\/31\/cientistas-filmam-pela-1a-vez-grande-tubarao-branco-recem-nascido\/"]}]},{"@type":"ImageObject","inLanguage":"pt-BR","@id":"https:\/\/jornalfatosenoticias.com.br\/index.php\/2024\/01\/31\/cientistas-filmam-pela-1a-vez-grande-tubarao-branco-recem-nascido\/#primaryimage","url":"https:\/\/jornalfatosenoticias.com.br\/wp-content\/uploads\/2024\/01\/filhote-tubarao-branco.jpg","contentUrl":"https:\/\/jornalfatosenoticias.com.br\/wp-content\/uploads\/2024\/01\/filhote-tubarao-branco.jpg","width":1000,"height":562},{"@type":"BreadcrumbList","@id":"https:\/\/jornalfatosenoticias.com.br\/index.php\/2024\/01\/31\/cientistas-filmam-pela-1a-vez-grande-tubarao-branco-recem-nascido\/#breadcrumb","itemListElement":[{"@type":"ListItem","position":1,"name":"In\u00edcio","item":"https:\/\/jornalfatosenoticias.com.br\/"},{"@type":"ListItem","position":2,"name":"Cientistas filmam pela 1\u00aa vez grande tubar\u00e3o-branco rec\u00e9m-nascido"}]},{"@type":"WebSite","@id":"https:\/\/jornalfatosenoticias.com.br\/#website","url":"https:\/\/jornalfatosenoticias.com.br\/","name":"Jornal Fatos e Not\u00edcias","description":"Not\u00edcias em geral","publisher":{"@id":"https:\/\/jornalfatosenoticias.com.br\/#organization"},"potentialAction":[{"@type":"SearchAction","target":{"@type":"EntryPoint","urlTemplate":"https:\/\/jornalfatosenoticias.com.br\/?s={search_term_string}"},"query-input":{"@type":"PropertyValueSpecification","valueRequired":true,"valueName":"search_term_string"}}],"inLanguage":"pt-BR"},{"@type":"Organization","@id":"https:\/\/jornalfatosenoticias.com.br\/#organization","name":"Jornal Fatos e Not\u00edcias","url":"https:\/\/jornalfatosenoticias.com.br\/","logo":{"@type":"ImageObject","inLanguage":"pt-BR","@id":"https:\/\/jornalfatosenoticias.com.br\/#\/schema\/logo\/image\/","url":"https:\/\/jornalfatosenoticias.com.br\/wp-content\/uploads\/2020\/02\/logo120.png","contentUrl":"https:\/\/jornalfatosenoticias.com.br\/wp-content\/uploads\/2020\/02\/logo120.png","width":1227,"height":120,"caption":"Jornal Fatos e Not\u00edcias"},"image":{"@id":"https:\/\/jornalfatosenoticias.com.br\/#\/schema\/logo\/image\/"}},{"@type":"Person","@id":"https:\/\/jornalfatosenoticias.com.br\/#\/schema\/person\/d63837fa13ac8666eb9e74e0985d6f81","name":"Luzimara Fernandes","image":{"@type":"ImageObject","inLanguage":"pt-BR","@id":"https:\/\/jornalfatosenoticias.com.br\/#\/schema\/person\/image\/","url":"https:\/\/jornalfatosenoticias.com.br\/wp-content\/uploads\/2025\/05\/EU_portal.jpg","contentUrl":"https:\/\/jornalfatosenoticias.com.br\/wp-content\/uploads\/2025\/05\/EU_portal.jpg","caption":"Luzimara Fernandes"},"description":"Jornalista MTB 2358-ES","sameAs":["https:\/\/jornalfatosenoticias.com.br"],"url":"https:\/\/jornalfatosenoticias.com.br\/index.php\/author\/luzimara\/"}]}},"cc_featured_image_caption":{"caption_text":"","source_text":"","source_url":""},"jetpack_featured_media_url":"https:\/\/jornalfatosenoticias.com.br\/wp-content\/uploads\/2024\/01\/filhote-tubarao-branco.jpg","_links":{"self":[{"href":"https:\/\/jornalfatosenoticias.com.br\/index.php\/wp-json\/wp\/v2\/posts\/48911","targetHints":{"allow":["GET"]}}],"collection":[{"href":"https:\/\/jornalfatosenoticias.com.br\/index.php\/wp-json\/wp\/v2\/posts"}],"about":[{"href":"https:\/\/jornalfatosenoticias.com.br\/index.php\/wp-json\/wp\/v2\/types\/post"}],"author":[{"embeddable":true,"href":"https:\/\/jornalfatosenoticias.com.br\/index.php\/wp-json\/wp\/v2\/users\/2"}],"replies":[{"embeddable":true,"href":"https:\/\/jornalfatosenoticias.com.br\/index.php\/wp-json\/wp\/v2\/comments?post=48911"}],"version-history":[{"count":0,"href":"https:\/\/jornalfatosenoticias.com.br\/index.php\/wp-json\/wp\/v2\/posts\/48911\/revisions"}],"wp:featuredmedia":[{"embeddable":true,"href":"https:\/\/jornalfatosenoticias.com.br\/index.php\/wp-json\/wp\/v2\/media\/48912"}],"wp:attachment":[{"href":"https:\/\/jornalfatosenoticias.com.br\/index.php\/wp-json\/wp\/v2\/media?parent=48911"}],"wp:term":[{"taxonomy":"category","embeddable":true,"href":"https:\/\/jornalfatosenoticias.com.br\/index.php\/wp-json\/wp\/v2\/categories?post=48911"},{"taxonomy":"post_tag","embeddable":true,"href":"https:\/\/jornalfatosenoticias.com.br\/index.php\/wp-json\/wp\/v2\/tags?post=48911"}],"curies":[{"name":"wp","href":"https:\/\/api.w.org\/{rel}","templated":true}]}}