{"id":48917,"date":"2024-01-31T16:43:02","date_gmt":"2024-01-31T19:43:02","guid":{"rendered":"https:\/\/jornalfatosenoticias.com.br\/?p=48917"},"modified":"2024-01-31T16:43:07","modified_gmt":"2024-01-31T19:43:07","slug":"a-cata-de-dinheiro-haddad-faz-cruzada-contra-heranca-de-dilma-e-mantega","status":"publish","type":"post","link":"https:\/\/jornalfatosenoticias.com.br\/index.php\/2024\/01\/31\/a-cata-de-dinheiro-haddad-faz-cruzada-contra-heranca-de-dilma-e-mantega\/","title":{"rendered":"\u00c0 cata de dinheiro, Haddad faz cruzada contra heran\u00e7a de Dilma e Mantega"},"content":{"rendered":"\n<p><em><span class=\"has-inline-color has-black-color\">Ministro da Fazenda, Fernando Haddad, participa de evento ao lado da presidente do New Development Bank, Dilma Rousseff (PT), ex-presidente da Rep\u00fablica<\/span><\/em><\/p>\n\n\n\n<p><span class=\"has-inline-color has-black-color\">Por <strong><a href=\"https:\/\/www.gazetadopovo.com.br\/autor\/celio-yano\/\">C\u00e9lio Yano<\/a><\/strong><\/span><\/p>\n\n\n\n<div class=\"wp-block-image\"><figure class=\"aligncenter size-large\"><img loading=\"lazy\" decoding=\"async\" width=\"729\" height=\"90\" src=\"https:\/\/jornalfatosenoticias.com.br\/wp-content\/uploads\/2020\/02\/Logo_Mizu.png\" alt=\"\" class=\"wp-image-1441\" srcset=\"https:\/\/jornalfatosenoticias.com.br\/wp-content\/uploads\/2020\/02\/Logo_Mizu.png 729w, https:\/\/jornalfatosenoticias.com.br\/wp-content\/uploads\/2020\/02\/Logo_Mizu-300x37.png 300w\" sizes=\"auto, (max-width: 729px) 100vw, 729px\" \/><\/figure><\/div>\n\n\n\n<p>A cruzada que o ministro da Fazenda, Fernando Haddad, lan\u00e7ou contra a chamada desonera\u00e7\u00e3o da folha trata-se, a rigor, do combate a um legado &#8220;maldito&#8221; de seu pr\u00f3prio partido, o PT. O benef\u00edcio concedido atualmente a empresas de 17 setores foi criado em 2011 por obra da ent\u00e3o presidente Dilma Rousseff (PT) e de seu ministro da Fazenda, Guido Mantega.<br>A luta de Haddad para acabar com o incentivo fiscal herdado de Dilma e Mantega contrasta com o esfor\u00e7o de Luiz In\u00e1cio Lula da Silva (PT) para reabilitar os dois correligion\u00e1rios. Lula conseguiu emplacar Dilma no comando do New Development Bank, o Banco dos Brics, e recentemente teria tentado al\u00e7ar Mantega \u00e0 presid\u00eancia da Vale, mineradora privatizada h\u00e1 quase tr\u00eas d\u00e9cadas.<br>A justificativa para a desonera\u00e7\u00e3o da folha, quando foi criada, era que a redu\u00e7\u00e3o da carga tribut\u00e1ria empresarial estimularia novas contrata\u00e7\u00f5es, diminuindo as taxas de desemprego e de informalidade no mercado de trabalho. Assim, por meio de medida provis\u00f3ria (MP), posteriormente convertida em lei, foi concedida a permiss\u00e3o para que algumas empresas pagassem al\u00edquotas de 1,5% a 2,5% sobre a receita bruta em vez de 20% sobre a folha salarial como contribui\u00e7\u00e3o previdenci\u00e1ria patronal.<br>Ap\u00f3s sofrer modifica\u00e7\u00f5es e ser prorrogada diversas vezes, a desonera\u00e7\u00e3o da folha tinha previs\u00e3o de acabar no dia 31 de dezembro de 2023. Contra a vontade de Haddad, o senador Efraim Filho (Uni\u00e3o-PB) prop\u00f4s, por meio do Projeto de Lei (PL) 332\/2023, estender a dura\u00e7\u00e3o do benef\u00edcio por mais quatro anos, at\u00e9 o fim de 2027.<\/p>\n\n\n\n<div class=\"wp-block-image\"><figure class=\"aligncenter size-large is-resized\"><img loading=\"lazy\" decoding=\"async\" src=\"https:\/\/jornalfatosenoticias.com.br\/wp-content\/uploads\/2022\/02\/Precisao-Contabilidade-1024x724.jpg\" alt=\"\" class=\"wp-image-28088\" width=\"355\" height=\"251\"\/><\/figure><\/div>\n\n\n\n<h3 class=\"wp-block-heading\"><span class=\"has-inline-color has-black-color\">O benef\u00edcio contempla hoje 17 setores que est\u00e3o entre os que mais empregam no Pa\u00eds:<\/span><\/h3>\n\n\n\n<ol class=\"wp-block-list\"><li>confec\u00e7\u00e3o e vestu\u00e1rio;<\/li><li>cal\u00e7ados;<\/li><li>constru\u00e7\u00e3o civil;<\/li><li>call center;<\/li><li>comunica\u00e7\u00e3o;<\/li><li>empresas de constru\u00e7\u00e3o e obras de infraestrutura;<\/li><li>couro;<\/li><li>fabrica\u00e7\u00e3o de ve\u00edculos e carro\u00e7arias;<\/li><li>m\u00e1quinas e equipamentos;<\/li><li>prote\u00edna animal;<\/li><li>t\u00eaxtil;<\/li><li>tecnologia da informa\u00e7\u00e3o (TI);<\/li><li>tecnologia de comunica\u00e7\u00e3o (TIC);<\/li><li>projeto de circuitos integrados;<\/li><li>transporte metroferrovi\u00e1rio de passageiros;<\/li><li>transporte rodovi\u00e1rio coletivo; e<\/li><li>transporte rodovi\u00e1rio de cargas.<\/li><\/ol>\n\n\n\n<div class=\"wp-block-image\"><figure class=\"aligncenter size-large is-resized\"><img loading=\"lazy\" decoding=\"async\" src=\"https:\/\/jornalfatosenoticias.com.br\/wp-content\/uploads\/2020\/02\/CONTROL-CS.jpg\" alt=\"\" class=\"wp-image-44991\" width=\"366\" height=\"439\" srcset=\"https:\/\/jornalfatosenoticias.com.br\/wp-content\/uploads\/2020\/02\/CONTROL-CS.jpg 834w, https:\/\/jornalfatosenoticias.com.br\/wp-content\/uploads\/2020\/02\/CONTROL-CS-250x300.jpg 250w, https:\/\/jornalfatosenoticias.com.br\/wp-content\/uploads\/2020\/02\/CONTROL-CS-768x921.jpg 768w\" sizes=\"auto, (max-width: 366px) 100vw, 366px\" \/><\/figure><\/div>\n\n\n\n<p>A <strong>Gazeta do Povo<\/strong>, empresa de comunica\u00e7\u00e3o, \u00e9 beneficiada pela desonera\u00e7\u00e3o. No Senado, o senador \u00c2ngelo Coronel (PSD-BA) ainda acrescentou um artigo que reduz de 20% para 8% a contribui\u00e7\u00e3o previdenci\u00e1ria da folha de pagamentos de munic\u00edpios com popula\u00e7\u00e3o inferior a 142,6 mil habitantes. O governo tentou negociar, mas n\u00e3o conseguiu impedir a aprova\u00e7\u00e3o do PL por deputados e senadores, selada no dia 25 de outubro.<\/p>\n\n\n\n<div class=\"wp-block-image\"><figure class=\"aligncenter size-large is-resized\"><img loading=\"lazy\" decoding=\"async\" src=\"https:\/\/jornalfatosenoticias.com.br\/wp-content\/uploads\/2023\/08\/LOGO-BLU-COMERCIAL-PRETO-1024x600.jpg\" alt=\"\" class=\"wp-image-44053\" width=\"370\" height=\"216\"\/><\/figure><\/div>\n\n\n\n<p>Contrariado, o ministro aconselhou Lula a vetar integralmente o texto, sob a justificativa de contrariedade ao interesse p\u00fablico e inconstitucionalidade, uma vez que a proposi\u00e7\u00e3o criaria ren\u00fancia de receita sem apresentar demonstrativo de impacto financeiro para os anos seguintes.<br>O endosso do presidente \u00e0 recomenda\u00e7\u00e3o de Haddad ajudaria na batalha do ministro por elevar a arrecada\u00e7\u00e3o da Uni\u00e3o e buscar a meta de zerar o d\u00e9ficit fiscal em 2024. A desonera\u00e7\u00e3o da folha levou a uma ren\u00fancia fiscal quase R$ 9,4 bilh\u00f5es no ano passado, segundo dados oficiais da Receita Federal. Com a extens\u00e3o do benef\u00edcio para cerca de tr\u00eas mil prefeituras, o impacto dobraria neste ano.<\/p>\n\n\n\n<div class=\"wp-block-image\"><figure class=\"aligncenter size-large is-resized\"><img loading=\"lazy\" decoding=\"async\" src=\"https:\/\/jornalfatosenoticias.com.br\/wp-content\/uploads\/2023\/08\/ITH.jpeg\" alt=\"\" class=\"wp-image-44638\" width=\"362\" height=\"294\" srcset=\"https:\/\/jornalfatosenoticias.com.br\/wp-content\/uploads\/2023\/08\/ITH.jpeg 800w, https:\/\/jornalfatosenoticias.com.br\/wp-content\/uploads\/2023\/08\/ITH-300x244.jpeg 300w, https:\/\/jornalfatosenoticias.com.br\/wp-content\/uploads\/2023\/08\/ITH-768x624.jpeg 768w\" sizes=\"auto, (max-width: 362px) 100vw, 362px\" \/><\/figure><\/div>\n\n\n\n<p>Ap\u00f3s a publica\u00e7\u00e3o do veto presidencial em di\u00e1rio oficial, em 24 de novembro, o titular da Fazenda veio a p\u00fablico defender a decis\u00e3o e disse que apresentaria aos parlamentares uma medida alternativa, que n\u00e3o afetasse demais as empresas, mas garantisse um aumento de receita ao governo.<\/p>\n\n\n\n<div class=\"wp-block-image\"><figure class=\"aligncenter size-large is-resized\"><img loading=\"lazy\" decoding=\"async\" src=\"https:\/\/jornalfatosenoticias.com.br\/wp-content\/uploads\/2023\/09\/vetorvix1024_1.jpg\" alt=\"\" class=\"wp-image-44868\" width=\"539\" height=\"143\" srcset=\"https:\/\/jornalfatosenoticias.com.br\/wp-content\/uploads\/2023\/09\/vetorvix1024_1.jpg 1024w, https:\/\/jornalfatosenoticias.com.br\/wp-content\/uploads\/2023\/09\/vetorvix1024_1-300x80.jpg 300w, https:\/\/jornalfatosenoticias.com.br\/wp-content\/uploads\/2023\/09\/vetorvix1024_1-768x205.jpg 768w\" sizes=\"auto, (max-width: 539px) 100vw, 539px\" \/><\/figure><\/div>\n\n\n\n<p>Na ocasi\u00e3o, ele questionou o argumento de empresas e sindicatos que diziam que o veto levaria ao aumento do desemprego nas \u00e1reas beneficiadas. \u201cFalavam em contrata\u00e7\u00f5es quando foi feita a desonera\u00e7\u00e3o, o que tamb\u00e9m n\u00e3o houve\u201d, disse, rebatendo a tese de Mantega e Dilma \u00e0 \u00e9poca do in\u00edcio da desonera\u00e7\u00e3o.<br>No dia 14 de dezembro, no entanto, o veto de Lula foi derrubado por deputados e senadores. O presidente do Congresso Nacional, senador Rodrigo Pacheco (PSD-MG), defendeu a decis\u00e3o. \u201c[A desonera\u00e7\u00e3o] \u00e9 uma pol\u00edtica que garante\u00a0alta empregabilidade. Estamos num cen\u00e1rio de combate ao desemprego. Na minha opini\u00e3o, considero apropriada a prorroga\u00e7\u00e3o da desonera\u00e7\u00e3o\u201d, disse.<\/p>\n\n\n\n<div class=\"wp-block-image\"><figure class=\"aligncenter size-large is-resized\"><img loading=\"lazy\" decoding=\"async\" src=\"https:\/\/jornalfatosenoticias.com.br\/wp-content\/uploads\/2023\/03\/logo-Panper_portal.jpg\" alt=\"\" class=\"wp-image-40208\" width=\"361\" height=\"250\" srcset=\"https:\/\/jornalfatosenoticias.com.br\/wp-content\/uploads\/2023\/03\/logo-Panper_portal.jpg 400w, https:\/\/jornalfatosenoticias.com.br\/wp-content\/uploads\/2023\/03\/logo-Panper_portal-300x208.jpg 300w\" sizes=\"auto, (max-width: 361px) 100vw, 361px\" \/><\/figure><\/div>\n\n\n\n<p>Mas Haddad n\u00e3o se deu por vencido. Em meio ao recesso parlamentar, no dia 28 de dezembro, o governo publicou a MP 1.202\/2023, que estabelece uma reonera\u00e7\u00e3o gradativa dos setores que contam com o desconto tribut\u00e1rio, em uma atitude vista pela oposi\u00e7\u00e3o como um desrespeito \u00e0 decis\u00e3o do Legislativo.<br>Em janeiro, ap\u00f3s discutir o assunto com Haddad, Pacheco deu declara\u00e7\u00e3o dando a entender que o governo abriria m\u00e3o da reonera\u00e7\u00e3o. \u201cA desonera\u00e7\u00e3o da folha, tendo sido uma lei aprovada pelo Congresso, e com um veto derrubado, ela valer\u00e1. H\u00e1 um compromisso do governo federal de reeditar a MP [medida provis\u00f3ria], retirando a desonera\u00e7\u00e3o do texto\u201d, afirmou o presidente do Senado durante o Brazil Economic Forum, em Zurique, na Su\u00ed\u00e7a.<\/p>\n\n\n\n<div class=\"wp-block-image\"><figure class=\"aligncenter size-large\"><img decoding=\"async\" src=\"https:\/\/jornalfatosenoticias.com.br\/wp-content\/uploads\/2020\/02\/barao-das-carnes-300x164-1.jpg\" alt=\"\" class=\"wp-image-34339\"\/><\/figure><\/div>\n\n\n\n<p>Por\u00e9m, na semana passada, em entrevista ao programa Roda Viva, da TV Cultura, o ministro da Fazenda negou ter desistido da reonera\u00e7\u00e3o e disse que voltar\u00e1 a se reunir com Pacheco e com o presidente da C\u00e2mara dos Deputados, Arthur Lira (PP-AL), para defender a medida.<br>\u201cEu sei que [a reonera\u00e7\u00e3o] est\u00e1 afetando setores sens\u00edveis, que t\u00eam poder muito grande de fazer valer a sua opini\u00e3o. Mas n\u00e3o vamos nos deixar levar por esse tipo de sentimento\u201d, afirmou o ministro. Na entrevista, ele voltou a alegar que a ren\u00fancia tribut\u00e1ria n\u00e3o se reverteu em aumento de contrata\u00e7\u00f5es, como defendem hoje representantes dos setores beneficiados tanto do lado das empresas quanto dos trabalhadores.<\/p>\n\n\n\n<div class=\"wp-block-image\"><figure class=\"aligncenter size-large is-resized\"><img loading=\"lazy\" decoding=\"async\" src=\"https:\/\/jornalfatosenoticias.com.br\/wp-content\/uploads\/2023\/08\/BKR-1024x1021.jpg\" alt=\"\" class=\"wp-image-44494\" width=\"346\" height=\"345\" srcset=\"https:\/\/jornalfatosenoticias.com.br\/wp-content\/uploads\/2023\/08\/BKR-1024x1021.jpg 1024w, https:\/\/jornalfatosenoticias.com.br\/wp-content\/uploads\/2023\/08\/BKR-300x300.jpg 300w, https:\/\/jornalfatosenoticias.com.br\/wp-content\/uploads\/2023\/08\/BKR-150x150.jpg 150w, https:\/\/jornalfatosenoticias.com.br\/wp-content\/uploads\/2023\/08\/BKR-768x766.jpg 768w, https:\/\/jornalfatosenoticias.com.br\/wp-content\/uploads\/2023\/08\/BKR.jpg 1080w\" sizes=\"auto, (max-width: 346px) 100vw, 346px\" \/><\/figure><\/div>\n\n\n\n<blockquote class=\"wp-block-quote is-layout-flow wp-block-quote-is-layout-flow\"><p><span class=\"has-inline-color has-luminous-vivid-orange-color\">De cada dez economistas, pelo menos nove concordam que esses jabutis, esses privil\u00e9gios, precisam ser revistos, at\u00e9 porque a maioria n\u00e3o rendeu aquilo que prometia quando foi inaugurada\u201d, declarou.<\/span><\/p><\/blockquote>\n\n\n\n<div class=\"wp-block-image\"><figure class=\"aligncenter size-large\"><img loading=\"lazy\" decoding=\"async\" width=\"300\" height=\"250\" src=\"https:\/\/jornalfatosenoticias.com.br\/wp-content\/uploads\/2020\/02\/Banner-2.png\" alt=\"\" class=\"wp-image-43787\"\/><\/figure><\/div>\n\n\n\n<p>No dia 18, em conson\u00e2ncia com as declara\u00e7\u00f5es de Haddad, o Minist\u00e9rio da Fazenda publicou um relat\u00f3rio em que classifica a desonera\u00e7\u00e3o de cara e ineficiente. O texto afirma que a pol\u00edtica \u00e9 &#8220;inconstitucional, complexa, pouco transparente, e sem efetividade comprovada&#8221;, e traz declara\u00e7\u00f5es de economistas que apontam problemas no incentivo fiscal.<\/p>\n\n\n\n<div class=\"wp-block-image\"><figure class=\"aligncenter size-large is-resized\"><img loading=\"lazy\" decoding=\"async\" src=\"https:\/\/jornalfatosenoticias.com.br\/wp-content\/uploads\/2023\/12\/pegoretti-logo-pdf-1024x389.jpg\" alt=\"\" class=\"wp-image-47536\" width=\"535\" height=\"203\" srcset=\"https:\/\/jornalfatosenoticias.com.br\/wp-content\/uploads\/2023\/12\/pegoretti-logo-pdf-1024x389.jpg 1024w, https:\/\/jornalfatosenoticias.com.br\/wp-content\/uploads\/2023\/12\/pegoretti-logo-pdf-300x114.jpg 300w, https:\/\/jornalfatosenoticias.com.br\/wp-content\/uploads\/2023\/12\/pegoretti-logo-pdf-768x291.jpg 768w, https:\/\/jornalfatosenoticias.com.br\/wp-content\/uploads\/2023\/12\/pegoretti-logo-pdf.jpg 1120w\" sizes=\"auto, (max-width: 535px) 100vw, 535px\" \/><\/figure><\/div>\n\n\n\n<p><strong><span class=\"has-inline-color has-black-color\">Em 2011, Mantega chegou a defender fim da contribui\u00e7\u00e3o patronal sobre a folha<br><\/span><\/strong>Ent\u00e3o ministro da Fazenda, Guido Mantega chegou a defender em 2011 a possibilidade de at\u00e9 mesmo zerar a contribui\u00e7\u00e3o patronal para a Previd\u00eancia sobre os sal\u00e1rios. \u00c0 \u00e9poca, discutia-se a desonera\u00e7\u00e3o integral em at\u00e9 tr\u00eas anos. \u201cDependendo do caso, a redu\u00e7\u00e3o desse custo trabalhista incentiva a formaliza\u00e7\u00e3o de m\u00e3o de obra ou a contrata\u00e7\u00e3o de mais empregados com carteira assinada\u201d, dizia.<\/p>\n\n\n\n<div class=\"wp-block-image\"><figure class=\"aligncenter size-large\"><img loading=\"lazy\" decoding=\"async\" width=\"300\" height=\"250\" src=\"https:\/\/jornalfatosenoticias.com.br\/wp-content\/uploads\/2022\/02\/FERRARI_MAQUINAS-E-FERRAMENTAS2.jpg\" alt=\"\" class=\"wp-image-27860\"\/><\/figure><\/div>\n\n\n\n<p>O fim da cota patronal n\u00e3o veio, mas, por meio da Medida Provis\u00f3ria (MP) 540\/2011, convertida na Lei 12.546\/2011, a contribui\u00e7\u00e3o, que era de 20% sobre a folha para todos os setores, passou a ser de 1,5% sobre a receita bruta para setores como de cal\u00e7ados, vestu\u00e1rio e couro. Para as empresas de tecnologia da informa\u00e7\u00e3o (TI) e de tecnologia da informa\u00e7\u00e3o e comunica\u00e7\u00e3o (TIC), o porcentual passou a ser de 2,5%.<\/p>\n\n\n\n<div class=\"wp-block-image\"><figure class=\"aligncenter size-large is-resized\"><img loading=\"lazy\" decoding=\"async\" src=\"https:\/\/jornalfatosenoticias.com.br\/wp-content\/uploads\/2020\/02\/nova-logo-Marquetti.jpg\" alt=\"\" class=\"wp-image-22331\" width=\"349\" height=\"234\" srcset=\"https:\/\/jornalfatosenoticias.com.br\/wp-content\/uploads\/2020\/02\/nova-logo-Marquetti.jpg 643w, https:\/\/jornalfatosenoticias.com.br\/wp-content\/uploads\/2020\/02\/nova-logo-Marquetti-300x202.jpg 300w\" sizes=\"auto, (max-width: 349px) 100vw, 349px\" \/><\/figure><\/div>\n\n\n\n<p>Parte do chamado Plano Brasil Maior, que ainda concedeu isen\u00e7\u00e3o tribut\u00e1ria a produtos e estabeleceu regimes fiscais diferenciados, a desonera\u00e7\u00e3o da folha foi, na sequ\u00eancia, ampliada de modo a contemplar cada vez mais empresas. J\u00e1 no ano seguinte, por meio da MP 563\/2012, foram inclu\u00eddos os setores hoteleiro, moveleiro, de autope\u00e7as, naval e a\u00e9reo, al\u00e9m de empresas de call center e de projetos de circuitos integrados.<\/p>\n\n\n\n<div class=\"wp-block-image\"><figure class=\"aligncenter size-large\"><img decoding=\"async\" src=\"https:\/\/jornalfatosenoticias.com.br\/wp-content\/uploads\/2020\/02\/logo_esteio.jpg\" alt=\"\" class=\"wp-image-1214\"\/><\/figure><\/div>\n\n\n\n<p>Em 2014, quando Dilma disputaria a reelei\u00e7\u00e3o, o total de setores beneficiados j\u00e1 estava em 56. No ano seguinte, o sucessor de Mantega na Fazenda, Joaquim Levy, prop\u00f4s a redu\u00e7\u00e3o do desconto, elevando as al\u00edquotas das empresas contempladas. Ele classificou o benef\u00edcio concedido at\u00e9 ent\u00e3o como uma \u201cbrincadeira\u201d que \u201cse mostrou extremamente cara\u201d.<br>Os argumentos de Levy eram semelhantes aos usados hoje por Haddad. \u201cEssa brincadeira [desonera\u00e7\u00e3o da folha] nos custa R$ 25 bilh\u00f5es por ano, e v\u00e1rios estudos nos mostram que isso n\u00e3o tem protegido o emprego. Tem que saber ajustar quando n\u00e3o est\u00e1 dando resultado\u201d, afirmou Levy, na ocasi\u00e3o. \u201cN\u00e3o deu os resultados que se imaginava e se mostrou extremamente caro. A gente n\u00e3o est\u00e1 eliminando, est\u00e1 reduzindo [o benef\u00edcio]\u201d, acrescentou.<br>Na \u00e9poca, o PT j\u00e1 revia sua opini\u00e3o em rela\u00e7\u00e3o \u00e0 desonera\u00e7\u00e3o. Na vota\u00e7\u00e3o da proposta de Levy, o ent\u00e3o l\u00edder do partido no Senado, Humberto Costa (PE), reconheceu o esgotamento das pol\u00edticas petistas antic\u00edclicas, motivo pelo qual dizia ser necess\u00e1rio um \u201cajuste\u201d.<\/p>\n\n\n\n<div class=\"wp-block-image\"><figure class=\"aligncenter size-large is-resized\"><img loading=\"lazy\" decoding=\"async\" src=\"https:\/\/jornalfatosenoticias.com.br\/wp-content\/uploads\/2022\/10\/RC_800x750_page-0001.jpg\" alt=\"\" class=\"wp-image-35338\" width=\"327\" height=\"307\" srcset=\"https:\/\/jornalfatosenoticias.com.br\/wp-content\/uploads\/2022\/10\/RC_800x750_page-0001.jpg 400w, https:\/\/jornalfatosenoticias.com.br\/wp-content\/uploads\/2022\/10\/RC_800x750_page-0001-300x281.jpg 300w\" sizes=\"auto, (max-width: 327px) 100vw, 327px\" \/><\/figure><\/div>\n\n\n\n<blockquote class=\"wp-block-quote is-layout-flow wp-block-quote-is-layout-flow\"><p><span class=\"has-inline-color has-luminous-vivid-orange-color\">Esse \u00e9 o momento em que temos que ter a contribui\u00e7\u00e3o das empresas para esse processo de ajuste. Os trabalhadores j\u00e1 deram a sua cota. Agora \u00e9 a hora de os empres\u00e1rios darem a sua contribui\u00e7\u00e3o\u201d, argumentou.<\/span><\/p><\/blockquote>\n\n\n\n<p><strong><span class=\"has-inline-color has-black-color\">Assim como Lula, Bolsonaro vetou prorroga\u00e7\u00e3o do benef\u00edcio, mas teve veto derrubado<br><\/span><\/strong>Em 2017, o governo de Michel Temer (MDB) defendeu o fim da pol\u00edtica de desonera\u00e7\u00e3o da folha, mas, diante da resist\u00eancia de empres\u00e1rios, prop\u00f4s ao Congresso a limita\u00e7\u00e3o do benef\u00edcio para apenas tr\u00eas setores. No Congresso, no entanto, os parlamentares modificaram o projeto do Executivo, assinado pelo ent\u00e3o ministro da Fazenda, Henrique Meirelles, de modo a fixar em 28 os ramos de atividade econ\u00f4mica contemplados.<\/p>\n\n\n\n<div class=\"wp-block-image\"><figure class=\"aligncenter size-large is-resized\"><img loading=\"lazy\" decoding=\"async\" src=\"https:\/\/jornalfatosenoticias.com.br\/wp-content\/uploads\/2024\/01\/consultoria-ambiental.jpg\" alt=\"\" class=\"wp-image-48314\" width=\"359\" height=\"325\" srcset=\"https:\/\/jornalfatosenoticias.com.br\/wp-content\/uploads\/2024\/01\/consultoria-ambiental.jpg 832w, https:\/\/jornalfatosenoticias.com.br\/wp-content\/uploads\/2024\/01\/consultoria-ambiental-300x272.jpg 300w, https:\/\/jornalfatosenoticias.com.br\/wp-content\/uploads\/2024\/01\/consultoria-ambiental-768x696.jpg 768w\" sizes=\"auto, (max-width: 359px) 100vw, 359px\" \/><\/figure><\/div>\n\n\n\n<p>Na san\u00e7\u00e3o do texto, o ent\u00e3o presidente vetou a manuten\u00e7\u00e3o de 11 deles, consolidando a atual lista de 17 segmentos beneficiados, que teriam desconto na contribui\u00e7\u00e3o previdenci\u00e1ria at\u00e9 dezembro de 2020. Depois, no governo de Jair Bolsonaro (PL), com Paulo Guedes no comando do Minist\u00e9rio da Economia, o benef\u00edcio foi prorrogado duas vezes. Em 2020, o Congresso estendeu o prazo at\u00e9 o fim de 2021. Assim como viria a ocorrer no governo Lula, a medida foi vetada pelo ent\u00e3o presidente, mas o veto foi derrubado por deputados e senadores.<\/p>\n\n\n\n<div class=\"wp-block-image\"><figure class=\"aligncenter size-large is-resized\"><img loading=\"lazy\" decoding=\"async\" src=\"https:\/\/jornalfatosenoticias.com.br\/wp-content\/uploads\/2020\/02\/logo-Rapuzel-1024x571.jpg\" alt=\"\" class=\"wp-image-42808\" width=\"395\" height=\"220\" srcset=\"https:\/\/jornalfatosenoticias.com.br\/wp-content\/uploads\/2020\/02\/logo-Rapuzel-1024x571.jpg 1024w, https:\/\/jornalfatosenoticias.com.br\/wp-content\/uploads\/2020\/02\/logo-Rapuzel-300x167.jpg 300w, https:\/\/jornalfatosenoticias.com.br\/wp-content\/uploads\/2020\/02\/logo-Rapuzel-768x428.jpg 768w, https:\/\/jornalfatosenoticias.com.br\/wp-content\/uploads\/2020\/02\/logo-Rapuzel-1536x856.jpg 1536w, https:\/\/jornalfatosenoticias.com.br\/wp-content\/uploads\/2020\/02\/logo-Rapuzel.jpg 1600w\" sizes=\"auto, (max-width: 395px) 100vw, 395px\" \/><\/figure><\/div>\n\n\n\n<p>No ano seguinte, cedendo a press\u00f5es dos empres\u00e1rios, Guedes concordou em renovar a desonera\u00e7\u00e3o por mais dois anos, estabelecendo o prazo at\u00e9 31 de dezembro de 2023, agora prorrogado por mais quatro anos.<\/p>\n\n\n\n<p><em><span class=\"has-inline-color has-black-color\">(<strong>Foto: <\/strong>Diogo Zacarias\/Minist\u00e9rio da Fazenda)<\/span><\/em><\/p>\n\n\n\n<p><strong><em>Fonte: <a href=\"https:\/\/www.gazetadopovo.com.br\/economia\/desoneracao-a-cata-de-dinheiro-haddad-faz-cruzada-contra-heranca-de-dilma-e-mantega\/\">Gazeta do Povo<\/a><\/em><\/strong><\/p>\n","protected":false},"excerpt":{"rendered":"<p>Ministro da Fazenda, Fernando Haddad, participa de evento ao lado da presidente do New Development Bank, Dilma Rousseff (PT), ex-presidente da Rep\u00fablica Por C\u00e9lio Yano A cruzada que o ministro da Fazenda, Fernando Haddad, lan\u00e7ou contra a chamada desonera\u00e7\u00e3o da folha trata-se, a rigor, do combate a um legado &#8220;maldito&#8221; de seu pr\u00f3prio partido, o [&hellip;]<\/p>\n","protected":false},"author":2,"featured_media":48918,"comment_status":"open","ping_status":"open","sticky":false,"template":"","format":"standard","meta":{"footnotes":""},"categories":[9],"tags":[22710,10543,239,597,982,10224,1971,13991,240,22550,18155,860,22709,22711,1502,545,13186,1404,8580,486],"class_list":["post-48917","post","type-post","status-publish","format-standard","has-post-thumbnail","hentry","category-economia","tag-angelo-coronel","tag-arthur-lira","tag-bolsonaro","tag-brasil","tag-camara-dos-deputados","tag-congresso-nacional","tag-desemprego","tag-dilma-rousseff","tag-economia","tag-efraim-filho","tag-fernando-haddad","tag-governo-federal","tag-lula-mercado-de-trabalho","tag-michel-temer","tag-paulo-guedes","tag-politica","tag-pt","tag-receita-federal","tag-rodrigo-pacheco","tag-senado"],"yoast_head":"<!-- This site is optimized with the Yoast SEO plugin v26.5 - https:\/\/yoast.com\/wordpress\/plugins\/seo\/ -->\n<title>\u00c0 cata de dinheiro, Haddad faz cruzada contra heran\u00e7a de Dilma e Mantega - Jornal Fatos e Not\u00edcias<\/title>\n<meta name=\"robots\" content=\"index, follow, max-snippet:-1, max-image-preview:large, max-video-preview:-1\" \/>\n<link rel=\"canonical\" href=\"https:\/\/jornalfatosenoticias.com.br\/index.php\/2024\/01\/31\/a-cata-de-dinheiro-haddad-faz-cruzada-contra-heranca-de-dilma-e-mantega\/\" \/>\n<meta property=\"og:locale\" content=\"pt_BR\" \/>\n<meta property=\"og:type\" content=\"article\" \/>\n<meta property=\"og:title\" content=\"\u00c0 cata de dinheiro, Haddad faz cruzada contra heran\u00e7a de Dilma e Mantega - Jornal Fatos e Not\u00edcias\" \/>\n<meta property=\"og:description\" content=\"Ministro da Fazenda, Fernando Haddad, participa de evento ao lado da presidente do New Development Bank, Dilma Rousseff (PT), ex-presidente da Rep\u00fablica Por C\u00e9lio Yano A cruzada que o ministro da Fazenda, Fernando Haddad, lan\u00e7ou contra a chamada desonera\u00e7\u00e3o da folha trata-se, a rigor, do combate a um legado &#8220;maldito&#8221; de seu pr\u00f3prio partido, o [&hellip;]\" \/>\n<meta property=\"og:url\" content=\"https:\/\/jornalfatosenoticias.com.br\/index.php\/2024\/01\/31\/a-cata-de-dinheiro-haddad-faz-cruzada-contra-heranca-de-dilma-e-mantega\/\" \/>\n<meta property=\"og:site_name\" content=\"Jornal Fatos e Not\u00edcias\" \/>\n<meta property=\"article:published_time\" content=\"2024-01-31T19:43:02+00:00\" \/>\n<meta property=\"article:modified_time\" content=\"2024-01-31T19:43:07+00:00\" \/>\n<meta property=\"og:image\" content=\"https:\/\/jornalfatosenoticias.com.br\/wp-content\/uploads\/2024\/01\/poste-e-anta.jpg\" \/>\n\t<meta property=\"og:image:width\" content=\"960\" \/>\n\t<meta property=\"og:image:height\" content=\"540\" \/>\n\t<meta property=\"og:image:type\" content=\"image\/jpeg\" \/>\n<meta name=\"author\" content=\"Luzimara Fernandes\" \/>\n<meta name=\"twitter:card\" content=\"summary_large_image\" \/>\n<meta name=\"twitter:label1\" content=\"Escrito por\" \/>\n\t<meta name=\"twitter:data1\" content=\"Luzimara Fernandes\" \/>\n\t<meta name=\"twitter:label2\" content=\"Est. tempo de leitura\" \/>\n\t<meta name=\"twitter:data2\" content=\"9 minutos\" \/>\n<script type=\"application\/ld+json\" class=\"yoast-schema-graph\">{\"@context\":\"https:\/\/schema.org\",\"@graph\":[{\"@type\":\"Article\",\"@id\":\"https:\/\/jornalfatosenoticias.com.br\/index.php\/2024\/01\/31\/a-cata-de-dinheiro-haddad-faz-cruzada-contra-heranca-de-dilma-e-mantega\/#article\",\"isPartOf\":{\"@id\":\"https:\/\/jornalfatosenoticias.com.br\/index.php\/2024\/01\/31\/a-cata-de-dinheiro-haddad-faz-cruzada-contra-heranca-de-dilma-e-mantega\/\"},\"author\":{\"name\":\"Luzimara Fernandes\",\"@id\":\"https:\/\/jornalfatosenoticias.com.br\/#\/schema\/person\/d63837fa13ac8666eb9e74e0985d6f81\"},\"headline\":\"\u00c0 cata de dinheiro, Haddad faz cruzada contra heran\u00e7a de Dilma e Mantega\",\"datePublished\":\"2024-01-31T19:43:02+00:00\",\"dateModified\":\"2024-01-31T19:43:07+00:00\",\"mainEntityOfPage\":{\"@id\":\"https:\/\/jornalfatosenoticias.com.br\/index.php\/2024\/01\/31\/a-cata-de-dinheiro-haddad-faz-cruzada-contra-heranca-de-dilma-e-mantega\/\"},\"wordCount\":1768,\"commentCount\":0,\"publisher\":{\"@id\":\"https:\/\/jornalfatosenoticias.com.br\/#organization\"},\"image\":{\"@id\":\"https:\/\/jornalfatosenoticias.com.br\/index.php\/2024\/01\/31\/a-cata-de-dinheiro-haddad-faz-cruzada-contra-heranca-de-dilma-e-mantega\/#primaryimage\"},\"thumbnailUrl\":\"https:\/\/jornalfatosenoticias.com.br\/wp-content\/uploads\/2024\/01\/poste-e-anta.jpg\",\"keywords\":[\"Angelo Coronel\",\"Arthur Lira\",\"Bolsonaro\",\"Brasil\",\"C\u00e2mara dos Deputados\",\"Congresso Nacional\",\"desemprego\",\"Dilma Rousseff\",\"economia\",\"Efraim Filho\",\"Fernando Haddad\",\"governo federal\",\"Lula Mercado de Trabalho\",\"Michel Temer\",\"Paulo Guedes\",\"pol\u00edtica\",\"PT\",\"Receita Federal\",\"Rodrigo Pacheco\",\"Senado\"],\"articleSection\":[\"Economia\"],\"inLanguage\":\"pt-BR\",\"potentialAction\":[{\"@type\":\"CommentAction\",\"name\":\"Comment\",\"target\":[\"https:\/\/jornalfatosenoticias.com.br\/index.php\/2024\/01\/31\/a-cata-de-dinheiro-haddad-faz-cruzada-contra-heranca-de-dilma-e-mantega\/#respond\"]}]},{\"@type\":\"WebPage\",\"@id\":\"https:\/\/jornalfatosenoticias.com.br\/index.php\/2024\/01\/31\/a-cata-de-dinheiro-haddad-faz-cruzada-contra-heranca-de-dilma-e-mantega\/\",\"url\":\"https:\/\/jornalfatosenoticias.com.br\/index.php\/2024\/01\/31\/a-cata-de-dinheiro-haddad-faz-cruzada-contra-heranca-de-dilma-e-mantega\/\",\"name\":\"\u00c0 cata de dinheiro, Haddad faz cruzada contra heran\u00e7a de Dilma e Mantega - Jornal Fatos e Not\u00edcias\",\"isPartOf\":{\"@id\":\"https:\/\/jornalfatosenoticias.com.br\/#website\"},\"primaryImageOfPage\":{\"@id\":\"https:\/\/jornalfatosenoticias.com.br\/index.php\/2024\/01\/31\/a-cata-de-dinheiro-haddad-faz-cruzada-contra-heranca-de-dilma-e-mantega\/#primaryimage\"},\"image\":{\"@id\":\"https:\/\/jornalfatosenoticias.com.br\/index.php\/2024\/01\/31\/a-cata-de-dinheiro-haddad-faz-cruzada-contra-heranca-de-dilma-e-mantega\/#primaryimage\"},\"thumbnailUrl\":\"https:\/\/jornalfatosenoticias.com.br\/wp-content\/uploads\/2024\/01\/poste-e-anta.jpg\",\"datePublished\":\"2024-01-31T19:43:02+00:00\",\"dateModified\":\"2024-01-31T19:43:07+00:00\",\"breadcrumb\":{\"@id\":\"https:\/\/jornalfatosenoticias.com.br\/index.php\/2024\/01\/31\/a-cata-de-dinheiro-haddad-faz-cruzada-contra-heranca-de-dilma-e-mantega\/#breadcrumb\"},\"inLanguage\":\"pt-BR\",\"potentialAction\":[{\"@type\":\"ReadAction\",\"target\":[\"https:\/\/jornalfatosenoticias.com.br\/index.php\/2024\/01\/31\/a-cata-de-dinheiro-haddad-faz-cruzada-contra-heranca-de-dilma-e-mantega\/\"]}]},{\"@type\":\"ImageObject\",\"inLanguage\":\"pt-BR\",\"@id\":\"https:\/\/jornalfatosenoticias.com.br\/index.php\/2024\/01\/31\/a-cata-de-dinheiro-haddad-faz-cruzada-contra-heranca-de-dilma-e-mantega\/#primaryimage\",\"url\":\"https:\/\/jornalfatosenoticias.com.br\/wp-content\/uploads\/2024\/01\/poste-e-anta.jpg\",\"contentUrl\":\"https:\/\/jornalfatosenoticias.com.br\/wp-content\/uploads\/2024\/01\/poste-e-anta.jpg\",\"width\":960,\"height\":540},{\"@type\":\"BreadcrumbList\",\"@id\":\"https:\/\/jornalfatosenoticias.com.br\/index.php\/2024\/01\/31\/a-cata-de-dinheiro-haddad-faz-cruzada-contra-heranca-de-dilma-e-mantega\/#breadcrumb\",\"itemListElement\":[{\"@type\":\"ListItem\",\"position\":1,\"name\":\"In\u00edcio\",\"item\":\"https:\/\/jornalfatosenoticias.com.br\/\"},{\"@type\":\"ListItem\",\"position\":2,\"name\":\"\u00c0 cata de dinheiro, Haddad faz cruzada contra heran\u00e7a de Dilma e Mantega\"}]},{\"@type\":\"WebSite\",\"@id\":\"https:\/\/jornalfatosenoticias.com.br\/#website\",\"url\":\"https:\/\/jornalfatosenoticias.com.br\/\",\"name\":\"Jornal Fatos e Not\u00edcias\",\"description\":\"Not\u00edcias em geral\",\"publisher\":{\"@id\":\"https:\/\/jornalfatosenoticias.com.br\/#organization\"},\"potentialAction\":[{\"@type\":\"SearchAction\",\"target\":{\"@type\":\"EntryPoint\",\"urlTemplate\":\"https:\/\/jornalfatosenoticias.com.br\/?s={search_term_string}\"},\"query-input\":{\"@type\":\"PropertyValueSpecification\",\"valueRequired\":true,\"valueName\":\"search_term_string\"}}],\"inLanguage\":\"pt-BR\"},{\"@type\":\"Organization\",\"@id\":\"https:\/\/jornalfatosenoticias.com.br\/#organization\",\"name\":\"Jornal Fatos e Not\u00edcias\",\"url\":\"https:\/\/jornalfatosenoticias.com.br\/\",\"logo\":{\"@type\":\"ImageObject\",\"inLanguage\":\"pt-BR\",\"@id\":\"https:\/\/jornalfatosenoticias.com.br\/#\/schema\/logo\/image\/\",\"url\":\"https:\/\/jornalfatosenoticias.com.br\/wp-content\/uploads\/2020\/02\/logo120.png\",\"contentUrl\":\"https:\/\/jornalfatosenoticias.com.br\/wp-content\/uploads\/2020\/02\/logo120.png\",\"width\":1227,\"height\":120,\"caption\":\"Jornal Fatos e Not\u00edcias\"},\"image\":{\"@id\":\"https:\/\/jornalfatosenoticias.com.br\/#\/schema\/logo\/image\/\"}},{\"@type\":\"Person\",\"@id\":\"https:\/\/jornalfatosenoticias.com.br\/#\/schema\/person\/d63837fa13ac8666eb9e74e0985d6f81\",\"name\":\"Luzimara Fernandes\",\"image\":{\"@type\":\"ImageObject\",\"inLanguage\":\"pt-BR\",\"@id\":\"https:\/\/jornalfatosenoticias.com.br\/#\/schema\/person\/image\/\",\"url\":\"https:\/\/jornalfatosenoticias.com.br\/wp-content\/uploads\/2025\/05\/EU_portal.jpg\",\"contentUrl\":\"https:\/\/jornalfatosenoticias.com.br\/wp-content\/uploads\/2025\/05\/EU_portal.jpg\",\"caption\":\"Luzimara Fernandes\"},\"description\":\"Jornalista MTB 2358-ES\",\"sameAs\":[\"https:\/\/jornalfatosenoticias.com.br\"],\"url\":\"https:\/\/jornalfatosenoticias.com.br\/index.php\/author\/luzimara\/\"}]}<\/script>\n<!-- \/ Yoast SEO plugin. -->","yoast_head_json":{"title":"\u00c0 cata de dinheiro, Haddad faz cruzada contra heran\u00e7a de Dilma e Mantega - Jornal Fatos e Not\u00edcias","robots":{"index":"index","follow":"follow","max-snippet":"max-snippet:-1","max-image-preview":"max-image-preview:large","max-video-preview":"max-video-preview:-1"},"canonical":"https:\/\/jornalfatosenoticias.com.br\/index.php\/2024\/01\/31\/a-cata-de-dinheiro-haddad-faz-cruzada-contra-heranca-de-dilma-e-mantega\/","og_locale":"pt_BR","og_type":"article","og_title":"\u00c0 cata de dinheiro, Haddad faz cruzada contra heran\u00e7a de Dilma e Mantega - Jornal Fatos e Not\u00edcias","og_description":"Ministro da Fazenda, Fernando Haddad, participa de evento ao lado da presidente do New Development Bank, Dilma Rousseff (PT), ex-presidente da Rep\u00fablica Por C\u00e9lio Yano A cruzada que o ministro da Fazenda, Fernando Haddad, lan\u00e7ou contra a chamada desonera\u00e7\u00e3o da folha trata-se, a rigor, do combate a um legado &#8220;maldito&#8221; de seu pr\u00f3prio partido, o [&hellip;]","og_url":"https:\/\/jornalfatosenoticias.com.br\/index.php\/2024\/01\/31\/a-cata-de-dinheiro-haddad-faz-cruzada-contra-heranca-de-dilma-e-mantega\/","og_site_name":"Jornal Fatos e Not\u00edcias","article_published_time":"2024-01-31T19:43:02+00:00","article_modified_time":"2024-01-31T19:43:07+00:00","og_image":[{"width":960,"height":540,"url":"https:\/\/jornalfatosenoticias.com.br\/wp-content\/uploads\/2024\/01\/poste-e-anta.jpg","type":"image\/jpeg"}],"author":"Luzimara Fernandes","twitter_card":"summary_large_image","twitter_misc":{"Escrito por":"Luzimara Fernandes","Est. tempo de leitura":"9 minutos"},"schema":{"@context":"https:\/\/schema.org","@graph":[{"@type":"Article","@id":"https:\/\/jornalfatosenoticias.com.br\/index.php\/2024\/01\/31\/a-cata-de-dinheiro-haddad-faz-cruzada-contra-heranca-de-dilma-e-mantega\/#article","isPartOf":{"@id":"https:\/\/jornalfatosenoticias.com.br\/index.php\/2024\/01\/31\/a-cata-de-dinheiro-haddad-faz-cruzada-contra-heranca-de-dilma-e-mantega\/"},"author":{"name":"Luzimara Fernandes","@id":"https:\/\/jornalfatosenoticias.com.br\/#\/schema\/person\/d63837fa13ac8666eb9e74e0985d6f81"},"headline":"\u00c0 cata de dinheiro, Haddad faz cruzada contra heran\u00e7a de Dilma e Mantega","datePublished":"2024-01-31T19:43:02+00:00","dateModified":"2024-01-31T19:43:07+00:00","mainEntityOfPage":{"@id":"https:\/\/jornalfatosenoticias.com.br\/index.php\/2024\/01\/31\/a-cata-de-dinheiro-haddad-faz-cruzada-contra-heranca-de-dilma-e-mantega\/"},"wordCount":1768,"commentCount":0,"publisher":{"@id":"https:\/\/jornalfatosenoticias.com.br\/#organization"},"image":{"@id":"https:\/\/jornalfatosenoticias.com.br\/index.php\/2024\/01\/31\/a-cata-de-dinheiro-haddad-faz-cruzada-contra-heranca-de-dilma-e-mantega\/#primaryimage"},"thumbnailUrl":"https:\/\/jornalfatosenoticias.com.br\/wp-content\/uploads\/2024\/01\/poste-e-anta.jpg","keywords":["Angelo Coronel","Arthur Lira","Bolsonaro","Brasil","C\u00e2mara dos Deputados","Congresso Nacional","desemprego","Dilma Rousseff","economia","Efraim Filho","Fernando Haddad","governo federal","Lula Mercado de Trabalho","Michel Temer","Paulo Guedes","pol\u00edtica","PT","Receita Federal","Rodrigo Pacheco","Senado"],"articleSection":["Economia"],"inLanguage":"pt-BR","potentialAction":[{"@type":"CommentAction","name":"Comment","target":["https:\/\/jornalfatosenoticias.com.br\/index.php\/2024\/01\/31\/a-cata-de-dinheiro-haddad-faz-cruzada-contra-heranca-de-dilma-e-mantega\/#respond"]}]},{"@type":"WebPage","@id":"https:\/\/jornalfatosenoticias.com.br\/index.php\/2024\/01\/31\/a-cata-de-dinheiro-haddad-faz-cruzada-contra-heranca-de-dilma-e-mantega\/","url":"https:\/\/jornalfatosenoticias.com.br\/index.php\/2024\/01\/31\/a-cata-de-dinheiro-haddad-faz-cruzada-contra-heranca-de-dilma-e-mantega\/","name":"\u00c0 cata de dinheiro, Haddad faz cruzada contra heran\u00e7a de Dilma e Mantega - Jornal Fatos e Not\u00edcias","isPartOf":{"@id":"https:\/\/jornalfatosenoticias.com.br\/#website"},"primaryImageOfPage":{"@id":"https:\/\/jornalfatosenoticias.com.br\/index.php\/2024\/01\/31\/a-cata-de-dinheiro-haddad-faz-cruzada-contra-heranca-de-dilma-e-mantega\/#primaryimage"},"image":{"@id":"https:\/\/jornalfatosenoticias.com.br\/index.php\/2024\/01\/31\/a-cata-de-dinheiro-haddad-faz-cruzada-contra-heranca-de-dilma-e-mantega\/#primaryimage"},"thumbnailUrl":"https:\/\/jornalfatosenoticias.com.br\/wp-content\/uploads\/2024\/01\/poste-e-anta.jpg","datePublished":"2024-01-31T19:43:02+00:00","dateModified":"2024-01-31T19:43:07+00:00","breadcrumb":{"@id":"https:\/\/jornalfatosenoticias.com.br\/index.php\/2024\/01\/31\/a-cata-de-dinheiro-haddad-faz-cruzada-contra-heranca-de-dilma-e-mantega\/#breadcrumb"},"inLanguage":"pt-BR","potentialAction":[{"@type":"ReadAction","target":["https:\/\/jornalfatosenoticias.com.br\/index.php\/2024\/01\/31\/a-cata-de-dinheiro-haddad-faz-cruzada-contra-heranca-de-dilma-e-mantega\/"]}]},{"@type":"ImageObject","inLanguage":"pt-BR","@id":"https:\/\/jornalfatosenoticias.com.br\/index.php\/2024\/01\/31\/a-cata-de-dinheiro-haddad-faz-cruzada-contra-heranca-de-dilma-e-mantega\/#primaryimage","url":"https:\/\/jornalfatosenoticias.com.br\/wp-content\/uploads\/2024\/01\/poste-e-anta.jpg","contentUrl":"https:\/\/jornalfatosenoticias.com.br\/wp-content\/uploads\/2024\/01\/poste-e-anta.jpg","width":960,"height":540},{"@type":"BreadcrumbList","@id":"https:\/\/jornalfatosenoticias.com.br\/index.php\/2024\/01\/31\/a-cata-de-dinheiro-haddad-faz-cruzada-contra-heranca-de-dilma-e-mantega\/#breadcrumb","itemListElement":[{"@type":"ListItem","position":1,"name":"In\u00edcio","item":"https:\/\/jornalfatosenoticias.com.br\/"},{"@type":"ListItem","position":2,"name":"\u00c0 cata de dinheiro, Haddad faz cruzada contra heran\u00e7a de Dilma e Mantega"}]},{"@type":"WebSite","@id":"https:\/\/jornalfatosenoticias.com.br\/#website","url":"https:\/\/jornalfatosenoticias.com.br\/","name":"Jornal Fatos e Not\u00edcias","description":"Not\u00edcias em geral","publisher":{"@id":"https:\/\/jornalfatosenoticias.com.br\/#organization"},"potentialAction":[{"@type":"SearchAction","target":{"@type":"EntryPoint","urlTemplate":"https:\/\/jornalfatosenoticias.com.br\/?s={search_term_string}"},"query-input":{"@type":"PropertyValueSpecification","valueRequired":true,"valueName":"search_term_string"}}],"inLanguage":"pt-BR"},{"@type":"Organization","@id":"https:\/\/jornalfatosenoticias.com.br\/#organization","name":"Jornal Fatos e Not\u00edcias","url":"https:\/\/jornalfatosenoticias.com.br\/","logo":{"@type":"ImageObject","inLanguage":"pt-BR","@id":"https:\/\/jornalfatosenoticias.com.br\/#\/schema\/logo\/image\/","url":"https:\/\/jornalfatosenoticias.com.br\/wp-content\/uploads\/2020\/02\/logo120.png","contentUrl":"https:\/\/jornalfatosenoticias.com.br\/wp-content\/uploads\/2020\/02\/logo120.png","width":1227,"height":120,"caption":"Jornal Fatos e Not\u00edcias"},"image":{"@id":"https:\/\/jornalfatosenoticias.com.br\/#\/schema\/logo\/image\/"}},{"@type":"Person","@id":"https:\/\/jornalfatosenoticias.com.br\/#\/schema\/person\/d63837fa13ac8666eb9e74e0985d6f81","name":"Luzimara Fernandes","image":{"@type":"ImageObject","inLanguage":"pt-BR","@id":"https:\/\/jornalfatosenoticias.com.br\/#\/schema\/person\/image\/","url":"https:\/\/jornalfatosenoticias.com.br\/wp-content\/uploads\/2025\/05\/EU_portal.jpg","contentUrl":"https:\/\/jornalfatosenoticias.com.br\/wp-content\/uploads\/2025\/05\/EU_portal.jpg","caption":"Luzimara Fernandes"},"description":"Jornalista MTB 2358-ES","sameAs":["https:\/\/jornalfatosenoticias.com.br"],"url":"https:\/\/jornalfatosenoticias.com.br\/index.php\/author\/luzimara\/"}]}},"cc_featured_image_caption":{"caption_text":"","source_text":"","source_url":""},"jetpack_featured_media_url":"https:\/\/jornalfatosenoticias.com.br\/wp-content\/uploads\/2024\/01\/poste-e-anta.jpg","_links":{"self":[{"href":"https:\/\/jornalfatosenoticias.com.br\/index.php\/wp-json\/wp\/v2\/posts\/48917","targetHints":{"allow":["GET"]}}],"collection":[{"href":"https:\/\/jornalfatosenoticias.com.br\/index.php\/wp-json\/wp\/v2\/posts"}],"about":[{"href":"https:\/\/jornalfatosenoticias.com.br\/index.php\/wp-json\/wp\/v2\/types\/post"}],"author":[{"embeddable":true,"href":"https:\/\/jornalfatosenoticias.com.br\/index.php\/wp-json\/wp\/v2\/users\/2"}],"replies":[{"embeddable":true,"href":"https:\/\/jornalfatosenoticias.com.br\/index.php\/wp-json\/wp\/v2\/comments?post=48917"}],"version-history":[{"count":0,"href":"https:\/\/jornalfatosenoticias.com.br\/index.php\/wp-json\/wp\/v2\/posts\/48917\/revisions"}],"wp:featuredmedia":[{"embeddable":true,"href":"https:\/\/jornalfatosenoticias.com.br\/index.php\/wp-json\/wp\/v2\/media\/48918"}],"wp:attachment":[{"href":"https:\/\/jornalfatosenoticias.com.br\/index.php\/wp-json\/wp\/v2\/media?parent=48917"}],"wp:term":[{"taxonomy":"category","embeddable":true,"href":"https:\/\/jornalfatosenoticias.com.br\/index.php\/wp-json\/wp\/v2\/categories?post=48917"},{"taxonomy":"post_tag","embeddable":true,"href":"https:\/\/jornalfatosenoticias.com.br\/index.php\/wp-json\/wp\/v2\/tags?post=48917"}],"curies":[{"name":"wp","href":"https:\/\/api.w.org\/{rel}","templated":true}]}}