{"id":48937,"date":"2024-02-01T18:17:28","date_gmt":"2024-02-01T21:17:28","guid":{"rendered":"https:\/\/jornalfatosenoticias.com.br\/?p=48937"},"modified":"2024-02-01T18:17:32","modified_gmt":"2024-02-01T21:17:32","slug":"a-semana-em-brasilia-e-no-es-procuradoria-diz-que-governo-lula-nao-age-para-conter-mortes-de-indigenas-na-amazonia","status":"publish","type":"post","link":"https:\/\/jornalfatosenoticias.com.br\/index.php\/2024\/02\/01\/a-semana-em-brasilia-e-no-es-procuradoria-diz-que-governo-lula-nao-age-para-conter-mortes-de-indigenas-na-amazonia\/","title":{"rendered":"A Semana em Bras\u00edlia e no ES \u2014 Procuradoria diz que governo Lula n\u00e3o age para conter mortes de ind\u00edgenas na Amaz\u00f4nia"},"content":{"rendered":"\n<p><br><span class=\"has-inline-color has-black-color\">Por<strong> Raul Holderf Nascimento<\/strong><\/span><\/p>\n\n\n\n<p>Quatro meses ap\u00f3s o an\u00fancio da cria\u00e7\u00e3o de um grupo de trabalho pelo governo Lula para combater a viol\u00eancia e abandono enfrentados pelos ind\u00edgenas Madihas Kulinas no sudoeste da Amaz\u00f4nia, o Minist\u00e9rio P\u00fablico Federal (MPF) acende alerta sobre o aumento de relatos de mortes violentas e suic\u00eddios na comunidade.<br>A Procuradoria da Rep\u00fablica no Amazonas e l\u00edderes ind\u00edgenas locais alegam que, apesar da forma\u00e7\u00e3o do grupo pelo Minist\u00e9rio dos Povos Ind\u00edgenas, o governo federal n\u00e3o tomou medidas efetivas, levando o MPF a convocar uma reuni\u00e3o na segunda-feira (29).<br>Um of\u00edcio foi enviado a autoridades, incluindo membros do Minist\u00e9rio dos Povos Ind\u00edgenas, Minist\u00e9rio do Desenvolvimento e Assist\u00eancia Social, Fam\u00edlia e Combate \u00e0 Fome, Casa Civil da Presid\u00eancia e \u00e0 presidente da Funai, Joenia Wapichana.<\/p>\n\n\n\n<div class=\"wp-block-image\"><figure class=\"aligncenter size-large\"><img loading=\"lazy\" decoding=\"async\" width=\"300\" height=\"250\" src=\"https:\/\/jornalfatosenoticias.com.br\/wp-content\/uploads\/2022\/02\/FERRARI_MAQUINAS-E-FERRAMENTAS2.jpg\" alt=\"\" class=\"wp-image-27860\"\/><\/figure><\/div>\n\n\n\n<p>O procurador Fernando Merloto Soave destaca no of\u00edcio: \u201cAs not\u00edcias de mortes violentas, suic\u00eddios e afins entre os madihas continuam a se multiplicar, inclusive entre menores de idade, sem a efetiva e urgente resposta do poder p\u00fablico ao tema\u201d. Ele exige informa\u00e7\u00f5es sobre a\u00e7\u00f5es concretas no prazo de 15 dias.<br>Em resposta, o Minist\u00e9rio dos Povos Ind\u00edgenas afirma que tem estabelecido di\u00e1logos com organiza\u00e7\u00f5es da \u00e1rea, fornecendo respostas \u00e0s demandas e cumprindo articula\u00e7\u00f5es institucionais para seguir enfrentando os desafios detectados.<\/p>\n\n\n\n<div class=\"wp-block-image\"><figure class=\"aligncenter size-large is-resized\"><img loading=\"lazy\" decoding=\"async\" src=\"https:\/\/jornalfatosenoticias.com.br\/wp-content\/uploads\/2023\/08\/BKR-1024x1021.jpg\" alt=\"\" class=\"wp-image-44494\" width=\"281\" height=\"280\" srcset=\"https:\/\/jornalfatosenoticias.com.br\/wp-content\/uploads\/2023\/08\/BKR-1024x1021.jpg 1024w, https:\/\/jornalfatosenoticias.com.br\/wp-content\/uploads\/2023\/08\/BKR-300x300.jpg 300w, https:\/\/jornalfatosenoticias.com.br\/wp-content\/uploads\/2023\/08\/BKR-150x150.jpg 150w, https:\/\/jornalfatosenoticias.com.br\/wp-content\/uploads\/2023\/08\/BKR-768x766.jpg 768w, https:\/\/jornalfatosenoticias.com.br\/wp-content\/uploads\/2023\/08\/BKR.jpg 1080w\" sizes=\"auto, (max-width: 281px) 100vw, 281px\" \/><\/figure><\/div>\n\n\n\n<p>Merloto encaminhou um relat\u00f3rio antropol\u00f3gico e fotos validadas por l\u00edderes ind\u00edgenas \u00e0 subsecret\u00e1ria-geral da ONU para preven\u00e7\u00e3o de genoc\u00eddio, denunciando um quadro de desumaniza\u00e7\u00e3o e destacando a omiss\u00e3o das autoridades p\u00fablicas. As imagens mostram crian\u00e7as desnutridas, abandono em cidades como Ipixuna, Eirunep\u00e9 e Envira, corpos com sinais de agress\u00e3o e viol\u00eancia, e espera por atendimento em sa\u00fade. <strong>(Fonte: Conex\u00e3o Pol\u00edtica)<\/strong><\/p>\n\n\n\n<div class=\"wp-block-image\"><figure class=\"aligncenter size-large\"><img loading=\"lazy\" decoding=\"async\" width=\"729\" height=\"90\" src=\"https:\/\/jornalfatosenoticias.com.br\/wp-content\/uploads\/2020\/02\/Logo_Mizu.png\" alt=\"\" class=\"wp-image-1441\" srcset=\"https:\/\/jornalfatosenoticias.com.br\/wp-content\/uploads\/2020\/02\/Logo_Mizu.png 729w, https:\/\/jornalfatosenoticias.com.br\/wp-content\/uploads\/2020\/02\/Logo_Mizu-300x37.png 300w\" sizes=\"auto, (max-width: 729px) 100vw, 729px\" \/><\/figure><\/div>\n\n\n\n<hr class=\"wp-block-separator\"\/>\n\n\n\n<h3 class=\"wp-block-heading\"><span class=\"has-inline-color has-black-color\">Argentina recusa jatos JF-17 chineses e decide comprar 24 ca\u00e7as F-16 americanos<\/span><\/h3>\n\n\n\n<div class=\"wp-block-image\"><figure class=\"aligncenter size-large\"><img loading=\"lazy\" decoding=\"async\" width=\"750\" height=\"375\" src=\"https:\/\/jornalfatosenoticias.com.br\/wp-content\/uploads\/2024\/02\/MILEI-COMPRA-DE-JATOS.jpg\" alt=\"\" class=\"wp-image-48941\" srcset=\"https:\/\/jornalfatosenoticias.com.br\/wp-content\/uploads\/2024\/02\/MILEI-COMPRA-DE-JATOS.jpg 750w, https:\/\/jornalfatosenoticias.com.br\/wp-content\/uploads\/2024\/02\/MILEI-COMPRA-DE-JATOS-300x150.jpg 300w\" sizes=\"auto, (max-width: 750px) 100vw, 750px\" \/><figcaption><em><span class=\"has-inline-color has-black-color\">(Foto: Reprodu\u00e7\u00e3o\/Cavok) <\/span><\/em><\/figcaption><\/figure><\/div>\n\n\n\n<p>A For\u00e7a A\u00e9rea Argentina prosseguir\u00e1 com a compra de 24 ca\u00e7as F-16 da Dinamarca, fabricados nos Estados Unidos, com a aprova\u00e7\u00e3o da Casa Branca, conforme anunciado em Buenos Aires na segunda-feira (29). Essa decis\u00e3o implica em descartar a alternativa do jato chin\u00eas JF-17 Thunder, alinhando-se com a pol\u00edtica do presidente Javier Milei de n\u00e3o aderir ao grupo Brics e de n\u00e3o considerar Pequim como um aliado fundamental.<\/p>\n\n\n\n<div class=\"wp-block-image\"><figure class=\"aligncenter size-large\"><img loading=\"lazy\" decoding=\"async\" width=\"300\" height=\"250\" src=\"https:\/\/jornalfatosenoticias.com.br\/wp-content\/uploads\/2020\/02\/Banner-2.png\" alt=\"\" class=\"wp-image-43787\"\/><\/figure><\/div>\n\n\n\n<p>Os F-16, fabricados pela Lockheed Martin, necessitavam da aprova\u00e7\u00e3o de Washington para serem uma op\u00e7\u00e3o vi\u00e1vel. Al\u00e9m disso, o governo dos EUA financiar\u00e1 a opera\u00e7\u00e3o, envolvendo pagamentos anuais por parte da Argentina.<br>A Dinamarca est\u00e1 vendendo os F-16 sem a eletr\u00f4nica avan\u00e7ada que a Otan possui e sem as armas, sendo que os Estados Unidos fornecer\u00e3o esses componentes. O valor estimado dos avi\u00f5es \u00e9 de 300 milh\u00f5es, enquanto as armas e a eletr\u00f4nica somam outros 300 milh\u00f5es, com uma doa\u00e7\u00e3o dos EUA de aproximadamente 15%. Washington demonstrou preocupa\u00e7\u00e3o em impedir que a Argentina adquirisse aeronaves chinesas.<\/p>\n\n\n\n<div class=\"wp-block-image\"><figure class=\"aligncenter size-large is-resized\"><img loading=\"lazy\" decoding=\"async\" src=\"https:\/\/jornalfatosenoticias.com.br\/wp-content\/uploads\/2020\/02\/logo-Rapuzel-1024x571.jpg\" alt=\"\" class=\"wp-image-42808\" width=\"341\" height=\"190\" srcset=\"https:\/\/jornalfatosenoticias.com.br\/wp-content\/uploads\/2020\/02\/logo-Rapuzel-1024x571.jpg 1024w, https:\/\/jornalfatosenoticias.com.br\/wp-content\/uploads\/2020\/02\/logo-Rapuzel-300x167.jpg 300w, https:\/\/jornalfatosenoticias.com.br\/wp-content\/uploads\/2020\/02\/logo-Rapuzel-768x428.jpg 768w, https:\/\/jornalfatosenoticias.com.br\/wp-content\/uploads\/2020\/02\/logo-Rapuzel-1536x856.jpg 1536w, https:\/\/jornalfatosenoticias.com.br\/wp-content\/uploads\/2020\/02\/logo-Rapuzel.jpg 1600w\" sizes=\"auto, (max-width: 341px) 100vw, 341px\" \/><\/figure><\/div>\n\n\n\n<p>Anteriormente, o presidente chin\u00eas, Xi Jinping, ofereceu 34 jatos JF-17 a pre\u00e7os vantajosos e por meio de um esquema de financiamento at\u00edpico ao ent\u00e3o presidente argentino, Alberto Fern\u00e1ndez. O embaixador americano, Marc Stanley, convidou o ent\u00e3o ministro da Economia, Sergio Massa, a obter a aprova\u00e7\u00e3o da Casa Branca para essa medida, o que resultou na interrup\u00e7\u00e3o das negocia\u00e7\u00f5es entre a Argentina e a China.<\/p>\n\n\n\n<div class=\"wp-block-image\"><figure class=\"aligncenter size-large is-resized\"><img loading=\"lazy\" decoding=\"async\" src=\"https:\/\/jornalfatosenoticias.com.br\/wp-content\/uploads\/2022\/10\/RC_800x750_page-0001.jpg\" alt=\"\" class=\"wp-image-35338\" width=\"282\" height=\"264\" srcset=\"https:\/\/jornalfatosenoticias.com.br\/wp-content\/uploads\/2022\/10\/RC_800x750_page-0001.jpg 400w, https:\/\/jornalfatosenoticias.com.br\/wp-content\/uploads\/2022\/10\/RC_800x750_page-0001-300x281.jpg 300w\" sizes=\"auto, (max-width: 282px) 100vw, 282px\" \/><\/figure><\/div>\n\n\n\n<p>Neste contexto, o Conselho de Seguran\u00e7a da Casa Branca emitiu uma instru\u00e7\u00e3o secreta para auxiliar a Argentina na compra dos F-16. A transa\u00e7\u00e3o deve ser conclu\u00edda antes do final de fevereiro, ou ser\u00e1 cancelada. A aprova\u00e7\u00e3o de Londres tamb\u00e9m foi necess\u00e1ria para que a Argentina refor\u00e7asse suas capacidades militares ap\u00f3s o conflito nas Falklands\/Malvinas em 1982, de acordo com relatos da imprensa. <strong>(Fonte: Terra Brasil Not\u00edcias)<\/strong><\/p>\n\n\n\n<div class=\"wp-block-image\"><figure class=\"aligncenter size-large is-resized\"><img loading=\"lazy\" decoding=\"async\" src=\"https:\/\/jornalfatosenoticias.com.br\/wp-content\/uploads\/2023\/12\/pegoretti-logo-pdf-1024x389.jpg\" alt=\"\" class=\"wp-image-47536\" width=\"467\" height=\"177\" srcset=\"https:\/\/jornalfatosenoticias.com.br\/wp-content\/uploads\/2023\/12\/pegoretti-logo-pdf-1024x389.jpg 1024w, https:\/\/jornalfatosenoticias.com.br\/wp-content\/uploads\/2023\/12\/pegoretti-logo-pdf-300x114.jpg 300w, https:\/\/jornalfatosenoticias.com.br\/wp-content\/uploads\/2023\/12\/pegoretti-logo-pdf-768x291.jpg 768w, https:\/\/jornalfatosenoticias.com.br\/wp-content\/uploads\/2023\/12\/pegoretti-logo-pdf.jpg 1120w\" sizes=\"auto, (max-width: 467px) 100vw, 467px\" \/><\/figure><\/div>\n\n\n\n<hr class=\"wp-block-separator\"\/>\n\n\n\n<h3 class=\"wp-block-heading\"><span class=\"has-inline-color has-black-color\">Daniela Lima se retrata ap\u00f3s dizer que computador da Abin estaria com Carlos Bolsonaro<\/span><\/h3>\n\n\n\n<div class=\"wp-block-image\"><figure class=\"aligncenter size-large\"><img loading=\"lazy\" decoding=\"async\" width=\"1000\" height=\"559\" src=\"https:\/\/jornalfatosenoticias.com.br\/wp-content\/uploads\/2024\/02\/daniela-lima-globonews.jpg\" alt=\"\" class=\"wp-image-48940\" srcset=\"https:\/\/jornalfatosenoticias.com.br\/wp-content\/uploads\/2024\/02\/daniela-lima-globonews.jpg 1000w, https:\/\/jornalfatosenoticias.com.br\/wp-content\/uploads\/2024\/02\/daniela-lima-globonews-300x168.jpg 300w, https:\/\/jornalfatosenoticias.com.br\/wp-content\/uploads\/2024\/02\/daniela-lima-globonews-768x429.jpg 768w\" sizes=\"auto, (max-width: 1000px) 100vw, 1000px\" \/><figcaption><em><span class=\"has-inline-color has-black-color\">(Foto: Reprodu\u00e7\u00e3o\/GloboNews)<\/span><\/em><\/figcaption><\/figure><\/div>\n\n\n\n<p>O G1 cometeu um equ\u00edvoco ao noticiar na manh\u00e3 da \u00faltima segunda-feira (29) que um computador da Ag\u00eancia Brasileira de Intelig\u00eancia (Abin) teria sido encontrado entre os pertences do vereador Carlos Bolsonaro (Republicanos-RJ). A informa\u00e7\u00e3o foi dada por Daniela Lima em seu blog, cometendo uma grave fake news sobre o filho n\u00ba \u201c02\u201d de Jair Bolsonaro.<\/p>\n\n\n\n<div class=\"wp-block-image\"><figure class=\"aligncenter size-large is-resized\"><img loading=\"lazy\" decoding=\"async\" src=\"https:\/\/jornalfatosenoticias.com.br\/wp-content\/uploads\/2020\/02\/nova-logo-Marquetti.jpg\" alt=\"\" class=\"wp-image-22331\" width=\"276\" height=\"185\" srcset=\"https:\/\/jornalfatosenoticias.com.br\/wp-content\/uploads\/2020\/02\/nova-logo-Marquetti.jpg 643w, https:\/\/jornalfatosenoticias.com.br\/wp-content\/uploads\/2020\/02\/nova-logo-Marquetti-300x202.jpg 300w\" sizes=\"auto, (max-width: 276px) 100vw, 276px\" \/><\/figure><\/div>\n\n\n\n<p>Na realidade, o computador da Abin foi descoberto na resid\u00eancia do militar Giancarlo Gomes Rodrigues, tamb\u00e9m alvo da opera\u00e7\u00e3o da Pol\u00edcia Federal realizada na manh\u00e3 desta segunda-feira, com buscas e apreens\u00f5es em endere\u00e7os de pessoas suspeitas de envolvimento com o esquema de espionagem ilegal na Abin.<\/p>\n\n\n\n<div class=\"wp-block-image\"><figure class=\"aligncenter size-large is-resized\"><img loading=\"lazy\" decoding=\"async\" src=\"https:\/\/jornalfatosenoticias.com.br\/wp-content\/uploads\/2023\/08\/ITH.jpeg\" alt=\"\" class=\"wp-image-44638\" width=\"286\" height=\"232\" srcset=\"https:\/\/jornalfatosenoticias.com.br\/wp-content\/uploads\/2023\/08\/ITH.jpeg 800w, https:\/\/jornalfatosenoticias.com.br\/wp-content\/uploads\/2023\/08\/ITH-300x244.jpeg 300w, https:\/\/jornalfatosenoticias.com.br\/wp-content\/uploads\/2023\/08\/ITH-768x624.jpeg 768w\" sizes=\"auto, (max-width: 286px) 100vw, 286px\" \/><\/figure><\/div>\n\n\n\n<p>A informa\u00e7\u00e3o incorreta foi divulgada no Blog da Daniela Lima e tamb\u00e9m foi transmitida pelo Conex\u00e3o GloboNews. O post original foi removido. Giancarlo \u00e9 ex-assessor do deputado federal Alexandre Ramagem (PL-RJ), que chefiou a Abin durante o governo de Jair Bolsonaro. A esposa desse militar \u00e9 funcion\u00e1ria da ag\u00eancia. A PF apreendeu o computador para realizar per\u00edcia e verificar quem, de fato, utilizava o equipamento.<strong> (Fonte: Terra Brasil Not\u00edcias)<\/strong><\/p>\n\n\n\n<div class=\"wp-block-image\"><figure class=\"aligncenter size-large is-resized\"><img loading=\"lazy\" decoding=\"async\" src=\"https:\/\/jornalfatosenoticias.com.br\/wp-content\/uploads\/2023\/09\/vetorvix1024_1.jpg\" alt=\"\" class=\"wp-image-44868\" width=\"494\" height=\"131\" srcset=\"https:\/\/jornalfatosenoticias.com.br\/wp-content\/uploads\/2023\/09\/vetorvix1024_1.jpg 1024w, https:\/\/jornalfatosenoticias.com.br\/wp-content\/uploads\/2023\/09\/vetorvix1024_1-300x80.jpg 300w, https:\/\/jornalfatosenoticias.com.br\/wp-content\/uploads\/2023\/09\/vetorvix1024_1-768x205.jpg 768w\" sizes=\"auto, (max-width: 494px) 100vw, 494px\" \/><\/figure><\/div>\n\n\n\n<p><strong><span class=\"has-inline-color has-black-color\">A jornalista se retratou, veja abaixo:<br><\/span><\/strong><\/p>\n\n\n\n<figure class=\"wp-block-embed-twitter wp-block-embed is-type-rich is-provider-twitter\"><div class=\"wp-block-embed__wrapper\">\n<blockquote class=\"twitter-tweet\" data-width=\"550\" data-dnt=\"true\"><p lang=\"pt\" dir=\"ltr\">Daniela Lima se retrata ap\u00f3s dizer que computador da Abin estaria com Carlos Bolsonaro <a href=\"https:\/\/t.co\/N0JGPYnA1Q\">pic.twitter.com\/N0JGPYnA1Q<\/a><\/p>&mdash; Diario do Brasil Not\u00edcias (@diariobrasil_n) <a href=\"https:\/\/twitter.com\/diariobrasil_n\/status\/1752375522187686168?ref_src=twsrc%5Etfw\">January 30, 2024<\/a><\/blockquote><script async src=\"https:\/\/platform.twitter.com\/widgets.js\" charset=\"utf-8\"><\/script>\n<\/div><\/figure>\n\n\n\n<div class=\"wp-block-image\"><figure class=\"aligncenter size-large is-resized\"><img loading=\"lazy\" decoding=\"async\" src=\"https:\/\/jornalfatosenoticias.com.br\/wp-content\/uploads\/2024\/01\/consultoria-ambiental.jpg\" alt=\"\" class=\"wp-image-48314\" width=\"308\" height=\"279\" srcset=\"https:\/\/jornalfatosenoticias.com.br\/wp-content\/uploads\/2024\/01\/consultoria-ambiental.jpg 832w, https:\/\/jornalfatosenoticias.com.br\/wp-content\/uploads\/2024\/01\/consultoria-ambiental-300x272.jpg 300w, https:\/\/jornalfatosenoticias.com.br\/wp-content\/uploads\/2024\/01\/consultoria-ambiental-768x696.jpg 768w\" sizes=\"auto, (max-width: 308px) 100vw, 308px\" \/><\/figure><\/div>\n\n\n\n<hr class=\"wp-block-separator\"\/>\n\n\n\n<h3 class=\"wp-block-heading\"><span class=\"has-inline-color has-black-color\">Live de Bolsonaro ultrapassa cinco milh\u00f5es de visualiza\u00e7\u00f5es em menos de 24 horas<\/span><\/h3>\n\n\n\n<div class=\"wp-block-image\"><figure class=\"aligncenter size-large\"><img loading=\"lazy\" decoding=\"async\" width=\"1000\" height=\"620\" src=\"https:\/\/jornalfatosenoticias.com.br\/wp-content\/uploads\/2024\/02\/superlive-bolsonaro.jpeg\" alt=\"\" class=\"wp-image-48939\" srcset=\"https:\/\/jornalfatosenoticias.com.br\/wp-content\/uploads\/2024\/02\/superlive-bolsonaro.jpeg 1000w, https:\/\/jornalfatosenoticias.com.br\/wp-content\/uploads\/2024\/02\/superlive-bolsonaro-300x186.jpeg 300w, https:\/\/jornalfatosenoticias.com.br\/wp-content\/uploads\/2024\/02\/superlive-bolsonaro-768x476.jpeg 768w\" sizes=\"auto, (max-width: 1000px) 100vw, 1000px\" \/><figcaption><em><span class=\"has-inline-color has-black-color\">(Foto: Reprodu\u00e7\u00e3o\/YouTube) <\/span><\/em><\/figcaption><\/figure><\/div>\n\n\n\n<p><span class=\"has-inline-color has-black-color\"><em>P\u00fablico que acompanhou transmiss\u00e3o em tempo real chegou a quase meio milh\u00e3o<br><\/em>Por <strong>Raul Holderf Nascimento<\/strong><\/span><\/p>\n\n\n\n<div class=\"wp-block-image\"><figure class=\"aligncenter size-large is-resized\"><img loading=\"lazy\" decoding=\"async\" src=\"https:\/\/jornalfatosenoticias.com.br\/wp-content\/uploads\/2023\/08\/LOGO-BLU-COMERCIAL-PRETO-1024x600.jpg\" alt=\"\" class=\"wp-image-44053\" width=\"353\" height=\"206\"\/><\/figure><\/div>\n\n\n\n<p>A superlive conduzida pelo ex-presidente Jair Bolsonaro (PL), ao lado de seus filhos, no \u00faltimo domingo (28), alcan\u00e7ou um pico de audi\u00eancia simult\u00e2nea, referente a pessoas assistindo em tempo real, cerca de 470,9 mil espectadores. O sucesso da transmiss\u00e3o se estende al\u00e9m do momento ao vivo, somando mais de 5,5 milh\u00f5es de visualiza\u00e7\u00f5es at\u00e9 agora. Os v\u00eddeos completos est\u00e3o dispon\u00edveis nos canais de YouTube e Instagram, nos perfis de Jair, Eduardo e Fl\u00e1vio.<\/p>\n\n\n\n<div class=\"wp-block-image\"><figure class=\"aligncenter size-large is-resized\"><img loading=\"lazy\" decoding=\"async\" src=\"https:\/\/jornalfatosenoticias.com.br\/wp-content\/uploads\/2020\/02\/CONTROL-CS.jpg\" alt=\"\" class=\"wp-image-44991\" width=\"303\" height=\"363\" srcset=\"https:\/\/jornalfatosenoticias.com.br\/wp-content\/uploads\/2020\/02\/CONTROL-CS.jpg 834w, https:\/\/jornalfatosenoticias.com.br\/wp-content\/uploads\/2020\/02\/CONTROL-CS-250x300.jpg 250w, https:\/\/jornalfatosenoticias.com.br\/wp-content\/uploads\/2020\/02\/CONTROL-CS-768x921.jpg 768w\" sizes=\"auto, (max-width: 303px) 100vw, 303px\" \/><\/figure><\/div>\n\n\n\n<p>O desempenho supera a audi\u00eancia das lives realizadas por Luiz In\u00e1cio Lula da Silva (PT) pelas mesmas plataformas, tanto em seu canal pessoal quanto no \u201cCanalGo&#8221;. A diferen\u00e7a de p\u00fablico foi notada desde o in\u00edcio da live da fam\u00edlia Bolsonaro, quando o ex-presidente fez coment\u00e1rios sarc\u00e1sticos sobre os n\u00fameros menos expressivos do petista.<\/p>\n\n\n\n<div class=\"wp-block-image\"><figure class=\"aligncenter size-large is-resized\"><img loading=\"lazy\" decoding=\"async\" src=\"https:\/\/jornalfatosenoticias.com.br\/wp-content\/uploads\/2023\/03\/logo-Panper_portal.jpg\" alt=\"\" class=\"wp-image-40208\" width=\"300\" height=\"208\" srcset=\"https:\/\/jornalfatosenoticias.com.br\/wp-content\/uploads\/2023\/03\/logo-Panper_portal.jpg 400w, https:\/\/jornalfatosenoticias.com.br\/wp-content\/uploads\/2023\/03\/logo-Panper_portal-300x208.jpg 300w\" sizes=\"auto, (max-width: 300px) 100vw, 300px\" \/><\/figure><\/div>\n\n\n\n<p>\u201cCompanheiro, \u00e9 preciso falar a verdade. Mentir n\u00e3o leva a lugar nenhum, e, al\u00e9m disso, \u00e9 importante n\u00e3o focar apenas em criticar Jair Bolsonaro. Parece que quando Lula vai dormir, ele, sendo rec\u00e9m-casado, em vez de dizer \u2018eu te amo\u2019, solta um \u2018Bolsonaro\u2019. A\u00ed a live \u2018brocha\u2019 e vai l\u00e1 para baixo\u201d, ironizou O ex-mandat\u00e1rio. <strong>(Fonte: Conex\u00e3o Pol\u00edtica)<\/strong><\/p>\n\n\n\n<div class=\"wp-block-image\"><figure class=\"aligncenter size-large\"><img decoding=\"async\" src=\"https:\/\/jornalfatosenoticias.com.br\/wp-content\/uploads\/2020\/02\/logo_esteio.jpg\" alt=\"\" class=\"wp-image-1214\"\/><\/figure><\/div>\n\n\n\n<hr class=\"wp-block-separator\"\/>\n\n\n\n<h3 class=\"wp-block-heading\"><span class=\"has-inline-color has-black-color\">Magno Malta participa do maior evento pr\u00f3-vida do mundo, em Washington<\/span><\/h3>\n\n\n\n<div class=\"wp-block-image\"><figure class=\"aligncenter size-large\"><img loading=\"lazy\" decoding=\"async\" width=\"750\" height=\"1000\" src=\"https:\/\/jornalfatosenoticias.com.br\/wp-content\/uploads\/2024\/02\/magno-malta.jpg\" alt=\"\" class=\"wp-image-48938\" srcset=\"https:\/\/jornalfatosenoticias.com.br\/wp-content\/uploads\/2024\/02\/magno-malta.jpg 750w, https:\/\/jornalfatosenoticias.com.br\/wp-content\/uploads\/2024\/02\/magno-malta-225x300.jpg 225w\" sizes=\"auto, (max-width: 750px) 100vw, 750px\" \/><figcaption><em><span class=\"has-inline-color has-black-color\">(Foto: Reprodu\u00e7\u00e3o X) <\/span><\/em><\/figcaption><\/figure><\/div>\n\n\n\n<p>No \u00faltimo dia 19 de janeiro, o senador Magno Malta (PL-ES) participou da 51\u00aa March for Life em Washington, capital dos EUA. Trata-se da maior manifesta\u00e7\u00e3o p\u00fablica do mundo em defesa do direito \u00e0 vida do nascituro e contra o aborto.<br>Em sua rede social X, o senador capixaba falou sobre o evento. <\/p>\n\n\n\n<div class=\"wp-block-image\"><figure class=\"aligncenter size-large is-resized\"><img loading=\"lazy\" decoding=\"async\" src=\"https:\/\/jornalfatosenoticias.com.br\/wp-content\/uploads\/2022\/02\/Precisao-Contabilidade-1024x724.jpg\" alt=\"\" class=\"wp-image-28088\" width=\"307\" height=\"217\"\/><\/figure><\/div>\n\n\n\n<p>&#8220;Estou em Washington participando da March for Life, a maior manifesta\u00e7\u00e3o anual de direitos humanos do mundo. O lema deste ano \u00e9 \u201cCom cada mulher, por cada crian\u00e7a\u201d. A vida \u00e9 o nosso bem mais precioso, desde a concep\u00e7\u00e3o at\u00e9 o nosso reencontro com Deus. Precisamos estar sempre unidos em torno dessa causa, a mais importante, porque o inimigo sempre est\u00e1 \u00e0 espreita para tentar normalizar o ato de tirar a vida de um beb\u00ea&#8221;, disse o senador. <strong>(Fonte: X do senador)<\/strong><\/p>\n\n\n\n<div class=\"wp-block-image\"><figure class=\"aligncenter size-large\"><img decoding=\"async\" src=\"https:\/\/jornalfatosenoticias.com.br\/wp-content\/uploads\/2020\/02\/barao-das-carnes-300x164-1.jpg\" alt=\"\" class=\"wp-image-34339\"\/><\/figure><\/div>\n\n\n\n<hr class=\"wp-block-separator\"\/>\n","protected":false},"excerpt":{"rendered":"<p>Por Raul Holderf Nascimento Quatro meses ap\u00f3s o an\u00fancio da cria\u00e7\u00e3o de um grupo de trabalho pelo governo Lula para combater a viol\u00eancia e abandono enfrentados pelos ind\u00edgenas Madihas Kulinas no sudoeste da Amaz\u00f4nia, o Minist\u00e9rio P\u00fablico Federal (MPF) acende alerta sobre o aumento de relatos de mortes violentas e suic\u00eddios na comunidade.A Procuradoria da [&hellip;]<\/p>\n","protected":false},"author":3,"featured_media":48942,"comment_status":"open","ping_status":"open","sticky":false,"template":"","format":"standard","meta":{"footnotes":""},"categories":[10],"tags":[732,18343,478,12091,771,6448],"class_list":["post-48937","post","type-post","status-publish","format-standard","has-post-thumbnail","hentry","category-politica","tag-fake-news","tag-governo-lula","tag-indios","tag-magno-malta","tag-morte","tag-rede-globo"],"yoast_head":"<!-- This site is optimized with the Yoast SEO plugin v26.5 - https:\/\/yoast.com\/wordpress\/plugins\/seo\/ -->\n<title>A Semana em Bras\u00edlia e no ES \u2014 Procuradoria diz que governo Lula n\u00e3o age para conter mortes de ind\u00edgenas na Amaz\u00f4nia - Jornal Fatos e Not\u00edcias<\/title>\n<meta name=\"robots\" content=\"index, follow, max-snippet:-1, max-image-preview:large, max-video-preview:-1\" \/>\n<link rel=\"canonical\" href=\"https:\/\/jornalfatosenoticias.com.br\/index.php\/2024\/02\/01\/a-semana-em-brasilia-e-no-es-procuradoria-diz-que-governo-lula-nao-age-para-conter-mortes-de-indigenas-na-amazonia\/\" \/>\n<meta property=\"og:locale\" content=\"pt_BR\" \/>\n<meta property=\"og:type\" content=\"article\" \/>\n<meta property=\"og:title\" content=\"A Semana em Bras\u00edlia e no ES \u2014 Procuradoria diz que governo Lula n\u00e3o age para conter mortes de ind\u00edgenas na Amaz\u00f4nia - Jornal Fatos e Not\u00edcias\" \/>\n<meta property=\"og:description\" content=\"Por Raul Holderf Nascimento Quatro meses ap\u00f3s o an\u00fancio da cria\u00e7\u00e3o de um grupo de trabalho pelo governo Lula para combater a viol\u00eancia e abandono enfrentados pelos ind\u00edgenas Madihas Kulinas no sudoeste da Amaz\u00f4nia, o Minist\u00e9rio P\u00fablico Federal (MPF) acende alerta sobre o aumento de relatos de mortes violentas e suic\u00eddios na comunidade.A Procuradoria da [&hellip;]\" \/>\n<meta property=\"og:url\" content=\"https:\/\/jornalfatosenoticias.com.br\/index.php\/2024\/02\/01\/a-semana-em-brasilia-e-no-es-procuradoria-diz-que-governo-lula-nao-age-para-conter-mortes-de-indigenas-na-amazonia\/\" \/>\n<meta property=\"og:site_name\" content=\"Jornal Fatos e Not\u00edcias\" \/>\n<meta property=\"article:published_time\" content=\"2024-02-01T21:17:28+00:00\" \/>\n<meta property=\"article:modified_time\" content=\"2024-02-01T21:17:32+00:00\" \/>\n<meta property=\"og:image\" content=\"https:\/\/jornalfatosenoticias.com.br\/wp-content\/uploads\/2024\/02\/indio-agencia-brasil.jpg\" \/>\n\t<meta property=\"og:image:width\" content=\"1000\" \/>\n\t<meta property=\"og:image:height\" content=\"598\" \/>\n\t<meta property=\"og:image:type\" content=\"image\/jpeg\" \/>\n<meta name=\"author\" content=\"Haroldo Filho\" \/>\n<meta name=\"twitter:card\" content=\"summary_large_image\" \/>\n<meta name=\"twitter:label1\" content=\"Escrito por\" \/>\n\t<meta name=\"twitter:data1\" content=\"Haroldo Filho\" \/>\n\t<meta name=\"twitter:label2\" content=\"Est. tempo de leitura\" \/>\n\t<meta name=\"twitter:data2\" content=\"6 minutos\" \/>\n<script type=\"application\/ld+json\" class=\"yoast-schema-graph\">{\"@context\":\"https:\/\/schema.org\",\"@graph\":[{\"@type\":\"Article\",\"@id\":\"https:\/\/jornalfatosenoticias.com.br\/index.php\/2024\/02\/01\/a-semana-em-brasilia-e-no-es-procuradoria-diz-que-governo-lula-nao-age-para-conter-mortes-de-indigenas-na-amazonia\/#article\",\"isPartOf\":{\"@id\":\"https:\/\/jornalfatosenoticias.com.br\/index.php\/2024\/02\/01\/a-semana-em-brasilia-e-no-es-procuradoria-diz-que-governo-lula-nao-age-para-conter-mortes-de-indigenas-na-amazonia\/\"},\"author\":{\"name\":\"Haroldo Filho\",\"@id\":\"https:\/\/jornalfatosenoticias.com.br\/#\/schema\/person\/05c46cc25b42a5c27e004fb0fa6b4965\"},\"headline\":\"A Semana em Bras\u00edlia e no ES \u2014 Procuradoria diz que governo Lula n\u00e3o age para conter mortes de ind\u00edgenas na Amaz\u00f4nia\",\"datePublished\":\"2024-02-01T21:17:28+00:00\",\"dateModified\":\"2024-02-01T21:17:32+00:00\",\"mainEntityOfPage\":{\"@id\":\"https:\/\/jornalfatosenoticias.com.br\/index.php\/2024\/02\/01\/a-semana-em-brasilia-e-no-es-procuradoria-diz-que-governo-lula-nao-age-para-conter-mortes-de-indigenas-na-amazonia\/\"},\"wordCount\":1324,\"commentCount\":0,\"publisher\":{\"@id\":\"https:\/\/jornalfatosenoticias.com.br\/#organization\"},\"image\":{\"@id\":\"https:\/\/jornalfatosenoticias.com.br\/index.php\/2024\/02\/01\/a-semana-em-brasilia-e-no-es-procuradoria-diz-que-governo-lula-nao-age-para-conter-mortes-de-indigenas-na-amazonia\/#primaryimage\"},\"thumbnailUrl\":\"https:\/\/jornalfatosenoticias.com.br\/wp-content\/uploads\/2024\/02\/indio-agencia-brasil.jpg\",\"keywords\":[\"fake news\",\"governo Lula\",\"\u00edndios\",\"Magno Malta\",\"morte\",\"Rede Globo\"],\"articleSection\":[\"Pol\u00edtica\"],\"inLanguage\":\"pt-BR\",\"potentialAction\":[{\"@type\":\"CommentAction\",\"name\":\"Comment\",\"target\":[\"https:\/\/jornalfatosenoticias.com.br\/index.php\/2024\/02\/01\/a-semana-em-brasilia-e-no-es-procuradoria-diz-que-governo-lula-nao-age-para-conter-mortes-de-indigenas-na-amazonia\/#respond\"]}]},{\"@type\":\"WebPage\",\"@id\":\"https:\/\/jornalfatosenoticias.com.br\/index.php\/2024\/02\/01\/a-semana-em-brasilia-e-no-es-procuradoria-diz-que-governo-lula-nao-age-para-conter-mortes-de-indigenas-na-amazonia\/\",\"url\":\"https:\/\/jornalfatosenoticias.com.br\/index.php\/2024\/02\/01\/a-semana-em-brasilia-e-no-es-procuradoria-diz-que-governo-lula-nao-age-para-conter-mortes-de-indigenas-na-amazonia\/\",\"name\":\"A Semana em Bras\u00edlia e no ES \u2014 Procuradoria diz que governo Lula n\u00e3o age para conter mortes de ind\u00edgenas na Amaz\u00f4nia - Jornal Fatos e Not\u00edcias\",\"isPartOf\":{\"@id\":\"https:\/\/jornalfatosenoticias.com.br\/#website\"},\"primaryImageOfPage\":{\"@id\":\"https:\/\/jornalfatosenoticias.com.br\/index.php\/2024\/02\/01\/a-semana-em-brasilia-e-no-es-procuradoria-diz-que-governo-lula-nao-age-para-conter-mortes-de-indigenas-na-amazonia\/#primaryimage\"},\"image\":{\"@id\":\"https:\/\/jornalfatosenoticias.com.br\/index.php\/2024\/02\/01\/a-semana-em-brasilia-e-no-es-procuradoria-diz-que-governo-lula-nao-age-para-conter-mortes-de-indigenas-na-amazonia\/#primaryimage\"},\"thumbnailUrl\":\"https:\/\/jornalfatosenoticias.com.br\/wp-content\/uploads\/2024\/02\/indio-agencia-brasil.jpg\",\"datePublished\":\"2024-02-01T21:17:28+00:00\",\"dateModified\":\"2024-02-01T21:17:32+00:00\",\"breadcrumb\":{\"@id\":\"https:\/\/jornalfatosenoticias.com.br\/index.php\/2024\/02\/01\/a-semana-em-brasilia-e-no-es-procuradoria-diz-que-governo-lula-nao-age-para-conter-mortes-de-indigenas-na-amazonia\/#breadcrumb\"},\"inLanguage\":\"pt-BR\",\"potentialAction\":[{\"@type\":\"ReadAction\",\"target\":[\"https:\/\/jornalfatosenoticias.com.br\/index.php\/2024\/02\/01\/a-semana-em-brasilia-e-no-es-procuradoria-diz-que-governo-lula-nao-age-para-conter-mortes-de-indigenas-na-amazonia\/\"]}]},{\"@type\":\"ImageObject\",\"inLanguage\":\"pt-BR\",\"@id\":\"https:\/\/jornalfatosenoticias.com.br\/index.php\/2024\/02\/01\/a-semana-em-brasilia-e-no-es-procuradoria-diz-que-governo-lula-nao-age-para-conter-mortes-de-indigenas-na-amazonia\/#primaryimage\",\"url\":\"https:\/\/jornalfatosenoticias.com.br\/wp-content\/uploads\/2024\/02\/indio-agencia-brasil.jpg\",\"contentUrl\":\"https:\/\/jornalfatosenoticias.com.br\/wp-content\/uploads\/2024\/02\/indio-agencia-brasil.jpg\",\"width\":1000,\"height\":598},{\"@type\":\"BreadcrumbList\",\"@id\":\"https:\/\/jornalfatosenoticias.com.br\/index.php\/2024\/02\/01\/a-semana-em-brasilia-e-no-es-procuradoria-diz-que-governo-lula-nao-age-para-conter-mortes-de-indigenas-na-amazonia\/#breadcrumb\",\"itemListElement\":[{\"@type\":\"ListItem\",\"position\":1,\"name\":\"In\u00edcio\",\"item\":\"https:\/\/jornalfatosenoticias.com.br\/\"},{\"@type\":\"ListItem\",\"position\":2,\"name\":\"A Semana em Bras\u00edlia e no ES \u2014 Procuradoria diz que governo Lula n\u00e3o age para conter mortes de ind\u00edgenas na Amaz\u00f4nia\"}]},{\"@type\":\"WebSite\",\"@id\":\"https:\/\/jornalfatosenoticias.com.br\/#website\",\"url\":\"https:\/\/jornalfatosenoticias.com.br\/\",\"name\":\"Jornal Fatos e Not\u00edcias\",\"description\":\"Not\u00edcias em geral\",\"publisher\":{\"@id\":\"https:\/\/jornalfatosenoticias.com.br\/#organization\"},\"potentialAction\":[{\"@type\":\"SearchAction\",\"target\":{\"@type\":\"EntryPoint\",\"urlTemplate\":\"https:\/\/jornalfatosenoticias.com.br\/?s={search_term_string}\"},\"query-input\":{\"@type\":\"PropertyValueSpecification\",\"valueRequired\":true,\"valueName\":\"search_term_string\"}}],\"inLanguage\":\"pt-BR\"},{\"@type\":\"Organization\",\"@id\":\"https:\/\/jornalfatosenoticias.com.br\/#organization\",\"name\":\"Jornal Fatos e Not\u00edcias\",\"url\":\"https:\/\/jornalfatosenoticias.com.br\/\",\"logo\":{\"@type\":\"ImageObject\",\"inLanguage\":\"pt-BR\",\"@id\":\"https:\/\/jornalfatosenoticias.com.br\/#\/schema\/logo\/image\/\",\"url\":\"https:\/\/jornalfatosenoticias.com.br\/wp-content\/uploads\/2020\/02\/logo120.png\",\"contentUrl\":\"https:\/\/jornalfatosenoticias.com.br\/wp-content\/uploads\/2020\/02\/logo120.png\",\"width\":1227,\"height\":120,\"caption\":\"Jornal Fatos e Not\u00edcias\"},\"image\":{\"@id\":\"https:\/\/jornalfatosenoticias.com.br\/#\/schema\/logo\/image\/\"}},{\"@type\":\"Person\",\"@id\":\"https:\/\/jornalfatosenoticias.com.br\/#\/schema\/person\/05c46cc25b42a5c27e004fb0fa6b4965\",\"name\":\"Haroldo Filho\",\"image\":{\"@type\":\"ImageObject\",\"inLanguage\":\"pt-BR\",\"@id\":\"https:\/\/jornalfatosenoticias.com.br\/#\/schema\/person\/image\/\",\"url\":\"https:\/\/jornalfatosenoticias.com.br\/wp-content\/uploads\/2025\/08\/WhatsApp-Image-2025-08-18-at-15.30.28-150x150.jpeg\",\"contentUrl\":\"https:\/\/jornalfatosenoticias.com.br\/wp-content\/uploads\/2025\/08\/WhatsApp-Image-2025-08-18-at-15.30.28-150x150.jpeg\",\"caption\":\"Haroldo Filho\"},\"description\":\"Jornalista \u2013 DRT: 0003818\/ES Coordenador-geral da ONG Educar para Crescer\",\"url\":\"https:\/\/jornalfatosenoticias.com.br\/index.php\/author\/haroldo\/\"}]}<\/script>\n<!-- \/ Yoast SEO plugin. -->","yoast_head_json":{"title":"A Semana em Bras\u00edlia e no ES \u2014 Procuradoria diz que governo Lula n\u00e3o age para conter mortes de ind\u00edgenas na Amaz\u00f4nia - Jornal Fatos e Not\u00edcias","robots":{"index":"index","follow":"follow","max-snippet":"max-snippet:-1","max-image-preview":"max-image-preview:large","max-video-preview":"max-video-preview:-1"},"canonical":"https:\/\/jornalfatosenoticias.com.br\/index.php\/2024\/02\/01\/a-semana-em-brasilia-e-no-es-procuradoria-diz-que-governo-lula-nao-age-para-conter-mortes-de-indigenas-na-amazonia\/","og_locale":"pt_BR","og_type":"article","og_title":"A Semana em Bras\u00edlia e no ES \u2014 Procuradoria diz que governo Lula n\u00e3o age para conter mortes de ind\u00edgenas na Amaz\u00f4nia - Jornal Fatos e Not\u00edcias","og_description":"Por Raul Holderf Nascimento Quatro meses ap\u00f3s o an\u00fancio da cria\u00e7\u00e3o de um grupo de trabalho pelo governo Lula para combater a viol\u00eancia e abandono enfrentados pelos ind\u00edgenas Madihas Kulinas no sudoeste da Amaz\u00f4nia, o Minist\u00e9rio P\u00fablico Federal (MPF) acende alerta sobre o aumento de relatos de mortes violentas e suic\u00eddios na comunidade.A Procuradoria da [&hellip;]","og_url":"https:\/\/jornalfatosenoticias.com.br\/index.php\/2024\/02\/01\/a-semana-em-brasilia-e-no-es-procuradoria-diz-que-governo-lula-nao-age-para-conter-mortes-de-indigenas-na-amazonia\/","og_site_name":"Jornal Fatos e Not\u00edcias","article_published_time":"2024-02-01T21:17:28+00:00","article_modified_time":"2024-02-01T21:17:32+00:00","og_image":[{"width":1000,"height":598,"url":"https:\/\/jornalfatosenoticias.com.br\/wp-content\/uploads\/2024\/02\/indio-agencia-brasil.jpg","type":"image\/jpeg"}],"author":"Haroldo Filho","twitter_card":"summary_large_image","twitter_misc":{"Escrito por":"Haroldo Filho","Est. tempo de leitura":"6 minutos"},"schema":{"@context":"https:\/\/schema.org","@graph":[{"@type":"Article","@id":"https:\/\/jornalfatosenoticias.com.br\/index.php\/2024\/02\/01\/a-semana-em-brasilia-e-no-es-procuradoria-diz-que-governo-lula-nao-age-para-conter-mortes-de-indigenas-na-amazonia\/#article","isPartOf":{"@id":"https:\/\/jornalfatosenoticias.com.br\/index.php\/2024\/02\/01\/a-semana-em-brasilia-e-no-es-procuradoria-diz-que-governo-lula-nao-age-para-conter-mortes-de-indigenas-na-amazonia\/"},"author":{"name":"Haroldo Filho","@id":"https:\/\/jornalfatosenoticias.com.br\/#\/schema\/person\/05c46cc25b42a5c27e004fb0fa6b4965"},"headline":"A Semana em Bras\u00edlia e no ES \u2014 Procuradoria diz que governo Lula n\u00e3o age para conter mortes de ind\u00edgenas na Amaz\u00f4nia","datePublished":"2024-02-01T21:17:28+00:00","dateModified":"2024-02-01T21:17:32+00:00","mainEntityOfPage":{"@id":"https:\/\/jornalfatosenoticias.com.br\/index.php\/2024\/02\/01\/a-semana-em-brasilia-e-no-es-procuradoria-diz-que-governo-lula-nao-age-para-conter-mortes-de-indigenas-na-amazonia\/"},"wordCount":1324,"commentCount":0,"publisher":{"@id":"https:\/\/jornalfatosenoticias.com.br\/#organization"},"image":{"@id":"https:\/\/jornalfatosenoticias.com.br\/index.php\/2024\/02\/01\/a-semana-em-brasilia-e-no-es-procuradoria-diz-que-governo-lula-nao-age-para-conter-mortes-de-indigenas-na-amazonia\/#primaryimage"},"thumbnailUrl":"https:\/\/jornalfatosenoticias.com.br\/wp-content\/uploads\/2024\/02\/indio-agencia-brasil.jpg","keywords":["fake news","governo Lula","\u00edndios","Magno Malta","morte","Rede Globo"],"articleSection":["Pol\u00edtica"],"inLanguage":"pt-BR","potentialAction":[{"@type":"CommentAction","name":"Comment","target":["https:\/\/jornalfatosenoticias.com.br\/index.php\/2024\/02\/01\/a-semana-em-brasilia-e-no-es-procuradoria-diz-que-governo-lula-nao-age-para-conter-mortes-de-indigenas-na-amazonia\/#respond"]}]},{"@type":"WebPage","@id":"https:\/\/jornalfatosenoticias.com.br\/index.php\/2024\/02\/01\/a-semana-em-brasilia-e-no-es-procuradoria-diz-que-governo-lula-nao-age-para-conter-mortes-de-indigenas-na-amazonia\/","url":"https:\/\/jornalfatosenoticias.com.br\/index.php\/2024\/02\/01\/a-semana-em-brasilia-e-no-es-procuradoria-diz-que-governo-lula-nao-age-para-conter-mortes-de-indigenas-na-amazonia\/","name":"A Semana em Bras\u00edlia e no ES \u2014 Procuradoria diz que governo Lula n\u00e3o age para conter mortes de ind\u00edgenas na Amaz\u00f4nia - Jornal Fatos e Not\u00edcias","isPartOf":{"@id":"https:\/\/jornalfatosenoticias.com.br\/#website"},"primaryImageOfPage":{"@id":"https:\/\/jornalfatosenoticias.com.br\/index.php\/2024\/02\/01\/a-semana-em-brasilia-e-no-es-procuradoria-diz-que-governo-lula-nao-age-para-conter-mortes-de-indigenas-na-amazonia\/#primaryimage"},"image":{"@id":"https:\/\/jornalfatosenoticias.com.br\/index.php\/2024\/02\/01\/a-semana-em-brasilia-e-no-es-procuradoria-diz-que-governo-lula-nao-age-para-conter-mortes-de-indigenas-na-amazonia\/#primaryimage"},"thumbnailUrl":"https:\/\/jornalfatosenoticias.com.br\/wp-content\/uploads\/2024\/02\/indio-agencia-brasil.jpg","datePublished":"2024-02-01T21:17:28+00:00","dateModified":"2024-02-01T21:17:32+00:00","breadcrumb":{"@id":"https:\/\/jornalfatosenoticias.com.br\/index.php\/2024\/02\/01\/a-semana-em-brasilia-e-no-es-procuradoria-diz-que-governo-lula-nao-age-para-conter-mortes-de-indigenas-na-amazonia\/#breadcrumb"},"inLanguage":"pt-BR","potentialAction":[{"@type":"ReadAction","target":["https:\/\/jornalfatosenoticias.com.br\/index.php\/2024\/02\/01\/a-semana-em-brasilia-e-no-es-procuradoria-diz-que-governo-lula-nao-age-para-conter-mortes-de-indigenas-na-amazonia\/"]}]},{"@type":"ImageObject","inLanguage":"pt-BR","@id":"https:\/\/jornalfatosenoticias.com.br\/index.php\/2024\/02\/01\/a-semana-em-brasilia-e-no-es-procuradoria-diz-que-governo-lula-nao-age-para-conter-mortes-de-indigenas-na-amazonia\/#primaryimage","url":"https:\/\/jornalfatosenoticias.com.br\/wp-content\/uploads\/2024\/02\/indio-agencia-brasil.jpg","contentUrl":"https:\/\/jornalfatosenoticias.com.br\/wp-content\/uploads\/2024\/02\/indio-agencia-brasil.jpg","width":1000,"height":598},{"@type":"BreadcrumbList","@id":"https:\/\/jornalfatosenoticias.com.br\/index.php\/2024\/02\/01\/a-semana-em-brasilia-e-no-es-procuradoria-diz-que-governo-lula-nao-age-para-conter-mortes-de-indigenas-na-amazonia\/#breadcrumb","itemListElement":[{"@type":"ListItem","position":1,"name":"In\u00edcio","item":"https:\/\/jornalfatosenoticias.com.br\/"},{"@type":"ListItem","position":2,"name":"A Semana em Bras\u00edlia e no ES \u2014 Procuradoria diz que governo Lula n\u00e3o age para conter mortes de ind\u00edgenas na Amaz\u00f4nia"}]},{"@type":"WebSite","@id":"https:\/\/jornalfatosenoticias.com.br\/#website","url":"https:\/\/jornalfatosenoticias.com.br\/","name":"Jornal Fatos e Not\u00edcias","description":"Not\u00edcias em geral","publisher":{"@id":"https:\/\/jornalfatosenoticias.com.br\/#organization"},"potentialAction":[{"@type":"SearchAction","target":{"@type":"EntryPoint","urlTemplate":"https:\/\/jornalfatosenoticias.com.br\/?s={search_term_string}"},"query-input":{"@type":"PropertyValueSpecification","valueRequired":true,"valueName":"search_term_string"}}],"inLanguage":"pt-BR"},{"@type":"Organization","@id":"https:\/\/jornalfatosenoticias.com.br\/#organization","name":"Jornal Fatos e Not\u00edcias","url":"https:\/\/jornalfatosenoticias.com.br\/","logo":{"@type":"ImageObject","inLanguage":"pt-BR","@id":"https:\/\/jornalfatosenoticias.com.br\/#\/schema\/logo\/image\/","url":"https:\/\/jornalfatosenoticias.com.br\/wp-content\/uploads\/2020\/02\/logo120.png","contentUrl":"https:\/\/jornalfatosenoticias.com.br\/wp-content\/uploads\/2020\/02\/logo120.png","width":1227,"height":120,"caption":"Jornal Fatos e Not\u00edcias"},"image":{"@id":"https:\/\/jornalfatosenoticias.com.br\/#\/schema\/logo\/image\/"}},{"@type":"Person","@id":"https:\/\/jornalfatosenoticias.com.br\/#\/schema\/person\/05c46cc25b42a5c27e004fb0fa6b4965","name":"Haroldo Filho","image":{"@type":"ImageObject","inLanguage":"pt-BR","@id":"https:\/\/jornalfatosenoticias.com.br\/#\/schema\/person\/image\/","url":"https:\/\/jornalfatosenoticias.com.br\/wp-content\/uploads\/2025\/08\/WhatsApp-Image-2025-08-18-at-15.30.28-150x150.jpeg","contentUrl":"https:\/\/jornalfatosenoticias.com.br\/wp-content\/uploads\/2025\/08\/WhatsApp-Image-2025-08-18-at-15.30.28-150x150.jpeg","caption":"Haroldo Filho"},"description":"Jornalista \u2013 DRT: 0003818\/ES Coordenador-geral da ONG Educar para Crescer","url":"https:\/\/jornalfatosenoticias.com.br\/index.php\/author\/haroldo\/"}]}},"cc_featured_image_caption":{"caption_text":"(Foto: Marcelo Camargo\/Ag\u00eancia Brasil)","source_text":"","source_url":""},"jetpack_featured_media_url":"https:\/\/jornalfatosenoticias.com.br\/wp-content\/uploads\/2024\/02\/indio-agencia-brasil.jpg","_links":{"self":[{"href":"https:\/\/jornalfatosenoticias.com.br\/index.php\/wp-json\/wp\/v2\/posts\/48937","targetHints":{"allow":["GET"]}}],"collection":[{"href":"https:\/\/jornalfatosenoticias.com.br\/index.php\/wp-json\/wp\/v2\/posts"}],"about":[{"href":"https:\/\/jornalfatosenoticias.com.br\/index.php\/wp-json\/wp\/v2\/types\/post"}],"author":[{"embeddable":true,"href":"https:\/\/jornalfatosenoticias.com.br\/index.php\/wp-json\/wp\/v2\/users\/3"}],"replies":[{"embeddable":true,"href":"https:\/\/jornalfatosenoticias.com.br\/index.php\/wp-json\/wp\/v2\/comments?post=48937"}],"version-history":[{"count":0,"href":"https:\/\/jornalfatosenoticias.com.br\/index.php\/wp-json\/wp\/v2\/posts\/48937\/revisions"}],"wp:featuredmedia":[{"embeddable":true,"href":"https:\/\/jornalfatosenoticias.com.br\/index.php\/wp-json\/wp\/v2\/media\/48942"}],"wp:attachment":[{"href":"https:\/\/jornalfatosenoticias.com.br\/index.php\/wp-json\/wp\/v2\/media?parent=48937"}],"wp:term":[{"taxonomy":"category","embeddable":true,"href":"https:\/\/jornalfatosenoticias.com.br\/index.php\/wp-json\/wp\/v2\/categories?post=48937"},{"taxonomy":"post_tag","embeddable":true,"href":"https:\/\/jornalfatosenoticias.com.br\/index.php\/wp-json\/wp\/v2\/tags?post=48937"}],"curies":[{"name":"wp","href":"https:\/\/api.w.org\/{rel}","templated":true}]}}