{"id":49028,"date":"2024-02-06T14:52:02","date_gmt":"2024-02-06T17:52:02","guid":{"rendered":"https:\/\/jornalfatosenoticias.com.br\/?p=49028"},"modified":"2024-02-06T14:52:04","modified_gmt":"2024-02-06T17:52:04","slug":"aviao-eletrico-diferentao-chega-em-poucos-anos","status":"publish","type":"post","link":"https:\/\/jornalfatosenoticias.com.br\/index.php\/2024\/02\/06\/aviao-eletrico-diferentao-chega-em-poucos-anos\/","title":{"rendered":"Avi\u00e3o el\u00e9trico diferent\u00e3o chega em poucos anos"},"content":{"rendered":"\n<p><em><span class=\"has-inline-color has-black-color\">Mesmo com ascens\u00e3o dos &#8220;carros voadores&#8221;, empresa aposta em avi\u00e3o el\u00e9trico que pode decolar e pousar em pequenas pistas<\/span><\/em><\/p>\n\n\n\n<p>Por <strong><a href=\"https:\/\/olhardigital.com.br\/author\/vitoria-gomez\/\">Vitoria Lopes Gomez<\/a><\/strong><\/p>\n\n\n\n<div class=\"wp-block-image\"><figure class=\"aligncenter size-large\"><img loading=\"lazy\" decoding=\"async\" width=\"1024\" height=\"100\" src=\"https:\/\/jornalfatosenoticias.com.br\/wp-content\/uploads\/2020\/02\/banner_ferramentas-1024x100.jpg\" alt=\"\" class=\"wp-image-1258\" srcset=\"https:\/\/jornalfatosenoticias.com.br\/wp-content\/uploads\/2020\/02\/banner_ferramentas-1024x100.jpg 1024w, https:\/\/jornalfatosenoticias.com.br\/wp-content\/uploads\/2020\/02\/banner_ferramentas-300x29.jpg 300w, https:\/\/jornalfatosenoticias.com.br\/wp-content\/uploads\/2020\/02\/banner_ferramentas-768x75.jpg 768w, https:\/\/jornalfatosenoticias.com.br\/wp-content\/uploads\/2020\/02\/banner_ferramentas.jpg 1227w\" sizes=\"auto, (max-width: 1024px) 100vw, 1024px\" \/><\/figure><\/div>\n\n\n\n<p>Em meio aos eVTols, os famosos \u201c<a href=\"https:\/\/olhardigital.com.br\/tag\/carros-voadores\/\" target=\"_blank\" rel=\"noreferrer noopener\">carros voadores<\/a>\u201c, uma empresa resolveu se manter no tradicional dos avi\u00f5es\u2026 mas nem tanto. A Electra est\u00e1 desenvolvendo um\u00a0<a href=\"https:\/\/olhardigital.com.br\/tag\/aviao-eletrico\/\" target=\"_blank\" rel=\"noreferrer noopener\">avi\u00e3o el\u00e9trico<\/a> diferent\u00e3o, que pode decolar e pousar em velocidades lentas, usando pistas min\u00fasculas, e ainda assim transportar uma quantidade consider\u00e1vel de passageiros.<br>O modelo pertence a uma categoria chamada STOL, que significa decolagem e pousos curtos. Por causa dessa caracter\u00edstica, ele decola e pousa em velocidades lentas. O avi\u00e3o da Electra comporta nove passageiros, al\u00e9m de bagagem. Ele pode atingir at\u00e9 805 km\/h e uma velocidade de cruzeiro de 322 km\/h, usando oito h\u00e9lices el\u00e9tricas. Al\u00e9m das h\u00e9lices, ele tem abas penduradas nas bordas traseiras, que d\u00e3o um efeito aerodin\u00e2mico que permite al\u00e7ar voo a apenas 56 km\/h.<\/p>\n\n\n\n<div class=\"wp-block-image\"><figure class=\"aligncenter size-large\"><img decoding=\"async\" src=\"https:\/\/jornalfatosenoticias.com.br\/wp-content\/uploads\/2020\/02\/barao-das-carnes-300x164-1.jpg\" alt=\"\" class=\"wp-image-34339\"\/><\/figure><\/div>\n\n\n\n<h3 class=\"wp-block-heading\"><span class=\"has-inline-color has-black-color\">Ele ficar\u00e1 assim quando estiver pronto:<\/span><\/h3>\n\n\n\n<div class=\"wp-block-image\"><figure class=\"aligncenter size-large\"><img loading=\"lazy\" decoding=\"async\" width=\"990\" height=\"552\" src=\"https:\/\/jornalfatosenoticias.com.br\/wp-content\/uploads\/2024\/02\/aviao-eletrico2.png\" alt=\"\" class=\"wp-image-49029\" srcset=\"https:\/\/jornalfatosenoticias.com.br\/wp-content\/uploads\/2024\/02\/aviao-eletrico2.png 990w, https:\/\/jornalfatosenoticias.com.br\/wp-content\/uploads\/2024\/02\/aviao-eletrico2-300x167.png 300w, https:\/\/jornalfatosenoticias.com.br\/wp-content\/uploads\/2024\/02\/aviao-eletrico2-768x428.png 768w\" sizes=\"auto, (max-width: 990px) 100vw, 990px\" \/><figcaption><em><span class=\"has-inline-color has-black-color\">(Foto: Electra\/Divulga\u00e7\u00e3o)<\/span><\/em><\/figcaption><\/figure><\/div>\n\n\n\n<p>Segundo a Electra, o pouso pode ser feito em \u00e1reas pequenas, como aer\u00f3dromos de menos 100 metros de comprimento ou at\u00e9 no topo de alguns edif\u00edcios. Ou seja, mesmo que ele n\u00e3o seja t\u00e3o compacto quanto os carros voadores, ainda pode ser flex\u00edvel para a mobilidade urbana.<\/p>\n\n\n\n<div class=\"wp-block-image\"><figure class=\"aligncenter size-large is-resized\"><img loading=\"lazy\" decoding=\"async\" src=\"https:\/\/jornalfatosenoticias.com.br\/wp-content\/uploads\/2022\/10\/RC_800x750_page-0001.jpg\" alt=\"\" class=\"wp-image-35338\" width=\"294\" height=\"276\" srcset=\"https:\/\/jornalfatosenoticias.com.br\/wp-content\/uploads\/2022\/10\/RC_800x750_page-0001.jpg 400w, https:\/\/jornalfatosenoticias.com.br\/wp-content\/uploads\/2022\/10\/RC_800x750_page-0001-300x281.jpg 300w\" sizes=\"auto, (max-width: 294px) 100vw, 294px\" \/><\/figure><\/div>\n\n\n\n<p>O avi\u00e3o el\u00e9trico animou investidores e j\u00e1 angariou mais US$ 8 bilh\u00f5es em pr\u00e9-encomendas de duas mil aeronaves, segundo o <em><a href=\"https:\/\/newatlas.com\/aircraft\/electra-estol-preorders\/\" target=\"_blank\" rel=\"noreferrer noopener\">New Atlas<\/a><\/em>. Como ele n\u00e3o se enquadra como um eVTol, o caminho para a autoriza\u00e7\u00e3o e regula\u00e7\u00e3o deve ser mais simples. A previs\u00e3o de certifica\u00e7\u00e3o e in\u00edcio da opera\u00e7\u00e3o comercial \u00e9 em 2028. <\/p>\n\n\n\n<figure class=\"wp-block-embed-youtube wp-block-embed is-type-video is-provider-youtube wp-embed-aspect-16-9 wp-has-aspect-ratio\"><div class=\"wp-block-embed__wrapper\">\n<iframe loading=\"lazy\" title=\"Electra First Hybrid Electric Flight\" width=\"660\" height=\"371\" src=\"https:\/\/www.youtube.com\/embed\/5mM9QPcOgeI?feature=oembed\" frameborder=\"0\" allow=\"accelerometer; autoplay; clipboard-write; encrypted-media; gyroscope; picture-in-picture; web-share\" referrerpolicy=\"strict-origin-when-cross-origin\" allowfullscreen><\/iframe>\n<\/div><\/figure>\n\n\n\n<p>A Electra j\u00e1 testou um prot\u00f3tipo de dois lugares em novembro do ano passado (veja no v\u00eddeo abaixo) e est\u00e1 desenvolvendo um prot\u00f3tipo em tamanho real de nove lugares programado para voar em 2026.<\/p>\n\n\n\n<div class=\"wp-block-image\"><figure class=\"aligncenter size-large is-resized\"><img loading=\"lazy\" decoding=\"async\" src=\"https:\/\/jornalfatosenoticias.com.br\/wp-content\/uploads\/2023\/08\/BKR-1024x1021.jpg\" alt=\"\" class=\"wp-image-44494\" width=\"293\" height=\"292\" srcset=\"https:\/\/jornalfatosenoticias.com.br\/wp-content\/uploads\/2023\/08\/BKR-1024x1021.jpg 1024w, https:\/\/jornalfatosenoticias.com.br\/wp-content\/uploads\/2023\/08\/BKR-300x300.jpg 300w, https:\/\/jornalfatosenoticias.com.br\/wp-content\/uploads\/2023\/08\/BKR-150x150.jpg 150w, https:\/\/jornalfatosenoticias.com.br\/wp-content\/uploads\/2023\/08\/BKR-768x766.jpg 768w, https:\/\/jornalfatosenoticias.com.br\/wp-content\/uploads\/2023\/08\/BKR.jpg 1080w\" sizes=\"auto, (max-width: 293px) 100vw, 293px\" \/><\/figure><\/div>\n\n\n\n<h3 class=\"wp-block-heading\"><span class=\"has-inline-color has-black-color\">Veja o modelo aterrissando em um aer\u00f3dromo:<\/span><\/h3>\n\n\n\n<figure class=\"wp-block-embed-youtube wp-block-embed is-type-video is-provider-youtube wp-embed-aspect-16-9 wp-has-aspect-ratio\"><div class=\"wp-block-embed__wrapper\">\n<iframe loading=\"lazy\" title=\"Why eSTOL?\" width=\"660\" height=\"371\" src=\"https:\/\/www.youtube.com\/embed\/EIwm6lbWbe4?feature=oembed\" frameborder=\"0\" allow=\"accelerometer; autoplay; clipboard-write; encrypted-media; gyroscope; picture-in-picture; web-share\" referrerpolicy=\"strict-origin-when-cross-origin\" allowfullscreen><\/iframe>\n<\/div><\/figure>\n\n\n\n<p><strong><em>Fonte: <a href=\"https:\/\/olhardigital.com.br\/2024\/02\/01\/carros-e-tecnologia\/nada-de-carro-voador-aviao-eletrico-diferentao-chega-em-poucos-anos\/\">Olhar Digital<\/a><\/em><\/strong><\/p>\n","protected":false},"excerpt":{"rendered":"<p>Mesmo com ascens\u00e3o dos &#8220;carros voadores&#8221;, empresa aposta em avi\u00e3o el\u00e9trico que pode decolar e pousar em pequenas pistas Por Vitoria Lopes Gomez Em meio aos eVTols, os famosos \u201ccarros voadores\u201c, uma empresa resolveu se manter no tradicional dos avi\u00f5es\u2026 mas nem tanto. A Electra est\u00e1 desenvolvendo um\u00a0avi\u00e3o el\u00e9trico diferent\u00e3o, que pode decolar e pousar [&hellip;]<\/p>\n","protected":false},"author":2,"featured_media":49030,"comment_status":"open","ping_status":"open","sticky":false,"template":"","format":"standard","meta":{"footnotes":""},"categories":[9923],"tags":[2752,3049,15938],"class_list":["post-49028","post","type-post","status-publish","format-standard","has-post-thumbnail","hentry","category-mobilidade","tag-aviao","tag-aviao-eletrico","tag-electra"],"yoast_head":"<!-- This site is optimized with the Yoast SEO plugin v26.5 - https:\/\/yoast.com\/wordpress\/plugins\/seo\/ -->\n<title>Avi\u00e3o el\u00e9trico diferent\u00e3o chega em poucos anos - Jornal Fatos e Not\u00edcias<\/title>\n<meta name=\"robots\" content=\"index, follow, max-snippet:-1, max-image-preview:large, max-video-preview:-1\" \/>\n<link rel=\"canonical\" href=\"https:\/\/jornalfatosenoticias.com.br\/index.php\/2024\/02\/06\/aviao-eletrico-diferentao-chega-em-poucos-anos\/\" \/>\n<meta property=\"og:locale\" content=\"pt_BR\" \/>\n<meta property=\"og:type\" content=\"article\" \/>\n<meta property=\"og:title\" content=\"Avi\u00e3o el\u00e9trico diferent\u00e3o chega em poucos anos - Jornal Fatos e Not\u00edcias\" \/>\n<meta property=\"og:description\" content=\"Mesmo com ascens\u00e3o dos &#8220;carros voadores&#8221;, empresa aposta em avi\u00e3o el\u00e9trico que pode decolar e pousar em pequenas pistas Por Vitoria Lopes Gomez Em meio aos eVTols, os famosos \u201ccarros voadores\u201c, uma empresa resolveu se manter no tradicional dos avi\u00f5es\u2026 mas nem tanto. A Electra est\u00e1 desenvolvendo um\u00a0avi\u00e3o el\u00e9trico diferent\u00e3o, que pode decolar e pousar [&hellip;]\" \/>\n<meta property=\"og:url\" content=\"https:\/\/jornalfatosenoticias.com.br\/index.php\/2024\/02\/06\/aviao-eletrico-diferentao-chega-em-poucos-anos\/\" \/>\n<meta property=\"og:site_name\" content=\"Jornal Fatos e Not\u00edcias\" \/>\n<meta property=\"article:published_time\" content=\"2024-02-06T17:52:02+00:00\" \/>\n<meta property=\"article:modified_time\" content=\"2024-02-06T17:52:04+00:00\" \/>\n<meta property=\"og:image\" content=\"https:\/\/jornalfatosenoticias.com.br\/wp-content\/uploads\/2024\/02\/electra-aviao-eletrico.jpg\" \/>\n\t<meta property=\"og:image:width\" content=\"1000\" \/>\n\t<meta property=\"og:image:height\" content=\"562\" \/>\n\t<meta property=\"og:image:type\" content=\"image\/jpeg\" \/>\n<meta name=\"author\" content=\"Luzimara Fernandes\" \/>\n<meta name=\"twitter:card\" content=\"summary_large_image\" \/>\n<meta name=\"twitter:label1\" content=\"Escrito por\" \/>\n\t<meta name=\"twitter:data1\" content=\"Luzimara Fernandes\" \/>\n\t<meta name=\"twitter:label2\" content=\"Est. tempo de leitura\" \/>\n\t<meta name=\"twitter:data2\" content=\"2 minutos\" \/>\n<script type=\"application\/ld+json\" class=\"yoast-schema-graph\">{\"@context\":\"https:\/\/schema.org\",\"@graph\":[{\"@type\":\"Article\",\"@id\":\"https:\/\/jornalfatosenoticias.com.br\/index.php\/2024\/02\/06\/aviao-eletrico-diferentao-chega-em-poucos-anos\/#article\",\"isPartOf\":{\"@id\":\"https:\/\/jornalfatosenoticias.com.br\/index.php\/2024\/02\/06\/aviao-eletrico-diferentao-chega-em-poucos-anos\/\"},\"author\":{\"name\":\"Luzimara Fernandes\",\"@id\":\"https:\/\/jornalfatosenoticias.com.br\/#\/schema\/person\/d63837fa13ac8666eb9e74e0985d6f81\"},\"headline\":\"Avi\u00e3o el\u00e9trico diferent\u00e3o chega em poucos anos\",\"datePublished\":\"2024-02-06T17:52:02+00:00\",\"dateModified\":\"2024-02-06T17:52:04+00:00\",\"mainEntityOfPage\":{\"@id\":\"https:\/\/jornalfatosenoticias.com.br\/index.php\/2024\/02\/06\/aviao-eletrico-diferentao-chega-em-poucos-anos\/\"},\"wordCount\":405,\"commentCount\":0,\"publisher\":{\"@id\":\"https:\/\/jornalfatosenoticias.com.br\/#organization\"},\"image\":{\"@id\":\"https:\/\/jornalfatosenoticias.com.br\/index.php\/2024\/02\/06\/aviao-eletrico-diferentao-chega-em-poucos-anos\/#primaryimage\"},\"thumbnailUrl\":\"https:\/\/jornalfatosenoticias.com.br\/wp-content\/uploads\/2024\/02\/electra-aviao-eletrico.jpg\",\"keywords\":[\"avi\u00e3o\",\"avi\u00e3o el\u00e9trico\",\"Electra\"],\"articleSection\":[\"Mobilidade\"],\"inLanguage\":\"pt-BR\",\"potentialAction\":[{\"@type\":\"CommentAction\",\"name\":\"Comment\",\"target\":[\"https:\/\/jornalfatosenoticias.com.br\/index.php\/2024\/02\/06\/aviao-eletrico-diferentao-chega-em-poucos-anos\/#respond\"]}]},{\"@type\":\"WebPage\",\"@id\":\"https:\/\/jornalfatosenoticias.com.br\/index.php\/2024\/02\/06\/aviao-eletrico-diferentao-chega-em-poucos-anos\/\",\"url\":\"https:\/\/jornalfatosenoticias.com.br\/index.php\/2024\/02\/06\/aviao-eletrico-diferentao-chega-em-poucos-anos\/\",\"name\":\"Avi\u00e3o el\u00e9trico diferent\u00e3o chega em poucos anos - Jornal Fatos e Not\u00edcias\",\"isPartOf\":{\"@id\":\"https:\/\/jornalfatosenoticias.com.br\/#website\"},\"primaryImageOfPage\":{\"@id\":\"https:\/\/jornalfatosenoticias.com.br\/index.php\/2024\/02\/06\/aviao-eletrico-diferentao-chega-em-poucos-anos\/#primaryimage\"},\"image\":{\"@id\":\"https:\/\/jornalfatosenoticias.com.br\/index.php\/2024\/02\/06\/aviao-eletrico-diferentao-chega-em-poucos-anos\/#primaryimage\"},\"thumbnailUrl\":\"https:\/\/jornalfatosenoticias.com.br\/wp-content\/uploads\/2024\/02\/electra-aviao-eletrico.jpg\",\"datePublished\":\"2024-02-06T17:52:02+00:00\",\"dateModified\":\"2024-02-06T17:52:04+00:00\",\"breadcrumb\":{\"@id\":\"https:\/\/jornalfatosenoticias.com.br\/index.php\/2024\/02\/06\/aviao-eletrico-diferentao-chega-em-poucos-anos\/#breadcrumb\"},\"inLanguage\":\"pt-BR\",\"potentialAction\":[{\"@type\":\"ReadAction\",\"target\":[\"https:\/\/jornalfatosenoticias.com.br\/index.php\/2024\/02\/06\/aviao-eletrico-diferentao-chega-em-poucos-anos\/\"]}]},{\"@type\":\"ImageObject\",\"inLanguage\":\"pt-BR\",\"@id\":\"https:\/\/jornalfatosenoticias.com.br\/index.php\/2024\/02\/06\/aviao-eletrico-diferentao-chega-em-poucos-anos\/#primaryimage\",\"url\":\"https:\/\/jornalfatosenoticias.com.br\/wp-content\/uploads\/2024\/02\/electra-aviao-eletrico.jpg\",\"contentUrl\":\"https:\/\/jornalfatosenoticias.com.br\/wp-content\/uploads\/2024\/02\/electra-aviao-eletrico.jpg\",\"width\":1000,\"height\":562},{\"@type\":\"BreadcrumbList\",\"@id\":\"https:\/\/jornalfatosenoticias.com.br\/index.php\/2024\/02\/06\/aviao-eletrico-diferentao-chega-em-poucos-anos\/#breadcrumb\",\"itemListElement\":[{\"@type\":\"ListItem\",\"position\":1,\"name\":\"In\u00edcio\",\"item\":\"https:\/\/jornalfatosenoticias.com.br\/\"},{\"@type\":\"ListItem\",\"position\":2,\"name\":\"Avi\u00e3o el\u00e9trico diferent\u00e3o chega em poucos anos\"}]},{\"@type\":\"WebSite\",\"@id\":\"https:\/\/jornalfatosenoticias.com.br\/#website\",\"url\":\"https:\/\/jornalfatosenoticias.com.br\/\",\"name\":\"Jornal Fatos e Not\u00edcias\",\"description\":\"Not\u00edcias em geral\",\"publisher\":{\"@id\":\"https:\/\/jornalfatosenoticias.com.br\/#organization\"},\"potentialAction\":[{\"@type\":\"SearchAction\",\"target\":{\"@type\":\"EntryPoint\",\"urlTemplate\":\"https:\/\/jornalfatosenoticias.com.br\/?s={search_term_string}\"},\"query-input\":{\"@type\":\"PropertyValueSpecification\",\"valueRequired\":true,\"valueName\":\"search_term_string\"}}],\"inLanguage\":\"pt-BR\"},{\"@type\":\"Organization\",\"@id\":\"https:\/\/jornalfatosenoticias.com.br\/#organization\",\"name\":\"Jornal Fatos e Not\u00edcias\",\"url\":\"https:\/\/jornalfatosenoticias.com.br\/\",\"logo\":{\"@type\":\"ImageObject\",\"inLanguage\":\"pt-BR\",\"@id\":\"https:\/\/jornalfatosenoticias.com.br\/#\/schema\/logo\/image\/\",\"url\":\"https:\/\/jornalfatosenoticias.com.br\/wp-content\/uploads\/2020\/02\/logo120.png\",\"contentUrl\":\"https:\/\/jornalfatosenoticias.com.br\/wp-content\/uploads\/2020\/02\/logo120.png\",\"width\":1227,\"height\":120,\"caption\":\"Jornal Fatos e Not\u00edcias\"},\"image\":{\"@id\":\"https:\/\/jornalfatosenoticias.com.br\/#\/schema\/logo\/image\/\"}},{\"@type\":\"Person\",\"@id\":\"https:\/\/jornalfatosenoticias.com.br\/#\/schema\/person\/d63837fa13ac8666eb9e74e0985d6f81\",\"name\":\"Luzimara Fernandes\",\"image\":{\"@type\":\"ImageObject\",\"inLanguage\":\"pt-BR\",\"@id\":\"https:\/\/jornalfatosenoticias.com.br\/#\/schema\/person\/image\/\",\"url\":\"https:\/\/jornalfatosenoticias.com.br\/wp-content\/uploads\/2025\/05\/EU_portal.jpg\",\"contentUrl\":\"https:\/\/jornalfatosenoticias.com.br\/wp-content\/uploads\/2025\/05\/EU_portal.jpg\",\"caption\":\"Luzimara Fernandes\"},\"description\":\"Jornalista MTB 2358-ES\",\"sameAs\":[\"https:\/\/jornalfatosenoticias.com.br\"],\"url\":\"https:\/\/jornalfatosenoticias.com.br\/index.php\/author\/luzimara\/\"}]}<\/script>\n<!-- \/ Yoast SEO plugin. -->","yoast_head_json":{"title":"Avi\u00e3o el\u00e9trico diferent\u00e3o chega em poucos anos - Jornal Fatos e Not\u00edcias","robots":{"index":"index","follow":"follow","max-snippet":"max-snippet:-1","max-image-preview":"max-image-preview:large","max-video-preview":"max-video-preview:-1"},"canonical":"https:\/\/jornalfatosenoticias.com.br\/index.php\/2024\/02\/06\/aviao-eletrico-diferentao-chega-em-poucos-anos\/","og_locale":"pt_BR","og_type":"article","og_title":"Avi\u00e3o el\u00e9trico diferent\u00e3o chega em poucos anos - Jornal Fatos e Not\u00edcias","og_description":"Mesmo com ascens\u00e3o dos &#8220;carros voadores&#8221;, empresa aposta em avi\u00e3o el\u00e9trico que pode decolar e pousar em pequenas pistas Por Vitoria Lopes Gomez Em meio aos eVTols, os famosos \u201ccarros voadores\u201c, uma empresa resolveu se manter no tradicional dos avi\u00f5es\u2026 mas nem tanto. A Electra est\u00e1 desenvolvendo um\u00a0avi\u00e3o el\u00e9trico diferent\u00e3o, que pode decolar e pousar [&hellip;]","og_url":"https:\/\/jornalfatosenoticias.com.br\/index.php\/2024\/02\/06\/aviao-eletrico-diferentao-chega-em-poucos-anos\/","og_site_name":"Jornal Fatos e Not\u00edcias","article_published_time":"2024-02-06T17:52:02+00:00","article_modified_time":"2024-02-06T17:52:04+00:00","og_image":[{"width":1000,"height":562,"url":"https:\/\/jornalfatosenoticias.com.br\/wp-content\/uploads\/2024\/02\/electra-aviao-eletrico.jpg","type":"image\/jpeg"}],"author":"Luzimara Fernandes","twitter_card":"summary_large_image","twitter_misc":{"Escrito por":"Luzimara Fernandes","Est. tempo de leitura":"2 minutos"},"schema":{"@context":"https:\/\/schema.org","@graph":[{"@type":"Article","@id":"https:\/\/jornalfatosenoticias.com.br\/index.php\/2024\/02\/06\/aviao-eletrico-diferentao-chega-em-poucos-anos\/#article","isPartOf":{"@id":"https:\/\/jornalfatosenoticias.com.br\/index.php\/2024\/02\/06\/aviao-eletrico-diferentao-chega-em-poucos-anos\/"},"author":{"name":"Luzimara Fernandes","@id":"https:\/\/jornalfatosenoticias.com.br\/#\/schema\/person\/d63837fa13ac8666eb9e74e0985d6f81"},"headline":"Avi\u00e3o el\u00e9trico diferent\u00e3o chega em poucos anos","datePublished":"2024-02-06T17:52:02+00:00","dateModified":"2024-02-06T17:52:04+00:00","mainEntityOfPage":{"@id":"https:\/\/jornalfatosenoticias.com.br\/index.php\/2024\/02\/06\/aviao-eletrico-diferentao-chega-em-poucos-anos\/"},"wordCount":405,"commentCount":0,"publisher":{"@id":"https:\/\/jornalfatosenoticias.com.br\/#organization"},"image":{"@id":"https:\/\/jornalfatosenoticias.com.br\/index.php\/2024\/02\/06\/aviao-eletrico-diferentao-chega-em-poucos-anos\/#primaryimage"},"thumbnailUrl":"https:\/\/jornalfatosenoticias.com.br\/wp-content\/uploads\/2024\/02\/electra-aviao-eletrico.jpg","keywords":["avi\u00e3o","avi\u00e3o el\u00e9trico","Electra"],"articleSection":["Mobilidade"],"inLanguage":"pt-BR","potentialAction":[{"@type":"CommentAction","name":"Comment","target":["https:\/\/jornalfatosenoticias.com.br\/index.php\/2024\/02\/06\/aviao-eletrico-diferentao-chega-em-poucos-anos\/#respond"]}]},{"@type":"WebPage","@id":"https:\/\/jornalfatosenoticias.com.br\/index.php\/2024\/02\/06\/aviao-eletrico-diferentao-chega-em-poucos-anos\/","url":"https:\/\/jornalfatosenoticias.com.br\/index.php\/2024\/02\/06\/aviao-eletrico-diferentao-chega-em-poucos-anos\/","name":"Avi\u00e3o el\u00e9trico diferent\u00e3o chega em poucos anos - Jornal Fatos e Not\u00edcias","isPartOf":{"@id":"https:\/\/jornalfatosenoticias.com.br\/#website"},"primaryImageOfPage":{"@id":"https:\/\/jornalfatosenoticias.com.br\/index.php\/2024\/02\/06\/aviao-eletrico-diferentao-chega-em-poucos-anos\/#primaryimage"},"image":{"@id":"https:\/\/jornalfatosenoticias.com.br\/index.php\/2024\/02\/06\/aviao-eletrico-diferentao-chega-em-poucos-anos\/#primaryimage"},"thumbnailUrl":"https:\/\/jornalfatosenoticias.com.br\/wp-content\/uploads\/2024\/02\/electra-aviao-eletrico.jpg","datePublished":"2024-02-06T17:52:02+00:00","dateModified":"2024-02-06T17:52:04+00:00","breadcrumb":{"@id":"https:\/\/jornalfatosenoticias.com.br\/index.php\/2024\/02\/06\/aviao-eletrico-diferentao-chega-em-poucos-anos\/#breadcrumb"},"inLanguage":"pt-BR","potentialAction":[{"@type":"ReadAction","target":["https:\/\/jornalfatosenoticias.com.br\/index.php\/2024\/02\/06\/aviao-eletrico-diferentao-chega-em-poucos-anos\/"]}]},{"@type":"ImageObject","inLanguage":"pt-BR","@id":"https:\/\/jornalfatosenoticias.com.br\/index.php\/2024\/02\/06\/aviao-eletrico-diferentao-chega-em-poucos-anos\/#primaryimage","url":"https:\/\/jornalfatosenoticias.com.br\/wp-content\/uploads\/2024\/02\/electra-aviao-eletrico.jpg","contentUrl":"https:\/\/jornalfatosenoticias.com.br\/wp-content\/uploads\/2024\/02\/electra-aviao-eletrico.jpg","width":1000,"height":562},{"@type":"BreadcrumbList","@id":"https:\/\/jornalfatosenoticias.com.br\/index.php\/2024\/02\/06\/aviao-eletrico-diferentao-chega-em-poucos-anos\/#breadcrumb","itemListElement":[{"@type":"ListItem","position":1,"name":"In\u00edcio","item":"https:\/\/jornalfatosenoticias.com.br\/"},{"@type":"ListItem","position":2,"name":"Avi\u00e3o el\u00e9trico diferent\u00e3o chega em poucos anos"}]},{"@type":"WebSite","@id":"https:\/\/jornalfatosenoticias.com.br\/#website","url":"https:\/\/jornalfatosenoticias.com.br\/","name":"Jornal Fatos e Not\u00edcias","description":"Not\u00edcias em geral","publisher":{"@id":"https:\/\/jornalfatosenoticias.com.br\/#organization"},"potentialAction":[{"@type":"SearchAction","target":{"@type":"EntryPoint","urlTemplate":"https:\/\/jornalfatosenoticias.com.br\/?s={search_term_string}"},"query-input":{"@type":"PropertyValueSpecification","valueRequired":true,"valueName":"search_term_string"}}],"inLanguage":"pt-BR"},{"@type":"Organization","@id":"https:\/\/jornalfatosenoticias.com.br\/#organization","name":"Jornal Fatos e Not\u00edcias","url":"https:\/\/jornalfatosenoticias.com.br\/","logo":{"@type":"ImageObject","inLanguage":"pt-BR","@id":"https:\/\/jornalfatosenoticias.com.br\/#\/schema\/logo\/image\/","url":"https:\/\/jornalfatosenoticias.com.br\/wp-content\/uploads\/2020\/02\/logo120.png","contentUrl":"https:\/\/jornalfatosenoticias.com.br\/wp-content\/uploads\/2020\/02\/logo120.png","width":1227,"height":120,"caption":"Jornal Fatos e Not\u00edcias"},"image":{"@id":"https:\/\/jornalfatosenoticias.com.br\/#\/schema\/logo\/image\/"}},{"@type":"Person","@id":"https:\/\/jornalfatosenoticias.com.br\/#\/schema\/person\/d63837fa13ac8666eb9e74e0985d6f81","name":"Luzimara Fernandes","image":{"@type":"ImageObject","inLanguage":"pt-BR","@id":"https:\/\/jornalfatosenoticias.com.br\/#\/schema\/person\/image\/","url":"https:\/\/jornalfatosenoticias.com.br\/wp-content\/uploads\/2025\/05\/EU_portal.jpg","contentUrl":"https:\/\/jornalfatosenoticias.com.br\/wp-content\/uploads\/2025\/05\/EU_portal.jpg","caption":"Luzimara Fernandes"},"description":"Jornalista MTB 2358-ES","sameAs":["https:\/\/jornalfatosenoticias.com.br"],"url":"https:\/\/jornalfatosenoticias.com.br\/index.php\/author\/luzimara\/"}]}},"cc_featured_image_caption":{"caption_text":"(Foto: Electra\/Divulga\u00e7\u00e3o) ","source_text":"","source_url":""},"jetpack_featured_media_url":"https:\/\/jornalfatosenoticias.com.br\/wp-content\/uploads\/2024\/02\/electra-aviao-eletrico.jpg","_links":{"self":[{"href":"https:\/\/jornalfatosenoticias.com.br\/index.php\/wp-json\/wp\/v2\/posts\/49028","targetHints":{"allow":["GET"]}}],"collection":[{"href":"https:\/\/jornalfatosenoticias.com.br\/index.php\/wp-json\/wp\/v2\/posts"}],"about":[{"href":"https:\/\/jornalfatosenoticias.com.br\/index.php\/wp-json\/wp\/v2\/types\/post"}],"author":[{"embeddable":true,"href":"https:\/\/jornalfatosenoticias.com.br\/index.php\/wp-json\/wp\/v2\/users\/2"}],"replies":[{"embeddable":true,"href":"https:\/\/jornalfatosenoticias.com.br\/index.php\/wp-json\/wp\/v2\/comments?post=49028"}],"version-history":[{"count":0,"href":"https:\/\/jornalfatosenoticias.com.br\/index.php\/wp-json\/wp\/v2\/posts\/49028\/revisions"}],"wp:featuredmedia":[{"embeddable":true,"href":"https:\/\/jornalfatosenoticias.com.br\/index.php\/wp-json\/wp\/v2\/media\/49030"}],"wp:attachment":[{"href":"https:\/\/jornalfatosenoticias.com.br\/index.php\/wp-json\/wp\/v2\/media?parent=49028"}],"wp:term":[{"taxonomy":"category","embeddable":true,"href":"https:\/\/jornalfatosenoticias.com.br\/index.php\/wp-json\/wp\/v2\/categories?post=49028"},{"taxonomy":"post_tag","embeddable":true,"href":"https:\/\/jornalfatosenoticias.com.br\/index.php\/wp-json\/wp\/v2\/tags?post=49028"}],"curies":[{"name":"wp","href":"https:\/\/api.w.org\/{rel}","templated":true}]}}