{"id":49063,"date":"2024-02-06T17:52:45","date_gmt":"2024-02-06T20:52:45","guid":{"rendered":"https:\/\/jornalfatosenoticias.com.br\/?p=49063"},"modified":"2024-02-06T17:52:45","modified_gmt":"2024-02-06T20:52:45","slug":"arthur-lira-manda-duro-recado-ao-governo-lula","status":"publish","type":"post","link":"https:\/\/jornalfatosenoticias.com.br\/index.php\/2024\/02\/06\/arthur-lira-manda-duro-recado-ao-governo-lula\/","title":{"rendered":"Arthur Lira manda duro recado ao governo Lula"},"content":{"rendered":"\n<p><span class=\"has-inline-color has-black-color\"><em>Na abertura do ano legislativo, o presidente da C\u00e2mara, Arthur Lira (PP-AL), dirigiu uma mensagem direta ao governo de Luiz In\u00e1cio Lula da Silva<\/em><\/span><\/p>\n\n\n\n<div class=\"wp-block-image\"><figure class=\"aligncenter size-large\"><img loading=\"lazy\" decoding=\"async\" width=\"729\" height=\"90\" src=\"https:\/\/jornalfatosenoticias.com.br\/wp-content\/uploads\/2020\/02\/Logo_Mizu.png\" alt=\"\" class=\"wp-image-1441\" srcset=\"https:\/\/jornalfatosenoticias.com.br\/wp-content\/uploads\/2020\/02\/Logo_Mizu.png 729w, https:\/\/jornalfatosenoticias.com.br\/wp-content\/uploads\/2020\/02\/Logo_Mizu-300x37.png 300w\" sizes=\"auto, (max-width: 729px) 100vw, 729px\" \/><\/figure><\/div>\n\n\n\n<p>Na abertura do ano legislativo, o presidente da C\u00e2mara, Arthur Lira (PP-AL), dirigiu uma mensagem direta ao governo de Luiz In\u00e1cio Lula da Silva. Diante da insatisfa\u00e7\u00e3o de parlamentares devido aos cortes nas emendas do Or\u00e7amento, Lira assegurou que o Congresso valoriza os acordos pol\u00edticos e instou o governo a cumprir \u201ca palavra dada\u201d.<br>De maneira incisiva, Lira afirmou que os trabalhos da Casa n\u00e3o ser\u00e3o interrompidos devido \u00e0s elei\u00e7\u00f5es municipais ou \u00e0 sua sucess\u00e3o no pr\u00f3ximo ano. Al\u00e9m disso, destacou que eventuais disputas pol\u00edticas entre a C\u00e2mara e o Executivo n\u00e3o prejudicar\u00e3o os afazeres legislativos.<br>Ele cobrou respeito ao que chamou de \u201cacordos firmados\u201d e ainda disse que o Or\u00e7amento da Uni\u00e3o \u201cpertence a todos, n\u00e3o apenas ao Executivo\u201d. Criticou o que chamou de \u201cburocracia t\u00e9cnica\u201d e disse que deputados e senadores t\u00eam mais conhecimento das necessidades de cada munic\u00edpio para definir a distribui\u00e7\u00e3o de recursos.<\/p>\n\n\n\n<div class=\"wp-block-image\"><figure class=\"aligncenter size-large is-resized\"><img loading=\"lazy\" decoding=\"async\" src=\"https:\/\/jornalfatosenoticias.com.br\/wp-content\/uploads\/2022\/02\/Precisao-Contabilidade-1024x724.jpg\" alt=\"\" class=\"wp-image-28088\" width=\"389\" height=\"275\"\/><\/figure><\/div>\n\n\n\n<blockquote class=\"wp-block-quote is-layout-flow wp-block-quote-is-layout-flow\"><p><span class=\"has-inline-color has-luminous-vivid-orange-color\">(A autoria do Or\u00e7amento) n\u00e3o \u00e9 e nem pode ser de autoria exclusiva do Executivo e muito menos de uma burocracia t\u00e9cnica, que apesar do seu preparo n\u00e3o foi eleita para escolher as prioridades da na\u00e7\u00e3o e n\u00e3o gasta a sola do sapato percorrendo os pequenos munic\u00edpios brasileiros como n\u00f3s senadores e deputados\u201d, disse.<\/span><\/p><\/blockquote>\n\n\n\n<p>Lira cobrou o governo pela manuten\u00e7\u00e3o de acordos firmados em 2023 e que estariam sendo descumpridos neste ano. \u201cN\u00e3o faltamos ao governo e esperamos respeito e compromisso com palavra dada\u201d, afirmou.<\/p>\n\n\n\n<div class=\"wp-block-image\"><figure class=\"aligncenter size-large is-resized\"><img loading=\"lazy\" decoding=\"async\" src=\"https:\/\/jornalfatosenoticias.com.br\/wp-content\/uploads\/2022\/10\/RC_800x750_page-0001.jpg\" alt=\"\" class=\"wp-image-35338\" width=\"336\" height=\"315\" srcset=\"https:\/\/jornalfatosenoticias.com.br\/wp-content\/uploads\/2022\/10\/RC_800x750_page-0001.jpg 400w, https:\/\/jornalfatosenoticias.com.br\/wp-content\/uploads\/2022\/10\/RC_800x750_page-0001-300x281.jpg 300w\" sizes=\"auto, (max-width: 336px) 100vw, 336px\" \/><\/figure><\/div>\n\n\n\n<blockquote class=\"wp-block-quote is-layout-flow wp-block-quote-is-layout-flow\"><p><span class=\"has-inline-color has-luminous-vivid-orange-color\">Errar\u00e1 grosseiramente qualquer um que aposte numa suposta in\u00e9rcia desta C\u00e2mara neste ano de 2024 em raz\u00e3o sejam das elei\u00e7\u00f5es municipais, seja ainda em raz\u00e3o de especula\u00e7\u00f5es de elei\u00e7\u00f5es da Mesa Diretora no pr\u00f3ximo ano. Errar\u00e1 ainda mais quem apostar na omiss\u00e3o desta Casa em raz\u00e3o de uma suposta disputa pol\u00edtica entre a C\u00e2mara e o Poder Executivo\u201d, disse Lira.<\/span><\/p><\/blockquote>\n\n\n\n<div class=\"wp-block-image\"><figure class=\"aligncenter size-large is-resized\"><img loading=\"lazy\" decoding=\"async\" src=\"https:\/\/jornalfatosenoticias.com.br\/wp-content\/uploads\/2023\/03\/logo-Panper_portal.jpg\" alt=\"\" class=\"wp-image-40208\" width=\"361\" height=\"250\" srcset=\"https:\/\/jornalfatosenoticias.com.br\/wp-content\/uploads\/2023\/03\/logo-Panper_portal.jpg 400w, https:\/\/jornalfatosenoticias.com.br\/wp-content\/uploads\/2023\/03\/logo-Panper_portal-300x208.jpg 300w\" sizes=\"auto, (max-width: 361px) 100vw, 361px\" \/><\/figure><\/div>\n\n\n\n<p>Segundo o presidente da C\u00e2mara, as aprova\u00e7\u00f5es de propostas do Executivo em 2023 \u201cser\u00e1 a t\u00f4nica de 2024\u2033, desde que prevale\u00e7a o que ele chamou de \u201cexemplo de boa pol\u00edtica e honradez com os compromissos assumidos\u201d. \u201cA boa pol\u00edtica, como sabemos, apoia-se num pilar essencial: o respeito aos acordos firmados e o compromisso \u00e0 palavra empenhada. E esse exemplo de boa pol\u00edtica e honradez com os compromissos assumidos dados por esta Casa que marcou o ano de 2023 e permitiu que tantos avan\u00e7os tamb\u00e9m ser\u00e1 a t\u00f4nica de 2024. E \u00e9 por nos mantermos fi\u00e9is \u00e0 boa pol\u00edtica e ao cumprimento de todos os ajustes que firmamos que exigimos como natural e contrapartida o respeito \u00e0s decis\u00f5es e o fiel cumprimento aos acordos firmados com o Parlamento. Conquistas como a desonera\u00e7\u00e3o e o Perse, essencial para milh\u00f5es de empregos de um setor devastado pela pandemia, n\u00e3o podem retroceder sem uma ampla discuss\u00e3o com este parlamento\u201d, afirmou Lira.<\/p>\n\n\n\n<div class=\"wp-block-image\"><figure class=\"aligncenter size-large is-resized\"><img loading=\"lazy\" decoding=\"async\" src=\"https:\/\/jornalfatosenoticias.com.br\/wp-content\/uploads\/2024\/01\/consultoria-ambiental.jpg\" alt=\"\" class=\"wp-image-48314\" width=\"355\" height=\"321\" srcset=\"https:\/\/jornalfatosenoticias.com.br\/wp-content\/uploads\/2024\/01\/consultoria-ambiental.jpg 832w, https:\/\/jornalfatosenoticias.com.br\/wp-content\/uploads\/2024\/01\/consultoria-ambiental-300x272.jpg 300w, https:\/\/jornalfatosenoticias.com.br\/wp-content\/uploads\/2024\/01\/consultoria-ambiental-768x696.jpg 768w\" sizes=\"auto, (max-width: 355px) 100vw, 355px\" \/><\/figure><\/div>\n\n\n\n<p>O l\u00edder da C\u00e2mara ressaltou que o legislativo foi pioneiro ao oficializar o veredito das elei\u00e7\u00f5es de 2022, mesmo ap\u00f3s o pr\u00f3prio ter apoiado ativamente o ex-presidente Jair Bolsonaro durante a campanha. Ele assegurou ainda que os parlamentares desempenhar\u00e3o seu papel de criar leis e aprovar todas as propostas ben\u00e9ficas ao pa\u00eds, sem ser fonte de conflitos ou desequil\u00edbrios.<\/p>\n\n\n\n<div class=\"wp-block-image\"><figure class=\"aligncenter size-large is-resized\"><img loading=\"lazy\" decoding=\"async\" src=\"https:\/\/jornalfatosenoticias.com.br\/wp-content\/uploads\/2023\/09\/vetorvix1024_1.jpg\" alt=\"\" class=\"wp-image-44868\" width=\"531\" height=\"141\" srcset=\"https:\/\/jornalfatosenoticias.com.br\/wp-content\/uploads\/2023\/09\/vetorvix1024_1.jpg 1024w, https:\/\/jornalfatosenoticias.com.br\/wp-content\/uploads\/2023\/09\/vetorvix1024_1-300x80.jpg 300w, https:\/\/jornalfatosenoticias.com.br\/wp-content\/uploads\/2023\/09\/vetorvix1024_1-768x205.jpg 768w\" sizes=\"auto, (max-width: 531px) 100vw, 531px\" \/><\/figure><\/div>\n\n\n\n<p><strong><span class=\"has-inline-color has-black-color\">As prioridades da C\u00e2mara para 2024, segundo Lira<br><\/span><\/strong>O l\u00edder da C\u00e2mara declarou que as principais prioridades da institui\u00e7\u00e3o para este ano incluem a regulamenta\u00e7\u00e3o da reforma tribut\u00e1ria, a abordagem da reforma administrativa e a promo\u00e7\u00e3o da pauta ambiental, apoiada pelo ministro da Fazenda, Fernando Haddad. Quanto \u00e0 reforma administrativa, no entanto, Lira ressaltou que a proposta s\u00f3 avan\u00e7ar\u00e1 se houver um consenso m\u00ednimo entre os l\u00edderes da Casa.<\/p>\n\n\n\n<div class=\"wp-block-image\"><figure class=\"aligncenter size-large\"><img decoding=\"async\" src=\"https:\/\/jornalfatosenoticias.com.br\/wp-content\/uploads\/2020\/02\/logo_esteio.jpg\" alt=\"\" class=\"wp-image-1214\"\/><\/figure><\/div>\n\n\n\n<blockquote class=\"wp-block-quote is-layout-flow wp-block-quote-is-layout-flow\"><p><span class=\"has-inline-color has-luminous-vivid-orange-color\">Todos sabem que defendo a necessidade de uma reforma administrativa que atualize o servi\u00e7o p\u00fablico brasileiro para a terceira d\u00e9cada deste mil\u00eanio. Trata-se de uma proposta que mantenha as conquistas, mas que acima de tudo busca racionalidade, efici\u00eancia e melhor presta\u00e7\u00e3o de servi\u00e7os \u00e0 popula\u00e7\u00e3o. Vontade foi e ser\u00e1 sempre submetida \u00e0 discuss\u00e3o democr\u00e1tica e s\u00f3 vai adiante quando for basicamente consensuada. Nossa agenda \u00e9 discutida \u00e0 luz do dia, com transpar\u00eancia atrav\u00e9s do col\u00e9gio de l\u00edderes\u201d, afirmou.<\/span><\/p><\/blockquote>\n\n\n\n<div class=\"wp-block-image\"><figure class=\"aligncenter size-large is-resized\"><img loading=\"lazy\" decoding=\"async\" src=\"https:\/\/jornalfatosenoticias.com.br\/wp-content\/uploads\/2023\/08\/BKR-1024x1021.jpg\" alt=\"\" class=\"wp-image-44494\" width=\"320\" height=\"319\" srcset=\"https:\/\/jornalfatosenoticias.com.br\/wp-content\/uploads\/2023\/08\/BKR-1024x1021.jpg 1024w, https:\/\/jornalfatosenoticias.com.br\/wp-content\/uploads\/2023\/08\/BKR-300x300.jpg 300w, https:\/\/jornalfatosenoticias.com.br\/wp-content\/uploads\/2023\/08\/BKR-150x150.jpg 150w, https:\/\/jornalfatosenoticias.com.br\/wp-content\/uploads\/2023\/08\/BKR-768x766.jpg 768w, https:\/\/jornalfatosenoticias.com.br\/wp-content\/uploads\/2023\/08\/BKR.jpg 1080w\" sizes=\"auto, (max-width: 320px) 100vw, 320px\" \/><\/figure><\/div>\n\n\n\n<p>O l\u00edder da C\u00e2mara afirmou que a regulamenta\u00e7\u00e3o da intelig\u00eancia ser\u00e1 uma das principais metas de sua administra\u00e7\u00e3o no decorrer deste ano. Lira destacou a preocupa\u00e7\u00e3o quanto ao potencial uso malicioso dessas ferramentas nas elei\u00e7\u00f5es municipais que ocorrer\u00e3o ainda este ano.<\/p>\n\n\n\n<div class=\"wp-block-image\"><figure class=\"aligncenter size-large\"><img loading=\"lazy\" decoding=\"async\" width=\"300\" height=\"250\" src=\"https:\/\/jornalfatosenoticias.com.br\/wp-content\/uploads\/2022\/02\/FERRARI_MAQUINAS-E-FERRAMENTAS2.jpg\" alt=\"\" class=\"wp-image-27860\"\/><\/figure><\/div>\n\n\n\n<p>\u201cSabemos que, sem a necess\u00e1ria regulamenta\u00e7\u00e3o da IA, esses instrumentos podem, entre outros males, distorcer a vontade popular, sobretudo em ano eleitoral. Essas distor\u00e7\u00f5es comprometem a representatividade dos eleitos, afetando um dos fundamentos da nossa democracia\u201d, afirmou.<\/p>\n\n\n\n<div class=\"wp-block-image\"><figure class=\"aligncenter size-large is-resized\"><img loading=\"lazy\" decoding=\"async\" src=\"https:\/\/jornalfatosenoticias.com.br\/wp-content\/uploads\/2023\/03\/nova-logo-Marquetti.jpg\" alt=\"\" class=\"wp-image-40207\" width=\"332\" height=\"223\" srcset=\"https:\/\/jornalfatosenoticias.com.br\/wp-content\/uploads\/2023\/03\/nova-logo-Marquetti.jpg 643w, https:\/\/jornalfatosenoticias.com.br\/wp-content\/uploads\/2023\/03\/nova-logo-Marquetti-300x202.jpg 300w\" sizes=\"auto, (max-width: 332px) 100vw, 332px\" \/><\/figure><\/div>\n\n\n\n<p>Lira defendeu que Executivo, Legislativo e Judici\u00e1rio tenham uma \u201cparceria colaborativa\u201d e criticou o que chamou de \u201cpolariza\u00e7\u00e3o odiosa\u201d. \u201cEstarei sempre atento e vigilante em rela\u00e7\u00e3o ao papel institucional de cada Poder da Rep\u00fablica. Neste ano legislativo, nosso caminho \u00e9 seguir avan\u00e7ando, sem acirrar polariza\u00e7\u00f5es, com respeito e numa constru\u00e7\u00e3o interna positiva\u201d, afirmou.<\/p>\n\n\n\n<p><strong><em>Fonte: <a href=\"https:\/\/terrabrasilnoticias.com\/2024\/02\/arthur-lira-manda-duro-recado-ao-governo-lula\/\">Terra Brasil Not\u00edcias<\/a><\/em><\/strong><\/p>\n","protected":false},"excerpt":{"rendered":"<p>Na abertura do ano legislativo, o presidente da C\u00e2mara, Arthur Lira (PP-AL), dirigiu uma mensagem direta ao governo de Luiz In\u00e1cio Lula da Silva Na abertura do ano legislativo, o presidente da C\u00e2mara, Arthur Lira (PP-AL), dirigiu uma mensagem direta ao governo de Luiz In\u00e1cio Lula da Silva. Diante da insatisfa\u00e7\u00e3o de parlamentares devido aos [&hellip;]<\/p>\n","protected":false},"author":2,"featured_media":49064,"comment_status":"open","ping_status":"open","sticky":false,"template":"","format":"standard","meta":{"footnotes":""},"categories":[10],"tags":[10543,982,18155,7580],"class_list":["post-49063","post","type-post","status-publish","format-standard","has-post-thumbnail","hentry","category-politica","tag-arthur-lira","tag-camara-dos-deputados","tag-fernando-haddad","tag-lula"],"yoast_head":"<!-- This site is optimized with the Yoast SEO plugin v26.5 - https:\/\/yoast.com\/wordpress\/plugins\/seo\/ -->\n<title>Arthur Lira manda duro recado ao governo Lula - Jornal Fatos e Not\u00edcias<\/title>\n<meta name=\"robots\" content=\"index, follow, max-snippet:-1, max-image-preview:large, max-video-preview:-1\" \/>\n<link rel=\"canonical\" href=\"https:\/\/jornalfatosenoticias.com.br\/index.php\/2024\/02\/06\/arthur-lira-manda-duro-recado-ao-governo-lula\/\" \/>\n<meta property=\"og:locale\" content=\"pt_BR\" \/>\n<meta property=\"og:type\" content=\"article\" \/>\n<meta property=\"og:title\" content=\"Arthur Lira manda duro recado ao governo Lula - Jornal Fatos e Not\u00edcias\" \/>\n<meta property=\"og:description\" content=\"Na abertura do ano legislativo, o presidente da C\u00e2mara, Arthur Lira (PP-AL), dirigiu uma mensagem direta ao governo de Luiz In\u00e1cio Lula da Silva Na abertura do ano legislativo, o presidente da C\u00e2mara, Arthur Lira (PP-AL), dirigiu uma mensagem direta ao governo de Luiz In\u00e1cio Lula da Silva. Diante da insatisfa\u00e7\u00e3o de parlamentares devido aos [&hellip;]\" \/>\n<meta property=\"og:url\" content=\"https:\/\/jornalfatosenoticias.com.br\/index.php\/2024\/02\/06\/arthur-lira-manda-duro-recado-ao-governo-lula\/\" \/>\n<meta property=\"og:site_name\" content=\"Jornal Fatos e Not\u00edcias\" \/>\n<meta property=\"article:published_time\" content=\"2024-02-06T20:52:45+00:00\" \/>\n<meta property=\"og:image\" content=\"https:\/\/jornalfatosenoticias.com.br\/wp-content\/uploads\/2024\/02\/Arthur-Lira.jpg\" \/>\n\t<meta property=\"og:image:width\" content=\"848\" \/>\n\t<meta property=\"og:image:height\" content=\"477\" \/>\n\t<meta property=\"og:image:type\" content=\"image\/jpeg\" \/>\n<meta name=\"author\" content=\"Luzimara Fernandes\" \/>\n<meta name=\"twitter:card\" content=\"summary_large_image\" \/>\n<meta name=\"twitter:label1\" content=\"Escrito por\" \/>\n\t<meta name=\"twitter:data1\" content=\"Luzimara Fernandes\" \/>\n\t<meta name=\"twitter:label2\" content=\"Est. tempo de leitura\" \/>\n\t<meta name=\"twitter:data2\" content=\"5 minutos\" \/>\n<script type=\"application\/ld+json\" class=\"yoast-schema-graph\">{\"@context\":\"https:\/\/schema.org\",\"@graph\":[{\"@type\":\"Article\",\"@id\":\"https:\/\/jornalfatosenoticias.com.br\/index.php\/2024\/02\/06\/arthur-lira-manda-duro-recado-ao-governo-lula\/#article\",\"isPartOf\":{\"@id\":\"https:\/\/jornalfatosenoticias.com.br\/index.php\/2024\/02\/06\/arthur-lira-manda-duro-recado-ao-governo-lula\/\"},\"author\":{\"name\":\"Luzimara Fernandes\",\"@id\":\"https:\/\/jornalfatosenoticias.com.br\/#\/schema\/person\/d63837fa13ac8666eb9e74e0985d6f81\"},\"headline\":\"Arthur Lira manda duro recado ao governo Lula\",\"datePublished\":\"2024-02-06T20:52:45+00:00\",\"mainEntityOfPage\":{\"@id\":\"https:\/\/jornalfatosenoticias.com.br\/index.php\/2024\/02\/06\/arthur-lira-manda-duro-recado-ao-governo-lula\/\"},\"wordCount\":918,\"commentCount\":0,\"publisher\":{\"@id\":\"https:\/\/jornalfatosenoticias.com.br\/#organization\"},\"image\":{\"@id\":\"https:\/\/jornalfatosenoticias.com.br\/index.php\/2024\/02\/06\/arthur-lira-manda-duro-recado-ao-governo-lula\/#primaryimage\"},\"thumbnailUrl\":\"https:\/\/jornalfatosenoticias.com.br\/wp-content\/uploads\/2024\/02\/Arthur-Lira.jpg\",\"keywords\":[\"Arthur Lira\",\"C\u00e2mara dos Deputados\",\"Fernando Haddad\",\"Lula\"],\"articleSection\":[\"Pol\u00edtica\"],\"inLanguage\":\"pt-BR\",\"potentialAction\":[{\"@type\":\"CommentAction\",\"name\":\"Comment\",\"target\":[\"https:\/\/jornalfatosenoticias.com.br\/index.php\/2024\/02\/06\/arthur-lira-manda-duro-recado-ao-governo-lula\/#respond\"]}]},{\"@type\":\"WebPage\",\"@id\":\"https:\/\/jornalfatosenoticias.com.br\/index.php\/2024\/02\/06\/arthur-lira-manda-duro-recado-ao-governo-lula\/\",\"url\":\"https:\/\/jornalfatosenoticias.com.br\/index.php\/2024\/02\/06\/arthur-lira-manda-duro-recado-ao-governo-lula\/\",\"name\":\"Arthur Lira manda duro recado ao governo Lula - Jornal Fatos e Not\u00edcias\",\"isPartOf\":{\"@id\":\"https:\/\/jornalfatosenoticias.com.br\/#website\"},\"primaryImageOfPage\":{\"@id\":\"https:\/\/jornalfatosenoticias.com.br\/index.php\/2024\/02\/06\/arthur-lira-manda-duro-recado-ao-governo-lula\/#primaryimage\"},\"image\":{\"@id\":\"https:\/\/jornalfatosenoticias.com.br\/index.php\/2024\/02\/06\/arthur-lira-manda-duro-recado-ao-governo-lula\/#primaryimage\"},\"thumbnailUrl\":\"https:\/\/jornalfatosenoticias.com.br\/wp-content\/uploads\/2024\/02\/Arthur-Lira.jpg\",\"datePublished\":\"2024-02-06T20:52:45+00:00\",\"breadcrumb\":{\"@id\":\"https:\/\/jornalfatosenoticias.com.br\/index.php\/2024\/02\/06\/arthur-lira-manda-duro-recado-ao-governo-lula\/#breadcrumb\"},\"inLanguage\":\"pt-BR\",\"potentialAction\":[{\"@type\":\"ReadAction\",\"target\":[\"https:\/\/jornalfatosenoticias.com.br\/index.php\/2024\/02\/06\/arthur-lira-manda-duro-recado-ao-governo-lula\/\"]}]},{\"@type\":\"ImageObject\",\"inLanguage\":\"pt-BR\",\"@id\":\"https:\/\/jornalfatosenoticias.com.br\/index.php\/2024\/02\/06\/arthur-lira-manda-duro-recado-ao-governo-lula\/#primaryimage\",\"url\":\"https:\/\/jornalfatosenoticias.com.br\/wp-content\/uploads\/2024\/02\/Arthur-Lira.jpg\",\"contentUrl\":\"https:\/\/jornalfatosenoticias.com.br\/wp-content\/uploads\/2024\/02\/Arthur-Lira.jpg\",\"width\":848,\"height\":477},{\"@type\":\"BreadcrumbList\",\"@id\":\"https:\/\/jornalfatosenoticias.com.br\/index.php\/2024\/02\/06\/arthur-lira-manda-duro-recado-ao-governo-lula\/#breadcrumb\",\"itemListElement\":[{\"@type\":\"ListItem\",\"position\":1,\"name\":\"In\u00edcio\",\"item\":\"https:\/\/jornalfatosenoticias.com.br\/\"},{\"@type\":\"ListItem\",\"position\":2,\"name\":\"Arthur Lira manda duro recado ao governo Lula\"}]},{\"@type\":\"WebSite\",\"@id\":\"https:\/\/jornalfatosenoticias.com.br\/#website\",\"url\":\"https:\/\/jornalfatosenoticias.com.br\/\",\"name\":\"Jornal Fatos e Not\u00edcias\",\"description\":\"Not\u00edcias em geral\",\"publisher\":{\"@id\":\"https:\/\/jornalfatosenoticias.com.br\/#organization\"},\"potentialAction\":[{\"@type\":\"SearchAction\",\"target\":{\"@type\":\"EntryPoint\",\"urlTemplate\":\"https:\/\/jornalfatosenoticias.com.br\/?s={search_term_string}\"},\"query-input\":{\"@type\":\"PropertyValueSpecification\",\"valueRequired\":true,\"valueName\":\"search_term_string\"}}],\"inLanguage\":\"pt-BR\"},{\"@type\":\"Organization\",\"@id\":\"https:\/\/jornalfatosenoticias.com.br\/#organization\",\"name\":\"Jornal Fatos e Not\u00edcias\",\"url\":\"https:\/\/jornalfatosenoticias.com.br\/\",\"logo\":{\"@type\":\"ImageObject\",\"inLanguage\":\"pt-BR\",\"@id\":\"https:\/\/jornalfatosenoticias.com.br\/#\/schema\/logo\/image\/\",\"url\":\"https:\/\/jornalfatosenoticias.com.br\/wp-content\/uploads\/2020\/02\/logo120.png\",\"contentUrl\":\"https:\/\/jornalfatosenoticias.com.br\/wp-content\/uploads\/2020\/02\/logo120.png\",\"width\":1227,\"height\":120,\"caption\":\"Jornal Fatos e Not\u00edcias\"},\"image\":{\"@id\":\"https:\/\/jornalfatosenoticias.com.br\/#\/schema\/logo\/image\/\"}},{\"@type\":\"Person\",\"@id\":\"https:\/\/jornalfatosenoticias.com.br\/#\/schema\/person\/d63837fa13ac8666eb9e74e0985d6f81\",\"name\":\"Luzimara Fernandes\",\"image\":{\"@type\":\"ImageObject\",\"inLanguage\":\"pt-BR\",\"@id\":\"https:\/\/jornalfatosenoticias.com.br\/#\/schema\/person\/image\/\",\"url\":\"https:\/\/jornalfatosenoticias.com.br\/wp-content\/uploads\/2025\/05\/EU_portal.jpg\",\"contentUrl\":\"https:\/\/jornalfatosenoticias.com.br\/wp-content\/uploads\/2025\/05\/EU_portal.jpg\",\"caption\":\"Luzimara Fernandes\"},\"description\":\"Jornalista MTB 2358-ES\",\"sameAs\":[\"https:\/\/jornalfatosenoticias.com.br\"],\"url\":\"https:\/\/jornalfatosenoticias.com.br\/index.php\/author\/luzimara\/\"}]}<\/script>\n<!-- \/ Yoast SEO plugin. -->","yoast_head_json":{"title":"Arthur Lira manda duro recado ao governo Lula - Jornal Fatos e Not\u00edcias","robots":{"index":"index","follow":"follow","max-snippet":"max-snippet:-1","max-image-preview":"max-image-preview:large","max-video-preview":"max-video-preview:-1"},"canonical":"https:\/\/jornalfatosenoticias.com.br\/index.php\/2024\/02\/06\/arthur-lira-manda-duro-recado-ao-governo-lula\/","og_locale":"pt_BR","og_type":"article","og_title":"Arthur Lira manda duro recado ao governo Lula - Jornal Fatos e Not\u00edcias","og_description":"Na abertura do ano legislativo, o presidente da C\u00e2mara, Arthur Lira (PP-AL), dirigiu uma mensagem direta ao governo de Luiz In\u00e1cio Lula da Silva Na abertura do ano legislativo, o presidente da C\u00e2mara, Arthur Lira (PP-AL), dirigiu uma mensagem direta ao governo de Luiz In\u00e1cio Lula da Silva. Diante da insatisfa\u00e7\u00e3o de parlamentares devido aos [&hellip;]","og_url":"https:\/\/jornalfatosenoticias.com.br\/index.php\/2024\/02\/06\/arthur-lira-manda-duro-recado-ao-governo-lula\/","og_site_name":"Jornal Fatos e Not\u00edcias","article_published_time":"2024-02-06T20:52:45+00:00","og_image":[{"width":848,"height":477,"url":"https:\/\/jornalfatosenoticias.com.br\/wp-content\/uploads\/2024\/02\/Arthur-Lira.jpg","type":"image\/jpeg"}],"author":"Luzimara Fernandes","twitter_card":"summary_large_image","twitter_misc":{"Escrito por":"Luzimara Fernandes","Est. tempo de leitura":"5 minutos"},"schema":{"@context":"https:\/\/schema.org","@graph":[{"@type":"Article","@id":"https:\/\/jornalfatosenoticias.com.br\/index.php\/2024\/02\/06\/arthur-lira-manda-duro-recado-ao-governo-lula\/#article","isPartOf":{"@id":"https:\/\/jornalfatosenoticias.com.br\/index.php\/2024\/02\/06\/arthur-lira-manda-duro-recado-ao-governo-lula\/"},"author":{"name":"Luzimara Fernandes","@id":"https:\/\/jornalfatosenoticias.com.br\/#\/schema\/person\/d63837fa13ac8666eb9e74e0985d6f81"},"headline":"Arthur Lira manda duro recado ao governo Lula","datePublished":"2024-02-06T20:52:45+00:00","mainEntityOfPage":{"@id":"https:\/\/jornalfatosenoticias.com.br\/index.php\/2024\/02\/06\/arthur-lira-manda-duro-recado-ao-governo-lula\/"},"wordCount":918,"commentCount":0,"publisher":{"@id":"https:\/\/jornalfatosenoticias.com.br\/#organization"},"image":{"@id":"https:\/\/jornalfatosenoticias.com.br\/index.php\/2024\/02\/06\/arthur-lira-manda-duro-recado-ao-governo-lula\/#primaryimage"},"thumbnailUrl":"https:\/\/jornalfatosenoticias.com.br\/wp-content\/uploads\/2024\/02\/Arthur-Lira.jpg","keywords":["Arthur Lira","C\u00e2mara dos Deputados","Fernando Haddad","Lula"],"articleSection":["Pol\u00edtica"],"inLanguage":"pt-BR","potentialAction":[{"@type":"CommentAction","name":"Comment","target":["https:\/\/jornalfatosenoticias.com.br\/index.php\/2024\/02\/06\/arthur-lira-manda-duro-recado-ao-governo-lula\/#respond"]}]},{"@type":"WebPage","@id":"https:\/\/jornalfatosenoticias.com.br\/index.php\/2024\/02\/06\/arthur-lira-manda-duro-recado-ao-governo-lula\/","url":"https:\/\/jornalfatosenoticias.com.br\/index.php\/2024\/02\/06\/arthur-lira-manda-duro-recado-ao-governo-lula\/","name":"Arthur Lira manda duro recado ao governo Lula - Jornal Fatos e Not\u00edcias","isPartOf":{"@id":"https:\/\/jornalfatosenoticias.com.br\/#website"},"primaryImageOfPage":{"@id":"https:\/\/jornalfatosenoticias.com.br\/index.php\/2024\/02\/06\/arthur-lira-manda-duro-recado-ao-governo-lula\/#primaryimage"},"image":{"@id":"https:\/\/jornalfatosenoticias.com.br\/index.php\/2024\/02\/06\/arthur-lira-manda-duro-recado-ao-governo-lula\/#primaryimage"},"thumbnailUrl":"https:\/\/jornalfatosenoticias.com.br\/wp-content\/uploads\/2024\/02\/Arthur-Lira.jpg","datePublished":"2024-02-06T20:52:45+00:00","breadcrumb":{"@id":"https:\/\/jornalfatosenoticias.com.br\/index.php\/2024\/02\/06\/arthur-lira-manda-duro-recado-ao-governo-lula\/#breadcrumb"},"inLanguage":"pt-BR","potentialAction":[{"@type":"ReadAction","target":["https:\/\/jornalfatosenoticias.com.br\/index.php\/2024\/02\/06\/arthur-lira-manda-duro-recado-ao-governo-lula\/"]}]},{"@type":"ImageObject","inLanguage":"pt-BR","@id":"https:\/\/jornalfatosenoticias.com.br\/index.php\/2024\/02\/06\/arthur-lira-manda-duro-recado-ao-governo-lula\/#primaryimage","url":"https:\/\/jornalfatosenoticias.com.br\/wp-content\/uploads\/2024\/02\/Arthur-Lira.jpg","contentUrl":"https:\/\/jornalfatosenoticias.com.br\/wp-content\/uploads\/2024\/02\/Arthur-Lira.jpg","width":848,"height":477},{"@type":"BreadcrumbList","@id":"https:\/\/jornalfatosenoticias.com.br\/index.php\/2024\/02\/06\/arthur-lira-manda-duro-recado-ao-governo-lula\/#breadcrumb","itemListElement":[{"@type":"ListItem","position":1,"name":"In\u00edcio","item":"https:\/\/jornalfatosenoticias.com.br\/"},{"@type":"ListItem","position":2,"name":"Arthur Lira manda duro recado ao governo Lula"}]},{"@type":"WebSite","@id":"https:\/\/jornalfatosenoticias.com.br\/#website","url":"https:\/\/jornalfatosenoticias.com.br\/","name":"Jornal Fatos e Not\u00edcias","description":"Not\u00edcias em geral","publisher":{"@id":"https:\/\/jornalfatosenoticias.com.br\/#organization"},"potentialAction":[{"@type":"SearchAction","target":{"@type":"EntryPoint","urlTemplate":"https:\/\/jornalfatosenoticias.com.br\/?s={search_term_string}"},"query-input":{"@type":"PropertyValueSpecification","valueRequired":true,"valueName":"search_term_string"}}],"inLanguage":"pt-BR"},{"@type":"Organization","@id":"https:\/\/jornalfatosenoticias.com.br\/#organization","name":"Jornal Fatos e Not\u00edcias","url":"https:\/\/jornalfatosenoticias.com.br\/","logo":{"@type":"ImageObject","inLanguage":"pt-BR","@id":"https:\/\/jornalfatosenoticias.com.br\/#\/schema\/logo\/image\/","url":"https:\/\/jornalfatosenoticias.com.br\/wp-content\/uploads\/2020\/02\/logo120.png","contentUrl":"https:\/\/jornalfatosenoticias.com.br\/wp-content\/uploads\/2020\/02\/logo120.png","width":1227,"height":120,"caption":"Jornal Fatos e Not\u00edcias"},"image":{"@id":"https:\/\/jornalfatosenoticias.com.br\/#\/schema\/logo\/image\/"}},{"@type":"Person","@id":"https:\/\/jornalfatosenoticias.com.br\/#\/schema\/person\/d63837fa13ac8666eb9e74e0985d6f81","name":"Luzimara Fernandes","image":{"@type":"ImageObject","inLanguage":"pt-BR","@id":"https:\/\/jornalfatosenoticias.com.br\/#\/schema\/person\/image\/","url":"https:\/\/jornalfatosenoticias.com.br\/wp-content\/uploads\/2025\/05\/EU_portal.jpg","contentUrl":"https:\/\/jornalfatosenoticias.com.br\/wp-content\/uploads\/2025\/05\/EU_portal.jpg","caption":"Luzimara Fernandes"},"description":"Jornalista MTB 2358-ES","sameAs":["https:\/\/jornalfatosenoticias.com.br"],"url":"https:\/\/jornalfatosenoticias.com.br\/index.php\/author\/luzimara\/"}]}},"cc_featured_image_caption":{"caption_text":"(Foto: Marina Ramos\/C\u00e2mara dos Deputados)\r\n","source_text":"","source_url":""},"jetpack_featured_media_url":"https:\/\/jornalfatosenoticias.com.br\/wp-content\/uploads\/2024\/02\/Arthur-Lira.jpg","_links":{"self":[{"href":"https:\/\/jornalfatosenoticias.com.br\/index.php\/wp-json\/wp\/v2\/posts\/49063","targetHints":{"allow":["GET"]}}],"collection":[{"href":"https:\/\/jornalfatosenoticias.com.br\/index.php\/wp-json\/wp\/v2\/posts"}],"about":[{"href":"https:\/\/jornalfatosenoticias.com.br\/index.php\/wp-json\/wp\/v2\/types\/post"}],"author":[{"embeddable":true,"href":"https:\/\/jornalfatosenoticias.com.br\/index.php\/wp-json\/wp\/v2\/users\/2"}],"replies":[{"embeddable":true,"href":"https:\/\/jornalfatosenoticias.com.br\/index.php\/wp-json\/wp\/v2\/comments?post=49063"}],"version-history":[{"count":0,"href":"https:\/\/jornalfatosenoticias.com.br\/index.php\/wp-json\/wp\/v2\/posts\/49063\/revisions"}],"wp:featuredmedia":[{"embeddable":true,"href":"https:\/\/jornalfatosenoticias.com.br\/index.php\/wp-json\/wp\/v2\/media\/49064"}],"wp:attachment":[{"href":"https:\/\/jornalfatosenoticias.com.br\/index.php\/wp-json\/wp\/v2\/media?parent=49063"}],"wp:term":[{"taxonomy":"category","embeddable":true,"href":"https:\/\/jornalfatosenoticias.com.br\/index.php\/wp-json\/wp\/v2\/categories?post=49063"},{"taxonomy":"post_tag","embeddable":true,"href":"https:\/\/jornalfatosenoticias.com.br\/index.php\/wp-json\/wp\/v2\/tags?post=49063"}],"curies":[{"name":"wp","href":"https:\/\/api.w.org\/{rel}","templated":true}]}}